{"id":370650,"date":"2024-01-19T15:57:57","date_gmt":"2024-01-19T14:57:57","guid":{"rendered":"https:\/\/www.radiopiu.net\/wordpress\/?p=370650"},"modified":"2024-01-20T06:02:50","modified_gmt":"2024-01-20T05:02:50","slug":"tradizione-e-solidarieta-a-sospirolo-la-festa-di-san-tiziano","status":"publish","type":"post","link":"https:\/\/www.radiopiu.net\/wordpress\/tradizione-e-solidarieta-a-sospirolo-la-festa-di-san-tiziano\/","title":{"rendered":"Tradizione e Solidariet\u00e0 a Sospirolo: La Festa di San Tiziano"},"content":{"rendered":"<p>***<\/p>\n<p>&nbsp;<\/p>\n<p>&nbsp;<\/p>\n<p><strong><img loading=\"lazy\" decoding=\"async\" class=\"attachment-266x266  alignleft\" src=\"https:\/\/www.radiopiu.net\/wordpress\/wp-content\/uploads\/2024\/01\/681fed86-ffc6-4567-b4c9-e9ecddad522a.jpg\" alt=\"\" width=\"159\" height=\"144\" \/>SOSPIROLO <\/strong>E\u2019 ritornata anche quest&#8217;anno ai piedi dei Monti del Sole la tradizionale e storica festa del patrono di San Tiziano che si \u00e8 tenuta marted\u00ec 16 gennaio, giorno del santo. Nel borgo di Oregne \u00e8 stata celebrata anzitutto una messa in onore di San Tiziano cui \u00e8 dedicata la chiesetta della frazione sospirolese. Non \u00e8 mancata poi l\u2019occasione per un momento di incontro fra i paesani, scandito da un pranzo in compagnia e da alcuni canti accompagnati dalla fisarmonica, il tutto organizzato dal locale comitato frazionale. Proprio il comitato \u201cSan Tiziano\u201d, come ricorda il Presidente Marco Menegolla, ha voluto devolvere l\u2019intero ricavato a favore di un\u2019iniziativa benefica. Nello specifico l\u2019importo \u00e8 stato donato al comitato di gestione dell\u2019Asilo di Maras e verr\u00e0 utilizzato per l\u2019acquisto di uno scivolo a castello, che trover\u00e0 sede nella rinnovata area esterna dell\u2019asilo.<\/p>\n<p>___<\/p>\n","protected":false},"excerpt":{"rendered":"<p>*** &nbsp; &nbsp; SOSPIROLO E\u2019 ritornata anche quest&#8217;anno ai piedi dei Monti del Sole la tradizionale e storica festa del patrono di San Tiziano che si \u00e8 tenuta marted\u00ec 16 gennaio, giorno del santo. Nel borgo di Oregne \u00e8 stata celebrata anzitutto una messa in onore di San Tiziano cui \u00e8 dedicata la chiesetta della&hellip;<\/p>\n","protected":false},"author":4,"featured_media":370651,"comment_status":"closed","ping_status":"closed","sticky":false,"template":"","format":"standard","meta":{"_monsterinsights_skip_tracking":false,"_monsterinsights_sitenote_active":false,"_monsterinsights_sitenote_note":"","_monsterinsights_sitenote_category":0,"footnotes":""},"categories":[51,49],"tags":[],"class_list":["post-370650","post","type-post","status-publish","format-standard","has-post-thumbnail","hentry","category-evidenza-top","category-news-18","category-51","category-49","description-off"],"img_url":"https:\/\/www.radiopiu.net\/wordpress\/wp-content\/uploads\/2024\/01\/681fed86-ffc6-4567-b4c9-e9ecddad522a.jpg","_links":{"self":[{"href":"https:\/\/www.radiopiu.net\/wordpress\/wp-json\/wp\/v2\/posts\/370650","targetHints":{"allow":["GET"]}}],"collection":[{"href":"https:\/\/www.radiopiu.net\/wordpress\/wp-json\/wp\/v2\/posts"}],"about":[{"href":"https:\/\/www.radiopiu.net\/wordpress\/wp-json\/wp\/v2\/types\/post"}],"author":[{"embeddable":true,"href":"https:\/\/www.radiopiu.net\/wordpress\/wp-json\/wp\/v2\/users\/4"}],"replies":[{"embeddable":true,"href":"https:\/\/www.radiopiu.net\/wordpress\/wp-json\/wp\/v2\/comments?post=370650"}],"version-history":[{"count":0,"href":"https:\/\/www.radiopiu.net\/wordpress\/wp-json\/wp\/v2\/posts\/370650\/revisions"}],"wp:featuredmedia":[{"embeddable":true,"href":"https:\/\/www.radiopiu.net\/wordpress\/wp-json\/wp\/v2\/media\/370651"}],"wp:attachment":[{"href":"https:\/\/www.radiopiu.net\/wordpress\/wp-json\/wp\/v2\/media?parent=370650"}],"wp:term":[{"taxonomy":"category","embeddable":true,"href":"https:\/\/www.radiopiu.net\/wordpress\/wp-json\/wp\/v2\/categories?post=370650"},{"taxonomy":"post_tag","embeddable":true,"href":"https:\/\/www.radiopiu.net\/wordpress\/wp-json\/wp\/v2\/tags?post=370650"}],"curies":[{"name":"wp","href":"https:\/\/api.w.org\/{rel}","templated":true}]}}