{"id":370702,"date":"2024-01-19T17:47:44","date_gmt":"2024-01-19T16:47:44","guid":{"rendered":"https:\/\/www.radiopiu.net\/wordpress\/?p=370702"},"modified":"2024-01-20T06:02:08","modified_gmt":"2024-01-20T05:02:08","slug":"la-famiglia-bellunese-di-pinhalzihno-brasile-pronta-ad-accogliere-gabriele-riva-e-michela-dellosbel-del-gruppo-folk-del-poi","status":"publish","type":"post","link":"https:\/\/www.radiopiu.net\/wordpress\/la-famiglia-bellunese-di-pinhalzihno-brasile-pronta-ad-accogliere-gabriele-riva-e-michela-dellosbel-del-gruppo-folk-del-poi\/","title":{"rendered":"La Famiglia Bellunese di Pinhalzihno (Brasile) pronta ad accogliere Gabriele Riva e Michela Dell\u2019Osbel del Gruppo Folk \u201cDel P\u00f2i\u201d"},"content":{"rendered":"<p>**<\/p>\n<p>&nbsp;<\/p>\n<p><img decoding=\"async\" src=\"https:\/\/www.radiopiu.net\/wordpress\/wp-content\/uploads\/2024\/01\/del_poi_pinhalzihno.jpeg\" \/><\/p>\n<p>Sono gi\u00e0 in volo per il Brasile, destinazione Pinhalzinho, dove \u00e8 operativa una Famiglia dell\u2019Associazione Bellunesi nel Mondo presieduta da Patrick Zancanaro. Sono Gabriele Riva e Michela Dell\u2019Osbel, componenti del gruppo Folk del P\u00f3i attivo nella Conca Agordina. \u00abPartecipano &#8211; le parole di Zancanaro &#8211; a un progetto finanziato dalla Federazione Folk \u201cLa Serenissima\u201d e che ha l\u2019obiettivo di rafforzare la cultura veneta e soprattutto bellunese\u00bb.<br \/>\nIl Gruppo Folk del P\u00f3i si propone lo scopo di mantenere vive l\u2019identit\u00e0 e le tradizioni locali e di trasmetterle alle nuove generazioni. Per fare questo la compagine agordina ha recuperato le musiche e i balli del proprio territorio, insieme agli abiti tipici e ai costumi della loro gente. Nelle sue esibizioni il gruppo vuole rappresentare il senso di appartenenza alle civilt\u00e0 delle montagne dolomitiche, per coinvolgere quante pi\u00f9 persone possibili e \u201ccontaminarle\u201d con il suo entusiasmo.Tutto ci\u00f2 si pu\u00f2 ben definire con queste parole: \u201cLe tradizioi l \u00e9 liga el pass\u00e0 c\u00f3 l inc\u00f3i e c\u00f3 l doman\u201d.<br \/>\n\u00abComplimenti alla Famiglia Bellunese di Pinhalzihno &#8211; le parole di Oscar De Bona,\u00a0 presidente dell\u2019Associazione Bellunesi nel Mondo &#8211; e al Gruppo Folk del P\u00f3i per avere avviato questa collaborazione, che di certo permetter\u00e0 di accrescere la tradizione bellunese, partendo proprio dal ballo e dai costumi\u00bb.<\/p>\n<p><i>Didascalia: Gabriele Riva e Michela Dell\u2019Osbel all\u2019aeroporto di Venezia pronti per raggiungere la Famiglia Bellunese di Pinhalzinho in Brasile.<\/i><\/p>\n<p>&nbsp;<\/p>\n<hr \/>\n<p>&nbsp;<\/p>\n","protected":false},"excerpt":{"rendered":"<p>** &nbsp; Sono gi\u00e0 in volo per il Brasile, destinazione Pinhalzinho, dove \u00e8 operativa una Famiglia dell\u2019Associazione Bellunesi nel Mondo presieduta da Patrick Zancanaro. Sono Gabriele Riva e Michela Dell\u2019Osbel, componenti del gruppo Folk del P\u00f3i attivo nella Conca Agordina. \u00abPartecipano &#8211; le parole di Zancanaro &#8211; a un progetto finanziato dalla Federazione Folk \u201cLa&hellip;<\/p>\n","protected":false},"author":4,"featured_media":370703,"comment_status":"closed","ping_status":"closed","sticky":false,"template":"","format":"standard","meta":{"_monsterinsights_skip_tracking":false,"_monsterinsights_sitenote_active":false,"_monsterinsights_sitenote_note":"","_monsterinsights_sitenote_category":0,"footnotes":""},"categories":[51,49],"tags":[],"class_list":["post-370702","post","type-post","status-publish","format-standard","has-post-thumbnail","hentry","category-evidenza-top","category-news-18","category-51","category-49","description-off"],"img_url":"https:\/\/www.radiopiu.net\/wordpress\/wp-content\/uploads\/2024\/01\/del_poi_pinhalzihno.jpeg","_links":{"self":[{"href":"https:\/\/www.radiopiu.net\/wordpress\/wp-json\/wp\/v2\/posts\/370702","targetHints":{"allow":["GET"]}}],"collection":[{"href":"https:\/\/www.radiopiu.net\/wordpress\/wp-json\/wp\/v2\/posts"}],"about":[{"href":"https:\/\/www.radiopiu.net\/wordpress\/wp-json\/wp\/v2\/types\/post"}],"author":[{"embeddable":true,"href":"https:\/\/www.radiopiu.net\/wordpress\/wp-json\/wp\/v2\/users\/4"}],"replies":[{"embeddable":true,"href":"https:\/\/www.radiopiu.net\/wordpress\/wp-json\/wp\/v2\/comments?post=370702"}],"version-history":[{"count":0,"href":"https:\/\/www.radiopiu.net\/wordpress\/wp-json\/wp\/v2\/posts\/370702\/revisions"}],"wp:featuredmedia":[{"embeddable":true,"href":"https:\/\/www.radiopiu.net\/wordpress\/wp-json\/wp\/v2\/media\/370703"}],"wp:attachment":[{"href":"https:\/\/www.radiopiu.net\/wordpress\/wp-json\/wp\/v2\/media?parent=370702"}],"wp:term":[{"taxonomy":"category","embeddable":true,"href":"https:\/\/www.radiopiu.net\/wordpress\/wp-json\/wp\/v2\/categories?post=370702"},{"taxonomy":"post_tag","embeddable":true,"href":"https:\/\/www.radiopiu.net\/wordpress\/wp-json\/wp\/v2\/tags?post=370702"}],"curies":[{"name":"wp","href":"https:\/\/api.w.org\/{rel}","templated":true}]}}