{"id":370781,"date":"2024-01-22T05:32:29","date_gmt":"2024-01-22T04:32:29","guid":{"rendered":"https:\/\/www.radiopiu.net\/wordpress\/?p=370781"},"modified":"2024-01-22T08:01:01","modified_gmt":"2024-01-22T07:01:01","slug":"giornale-radiopiu-22-gennaio-2024-direttore-mirko-mezzacasada-40-anni-25-giugno-1983-25-giugno-2023","status":"publish","type":"post","link":"https:\/\/www.radiopiu.net\/wordpress\/giornale-radiopiu-22-gennaio-2024-direttore-mirko-mezzacasada-40-anni-25-giugno-1983-25-giugno-2023\/","title":{"rendered":"GIORNALE RADIOPIU 22 GENNAIO 2024 DIRETTORE MIRKO MEZZACASA\u2026DA 40 ANNI 25 GIUGNO 1983-25 GIUGNO 2023"},"content":{"rendered":"<h1>***<\/h1>\n<p>&nbsp;<\/p>\n<h1 class=\"entry-title photoswipe-wrapper\"><strong><a class=\"dt-pswp-item\" href=\"https:\/\/www.radiopiu.net\/wordpress\/wp-content\/uploads\/2023\/12\/logo-radio.jpg\" data-dt-img-description=\"\" data-large_image_width=\"800\" data-large_image_height=\"600\"><img loading=\"lazy\" decoding=\"async\" class=\"wp-image-367163 alignleft\" src=\"https:\/\/www.radiopiu.net\/wordpress\/wp-content\/uploads\/2023\/12\/logo-radio-300x225.jpg\" alt=\"\" width=\"109\" height=\"82\" srcset=\"https:\/\/www.radiopiu.net\/wordpress\/wp-content\/uploads\/2023\/12\/logo-radio-300x225.jpg 300w, https:\/\/www.radiopiu.net\/wordpress\/wp-content\/uploads\/2023\/12\/logo-radio-768x576.jpg 768w, https:\/\/www.radiopiu.net\/wordpress\/wp-content\/uploads\/2023\/12\/logo-radio.jpg 800w\" sizes=\"auto, (max-width: 109px) 100vw, 109px\" \/><\/a><\/strong><\/h1>\n<h1 class=\"entry-title photoswipe-wrapper\">40esimo di RADIOPIU\u2026. LA VOCE DELL\u2019EMOZIONE<\/h1>\n<h2><\/h2>\n<h2><span style=\"color: #ff0000;\">ISCRIVITI AL NOSTRO CANALE\u00a0\u00a0YOUTUBE PER SEGUIRE IN DIRETTA I PRINCIPALI PROGRAMMI DI RADIO PIU\u2019 E LE FUTURE DIRETTE IN ESTERNA. PER ISCRIVERTI <a style=\"color: #ff0000;\" href=\"https:\/\/youtube.com\/@radiopiu1527\">CLICCA QUI\u00a0<\/a>E PREMI\u00a0 \u201cIscriviti\u201d\u00a0\u00a0<\/span><\/h2>\n<p>&nbsp;<\/p>\n<p><a class=\"dt-pswp-item\" href=\"https:\/\/www.radiopiu.net\/wordpress\/wp-content\/uploads\/2024\/01\/Senza-nome-56.png\" data-dt-img-description=\"\" data-large_image_width=\"499\" data-large_image_height=\"190\"><img loading=\"lazy\" decoding=\"async\" class=\"wp-image-370079 size-full aligncenter\" src=\"https:\/\/www.radiopiu.net\/wordpress\/wp-content\/uploads\/2024\/01\/Senza-nome-56.png\" alt=\"\" width=\"499\" height=\"190\" srcset=\"https:\/\/www.radiopiu.net\/wordpress\/wp-content\/uploads\/2024\/01\/Senza-nome-56.png 499w, https:\/\/www.radiopiu.net\/wordpress\/wp-content\/uploads\/2024\/01\/Senza-nome-56-300x114.png 300w\" sizes=\"auto, (max-width: 499px) 100vw, 499px\" \/><\/a><\/p>\n<p>&nbsp;<\/p>\n<p>&nbsp;<\/p>\n<hr \/>\n<blockquote>\n<blockquote>\n<h1><span style=\"color: #ff0000;\">\u00a0<\/span><\/h1>\n<h1><span style=\"color: #ff0000;\">I podcast informativi del mattino &#8211; audio &#8211;\u00a0<\/span><\/h1>\n<\/blockquote>\n<p><strong><a class=\"dt-pswp-item\" href=\"https:\/\/www.radiopiu.net\/wordpress\/wp-content\/uploads\/2023\/11\/th-10.jpg\" data-dt-img-description=\"\" data-large_image_width=\"320\" data-large_image_height=\"180\"><img loading=\"lazy\" decoding=\"async\" class=\"wp-image-362866 alignleft\" src=\"https:\/\/www.radiopiu.net\/wordpress\/wp-content\/uploads\/2023\/11\/th-10-300x169.jpg\" alt=\"\" width=\"185\" height=\"104\" srcset=\"https:\/\/www.radiopiu.net\/wordpress\/wp-content\/uploads\/2023\/11\/th-10-300x169.jpg 300w, https:\/\/www.radiopiu.net\/wordpress\/wp-content\/uploads\/2023\/11\/th-10.jpg 320w\" sizes=\"auto, (max-width: 185px) 100vw, 185px\" \/><\/a>LA RASSEGNA STAMPA NAZIONALE ALLA RADIO, OGNI GIORNO ALLE 5 E ALLE 6 DEL MATTINO <span style=\"color: #0000ff;\">viene pubblicata alle 6.00 <span style=\"color: #ff0000;\">DIRETTA RADIO\u00a0<\/span><\/span><\/strong><\/p>\n<p><strong>di STEFANO FAMA&#8217;<\/strong><\/p>\n<p><strong>Politica<\/strong> \u00a0il comitato contro il nucleare, pronto a tutto per evitare il deposito di scorie in Sardegna. <strong>Economia<\/strong> a Rimini torna il Sigep, <strong>America<\/strong> Trump scatenato &#8220;Biden una minaccia per la democrazia&#8221;,<strong> Guerra<\/strong>\u00a0 Israele-Gaza, Netaniahu &#8220;finch\u00e9 sar\u00f2 premier nessuno stato palestinese&#8221;.<strong> Paderno<\/strong> ucciso a coltellate nel bosco, un padre di famiglia albanese impiegato in un ristorante. <strong>Napoli <\/strong>killer entrano in casa per fuggire si lancia dal balcone, muore 50enne.\u00a0<strong>Roma<\/strong> spari 25enne ferito Milano\u00a0 ragazze straniere aggredite fuori da un locale<strong>AUDIO\u00a0<\/strong><\/p><\/blockquote>\n<audio class=\"wp-audio-shortcode\" id=\"audio-370781-1\" preload=\"none\" style=\"width: 100%;\" controls=\"controls\"><source type=\"audio\/mpeg\" src=\"https:\/\/www.radiopiu.net\/wordpress\/wp-content\/uploads\/2024\/01\/GIORNALEDELLESEI-16.mp3?_=1\" \/><a href=\"https:\/\/www.radiopiu.net\/wordpress\/wp-content\/uploads\/2024\/01\/GIORNALEDELLESEI-16.mp3\">https:\/\/www.radiopiu.net\/wordpress\/wp-content\/uploads\/2024\/01\/GIORNALEDELLESEI-16.mp3<\/a><\/audio>\n<p>&nbsp;<\/p>\n<p>&nbsp;<\/p>\n<hr \/>\n<blockquote>\n<h2><\/h2>\n<\/blockquote>\n<h1 style=\"text-align: center;\"><span style=\"color: #ff0000;\">I podcast informativi del mattino &#8211; audio &#8211;\u00a0<\/span><\/h1>\n<p><strong><a class=\"dt-pswp-item\" href=\"https:\/\/www.radiopiu.net\/wordpress\/wp-content\/uploads\/2023\/12\/images.png\" data-dt-img-description=\"\" data-large_image_width=\"316\" data-large_image_height=\"160\"><img loading=\"lazy\" decoding=\"async\" class=\"wp-image-367008 alignleft\" src=\"https:\/\/www.radiopiu.net\/wordpress\/wp-content\/uploads\/2023\/12\/images-300x152.png\" alt=\"\" width=\"235\" height=\"119\" srcset=\"https:\/\/www.radiopiu.net\/wordpress\/wp-content\/uploads\/2023\/12\/images-300x152.png 300w, https:\/\/www.radiopiu.net\/wordpress\/wp-content\/uploads\/2023\/12\/images.png 316w\" sizes=\"auto, (max-width: 235px) 100vw, 235px\" \/><\/a>OGNI GIORNO ALLE SETTE DEL MATTINO, LA RASSEGNA STAMPA LOCALE FLASH&#8230; PER CHI VA IN FRETTA. I TITOLI DAI GIORNALI E DAL SITO WWW.RADIOPIU.NET <span style=\"color: #0000ff;\">viene pubblicato alle 7.00<\/span> <span style=\"color: #ff0000;\">DIRETTA RADIO\u00a0<\/span><\/strong><\/p>\n<p><em><span style=\"color: #ff0000;\">per chi va in fretta&#8230; tante notizie in pochi minuti. L&#8217;informazione locale alla radio, ogni ora dalle 7 del mattino alle 19 della sera.<\/span><\/em><\/p>\n<p><strong>SCIOPERO DEI TRASPORTI<\/strong> Sciopero nazionale di settore (TRASPORTI) indetto per mercoled\u00ec 24 gennaio. PREVEDE LA GARANZIA DEL SERVIZIO NELLE SEGUENTI FASCE ORARIE DALLE 5:40 ALLE 8:09 e DALLE 12:10 ALLE 15:39<br \/>\n<strong>AGORDO<\/strong> cantiere per la posa di infrastrutture per le comunicazioni, prevede uno scavo con l\u2019attraversamento della strada sul lato est di piazza della Libert\u00e0, fino al 6 febbraio \u00e8 prevista l\u2019istituzione in quel tratto di un senso unico alternato, regolato da semaforo o da movieri.<br \/>\n<strong>LIVINALLONGO<\/strong> il Soccorso alpino di Livinallongo \u00e8 stato attivato dalla Centrale del Suem, per uno scialpinista che si era fatto male scendendo da Forcella Sief: trauma al ginocchio.<br \/>\n<strong>PRESENAIO<\/strong> frazione di San Pietro di Cadore, un giovane di 22 anni di Brescia \u00e8 stato coinvolto in un incidente stradale ed \u00e8 stato trasportato all\u2019ospedale di Pieve di Cadore.<br \/>\n<strong>MISURINA<\/strong> un uomo di 55 anni di Treviso \u00e8 caduto con lo slittino. L\u2019uomo \u00e8 stato portato al San Martino di Belluno.<br \/>\n<strong>SULLE NEVI<\/strong> 33 interventi: 12 a Cortina, 5 ad Alleghe, uno a Selva di Cadore, 2 in Zoldo, 2 a Livinallongo, 2 in Marmolada e 2 a Falcade.<br \/>\n<strong>SOSPIROLO<\/strong> La comunit\u00e0 di Sospirolo \u00e8 addolorata per la scomparsa di Vittorino Naldo, 71 anni, falegname e appassionato artista locale. Custode di una tradizione familiare legata al lavoro del legno, ha contribuito al restauro di molte ruote per mulini, trasformandoli in musei.<\/p>\n<h1>AUDIO<\/h1>\n<audio class=\"wp-audio-shortcode\" id=\"audio-370781-2\" preload=\"none\" style=\"width: 100%;\" controls=\"controls\"><source type=\"audio\/mpeg\" src=\"https:\/\/www.radiopiu.net\/wordpress\/wp-content\/uploads\/2024\/01\/GF07-16.mp3?_=2\" \/><a href=\"https:\/\/www.radiopiu.net\/wordpress\/wp-content\/uploads\/2024\/01\/GF07-16.mp3\">https:\/\/www.radiopiu.net\/wordpress\/wp-content\/uploads\/2024\/01\/GF07-16.mp3<\/a><\/audio>\n<p>&nbsp;<\/p>\n<p>&nbsp;<\/p>\n<hr \/>\n<p>&nbsp;<\/p>\n<p>&nbsp;<\/p>\n<h1 style=\"text-align: center;\"><span style=\"color: #ff0000;\">I podcast informativi del mattino &#8211; audio &#8211;\u00a0<\/span><\/h1>\n<p>&nbsp;<\/p>\n<blockquote><p><strong><a class=\"dt-pswp-item\" href=\"https:\/\/www.radiopiu.net\/wordpress\/wp-content\/uploads\/2021\/07\/microfono-radio-ok-768x448-768x448-1.jpg\" data-dt-img-description=\"\" data-large_image_width=\"768\" data-large_image_height=\"448\"><img loading=\"lazy\" decoding=\"async\" class=\"wp-image-220632 alignleft\" src=\"https:\/\/www.radiopiu.net\/wordpress\/wp-content\/uploads\/2021\/07\/microfono-radio-ok-768x448-768x448-1-300x175.jpg\" alt=\"\" width=\"178\" height=\"104\" srcset=\"https:\/\/www.radiopiu.net\/wordpress\/wp-content\/uploads\/2021\/07\/microfono-radio-ok-768x448-768x448-1-300x175.jpg 300w, https:\/\/www.radiopiu.net\/wordpress\/wp-content\/uploads\/2021\/07\/microfono-radio-ok-768x448-768x448-1.jpg 768w\" sizes=\"auto, (max-width: 178px) 100vw, 178px\" \/><\/a>GIORNALE RADIO NAZIONALE, EDIZIONE DELLE SETTE <span style=\"color: #0000ff;\">viene pubblicato alle 7.05 <span style=\"color: #ff0000;\">DIRETTA RADIO\u00a0<\/span><\/span><\/strong><\/p><\/blockquote>\n<p><strong>il giornale radionazionale e&#8217; in onda ogni ora, dalle sette del mattino alle venti della sera\u00a0\u00a0<\/strong><\/p>\n<p>&nbsp;<\/p>\n<p>&nbsp;<\/p>\n<p>&nbsp;<\/p>\n<h1>AUDIO<\/h1>\n<p>&nbsp;<\/p>\n<p>&nbsp;<\/p>\n<blockquote>\n<h1><span style=\"color: #ff0000;\">I podcast informativi del mattino &#8211; video &#8211;\u00a0<\/span><\/h1>\n<h2><strong><a class=\"dt-pswp-item\" href=\"https:\/\/www.radiopiu.net\/wordpress\/wp-content\/uploads\/2023\/12\/th-10.jpg\" data-dt-img-description=\"\" data-large_image_width=\"245\" data-large_image_height=\"180\"><img loading=\"lazy\" decoding=\"async\" class=\" wp-image-367395 alignleft\" src=\"https:\/\/www.radiopiu.net\/wordpress\/wp-content\/uploads\/2023\/12\/th-10.jpg\" alt=\"\" width=\"166\" height=\"122\" \/><\/a>RASSEGNA STAMPA LOCALE, ORE OTTO 05<\/strong><\/h2>\n<h2><strong> <span style=\"color: #0000ff;\">viene\u00a0 <\/span><\/strong><strong><span style=\"color: #0000ff;\">pubblicata alle 8.05 <span style=\"color: #ff0000;\">DIRETTA RADIO\u00a0\u00a0<\/span><\/span><\/strong><\/h2>\n<p><strong>FALCADE<\/strong> Qualche disagio, ma tutto risolvibile con un po\u2019 di pazienza, nel comprensorio San Pellegrino-Falcade. Un guasto sulla linea elettrica ha portato a interruzioni e rallentamenti soprattutto sulla cabinovia Molino Le Buse e sulla seggiovia Le Buse_Laresei. Anche la nostra frequenza 97.600 su Falcade \u00e8 rimasta \u201cmuta\u201d cos\u00ec come tutti i canali delle televisioni privae, fino a sabato sera quando tutto \u00e8 rientrato nella normalit\u00e0 con il ripristino della postazione di Caverson.<br \/>\n<strong>TAIBON<\/strong> ASCA APRE LE SELEZIONI PER ASSUMERE IL PERSONALE DA DESTINARE ALLA CASA DI SOGGIORNO DI<br \/>\n<strong>AGORDO<\/strong> E\u2019 in programma per mercoled\u00ec 24 gennaio l\u2019open day della Scuola dell\u2019infanzia di Agordo dedicato ai genitori<br \/>\n<strong>CANALE D&#8217;AGORDO<\/strong> Gli organizzatori della Casparetha di Canale D\u2019Agordo informano che la manifestazione, inizialmente in programma per sabato 3 febbraio, \u00e8 stata posticipata a Sabato 17 febbraio<\/p>\n<p><strong><span style=\"color: #ff0000;\">SCI NORDICO<\/span> VANESSA CAGNATI SI PREPARA PER I GIOCHI OLIMPICI GIOVANILI IN COREA. MERCOLEDI\u2019 L\u2019AEREO CHE LA PORTA A GANGWON<\/strong><br \/>\n<strong>OTTIMI RISULTATI PER I <span style=\"color: #ff0000;\">FRATELLI BUSIN<\/span> IN AUSTRIA. EMANUELE QUARTO NELLA 20 KM E LORENZO SECONDO NELLA GARA LUNGA<\/strong><br \/>\n<strong><span style=\"color: #ff0000;\">SNOWBOARD<\/span> IN BULGARIA LUCIA DALMASSO SFIORA DUE VOLTE LA SEMIFINALE<\/strong><\/p>\n<p>&nbsp;<\/p><\/blockquote>\n<h1>VIDEO<\/h1>\n<p><iframe loading=\"lazy\" title=\"DAL 1983 LA RASSEGNA STAMPA LOCALE\" width=\"1200\" height=\"675\" src=\"https:\/\/www.youtube.com\/embed\/841G7AM8OiA?feature=oembed\" frameborder=\"0\" allow=\"accelerometer; autoplay; clipboard-write; encrypted-media; gyroscope; picture-in-picture; web-share\" allowfullscreen><\/iframe><\/p>\n<h1><\/h1>\n<hr \/>\n<p>&nbsp;<\/p>\n<p>&nbsp;<\/p>\n<p><a class=\"dt-pswp-item\" href=\"https:\/\/www.radiopiu.net\/wordpress\/wp-content\/uploads\/2023\/10\/34f4cfc6-e863-46e9-9695-8df44be63421.jpg\" data-dt-img-description=\"\" data-large_image_width=\"1200\" data-large_image_height=\"1200\"><img loading=\"lazy\" decoding=\"async\" class=\"wp-image-357393 alignleft\" src=\"https:\/\/www.radiopiu.net\/wordpress\/wp-content\/uploads\/2023\/10\/34f4cfc6-e863-46e9-9695-8df44be63421-300x300.jpg\" alt=\"\" width=\"81\" height=\"81\" srcset=\"https:\/\/www.radiopiu.net\/wordpress\/wp-content\/uploads\/2023\/10\/34f4cfc6-e863-46e9-9695-8df44be63421-300x300.jpg 300w, https:\/\/www.radiopiu.net\/wordpress\/wp-content\/uploads\/2023\/10\/34f4cfc6-e863-46e9-9695-8df44be63421-1024x1024.jpg 1024w, https:\/\/www.radiopiu.net\/wordpress\/wp-content\/uploads\/2023\/10\/34f4cfc6-e863-46e9-9695-8df44be63421-150x150.jpg 150w, https:\/\/www.radiopiu.net\/wordpress\/wp-content\/uploads\/2023\/10\/34f4cfc6-e863-46e9-9695-8df44be63421-768x768.jpg 768w, https:\/\/www.radiopiu.net\/wordpress\/wp-content\/uploads\/2023\/10\/34f4cfc6-e863-46e9-9695-8df44be63421.jpg 1200w\" sizes=\"auto, (max-width: 81px) 100vw, 81px\" \/><\/a>OGGI ALLA RADIO: <strong>ALLE 7<\/strong> LA RASSEGNA STAMPA LOCALE FLASH, PER CHI COME NOI ALLE SETTE DEL MATTINO VA DI FRETTA, TANTE NOTIZIE IN POCHE CHIACCHIERE. <strong>ALLE OTTO<\/strong> L&#8217;APPROFONDIMENTO NELLA STORICA RASSEGNA STAMPA LOCALE.\u00a0 DALLE 6 ALLE 21, OGNI ORA, L&#8217;INFORMAZIONE NAZIONALE, l&#8217;informazione locale, ALLE 10 flash. 11flash. 14 viabilit\u00e0. 15meteo. 16flash. 17flash. 18flash. 19 i titoli di Antenna 3<\/p>\n<p>oggi alla radio: ALLE 8.30 <strong>PIU&#8217; SIAMO<\/strong> CON <span style=\"color: #ff0000;\">MARINA DONA<\/span> &#8216; ALLE 9.00<strong> IERI COME OGGI<\/strong> CON<span style=\"color: #ff0000;\"> SILVIA BALDO<\/span>; ALLE 10.30 E 1900<strong> PERITI MINERARI NEL MONDO<\/strong> I RACCONTI ALLA RADIO; ALLE 13.00 <strong>SALUTE E SOCIETA&#8217;<\/strong> CON IL DOTTOR <span style=\"color: #ff0000;\"><span style=\"color: #000000;\"><strong>MARCO CARACCIOLO<\/strong> 16.30 <strong>CALCIO A 5 <\/strong>CANOTTIERI BELLUNO GIESSE RISARCIMENTO DANNI BELLUNO DI<\/span> MARCO GAZ PER LE TRE RADIO.<\/span><\/p>\n<p>&nbsp;<\/p>\n<p>&nbsp;<\/p>\n<p>&nbsp;<\/p>\n<hr \/>\n<p>&nbsp;<\/p>\n<h3><a class=\"dt-pswp-item\" href=\"https:\/\/www.radiopiu.net\/wordpress\/wp-content\/uploads\/2020\/06\/80c303ed-9a2e-49f0-8b20-3dd5e061bbf3.jpg\" data-dt-img-description=\"\" data-large_image_width=\"1280\" data-large_image_height=\"960\"><img loading=\"lazy\" decoding=\"async\" class=\"wp-image-145520 alignleft\" src=\"https:\/\/www.radiopiu.net\/wordpress\/wp-content\/uploads\/2020\/06\/80c303ed-9a2e-49f0-8b20-3dd5e061bbf3-300x225.jpg\" alt=\"\" width=\"109\" height=\"82\" srcset=\"https:\/\/www.radiopiu.net\/wordpress\/wp-content\/uploads\/2020\/06\/80c303ed-9a2e-49f0-8b20-3dd5e061bbf3-300x225.jpg 300w, https:\/\/www.radiopiu.net\/wordpress\/wp-content\/uploads\/2020\/06\/80c303ed-9a2e-49f0-8b20-3dd5e061bbf3-1024x768.jpg 1024w, https:\/\/www.radiopiu.net\/wordpress\/wp-content\/uploads\/2020\/06\/80c303ed-9a2e-49f0-8b20-3dd5e061bbf3-768x576.jpg 768w, https:\/\/www.radiopiu.net\/wordpress\/wp-content\/uploads\/2020\/06\/80c303ed-9a2e-49f0-8b20-3dd5e061bbf3.jpg 1280w\" sizes=\"auto, (max-width: 109px) 100vw, 109px\" \/><\/a><span style=\"color: #ff0000;\">SCIOPERO DEI TRASPORTI<\/span><\/h3>\n<p>Sciopero nazionale di settore (TRASPORTI) indetto per mercoled\u00ec 24 gennaio. PREVEDE LA GARANZIA DEL SERVIZIO NELLE SEGUENTI FASCE ORARIE DALLE 5:40 ALLE\u00a0 8:09 e DALLE\u00a0 12:10 ALLE\u00a0 15:39 La Dolomiti Bus S.p.A. precisa che le corse in partenza prima dell\u2019inizio dello sciopero verranno effettuate regolarmente e che le stesse, una volta iniziate, proseguiranno sino al capolinea.<\/p>\n<p>&nbsp;<\/p>\n<blockquote>\n<h3 class=\"articlePlainTitle\"><span style=\"color: #ff0000;\">piazza Libert\u00e0 scatta il senso alternato<\/span><\/h3>\n<\/blockquote>\n<div data-url=\"http:\/\/sfoglio.corrierealpi.gelocal.it\/share_article.php?article_id=13563038\" data-title=\"Scavo in piazza Libert\u00e0 scatta il senso alternato\"><strong><a class=\"dt-pswp-item\" href=\"https:\/\/www.radiopiu.net\/wordpress\/wp-content\/uploads\/2023\/08\/3-Mercato-AGORDO-12.8-scaled.jpg\" data-dt-img-description=\"\" data-large_image_width=\"2560\" data-large_image_height=\"1709\"><img loading=\"lazy\" decoding=\"async\" class=\"wp-image-349107 alignleft\" src=\"https:\/\/www.radiopiu.net\/wordpress\/wp-content\/uploads\/2023\/08\/3-Mercato-AGORDO-12.8-300x200.jpg\" alt=\"\" width=\"194\" height=\"129\" srcset=\"https:\/\/www.radiopiu.net\/wordpress\/wp-content\/uploads\/2023\/08\/3-Mercato-AGORDO-12.8-300x200.jpg 300w, https:\/\/www.radiopiu.net\/wordpress\/wp-content\/uploads\/2023\/08\/3-Mercato-AGORDO-12.8-1024x684.jpg 1024w, https:\/\/www.radiopiu.net\/wordpress\/wp-content\/uploads\/2023\/08\/3-Mercato-AGORDO-12.8-768x513.jpg 768w, https:\/\/www.radiopiu.net\/wordpress\/wp-content\/uploads\/2023\/08\/3-Mercato-AGORDO-12.8-1536x1025.jpg 1536w, https:\/\/www.radiopiu.net\/wordpress\/wp-content\/uploads\/2023\/08\/3-Mercato-AGORDO-12.8-2048x1367.jpg 2048w\" sizes=\"auto, (max-width: 194px) 100vw, 194px\" \/><\/a>AGORDO<\/strong> cantiere per la posa di infrastrutture per le comunicazioni,\u00a0 prevede uno scavo con l&#8217;attraversamento della strada sul lato est di piazza della Libert\u00e0, all&#8217;innesto con via Cesare Battisti. Per consentire l&#8217;effettuazione in sicurezza dell&#8217;intervento, portato avanti dalla Sirti per conto di Telecom Itlaia,\u00a0 \u00a0fino al 6 febbraio \u00e8 prevista l&#8217;istituzione in quel tratto di un senso unico alternato, regolato da semaforo o da movieri.<\/div>\n<p>&nbsp;<\/p>\n<p>&nbsp;<\/p>\n<hr \/>\n<p>&nbsp;<\/p>\n<blockquote>\n<h3>SCIALPINISTA SI INFORTUNA SOPRA IL CASTELLO DI ANDRAZ<\/h3>\n<\/blockquote>\n<p><strong><a class=\"dt-pswp-item\" href=\"https:\/\/www.radiopiu.net\/wordpress\/wp-content\/uploads\/2022\/04\/soccorso-alpino-1024x602-1.jpg\" data-dt-img-description=\"\" data-large_image_width=\"1024\" data-large_image_height=\"602\"><img loading=\"lazy\" decoding=\"async\" class=\" wp-image-270917 alignleft\" src=\"https:\/\/www.radiopiu.net\/wordpress\/wp-content\/uploads\/2022\/04\/soccorso-alpino-1024x602-1-300x176.jpg\" alt=\"\" width=\"170\" height=\"100\" srcset=\"https:\/\/www.radiopiu.net\/wordpress\/wp-content\/uploads\/2022\/04\/soccorso-alpino-1024x602-1-300x176.jpg 300w, https:\/\/www.radiopiu.net\/wordpress\/wp-content\/uploads\/2022\/04\/soccorso-alpino-1024x602-1-768x452.jpg 768w, https:\/\/www.radiopiu.net\/wordpress\/wp-content\/uploads\/2022\/04\/soccorso-alpino-1024x602-1.jpg 1024w\" sizes=\"auto, (max-width: 170px) 100vw, 170px\" \/><\/a>LIVINALLONGO<\/strong> Attorno alle 14 di ieri il Soccorso alpino di Livinallongo \u00e8 stato attivato dalla Centrale del Suem, per uno scialpinista che si era fatto male scendendo da Forcella Sief. L&#8217;uomo, che si trovava poco sopra il Castello di Andraz e aveva riportato un probabile trauma al ginocchio, \u00e8 stato raggiunto da una prima squadra con gli sci e successivamente da una a bordo del quad. Dopo avergli prestato le prime cure, i soccorritori lo hanno trasportato fino alla strada, dove attendeva l&#8217;ambulanza diretta all&#8217;ospedale di Agordo.<\/p>\n<p>&nbsp;<\/p>\n<p>&nbsp;<\/p>\n<hr \/>\n<p>&nbsp;<\/p>\n<blockquote>\n<h3>DUE INTERVENTI DEL SUEM: INCIDENTE A SAN PIETRO DI CADORE E CADUTA CON LO SLITTINO A MISURINA<\/h3>\n<\/blockquote>\n<p><strong><a class=\"dt-pswp-item\" href=\"https:\/\/www.radiopiu.net\/wordpress\/wp-content\/uploads\/2021\/12\/ambulanze-3.jpeg\" data-dt-img-description=\"\" data-large_image_width=\"1600\" data-large_image_height=\"1200\"><img loading=\"lazy\" decoding=\"async\" class=\" wp-image-250918 alignleft\" src=\"https:\/\/www.radiopiu.net\/wordpress\/wp-content\/uploads\/2021\/12\/ambulanze-3-300x225.jpeg\" alt=\"\" width=\"189\" height=\"142\" srcset=\"https:\/\/www.radiopiu.net\/wordpress\/wp-content\/uploads\/2021\/12\/ambulanze-3-300x225.jpeg 300w, https:\/\/www.radiopiu.net\/wordpress\/wp-content\/uploads\/2021\/12\/ambulanze-3-1024x768.jpeg 1024w, https:\/\/www.radiopiu.net\/wordpress\/wp-content\/uploads\/2021\/12\/ambulanze-3-768x576.jpeg 768w, https:\/\/www.radiopiu.net\/wordpress\/wp-content\/uploads\/2021\/12\/ambulanze-3-1536x1152.jpeg 1536w, https:\/\/www.radiopiu.net\/wordpress\/wp-content\/uploads\/2021\/12\/ambulanze-3.jpeg 1600w\" sizes=\"auto, (max-width: 189px) 100vw, 189px\" \/><\/a>REDAZIONE<\/strong> Sono due gli interventi del SUEM 118 nella giornata di ieri. Poco prima delle 11 \u00e8 intervenuta l&#8217;ambulanza di Santo Stefano di Cadore a Presenaio, frazione di San Pietro di Cadore, dove un giovane di 22 anni di Brescia \u00e8 stato coinvolto in un incidente stradale ed \u00e8 stato trasportato all&#8217;ospedale di Pieve di Cadore. Prima di mezzogiorno si \u00e8 alzato in volo l&#8217;elicottero Falco in direzione di Misurina dove un uomo di 55 anni di Treviso era caduto con lo slittino. L&#8217;uomo \u00e8 stato portato al San Martino di Belluno. Giornata impegnativa anche sulle piste da sci con 33 interventi: 12 a Cortina, 5 ad Alleghe, uno a Selva di Cadore, 2 in Zoldo, 2 a Livinallongo, 2 in Marmolada e 2 a Falcade.<\/p>\n<p>&nbsp;<\/p>\n<hr \/>\n<p>&nbsp;<\/p>\n<blockquote>\n<h2>LUTTO A SOSPIROLO, DOMANI L&#8217;ADDIO AL CUSTODE DELLE TRADIZIONI<\/h2>\n<\/blockquote>\n<p><strong><a class=\"dt-pswp-item\" href=\"https:\/\/www.radiopiu.net\/wordpress\/wp-content\/uploads\/2024\/01\/Senza-nome-70.png\" data-dt-img-description=\"\" data-large_image_width=\"263\" data-large_image_height=\"178\"><img loading=\"lazy\" decoding=\"async\" class=\"size-full wp-image-370921 alignleft\" src=\"https:\/\/www.radiopiu.net\/wordpress\/wp-content\/uploads\/2024\/01\/Senza-nome-70.png\" alt=\"\" width=\"263\" height=\"178\" \/><\/a>SOSPIROLO<\/strong> La comunit\u00e0 di Sospirolo \u00e8 addolorata per la scomparsa di Vittorino Naldo, 71 anni, <a class=\"dt-pswp-item\" href=\"https:\/\/www.radiopiu.net\/wordpress\/wp-content\/uploads\/2024\/01\/Senza-nome-71.png\" data-dt-img-description=\"\" data-large_image_width=\"214\" data-large_image_height=\"253\"><img loading=\"lazy\" decoding=\"async\" class=\" wp-image-370924 alignright\" src=\"https:\/\/www.radiopiu.net\/wordpress\/wp-content\/uploads\/2024\/01\/Senza-nome-71.png\" alt=\"\" width=\"173\" height=\"205\" \/><\/a>falegname e appassionato artista locale. Custode di una tradizione familiare legata al lavoro del legno, ha contribuito al restauro di molte ruote per mulini, trasformandoli in musei. Attivo nella vita sociale, ha collaborato con varie associazioni, dalla Pro loco agli Alpini dell&#8217;Ana. La sua dedizione si \u00e8 manifestata nella cura dei mulini, come quello di S.Libera a S.Giustina e del rio Salere a Ponte nelle Alpi. Mario Sogne, capogruppo dell&#8217;Ana, lo ricorda come una persona sempre disponibile, elogiando la sua professionalit\u00e0. La comunit\u00e0 piange la perdita di un uomo che ha lasciato un segno indelebile nel paese. I funerali saranno celebrati domani alle 15 nella chiesa arcipretale di Sospirolo.<\/p>\n<p>&nbsp;<\/p>\n<hr \/>\n<p>&nbsp;<\/p>\n<blockquote>\n<h3><\/h3>\n<h3>FINE SETTIMANA DA RICORDARE, DA TUTTO ESAURITO. PROBLEMI &#8220;ELETTRICI&#8221; A FALCADE.<\/h3>\n<\/blockquote>\n<p><strong><a class=\"dt-pswp-item\" href=\"https:\/\/www.radiopiu.net\/wordpress\/wp-content\/uploads\/2022\/01\/falcade-pellegrino.jpg\" data-dt-img-description=\"\" data-large_image_width=\"1280\" data-large_image_height=\"720\"><img loading=\"lazy\" decoding=\"async\" class=\"wp-image-252569 alignleft\" src=\"https:\/\/www.radiopiu.net\/wordpress\/wp-content\/uploads\/2022\/01\/falcade-pellegrino-300x169.jpg\" alt=\"\" width=\"167\" height=\"94\" srcset=\"https:\/\/www.radiopiu.net\/wordpress\/wp-content\/uploads\/2022\/01\/falcade-pellegrino-300x169.jpg 300w, https:\/\/www.radiopiu.net\/wordpress\/wp-content\/uploads\/2022\/01\/falcade-pellegrino-1024x576.jpg 1024w, https:\/\/www.radiopiu.net\/wordpress\/wp-content\/uploads\/2022\/01\/falcade-pellegrino-768x432.jpg 768w, https:\/\/www.radiopiu.net\/wordpress\/wp-content\/uploads\/2022\/01\/falcade-pellegrino.jpg 1280w\" sizes=\"auto, (max-width: 167px) 100vw, 167px\" \/><\/a>FALCADE\u00a0<\/strong> Qualche disagio, ma tutto risolvibile con un po&#8217; di pazienza, nel comprensorio San Pellegrino-Falcade. Un guasto sulla linea elettrica ha portato a interruzioni e rallentamenti soprattutto sulla cabinovia Molino Le Buse e sulla seggiovia Le Buse_Laresei. <strong>Anche la nostra frequenza 97.600 su Falcade \u00e8 rimasta &#8220;muta&#8221; cos\u00ec come tutti i canali delle televisioni privae,\u00a0 fino a sabato sera quando tutto \u00e8 rientrato nella normalit\u00e0 con il ripristino della postazione di Caverson.<\/strong>\u00a0 Un gran lavoro quello dei tecnici di Enel Distribuzione che prima di risolvere il guasto di sono prodigati dando energia con i gruppi elettrogeni. Sar\u00e0 comunque ricordato con un fine settimana record anche con le sciate di Sofia Goggia sulla volata.<\/p>\n<p>&nbsp;<\/p>\n<blockquote>\n<h3>SOFIA GOGGIA SULLA VOLATA IN VISTA DI CORTINA<\/h3>\n<\/blockquote>\n<p><strong>REDAZIONE<\/strong> Mancano pochi giorni alla tappa di Coppa del Mondo di sci a Cortina e le atlete si stanno preparando per la due giorni ampezzana. Pista di preparazione &#8220;La Volata&#8221; sul Passo San Pellegrino. Tra le atlete anche Sofia Goggia. Ringraziamo Mario De Marco per la foto e il video.<\/p>\n<div style=\"width: 848px;\" class=\"wp-video\"><video class=\"wp-video-shortcode\" id=\"video-370781-1\" width=\"848\" height=\"480\" preload=\"metadata\" controls=\"controls\"><source type=\"video\/mp4\" src=\"https:\/\/www.radiopiu.net\/wordpress\/wp-content\/uploads\/2024\/01\/WhatsApp-Video-2024-01-21-at-12.13.15.mp4?_=1\" \/><a href=\"https:\/\/www.radiopiu.net\/wordpress\/wp-content\/uploads\/2024\/01\/WhatsApp-Video-2024-01-21-at-12.13.15.mp4\">https:\/\/www.radiopiu.net\/wordpress\/wp-content\/uploads\/2024\/01\/WhatsApp-Video-2024-01-21-at-12.13.15.mp4<\/a><\/video><\/div>\n<p>&nbsp;<\/p>\n<hr \/>\n<p>&nbsp;<\/p>\n<blockquote>\n<h3>PADRIN INCONTRA SALVINI PER PARLARE DI VIABILITA&#8217;. OSSERVATA SPECIALE LA SR 203 AGORDINA<\/h3>\n<\/blockquote>\n<p><strong><a class=\"dt-pswp-item\" href=\"https:\/\/www.radiopiu.net\/wordpress\/wp-content\/uploads\/2024\/01\/BE7E5E60-3BE0-410F-92A8-878EC07F762D-1.jpeg\" data-dt-img-description=\"\" data-large_image_width=\"2048\" data-large_image_height=\"1536\"><img loading=\"lazy\" decoding=\"async\" class=\" wp-image-370839 alignleft\" src=\"https:\/\/www.radiopiu.net\/wordpress\/wp-content\/uploads\/2024\/01\/BE7E5E60-3BE0-410F-92A8-878EC07F762D-1-300x225.jpeg\" alt=\"\" width=\"188\" height=\"141\" srcset=\"https:\/\/www.radiopiu.net\/wordpress\/wp-content\/uploads\/2024\/01\/BE7E5E60-3BE0-410F-92A8-878EC07F762D-1-300x225.jpeg 300w, https:\/\/www.radiopiu.net\/wordpress\/wp-content\/uploads\/2024\/01\/BE7E5E60-3BE0-410F-92A8-878EC07F762D-1-1024x768.jpeg 1024w, https:\/\/www.radiopiu.net\/wordpress\/wp-content\/uploads\/2024\/01\/BE7E5E60-3BE0-410F-92A8-878EC07F762D-1-768x576.jpeg 768w, https:\/\/www.radiopiu.net\/wordpress\/wp-content\/uploads\/2024\/01\/BE7E5E60-3BE0-410F-92A8-878EC07F762D-1-1536x1152.jpeg 1536w, https:\/\/www.radiopiu.net\/wordpress\/wp-content\/uploads\/2024\/01\/BE7E5E60-3BE0-410F-92A8-878EC07F762D-1.jpeg 2048w\" sizes=\"auto, (max-width: 188px) 100vw, 188px\" \/><\/a>ROMA<\/strong> Il presidente della Provincia di Belluno, Roberto Padrin, ha discusso con il ministro Matteo Salvini le priorit\u00e0 infrastrutturali per la viabilit\u00e0 bellunese, includendo la strada regionale 203 agordina, le varianti olimpiche e il potenziamento dei collegamenti. Durante l&#8217;incontro, Padrin ha sottolineato le carenze infrastrutturali della montagna, richiedendo strade sicure e percorribili in condizioni avverse. Il presidente ha consegnato un documento sulla situazione della 203, evidenziando la necessit\u00e0 di metterla in sicurezza, considerando crolli e smottamenti frequenti. Il ministro Salvini ha assicurato operativit\u00e0 e rispetto dei cronoprogrammi, esaminando anche altri temi come la galleria di Comelico e la situazione della 251 della Val di Zoldo. Padrin ha ringraziato il ministro per l&#8217;impegno e ha sottolineato l&#8217;importanza del potenziamento infrastrutturale per una montagna che vuole continuare a fornire servizi alla sua comunit\u00e0.<\/p>\n<p>&nbsp;<\/p>\n<blockquote>\n<h3>VIVAIO DOLOMITI CRITICA IL PRESIDENTE PADRIN IN SEGUITO ALL&#8217;INCONTRO CON SALVINI<\/h3>\n<\/blockquote>\n<p><strong>BELLUNO<\/strong> Il Presidente della Provincia di Belluno, Roberto Padrin, \u00e8 stato criticato dall&#8217;Associazione Vivaio Dolomiti per la mancata inclusione nel documento presentato al ministro Salvini dell&#8217;opera pi\u00f9 importante e strategica, ossia lo sbocco a Nord, necessario per la sopravvivenza economica del territorio. La Camera di Commercio, Confindustria e altri soggetti produttivi avevano evidenziato l&#8217;importanza di questa infrastruttura, mentre il presidente Padrin \u00e8 stato accusato di distacco dalla realt\u00e0 e di non affrontare le questioni cruciali come sanit\u00e0, scuola e trasporto pubblico. La critica sottolinea la mancanza di progetti concreti su questi temi fondamentali per lo sviluppo della provincia.<\/p>\n<p>&nbsp;<\/p>\n<p>&nbsp;<\/p>\n<hr \/>\n<p>&nbsp;<\/p>\n<blockquote>\n<h3>ASCA APRE LE SELEZIONI PER ASSUMERE IL PERSONALE DA DESTINARE ALLA CASA DI SOGGIORNO DI TAIBON<\/h3>\n<\/blockquote>\n<p><strong><a class=\"dt-pswp-item\" href=\"https:\/\/www.radiopiu.net\/wordpress\/wp-content\/uploads\/2021\/02\/CASA-SOGGIORNO-TAIBON.jpg\" data-dt-img-description=\"\" data-large_image_width=\"512\" data-large_image_height=\"324\"><img loading=\"lazy\" decoding=\"async\" class=\" wp-image-190126 alignleft\" src=\"https:\/\/www.radiopiu.net\/wordpress\/wp-content\/uploads\/2021\/02\/CASA-SOGGIORNO-TAIBON-300x190.jpg\" alt=\"\" width=\"208\" height=\"132\" srcset=\"https:\/\/www.radiopiu.net\/wordpress\/wp-content\/uploads\/2021\/02\/CASA-SOGGIORNO-TAIBON-300x190.jpg 300w, https:\/\/www.radiopiu.net\/wordpress\/wp-content\/uploads\/2021\/02\/CASA-SOGGIORNO-TAIBON.jpg 512w\" sizes=\"auto, (max-width: 208px) 100vw, 208px\" \/><\/a>TAIBON<\/strong><\/p>\n<p>DI GIANNI SANTOMASO<\/p>\n<audio class=\"wp-audio-shortcode\" id=\"audio-370781-3\" preload=\"none\" style=\"width: 100%;\" controls=\"controls\"><source type=\"audio\/mpeg\" src=\"https:\/\/www.radiopiu.net\/wordpress\/wp-content\/uploads\/2024\/01\/GIANNI-ASCA-APRE-LE-SELEZIONI-PER-ASSUMERE-IL-PERSONALE-DA-DESTINARE-ALLA-CASA-DI-SOGGIORNO-DI-TAIBON.mp3?_=3\" \/><a href=\"https:\/\/www.radiopiu.net\/wordpress\/wp-content\/uploads\/2024\/01\/GIANNI-ASCA-APRE-LE-SELEZIONI-PER-ASSUMERE-IL-PERSONALE-DA-DESTINARE-ALLA-CASA-DI-SOGGIORNO-DI-TAIBON.mp3\">https:\/\/www.radiopiu.net\/wordpress\/wp-content\/uploads\/2024\/01\/GIANNI-ASCA-APRE-LE-SELEZIONI-PER-ASSUMERE-IL-PERSONALE-DA-DESTINARE-ALLA-CASA-DI-SOGGIORNO-DI-TAIBON.mp3<\/a><\/audio>\n<p>&nbsp;<\/p>\n<hr \/>\n<p>&nbsp;<\/p>\n<blockquote>\n<h3>EL CAMPANOT DI SANT&#8217;ANTONIO ABATE A CENCENIGHE<\/h3>\n<\/blockquote>\n<p><strong>CENCENIGHE<\/strong> In occasione del santo patrono del paese, a Cencenighe \u00e8 usanza fare &#8220;El Campanot&#8221;. Consiste nel far salire alcune persone sul campanile della chiesa e suonare a mano le campane. Sul campanile di Cencenighe le campane sono 5, due basse e tre alte. Si inizia a suonarle dalla pi\u00f9 alta alla pi\u00f9 bassa fino a farle suonare tutte assieme contemporaneamente. A Cencenighe grande festa per Sant&#8217;Antonio Abate che per\u00f2 ricorreva il 17 gennaio ma si \u00e8 voluto festeggiare oggi con la Santa Messa e il pranzo in onore dei nonni al Nof Fil\u00f2. Ringraziamo Matteo Manfroi per il video.<\/p>\n<div style=\"width: 848px;\" class=\"wp-video\"><video class=\"wp-video-shortcode\" id=\"video-370781-2\" width=\"848\" height=\"480\" preload=\"metadata\" controls=\"controls\"><source type=\"video\/mp4\" src=\"https:\/\/www.radiopiu.net\/wordpress\/wp-content\/uploads\/2024\/01\/WhatsApp-Video-2024-01-21-at-14.27.44.mp4?_=2\" \/><a href=\"https:\/\/www.radiopiu.net\/wordpress\/wp-content\/uploads\/2024\/01\/WhatsApp-Video-2024-01-21-at-14.27.44.mp4\">https:\/\/www.radiopiu.net\/wordpress\/wp-content\/uploads\/2024\/01\/WhatsApp-Video-2024-01-21-at-14.27.44.mp4<\/a><\/video><\/div>\n<p>&nbsp;<\/p>\n<hr \/>\n<p>&nbsp;<\/p>\n<blockquote>\n<h3 class=\"entry-title\">L\u2019INFLAZIONE COME UNA PATRIMONIALE: ALLE FAMIGLIE VENETE SAREBBE COSTATA 7.100 EURO<\/h3>\n<\/blockquote>\n<p class=\"photoswipe-wrapper\"><a class=\"dt-pswp-item pspw-wrap-ready\" href=\"https:\/\/www.radiopiu.net\/wordpress\/wp-content\/uploads\/2024\/01\/Schermata-2024-01-20-alle-09.52.25.png\" data-dt-img-description=\"\" data-large_image_width=\"1308\" data-large_image_height=\"1586\"><img loading=\"lazy\" decoding=\"async\" class=\"size-medium wp-image-370793 alignleft\" src=\"https:\/\/www.radiopiu.net\/wordpress\/wp-content\/uploads\/2024\/01\/Schermata-2024-01-20-alle-09.52.25-247x300.png\" sizes=\"auto, (max-width: 247px) 100vw, 247px\" srcset=\"https:\/\/www.radiopiu.net\/wordpress\/wp-content\/uploads\/2024\/01\/Schermata-2024-01-20-alle-09.52.25-247x300.png 247w, https:\/\/www.radiopiu.net\/wordpress\/wp-content\/uploads\/2024\/01\/Schermata-2024-01-20-alle-09.52.25-845x1024.png 845w, https:\/\/www.radiopiu.net\/wordpress\/wp-content\/uploads\/2024\/01\/Schermata-2024-01-20-alle-09.52.25-768x931.png 768w, https:\/\/www.radiopiu.net\/wordpress\/wp-content\/uploads\/2024\/01\/Schermata-2024-01-20-alle-09.52.25-1267x1536.png 1267w, https:\/\/www.radiopiu.net\/wordpress\/wp-content\/uploads\/2024\/01\/Schermata-2024-01-20-alle-09.52.25.png 1308w\" alt=\"\" width=\"247\" height=\"300\" \/><\/a>Negli ultimi due anni l\u2019inflazione si \u00e8 abbattuta sui conti correnti anche dei veneti con la forza di una patrimoniale. Al netto dei nuclei che hanno trasferito una parte dei propri risparmi nell\u2019acquisto di titoli di Stato, la stragrande maggioranza ha subito gli effetti negativi della perdita di potere d\u2019acquisto indotta dal fortissimo aumento dei prezzi registrato nel 2022 e nel 2023; nel Veneto questo incremento \u00e8 stato pari al +14,5 per cento. Nell\u2019ipotesi che le consistenze dei depositi bancari riferiti al 31 dicembre 2021 siano rimaste le stesse anche negli anni successivi (complessivamente pari a 103,8 miliardi di euro), si stima che le famiglie venete abbiano subito una \u201cdecurtazione\u201d media dei propri risparmi di 7.121euro. Solo il Trentino Altro Adige con 9.220 euro e la Lombardia con 7.432 hanno registrato una perdita del potere d\u2019acquisto medio per famiglia superiore alla nostra (vedi Tab. 1). A livello provinciale, invece, la contrazione pi\u00f9 elevata in Veneto si sarebbe registrata a Treviso con un importo medio per deposito bancario pari a 7.817 euro, a Padova con 7.519 euro e a Vicenza con 7.309 euro (vedi Tab. 2). A dirlo \u00e8 l\u2019Ufficio studi della CGIA.<\/p>\n<p><strong>Senza contare gli effetti delle patrimoniali\u2026.\u201cvere\u201d<\/strong><br \/>\nSebbene l\u2019Imu sull\u2019abitazione principale sia stata abolita nel 2013, le imposte patrimoniali che continuano a gravare sugli italiani garantiscono alle casse dello Stato quasi 50 miliardi di euro l\u2019anno: per la precisione 49,8. Un importo, relativo al 2022, che valeva 2,6 punti di Pil. Un\u2019incidenza che, rispetto al 1990, \u00e8 addirittura raddoppiata (vedi Graf. 1). Complessivamente, fa sapere l\u2019Ufficio studi della CGIA, questa tipologia di prelievo sui beni patrimoniali (siano essi mobili, immobili o finanziari) \u00e8 composta da una decina di voci.<\/p>\n<p><strong>Esse sono:<\/strong><br \/>\nl\u2019Imu\/Tasi (gettito nel 2022 pari a 22,7 miliardi di euro), l\u2019Imposta di bollo (7,7 miliardi), il bollo auto (7,2 miliardi), l\u2019Imposta di registro e sostitutiva (6,2 miliardi), il canone Rai-Tv (1,9 miliardi), l\u2019Imposta ipotecaria (1,8 miliardi), l\u2019Imposta sulle successioni e donazioni (1 miliardo), i diritti catastali (727 milioni di euro), l\u2019Imposta sulle transazioni finanziarie (461 milioni) e l\u2019Imposta su imbarcazioni e aeromobili (1 milione di euro).<\/p>\n<p class=\"photoswipe-wrapper\">Il trend di crescita del prelievo ri<a class=\"dt-pswp-item pspw-wrap-ready\" href=\"https:\/\/www.radiopiu.net\/wordpress\/wp-content\/uploads\/2024\/01\/Schermata-2024-01-20-alle-09.52.42.png\" data-dt-img-description=\"\" data-large_image_width=\"1308\" data-large_image_height=\"740\"><img loading=\"lazy\" decoding=\"async\" class=\"size-medium wp-image-370794 alignleft\" src=\"https:\/\/www.radiopiu.net\/wordpress\/wp-content\/uploads\/2024\/01\/Schermata-2024-01-20-alle-09.52.42-300x170.png\" sizes=\"auto, (max-width: 300px) 100vw, 300px\" srcset=\"https:\/\/www.radiopiu.net\/wordpress\/wp-content\/uploads\/2024\/01\/Schermata-2024-01-20-alle-09.52.42-300x170.png 300w, https:\/\/www.radiopiu.net\/wordpress\/wp-content\/uploads\/2024\/01\/Schermata-2024-01-20-alle-09.52.42-1024x579.png 1024w, https:\/\/www.radiopiu.net\/wordpress\/wp-content\/uploads\/2024\/01\/Schermata-2024-01-20-alle-09.52.42-768x434.png 768w, https:\/\/www.radiopiu.net\/wordpress\/wp-content\/uploads\/2024\/01\/Schermata-2024-01-20-alle-09.52.42.png 1308w\" alt=\"\" width=\"300\" height=\"170\" \/><\/a>conducibile alle imposte patrimoniali in termini assoluti \u00e8 stato spaventoso: se nel 1990 l\u2019erario ebbe modo di incassare 9,1 miliardi di euro, nel 2000 il gettito ha raggiunto i 25,7 miliardi. Cinque anni dopo i soldi incassati salgono a 30,1 miliardi che nel 2015 arrivano a 48,4. Nell\u2019ultimo anno in cui i dati sono disponibili, vale a dire il 2022, la riscossione ha toccato i 49,8 miliardi di euro.<\/p>\n<p><strong>No a una nuova patrimoniale, s\u00ec al taglio della spesa improduttiva<\/strong><br \/>\nNei giorni scorsi alcuni autorevoli esponenti del mondo universitario hanno chiesto l\u2019introduzione di una patrimoniale da applicare agli immobili o alla ricchezza finanziaria degli italiani, con l\u2019obbiettivo di recuperare nuove risorse per fronteggiare con maggiore determinazione il cattivo stato di salute dei nostri conti pubblici. Anche alla luce di quanto riportato pi\u00f9 sopra, l\u2019Ufficio studi della CGIA esprime parere negativo all\u2019introduzione di questa misura, non fosse altro perch\u00e9 di tasse (incluse le patrimoniali) ne paghiamo gi\u00e0 troppe.<\/p>\n<p>Ritenendo comunque indispensabile ridurre il deficit e conseguentemente il debito pubblico sarebbe auspicabile, oltre a una seria lotta all\u2019evasione fiscale, soprattutto una contrazione della spesa pubblica di parte corrente; tagliando, ovviamente, la parte di natura improduttiva che, ricordiamo, era l\u2019obbiettivo primario della cosiddetta spending review lanciata pi\u00f9 di dieci anni fa dall\u2019allora Governo guidato dal prof. Mario Monti. Proposta, quest\u2019ultima, che, purtroppo, sembra ormai essere definitivamente caduta nel dimenticatoio. Di risparmio della spesa pubblica, anche attraverso l\u2019efficientamento della nostra macchina pubblica, in ambito politico purtroppo non ne parla quasi pi\u00f9 nessuno.<\/p>\n<p>&nbsp;<\/p>\n<p>&nbsp;<\/p>\n<hr \/>\n<p>&nbsp;<\/p>\n<blockquote>\n<h3>ARIA D&#8217;INVERN, IL CONCORSO FOTOGRAFICO<\/h3>\n<\/blockquote>\n<p><strong><img loading=\"lazy\" decoding=\"async\" class=\"alignleft\" src=\"https:\/\/www.radiopiu.net\/wordpress\/wp-content\/uploads\/2024\/01\/Senza-nome-41.png\" width=\"375\" height=\"201\" \/>CENCENIGHE<\/strong> La Pro Loco di Cencenighe ha organizzato un concorso fotografico dal titolo &#8220;Aria D&#8217;Invern&#8221;. Chi volesse partecipare pu\u00f2 inviare gli scatti fino al 31 marzo alla mail ariadinvern@gmail.com seguiranno le premiazioni e, nel mese di luglio, l&#8217;esposizione delle foto al Nof Fil\u00f2. Regolamento completo sul sito www.prolococencenighe.it<\/p>\n<p>&nbsp;<\/p>\n<p><strong>L&#8217;INTERVISTA ALLA RADIO CON ORIETTA SCARDANZAN, ELISA CANCEL, FRANCESCA TRENTIN\u00a0<\/strong><\/p>\n<audio class=\"wp-audio-shortcode\" id=\"audio-370781-4\" preload=\"none\" style=\"width: 100%;\" controls=\"controls\"><source type=\"audio\/mpeg\" src=\"https:\/\/www.radiopiu.net\/wordpress\/wp-content\/uploads\/2024\/01\/porolco-cence-aria-dinverno.mp3?_=4\" \/><a href=\"https:\/\/www.radiopiu.net\/wordpress\/wp-content\/uploads\/2024\/01\/porolco-cence-aria-dinverno.mp3\">https:\/\/www.radiopiu.net\/wordpress\/wp-content\/uploads\/2024\/01\/porolco-cence-aria-dinverno.mp3<\/a><\/audio>\n<p>&nbsp;<\/p>\n<hr \/>\n<p>&nbsp;<\/p>\n<h2>EVENTI A SAN TOMASO<\/h2>\n<p><strong>LO SPOT ALLA RADIO\u00a0<\/strong><\/p>\n<audio class=\"wp-audio-shortcode\" id=\"audio-370781-5\" preload=\"none\" style=\"width: 100%;\" controls=\"controls\"><source type=\"audio\/mpeg\" src=\"https:\/\/www.radiopiu.net\/wordpress\/wp-content\/uploads\/2024\/01\/ORTI-RUPESTRI.mp3?_=5\" \/><a href=\"https:\/\/www.radiopiu.net\/wordpress\/wp-content\/uploads\/2024\/01\/ORTI-RUPESTRI.mp3\">https:\/\/www.radiopiu.net\/wordpress\/wp-content\/uploads\/2024\/01\/ORTI-RUPESTRI.mp3<\/a><\/audio>\n<p>&nbsp;<\/p>\n<p>&nbsp;<\/p>\n<p><a class=\"dt-pswp-item\" href=\"https:\/\/www.radiopiu.net\/wordpress\/wp-content\/uploads\/2024\/01\/Senza-nome-66.png\" data-dt-img-description=\"\" data-large_image_width=\"636\" data-large_image_height=\"740\"><img loading=\"lazy\" decoding=\"async\" class=\"size-medium wp-image-370730 aligncenter\" src=\"https:\/\/www.radiopiu.net\/wordpress\/wp-content\/uploads\/2024\/01\/Senza-nome-66-258x300.png\" alt=\"\" width=\"258\" height=\"300\" srcset=\"https:\/\/www.radiopiu.net\/wordpress\/wp-content\/uploads\/2024\/01\/Senza-nome-66-258x300.png 258w, https:\/\/www.radiopiu.net\/wordpress\/wp-content\/uploads\/2024\/01\/Senza-nome-66.png 636w\" sizes=\"auto, (max-width: 258px) 100vw, 258px\" \/><\/a><\/p>\n<p>&nbsp;<\/p>\n<hr \/>\n<p>&nbsp;<\/p>\n<blockquote>\n<h2>LE PISTE&#8230; SULLA PORTA DI CASA<\/h2>\n<\/blockquote>\n<div>\n<div class=\"x1cy8zhl x78zum5 x1q0g3np xod5an3 x1pi30zi x1swvt13 xz9dl7a\">\n<div class=\"x1iyjqo2\">\n<div class=\"x78zum5 xdt5ytf xz62fqu x16ldp7u\">\n<div class=\"xu06os2 x1ok221b\">\n<h2 id=\":R1al9aqqd9emhpapd5aq:\" class=\"x1heor9g x1qlqyl8 x1pd3egz x1a2a7pz x1gslohp x1yc453h\"><span class=\"x193iq5w xeuugli x13faqbe x1vvkbs x1xmvt09 x6prxxf xvq8zen xo1l8bm xi81zsa\"><strong><a class=\"dt-pswp-item\" href=\"https:\/\/www.radiopiu.net\/wordpress\/wp-content\/uploads\/2021\/11\/FORCELLA-AURINE.jpg\" data-dt-img-description=\"\" data-large_image_width=\"960\" data-large_image_height=\"720\"><img loading=\"lazy\" decoding=\"async\" class=\" wp-image-241538 alignleft\" src=\"https:\/\/www.radiopiu.net\/wordpress\/wp-content\/uploads\/2021\/11\/FORCELLA-AURINE-300x225.jpg\" alt=\"\" width=\"191\" height=\"143\" srcset=\"https:\/\/www.radiopiu.net\/wordpress\/wp-content\/uploads\/2021\/11\/FORCELLA-AURINE-300x225.jpg 300w, https:\/\/www.radiopiu.net\/wordpress\/wp-content\/uploads\/2021\/11\/FORCELLA-AURINE-768x576.jpg 768w, https:\/\/www.radiopiu.net\/wordpress\/wp-content\/uploads\/2021\/11\/FORCELLA-AURINE.jpg 960w\" sizes=\"auto, (max-width: 191px) 100vw, 191px\" \/><\/a>Aurine SKI Dolomiti -Progetto Desma <\/strong><\/span><strong><a class=\"x1i10hfl xjbqb8w x6umtig x1b1mbwd xaqea5y xav7gou x9f619 x1ypdohk xt0psk2 xe8uvvx xdj266r x11i5rnm xat24cr x1mh8g0r xexx8yu x4uap5 x18d9i69 xkhd6sd x16tdsg8 x1hl2dhg xggy1nq x1a2a7pz xt0b8zv xzsf02u x1s688f\" tabindex=\"0\" role=\"link\" href=\"https:\/\/www.facebook.com\/aurineskidolomiti?__cft__[0]=AZXSmHr83SUuJT0u4kVMSvLZyFo58012vDZQz2S9NoUpe9MsUBxfpeLpjB-1OoVs-G6CFBOMyk-HwUGAJFyotDcmMB8tqVOt4ppZp7H1Nhm_9AbxGcAKPdaj0NRByIDsgxLcHrLDuU1XYg3AAgvwT-9s&amp;__tn__=-]C%2CP-R\"><span class=\"xt0psk2\">&#8211;<\/span><\/a><\/strong>.<\/h2>\n<\/div>\n<div class=\"xu06os2 x1ok221b\">NUOVE APERTURE E NUOVI ORARI: &#8211; LUNEDI : Chiuso &#8211; MARTEDI : Chiuso &#8211; MERCOLEDI : 13:00-16:30 \/ 19:30-22:00 &#8211; GIOVEDI : 13:00-16:30 &#8211; VENERDI : 13:00-16:30 &#8211; SABATO : 9:00 &#8211; 16.30 &#8211; DOMENICA : 9:00 &#8211; 16.30 AD OGGI LA SITUAZIONE PISTE: &#8211; CAMPO SCUOLA <span class=\"x3nfvp2 x1j61x8r x1fcty0u xdj266r xhhsvwb xat24cr xgzva0m xxymvpz xlup9mm x1kky2od\"><img loading=\"lazy\" decoding=\"async\" class=\"xz74otr\" src=\"https:\/\/static.xx.fbcdn.net\/images\/emoji.php\/v9\/t55\/1.5\/16\/1f7e2.png\" alt=\"&#x1f7e2;\" width=\"16\" height=\"16\" \/><\/span><\/div>\n<\/div>\n<\/div>\n<\/div>\n<\/div>\n<div>\n<div class=\"\" dir=\"auto\">\n<div id=\":R1al9aqqd9emhpapd5aqH2:\" class=\"x1iorvi4 x1pi30zi x1l90r2v x1swvt13\" data-ad-comet-preview=\"message\" data-ad-preview=\"message\">\n<div class=\"x78zum5 xdt5ytf xz62fqu x16ldp7u\">\n<div class=\"xu06os2 x1ok221b\">\n<div class=\"x11i5rnm xat24cr x1mh8g0r x1vvkbs xtlvy1s x126k92a\">\n<div dir=\"auto\">&#8211; GARDELINA <span class=\"x3nfvp2 x1j61x8r x1fcty0u xdj266r xhhsvwb xat24cr xgzva0m xxymvpz xlup9mm x1kky2od\"><img loading=\"lazy\" decoding=\"async\" class=\"xz74otr\" src=\"https:\/\/static.xx.fbcdn.net\/images\/emoji.php\/v9\/t55\/1.5\/16\/1f7e2.png\" alt=\"&#x1f7e2;\" width=\"16\" height=\"16\" \/> <\/span>&#8211; BEPI <span class=\"x3nfvp2 x1j61x8r x1fcty0u xdj266r xhhsvwb xat24cr xgzva0m xxymvpz xlup9mm x1kky2od\"><img loading=\"lazy\" decoding=\"async\" class=\"xz74otr\" src=\"https:\/\/static.xx.fbcdn.net\/images\/emoji.php\/v9\/t55\/1.5\/16\/1f7e2.png\" alt=\"&#x1f7e2;\" width=\"16\" height=\"16\" \/> <\/span>&#8211; GEMINI <span class=\"x3nfvp2 x1j61x8r x1fcty0u xdj266r xhhsvwb xat24cr xgzva0m xxymvpz xlup9mm x1kky2od\"><img loading=\"lazy\" decoding=\"async\" class=\"xz74otr\" src=\"https:\/\/static.xx.fbcdn.net\/images\/emoji.php\/v9\/tc7\/1.5\/16\/1f534.png\" alt=\"&#x1f534;\" width=\"16\" height=\"16\" \/> <\/span>Se le temperature ce lo permetteranno in pochi giorni sar\u00e0 completata anche la parte alta con l&#8217;apertura della sciovia Gardelon. RISTOBAR GHEGY<\/div>\n<\/div>\n<div class=\"x11i5rnm xat24cr x1mh8g0r x1vvkbs xtlvy1s x126k92a\">\n<div dir=\"auto\">&#8211; Dal Mercoled\u00ec al Venerd\u00ec aperto dall&#8217;ora di pranzo. &#8211; Mercoled\u00ec sera anche a cena con i panini GOURMET. &#8211; Sabato e Domenica 8:30 &#8211; 18.30.<\/div>\n<\/div>\n<\/div>\n<\/div>\n<\/div>\n<\/div>\n<\/div>\n<p>&nbsp;<\/p>\n<p>&nbsp;<\/p>\n<hr \/>\n<p>&nbsp;<\/p>\n<blockquote>\n<h3><a class=\"dt-pswp-item\" href=\"https:\/\/www.radiopiu.net\/wordpress\/wp-content\/uploads\/2024\/01\/SCR-20240109-pzvy.png\" data-dt-img-description=\"\" data-large_image_width=\"750\" data-large_image_height=\"318\"><img loading=\"lazy\" decoding=\"async\" class=\" wp-image-369322 alignleft\" src=\"https:\/\/www.radiopiu.net\/wordpress\/wp-content\/uploads\/2024\/01\/SCR-20240109-pzvy-300x127.png\" alt=\"\" width=\"222\" height=\"94\" srcset=\"https:\/\/www.radiopiu.net\/wordpress\/wp-content\/uploads\/2024\/01\/SCR-20240109-pzvy-300x127.png 300w, https:\/\/www.radiopiu.net\/wordpress\/wp-content\/uploads\/2024\/01\/SCR-20240109-pzvy.png 750w\" sizes=\"auto, (max-width: 222px) 100vw, 222px\" \/><\/a>OPEN DAY ALLA SCUOLA DELL&#8217;INFANZIA DI AGORDO<\/h3>\n<\/blockquote>\n<p><strong>AGORDO<\/strong> E&#8217; in programma per mercoled\u00ec 24 gennaio l&#8217;open day della Scuola dell&#8217;infanzia di Agordo dedicato ai genitori. Nell&#8217;occasione si potr\u00e0 vistare la struttura ed effettuare le isrizioni per il prossimo anno scolastico. La scuola sar\u00e0 visitabile dalle 16 alle 17. Inoltre, per coloro che sono impossibilitati a visitare la scuola, il 31 gennaio dalle 9 alle 16 sar\u00e0 possibile fare l&#8217;iscrizione.<\/p>\n<p>&nbsp;<\/p>\n<p>&nbsp;<\/p>\n<hr \/>\n<p>&nbsp;<\/p>\n<blockquote>\n<h1>Viaggio Alla Scoperta dell&#8217;Antico Popolo Retico<\/h1>\n<\/blockquote>\n<p><strong>FELTRE <\/strong>L&#8217;associazione no-profit &#8220;Carpe Diem&#8221; di Feltre, guidata dalla presidente Loreta De Bortoli, annuncia con entusiasmo il progetto &#8220;Cammino Retico&#8221;, un itinerario di sette giorni attraverso suggestivi paesaggi seguendo le tracce dell&#8217;antico popolo Retico. Il percorso, di circa 170 km, attraversa altipiani, valli, e borghi montani, toccando luoghi storici come il santuario di San Vittore e Corona, il fiordo Feltrino del lago del Corlo e la citt\u00e0 murata di Feltre. Ogni partecipante pu\u00f2 personalizzare il proprio itinerario, con tappe adatte al proprio ritmo e fisicit\u00e0.<\/p>\n<p>&nbsp;<\/p>\n<p>&nbsp;<\/p>\n<hr \/>\n<p>&nbsp;<\/p>\n<blockquote>\n<h3>CASPARETHA 2024 POSTICIPATA AL 17 FEBBRAIO<\/h3>\n<\/blockquote>\n<p><strong>REDAZIONE<\/strong> Gli organizzatori della Casparetha di Canale D&#8217;Agordo informano che la manifestazione, inizialmente in programma per sabato 3 febbraio, \u00e8 stata posticipata a Sabato 17 febbraio a causa della poca neve caduta nell&#8217;ultimo periodo. La data di apertura delle iscrizioni slitta al 3 febbraio. Segurianno degli aggiornamenti nei prossii giorni in base alle previsioni meteo.<\/p>\n<p>&nbsp;<\/p>\n<p><span style=\"color: #ff0000;\"><strong>L&#8217;INTERVISTA A RADIO PIU&#8217;<\/strong><\/span><\/p>\n<p><strong>DI MIRKO MEZZACASA<\/strong><\/p>\n<p>OSPITI: Emil Tancon e Mirco Tancon<\/p>\n<audio class=\"wp-audio-shortcode\" id=\"audio-370781-6\" preload=\"none\" style=\"width: 100%;\" controls=\"controls\"><source type=\"audio\/mpeg\" src=\"https:\/\/www.radiopiu.net\/wordpress\/wp-content\/uploads\/2024\/01\/mirco-emil-casparetha-1.mp3?_=6\" \/><a href=\"https:\/\/www.radiopiu.net\/wordpress\/wp-content\/uploads\/2024\/01\/mirco-emil-casparetha-1.mp3\">https:\/\/www.radiopiu.net\/wordpress\/wp-content\/uploads\/2024\/01\/mirco-emil-casparetha-1.mp3<\/a><\/audio>\n<p><strong>IL VIDEO PROMOZIONALE<\/strong><\/p>\n<p><iframe loading=\"lazy\" title=\"Casparetha 2024\" width=\"1200\" height=\"675\" src=\"https:\/\/www.youtube.com\/embed\/jBRPhHWUxAg?feature=oembed\" frameborder=\"0\" allow=\"accelerometer; autoplay; clipboard-write; encrypted-media; gyroscope; picture-in-picture; web-share\" allowfullscreen><\/iframe><\/p>\n<p>&nbsp;<\/p>\n<hr \/>\n<p>&nbsp;<\/p>\n<h2><span style=\"color: #ff6600;\">ALLA RADIO<\/span><\/h2>\n<h2><span style=\"color: #00ccff;\">LA RASSEGNA STAMPA DA L&#8217;AMICO DEL POPOLO<\/span><\/h2>\n<p><a class=\"dt-pswp-item\" href=\"https:\/\/www.radiopiu.net\/wordpress\/wp-content\/uploads\/2019\/05\/TAIBON-SILVIA-TORMEN.jpeg\" data-dt-img-description=\"SILVIA TORMEN\" data-large_image_width=\"1062\" data-large_image_height=\"1600\"><img loading=\"lazy\" decoding=\"async\" class=\"alignleft wp-image-86482 \" src=\"https:\/\/www.radiopiu.net\/wordpress\/wp-content\/uploads\/2019\/05\/TAIBON-SILVIA-TORMEN-199x300.jpeg\" alt=\"\" width=\"102\" height=\"154\" srcset=\"https:\/\/www.radiopiu.net\/wordpress\/wp-content\/uploads\/2019\/05\/TAIBON-SILVIA-TORMEN-199x300.jpeg 199w, https:\/\/www.radiopiu.net\/wordpress\/wp-content\/uploads\/2019\/05\/TAIBON-SILVIA-TORMEN-768x1157.jpeg 768w, https:\/\/www.radiopiu.net\/wordpress\/wp-content\/uploads\/2019\/05\/TAIBON-SILVIA-TORMEN-680x1024.jpeg 680w, https:\/\/www.radiopiu.net\/wordpress\/wp-content\/uploads\/2019\/05\/TAIBON-SILVIA-TORMEN.jpeg 1062w\" sizes=\"auto, (max-width: 102px) 100vw, 102px\" \/><\/a><\/p>\n<p><strong>DI GIANNI SANTOMASO<\/strong><\/p>\n<p>OSPITE: Silvia Tormen, Sindaco di Taibon Agordino<\/p>\n<audio class=\"wp-audio-shortcode\" id=\"audio-370781-7\" preload=\"none\" style=\"width: 100%;\" controls=\"controls\"><source type=\"audio\/mpeg\" src=\"https:\/\/www.radiopiu.net\/wordpress\/wp-content\/uploads\/2024\/01\/RASSEGNA-GIANNI.mp3?_=7\" \/><a href=\"https:\/\/www.radiopiu.net\/wordpress\/wp-content\/uploads\/2024\/01\/RASSEGNA-GIANNI.mp3\">https:\/\/www.radiopiu.net\/wordpress\/wp-content\/uploads\/2024\/01\/RASSEGNA-GIANNI.mp3<\/a><\/audio>\n<p>&nbsp;<\/p>\n<h2><span style=\"color: #993300;\">DUE MINUTI PER TE <\/span><\/h2>\n<p><strong><a class=\"dt-pswp-item\" href=\"https:\/\/www.radiopiu.net\/wordpress\/wp-content\/uploads\/2020\/12\/DON-GIORGIO-LISE.jpg\" data-dt-img-description=\"\" data-large_image_width=\"1600\" data-large_image_height=\"901\"><img loading=\"lazy\" decoding=\"async\" class=\" wp-image-177420 alignleft\" src=\"https:\/\/www.radiopiu.net\/wordpress\/wp-content\/uploads\/2020\/12\/DON-GIORGIO-LISE-300x169.jpg\" alt=\"\" width=\"186\" height=\"105\" srcset=\"https:\/\/www.radiopiu.net\/wordpress\/wp-content\/uploads\/2020\/12\/DON-GIORGIO-LISE-300x169.jpg 300w, https:\/\/www.radiopiu.net\/wordpress\/wp-content\/uploads\/2020\/12\/DON-GIORGIO-LISE-1024x577.jpg 1024w, https:\/\/www.radiopiu.net\/wordpress\/wp-content\/uploads\/2020\/12\/DON-GIORGIO-LISE-768x432.jpg 768w, https:\/\/www.radiopiu.net\/wordpress\/wp-content\/uploads\/2020\/12\/DON-GIORGIO-LISE-1536x865.jpg 1536w, https:\/\/www.radiopiu.net\/wordpress\/wp-content\/uploads\/2020\/12\/DON-GIORGIO-LISE.jpg 1600w\" sizes=\"auto, (max-width: 186px) 100vw, 186px\" \/><\/a>APPUNTAMENTO DELLA DOMENICA CON IL PENSIERO DI MONSIGNOR GIORGIO LISE<\/strong><\/p>\n<audio class=\"wp-audio-shortcode\" id=\"audio-370781-8\" preload=\"none\" style=\"width: 100%;\" controls=\"controls\"><source type=\"audio\/mpeg\" src=\"https:\/\/www.radiopiu.net\/wordpress\/wp-content\/uploads\/2024\/01\/DON-GIORGIO-1.mp3?_=8\" \/><a href=\"https:\/\/www.radiopiu.net\/wordpress\/wp-content\/uploads\/2024\/01\/DON-GIORGIO-1.mp3\">https:\/\/www.radiopiu.net\/wordpress\/wp-content\/uploads\/2024\/01\/DON-GIORGIO-1.mp3<\/a><\/audio>\n<p>&nbsp;<\/p>\n<hr \/>\n<p>&nbsp;<\/p>\n<h2><span style=\"color: #3366ff;\">LA CASPARETHA 2024 POSTICIPATA A SABATO 17 FEBBRAIO A CANALE D&#8217;AGORDO<\/span><\/h2>\n<blockquote>\n<h4><span style=\"color: #ff0000;\">Visto che nemmeno questa notte \u00e8 arrivata la tanto attesa nevicata la Casparetha, in programma il 3 febbraio, viene rinviata a sabato 17 febbraio.\u00a0<\/span><\/h4>\n<\/blockquote>\n<p><strong> <a class=\"dt-pswp-item\" href=\"https:\/\/www.radiopiu.net\/wordpress\/wp-content\/uploads\/2024\/01\/402637883_775664241240390_6284276573063414816_n.jpg\" data-dt-img-description=\"\" data-large_image_width=\"777\" data-large_image_height=\"406\"><img loading=\"lazy\" decoding=\"async\" class=\" wp-image-370448 alignleft\" src=\"https:\/\/www.radiopiu.net\/wordpress\/wp-content\/uploads\/2024\/01\/402637883_775664241240390_6284276573063414816_n-300x157.jpg\" alt=\"\" width=\"170\" height=\"89\" srcset=\"https:\/\/www.radiopiu.net\/wordpress\/wp-content\/uploads\/2024\/01\/402637883_775664241240390_6284276573063414816_n-300x157.jpg 300w, https:\/\/www.radiopiu.net\/wordpress\/wp-content\/uploads\/2024\/01\/402637883_775664241240390_6284276573063414816_n-768x401.jpg 768w, https:\/\/www.radiopiu.net\/wordpress\/wp-content\/uploads\/2024\/01\/402637883_775664241240390_6284276573063414816_n.jpg 777w\" sizes=\"auto, (max-width: 170px) 100vw, 170px\" \/><\/a>DI MIRKO MEZZACASA<\/strong><\/p>\n<p>OSPITI: Emil Tancon e Mirco Tancon<\/p>\n<audio class=\"wp-audio-shortcode\" id=\"audio-370781-9\" preload=\"none\" style=\"width: 100%;\" controls=\"controls\"><source type=\"audio\/mpeg\" src=\"https:\/\/www.radiopiu.net\/wordpress\/wp-content\/uploads\/2024\/01\/mirco-emil-casparetha-1.mp3?_=9\" \/><a href=\"https:\/\/www.radiopiu.net\/wordpress\/wp-content\/uploads\/2024\/01\/mirco-emil-casparetha-1.mp3\">https:\/\/www.radiopiu.net\/wordpress\/wp-content\/uploads\/2024\/01\/mirco-emil-casparetha-1.mp3<\/a><\/audio>\n<p>&nbsp;<\/p>\n<p>&nbsp;<\/p>\n<p>&nbsp;<\/p>\n<hr \/>\n<p>&nbsp;<\/p>\n<p><strong>\u201cAppia Servizi Srl, presso la propria sede di Agordo, \u00e8 alla ricerca di una nuova figura con esperienza per il reparto contabile da inserire nel proprio organico a tempo indeterminato e tempo pieno.Se interessati potete contattare il numero 0437-954411 o inviare la vostra candidatura all\u2019indirizzo <a href=\"mailto:info@appiacna.it\">info@appiacna.it<\/a>.\u201d<\/strong><\/p>\n<p>&nbsp;<\/p>\n<blockquote><p><strong><a class=\"dt-pswp-item\" href=\"https:\/\/www.radiopiu.net\/wordpress\/wp-content\/uploads\/2024\/01\/322_1.jpg\" data-dt-img-description=\"\" data-large_image_width=\"800\" data-large_image_height=\"532\"><img loading=\"lazy\" decoding=\"async\" class=\"wp-image-368729 alignleft\" src=\"https:\/\/www.radiopiu.net\/wordpress\/wp-content\/uploads\/2024\/01\/322_1-300x200.jpg\" alt=\"\" width=\"228\" height=\"152\" srcset=\"https:\/\/www.radiopiu.net\/wordpress\/wp-content\/uploads\/2024\/01\/322_1-300x200.jpg 300w, https:\/\/www.radiopiu.net\/wordpress\/wp-content\/uploads\/2024\/01\/322_1-768x511.jpg 768w, https:\/\/www.radiopiu.net\/wordpress\/wp-content\/uploads\/2024\/01\/322_1.jpg 800w\" sizes=\"auto, (max-width: 228px) 100vw, 228px\" \/><\/a>SAN MARTINO IN BADIA <\/strong>La Residenza socio-assistenziale per anziani di San Martino in Val Badia cerca da subito collaboratori qualificati a tempo determinato e\/o indeterminato da inserire nell\u2019organico. I profili richiesti sono: Infermieri professionali e operatori socio-sanitari. Si offre flessibilit\u00e0 oraria su lavoro a turni, part-time 19, 24 o 29 ore settimanali o a tempo pieno 38 ore. Si offre vitto e alloggio in struttura, possibilit\u00e0 di formazione\/aggiornamento professionale, corsi di lingua e altri benefit. Viene offerto contratto di lavoro collettivo intercompartimentale per dipendenti pubblici ed eventuale retribuzione di indennit\u00e0 linguistica di trilinguismo. Per la candidatura \u00e9 necessario possedere la padronanza della lingua italiana o tedesca, la capacit\u00e0 di lavorare in team e competenze sociali oltre alla qualifica professionale richiesta. Per interesse prego contattare direttamente la struttura al numero: 0474\/524700 o scrivendo una mail a: info@ciasadepalsa.it.<\/p><\/blockquote>\n<p>&nbsp;<\/p>\n<hr \/>\n<p>&nbsp;<\/p>\n<blockquote>\n<h1><span style=\"color: #ff0000;\">LA SCORSA SETTIMANA:\u00a0 GLI ARTICOLI PIU&#8217; CLICCATI<\/span><\/h1>\n<\/blockquote>\n<blockquote>\n<h3>EDIFICIO PERICOLANTE E CAVO DI CORRENTE A PENZOLONI SOPRA LA LEGNAIA: DA ANNI &#8220;I VIGILI DEL FUOCO INTERVENUTI SI SONO LIMITATI A METTERE DEL NASTRO DI PLASTICA SPAZZATO DAL VENTO&#8221;<\/h3>\n<\/blockquote>\n<p>&nbsp;<\/p>\n<p><strong><img loading=\"lazy\" decoding=\"async\" class=\"alignleft\" src=\"https:\/\/www.radiopiu.net\/wordpress\/wp-content\/uploads\/2024\/01\/Senza-nome-62.png\" width=\"399\" height=\"163\" \/>GOSALDO<\/strong> Da tre anni Antonella Tazzer da via Pianelle a Tiser di Gosaldo sollecita l&#8217;amministrazione comunale ad interessarsi per\u00a0 risolvere il problema del muro pericolante a ridosso della strada provinciale a confine con il terreno privato. Nell&#8217;ennesima missiva inviata al Comune\u00a0 il 16 gennaio:\u00a0 <em>&#8220;Non sono servite le mie rimostranze con gli attuali proprietari &#8211; dice la Tazzer &#8211; nemmeno la disponibilit\u00e0 di partecipare alla spesa per un eventuale abbattimento verso l&#8217;interno almeno della parte superiore maggiormente compromessa. Le precedenti segnalazioni ai vigili del fuoco hanno prodotto paletti, strisce di nylon strappate dal vento. Non mi resta che incrociare le dita e aspettare la crescita delle piante, riparo per l&#8217;eventuale caduta di materiale. Infine dai giorni di Vaia non esiste pi\u00f9 il punto luce e il filo della corrente penzola sopra la mia terrazza e legnaia&#8221;<\/em><\/p>\n<p>Le precedenti lettere sono state inviate al Comune il 18 agosto 2021 e il 16 marzo del 2022.<\/p>\n<p>&nbsp;<\/p>\n<p><strong>DILLO A RADIOPIU\u00a0<\/strong> Allego le ultime lettere di sollecito,ne ho scritto numerose, dopo l&#8217; ultima il Sindaco mi ha girato tramite whatsapp due moduli per l&#8217;Enel, nel primo si chiedeva il distacco del cavo elettrico che porta energia ad altri edifici e nel secondo\u00a0 lo spostamento del cavo\u00a0 a mie spese per quale motivo? Vorrei inoltre fare notare che lo stabile in questione (rudere) apparteneva a una anziana signora degente presso una struttura ad Agordo per interessamento dell&#8217;amministrazione comunale<\/p>\n<p>Antonella Tazzer<\/p>\n\n\t\t\t<style type='text\/css'>\n\t\t\t\t#gallery-1 {\n\t\t\t\t\tmargin: auto;\n\t\t\t\t}\n\t\t\t\t#gallery-1 .gallery-item {\n\t\t\t\t\tfloat: left;\n\t\t\t\t\tmargin-top: 10px;\n\t\t\t\t\ttext-align: center;\n\t\t\t\t\twidth: 33%;\n\t\t\t\t}\n\t\t\t\t#gallery-1 img {\n\t\t\t\t\tborder: 2px solid #cfcfcf;\n\t\t\t\t}\n\t\t\t\t#gallery-1 .gallery-caption {\n\t\t\t\t\tmargin-left: 0;\n\t\t\t\t}\n\t\t\t\t\/* see gallery_shortcode() in wp-includes\/media.php *\/\n\t\t\t<\/style>\n\t\t<div id='gallery-1' class='dt-gallery-container gallery galleryid-370781 gallery-columns-3 gallery-size-thumbnail'><dl class='gallery-item'>\n\t\t\t\t<dt class='gallery-icon landscape'>\n\t\t\t\t\t<a class=\"rollover rollover-zoom dt-pswp-item\" title=\"21 agosto 2021\" data-dt-img-description=\"\" data-large_image_width=\"471\" data-large_image_height=\"287\"href='https:\/\/www.radiopiu.net\/wordpress\/wp-content\/uploads\/2024\/01\/21-agosto-2021.png'><img loading=\"lazy\" decoding=\"async\" width=\"150\" height=\"150\" src=\"https:\/\/www.radiopiu.net\/wordpress\/wp-content\/uploads\/2024\/01\/21-agosto-2021-150x150.png\" class=\"attachment-thumbnail size-thumbnail\" alt=\"\" aria-describedby=\"gallery-1-370518\" \/><\/a>\n\t\t\t\t<\/dt>\n\t\t\t\t\t<dd class='wp-caption-text gallery-caption' id='gallery-1-370518'>\n\t\t\t\t\t21 agosto 2021\n\t\t\t\t\t<\/dd><\/dl><dl class='gallery-item'>\n\t\t\t\t<dt class='gallery-icon landscape'>\n\t\t\t\t\t<a class=\"rollover rollover-zoom dt-pswp-item\" title=\"16 marzo 2022\" data-dt-img-description=\"\" data-large_image_width=\"566\" data-large_image_height=\"335\"href='https:\/\/www.radiopiu.net\/wordpress\/wp-content\/uploads\/2024\/01\/16-marzo-2022.png'><img loading=\"lazy\" decoding=\"async\" width=\"150\" height=\"150\" src=\"https:\/\/www.radiopiu.net\/wordpress\/wp-content\/uploads\/2024\/01\/16-marzo-2022-150x150.png\" class=\"attachment-thumbnail size-thumbnail\" alt=\"\" aria-describedby=\"gallery-1-370517\" \/><\/a>\n\t\t\t\t<\/dt>\n\t\t\t\t\t<dd class='wp-caption-text gallery-caption' id='gallery-1-370517'>\n\t\t\t\t\t16 marzo 2022\n\t\t\t\t\t<\/dd><\/dl><dl class='gallery-item'>\n\t\t\t\t<dt class='gallery-icon landscape'>\n\t\t\t\t\t<a class=\"rollover rollover-zoom dt-pswp-item\" title=\"16 settembre 2023\" data-dt-img-description=\"\" data-large_image_width=\"597\" data-large_image_height=\"364\"href='https:\/\/www.radiopiu.net\/wordpress\/wp-content\/uploads\/2024\/01\/16-settembre-2023.png'><img loading=\"lazy\" decoding=\"async\" width=\"150\" height=\"150\" src=\"https:\/\/www.radiopiu.net\/wordpress\/wp-content\/uploads\/2024\/01\/16-settembre-2023-150x150.png\" class=\"attachment-thumbnail size-thumbnail\" alt=\"\" aria-describedby=\"gallery-1-370519\" \/><\/a>\n\t\t\t\t<\/dt>\n\t\t\t\t\t<dd class='wp-caption-text gallery-caption' id='gallery-1-370519'>\n\t\t\t\t\t16 settembre 2023\n\t\t\t\t\t<\/dd><\/dl><br style=\"clear: both\" \/>\n\t\t\t<\/div>\n\n<p>&nbsp;<\/p>\n<p>&nbsp;<\/p>\n<h2><span style=\"color: #008000;\">CARNEVAI DE LE VAI 2024<\/span><\/h2>\n<p><strong>DI MIRKO MEZZACASA<\/strong><\/p>\n<p>CON VALENTINO ROSSINI, MATTEO DAGAI, GIACOMO JEKI BRESSAN, SIMONE ONGARO<\/p>\n<audio class=\"wp-audio-shortcode\" id=\"audio-370781-10\" preload=\"none\" style=\"width: 100%;\" controls=\"controls\"><source type=\"audio\/mpeg\" src=\"https:\/\/www.radiopiu.net\/wordpress\/wp-content\/uploads\/2024\/01\/carnevai-de-le-vai-2024.mp3?_=10\" \/><a href=\"https:\/\/www.radiopiu.net\/wordpress\/wp-content\/uploads\/2024\/01\/carnevai-de-le-vai-2024.mp3\">https:\/\/www.radiopiu.net\/wordpress\/wp-content\/uploads\/2024\/01\/carnevai-de-le-vai-2024.mp3<\/a><\/audio>\n<p>&nbsp;<\/p>\n\n\t\t\t<style type='text\/css'>\n\t\t\t\t#gallery-2 {\n\t\t\t\t\tmargin: auto;\n\t\t\t\t}\n\t\t\t\t#gallery-2 .gallery-item {\n\t\t\t\t\tfloat: left;\n\t\t\t\t\tmargin-top: 10px;\n\t\t\t\t\ttext-align: center;\n\t\t\t\t\twidth: 33%;\n\t\t\t\t}\n\t\t\t\t#gallery-2 img {\n\t\t\t\t\tborder: 2px solid #cfcfcf;\n\t\t\t\t}\n\t\t\t\t#gallery-2 .gallery-caption {\n\t\t\t\t\tmargin-left: 0;\n\t\t\t\t}\n\t\t\t\t\/* see gallery_shortcode() in wp-includes\/media.php *\/\n\t\t\t<\/style>\n\t\t<div id='gallery-2' class='dt-gallery-container gallery galleryid-370781 gallery-columns-3 gallery-size-medium'><dl class='gallery-item'>\n\t\t\t\t<dt class='gallery-icon landscape'>\n\t\t\t\t\t<a class=\"rollover rollover-zoom dt-pswp-item\" title=\"111\" data-dt-img-description=\"\" data-large_image_width=\"929\" data-large_image_height=\"521\"href='https:\/\/www.radiopiu.net\/wordpress\/wp-content\/uploads\/2024\/01\/111.png'><img loading=\"lazy\" decoding=\"async\" width=\"300\" height=\"168\" src=\"https:\/\/www.radiopiu.net\/wordpress\/wp-content\/uploads\/2024\/01\/111-300x168.png\" class=\"attachment-medium size-medium\" alt=\"\" srcset=\"https:\/\/www.radiopiu.net\/wordpress\/wp-content\/uploads\/2024\/01\/111-300x168.png 300w, https:\/\/www.radiopiu.net\/wordpress\/wp-content\/uploads\/2024\/01\/111-768x431.png 768w, https:\/\/www.radiopiu.net\/wordpress\/wp-content\/uploads\/2024\/01\/111.png 929w\" sizes=\"auto, (max-width: 300px) 100vw, 300px\" \/><\/a>\n\t\t\t\t<\/dt><\/dl><dl class='gallery-item'>\n\t\t\t\t<dt class='gallery-icon landscape'>\n\t\t\t\t\t<a class=\"rollover rollover-zoom dt-pswp-item\" title=\"222\" data-dt-img-description=\"\" data-large_image_width=\"902\" data-large_image_height=\"511\"href='https:\/\/www.radiopiu.net\/wordpress\/wp-content\/uploads\/2024\/01\/222.png'><img loading=\"lazy\" decoding=\"async\" width=\"300\" height=\"170\" src=\"https:\/\/www.radiopiu.net\/wordpress\/wp-content\/uploads\/2024\/01\/222-300x170.png\" class=\"attachment-medium size-medium\" alt=\"\" srcset=\"https:\/\/www.radiopiu.net\/wordpress\/wp-content\/uploads\/2024\/01\/222-300x170.png 300w, https:\/\/www.radiopiu.net\/wordpress\/wp-content\/uploads\/2024\/01\/222-768x435.png 768w, https:\/\/www.radiopiu.net\/wordpress\/wp-content\/uploads\/2024\/01\/222.png 902w\" sizes=\"auto, (max-width: 300px) 100vw, 300px\" \/><\/a>\n\t\t\t\t<\/dt><\/dl><dl class='gallery-item'>\n\t\t\t\t<dt class='gallery-icon landscape'>\n\t\t\t\t\t<a class=\"rollover rollover-zoom dt-pswp-item\" title=\"333\" data-dt-img-description=\"\" data-large_image_width=\"934\" data-large_image_height=\"526\"href='https:\/\/www.radiopiu.net\/wordpress\/wp-content\/uploads\/2024\/01\/333.png'><img loading=\"lazy\" decoding=\"async\" width=\"300\" height=\"169\" src=\"https:\/\/www.radiopiu.net\/wordpress\/wp-content\/uploads\/2024\/01\/333-300x169.png\" class=\"attachment-medium size-medium\" alt=\"\" srcset=\"https:\/\/www.radiopiu.net\/wordpress\/wp-content\/uploads\/2024\/01\/333-300x169.png 300w, https:\/\/www.radiopiu.net\/wordpress\/wp-content\/uploads\/2024\/01\/333-768x433.png 768w, https:\/\/www.radiopiu.net\/wordpress\/wp-content\/uploads\/2024\/01\/333.png 934w\" sizes=\"auto, (max-width: 300px) 100vw, 300px\" \/><\/a>\n\t\t\t\t<\/dt><\/dl><br style=\"clear: both\" \/>\n\t\t\t<\/div>\n\n<p>&nbsp;<\/p>\n\n\t\t\t<style type='text\/css'>\n\t\t\t\t#gallery-3 {\n\t\t\t\t\tmargin: auto;\n\t\t\t\t}\n\t\t\t\t#gallery-3 .gallery-item {\n\t\t\t\t\tfloat: left;\n\t\t\t\t\tmargin-top: 10px;\n\t\t\t\t\ttext-align: center;\n\t\t\t\t\twidth: 33%;\n\t\t\t\t}\n\t\t\t\t#gallery-3 img {\n\t\t\t\t\tborder: 2px solid #cfcfcf;\n\t\t\t\t}\n\t\t\t\t#gallery-3 .gallery-caption {\n\t\t\t\t\tmargin-left: 0;\n\t\t\t\t}\n\t\t\t\t\/* see gallery_shortcode() in wp-includes\/media.php *\/\n\t\t\t<\/style>\n\t\t<div id='gallery-3' class='dt-gallery-container gallery galleryid-370781 gallery-columns-3 gallery-size-thumbnail'><dl class='gallery-item'>\n\t\t\t\t<dt class='gallery-icon portrait'>\n\t\t\t\t\t<a class=\"rollover rollover-zoom dt-pswp-item\" title=\"CARNEVV\" data-dt-img-description=\"\" data-large_image_width=\"469\" data-large_image_height=\"650\"href='https:\/\/www.radiopiu.net\/wordpress\/wp-content\/uploads\/2024\/01\/CARNEVV.png'><img loading=\"lazy\" decoding=\"async\" width=\"150\" height=\"150\" src=\"https:\/\/www.radiopiu.net\/wordpress\/wp-content\/uploads\/2024\/01\/CARNEVV-150x150.png\" class=\"attachment-thumbnail size-thumbnail\" alt=\"\" \/><\/a>\n\t\t\t\t<\/dt><\/dl><dl class='gallery-item'>\n\t\t\t\t<dt class='gallery-icon landscape'>\n\t\t\t\t\t<a class=\"rollover rollover-zoom dt-pswp-item\" title=\"b6160c47-db54-4eae-b091-83004a20caa0\" data-dt-img-description=\"\" data-large_image_width=\"1080\" data-large_image_height=\"1080\"href='https:\/\/www.radiopiu.net\/wordpress\/wp-content\/uploads\/2024\/01\/b6160c47-db54-4eae-b091-83004a20caa0.jpg'><img loading=\"lazy\" decoding=\"async\" width=\"150\" height=\"150\" src=\"https:\/\/www.radiopiu.net\/wordpress\/wp-content\/uploads\/2024\/01\/b6160c47-db54-4eae-b091-83004a20caa0-150x150.jpg\" class=\"attachment-thumbnail size-thumbnail\" alt=\"\" srcset=\"https:\/\/www.radiopiu.net\/wordpress\/wp-content\/uploads\/2024\/01\/b6160c47-db54-4eae-b091-83004a20caa0-150x150.jpg 150w, https:\/\/www.radiopiu.net\/wordpress\/wp-content\/uploads\/2024\/01\/b6160c47-db54-4eae-b091-83004a20caa0-300x300.jpg 300w, https:\/\/www.radiopiu.net\/wordpress\/wp-content\/uploads\/2024\/01\/b6160c47-db54-4eae-b091-83004a20caa0-1024x1024.jpg 1024w, https:\/\/www.radiopiu.net\/wordpress\/wp-content\/uploads\/2024\/01\/b6160c47-db54-4eae-b091-83004a20caa0-768x768.jpg 768w, https:\/\/www.radiopiu.net\/wordpress\/wp-content\/uploads\/2024\/01\/b6160c47-db54-4eae-b091-83004a20caa0.jpg 1080w\" sizes=\"auto, (max-width: 150px) 100vw, 150px\" \/><\/a>\n\t\t\t\t<\/dt><\/dl><dl class='gallery-item'>\n\t\t\t\t<dt class='gallery-icon portrait'>\n\t\t\t\t\t<a class=\"rollover rollover-zoom dt-pswp-item\" title=\"13556dc7-4f78-4dc7-8528-85f4e4d0e7aa\" data-dt-img-description=\"\" data-large_image_width=\"723\" data-large_image_height=\"1024\"href='https:\/\/www.radiopiu.net\/wordpress\/wp-content\/uploads\/2024\/01\/13556dc7-4f78-4dc7-8528-85f4e4d0e7aa.jpg'><img loading=\"lazy\" decoding=\"async\" width=\"150\" height=\"150\" src=\"https:\/\/www.radiopiu.net\/wordpress\/wp-content\/uploads\/2024\/01\/13556dc7-4f78-4dc7-8528-85f4e4d0e7aa-150x150.jpg\" class=\"attachment-thumbnail size-thumbnail\" alt=\"\" \/><\/a>\n\t\t\t\t<\/dt><\/dl><br style=\"clear: both\" \/>\n\t\t\t<\/div>\n\n<p>&nbsp;<\/p>\n<p>https:\/\/www.facebook.com\/radiopiu\/videos\/883704140228667<\/p>\n<p>&nbsp;<\/p>\n<p>&nbsp;<\/p>\n<hr \/>\n<p>&nbsp;<\/p>\n<h2><span style=\"color: #ff0000;\">GLI APPUNTAMENTI DELLA SETTIMANA\u00a0 <\/span><\/h2>\n<p><span style=\"color: #ff0000;\">\u00a0GIOVEDI 25 GENNAIO<\/span><\/p>\n<blockquote>\n<h3><a class=\"dt-pswp-item\" href=\"https:\/\/www.radiopiu.net\/wordpress\/wp-content\/uploads\/2018\/06\/logo_anpi_big.1462bcc83ce3.png\" data-dt-img-description=\"\" data-large_image_width=\"1328\" data-large_image_height=\"614\"><img loading=\"lazy\" decoding=\"async\" class=\" wp-image-50178 alignleft\" src=\"https:\/\/www.radiopiu.net\/wordpress\/wp-content\/uploads\/2018\/06\/logo_anpi_big.1462bcc83ce3-300x139.png\" alt=\"\" width=\"114\" height=\"53\" srcset=\"https:\/\/www.radiopiu.net\/wordpress\/wp-content\/uploads\/2018\/06\/logo_anpi_big.1462bcc83ce3-300x139.png 300w, https:\/\/www.radiopiu.net\/wordpress\/wp-content\/uploads\/2018\/06\/logo_anpi_big.1462bcc83ce3-768x355.png 768w, https:\/\/www.radiopiu.net\/wordpress\/wp-content\/uploads\/2018\/06\/logo_anpi_big.1462bcc83ce3-1024x473.png 1024w, https:\/\/www.radiopiu.net\/wordpress\/wp-content\/uploads\/2018\/06\/logo_anpi_big.1462bcc83ce3.png 1328w\" sizes=\"auto, (max-width: 114px) 100vw, 114px\" \/><\/a>GIORNATA DELLA MEMORIA CON L&#8217;ANPI<\/h3>\n<\/blockquote>\n<p><strong>BORGO VALBELLUNA<\/strong><\/p>\n<p><strong>DI ROBERTO BONA\u00a0<\/strong><\/p>\n<audio class=\"wp-audio-shortcode\" id=\"audio-370781-11\" preload=\"none\" style=\"width: 100%;\" controls=\"controls\"><source type=\"audio\/wav\" src=\"https:\/\/www.radiopiu.net\/wordpress\/wp-content\/uploads\/2024\/01\/GiornataMemoriaDibattito.wav?_=11\" \/><a href=\"https:\/\/www.radiopiu.net\/wordpress\/wp-content\/uploads\/2024\/01\/GiornataMemoriaDibattito.wav\">https:\/\/www.radiopiu.net\/wordpress\/wp-content\/uploads\/2024\/01\/GiornataMemoriaDibattito.wav<\/a><\/audio>\n<p>&nbsp;<\/p>\n<p>&nbsp;<\/p>\n<p><b>TRICHIANA <\/b>La biblioteca di Trichiana organizza una rassegna di incontri incentrati su temi sociali e culturali. Si affronteranno migranti, femminicidi e il ruolo delle donne.\u00a0 Il 26 gennaio, sar\u00e0 presentato &#8220;Dear Gigi&#8221; di Filippo Cerantola, ricostruendo l&#8217;opera di Luigi Meneghello attraverso lettere conservate a Vicenza. Un&#8217;iniziativa che promuove riflessioni e incontri culturali.<\/p>\n<p>&nbsp;<\/p>\n<p><strong><a class=\"dt-pswp-item\" href=\"https:\/\/www.radiopiu.net\/wordpress\/wp-content\/uploads\/2024\/01\/WhatsApp-Image-2024-01-19-at-17.03.37.jpeg\" data-dt-img-description=\"\" data-large_image_width=\"1400\" data-large_image_height=\"933\"><img loading=\"lazy\" decoding=\"async\" class=\" wp-image-370684 alignleft\" src=\"https:\/\/www.radiopiu.net\/wordpress\/wp-content\/uploads\/2024\/01\/WhatsApp-Image-2024-01-19-at-17.03.37-300x200.jpeg\" alt=\"\" width=\"168\" height=\"112\" srcset=\"https:\/\/www.radiopiu.net\/wordpress\/wp-content\/uploads\/2024\/01\/WhatsApp-Image-2024-01-19-at-17.03.37-300x200.jpeg 300w, https:\/\/www.radiopiu.net\/wordpress\/wp-content\/uploads\/2024\/01\/WhatsApp-Image-2024-01-19-at-17.03.37-1024x682.jpeg 1024w, https:\/\/www.radiopiu.net\/wordpress\/wp-content\/uploads\/2024\/01\/WhatsApp-Image-2024-01-19-at-17.03.37-768x512.jpeg 768w, https:\/\/www.radiopiu.net\/wordpress\/wp-content\/uploads\/2024\/01\/WhatsApp-Image-2024-01-19-at-17.03.37.jpeg 1400w\" sizes=\"auto, (max-width: 168px) 100vw, 168px\" \/><\/a>SOS<\/strong><strong>PIROLO<\/strong> La compagnia teatrale NOI CHE presenta la commedia &#8220;NOI CHE&#8221; al Centro civico di Sospirolo venerd\u00ec 26 gennaio 2024 alle ore 20:30. La rappresentazione offre una rivisitazione semiseria degli anni Sessanta e Settanta, con dialoghi in italiano e dialetto, accompagnati da canzoni popolari dell&#8217;epoca. La compagnia, composta da un gruppo di amici appassionati di teatro, ha ricevuto apprezzamenti positivi per la sua performance, che include elementi di comicit\u00e0 e musica. L&#8217;evento \u00e8 ad ingresso libero e gode del patrocinio del Comune di Sospirolo.<\/p>\n<h1>DI ROBERTO BONA<\/h1>\n<audio class=\"wp-audio-shortcode\" id=\"audio-370781-12\" preload=\"none\" style=\"width: 100%;\" controls=\"controls\"><source type=\"audio\/wav\" src=\"https:\/\/www.radiopiu.net\/wordpress\/wp-content\/uploads\/2024\/01\/NoiChe.wav?_=12\" \/><a href=\"https:\/\/www.radiopiu.net\/wordpress\/wp-content\/uploads\/2024\/01\/NoiChe.wav\">https:\/\/www.radiopiu.net\/wordpress\/wp-content\/uploads\/2024\/01\/NoiChe.wav<\/a><\/audio>\n<p>&nbsp;<\/p>\n<p><strong>BELLUNO<\/strong> il comune di Belluno &#8211; Assessorato al Sociale, Rapporti con le Associazioni e Politiche per la Famiglia, organizza per sabato 27 gennaio 2024 un convegno dal titolo &#8220;LA FAMIGLIA AL CENTRO DI SOLIDARIETA&#8217; E MEMORIA&#8221;, che si terr\u00e0 presso il Teatro &#8220;Dino Buzzati&#8221; di Belluno<\/p>\n<p><strong>LIMANA<\/strong> Sabato 27 gennaio in sala Nocivelli,\u00a0Adolf Hitler, stratega del male Due storie a confronto. Progetto e letture a cura degli alunni e insegnanti della scuola secondaria, interventi musicali degli alunni dell&#8217;indirizzo musicale della scuola. Ingresso libero.<\/p>\n<p><strong>FELTRE<\/strong> La Famiglia Ex Emigranti del Feltrino organizza la gita alla fiera &#8220;Orto Giardino&#8221; a Pordenonefiere il 6 marzo. La partenza \u00e8 alle 13 da Pedavena, con passaggio a Feltre. Il programma include l&#8217;ingresso alla fiera e una tappa in pizzeria durante il rientro. Per informazioni 40 262 9562.<\/p>\n<p>&nbsp;<\/p>\n<hr \/>\n<p>&nbsp;<\/p>\n<p>&nbsp;<\/p>\n<blockquote>\n<h2>ALLEGHE SUGLI SCI, COMPRENSORI INNEVATI ED EVENTI INVIDIATI. SERGIO PRA &#8220;PROFESSIONALITA&#8217; IMPORTANTI&#8221;<\/h2>\n<\/blockquote>\n<p><img loading=\"lazy\" decoding=\"async\" class=\"alignleft\" src=\"https:\/\/www.radiopiu.net\/wordpress\/wp-content\/uploads\/2022\/01\/Sergio-Pra.jpg\" width=\"83\" height=\"118\" \/><\/p>\n<p><strong>ALLEGHE<\/strong> Neve poca, ma piste perfette. Eventi importanti con il rush finale a primavera con Baite Aperte, Splash Party ed eventi agonistici di rilievo. Una stagione importante, iniziata in &#8220;sofferenza&#8221;, ma iniziata e proseguita con il vento in poppa tra l&#8217;entusiasmo di valligiani e villeggianti. Ne abbiamo parlato con il Presidente Sergio Pra.<\/p>\n<p><strong>di mirko mezzacasa<\/strong><\/p>\n<audio class=\"wp-audio-shortcode\" id=\"audio-370781-13\" preload=\"none\" style=\"width: 100%;\" controls=\"controls\"><source type=\"audio\/mpeg\" src=\"https:\/\/www.radiopiu.net\/wordpress\/wp-content\/uploads\/2024\/01\/SERGIO-PRA-ALLEGHE-CIVETTA-2024.mp3?_=13\" \/><a href=\"https:\/\/www.radiopiu.net\/wordpress\/wp-content\/uploads\/2024\/01\/SERGIO-PRA-ALLEGHE-CIVETTA-2024.mp3\">https:\/\/www.radiopiu.net\/wordpress\/wp-content\/uploads\/2024\/01\/SERGIO-PRA-ALLEGHE-CIVETTA-2024.mp3<\/a><\/audio>\n<p>&nbsp;<\/p>\n<p>&nbsp;<\/p>\n<p>&nbsp;<\/p>\n<hr \/>\n<p>&nbsp;<\/p>\n<h2><span style=\"color: #99cc00;\">L&#8217;OPINIONE&#8230;DI FRANCO PIACENTINI<\/span><\/h2>\n<p>Dopo il no (per un voto) del Consiglio Regionale Veneto all&#8217;approvazione della proposta di legge di iniziativa popolare, per formalizzare, con procedure meno burocratiche, il diritto individuale al &#8220;fine vita&#8221;, si \u00e8 strumentalmente avviata, tra e dentro le forze politiche venete e nazionali, una sterile, incandescente, polemica, con forti accuse, sulla base delle individuali opinioni, rivolte ai favorevoli e\/o ai contrari alla legge. Questo sciacallaggio politico &#8211; partitico \u00e8 un&#8217;altra, ulteriore, &#8220;pugnalata&#8221; a quelle persone, che soffrendo\u00a0ininterrottamente\u00a0da anni,\u00a0fisicamente e psicologicamente , su una sedia a rotelle o in un letto sanitario, chiedono, rivendicano, il libero diritto a staccare la loro luce terrena per accedere al riposo eterno. Sono convinto che le persone di buon senso, soprattutto quelle che hanno responsabilit\u00e0 istituzionali, amando e sostenendo il diritto alla vita, ovviamente se dignitosa, non congelano i loro cuori, quando alle loro porte bussano persone con patologie gravissime che chiedono il diritto a terminare le loro sofferenze e quelle dei loro familiari. Pertanto, \u00e8 pi\u00f9 che opportuno e urgente che venga chiuso definitivamente lo sciacallaggio politico &#8211; partitico sul fine vita, sgomberando il campo del confronto sociale da eventuali strumentalizzazioni sui versanti della religione e\/o della coscienza, concentrando attenzione e impegno unicamente a quelle persone che chiedono, rivendicano, il diritto individuale di non pi\u00f9 soffrire.<\/p>\n<p>Franco Piacentini<\/p>\n<p>&nbsp;<\/p>\n<p>&nbsp;<\/p>\n<hr \/>\n<p>&nbsp;<\/p>\n<p>&nbsp;<\/p>\n<p><a class=\"dt-pswp-item\" href=\"https:\/\/www.radiopiu.net\/wordpress\/wp-content\/uploads\/2018\/09\/viabilita.jpeg\" data-dt-img-description=\"\" data-large_image_width=\"800\" data-large_image_height=\"100\"><img loading=\"lazy\" decoding=\"async\" class=\"aligncenter wp-image-61954 size-full\" src=\"https:\/\/www.radiopiu.net\/wordpress\/wp-content\/uploads\/2018\/09\/viabilita.jpeg\" alt=\"\" width=\"800\" height=\"100\" srcset=\"https:\/\/www.radiopiu.net\/wordpress\/wp-content\/uploads\/2018\/09\/viabilita.jpeg 800w, https:\/\/www.radiopiu.net\/wordpress\/wp-content\/uploads\/2018\/09\/viabilita-300x38.jpeg 300w, https:\/\/www.radiopiu.net\/wordpress\/wp-content\/uploads\/2018\/09\/viabilita-768x96.jpeg 768w\" sizes=\"auto, (max-width: 800px) 100vw, 800px\" \/><\/a><\/p>\n<p>&nbsp;<\/p>\n<p><a class=\"dt-pswp-item\" href=\"https:\/\/www.radiopiu.net\/wordpress\/wp-content\/uploads\/2023\/12\/botol-car-service.jpg\" data-dt-img-description=\"\" data-large_image_width=\"600\" data-large_image_height=\"600\"><img loading=\"lazy\" decoding=\"async\" class=\"size-medium wp-image-367044 aligncenter\" src=\"https:\/\/www.radiopiu.net\/wordpress\/wp-content\/uploads\/2023\/12\/botol-car-service-300x300.jpg\" alt=\"\" width=\"300\" height=\"300\" srcset=\"https:\/\/www.radiopiu.net\/wordpress\/wp-content\/uploads\/2023\/12\/botol-car-service-300x300.jpg 300w, https:\/\/www.radiopiu.net\/wordpress\/wp-content\/uploads\/2023\/12\/botol-car-service-150x150.jpg 150w, https:\/\/www.radiopiu.net\/wordpress\/wp-content\/uploads\/2023\/12\/botol-car-service.jpg 600w\" sizes=\"auto, (max-width: 300px) 100vw, 300px\" \/><\/a><\/p>\n<p>&nbsp;<\/p>\n<blockquote>\n<h1><span style=\"color: #ff0000;\"><a class=\"dt-pswp-item\" href=\"https:\/\/www.radiopiu.net\/wordpress\/wp-content\/uploads\/2020\/05\/VENETO-STRADE.png\" data-dt-img-description=\"\" data-large_image_width=\"400\" data-large_image_height=\"400\"><img loading=\"lazy\" decoding=\"async\" class=\"wp-image-135574 alignleft\" src=\"https:\/\/www.radiopiu.net\/wordpress\/wp-content\/uploads\/2020\/05\/VENETO-STRADE-300x300.png\" alt=\"\" width=\"102\" height=\"102\" srcset=\"https:\/\/www.radiopiu.net\/wordpress\/wp-content\/uploads\/2020\/05\/VENETO-STRADE-300x300.png 300w, https:\/\/www.radiopiu.net\/wordpress\/wp-content\/uploads\/2020\/05\/VENETO-STRADE-150x150.png 150w, https:\/\/www.radiopiu.net\/wordpress\/wp-content\/uploads\/2020\/05\/VENETO-STRADE.png 400w\" sizes=\"auto, (max-width: 102px) 100vw, 102px\" \/><\/a>AGGIORNAMENTO QUOTIDIANO, IN\u00a0 COLLABORAZIONE CON VENETO STRADE E BOTOL CAR SERVICE AD AGORDO IN LOCALITA&#8217; VALCOZZENA.<\/span><\/h1>\n<p>&nbsp;<\/p><\/blockquote>\n<blockquote><p>Si raccomanda di percorrere i passi al di sopra dei 1200 m slm con catene montate; le catene devono essere montate fuori dalla sede stradale, per non intralciare il traffico e le operazioni di sgombero neve dal piano viabile. Si raccomanda di prestare la massima attenzione nella guida per la possibile presenza di tratti resi scivolosi causati da neve fortemente bagnata<\/p>\n<p>\u00c8 chiuso per periodo invernale il seguente tratto stradale: &#8211; S.P. 33 \u201cdi Sauris\u201d dal km 0+000 (innesto S.P. 619) al km 6+800 (confine Provincia di Udine).<\/p><\/blockquote>\n<p><strong>SOSPIROLO\u00a0<\/strong> Lungo la provinciale 2 tra Pian Falcina e Gena Bassa in Comune di Sospirolo\u00a0 <span style=\"color: #ff0000;\">fino al 15 febbraio,<\/span> sabato e domeniche compresi, senso unico alternato regolato da semaforo o movieri, interruzioni alla viabilit\u00e0 fino a 10 minuti per tratti di 200 metri.<\/p>\n<p>&nbsp;<\/p>\n<p><span style=\"color: #0000ff;\"><strong>BOLLETTINO VIABILITA&#8217; AGGIORNATO AL 19 GENNAIO 2024<\/strong><\/span><\/p>\n<audio class=\"wp-audio-shortcode\" id=\"audio-370781-14\" preload=\"none\" style=\"width: 100%;\" controls=\"controls\"><source type=\"audio\/mpeg\" src=\"https:\/\/www.radiopiu.net\/wordpress\/wp-content\/uploads\/2024\/01\/VIABLITA.mp3?_=14\" \/><a href=\"https:\/\/www.radiopiu.net\/wordpress\/wp-content\/uploads\/2024\/01\/VIABLITA.mp3\">https:\/\/www.radiopiu.net\/wordpress\/wp-content\/uploads\/2024\/01\/VIABLITA.mp3<\/a><\/audio>\n<p>&nbsp;<\/p>\n<p>&nbsp;<\/p>\n<hr \/>\n<p>&nbsp;<\/p>\n<p><a class=\"dt-pswp-item\" href=\"https:\/\/www.radiopiu.net\/wordpress\/wp-content\/uploads\/2018\/09\/WhatsApp-Image-2018-09-20-at-16.04.06.jpeg\" data-dt-img-description=\"\" data-large_image_width=\"800\" data-large_image_height=\"100\"><img loading=\"lazy\" decoding=\"async\" class=\"wp-image-61378 size-full aligncenter\" src=\"https:\/\/www.radiopiu.net\/wordpress\/wp-content\/uploads\/2018\/09\/WhatsApp-Image-2018-09-20-at-16.04.06.jpeg\" alt=\"\" width=\"800\" height=\"100\" srcset=\"https:\/\/www.radiopiu.net\/wordpress\/wp-content\/uploads\/2018\/09\/WhatsApp-Image-2018-09-20-at-16.04.06.jpeg 800w, https:\/\/www.radiopiu.net\/wordpress\/wp-content\/uploads\/2018\/09\/WhatsApp-Image-2018-09-20-at-16.04.06-300x38.jpeg 300w, https:\/\/www.radiopiu.net\/wordpress\/wp-content\/uploads\/2018\/09\/WhatsApp-Image-2018-09-20-at-16.04.06-768x96.jpeg 768w\" sizes=\"auto, (max-width: 800px) 100vw, 800px\" \/><\/a><\/p>\n<p><center><\/center><b>\u00a0 \u00a0<\/b><\/p>\n<p><center><b>OGGI<\/b><\/center>Fino al mattino cielo poco nuvoloso per velature, dal mezzogiorno nubi alte via via pi\u00f9 estese fino a nuvoloso nel tardo pomeriggio ed in serata quando non \u00e8 del tutto escluso qualche debolissimo fenomeno sparso.<br \/>\n<b>Precipitazioni: <\/b>In serata non del tutto escluso qualche fiocco su Dolomiti<br \/>\n<b>Temperature: <\/b>Temperature in ulteriore aumento in quota con forte inversione termica nelle valli dove risulteranno stazionarie o in lieve aumento.<\/p>\n<hr \/>\n<p><center><b>DOMANI<\/b><\/center>Nella notte residua nuvolosit\u00e0 irregolare, in giornata cielo in prevalenza poco nuvoloso per il passaggio di velature pi\u00f9 presenti nel pomeriggio ed in serata e qualche annuvolamento su Dolomiti nord. In serata possibile aumento delle nubi specie su Dolomiti.<br \/>\n<b>Precipitazioni: <\/b>Nella notte non del tutto escluso qualche fiocco su Dolomiti in giornata assenti<br \/>\n<b>Temperature: <\/b>Temperature in generale calo specie oltre i 2000 m e su Dolomiti.<\/p>\n<hr \/>\n<p><center><b>Mercoledi 24<\/b><\/center>Cielo da poco a parzialmente nuvoloso per estese nubi alte assieme a qualche addensamento su Dolomiti nord specie durante la notte e fino al primo mattino. Temperature in generale aumento specie in quota ed inversione termica marcata nelle valli nella notte ed al mattino.<\/p>\n<hr \/>\n<p><center><b>Giovedi 25<\/b><\/center>Tempo stabile con cielo sereno o poco nuvoloso per la possibile presenza di nubi alte. Temperature in calo in alta quota e in generale aumento al di sotto dei 2000 metri, localmente marcato.<\/p>\n<p>&nbsp;<\/p>\n<p><center><\/center><center><\/center><a class=\"dt-pswp-item\" href=\"https:\/\/www.radiopiu.net\/wordpress\/wp-content\/uploads\/2024\/01\/Senza-nome-48.png\" data-dt-img-description=\"\" data-large_image_width=\"460\" data-large_image_height=\"633\"><img loading=\"lazy\" decoding=\"async\" class=\"aligncenter wp-image-369946 size-full\" src=\"https:\/\/www.radiopiu.net\/wordpress\/wp-content\/uploads\/2024\/01\/Senza-nome-48.png\" alt=\"\" width=\"460\" height=\"633\" srcset=\"https:\/\/www.radiopiu.net\/wordpress\/wp-content\/uploads\/2024\/01\/Senza-nome-48.png 460w, https:\/\/www.radiopiu.net\/wordpress\/wp-content\/uploads\/2024\/01\/Senza-nome-48-218x300.png 218w\" sizes=\"auto, (max-width: 460px) 100vw, 460px\" \/><\/a><\/p>\n<p>&nbsp;<\/p>\n<hr \/>\n<p>&nbsp;<\/p>\n<p><img loading=\"lazy\" decoding=\"async\" class=\"wp-image-60761 size-full aligncenter\" src=\"https:\/\/www.radiopiu.net\/wordpress\/wp-content\/uploads\/2018\/09\/sport.jpg\" alt=\"\" width=\"800\" height=\"100\" srcset=\"https:\/\/www.radiopiu.net\/wordpress\/wp-content\/uploads\/2018\/09\/sport.jpg 800w, https:\/\/www.radiopiu.net\/wordpress\/wp-content\/uploads\/2018\/09\/sport-300x38.jpg 300w, https:\/\/www.radiopiu.net\/wordpress\/wp-content\/uploads\/2018\/09\/sport-768x96.jpg 768w\" sizes=\"auto, (max-width: 800px) 100vw, 800px\" \/><\/p>\n<p>&nbsp;<\/p>\n<p><span style=\"color: #0000ff;\"><strong>SCI NORDICO<\/strong><\/span><\/p>\n<blockquote>\n<h3>VANESSA CAGNATI SI PREPARA PER I GIOCHI OLIMPICI GIOVANILI IN COREA. MERCOLEDI&#8217; L&#8217;AEREO CHE LA PORTA A GANGWON<\/h3>\n<\/blockquote>\n<p><strong><a class=\"dt-pswp-item\" href=\"https:\/\/www.radiopiu.net\/wordpress\/wp-content\/uploads\/2024\/01\/vanessa-cagnati-sappada-17-dic-2023-Copia.jpg\" data-dt-img-description=\"\" data-large_image_width=\"1200\" data-large_image_height=\"800\"><img loading=\"lazy\" decoding=\"async\" class=\" wp-image-369109 alignleft\" src=\"https:\/\/www.radiopiu.net\/wordpress\/wp-content\/uploads\/2024\/01\/vanessa-cagnati-sappada-17-dic-2023-Copia-300x200.jpg\" alt=\"\" width=\"194\" height=\"129\" srcset=\"https:\/\/www.radiopiu.net\/wordpress\/wp-content\/uploads\/2024\/01\/vanessa-cagnati-sappada-17-dic-2023-Copia-300x200.jpg 300w, https:\/\/www.radiopiu.net\/wordpress\/wp-content\/uploads\/2024\/01\/vanessa-cagnati-sappada-17-dic-2023-Copia-1024x683.jpg 1024w, https:\/\/www.radiopiu.net\/wordpress\/wp-content\/uploads\/2024\/01\/vanessa-cagnati-sappada-17-dic-2023-Copia-768x512.jpg 768w, https:\/\/www.radiopiu.net\/wordpress\/wp-content\/uploads\/2024\/01\/vanessa-cagnati-sappada-17-dic-2023-Copia.jpg 1200w\" sizes=\"auto, (max-width: 194px) 100vw, 194px\" \/><\/a>DI MARCO GAZ<\/strong><\/p>\n<p><strong>REDAZIONE<\/strong> Mancano poche ore e Vanessa Cagnati salir\u00e0 sull&#8217;aereo che la porter\u00e0 in Corea per i Giochi Olimpici Giovanili. La fondista di Falcade in forza allo Sci Club Val Biois si sta preparando per questo evento importante che la porter\u00e0 a Gangwon dove da alcune ore gli atleti si stanno cimentando nelle prime specialit\u00e0. Vanessa partir\u00e0 verso la Corea mercoled\u00ec. Sono tre le gare in cui la ragazza \u00e8 impegnata: Luned\u00ec 29 gennaio la Sprint a tecnica libera, marted\u00ec 30 gennaio nella 7,5 km a tecnica classica e gioved\u00ec 1 febbraio nella staffetta mista 4&#215;5 km. Le gare si svolgeranno quando in Italia \u00e8 notte fonda, tra le 2 e le 5 del mattino. Sul sito ufficiale dei giochi olimpici (<a href=\"https:\/\/olympics.com\/\">https:\/\/olympics.com\/<\/a>) \u00e8 possibile seguire i vari eventi in live streaming.<\/p>\n<p>&nbsp;<\/p>\n<blockquote>\n<h3>OTTIMI RISULTATI PER I FRATELLI BUSIN IN AUSTRIA. EMANUELE QUARTO NELLA 20 KM E LORENZO SECONDO NELLA GARA LUNGA<\/h3>\n<\/blockquote>\n<p><strong><a class=\"dt-pswp-item\" href=\"https:\/\/www.radiopiu.net\/wordpress\/wp-content\/uploads\/2024\/01\/7ec1eb70-9145-48bf-a996-20e5484b2211.jpg\" data-dt-img-description=\"\" data-large_image_width=\"1600\" data-large_image_height=\"1204\"><img loading=\"lazy\" decoding=\"async\" class=\" wp-image-370889 alignleft\" src=\"https:\/\/www.radiopiu.net\/wordpress\/wp-content\/uploads\/2024\/01\/7ec1eb70-9145-48bf-a996-20e5484b2211-300x226.jpg\" alt=\"\" width=\"174\" height=\"131\" srcset=\"https:\/\/www.radiopiu.net\/wordpress\/wp-content\/uploads\/2024\/01\/7ec1eb70-9145-48bf-a996-20e5484b2211-300x226.jpg 300w, https:\/\/www.radiopiu.net\/wordpress\/wp-content\/uploads\/2024\/01\/7ec1eb70-9145-48bf-a996-20e5484b2211-1024x771.jpg 1024w, https:\/\/www.radiopiu.net\/wordpress\/wp-content\/uploads\/2024\/01\/7ec1eb70-9145-48bf-a996-20e5484b2211-768x578.jpg 768w, https:\/\/www.radiopiu.net\/wordpress\/wp-content\/uploads\/2024\/01\/7ec1eb70-9145-48bf-a996-20e5484b2211-1536x1156.jpg 1536w, https:\/\/www.radiopiu.net\/wordpress\/wp-content\/uploads\/2024\/01\/7ec1eb70-9145-48bf-a996-20e5484b2211.jpg 1600w\" sizes=\"auto, (max-width: 174px) 100vw, 174px\" \/><\/a>REDAZIONE <\/strong>Obertilliach, in Austria, ha ospitato un&#8217;entusiasmante competizione di sci di fondo con partecipanti provenienti da tutto il mondo, facente parte della prestigiosa serie di gare internazionali Worldloppet. La manifestazione ha offerto due percorsi distinti, uno da 20 km e l&#8217;altro pi\u00f9 impegnativo da 42 km. Nella competizione da 20km, Emanuele Busin ha dimostrato la sua abilit\u00e0, raggiungendo un eccellente 4\u00b0 posto. Al via nella gara pi\u00f9 impegnativa, la 42km, anche Lorenzo Busin, che interpretato con maestria il percorso impegnativo. Nonostante una prestazione eccezionale, un episodio sfortunato ha influito sul risultato finale. Nel tratto conclusivo della gara, Lorenzo Busin \u00e8 stato coinvolto in una caduta mentre cercava di evitare un doppiato, privandolo della vittoria. Nonostante l&#8217;incidente, Lorenzo ha conquistato un ottimo secondo posto.<\/p>\n<p>&nbsp;<\/p>\n<p><span style=\"color: #0000ff;\"><strong>SNOWBOARD<\/strong><\/span><\/p>\n<blockquote>\n<h3>IN BULGARIA LUCIA DALMASSO SFIORA DUE VOLTE LA SEMIFINALE<\/h3>\n<\/blockquote>\n<p><strong><a class=\"dt-pswp-item\" href=\"https:\/\/www.radiopiu.net\/wordpress\/wp-content\/uploads\/2023\/02\/Dalmasso-Bakuriani-19-2-2023-1068x584-1.jpg\" data-dt-img-description=\"\" data-large_image_width=\"1068\" data-large_image_height=\"584\"><img loading=\"lazy\" decoding=\"async\" class=\" wp-image-323003 alignleft\" src=\"https:\/\/www.radiopiu.net\/wordpress\/wp-content\/uploads\/2023\/02\/Dalmasso-Bakuriani-19-2-2023-1068x584-1-300x164.jpg\" alt=\"\" width=\"181\" height=\"99\" srcset=\"https:\/\/www.radiopiu.net\/wordpress\/wp-content\/uploads\/2023\/02\/Dalmasso-Bakuriani-19-2-2023-1068x584-1-300x164.jpg 300w, https:\/\/www.radiopiu.net\/wordpress\/wp-content\/uploads\/2023\/02\/Dalmasso-Bakuriani-19-2-2023-1068x584-1-1024x560.jpg 1024w, https:\/\/www.radiopiu.net\/wordpress\/wp-content\/uploads\/2023\/02\/Dalmasso-Bakuriani-19-2-2023-1068x584-1-768x420.jpg 768w, https:\/\/www.radiopiu.net\/wordpress\/wp-content\/uploads\/2023\/02\/Dalmasso-Bakuriani-19-2-2023-1068x584-1.jpg 1068w\" sizes=\"auto, (max-width: 181px) 100vw, 181px\" \/><\/a>REDAZIONE<\/strong> Lucia Dalmasso chiude la tappa in Bulgara con due semifinali sfiorate. Sabato a Pamporovo in Bulgaria, sotto una fitta nevicata, Lucia Dalmasso non \u00e8 riuscita ad entrare tra le migliori quattro della giornata. Dopo la qualificazione perfetta della falcadina chiusa al secondo posto, nelle batterie valide per l&#8217;assegnazione della vittoria Lucia si \u00e8 dovuta arrendere ai quarti di finale dove la ceca Zuzana Maderova ha tagliato il traguardo per prima. Ieri, sempre nella stessa localit\u00e0 bulgara, si \u00e8 dovuta arrendere a Ester Ledecka. Un quarto di finale combattuto con le due atlete testa a testa fino alla fine con la ceca che ha strappato il pass per le semifinali per soli 11 centesimi. Si chiude la due giorni in Bulgaria per Lucia Dalmasso con due belle prove. Due quinti posti che consegnano punti importanti in Coppa Del Mondo alla snowboarder di Falcade. Ora trasferta in Slovenia per il parallelo di Rogla in programma gioved\u00ec.<\/p>\n<p>&nbsp;<\/p>\n<p>&nbsp;<\/p>\n<p><span style=\"color: #0000ff;\"><strong>CALCIO<\/strong><\/span><\/p>\n<blockquote>\n<h3>L&#8217;AGORDINA JUNIORES INIZIA BENE IL GIRONE DI RITORNO<\/h3>\n<\/blockquote>\n<p><span style=\"color: #ff0000;\"><strong><a class=\"dt-pswp-item\" href=\"https:\/\/www.radiopiu.net\/wordpress\/wp-content\/uploads\/2023\/11\/calcio.jpg\" data-dt-img-description=\"\" data-large_image_width=\"1280\" data-large_image_height=\"853\"><img loading=\"lazy\" decoding=\"async\" class=\" wp-image-360218 alignleft\" src=\"https:\/\/www.radiopiu.net\/wordpress\/wp-content\/uploads\/2023\/11\/calcio-300x200.jpg\" alt=\"\" width=\"170\" height=\"113\" srcset=\"https:\/\/www.radiopiu.net\/wordpress\/wp-content\/uploads\/2023\/11\/calcio-300x200.jpg 300w, https:\/\/www.radiopiu.net\/wordpress\/wp-content\/uploads\/2023\/11\/calcio-1024x682.jpg 1024w, https:\/\/www.radiopiu.net\/wordpress\/wp-content\/uploads\/2023\/11\/calcio-768x512.jpg 768w, https:\/\/www.radiopiu.net\/wordpress\/wp-content\/uploads\/2023\/11\/calcio.jpg 1280w\" sizes=\"auto, (max-width: 170px) 100vw, 170px\" \/><\/a>JUNIORES PROVINCIALI<\/strong><\/span><\/p>\n<p><strong>AGORDINA &#8211; SAN FIOR 2-0<\/strong><\/p>\n<p>GOL AGORDINA: V. Marcon, Fontanive<\/p>\n<p>La squadra Juniores dell&#8217;Agordina ha iniziato bene il girone di ritorno con una vittoria per 2-0 contro il San Fior. Sul sintetico di Celarda Valentino Marcon ha aperto le marcature al 28&#8242;, seguito da Fontanive che ha raddoppiato tre minuti dopo. Nonostante l&#8217;espulsione di Fontanive nel secondo tempo, l&#8217;Agordina \u00e8 riuscita a gestire la partita e a portare a casa i primi tre punti del 2024. La partita \u00e8 stata caratterizzata anche da una parata di Scola su un calcio di rigore concesso al San Fior.<\/p>\n<p>&nbsp;<\/p>\n<p><span style=\"color: #0000ff;\"><strong>HOCKEY SU GHIACCIO<\/strong><\/span><\/p>\n<blockquote>\n<h3>L&#8217;ALLEGHE\/CORTINA UNDER 14 CROLLA CON LA CAPOLISTA EGNA\/ORA<\/h3>\n<\/blockquote>\n<p><span style=\"color: #ff0000;\"><strong><a class=\"dt-pswp-item\" href=\"https:\/\/www.radiopiu.net\/wordpress\/wp-content\/uploads\/2022\/01\/HOCKEY-2022.jpg\" data-dt-img-description=\"\" data-large_image_width=\"1920\" data-large_image_height=\"1280\"><img loading=\"lazy\" decoding=\"async\" class=\" wp-image-255780 alignleft\" src=\"https:\/\/www.radiopiu.net\/wordpress\/wp-content\/uploads\/2022\/01\/HOCKEY-2022-300x200.jpg\" alt=\"\" width=\"206\" height=\"137\" srcset=\"https:\/\/www.radiopiu.net\/wordpress\/wp-content\/uploads\/2022\/01\/HOCKEY-2022-300x200.jpg 300w, https:\/\/www.radiopiu.net\/wordpress\/wp-content\/uploads\/2022\/01\/HOCKEY-2022-1024x683.jpg 1024w, https:\/\/www.radiopiu.net\/wordpress\/wp-content\/uploads\/2022\/01\/HOCKEY-2022-768x512.jpg 768w, https:\/\/www.radiopiu.net\/wordpress\/wp-content\/uploads\/2022\/01\/HOCKEY-2022-1536x1024.jpg 1536w, https:\/\/www.radiopiu.net\/wordpress\/wp-content\/uploads\/2022\/01\/HOCKEY-2022.jpg 1920w\" sizes=\"auto, (max-width: 206px) 100vw, 206px\" \/><\/a>UNDER 14 <\/strong><\/span><\/p>\n<p><strong>ALLEGHE\/CORTINA \u2013 ORA\/EGNA 1-6<\/strong><\/p>\n<p>Le giovani civette under 14 crollano al De Toni di Alleghe contro la capolista del campionato. Ad Alleghe gli altoatesini dell\u2019Egna\/Ora fanno vedere di che pasta sono fatti confermando, con una bella prestazione, la prima posizione in graduatoria. Un punteggio tennistico per la squadra ospite con gli alleghesi che riescono a siglare una sola marcatura. Met\u00e0 classifica per l\u2019Alleghe\/Cortina nel master round del torneo under 14.<\/p>\n<p>&nbsp;<\/p>\n<p><span style=\"color: #0000ff;\"><strong>PALLAVOLO\u00a0<\/strong><\/span><\/p>\n<blockquote>\n<h1><b><a class=\"dt-pswp-item\" href=\"https:\/\/www.radiopiu.net\/wordpress\/wp-content\/uploads\/2024\/01\/Foto_di_rito.jpg\" data-dt-img-description=\"\" data-large_image_width=\"1280\" data-large_image_height=\"960\"><img loading=\"lazy\" decoding=\"async\" class=\"size-medium wp-image-370920 alignleft\" src=\"https:\/\/www.radiopiu.net\/wordpress\/wp-content\/uploads\/2024\/01\/Foto_di_rito-300x225.jpg\" alt=\"\" width=\"300\" height=\"225\" srcset=\"https:\/\/www.radiopiu.net\/wordpress\/wp-content\/uploads\/2024\/01\/Foto_di_rito-300x225.jpg 300w, https:\/\/www.radiopiu.net\/wordpress\/wp-content\/uploads\/2024\/01\/Foto_di_rito-1024x768.jpg 1024w, https:\/\/www.radiopiu.net\/wordpress\/wp-content\/uploads\/2024\/01\/Foto_di_rito-768x576.jpg 768w, https:\/\/www.radiopiu.net\/wordpress\/wp-content\/uploads\/2024\/01\/Foto_di_rito.jpg 1280w\" sizes=\"auto, (max-width: 300px) 100vw, 300px\" \/><\/a>Il derby veneto ha l\u2019impronta dei rinoceronti<\/b><\/h1>\n<\/blockquote>\n<p><b>BELLUNO VOLLEY-PERSONAL TIME SAN DON\u00c0 3-0 <\/b><b>PARZIALI:<\/b> 25-22, 28-26, 25-21.<span class=\"gmail-Apple-converted-space\"> \u00a0<\/span><b>BELLUNO VOLLEY:<\/b> Ferrato 6, Bisi 16, Bucko 12, G. Martinez 5, Mozzato 10, Antonaci 3; Orto (L), Reyes 1, Schiro. N.e. I. Martinez, Stufano, De Col, Guolla, Fraccaro (L). Allenatore: G. Colussi.<\/p>\n<p>C\u2019\u00e8 l\u2019impronta dei rinoceronti sul terzo derby veneto di questa stagione: il primo, per\u00f2, andato in scena tra le mura amiche. Grazie al 3-0 nel derby, i bellunesi scavalcano Acqui Terme in graduatoria e agganciano la quinta piazza, a -4 dalla zona podio. Dalla regia illuminata di Ferrato a un Bisi pi\u00f9 caldo di una stufa, fino a un Bucko determinante nei momenti chiave. E Mozzato a giganteggiare sotto rete: l\u2019orchestra ha suonato a pi\u00f9 voci. E ne \u00e8 nata una delle melodie pi\u00f9 coinvolgenti della stagione.<span class=\"gmail-Apple-converted-space\"> \u00a0<\/span><\/p>\n<p>&nbsp;<\/p>\n<blockquote>\n<h3>IL VOLLEY CLUB AGORDINO CADE IN CASA CON IL CASIER<\/h3>\n<\/blockquote>\n<p><strong><a class=\"dt-pswp-item\" href=\"https:\/\/www.radiopiu.net\/wordpress\/wp-content\/uploads\/2023\/01\/VOLLEY-2023.jpg\" data-dt-img-description=\"\" data-large_image_width=\"1920\" data-large_image_height=\"1280\"><img loading=\"lazy\" decoding=\"async\" class=\" wp-image-318320 alignleft\" src=\"https:\/\/www.radiopiu.net\/wordpress\/wp-content\/uploads\/2023\/01\/VOLLEY-2023-300x200.jpg\" alt=\"\" width=\"213\" height=\"142\" srcset=\"https:\/\/www.radiopiu.net\/wordpress\/wp-content\/uploads\/2023\/01\/VOLLEY-2023-300x200.jpg 300w, https:\/\/www.radiopiu.net\/wordpress\/wp-content\/uploads\/2023\/01\/VOLLEY-2023-1024x683.jpg 1024w, https:\/\/www.radiopiu.net\/wordpress\/wp-content\/uploads\/2023\/01\/VOLLEY-2023-768x512.jpg 768w, https:\/\/www.radiopiu.net\/wordpress\/wp-content\/uploads\/2023\/01\/VOLLEY-2023-1536x1024.jpg 1536w, https:\/\/www.radiopiu.net\/wordpress\/wp-content\/uploads\/2023\/01\/VOLLEY-2023.jpg 1920w\" sizes=\"auto, (max-width: 213px) 100vw, 213px\" \/><\/a>DI MARCO GAZ<\/strong><\/p>\n<p><span style=\"color: #ff0000;\"><strong>PRIMA DIVISIONE<\/strong><\/span><\/p>\n<p><strong>VOLLEY CLUB AGORDINO \u2013 CASIER 0-3 (10-25, 20-25, 18-25)<\/strong><\/p>\n<p>Continua il periodo nero del Volley Club Agordino che continua a racimolare sconfitte nel campionato di Prima Divisione. Sabato sera al PalaRova di Agordo la squadra di De Nardin si \u00e8 dovuta arrendere contro il Casier. Le trevigiane hanno fatto un sol boccone delle agordine terminando la sfida in tre set. Nel primo parziale la squadra di Agordo non ha giocato bene lasciando 15 punti di vantaggio alle ospiti. Una reazione della compagine allenata da De Nardin si \u00e8 vista nel secondo e terzo set ma il Casier ha ugualmente portato a casa il parziale in entrambi i casi chiudendo definitivamente la sfida. Penultima posizione in classifica per il Volley Club Agordino che non incamera punti da fine novembre. Un campionato che si fa sempre pi\u00f9 in salita per le agordine che dovranno cambiare marcia per evitare la zona playout.<\/p>\n<p>&nbsp;<\/p>\n<blockquote>\n<h3>LA PALLAVOLO BELLUNO FEMMINILE CHIUDE IL FINE SETTIMANA CON UNA VITTORIA E UNA SCONFITTA<\/h3>\n<\/blockquote>\n<p><strong><a class=\"dt-pswp-item\" href=\"https:\/\/www.radiopiu.net\/wordpress\/wp-content\/uploads\/2024\/01\/Serie_C_vittoriosa_sul_Thermal.jpg\" data-dt-img-description=\"\" data-large_image_width=\"1123\" data-large_image_height=\"817\"><img loading=\"lazy\" decoding=\"async\" class=\" wp-image-370852 alignleft\" src=\"https:\/\/www.radiopiu.net\/wordpress\/wp-content\/uploads\/2024\/01\/Serie_C_vittoriosa_sul_Thermal-300x218.jpg\" alt=\"\" width=\"167\" height=\"121\" srcset=\"https:\/\/www.radiopiu.net\/wordpress\/wp-content\/uploads\/2024\/01\/Serie_C_vittoriosa_sul_Thermal-300x218.jpg 300w, https:\/\/www.radiopiu.net\/wordpress\/wp-content\/uploads\/2024\/01\/Serie_C_vittoriosa_sul_Thermal-1024x745.jpg 1024w, https:\/\/www.radiopiu.net\/wordpress\/wp-content\/uploads\/2024\/01\/Serie_C_vittoriosa_sul_Thermal-768x559.jpg 768w, https:\/\/www.radiopiu.net\/wordpress\/wp-content\/uploads\/2024\/01\/Serie_C_vittoriosa_sul_Thermal.jpg 1123w\" sizes=\"auto, (max-width: 167px) 100vw, 167px\" \/><\/a><span style=\"color: #ff0000;\">SERIE C<\/span><\/strong><\/p>\n<p><b>HOMECLICK SB VOLLEY-THERMAL VOLLEY 3-0 (<\/b><strong>25-14, 25-16, 25-18)<\/strong><\/p>\n<p>Dove eravamo rimasti? Al 3-0 rifilato al Giorgione, a met\u00e0 novembre. Ai tamburi e all\u2019incessante tifo del pubblico. Alla totale simbiosi tra la squadra in campo e i sostenitori in tribuna. E da dove si riparte? Dalle stesse premesse di due mesi fa. Ovvero, da un altro successo casalingo per 3-0 della Homeclick SB Volley, all\u2019interno di un palasport diventato fortino. Basti pensare che, nell\u2019impianto di via Gabelli, le ragazze di Josh De Salvador vantano un bilancio di quattro vittorie in quattro partite, ma soprattutto 12 set all\u2019attivo e neppure uno al passivo. Ebbene s\u00ec: finora, tra le mura amiche, De Barba e compagne non hanno lasciato neppure le briciole alle avversarie. E il trend prosegue pure contro il generoso Thermal Volley: una compagine che, nonostante l\u2019ultima piazza in graduatoria, ha messo in mostra tenacia e una buona organizzazione di gioco.<span class=\"gmail-Apple-converted-space\">\u00a0<\/span><\/p>\n<p><strong><a class=\"dt-pswp-item\" href=\"https:\/\/www.radiopiu.net\/wordpress\/wp-content\/uploads\/2024\/01\/Serie_D_nella_tana_della_vice_capolista.jpg\" data-dt-img-description=\"\" data-large_image_width=\"1367\" data-large_image_height=\"683\"><img loading=\"lazy\" decoding=\"async\" class=\" wp-image-370853 alignright\" src=\"https:\/\/www.radiopiu.net\/wordpress\/wp-content\/uploads\/2024\/01\/Serie_D_nella_tana_della_vice_capolista-300x150.jpg\" alt=\"\" width=\"218\" height=\"109\" srcset=\"https:\/\/www.radiopiu.net\/wordpress\/wp-content\/uploads\/2024\/01\/Serie_D_nella_tana_della_vice_capolista-300x150.jpg 300w, https:\/\/www.radiopiu.net\/wordpress\/wp-content\/uploads\/2024\/01\/Serie_D_nella_tana_della_vice_capolista-1024x512.jpg 1024w, https:\/\/www.radiopiu.net\/wordpress\/wp-content\/uploads\/2024\/01\/Serie_D_nella_tana_della_vice_capolista-768x384.jpg 768w, https:\/\/www.radiopiu.net\/wordpress\/wp-content\/uploads\/2024\/01\/Serie_D_nella_tana_della_vice_capolista.jpg 1367w\" sizes=\"auto, (max-width: 218px) 100vw, 218px\" \/><\/a><span style=\"color: #ff0000;\">SERIE D<\/span><\/strong><\/p>\n<p><b>METAL PROJECT ARZERELLO-HOMECLICK SB VOLLEY 3-2 (<\/b><strong>25-20, 25-13, 19-25, 21-25, 15-10)<\/strong><\/p>\n<p>Sotto 2-0 nel conto dei set, dopo aver perso il secondo parziale con 12 lunghezze di distacco, per di pi\u00f9 in trasferta, nella tana della seconda forza del campionato. E senza l\u2019attaccante pi\u00f9 prolifica: Silvia Costa, infortunata. Qualsiasi squadra avrebbe alzato bandiera bianca. Ma la\u00a0Homeclick\u00a0di serie D, ormai lo si \u00e8 capito ampiamente, non \u00e8 una formazione come tante: ha in s\u00e9 le caratteristiche per sorprendere. E regalare emozioni. Lo ha dimostrato, una volta di pi\u00f9, nella sfida di\u00a0Arzerello: proibitiva sulla carta, esaltante sul campo. Perch\u00e9, di fronte alla vice capolista, il gruppo guidato da coach Pezzei d\u00e0 vita a una rimonta clamorosa. E trascina le quotate avversarie al tie-break. Poi, nel quinto atto, ha la meglio il\u00a0Metal Project, ma il punto rimane<\/p>\n<p>&nbsp;<\/p>\n<p>&nbsp;<\/p>\n","protected":false},"excerpt":{"rendered":"<p>*** &nbsp; 40esimo di RADIOPIU\u2026. LA VOCE DELL\u2019EMOZIONE ISCRIVITI AL NOSTRO CANALE\u00a0\u00a0YOUTUBE PER SEGUIRE IN DIRETTA I PRINCIPALI PROGRAMMI DI RADIO PIU\u2019 E LE FUTURE DIRETTE IN ESTERNA. PER ISCRIVERTI CLICCA QUI\u00a0E PREMI\u00a0 \u201cIscriviti\u201d\u00a0\u00a0 &nbsp; &nbsp; &nbsp; \u00a0 I podcast informativi del mattino &#8211; audio &#8211;\u00a0 LA RASSEGNA STAMPA NAZIONALE ALLA RADIO, OGNI GIORNO ALLE&hellip;<\/p>\n","protected":false},"author":4,"featured_media":370931,"comment_status":"closed","ping_status":"closed","sticky":false,"template":"","format":"standard","meta":{"_monsterinsights_skip_tracking":false,"_monsterinsights_sitenote_active":false,"_monsterinsights_sitenote_note":"","_monsterinsights_sitenote_category":0,"footnotes":""},"categories":[51,86,49],"tags":[],"class_list":["post-370781","post","type-post","status-publish","format-standard","has-post-thumbnail","hentry","category-evidenza-top","category-gr","category-news-18","category-51","category-86","category-49","description-off"],"img_url":"https:\/\/www.radiopiu.net\/wordpress\/wp-content\/uploads\/2024\/01\/Senza-nome-73.png","_links":{"self":[{"href":"https:\/\/www.radiopiu.net\/wordpress\/wp-json\/wp\/v2\/posts\/370781","targetHints":{"allow":["GET"]}}],"collection":[{"href":"https:\/\/www.radiopiu.net\/wordpress\/wp-json\/wp\/v2\/posts"}],"about":[{"href":"https:\/\/www.radiopiu.net\/wordpress\/wp-json\/wp\/v2\/types\/post"}],"author":[{"embeddable":true,"href":"https:\/\/www.radiopiu.net\/wordpress\/wp-json\/wp\/v2\/users\/4"}],"replies":[{"embeddable":true,"href":"https:\/\/www.radiopiu.net\/wordpress\/wp-json\/wp\/v2\/comments?post=370781"}],"version-history":[{"count":0,"href":"https:\/\/www.radiopiu.net\/wordpress\/wp-json\/wp\/v2\/posts\/370781\/revisions"}],"wp:featuredmedia":[{"embeddable":true,"href":"https:\/\/www.radiopiu.net\/wordpress\/wp-json\/wp\/v2\/media\/370931"}],"wp:attachment":[{"href":"https:\/\/www.radiopiu.net\/wordpress\/wp-json\/wp\/v2\/media?parent=370781"}],"wp:term":[{"taxonomy":"category","embeddable":true,"href":"https:\/\/www.radiopiu.net\/wordpress\/wp-json\/wp\/v2\/categories?post=370781"},{"taxonomy":"post_tag","embeddable":true,"href":"https:\/\/www.radiopiu.net\/wordpress\/wp-json\/wp\/v2\/tags?post=370781"}],"curies":[{"name":"wp","href":"https:\/\/api.w.org\/{rel}","templated":true}]}}