{"id":370791,"date":"2024-01-20T10:07:17","date_gmt":"2024-01-20T09:07:17","guid":{"rendered":"https:\/\/www.radiopiu.net\/wordpress\/?p=370791"},"modified":"2024-01-20T10:22:19","modified_gmt":"2024-01-20T09:22:19","slug":"vanessa-cagnati-si-prepara-per-i-giochi-olimpici-giovanili-in-corea-mercoledi-laereo-che-la-porta-a-gangwon","status":"publish","type":"post","link":"https:\/\/www.radiopiu.net\/wordpress\/vanessa-cagnati-si-prepara-per-i-giochi-olimpici-giovanili-in-corea-mercoledi-laereo-che-la-porta-a-gangwon\/","title":{"rendered":"VANESSA CAGNATI SI PREPARA PER I GIOCHI OLIMPICI GIOVANILI IN COREA. MERCOLEDI&#8217; L&#8217;AEREO CHE LA PORTA A GANGWON"},"content":{"rendered":"<p>*****<\/p>\n<p>&nbsp;<\/p>\n<p><strong><a class=\"dt-pswp-item\" href=\"https:\/\/www.radiopiu.net\/wordpress\/wp-content\/uploads\/2024\/01\/vanessa-cagnati-sappada-17-dic-2023-Copia.jpg\" data-dt-img-description=\"\" data-large_image_width=\"1200\" data-large_image_height=\"800\"><img loading=\"lazy\" decoding=\"async\" class=\" wp-image-369109 alignleft\" src=\"https:\/\/www.radiopiu.net\/wordpress\/wp-content\/uploads\/2024\/01\/vanessa-cagnati-sappada-17-dic-2023-Copia-300x200.jpg\" alt=\"\" width=\"194\" height=\"129\" srcset=\"https:\/\/www.radiopiu.net\/wordpress\/wp-content\/uploads\/2024\/01\/vanessa-cagnati-sappada-17-dic-2023-Copia-300x200.jpg 300w, https:\/\/www.radiopiu.net\/wordpress\/wp-content\/uploads\/2024\/01\/vanessa-cagnati-sappada-17-dic-2023-Copia-1024x683.jpg 1024w, https:\/\/www.radiopiu.net\/wordpress\/wp-content\/uploads\/2024\/01\/vanessa-cagnati-sappada-17-dic-2023-Copia-768x512.jpg 768w, https:\/\/www.radiopiu.net\/wordpress\/wp-content\/uploads\/2024\/01\/vanessa-cagnati-sappada-17-dic-2023-Copia.jpg 1200w\" sizes=\"auto, (max-width: 194px) 100vw, 194px\" \/><\/a>DI MARCO GAZ<\/strong><\/p>\n<p><strong>REDAZIONE<\/strong> Mancano poche ore e Vanessa Cagnati salir\u00e0 sull&#8217;aereo che la porter\u00e0 in Corea per i Giochi Olimpici Giovanili. La fondista di Falcade in forza allo Sci Club Val Biois si sta preparando per questo evento importante che la porter\u00e0 a Gangwon dove da alcune ore gli atleti si stanno cimentando nelle prime specialit\u00e0. Vanessa partir\u00e0 verso la Corea mercoled\u00ec. Sono tre le gare in cui la ragazza \u00e8 impegnata: Luned\u00ec 29 gennaio la Sprint a tecnica libera, marted\u00ec 30 gennaio nella 7,5 km a tecnica classica e gioved\u00ec 1 febbraio nella staffetta mista 4&#215;5 km. Le gare si svolgeranno quando in Italia \u00e8 notte fonda, tra le 2 e le 5 del mattino. Sul sito ufficiale dei giochi olimpici (<a href=\"https:\/\/olympics.com\/\">https:\/\/olympics.com\/<\/a>) \u00e8 possibile seguire i vari eventi in live streaming.<\/p>\n<p>&nbsp;<\/p>\n<p>&nbsp;<\/p>\n<p>******<\/p>\n","protected":false},"excerpt":{"rendered":"<p>***** &nbsp; DI MARCO GAZ REDAZIONE Mancano poche ore e Vanessa Cagnati salir\u00e0 sull&#8217;aereo che la porter\u00e0 in Corea per i Giochi Olimpici Giovanili. La fondista di Falcade in forza allo Sci Club Val Biois si sta preparando per questo evento importante che la porter\u00e0 a Gangwon dove da alcune ore gli atleti si stanno&hellip;<\/p>\n","protected":false},"author":4,"featured_media":369109,"comment_status":"closed","ping_status":"closed","sticky":false,"template":"","format":"standard","meta":{"_monsterinsights_skip_tracking":false,"_monsterinsights_sitenote_active":false,"_monsterinsights_sitenote_note":"","_monsterinsights_sitenote_category":0,"footnotes":""},"categories":[49],"tags":[],"class_list":["post-370791","post","type-post","status-publish","format-standard","has-post-thumbnail","hentry","category-news-18","category-49","description-off"],"img_url":"https:\/\/www.radiopiu.net\/wordpress\/wp-content\/uploads\/2024\/01\/vanessa-cagnati-sappada-17-dic-2023-Copia.jpg","_links":{"self":[{"href":"https:\/\/www.radiopiu.net\/wordpress\/wp-json\/wp\/v2\/posts\/370791","targetHints":{"allow":["GET"]}}],"collection":[{"href":"https:\/\/www.radiopiu.net\/wordpress\/wp-json\/wp\/v2\/posts"}],"about":[{"href":"https:\/\/www.radiopiu.net\/wordpress\/wp-json\/wp\/v2\/types\/post"}],"author":[{"embeddable":true,"href":"https:\/\/www.radiopiu.net\/wordpress\/wp-json\/wp\/v2\/users\/4"}],"replies":[{"embeddable":true,"href":"https:\/\/www.radiopiu.net\/wordpress\/wp-json\/wp\/v2\/comments?post=370791"}],"version-history":[{"count":0,"href":"https:\/\/www.radiopiu.net\/wordpress\/wp-json\/wp\/v2\/posts\/370791\/revisions"}],"wp:featuredmedia":[{"embeddable":true,"href":"https:\/\/www.radiopiu.net\/wordpress\/wp-json\/wp\/v2\/media\/369109"}],"wp:attachment":[{"href":"https:\/\/www.radiopiu.net\/wordpress\/wp-json\/wp\/v2\/media?parent=370791"}],"wp:term":[{"taxonomy":"category","embeddable":true,"href":"https:\/\/www.radiopiu.net\/wordpress\/wp-json\/wp\/v2\/categories?post=370791"},{"taxonomy":"post_tag","embeddable":true,"href":"https:\/\/www.radiopiu.net\/wordpress\/wp-json\/wp\/v2\/tags?post=370791"}],"curies":[{"name":"wp","href":"https:\/\/api.w.org\/{rel}","templated":true}]}}