{"id":370832,"date":"2024-01-20T12:51:02","date_gmt":"2024-01-20T11:51:02","guid":{"rendered":"https:\/\/www.radiopiu.net\/wordpress\/?p=370832"},"modified":"2024-01-20T12:51:02","modified_gmt":"2024-01-20T11:51:02","slug":"padrin-incontra-salvini-per-parlare-di-viabilita-osservata-speciale-la-sr-203-agordina","status":"publish","type":"post","link":"https:\/\/www.radiopiu.net\/wordpress\/padrin-incontra-salvini-per-parlare-di-viabilita-osservata-speciale-la-sr-203-agordina\/","title":{"rendered":"PADRIN INCONTRA SALVINI PER PARLARE DI VIABILITA&#8217;. OSSERVATA SPECIALE LA SR 203 AGORDINA"},"content":{"rendered":"<p>*****<\/p>\n<p>&nbsp;<\/p>\n<p><strong><a class=\"dt-pswp-item\" href=\"https:\/\/www.radiopiu.net\/wordpress\/wp-content\/uploads\/2024\/01\/10C54D0F-58BF-42AD-89B9-22FEA8D9E7BC.jpeg\" data-dt-img-description=\"\" data-large_image_width=\"2048\" data-large_image_height=\"1536\"><img loading=\"lazy\" decoding=\"async\" class=\" wp-image-370833 alignleft\" src=\"https:\/\/www.radiopiu.net\/wordpress\/wp-content\/uploads\/2024\/01\/10C54D0F-58BF-42AD-89B9-22FEA8D9E7BC-300x225.jpeg\" alt=\"\" width=\"183\" height=\"137\" srcset=\"https:\/\/www.radiopiu.net\/wordpress\/wp-content\/uploads\/2024\/01\/10C54D0F-58BF-42AD-89B9-22FEA8D9E7BC-300x225.jpeg 300w, https:\/\/www.radiopiu.net\/wordpress\/wp-content\/uploads\/2024\/01\/10C54D0F-58BF-42AD-89B9-22FEA8D9E7BC-1024x768.jpeg 1024w, https:\/\/www.radiopiu.net\/wordpress\/wp-content\/uploads\/2024\/01\/10C54D0F-58BF-42AD-89B9-22FEA8D9E7BC-768x576.jpeg 768w, https:\/\/www.radiopiu.net\/wordpress\/wp-content\/uploads\/2024\/01\/10C54D0F-58BF-42AD-89B9-22FEA8D9E7BC-1536x1152.jpeg 1536w, https:\/\/www.radiopiu.net\/wordpress\/wp-content\/uploads\/2024\/01\/10C54D0F-58BF-42AD-89B9-22FEA8D9E7BC.jpeg 2048w\" sizes=\"auto, (max-width: 183px) 100vw, 183px\" \/><\/a>ROMA <\/strong>La questione della strada regionale 203 agordina tra le priorit\u00e0. Ma anche le varianti olimpiche e il potenziamento dei collegamenti. \u00c8 stato questo \u201cl\u2019ordine del giorno\u201d di un incontro al Ministero Infrastrutture e Trasporti tra il ministro Matteo Salvini e il presidente della Provincia di Belluno, Roberto Padrin. Sul tavolo, un\u2019analisi a tutto tondo della viabilit\u00e0 bellunese, con l\u2019impegno a un prossimo aggiornamento. Il presidente Padrin ha sottolineato le carenze infrastrutturali della montagna, che necessita di strade sicure e percorribili anche in condizioni di meteo avverso. In particolare ha consegnato al ministro un documento relativo alla situazione della 203, e ha sottolineato la necessit\u00e0 per il territorio bellunese &#8211; cittadini, lavoratori e imprese &#8211; di mettere in sicurezza la principale via di accesso all\u2019Agordino, che oggi \u00e8 spesso soggetta a crolli di massi dai versanti e piccoli smottamenti che rendono precario il transito. \u00abAvevo accennato al ministro Salvini la situazione della 203 gi\u00e0 a dicembre, quando avevo avuto modo di incontrarlo brevemente a Venezia, durante la cerimonia di posa della prima pietra del collegamento ferroviario con l\u2019aeroporto\u00bb spiega il presidente Padrin. \u00abCi eravamo accordati per un incontro a Roma al pi\u00f9 presto per approfondire la questione, nella consapevolezza che oggi il tratto di strada tra Mas e Agordo ha una necessit\u00e0 specifica e prioritaria, che \u00e8 quella della messa in sicurezza. Il ministro l\u2019ha capito e mi ha assicurato che analizzer\u00e0 la questione con Anas\u00bb. Il dossier consegnato al ministro \u00e8 una sintesi di una parte del piano di miglioramento dell\u2019accessibilit\u00e0 dell\u2019Agordino messo a punto un paio di anni fa dall\u2019Unione Montana e adottato dal consiglio provinciale con un atto di indirizzo (sintesi integrata anche con il piano regionale trasporti della Regione Veneto, a seguito di un incontro in Regione con l\u2019assessora Elisa De Berti e con il presidente dell\u2019Um Paolo Frena). Non solo Agordino: l\u2019incontro al Mit ha affrontato a 360 gradi la situazione della viabilit\u00e0 bellunese, attuale e futura visti gli interventi gi\u00e0 previsti o in fase di esecuzione. In particolare il tema delle varianti olimpiche, Cortina e Longarone, su cui il ministro Salvini ha assicurato piena operativit\u00e0 e rispetto dei cronoprogrammi; il tema della galleria di Comelico, per cui sono state chieste rassicurazioni sulla riduzione dei disagi alla comunit\u00e0 coinvolta dai lavori; la situazione della 251 della Val di Zoldo; e il tema del potenziamento infrastrutturale in una provincia di montagna, dove le distanze sono spesso molto elevate e con un coefficiente di difficolt\u00e0 particolarmente impegnativo. <a class=\"dt-pswp-item\" href=\"https:\/\/www.radiopiu.net\/wordpress\/wp-content\/uploads\/2024\/01\/BE7E5E60-3BE0-410F-92A8-878EC07F762D.jpeg\" data-dt-img-description=\"\" data-large_image_width=\"2048\" data-large_image_height=\"1536\"><img loading=\"lazy\" decoding=\"async\" class=\" wp-image-370834 alignright\" src=\"https:\/\/www.radiopiu.net\/wordpress\/wp-content\/uploads\/2024\/01\/BE7E5E60-3BE0-410F-92A8-878EC07F762D-300x225.jpeg\" alt=\"\" width=\"234\" height=\"175\" srcset=\"https:\/\/www.radiopiu.net\/wordpress\/wp-content\/uploads\/2024\/01\/BE7E5E60-3BE0-410F-92A8-878EC07F762D-300x225.jpeg 300w, https:\/\/www.radiopiu.net\/wordpress\/wp-content\/uploads\/2024\/01\/BE7E5E60-3BE0-410F-92A8-878EC07F762D-1024x768.jpeg 1024w, https:\/\/www.radiopiu.net\/wordpress\/wp-content\/uploads\/2024\/01\/BE7E5E60-3BE0-410F-92A8-878EC07F762D-768x576.jpeg 768w, https:\/\/www.radiopiu.net\/wordpress\/wp-content\/uploads\/2024\/01\/BE7E5E60-3BE0-410F-92A8-878EC07F762D-1536x1152.jpeg 1536w, https:\/\/www.radiopiu.net\/wordpress\/wp-content\/uploads\/2024\/01\/BE7E5E60-3BE0-410F-92A8-878EC07F762D.jpeg 2048w\" sizes=\"auto, (max-width: 234px) 100vw, 234px\" \/><\/a>\u00abOggi non abbiamo ancora quantificazioni precise dei costi n\u00e9 delle opere che sarebbe necessario mettere in campo sulla 203, ma la condivisione della priorit\u00e0 di intervento \u00e8 un primo elemento e ringrazio il ministro per aver assicurato il suo impegno, insieme all\u2019assessora De Berti che non ha mai fatto mancare la sua attenzione sul tema\u00bb aggiunge il presidente Padrin. \u00abPer quanto riguarda le varianti olimpiche, ci auguriamo insieme al ministro di poter procedere spediti, per dare al territorio quelle infrastrutture utili e indispensabili non solo in ottica Milano Cortina 2026, ma per il futuro delle nostre vallate. Il potenziamento sostenibile della viabilit\u00e0, anche intervalliva con particolare riferimento alla 251 della Val di Zoldo, e la messa in sicurezza delle strade sono fondamentali per una montagna che vuole continuare a dare servizi a chi la abita\u00bb.<\/p>\n<p>&nbsp;<\/p>\n<p>&nbsp;<\/p>\n<p>******<\/p>\n","protected":false},"excerpt":{"rendered":"<p>***** &nbsp; ROMA La questione della strada regionale 203 agordina tra le priorit\u00e0. Ma anche le varianti olimpiche e il potenziamento dei collegamenti. \u00c8 stato questo \u201cl\u2019ordine del giorno\u201d di un incontro al Ministero Infrastrutture e Trasporti tra il ministro Matteo Salvini e il presidente della Provincia di Belluno, Roberto Padrin. Sul tavolo, un\u2019analisi a&hellip;<\/p>\n","protected":false},"author":4,"featured_media":370833,"comment_status":"closed","ping_status":"closed","sticky":false,"template":"","format":"standard","meta":{"_monsterinsights_skip_tracking":false,"_monsterinsights_sitenote_active":false,"_monsterinsights_sitenote_note":"","_monsterinsights_sitenote_category":0,"footnotes":""},"categories":[51,49],"tags":[],"class_list":["post-370832","post","type-post","status-publish","format-standard","has-post-thumbnail","hentry","category-evidenza-top","category-news-18","category-51","category-49","description-off"],"img_url":"https:\/\/www.radiopiu.net\/wordpress\/wp-content\/uploads\/2024\/01\/10C54D0F-58BF-42AD-89B9-22FEA8D9E7BC.jpeg","_links":{"self":[{"href":"https:\/\/www.radiopiu.net\/wordpress\/wp-json\/wp\/v2\/posts\/370832","targetHints":{"allow":["GET"]}}],"collection":[{"href":"https:\/\/www.radiopiu.net\/wordpress\/wp-json\/wp\/v2\/posts"}],"about":[{"href":"https:\/\/www.radiopiu.net\/wordpress\/wp-json\/wp\/v2\/types\/post"}],"author":[{"embeddable":true,"href":"https:\/\/www.radiopiu.net\/wordpress\/wp-json\/wp\/v2\/users\/4"}],"replies":[{"embeddable":true,"href":"https:\/\/www.radiopiu.net\/wordpress\/wp-json\/wp\/v2\/comments?post=370832"}],"version-history":[{"count":0,"href":"https:\/\/www.radiopiu.net\/wordpress\/wp-json\/wp\/v2\/posts\/370832\/revisions"}],"wp:featuredmedia":[{"embeddable":true,"href":"https:\/\/www.radiopiu.net\/wordpress\/wp-json\/wp\/v2\/media\/370833"}],"wp:attachment":[{"href":"https:\/\/www.radiopiu.net\/wordpress\/wp-json\/wp\/v2\/media?parent=370832"}],"wp:term":[{"taxonomy":"category","embeddable":true,"href":"https:\/\/www.radiopiu.net\/wordpress\/wp-json\/wp\/v2\/categories?post=370832"},{"taxonomy":"post_tag","embeddable":true,"href":"https:\/\/www.radiopiu.net\/wordpress\/wp-json\/wp\/v2\/tags?post=370832"}],"curies":[{"name":"wp","href":"https:\/\/api.w.org\/{rel}","templated":true}]}}