{"id":370905,"date":"2024-01-22T05:29:57","date_gmt":"2024-01-22T04:29:57","guid":{"rendered":"https:\/\/www.radiopiu.net\/wordpress\/?p=370905"},"modified":"2024-01-22T05:34:19","modified_gmt":"2024-01-22T04:34:19","slug":"due-interventi-del-suem-incidente-a-san-pietro-di-cadore-e-caduta-con-lo-slittino-a-misurina","status":"publish","type":"post","link":"https:\/\/www.radiopiu.net\/wordpress\/due-interventi-del-suem-incidente-a-san-pietro-di-cadore-e-caduta-con-lo-slittino-a-misurina\/","title":{"rendered":"DUE INTERVENTI DEL SUEM: INCIDENTE A SAN PIETRO DI CADORE E CADUTA CON LO SLITTINO A MISURINA"},"content":{"rendered":"<p>*****<\/p>\n<p>&nbsp;<\/p>\n<p><strong>REDAZIONE<\/strong> Sono due gli interventi del SUEM 118 nella giornata odierna. Stamane poco prima delle 11 \u00e8 intervenuta l&#8217;ambulanza di Santo Stefano di Cadore a Presenaio, frazione di San Pietro di Cadore, dove un giovane di 22 anni di Brescia \u00e8 stato coinvolto in un incidente stradale ed \u00e8 stato trasportato all&#8217;ospedale di Pieve di Cadore. Prima di mezzogiorno si \u00e8 alzato in volo l&#8217;elicottero Falco in direzione di Misurina dove un uomo di 55 anni di Treviso era caduto con lo slittino. L&#8217;uomo \u00e8 stato portato al San Martino di Belluno. Giornata impegnativa anche sulle piste da sci con 33 interventi: 12 a Cortina, 5 ad Alleghe, uno a Selva di Cadore, 2 in Zoldo, 2 a Livinallongo, 2 in Marmolada e 2 a Falcade.<\/p>\n<p>&nbsp;<\/p>\n<p>&nbsp;<\/p>\n<p>*******<\/p>\n","protected":false},"excerpt":{"rendered":"<p>***** &nbsp; REDAZIONE Sono due gli interventi del SUEM 118 nella giornata odierna. Stamane poco prima delle 11 \u00e8 intervenuta l&#8217;ambulanza di Santo Stefano di Cadore a Presenaio, frazione di San Pietro di Cadore, dove un giovane di 22 anni di Brescia \u00e8 stato coinvolto in un incidente stradale ed \u00e8 stato trasportato all&#8217;ospedale di&hellip;<\/p>\n","protected":false},"author":4,"featured_media":250918,"comment_status":"closed","ping_status":"closed","sticky":false,"template":"","format":"standard","meta":{"_monsterinsights_skip_tracking":false,"_monsterinsights_sitenote_active":false,"_monsterinsights_sitenote_note":"","_monsterinsights_sitenote_category":0,"footnotes":""},"categories":[51,49],"tags":[],"class_list":["post-370905","post","type-post","status-publish","format-standard","has-post-thumbnail","hentry","category-evidenza-top","category-news-18","category-51","category-49","description-off"],"img_url":"https:\/\/www.radiopiu.net\/wordpress\/wp-content\/uploads\/2021\/12\/ambulanze-3.jpeg","_links":{"self":[{"href":"https:\/\/www.radiopiu.net\/wordpress\/wp-json\/wp\/v2\/posts\/370905","targetHints":{"allow":["GET"]}}],"collection":[{"href":"https:\/\/www.radiopiu.net\/wordpress\/wp-json\/wp\/v2\/posts"}],"about":[{"href":"https:\/\/www.radiopiu.net\/wordpress\/wp-json\/wp\/v2\/types\/post"}],"author":[{"embeddable":true,"href":"https:\/\/www.radiopiu.net\/wordpress\/wp-json\/wp\/v2\/users\/4"}],"replies":[{"embeddable":true,"href":"https:\/\/www.radiopiu.net\/wordpress\/wp-json\/wp\/v2\/comments?post=370905"}],"version-history":[{"count":0,"href":"https:\/\/www.radiopiu.net\/wordpress\/wp-json\/wp\/v2\/posts\/370905\/revisions"}],"wp:featuredmedia":[{"embeddable":true,"href":"https:\/\/www.radiopiu.net\/wordpress\/wp-json\/wp\/v2\/media\/250918"}],"wp:attachment":[{"href":"https:\/\/www.radiopiu.net\/wordpress\/wp-json\/wp\/v2\/media?parent=370905"}],"wp:term":[{"taxonomy":"category","embeddable":true,"href":"https:\/\/www.radiopiu.net\/wordpress\/wp-json\/wp\/v2\/categories?post=370905"},{"taxonomy":"post_tag","embeddable":true,"href":"https:\/\/www.radiopiu.net\/wordpress\/wp-json\/wp\/v2\/tags?post=370905"}],"curies":[{"name":"wp","href":"https:\/\/api.w.org\/{rel}","templated":true}]}}