{"id":371036,"date":"2024-01-23T05:26:54","date_gmt":"2024-01-23T04:26:54","guid":{"rendered":"https:\/\/www.radiopiu.net\/wordpress\/?p=371036"},"modified":"2024-01-23T05:40:18","modified_gmt":"2024-01-23T04:40:18","slug":"lupi-sulle-alpi-la-presenza-preoccupa-falcade-e-il-bellunese","status":"publish","type":"post","link":"https:\/\/www.radiopiu.net\/wordpress\/lupi-sulle-alpi-la-presenza-preoccupa-falcade-e-il-bellunese\/","title":{"rendered":"LUPI SULLE ALPI, LA PRESENZA PREOCCUPA FALCADE E IL BELLUNESE"},"content":{"rendered":"<p>******<\/p>\n<p>&nbsp;<\/p>\n<p><strong>FALCADE <\/strong>Sabato scorso si \u00e8 tenuto a Caviola un convegno che ha approfondito le problematiche legate alla presenza del lupo nell\u2019area del Bellunese. Organizzato dall&#8217;associazione Quad in quota e patrocinato dal Comune di Falcade, rappresentato alla serata dal sindaco Mauro Salvaterra, l\u2019evento ha toccato argomenti di grande interesse alla luce degli avvistamenti quotidiani anche in ore diurne che avvengono a Falcade da mesi. E infatti la sala era gremita e la diretta Facebook \u00e8 stata molto seguita. I relatori hanno fornito informazioni di ogni genere. Con il coordinamento di Barbara Annoni, \u00e8 intervenuto Zaccaria Tona dell&#8217;associazione Fardima degli allevatori della pecora alpagota. Evidenti i danni subiti dagli ovini bellunesi negli ultimi anni, oltre 700 capi ammazzati dal lupo e rinuncia all&#8217;attivit\u00e0 da parte di molti piccoli allevatori. Michele Nenz, vicedirettore di Coldiretti Belluno, ha illustrato la situazione dei lupi in provincia con la sua rapida espansione, le tipologie di attacchi e i metodi da usare per limitare i danni che esso provoca. Appare per\u00f2 evidente come le reti antilupo e i cani da guardia non siano facile da gestire, abbiano costi importanti, e non sempre offrano risultati ottimali pur essendo le uniche cose che gli allevatori possono adottare per proteggere il loro lavoro. Michele Corti, zootecnico di montagna gi\u00e0 professore alla Statale di Milano, ha dimostrato che il lupo, pur con remote possibilit\u00e0, attacca l&#8217;uomo come \u00e8 sempre accaduto nella storia. Eclatanti gli episodi di Vasto in Abruzzo dove a subire ferite da lupo \u00e8 stata una bambina di pochi anni. Anche a Sedico \u00e8 stato denunciato un attacco da lupo da parte di un giovane che ha subito ferite importanti al volto. Franco De Bon, gi\u00e0 commissario della Polizia provinciale di Belluno ha illustrato alla platea il quadro normativo grazie al quale il lupo gode di ampia tutela. Graditissima \u00e8 stata la presenza e l&#8217;intervento di Pierantonio Cristoforetti, presidente dell&#8217;associazione Andrea Papi, il 26enne ucciso dall&#8217;orsa JJ4 in Val di Sole. Importanti le sue parole finali: il popolo dell&#8217;arco alpino deve fare rete e solidarizzare per potersi difendere dai grandi predatori ed evitare che episodi come quello accaduto ad Andrea non possano pi\u00f9 accadere. In sala molte domande hanno portato alla luce la grande preoccupazione e la paura dei falcadini nei confronti di questo predatore. La limitazione della libert\u00e0 delle persone \u00e8 una delle problematiche palesate, oltre al fatto che risulta cruciale la sicurezza delle persone e dei turisti che escono non solo nei boschi, ma addirittura nei centri abitati anche nelle ore diurne. A Falcade la convivenza imposta tra uomo e lupo non sembra esser stata accettata da molti e il sindaco di Falcade, preoccupato, ha dichiarato di non aver alcuna possibilit\u00e0 di intervenire se non deliberando, come ha fatto, il divieto di lasciare cibo fuori dalle abitazioni e invitando tutti a segnalare gli avvistamenti in paese.<\/p>\n\n\t\t\t<style type='text\/css'>\n\t\t\t\t#gallery-1 {\n\t\t\t\t\tmargin: auto;\n\t\t\t\t}\n\t\t\t\t#gallery-1 .gallery-item {\n\t\t\t\t\tfloat: left;\n\t\t\t\t\tmargin-top: 10px;\n\t\t\t\t\ttext-align: center;\n\t\t\t\t\twidth: 20%;\n\t\t\t\t}\n\t\t\t\t#gallery-1 img {\n\t\t\t\t\tborder: 2px solid #cfcfcf;\n\t\t\t\t}\n\t\t\t\t#gallery-1 .gallery-caption {\n\t\t\t\t\tmargin-left: 0;\n\t\t\t\t}\n\t\t\t\t\/* see gallery_shortcode() in wp-includes\/media.php *\/\n\t\t\t<\/style>\n\t\t<div id='gallery-1' class='dt-gallery-container gallery galleryid-371036 gallery-columns-5 gallery-size-thumbnail'><dl class='gallery-item'>\n\t\t\t\t<dt class='gallery-icon landscape'>\n\t\t\t\t\t<a class=\"rollover rollover-zoom dt-pswp-item\" title=\"IMG-20240120-WA0042\" data-dt-img-description=\"\" data-large_image_width=\"654\" data-large_image_height=\"595\"href='https:\/\/www.radiopiu.net\/wordpress\/wp-content\/uploads\/2024\/01\/IMG-20240120-WA0042.jpg'><img loading=\"lazy\" decoding=\"async\" width=\"150\" height=\"150\" src=\"https:\/\/www.radiopiu.net\/wordpress\/wp-content\/uploads\/2024\/01\/IMG-20240120-WA0042-150x150.jpg\" class=\"attachment-thumbnail size-thumbnail\" alt=\"\" \/><\/a>\n\t\t\t\t<\/dt><\/dl><dl class='gallery-item'>\n\t\t\t\t<dt class='gallery-icon portrait'>\n\t\t\t\t\t<a class=\"rollover rollover-zoom dt-pswp-item\" title=\"IMG-20240120-WA0031\" data-dt-img-description=\"\" data-large_image_width=\"1536\" data-large_image_height=\"2048\"href='https:\/\/www.radiopiu.net\/wordpress\/wp-content\/uploads\/2024\/01\/IMG-20240120-WA0031.jpg'><img loading=\"lazy\" decoding=\"async\" width=\"150\" height=\"150\" src=\"https:\/\/www.radiopiu.net\/wordpress\/wp-content\/uploads\/2024\/01\/IMG-20240120-WA0031-150x150.jpg\" class=\"attachment-thumbnail size-thumbnail\" alt=\"\" \/><\/a>\n\t\t\t\t<\/dt><\/dl><dl class='gallery-item'>\n\t\t\t\t<dt class='gallery-icon landscape'>\n\t\t\t\t\t<a class=\"rollover rollover-zoom dt-pswp-item\" title=\"IMG-20240120-WA0033\" data-dt-img-description=\"\" data-large_image_width=\"2048\" data-large_image_height=\"1536\"href='https:\/\/www.radiopiu.net\/wordpress\/wp-content\/uploads\/2024\/01\/IMG-20240120-WA0033.jpg'><img loading=\"lazy\" decoding=\"async\" width=\"150\" height=\"150\" src=\"https:\/\/www.radiopiu.net\/wordpress\/wp-content\/uploads\/2024\/01\/IMG-20240120-WA0033-150x150.jpg\" class=\"attachment-thumbnail size-thumbnail\" alt=\"\" \/><\/a>\n\t\t\t\t<\/dt><\/dl><dl class='gallery-item'>\n\t\t\t\t<dt class='gallery-icon portrait'>\n\t\t\t\t\t<a class=\"rollover rollover-zoom dt-pswp-item\" title=\"IMG-20240120-WA0036\" data-dt-img-description=\"\" data-large_image_width=\"1536\" data-large_image_height=\"2048\"href='https:\/\/www.radiopiu.net\/wordpress\/wp-content\/uploads\/2024\/01\/IMG-20240120-WA0036.jpg'><img loading=\"lazy\" decoding=\"async\" width=\"150\" height=\"150\" src=\"https:\/\/www.radiopiu.net\/wordpress\/wp-content\/uploads\/2024\/01\/IMG-20240120-WA0036-150x150.jpg\" class=\"attachment-thumbnail size-thumbnail\" alt=\"\" \/><\/a>\n\t\t\t\t<\/dt><\/dl><dl class='gallery-item'>\n\t\t\t\t<dt class='gallery-icon landscape'>\n\t\t\t\t\t<a class=\"rollover rollover-zoom dt-pswp-item\" title=\"IMG20240120191220\" data-dt-img-description=\"\" data-large_image_width=\"2560\" data-large_image_height=\"1920\"href='https:\/\/www.radiopiu.net\/wordpress\/wp-content\/uploads\/2024\/01\/IMG20240120191220-scaled.jpg'><img loading=\"lazy\" decoding=\"async\" width=\"150\" height=\"150\" src=\"https:\/\/www.radiopiu.net\/wordpress\/wp-content\/uploads\/2024\/01\/IMG20240120191220-150x150.jpg\" class=\"attachment-thumbnail size-thumbnail\" alt=\"\" \/><\/a>\n\t\t\t\t<\/dt><\/dl><br style=\"clear: both\" \/>\n\t\t\t<\/div>\n\n<p>&nbsp;<\/p>\n<p>&nbsp;<\/p>\n<p>*******<\/p>\n","protected":false},"excerpt":{"rendered":"<p>****** &nbsp; FALCADE Sabato scorso si \u00e8 tenuto a Caviola un convegno che ha approfondito le problematiche legate alla presenza del lupo nell\u2019area del Bellunese. Organizzato dall&#8217;associazione Quad in quota e patrocinato dal Comune di Falcade, rappresentato alla serata dal sindaco Mauro Salvaterra, l\u2019evento ha toccato argomenti di grande interesse alla luce degli avvistamenti quotidiani&hellip;<\/p>\n","protected":false},"author":4,"featured_media":371041,"comment_status":"closed","ping_status":"closed","sticky":false,"template":"","format":"standard","meta":{"_monsterinsights_skip_tracking":false,"_monsterinsights_sitenote_active":false,"_monsterinsights_sitenote_note":"","_monsterinsights_sitenote_category":0,"footnotes":""},"categories":[51,49],"tags":[],"class_list":["post-371036","post","type-post","status-publish","format-standard","has-post-thumbnail","hentry","category-evidenza-top","category-news-18","category-51","category-49","description-off"],"img_url":"https:\/\/www.radiopiu.net\/wordpress\/wp-content\/uploads\/2024\/01\/IMG20240120191220-scaled.jpg","_links":{"self":[{"href":"https:\/\/www.radiopiu.net\/wordpress\/wp-json\/wp\/v2\/posts\/371036","targetHints":{"allow":["GET"]}}],"collection":[{"href":"https:\/\/www.radiopiu.net\/wordpress\/wp-json\/wp\/v2\/posts"}],"about":[{"href":"https:\/\/www.radiopiu.net\/wordpress\/wp-json\/wp\/v2\/types\/post"}],"author":[{"embeddable":true,"href":"https:\/\/www.radiopiu.net\/wordpress\/wp-json\/wp\/v2\/users\/4"}],"replies":[{"embeddable":true,"href":"https:\/\/www.radiopiu.net\/wordpress\/wp-json\/wp\/v2\/comments?post=371036"}],"version-history":[{"count":0,"href":"https:\/\/www.radiopiu.net\/wordpress\/wp-json\/wp\/v2\/posts\/371036\/revisions"}],"wp:featuredmedia":[{"embeddable":true,"href":"https:\/\/www.radiopiu.net\/wordpress\/wp-json\/wp\/v2\/media\/371041"}],"wp:attachment":[{"href":"https:\/\/www.radiopiu.net\/wordpress\/wp-json\/wp\/v2\/media?parent=371036"}],"wp:term":[{"taxonomy":"category","embeddable":true,"href":"https:\/\/www.radiopiu.net\/wordpress\/wp-json\/wp\/v2\/categories?post=371036"},{"taxonomy":"post_tag","embeddable":true,"href":"https:\/\/www.radiopiu.net\/wordpress\/wp-json\/wp\/v2\/tags?post=371036"}],"curies":[{"name":"wp","href":"https:\/\/api.w.org\/{rel}","templated":true}]}}