{"id":371079,"date":"2024-01-23T05:35:43","date_gmt":"2024-01-23T04:35:43","guid":{"rendered":"https:\/\/www.radiopiu.net\/wordpress\/?p=371079"},"modified":"2024-01-23T05:37:45","modified_gmt":"2024-01-23T04:37:45","slug":"furti-a-feltre-rottura-di-finestra-in-via-luciani-e-colpo-a-pedavena","status":"publish","type":"post","link":"https:\/\/www.radiopiu.net\/wordpress\/furti-a-feltre-rottura-di-finestra-in-via-luciani-e-colpo-a-pedavena\/","title":{"rendered":"Furti a Feltre. Rottura di Finestra in Via Luciani e Colpo a Pedavena"},"content":{"rendered":"<p>**<\/p>\n<p>&nbsp;<\/p>\n<div class=\"flex-1 overflow-hidden\">\n<div class=\"react-scroll-to-bottom--css-qddmr-79elbk h-full\">\n<div class=\"react-scroll-to-bottom--css-qddmr-1n7m0yu\">\n<div class=\"flex flex-col pb-9 text-sm\">\n<div class=\"w-full text-token-text-primary\" data-testid=\"conversation-turn-21\">\n<div class=\"px-4 py-2 justify-center text-base md:gap-6 m-auto\">\n<div class=\"flex flex-1 text-base mx-auto gap-3 md:px-5 lg:px-1 xl:px-5 md:max-w-3xl lg:max-w-[40rem] xl:max-w-[48rem] group final-completion\">\n<div class=\"relative flex w-full flex-col lg:w-[calc(100%-115px)] agent-turn\">\n<div class=\"flex-col gap-1 md:gap-3\">\n<div class=\"flex flex-grow flex-col max-w-full\">\n<div class=\"min-h-[20px] text-message flex flex-col items-start gap-3 whitespace-pre-wrap break-words [.text-message+&amp;]:mt-5 overflow-x-auto\" data-message-author-role=\"assistant\" data-message-id=\"d2312978-c3ed-4b2e-8e0c-a1d3cf2ee7da\">\n<div class=\"markdown prose w-full break-words dark:prose-invert dark\">\n<blockquote>\n<h1><\/h1>\n<\/blockquote>\n<\/div>\n<\/div>\n<\/div>\n<div class=\"mt-1 flex justify-start gap-3 empty:hidden\">\n<div class=\"text-gray-400 flex self-end lg:self-center justify-center lg:justify-start mt-0 -ml-1 visible\"><em>&#8220;Nella quiete cittadina, il furtivo intrigo si cela dietro la rottura di una finestra in Via Luciani e il colpo a Pedavena. Tra vetri infranti e cassaforti aperte, la vigilanza della comunit\u00e0 si rivela un alleato insostituibile nella difesa contro i ladri.<\/em><\/div>\n<\/div>\n<\/div>\n<\/div>\n<\/div>\n<\/div>\n<\/div>\n<\/div>\n<\/div>\n<\/div>\n<\/div>\n<div class=\"w-full pt-2 md:pt-0 dark:border-white\/20 md:border-transparent md:dark:border-transparent md:w-[calc(100%-.5rem)]\">\n<form class=\"stretch mx-2 flex flex-row gap-3 last:mb-2 md:mx-4 md:last:mb-6 lg:mx-auto lg:max-w-2xl xl:max-w-3xl\">\n<div class=\"relative flex h-full flex-1 items-stretch md:flex-col\">\n<div><strong><a href=\"https:\/\/www.radiopiu.net\/wordpress\/wp-content\/uploads\/2022\/01\/burglar-4925202__340.webp\"><img loading=\"lazy\" decoding=\"async\" class=\"wp-image-252386 alignleft\" src=\"https:\/\/www.radiopiu.net\/wordpress\/wp-content\/uploads\/2022\/01\/burglar-4925202__340-300x245.webp\" alt=\"\" width=\"179\" height=\"146\" srcset=\"https:\/\/www.radiopiu.net\/wordpress\/wp-content\/uploads\/2022\/01\/burglar-4925202__340-300x245.webp 300w, https:\/\/www.radiopiu.net\/wordpress\/wp-content\/uploads\/2022\/01\/burglar-4925202__340.webp 416w\" sizes=\"auto, (max-width: 179px) 100vw, 179px\" \/><\/a>FELTRE<\/strong> I Ladri sono tornati in citt\u00e0 e comuni vicini, con un furto domenicale in via Luciani, dove una finestra \u00e8 stata forzata. Almeno un ladro \u00e8 entrato, ma nella stanza non c&#8217;erano oggetti di valore e l&#8217;accesso al piano superiore era impossibile. I vicini, sospettando qualcosa, potrebbero averli fatti fuggire. I carabinieri hanno indagato e i proprietari hanno presentato denuncia. Altrove, a Pedavena, ladri hanno danneggiato finestre per entrare in una casa non abitata da un anno. Hanno aperto una cassaforte con un flessibile, ma questa conteneva solo oggetti di poco valore. Un parente ha scoperto il furto sabato.<\/div>\n<\/div>\n<div><\/div>\n<div>\n<hr \/>\n<\/div>\n<\/form>\n<\/div>\n<h3><\/h3>\n<h3><\/h3>\n","protected":false},"excerpt":{"rendered":"<p>** &nbsp; &#8220;Nella quiete cittadina, il furtivo intrigo si cela dietro la rottura di una finestra in Via Luciani e il colpo a Pedavena. Tra vetri infranti e cassaforti aperte, la vigilanza della comunit\u00e0 si rivela un alleato insostituibile nella difesa contro i ladri. FELTRE I Ladri sono tornati in citt\u00e0 e comuni vicini, con&hellip;<\/p>\n","protected":false},"author":4,"featured_media":252386,"comment_status":"closed","ping_status":"closed","sticky":false,"template":"","format":"standard","meta":{"_monsterinsights_skip_tracking":false,"_monsterinsights_sitenote_active":false,"_monsterinsights_sitenote_note":"","_monsterinsights_sitenote_category":0,"footnotes":""},"categories":[51,49],"tags":[],"class_list":["post-371079","post","type-post","status-publish","format-standard","has-post-thumbnail","hentry","category-evidenza-top","category-news-18","category-51","category-49","description-off"],"img_url":"https:\/\/www.radiopiu.net\/wordpress\/wp-content\/uploads\/2022\/01\/burglar-4925202__340.webp","_links":{"self":[{"href":"https:\/\/www.radiopiu.net\/wordpress\/wp-json\/wp\/v2\/posts\/371079","targetHints":{"allow":["GET"]}}],"collection":[{"href":"https:\/\/www.radiopiu.net\/wordpress\/wp-json\/wp\/v2\/posts"}],"about":[{"href":"https:\/\/www.radiopiu.net\/wordpress\/wp-json\/wp\/v2\/types\/post"}],"author":[{"embeddable":true,"href":"https:\/\/www.radiopiu.net\/wordpress\/wp-json\/wp\/v2\/users\/4"}],"replies":[{"embeddable":true,"href":"https:\/\/www.radiopiu.net\/wordpress\/wp-json\/wp\/v2\/comments?post=371079"}],"version-history":[{"count":0,"href":"https:\/\/www.radiopiu.net\/wordpress\/wp-json\/wp\/v2\/posts\/371079\/revisions"}],"wp:featuredmedia":[{"embeddable":true,"href":"https:\/\/www.radiopiu.net\/wordpress\/wp-json\/wp\/v2\/media\/252386"}],"wp:attachment":[{"href":"https:\/\/www.radiopiu.net\/wordpress\/wp-json\/wp\/v2\/media?parent=371079"}],"wp:term":[{"taxonomy":"category","embeddable":true,"href":"https:\/\/www.radiopiu.net\/wordpress\/wp-json\/wp\/v2\/categories?post=371079"},{"taxonomy":"post_tag","embeddable":true,"href":"https:\/\/www.radiopiu.net\/wordpress\/wp-json\/wp\/v2\/tags?post=371079"}],"curies":[{"name":"wp","href":"https:\/\/api.w.org\/{rel}","templated":true}]}}