{"id":371102,"date":"2024-01-01T09:38:15","date_gmt":"2024-01-01T08:38:15","guid":{"rendered":"https:\/\/www.radiopiu.net\/wordpress\/?p=371102"},"modified":"2024-01-23T09:43:53","modified_gmt":"2024-01-23T08:43:53","slug":"giornale-radiopiu-23-gennaio-2024-direttore-mirko-mezzacasada-40-anni-25-giugno-1983-25-giugno-2023-2","status":"publish","type":"post","link":"https:\/\/www.radiopiu.net\/wordpress\/giornale-radiopiu-23-gennaio-2024-direttore-mirko-mezzacasada-40-anni-25-giugno-1983-25-giugno-2023-2\/","title":{"rendered":"GIORNALE RADIOPIU 23 GENNAIO 2024 DIRETTORE MIRKO MEZZACASA\u2026DA 40 ANNI 25 GIUGNO 1983-25 GIUGNO 2023"},"content":{"rendered":"<h1>***<\/h1>\n<p>&nbsp;<\/p>\n<h1 class=\"entry-title photoswipe-wrapper\"><strong><a class=\"dt-pswp-item\" href=\"https:\/\/www.radiopiu.net\/wordpress\/wp-content\/uploads\/2023\/12\/logo-radio.jpg\" data-dt-img-description=\"\" data-large_image_width=\"800\" data-large_image_height=\"600\"><img loading=\"lazy\" decoding=\"async\" class=\"wp-image-367163 alignleft\" src=\"https:\/\/www.radiopiu.net\/wordpress\/wp-content\/uploads\/2023\/12\/logo-radio-300x225.jpg\" alt=\"\" width=\"109\" height=\"82\" srcset=\"https:\/\/www.radiopiu.net\/wordpress\/wp-content\/uploads\/2023\/12\/logo-radio-300x225.jpg 300w, https:\/\/www.radiopiu.net\/wordpress\/wp-content\/uploads\/2023\/12\/logo-radio-768x576.jpg 768w, https:\/\/www.radiopiu.net\/wordpress\/wp-content\/uploads\/2023\/12\/logo-radio.jpg 800w\" sizes=\"auto, (max-width: 109px) 100vw, 109px\" \/><\/a><\/strong><\/h1>\n<h1 class=\"entry-title photoswipe-wrapper\">40esimo di RADIOPIU\u2026. LA VOCE DELL\u2019EMOZIONE<\/h1>\n<h2><\/h2>\n<h2><span style=\"color: #ff0000;\">ISCRIVITI AL NOSTRO CANALE\u00a0\u00a0YOUTUBE PER SEGUIRE IN DIRETTA I PRINCIPALI PROGRAMMI DI RADIO PIU\u2019 E LE FUTURE DIRETTE IN ESTERNA. PER ISCRIVERTI <a style=\"color: #ff0000;\" href=\"https:\/\/youtube.com\/@radiopiu1527\">CLICCA QUI\u00a0<\/a>E PREMI\u00a0 \u201cIscriviti\u201d\u00a0\u00a0<\/span><\/h2>\n<p>&nbsp;<\/p>\n<p><a href=\"https:\/\/www.radiopiu.net\/wordpress\/wp-content\/uploads\/2024\/01\/Senza-nome-56.png\" data-dt-img-description=\"\" data-large_image_width=\"499\" data-large_image_height=\"190\"><img loading=\"lazy\" decoding=\"async\" class=\"aligncenter wp-image-370079 size-full\" src=\"https:\/\/www.radiopiu.net\/wordpress\/wp-content\/uploads\/2024\/01\/Senza-nome-56.png\" alt=\"\" width=\"499\" height=\"190\" srcset=\"https:\/\/www.radiopiu.net\/wordpress\/wp-content\/uploads\/2024\/01\/Senza-nome-56.png 499w, https:\/\/www.radiopiu.net\/wordpress\/wp-content\/uploads\/2024\/01\/Senza-nome-56-300x114.png 300w\" sizes=\"auto, (max-width: 499px) 100vw, 499px\" \/><\/a><\/p>\n<p>&nbsp;<\/p>\n<h2 style=\"text-align: center;\"><span style=\"color: #3366ff;\">WE LOVE NEVEGAL&#8230;ANCHE LO SPORT E&#8217; STRUMENTO PER RILANCIARE IL COLLE<\/span><\/h2>\n<p><a class=\"dt-pswp-item\" href=\"https:\/\/www.radiopiu.net\/wordpress\/wp-content\/uploads\/2024\/01\/6bd0c71f-3a0e-42df-be38-ce90cb8ea983.jpg\" data-dt-img-description=\"\" data-large_image_width=\"1024\" data-large_image_height=\"771\"><img loading=\"lazy\" decoding=\"async\" class=\"aligncenter wp-image-371051 size-medium\" src=\"https:\/\/www.radiopiu.net\/wordpress\/wp-content\/uploads\/2024\/01\/6bd0c71f-3a0e-42df-be38-ce90cb8ea983-300x226.jpg\" alt=\"\" width=\"300\" height=\"226\" srcset=\"https:\/\/www.radiopiu.net\/wordpress\/wp-content\/uploads\/2024\/01\/6bd0c71f-3a0e-42df-be38-ce90cb8ea983-300x226.jpg 300w, https:\/\/www.radiopiu.net\/wordpress\/wp-content\/uploads\/2024\/01\/6bd0c71f-3a0e-42df-be38-ce90cb8ea983-768x578.jpg 768w, https:\/\/www.radiopiu.net\/wordpress\/wp-content\/uploads\/2024\/01\/6bd0c71f-3a0e-42df-be38-ce90cb8ea983.jpg 1024w\" sizes=\"auto, (max-width: 300px) 100vw, 300px\" \/><\/a><\/p>\n<p>&nbsp;<\/p>\n<p>&nbsp;<\/p>\n<hr \/>\n<p>&nbsp;<\/p>\n<p>&nbsp;<\/p>\n<p><strong><span style=\"color: #ff0000;\"><em>&#8220;Tra cavalli e carrozze l&#8217;avanzamento \u00e8 certo, ma affidarsi alla DolomitiBus, quando il servizio si perde, \u00e8 come sperare in una corsa senza rotte.&#8221; (MM)<\/em><\/span><\/strong><\/p>\n<blockquote>\n<h3><a class=\"dt-pswp-item\" href=\"https:\/\/www.radiopiu.net\/wordpress\/wp-content\/uploads\/2021\/10\/9d1e264f-0772-472e-94d9-473a8e2a9cd1.jpg\" data-dt-img-description=\"\" data-large_image_width=\"1599\" data-large_image_height=\"899\"><img loading=\"lazy\" decoding=\"async\" class=\"wp-image-237484 alignleft\" src=\"https:\/\/www.radiopiu.net\/wordpress\/wp-content\/uploads\/2021\/10\/9d1e264f-0772-472e-94d9-473a8e2a9cd1-300x169.jpg\" alt=\"\" width=\"185\" height=\"104\" srcset=\"https:\/\/www.radiopiu.net\/wordpress\/wp-content\/uploads\/2021\/10\/9d1e264f-0772-472e-94d9-473a8e2a9cd1-300x169.jpg 300w, https:\/\/www.radiopiu.net\/wordpress\/wp-content\/uploads\/2021\/10\/9d1e264f-0772-472e-94d9-473a8e2a9cd1-1024x576.jpg 1024w, https:\/\/www.radiopiu.net\/wordpress\/wp-content\/uploads\/2021\/10\/9d1e264f-0772-472e-94d9-473a8e2a9cd1-768x432.jpg 768w, https:\/\/www.radiopiu.net\/wordpress\/wp-content\/uploads\/2021\/10\/9d1e264f-0772-472e-94d9-473a8e2a9cd1-1536x864.jpg 1536w, https:\/\/www.radiopiu.net\/wordpress\/wp-content\/uploads\/2021\/10\/9d1e264f-0772-472e-94d9-473a8e2a9cd1.jpg 1599w\" sizes=\"auto, (max-width: 185px) 100vw, 185px\" \/><\/a>NEL SILENZIO PIU&#8217; TOTALE LA DOLOMITIBUS CONTINUA A TAGLIARE&#8230;<\/h3>\n<p>BELLUNO Anche oggi Dolomitibus taglier\u00e0\u00a0 ventisei corse, soprattutto nel servizio urbano. Tagli che si aggiungono a quelli di novembre, quando vennero cancellate in maniera strutturale 47 corse.<\/p><\/blockquote>\n<p>&nbsp;<\/p>\n<hr \/>\n<blockquote>\n<blockquote>\n<h1><span style=\"color: #ff0000;\">I podcast informativi del mattino &#8211; audio &#8211;\u00a0<\/span><\/h1>\n<\/blockquote>\n<p><strong><a class=\"dt-pswp-item\" href=\"https:\/\/www.radiopiu.net\/wordpress\/wp-content\/uploads\/2023\/11\/th-10.jpg\" data-dt-img-description=\"\" data-large_image_width=\"320\" data-large_image_height=\"180\"><img loading=\"lazy\" decoding=\"async\" class=\"wp-image-362866 alignleft\" src=\"https:\/\/www.radiopiu.net\/wordpress\/wp-content\/uploads\/2023\/11\/th-10-300x169.jpg\" alt=\"\" width=\"185\" height=\"104\" srcset=\"https:\/\/www.radiopiu.net\/wordpress\/wp-content\/uploads\/2023\/11\/th-10-300x169.jpg 300w, https:\/\/www.radiopiu.net\/wordpress\/wp-content\/uploads\/2023\/11\/th-10.jpg 320w\" sizes=\"auto, (max-width: 185px) 100vw, 185px\" \/><\/a>LA RASSEGNA STAMPA NAZIONALE ALLA RADIO, OGNI GIORNO ALLE 5 E ALLE 6 DEL MATTINO <span style=\"color: #0000ff;\">viene pubblicata alle 6.00 <span style=\"color: #ff0000;\">DIRETTA RADIO\u00a0<\/span><\/span><\/strong><\/p>\n<h1>di Federica Mujaccia<\/h1>\n<\/blockquote>\n<p>La proposta di <strong>Israele<\/strong> sugli ostaggi, le dichiarazioni di Netanyau. <strong>Iran<\/strong> uccisa una studentessa di vent&#8217;anni. Vertice <strong>Italia Turchia,<\/strong> cosa \u00e8 emerso dall&#8217;incontro Meloni-Erdogan. La cronaca nuove accuse per <strong>Chiara Ferragni<\/strong>, indagata per campagna e prodotti giochi preziosi e trudi. <strong>Accoltellamento<\/strong> nel comasco, muore un uomo di 43 anni. Si indaga sulle explosioni all&#8217;inceneritore di <strong>Riccione<\/strong>, tre feriti. .<\/p>\n<blockquote><p><strong>AUDIO\u00a0<\/strong><\/p><\/blockquote>\n<audio class=\"wp-audio-shortcode\" id=\"audio-371102-1\" preload=\"none\" style=\"width: 100%;\" controls=\"controls\"><source type=\"audio\/mpeg\" src=\"https:\/\/www.radiopiu.net\/wordpress\/wp-content\/uploads\/2024\/01\/GIORNALEDELLESEI-17.mp3?_=1\" \/><a href=\"https:\/\/www.radiopiu.net\/wordpress\/wp-content\/uploads\/2024\/01\/GIORNALEDELLESEI-17.mp3\">https:\/\/www.radiopiu.net\/wordpress\/wp-content\/uploads\/2024\/01\/GIORNALEDELLESEI-17.mp3<\/a><\/audio>\n<p>&nbsp;<\/p>\n<hr \/>\n<blockquote>\n<h2><\/h2>\n<\/blockquote>\n<h1 style=\"text-align: center;\"><span style=\"color: #ff0000;\">I podcast informativi del mattino &#8211; audio &#8211;\u00a0<\/span><\/h1>\n<p><strong><a class=\"dt-pswp-item\" href=\"https:\/\/www.radiopiu.net\/wordpress\/wp-content\/uploads\/2023\/12\/images.png\" data-dt-img-description=\"\" data-large_image_width=\"316\" data-large_image_height=\"160\"><img loading=\"lazy\" decoding=\"async\" class=\"wp-image-367008 alignleft\" src=\"https:\/\/www.radiopiu.net\/wordpress\/wp-content\/uploads\/2023\/12\/images-300x152.png\" alt=\"\" width=\"235\" height=\"119\" srcset=\"https:\/\/www.radiopiu.net\/wordpress\/wp-content\/uploads\/2023\/12\/images-300x152.png 300w, https:\/\/www.radiopiu.net\/wordpress\/wp-content\/uploads\/2023\/12\/images.png 316w\" sizes=\"auto, (max-width: 235px) 100vw, 235px\" \/><\/a>OGNI GIORNO ALLE SETTE DEL MATTINO, LA RASSEGNA STAMPA LOCALE FLASH&#8230; PER CHI VA IN FRETTA. I TITOLI DAI GIORNALI E DAL SITO WWW.RADIOPIU.NET <span style=\"color: #0000ff;\">viene pubblicato alle 7.00<\/span> <span style=\"color: #ff0000;\">DIRETTA RADIO\u00a0<\/span><\/strong><\/p>\n<p><em><span style=\"color: #ff0000;\">per chi va in fretta&#8230; tante notizie in pochi minuti. L&#8217;informazione locale alla radio, ogni ora dalle 7 del mattino alle 19 della sera.<\/span><\/em><\/p>\n<p><strong>BELLUNO<\/strong> Anche oggi Dolomitibus taglier\u00e0\u00a0 ventisei corse, soprattutto nel servizio urbano. Sciopero nazionale di settore (TRASPORTI) indetto per domani. PREVEDE LA GARANZIA DEL SERVIZIO NELLE SEGUENTI FASCE ORARIE DALLE 5:40 ALLE\u00a0 8:09 e DALLE\u00a0 12:10 ALLE\u00a0 15:39<br \/>\n<strong>FELTRE<\/strong> I Ladri sono tornati in citt\u00e0 e comuni vicini, con un furto domenicale in via Luciani, dove una finestra \u00e8 stata forzata. Almeno un ladro \u00e8 entrato, ma nella stanza non c&#8217;erano oggetti di valore e l&#8217;accesso al piano superiore era impossibile<br \/>\n<strong>AGORDO<\/strong> VALCOZZENA, GIULIO FAVRETTI FA LA FOTOGRAFIA DELLA SITUAZIONE NELLA ZONA INDUSTRIALE DI AGORDO<br \/>\n<strong>REDAZIONE<\/strong> Ieri poco dopo mezzogiorno l&#8217;elicottero del SUEM \u00e8 volato a Passo Campolongo per un 77enne di Isernia che si era fatto male in pista. Caricato a bordo \u00e8 stato portato all&#8217;Ospedale San Martino di Belluno.<br \/>\n<strong>TEST IN PUSTERIA,<\/strong> POSSIBILI SCONFINAMENTI DI &#8220;SEGNALI&#8221; A LIVINALLONGO E ZONE LIMTROFE Gioved\u00ec, dalle 12 alle 13, si terr\u00e0 una nuova fase di test del sistema di allarme di protezione civile It-alert in Alto Adige.<br \/>\n<strong>BELLUNO<\/strong> LA MONGOLFIERA DI GIORGIA ONLUS FINANZIA PROGETTI DI SOLLIEVO PER OLTRE 10 MILA EURO<br \/>\n<strong>BELLUNO<\/strong> OLTRE 3 MILA VISITATORI ALLA MOSTRA \u201cRIFLESSIONI D&#8217;ACQUA, IMPRESSIONI DI ROCCIA\u201d<br \/>\n<strong>ZOLDO<\/strong> NEL FINE SETTIMANA LA 15ESIMA EDIZIONE DI ZOLDO IS FUN<br \/>\n<strong>GIOVANI<\/strong> E SPORT, IL 31 GENNAIO IL PRIMO APPUNTAMENTO<br \/>\n<strong>BELLUNO<\/strong> Oggi alle 12:30 nella Sala Capigruppo al terzo piano del Palazzo Ex Tribunale si terr\u00e0 la Conferenza Stampa di presentazione dello spettacolo &#8221; Le Bambine di Terenz\u00ecn&#8221; in programma il 31 gennaio al Teatro Dino Buzzati.<br \/>\n<strong>AGORDO<\/strong> E&#8217; in programma per domani l&#8217;open day della Scuola dell&#8217;infanzia di Agordo dedicato ai genitori.<\/p>\n<p><strong>SKI CROSS<\/strong> ALLEGHE SI PREPARA AD ACCOGLIERE I CAMPIONI DI SKI CROSS<br \/>\n<strong>PALLAVOLO<\/strong> OTTIMA PROVA DEL BELLUNO VOLLEY CONTRO IL SAN DONA&#8217;<br \/>\n<strong>CALCIO A 5 <\/strong>GIESSE PER LO SPORT&#8230;CON LA CANOTTIERI BELLUNO CALCIO A 5 LO SPECIALE SULLE TRE RADIO, OGGI ALLE 13.20<\/p>\n<h1>AUDIO<\/h1>\n<audio class=\"wp-audio-shortcode\" id=\"audio-371102-2\" preload=\"none\" style=\"width: 100%;\" controls=\"controls\"><source type=\"audio\/mpeg\" src=\"https:\/\/www.radiopiu.net\/wordpress\/wp-content\/uploads\/2024\/01\/GF07-17.mp3?_=2\" \/><a href=\"https:\/\/www.radiopiu.net\/wordpress\/wp-content\/uploads\/2024\/01\/GF07-17.mp3\">https:\/\/www.radiopiu.net\/wordpress\/wp-content\/uploads\/2024\/01\/GF07-17.mp3<\/a><\/audio>\n<p>&nbsp;<\/p>\n<p>&nbsp;<\/p>\n<hr \/>\n<p>&nbsp;<\/p>\n<p>&nbsp;<\/p>\n<h1 style=\"text-align: center;\"><span style=\"color: #ff0000;\">I podcast informativi del mattino &#8211; audio &#8211;\u00a0<\/span><\/h1>\n<p>&nbsp;<\/p>\n<blockquote><p><strong><a class=\"dt-pswp-item\" href=\"https:\/\/www.radiopiu.net\/wordpress\/wp-content\/uploads\/2021\/07\/microfono-radio-ok-768x448-768x448-1.jpg\" data-dt-img-description=\"\" data-large_image_width=\"768\" data-large_image_height=\"448\"><img loading=\"lazy\" decoding=\"async\" class=\"wp-image-220632 alignleft\" src=\"https:\/\/www.radiopiu.net\/wordpress\/wp-content\/uploads\/2021\/07\/microfono-radio-ok-768x448-768x448-1-300x175.jpg\" alt=\"\" width=\"178\" height=\"104\" srcset=\"https:\/\/www.radiopiu.net\/wordpress\/wp-content\/uploads\/2021\/07\/microfono-radio-ok-768x448-768x448-1-300x175.jpg 300w, https:\/\/www.radiopiu.net\/wordpress\/wp-content\/uploads\/2021\/07\/microfono-radio-ok-768x448-768x448-1.jpg 768w\" sizes=\"auto, (max-width: 178px) 100vw, 178px\" \/><\/a>GIORNALE RADIO NAZIONALE, EDIZIONE DELLE SETTE <span style=\"color: #0000ff;\">viene pubblicato alle 7.05 <span style=\"color: #ff0000;\">DIRETTA RADIO\u00a0<\/span><\/span><\/strong><\/p><\/blockquote>\n<p><strong>il giornale radionazionale e&#8217; in onda ogni ora, dalle sette del mattino alle venti della sera\u00a0\u00a0<\/strong><\/p>\n<p>&nbsp;<\/p>\n<p>&nbsp;<\/p>\n<p><strong>109 giorni di guerra<\/strong> in Medio Oriente. America: Israele ha diritto di difendersi e gil ospedali devono essere protetti. <strong>Nuovi attacchi<\/strong> su larga scala nello Yemen. In Italia <strong>addio a Gigi Riva<\/strong> leggenda del calcio italiano. <strong>Caso Ferragni<\/strong>, truffa aggravata e si allargano le indagini. <strong>Meloni<\/strong> attacca il super bonus. <strong>Domani<\/strong> lo sciopero dei trasporti sui mezzi pubblici: salari, sicurezza e diritti. <strong>Calcio<\/strong> Supercoppa, la spunta l&#8217;Inter, Napoli in 10. <strong>Inzaghi<\/strong> nella storia<\/p>\n<h1>AUDIO<\/h1>\n<audio class=\"wp-audio-shortcode\" id=\"audio-371102-3\" preload=\"none\" style=\"width: 100%;\" controls=\"controls\"><source type=\"audio\/mpeg\" src=\"https:\/\/www.radiopiu.net\/wordpress\/wp-content\/uploads\/2024\/01\/giornale07-17.mp3?_=3\" \/><a href=\"https:\/\/www.radiopiu.net\/wordpress\/wp-content\/uploads\/2024\/01\/giornale07-17.mp3\">https:\/\/www.radiopiu.net\/wordpress\/wp-content\/uploads\/2024\/01\/giornale07-17.mp3<\/a><\/audio>\n<p>&nbsp;<\/p>\n<p>&nbsp;<\/p>\n<blockquote>\n<h1><span style=\"color: #ff0000;\">I podcast informativi del mattino &#8211; video &#8211;\u00a0<\/span><\/h1>\n<h2><strong><a class=\"dt-pswp-item\" href=\"https:\/\/www.radiopiu.net\/wordpress\/wp-content\/uploads\/2023\/12\/th-10.jpg\" data-dt-img-description=\"\" data-large_image_width=\"245\" data-large_image_height=\"180\"><img loading=\"lazy\" decoding=\"async\" class=\" wp-image-367395 alignleft\" src=\"https:\/\/www.radiopiu.net\/wordpress\/wp-content\/uploads\/2023\/12\/th-10.jpg\" alt=\"\" width=\"166\" height=\"122\" \/><\/a>RASSEGNA STAMPA LOCALE, ORE OTTO 05<\/strong><\/h2>\n<h2><strong> <span style=\"color: #0000ff;\">viene\u00a0 <\/span><\/strong><strong><span style=\"color: #0000ff;\">pubblicata alle 8.05 <span style=\"color: #ff0000;\">DIRETTA RADIO\u00a0\u00a0<\/span><\/span><\/strong><\/h2>\n<p><strong>ALLO STABILIMENTO ESSILORLUXOTTICA<\/strong> DI AGORDO CONCORDATI I SABATI LAVORATIVI DI FEBBRAIO altro che settimana corta&#8230;necessit\u00e0 di produzione per le nuove collezioni.<br \/>\n<strong>LUPI SULLE ALPI,<\/strong> LA PRESENZA PREOCCUPA FALCADE E IL BELLUNESE Michele Corti ha evidenziato il rischio di attacchi umani, citando casi recenti.<br \/>\n<strong>SEDICO,<\/strong> ALLA SCUOLA EDILE DI SEDICO DUE PROGETTI SULLA SICUREZZA FINANZIATI DA INAIL E SPISAL<br \/>\n<strong>FELTRE<\/strong> NASCE IL \u2018CAMMINO RETICO\u2019, VIAGGIO DI EMOZIONI ALLA RICERCA DELLE RADICI<br \/>\n<strong>GIUDIZIARIA<\/strong> Assolto dopo sette udienze: Insufficienza di prove; FELTRE Il padre, accusato di maltrattamenti durati nove anni, \u00e8 stato assolto per mancanza di prove; REDDITO DI CITTADINANZA <strong>FELTRE \u00a0<\/strong>Di nazionalit\u00e0 romena e residente a Cesiomaggiore, la donna avrebbe mentito due volte secondo il pubblico ministero Roberta Gallego. Rischia di rimediare una condanna da due a sei anni di reclusione, la donna punta il dito contro il Caf; <strong>FELTRE<\/strong> M. A.\u00a0 \u00e8 sotto accusa per appropriazione indebita di 59.500 euro in contanti, bonifici e la vendita di appartamenti di un&#8217;anziana correntista. La vittima, con un amministratore di sostegno, si \u00e8 costituita parte civile<\/p><\/blockquote>\n<h1>\u00a0VIDEO<\/h1>\n<p><iframe loading=\"lazy\" title=\"DAL 1983 LA RASSEGNA STAMPA LOCALE di mirko mezzacasa. L&#039;ORIGINALE\" width=\"1200\" height=\"675\" src=\"https:\/\/www.youtube.com\/embed\/BM3gj6MqCDI?feature=oembed\" frameborder=\"0\" allow=\"accelerometer; autoplay; clipboard-write; encrypted-media; gyroscope; picture-in-picture; web-share\" allowfullscreen><\/iframe><\/p>\n<h1><\/h1>\n<hr \/>\n<p>&nbsp;<\/p>\n<p>&nbsp;<\/p>\n<p><a class=\"dt-pswp-item\" href=\"https:\/\/www.radiopiu.net\/wordpress\/wp-content\/uploads\/2023\/10\/34f4cfc6-e863-46e9-9695-8df44be63421.jpg\" data-dt-img-description=\"\" data-large_image_width=\"1200\" data-large_image_height=\"1200\"><img loading=\"lazy\" decoding=\"async\" class=\"wp-image-357393 alignleft\" src=\"https:\/\/www.radiopiu.net\/wordpress\/wp-content\/uploads\/2023\/10\/34f4cfc6-e863-46e9-9695-8df44be63421-300x300.jpg\" alt=\"\" width=\"81\" height=\"81\" srcset=\"https:\/\/www.radiopiu.net\/wordpress\/wp-content\/uploads\/2023\/10\/34f4cfc6-e863-46e9-9695-8df44be63421-300x300.jpg 300w, https:\/\/www.radiopiu.net\/wordpress\/wp-content\/uploads\/2023\/10\/34f4cfc6-e863-46e9-9695-8df44be63421-1024x1024.jpg 1024w, https:\/\/www.radiopiu.net\/wordpress\/wp-content\/uploads\/2023\/10\/34f4cfc6-e863-46e9-9695-8df44be63421-150x150.jpg 150w, https:\/\/www.radiopiu.net\/wordpress\/wp-content\/uploads\/2023\/10\/34f4cfc6-e863-46e9-9695-8df44be63421-768x768.jpg 768w, https:\/\/www.radiopiu.net\/wordpress\/wp-content\/uploads\/2023\/10\/34f4cfc6-e863-46e9-9695-8df44be63421.jpg 1200w\" sizes=\"auto, (max-width: 81px) 100vw, 81px\" \/><\/a>OGGI ALLA RADIO: <strong>ALLE 7<\/strong> LA RASSEGNA STAMPA LOCALE FLASH, PER CHI COME NOI ALLE SETTE DEL MATTINO VA DI FRETTA, TANTE NOTIZIE IN POCHE CHIACCHIERE. <strong>ALLE OTTO<\/strong> L&#8217;APPROFONDIMENTO NELLA STORICA RASSEGNA STAMPA LOCALE.\u00a0 DALLE 6 ALLE 21, OGNI ORA, L&#8217;INFORMAZIONE NAZIONALE, l&#8217;informazione locale, ALLE 10 flash. 11flash. 14 viabilit\u00e0. 15meteo. 16flash. 17flash. 18flash. 19 i titoli di Antenna 3<\/p>\n<p>&nbsp;<\/p>\n<p><strong>oggi alla radio:<\/strong> <em><span style=\"color: #ff0000;\">ALLE 7<\/span> RASSEGNA STAMPA FLASH&#8230;PER CHI VA DI FRETTA POCHE PAROLE, TANTE NOTIZIE E <span style=\"color: #ff0000;\">ALLE 8<\/span> LA STORICA, L&#8217;ORIGINALE RASSEGNA STAMPA LOCALE. <span style=\"color: #ff0000;\">ALLE 9 ALEX<\/span> E LA MUSICA COUNTRY<span style=\"color: #ff0000;\"> 10.30 E 1900<\/span> ORTI RUPESTRI, SABATO A SAN TOMASO IL CONVEGNO SUL FAGIOLO, OSPITI MARIA JOSE&#8217; GAIARDO, MORENO DE VAL E RENATO DA RONCH. <span style=\"color: #ff0000;\">12.30<\/span> NCONTONSE CON MILLY CREPAZ DALL&#8217;ISTITU CULTURAL LADIN CESA DE JAN.\u00a0<\/em><\/p>\n<p>&nbsp;<\/p>\n<hr \/>\n<p>&nbsp;<\/p>\n<h3><a class=\"dt-pswp-item\" href=\"https:\/\/www.radiopiu.net\/wordpress\/wp-content\/uploads\/2020\/06\/80c303ed-9a2e-49f0-8b20-3dd5e061bbf3.jpg\" data-dt-img-description=\"\" data-large_image_width=\"1280\" data-large_image_height=\"960\"><img loading=\"lazy\" decoding=\"async\" class=\"wp-image-145520 alignleft\" src=\"https:\/\/www.radiopiu.net\/wordpress\/wp-content\/uploads\/2020\/06\/80c303ed-9a2e-49f0-8b20-3dd5e061bbf3-300x225.jpg\" alt=\"\" width=\"109\" height=\"82\" srcset=\"https:\/\/www.radiopiu.net\/wordpress\/wp-content\/uploads\/2020\/06\/80c303ed-9a2e-49f0-8b20-3dd5e061bbf3-300x225.jpg 300w, https:\/\/www.radiopiu.net\/wordpress\/wp-content\/uploads\/2020\/06\/80c303ed-9a2e-49f0-8b20-3dd5e061bbf3-1024x768.jpg 1024w, https:\/\/www.radiopiu.net\/wordpress\/wp-content\/uploads\/2020\/06\/80c303ed-9a2e-49f0-8b20-3dd5e061bbf3-768x576.jpg 768w, https:\/\/www.radiopiu.net\/wordpress\/wp-content\/uploads\/2020\/06\/80c303ed-9a2e-49f0-8b20-3dd5e061bbf3.jpg 1280w\" sizes=\"auto, (max-width: 109px) 100vw, 109px\" \/><\/a><span style=\"color: #ff0000;\">SCIOPERO DEI TRASPORTI<\/span><\/h3>\n<p>Sciopero nazionale di settore (TRASPORTI) indetto per domani. PREVEDE LA GARANZIA DEL SERVIZIO NELLE SEGUENTI FASCE ORARIE DALLE 5:40 ALLE\u00a0 8:09 e DALLE\u00a0 12:10 ALLE\u00a0 15:39 La Dolomiti Bus S.p.A. precisa che le corse in partenza prima dell\u2019inizio dello sciopero verranno effettuate regolarmente e che le stesse, una volta iniziate, proseguiranno sino al capolinea.<\/p>\n<p>&nbsp;<\/p>\n<blockquote>\n<h3 class=\"articlePlainTitle\"><span style=\"color: #ff0000;\">piazza Libert\u00e0 scatta il senso alternato<\/span><\/h3>\n<\/blockquote>\n<div data-url=\"http:\/\/sfoglio.corrierealpi.gelocal.it\/share_article.php?article_id=13563038\" data-title=\"Scavo in piazza Libert\u00e0 scatta il senso alternato\"><strong><a class=\"dt-pswp-item\" href=\"https:\/\/www.radiopiu.net\/wordpress\/wp-content\/uploads\/2023\/08\/3-Mercato-AGORDO-12.8-scaled.jpg\" data-dt-img-description=\"\" data-large_image_width=\"2560\" data-large_image_height=\"1709\"><img loading=\"lazy\" decoding=\"async\" class=\"wp-image-349107 alignleft\" src=\"https:\/\/www.radiopiu.net\/wordpress\/wp-content\/uploads\/2023\/08\/3-Mercato-AGORDO-12.8-300x200.jpg\" alt=\"\" width=\"194\" height=\"129\" srcset=\"https:\/\/www.radiopiu.net\/wordpress\/wp-content\/uploads\/2023\/08\/3-Mercato-AGORDO-12.8-300x200.jpg 300w, https:\/\/www.radiopiu.net\/wordpress\/wp-content\/uploads\/2023\/08\/3-Mercato-AGORDO-12.8-1024x684.jpg 1024w, https:\/\/www.radiopiu.net\/wordpress\/wp-content\/uploads\/2023\/08\/3-Mercato-AGORDO-12.8-768x513.jpg 768w, https:\/\/www.radiopiu.net\/wordpress\/wp-content\/uploads\/2023\/08\/3-Mercato-AGORDO-12.8-1536x1025.jpg 1536w, https:\/\/www.radiopiu.net\/wordpress\/wp-content\/uploads\/2023\/08\/3-Mercato-AGORDO-12.8-2048x1367.jpg 2048w\" sizes=\"auto, (max-width: 194px) 100vw, 194px\" \/><\/a>AGORDO<\/strong> cantiere per la posa di infrastrutture per le comunicazioni,\u00a0 prevede uno scavo con l&#8217;attraversamento della strada sul lato est di piazza della Libert\u00e0, all&#8217;innesto con via Cesare Battisti. Per consentire l&#8217;effettuazione in sicurezza dell&#8217;intervento, portato avanti dalla Sirti per conto di Telecom Itlaia,\u00a0 \u00a0fino al 6 febbraio \u00e8 prevista l&#8217;istituzione in quel tratto di un senso unico alternato, regolato da semaforo o da movieri.<\/div>\n<p>&nbsp;<\/p>\n<p>&nbsp;<\/p>\n<hr \/>\n<p>&nbsp;<\/p>\n<p>&nbsp;<\/p>\n<div class=\"flex-1 overflow-hidden\">\n<div class=\"react-scroll-to-bottom--css-qddmr-79elbk h-full\">\n<div class=\"react-scroll-to-bottom--css-qddmr-1n7m0yu\">\n<div class=\"flex flex-col pb-9 text-sm\">\n<div class=\"w-full text-token-text-primary\" data-testid=\"conversation-turn-21\">\n<div class=\"px-4 py-2 justify-center text-base md:gap-6 m-auto\">\n<div class=\"flex flex-1 text-base mx-auto gap-3 md:px-5 lg:px-1 xl:px-5 md:max-w-3xl lg:max-w-[40rem] xl:max-w-[48rem] group final-completion\">\n<div class=\"relative flex w-full flex-col lg:w-[calc(100%-115px)] agent-turn\">\n<div class=\"flex-col gap-1 md:gap-3\">\n<div class=\"flex flex-grow flex-col max-w-full\">\n<div class=\"min-h-[20px] text-message flex flex-col items-start gap-3 whitespace-pre-wrap break-words [.text-message+&amp;]:mt-5 overflow-x-auto\" data-message-author-role=\"assistant\" data-message-id=\"d2312978-c3ed-4b2e-8e0c-a1d3cf2ee7da\">\n<div class=\"markdown prose w-full break-words dark:prose-invert dark\">\n<blockquote>\n<h1>Furti a Feltre. Rottura di Finestra in Via Luciani e Colpo a Pedavena<\/h1>\n<\/blockquote>\n<\/div>\n<\/div>\n<\/div>\n<div class=\"mt-1 flex justify-start gap-3 empty:hidden\">\n<div class=\"text-gray-400 flex self-end lg:self-center justify-center lg:justify-start mt-0 -ml-1 visible\"><em>&#8220;Nella quiete cittadina, il furtivo intrigo si cela dietro la rottura di una finestra in Via Luciani e il colpo a Pedavena. Tra vetri infranti e cassaforti aperte, la vigilanza della comunit\u00e0 si rivela un alleato insostituibile nella difesa contro i ladri.<\/em><\/div>\n<\/div>\n<\/div>\n<\/div>\n<\/div>\n<\/div>\n<\/div>\n<\/div>\n<\/div>\n<\/div>\n<\/div>\n<div class=\"w-full pt-2 md:pt-0 dark:border-white\/20 md:border-transparent md:dark:border-transparent md:w-[calc(100%-.5rem)]\">\n<form class=\"stretch mx-2 flex flex-row gap-3 last:mb-2 md:mx-4 md:last:mb-6 lg:mx-auto lg:max-w-2xl xl:max-w-3xl\">\n<div class=\"relative flex h-full flex-1 items-stretch md:flex-col\">\n<div class=\"flex w-full items-center\"><strong>\u00a0<\/strong><\/div>\n<div><strong><a href=\"https:\/\/www.radiopiu.net\/wordpress\/wp-content\/uploads\/2022\/01\/burglar-4925202__340.webp\"><img loading=\"lazy\" decoding=\"async\" class=\"wp-image-252386 alignleft\" src=\"https:\/\/www.radiopiu.net\/wordpress\/wp-content\/uploads\/2022\/01\/burglar-4925202__340-300x245.webp\" alt=\"\" width=\"179\" height=\"146\" srcset=\"https:\/\/www.radiopiu.net\/wordpress\/wp-content\/uploads\/2022\/01\/burglar-4925202__340-300x245.webp 300w, https:\/\/www.radiopiu.net\/wordpress\/wp-content\/uploads\/2022\/01\/burglar-4925202__340.webp 416w\" sizes=\"auto, (max-width: 179px) 100vw, 179px\" \/><\/a>FELTRE<\/strong> I Ladri sono tornati in citt\u00e0 e comuni vicini, con un furto domenicale in via Luciani, dove una finestra \u00e8 stata forzata. Almeno un ladro \u00e8 entrato, ma nella stanza non c&#8217;erano oggetti di valore e l&#8217;accesso al piano superiore era impossibile. I vicini, sospettando qualcosa, potrebbero averli fatti fuggire. I carabinieri hanno indagato e i proprietari hanno presentato denuncia. Altrove, a Pedavena, ladri hanno danneggiato finestre per entrare in una casa non abitata da un anno. Hanno aperto una cassaforte con un flessibile, ma questa conteneva solo oggetti di poco valore. Un parente ha scoperto il furto sabato.<\/div>\n<\/div>\n<\/form>\n<\/div>\n<h3><\/h3>\n<h3><\/h3>\n<hr \/>\n<p>&nbsp;<\/p>\n<blockquote>\n<h3>VALCOZZENA, GIULIO FAVRETTI FA LA FOTOGRAFIA DELLA SITUAZIONE NELLA ZONA INDUSTRIALE DI AGORDO<\/h3>\n<\/blockquote>\n<p><strong><a class=\"dt-pswp-item\" href=\"https:\/\/www.radiopiu.net\/wordpress\/wp-content\/uploads\/2023\/01\/f5c58041-2f77-4ccf-b15d-82d7064a18a9.jpg\" data-dt-img-description=\"\" data-large_image_width=\"2048\" data-large_image_height=\"1536\"><img loading=\"lazy\" decoding=\"async\" class=\" wp-image-319449 alignleft\" src=\"https:\/\/www.radiopiu.net\/wordpress\/wp-content\/uploads\/2023\/01\/f5c58041-2f77-4ccf-b15d-82d7064a18a9-300x225.jpg\" alt=\"\" width=\"176\" height=\"132\" srcset=\"https:\/\/www.radiopiu.net\/wordpress\/wp-content\/uploads\/2023\/01\/f5c58041-2f77-4ccf-b15d-82d7064a18a9-300x225.jpg 300w, https:\/\/www.radiopiu.net\/wordpress\/wp-content\/uploads\/2023\/01\/f5c58041-2f77-4ccf-b15d-82d7064a18a9-1024x768.jpg 1024w, https:\/\/www.radiopiu.net\/wordpress\/wp-content\/uploads\/2023\/01\/f5c58041-2f77-4ccf-b15d-82d7064a18a9-768x576.jpg 768w, https:\/\/www.radiopiu.net\/wordpress\/wp-content\/uploads\/2023\/01\/f5c58041-2f77-4ccf-b15d-82d7064a18a9-1536x1152.jpg 1536w, https:\/\/www.radiopiu.net\/wordpress\/wp-content\/uploads\/2023\/01\/f5c58041-2f77-4ccf-b15d-82d7064a18a9.jpg 2048w\" sizes=\"auto, (max-width: 176px) 100vw, 176px\" \/><\/a>AGORDO<\/strong><\/p>\n<p>DI GIANNI SANTOMASO<\/p>\n<audio class=\"wp-audio-shortcode\" id=\"audio-371102-4\" preload=\"none\" style=\"width: 100%;\" controls=\"controls\"><source type=\"audio\/mpeg\" src=\"https:\/\/www.radiopiu.net\/wordpress\/wp-content\/uploads\/2024\/01\/GIANNI-VALCOZZENA-GIULIO-FAVRETTI-FA-LA-FOTOGRAFIA-DELLA-SITUAZIONE-NELLA-ZONA-INDUSTRIALE-DI-AGORDO.mp3?_=4\" \/><a href=\"https:\/\/www.radiopiu.net\/wordpress\/wp-content\/uploads\/2024\/01\/GIANNI-VALCOZZENA-GIULIO-FAVRETTI-FA-LA-FOTOGRAFIA-DELLA-SITUAZIONE-NELLA-ZONA-INDUSTRIALE-DI-AGORDO.mp3\">https:\/\/www.radiopiu.net\/wordpress\/wp-content\/uploads\/2024\/01\/GIANNI-VALCOZZENA-GIULIO-FAVRETTI-FA-LA-FOTOGRAFIA-DELLA-SITUAZIONE-NELLA-ZONA-INDUSTRIALE-DI-AGORDO.mp3<\/a><\/audio>\n<p>&nbsp;<\/p>\n<p><strong>ALLE OTTO NELLA RASSEGNA STAMPA DI RADIOPIU<\/strong><\/p>\n<p><a class=\"dt-pswp-item\" href=\"https:\/\/www.radiopiu.net\/wordpress\/wp-content\/uploads\/2024\/01\/copertina-6.png\" data-dt-img-description=\"\" data-large_image_width=\"487\" data-large_image_height=\"368\"><img loading=\"lazy\" decoding=\"async\" class=\"wp-image-371075 size-full aligncenter\" src=\"https:\/\/www.radiopiu.net\/wordpress\/wp-content\/uploads\/2024\/01\/copertina-6.png\" alt=\"\" width=\"487\" height=\"368\" srcset=\"https:\/\/www.radiopiu.net\/wordpress\/wp-content\/uploads\/2024\/01\/copertina-6.png 487w, https:\/\/www.radiopiu.net\/wordpress\/wp-content\/uploads\/2024\/01\/copertina-6-300x227.png 300w\" sizes=\"auto, (max-width: 487px) 100vw, 487px\" \/><\/a><\/p>\n<p>&nbsp;<\/p>\n<hr \/>\n<p>&nbsp;<\/p>\n<blockquote>\n<h3>TRAUMA IN PISTA A PASSO CAMPOLONGO<\/h3>\n<\/blockquote>\n<p><strong>REDAZIONE<\/strong> Ieri poco dopo mezzogiorno l&#8217;elicottero del SUEM \u00e8 volato a Passo Campolongo per un 77enne di Isernia che si era fatto male in pista. Caricato a bordo \u00e8 stato portato all&#8217;Ospedale San Martino di Belluno. Giornata impegnativa sui comprensori sciistici con ben 15 interventi: 2 a Cortina, 1 a Selva di Cadore e Zoldo, 8 a Livinallongo e 3 a Falcade.<\/p>\n<p>&nbsp;<\/p>\n<p>&nbsp;<\/p>\n<hr \/>\n<p>&nbsp;<\/p>\n<blockquote>\n<h3>INCIDENTE AL PASSO GIAU: COINVOLTO UN AUTOARTICOLATO E DUE VETTURE<\/h3>\n<\/blockquote>\n<p><strong>BELLUNO <\/strong>Venerd\u00ec scorso alle 21:40, si \u00e8 verificato un incidente lungo la SP 638 nel territorio di Colle Santa Lucia, al 24\u00b0 tornante del Passo Giau. Un autoarticolato ungherese, fermo sulla strada per il montaggio delle catene e a causa del manto stradale innevato e ghiacciato \u00e8 scivolato ed ha provocato una collisione con due autovetture in sosta dietro lo stesso. Una famiglia, coinvolta nell&#8217;incidente, \u00e8 rimasta incastrata tra il mezzo pesante e il cumulo di neve, ma fortunatamente nessuno ha riportato lesioni. L&#8217;intervento di soccorso ha coinvolto la Polizia Stradale, Veneto Strade, i Vigili del Fuoco di Agordo e Colle Santa Lucia, nonch\u00e9 i Vigili del Fuoco di Belluno con un&#8217;autogru. La strada \u00e8 stata riaperta alle 01:15 di sabato dopo il ripristino delle condizioni di sicurezza.<\/p>\n\n\t\t\t<style type='text\/css'>\n\t\t\t\t#gallery-1 {\n\t\t\t\t\tmargin: auto;\n\t\t\t\t}\n\t\t\t\t#gallery-1 .gallery-item {\n\t\t\t\t\tfloat: left;\n\t\t\t\t\tmargin-top: 10px;\n\t\t\t\t\ttext-align: center;\n\t\t\t\t\twidth: 50%;\n\t\t\t\t}\n\t\t\t\t#gallery-1 img {\n\t\t\t\t\tborder: 2px solid #cfcfcf;\n\t\t\t\t}\n\t\t\t\t#gallery-1 .gallery-caption {\n\t\t\t\t\tmargin-left: 0;\n\t\t\t\t}\n\t\t\t\t\/* see gallery_shortcode() in wp-includes\/media.php *\/\n\t\t\t<\/style>\n\t\t<div id='gallery-1' class='dt-gallery-container gallery galleryid-371102 gallery-columns-2 gallery-size-medium'><dl class='gallery-item'>\n\t\t\t\t<dt class='gallery-icon landscape'>\n\t\t\t\t\t<a class=\"rollover rollover-zoom dt-pswp-item\" title=\"Comunicato stampa 22.01 foto 2\" data-dt-img-description=\"\" data-large_image_width=\"1024\" data-large_image_height=\"768\"href='https:\/\/www.radiopiu.net\/wordpress\/wp-content\/uploads\/2024\/01\/Comunicato-stampa-22.01-foto-2-.jpg'><img loading=\"lazy\" decoding=\"async\" width=\"300\" height=\"225\" src=\"https:\/\/www.radiopiu.net\/wordpress\/wp-content\/uploads\/2024\/01\/Comunicato-stampa-22.01-foto-2--300x225.jpg\" class=\"attachment-medium size-medium\" alt=\"\" srcset=\"https:\/\/www.radiopiu.net\/wordpress\/wp-content\/uploads\/2024\/01\/Comunicato-stampa-22.01-foto-2--300x225.jpg 300w, https:\/\/www.radiopiu.net\/wordpress\/wp-content\/uploads\/2024\/01\/Comunicato-stampa-22.01-foto-2--768x576.jpg 768w, https:\/\/www.radiopiu.net\/wordpress\/wp-content\/uploads\/2024\/01\/Comunicato-stampa-22.01-foto-2-.jpg 1024w\" sizes=\"auto, (max-width: 300px) 100vw, 300px\" \/><\/a>\n\t\t\t\t<\/dt><\/dl><dl class='gallery-item'>\n\t\t\t\t<dt class='gallery-icon landscape'>\n\t\t\t\t\t<a class=\"rollover rollover-zoom dt-pswp-item\" title=\"Comunicato stampa 22.01 foto 1\" data-dt-img-description=\"\" data-large_image_width=\"1024\" data-large_image_height=\"678\"href='https:\/\/www.radiopiu.net\/wordpress\/wp-content\/uploads\/2024\/01\/Comunicato-stampa-22.01-foto-1-.jpg'><img loading=\"lazy\" decoding=\"async\" width=\"300\" height=\"199\" src=\"https:\/\/www.radiopiu.net\/wordpress\/wp-content\/uploads\/2024\/01\/Comunicato-stampa-22.01-foto-1--300x199.jpg\" class=\"attachment-medium size-medium\" alt=\"\" srcset=\"https:\/\/www.radiopiu.net\/wordpress\/wp-content\/uploads\/2024\/01\/Comunicato-stampa-22.01-foto-1--300x199.jpg 300w, https:\/\/www.radiopiu.net\/wordpress\/wp-content\/uploads\/2024\/01\/Comunicato-stampa-22.01-foto-1--768x509.jpg 768w, https:\/\/www.radiopiu.net\/wordpress\/wp-content\/uploads\/2024\/01\/Comunicato-stampa-22.01-foto-1-.jpg 1024w\" sizes=\"auto, (max-width: 300px) 100vw, 300px\" \/><\/a>\n\t\t\t\t<\/dt><\/dl><br style=\"clear: both\" \/>\n\t\t\t<\/div>\n\n<hr \/>\n<p>&nbsp;<\/p>\n<p>&nbsp;<\/p>\n<blockquote>\n<h3>TEST IN PUSTERIA, POSSIBILI SCONFINAMENTI DI &#8220;SEGNALI&#8221; A LIVINALLONGO E ZONE LIMTROFE<\/h3>\n<\/blockquote>\n<p>&nbsp;<\/p>\n<p><a class=\"dt-pswp-item\" href=\"https:\/\/www.radiopiu.net\/wordpress\/wp-content\/uploads\/2024\/01\/th-4.jpg\" data-dt-img-description=\"\" data-large_image_width=\"178\" data-large_image_height=\"180\"><img loading=\"lazy\" decoding=\"async\" class=\"size-full wp-image-371074 alignleft\" src=\"https:\/\/www.radiopiu.net\/wordpress\/wp-content\/uploads\/2024\/01\/th-4.jpg\" alt=\"\" width=\"178\" height=\"180\" \/><\/a>Gioved\u00ec, dalle 12 alle 13, si terr\u00e0 una nuova fase di test del sistema di allarme di protezione civile It-alert in Alto Adige. Verr\u00e0 simulato un messaggio di allarme per il collasso della diga di Monguelfo, coinvolgendo telefoni cellulari in diverse localit\u00e0 della provincia di Bolzano.\u00a0 L&#8217;esercitazione coinvolger\u00e0 Comuni a valle del fiume Rienza. L&#8217;attivazione del sistema It-alert potrebbe raggiungere anche i telefoni cellulari al di fuori dei confini amministrativi della provincia di Bolzano, in territorio Fodom in particolare.<\/p>\n<p>&nbsp;<\/p>\n<hr \/>\n<p>&nbsp;<\/p>\n<blockquote>\n<h3>INCONTRO ALL&#8217;UPI: SERVONO CERTEZZE PER LE ZONE MONTANE<\/h3>\n<\/blockquote>\n<p><strong><a class=\"dt-pswp-item\" href=\"https:\/\/www.radiopiu.net\/wordpress\/wp-content\/uploads\/2023\/04\/PADRIN.jpeg\" data-dt-img-description=\"\" data-large_image_width=\"1110\" data-large_image_height=\"648\"><img loading=\"lazy\" decoding=\"async\" class=\" wp-image-330720 alignleft\" src=\"https:\/\/www.radiopiu.net\/wordpress\/wp-content\/uploads\/2023\/04\/PADRIN-300x175.jpeg\" alt=\"\" width=\"177\" height=\"103\" srcset=\"https:\/\/www.radiopiu.net\/wordpress\/wp-content\/uploads\/2023\/04\/PADRIN-300x175.jpeg 300w, https:\/\/www.radiopiu.net\/wordpress\/wp-content\/uploads\/2023\/04\/PADRIN-1024x598.jpeg 1024w, https:\/\/www.radiopiu.net\/wordpress\/wp-content\/uploads\/2023\/04\/PADRIN-768x448.jpeg 768w, https:\/\/www.radiopiu.net\/wordpress\/wp-content\/uploads\/2023\/04\/PADRIN.jpeg 1110w\" sizes=\"auto, (max-width: 177px) 100vw, 177px\" \/><\/a>BELLUNO<\/strong> Il presidente della Provincia di Belluno, Roberto Padrin, sostiene che a dieci anni dall&#8217;introduzione della legge Delrio, la riforma ha fallito nei suoi intenti e che le Province sono necessarie come enti di coordinamento e strumenti di governo dei territori. Padrin afferma che eliminare le Province non \u00e8 a costo zero per i cittadini e che per dare un futuro a queste istituzioni \u00e8 essenziale garantire la certezza delle risorse, almeno per le funzioni fondamentali. Durante un incontro a Roma con l&#8217;Unione Province d&#8217;Italia (Upi), il presidente discute della situazione delle Province interamente montane e della sopravvivenza dei servizi d&#8217;area vasta nelle aree montane. Padrin sottolinea che la certezza di un perimetro economico definito \u00e8 essenziale per il ruolo delle Province e che i tagli subiti negli ultimi anni limitano la possibilit\u00e0 di manovra, specialmente per le aree montane che necessitano di un rafforzamento dei servizi.<\/p>\n<p><strong>IL PRESIDENTE DELLA PROVINCIA DI BELLUNO ROBERTO PADRIN<\/strong><\/p>\n<audio class=\"wp-audio-shortcode\" id=\"audio-371102-5\" preload=\"none\" style=\"width: 100%;\" controls=\"controls\"><source type=\"audio\/mpeg\" src=\"https:\/\/www.radiopiu.net\/wordpress\/wp-content\/uploads\/2024\/01\/PADRIN-UPI.mp3?_=5\" \/><a href=\"https:\/\/www.radiopiu.net\/wordpress\/wp-content\/uploads\/2024\/01\/PADRIN-UPI.mp3\">https:\/\/www.radiopiu.net\/wordpress\/wp-content\/uploads\/2024\/01\/PADRIN-UPI.mp3<\/a><\/audio>\n<p>&nbsp;<\/p>\n<hr \/>\n<p>&nbsp;<\/p>\n<blockquote>\n<h3>ALLO STABILIMENTO ESSILORLUXOTTICA DI AGORDO CONCORDATI I SABATI LAVORATIVI DI FEBBRAIO<\/h3>\n<\/blockquote>\n<p><strong><a class=\"dt-pswp-item\" href=\"https:\/\/www.radiopiu.net\/wordpress\/wp-content\/uploads\/2021\/12\/LUXOTTICA-FRAMONT.jpg\" data-dt-img-description=\"\" data-large_image_width=\"2048\" data-large_image_height=\"1536\"><img loading=\"lazy\" decoding=\"async\" class=\" wp-image-246066 alignleft\" src=\"https:\/\/www.radiopiu.net\/wordpress\/wp-content\/uploads\/2021\/12\/LUXOTTICA-FRAMONT-300x225.jpg\" alt=\"\" width=\"160\" height=\"120\" srcset=\"https:\/\/www.radiopiu.net\/wordpress\/wp-content\/uploads\/2021\/12\/LUXOTTICA-FRAMONT-300x225.jpg 300w, https:\/\/www.radiopiu.net\/wordpress\/wp-content\/uploads\/2021\/12\/LUXOTTICA-FRAMONT-1024x768.jpg 1024w, https:\/\/www.radiopiu.net\/wordpress\/wp-content\/uploads\/2021\/12\/LUXOTTICA-FRAMONT-768x576.jpg 768w, https:\/\/www.radiopiu.net\/wordpress\/wp-content\/uploads\/2021\/12\/LUXOTTICA-FRAMONT-1536x1152.jpg 1536w, https:\/\/www.radiopiu.net\/wordpress\/wp-content\/uploads\/2021\/12\/LUXOTTICA-FRAMONT.jpg 2048w\" sizes=\"auto, (max-width: 160px) 100vw, 160px\" \/><\/a>AGORDO <\/strong>EssilorLuxottica e la RSU dello stabilimento di Agordo hanno siglato un accordo cruciale per gestire l&#8217;imminente picco produttivo in vista delle consegne delle nuove collezioni. Il programma, in vigore dal 10 febbraio al 2 marzo, prevede la pianificazione di giornate lavorative aggiuntive nei sabati. A seconda delle specifiche esigenze delle diverse aree produttive, saranno richiesti uno o due sabati per ottimizzare l&#8217;efficienza e garantire che la produzione soddisfi la crescente domanda di nuovi prodotti. Sulle bacheche aziendali il comunicato ai dipendenti dove sono specificati i sabati lavorativi per ogni area. Come successo anche per il mese di gennaio, le parti hanno concordato per equilibrare le giornate lavorative in straordinari incentivati e flessibilit\u00e0.<\/p>\n<p>&nbsp;<\/p>\n<p>&nbsp;<\/p>\n<hr \/>\n<p>&nbsp;<\/p>\n<blockquote>\n<h3>LUPI SULLE ALPI, LA PRESENZA PREOCCUPA FALCADE E IL BELLUNESE<\/h3>\n<\/blockquote>\n<p><strong>FALCADE <\/strong>Sabato scorso a Caviola si \u00e8 tenuto un convegno sulla presenza del lupo nel Bellunese, affrontando gli avvistamenti quotidiani e i danni agli ovini, con discussione sulle misure di protezione come reti antilupo e cani da guardia. Michele Corti ha evidenziato il rischio di attacchi umani, citando casi recenti. Franco De Bon ha illustrato il quadro normativo favorevole al lupo, e Pierantonio Cristoforetti ha contribuito come presidente dell&#8217;associazione Andrea Papi, ucciso da un&#8217;orsa in Val di Sole. Le preoccupazioni della comunit\u00e0 di Falcade sono emerse attraverso domande del pubblico, sottolineando la sfida della convivenza uomo-lupo. Il sindaco di Falcade ha dichiarato preoccupazione e incapacit\u00e0 di intervenire, limitando azioni a divieti e segnalazioni.<\/p>\n\n\t\t\t<style type='text\/css'>\n\t\t\t\t#gallery-2 {\n\t\t\t\t\tmargin: auto;\n\t\t\t\t}\n\t\t\t\t#gallery-2 .gallery-item {\n\t\t\t\t\tfloat: left;\n\t\t\t\t\tmargin-top: 10px;\n\t\t\t\t\ttext-align: center;\n\t\t\t\t\twidth: 20%;\n\t\t\t\t}\n\t\t\t\t#gallery-2 img {\n\t\t\t\t\tborder: 2px solid #cfcfcf;\n\t\t\t\t}\n\t\t\t\t#gallery-2 .gallery-caption {\n\t\t\t\t\tmargin-left: 0;\n\t\t\t\t}\n\t\t\t\t\/* see gallery_shortcode() in wp-includes\/media.php *\/\n\t\t\t<\/style>\n\t\t<div id='gallery-2' class='dt-gallery-container gallery galleryid-371102 gallery-columns-5 gallery-size-thumbnail'><dl class='gallery-item'>\n\t\t\t\t<dt class='gallery-icon landscape'>\n\t\t\t\t\t<a class=\"rollover rollover-zoom dt-pswp-item\" title=\"IMG-20240120-WA0042\" data-dt-img-description=\"\" data-large_image_width=\"654\" data-large_image_height=\"595\"href='https:\/\/www.radiopiu.net\/wordpress\/wp-content\/uploads\/2024\/01\/IMG-20240120-WA0042.jpg'><img loading=\"lazy\" decoding=\"async\" width=\"150\" height=\"150\" src=\"https:\/\/www.radiopiu.net\/wordpress\/wp-content\/uploads\/2024\/01\/IMG-20240120-WA0042-150x150.jpg\" class=\"attachment-thumbnail size-thumbnail\" alt=\"\" \/><\/a>\n\t\t\t\t<\/dt><\/dl><dl class='gallery-item'>\n\t\t\t\t<dt class='gallery-icon portrait'>\n\t\t\t\t\t<a class=\"rollover rollover-zoom dt-pswp-item\" title=\"IMG-20240120-WA0031\" data-dt-img-description=\"\" data-large_image_width=\"1536\" data-large_image_height=\"2048\"href='https:\/\/www.radiopiu.net\/wordpress\/wp-content\/uploads\/2024\/01\/IMG-20240120-WA0031.jpg'><img loading=\"lazy\" decoding=\"async\" width=\"150\" height=\"150\" src=\"https:\/\/www.radiopiu.net\/wordpress\/wp-content\/uploads\/2024\/01\/IMG-20240120-WA0031-150x150.jpg\" class=\"attachment-thumbnail size-thumbnail\" alt=\"\" \/><\/a>\n\t\t\t\t<\/dt><\/dl><dl class='gallery-item'>\n\t\t\t\t<dt class='gallery-icon landscape'>\n\t\t\t\t\t<a class=\"rollover rollover-zoom dt-pswp-item\" title=\"IMG-20240120-WA0033\" data-dt-img-description=\"\" data-large_image_width=\"2048\" data-large_image_height=\"1536\"href='https:\/\/www.radiopiu.net\/wordpress\/wp-content\/uploads\/2024\/01\/IMG-20240120-WA0033.jpg'><img loading=\"lazy\" decoding=\"async\" width=\"150\" height=\"150\" src=\"https:\/\/www.radiopiu.net\/wordpress\/wp-content\/uploads\/2024\/01\/IMG-20240120-WA0033-150x150.jpg\" class=\"attachment-thumbnail size-thumbnail\" alt=\"\" \/><\/a>\n\t\t\t\t<\/dt><\/dl><dl class='gallery-item'>\n\t\t\t\t<dt class='gallery-icon portrait'>\n\t\t\t\t\t<a class=\"rollover rollover-zoom dt-pswp-item\" title=\"IMG-20240120-WA0036\" data-dt-img-description=\"\" data-large_image_width=\"1536\" data-large_image_height=\"2048\"href='https:\/\/www.radiopiu.net\/wordpress\/wp-content\/uploads\/2024\/01\/IMG-20240120-WA0036.jpg'><img loading=\"lazy\" decoding=\"async\" width=\"150\" height=\"150\" src=\"https:\/\/www.radiopiu.net\/wordpress\/wp-content\/uploads\/2024\/01\/IMG-20240120-WA0036-150x150.jpg\" class=\"attachment-thumbnail size-thumbnail\" alt=\"\" \/><\/a>\n\t\t\t\t<\/dt><\/dl><dl class='gallery-item'>\n\t\t\t\t<dt class='gallery-icon landscape'>\n\t\t\t\t\t<a class=\"rollover rollover-zoom dt-pswp-item\" title=\"IMG20240120191220\" data-dt-img-description=\"\" data-large_image_width=\"2560\" data-large_image_height=\"1920\"href='https:\/\/www.radiopiu.net\/wordpress\/wp-content\/uploads\/2024\/01\/IMG20240120191220-scaled.jpg'><img loading=\"lazy\" decoding=\"async\" width=\"150\" height=\"150\" src=\"https:\/\/www.radiopiu.net\/wordpress\/wp-content\/uploads\/2024\/01\/IMG20240120191220-150x150.jpg\" class=\"attachment-thumbnail size-thumbnail\" alt=\"\" \/><\/a>\n\t\t\t\t<\/dt><\/dl><br style=\"clear: both\" \/>\n\t\t\t<\/div>\n\n<p><a class=\"dt-pswp-item\" href=\"https:\/\/www.radiopiu.net\/wordpress\/wp-content\/uploads\/2024\/01\/Senza-nome-75.png\" data-dt-img-description=\"\" data-large_image_width=\"361\" data-large_image_height=\"132\"><img loading=\"lazy\" decoding=\"async\" class=\"wp-image-371076 size-full aligncenter\" src=\"https:\/\/www.radiopiu.net\/wordpress\/wp-content\/uploads\/2024\/01\/Senza-nome-75.png\" alt=\"\" width=\"361\" height=\"132\" srcset=\"https:\/\/www.radiopiu.net\/wordpress\/wp-content\/uploads\/2024\/01\/Senza-nome-75.png 361w, https:\/\/www.radiopiu.net\/wordpress\/wp-content\/uploads\/2024\/01\/Senza-nome-75-300x110.png 300w\" sizes=\"auto, (max-width: 361px) 100vw, 361px\" \/>\u00a0<\/a><\/p>\n<p>&nbsp;<\/p>\n<hr \/>\n<p>&nbsp;<\/p>\n<blockquote>\n<h3>ALLA SCUOLA EDILE DI SEDICO DUE PROGETTI SULLA SICUREZZA FINANZIATI DA INAIL E SPISAL<\/h3>\n<\/blockquote>\n<p><strong>SEDICO<\/strong> Scuola edile di Sedico nuovamente protagonista nel mondo della sicurezza grazie all&#8217;avvio di due progetti finanziati dall&#8217;Inail e dallo Spisal di Belluno.<\/p>\n<p><strong>DI DANIELE DALVIT<\/strong><\/p>\n<audio class=\"wp-audio-shortcode\" id=\"audio-371102-6\" preload=\"none\" style=\"width: 100%;\" controls=\"controls\"><source type=\"audio\/mpeg\" src=\"https:\/\/www.radiopiu.net\/wordpress\/wp-content\/uploads\/2024\/01\/Radio-Piu-Servizio-Progetti-Inail-e-Spisal-CFS.mp3?_=6\" \/><a href=\"https:\/\/www.radiopiu.net\/wordpress\/wp-content\/uploads\/2024\/01\/Radio-Piu-Servizio-Progetti-Inail-e-Spisal-CFS.mp3\">https:\/\/www.radiopiu.net\/wordpress\/wp-content\/uploads\/2024\/01\/Radio-Piu-Servizio-Progetti-Inail-e-Spisal-CFS.mp3<\/a><\/audio>\n<p>&nbsp;<\/p>\n\n\t\t\t<style type='text\/css'>\n\t\t\t\t#gallery-3 {\n\t\t\t\t\tmargin: auto;\n\t\t\t\t}\n\t\t\t\t#gallery-3 .gallery-item {\n\t\t\t\t\tfloat: left;\n\t\t\t\t\tmargin-top: 10px;\n\t\t\t\t\ttext-align: center;\n\t\t\t\t\twidth: 50%;\n\t\t\t\t}\n\t\t\t\t#gallery-3 img {\n\t\t\t\t\tborder: 2px solid #cfcfcf;\n\t\t\t\t}\n\t\t\t\t#gallery-3 .gallery-caption {\n\t\t\t\t\tmargin-left: 0;\n\t\t\t\t}\n\t\t\t\t\/* see gallery_shortcode() in wp-includes\/media.php *\/\n\t\t\t<\/style>\n\t\t<div id='gallery-3' class='dt-gallery-container gallery galleryid-371102 gallery-columns-2 gallery-size-medium'><dl class='gallery-item'>\n\t\t\t\t<dt class='gallery-icon landscape'>\n\t\t\t\t\t<a class=\"rollover rollover-zoom dt-pswp-item\" title=\"50cfbe36-0276-40d6-9bc1-b7bb0dee434d\" data-dt-img-description=\"\" data-large_image_width=\"2048\" data-large_image_height=\"1536\"href='https:\/\/www.radiopiu.net\/wordpress\/wp-content\/uploads\/2024\/01\/50cfbe36-0276-40d6-9bc1-b7bb0dee434d.jpg'><img loading=\"lazy\" decoding=\"async\" width=\"300\" height=\"225\" src=\"https:\/\/www.radiopiu.net\/wordpress\/wp-content\/uploads\/2024\/01\/50cfbe36-0276-40d6-9bc1-b7bb0dee434d-300x225.jpg\" class=\"attachment-medium size-medium\" alt=\"\" srcset=\"https:\/\/www.radiopiu.net\/wordpress\/wp-content\/uploads\/2024\/01\/50cfbe36-0276-40d6-9bc1-b7bb0dee434d-300x225.jpg 300w, https:\/\/www.radiopiu.net\/wordpress\/wp-content\/uploads\/2024\/01\/50cfbe36-0276-40d6-9bc1-b7bb0dee434d-1024x768.jpg 1024w, https:\/\/www.radiopiu.net\/wordpress\/wp-content\/uploads\/2024\/01\/50cfbe36-0276-40d6-9bc1-b7bb0dee434d-768x576.jpg 768w, https:\/\/www.radiopiu.net\/wordpress\/wp-content\/uploads\/2024\/01\/50cfbe36-0276-40d6-9bc1-b7bb0dee434d-1536x1152.jpg 1536w, https:\/\/www.radiopiu.net\/wordpress\/wp-content\/uploads\/2024\/01\/50cfbe36-0276-40d6-9bc1-b7bb0dee434d.jpg 2048w\" sizes=\"auto, (max-width: 300px) 100vw, 300px\" \/><\/a>\n\t\t\t\t<\/dt><\/dl><dl class='gallery-item'>\n\t\t\t\t<dt class='gallery-icon landscape'>\n\t\t\t\t\t<a class=\"rollover rollover-zoom dt-pswp-item\" title=\"31d62b31-ed6b-41c7-9889-ec3b8c786e73\" data-dt-img-description=\"\" data-large_image_width=\"2048\" data-large_image_height=\"1536\"href='https:\/\/www.radiopiu.net\/wordpress\/wp-content\/uploads\/2024\/01\/31d62b31-ed6b-41c7-9889-ec3b8c786e73.jpg'><img loading=\"lazy\" decoding=\"async\" width=\"300\" height=\"225\" src=\"https:\/\/www.radiopiu.net\/wordpress\/wp-content\/uploads\/2024\/01\/31d62b31-ed6b-41c7-9889-ec3b8c786e73-300x225.jpg\" class=\"attachment-medium size-medium\" alt=\"\" srcset=\"https:\/\/www.radiopiu.net\/wordpress\/wp-content\/uploads\/2024\/01\/31d62b31-ed6b-41c7-9889-ec3b8c786e73-300x225.jpg 300w, https:\/\/www.radiopiu.net\/wordpress\/wp-content\/uploads\/2024\/01\/31d62b31-ed6b-41c7-9889-ec3b8c786e73-1024x768.jpg 1024w, https:\/\/www.radiopiu.net\/wordpress\/wp-content\/uploads\/2024\/01\/31d62b31-ed6b-41c7-9889-ec3b8c786e73-768x576.jpg 768w, https:\/\/www.radiopiu.net\/wordpress\/wp-content\/uploads\/2024\/01\/31d62b31-ed6b-41c7-9889-ec3b8c786e73-1536x1152.jpg 1536w, https:\/\/www.radiopiu.net\/wordpress\/wp-content\/uploads\/2024\/01\/31d62b31-ed6b-41c7-9889-ec3b8c786e73.jpg 2048w\" sizes=\"auto, (max-width: 300px) 100vw, 300px\" \/><\/a>\n\t\t\t\t<\/dt><\/dl><br style=\"clear: both\" \/>\n\t\t\t<\/div>\n\n<p>&nbsp;<\/p>\n<p>&nbsp;<\/p>\n<hr \/>\n<p>&nbsp;<\/p>\n<p><strong><a class=\"dt-pswp-item\" href=\"https:\/\/www.radiopiu.net\/wordpress\/wp-content\/uploads\/2024\/01\/Senza-nome-34.png\" data-dt-img-description=\"\" data-large_image_width=\"239\" data-large_image_height=\"153\"><img loading=\"lazy\" decoding=\"async\" class=\"wp-image-369478 alignleft\" src=\"https:\/\/www.radiopiu.net\/wordpress\/wp-content\/uploads\/2024\/01\/Senza-nome-34.png\" alt=\"\" width=\"128\" height=\"82\" \/><\/a> <\/strong><\/p>\n<p><strong>\u00a0<\/strong><\/p>\n<p><strong>dal TG BELLUNESE di\u00a0 ANTENNA 3 ogni sera alle 19.30 sul canale 10 del digitale terrestre e alle 19 le anticipazioni alla radio.\u00a0\u00a0<\/strong><\/p>\n<p>&nbsp;<\/p>\n<blockquote>\n<h3 class=\"_title post-title entry-title\">NASCE IL \u2018CAMMINO RETICO\u2019, VIAGGIO DI EMOZIONI ALLA RICERCA DELLE RADICI<\/h3>\n<\/blockquote>\n<p>Intervistati LUCA ZUCCOLOTTO (ASSOCIAZIONE NO PROFIT \u201cCARPE DIEM\u201d), FRANCESCO DE BORTOLI (IDEATORE \u2018CAMMINO RETICO\u2019) (Servizio di\u00a0<a href=\"https:\/\/antennatre.medianordest.it\/redazione\/Tiziana-Bolognani\/\">Tiziana Bolognani<\/a>)<\/p>\n<p>&nbsp;<\/p>\n<p><iframe loading=\"lazy\" title=\"NASCE IL &#039;CAMMINO RETICO&#039;, VIAGGIO DI EMOZIONI ALLA RICERCA DELLE RADICI | 22\/01\/2024\" width=\"1200\" height=\"675\" src=\"https:\/\/www.youtube.com\/embed\/p1LcdmmKcik?feature=oembed\" frameborder=\"0\" allow=\"accelerometer; autoplay; clipboard-write; encrypted-media; gyroscope; picture-in-picture; web-share\" allowfullscreen><\/iframe><\/p>\n<p>&nbsp;<\/p>\n<p>&nbsp;<\/p>\n<hr \/>\n<p>&nbsp;<\/p>\n<div class=\"x11i5rnm xat24cr x1mh8g0r x1vvkbs xtlvy1s x126k92a\">\n<p><span style=\"color: #ff0000;\">OGGI SUL CORRIERE DELLE ALPI<\/span><br \/>\n<span style=\"color: #ff0000;\">LA GIUDIZIARIA, DI GIGI SOSSO. SINTESI.<\/span><\/p>\n<blockquote>\n<h2>Assolto dopo sette udienze: Insufficienza di prove<\/h2>\n<\/blockquote>\n<p><strong><a class=\"dt-pswp-item\" href=\"https:\/\/www.radiopiu.net\/wordpress\/wp-content\/uploads\/2021\/09\/tribunale-belluno.jpg\" data-dt-img-description=\"\" data-large_image_width=\"778\" data-large_image_height=\"518\"><img loading=\"lazy\" decoding=\"async\" class=\"wp-image-232453 alignleft\" src=\"https:\/\/www.radiopiu.net\/wordpress\/wp-content\/uploads\/2021\/09\/tribunale-belluno-300x200.jpg\" alt=\"\" width=\"179\" height=\"119\" srcset=\"https:\/\/www.radiopiu.net\/wordpress\/wp-content\/uploads\/2021\/09\/tribunale-belluno-300x200.jpg 300w, https:\/\/www.radiopiu.net\/wordpress\/wp-content\/uploads\/2021\/09\/tribunale-belluno-768x511.jpg 768w, https:\/\/www.radiopiu.net\/wordpress\/wp-content\/uploads\/2021\/09\/tribunale-belluno.jpg 778w\" sizes=\"auto, (max-width: 179px) 100vw, 179px\" \/><\/a>BELLUNO<\/strong> F.D.O. E&#8217; stato assolto dopo sette udienze per il furto di un decespugliatore e la ricettazione di una bicicletta. La sentenza \u00e8 stata emessa per insufficienza o contraddittoriet\u00e0 della prova e\u00a0 il pubblico ministero Gianluca Tricoli ha chiesto l&#8217;assoluzione.<\/p>\n<p><strong>FELTRE <\/strong>Il padre, accusato di maltrattamenti durati nove anni, \u00e8 stato assolto per mancanza di prove. Il figlio \u00e8 stato condannato a un anno e due mesi per atti persecutori e violenza privata sulla stessa ragazza, anche quando era minorenne.<\/p>\n<p><strong>FELTRE<\/strong> \u00a0Di nazionalit\u00e0 romena e residente a Cesiomaggiore, la donna avrebbe mentito due volte secondo il pubblico ministero Roberta Gallego. Rischia di rimediare una condanna da due a sei anni di reclusione, la donna punta il dito contro il Caf, l&#8217;ufficio dove si era rivolta. Nell&#8217;autocertificazione sui requisiti economici, ha dichiarato falsamente l&#8217;assenza di veicoli intestati alla famiglia, acquistando invece un&#8217;auto nel periodo indicato.\u00a0 Il giudice Paolo Velo ha rinviato il processo al 22 aprile<\/p>\n<p><strong>FELTRE<\/strong> M. A.\u00a0 \u00e8 sotto accusa per appropriazione indebita di 59.50 euro in contanti, bonifici e la vendita di appartamenti di un&#8217;anziana correntista.\u00a0 \u00a0La vittima, con un amministratore di sostegno, si \u00e8 costituita parte civile. Il processo \u00e8 in corso con testimonianze, e il giudice Paolo Velo ha rinviato l&#8217;udienza.<\/p>\n<p>&nbsp;<\/p>\n<hr \/>\n<p>&nbsp;<\/p>\n<blockquote>\n<h3>LA MONGOLFIERA DI GIORGIA ONLUS FINANZIA PROGETTI DI SOLLIEVO PER OLTRE 10 MILA EURO<\/h3>\n<\/blockquote>\n<p><strong><a class=\"dt-pswp-item\" href=\"https:\/\/www.radiopiu.net\/wordpress\/wp-content\/uploads\/2024\/01\/Giorgia-Praloran.jpg\" data-dt-img-description=\"\" data-large_image_width=\"1600\" data-large_image_height=\"1071\"><img loading=\"lazy\" decoding=\"async\" class=\" wp-image-371003 alignleft\" src=\"https:\/\/www.radiopiu.net\/wordpress\/wp-content\/uploads\/2024\/01\/Giorgia-Praloran-300x201.jpg\" alt=\"\" width=\"184\" height=\"123\" srcset=\"https:\/\/www.radiopiu.net\/wordpress\/wp-content\/uploads\/2024\/01\/Giorgia-Praloran-300x201.jpg 300w, https:\/\/www.radiopiu.net\/wordpress\/wp-content\/uploads\/2024\/01\/Giorgia-Praloran-1024x685.jpg 1024w, https:\/\/www.radiopiu.net\/wordpress\/wp-content\/uploads\/2024\/01\/Giorgia-Praloran-768x514.jpg 768w, https:\/\/www.radiopiu.net\/wordpress\/wp-content\/uploads\/2024\/01\/Giorgia-Praloran-1536x1028.jpg 1536w, https:\/\/www.radiopiu.net\/wordpress\/wp-content\/uploads\/2024\/01\/Giorgia-Praloran.jpg 1600w\" sizes=\"auto, (max-width: 184px) 100vw, 184px\" \/><\/a>BELLUNO<\/strong> Come ogni ottobre da oltre 5 anni l\u2019Associazione La Mongolfiera di Giorgia apre un bando per ricordare Giorgia Praloran e, nel contempo, sostenere le famiglie che devono affrontare situazioni di disabilita\u0300, permamente o temporanea. A dicembre, in seguito alla chiusura del bando, il Consiglio dell\u2019Associazione ha accolto e deciso di finanziare per intero tutte le 8 domande arrivate nei termini. I beneficiari, tutti ragazzi tra i 13 e i 24 anni con una disabilita\u0300 certificata, hanno cosi\u0300 potuto ricevere uno speciale regalo natalizio che corrispondeva alle loro esigenze di svago e sollievo: sono stati finanziati 2 doposcuola pomeridiani, lezioni di musicoterapia, un viaggio di istruzione, l\u2019acquisto di un IPAD e di una Console Play Station, le spese di viaggio per attivita\u0300 ricreative fuori provincia e un Isico Camp, cioe\u0300 una settimana di vacanza e sport con l\u2019assistenza di fisioterapisti e personale specializzato. In totale sono quindi stati erogati contributi per 10.104,04 euro, superando di poco il budget messo a disposizione dal bando.<\/p>\n<p>&nbsp;<\/p>\n<p>&nbsp;<\/p>\n<hr \/>\n<p>&nbsp;<\/p>\n<blockquote>\n<h3>OLTRE 3 MILA VISITATORI ALLA MOSTRA \u201cRIFLESSIONI D&#8217;ACQUA, IMPRESSIONI DI ROCCIA\u201d<\/h3>\n<\/blockquote>\n<p><strong><a class=\"dt-pswp-item\" href=\"https:\/\/www.radiopiu.net\/wordpress\/wp-content\/uploads\/2024\/01\/Mostra-Riflessioni-dacqua-Allestimenti-1-scaled.jpg\" data-dt-img-description=\"\" data-large_image_width=\"2560\" data-large_image_height=\"1706\"><img loading=\"lazy\" decoding=\"async\" class=\" wp-image-371008 alignleft\" src=\"https:\/\/www.radiopiu.net\/wordpress\/wp-content\/uploads\/2024\/01\/Mostra-Riflessioni-dacqua-Allestimenti-1-300x200.jpg\" alt=\"\" width=\"198\" height=\"132\" srcset=\"https:\/\/www.radiopiu.net\/wordpress\/wp-content\/uploads\/2024\/01\/Mostra-Riflessioni-dacqua-Allestimenti-1-300x200.jpg 300w, https:\/\/www.radiopiu.net\/wordpress\/wp-content\/uploads\/2024\/01\/Mostra-Riflessioni-dacqua-Allestimenti-1-1024x683.jpg 1024w, https:\/\/www.radiopiu.net\/wordpress\/wp-content\/uploads\/2024\/01\/Mostra-Riflessioni-dacqua-Allestimenti-1-768x512.jpg 768w, https:\/\/www.radiopiu.net\/wordpress\/wp-content\/uploads\/2024\/01\/Mostra-Riflessioni-dacqua-Allestimenti-1-1536x1024.jpg 1536w, https:\/\/www.radiopiu.net\/wordpress\/wp-content\/uploads\/2024\/01\/Mostra-Riflessioni-dacqua-Allestimenti-1-2048x1365.jpg 2048w\" sizes=\"auto, (max-width: 198px) 100vw, 198px\" \/><\/a>BORGO VALBELLUNA <\/strong>Si \u00e8 chiusa domenica la mostra \u201cRiflessioni d&#8217;acqua, Impressioni di roccia\u201d, ospitata dall&#8217;ottobre scorso al Palazzo delle Contesse di Mel di Borgo Valbelluna: oltre tremila i visitatori \u2013 per la precisione, 3127 biglietti singoli, con la partecipazione di una trentina di gruppi organizzati provenienti dal Bellunese, ma soprattutto da realt\u00e0 limitrofe come Castelfranco, Conegliano, Treviso o Abano, ai quali vanno poi sommate le 27 scolaresche della Valbelluna, dalle primarie di primo grado alle secondarie di secondo grado \u2013 che in questi tre mesi hanno potuto ammirare le sessanta opere in mostra, tutte provenienti da collezioni private. Grande la soddisfazione degli organizzatori.<\/p>\n<p><strong>DEBORA LOTTO, ARTDOLOMITES<\/strong><\/p>\n<p><iframe loading=\"lazy\" title=\"Debora Lotto   ArtDolomites   Bilancio finale mostra Riflessioni d&#039;acqua\" width=\"1200\" height=\"675\" src=\"https:\/\/www.youtube.com\/embed\/7WSOblBKr6c?feature=oembed\" frameborder=\"0\" allow=\"accelerometer; autoplay; clipboard-write; encrypted-media; gyroscope; picture-in-picture; web-share\" allowfullscreen><\/iframe><\/p>\n<p>&nbsp;<\/p>\n<hr \/>\n<p>&nbsp;<\/p>\n<blockquote>\n<h3>NEL FINE SETTIMANA LA 15ESIMA EDIZIONE DI ZOLDO IS FUN<\/h3>\n<\/blockquote>\n<p><strong><a class=\"dt-pswp-item\" href=\"https:\/\/www.radiopiu.net\/wordpress\/wp-content\/uploads\/2024\/01\/Zoldo-2023.jpg\" data-dt-img-description=\"\" data-large_image_width=\"666\" data-large_image_height=\"500\"><img loading=\"lazy\" decoding=\"async\" class=\" wp-image-370977 alignleft\" src=\"https:\/\/www.radiopiu.net\/wordpress\/wp-content\/uploads\/2024\/01\/Zoldo-2023-300x225.jpg\" alt=\"\" width=\"170\" height=\"127\" srcset=\"https:\/\/www.radiopiu.net\/wordpress\/wp-content\/uploads\/2024\/01\/Zoldo-2023-300x225.jpg 300w, https:\/\/www.radiopiu.net\/wordpress\/wp-content\/uploads\/2024\/01\/Zoldo-2023.jpg 666w\" sizes=\"auto, (max-width: 170px) 100vw, 170px\" \/><\/a>FELTRE<\/strong> La quindicesima edizione di &#8220;Zoldo is fun&#8221; si terr\u00e0 nella Val di Zoldo dal 25 al 27 gennaio, promuovendo la pratica degli sport invernali per persone con sindrome di Down e disabilit\u00e0 intellettive. Organizzata dalla collaborazione tra AIPD (Associazione Italiana Persone con Sindrome di Down) e ASD Sci di Fondo Valzoldana, l&#8217;evento include attivit\u00e0 come sci di fondo, pattinaggio su ghiaccio, passeggiate con le ciaspole, gite sulla slitta trainata da cavalli e passeggiate a cavallo. Coinvolge studenti di diverse scuole e centri diurni, supportati dal progetto &#8220;Passepartout&#8221; dell&#8217;AIPD Belluno finanziato dalla Regione Veneto. Certificato come iniziativa CETS dall&#8217;Ente Parco Nazionale Dolomiti Bellunesi, il programma include varie attivit\u00e0 ludiche sulla neve e iniziative ludico-sociali, come lo spettacolo &#8220;I folletti del bosco.&#8221; La collaborazione di comuni, associazioni e privati cittadini della Valle rende possibile questo ricco programma. Gli &#8220;Amici della Befana&#8221; organizzeranno il tradizionale pranzo &#8220;sul campo&#8221; a PalaFavera.<\/p>\n<p>&nbsp;<\/p>\n<p>&nbsp;<\/p>\n<hr \/>\n<p>&nbsp;<\/p>\n<blockquote>\n<h3><a class=\"dt-pswp-item\" href=\"https:\/\/www.radiopiu.net\/wordpress\/wp-content\/uploads\/2024\/01\/8eb65737-726a-4f9e-83f4-f2ed38fbf763.jpg\" data-dt-img-description=\"\" data-large_image_width=\"745\" data-large_image_height=\"900\"><img loading=\"lazy\" decoding=\"async\" class=\" wp-image-371063 alignleft\" src=\"https:\/\/www.radiopiu.net\/wordpress\/wp-content\/uploads\/2024\/01\/8eb65737-726a-4f9e-83f4-f2ed38fbf763-248x300.jpg\" alt=\"\" width=\"115\" height=\"139\" srcset=\"https:\/\/www.radiopiu.net\/wordpress\/wp-content\/uploads\/2024\/01\/8eb65737-726a-4f9e-83f4-f2ed38fbf763-248x300.jpg 248w, https:\/\/www.radiopiu.net\/wordpress\/wp-content\/uploads\/2024\/01\/8eb65737-726a-4f9e-83f4-f2ed38fbf763.jpg 745w\" sizes=\"auto, (max-width: 115px) 100vw, 115px\" \/><\/a>GIOVANI E SPORT, IL 31 GENNAIO IL PRIMO APPUNTAMENTO<\/h3>\n<\/blockquote>\n<p><strong>PER LE TRE RADIO, BARBARA PAOLAZZI (CLUB 103)<\/strong><\/p>\n<audio class=\"wp-audio-shortcode\" id=\"audio-371102-7\" preload=\"none\" style=\"width: 100%;\" controls=\"controls\"><source type=\"audio\/mpeg\" src=\"https:\/\/www.radiopiu.net\/wordpress\/wp-content\/uploads\/2024\/01\/PAOLAZZI-GIOVANI-E-SPORT.mp3?_=7\" \/><a href=\"https:\/\/www.radiopiu.net\/wordpress\/wp-content\/uploads\/2024\/01\/PAOLAZZI-GIOVANI-E-SPORT.mp3\">https:\/\/www.radiopiu.net\/wordpress\/wp-content\/uploads\/2024\/01\/PAOLAZZI-GIOVANI-E-SPORT.mp3<\/a><\/audio>\n<p>&nbsp;<\/p>\n<hr \/>\n<p>&nbsp;<\/p>\n<blockquote>\n<h3>L&#8217;IMPORTANZA DELLA COLLABORAZIONE INTERNAZIONALE PER AFFRONTARE LE SFIDE GLOBALI<\/h3>\n<\/blockquote>\n<p><strong><a class=\"dt-pswp-item\" href=\"https:\/\/www.radiopiu.net\/wordpress\/wp-content\/uploads\/2023\/09\/CAMERA-DI-COMMERCIO.png\" data-dt-img-description=\"\" data-large_image_width=\"760\" data-large_image_height=\"314\"><img loading=\"lazy\" decoding=\"async\" class=\" wp-image-353764 alignleft\" src=\"https:\/\/www.radiopiu.net\/wordpress\/wp-content\/uploads\/2023\/09\/CAMERA-DI-COMMERCIO-300x124.png\" alt=\"\" width=\"184\" height=\"76\" srcset=\"https:\/\/www.radiopiu.net\/wordpress\/wp-content\/uploads\/2023\/09\/CAMERA-DI-COMMERCIO-300x124.png 300w, https:\/\/www.radiopiu.net\/wordpress\/wp-content\/uploads\/2023\/09\/CAMERA-DI-COMMERCIO.png 760w\" sizes=\"auto, (max-width: 184px) 100vw, 184px\" \/><\/a>TREVISO\u00a0<\/strong>Il presidente della Camera di Commercio Treviso Belluno, Mario Pozza, sottolinea l&#8217;importanza della rete delle Camere di Commercio Italiane all&#8217;estero e delle Camere di Commercio nel contesto delle attuali sfide globali. L&#8217;accordo tra Assocamerestero e la Conferenza delle Regioni e delle Province autonome mira a rafforzare la collaborazione per attrarre investimenti esteri, internazionalizzare e promuovere il Made in Italy. I dati riguardanti Treviso e Belluno evidenziano flussi significativi con l&#8217;Asia Orientale e l&#8217;India, con l&#8217;importanza di consolidare le relazioni internazionali per affrontare le sfide globali attuali, compresa la crisi del canale di Suez e le guerre in corso.<\/p>\n<p>&nbsp;<\/p>\n<p>&nbsp;<\/p>\n<hr \/>\n<p>&nbsp;<\/p>\n<blockquote>\n<h3>COBOT: UNA TECNOLOGIA AL SERVIZIO DELL&#8217;UOMO<\/h3>\n<\/blockquote>\n<p><strong><a class=\"dt-pswp-item\" href=\"https:\/\/www.radiopiu.net\/wordpress\/wp-content\/uploads\/2024\/01\/UR5_3.jpg\" data-dt-img-description=\"\" data-large_image_width=\"1000\" data-large_image_height=\"667\"><img loading=\"lazy\" decoding=\"async\" class=\" wp-image-370979 alignleft\" src=\"https:\/\/www.radiopiu.net\/wordpress\/wp-content\/uploads\/2024\/01\/UR5_3-300x200.jpg\" alt=\"\" width=\"183\" height=\"122\" srcset=\"https:\/\/www.radiopiu.net\/wordpress\/wp-content\/uploads\/2024\/01\/UR5_3-300x200.jpg 300w, https:\/\/www.radiopiu.net\/wordpress\/wp-content\/uploads\/2024\/01\/UR5_3-768x512.jpg 768w, https:\/\/www.radiopiu.net\/wordpress\/wp-content\/uploads\/2024\/01\/UR5_3.jpg 1000w\" sizes=\"auto, (max-width: 183px) 100vw, 183px\" \/><\/a>BELLUNO<\/strong> L&#8217;evento &#8220;COBOT &#8211; Una Tecnologia al Servizio dell&#8217;Uomo&#8221; si terr\u00e0 il 26 gennaio presso l&#8217;UrbanHub di Belluno, offrendo un&#8217;opportunit\u00e0 gratuita per esplorare i robot industriali collaborativi con un focus su Universal Robots. Saranno presentate le varie applicazioni di questa tecnologia innovativa, con casi pratici e testimonianze di aziende che ne hanno beneficiato. Gli ospiti avranno l&#8217;occasione di interagire direttamente con i robot collaborativi Universal Robots, testandone le funzionalit\u00e0 e apprendendo come possano migliorare la produttivit\u00e0, la sicurezza e l&#8217;efficienza nelle attivit\u00e0 industriali.<\/p>\n<p>&nbsp;<\/p>\n<p>&nbsp;<\/p>\n<hr \/>\n<p>&nbsp;<\/p>\n<blockquote>\n<h3>OGGI LA PRESENTAZIONE DELLO SPETTACOLO &#8220;LE BAMBINE DI TERENZIN&#8221;<\/h3>\n<\/blockquote>\n<p><strong>BELLUNO<\/strong> Oggi alle 12:30 nella Sala Capigruppo al terzo piano del Palazzo Ex Tribunale si terr\u00e0 la Conferenza Stampa di presentazione dello spettacolo &#8221; Le Bambine di Terenz\u00ecn&#8221; in programma il 31 gennaio al Teatro Dino Buzzati. Interverranno Raffaele Addamiano, Assessore alla Cultura del Comune di Belluno, e Luigino Boito, Presidente del Circolo Cultura e Stampa Bellunese.<\/p>\n<p>&nbsp;<\/p>\n<p>&nbsp;<\/p>\n<hr \/>\n<p>&nbsp;<\/p>\n<blockquote>\n<h3>ARIA D&#8217;INVERN, IL CONCORSO FOTOGRAFICO<\/h3>\n<\/blockquote>\n<p><strong><img loading=\"lazy\" decoding=\"async\" class=\"alignleft\" src=\"https:\/\/www.radiopiu.net\/wordpress\/wp-content\/uploads\/2024\/01\/Senza-nome-41.png\" width=\"375\" height=\"201\" \/>CENCENIGHE<\/strong> La Pro Loco di Cencenighe ha organizzato un concorso fotografico dal titolo &#8220;Aria D&#8217;Invern&#8221;. Chi volesse partecipare pu\u00f2 inviare gli scatti fino al 31 marzo alla mail ariadinvern@gmail.com seguiranno le premiazioni e, nel mese di luglio, l&#8217;esposizione delle foto al Nof Fil\u00f2. Regolamento completo sul sito www.prolococencenighe.it<\/p>\n<p>&nbsp;<\/p>\n<p><strong>L&#8217;INTERVISTA ALLA RADIO CON ORIETTA SCARDANZAN, ELISA CANCEL, FRANCESCA TRENTIN\u00a0<\/strong><\/p>\n<audio class=\"wp-audio-shortcode\" id=\"audio-371102-8\" preload=\"none\" style=\"width: 100%;\" controls=\"controls\"><source type=\"audio\/mpeg\" src=\"https:\/\/www.radiopiu.net\/wordpress\/wp-content\/uploads\/2024\/01\/porolco-cence-aria-dinverno.mp3?_=8\" \/><a href=\"https:\/\/www.radiopiu.net\/wordpress\/wp-content\/uploads\/2024\/01\/porolco-cence-aria-dinverno.mp3\">https:\/\/www.radiopiu.net\/wordpress\/wp-content\/uploads\/2024\/01\/porolco-cence-aria-dinverno.mp3<\/a><\/audio>\n<p>&nbsp;<\/p>\n<hr \/>\n<p>&nbsp;<\/p>\n<h2>EVENTI A SAN TOMASO<\/h2>\n<p><strong>LO SPOT ALLA RADIO\u00a0<\/strong><\/p>\n<audio class=\"wp-audio-shortcode\" id=\"audio-371102-9\" preload=\"none\" style=\"width: 100%;\" controls=\"controls\"><source type=\"audio\/mpeg\" src=\"https:\/\/www.radiopiu.net\/wordpress\/wp-content\/uploads\/2024\/01\/ORTI-RUPESTRI.mp3?_=9\" \/><a href=\"https:\/\/www.radiopiu.net\/wordpress\/wp-content\/uploads\/2024\/01\/ORTI-RUPESTRI.mp3\">https:\/\/www.radiopiu.net\/wordpress\/wp-content\/uploads\/2024\/01\/ORTI-RUPESTRI.mp3<\/a><\/audio>\n<p>&nbsp;<\/p>\n<p>&nbsp;<\/p>\n<p><a class=\"dt-pswp-item\" href=\"https:\/\/www.radiopiu.net\/wordpress\/wp-content\/uploads\/2024\/01\/Senza-nome-66.png\" data-dt-img-description=\"\" data-large_image_width=\"636\" data-large_image_height=\"740\"><img loading=\"lazy\" decoding=\"async\" class=\"size-medium wp-image-370730 aligncenter\" src=\"https:\/\/www.radiopiu.net\/wordpress\/wp-content\/uploads\/2024\/01\/Senza-nome-66-258x300.png\" alt=\"\" width=\"258\" height=\"300\" srcset=\"https:\/\/www.radiopiu.net\/wordpress\/wp-content\/uploads\/2024\/01\/Senza-nome-66-258x300.png 258w, https:\/\/www.radiopiu.net\/wordpress\/wp-content\/uploads\/2024\/01\/Senza-nome-66.png 636w\" sizes=\"auto, (max-width: 258px) 100vw, 258px\" \/><\/a><\/p>\n<p>&nbsp;<\/p>\n<hr \/>\n<p>&nbsp;<\/p>\n<blockquote>\n<h2>LE PISTE&#8230; SULLA PORTA DI CASA<\/h2>\n<\/blockquote>\n<div>\n<div class=\"x1cy8zhl x78zum5 x1q0g3np xod5an3 x1pi30zi x1swvt13 xz9dl7a\">\n<div class=\"x1iyjqo2\">\n<div class=\"x78zum5 xdt5ytf xz62fqu x16ldp7u\">\n<div class=\"xu06os2 x1ok221b\">\n<h2 id=\":R1al9aqqd9emhpapd5aq:\" class=\"x1heor9g x1qlqyl8 x1pd3egz x1a2a7pz x1gslohp x1yc453h\"><span class=\"x193iq5w xeuugli x13faqbe x1vvkbs x1xmvt09 x6prxxf xvq8zen xo1l8bm xi81zsa\"><strong><a class=\"dt-pswp-item\" href=\"https:\/\/www.radiopiu.net\/wordpress\/wp-content\/uploads\/2021\/11\/FORCELLA-AURINE.jpg\" data-dt-img-description=\"\" data-large_image_width=\"960\" data-large_image_height=\"720\"><img loading=\"lazy\" decoding=\"async\" class=\" wp-image-241538 alignleft\" src=\"https:\/\/www.radiopiu.net\/wordpress\/wp-content\/uploads\/2021\/11\/FORCELLA-AURINE-300x225.jpg\" alt=\"\" width=\"191\" height=\"143\" srcset=\"https:\/\/www.radiopiu.net\/wordpress\/wp-content\/uploads\/2021\/11\/FORCELLA-AURINE-300x225.jpg 300w, https:\/\/www.radiopiu.net\/wordpress\/wp-content\/uploads\/2021\/11\/FORCELLA-AURINE-768x576.jpg 768w, https:\/\/www.radiopiu.net\/wordpress\/wp-content\/uploads\/2021\/11\/FORCELLA-AURINE.jpg 960w\" sizes=\"auto, (max-width: 191px) 100vw, 191px\" \/><\/a>Aurine SKI Dolomiti -Progetto Desma <\/strong><\/span><strong><a class=\"x1i10hfl xjbqb8w x6umtig x1b1mbwd xaqea5y xav7gou x9f619 x1ypdohk xt0psk2 xe8uvvx xdj266r x11i5rnm xat24cr x1mh8g0r xexx8yu x4uap5 x18d9i69 xkhd6sd x16tdsg8 x1hl2dhg xggy1nq x1a2a7pz xt0b8zv xzsf02u x1s688f\" tabindex=\"0\" role=\"link\" href=\"https:\/\/www.facebook.com\/aurineskidolomiti?__cft__[0]=AZXSmHr83SUuJT0u4kVMSvLZyFo58012vDZQz2S9NoUpe9MsUBxfpeLpjB-1OoVs-G6CFBOMyk-HwUGAJFyotDcmMB8tqVOt4ppZp7H1Nhm_9AbxGcAKPdaj0NRByIDsgxLcHrLDuU1XYg3AAgvwT-9s&amp;__tn__=-]C%2CP-R\"><span class=\"xt0psk2\">&#8211;<\/span><\/a><\/strong>.<\/h2>\n<\/div>\n<div class=\"xu06os2 x1ok221b\">NUOVE APERTURE E NUOVI ORARI: &#8211; LUNEDI : Chiuso &#8211; MARTEDI : Chiuso &#8211; MERCOLEDI : 13:00-16:30 \/ 19:30-22:00 &#8211; GIOVEDI : 13:00-16:30 &#8211; VENERDI : 13:00-16:30 &#8211; SABATO : 9:00 &#8211; 16.30 &#8211; DOMENICA : 9:00 &#8211; 16.30 AD OGGI LA SITUAZIONE PISTE: &#8211; CAMPO SCUOLA <span class=\"x3nfvp2 x1j61x8r x1fcty0u xdj266r xhhsvwb xat24cr xgzva0m xxymvpz xlup9mm x1kky2od\"><img loading=\"lazy\" decoding=\"async\" class=\"xz74otr\" src=\"https:\/\/static.xx.fbcdn.net\/images\/emoji.php\/v9\/t55\/1.5\/16\/1f7e2.png\" alt=\"&#x1f7e2;\" width=\"16\" height=\"16\" \/><\/span><\/div>\n<\/div>\n<\/div>\n<\/div>\n<\/div>\n<div>\n<div class=\"\" dir=\"auto\">\n<div id=\":R1al9aqqd9emhpapd5aqH2:\" class=\"x1iorvi4 x1pi30zi x1l90r2v x1swvt13\" data-ad-comet-preview=\"message\" data-ad-preview=\"message\">\n<div class=\"x78zum5 xdt5ytf xz62fqu x16ldp7u\">\n<div class=\"xu06os2 x1ok221b\">\n<div class=\"x11i5rnm xat24cr x1mh8g0r x1vvkbs xtlvy1s x126k92a\">\n<div dir=\"auto\">&#8211; GARDELINA <span class=\"x3nfvp2 x1j61x8r x1fcty0u xdj266r xhhsvwb xat24cr xgzva0m xxymvpz xlup9mm x1kky2od\"><img loading=\"lazy\" decoding=\"async\" class=\"xz74otr\" src=\"https:\/\/static.xx.fbcdn.net\/images\/emoji.php\/v9\/t55\/1.5\/16\/1f7e2.png\" alt=\"&#x1f7e2;\" width=\"16\" height=\"16\" \/> <\/span>&#8211; BEPI <span class=\"x3nfvp2 x1j61x8r x1fcty0u xdj266r xhhsvwb xat24cr xgzva0m xxymvpz xlup9mm x1kky2od\"><img loading=\"lazy\" decoding=\"async\" class=\"xz74otr\" src=\"https:\/\/static.xx.fbcdn.net\/images\/emoji.php\/v9\/t55\/1.5\/16\/1f7e2.png\" alt=\"&#x1f7e2;\" width=\"16\" height=\"16\" \/> <\/span>&#8211; GEMINI <span class=\"x3nfvp2 x1j61x8r x1fcty0u xdj266r xhhsvwb xat24cr xgzva0m xxymvpz xlup9mm x1kky2od\"><img loading=\"lazy\" decoding=\"async\" class=\"xz74otr\" src=\"https:\/\/static.xx.fbcdn.net\/images\/emoji.php\/v9\/tc7\/1.5\/16\/1f534.png\" alt=\"&#x1f534;\" width=\"16\" height=\"16\" \/> <\/span>Se le temperature ce lo permetteranno in pochi giorni sar\u00e0 completata anche la parte alta con l&#8217;apertura della sciovia Gardelon. RISTOBAR GHEGY<\/div>\n<\/div>\n<div class=\"x11i5rnm xat24cr x1mh8g0r x1vvkbs xtlvy1s x126k92a\">\n<div dir=\"auto\">&#8211; Dal Mercoled\u00ec al Venerd\u00ec aperto dall&#8217;ora di pranzo. &#8211; Mercoled\u00ec sera anche a cena con i panini GOURMET. &#8211; Sabato e Domenica 8:30 &#8211; 18.30.<\/div>\n<\/div>\n<\/div>\n<\/div>\n<\/div>\n<\/div>\n<\/div>\n<p>&nbsp;<\/p>\n<p>&nbsp;<\/p>\n<hr \/>\n<p>&nbsp;<\/p>\n<blockquote>\n<h3><a class=\"dt-pswp-item\" href=\"https:\/\/www.radiopiu.net\/wordpress\/wp-content\/uploads\/2024\/01\/SCR-20240109-pzvy.png\" data-dt-img-description=\"\" data-large_image_width=\"750\" data-large_image_height=\"318\"><img loading=\"lazy\" decoding=\"async\" class=\" wp-image-369322 alignleft\" src=\"https:\/\/www.radiopiu.net\/wordpress\/wp-content\/uploads\/2024\/01\/SCR-20240109-pzvy-300x127.png\" alt=\"\" width=\"222\" height=\"94\" srcset=\"https:\/\/www.radiopiu.net\/wordpress\/wp-content\/uploads\/2024\/01\/SCR-20240109-pzvy-300x127.png 300w, https:\/\/www.radiopiu.net\/wordpress\/wp-content\/uploads\/2024\/01\/SCR-20240109-pzvy.png 750w\" sizes=\"auto, (max-width: 222px) 100vw, 222px\" \/><\/a>OPEN DAY ALLA SCUOLA DELL&#8217;INFANZIA DI AGORDO<\/h3>\n<\/blockquote>\n<p><strong>AGORDO<\/strong> E&#8217; in programma per domani l&#8217;open day della Scuola dell&#8217;infanzia di Agordo dedicato ai genitori. Nell&#8217;occasione si potr\u00e0 vistare la struttura ed effettuare le isrizioni per il prossimo anno scolastico. La scuola sar\u00e0 visitabile dalle 16 alle 17. Inoltre, per coloro che sono impossibilitati a visitare la scuola, il 31 gennaio dalle 9 alle 16 sar\u00e0 possibile fare l&#8217;iscrizione.<\/p>\n<p>&nbsp;<\/p>\n<p>&nbsp;<\/p>\n<hr \/>\n<p>&nbsp;<\/p>\n<blockquote>\n<h1>Viaggio Alla Scoperta dell&#8217;Antico Popolo Retico<\/h1>\n<\/blockquote>\n<p><strong>FELTRE <\/strong>L&#8217;associazione no-profit &#8220;Carpe Diem&#8221; di Feltre, guidata dalla presidente Loreta De Bortoli, annuncia con entusiasmo il progetto &#8220;Cammino Retico&#8221;, un itinerario di sette giorni attraverso suggestivi paesaggi seguendo le tracce dell&#8217;antico popolo Retico. Il percorso, di circa 170 km, attraversa altipiani, valli, e borghi montani, toccando luoghi storici come il santuario di San Vittore e Corona, il fiordo Feltrino del lago del Corlo e la citt\u00e0 murata di Feltre. Ogni partecipante pu\u00f2 personalizzare il proprio itinerario, con tappe adatte al proprio ritmo e fisicit\u00e0.<\/p>\n<p>&nbsp;<\/p>\n<p>&nbsp;<\/p>\n<hr \/>\n<p>&nbsp;<\/p>\n<blockquote>\n<h3>CASPARETHA 2024 POSTICIPATA AL 17 FEBBRAIO<\/h3>\n<\/blockquote>\n<p><strong>REDAZIONE<\/strong> Gli organizzatori della Casparetha di Canale D&#8217;Agordo informano che la manifestazione, inizialmente in programma per sabato 3 febbraio, \u00e8 stata posticipata a Sabato 17 febbraio a causa della poca neve caduta nell&#8217;ultimo periodo. La data di apertura delle iscrizioni slitta al 3 febbraio. Segurianno degli aggiornamenti nei prossii giorni in base alle previsioni meteo.<\/p>\n<p>&nbsp;<\/p>\n<p><span style=\"color: #ff0000;\"><strong>L&#8217;INTERVISTA A RADIO PIU&#8217;<\/strong><\/span><\/p>\n<p><strong>DI MIRKO MEZZACASA<\/strong><\/p>\n<p>OSPITI: Emil Tancon e Mirco Tancon<\/p>\n<audio class=\"wp-audio-shortcode\" id=\"audio-371102-10\" preload=\"none\" style=\"width: 100%;\" controls=\"controls\"><source type=\"audio\/mpeg\" src=\"https:\/\/www.radiopiu.net\/wordpress\/wp-content\/uploads\/2024\/01\/mirco-emil-casparetha-1.mp3?_=10\" \/><a href=\"https:\/\/www.radiopiu.net\/wordpress\/wp-content\/uploads\/2024\/01\/mirco-emil-casparetha-1.mp3\">https:\/\/www.radiopiu.net\/wordpress\/wp-content\/uploads\/2024\/01\/mirco-emil-casparetha-1.mp3<\/a><\/audio>\n<p><strong>IL VIDEO PROMOZIONALE<\/strong><\/p>\n<p><iframe loading=\"lazy\" title=\"Casparetha 2024\" width=\"1200\" height=\"675\" src=\"https:\/\/www.youtube.com\/embed\/jBRPhHWUxAg?feature=oembed\" frameborder=\"0\" allow=\"accelerometer; autoplay; clipboard-write; encrypted-media; gyroscope; picture-in-picture; web-share\" allowfullscreen><\/iframe><\/p>\n<p>&nbsp;<\/p>\n<hr \/>\n<p>&nbsp;<\/p>\n<h2><span style=\"color: #ff6600;\">IERI ALLA RADIO<\/span><\/h2>\n<h2><span style=\"color: #ff0000;\">OGGI COME IERI di e con SILVIA BALDO<\/span><\/h2>\n<p><img decoding=\"async\" class=\"aligncenter\" src=\"https:\/\/www.radiopiu.net\/wordpress\/wp-content\/uploads\/2023\/09\/309000774_10222572118595513_7956305457803922499_n.jpg\" \/><\/p>\n<p>&nbsp;<\/p>\n<p><strong>PUNTATA 16 22 GENNAIO 2024<\/strong><\/p>\n<audio class=\"wp-audio-shortcode\" id=\"audio-371102-11\" preload=\"none\" style=\"width: 100%;\" controls=\"controls\"><source type=\"audio\/mpeg\" src=\"https:\/\/www.radiopiu.net\/wordpress\/wp-content\/uploads\/2023\/11\/SIBI-4.mp3?_=11\" \/><a href=\"https:\/\/www.radiopiu.net\/wordpress\/wp-content\/uploads\/2023\/11\/SIBI-4.mp3\">https:\/\/www.radiopiu.net\/wordpress\/wp-content\/uploads\/2023\/11\/SIBI-4.mp3<\/a><\/audio>\n<p>&nbsp;<\/p>\n<p><strong>LA RACCOLTA COMPLETA<a href=\"https:\/\/www.radiopiu.net\/wordpress\/alle-nove-oggi-come-ieri-di-e-con-silvia-baldo\/\"> CLICCA QUI<\/a><\/strong><\/p>\n<p>&nbsp;<\/p>\n<h2><span style=\"color: #3366ff;\">SALUTE &amp; SOCIETA&#8217;<\/span><\/h2>\n<p><strong><a class=\"dt-pswp-item\" href=\"https:\/\/www.radiopiu.net\/wordpress\/wp-content\/uploads\/2024\/01\/f226084e-bca9-49f4-96c2-11bbdfe42b41.jpg\" data-dt-img-description=\"\" data-large_image_width=\"800\" data-large_image_height=\"445\"><img loading=\"lazy\" decoding=\"async\" class=\" wp-image-370958 alignleft\" src=\"https:\/\/www.radiopiu.net\/wordpress\/wp-content\/uploads\/2024\/01\/f226084e-bca9-49f4-96c2-11bbdfe42b41-300x167.jpg\" alt=\"\" width=\"207\" height=\"115\" srcset=\"https:\/\/www.radiopiu.net\/wordpress\/wp-content\/uploads\/2024\/01\/f226084e-bca9-49f4-96c2-11bbdfe42b41-300x167.jpg 300w, https:\/\/www.radiopiu.net\/wordpress\/wp-content\/uploads\/2024\/01\/f226084e-bca9-49f4-96c2-11bbdfe42b41-768x427.jpg 768w, https:\/\/www.radiopiu.net\/wordpress\/wp-content\/uploads\/2024\/01\/f226084e-bca9-49f4-96c2-11bbdfe42b41.jpg 800w\" sizes=\"auto, (max-width: 207px) 100vw, 207px\" \/><\/a>PUNTATA DEL 22 GENNAIO 2024<\/strong><\/p>\n<p><strong>Tumore al seno <\/strong>Le donne italiane sono ancora poco consapevoli del rapporto tra il consumo di bevande alcoliche e lo sviluppo del tumore della mammella. Nel nostro paese una percentuale tra il 60 e il 73 per cento delle donne consuma alcolici. <strong>Deficit di sfingomielinasi acida <\/strong>Il deficit di sfingomielinasi acida o ASMD \u00e8 una malattia rara. Per questa malattia oggi \u00e8 disponibile anche nel nostro Paese la prima terapia enzimatica sostitutiva specifica.<\/p>\n<p><strong>AUDIO<\/strong><\/p>\n<audio class=\"wp-audio-shortcode\" id=\"audio-371102-12\" preload=\"none\" style=\"width: 100%;\" controls=\"controls\"><source type=\"audio\/mpeg\" src=\"https:\/\/www.radiopiu.net\/wordpress\/wp-content\/uploads\/2024\/01\/SALUTE-2.mp3?_=12\" \/><a href=\"https:\/\/www.radiopiu.net\/wordpress\/wp-content\/uploads\/2024\/01\/SALUTE-2.mp3\">https:\/\/www.radiopiu.net\/wordpress\/wp-content\/uploads\/2024\/01\/SALUTE-2.mp3<\/a><\/audio>\n<p>&nbsp;<\/p>\n<h2><span style=\"color: #808000;\">PERITI MINERARI DALL\u2019AGORDINO AL MONDO<\/span><\/h2>\n<p><strong>REDAZIONE<\/strong> Continua la serie di racconti con i periti minerari agordini. Nelle prossime tre puntate la storia di antonio miola. I racconti dei periti minerari agordini che hanno lavorato nel mondo, ogni luned\u00ec alle 10:30 e alle 19 su Radio Pi\u00f9.<\/p>\n<p><iframe loading=\"lazy\" title=\"ANTONIO MIOLA\" width=\"1200\" height=\"675\" src=\"https:\/\/www.youtube.com\/embed\/fAeFW-MZ9FE?feature=oembed\" frameborder=\"0\" allow=\"accelerometer; autoplay; clipboard-write; encrypted-media; gyroscope; picture-in-picture; web-share\" allowfullscreen><\/iframe><\/p>\n<p>&nbsp;<\/p>\n<p><strong>LA RACCOLTA COMPLETA <a href=\"https:\/\/www.radiopiu.net\/wordpress\/periti-minerari-dallagordino-al-mondo\/\">CLICCA QUI<\/a><\/strong><\/p>\n<p>&nbsp;<\/p>\n<h2><span style=\"color: #800080;\">I RACCONTI DI PAOLO SOPPELSA<\/span><\/h2>\n<p><strong>I CAVALIERI DEL CIELO<\/strong><\/p>\n<p><strong>AUDIO<\/strong><\/p>\n<audio class=\"wp-audio-shortcode\" id=\"audio-371102-13\" preload=\"none\" style=\"width: 100%;\" controls=\"controls\"><source type=\"audio\/mpeg\" src=\"https:\/\/www.radiopiu.net\/wordpress\/wp-content\/uploads\/2024\/01\/PAOLOSITO.mp3?_=13\" \/><a href=\"https:\/\/www.radiopiu.net\/wordpress\/wp-content\/uploads\/2024\/01\/PAOLOSITO.mp3\">https:\/\/www.radiopiu.net\/wordpress\/wp-content\/uploads\/2024\/01\/PAOLOSITO.mp3<\/a><\/audio>\n<p>&nbsp;<\/p>\n<p><a class=\"dt-pswp-item\" href=\"https:\/\/www.radiopiu.net\/wordpress\/wp-content\/uploads\/2024\/01\/98bf82f2-3872-4906-8be8-6ef458f19e61.jpg\" data-dt-img-description=\"\" data-large_image_width=\"1080\" data-large_image_height=\"810\"><img loading=\"lazy\" decoding=\"async\" class=\" wp-image-370895 alignleft\" src=\"https:\/\/www.radiopiu.net\/wordpress\/wp-content\/uploads\/2024\/01\/98bf82f2-3872-4906-8be8-6ef458f19e61-300x225.jpg\" alt=\"\" width=\"193\" height=\"145\" srcset=\"https:\/\/www.radiopiu.net\/wordpress\/wp-content\/uploads\/2024\/01\/98bf82f2-3872-4906-8be8-6ef458f19e61-300x225.jpg 300w, https:\/\/www.radiopiu.net\/wordpress\/wp-content\/uploads\/2024\/01\/98bf82f2-3872-4906-8be8-6ef458f19e61-1024x768.jpg 1024w, https:\/\/www.radiopiu.net\/wordpress\/wp-content\/uploads\/2024\/01\/98bf82f2-3872-4906-8be8-6ef458f19e61-768x576.jpg 768w, https:\/\/www.radiopiu.net\/wordpress\/wp-content\/uploads\/2024\/01\/98bf82f2-3872-4906-8be8-6ef458f19e61.jpg 1080w\" sizes=\"auto, (max-width: 193px) 100vw, 193px\" \/><\/a>La campana grande ha annunciato le sette della sera di questa tranquilla domenica di quasi Natale, settantanove rintocchi e poi il silenzio delle sere d&#8217;inverno. Il traffico di rientro degli sciatori si \u00e8 ormai dissolto e fra poco anch&#8217;io far\u00f2 rotta verso sud in direzione Belluno. Il mazzo di chiavi in una mano, il borsone nell&#8217;altra e un fragore improvviso alle mie spalle. Un rombo potente nel cielo nero, poi il campanile illuminato a giorno e qualche secondo di smarrimento misto a stupore. Il tempo di posare a terra il borsone ed ecco che la piazza di Cencenighe \u00e8 rischiarata da un cerchio perfetto di luce. \u00c8 un elicottero, il rumore provocato dalle pale mi \u00e8 familiare, ma nell&#8217;oscurit\u00e0 della notte non riesco a scorgere la forma e il colore. Ora il velivolo \u00e8 quasi fermo sulla verticale della piazza e il potente fascio di luce del faro si insinua fra le case che sovrastano la chiesa. Chiss\u00e0 cosa cercano, e chiss\u00e0 da dove proviene questo elicottero che emette un rumore cos\u00ec particolare che mi sembra di conoscere. Nel frattempo il velivolo si abbassa leggermente, poi vira deciso in direzione del Pelsa e per un attimo riesco ad intravedere la sagoma; \u00e8 proprio lui, allora il primo pensiero che avevo avuto era corretto. \u00c8 Falco, l&#8217;angelo custode degli escursionisti montani e in generale degli abitanti delle Terre Alte bellunesi. Stasera \u00e8 in missione notturna, ed \u00e8 la prima volta che lo vedo operare col favore delle tenebre. Mentre l&#8217;elicottero continua la sua perlustrazione notturna, carico il borsone in macchina e salgo lungo la salita che va a congiungersi con la Provinciale di San Tomaso. Appena giunto sulla strada vedo le luci bianche e rosse che prendono la direzione del campo di calcio di Avoscan; i Cavalieri del Cielo hanno trovato il loro approdo e pochi secondi pi\u00f9 tardi Falco \u00e8 parcheggiato nel cerchio di centrocampo. Il rotore rallenta, sfuma il sibilo delle turbine e all&#8217;improvviso si accendono i riflettori del campo da gioco situato sulla riva sinistra del Cordevole. Nessuna squadra di calcio \u00e8 schierata sull&#8217;erba ghiacciata, stasera si gioca una partita molto pi\u00f9 importante, la partita \u201cdella vita\u201d. Qualcuno \u00e8 in difficolt\u00e0 in questa fredda sera di quasi Natale, e i Cavalieri del Cielo sono arrivati a razzo per soccorrere questa persona che, in quegli attimi, \u00e8 nei miei pensieri. Un paio di minuti ed ecco i lampeggianti blu dell&#8217;ambulanza che percorrono il ponte di Avoscan per poi entrare nel campo di calcio. Le luci delle frontali, i movimenti precisi, i portelloni posteriori aperti e poi la barella che si avvicina all\u2019elicottero. Sono lontano, non riesco a vedere i visi di quei soccorritori, per\u00f2 riesco a seguire quei movimenti studiati degli operatori sanitari che si muovono all&#8217;unisono sul manto erboso. La barella prende posto all&#8217;interno di Falco e i Cavalieri del Cielo si siedono ai comandi; si riaccendono le luci bianche e rosse, poi il rotore si anima e sale potente il sibilo delle turbine. Ancora quel faro mentre il velivolo si alza in verticale, poi il muso che si inclina in avanti e i versanti nord delle Pale di San Lucano illuminati dal fascio di luce rotondo. Ma come fanno quei piloti, quanto coraggio hanno, quante ore di preparazione serviranno per volare in quel cielo rischiarato solamente da un quarto di luna crescente. Li immagino sospesi in quel buio di dicembre mentre imboccano la stretta di Mezcanal. Occhi che scrutano la strumentazione di bordo e l&#8217;orizzonte illuminato dal faro, pensieri per quella vita da salvare. Poi luci e rumori che sfumano e silenzio di dicembre che si posa sul paese. Ciao Cavalieri del Cielo che vi inoltrate in questa notte d&#8217;inverno, i miri pensieri, stasera, sono tutti per voi.<\/p>\n<p>&nbsp;<\/p>\n<p>&nbsp;<\/p>\n<hr \/>\n<p>&nbsp;<\/p>\n<p><strong>\u201cAppia Servizi Srl, presso la propria sede di Agordo, \u00e8 alla ricerca di una nuova figura con esperienza per il reparto contabile da inserire nel proprio organico a tempo indeterminato e tempo pieno.Se interessati potete contattare il numero 0437-954411 o inviare la vostra candidatura all\u2019indirizzo <a href=\"mailto:info@appiacna.it\">info@appiacna.it<\/a>.\u201d<\/strong><\/p>\n<p>&nbsp;<\/p>\n<blockquote><p><strong><a class=\"dt-pswp-item\" href=\"https:\/\/www.radiopiu.net\/wordpress\/wp-content\/uploads\/2024\/01\/322_1.jpg\" data-dt-img-description=\"\" data-large_image_width=\"800\" data-large_image_height=\"532\"><img loading=\"lazy\" decoding=\"async\" class=\"wp-image-368729 alignleft\" src=\"https:\/\/www.radiopiu.net\/wordpress\/wp-content\/uploads\/2024\/01\/322_1-300x200.jpg\" alt=\"\" width=\"228\" height=\"152\" srcset=\"https:\/\/www.radiopiu.net\/wordpress\/wp-content\/uploads\/2024\/01\/322_1-300x200.jpg 300w, https:\/\/www.radiopiu.net\/wordpress\/wp-content\/uploads\/2024\/01\/322_1-768x511.jpg 768w, https:\/\/www.radiopiu.net\/wordpress\/wp-content\/uploads\/2024\/01\/322_1.jpg 800w\" sizes=\"auto, (max-width: 228px) 100vw, 228px\" \/><\/a>SAN MARTINO IN BADIA <\/strong>La Residenza socio-assistenziale per anziani di San Martino in Val Badia cerca da subito collaboratori qualificati a tempo determinato e\/o indeterminato da inserire nell\u2019organico. I profili richiesti sono: Infermieri professionali e operatori socio-sanitari. Si offre flessibilit\u00e0 oraria su lavoro a turni, part-time 19, 24 o 29 ore settimanali o a tempo pieno 38 ore. Si offre vitto e alloggio in struttura, possibilit\u00e0 di formazione\/aggiornamento professionale, corsi di lingua e altri benefit. Viene offerto contratto di lavoro collettivo intercompartimentale per dipendenti pubblici ed eventuale retribuzione di indennit\u00e0 linguistica di trilinguismo. Per la candidatura \u00e9 necessario possedere la padronanza della lingua italiana o tedesca, la capacit\u00e0 di lavorare in team e competenze sociali oltre alla qualifica professionale richiesta. Per interesse prego contattare direttamente la struttura al numero: 0474\/524700 o scrivendo una mail a: info@ciasadepalsa.it.<\/p><\/blockquote>\n<p>&nbsp;<\/p>\n<p>&nbsp;<\/p>\n<hr \/>\n<p>&nbsp;<\/p>\n<h2><span style=\"color: #ff0000;\">GLI APPUNTAMENTI DELLA SETTIMANA\u00a0 <\/span><\/h2>\n<p><span style=\"color: #ff0000;\">\u00a0GIOVEDI 25 GENNAIO<\/span><\/p>\n<blockquote>\n<h3><a class=\"dt-pswp-item\" href=\"https:\/\/www.radiopiu.net\/wordpress\/wp-content\/uploads\/2018\/06\/logo_anpi_big.1462bcc83ce3.png\" data-dt-img-description=\"\" data-large_image_width=\"1328\" data-large_image_height=\"614\"><img loading=\"lazy\" decoding=\"async\" class=\" wp-image-50178 alignleft\" src=\"https:\/\/www.radiopiu.net\/wordpress\/wp-content\/uploads\/2018\/06\/logo_anpi_big.1462bcc83ce3-300x139.png\" alt=\"\" width=\"114\" height=\"53\" srcset=\"https:\/\/www.radiopiu.net\/wordpress\/wp-content\/uploads\/2018\/06\/logo_anpi_big.1462bcc83ce3-300x139.png 300w, https:\/\/www.radiopiu.net\/wordpress\/wp-content\/uploads\/2018\/06\/logo_anpi_big.1462bcc83ce3-768x355.png 768w, https:\/\/www.radiopiu.net\/wordpress\/wp-content\/uploads\/2018\/06\/logo_anpi_big.1462bcc83ce3-1024x473.png 1024w, https:\/\/www.radiopiu.net\/wordpress\/wp-content\/uploads\/2018\/06\/logo_anpi_big.1462bcc83ce3.png 1328w\" sizes=\"auto, (max-width: 114px) 100vw, 114px\" \/><\/a>GIORNATA DELLA MEMORIA CON L&#8217;ANPI<\/h3>\n<\/blockquote>\n<p><strong>BORGO VALBELLUNA<\/strong><\/p>\n<p><strong>DI ROBERTO BONA\u00a0<\/strong><\/p>\n<audio class=\"wp-audio-shortcode\" id=\"audio-371102-14\" preload=\"none\" style=\"width: 100%;\" controls=\"controls\"><source type=\"audio\/wav\" src=\"https:\/\/www.radiopiu.net\/wordpress\/wp-content\/uploads\/2024\/01\/GiornataMemoriaDibattito.wav?_=14\" \/><a href=\"https:\/\/www.radiopiu.net\/wordpress\/wp-content\/uploads\/2024\/01\/GiornataMemoriaDibattito.wav\">https:\/\/www.radiopiu.net\/wordpress\/wp-content\/uploads\/2024\/01\/GiornataMemoriaDibattito.wav<\/a><\/audio>\n<p>&nbsp;<\/p>\n<p>&nbsp;<\/p>\n<p><b>TRICHIANA <\/b>La biblioteca di Trichiana organizza una rassegna di incontri incentrati su temi sociali e culturali. Si affronteranno migranti, femminicidi e il ruolo delle donne.\u00a0 Il 26 gennaio, sar\u00e0 presentato &#8220;Dear Gigi&#8221; di Filippo Cerantola, ricostruendo l&#8217;opera di Luigi Meneghello attraverso lettere conservate a Vicenza. Un&#8217;iniziativa che promuove riflessioni e incontri culturali.<\/p>\n<p>&nbsp;<\/p>\n<p><strong><a class=\"dt-pswp-item\" href=\"https:\/\/www.radiopiu.net\/wordpress\/wp-content\/uploads\/2024\/01\/WhatsApp-Image-2024-01-19-at-17.03.37.jpeg\" data-dt-img-description=\"\" data-large_image_width=\"1400\" data-large_image_height=\"933\"><img loading=\"lazy\" decoding=\"async\" class=\" wp-image-370684 alignleft\" src=\"https:\/\/www.radiopiu.net\/wordpress\/wp-content\/uploads\/2024\/01\/WhatsApp-Image-2024-01-19-at-17.03.37-300x200.jpeg\" alt=\"\" width=\"168\" height=\"112\" srcset=\"https:\/\/www.radiopiu.net\/wordpress\/wp-content\/uploads\/2024\/01\/WhatsApp-Image-2024-01-19-at-17.03.37-300x200.jpeg 300w, https:\/\/www.radiopiu.net\/wordpress\/wp-content\/uploads\/2024\/01\/WhatsApp-Image-2024-01-19-at-17.03.37-1024x682.jpeg 1024w, https:\/\/www.radiopiu.net\/wordpress\/wp-content\/uploads\/2024\/01\/WhatsApp-Image-2024-01-19-at-17.03.37-768x512.jpeg 768w, https:\/\/www.radiopiu.net\/wordpress\/wp-content\/uploads\/2024\/01\/WhatsApp-Image-2024-01-19-at-17.03.37.jpeg 1400w\" sizes=\"auto, (max-width: 168px) 100vw, 168px\" \/><\/a>SOS<\/strong><strong>PIROLO<\/strong> La compagnia teatrale NOI CHE presenta la commedia &#8220;NOI CHE&#8221; al Centro civico di Sospirolo venerd\u00ec 26 gennaio 2024 alle ore 20:30. La rappresentazione offre una rivisitazione semiseria degli anni Sessanta e Settanta, con dialoghi in italiano e dialetto, accompagnati da canzoni popolari dell&#8217;epoca. La compagnia, composta da un gruppo di amici appassionati di teatro, ha ricevuto apprezzamenti positivi per la sua performance, che include elementi di comicit\u00e0 e musica. L&#8217;evento \u00e8 ad ingresso libero e gode del patrocinio del Comune di Sospirolo.<\/p>\n<h1>DI ROBERTO BONA<\/h1>\n<audio class=\"wp-audio-shortcode\" id=\"audio-371102-15\" preload=\"none\" style=\"width: 100%;\" controls=\"controls\"><source type=\"audio\/wav\" src=\"https:\/\/www.radiopiu.net\/wordpress\/wp-content\/uploads\/2024\/01\/NoiChe.wav?_=15\" \/><a href=\"https:\/\/www.radiopiu.net\/wordpress\/wp-content\/uploads\/2024\/01\/NoiChe.wav\">https:\/\/www.radiopiu.net\/wordpress\/wp-content\/uploads\/2024\/01\/NoiChe.wav<\/a><\/audio>\n<p>&nbsp;<\/p>\n<p><strong>BELLUNO<\/strong> il comune di Belluno &#8211; Assessorato al Sociale, Rapporti con le Associazioni e Politiche per la Famiglia, organizza per sabato 27 gennaio 2024 un convegno dal titolo &#8220;LA FAMIGLIA AL CENTRO DI SOLIDARIETA&#8217; E MEMORIA&#8221;, che si terr\u00e0 presso il Teatro &#8220;Dino Buzzati&#8221; di Belluno<\/p>\n<p><strong>LIMANA<\/strong> Sabato 27 gennaio in sala Nocivelli,\u00a0Adolf Hitler, stratega del male Due storie a confronto. Progetto e letture a cura degli alunni e insegnanti della scuola secondaria, interventi musicali degli alunni dell&#8217;indirizzo musicale della scuola. Ingresso libero.<\/p>\n<p>&nbsp;<\/p>\n<h1><span style=\"color: #ff0000;\">PROSSIMAMENTE&#8230;<\/span><\/h1>\n<p><strong>FELTRE<\/strong> La Famiglia Ex Emigranti del Feltrino organizza la gita alla fiera &#8220;Orto Giardino&#8221; a Pordenonefiere il 6 marzo. La partenza \u00e8 alle 13 da Pedavena, con passaggio a Feltre. Il programma include l&#8217;ingresso alla fiera e una tappa in pizzeria durante il rientro. Per informazioni 40 262 9562.<\/p>\n<p>&nbsp;<\/p>\n<p>&nbsp;<\/p>\n<hr \/>\n<p>&nbsp;<\/p>\n<p>&nbsp;<\/p>\n<p><a class=\"dt-pswp-item\" href=\"https:\/\/www.radiopiu.net\/wordpress\/wp-content\/uploads\/2018\/09\/viabilita.jpeg\" data-dt-img-description=\"\" data-large_image_width=\"800\" data-large_image_height=\"100\"><img loading=\"lazy\" decoding=\"async\" class=\"aligncenter wp-image-61954 size-full\" src=\"https:\/\/www.radiopiu.net\/wordpress\/wp-content\/uploads\/2018\/09\/viabilita.jpeg\" alt=\"\" width=\"800\" height=\"100\" srcset=\"https:\/\/www.radiopiu.net\/wordpress\/wp-content\/uploads\/2018\/09\/viabilita.jpeg 800w, https:\/\/www.radiopiu.net\/wordpress\/wp-content\/uploads\/2018\/09\/viabilita-300x38.jpeg 300w, https:\/\/www.radiopiu.net\/wordpress\/wp-content\/uploads\/2018\/09\/viabilita-768x96.jpeg 768w\" sizes=\"auto, (max-width: 800px) 100vw, 800px\" \/><\/a><\/p>\n<p>&nbsp;<\/p>\n<p><a class=\"dt-pswp-item\" href=\"https:\/\/www.radiopiu.net\/wordpress\/wp-content\/uploads\/2023\/12\/botol-car-service.jpg\" data-dt-img-description=\"\" data-large_image_width=\"600\" data-large_image_height=\"600\"><img loading=\"lazy\" decoding=\"async\" class=\"size-medium wp-image-367044 aligncenter\" src=\"https:\/\/www.radiopiu.net\/wordpress\/wp-content\/uploads\/2023\/12\/botol-car-service-300x300.jpg\" alt=\"\" width=\"300\" height=\"300\" srcset=\"https:\/\/www.radiopiu.net\/wordpress\/wp-content\/uploads\/2023\/12\/botol-car-service-300x300.jpg 300w, https:\/\/www.radiopiu.net\/wordpress\/wp-content\/uploads\/2023\/12\/botol-car-service-150x150.jpg 150w, https:\/\/www.radiopiu.net\/wordpress\/wp-content\/uploads\/2023\/12\/botol-car-service.jpg 600w\" sizes=\"auto, (max-width: 300px) 100vw, 300px\" \/><\/a><\/p>\n<p>&nbsp;<\/p>\n<blockquote>\n<h1><span style=\"color: #ff0000;\"><a class=\"dt-pswp-item\" href=\"https:\/\/www.radiopiu.net\/wordpress\/wp-content\/uploads\/2020\/05\/VENETO-STRADE.png\" data-dt-img-description=\"\" data-large_image_width=\"400\" data-large_image_height=\"400\"><img loading=\"lazy\" decoding=\"async\" class=\"wp-image-135574 alignleft\" src=\"https:\/\/www.radiopiu.net\/wordpress\/wp-content\/uploads\/2020\/05\/VENETO-STRADE-300x300.png\" alt=\"\" width=\"102\" height=\"102\" srcset=\"https:\/\/www.radiopiu.net\/wordpress\/wp-content\/uploads\/2020\/05\/VENETO-STRADE-300x300.png 300w, https:\/\/www.radiopiu.net\/wordpress\/wp-content\/uploads\/2020\/05\/VENETO-STRADE-150x150.png 150w, https:\/\/www.radiopiu.net\/wordpress\/wp-content\/uploads\/2020\/05\/VENETO-STRADE.png 400w\" sizes=\"auto, (max-width: 102px) 100vw, 102px\" \/><\/a>AGGIORNAMENTO QUOTIDIANO, IN\u00a0 COLLABORAZIONE CON VENETO STRADE E BOTOL CAR SERVICE AD AGORDO IN LOCALITA&#8217; VALCOZZENA.<\/span><\/h1>\n<p>&nbsp;<\/p><\/blockquote>\n<blockquote><p>Si raccomanda di percorrere i passi al di sopra dei 1200 m slm con catene montate; le catene devono essere montate fuori dalla sede stradale, per non intralciare il traffico e le operazioni di sgombero neve dal piano viabile. Si raccomanda di prestare la massima attenzione nella guida per la possibile presenza di tratti resi scivolosi causati da neve fortemente bagnata<\/p>\n<p>\u00c8 chiuso per periodo invernale il seguente tratto stradale: &#8211; S.P. 33 \u201cdi Sauris\u201d dal km 0+000 (innesto S.P. 619) al km 6+800 (confine Provincia di Udine).<\/p><\/blockquote>\n<p><strong>SOSPIROLO\u00a0<\/strong> Lungo la provinciale 2 tra Pian Falcina e Gena Bassa in Comune di Sospirolo\u00a0 <span style=\"color: #ff0000;\">fino al 15 febbraio,<\/span> sabato e domeniche compresi, senso unico alternato regolato da semaforo o movieri, interruzioni alla viabilit\u00e0 fino a 10 minuti per tratti di 200 metri.<\/p>\n<p>&nbsp;<\/p>\n<p><span style=\"color: #0000ff;\"><strong>BOLLETTINO VIABILITA&#8217; AGGIORNATO AL 19 GENNAIO 2024<\/strong><\/span><\/p>\n<audio class=\"wp-audio-shortcode\" id=\"audio-371102-16\" preload=\"none\" style=\"width: 100%;\" controls=\"controls\"><source type=\"audio\/mpeg\" src=\"https:\/\/www.radiopiu.net\/wordpress\/wp-content\/uploads\/2024\/01\/VIABLITA.mp3?_=16\" \/><a href=\"https:\/\/www.radiopiu.net\/wordpress\/wp-content\/uploads\/2024\/01\/VIABLITA.mp3\">https:\/\/www.radiopiu.net\/wordpress\/wp-content\/uploads\/2024\/01\/VIABLITA.mp3<\/a><\/audio>\n<p>&nbsp;<\/p>\n<p>&nbsp;<\/p>\n<hr \/>\n<p>&nbsp;<\/p>\n<p><a class=\"dt-pswp-item\" href=\"https:\/\/www.radiopiu.net\/wordpress\/wp-content\/uploads\/2018\/09\/WhatsApp-Image-2018-09-20-at-16.04.06.jpeg\" data-dt-img-description=\"\" data-large_image_width=\"800\" data-large_image_height=\"100\"><img loading=\"lazy\" decoding=\"async\" class=\"wp-image-61378 size-full aligncenter\" src=\"https:\/\/www.radiopiu.net\/wordpress\/wp-content\/uploads\/2018\/09\/WhatsApp-Image-2018-09-20-at-16.04.06.jpeg\" alt=\"\" width=\"800\" height=\"100\" srcset=\"https:\/\/www.radiopiu.net\/wordpress\/wp-content\/uploads\/2018\/09\/WhatsApp-Image-2018-09-20-at-16.04.06.jpeg 800w, https:\/\/www.radiopiu.net\/wordpress\/wp-content\/uploads\/2018\/09\/WhatsApp-Image-2018-09-20-at-16.04.06-300x38.jpeg 300w, https:\/\/www.radiopiu.net\/wordpress\/wp-content\/uploads\/2018\/09\/WhatsApp-Image-2018-09-20-at-16.04.06-768x96.jpeg 768w\" sizes=\"auto, (max-width: 800px) 100vw, 800px\" \/><\/a><\/p>\n<p><center><\/center><b>\u00a0 \u00a0<\/b><\/p>\n<p><center><b>OGGI<\/b><\/center>Nella notte residua e irregolare nuvolosit\u00e0, in totale diradamento. In giornata sole e cielo in prevalenza sereno, salvo temporaneo scorrere di nubi medie su Dolomiti settentrionali a met\u00e0 mattinata. A fine giornata probabile arrivo di sottili nubi alte in grado di velare il cielo.<br \/>\n<b>Precipitazioni: <\/b>A inizio notte non escluso qualche goccia\/fiocco su Dolomiti settentrionali; in giornata assenti ovunque<br \/>\n<b>Temperature: <\/b>In generale calo oltre i 1500-1800 m, mentre sotto tali quote aumento delle minime e leggero calo delle massime.<\/p>\n<hr \/>\n<p><center><b>DOMANI<\/b><\/center>Cielo da poco a parzialmente nuvoloso per estese nubi alte assieme a qualche temporaneo addensamento su Dolomiti settentrionali, specie nottetempo e tra il tardo pomeriggio e la sera.<br \/>\n<b>Precipitazioni: <\/b>Assenti, in giornata. Non escluso qualche fiocco serale sulle cime dolomitiche settentrionali, senza apporti se non tracce di neve al suolo.<br \/>\n<b>Temperature: <\/b>In generale aumento, pi\u00f9 sensibile in quota.<\/p>\n<hr \/>\n<p><center><b>GIOVEDI<\/b><\/center>Tempo stabile con cielo sereno o poco nuvoloso per eventuale temporanea presenza di nubi alte sulle Prealpi, a tratti nuvoloso al mattino sulle Dolomiti, prima che il cielo si rassereni. Temperature in calo in alta quota e in generale aumento al di sotto dei 2000 m, localmente marcato per Foehn in alcuni fondovalle.<\/p>\n<hr \/>\n<p><center><b>VENERDI<\/b><\/center>Ampi tratti soleggiati e temporanei passaggi di nubi alte, pi\u00f9 probabili nel tardo pomeriggio\/sera. Temperature in ripresa, in maniera pi\u00f9 irregolare nelle valli per presenza o meno di condizioni di Foehn<\/p>\n<p>&nbsp;<\/p>\n<p><center><\/center><center><\/center><a class=\"dt-pswp-item\" href=\"https:\/\/www.radiopiu.net\/wordpress\/wp-content\/uploads\/2024\/01\/Senza-nome-48.png\" data-dt-img-description=\"\" data-large_image_width=\"460\" data-large_image_height=\"633\"><img loading=\"lazy\" decoding=\"async\" class=\"aligncenter wp-image-369946 size-full\" src=\"https:\/\/www.radiopiu.net\/wordpress\/wp-content\/uploads\/2024\/01\/Senza-nome-48.png\" alt=\"\" width=\"460\" height=\"633\" srcset=\"https:\/\/www.radiopiu.net\/wordpress\/wp-content\/uploads\/2024\/01\/Senza-nome-48.png 460w, https:\/\/www.radiopiu.net\/wordpress\/wp-content\/uploads\/2024\/01\/Senza-nome-48-218x300.png 218w\" sizes=\"auto, (max-width: 460px) 100vw, 460px\" \/><\/a><\/p>\n<p>&nbsp;<\/p>\n<hr \/>\n<p>&nbsp;<\/p>\n<p><img loading=\"lazy\" decoding=\"async\" class=\"wp-image-60761 size-full aligncenter\" src=\"https:\/\/www.radiopiu.net\/wordpress\/wp-content\/uploads\/2018\/09\/sport.jpg\" alt=\"\" width=\"800\" height=\"100\" srcset=\"https:\/\/www.radiopiu.net\/wordpress\/wp-content\/uploads\/2018\/09\/sport.jpg 800w, https:\/\/www.radiopiu.net\/wordpress\/wp-content\/uploads\/2018\/09\/sport-300x38.jpg 300w, https:\/\/www.radiopiu.net\/wordpress\/wp-content\/uploads\/2018\/09\/sport-768x96.jpg 768w\" sizes=\"auto, (max-width: 800px) 100vw, 800px\" \/><\/p>\n<p>&nbsp;<\/p>\n<p><span style=\"color: #0000ff;\"><strong>SKI CROSS<\/strong><\/span><\/p>\n<blockquote>\n<h3>ALLEGHE SI PREPARA AD ACCOGLIERE I CAMPIONI DI SKI CROSS<\/h3>\n<\/blockquote>\n<p><strong><a class=\"dt-pswp-item\" href=\"https:\/\/www.radiopiu.net\/wordpress\/wp-content\/uploads\/2024\/01\/TOMASONI_Federico_Pentaphoto_176185-scaled.jpg\" data-dt-img-description=\"\" data-large_image_width=\"2560\" data-large_image_height=\"1706\"><img loading=\"lazy\" decoding=\"async\" class=\" wp-image-371047 alignleft\" src=\"https:\/\/www.radiopiu.net\/wordpress\/wp-content\/uploads\/2024\/01\/TOMASONI_Federico_Pentaphoto_176185-300x200.jpg\" alt=\"\" width=\"178\" height=\"118\" srcset=\"https:\/\/www.radiopiu.net\/wordpress\/wp-content\/uploads\/2024\/01\/TOMASONI_Federico_Pentaphoto_176185-300x200.jpg 300w, https:\/\/www.radiopiu.net\/wordpress\/wp-content\/uploads\/2024\/01\/TOMASONI_Federico_Pentaphoto_176185-1024x682.jpg 1024w, https:\/\/www.radiopiu.net\/wordpress\/wp-content\/uploads\/2024\/01\/TOMASONI_Federico_Pentaphoto_176185-768x512.jpg 768w, https:\/\/www.radiopiu.net\/wordpress\/wp-content\/uploads\/2024\/01\/TOMASONI_Federico_Pentaphoto_176185-1536x1024.jpg 1536w, https:\/\/www.radiopiu.net\/wordpress\/wp-content\/uploads\/2024\/01\/TOMASONI_Federico_Pentaphoto_176185-2048x1365.jpg 2048w\" sizes=\"auto, (max-width: 178px) 100vw, 178px\" \/><\/a>ALLEGHE<\/strong> Il comprensorio sciistico di Alleghe si prepara per la gara di Coppa del Mondo di Ski Cross il 2 e 3 febbraio. La pista tecnica, con una pendenza laterale, si svilupper\u00e0 sulle piste Pelmo e Baldi del comprensorio dolomitico, offrendo una sfida impegnativa con salti e saliscendi. Il canadese Jared Schmidt e la svedese Sandra Naeslund guidano la classifica generale dopo tre tappe, mentre gli italiani cercano una migliore performance in casa. Il comitato organizzatore si impegna nei preparativi per l&#8217;evento che attirer\u00e0 l&#8217;attenzione globale sul comprensorio sciistico di Alleghe. (FOTO: Pentaphoto)<\/p>\n<p>&nbsp;<\/p>\n<p><span style=\"color: #0000ff;\"><strong>PALLAVOLO<\/strong><\/span><\/p>\n<blockquote>\n<h3>OTTIMA PROVA DEL BELLUNO VOLLEY CONTRO IL SAN DONA&#8217;<\/h3>\n<\/blockquote>\n<p><a class=\"dt-pswp-item\" href=\"https:\/\/www.radiopiu.net\/wordpress\/wp-content\/uploads\/2024\/01\/Mozzato_esulta_nel_derby.jpg\" data-dt-img-description=\"\" data-large_image_width=\"1280\" data-large_image_height=\"853\"><img loading=\"lazy\" decoding=\"async\" class=\" wp-image-370973 alignleft\" src=\"https:\/\/www.radiopiu.net\/wordpress\/wp-content\/uploads\/2024\/01\/Mozzato_esulta_nel_derby-300x200.jpg\" alt=\"\" width=\"165\" height=\"110\" srcset=\"https:\/\/www.radiopiu.net\/wordpress\/wp-content\/uploads\/2024\/01\/Mozzato_esulta_nel_derby-300x200.jpg 300w, https:\/\/www.radiopiu.net\/wordpress\/wp-content\/uploads\/2024\/01\/Mozzato_esulta_nel_derby-1024x682.jpg 1024w, https:\/\/www.radiopiu.net\/wordpress\/wp-content\/uploads\/2024\/01\/Mozzato_esulta_nel_derby-768x512.jpg 768w, https:\/\/www.radiopiu.net\/wordpress\/wp-content\/uploads\/2024\/01\/Mozzato_esulta_nel_derby.jpg 1280w\" sizes=\"auto, (max-width: 165px) 100vw, 165px\" \/><\/a>Il Belluno Volley ha ottenuto una significativa vittoria contro il Personal Time San Don\u00e0 nel derby veneto, confermandosi come sorpresa positiva in Serie A3 Credem Banca dopo aver gi\u00e0 battuto il Monge-Gerbaudo Savigliano. Matteo Mozzato ha svolto un ruolo chiave con 10 punti, contribuendo alla vittoria in tre set. Nonostante la consapevolezza che la partita non \u00e8 stata perfetta, Mozzato elogia l&#8217;ottima prestazione della squadra e sottolinea l&#8217;importanza di mantenere l&#8217;alto livello di gioco e trovare continuit\u00e0 nelle prossime sfide, a partire dalla trasferta contro la WiMore a Salsomaggiore il 4 febbraio.<\/p>\n<p>&nbsp;<\/p>\n<p><span style=\"color: #0000ff;\"><strong>CALCIO A 5<\/strong><\/span><\/p>\n<blockquote>\n<h3>GIESSE PER LO SPORT&#8230;CON LA CANOTTIERI BELLUNO CALCIO A 5<\/h3>\n<\/blockquote>\n<div class=\"x11i5rnm xat24cr x1mh8g0r x1vvkbs xtlvy1s x126k92a\">\n<h4 dir=\"auto\"><a class=\"dt-pswp-item\" href=\"https:\/\/www.radiopiu.net\/wordpress\/wp-content\/uploads\/2023\/10\/Senza-nome-57.png\" data-dt-img-description=\"\" data-large_image_width=\"317\" data-large_image_height=\"322\"><img loading=\"lazy\" decoding=\"async\" class=\"size-medium wp-image-358116 aligncenter\" src=\"https:\/\/www.radiopiu.net\/wordpress\/wp-content\/uploads\/2023\/10\/Senza-nome-57-295x300.png\" alt=\"\" width=\"295\" height=\"300\" srcset=\"https:\/\/www.radiopiu.net\/wordpress\/wp-content\/uploads\/2023\/10\/Senza-nome-57-295x300.png 295w, https:\/\/www.radiopiu.net\/wordpress\/wp-content\/uploads\/2023\/10\/Senza-nome-57.png 317w\" sizes=\"auto, (max-width: 295px) 100vw, 295px\" \/><\/a><\/h4>\n<h4 dir=\"auto\"><\/h4>\n<h4 dir=\"auto\">GIESSE PER LO SPORT&#8221; &#8230; con la Canottieri Belluno, calcio a 5. Tutto sul campionato di serie A2, girone A. Il programma alla RADIO che da ascolto ai talenti del calcio a 5 bellunese. IN COLLABORAZIONE CON GIESSE RISARCIMENTO DANNI A BELLUNO<\/h4>\n<\/div>\n<div class=\"x11i5rnm xat24cr x1mh8g0r x1vvkbs xtlvy1s x126k92a\">\n<h4 dir=\"auto\"><a class=\"x1i10hfl xjbqb8w x6umtig x1b1mbwd xaqea5y xav7gou x9f619 x1ypdohk xt0psk2 xe8uvvx xdj266r x11i5rnm xat24cr x1mh8g0r xexx8yu x4uap5 x18d9i69 xkhd6sd x16tdsg8 x1hl2dhg xggy1nq x1a2a7pz xt0b8zv x1qq9wsj xo1l8bm\" tabindex=\"0\" role=\"link\" href=\"https:\/\/www.facebook.com\/groups\/radiopiu\/?__cft__[0]=AZVtB3sskZBwGsu89zeRk9eNMGUFohz53TdYmXZyePAKPt8cBeKCqA03znGJk9wPaqHDXQ5yMBG_hrsUX03xH8fdmlMazTirW3KRFEY3Kr2cyBd_5Es2MvKnqyd6ZcahL6_M_zOo19o5N5tV8NHsHcfP&amp;__tn__=-UK-R\"><span class=\"xt0psk2\">RADIO PIU&#8217; EMITTENTE AGORDINA (Taibon_32027)<\/span><\/a>: IL LUNEDI ALLE 16.30, IL MARTEDI ALLE 13.05<\/h4>\n<h4 dir=\"auto\">RADIO CLUB 103 IL LUNEDI ALLE 16.20 E MARTEDI ALLE 13.40<\/h4>\n<h4 dir=\"auto\"><a class=\"x1i10hfl xjbqb8w x6umtig x1b1mbwd xaqea5y xav7gou x9f619 x1ypdohk xt0psk2 xe8uvvx xdj266r x11i5rnm xat24cr x1mh8g0r xexx8yu x4uap5 x18d9i69 xkhd6sd x16tdsg8 x1hl2dhg xggy1nq x1a2a7pz xt0b8zv x1qq9wsj xo1l8bm\" tabindex=\"0\" role=\"link\" href=\"https:\/\/www.facebook.com\/groups\/61488111720\/user\/100063652837062\/?__cft__[0]=AZVtB3sskZBwGsu89zeRk9eNMGUFohz53TdYmXZyePAKPt8cBeKCqA03znGJk9wPaqHDXQ5yMBG_hrsUX03xH8fdmlMazTirW3KRFEY3Kr2cyBd_5Es2MvKnqyd6ZcahL6_M_zOo19o5N5tV8NHsHcfP&amp;__tn__=-]K-R\"><span class=\"xt0psk2\">Radio Primiero<\/span><\/a> IL LUNEDI ALLE 10.30 E MARTEDI ALLE 12.30<\/h4>\n<p>&nbsp;<\/p>\n<p><strong><a class=\"dt-pswp-item\" href=\"https:\/\/www.radiopiu.net\/wordpress\/wp-content\/uploads\/2023\/01\/420087782_868623688602794_6615457153990015512_n.jpg\" data-dt-img-description=\"\" data-large_image_width=\"960\" data-large_image_height=\"540\"><img loading=\"lazy\" decoding=\"async\" class=\" wp-image-370968 alignleft\" src=\"https:\/\/www.radiopiu.net\/wordpress\/wp-content\/uploads\/2023\/01\/420087782_868623688602794_6615457153990015512_n-300x169.jpg\" alt=\"\" width=\"199\" height=\"112\" srcset=\"https:\/\/www.radiopiu.net\/wordpress\/wp-content\/uploads\/2023\/01\/420087782_868623688602794_6615457153990015512_n-300x169.jpg 300w, https:\/\/www.radiopiu.net\/wordpress\/wp-content\/uploads\/2023\/01\/420087782_868623688602794_6615457153990015512_n-768x432.jpg 768w, https:\/\/www.radiopiu.net\/wordpress\/wp-content\/uploads\/2023\/01\/420087782_868623688602794_6615457153990015512_n.jpg 960w\" sizes=\"auto, (max-width: 199px) 100vw, 199px\" \/><\/a>PUNTATA 14 &#8211; 22 GENNAIO 2024<\/strong><\/p>\n<p><span style=\"color: #0000ff;\"><strong>DODICESIMA GIORNATA SERIE A2 GIRONE A<\/strong><\/span><\/p>\n<p><strong>CANOTTIERI BELLUNO \u2013 MACCAN PRATA 4-3<\/strong><\/p>\n<p>Reti: pt 12.49 Genovese, 17.43 Dall\u2019\u00d2, 18.38 Dall\u2019\u00d2; st 0.25 Dall\u2019\u00d2, 1.21 Dall\u2019\u00d2, 14.55 Vecchione, 19.16 Genovese<\/p>\n<audio class=\"wp-audio-shortcode\" id=\"audio-371102-17\" preload=\"none\" style=\"width: 100%;\" controls=\"controls\"><source type=\"audio\/mpeg\" src=\"https:\/\/www.radiopiu.net\/wordpress\/wp-content\/uploads\/2023\/01\/GIESSECALCIO.mp3?_=17\" \/><a href=\"https:\/\/www.radiopiu.net\/wordpress\/wp-content\/uploads\/2023\/01\/GIESSECALCIO.mp3\">https:\/\/www.radiopiu.net\/wordpress\/wp-content\/uploads\/2023\/01\/GIESSECALCIO.mp3<\/a><\/audio>\n<p>&nbsp;<\/p>\n<p><strong>LA RACCOLTA COMPLETA <a href=\"https:\/\/www.radiopiu.net\/wordpress\/giesse-per-lo-sport-con-la-canottieri-belluno-calcio-a-5\/\">CLICCA QUI<\/a><\/strong><\/p>\n<\/div>\n<\/div>\n","protected":false},"excerpt":{"rendered":"<p>*** &nbsp; 40esimo di RADIOPIU\u2026. LA VOCE DELL\u2019EMOZIONE ISCRIVITI AL NOSTRO CANALE\u00a0\u00a0YOUTUBE PER SEGUIRE IN DIRETTA I PRINCIPALI PROGRAMMI DI RADIO PIU\u2019 E LE FUTURE DIRETTE IN ESTERNA. PER ISCRIVERTI CLICCA QUI\u00a0E PREMI\u00a0 \u201cIscriviti\u201d\u00a0\u00a0 &nbsp; &nbsp; WE LOVE NEVEGAL&#8230;ANCHE LO SPORT E&#8217; STRUMENTO PER RILANCIARE IL COLLE &nbsp; &nbsp; &nbsp; &nbsp; &#8220;Tra cavalli e carrozze&hellip;<\/p>\n","protected":false},"author":4,"featured_media":371047,"comment_status":"closed","ping_status":"closed","sticky":false,"template":"","format":"standard","meta":{"_monsterinsights_skip_tracking":false,"_monsterinsights_sitenote_active":false,"_monsterinsights_sitenote_note":"","_monsterinsights_sitenote_category":0,"footnotes":""},"categories":[51,86,49],"tags":[],"class_list":["post-371102","post","type-post","status-publish","format-standard","has-post-thumbnail","hentry","category-evidenza-top","category-gr","category-news-18","category-51","category-86","category-49","description-off"],"img_url":"https:\/\/www.radiopiu.net\/wordpress\/wp-content\/uploads\/2024\/01\/TOMASONI_Federico_Pentaphoto_176185-scaled.jpg","_links":{"self":[{"href":"https:\/\/www.radiopiu.net\/wordpress\/wp-json\/wp\/v2\/posts\/371102","targetHints":{"allow":["GET"]}}],"collection":[{"href":"https:\/\/www.radiopiu.net\/wordpress\/wp-json\/wp\/v2\/posts"}],"about":[{"href":"https:\/\/www.radiopiu.net\/wordpress\/wp-json\/wp\/v2\/types\/post"}],"author":[{"embeddable":true,"href":"https:\/\/www.radiopiu.net\/wordpress\/wp-json\/wp\/v2\/users\/4"}],"replies":[{"embeddable":true,"href":"https:\/\/www.radiopiu.net\/wordpress\/wp-json\/wp\/v2\/comments?post=371102"}],"version-history":[{"count":0,"href":"https:\/\/www.radiopiu.net\/wordpress\/wp-json\/wp\/v2\/posts\/371102\/revisions"}],"wp:featuredmedia":[{"embeddable":true,"href":"https:\/\/www.radiopiu.net\/wordpress\/wp-json\/wp\/v2\/media\/371047"}],"wp:attachment":[{"href":"https:\/\/www.radiopiu.net\/wordpress\/wp-json\/wp\/v2\/media?parent=371102"}],"wp:term":[{"taxonomy":"category","embeddable":true,"href":"https:\/\/www.radiopiu.net\/wordpress\/wp-json\/wp\/v2\/categories?post=371102"},{"taxonomy":"post_tag","embeddable":true,"href":"https:\/\/www.radiopiu.net\/wordpress\/wp-json\/wp\/v2\/tags?post=371102"}],"curies":[{"name":"wp","href":"https:\/\/api.w.org\/{rel}","templated":true}]}}