{"id":371159,"date":"2024-01-23T14:25:32","date_gmt":"2024-01-23T13:25:32","guid":{"rendered":"https:\/\/www.radiopiu.net\/wordpress\/?p=371159"},"modified":"2024-01-24T06:10:44","modified_gmt":"2024-01-24T05:10:44","slug":"romano-prodi-visita-lo-stabilimento-luxottica","status":"publish","type":"post","link":"https:\/\/www.radiopiu.net\/wordpress\/romano-prodi-visita-lo-stabilimento-luxottica\/","title":{"rendered":"ROMANO PRODI VISITA LO STABILIMENTO LUXOTTICA DI AGORDO"},"content":{"rendered":"<p>***<\/p>\n<p><strong>REDAZIONE<\/strong> A met\u00e0 mattinata l&#8217;elicottero del gruppo Fiat \u00e8 atterrato sulla piana dei Mogn, nei pressi del PalaLuxottica. Poco dopo tra i reparti si \u00e8 subito sparsa la voce sull&#8217;importante visita allo stabilimento. Con Francesco Milleri c&#8217;era infatti Romano Prodi.<\/p>\n<p><a class=\"dt-pswp-item\" href=\"https:\/\/www.radiopiu.net\/wordpress\/wp-content\/uploads\/2024\/01\/e3a08a6a-d9e4-46c2-88b4-078eacaf01c7.jpg\" data-dt-img-description=\"\" data-large_image_width=\"843\" data-large_image_height=\"843\"><img loading=\"lazy\" decoding=\"async\" class=\"size-medium wp-image-371216 aligncenter\" src=\"https:\/\/www.radiopiu.net\/wordpress\/wp-content\/uploads\/2024\/01\/e3a08a6a-d9e4-46c2-88b4-078eacaf01c7-300x300.jpg\" alt=\"\" width=\"300\" height=\"300\" srcset=\"https:\/\/www.radiopiu.net\/wordpress\/wp-content\/uploads\/2024\/01\/e3a08a6a-d9e4-46c2-88b4-078eacaf01c7-300x300.jpg 300w, https:\/\/www.radiopiu.net\/wordpress\/wp-content\/uploads\/2024\/01\/e3a08a6a-d9e4-46c2-88b4-078eacaf01c7-150x150.jpg 150w, https:\/\/www.radiopiu.net\/wordpress\/wp-content\/uploads\/2024\/01\/e3a08a6a-d9e4-46c2-88b4-078eacaf01c7-768x768.jpg 768w, https:\/\/www.radiopiu.net\/wordpress\/wp-content\/uploads\/2024\/01\/e3a08a6a-d9e4-46c2-88b4-078eacaf01c7.jpg 843w\" sizes=\"auto, (max-width: 300px) 100vw, 300px\" \/><\/a><\/p>\n<p>&nbsp;<\/p>\n<p>___<\/p>\n","protected":false},"excerpt":{"rendered":"<p>*** REDAZIONE A met\u00e0 mattinata l&#8217;elicottero del gruppo Fiat \u00e8 atterrato sulla piana dei Mogn, nei pressi del PalaLuxottica. Poco dopo tra i reparti si \u00e8 subito sparsa la voce sull&#8217;importante visita allo stabilimento. Con Francesco Milleri c&#8217;era infatti Romano Prodi. &nbsp; ___<\/p>\n","protected":false},"author":4,"featured_media":371216,"comment_status":"closed","ping_status":"closed","sticky":false,"template":"","format":"standard","meta":{"_monsterinsights_skip_tracking":false,"_monsterinsights_sitenote_active":false,"_monsterinsights_sitenote_note":"","_monsterinsights_sitenote_category":0,"footnotes":""},"categories":[104,49],"tags":[],"class_list":["post-371159","post","type-post","status-publish","format-standard","has-post-thumbnail","hentry","category-evidenza_3","category-news-18","category-104","category-49","description-off"],"img_url":"https:\/\/www.radiopiu.net\/wordpress\/wp-content\/uploads\/2024\/01\/e3a08a6a-d9e4-46c2-88b4-078eacaf01c7.jpg","_links":{"self":[{"href":"https:\/\/www.radiopiu.net\/wordpress\/wp-json\/wp\/v2\/posts\/371159","targetHints":{"allow":["GET"]}}],"collection":[{"href":"https:\/\/www.radiopiu.net\/wordpress\/wp-json\/wp\/v2\/posts"}],"about":[{"href":"https:\/\/www.radiopiu.net\/wordpress\/wp-json\/wp\/v2\/types\/post"}],"author":[{"embeddable":true,"href":"https:\/\/www.radiopiu.net\/wordpress\/wp-json\/wp\/v2\/users\/4"}],"replies":[{"embeddable":true,"href":"https:\/\/www.radiopiu.net\/wordpress\/wp-json\/wp\/v2\/comments?post=371159"}],"version-history":[{"count":0,"href":"https:\/\/www.radiopiu.net\/wordpress\/wp-json\/wp\/v2\/posts\/371159\/revisions"}],"wp:featuredmedia":[{"embeddable":true,"href":"https:\/\/www.radiopiu.net\/wordpress\/wp-json\/wp\/v2\/media\/371216"}],"wp:attachment":[{"href":"https:\/\/www.radiopiu.net\/wordpress\/wp-json\/wp\/v2\/media?parent=371159"}],"wp:term":[{"taxonomy":"category","embeddable":true,"href":"https:\/\/www.radiopiu.net\/wordpress\/wp-json\/wp\/v2\/categories?post=371159"},{"taxonomy":"post_tag","embeddable":true,"href":"https:\/\/www.radiopiu.net\/wordpress\/wp-json\/wp\/v2\/tags?post=371159"}],"curies":[{"name":"wp","href":"https:\/\/api.w.org\/{rel}","templated":true}]}}