{"id":371229,"date":"2024-01-25T05:38:10","date_gmt":"2024-01-25T04:38:10","guid":{"rendered":"https:\/\/www.radiopiu.net\/wordpress\/?p=371229"},"modified":"2024-01-25T09:32:29","modified_gmt":"2024-01-25T08:32:29","slug":"giornale-radiopiu-25-gennaio-2024-direttore-mirko-mezzacasada-40-anni-25-giugno-1983-25-giugno-2023","status":"publish","type":"post","link":"https:\/\/www.radiopiu.net\/wordpress\/giornale-radiopiu-25-gennaio-2024-direttore-mirko-mezzacasada-40-anni-25-giugno-1983-25-giugno-2023\/","title":{"rendered":"GIORNALE RADIOPIU 25 GENNAIO 2024 DIRETTORE MIRKO MEZZACASA\u2026DA 40 ANNI 25 GIUGNO 1983-25 GIUGNO 2023"},"content":{"rendered":"<h1>***<\/h1>\n<p>&nbsp;<\/p>\n<h1 class=\"entry-title photoswipe-wrapper\"><\/h1>\n<h1 class=\"entry-title photoswipe-wrapper\" style=\"text-align: left;\"><a class=\"dt-pswp-item\" href=\"https:\/\/www.radiopiu.net\/wordpress\/wp-content\/uploads\/2024\/01\/47fe1ecf-b375-47d6-9dc3-e623b430bcff.jpg\" data-dt-img-description=\"\" data-large_image_width=\"2016\" data-large_image_height=\"1134\"><img loading=\"lazy\" decoding=\"async\" class=\" wp-image-371375 alignleft\" src=\"https:\/\/www.radiopiu.net\/wordpress\/wp-content\/uploads\/2024\/01\/47fe1ecf-b375-47d6-9dc3-e623b430bcff-300x169.jpg\" alt=\"\" width=\"234\" height=\"132\" srcset=\"https:\/\/www.radiopiu.net\/wordpress\/wp-content\/uploads\/2024\/01\/47fe1ecf-b375-47d6-9dc3-e623b430bcff-300x169.jpg 300w, https:\/\/www.radiopiu.net\/wordpress\/wp-content\/uploads\/2024\/01\/47fe1ecf-b375-47d6-9dc3-e623b430bcff-1024x576.jpg 1024w, https:\/\/www.radiopiu.net\/wordpress\/wp-content\/uploads\/2024\/01\/47fe1ecf-b375-47d6-9dc3-e623b430bcff-768x432.jpg 768w, https:\/\/www.radiopiu.net\/wordpress\/wp-content\/uploads\/2024\/01\/47fe1ecf-b375-47d6-9dc3-e623b430bcff-1536x864.jpg 1536w, https:\/\/www.radiopiu.net\/wordpress\/wp-content\/uploads\/2024\/01\/47fe1ecf-b375-47d6-9dc3-e623b430bcff.jpg 2016w\" sizes=\"auto, (max-width: 234px) 100vw, 234px\" \/><\/a>40esimo di RADIOPIU\u2026. LA VOCE DELL\u2019EMOZIONE<\/h1>\n<h2><\/h2>\n<h2><span style=\"color: #ff0000;\">ISCRIVITI AL NOSTRO CANALE\u00a0\u00a0YOUTUBE PER SEGUIRE IN DIRETTA I PRINCIPALI PROGRAMMI DI RADIO PIU\u2019 E LE FUTURE DIRETTE IN ESTERNA. PER ISCRIVERTI <a style=\"color: #ff0000;\" href=\"https:\/\/youtube.com\/@radiopiu1527\">CLICCA QUI\u00a0<\/a>E PREMI\u00a0 \u201cIscriviti\u201d\u00a0 \u00a0<\/span><\/h2>\n<p>&nbsp;<\/p>\n<p>&nbsp;<\/p>\n<hr \/>\n<blockquote>\n<blockquote>\n<h1><span style=\"color: #ff0000;\">I podcast informativi del mattino &#8211; audio &#8211;\u00a0<\/span><\/h1>\n<\/blockquote>\n<p><strong><a class=\"dt-pswp-item\" href=\"https:\/\/www.radiopiu.net\/wordpress\/wp-content\/uploads\/2023\/11\/th-10.jpg\" data-dt-img-description=\"\" data-large_image_width=\"320\" data-large_image_height=\"180\"><img loading=\"lazy\" decoding=\"async\" class=\"wp-image-362866 alignleft\" src=\"https:\/\/www.radiopiu.net\/wordpress\/wp-content\/uploads\/2023\/11\/th-10-300x169.jpg\" alt=\"\" width=\"185\" height=\"104\" srcset=\"https:\/\/www.radiopiu.net\/wordpress\/wp-content\/uploads\/2023\/11\/th-10-300x169.jpg 300w, https:\/\/www.radiopiu.net\/wordpress\/wp-content\/uploads\/2023\/11\/th-10.jpg 320w\" sizes=\"auto, (max-width: 185px) 100vw, 185px\" \/><\/a>LA RASSEGNA STAMPA NAZIONALE ALLA RADIO, OGNI GIORNO ALLE 5 E ALLE 6 DEL MATTINO <span style=\"color: #0000ff;\">viene pubblicata alle 6.00 <span style=\"color: #ff0000;\">DIRETTA RADIO\u00a0\u00a0<\/span><\/span><\/strong><\/p>\n<p>&nbsp;<\/p><\/blockquote>\n<p>di VALENTINA RICCI<\/p>\n<p>La Corte Suprema Americana ha respinto la richiesta di impedire all&#8217;<strong>Alabama<\/strong> di giustiziare con l&#8217;azoto, un condannato per omicidio. Si sono conclusi ieri i lavori sul decreto <strong>super bonus<\/strong> in commissione Finanza alla Camera, lavori che riprendono oggi. Per le<strong> donazioni e i trapianti<\/strong> di organi tessuti e cellule l&#8217;anno appena concluso il 2023 \u00e8 stato senza precedenti. Una notizia che ha lasciato il mondo senza parole &#8220;voglio morire la vita e finita&#8221; a queste le parole pronunciate da <strong>Alain Delon<\/strong>. Sono indagate per favoreggiamento e falso ideologico, le due psicologhe del <strong>carcere di San Vittore<\/strong> coinvolte nel caso Pifferi. <strong>Germania<\/strong> \u00e8 il pi\u00f9 lungo sciopero ma i proclamato nelle ferrovie. <strong>Stati uniti\u00a0<\/strong> Donald Trump ha vinto con un largo margine le primarie in New Hampshire. <strong>Calcio<\/strong> la Roma vince due a uno in Arabia saudita,<\/p>\n<h2>L&#8217;AUDIO VIENE POSTATO ATTORNO ALLE SETTE<\/h2>\n<audio class=\"wp-audio-shortcode\" id=\"audio-371229-1\" preload=\"none\" style=\"width: 100%;\" controls=\"controls\"><source type=\"audio\/mpeg\" src=\"https:\/\/www.radiopiu.net\/wordpress\/wp-content\/uploads\/2024\/01\/GIORNALEDELLESEI-19.mp3?_=1\" \/><a href=\"https:\/\/www.radiopiu.net\/wordpress\/wp-content\/uploads\/2024\/01\/GIORNALEDELLESEI-19.mp3\">https:\/\/www.radiopiu.net\/wordpress\/wp-content\/uploads\/2024\/01\/GIORNALEDELLESEI-19.mp3<\/a><\/audio>\n<p>&nbsp;<\/p>\n<p>&nbsp;<\/p>\n<hr \/>\n<p>&nbsp;<\/p>\n<h1 style=\"text-align: center;\"><span style=\"color: #ff0000;\">I podcast informativi del mattino &#8211; audio &#8211;\u00a0<\/span><\/h1>\n<p><strong><a class=\"dt-pswp-item\" href=\"https:\/\/www.radiopiu.net\/wordpress\/wp-content\/uploads\/2023\/12\/images.png\" data-dt-img-description=\"\" data-large_image_width=\"316\" data-large_image_height=\"160\"><img loading=\"lazy\" decoding=\"async\" class=\"wp-image-367008 alignleft\" src=\"https:\/\/www.radiopiu.net\/wordpress\/wp-content\/uploads\/2023\/12\/images-300x152.png\" alt=\"\" width=\"235\" height=\"119\" srcset=\"https:\/\/www.radiopiu.net\/wordpress\/wp-content\/uploads\/2023\/12\/images-300x152.png 300w, https:\/\/www.radiopiu.net\/wordpress\/wp-content\/uploads\/2023\/12\/images.png 316w\" sizes=\"auto, (max-width: 235px) 100vw, 235px\" \/><\/a>OGNI GIORNO ALLE SETTE DEL MATTINO, LA RASSEGNA STAMPA LOCALE FLASH&#8230; PER CHI VA IN FRETTA. I TITOLI DAI GIORNALI E DAL SITO WWW.RADIOPIU.NET <span style=\"color: #0000ff;\">viene pubblicato alle 7.00<\/span> <span style=\"color: #ff0000;\">DIRETTA RADIO\u00a0<\/span><\/strong><\/p>\n<p><em><span style=\"color: #ff0000;\">per chi va in fretta&#8230; tante notizie in pochi minuti. L&#8217;informazione locale alla radio, ogni ora dalle 7 del mattino alle 19 della sera.\u00a0<\/span><\/em><\/p>\n<h2><\/h2>\n<p><strong>CANALE D&#8217;AGORDO<\/strong> Qui doveva scoppiare la bomba della N&#8217;drangheta, nel mirino il pentito. Ne da oggi notizia nelle pagine dall&#8217;Agordino il Corriere delle Alpi.<br \/>\n<strong>ARSIE<\/strong> Gli automobilisti di passaggio sulla Sr 50 bis hanno notato che l\u2019autovelox \u00e8 stato abbattuto, scatenando voci sul presunto intervento di \u201cFleximan\u201d, il sindaco Luca Strappazzon chiarisce che si tratta solo di lavori di manutenzione all\u2019impianto e che verr\u00e0 ripristinato in pochi giorni<br \/>\n<strong>FELTRE<\/strong> Ieri Dopo vari tentativi di chiamata a diversi numeri il presidente di Antea La Cometa ha deciso di recarsi di persona agli uffici feltrini della Dolomitibus. L\u2019addetto in ufficio &#8220;non rispondo al telefono, non ho tempo&#8221;.<br \/>\n<strong>SOSPIROLO<\/strong> A seguito di una fuga di gas nel pomeriggio, la SP 12 \u00e8 stata chiusa nella serata di ieri. Operai e forze dell\u2019ordine sul posto. La distribuzione di gas metano nella parte ovest di Sospirolo \u00e8 sospesa a causa della rottura di una condotta principale a Maras.<br \/>\n<strong>SEDICO<\/strong> La Guardia di Finanza del Comando Provinciale di Belluno ha effettuato un sequestro amministrativo di 4.000 prodotti non conformi agli standard di sicurezza, tra cui oltre 1.500 oggetti a tema carnevalesco o di San Valentino, presso un esercizio commerciale a Sedico.<br \/>\n<strong>COMELICO<\/strong> Don Sergio Tessari, trevigiano di Altivole, \u00e8 deceduto a 94 anni presso la Casa Kolbe di Pedavena, dove risiedeva da qualche tempo. I funerali si terranno domani alle 15 nella chiesa parrocchiale di Farra di Feltre<\/p>\n<h2>L&#8217;AUDIO VIENE POSTATO ATTORNO ALLE SETTE<\/h2>\n<audio class=\"wp-audio-shortcode\" id=\"audio-371229-2\" preload=\"none\" style=\"width: 100%;\" controls=\"controls\"><source type=\"audio\/mpeg\" src=\"https:\/\/www.radiopiu.net\/wordpress\/wp-content\/uploads\/2024\/01\/GIORNALEDELLESEI-19.mp3?_=2\" \/><a href=\"https:\/\/www.radiopiu.net\/wordpress\/wp-content\/uploads\/2024\/01\/GIORNALEDELLESEI-19.mp3\">https:\/\/www.radiopiu.net\/wordpress\/wp-content\/uploads\/2024\/01\/GIORNALEDELLESEI-19.mp3<\/a><\/audio>\n<p>&nbsp;<\/p>\n<p>&nbsp;<\/p>\n<hr \/>\n<p>&nbsp;<\/p>\n<h1><\/h1>\n<h1 style=\"text-align: center;\"><span style=\"color: #ff0000;\">I podcast informativi del mattino &#8211; audio &#8211;\u00a0<\/span><\/h1>\n<p>&nbsp;<\/p>\n<blockquote><p><strong><a class=\"dt-pswp-item\" href=\"https:\/\/www.radiopiu.net\/wordpress\/wp-content\/uploads\/2021\/07\/microfono-radio-ok-768x448-768x448-1.jpg\" data-dt-img-description=\"\" data-large_image_width=\"768\" data-large_image_height=\"448\"><img loading=\"lazy\" decoding=\"async\" class=\"wp-image-220632 alignleft\" src=\"https:\/\/www.radiopiu.net\/wordpress\/wp-content\/uploads\/2021\/07\/microfono-radio-ok-768x448-768x448-1-300x175.jpg\" alt=\"\" width=\"178\" height=\"104\" srcset=\"https:\/\/www.radiopiu.net\/wordpress\/wp-content\/uploads\/2021\/07\/microfono-radio-ok-768x448-768x448-1-300x175.jpg 300w, https:\/\/www.radiopiu.net\/wordpress\/wp-content\/uploads\/2021\/07\/microfono-radio-ok-768x448-768x448-1.jpg 768w\" sizes=\"auto, (max-width: 178px) 100vw, 178px\" \/><\/a>GIORNALE RADIO NAZIONALE, EDIZIONE DELLE SETTE <span style=\"color: #0000ff;\">viene pubblicato alle 7.05 <span style=\"color: #ff0000;\">DIRETTA RADIO\u00a0<\/span><\/span><\/strong><\/p><\/blockquote>\n<p><strong>il giornale radionazionale e&#8217; in onda ogni ora, dalle sette del mattino alle venti della sera\u00a0 \u00a0<\/strong><\/p>\n<p>&nbsp;<\/p>\n<p><strong>Meloni<\/strong> interviene alla Camera sulle iniziative volte ad abolire il tetto di spesa per l&#8217;assunzione del personale sanitario. <strong>Conte<\/strong>: La Meloni \u00e8 Re Mida al contrario, ci\u00f2 che tocca lo distrugge. Guerra in <strong>Ucraina<\/strong>, chiesa un indagine per l&#8217;aereo dei prigionieri abbattuto.<strong> Stati Uniti<\/strong> preoccupati per gli attacchi all&#8217;agenzia dell&#8217;Onu in Palestina. <strong>Cronaca<\/strong> terzo fermato per l&#8217;omicidio del 14enne Ivan, i Carabinieri hanno eseguito il fermo di un 30enne, fratello di uno dei giovani coinvolti.<strong> Alto Adige<\/strong> contadino morto travolto da un albero a Sarentino.<\/p>\n<h2>L&#8217;AUDIO VIENE POSTATO ATTORNO ALLE SETTE<\/h2>\n<audio class=\"wp-audio-shortcode\" id=\"audio-371229-3\" preload=\"none\" style=\"width: 100%;\" controls=\"controls\"><source type=\"audio\/mpeg\" src=\"https:\/\/www.radiopiu.net\/wordpress\/wp-content\/uploads\/2024\/01\/giornale07-19.mp3?_=3\" \/><a href=\"https:\/\/www.radiopiu.net\/wordpress\/wp-content\/uploads\/2024\/01\/giornale07-19.mp3\">https:\/\/www.radiopiu.net\/wordpress\/wp-content\/uploads\/2024\/01\/giornale07-19.mp3<\/a><\/audio>\n<p>&nbsp;<\/p>\n<p>&nbsp;<\/p>\n<hr \/>\n<p>&nbsp;<\/p>\n<h1><span style=\"color: #ff0000;\">I podcast informativi del mattino &#8211; video &#8211;\u00a0<\/span><\/h1>\n<h2><strong><a class=\"dt-pswp-item\" href=\"https:\/\/www.radiopiu.net\/wordpress\/wp-content\/uploads\/2023\/12\/th-10.jpg\" data-dt-img-description=\"\" data-large_image_width=\"245\" data-large_image_height=\"180\"><img loading=\"lazy\" decoding=\"async\" class=\" wp-image-367395 alignleft\" src=\"https:\/\/www.radiopiu.net\/wordpress\/wp-content\/uploads\/2023\/12\/th-10.jpg\" alt=\"\" width=\"166\" height=\"122\" \/><\/a>RASSEGNA STAMPA LOCALE, ORE OTTO 05<\/strong><\/h2>\n<h2><strong> <span style=\"color: #0000ff;\">viene\u00a0 <\/span><\/strong><strong><span style=\"color: #0000ff;\">pubblicata alle 8.05 <span style=\"color: #ff0000;\">DIRETTA RADIO\u00a0\u00a0<\/span><\/span><\/strong><\/h2>\n<p><strong>BELLUNO<\/strong> La lotta allo spopolamento resta il tema centrale in provincia di Belluno per garantire continuit\u00e0 e futuro ai servizi e ai territori. Ne abbiamo parlato con il sociologo Diego Cason. NEL GR DELLE 12.30<br \/>\n<strong>BELLUNO<\/strong> La presidente di Confindustria Belluno Dolomiti, Lorraine Berton, ha dichiarato che il mondo dell\u2019impresa, insieme alla societ\u00e0 Pizzarotti, ha accettato la sfida della pista da bob a Cortina, considerandola una questione di interesse nazionale.<br \/>\n<strong>FELTRE<\/strong> Il Comune di Feltre ha completato i lavori per la pista ciclo-pedonale su via Prati e via Bentivoglio, a nord dell\u2019ospedale civile \u201cSanta Maria del Prato\u201d.<br \/>\n<strong>FELTRE<\/strong> Marco Reato, giovane artigiano feltrino, ha brillato nella competizione SIGEP 2024, aggiudicandosi la medaglia di bronzo come Migliore Gelatiere Italiano. La gara il 23 gennaio a Rimini<br \/>\n<strong>LIVINALLONGO<\/strong> COCCOLE PER MASHA, LA PET THERAPY A VILLA SAN GIUSEPPE. DI LORENZO SORATROI, NEL GIORNALE RADIO DELLE 16.30<br \/>\n<strong>SAN TOMASO<\/strong> SABATO CON L\u2019ASSOCIAZIONE ORTI RUPESTRI. \u201cIL FAGIOLO\u201d SUL SITO DI RADIOPIU L&#8217;INTERVISTA A RENATO DA RONCH, MORENO DE VAL, MARIA JOSE GAIARDO.<\/p>\n<p>&nbsp;<\/p>\n<p>&nbsp;<\/p>\n<p><iframe loading=\"lazy\" title=\"DAL 1983 LA RASSEGNA STAMPA LOCALE di mirko mezzacasa. L&#039;ORIGINALE\" width=\"1200\" height=\"675\" src=\"https:\/\/www.youtube.com\/embed\/tL5bPAjveCw?feature=oembed\" frameborder=\"0\" allow=\"accelerometer; autoplay; clipboard-write; encrypted-media; gyroscope; picture-in-picture; web-share\" allowfullscreen><\/iframe><\/p>\n<p>&nbsp;<\/p>\n<p>&nbsp;<\/p>\n<p>&nbsp;<\/p>\n<hr \/>\n<p>&nbsp;<\/p>\n<p>&nbsp;<\/p>\n<p><a class=\"dt-pswp-item\" href=\"https:\/\/www.radiopiu.net\/wordpress\/wp-content\/uploads\/2023\/10\/34f4cfc6-e863-46e9-9695-8df44be63421.jpg\" data-dt-img-description=\"\" data-large_image_width=\"1200\" data-large_image_height=\"1200\"><img loading=\"lazy\" decoding=\"async\" class=\"wp-image-357393 alignleft\" src=\"https:\/\/www.radiopiu.net\/wordpress\/wp-content\/uploads\/2023\/10\/34f4cfc6-e863-46e9-9695-8df44be63421-300x300.jpg\" alt=\"\" width=\"81\" height=\"81\" srcset=\"https:\/\/www.radiopiu.net\/wordpress\/wp-content\/uploads\/2023\/10\/34f4cfc6-e863-46e9-9695-8df44be63421-300x300.jpg 300w, https:\/\/www.radiopiu.net\/wordpress\/wp-content\/uploads\/2023\/10\/34f4cfc6-e863-46e9-9695-8df44be63421-1024x1024.jpg 1024w, https:\/\/www.radiopiu.net\/wordpress\/wp-content\/uploads\/2023\/10\/34f4cfc6-e863-46e9-9695-8df44be63421-150x150.jpg 150w, https:\/\/www.radiopiu.net\/wordpress\/wp-content\/uploads\/2023\/10\/34f4cfc6-e863-46e9-9695-8df44be63421-768x768.jpg 768w, https:\/\/www.radiopiu.net\/wordpress\/wp-content\/uploads\/2023\/10\/34f4cfc6-e863-46e9-9695-8df44be63421.jpg 1200w\" sizes=\"auto, (max-width: 81px) 100vw, 81px\" \/><\/a>OGGI ALLA RADIO: <strong>ALLE 7<\/strong> LA RASSEGNA STAMPA LOCALE FLASH, PER CHI COME NOI ALLE SETTE DEL MATTINO VA DI FRETTA, TANTE NOTIZIE IN POCHE CHIACCHIERE. <strong>ALLE OTTO<\/strong> L&#8217;APPROFONDIMENTO NELLA STORICA RASSEGNA STAMPA LOCALE.\u00a0 DALLE 6 ALLE 21, OGNI ORA, L&#8217;INFORMAZIONE NAZIONALE, l&#8217;informazione locale, ALLE 10 flash. 11flash. 14 viabilit\u00e0. 15meteo. 16flash. 17flash. 18flash. 19 i titoli di Antenna 3<\/p>\n<p>&nbsp;<\/p>\n<p>&nbsp;<\/p>\n<p><strong><a class=\"dt-pswp-item\" href=\"https:\/\/www.radiopiu.net\/wordpress\/wp-content\/uploads\/2023\/03\/40-ANNI-RADIO-PIU.jpg\" data-dt-img-description=\"\" data-large_image_width=\"1024\" data-large_image_height=\"1024\"><img loading=\"lazy\" decoding=\"async\" class=\"wp-image-324973 alignleft\" src=\"https:\/\/www.radiopiu.net\/wordpress\/wp-content\/uploads\/2023\/03\/40-ANNI-RADIO-PIU-300x300.jpg\" alt=\"\" width=\"105\" height=\"105\" srcset=\"https:\/\/www.radiopiu.net\/wordpress\/wp-content\/uploads\/2023\/03\/40-ANNI-RADIO-PIU-300x300.jpg 300w, https:\/\/www.radiopiu.net\/wordpress\/wp-content\/uploads\/2023\/03\/40-ANNI-RADIO-PIU-150x150.jpg 150w, https:\/\/www.radiopiu.net\/wordpress\/wp-content\/uploads\/2023\/03\/40-ANNI-RADIO-PIU-768x768.jpg 768w, https:\/\/www.radiopiu.net\/wordpress\/wp-content\/uploads\/2023\/03\/40-ANNI-RADIO-PIU.jpg 1024w\" sizes=\"auto, (max-width: 105px) 100vw, 105px\" \/><\/a>oggi alla radio:<\/strong> <em><span style=\"color: #ff0000;\">ALLE 7<\/span> RASSEGNA STAMPA FLASH&#8230;PER CHI VA DI FRETTA POCHE PAROLE, TANTE NOTIZIE E <span style=\"color: #ff0000;\">ALLE 8<\/span> LA STORICA, L&#8217;ORIGINALE RASSEGNA STAMPA LOCALE. <span style=\"color: #ff0000;\">ALLE 9 ALEX<\/span>\u00a0 IL COUNTRY DI ALEX NASCINBEN \u00a0<span style=\"color: #ff0000;\">10.30 E 1900<\/span>\u00a0 \u00a0MARIA RITA GENTILIN SEGRETARIA SPI CGIL BELLUNO\u00a0 <\/em><em><span style=\"color: #ff0000;\">8.20&#8230;. 21.20..<\/span>. PIU&#8217; SIAMO, DI Marina Don\u00e0 dal lunedi al venerdi . <span style=\"color: #ff0000;\">15.20<\/span> dopo la meteo IL ROCK DI MARCO COSTANTINI\u00a0<\/em><\/p>\n<p>&nbsp;<\/p>\n<p>&nbsp;<\/p>\n<p>&nbsp;<\/p>\n<hr \/>\n<blockquote>\n<h3><\/h3>\n<\/blockquote>\n<p><strong>TEST IN PUSTERIA, POSSIBILI SCONFINAMENTI DI &#8220;SEGNALI&#8221; SUI TELEFONI A LIVINALLONGO E ZONE LIMITROFE,\u00a0 OGGI DALLE 12 ALLE 13<\/strong><\/p>\n<p>&nbsp;<\/p>\n<hr \/>\n<p>&nbsp;<\/p>\n<p><a class=\"dt-pswp-item\" href=\"https:\/\/www.radiopiu.net\/wordpress\/wp-content\/uploads\/2024\/01\/Senza-nome-81.png\" data-dt-img-description=\"\" data-large_image_width=\"509\" data-large_image_height=\"299\"><img loading=\"lazy\" decoding=\"async\" class=\"size-medium wp-image-371391 aligncenter\" src=\"https:\/\/www.radiopiu.net\/wordpress\/wp-content\/uploads\/2024\/01\/Senza-nome-81-300x176.png\" alt=\"\" width=\"300\" height=\"176\" srcset=\"https:\/\/www.radiopiu.net\/wordpress\/wp-content\/uploads\/2024\/01\/Senza-nome-81-300x176.png 300w, https:\/\/www.radiopiu.net\/wordpress\/wp-content\/uploads\/2024\/01\/Senza-nome-81.png 509w\" sizes=\"auto, (max-width: 300px) 100vw, 300px\" \/>\u00a0<\/a><\/p>\n<p>&nbsp;<\/p>\n<hr \/>\n<p>&nbsp;<\/p>\n<p>&nbsp;<\/p>\n<blockquote>\n<h3><a class=\"dt-pswp-item\" href=\"https:\/\/www.radiopiu.net\/wordpress\/wp-content\/uploads\/2024\/01\/velox.png\" data-dt-img-description=\"\" data-large_image_width=\"235\" data-large_image_height=\"166\"><img loading=\"lazy\" decoding=\"async\" class=\"wp-image-371378 alignleft\" src=\"https:\/\/www.radiopiu.net\/wordpress\/wp-content\/uploads\/2024\/01\/velox.png\" alt=\"\" width=\"168\" height=\"119\" \/><\/a>&#8220;FLEXIMAN&#8221; ALLA CONQUISTA DI NOTORIETA&#8217; NEL FELTRINO? ANCHE NO.<\/h3>\n<\/blockquote>\n<p><b>ARSIE <\/b>Gli automobilisti di passaggio sulla Sr 50 bis hanno notato che l&#8217;autovelox \u00e8 stato abbattuto, scatenando voci sul presunto intervento di &#8220;Fleximan&#8221;, il sindaco Luca Strappazzon chiarisce che si tratta solo di lavori di manutenzione all&#8217;impianto e che verr\u00e0 ripristinato in pochi giorni con alcune modifiche estetiche. L&#8217;episodio ha suscitato dibattiti tra chi condanna e chi tollera gli atti di vandalismo contro gli autovelox.<\/p>\n<p>&nbsp;<\/p>\n<hr \/>\n<p>&nbsp;<\/p>\n<p>&nbsp;<\/p>\n<blockquote>\n<h3><a class=\"dt-pswp-item\" href=\"https:\/\/www.radiopiu.net\/wordpress\/wp-content\/uploads\/2021\/10\/9396bbfc-2818-4225-b55d-9a56c39206f1.jpg\" data-dt-img-description=\"\" data-large_image_width=\"1599\" data-large_image_height=\"899\"><img loading=\"lazy\" decoding=\"async\" class=\"wp-image-237486 alignleft\" src=\"https:\/\/www.radiopiu.net\/wordpress\/wp-content\/uploads\/2021\/10\/9396bbfc-2818-4225-b55d-9a56c39206f1-300x169.jpg\" alt=\"\" width=\"202\" height=\"114\" srcset=\"https:\/\/www.radiopiu.net\/wordpress\/wp-content\/uploads\/2021\/10\/9396bbfc-2818-4225-b55d-9a56c39206f1-300x169.jpg 300w, https:\/\/www.radiopiu.net\/wordpress\/wp-content\/uploads\/2021\/10\/9396bbfc-2818-4225-b55d-9a56c39206f1-1024x576.jpg 1024w, https:\/\/www.radiopiu.net\/wordpress\/wp-content\/uploads\/2021\/10\/9396bbfc-2818-4225-b55d-9a56c39206f1-768x432.jpg 768w, https:\/\/www.radiopiu.net\/wordpress\/wp-content\/uploads\/2021\/10\/9396bbfc-2818-4225-b55d-9a56c39206f1-1536x864.jpg 1536w, https:\/\/www.radiopiu.net\/wordpress\/wp-content\/uploads\/2021\/10\/9396bbfc-2818-4225-b55d-9a56c39206f1.jpg 1599w\" sizes=\"auto, (max-width: 202px) 100vw, 202px\" \/><\/a>E ANCHE OGGI DOLOMITIBUS PUO&#8217; ORGOGLIOSAMENTE DIRE\u00a0 &#8220;SIAMO VISIBILI SUI MEZZI DI INFORMAZIONE&#8221;.<\/h3>\n<\/blockquote>\n<p><strong>FELTRE\u00a0<\/strong> Disservizi a &#8220;nastro&#8221; ancora una volta tra il silenzio generale di amministratori e politici. Troppo concentrati sulla pista da bob e sui prossimi eventi internazionali?\u00a0 Ieri Dopo vari tentativi di chiamata a diversi numeri il presidente di Antea La Cometa ha deciso di recarsi di persona agli uffici feltrini della compagnia e scopre \u00a0che nessun telefono suona perch\u00e9 risulta sempre occupato. L&#8217;addetto in ufficio, quando interrogato, si scusa e afferma di essere da solo, affermando di non avere il tempo materiale per rispondere alle chiamate.<\/p>\n<p>&nbsp;<\/p>\n<p>&nbsp;<\/p>\n<hr \/>\n<p>&nbsp;<\/p>\n<blockquote>\n<h3>FUGA DI GAS METANO A SOSPIROLO<\/h3>\n<p><em>evacuazione dell&#8217;asilo di Maras, chiusura della provinciale 12 e 67 bambini, sei maestre e tre bidelli sono stati mandati a casa in anticipo. La struttura rimane chiusa per precauzione, mentre lavori sono in corso da parte di Bim Infrastrutture e dei vigili del fuoco. Il sindaco firma un&#8217;ordinanza deviando il traffico sulla viabilit\u00e0 alternativa e sospendendo anche le corriere di Dolomitibus. La fuga di gas \u00e8 stata individuata in una crepa della strada,\u00a0<\/em><\/p><\/blockquote>\n<p><strong><a class=\"dt-pswp-item\" href=\"https:\/\/www.radiopiu.net\/wordpress\/wp-content\/uploads\/2020\/07\/FIAMMA-GAS.jpg\" data-dt-img-description=\"\" data-large_image_width=\"1920\" data-large_image_height=\"1440\"><img loading=\"lazy\" decoding=\"async\" class=\" wp-image-150271 alignleft\" src=\"https:\/\/www.radiopiu.net\/wordpress\/wp-content\/uploads\/2020\/07\/FIAMMA-GAS-300x225.jpg\" alt=\"\" width=\"155\" height=\"116\" srcset=\"https:\/\/www.radiopiu.net\/wordpress\/wp-content\/uploads\/2020\/07\/FIAMMA-GAS-300x225.jpg 300w, https:\/\/www.radiopiu.net\/wordpress\/wp-content\/uploads\/2020\/07\/FIAMMA-GAS-1024x768.jpg 1024w, https:\/\/www.radiopiu.net\/wordpress\/wp-content\/uploads\/2020\/07\/FIAMMA-GAS-768x576.jpg 768w, https:\/\/www.radiopiu.net\/wordpress\/wp-content\/uploads\/2020\/07\/FIAMMA-GAS-1536x1152.jpg 1536w, https:\/\/www.radiopiu.net\/wordpress\/wp-content\/uploads\/2020\/07\/FIAMMA-GAS.jpg 1920w\" sizes=\"auto, (max-width: 155px) 100vw, 155px\" \/><\/a>SOSPIROLO<\/strong> A seguito di una fuga di gas nel pomeriggio, la SP 12 \u00e8 stata chiusa nella serata di ieri. Operai e forze dell&#8217;ordine sul posto. La distribuzione di gas metano nella parte ovest di Sospirolo \u00e8 sospesa a causa della rottura di una condotta principale a Maras. La ditta ha lavorato durante la notte per ripristinare il servizio. Oggi, un operatore dell&#8217;azienda del gas passer\u00e0 per riarmare i contatori degli utenti. La strada \u00e8 rimasta chiusa per consentire la riparazione del guasto.<\/p>\n<p>&nbsp;<\/p>\n<p>&nbsp;<\/p>\n<hr \/>\n<p>&nbsp;<\/p>\n<blockquote>\n<h3>GDF BELLUNO: SEQUESTRATI 4 MILA PRODOTTI NON SICURI<\/h3>\n<\/blockquote>\n<blockquote><p><em>un soggetto di nazionalit\u00e0 cinese, che ora rischia una sanzione prevista da un minimo di 516 euro a un massimo di 25.833 euro<\/em><\/p><\/blockquote>\n<p><strong><img loading=\"lazy\" decoding=\"async\" class=\"alignleft\" src=\"https:\/\/www.radiopiu.net\/wordpress\/wp-content\/uploads\/2021\/07\/9dab3da2-5b99-4e4c-9808-d95d42ff43b5-300x300.jpg\" width=\"221\" height=\"221\" \/>SEDICO<\/strong> La Guardia di Finanza del Comando Provinciale di Belluno ha effettuato un sequestro amministrativo di 4.000 prodotti non conformi agli standard di sicurezza, tra cui oltre 1.500 oggetti a tema carnevalesco o di San Valentino, presso un esercizio commerciale a Sedico. L&#8217;intervento \u00e8 stato mirato dopo sopralluoghi che hanno evidenziato la presenza di articoli non conformi alla normativa vigente. Il sequestro riguarda la violazione dell&#8217;obbligo, previsto dal Codice del Consumo, di riportare in modo visibile e leggibile in lingua italiana la denominazione, i dati del produttore, l&#8217;importatore, il Paese d&#8217;origine, i materiali impiegati e le istruzioni d&#8217;uso. Il soggetto di nazionalit\u00e0 cinese rischia una sanzione che varia da un minimo di 516 euro a un massimo di 25.833 euro. La Guardia di Finanza sottolinea l&#8217;importanza di queste informazioni per garantire al consumatore la consapevolezza sulla qualit\u00e0 e l&#8217;utilizzo sicuro dei prodotti. L&#8217;azione \u00e8 parte di un dispositivo dinamico e coordinato a livello provinciale per prevenire e contrastare la diffusione di prodotti non conformi, tutelando il mercato e promuovendo condizioni eque di concorrenza.<\/p>\n<p>&nbsp;<\/p>\n<p>&nbsp;<\/p>\n<hr \/>\n<p>&nbsp;<\/p>\n<p>&nbsp;<\/p>\n<blockquote>\n<h2><a class=\"dt-pswp-item\" href=\"https:\/\/www.radiopiu.net\/wordpress\/wp-content\/uploads\/2024\/01\/Senza-nome-80.png\" data-dt-img-description=\"\" data-large_image_width=\"271\" data-large_image_height=\"238\"><img loading=\"lazy\" decoding=\"async\" class=\"wp-image-371387 alignleft\" src=\"https:\/\/www.radiopiu.net\/wordpress\/wp-content\/uploads\/2024\/01\/Senza-nome-80.png\" alt=\"\" width=\"121\" height=\"106\" \/><\/a>DOMANI I FUNERALI DI DON SERGIO TESSARI<\/h2>\n<\/blockquote>\n<p><strong>COMELICO <\/strong>Don Sergio Tessari, trevigiano di Altivole, \u00e8 deceduto a 94 anni presso la Casa Kolbe di Pedavena, dove risiedeva da qualche tempo. I funerali si terranno domani alle 15 nella chiesa parrocchiale di Farra di Feltre, con sepoltura a Caselle di Altivole. Ordinato sacerdote nel 1955, ha svolto la sua attivit\u00e0 pastorale principalmente in Cadore e Comelico, caratterizzandosi per discrezione e bont\u00e0.<\/p>\n<div class=\"articlePlainText\"><\/div>\n<p>&nbsp;<\/p>\n<p>&nbsp;<\/p>\n<hr \/>\n<p>&nbsp;<\/p>\n<blockquote>\n<h3>LOTTA ALLO SPOPOLAMENTO: PARLA IL SOCIOLOGO DIEGO CASON<\/h3>\n<\/blockquote>\n<p><strong><a class=\"dt-pswp-item\" href=\"https:\/\/www.radiopiu.net\/wordpress\/wp-content\/uploads\/2024\/01\/DIEGO-CASON.jpg\" data-dt-img-description=\"\" data-large_image_width=\"1599\" data-large_image_height=\"1066\"><img loading=\"lazy\" decoding=\"async\" class=\" wp-image-371351 alignleft\" src=\"https:\/\/www.radiopiu.net\/wordpress\/wp-content\/uploads\/2024\/01\/DIEGO-CASON-300x200.jpg\" alt=\"\" width=\"189\" height=\"126\" srcset=\"https:\/\/www.radiopiu.net\/wordpress\/wp-content\/uploads\/2024\/01\/DIEGO-CASON-300x200.jpg 300w, https:\/\/www.radiopiu.net\/wordpress\/wp-content\/uploads\/2024\/01\/DIEGO-CASON-1024x683.jpg 1024w, https:\/\/www.radiopiu.net\/wordpress\/wp-content\/uploads\/2024\/01\/DIEGO-CASON-768x512.jpg 768w, https:\/\/www.radiopiu.net\/wordpress\/wp-content\/uploads\/2024\/01\/DIEGO-CASON-1536x1024.jpg 1536w, https:\/\/www.radiopiu.net\/wordpress\/wp-content\/uploads\/2024\/01\/DIEGO-CASON.jpg 1599w\" sizes=\"auto, (max-width: 189px) 100vw, 189px\" \/><\/a>BELLUNO<\/strong> La lotta allo spopolamento resta il tema centrale in provincia di Belluno per garantire continuit\u00e0 e futuro ai servizi e ai territori. Ne abbiamo parlato con il sociologo Diego Cason.<\/p>\n<p><strong>DI DANIELE DALVIT<\/strong><\/p>\n<audio class=\"wp-audio-shortcode\" id=\"audio-371229-4\" preload=\"none\" style=\"width: 100%;\" controls=\"controls\"><source type=\"audio\/mpeg\" src=\"https:\/\/www.radiopiu.net\/wordpress\/wp-content\/uploads\/2024\/01\/Radio-Piu-Servizio-Cason-spopolamento.mp3?_=4\" \/><a href=\"https:\/\/www.radiopiu.net\/wordpress\/wp-content\/uploads\/2024\/01\/Radio-Piu-Servizio-Cason-spopolamento.mp3\">https:\/\/www.radiopiu.net\/wordpress\/wp-content\/uploads\/2024\/01\/Radio-Piu-Servizio-Cason-spopolamento.mp3<\/a><\/audio>\n<p>&nbsp;<\/p>\n<hr \/>\n<p>&nbsp;<\/p>\n<blockquote>\n<h3><a class=\"dt-pswp-item\" href=\"https:\/\/www.radiopiu.net\/wordpress\/wp-content\/uploads\/2024\/01\/55107c9c-7cb8-4e21-a405-d295b5543b2a.jpg\" data-dt-img-description=\"\" data-large_image_width=\"768\" data-large_image_height=\"768\"><img loading=\"lazy\" decoding=\"async\" class=\" wp-image-371368 alignleft\" src=\"https:\/\/www.radiopiu.net\/wordpress\/wp-content\/uploads\/2024\/01\/55107c9c-7cb8-4e21-a405-d295b5543b2a-300x300.jpg\" alt=\"\" width=\"154\" height=\"154\" srcset=\"https:\/\/www.radiopiu.net\/wordpress\/wp-content\/uploads\/2024\/01\/55107c9c-7cb8-4e21-a405-d295b5543b2a-300x300.jpg 300w, https:\/\/www.radiopiu.net\/wordpress\/wp-content\/uploads\/2024\/01\/55107c9c-7cb8-4e21-a405-d295b5543b2a-150x150.jpg 150w, https:\/\/www.radiopiu.net\/wordpress\/wp-content\/uploads\/2024\/01\/55107c9c-7cb8-4e21-a405-d295b5543b2a.jpg 768w\" sizes=\"auto, (max-width: 154px) 100vw, 154px\" \/><\/a>LO STAND DEL VENETO ALLA FIERA DI MADRID<\/h3>\n<\/blockquote>\n<p><strong>PER LE TRE RADIO, BARBARA PAOLAZZI (CLUB 103)<\/strong><\/p>\n<audio class=\"wp-audio-shortcode\" id=\"audio-371229-5\" preload=\"none\" style=\"width: 100%;\" controls=\"controls\"><source type=\"audio\/mpeg\" src=\"https:\/\/www.radiopiu.net\/wordpress\/wp-content\/uploads\/2024\/01\/PAOLAZZI-LO-STAND-DEL-VENETO-ALLA-FIERA-DI-MADRID.mp3?_=5\" \/><a href=\"https:\/\/www.radiopiu.net\/wordpress\/wp-content\/uploads\/2024\/01\/PAOLAZZI-LO-STAND-DEL-VENETO-ALLA-FIERA-DI-MADRID.mp3\">https:\/\/www.radiopiu.net\/wordpress\/wp-content\/uploads\/2024\/01\/PAOLAZZI-LO-STAND-DEL-VENETO-ALLA-FIERA-DI-MADRID.mp3<\/a><\/audio>\n<p>&nbsp;<\/p>\n<hr \/>\n<p>&nbsp;<\/p>\n<blockquote>\n<h3>PISTA DA BOB A CORTINA: PER BERTON E&#8217; LA GARANZIA DI OLIMPIADI VERE<\/h3>\n<\/blockquote>\n<p><strong><a class=\"dt-pswp-item\" href=\"https:\/\/www.radiopiu.net\/wordpress\/wp-content\/uploads\/2020\/01\/Lorraine_Berton.jpg\" data-dt-img-description=\"\" data-large_image_width=\"767\" data-large_image_height=\"768\"><img loading=\"lazy\" decoding=\"async\" class=\" wp-image-112912 alignleft\" src=\"https:\/\/www.radiopiu.net\/wordpress\/wp-content\/uploads\/2020\/01\/Lorraine_Berton-300x300.jpg\" alt=\"\" width=\"112\" height=\"112\" srcset=\"https:\/\/www.radiopiu.net\/wordpress\/wp-content\/uploads\/2020\/01\/Lorraine_Berton-300x300.jpg 300w, https:\/\/www.radiopiu.net\/wordpress\/wp-content\/uploads\/2020\/01\/Lorraine_Berton-150x150.jpg 150w, https:\/\/www.radiopiu.net\/wordpress\/wp-content\/uploads\/2020\/01\/Lorraine_Berton.jpg 767w\" sizes=\"auto, (max-width: 112px) 100vw, 112px\" \/><\/a>BELLUNO<\/strong> La presidente di Confindustria Belluno Dolomiti, Lorraine Berton, ha dichiarato che il mondo dell&#8217;impresa, insieme alla societ\u00e0 Pizzarotti, ha accettato la sfida della pista da bob a Cortina, considerandola una questione di interesse nazionale. Berton ha elogiato Simico per la selezione di Pizzarotti e ha sottolineato che \u00e8 ora il momento per le istituzioni e i vertici dello sport di sostenere compatti questo progetto cruciale per le Olimpiadi del 2026 e per lo sviluppo futuro della regione.<\/p>\n<p>&nbsp;<\/p>\n<p>&nbsp;<\/p>\n<hr \/>\n<p>&nbsp;<\/p>\n<blockquote>\n<h3>COMPLETATI GLI INTERVENTI RELATIVI ALLA CICLOPEDONALE DI FELTRE SU VIA PRATI E VIA BENTIVOGLIO<\/h3>\n<\/blockquote>\n<p><strong>FELTRE<\/strong> Il Comune di Feltre ha completato i lavori per la pista ciclo-pedonale su via Prati e via Bentivoglio, a nord dell&#8217;ospedale civile &#8220;Santa Maria del Prato&#8221;. Gli interventi hanno incluso opere accessorie e protezioni per pedoni e ciclisti, consentendo il ripristino del limite di velocit\u00e0 delle auto a 50 km\/h, come previsto dal P.G.T.U. Nei prossimi giorni, verranno apportate ulteriori modifiche alla segnaletica per adeguarla alle nuove disposizioni. Sono previsti interventi futuri su via Segusini per migliorare il fondo stradale, e sar\u00e0 asfaltata integralmente, creando una corsia rinnovata dall&#8217;innesto di Farra all&#8217;uscita presso la rotatoria dei Vigili del Fuoco. Nelle scorse settimane, \u00e8 stata realizzata una segnaletica orizzontale provvisoria su via Segusini, sostituita con quella definitiva dopo l&#8217;asfaltatura, che sar\u00e0 testata per l&#8217;adeguatezza dei nuovi stalli di sosta.<\/p>\n\n\t\t\t<style type='text\/css'>\n\t\t\t\t#gallery-1 {\n\t\t\t\t\tmargin: auto;\n\t\t\t\t}\n\t\t\t\t#gallery-1 .gallery-item {\n\t\t\t\t\tfloat: left;\n\t\t\t\t\tmargin-top: 10px;\n\t\t\t\t\ttext-align: center;\n\t\t\t\t\twidth: 50%;\n\t\t\t\t}\n\t\t\t\t#gallery-1 img {\n\t\t\t\t\tborder: 2px solid #cfcfcf;\n\t\t\t\t}\n\t\t\t\t#gallery-1 .gallery-caption {\n\t\t\t\t\tmargin-left: 0;\n\t\t\t\t}\n\t\t\t\t\/* see gallery_shortcode() in wp-includes\/media.php *\/\n\t\t\t<\/style>\n\t\t<div id='gallery-1' class='dt-gallery-container gallery galleryid-371229 gallery-columns-2 gallery-size-medium'><dl class='gallery-item'>\n\t\t\t\t<dt class='gallery-icon landscape'>\n\t\t\t\t\t<a class=\"rollover rollover-zoom dt-pswp-item\" title=\"Via Bentivoglio\" data-dt-img-description=\"\" data-large_image_width=\"1920\" data-large_image_height=\"1080\"href='https:\/\/www.radiopiu.net\/wordpress\/wp-content\/uploads\/2024\/01\/Via-Bentivoglio.jpg'><img loading=\"lazy\" decoding=\"async\" width=\"300\" height=\"169\" src=\"https:\/\/www.radiopiu.net\/wordpress\/wp-content\/uploads\/2024\/01\/Via-Bentivoglio-300x169.jpg\" class=\"attachment-medium size-medium\" alt=\"\" srcset=\"https:\/\/www.radiopiu.net\/wordpress\/wp-content\/uploads\/2024\/01\/Via-Bentivoglio-300x169.jpg 300w, https:\/\/www.radiopiu.net\/wordpress\/wp-content\/uploads\/2024\/01\/Via-Bentivoglio-1024x576.jpg 1024w, https:\/\/www.radiopiu.net\/wordpress\/wp-content\/uploads\/2024\/01\/Via-Bentivoglio-768x432.jpg 768w, https:\/\/www.radiopiu.net\/wordpress\/wp-content\/uploads\/2024\/01\/Via-Bentivoglio-1536x864.jpg 1536w, https:\/\/www.radiopiu.net\/wordpress\/wp-content\/uploads\/2024\/01\/Via-Bentivoglio.jpg 1920w\" sizes=\"auto, (max-width: 300px) 100vw, 300px\" \/><\/a>\n\t\t\t\t<\/dt><\/dl><dl class='gallery-item'>\n\t\t\t\t<dt class='gallery-icon landscape'>\n\t\t\t\t\t<a class=\"rollover rollover-zoom dt-pswp-item\" title=\"Via Bentivoglio particolare\" data-dt-img-description=\"\" data-large_image_width=\"1920\" data-large_image_height=\"1080\"href='https:\/\/www.radiopiu.net\/wordpress\/wp-content\/uploads\/2024\/01\/Via-Bentivoglio-particolare.jpg'><img loading=\"lazy\" decoding=\"async\" width=\"300\" height=\"169\" src=\"https:\/\/www.radiopiu.net\/wordpress\/wp-content\/uploads\/2024\/01\/Via-Bentivoglio-particolare-300x169.jpg\" class=\"attachment-medium size-medium\" alt=\"\" srcset=\"https:\/\/www.radiopiu.net\/wordpress\/wp-content\/uploads\/2024\/01\/Via-Bentivoglio-particolare-300x169.jpg 300w, https:\/\/www.radiopiu.net\/wordpress\/wp-content\/uploads\/2024\/01\/Via-Bentivoglio-particolare-1024x576.jpg 1024w, https:\/\/www.radiopiu.net\/wordpress\/wp-content\/uploads\/2024\/01\/Via-Bentivoglio-particolare-768x432.jpg 768w, https:\/\/www.radiopiu.net\/wordpress\/wp-content\/uploads\/2024\/01\/Via-Bentivoglio-particolare-1536x864.jpg 1536w, https:\/\/www.radiopiu.net\/wordpress\/wp-content\/uploads\/2024\/01\/Via-Bentivoglio-particolare.jpg 1920w\" sizes=\"auto, (max-width: 300px) 100vw, 300px\" \/><\/a>\n\t\t\t\t<\/dt><\/dl><br style=\"clear: both\" \/>\n\t\t\t<\/div>\n\n<p>&nbsp;<\/p>\n<p>&nbsp;<\/p>\n<hr \/>\n<p>&nbsp;<\/p>\n<blockquote>\n<h3>MARCO REATO, GIOVANE ARTIGIANO FELTRINO TRIONFA COME TERZO MIGLIORE GELATIERE ITALIANO AL SIGEP 2024<\/h3>\n<\/blockquote>\n<p><strong>DI ALESSIA DALL&#8217;O&#8217;<\/strong><\/p>\n<p><strong>FELTRE <\/strong>Marco Reato, giovane artigiano feltrino, ha brillato nella competizione SIGEP 2024, aggiudicandosi la medaglia di bronzo come Migliore Gelatiere Italiano. La gara, tenutasi il 23 gennaio a Rimini, ha visto la partecipazione di 14 gelatieri italiani di alto livello, selezionati attraverso prove di preselezione svoltasi nell&#8217;anno precedente. La competizione al SIGEP, cruciale per la formazione della Squadra Nazionale Gelatieri, ha richiesto la realizzazione di quattro preparazioni: due gusti rivelati durante la gara (mascarpone e albicocca), un gelato gastronomico salato, e sette monoporzioni a scelta. Marco Reato ha sorpreso la giuria con il suo gusto al mascarpone, arricchito da un&#8217;infusione di rosmarino e una salsa decisa di miele, arancia e zenzero, con aggiunta di granella di nocciola per una piacevole croccantezza. Nel secondo gusto, l&#8217;albicocca, Reato ha personalizzato con pesca e infusione di lavanda. Il gelato gastronomico ha avuto una base all&#8217;olio EVO con freschezza conferita da maggiorana e origano. Le monoporzioni hanno incluso un cremino di mandorla cruda con frolla al burro aromatizzato alla menta e un gelato di liquirizia salata. Da Feltre, Marco continua le sue sperimentazioni, cercando nuovi confini nel suo lavoro. La partecipazione al SIGEP e ad altre fiere come la MIG di Longarone ampliano la prospettiva e alimentano la curiosit\u00e0 della clientela per nuovi sapori di alta qualit\u00e0. Prossimamente, Marco Reato, insieme ai colleghi Carolina Da Rold e Marco Casagrande, sar\u00e0 ospite nella puntata di Linea Bianca in onda su Rai 1 il 27 gennaio alle 14. Nella suggestiva cornice di una Pieve di Cadore, hanno presentato un gelato speciale realizzato con una macchina centenaria seguendo una ricetta del 1911. La semplicit\u00e0 della crema vaniglia, preparata con soli 4 ingredienti, ha conquistato non solo il conduttore ma anche l&#8217;intera troupe presente sul set.<\/p>\n\n\t\t\t<style type='text\/css'>\n\t\t\t\t#gallery-2 {\n\t\t\t\t\tmargin: auto;\n\t\t\t\t}\n\t\t\t\t#gallery-2 .gallery-item {\n\t\t\t\t\tfloat: left;\n\t\t\t\t\tmargin-top: 10px;\n\t\t\t\t\ttext-align: center;\n\t\t\t\t\twidth: 20%;\n\t\t\t\t}\n\t\t\t\t#gallery-2 img {\n\t\t\t\t\tborder: 2px solid #cfcfcf;\n\t\t\t\t}\n\t\t\t\t#gallery-2 .gallery-caption {\n\t\t\t\t\tmargin-left: 0;\n\t\t\t\t}\n\t\t\t\t\/* see gallery_shortcode() in wp-includes\/media.php *\/\n\t\t\t<\/style>\n\t\t<div id='gallery-2' class='dt-gallery-container gallery galleryid-371229 gallery-columns-5 gallery-size-thumbnail'><dl class='gallery-item'>\n\t\t\t\t<dt class='gallery-icon portrait'>\n\t\t\t\t\t<a class=\"rollover rollover-zoom dt-pswp-item\" title=\"Il podio 2024 al SIGEP\" data-dt-img-description=\"\" data-large_image_width=\"900\" data-large_image_height=\"1600\"href='https:\/\/www.radiopiu.net\/wordpress\/wp-content\/uploads\/2024\/01\/Il-podio-2024-al-SIGEP-.jpg'><img loading=\"lazy\" decoding=\"async\" width=\"150\" height=\"150\" src=\"https:\/\/www.radiopiu.net\/wordpress\/wp-content\/uploads\/2024\/01\/Il-podio-2024-al-SIGEP--150x150.jpg\" class=\"attachment-thumbnail size-thumbnail\" alt=\"\" \/><\/a>\n\t\t\t\t<\/dt><\/dl><dl class='gallery-item'>\n\t\t\t\t<dt class='gallery-icon portrait'>\n\t\t\t\t\t<a class=\"rollover rollover-zoom dt-pswp-item\" title=\"Marco Reato e Marco casagrande al SIGEP 2024\" data-dt-img-description=\"\" data-large_image_width=\"900\" data-large_image_height=\"1600\"href='https:\/\/www.radiopiu.net\/wordpress\/wp-content\/uploads\/2024\/01\/Marco-Reato-e-Marco-casagrande-al-SIGEP-2024.jpg'><img loading=\"lazy\" decoding=\"async\" width=\"150\" height=\"150\" src=\"https:\/\/www.radiopiu.net\/wordpress\/wp-content\/uploads\/2024\/01\/Marco-Reato-e-Marco-casagrande-al-SIGEP-2024-150x150.jpg\" class=\"attachment-thumbnail size-thumbnail\" alt=\"\" \/><\/a>\n\t\t\t\t<\/dt><\/dl><dl class='gallery-item'>\n\t\t\t\t<dt class='gallery-icon portrait'>\n\t\t\t\t\t<a class=\"rollover rollover-zoom dt-pswp-item\" title=\"Marco Reato e Marco Casagrande durante le riprese di linea Bianca\" data-dt-img-description=\"\" data-large_image_width=\"900\" data-large_image_height=\"1600\"href='https:\/\/www.radiopiu.net\/wordpress\/wp-content\/uploads\/2024\/01\/Marco-Reato-e-Marco-Casagrande-durante-le-riprese-di-linea-Bianca.jpg'><img loading=\"lazy\" decoding=\"async\" width=\"150\" height=\"150\" src=\"https:\/\/www.radiopiu.net\/wordpress\/wp-content\/uploads\/2024\/01\/Marco-Reato-e-Marco-Casagrande-durante-le-riprese-di-linea-Bianca-150x150.jpg\" class=\"attachment-thumbnail size-thumbnail\" alt=\"\" \/><\/a>\n\t\t\t\t<\/dt><\/dl><dl class='gallery-item'>\n\t\t\t\t<dt class='gallery-icon portrait'>\n\t\t\t\t\t<a class=\"rollover rollover-zoom dt-pswp-item\" title=\"Marco reato sul Podio con il secondo e primo Migliore Gelatiere Italiano 2024\" data-dt-img-description=\"\" data-large_image_width=\"900\" data-large_image_height=\"1600\"href='https:\/\/www.radiopiu.net\/wordpress\/wp-content\/uploads\/2024\/01\/Marco-reato-sul-Podio-con-il-secondo-e-primo-Migliore-Gelatiere-Italiano-2024.jpg'><img loading=\"lazy\" decoding=\"async\" width=\"150\" height=\"150\" src=\"https:\/\/www.radiopiu.net\/wordpress\/wp-content\/uploads\/2024\/01\/Marco-reato-sul-Podio-con-il-secondo-e-primo-Migliore-Gelatiere-Italiano-2024-150x150.jpg\" class=\"attachment-thumbnail size-thumbnail\" alt=\"\" \/><\/a>\n\t\t\t\t<\/dt><\/dl><dl class='gallery-item'>\n\t\t\t\t<dt class='gallery-icon landscape'>\n\t\t\t\t\t<a class=\"rollover rollover-zoom dt-pswp-item\" title=\"Marco, con Carolina e Marco durante le riprese di Linea Bianca\" data-dt-img-description=\"\" data-large_image_width=\"1600\" data-large_image_height=\"746\"href='https:\/\/www.radiopiu.net\/wordpress\/wp-content\/uploads\/2024\/01\/Marco-con-Carolina-e-Marco-durante-le-riprese-di-Linea-Bianca-.jpg'><img loading=\"lazy\" decoding=\"async\" width=\"150\" height=\"150\" src=\"https:\/\/www.radiopiu.net\/wordpress\/wp-content\/uploads\/2024\/01\/Marco-con-Carolina-e-Marco-durante-le-riprese-di-Linea-Bianca--150x150.jpg\" class=\"attachment-thumbnail size-thumbnail\" alt=\"\" \/><\/a>\n\t\t\t\t<\/dt><\/dl><br style=\"clear: both\" \/>\n\t\t\t<\/div>\n\n<p>&nbsp;<\/p>\n<hr \/>\n<p>&nbsp;<\/p>\n<blockquote>\n<h3 class=\"titolonews\">OLTRE 250 CORSISTI DI ITS ACADEMY TURISMO VENETO ALLA MASTERCLASS DI FONDAZIONE MILANO CORTINA 2026<\/h3>\n<\/blockquote>\n<p><strong><a class=\"dt-pswp-item\" href=\"https:\/\/www.radiopiu.net\/wordpress\/wp-content\/uploads\/2021\/03\/LOGO-MILANO-CORTINA-2026.jpg\" data-dt-img-description=\"\" data-large_image_width=\"900\" data-large_image_height=\"838\"><img loading=\"lazy\" decoding=\"async\" class=\" wp-image-200160 alignleft\" src=\"https:\/\/www.radiopiu.net\/wordpress\/wp-content\/uploads\/2021\/03\/LOGO-MILANO-CORTINA-2026-300x279.jpg\" alt=\"\" width=\"147\" height=\"136\" \/><\/a>VENEZIA<\/strong> Oggi, oltre 250 corsisti parteciperanno a una Masterclass di approfondimento sui Grandi Eventi presso il Campus dell\u2019Academy dell\u2019Its Turismo Veneto di Jesolo. L&#8217;Assessore all\u2019Istruzione, Formazione, Lavoro della Regione del Veneto, Elena Donazzan, ha annunciato che la giornata includer\u00e0 testimonianze sull&#8217;organizzazione di Olimpiadi e Paralimpiadi, con focus su tematiche come l&#8217;Accommodation e i rapporti con gli stakeholders e i partner sul territorio. Il progetto &#8220;Veneto in Action&#8221; mira a sensibilizzare gli studenti sulla portata del grande evento sportivo dei Giochi Olimpici e Paralimpici Milano Cortina 2026, preparandoli per le future opportunit\u00e0 professionali nell&#8217;accoglienza turistica generate dagli eventi invernali in Veneto.<\/p>\n<p>&nbsp;<\/p>\n<p>&nbsp;<\/p>\n<p>&nbsp;<\/p>\n<p>&nbsp;<\/p>\n<hr \/>\n<p>&nbsp;<\/p>\n<p><span style=\"color: #ff00ff;\"><strong>OGGI LA GIUDIZIARIA<\/strong><\/span><\/p>\n<p><strong>SUL CORRIERE DELLE ALPI DI GIGI SOSSO\u00a0<\/strong><\/p>\n<p><strong>BELLUNO<\/strong> Una donna ha installato telecamere in casa temendo il ritorno del marito militare da una missione all&#8217;estero. L&#8217;ufficiale degli alpini \u00e8 ora a processo per maltrattamenti, violenza sessuale e privata. La donna ha dichiarato che la convivenza era diventata insostenibile. L&#8217;imputato respinge le accuse,\u00a0 prossima udienza\u00a0 a marzo con l&#8217;ascolto dei suoi testimoni.<\/p>\n<p><strong>FELTRE<\/strong>\u00a0 l&#8217;imputato Junior Cedano Sanchez potrebbe richiedere una sentenza di non luogo a procedere durante l&#8217;udienza preliminare del 13 febbraio, \u00e8 coinvolto nella colluttazione del 6 maggio 2023, davanti al buffet della stazione Kangur bar, e viene accusato dal pubblico ministero Alberto Primavera (che aveva chiesto il carcere per Sanchez, respinta dal giudice) di aver colpito Antonio Costa alla testa. Cadendo l&#8217;aggravante, gli imputati potrebbero chiedere il rito abbreviato.<\/p>\n<p><a class=\"dt-pswp-item\" href=\"https:\/\/www.radiopiu.net\/wordpress\/wp-content\/uploads\/2024\/01\/copertina-8.png\" data-dt-img-description=\"\" data-large_image_width=\"521\" data-large_image_height=\"253\"><img loading=\"lazy\" decoding=\"async\" class=\"size-medium wp-image-371382 aligncenter\" src=\"https:\/\/www.radiopiu.net\/wordpress\/wp-content\/uploads\/2024\/01\/copertina-8-300x146.png\" alt=\"\" width=\"300\" height=\"146\" srcset=\"https:\/\/www.radiopiu.net\/wordpress\/wp-content\/uploads\/2024\/01\/copertina-8-300x146.png 300w, https:\/\/www.radiopiu.net\/wordpress\/wp-content\/uploads\/2024\/01\/copertina-8.png 521w\" sizes=\"auto, (max-width: 300px) 100vw, 300px\" \/>\u00a0<\/a><\/p>\n<p>&nbsp;<\/p>\n<hr \/>\n<p>&nbsp;<\/p>\n<blockquote>\n<h3>COCCOLE PER MASHA, LA PET THERAPY A VILLA SAN GIUSEPPE<\/h3>\n<\/blockquote>\n<p><strong><img loading=\"lazy\" decoding=\"async\" class=\"alignleft\" src=\"https:\/\/www.radiopiu.net\/wordpress\/wp-content\/uploads\/2024\/01\/th-5.jpg\" width=\"109\" height=\"115\" \/>LIVINALLONGO<\/strong><\/p>\n<p><strong>DI LORENZO SORATR<\/strong>OI<\/p>\n<audio class=\"wp-audio-shortcode\" id=\"audio-371229-6\" preload=\"none\" style=\"width: 100%;\" controls=\"controls\"><source type=\"audio\/mpeg\" src=\"https:\/\/www.radiopiu.net\/wordpress\/wp-content\/uploads\/2024\/01\/lorenzo-pet.mp3?_=6\" \/><a href=\"https:\/\/www.radiopiu.net\/wordpress\/wp-content\/uploads\/2024\/01\/lorenzo-pet.mp3\">https:\/\/www.radiopiu.net\/wordpress\/wp-content\/uploads\/2024\/01\/lorenzo-pet.mp3<\/a><\/audio>\n<p>&nbsp;<\/p>\n<p>&nbsp;<\/p>\n<hr \/>\n<p>&nbsp;<\/p>\n<blockquote>\n<h3>IL CALENDARIO FEMENE DE FALCADE DI BEPI PELLEGRINON<\/h3>\n<\/blockquote>\n<p><strong><a class=\"dt-pswp-item\" href=\"https:\/\/www.radiopiu.net\/wordpress\/wp-content\/uploads\/2024\/01\/e2c37e2c-19fb-4b7f-a3e7-981b1644a29b.jpg\" data-dt-img-description=\"\" data-large_image_width=\"1098\" data-large_image_height=\"1600\"><img loading=\"lazy\" decoding=\"async\" class=\" wp-image-371363 alignleft\" src=\"https:\/\/www.radiopiu.net\/wordpress\/wp-content\/uploads\/2024\/01\/e2c37e2c-19fb-4b7f-a3e7-981b1644a29b-206x300.jpg\" alt=\"\" width=\"144\" height=\"210\" srcset=\"https:\/\/www.radiopiu.net\/wordpress\/wp-content\/uploads\/2024\/01\/e2c37e2c-19fb-4b7f-a3e7-981b1644a29b-206x300.jpg 206w, https:\/\/www.radiopiu.net\/wordpress\/wp-content\/uploads\/2024\/01\/e2c37e2c-19fb-4b7f-a3e7-981b1644a29b-703x1024.jpg 703w, https:\/\/www.radiopiu.net\/wordpress\/wp-content\/uploads\/2024\/01\/e2c37e2c-19fb-4b7f-a3e7-981b1644a29b-768x1119.jpg 768w, https:\/\/www.radiopiu.net\/wordpress\/wp-content\/uploads\/2024\/01\/e2c37e2c-19fb-4b7f-a3e7-981b1644a29b-1054x1536.jpg 1054w, https:\/\/www.radiopiu.net\/wordpress\/wp-content\/uploads\/2024\/01\/e2c37e2c-19fb-4b7f-a3e7-981b1644a29b.jpg 1098w\" sizes=\"auto, (max-width: 144px) 100vw, 144px\" \/><\/a>FALCADE<\/strong><\/p>\n<p>DI GIANNI SANTOMASO<\/p>\n<audio class=\"wp-audio-shortcode\" id=\"audio-371229-7\" preload=\"none\" style=\"width: 100%;\" controls=\"controls\"><source type=\"audio\/mpeg\" src=\"https:\/\/www.radiopiu.net\/wordpress\/wp-content\/uploads\/2024\/01\/GIANNI-IL-CALENDARIO-FEMENE-DE-FALCADE-DI-BEPI-PELLEGRINON.mp3?_=7\" \/><a href=\"https:\/\/www.radiopiu.net\/wordpress\/wp-content\/uploads\/2024\/01\/GIANNI-IL-CALENDARIO-FEMENE-DE-FALCADE-DI-BEPI-PELLEGRINON.mp3\">https:\/\/www.radiopiu.net\/wordpress\/wp-content\/uploads\/2024\/01\/GIANNI-IL-CALENDARIO-FEMENE-DE-FALCADE-DI-BEPI-PELLEGRINON.mp3<\/a><\/audio>\n<p>&nbsp;<\/p>\n<hr \/>\n<p>&nbsp;<\/p>\n<blockquote>\n<h3>RACCONTI DI EMIGRAZIONE IN BRASILE. TIZIANO DAL PONT PRESENTA \u201cVOLTE LOGO &#8211; TORNA PRESTO\u201d<\/h3>\n<\/blockquote>\n<p><strong><a class=\"dt-pswp-item\" href=\"https:\/\/www.radiopiu.net\/wordpress\/wp-content\/uploads\/2024\/01\/Presentazione-del-Libro-di-Tiziano-Dal-Pont.jpg\" data-dt-img-description=\"\" data-large_image_width=\"1600\" data-large_image_height=\"720\"><img loading=\"lazy\" decoding=\"async\" class=\" wp-image-371325 alignleft\" src=\"https:\/\/www.radiopiu.net\/wordpress\/wp-content\/uploads\/2024\/01\/Presentazione-del-Libro-di-Tiziano-Dal-Pont-300x135.jpg\" alt=\"\" width=\"222\" height=\"100\" srcset=\"https:\/\/www.radiopiu.net\/wordpress\/wp-content\/uploads\/2024\/01\/Presentazione-del-Libro-di-Tiziano-Dal-Pont-300x135.jpg 300w, https:\/\/www.radiopiu.net\/wordpress\/wp-content\/uploads\/2024\/01\/Presentazione-del-Libro-di-Tiziano-Dal-Pont-1024x461.jpg 1024w, https:\/\/www.radiopiu.net\/wordpress\/wp-content\/uploads\/2024\/01\/Presentazione-del-Libro-di-Tiziano-Dal-Pont-768x346.jpg 768w, https:\/\/www.radiopiu.net\/wordpress\/wp-content\/uploads\/2024\/01\/Presentazione-del-Libro-di-Tiziano-Dal-Pont-1536x691.jpg 1536w, https:\/\/www.radiopiu.net\/wordpress\/wp-content\/uploads\/2024\/01\/Presentazione-del-Libro-di-Tiziano-Dal-Pont.jpg 1600w\" sizes=\"auto, (max-width: 222px) 100vw, 222px\" \/><\/a>DI ALESSIA DALL&#8217;O&#8217;<\/strong><\/p>\n<p><strong>PEDAVENA <\/strong>Si \u00e8 tenuta nella serata di ieri, marted\u00ec 23 gennaio, presso la Sala Guarnieri di Pedavena una toccante presentazione del libro \u201cVolte Logo &#8211; Torna Presto\u201d di Tiziano Dal Pont. Una pubblicazione che nasce dal suo quinto viaggio in Brasile dove Dal Pont si reca per realizzare ricerca, conoscenze ma anche lezioni di italiano. Il fine \u00e8 quello di omaggiare luoghi, persone e tradizioni venete e bellunesi del passato che in quei luoghi sono grande orgoglio di radici e hanno fatto sentire l\u2019autore accolto e a casa. Tra racconti del \u201ctalian\u201d e delle storie che si intrecciano grazie a chi non smette mai di porsi domande sulla propria provenienza, la presentazione \u00e8 un bel momento di riscoperta e ricordo arricchito con piacevolezza e intrattenimento della musica e delle le letture del gruppo Voci di Passaggio. Prossimo appuntamento stasera presso la Sara Tina Merlin di San Gregorio Nelle Alpi ore 20:30.<\/p>\n<p>&nbsp;<\/p>\n<p>&nbsp;<\/p>\n<hr \/>\n<p>&nbsp;<\/p>\n<blockquote>\n<h3><a class=\"dt-pswp-item\" href=\"https:\/\/www.radiopiu.net\/wordpress\/wp-content\/uploads\/2020\/04\/CISL-BELLUNO-OK.jpg\" data-dt-img-description=\"\" data-large_image_width=\"909\" data-large_image_height=\"910\"><img loading=\"lazy\" decoding=\"async\" class=\"wp-image-132184 alignleft\" src=\"https:\/\/www.radiopiu.net\/wordpress\/wp-content\/uploads\/2020\/04\/CISL-BELLUNO-OK-300x300.jpg\" alt=\"\" width=\"139\" height=\"139\" srcset=\"https:\/\/www.radiopiu.net\/wordpress\/wp-content\/uploads\/2020\/04\/CISL-BELLUNO-OK-300x300.jpg 300w, https:\/\/www.radiopiu.net\/wordpress\/wp-content\/uploads\/2020\/04\/CISL-BELLUNO-OK-150x150.jpg 150w, https:\/\/www.radiopiu.net\/wordpress\/wp-content\/uploads\/2020\/04\/CISL-BELLUNO-OK-768x769.jpg 768w, https:\/\/www.radiopiu.net\/wordpress\/wp-content\/uploads\/2020\/04\/CISL-BELLUNO-OK.jpg 909w\" sizes=\"auto, (max-width: 139px) 100vw, 139px\" \/><\/a>CISL, LA VOCE PER I LAVORATORI, LA PUNTATA DI IERI<\/h3>\n<\/blockquote>\n<p><em>CON ALESSIO PICCOLI CISL_BELLUNO\/TREVISO<\/em><\/p>\n<p><strong>AUDIO\u00a0<\/strong><\/p>\n<audio class=\"wp-audio-shortcode\" id=\"audio-371229-8\" preload=\"none\" style=\"width: 100%;\" controls=\"controls\"><source type=\"audio\/mpeg\" src=\"https:\/\/www.radiopiu.net\/wordpress\/wp-content\/uploads\/2024\/01\/FEMCA-CISL-2.mp3?_=8\" \/><a href=\"https:\/\/www.radiopiu.net\/wordpress\/wp-content\/uploads\/2024\/01\/FEMCA-CISL-2.mp3\">https:\/\/www.radiopiu.net\/wordpress\/wp-content\/uploads\/2024\/01\/FEMCA-CISL-2.mp3<\/a><\/audio>\n<p>&nbsp;<\/p>\n<p>LA RACCOLTA COMPLETA <span style=\"color: #0000ff;\"><strong><a style=\"color: #0000ff;\" href=\"https:\/\/www.radiopiu.net\/wordpress\/cisl-e-femca-cisl-la-vocef\/\">CLICCA QUI<\/a><\/strong><\/span><\/p>\n<p>&nbsp;<\/p>\n<hr \/>\n<p>&nbsp;<\/p>\n<blockquote>\n<h1>LIBER, IL NUOVO PROGRAMMA DI LIANA CAVALLET &#8211; LA RACCOLTA<\/h1>\n<\/blockquote>\n<p><a class=\"dt-pswp-item\" href=\"https:\/\/www.radiopiu.net\/wordpress\/wp-content\/uploads\/2024\/01\/97e1829b-17f4-413b-a494-c4cc4c0174f6.jpg\" data-dt-img-description=\"\" data-large_image_width=\"412\" data-large_image_height=\"703\"><img loading=\"lazy\" decoding=\"async\" class=\"size-medium wp-image-371309 alignleft\" src=\"https:\/\/www.radiopiu.net\/wordpress\/wp-content\/uploads\/2024\/01\/97e1829b-17f4-413b-a494-c4cc4c0174f6-176x300.jpg\" alt=\"\" width=\"176\" height=\"300\" srcset=\"https:\/\/www.radiopiu.net\/wordpress\/wp-content\/uploads\/2024\/01\/97e1829b-17f4-413b-a494-c4cc4c0174f6-176x300.jpg 176w, https:\/\/www.radiopiu.net\/wordpress\/wp-content\/uploads\/2024\/01\/97e1829b-17f4-413b-a494-c4cc4c0174f6.jpg 412w\" sizes=\"auto, (max-width: 176px) 100vw, 176px\" \/><\/a><\/p>\n<p>&nbsp;<\/p>\n<p><strong>\u00a0<\/strong><\/p>\n<p><strong>\u00a0<\/strong><\/p>\n<p><strong>\u00a0<\/strong><\/p>\n<p><strong>\u00a0<\/strong><\/p>\n<p><strong>PUNTATA 20\u00a0 24 GENNAIO 2024- ELIE WIESEL &#8220;LA NOTTE&#8221;\u00a0<\/strong><\/p>\n<p>&nbsp;<\/p>\n<audio class=\"wp-audio-shortcode\" id=\"audio-371229-9\" preload=\"none\" style=\"width: 100%;\" controls=\"controls\"><source type=\"audio\/mpeg\" src=\"https:\/\/www.radiopiu.net\/wordpress\/wp-content\/uploads\/2024\/01\/LIANA-4.mp3?_=9\" \/><a href=\"https:\/\/www.radiopiu.net\/wordpress\/wp-content\/uploads\/2024\/01\/LIANA-4.mp3\">https:\/\/www.radiopiu.net\/wordpress\/wp-content\/uploads\/2024\/01\/LIANA-4.mp3<\/a><\/audio>\n<p>&nbsp;<\/p>\n<p>&nbsp;<\/p>\n<hr \/>\n<p>&nbsp;<\/p>\n<h2><a class=\"dt-pswp-item\" href=\"https:\/\/www.radiopiu.net\/wordpress\/wp-content\/uploads\/2021\/12\/Incontro-scuola-Comelico-Ministro.jpeg\" data-dt-img-description=\"\" data-large_image_width=\"1031\" data-large_image_height=\"635\"><img loading=\"lazy\" decoding=\"async\" class=\"wp-image-248958 alignleft\" src=\"https:\/\/www.radiopiu.net\/wordpress\/wp-content\/uploads\/2021\/12\/Incontro-scuola-Comelico-Ministro-300x185.jpeg\" alt=\"\" width=\"221\" height=\"136\" srcset=\"https:\/\/www.radiopiu.net\/wordpress\/wp-content\/uploads\/2021\/12\/Incontro-scuola-Comelico-Ministro-300x185.jpeg 300w, https:\/\/www.radiopiu.net\/wordpress\/wp-content\/uploads\/2021\/12\/Incontro-scuola-Comelico-Ministro-1024x631.jpeg 1024w, https:\/\/www.radiopiu.net\/wordpress\/wp-content\/uploads\/2021\/12\/Incontro-scuola-Comelico-Ministro-768x473.jpeg 768w, https:\/\/www.radiopiu.net\/wordpress\/wp-content\/uploads\/2021\/12\/Incontro-scuola-Comelico-Ministro.jpeg 1031w\" sizes=\"auto, (max-width: 221px) 100vw, 221px\" \/><\/a>&#8220;SE NON LA SMETTI TI MANDO DAL PRESIDE&#8221;\u00a0 con la prof. Maria Rosa Salmazo, il mercoledi alle 10.30 alla radio. LA PUNTATA DI IERI<\/h2>\n<audio class=\"wp-audio-shortcode\" id=\"audio-371229-10\" preload=\"none\" style=\"width: 100%;\" controls=\"controls\"><source type=\"audio\/mpeg\" src=\"https:\/\/www.radiopiu.net\/wordpress\/wp-content\/uploads\/2024\/01\/se-non-la-smetti-16-puntata-da-domenica.mp3?_=10\" \/><a href=\"https:\/\/www.radiopiu.net\/wordpress\/wp-content\/uploads\/2024\/01\/se-non-la-smetti-16-puntata-da-domenica.mp3\">https:\/\/www.radiopiu.net\/wordpress\/wp-content\/uploads\/2024\/01\/se-non-la-smetti-16-puntata-da-domenica.mp3<\/a><\/audio>\n<p>&nbsp;<\/p>\n<hr \/>\n<p>&nbsp;<\/p>\n<p><strong><a class=\"dt-pswp-item\" href=\"https:\/\/www.radiopiu.net\/wordpress\/wp-content\/uploads\/2024\/01\/Senza-nome-34.png\" data-dt-img-description=\"\" data-large_image_width=\"239\" data-large_image_height=\"153\"><img loading=\"lazy\" decoding=\"async\" class=\"wp-image-369478 alignleft\" src=\"https:\/\/www.radiopiu.net\/wordpress\/wp-content\/uploads\/2024\/01\/Senza-nome-34.png\" alt=\"\" width=\"128\" height=\"82\" \/><\/a> <\/strong><\/p>\n<p><strong>\u00a0<\/strong><\/p>\n<p><strong>dal TG BELLUNESE di\u00a0 ANTENNA 3 ogni sera alle 19.30 sul canale 10 del digitale terrestre e alle 19 le anticipazioni alla radio.\u00a0\u00a0<\/strong><\/p>\n<p>&nbsp;<\/p>\n<blockquote>\n<h2 class=\"_title post-title entry-title\">UNO SGUARDO DENTRO L\u2019AUDITORIUM<\/h2>\n<p>Intervistati FRANCO ROCCON (ASSESSORE LAVORI PUBBLICI BELLUNO) (Servizio di\u00a0<a href=\"https:\/\/antennatre.medianordest.it\/redazione\/Fabio-Fioravanzi\/\">Fabio Fioravanzi<\/a><\/p><\/blockquote>\n<p><iframe loading=\"lazy\" title=\"UNO SGUARDO DENTRO L&#039;AUDITORIUM | 24\/01\/2024\" width=\"1200\" height=\"675\" src=\"https:\/\/www.youtube.com\/embed\/nHNJhCqoW8M?feature=oembed\" frameborder=\"0\" allow=\"accelerometer; autoplay; clipboard-write; encrypted-media; gyroscope; picture-in-picture; web-share\" allowfullscreen><\/iframe><\/p>\n<blockquote><p>&nbsp;<\/p>\n<p>&nbsp;<\/p><\/blockquote>\n<hr \/>\n<p>&nbsp;<\/p>\n<h2>SABATO A SAN TOMASO CON L&#8217;ASSOCIAZIONE ORTI RUPESTRI. &#8220;IL FAGIOLO&#8221;<\/h2>\n<p><b>lo speciale alla radio, di mirko mezzacasa<\/b><\/p>\n<p>OSPITI Moreno De Val, Maria Jos\u00e8 Gaiardo e Renato Da Ronch<\/p>\n<audio class=\"wp-audio-shortcode\" id=\"audio-371229-11\" preload=\"none\" style=\"width: 100%;\" controls=\"controls\"><source type=\"audio\/mpeg\" src=\"https:\/\/www.radiopiu.net\/wordpress\/wp-content\/uploads\/2024\/01\/san-tomaso-orti-rupestri.mp3?_=11\" \/><a href=\"https:\/\/www.radiopiu.net\/wordpress\/wp-content\/uploads\/2024\/01\/san-tomaso-orti-rupestri.mp3\">https:\/\/www.radiopiu.net\/wordpress\/wp-content\/uploads\/2024\/01\/san-tomaso-orti-rupestri.mp3<\/a><\/audio>\n<p>&nbsp;<\/p>\n<p><a class=\"dt-pswp-item\" href=\"https:\/\/www.radiopiu.net\/wordpress\/wp-content\/uploads\/2024\/01\/Senza-nome-66.png\" data-dt-img-description=\"\" data-large_image_width=\"636\" data-large_image_height=\"740\"><img loading=\"lazy\" decoding=\"async\" class=\"size-medium wp-image-370730 aligncenter\" src=\"https:\/\/www.radiopiu.net\/wordpress\/wp-content\/uploads\/2024\/01\/Senza-nome-66-258x300.png\" alt=\"\" width=\"258\" height=\"300\" srcset=\"https:\/\/www.radiopiu.net\/wordpress\/wp-content\/uploads\/2024\/01\/Senza-nome-66-258x300.png 258w, https:\/\/www.radiopiu.net\/wordpress\/wp-content\/uploads\/2024\/01\/Senza-nome-66.png 636w\" sizes=\"auto, (max-width: 258px) 100vw, 258px\" \/><\/a><\/p>\n<p>&nbsp;<\/p>\n<p>&nbsp;<\/p>\n<hr \/>\n<p>&nbsp;<\/p>\n<blockquote>\n<h3>TRE GLI APPUNTAMENTI PROMOSSI DAL COMUNE DI FELTRE PER LA GIORNATA DELA MEMORIA<\/h3>\n<\/blockquote>\n<p><strong><a class=\"dt-pswp-item\" href=\"https:\/\/www.radiopiu.net\/wordpress\/wp-content\/uploads\/2022\/01\/1637310723897_Giornata-della-Memoria.jpg\" data-dt-img-description=\"\" data-large_image_width=\"1900\" data-large_image_height=\"1069\"><img loading=\"lazy\" decoding=\"async\" class=\" wp-image-256367 alignleft\" src=\"https:\/\/www.radiopiu.net\/wordpress\/wp-content\/uploads\/2022\/01\/1637310723897_Giornata-della-Memoria-300x169.jpg\" alt=\"\" width=\"167\" height=\"94\" srcset=\"https:\/\/www.radiopiu.net\/wordpress\/wp-content\/uploads\/2022\/01\/1637310723897_Giornata-della-Memoria-300x169.jpg 300w, https:\/\/www.radiopiu.net\/wordpress\/wp-content\/uploads\/2022\/01\/1637310723897_Giornata-della-Memoria-1024x576.jpg 1024w, https:\/\/www.radiopiu.net\/wordpress\/wp-content\/uploads\/2022\/01\/1637310723897_Giornata-della-Memoria-768x432.jpg 768w, https:\/\/www.radiopiu.net\/wordpress\/wp-content\/uploads\/2022\/01\/1637310723897_Giornata-della-Memoria-1536x864.jpg 1536w, https:\/\/www.radiopiu.net\/wordpress\/wp-content\/uploads\/2022\/01\/1637310723897_Giornata-della-Memoria.jpg 1900w\" sizes=\"auto, (max-width: 167px) 100vw, 167px\" \/><\/a>FELTRE<\/strong> Il Comune di Feltre organizza tre eventi in occasione della Giornata della Memoria il 27 gennaio presso la Galleria d&#8217;arte moderna &#8220;Carlo Rizzarda&#8221;. La mattina, uno specifico incontro per le scuole esplorer\u00e0 la figura di Aldo Carpi, con una visita guidata alla Collezione Rizzarda e la lettura di brani dal Diario di Gusen, che documenta la sua prigionia nel Campo di concentramento di Gusen durante la Seconda Guerra Mondiale. Nel pomeriggio, una visita guidata alla Collezione Rizzarda approfondir\u00e0 la vita e le opere di Aldo Carpi, seguita da una lettura di brani dal Diario di Gusen a cura del gruppo Bizzarri Lettori. In serata, il gruppo Lettori Vaganti proporr\u00e0 un reading dal titolo &#8220;La forza della memoria&#8221;, con letture di brani selezionati da libri che ripercorrono le tappe storiche fino al 27 gennaio 1945. L&#8217;evento serale \u00e8 a ingresso libero fino a esaurimento posti.<\/p>\n<p>&nbsp;<\/p>\n<p>&nbsp;<\/p>\n<hr \/>\n<p>&nbsp;<\/p>\n<blockquote>\n<h3 class=\"moz-quote-pre\">GIORNATA DELLA MEMORIA 2024<\/h3>\n<\/blockquote>\n<p><a class=\"dt-pswp-item\" href=\"https:\/\/www.radiopiu.net\/wordpress\/wp-content\/uploads\/2024\/01\/2024-01-04-SANDALI_0A-1.jpg\" data-dt-img-description=\"\" data-large_image_width=\"1024\" data-large_image_height=\"726\"><img loading=\"lazy\" decoding=\"async\" class=\" wp-image-371166 alignleft\" src=\"https:\/\/www.radiopiu.net\/wordpress\/wp-content\/uploads\/2024\/01\/2024-01-04-SANDALI_0A-1-300x213.jpg\" alt=\"\" width=\"237\" height=\"168\" srcset=\"https:\/\/www.radiopiu.net\/wordpress\/wp-content\/uploads\/2024\/01\/2024-01-04-SANDALI_0A-1-300x213.jpg 300w, https:\/\/www.radiopiu.net\/wordpress\/wp-content\/uploads\/2024\/01\/2024-01-04-SANDALI_0A-1-768x545.jpg 768w, https:\/\/www.radiopiu.net\/wordpress\/wp-content\/uploads\/2024\/01\/2024-01-04-SANDALI_0A-1.jpg 1024w\" sizes=\"auto, (max-width: 237px) 100vw, 237px\" \/><\/a>Il 27 gennaio 2024, alle ore 15:30, il Museo dei Sogni e della Memoria all&#8217;Arcobaleno &#8217;86 a Feltre ospiter\u00e0 la Giornata della Memoria con un programma significativo. Sar\u00e0 presente il &#8220;Carro dei Deportati&#8221; per un momento di riflessione. Nella Sala Riboldi, il celebre scultore Gilberto Perlotto di Trissino consegner\u00e0 sandali in ferro battuto in memoria di San Massimiliano Kolbe. Angelo Gatto di Sant&#8217;Andrea oltre Musone, deportato nel 1943, sar\u00e0 onorato con la consegna di ciabatte per il Cammino verso la Notte Santa. Gatto, coraggioso, ide\u00f2 un cimitero per deportati, raccogliendo nelle bottiglie vuote le piastrine identificative, consentendo il riconoscimento delle vittime di Bergen-Belsen. La sezione &#8220;La Memoria del Futuro&#8221; prevede la consegna di oltre 120 terre simbolo a volontari, operatori, sostenitori, giovani e collaboratori della Comunit\u00e0 di Villa San Francesco e Arcobaleno &#8217;86. Inoltre, si commemorano i 20 anni dalla morte del vescovo salesiano Vincenzo Savio. Quest&#8217;evento conclude il 75\u00b0 anno di vita della Comunit\u00e0.<\/p>\n<p>&nbsp;<\/p>\n<hr \/>\n<p>&nbsp;<\/p>\n<blockquote>\n<h3><a class=\"dt-pswp-item\" href=\"https:\/\/www.radiopiu.net\/wordpress\/wp-content\/uploads\/2024\/01\/Concerto-per-la-Memoria.jpg\" data-dt-img-description=\"\" data-large_image_width=\"851\" data-large_image_height=\"1271\"><img loading=\"lazy\" decoding=\"async\" class=\" wp-image-371329 alignleft\" src=\"https:\/\/www.radiopiu.net\/wordpress\/wp-content\/uploads\/2024\/01\/Concerto-per-la-Memoria-201x300.jpg\" alt=\"\" width=\"113\" height=\"169\" srcset=\"https:\/\/www.radiopiu.net\/wordpress\/wp-content\/uploads\/2024\/01\/Concerto-per-la-Memoria-201x300.jpg 201w, https:\/\/www.radiopiu.net\/wordpress\/wp-content\/uploads\/2024\/01\/Concerto-per-la-Memoria-686x1024.jpg 686w, https:\/\/www.radiopiu.net\/wordpress\/wp-content\/uploads\/2024\/01\/Concerto-per-la-Memoria-768x1147.jpg 768w, https:\/\/www.radiopiu.net\/wordpress\/wp-content\/uploads\/2024\/01\/Concerto-per-la-Memoria.jpg 851w\" sizes=\"auto, (max-width: 113px) 100vw, 113px\" \/><\/a>AL TEATRO DINO BUZZATI IL CONCERTO DELLA MEMORIA<\/h3>\n<\/blockquote>\n<p><strong>BELLUNO<\/strong> Il Circolo Culturale Bellunese presenta, in occasione del Giorno della Memoria, l&#8217;evento &#8220;L\u2019chaim\/Alla vita&#8221; a Belluno il 30 gennaio alle 20:30 presso il Teatro Dino Buzzati. Il concerto offre un viaggio nelle radici e nell&#8217;identit\u00e0 ebraiche attraverso canti yemeniti, sefarditi e klezmer, con esibizioni di Delilah Gutman (voce, pianoforte, elettronica), Filippo Dionigi (clarinetti, sax) e Simone Zanchini (fisarmonica). L&#8217;evento \u00e8 supportato da Fondazione Societ\u00e0 Bellunese, Circolo Cultura e Stampa e Isbrec (Istituto Storico Bellunese della Resistenza e dell\u2019Et\u00e0 Contemporanea). La partecipazione \u00e8 aperta a tutta la cittadinanza.<\/p>\n<p>&nbsp;<\/p>\n<p>&nbsp;<\/p>\n<p>&nbsp;<\/p>\n<hr \/>\n<p>&nbsp;<\/p>\n<blockquote>\n<h3>UN FILM PER LA GIORNATA DELLA MEMORIA<\/h3>\n<\/blockquote>\n<p><strong>BELLUNO<\/strong> La Camera del Lavoro di Belluno e lo SPI CGIL di Belluno, insieme ai suoi presidi territoriali, hanno organizzato la proiezione del film &#8220;Concorrenza sleale&#8221; in diversi luoghi della provincia per commemorare il Giorno della Memoria. Il percorso inizia con la prima proiezione a Belluno il 26 gennaio, seguita da altre a Feltre il 27, ad Agordo (Biblioteca) il 29, a Tai di Cadore il 30 e a Pieve di Cadore il 31. Il film, diretto da Ettore Scola, racconta la vicenda di due commercianti di stoffa a Roma nel 1938, i cui rapporti inizialmente conflittuali si trasformano in un legame di amicizia e fratellanza dopo l&#8217;introduzione delle leggi razziali. L&#8217;iniziativa mira a ricordare le vittime della Shoah e delle leggi razziali, cos\u00ec come coloro che si opposero a tali ingiustizie.<\/p>\n<p>&nbsp;<\/p>\n<hr \/>\n<p>&nbsp;<\/p>\n<p>&nbsp;<\/p>\n<blockquote>\n<h3><a class=\"dt-pswp-item\" href=\"https:\/\/www.radiopiu.net\/wordpress\/wp-content\/uploads\/2024\/01\/20-anni-legge-ricordo_Logo.png\" data-dt-img-description=\"\" data-large_image_width=\"1200\" data-large_image_height=\"1124\"><img loading=\"lazy\" decoding=\"async\" class=\" wp-image-371374 alignleft\" src=\"https:\/\/www.radiopiu.net\/wordpress\/wp-content\/uploads\/2024\/01\/20-anni-legge-ricordo_Logo-300x281.png\" alt=\"\" width=\"126\" height=\"118\" srcset=\"https:\/\/www.radiopiu.net\/wordpress\/wp-content\/uploads\/2024\/01\/20-anni-legge-ricordo_Logo-300x281.png 300w, https:\/\/www.radiopiu.net\/wordpress\/wp-content\/uploads\/2024\/01\/20-anni-legge-ricordo_Logo-1024x959.png 1024w, https:\/\/www.radiopiu.net\/wordpress\/wp-content\/uploads\/2024\/01\/20-anni-legge-ricordo_Logo-768x719.png 768w, https:\/\/www.radiopiu.net\/wordpress\/wp-content\/uploads\/2024\/01\/20-anni-legge-ricordo_Logo.png 1200w\" sizes=\"auto, (max-width: 126px) 100vw, 126px\" \/><\/a>Comitato 10 Febbraio Celebra il Ventennale della Legge 92\/2004 con il Logo del Giorno del Ricordo e una Conferenza Nazionale<\/h3>\n<\/blockquote>\n<p>Il Comitato 10 Febbraio ha reso disponibile il logo realizzato in occasione del ventennale della Legge che istitu\u00ec il Giorno del Ricordo, commemorando i Martiri delle foibe e l\u2019esodo dal confine orientale d\u2019Italia. Questo logo \u00e8 offerto gratuitamente alle amministrazioni comunali e alle associazioni che organizzano eventi il 10 febbraio. Ideato dal Comitato, il logo sar\u00e0 utilizzato nelle manifestazioni del 2024. Il logo \u00e8 a disposizione delle amministrazioni pubbliche e dei sodalizi che possono utilizzarlo liberamente, con la possibilit\u00e0 di scaricarlo dal sito <a href=\"http:\/\/www.10febbraio.it\/\" target=\"_new\" rel=\"noopener\">www.10febbraio.it <\/a>. Inoltre, il Comitato ha organizzato una conferenza nazionale per il 17 marzo 2024 a Jesolo.<\/p>\n<p>&nbsp;<\/p>\n<p>&nbsp;<\/p>\n<p>&nbsp;<\/p>\n<hr \/>\n<p>&nbsp;<\/p>\n<blockquote>\n<h3>CONSIGLIO COMUNALE A COLLE SANTA LUCIA<\/h3>\n<\/blockquote>\n<p><strong>COLLE SANTA LUCIA<\/strong> Il sindaco di Colle Santa Lucia Paolo Frena ha convocato i consiglieri comunali per sabato alle 8. Sette i punti da discutere tra cui due variazioni a bilancio, l&#8217;acquisizione di una pertinenza stradale sulla SP 251 della Val di Zoldo e Cellina in frazione Rucav\u00e0 e il regolamento dei controlli interni<\/p>\n<p><strong>DI GIANNI SANTOMASO<\/strong><\/p>\n<audio class=\"wp-audio-shortcode\" id=\"audio-371229-12\" preload=\"none\" style=\"width: 100%;\" controls=\"controls\"><source type=\"audio\/mpeg\" src=\"https:\/\/www.radiopiu.net\/wordpress\/wp-content\/uploads\/2024\/01\/GIANNI-CONSIGLIO-COLLE-SANTA-LUCIA.mp3?_=12\" \/><a href=\"https:\/\/www.radiopiu.net\/wordpress\/wp-content\/uploads\/2024\/01\/GIANNI-CONSIGLIO-COLLE-SANTA-LUCIA.mp3\">https:\/\/www.radiopiu.net\/wordpress\/wp-content\/uploads\/2024\/01\/GIANNI-CONSIGLIO-COLLE-SANTA-LUCIA.mp3<\/a><\/audio>\n<p>&nbsp;<\/p>\n<hr \/>\n<p>&nbsp;<\/p>\n<blockquote>\n<h3>ARIA D&#8217;INVERN, IL CONCORSO FOTOGRAFICO<\/h3>\n<\/blockquote>\n<p><strong><img loading=\"lazy\" decoding=\"async\" class=\"alignleft\" src=\"https:\/\/www.radiopiu.net\/wordpress\/wp-content\/uploads\/2024\/01\/Senza-nome-41.png\" width=\"147\" height=\"79\" \/>CENCENIGHE<\/strong> La Pro Loco di Cencenighe ha organizzato un concorso fotografico dal titolo &#8220;Aria D&#8217;Invern&#8221;. Chi volesse partecipare pu\u00f2 inviare gli scatti fino al 31 marzo alla mail ariadinvern@gmail.com seguiranno le premiazioni e, nel mese di luglio, l&#8217;esposizione delle foto al Nof Fil\u00f2. Regolamento completo sul sito www.prolococencenighe.it<\/p>\n<p>&nbsp;<\/p>\n<p>&nbsp;<\/p>\n<hr \/>\n<p>&nbsp;<\/p>\n<blockquote>\n<h2>LE PISTE&#8230; SULLA PORTA DI CASA<\/h2>\n<\/blockquote>\n<div>\n<div class=\"x1cy8zhl x78zum5 x1q0g3np xod5an3 x1pi30zi x1swvt13 xz9dl7a\">\n<div class=\"x1iyjqo2\">\n<div class=\"x78zum5 xdt5ytf xz62fqu x16ldp7u\">\n<div class=\"xu06os2 x1ok221b\">\n<h2 id=\":R1al9aqqd9emhpapd5aq:\" class=\"x1heor9g x1qlqyl8 x1pd3egz x1a2a7pz x1gslohp x1yc453h\"><span class=\"x193iq5w xeuugli x13faqbe x1vvkbs x1xmvt09 x6prxxf xvq8zen xo1l8bm xi81zsa\"><strong><a class=\"dt-pswp-item\" href=\"https:\/\/www.radiopiu.net\/wordpress\/wp-content\/uploads\/2021\/11\/FORCELLA-AURINE.jpg\" data-dt-img-description=\"\" data-large_image_width=\"960\" data-large_image_height=\"720\"><img loading=\"lazy\" decoding=\"async\" class=\" wp-image-241538 alignleft\" src=\"https:\/\/www.radiopiu.net\/wordpress\/wp-content\/uploads\/2021\/11\/FORCELLA-AURINE-300x225.jpg\" alt=\"\" width=\"191\" height=\"143\" srcset=\"https:\/\/www.radiopiu.net\/wordpress\/wp-content\/uploads\/2021\/11\/FORCELLA-AURINE-300x225.jpg 300w, https:\/\/www.radiopiu.net\/wordpress\/wp-content\/uploads\/2021\/11\/FORCELLA-AURINE-768x576.jpg 768w, https:\/\/www.radiopiu.net\/wordpress\/wp-content\/uploads\/2021\/11\/FORCELLA-AURINE.jpg 960w\" sizes=\"auto, (max-width: 191px) 100vw, 191px\" \/><\/a>Aurine SKI Dolomiti -Progetto Desma <\/strong><\/span><strong><a class=\"x1i10hfl xjbqb8w x6umtig x1b1mbwd xaqea5y xav7gou x9f619 x1ypdohk xt0psk2 xe8uvvx xdj266r x11i5rnm xat24cr x1mh8g0r xexx8yu x4uap5 x18d9i69 xkhd6sd x16tdsg8 x1hl2dhg xggy1nq x1a2a7pz xt0b8zv xzsf02u x1s688f\" tabindex=\"0\" role=\"link\" href=\"https:\/\/www.facebook.com\/aurineskidolomiti?__cft__[0]=AZXSmHr83SUuJT0u4kVMSvLZyFo58012vDZQz2S9NoUpe9MsUBxfpeLpjB-1OoVs-G6CFBOMyk-HwUGAJFyotDcmMB8tqVOt4ppZp7H1Nhm_9AbxGcAKPdaj0NRByIDsgxLcHrLDuU1XYg3AAgvwT-9s&amp;__tn__=-]C%2CP-R\"><span class=\"xt0psk2\">&#8211;<\/span><\/a><\/strong>.<\/h2>\n<\/div>\n<div class=\"xu06os2 x1ok221b\">NUOVE APERTURE E NUOVI ORARI: &#8211; LUNEDI : Chiuso &#8211; MARTEDI : Chiuso &#8211; MERCOLEDI : 13:00-16:30 \/ 19:30-22:00 &#8211; GIOVEDI : 13:00-16:30 &#8211; VENERDI : 13:00-16:30 &#8211; SABATO : 9:00 &#8211; 16.30 &#8211; DOMENICA : 9:00 &#8211; 16.30 AD OGGI LA SITUAZIONE PISTE: &#8211; CAMPO SCUOLA <span class=\"x3nfvp2 x1j61x8r x1fcty0u xdj266r xhhsvwb xat24cr xgzva0m xxymvpz xlup9mm x1kky2od\"><img loading=\"lazy\" decoding=\"async\" class=\"xz74otr\" src=\"https:\/\/static.xx.fbcdn.net\/images\/emoji.php\/v9\/t55\/1.5\/16\/1f7e2.png\" alt=\"&#x1f7e2;\" width=\"16\" height=\"16\" \/><\/span><\/div>\n<\/div>\n<\/div>\n<\/div>\n<\/div>\n<div>\n<div class=\"\" dir=\"auto\">\n<div id=\":R1al9aqqd9emhpapd5aqH2:\" class=\"x1iorvi4 x1pi30zi x1l90r2v x1swvt13\" data-ad-comet-preview=\"message\" data-ad-preview=\"message\">\n<div class=\"x78zum5 xdt5ytf xz62fqu x16ldp7u\">\n<div class=\"xu06os2 x1ok221b\">\n<div class=\"x11i5rnm xat24cr x1mh8g0r x1vvkbs xtlvy1s x126k92a\">\n<div dir=\"auto\">&#8211; GARDELINA <span class=\"x3nfvp2 x1j61x8r x1fcty0u xdj266r xhhsvwb xat24cr xgzva0m xxymvpz xlup9mm x1kky2od\"><img loading=\"lazy\" decoding=\"async\" class=\"xz74otr\" src=\"https:\/\/static.xx.fbcdn.net\/images\/emoji.php\/v9\/t55\/1.5\/16\/1f7e2.png\" alt=\"&#x1f7e2;\" width=\"16\" height=\"16\" \/><\/span>&#8211; BEPI <span class=\"x3nfvp2 x1j61x8r x1fcty0u xdj266r xhhsvwb xat24cr xgzva0m xxymvpz xlup9mm x1kky2od\"><img loading=\"lazy\" decoding=\"async\" class=\"xz74otr\" src=\"https:\/\/static.xx.fbcdn.net\/images\/emoji.php\/v9\/t55\/1.5\/16\/1f7e2.png\" alt=\"&#x1f7e2;\" width=\"16\" height=\"16\" \/><\/span>&#8211; GEMINI <span class=\"x3nfvp2 x1j61x8r x1fcty0u xdj266r xhhsvwb xat24cr xgzva0m xxymvpz xlup9mm x1kky2od\"><img loading=\"lazy\" decoding=\"async\" class=\"xz74otr\" src=\"https:\/\/static.xx.fbcdn.net\/images\/emoji.php\/v9\/tc7\/1.5\/16\/1f534.png\" alt=\"&#x1f534;\" width=\"16\" height=\"16\" \/><\/span>Se le temperature ce lo permetteranno in pochi giorni sar\u00e0 completata anche la parte alta con l&#8217;apertura della sciovia Gardelon. RISTOBAR GHEGY<\/div>\n<\/div>\n<div class=\"x11i5rnm xat24cr x1mh8g0r x1vvkbs xtlvy1s x126k92a\">\n<div dir=\"auto\">&#8211; Dal Mercoled\u00ec al Venerd\u00ec aperto dall&#8217;ora di pranzo. &#8211; Mercoled\u00ec sera anche a cena con i panini GOURMET. &#8211; Sabato e Domenica 8:30 &#8211; 18.30.<\/div>\n<\/div>\n<\/div>\n<\/div>\n<\/div>\n<\/div>\n<\/div>\n<div dir=\"auto\"><\/div>\n<div dir=\"auto\"><\/div>\n<div dir=\"auto\">\n<hr \/>\n<\/div>\n<p>&nbsp;<\/p>\n<blockquote>\n<h3><a class=\"dt-pswp-item\" href=\"https:\/\/www.radiopiu.net\/wordpress\/wp-content\/uploads\/2023\/02\/CASPARETHA-2023-scaled.jpg\" data-dt-img-description=\"\" data-large_image_width=\"2560\" data-large_image_height=\"1918\"><img loading=\"lazy\" decoding=\"async\" class=\" wp-image-320590 alignleft\" src=\"https:\/\/www.radiopiu.net\/wordpress\/wp-content\/uploads\/2023\/02\/CASPARETHA-2023-300x225.jpg\" alt=\"\" width=\"195\" height=\"146\" srcset=\"https:\/\/www.radiopiu.net\/wordpress\/wp-content\/uploads\/2023\/02\/CASPARETHA-2023-300x225.jpg 300w, https:\/\/www.radiopiu.net\/wordpress\/wp-content\/uploads\/2023\/02\/CASPARETHA-2023-1024x767.jpg 1024w, https:\/\/www.radiopiu.net\/wordpress\/wp-content\/uploads\/2023\/02\/CASPARETHA-2023-768x575.jpg 768w, https:\/\/www.radiopiu.net\/wordpress\/wp-content\/uploads\/2023\/02\/CASPARETHA-2023-1536x1151.jpg 1536w, https:\/\/www.radiopiu.net\/wordpress\/wp-content\/uploads\/2023\/02\/CASPARETHA-2023-2048x1534.jpg 2048w\" sizes=\"auto, (max-width: 195px) 100vw, 195px\" \/><\/a>CASPARETHA 2024 POSTICIPATA AL 17 FEBBRAIO<\/h3>\n<\/blockquote>\n<p><strong>REDAZIONE<\/strong> Gli organizzatori della Casparetha di Canale D&#8217;Agordo informano che la manifestazione, inizialmente in programma per sabato 3 febbraio, \u00e8 stata posticipata a Sabato 17 febbraio a causa della poca neve caduta nell&#8217;ultimo periodo. La data di apertura delle iscrizioni slitta al 3 febbraio. Segurianno degli aggiornamenti nei prossii giorni in base alle previsioni meteo.<\/p>\n<p><span style=\"color: #ff0000;\"><strong>L&#8217;INTERVISTA A RADIO PIU&#8217;<\/strong><\/span><\/p>\n<p><strong>DI MIRKO MEZZACASA<\/strong><\/p>\n<p>OSPITI: Emil Tancon e Mirco Tancon<\/p>\n<audio class=\"wp-audio-shortcode\" id=\"audio-371229-13\" preload=\"none\" style=\"width: 100%;\" controls=\"controls\"><source type=\"audio\/mpeg\" src=\"https:\/\/www.radiopiu.net\/wordpress\/wp-content\/uploads\/2024\/01\/mirco-emil-casparetha-1.mp3?_=13\" \/><a href=\"https:\/\/www.radiopiu.net\/wordpress\/wp-content\/uploads\/2024\/01\/mirco-emil-casparetha-1.mp3\">https:\/\/www.radiopiu.net\/wordpress\/wp-content\/uploads\/2024\/01\/mirco-emil-casparetha-1.mp3<\/a><\/audio>\n<p>&nbsp;<\/p>\n<p>&nbsp;<\/p>\n<p>&nbsp;<\/p>\n<hr \/>\n<p>&nbsp;<\/p>\n<blockquote>\n<h3>UNA VAGHISSIMA MADONNA IN TRONO<\/h3>\n<\/blockquote>\n<p><strong>BELLUNO<\/strong> Nel mese di febbraio, saranno disponibili otto date per prenotare una visita guidata alla mostra &#8220;Una vaghissima Madonna in trono&#8221; al Museo civico di Palazzo Fucis di Belluno. La mostra si concentra sulla Madonna con il Bambino di Francesco Vecellio, recentemente restaurata, offrendo un&#8217;esperienza guidata il sabato alle 17 e la domenica alle 11, con prenotazione obbligatoria al costo di 5 euro per il biglietto ridotto e 8 euro per la visita guidata. La collaborazione con la Soprintendenza e un dispositivo multimediale interattivo arricchiscono l&#8217;esplorazione delle opere attribuite a Vecellio in mostra.<\/p>\n<p>&nbsp;<\/p>\n<p>&nbsp;<\/p>\n<hr \/>\n<p>&nbsp;<\/p>\n<p><iframe loading=\"lazy\" title=\"LA SERA CON ALEX - 24 GENNAIO 2024\" width=\"1200\" height=\"675\" src=\"https:\/\/www.youtube.com\/embed\/MQStwjD8FvE?feature=oembed\" frameborder=\"0\" allow=\"accelerometer; autoplay; clipboard-write; encrypted-media; gyroscope; picture-in-picture; web-share\" allowfullscreen><\/iframe><\/p>\n<p>&nbsp;<\/p>\n<p>&nbsp;<\/p>\n<hr \/>\n<p>&nbsp;<\/p>\n<p><strong>IERI IN&#8230; RADIO.\u00a0<\/strong><br \/>\n<em>La visita di Aurora che con Marina e Luisa ci ha tenuto compagnia con i racconti durante le feste di Natale. Sempre un piacere aprire le porte del &#8220;museo quarantennale&#8221; di RADIOPIU&#8217; alle nuove generazioni&#8230; E brava Aurora!<\/em><br \/>\n<a class=\"dt-pswp-item\" href=\"https:\/\/www.radiopiu.net\/wordpress\/wp-content\/uploads\/2024\/01\/06a0c88a-aae7-4b84-a7cf-bd5dbf5ff133.jpg\" data-dt-img-description=\"\" data-large_image_width=\"970\" data-large_image_height=\"1296\"><img loading=\"lazy\" decoding=\"async\" class=\"size-medium wp-image-371376 aligncenter\" src=\"https:\/\/www.radiopiu.net\/wordpress\/wp-content\/uploads\/2024\/01\/06a0c88a-aae7-4b84-a7cf-bd5dbf5ff133-225x300.jpg\" alt=\"\" width=\"225\" height=\"300\" srcset=\"https:\/\/www.radiopiu.net\/wordpress\/wp-content\/uploads\/2024\/01\/06a0c88a-aae7-4b84-a7cf-bd5dbf5ff133-225x300.jpg 225w, https:\/\/www.radiopiu.net\/wordpress\/wp-content\/uploads\/2024\/01\/06a0c88a-aae7-4b84-a7cf-bd5dbf5ff133-766x1024.jpg 766w, https:\/\/www.radiopiu.net\/wordpress\/wp-content\/uploads\/2024\/01\/06a0c88a-aae7-4b84-a7cf-bd5dbf5ff133-768x1026.jpg 768w, https:\/\/www.radiopiu.net\/wordpress\/wp-content\/uploads\/2024\/01\/06a0c88a-aae7-4b84-a7cf-bd5dbf5ff133.jpg 970w\" sizes=\"auto, (max-width: 225px) 100vw, 225px\" \/><\/a><\/p>\n<p>&nbsp;<\/p>\n<p>&nbsp;<\/p>\n<hr \/>\n<p>&nbsp;<\/p>\n<p><strong>\u201cAppia Servizi Srl, presso la propria sede di Agordo, \u00e8 alla ricerca di una nuova figura con esperienza per il reparto contabile da inserire nel proprio organico a tempo indeterminato e tempo pieno.Se interessati potete contattare il numero 0437-954411 o inviare la vostra candidatura all\u2019indirizzo <a href=\"mailto:info@appiacna.it\">info@appiacna.it<\/a>.\u201d<\/strong><\/p>\n<p>&nbsp;<\/p>\n<hr \/>\n<p>&nbsp;<\/p>\n<h2><span style=\"color: #ff0000;\">GLI APPUNTAMENTI DELLA SETTIMANA\u00a0 <\/span><\/h2>\n<p><span style=\"color: #ff0000;\">OGGI<\/span><\/p>\n<blockquote>\n<h3><a class=\"dt-pswp-item\" href=\"https:\/\/www.radiopiu.net\/wordpress\/wp-content\/uploads\/2018\/06\/logo_anpi_big.1462bcc83ce3.png\" data-dt-img-description=\"\" data-large_image_width=\"1328\" data-large_image_height=\"614\"><img loading=\"lazy\" decoding=\"async\" class=\" wp-image-50178 alignleft\" src=\"https:\/\/www.radiopiu.net\/wordpress\/wp-content\/uploads\/2018\/06\/logo_anpi_big.1462bcc83ce3-300x139.png\" alt=\"\" width=\"114\" height=\"53\" srcset=\"https:\/\/www.radiopiu.net\/wordpress\/wp-content\/uploads\/2018\/06\/logo_anpi_big.1462bcc83ce3-300x139.png 300w, https:\/\/www.radiopiu.net\/wordpress\/wp-content\/uploads\/2018\/06\/logo_anpi_big.1462bcc83ce3-768x355.png 768w, https:\/\/www.radiopiu.net\/wordpress\/wp-content\/uploads\/2018\/06\/logo_anpi_big.1462bcc83ce3-1024x473.png 1024w, https:\/\/www.radiopiu.net\/wordpress\/wp-content\/uploads\/2018\/06\/logo_anpi_big.1462bcc83ce3.png 1328w\" sizes=\"auto, (max-width: 114px) 100vw, 114px\" \/><\/a>GIORNATA DELLA MEMORIA CON L&#8217;ANPI<\/h3>\n<\/blockquote>\n<p><strong>BORGO VALBELLUNA<\/strong><\/p>\n<p><strong>DI ROBERTO BONA\u00a0<\/strong><\/p>\n<audio class=\"wp-audio-shortcode\" id=\"audio-371229-14\" preload=\"none\" style=\"width: 100%;\" controls=\"controls\"><source type=\"audio\/wav\" src=\"https:\/\/www.radiopiu.net\/wordpress\/wp-content\/uploads\/2024\/01\/GiornataMemoriaDibattito.wav?_=14\" \/><a href=\"https:\/\/www.radiopiu.net\/wordpress\/wp-content\/uploads\/2024\/01\/GiornataMemoriaDibattito.wav\">https:\/\/www.radiopiu.net\/wordpress\/wp-content\/uploads\/2024\/01\/GiornataMemoriaDibattito.wav<\/a><\/audio>\n<p>&nbsp;<\/p>\n<p>&nbsp;<\/p>\n<p><b>TRICHIANA <\/b>La biblioteca di Trichiana organizza una rassegna di incontri incentrati su temi sociali e culturali. Si affronteranno migranti, femminicidi e il ruolo delle donne.\u00a0 domani, sar\u00e0 presentato &#8220;Dear Gigi&#8221; di Filippo Cerantola, ricostruendo l&#8217;opera di Luigi Meneghello attraverso lettere conservate a Vicenza. Un&#8217;iniziativa che promuove riflessioni e incontri culturali.<\/p>\n<p>&nbsp;<\/p>\n<p><strong><a class=\"dt-pswp-item\" href=\"https:\/\/www.radiopiu.net\/wordpress\/wp-content\/uploads\/2024\/01\/WhatsApp-Image-2024-01-19-at-17.03.37.jpeg\" data-dt-img-description=\"\" data-large_image_width=\"1400\" data-large_image_height=\"933\"><img loading=\"lazy\" decoding=\"async\" class=\" wp-image-370684 alignleft\" src=\"https:\/\/www.radiopiu.net\/wordpress\/wp-content\/uploads\/2024\/01\/WhatsApp-Image-2024-01-19-at-17.03.37-300x200.jpeg\" alt=\"\" width=\"168\" height=\"112\" srcset=\"https:\/\/www.radiopiu.net\/wordpress\/wp-content\/uploads\/2024\/01\/WhatsApp-Image-2024-01-19-at-17.03.37-300x200.jpeg 300w, https:\/\/www.radiopiu.net\/wordpress\/wp-content\/uploads\/2024\/01\/WhatsApp-Image-2024-01-19-at-17.03.37-1024x682.jpeg 1024w, https:\/\/www.radiopiu.net\/wordpress\/wp-content\/uploads\/2024\/01\/WhatsApp-Image-2024-01-19-at-17.03.37-768x512.jpeg 768w, https:\/\/www.radiopiu.net\/wordpress\/wp-content\/uploads\/2024\/01\/WhatsApp-Image-2024-01-19-at-17.03.37.jpeg 1400w\" sizes=\"auto, (max-width: 168px) 100vw, 168px\" \/><\/a>SOS<\/strong><strong>PIROLO<\/strong> La compagnia teatrale NOI CHE presenta la commedia &#8220;NOI CHE&#8221; al Centro civico di Sospirolo DOMANI alle ore 20:30. La rappresentazione offre una rivisitazione semiseria degli anni Sessanta e Settanta, con dialoghi in italiano e dialetto, accompagnati da canzoni popolari dell&#8217;epoca. La compagnia, composta da un gruppo di amici appassionati di teatro, ha ricevuto apprezzamenti positivi per la sua performance, che include elementi di comicit\u00e0 e musica. L&#8217;evento \u00e8 ad ingresso libero e gode del patrocinio del Comune di Sospirolo.<\/p>\n<h1>DI ROBERTO BONA<\/h1>\n<audio class=\"wp-audio-shortcode\" id=\"audio-371229-15\" preload=\"none\" style=\"width: 100%;\" controls=\"controls\"><source type=\"audio\/wav\" src=\"https:\/\/www.radiopiu.net\/wordpress\/wp-content\/uploads\/2024\/01\/NoiChe.wav?_=15\" \/><a href=\"https:\/\/www.radiopiu.net\/wordpress\/wp-content\/uploads\/2024\/01\/NoiChe.wav\">https:\/\/www.radiopiu.net\/wordpress\/wp-content\/uploads\/2024\/01\/NoiChe.wav<\/a><\/audio>\n<p>&nbsp;<\/p>\n<p><strong>BELLUNO<\/strong> il comune di Belluno &#8211; Assessorato al Sociale, Rapporti con le Associazioni e Politiche per la Famiglia, organizza per sabato 27 gennaio 2024 un convegno dal titolo &#8220;LA FAMIGLIA AL CENTRO DI SOLIDARIETA&#8217; E MEMORIA&#8221;, che si terr\u00e0 presso il Teatro &#8220;Dino Buzzati&#8221; di Belluno<\/p>\n<p><strong>LIMANA<\/strong> Sabato 27 gennaio in sala Nocivelli,\u00a0Adolf Hitler, stratega del male Due storie a confronto. Progetto e letture a cura degli alunni e insegnanti della scuola secondaria, interventi musicali degli alunni dell&#8217;indirizzo musicale della scuola. Ingresso libero.<\/p>\n<p><strong>FELTRE<\/strong> Il Centro Astronomico di Arson a Feltre ospiter\u00e0 sabato 27 gennaio 2024, alle 21, una serata speciale dal titolo &#8220;Gli alieni esistono ma fanno finta di non conoscerci!&#8221; con la Dott.ssa Flora Rossi della Cooperativa Mazarol. La serata proporr\u00e0 un viaggio attraverso l&#8217;universo raccontato da film, libri, parole e canzoni immortali, esplorando il mondo della fantascienza, dell&#8217;arte e dei sogni legati allo spazio. Prima della conferenza, in caso di cielo sereno, sar\u00e0 possibile osservare la Luna in fase calante, con la visione di varie caratteristiche lunar, oltre a Giove con i suoi satelliti e altre stelle interessanti.<\/p>\n<p>&nbsp;<\/p>\n<h1><span style=\"color: #ff0000;\">PROSSIMAMENTE&#8230;<\/span><\/h1>\n<p><strong>FELTRE<\/strong> La Famiglia Ex Emigranti del Feltrino organizza la gita alla fiera &#8220;Orto Giardino&#8221; a Pordenonefiere il 6 marzo. La partenza \u00e8 alle 13 da Pedavena, con passaggio a Feltre. Il programma include l&#8217;ingresso alla fiera e una tappa in pizzeria durante il rientro. Per informazioni 40 262 9562.<\/p>\n<p>&nbsp;<\/p>\n<p><strong>BELLUNO<\/strong> Gioved\u00ec 1\u00b0 febbraio alle ore 17.00 nel Salone di Palazzo Fulcis, verr\u00e0 presentato il libro antologico di Elserino Piol \u201cIl sogno di un\u2019impresa. Dall\u2019Olivetti al venture capital: una vita nell\u2019information technology\u201d<\/p>\n<p>&nbsp;<\/p>\n<hr \/>\n<p>&nbsp;<\/p>\n<p>&nbsp;<\/p>\n<p><a class=\"dt-pswp-item\" href=\"https:\/\/www.radiopiu.net\/wordpress\/wp-content\/uploads\/2018\/09\/viabilita.jpeg\" data-dt-img-description=\"\" data-large_image_width=\"800\" data-large_image_height=\"100\"><img loading=\"lazy\" decoding=\"async\" class=\"aligncenter wp-image-61954 size-full\" src=\"https:\/\/www.radiopiu.net\/wordpress\/wp-content\/uploads\/2018\/09\/viabilita.jpeg\" alt=\"\" width=\"800\" height=\"100\" srcset=\"https:\/\/www.radiopiu.net\/wordpress\/wp-content\/uploads\/2018\/09\/viabilita.jpeg 800w, https:\/\/www.radiopiu.net\/wordpress\/wp-content\/uploads\/2018\/09\/viabilita-300x38.jpeg 300w, https:\/\/www.radiopiu.net\/wordpress\/wp-content\/uploads\/2018\/09\/viabilita-768x96.jpeg 768w\" sizes=\"auto, (max-width: 800px) 100vw, 800px\" \/><\/a><\/p>\n<p>&nbsp;<\/p>\n<p><a class=\"dt-pswp-item\" href=\"https:\/\/www.radiopiu.net\/wordpress\/wp-content\/uploads\/2023\/12\/botol-car-service.jpg\" data-dt-img-description=\"\" data-large_image_width=\"600\" data-large_image_height=\"600\"><img loading=\"lazy\" decoding=\"async\" class=\"size-medium wp-image-367044 aligncenter\" src=\"https:\/\/www.radiopiu.net\/wordpress\/wp-content\/uploads\/2023\/12\/botol-car-service-300x300.jpg\" alt=\"\" width=\"300\" height=\"300\" srcset=\"https:\/\/www.radiopiu.net\/wordpress\/wp-content\/uploads\/2023\/12\/botol-car-service-300x300.jpg 300w, https:\/\/www.radiopiu.net\/wordpress\/wp-content\/uploads\/2023\/12\/botol-car-service-150x150.jpg 150w, https:\/\/www.radiopiu.net\/wordpress\/wp-content\/uploads\/2023\/12\/botol-car-service.jpg 600w\" sizes=\"auto, (max-width: 300px) 100vw, 300px\" \/><\/a><\/p>\n<p>&nbsp;<\/p>\n<blockquote>\n<h1><span style=\"color: #ff0000;\"><a class=\"dt-pswp-item\" href=\"https:\/\/www.radiopiu.net\/wordpress\/wp-content\/uploads\/2020\/05\/VENETO-STRADE.png\" data-dt-img-description=\"\" data-large_image_width=\"400\" data-large_image_height=\"400\"><img loading=\"lazy\" decoding=\"async\" class=\"wp-image-135574 alignleft\" src=\"https:\/\/www.radiopiu.net\/wordpress\/wp-content\/uploads\/2020\/05\/VENETO-STRADE-300x300.png\" alt=\"\" width=\"102\" height=\"102\" srcset=\"https:\/\/www.radiopiu.net\/wordpress\/wp-content\/uploads\/2020\/05\/VENETO-STRADE-300x300.png 300w, https:\/\/www.radiopiu.net\/wordpress\/wp-content\/uploads\/2020\/05\/VENETO-STRADE-150x150.png 150w, https:\/\/www.radiopiu.net\/wordpress\/wp-content\/uploads\/2020\/05\/VENETO-STRADE.png 400w\" sizes=\"auto, (max-width: 102px) 100vw, 102px\" \/><\/a>AGGIORNAMENTO QUOTIDIANO, IN\u00a0 COLLABORAZIONE CON VENETO STRADE E BOTOL CAR SERVICE AD AGORDO IN LOCALITA&#8217; VALCOZZENA.<\/span><\/h1>\n<p>&nbsp;<\/p><\/blockquote>\n<blockquote><p>Si raccomanda di percorrere i passi al di sopra dei 1200 m slm con catene montate; le catene devono essere montate fuori dalla sede stradale, per non intralciare il traffico e le operazioni di sgombero neve dal piano viabile. Si raccomanda di prestare la massima attenzione nella guida per la possibile presenza di tratti resi scivolosi causati da neve fortemente bagnata<\/p>\n<p>\u00c8 chiuso per periodo invernale il seguente tratto stradale: &#8211; S.P. 33 \u201cdi Sauris\u201d dal km 0+000 (innesto S.P. 619) al km 6+800 (confine Provincia di Udine).<\/p><\/blockquote>\n<p><strong>SOSPIROLO\u00a0<\/strong> Lungo la provinciale 2 tra Pian Falcina e Gena Bassa in Comune di Sospirolo\u00a0 <span style=\"color: #ff0000;\">fino al 15 febbraio,<\/span> sabato e domeniche compresi, senso unico alternato regolato da semaforo o movieri, interruzioni alla viabilit\u00e0 fino a 10 minuti per tratti di 200 metri.<\/p>\n<p><span style=\"color: #0000ff;\"><strong>BOLLETTINO VIABILITA&#8217; AGGIORNATO AL 23 GENNAIO 2024<\/strong><\/span><\/p>\n<audio class=\"wp-audio-shortcode\" id=\"audio-371229-16\" preload=\"none\" style=\"width: 100%;\" controls=\"controls\"><source type=\"audio\/mpeg\" src=\"https:\/\/www.radiopiu.net\/wordpress\/wp-content\/uploads\/2024\/01\/VIABLITA-2.mp3?_=16\" \/><a href=\"https:\/\/www.radiopiu.net\/wordpress\/wp-content\/uploads\/2024\/01\/VIABLITA-2.mp3\">https:\/\/www.radiopiu.net\/wordpress\/wp-content\/uploads\/2024\/01\/VIABLITA-2.mp3<\/a><\/audio>\n<p>&nbsp;<\/p>\n<p>&nbsp;<\/p>\n<hr \/>\n<p>&nbsp;<\/p>\n<p>&nbsp;<\/p>\n<p><a class=\"dt-pswp-item\" href=\"https:\/\/www.radiopiu.net\/wordpress\/wp-content\/uploads\/2018\/09\/WhatsApp-Image-2018-09-20-at-16.04.06.jpeg\" data-dt-img-description=\"\" data-large_image_width=\"800\" data-large_image_height=\"100\"><img loading=\"lazy\" decoding=\"async\" class=\"wp-image-61378 size-full aligncenter\" src=\"https:\/\/www.radiopiu.net\/wordpress\/wp-content\/uploads\/2018\/09\/WhatsApp-Image-2018-09-20-at-16.04.06.jpeg\" alt=\"\" width=\"800\" height=\"100\" srcset=\"https:\/\/www.radiopiu.net\/wordpress\/wp-content\/uploads\/2018\/09\/WhatsApp-Image-2018-09-20-at-16.04.06.jpeg 800w, https:\/\/www.radiopiu.net\/wordpress\/wp-content\/uploads\/2018\/09\/WhatsApp-Image-2018-09-20-at-16.04.06-300x38.jpeg 300w, https:\/\/www.radiopiu.net\/wordpress\/wp-content\/uploads\/2018\/09\/WhatsApp-Image-2018-09-20-at-16.04.06-768x96.jpeg 768w\" sizes=\"auto, (max-width: 800px) 100vw, 800px\" \/><\/a><\/p>\n<p><center><\/center><b>\u00a0 \u00a0\u00a0<\/b><\/p>\n<p><center><b>OGGI<\/b><\/center>Tempo stabile con cielo sereno o poco nuvoloso per eventuale temporanea presenza di nubi alte mattutine sulle Prealpi, a tratti nuvoloso al primo mattino sulle Dolomiti, prima che il cielo si rassereni ovunque entro la tarda mattinata.<br \/>\n<b>Precipitazioni: <\/b>Assenti<br \/>\n<b>Temperature: <\/b>In quota minime in lieve rialzo e massime in leggero calo. nelle valli l&#8217;andamento termico sar\u00e0 assai pi\u00f9 irregolare per le condizioni di Foehn, ma complessivamente saranno in rialzo, specie le massime.<\/p>\n<hr \/>\n<p><center><b>DOMANI<\/b><\/center>Ampi tratti soleggiati e temporanei passaggi di nubi alte, pi\u00f9 probabili nel tardo pomeriggio\/sera.<br \/>\n<b>Precipitazioni: <\/b>Assenti<br \/>\n<b>Temperature: <\/b>In quota senza variazioni di rilievo, mentre l&#8217;effetto favonio un po&#8217; pi\u00f9 marcato nelle valli potrebbe favorire qualche aumento delle massime. Le minime avranno un andamento assai irregolare in relazione alle condizioni o meno di Foehn notturno.<\/p>\n<hr \/>\n<p><center><b>SABATO<\/b><\/center>Splendido tempo invernale con sole, cielo terso, aria limpida ed ottima visibilit\u00e0. Bassa insidia nebbia nelle conche prealpine durante le ore pi\u00f9 fredde. Temperature in generale contenuto calo a tutte le quote.<\/p>\n<hr \/>\n<p><center><b>DOMENICA<\/b><\/center>Sole, cielo terso, salvo qualche banco di cirri mattutini, aria limpida ed ottima visibilit\u00e0. Temperature in generale netto rialzo, assai notevole in quota.<\/p>\n<p>&nbsp;<\/p>\n<hr \/>\n<p>&nbsp;<\/p>\n<p>&nbsp;<\/p>\n<p><img loading=\"lazy\" decoding=\"async\" class=\"wp-image-60761 size-full aligncenter\" src=\"https:\/\/www.radiopiu.net\/wordpress\/wp-content\/uploads\/2018\/09\/sport.jpg\" alt=\"\" width=\"800\" height=\"100\" srcset=\"https:\/\/www.radiopiu.net\/wordpress\/wp-content\/uploads\/2018\/09\/sport.jpg 800w, https:\/\/www.radiopiu.net\/wordpress\/wp-content\/uploads\/2018\/09\/sport-300x38.jpg 300w, https:\/\/www.radiopiu.net\/wordpress\/wp-content\/uploads\/2018\/09\/sport-768x96.jpg 768w\" sizes=\"auto, (max-width: 800px) 100vw, 800px\" \/><\/p>\n<p>&nbsp;<\/p>\n<p><span style=\"color: #0000ff;\"><strong>HOCKEY SU GHIACCIO<\/strong><\/span><\/p>\n<blockquote>\n<h3>ALLEGHE A PERGINE PER SFIDARE I NEOVINCITORI DELLA COPPA ITALIA<\/h3>\n<\/blockquote>\n<p><strong><a class=\"dt-pswp-item\" href=\"https:\/\/www.radiopiu.net\/wordpress\/wp-content\/uploads\/2024\/01\/ALLEGHE-2023-24.jpeg\" data-dt-img-description=\"\" data-large_image_width=\"2560\" data-large_image_height=\"1703\"><img loading=\"lazy\" decoding=\"async\" class=\" wp-image-368494 alignleft\" src=\"https:\/\/www.radiopiu.net\/wordpress\/wp-content\/uploads\/2024\/01\/ALLEGHE-2023-24-300x200.jpeg\" alt=\"\" width=\"206\" height=\"137\" srcset=\"https:\/\/www.radiopiu.net\/wordpress\/wp-content\/uploads\/2024\/01\/ALLEGHE-2023-24-300x200.jpeg 300w, https:\/\/www.radiopiu.net\/wordpress\/wp-content\/uploads\/2024\/01\/ALLEGHE-2023-24-1024x681.jpeg 1024w, https:\/\/www.radiopiu.net\/wordpress\/wp-content\/uploads\/2024\/01\/ALLEGHE-2023-24-768x511.jpeg 768w, https:\/\/www.radiopiu.net\/wordpress\/wp-content\/uploads\/2024\/01\/ALLEGHE-2023-24-1536x1022.jpeg 1536w, https:\/\/www.radiopiu.net\/wordpress\/wp-content\/uploads\/2024\/01\/ALLEGHE-2023-24-2048x1362.jpeg 2048w\" sizes=\"auto, (max-width: 206px) 100vw, 206px\" \/><\/a>DI ROBERTO MIANA, PORTAVOCE DELL\u2019ALLEGHE HOCKEY<\/strong><\/p>\n<p>Quarta giornata del Master Round IHL di hockey su ghiaccio. Gioved\u00ec 25 gennaio alle 20:30 l\u2019Alleghe gioca a Pergine. Le Civette, dopo il turno di riposo e la pausa da spettatrici per lo svolgimento della Final Four di Coppa Italia, si rituffano nella seconda fase del campionato affrontando la squadra pi\u00f9 in forma del momento: il Pergine, fresco vincitore della coppa nazionale conquistata nel fine settimana battendo il Caldaro in finale, dopo una gara che ha messo in evidenza la grande forza e solidit\u00e0 della squadra trentina. Alleghe che non ha ancora assaporato il gusto della vittoria nelle prime due giornate di questo master round, nonostante che contro Varese e Caldaro i Biancorossi abbiano giocato buone gare, perse per dettagli o episodi sfortunati. Nel campionato IHL, nei 29 precedenti tra Alleghe e Pergine, si contano 13 vittorie delle Civette, un pareggio e 15 affermazioni delle Linci. Nelle gare di regular season di questa stagione si sono registrate due vittorie dei Valsuganotti: 3-2 in Trentino e 3-2 agli shootout ad Alleghe.<\/p>\n<p><strong>HOCKEY PERGINE SAPIENS &#8211; ALLEGHE HOCKEY <\/strong>Gioved\u00ec 25 Gennaio ore 20:30 &#8211; Palaghiaccio di Pergine Valsugana (TN)<br \/>\nArbitri: Fabio Tirelli e Turo Samuel Virta con giudici di linea Thomas Formaioni e Martin Mair. Collegamenti in\u00a0DIRETTA RADIOFONICA\u00a0su Radio Pi\u00f9 (www.radiopiu.net) con \u201cHockey al punto giusto\u201d, in studio Marco Gaz e da Pergine interventi di Federico Paganin<\/p>\n<p>&nbsp;<\/p>\n<blockquote>\n<h3>FELTRE IN CAMPO PER IL QUALIFICATION ROUND<\/h3>\n<\/blockquote>\n<p>Stasera in campo anche il Feltre che dovr\u00e0 affrontare una trasferta in terra trentina per giocare contro il Fiemme. A Cavalese il big match del girone di qualificazione. Le due compagini sono staccate di soli 2 punti. In testa i picchi e subito dietro il Fiemme. Una sfida importante anche per il futuro delle due formazioni in una classifica corta dove solo 3 delle 6 squadre in lotta per accedere alla fase finale strapperanno il pass per i quarti di finale.<\/p>\n<p><strong>CLASSIFICA MASTER ROUND<\/strong> Varese 22, Pergine 21, Caldaro 19, Appiano 13, Alleghe 12.<\/p>\n<p><strong>CLASSIFICA QUALIFICATION ROUND<\/strong> Feltre 18, Fiemme 16, Como 13, Bressanone 9, Valpellice 6, Dobbiaco 3.<\/p>\n<p><span style=\"color: #ff0000;\"><strong>SQUADRE BELLUNESI IN CAMPO STASERA<\/strong><\/span> a Pergine Pergine &#8211; Alleghe e a Cavalese Fiemme &#8211; Feltre. Ingaggio alle 20:30<\/p>\n<p>&nbsp;<\/p>\n<blockquote>\n<h3>IL CORTINA\/ALLEGHE UNDER 16 FA UN SOL BOCCONE DEL RENON<\/h3>\n<\/blockquote>\n<p><strong><a class=\"dt-pswp-item\" href=\"https:\/\/www.radiopiu.net\/wordpress\/wp-content\/uploads\/2023\/10\/hockey.jpg\" data-dt-img-description=\"\" data-large_image_width=\"1280\" data-large_image_height=\"961\"><img loading=\"lazy\" decoding=\"async\" class=\" wp-image-359038 alignleft\" src=\"https:\/\/www.radiopiu.net\/wordpress\/wp-content\/uploads\/2023\/10\/hockey-300x225.jpg\" alt=\"\" width=\"173\" height=\"130\" srcset=\"https:\/\/www.radiopiu.net\/wordpress\/wp-content\/uploads\/2023\/10\/hockey-300x225.jpg 300w, https:\/\/www.radiopiu.net\/wordpress\/wp-content\/uploads\/2023\/10\/hockey-1024x769.jpg 1024w, https:\/\/www.radiopiu.net\/wordpress\/wp-content\/uploads\/2023\/10\/hockey-768x577.jpg 768w, https:\/\/www.radiopiu.net\/wordpress\/wp-content\/uploads\/2023\/10\/hockey.jpg 1280w\" sizes=\"auto, (max-width: 173px) 100vw, 173px\" \/><\/a><span style=\"color: #ff0000;\">UNDER 16<\/span><\/strong><\/p>\n<p><strong>CORTINA\/ALLEGHE &#8211; RENON 7-1<\/strong><\/p>\n<p>GOL CORTINA\/ALLEGHE: Alver\u00e0, Viel, Rosson, Fontanive, Evangelisti, Schiavon, Levis<\/p>\n<p>Tutto facile per il Cortina\/Alleghe Under 16 che nel turno infrasettimanale di campionato rifila 7 reti al Renon subendone solo una. Ad aprire le marcature ci pensa Alver\u00e0. Viel mette la firma sul 2 a 0 della squadra bellunese. Nel secondo drittel Rosson incrementa il vantaggio e Fontanive cala il poker. Accorciano le distanze gli altoatesini ma nel terzo tempo Evangelisti, Schiavon e Levis chiudono definitivamente la partita consegnando 3 punti importanti per mantenere il secondo posto in classifica nel Master Round del campionato.<\/p>\n","protected":false},"excerpt":{"rendered":"<p>*** &nbsp; 40esimo di RADIOPIU\u2026. LA VOCE DELL\u2019EMOZIONE ISCRIVITI AL NOSTRO CANALE\u00a0\u00a0YOUTUBE PER SEGUIRE IN DIRETTA I PRINCIPALI PROGRAMMI DI RADIO PIU\u2019 E LE FUTURE DIRETTE IN ESTERNA. PER ISCRIVERTI CLICCA QUI\u00a0E PREMI\u00a0 \u201cIscriviti\u201d\u00a0 \u00a0 &nbsp; &nbsp; I podcast informativi del mattino &#8211; audio &#8211;\u00a0 LA RASSEGNA STAMPA NAZIONALE ALLA RADIO, OGNI GIORNO ALLE 5&hellip;<\/p>\n","protected":false},"author":4,"featured_media":371378,"comment_status":"closed","ping_status":"closed","sticky":false,"template":"","format":"standard","meta":{"_monsterinsights_skip_tracking":false,"_monsterinsights_sitenote_active":false,"_monsterinsights_sitenote_note":"","_monsterinsights_sitenote_category":0,"footnotes":""},"categories":[51,86,49],"tags":[],"class_list":["post-371229","post","type-post","status-publish","format-standard","has-post-thumbnail","hentry","category-evidenza-top","category-gr","category-news-18","category-51","category-86","category-49","description-off"],"img_url":"https:\/\/www.radiopiu.net\/wordpress\/wp-content\/uploads\/2024\/01\/velox.png","_links":{"self":[{"href":"https:\/\/www.radiopiu.net\/wordpress\/wp-json\/wp\/v2\/posts\/371229","targetHints":{"allow":["GET"]}}],"collection":[{"href":"https:\/\/www.radiopiu.net\/wordpress\/wp-json\/wp\/v2\/posts"}],"about":[{"href":"https:\/\/www.radiopiu.net\/wordpress\/wp-json\/wp\/v2\/types\/post"}],"author":[{"embeddable":true,"href":"https:\/\/www.radiopiu.net\/wordpress\/wp-json\/wp\/v2\/users\/4"}],"replies":[{"embeddable":true,"href":"https:\/\/www.radiopiu.net\/wordpress\/wp-json\/wp\/v2\/comments?post=371229"}],"version-history":[{"count":0,"href":"https:\/\/www.radiopiu.net\/wordpress\/wp-json\/wp\/v2\/posts\/371229\/revisions"}],"wp:featuredmedia":[{"embeddable":true,"href":"https:\/\/www.radiopiu.net\/wordpress\/wp-json\/wp\/v2\/media\/371378"}],"wp:attachment":[{"href":"https:\/\/www.radiopiu.net\/wordpress\/wp-json\/wp\/v2\/media?parent=371229"}],"wp:term":[{"taxonomy":"category","embeddable":true,"href":"https:\/\/www.radiopiu.net\/wordpress\/wp-json\/wp\/v2\/categories?post=371229"},{"taxonomy":"post_tag","embeddable":true,"href":"https:\/\/www.radiopiu.net\/wordpress\/wp-json\/wp\/v2\/tags?post=371229"}],"curies":[{"name":"wp","href":"https:\/\/api.w.org\/{rel}","templated":true}]}}