{"id":371255,"date":"2024-01-24T05:33:19","date_gmt":"2024-01-24T04:33:19","guid":{"rendered":"https:\/\/www.radiopiu.net\/wordpress\/?p=371255"},"modified":"2024-01-24T07:53:05","modified_gmt":"2024-01-24T06:53:05","slug":"le-ragioni-di","status":"publish","type":"post","link":"https:\/\/www.radiopiu.net\/wordpress\/le-ragioni-di\/","title":{"rendered":"\u00a0LE RAGIONI DI VALPE, &#8220;Affermazioni lesive&#8221;"},"content":{"rendered":"<blockquote><p>***<\/p><\/blockquote>\n<blockquote>\n<h3><\/h3>\n<\/blockquote>\n<p><strong><a class=\"dt-pswp-item\" href=\"https:\/\/www.radiopiu.net\/wordpress\/wp-content\/uploads\/2021\/09\/contenitori_1-scaled.jpg\" data-dt-img-description=\"\" data-large_image_width=\"2560\" data-large_image_height=\"1920\"><img loading=\"lazy\" decoding=\"async\" class=\"wp-image-233388 alignleft\" src=\"https:\/\/www.radiopiu.net\/wordpress\/wp-content\/uploads\/2021\/09\/contenitori_1-300x225.jpg\" alt=\"\" width=\"180\" height=\"135\" srcset=\"https:\/\/www.radiopiu.net\/wordpress\/wp-content\/uploads\/2021\/09\/contenitori_1-300x225.jpg 300w, https:\/\/www.radiopiu.net\/wordpress\/wp-content\/uploads\/2021\/09\/contenitori_1-1024x768.jpg 1024w, https:\/\/www.radiopiu.net\/wordpress\/wp-content\/uploads\/2021\/09\/contenitori_1-768x576.jpg 768w, https:\/\/www.radiopiu.net\/wordpress\/wp-content\/uploads\/2021\/09\/contenitori_1-1536x1152.jpg 1536w, https:\/\/www.radiopiu.net\/wordpress\/wp-content\/uploads\/2021\/09\/contenitori_1-2048x1536.jpg 2048w\" sizes=\"auto, (max-width: 180px) 100vw, 180px\" \/><\/a>FALCADE<\/strong> Ieri su altra stampa Cesare Rizzi da Falcade aveva criticato Valpe per la distribuzione degli eco calendari. Prima di appesantire le critiche sarebbe stato opportuno informarsi semplicemente ascoltando le radio,\u00a0 leggendo un giornale, il sito ufficiale. Invece no. Rizzi \u00e8 andato gi\u00f9 pesante e Valpe risponde diplomaticamente<em> &#8220;Affermazioni errate e lesive &#8211; dice Valpe &#8211; i calendari sono in distribuzione e arrivano a domicilio a tutte le utenze (come ripetiamo da settimane anche noi in radio). Informazioni peraltro on line non da oggi&#8230; ma da met\u00e0 dicembre. Oggi vengono divulgate su 3 stazioni radiofoniche&#8221;<\/em><\/p>\n<p><span style=\"color: #ff0000;\"><strong>DALL&#8217;ARCHIVIO DI RADIOPIU GLI ECOCALENDARI PER ZONA, FACILMENTE RAGGIUNGIBILI CLICCANDO IL LINK DI COLORE ROSSO<\/strong><\/span><\/p>\n<p>&nbsp;<\/p>\n<hr \/>\n<h1><span style=\"color: #ff0000;\">\u00a0<\/span><\/h1>\n<h1><span style=\"color: #ff0000;\">archivio 3 GENNAIO 2024<\/span><\/h1>\n<p><strong><a class=\"dt-pswp-item\" href=\"https:\/\/www.radiopiu.net\/wordpress\/wp-content\/uploads\/2021\/10\/VALPE.png\" data-dt-img-description=\"\" data-large_image_width=\"800\" data-large_image_height=\"400\"><img loading=\"lazy\" decoding=\"async\" class=\" wp-image-236977 alignleft\" src=\"https:\/\/www.radiopiu.net\/wordpress\/wp-content\/uploads\/2021\/10\/VALPE-300x150.png\" alt=\"\" width=\"192\" height=\"96\" srcset=\"https:\/\/www.radiopiu.net\/wordpress\/wp-content\/uploads\/2021\/10\/VALPE-300x150.png 300w, https:\/\/www.radiopiu.net\/wordpress\/wp-content\/uploads\/2021\/10\/VALPE-768x384.png 768w, https:\/\/www.radiopiu.net\/wordpress\/wp-content\/uploads\/2021\/10\/VALPE.png 800w\" sizes=\"auto, (max-width: 192px) 100vw, 192px\" \/><\/a>REDAZIONE<\/strong> Gli ecocalendari di Valpe Ambiente vengono recapiti a domicilio e sono gi\u00e0 scaricabili dal sito ufficiale di Valpe. Un modo per averli sempre a portata di mano sul proprio PC o smartphone. Sono due le versioni rese disponibili: la prima \u00e8 la versione estesa composta da 36 pagine dove ognuno pu\u00f2 stampare i mesi che gli interessano. La seconda \u00e8 la versione sintetica, simile a quella che negli scorsi anni \u00e8 stata inviata a casa con la posta. In base alle esigenze della persona si pu\u00f2 scegliere quale versione stampare o salvare sul proprio dispositivo ed avere sempre sotto mano le giornate in cui portare davanti casa i vari bidoni della raccolta differenziata. In attesa dell&#8217;arrivo dell&#8217;ecocalendario, le date sono consultabili sul sito di Valpe Ambiente.<\/p>\n<p>Per aiutare i nostri ascoltatori, lasciamo di seguito i link per poter scaricare il calendario di proprio interesse:<\/p>\n<p><strong>I CALENDARI DELL&#8217;UNIONE MONTANA AGORDINA <a href=\"https:\/\/valpeambiente.it\/p\/gestione-rifiuti\/calendari\/calendari-uma\">CLICCA QUI<\/a><\/strong><\/p>\n<p><strong>I CALENDARI DEL COMUNE DI SEDICO <a href=\"https:\/\/valpeambiente.it\/p\/gestione-rifiuti\/calendari\/calendario-sedico\">CLICCA QUI<\/a><\/strong><\/p>\n<p><strong>I CALENDARI DELL&#8217;AREA FELTRINA <a href=\"https:\/\/valpeambiente.it\/p\/gestione-rifiuti\/calendari\/calendari-feltrino\">CLICCA QUI<\/a><\/strong><\/p>\n<p><strong>I CALENDARI DELL&#8217;UNONE MONTANA VALLE DEL BOITE <a href=\"https:\/\/valpeambiente.it\/p\/gestione-rifiuti\/calendari\/calendari-valle-del-boite\">CLICCA QUI<\/a><\/strong><\/p>\n<p>&nbsp;<\/p>\n<p>__<\/p>\n","protected":false},"excerpt":{"rendered":"<p>*** FALCADE Ieri su altra stampa Cesare Rizzi da Falcade aveva criticato Valpe per la distribuzione degli eco calendari. Prima di appesantire le critiche sarebbe stato opportuno informarsi semplicemente ascoltando le radio,\u00a0 leggendo un giornale, il sito ufficiale. Invece no. Rizzi \u00e8 andato gi\u00f9 pesante e Valpe risponde diplomaticamente &#8220;Affermazioni errate e lesive &#8211; dice&hellip;<\/p>\n","protected":false},"author":4,"featured_media":65542,"comment_status":"closed","ping_status":"closed","sticky":false,"template":"","format":"standard","meta":{"_monsterinsights_skip_tracking":false,"_monsterinsights_sitenote_active":false,"_monsterinsights_sitenote_note":"","_monsterinsights_sitenote_category":0,"footnotes":""},"categories":[104,49],"tags":[],"class_list":["post-371255","post","type-post","status-publish","format-standard","has-post-thumbnail","hentry","category-evidenza_3","category-news-18","category-104","category-49","description-off"],"img_url":"https:\/\/www.radiopiu.net\/wordpress\/wp-content\/uploads\/2018\/10\/logo-valpe-verticale.jpg","_links":{"self":[{"href":"https:\/\/www.radiopiu.net\/wordpress\/wp-json\/wp\/v2\/posts\/371255","targetHints":{"allow":["GET"]}}],"collection":[{"href":"https:\/\/www.radiopiu.net\/wordpress\/wp-json\/wp\/v2\/posts"}],"about":[{"href":"https:\/\/www.radiopiu.net\/wordpress\/wp-json\/wp\/v2\/types\/post"}],"author":[{"embeddable":true,"href":"https:\/\/www.radiopiu.net\/wordpress\/wp-json\/wp\/v2\/users\/4"}],"replies":[{"embeddable":true,"href":"https:\/\/www.radiopiu.net\/wordpress\/wp-json\/wp\/v2\/comments?post=371255"}],"version-history":[{"count":0,"href":"https:\/\/www.radiopiu.net\/wordpress\/wp-json\/wp\/v2\/posts\/371255\/revisions"}],"wp:featuredmedia":[{"embeddable":true,"href":"https:\/\/www.radiopiu.net\/wordpress\/wp-json\/wp\/v2\/media\/65542"}],"wp:attachment":[{"href":"https:\/\/www.radiopiu.net\/wordpress\/wp-json\/wp\/v2\/media?parent=371255"}],"wp:term":[{"taxonomy":"category","embeddable":true,"href":"https:\/\/www.radiopiu.net\/wordpress\/wp-json\/wp\/v2\/categories?post=371255"},{"taxonomy":"post_tag","embeddable":true,"href":"https:\/\/www.radiopiu.net\/wordpress\/wp-json\/wp\/v2\/tags?post=371255"}],"curies":[{"name":"wp","href":"https:\/\/api.w.org\/{rel}","templated":true}]}}