{"id":371274,"date":"2024-01-24T07:55:29","date_gmt":"2024-01-24T06:55:29","guid":{"rendered":"https:\/\/www.radiopiu.net\/wordpress\/?p=371274"},"modified":"2024-01-24T08:44:42","modified_gmt":"2024-01-24T07:44:42","slug":"dal-1983-ogni-giorno-alle-otto-del-mattino-la-rassegna-stampa-di-radiopiu","status":"publish","type":"post","link":"https:\/\/www.radiopiu.net\/wordpress\/dal-1983-ogni-giorno-alle-otto-del-mattino-la-rassegna-stampa-di-radiopiu\/","title":{"rendered":"DAL 1983 OGNI GIORNO ALLE OTTO DEL MATTINO LA RASSEGNA STAMPA DI RADIOPIU"},"content":{"rendered":"<p>++<\/p>\n<p>&nbsp;<\/p>\n<p><iframe loading=\"lazy\" title=\"DAL 1983 LA RASSEGNA STAMPA LOCALE di mirko mezzacasa. L&#039;ORIGINALE\" width=\"1200\" height=\"675\" src=\"https:\/\/www.youtube.com\/embed\/iNGagAAELAI?feature=oembed\" frameborder=\"0\" allow=\"accelerometer; autoplay; clipboard-write; encrypted-media; gyroscope; picture-in-picture; web-share\" allowfullscreen><\/iframe><\/p>\n<p>&nbsp;<\/p>\n<p><strong>OGGI SCIOPERO<\/strong> nazionale\u00a0 TRASPORTI. PREVEDE LA GARANZIA DEL SERVIZIO NELLE SEGUENTI FASCE ORARIE DALLE 5:40 ALLE\u00a0 8:09 e DALLE\u00a0 12:10 ALLE\u00a0 15:39<br \/>\n<strong>TEST IN PUSTERIA,<\/strong> POSSIBILI SCONFINAMENTI DI &#8220;SEGNALI&#8221; SUI TELEFONI A LIVINALLONGO E ZONE LIMITROFE,\u00a0 DOMANI DALLE 12 ALLE 13<br \/>\n<strong>AUTONOMIA<\/strong>: IN SENATO APPROVATO IL PRIMO PASSO VENEZIA Il Presidente della Regione del Veneto, Luca Zaia, ha accolto con favore il voto favorevole di Palazzo Madama al disegno di legge sull&#8217;autonomia differenziata, considerandolo un passo fondamentale verso il rinnovamento del Paese.<br \/>\n<strong>LA PISTA<\/strong> SI FARA&#8217;, APPALTO ALLA PIZZAROTTI E SI AGGIUNGONO ALTRI EVENTI INTERNAZIONALICORTINA La Societ\u00e0 infrastrutture Milano Cortina 2026 (Simico) ha individuato l&#8217;operatore economico, l&#8217;impresa Pizzarotti, per la realizzazione dell&#8217;impianto di Cortina destinato alle gare di bob, slittino e skeleton dei Giochi olimpici invernali 2026<br \/>\n<strong>LENTIAI<\/strong> Ieri mattina, nel centro di Lentiai, i vigili del fuoco di Feltre sono intervenuti nello studio di un geometra in piazza Crivellaro a causa di un principio di incendio. L&#8217;incidente ha reso gli uffici inaccessibili.<br \/>\n<strong>BELLUNO<\/strong> Silvano Meneghel, 90 anni, noto antiquario e restauratore, ci ha lasciato a causa di una malattia incurabile. I funerali domani pomeriggio alle 15 a Cavarzano.<br \/>\n<strong>TAIBON<\/strong> Anche Franco ci ha lasciato&#8230; tanti bei ricordi ci ha lasciato, un insegnamento di padre di famiglia e di famiglia dedita al lavoro. Franco De Col\u00f2, o molto pi\u00f9 semplicemente &#8220;el Franco Tit\u00f2t&#8221;. Emigrante in paesi sconosciuti in tempi diversi, padre di\u00a0 5 figli e di Miranda, non si \u00e8 fatto mancare nulla il Francone, anche due gemelli.<br \/>\nLE RAGIONI DI VALPE &#8220;affermazioni lesive&#8221;<br \/>\n<strong>TAIBON<\/strong> La trattativa tra sindacati e ASCA per il passaggio del personale della Casa di Soggiorno di Taibon si \u00e8 conclusa. L&#8217;accordo prevede la garanzia del posto di lavoro, con l&#8217;assunzione del personale &#8220;socio-sanitario&#8221; il 1\u00b0 febbraio e la successiva assunzione a tempo indeterminato per il resto del personale. Si garantisce anche il mantenimento del livello economico.<br \/>\n<strong>BELLUNO<\/strong> Via libera del consiglio provinciale alla variante di Longarone, ma la scelta \u2013 quasi costretta \u2013 ha fatto discutere non poco i consiglieri in aula.<br \/>\n<strong>BELLUNO<\/strong> Il consiglio provinciale ha visto anche un \u201ccambio della guardia\u201d tra le fila dei consiglieri: dopo nove anni a Palazzo Piloni saluta Serenella Bogana, al suo posto Massimo Bortoluzzi.<br \/>\n<strong>VENEZIA<\/strong> Il Consiglio Regionale del Veneto ha approvato una modifica alla legge sul trasporto pubblico locale, consentendo alle aziende del tpl di ampliare la rete del personale dedicato all&#8217;accertamento e contestazione delle sanzioni agli utenti.<br \/>\n<strong>BELLUNO\u00a0<\/strong> Il Sindaco Oscar De Pellegrin e l&#8217;Assessore alla Cultura Raffaele Addamiano hanno accolto il giovane pianista bellunese Giacomo Menegardi a Palazzo Rosso. Congratulazioni per i suoi successi nei concorsi nazionali e internazionali, incluso il &#8220;Concorso Musicale Citt\u00e0 di Belluno&#8221;.<br \/>\n<strong>BELLUNO<\/strong> Lorraine Berton, presidente di Confindustria Belluno Dolomiti, chiede la riapertura sicura e tempestiva della strada statale 47 della Valsugana<br \/>\n<strong>SABATO<\/strong> A SAN TOMASO CON L&#8217;ASSOCIAZIONE ORTI RUPESTRI. &#8220;IL FAGIOLO&#8221; lo speciale oggi alle 13.10 alla radio OSPITI Moreno De Val, Maria Jos\u00e8 Gaiardo e Renato Da Ronch<br \/>\n<strong>COLLE SANTA LUCIA<\/strong> Il sindaco di Colle Santa Lucia Paolo Frena ha convocato i consiglieri comunali per sabato alle 8.<br \/>\n<strong>PIEVE DI CADORE<\/strong> Venerdi alle 18 per iniziativa del locale Lions Club, incontro &#8220;Sete d&#8217;Africa&#8221; con l&#8217;agordino Roberto&#8217; Sorama\u00e8 che l&#8217;Africa l&#8217;ha conosciuta come turista e poi con diverse esperienze a sfondo umanitario. &#8220;Sette viaggi in Africa, 4 in Etipioa e scopri la ricchezza di ci\u00f2 che possiedi&#8221; dice Roberto.<\/p>\n<p>&nbsp;<\/p>\n<p>&nbsp;<\/p>\n<p>&nbsp;<\/p>\n<p>&nbsp;<\/p>\n<p>&nbsp;<\/p>\n<p>&nbsp;<\/p>\n<p>&nbsp;<\/p>\n","protected":false},"excerpt":{"rendered":"<p>++ &nbsp; &nbsp; OGGI SCIOPERO nazionale\u00a0 TRASPORTI. PREVEDE LA GARANZIA DEL SERVIZIO NELLE SEGUENTI FASCE ORARIE DALLE 5:40 ALLE\u00a0 8:09 e DALLE\u00a0 12:10 ALLE\u00a0 15:39 TEST IN PUSTERIA, POSSIBILI SCONFINAMENTI DI &#8220;SEGNALI&#8221; SUI TELEFONI A LIVINALLONGO E ZONE LIMITROFE,\u00a0 DOMANI DALLE 12 ALLE 13 AUTONOMIA: IN SENATO APPROVATO IL PRIMO PASSO VENEZIA Il Presidente della&hellip;<\/p>\n","protected":false},"author":4,"featured_media":371265,"comment_status":"closed","ping_status":"closed","sticky":false,"template":"","format":"standard","meta":{"_monsterinsights_skip_tracking":false,"_monsterinsights_sitenote_active":false,"_monsterinsights_sitenote_note":"","_monsterinsights_sitenote_category":0,"footnotes":""},"categories":[104,49,142],"tags":[],"class_list":["post-371274","post","type-post","status-publish","format-standard","has-post-thumbnail","hentry","category-evidenza_3","category-news-18","category-rassegna-stampa","category-104","category-49","category-142","description-off"],"img_url":"https:\/\/www.radiopiu.net\/wordpress\/wp-content\/uploads\/2024\/01\/copertina-7.png","_links":{"self":[{"href":"https:\/\/www.radiopiu.net\/wordpress\/wp-json\/wp\/v2\/posts\/371274","targetHints":{"allow":["GET"]}}],"collection":[{"href":"https:\/\/www.radiopiu.net\/wordpress\/wp-json\/wp\/v2\/posts"}],"about":[{"href":"https:\/\/www.radiopiu.net\/wordpress\/wp-json\/wp\/v2\/types\/post"}],"author":[{"embeddable":true,"href":"https:\/\/www.radiopiu.net\/wordpress\/wp-json\/wp\/v2\/users\/4"}],"replies":[{"embeddable":true,"href":"https:\/\/www.radiopiu.net\/wordpress\/wp-json\/wp\/v2\/comments?post=371274"}],"version-history":[{"count":0,"href":"https:\/\/www.radiopiu.net\/wordpress\/wp-json\/wp\/v2\/posts\/371274\/revisions"}],"wp:featuredmedia":[{"embeddable":true,"href":"https:\/\/www.radiopiu.net\/wordpress\/wp-json\/wp\/v2\/media\/371265"}],"wp:attachment":[{"href":"https:\/\/www.radiopiu.net\/wordpress\/wp-json\/wp\/v2\/media?parent=371274"}],"wp:term":[{"taxonomy":"category","embeddable":true,"href":"https:\/\/www.radiopiu.net\/wordpress\/wp-json\/wp\/v2\/categories?post=371274"},{"taxonomy":"post_tag","embeddable":true,"href":"https:\/\/www.radiopiu.net\/wordpress\/wp-json\/wp\/v2\/tags?post=371274"}],"curies":[{"name":"wp","href":"https:\/\/api.w.org\/{rel}","templated":true}]}}