{"id":371318,"date":"2024-01-25T05:33:53","date_gmt":"2024-01-25T04:33:53","guid":{"rendered":"https:\/\/www.radiopiu.net\/wordpress\/?p=371318"},"modified":"2024-01-25T06:18:38","modified_gmt":"2024-01-25T05:18:38","slug":"completati-gli-interventi-relativi-alla-ciclopedonale-di-feltre-su-via-prati-e-via-bentivoglio","status":"publish","type":"post","link":"https:\/\/www.radiopiu.net\/wordpress\/completati-gli-interventi-relativi-alla-ciclopedonale-di-feltre-su-via-prati-e-via-bentivoglio\/","title":{"rendered":"COMPLETATI GLI INTERVENTI RELATIVI ALLA CICLOPEDONALE DI FELTRE SU VIA PRATI E VIA BENTIVOGLIO"},"content":{"rendered":"<p>*****<\/p>\n<p>&nbsp;<\/p>\n<p><strong>FELTRE <\/strong>Si sono conclusi nei giorni scorsi, con l\u2019ultimazione delle opere accessorie, gli interventi legati alla realizzazione della pista ciclo-pedonale su via Prati e via Bentivoglio, nella zona a nord dell\u2019ospedale civile \u201cSanta Maria del Prato\u201d. \u201cIl fatto di aver concluso le opere di protezione dell\u2019area riservata a pedoni e ciclisti rispetto alla carreggiata, ci ha consentito di ripristinare il limite di velocit\u00e0 delle auto in transito a 50 chilometri orari (come previsto dal P.G.T.U.), rispetto ai precedenti 30 km\/h, che rimangono soltanto nel tratto di intersezione tra via Segusini e via Boscariz\u201d, sottolinea il comandante della Polizia Locale di Feltre Rudolf Alban che ha firmato le relative ordinanze. \u00a0Nei prossimi giorni &#8211; prosegue Alban \u2013 gli uffici comunali predisporranno anche le ultime modifiche alla segnaletica, adeguandola alle nuove disposizioni\u201d. La partita sulla viabilit\u00e0 nell\u2019area del quartiere del Boscariz non \u00e8 peraltro terminata. \u201cNei prossimi mesi, non appena ci saranno le condizioni per dare avvio alla nuova tranche di asfaltature, interverremo anche su via Segusini, la traversa che taglia il quartiere in senso longitudinale\u201d, aggiunge l\u2019assessore ai lavori pubblici e alle manutenzioni del Comune di Feltre Andrea Bona. Il fondo stradale denota da anni pesanti segni di usura, dovuti sia al traffico intenso che agli effetti del gelo, che hanno creato numerose buche, di tempo in tempo rattoppate. L\u2019intenzione dell\u2019Amministrazione, prosegue Bona, \u00e8 quella di asfaltare integralmente la carreggiata, cos\u00ec da realizzare una corsia completamente rinnovata dall\u2019innesto di Farra sino all\u2019uscita, nei pressi della rotatoria dei Vigili del Fuoco. Per questo motivo, conclude l\u2019assessore, nelle scorse settimane \u00e8 stata realizzata su via Segusini una segnaletica orizzontale provvisoria (di colore giallo), che sar\u00e0 sostituita da quella definitiva non appena verr\u00e0 completata l\u2019asfaltatura. Questo periodo \u201cdi prova\u201d ci sar\u00e0 inoltre molto utile per testare l\u2019adeguatezza dei nuovi stalli di sosta realizzati lungo la strada per dare una risposta alle richieste giunte sia dai residenti che dalle attivit\u00e0 economiche presenti in zona.\u201d.<\/p>\n\n\t\t\t<style type='text\/css'>\n\t\t\t\t#gallery-1 {\n\t\t\t\t\tmargin: auto;\n\t\t\t\t}\n\t\t\t\t#gallery-1 .gallery-item {\n\t\t\t\t\tfloat: left;\n\t\t\t\t\tmargin-top: 10px;\n\t\t\t\t\ttext-align: center;\n\t\t\t\t\twidth: 50%;\n\t\t\t\t}\n\t\t\t\t#gallery-1 img {\n\t\t\t\t\tborder: 2px solid #cfcfcf;\n\t\t\t\t}\n\t\t\t\t#gallery-1 .gallery-caption {\n\t\t\t\t\tmargin-left: 0;\n\t\t\t\t}\n\t\t\t\t\/* see gallery_shortcode() in wp-includes\/media.php *\/\n\t\t\t<\/style>\n\t\t<div id='gallery-1' class='dt-gallery-container gallery galleryid-371318 gallery-columns-2 gallery-size-medium'><dl class='gallery-item'>\n\t\t\t\t<dt class='gallery-icon landscape'>\n\t\t\t\t\t<a class=\"rollover rollover-zoom dt-pswp-item\" title=\"Via Bentivoglio\" data-dt-img-description=\"\" data-large_image_width=\"1920\" data-large_image_height=\"1080\"href='https:\/\/www.radiopiu.net\/wordpress\/wp-content\/uploads\/2024\/01\/Via-Bentivoglio.jpg'><img loading=\"lazy\" decoding=\"async\" width=\"300\" height=\"169\" src=\"https:\/\/www.radiopiu.net\/wordpress\/wp-content\/uploads\/2024\/01\/Via-Bentivoglio-300x169.jpg\" class=\"attachment-medium size-medium\" alt=\"\" srcset=\"https:\/\/www.radiopiu.net\/wordpress\/wp-content\/uploads\/2024\/01\/Via-Bentivoglio-300x169.jpg 300w, https:\/\/www.radiopiu.net\/wordpress\/wp-content\/uploads\/2024\/01\/Via-Bentivoglio-1024x576.jpg 1024w, https:\/\/www.radiopiu.net\/wordpress\/wp-content\/uploads\/2024\/01\/Via-Bentivoglio-768x432.jpg 768w, https:\/\/www.radiopiu.net\/wordpress\/wp-content\/uploads\/2024\/01\/Via-Bentivoglio-1536x864.jpg 1536w, https:\/\/www.radiopiu.net\/wordpress\/wp-content\/uploads\/2024\/01\/Via-Bentivoglio.jpg 1920w\" sizes=\"auto, (max-width: 300px) 100vw, 300px\" \/><\/a>\n\t\t\t\t<\/dt><\/dl><dl class='gallery-item'>\n\t\t\t\t<dt class='gallery-icon landscape'>\n\t\t\t\t\t<a class=\"rollover rollover-zoom dt-pswp-item\" title=\"Via Bentivoglio particolare\" data-dt-img-description=\"\" data-large_image_width=\"1920\" data-large_image_height=\"1080\"href='https:\/\/www.radiopiu.net\/wordpress\/wp-content\/uploads\/2024\/01\/Via-Bentivoglio-particolare.jpg'><img loading=\"lazy\" decoding=\"async\" width=\"300\" height=\"169\" src=\"https:\/\/www.radiopiu.net\/wordpress\/wp-content\/uploads\/2024\/01\/Via-Bentivoglio-particolare-300x169.jpg\" class=\"attachment-medium size-medium\" alt=\"\" srcset=\"https:\/\/www.radiopiu.net\/wordpress\/wp-content\/uploads\/2024\/01\/Via-Bentivoglio-particolare-300x169.jpg 300w, https:\/\/www.radiopiu.net\/wordpress\/wp-content\/uploads\/2024\/01\/Via-Bentivoglio-particolare-1024x576.jpg 1024w, https:\/\/www.radiopiu.net\/wordpress\/wp-content\/uploads\/2024\/01\/Via-Bentivoglio-particolare-768x432.jpg 768w, https:\/\/www.radiopiu.net\/wordpress\/wp-content\/uploads\/2024\/01\/Via-Bentivoglio-particolare-1536x864.jpg 1536w, https:\/\/www.radiopiu.net\/wordpress\/wp-content\/uploads\/2024\/01\/Via-Bentivoglio-particolare.jpg 1920w\" sizes=\"auto, (max-width: 300px) 100vw, 300px\" \/><\/a>\n\t\t\t\t<\/dt><\/dl><br style=\"clear: both\" \/>\n\t\t\t<\/div>\n\n<p>&nbsp;<\/p>\n<p>&nbsp;<\/p>\n<p>******<\/p>\n","protected":false},"excerpt":{"rendered":"<p>***** &nbsp; FELTRE Si sono conclusi nei giorni scorsi, con l\u2019ultimazione delle opere accessorie, gli interventi legati alla realizzazione della pista ciclo-pedonale su via Prati e via Bentivoglio, nella zona a nord dell\u2019ospedale civile \u201cSanta Maria del Prato\u201d. \u201cIl fatto di aver concluso le opere di protezione dell\u2019area riservata a pedoni e ciclisti rispetto alla&hellip;<\/p>\n","protected":false},"author":4,"featured_media":371321,"comment_status":"closed","ping_status":"closed","sticky":false,"template":"","format":"standard","meta":{"_monsterinsights_skip_tracking":false,"_monsterinsights_sitenote_active":false,"_monsterinsights_sitenote_note":"","_monsterinsights_sitenote_category":0,"footnotes":""},"categories":[51,49],"tags":[],"class_list":["post-371318","post","type-post","status-publish","format-standard","has-post-thumbnail","hentry","category-evidenza-top","category-news-18","category-51","category-49","description-off"],"img_url":"https:\/\/www.radiopiu.net\/wordpress\/wp-content\/uploads\/2024\/01\/Via-Bentivoglio-particolare.jpg","_links":{"self":[{"href":"https:\/\/www.radiopiu.net\/wordpress\/wp-json\/wp\/v2\/posts\/371318","targetHints":{"allow":["GET"]}}],"collection":[{"href":"https:\/\/www.radiopiu.net\/wordpress\/wp-json\/wp\/v2\/posts"}],"about":[{"href":"https:\/\/www.radiopiu.net\/wordpress\/wp-json\/wp\/v2\/types\/post"}],"author":[{"embeddable":true,"href":"https:\/\/www.radiopiu.net\/wordpress\/wp-json\/wp\/v2\/users\/4"}],"replies":[{"embeddable":true,"href":"https:\/\/www.radiopiu.net\/wordpress\/wp-json\/wp\/v2\/comments?post=371318"}],"version-history":[{"count":0,"href":"https:\/\/www.radiopiu.net\/wordpress\/wp-json\/wp\/v2\/posts\/371318\/revisions"}],"wp:featuredmedia":[{"embeddable":true,"href":"https:\/\/www.radiopiu.net\/wordpress\/wp-json\/wp\/v2\/media\/371321"}],"wp:attachment":[{"href":"https:\/\/www.radiopiu.net\/wordpress\/wp-json\/wp\/v2\/media?parent=371318"}],"wp:term":[{"taxonomy":"category","embeddable":true,"href":"https:\/\/www.radiopiu.net\/wordpress\/wp-json\/wp\/v2\/categories?post=371318"},{"taxonomy":"post_tag","embeddable":true,"href":"https:\/\/www.radiopiu.net\/wordpress\/wp-json\/wp\/v2\/tags?post=371318"}],"curies":[{"name":"wp","href":"https:\/\/api.w.org\/{rel}","templated":true}]}}