{"id":371328,"date":"2024-01-24T15:43:39","date_gmt":"2024-01-24T14:43:39","guid":{"rendered":"https:\/\/www.radiopiu.net\/wordpress\/?p=371328"},"modified":"2024-01-25T06:19:14","modified_gmt":"2024-01-25T05:19:14","slug":"marco-reato-giovane-artigiano-feltrino-trionfa-come-terzo-migliore-gelatiere-italiano-al-sigep-2024","status":"publish","type":"post","link":"https:\/\/www.radiopiu.net\/wordpress\/marco-reato-giovane-artigiano-feltrino-trionfa-come-terzo-migliore-gelatiere-italiano-al-sigep-2024\/","title":{"rendered":"MARCO REATO, GIOVANE ARTIGIANO FELTRINO TRIONFA COME TERZO MIGLIORE GELATIERE ITALIANO AL SIGEP 2024"},"content":{"rendered":"<p>*****<\/p>\n<p>&nbsp;<\/p>\n<p><strong>DI ALESSIA DALL&#8217;O&#8217;<\/strong><\/p>\n<p><strong>FELTRE <\/strong>Marco Reato, giovane artigiano feltrino, ha brillato nella competizione SIGEP 2024, aggiudicandosi la medaglia di bronzo come Migliore Gelatiere Italiano. La gara, tenutasi il 23 gennaio a Rimini, ha visto la partecipazione di 14 gelatieri italiani di alto livello, selezionati attraverso prove di preselezione svoltasi nell&#8217;anno precedente. La competizione al SIGEP, cruciale per la formazione della Squadra Nazionale Gelatieri, ha richiesto la realizzazione di quattro preparazioni: due gusti rivelati durante la gara (mascarpone e albicocca), un gelato gastronomico salato, e sette monoporzioni a scelta. Marco Reato ha sorpreso la giuria con il suo gusto al mascarpone, arricchito da un&#8217;infusione di rosmarino e una salsa decisa di miele, arancia e zenzero, con aggiunta di granella di nocciola per una piacevole croccantezza. Nel secondo gusto, l&#8217;albicocca, Reato ha personalizzato con pesca e infusione di lavanda. Il gelato gastronomico ha avuto una base all&#8217;olio EVO con freschezza conferita da maggiorana e origano. Le monoporzioni hanno incluso un cremino di mandorla cruda con frolla al burro aromatizzato alla menta e un gelato di liquirizia salata. Da Feltre, Marco continua le sue sperimentazioni, cercando nuovi confini nel suo lavoro. La partecipazione al SIGEP e ad altre fiere come la MIG di Longarone ampliano la prospettiva e alimentano la curiosit\u00e0 della clientela per nuovi sapori di alta qualit\u00e0. Prossimamente, Marco Reato, insieme ai colleghi Carolina Da Rold e Marco Casagrande, sar\u00e0 ospite nella puntata di Linea Bianca in onda su Rai 1 il 27 gennaio alle 14. Nella suggestiva cornice di una Pieve di Cadore, hanno presentato un gelato speciale realizzato con una macchina centenaria seguendo una ricetta del 1911. La semplicit\u00e0 della crema vaniglia, preparata con soli 4 ingredienti, ha conquistato non solo il conduttore ma anche l&#8217;intera troupe presente sul set.<\/p>\n\n\t\t\t<style type='text\/css'>\n\t\t\t\t#gallery-1 {\n\t\t\t\t\tmargin: auto;\n\t\t\t\t}\n\t\t\t\t#gallery-1 .gallery-item {\n\t\t\t\t\tfloat: left;\n\t\t\t\t\tmargin-top: 10px;\n\t\t\t\t\ttext-align: center;\n\t\t\t\t\twidth: 20%;\n\t\t\t\t}\n\t\t\t\t#gallery-1 img {\n\t\t\t\t\tborder: 2px solid #cfcfcf;\n\t\t\t\t}\n\t\t\t\t#gallery-1 .gallery-caption {\n\t\t\t\t\tmargin-left: 0;\n\t\t\t\t}\n\t\t\t\t\/* see gallery_shortcode() in wp-includes\/media.php *\/\n\t\t\t<\/style>\n\t\t<div id='gallery-1' class='dt-gallery-container gallery galleryid-371328 gallery-columns-5 gallery-size-thumbnail'><dl class='gallery-item'>\n\t\t\t\t<dt class='gallery-icon portrait'>\n\t\t\t\t\t<a class=\"rollover rollover-zoom dt-pswp-item\" title=\"Il podio 2024 al SIGEP\" data-dt-img-description=\"\" data-large_image_width=\"900\" data-large_image_height=\"1600\"href='https:\/\/www.radiopiu.net\/wordpress\/wp-content\/uploads\/2024\/01\/Il-podio-2024-al-SIGEP-.jpg'><img loading=\"lazy\" decoding=\"async\" width=\"150\" height=\"150\" src=\"https:\/\/www.radiopiu.net\/wordpress\/wp-content\/uploads\/2024\/01\/Il-podio-2024-al-SIGEP--150x150.jpg\" class=\"attachment-thumbnail size-thumbnail\" alt=\"\" \/><\/a>\n\t\t\t\t<\/dt><\/dl><dl class='gallery-item'>\n\t\t\t\t<dt class='gallery-icon portrait'>\n\t\t\t\t\t<a class=\"rollover rollover-zoom dt-pswp-item\" title=\"Marco Reato e Marco casagrande al SIGEP 2024\" data-dt-img-description=\"\" data-large_image_width=\"900\" data-large_image_height=\"1600\"href='https:\/\/www.radiopiu.net\/wordpress\/wp-content\/uploads\/2024\/01\/Marco-Reato-e-Marco-casagrande-al-SIGEP-2024.jpg'><img loading=\"lazy\" decoding=\"async\" width=\"150\" height=\"150\" src=\"https:\/\/www.radiopiu.net\/wordpress\/wp-content\/uploads\/2024\/01\/Marco-Reato-e-Marco-casagrande-al-SIGEP-2024-150x150.jpg\" class=\"attachment-thumbnail size-thumbnail\" alt=\"\" \/><\/a>\n\t\t\t\t<\/dt><\/dl><dl class='gallery-item'>\n\t\t\t\t<dt class='gallery-icon portrait'>\n\t\t\t\t\t<a class=\"rollover rollover-zoom dt-pswp-item\" title=\"Marco Reato e Marco Casagrande durante le riprese di linea Bianca\" data-dt-img-description=\"\" data-large_image_width=\"900\" data-large_image_height=\"1600\"href='https:\/\/www.radiopiu.net\/wordpress\/wp-content\/uploads\/2024\/01\/Marco-Reato-e-Marco-Casagrande-durante-le-riprese-di-linea-Bianca.jpg'><img loading=\"lazy\" decoding=\"async\" width=\"150\" height=\"150\" src=\"https:\/\/www.radiopiu.net\/wordpress\/wp-content\/uploads\/2024\/01\/Marco-Reato-e-Marco-Casagrande-durante-le-riprese-di-linea-Bianca-150x150.jpg\" class=\"attachment-thumbnail size-thumbnail\" alt=\"\" \/><\/a>\n\t\t\t\t<\/dt><\/dl><dl class='gallery-item'>\n\t\t\t\t<dt class='gallery-icon portrait'>\n\t\t\t\t\t<a class=\"rollover rollover-zoom dt-pswp-item\" title=\"Marco reato sul Podio con il secondo e primo Migliore Gelatiere Italiano 2024\" data-dt-img-description=\"\" data-large_image_width=\"900\" data-large_image_height=\"1600\"href='https:\/\/www.radiopiu.net\/wordpress\/wp-content\/uploads\/2024\/01\/Marco-reato-sul-Podio-con-il-secondo-e-primo-Migliore-Gelatiere-Italiano-2024.jpg'><img loading=\"lazy\" decoding=\"async\" width=\"150\" height=\"150\" src=\"https:\/\/www.radiopiu.net\/wordpress\/wp-content\/uploads\/2024\/01\/Marco-reato-sul-Podio-con-il-secondo-e-primo-Migliore-Gelatiere-Italiano-2024-150x150.jpg\" class=\"attachment-thumbnail size-thumbnail\" alt=\"\" \/><\/a>\n\t\t\t\t<\/dt><\/dl><dl class='gallery-item'>\n\t\t\t\t<dt class='gallery-icon landscape'>\n\t\t\t\t\t<a class=\"rollover rollover-zoom dt-pswp-item\" title=\"Marco, con Carolina e Marco durante le riprese di Linea Bianca\" data-dt-img-description=\"\" data-large_image_width=\"1600\" data-large_image_height=\"746\"href='https:\/\/www.radiopiu.net\/wordpress\/wp-content\/uploads\/2024\/01\/Marco-con-Carolina-e-Marco-durante-le-riprese-di-Linea-Bianca-.jpg'><img loading=\"lazy\" decoding=\"async\" width=\"150\" height=\"150\" src=\"https:\/\/www.radiopiu.net\/wordpress\/wp-content\/uploads\/2024\/01\/Marco-con-Carolina-e-Marco-durante-le-riprese-di-Linea-Bianca--150x150.jpg\" class=\"attachment-thumbnail size-thumbnail\" alt=\"\" \/><\/a>\n\t\t\t\t<\/dt><\/dl><br style=\"clear: both\" \/>\n\t\t\t<\/div>\n\n<p>&nbsp;<\/p>\n<p>&nbsp;<\/p>\n<p>*******<\/p>\n","protected":false},"excerpt":{"rendered":"<p>***** &nbsp; DI ALESSIA DALL&#8217;O&#8217; FELTRE Marco Reato, giovane artigiano feltrino, ha brillato nella competizione SIGEP 2024, aggiudicandosi la medaglia di bronzo come Migliore Gelatiere Italiano. La gara, tenutasi il 23 gennaio a Rimini, ha visto la partecipazione di 14 gelatieri italiani di alto livello, selezionati attraverso prove di preselezione svoltasi nell&#8217;anno precedente. La competizione&hellip;<\/p>\n","protected":false},"author":4,"featured_media":371338,"comment_status":"closed","ping_status":"closed","sticky":false,"template":"","format":"standard","meta":{"_monsterinsights_skip_tracking":false,"_monsterinsights_sitenote_active":false,"_monsterinsights_sitenote_note":"","_monsterinsights_sitenote_category":0,"footnotes":""},"categories":[51,49],"tags":[],"class_list":["post-371328","post","type-post","status-publish","format-standard","has-post-thumbnail","hentry","category-evidenza-top","category-news-18","category-51","category-49","description-off"],"img_url":"https:\/\/www.radiopiu.net\/wordpress\/wp-content\/uploads\/2024\/01\/JDJDJDSJSDJ.jpg","_links":{"self":[{"href":"https:\/\/www.radiopiu.net\/wordpress\/wp-json\/wp\/v2\/posts\/371328","targetHints":{"allow":["GET"]}}],"collection":[{"href":"https:\/\/www.radiopiu.net\/wordpress\/wp-json\/wp\/v2\/posts"}],"about":[{"href":"https:\/\/www.radiopiu.net\/wordpress\/wp-json\/wp\/v2\/types\/post"}],"author":[{"embeddable":true,"href":"https:\/\/www.radiopiu.net\/wordpress\/wp-json\/wp\/v2\/users\/4"}],"replies":[{"embeddable":true,"href":"https:\/\/www.radiopiu.net\/wordpress\/wp-json\/wp\/v2\/comments?post=371328"}],"version-history":[{"count":0,"href":"https:\/\/www.radiopiu.net\/wordpress\/wp-json\/wp\/v2\/posts\/371328\/revisions"}],"wp:featuredmedia":[{"embeddable":true,"href":"https:\/\/www.radiopiu.net\/wordpress\/wp-json\/wp\/v2\/media\/371338"}],"wp:attachment":[{"href":"https:\/\/www.radiopiu.net\/wordpress\/wp-json\/wp\/v2\/media?parent=371328"}],"wp:term":[{"taxonomy":"category","embeddable":true,"href":"https:\/\/www.radiopiu.net\/wordpress\/wp-json\/wp\/v2\/categories?post=371328"},{"taxonomy":"post_tag","embeddable":true,"href":"https:\/\/www.radiopiu.net\/wordpress\/wp-json\/wp\/v2\/tags?post=371328"}],"curies":[{"name":"wp","href":"https:\/\/api.w.org\/{rel}","templated":true}]}}