{"id":371366,"date":"2024-01-26T05:54:19","date_gmt":"2024-01-26T04:54:19","guid":{"rendered":"https:\/\/www.radiopiu.net\/wordpress\/?p=371366"},"modified":"2024-01-26T12:39:40","modified_gmt":"2024-01-26T11:39:40","slug":"giornale-radiopiu-26-gennaio-2024-direttore-mirko-mezzacasada-40-anni-25-giugno-1983-25-giugno-2023","status":"publish","type":"post","link":"https:\/\/www.radiopiu.net\/wordpress\/giornale-radiopiu-26-gennaio-2024-direttore-mirko-mezzacasada-40-anni-25-giugno-1983-25-giugno-2023\/","title":{"rendered":"GIORNALE RADIOPIU 26 GENNAIO 2024 DIRETTORE MIRKO MEZZACASA\u2026DA 40 ANNI 25 GIUGNO 1983-25 GIUGNO 2023"},"content":{"rendered":"<h1>***<\/h1>\n<p>&nbsp;<\/p>\n<h1 class=\"entry-title photoswipe-wrapper\"><strong><a class=\"dt-pswp-item\" href=\"https:\/\/www.radiopiu.net\/wordpress\/wp-content\/uploads\/2023\/12\/logo-radio.jpg\" data-dt-img-description=\"\" data-large_image_width=\"800\" data-large_image_height=\"600\"><img loading=\"lazy\" decoding=\"async\" class=\"wp-image-367163 alignleft\" src=\"https:\/\/www.radiopiu.net\/wordpress\/wp-content\/uploads\/2023\/12\/logo-radio-300x225.jpg\" alt=\"\" width=\"109\" height=\"82\" srcset=\"https:\/\/www.radiopiu.net\/wordpress\/wp-content\/uploads\/2023\/12\/logo-radio-300x225.jpg 300w, https:\/\/www.radiopiu.net\/wordpress\/wp-content\/uploads\/2023\/12\/logo-radio-768x576.jpg 768w, https:\/\/www.radiopiu.net\/wordpress\/wp-content\/uploads\/2023\/12\/logo-radio.jpg 800w\" sizes=\"auto, (max-width: 109px) 100vw, 109px\" \/><\/a><\/strong><\/h1>\n<h1 class=\"entry-title photoswipe-wrapper\">40esimo di RADIOPIU\u2026. LA VOCE DELL\u2019EMOZIONE<\/h1>\n<h2><\/h2>\n<h2><span style=\"color: #ff0000;\">\u00a0<\/span><\/h2>\n<h2><span style=\"color: #ff0000;\">ISCRIVITI AL NOSTRO CANALE\u00a0\u00a0YOUTUBE PER SEGUIRE IN DIRETTA I PRINCIPALI PROGRAMMI DI RADIO PIU\u2019 E LE FUTURE DIRETTE IN ESTERNA. PER ISCRIVERTI <a style=\"color: #ff0000;\" href=\"https:\/\/youtube.com\/@radiopiu1527\">CLICCA QUI\u00a0<\/a>E PREMI\u00a0 \u201cIscriviti\u201d\u00a0 \u00a0\u00a0<\/span><\/h2>\n<p>&nbsp;<\/p>\n<p>&nbsp;<\/p>\n<p>&nbsp;<\/p>\n<blockquote>\n<h1>IL MESSAGGIO DI CONDOGLIANZE ALLA FAMIGLIA DE SILVESTRO PER LA SCOMPARSA DI IVO<\/h1>\n<\/blockquote>\n<p>&nbsp;<\/p>\n<p><strong>di Roberto Miana, portavoce dell\u2019Alleghe Hockey\u00a0<\/strong><\/p>\n<p>La Societ\u00e0 Alleghe Hockey si stringe in un caloroso abbraccio alla famiglia De Silvestro per la scomparsa di Ivo De Silvestro, pap\u00e0 di Patrick, storico dirigente biancorosso e nonno di Diego, ex goalie delle Civette e Thomas, hockeista alleghese.<br \/>\nAlla famiglia le pi\u00f9 sentite condoglianze da parte di dirigenti e tifosi tutti<\/p>\n<p><em><strong>Anche la redazione si stringe alla famiglia De Silvestro per la scomparsa di \u00a0Ivo.<\/strong><\/em><\/p>\n<p>i funerali oggi alle 14.30 AD ALLEGHE<\/p>\n<p><a class=\"dt-pswp-item\" href=\"https:\/\/www.radiopiu.net\/wordpress\/wp-content\/uploads\/2024\/01\/De-Silvestro-Ivo-epi-sito-scaled.jpg\" data-dt-img-description=\"EPIGRAFI\" data-large_image_width=\"1808\" data-large_image_height=\"2560\"><img loading=\"lazy\" decoding=\"async\" class=\" wp-image-371578 aligncenter\" src=\"https:\/\/www.radiopiu.net\/wordpress\/wp-content\/uploads\/2024\/01\/De-Silvestro-Ivo-epi-sito-212x300.jpg\" alt=\"\" width=\"312\" height=\"442\" srcset=\"https:\/\/www.radiopiu.net\/wordpress\/wp-content\/uploads\/2024\/01\/De-Silvestro-Ivo-epi-sito-212x300.jpg 212w, https:\/\/www.radiopiu.net\/wordpress\/wp-content\/uploads\/2024\/01\/De-Silvestro-Ivo-epi-sito-723x1024.jpg 723w, https:\/\/www.radiopiu.net\/wordpress\/wp-content\/uploads\/2024\/01\/De-Silvestro-Ivo-epi-sito-768x1088.jpg 768w, https:\/\/www.radiopiu.net\/wordpress\/wp-content\/uploads\/2024\/01\/De-Silvestro-Ivo-epi-sito-1085x1536.jpg 1085w, https:\/\/www.radiopiu.net\/wordpress\/wp-content\/uploads\/2024\/01\/De-Silvestro-Ivo-epi-sito-1446x2048.jpg 1446w, https:\/\/www.radiopiu.net\/wordpress\/wp-content\/uploads\/2024\/01\/De-Silvestro-Ivo-epi-sito-scaled.jpg 1808w\" sizes=\"auto, (max-width: 312px) 100vw, 312px\" \/><\/a><\/p>\n<p>&nbsp;<\/p>\n<hr \/>\n<blockquote>\n<blockquote>\n<h1><span style=\"color: #ff0000;\">I podcast informativi del mattino &#8211; audio &#8211;\u00a0<\/span><\/h1>\n<\/blockquote>\n<p><strong><a class=\"dt-pswp-item\" href=\"https:\/\/www.radiopiu.net\/wordpress\/wp-content\/uploads\/2023\/11\/th-10.jpg\" data-dt-img-description=\"\" data-large_image_width=\"320\" data-large_image_height=\"180\"><img loading=\"lazy\" decoding=\"async\" class=\"wp-image-362866 alignleft\" src=\"https:\/\/www.radiopiu.net\/wordpress\/wp-content\/uploads\/2023\/11\/th-10-300x169.jpg\" alt=\"\" width=\"185\" height=\"104\" srcset=\"https:\/\/www.radiopiu.net\/wordpress\/wp-content\/uploads\/2023\/11\/th-10-300x169.jpg 300w, https:\/\/www.radiopiu.net\/wordpress\/wp-content\/uploads\/2023\/11\/th-10.jpg 320w\" sizes=\"auto, (max-width: 185px) 100vw, 185px\" \/><\/a>LA RASSEGNA STAMPA NAZIONALE ALLA RADIO, OGNI GIORNO ALLE 5 E ALLE 6 DEL MATTINO <span style=\"color: #0000ff;\">viene pubblicata alle 6.00 <span style=\"color: #ff0000;\">DIRETTA RADIO\u00a0\u00a0<\/span><\/span><\/strong><\/p>\n<p>DI STEFANO FAMA&#8217;<\/p>\n<p><strong>Politica<\/strong> ok del Consiglio dei Ministri al Election Day. <strong>\u00a0Economia<\/strong> i nuovi incentivi auto. <strong>Gaza<\/strong>. spari sulla folla\u00a0 \u00a0<strong>Yemen<\/strong> cacciato<br \/>\ndal paese il personale americano e inglese. Nuovi particolari sulla latitanza di Matteo Messina Denaro. <strong>Roma<\/strong> rapina in banca. <strong>Alto Adige<\/strong>, sciatrice precipita da una seggiovia e muore. <strong>Veneto,\u00a0<\/strong> in bici contro camion della nettezza urbana, muore a 75 anni.\u00a0 Sport, formula 1<\/p>\n<h2>AUDIO<\/h2>\n<audio class=\"wp-audio-shortcode\" id=\"audio-371366-1\" preload=\"none\" style=\"width: 100%;\" controls=\"controls\"><source type=\"audio\/mpeg\" src=\"https:\/\/www.radiopiu.net\/wordpress\/wp-content\/uploads\/2024\/01\/GIORNALEDELLESEI-20.mp3?_=1\" \/><a href=\"https:\/\/www.radiopiu.net\/wordpress\/wp-content\/uploads\/2024\/01\/GIORNALEDELLESEI-20.mp3\">https:\/\/www.radiopiu.net\/wordpress\/wp-content\/uploads\/2024\/01\/GIORNALEDELLESEI-20.mp3<\/a><\/audio>\n<p>&nbsp;<\/p><\/blockquote>\n<h2><\/h2>\n<p>&nbsp;<\/p>\n<hr \/>\n<p>&nbsp;<\/p>\n<h1 style=\"text-align: center;\"><span style=\"color: #ff0000;\">I podcast informativi del mattino &#8211; audio &#8211;\u00a0<\/span><\/h1>\n<p><strong><a class=\"dt-pswp-item\" href=\"https:\/\/www.radiopiu.net\/wordpress\/wp-content\/uploads\/2023\/12\/images.png\" data-dt-img-description=\"\" data-large_image_width=\"316\" data-large_image_height=\"160\"><img loading=\"lazy\" decoding=\"async\" class=\"wp-image-367008 alignleft\" src=\"https:\/\/www.radiopiu.net\/wordpress\/wp-content\/uploads\/2023\/12\/images-300x152.png\" alt=\"\" width=\"235\" height=\"119\" srcset=\"https:\/\/www.radiopiu.net\/wordpress\/wp-content\/uploads\/2023\/12\/images-300x152.png 300w, https:\/\/www.radiopiu.net\/wordpress\/wp-content\/uploads\/2023\/12\/images.png 316w\" sizes=\"auto, (max-width: 235px) 100vw, 235px\" \/><\/a>OGNI GIORNO ALLE SETTE DEL MATTINO, LA RASSEGNA STAMPA LOCALE FLASH&#8230; PER CHI VA IN FRETTA. I TITOLI DAI GIORNALI E DAL SITO WWW.RADIOPIU.NET <span style=\"color: #0000ff;\">viene pubblicato alle 7.00<\/span> <span style=\"color: #ff0000;\">DIRETTA RADIO\u00a0<\/span><\/strong><\/p>\n<p><em><span style=\"color: #ff0000;\">per chi va in fretta&#8230; tante notizie in pochi minuti. L&#8217;informazione locale alla radio, ogni ora dalle 7 del mattino alle 19 della sera.\u00a0 \u00a0<\/span><\/em><\/p>\n<p>&nbsp;<\/p>\n<p><strong>REDAZIONE<\/strong> Vi aggrada il vostro sindaco? Se vivete in Comuni piccoli, fino a 5000 abitanti, lo potrete avere per tutta la vita, il Governo ha deciso, chiunque potr\u00e0 ricandidarsi per 20-30 anni come fece Bruno Bulf sindaco decennale a Taibon Agordino prima di iniziare la nuova carriera alla Onlus Casa di Soggiorno di Taibon, ma \u00e8 solo un esempio di attaccamento alla vita politica amministrativa, quando la passione diventa ossessione di perdere il potere. Nel caso di Bulf non \u00e8 pi\u00f9 in Comune perch\u00e8 la sua candidatura era stata invalidata per precedenti. Nulla di nuovo sul possibile terzo mandato del Presidente uscente Luca Zaia.<br \/>\n<strong>FALCADE<\/strong> C&#8217;\u00e8 dunque chi metterebbe la firma per sedere a Palazzo e chi, una volta eletto gira le spalle agli elettori (anche se pochi) che lo hanno portato in Municipio. Axel De Pellegrin abbandona i falcadini. Gi\u00e0 successo in passato con nomi eccellente che una volta non votati ma finiti in minoranza hanno preso la via pi\u00f9 breve verso l&#8217;uscita autorizzata.<br \/>\n<strong>VENEZIA<\/strong> Quel voto, anzi il non voto, sul fine vita costa la carriera alla piddina Bigon, degradata da vice segretaria provinciale, Anna Maria Bigono lo si ricordi con la sua astensione ha fatto naufragare un intero progetto di legge, gli \u00e8 andata ancora bene c&#8217;era chi sperava fosse depennata dalla storia del PD Veneto, ma \u00e8 ancora in carica, sono passati 9 giorni dall&#8217;inizio del putiferio interno al Partito Democratico.<br \/>\n<a class=\"dt-pswp-item\" href=\"https:\/\/www.radiopiu.net\/wordpress\/wp-content\/uploads\/2024\/01\/Senza-nome-86.png\" data-dt-img-description=\"\" data-large_image_width=\"479\" data-large_image_height=\"249\"><img loading=\"lazy\" decoding=\"async\" class=\"size-medium wp-image-371554 alignleft\" src=\"https:\/\/www.radiopiu.net\/wordpress\/wp-content\/uploads\/2024\/01\/Senza-nome-86-300x156.png\" alt=\"\" width=\"300\" height=\"156\" srcset=\"https:\/\/www.radiopiu.net\/wordpress\/wp-content\/uploads\/2024\/01\/Senza-nome-86-300x156.png 300w, https:\/\/www.radiopiu.net\/wordpress\/wp-content\/uploads\/2024\/01\/Senza-nome-86.png 479w\" sizes=\"auto, (max-width: 300px) 100vw, 300px\" \/><\/a><strong>CANALE D&#8217;AGORDO<\/strong> Gianni Santomaso racconta la storia del pentito di N&#8217;drangheta che lavorata a Canale d&#8217;Agordo, si era ben integrato nella comunit\u00e0<br \/>\n<strong>LUTTO A SOVRAMONTE<\/strong>, Massimiliano Slongo vinto dalla malattia, muore a 40 anni, esponente nella maggioranza, uomo di sport.<br \/>\n<strong>MUORE UN ALTRO PARROCO<\/strong>, IL SECONDO IL 48 ORE Solo ieri davamo la notizia della morte in casa Kolbe a Pedavena di Don Sergio Tessari 94 anni i cui funerali si terranno oggi a Farra di Feltre. Nelle ultime ore \u00e8 mancato anche Sisto Berton parroco di Rocca Pietore dal 1966 al 1968<\/p>\n<p>AUDIO<\/p>\n<audio class=\"wp-audio-shortcode\" id=\"audio-371366-2\" preload=\"none\" style=\"width: 100%;\" controls=\"controls\"><source type=\"audio\/mpeg\" src=\"https:\/\/www.radiopiu.net\/wordpress\/wp-content\/uploads\/2024\/01\/GF07-19.mp3?_=2\" \/><a href=\"https:\/\/www.radiopiu.net\/wordpress\/wp-content\/uploads\/2024\/01\/GF07-19.mp3\">https:\/\/www.radiopiu.net\/wordpress\/wp-content\/uploads\/2024\/01\/GF07-19.mp3<\/a><\/audio>\n<p>&nbsp;<\/p>\n<hr \/>\n<p>&nbsp;<\/p>\n<h1><\/h1>\n<h1 style=\"text-align: center;\"><span style=\"color: #ff0000;\">I podcast informativi del mattino &#8211; audio &#8211;\u00a0<\/span><\/h1>\n<p>&nbsp;<\/p>\n<blockquote><p><strong><a class=\"dt-pswp-item\" href=\"https:\/\/www.radiopiu.net\/wordpress\/wp-content\/uploads\/2021\/07\/microfono-radio-ok-768x448-768x448-1.jpg\" data-dt-img-description=\"\" data-large_image_width=\"768\" data-large_image_height=\"448\"><img loading=\"lazy\" decoding=\"async\" class=\"wp-image-220632 alignleft\" src=\"https:\/\/www.radiopiu.net\/wordpress\/wp-content\/uploads\/2021\/07\/microfono-radio-ok-768x448-768x448-1-300x175.jpg\" alt=\"\" width=\"178\" height=\"104\" srcset=\"https:\/\/www.radiopiu.net\/wordpress\/wp-content\/uploads\/2021\/07\/microfono-radio-ok-768x448-768x448-1-300x175.jpg 300w, https:\/\/www.radiopiu.net\/wordpress\/wp-content\/uploads\/2021\/07\/microfono-radio-ok-768x448-768x448-1.jpg 768w\" sizes=\"auto, (max-width: 178px) 100vw, 178px\" \/><\/a>GIORNALE RADIO NAZIONALE, EDIZIONE DELLE SETTE <span style=\"color: #0000ff;\">viene pubblicato alle 7.05 <span style=\"color: #ff0000;\">DIRETTA RADIO\u00a0<\/span><\/span><\/strong><\/p><\/blockquote>\n<p><strong>il giornale radionazionale e&#8217; in onda ogni ora, dalle sette del mattino alle venti della sera\u00a0\u00a0<\/strong><\/p>\n<p>Giustiziato in <strong>Alabama<\/strong> con l&#8217;azoto, \u00e8 la prima volta di un metodo mai testato sugli umani. <strong>Palestina<\/strong> cambio di ostaggi da chiarire il modo del cessate il fuoco. <strong>Messina Denar<\/strong>o a vissuto a Trapani sicuro di non essere scoperto, fermato a un posto di blocco i Carabinieri non lo hanno riconosciuto. Via libera per l&#8217;election day <strong>8-9 giugno<\/strong>, terzo mandato per i sindaci dei piccoli Comuni potranno portare la fascia verde a vita.<\/p>\n<h2>AUDIO<\/h2>\n<audio class=\"wp-audio-shortcode\" id=\"audio-371366-3\" preload=\"none\" style=\"width: 100%;\" controls=\"controls\"><source type=\"audio\/mpeg\" src=\"https:\/\/www.radiopiu.net\/wordpress\/wp-content\/uploads\/2024\/01\/giornale07-20.mp3?_=3\" \/><a href=\"https:\/\/www.radiopiu.net\/wordpress\/wp-content\/uploads\/2024\/01\/giornale07-20.mp3\">https:\/\/www.radiopiu.net\/wordpress\/wp-content\/uploads\/2024\/01\/giornale07-20.mp3<\/a><\/audio>\n<p>&nbsp;<\/p>\n<hr \/>\n<p>&nbsp;<\/p>\n<h1><span style=\"color: #ff0000;\">I podcast informativi del mattino &#8211; video &#8211;\u00a0<\/span><\/h1>\n<h2><strong><a class=\"dt-pswp-item\" href=\"https:\/\/www.radiopiu.net\/wordpress\/wp-content\/uploads\/2023\/12\/th-10.jpg\" data-dt-img-description=\"\" data-large_image_width=\"245\" data-large_image_height=\"180\"><img loading=\"lazy\" decoding=\"async\" class=\" wp-image-367395 alignleft\" src=\"https:\/\/www.radiopiu.net\/wordpress\/wp-content\/uploads\/2023\/12\/th-10.jpg\" alt=\"\" width=\"166\" height=\"122\" \/><\/a>RASSEGNA STAMPA LOCALE, ORE OTTO 05<\/strong><\/h2>\n<h2><strong> <span style=\"color: #0000ff;\">viene\u00a0 <\/span><\/strong><strong><span style=\"color: #0000ff;\">pubblicata alle 8.05 <span style=\"color: #ff0000;\">DIRETTA RADIO\u00a0\u00a0<\/span><\/span><\/strong><\/h2>\n<p><strong>SOSPIROLO<\/strong> Guasto riparato alla rete del metano di Sospirolo. Riaperta gi\u00e0 ieri mattina la strada provinciale 12, all&#8217;altezza di Maras e\u00a0 i bambini potranno tornare all&#8217;asilo.<br \/>\nINTOSSICATO DAL MONOSSIDO DI CARBONIO, GRAVE UN CINQUANTENNE DI <strong>GOSALDO<\/strong> \u00e8 stato ricoverato in condizioni gravi a Treviso a causa di un&#8217;intossicazione da monossido di carbonio provocata da una stufa a gas posta nel bagno di casa.<br \/>\n<strong>BORGO VALBELLUNA<\/strong> Stava ritornando verso casa quando \u00e8 stato investito da un&#8217;auto. Lo scooter \u00e8 stato sbalzato al centro della strada e per un sedicenne \u00e8 stato necessario l&#8217;intervento dell&#8217;ambulanza per portare il ragazzo all&#8217;ospedale di Feltre. Ha riportato delle fratture, ma non \u00e8 in pericolo di vita.<br \/>\n<strong>AGORDO<\/strong> LA RICETTA DI ROBERTO CHISSALE&#8217; PER ALLEGGERIRE IL TRAFFICO IN VALCOZZENA non la ferrovia, ma il ponte sul Cordevole.<br \/>\n<strong>BELLUNO\u00a0<\/strong>I comitati per la sanit\u00e0 bellunese alzano la loro voce per chiedere pi\u00f9 sicurezza e garanzie per le terre periferiche.<br \/>\n<strong>BORGO VALBELLUNA<\/strong>\u00a0 Nell&#8217;ultimo episodio di danneggiamento al bivacco Costacurta in val di Botte, tra Signa e Zelant nel Comune di Borgo Valbelluna, la storica stufa \u00e8 stata divelta e distrutta insieme ai tubi di raccordo con la canna fumaria. La Riserva Alpina di Mel, responsabile della custodia del bivacco, ha segnalato il fatto alle autorit\u00e0 e insieme alla Polizia Locale effettuer\u00e0 una denuncia contro ignoti.<br \/>\n<strong>VENEZIA<\/strong> La Regione Veneto, l&#8217;Arpav e i Carabinieri intensificano la collaborazione per contrastare il traffico illecito di rifiuti e altri reati ambientali. Un Protocollo specifico \u00e8 stato firmato a Palazzo Balbi, stabilendo una serie di azioni coordinate. La Regione fornir\u00e0 supporto logistico e finanziamento di 40 mila euro per il funzionamento della sede dei Carabinieri.<\/p>\n<p>&nbsp;<\/p>\n<h1><a href=\"https:\/\/youtu.be\/w-M8YU7hZq0\">VIDEO CLICCA QUI\u00a0<\/a><\/h1>\n<p>&nbsp;<\/p>\n<p><iframe loading=\"lazy\" title=\"DAL 1983 LA RASSEGNA STAMPA LOCALE di mirko mezzacasa. L&#039;ORIGINALE\" width=\"1200\" height=\"675\" src=\"https:\/\/www.youtube.com\/embed\/w-M8YU7hZq0?feature=oembed\" frameborder=\"0\" allow=\"accelerometer; autoplay; clipboard-write; encrypted-media; gyroscope; picture-in-picture; web-share\" allowfullscreen><\/iframe><\/p>\n<p>&nbsp;<\/p>\n<hr \/>\n<p>&nbsp;<\/p>\n<p>&nbsp;<\/p>\n<p><a class=\"dt-pswp-item\" href=\"https:\/\/www.radiopiu.net\/wordpress\/wp-content\/uploads\/2023\/10\/34f4cfc6-e863-46e9-9695-8df44be63421.jpg\" data-dt-img-description=\"\" data-large_image_width=\"1200\" data-large_image_height=\"1200\"><img loading=\"lazy\" decoding=\"async\" class=\"wp-image-357393 alignleft\" src=\"https:\/\/www.radiopiu.net\/wordpress\/wp-content\/uploads\/2023\/10\/34f4cfc6-e863-46e9-9695-8df44be63421-300x300.jpg\" alt=\"\" width=\"81\" height=\"81\" srcset=\"https:\/\/www.radiopiu.net\/wordpress\/wp-content\/uploads\/2023\/10\/34f4cfc6-e863-46e9-9695-8df44be63421-300x300.jpg 300w, https:\/\/www.radiopiu.net\/wordpress\/wp-content\/uploads\/2023\/10\/34f4cfc6-e863-46e9-9695-8df44be63421-1024x1024.jpg 1024w, https:\/\/www.radiopiu.net\/wordpress\/wp-content\/uploads\/2023\/10\/34f4cfc6-e863-46e9-9695-8df44be63421-150x150.jpg 150w, https:\/\/www.radiopiu.net\/wordpress\/wp-content\/uploads\/2023\/10\/34f4cfc6-e863-46e9-9695-8df44be63421-768x768.jpg 768w, https:\/\/www.radiopiu.net\/wordpress\/wp-content\/uploads\/2023\/10\/34f4cfc6-e863-46e9-9695-8df44be63421.jpg 1200w\" sizes=\"auto, (max-width: 81px) 100vw, 81px\" \/><\/a>OGGI ALLA RADIO: <strong>ALLE 7<\/strong> LA RASSEGNA STAMPA LOCALE FLASH, PER CHI COME NOI ALLE SETTE DEL MATTINO VA DI FRETTA, TANTE NOTIZIE IN POCHE CHIACCHIERE. <strong>ALLE OTTO<\/strong> L&#8217;APPROFONDIMENTO NELLA STORICA RASSEGNA STAMPA LOCALE.\u00a0 DALLE 6 ALLE 21, OGNI ORA, L&#8217;INFORMAZIONE NAZIONALE, l&#8217;informazione locale, ALLE 10 flash. 11flash. 14 viabilit\u00e0. 15meteo. 16flash. 17flash. 18flash. 19 i titoli di Antenna 3<\/p>\n<p>&nbsp;<\/p>\n<p>&nbsp;<\/p>\n<hr \/>\n<p>&nbsp;<\/p>\n<blockquote>\n<h2>Addio a Massimiliano Slongo: Dolore e Commozione nella Comunit\u00e0 di Sovramonte&#8221;<\/h2>\n<\/blockquote>\n<p>&nbsp;<\/p>\n<p><img decoding=\"async\" class=\"aligncenter\" src=\"https:\/\/www.radiopiu.net\/wordpress\/wp-content\/uploads\/2024\/01\/Senza-nome-84.png\" \/><\/p>\n<p>&nbsp;<\/p>\n<p><strong>SOVRAMONTE<\/strong> La Comunit\u00e0 \u00e8 stata improvvisamente colpita dalla notizia della morte di Massimiliano Slongo, consigliere comunale di quarant&#8217;anni, noto per il suo impegno in ambito amministrativo e sportivo. Affetto da una malattia che lo aveva colpito da alcuni anni, le sue condizioni si sono aggravate rapidamente. Slongo, laureato in ingegneria informatica, si distingueva per la riservatezza, pur collaborando attivamente con competenza e garbo. La sua scomparsa ha lasciato sgomento il sindaco, l&#8217;amministrazione comunale, e la comunit\u00e0 locale, oltre a impattare profondamente il Calcio Sovramonte e le localit\u00e0 di Aune e Sorriva, dove vivevano lui e la sua famiglia. La notizia ha generato un silenzio commosso nella comunit\u00e0.<\/p>\n<p>&nbsp;<\/p>\n<hr \/>\n<p>&nbsp;<\/p>\n<p>&nbsp;<\/p>\n<blockquote>\n<h2><a class=\"dt-pswp-item\" href=\"https:\/\/www.radiopiu.net\/wordpress\/wp-content\/uploads\/2024\/01\/Senza-nome-85.png\" data-dt-img-description=\"\" data-large_image_width=\"133\" data-large_image_height=\"163\"><img loading=\"lazy\" decoding=\"async\" class=\"wp-image-371548 alignleft\" src=\"https:\/\/www.radiopiu.net\/wordpress\/wp-content\/uploads\/2024\/01\/Senza-nome-85.png\" alt=\"\" width=\"100\" height=\"123\" \/><\/a>MUORE UN ALTRO PARROCO, IL SECONDO IL 48 ORE<\/h2>\n<\/blockquote>\n<p><strong>REDAZIONE<\/strong> Solo ieri davamo la notizia della morte in casa Kolbe a Pedavena di Don Sergio Tessari 94 anni i cui funerali si terranno oggi a Farra di Feltre. Nelle ultime ore \u00e8 mancato anche Sisto Berton parroco di Rocca Pietore dal 1966 al 1968 poi di Borsoi, Tignes, Cosalissoio, Mareson, Ospitale, Perarolo e Santa Giustina. Aveva 84 anni, anche lui era ospite alla Kolbe di Pedavena.<\/p>\n<p>&nbsp;<\/p>\n<hr \/>\n<p>&nbsp;<\/p>\n<p>&nbsp;<\/p>\n<p>&nbsp;<\/p>\n<blockquote>\n<h2>FALCO SUL PORDOI, A PADOLA E DI NUOVO AD ARABBA<\/h2>\n<\/blockquote>\n<p><strong>REDAZIONE<\/strong> Prima chiamata di soccorso, ieri mattina,\u00a0 gi\u00e0 alle otto\u00a0 per un malore a Passo Pordoi, l&#8217;uomo un 40enne di Bari \u00e8 stato ospedalizzato con un codice di media gravit\u00e0 al San Martino di Beluno. Stesso ospedale per una donna di 40 anni che attorno alle 9.30 si \u00e8 procurata un trauma cranico (codice 2) a Padola di Comelico. Terzo intervento di nuovo in territorio Fodom, al rifugio Burz di Arabba per uno sciatore trasportato con ferite lievi al Papa Luciani di Agordo.<\/p>\n<p>&nbsp;<\/p>\n<hr \/>\n<p>&nbsp;<\/p>\n<blockquote>\n<h2 class=\"articlePlainTitle\">Guasto riparato a Maras nella rete del metano Riapre\u00a0 l&#8217;asilo<\/h2>\n<\/blockquote>\n<div class=\"articlePlainText\">\n<p>&nbsp;<\/p>\n<div class=\"articlePlainText\"><img loading=\"lazy\" decoding=\"async\" class=\"alignleft\" src=\"https:\/\/www.radiopiu.net\/wordpress\/wp-content\/uploads\/2018\/07\/SOSPIROLO.jpg\" width=\"181\" height=\"129\" \/><\/div>\n<div class=\"articlePlainText\"><strong>SOSPIROLO<\/strong> Guasto riparato alla rete del metano di Sospirolo. Riaperta gi\u00e0 ieri mattina la strada provinciale 12, all&#8217;altezza di Maras e\u00a0 i bambini potranno tornare all&#8217;asilo. I tecnici di Bim infrastrutture hanno lavorato nella notte per sostituire il pezzo di tubo della media pressione usurato e risolvere l&#8217;ingente fuga. Poi nelle ore successive sono passati per le case a riarmare i contatori degli utenti.<\/div>\n<div><\/div>\n<div><span style=\"color: #ff0000;\"><strong>E QUANDO AVREBBE CHIUSO L&#8217;ASILO?<\/strong><\/span><\/div>\n<p><em><strong>DILLO A RADIO PIU&#8217;&#8230;. \u00a0Volevo dare notizia vera, l&#8217;asilo di Maras non \u00e8 stato evacuato, hanno fatto orario normale, semplicemente ci hanno comunicato che per la giornata di oggi rimane chiuso per i lavori, ho una bimba di 5anni che lo frequenta.\u00a0<\/strong><\/em><\/p>\n<p>&nbsp;<\/p>\n<\/div>\n<hr \/>\n<blockquote>\n<h2><\/h2>\n<h2>INTOSSICATO DAL MONOSSIDO DI CARBONIO, GRAVE UN CINQUANTENNE DI GOSALDO<\/h2>\n<\/blockquote>\n<p><img loading=\"lazy\" decoding=\"async\" class=\"alignleft\" src=\"https:\/\/www.radiopiu.net\/wordpress\/wp-content\/uploads\/2021\/02\/TISERCHIESAVERTOKP6010109.jpg\" width=\"118\" height=\"158\" \/><\/p>\n<p><strong>GOSALDO<\/strong> Un uomo di Tiser di 50 anni\u00a0 \u00e8 stato ricoverato in condizioni gravi a Treviso a causa di un&#8217;intossicazione da monossido di carbonio provocata da una stufa a gas posta nel bagno di casa. L&#8217;allarme \u00e8 stato lanciato dalla sorella, preoccupata quando l&#8217;uomo non si \u00e8 presentato a pranzo. I soccorsi, giunti d&#8217;urgenza, hanno individuato la presenza di monossido di carbonio nel bagno, proveniente dalla stufa. La vittima, un operatore sanitario, \u00e8 stata trasferita in terapia intensiva. L&#8217;incidente evidenzia il pericolo delle stufe a gas in ambienti chiusi e la necessit\u00e0 di precauzioni nelle abitazioni. Intervento d&#8217;urgenza\u00a0 per i vigili del fuoco di Agordo e per i sanitari del Suem arrivati con ambulanza ed elicottero, l&#8217;uomo,\u00a0 operatore sanitario, lavora a Belluno, \u00e8 rimasto intossicato da monossido di carbonio<\/p>\n<p>&nbsp;<\/p>\n<p>&nbsp;<\/p>\n<p>&nbsp;<\/p>\n<hr \/>\n<p>&nbsp;<\/p>\n<blockquote>\n<h2>INVESTITO CON LO SCOOTER, GIOVANE IN OSPEDALE<\/h2>\n<\/blockquote>\n<p><strong>BORGO VALBELLUNA<\/strong> Stava ritornando verso casa quando \u00e8 stato investito da un&#8217;auto. Lo scooter \u00e8 stato sbalzato al centro della strada e per un sedicenne \u00e8 stato necessario l&#8217;intervento dell&#8217;ambulanza per portare il ragazzo all&#8217;ospedale di Feltre. Inizialmente la situazione era parsa molto pi\u00f9 grave, mentre il giovane (codice 2, quindi di media gravit\u00e0 dal bollettino del Suem) ha riportato delle fratture, ma non \u00e8 in pericolo di vita.<\/p>\n<p>&nbsp;<\/p>\n<hr \/>\n<p>&nbsp;<\/p>\n<blockquote>\n<h3>ELEZIONI COMUNALI 8 E 9 GIUGNO<\/h3>\n<\/blockquote>\n<p><strong><a class=\"dt-pswp-item\" href=\"https:\/\/www.radiopiu.net\/wordpress\/wp-content\/uploads\/2019\/12\/icona_sindaco.png\" data-dt-img-description=\"\" data-large_image_width=\"300\" data-large_image_height=\"400\"><img loading=\"lazy\" decoding=\"async\" class=\" wp-image-108460 alignleft\" src=\"https:\/\/www.radiopiu.net\/wordpress\/wp-content\/uploads\/2019\/12\/icona_sindaco-225x300.png\" alt=\"\" width=\"104\" height=\"139\" srcset=\"https:\/\/www.radiopiu.net\/wordpress\/wp-content\/uploads\/2019\/12\/icona_sindaco-225x300.png 225w, https:\/\/www.radiopiu.net\/wordpress\/wp-content\/uploads\/2019\/12\/icona_sindaco.png 300w\" sizes=\"auto, (max-width: 104px) 100vw, 104px\" \/><\/a> <\/strong><\/p>\n<p><strong>\u00a0<\/strong><\/p>\n<p><strong>ROMA<\/strong> Il Consiglio dei Ministri ha approvato il decreto Elezioni, stabilendo l&#8217;abbinamento delle elezioni amministrative ed europee il 8 e 9 giugno. Il provvedimento elimina il limite di mandato per i sindaci dei Comuni fino a 5 mila abitanti e consente un terzo mandato consecutivo per i sindaci dei Comuni entro 15 mila abitanti.<\/p>\n<p>&nbsp;<\/p>\n<p>&nbsp;<\/p>\n<blockquote>\n<blockquote>\n<h3>SENZA LIMITE DI MANDATO PER I COMUNI CON MENO DI 5 MILA ABITANTI<\/h3>\n<\/blockquote>\n<p><strong><a class=\"dt-pswp-item\" href=\"https:\/\/www.radiopiu.net\/wordpress\/wp-content\/uploads\/2020\/11\/logoUNCEM_no_scritta-wdtr.jpg\" data-dt-img-description=\"\" data-large_image_width=\"640\" data-large_image_height=\"640\"><img loading=\"lazy\" decoding=\"async\" class=\" wp-image-170846 alignleft\" src=\"https:\/\/www.radiopiu.net\/wordpress\/wp-content\/uploads\/2020\/11\/logoUNCEM_no_scritta-wdtr-300x300.jpg\" alt=\"\" width=\"116\" height=\"116\" srcset=\"https:\/\/www.radiopiu.net\/wordpress\/wp-content\/uploads\/2020\/11\/logoUNCEM_no_scritta-wdtr-300x300.jpg 300w, https:\/\/www.radiopiu.net\/wordpress\/wp-content\/uploads\/2020\/11\/logoUNCEM_no_scritta-wdtr-150x150.jpg 150w, https:\/\/www.radiopiu.net\/wordpress\/wp-content\/uploads\/2020\/11\/logoUNCEM_no_scritta-wdtr.jpg 640w\" sizes=\"auto, (max-width: 116px) 100vw, 116px\" \/><\/a>ROMA<\/strong> Il Governo ha votato l&#8217;eliminazione del limite dei mandati nei Comuni con meno di 5mila abitanti. Secondo Uncem, ci\u00f2 non dovrebbe ostacolare il ricambio e la crescita di nuove forze, l&#8217;ingresso di giovani e la formazione di nuove classi dirigenti locali. Uncem ritiene che l&#8217;impegno debba provenire dai Sindaci, sia da quelli con pi\u00f9 esperienza che da coloro che hanno trascorso anni negli uffici comunali. L&#8217;obiettivo \u00e8 favorire il ricambio, sostenere nuove idee e promuovere l&#8217;interazione. La libert\u00e0 nelle candidature dovrebbe essere uno stimolo per favorire la formazione di nuove leve e la loro ascesa anche a posizioni apicali.<\/p><\/blockquote>\n<h2><\/h2>\n<h2><a class=\"dt-pswp-item\" href=\"https:\/\/www.radiopiu.net\/wordpress\/wp-content\/uploads\/2022\/05\/AXEL-PELLEGRINI.jpg\" data-dt-img-description=\"AXEL DE PELLEGRINI\" data-large_image_width=\"1024\" data-large_image_height=\"732\"><img loading=\"lazy\" decoding=\"async\" class=\" wp-image-275748 alignleft\" src=\"https:\/\/www.radiopiu.net\/wordpress\/wp-content\/uploads\/2022\/05\/AXEL-PELLEGRINI-300x214.jpg\" alt=\"\" width=\"196\" height=\"140\" srcset=\"https:\/\/www.radiopiu.net\/wordpress\/wp-content\/uploads\/2022\/05\/AXEL-PELLEGRINI-300x214.jpg 300w, https:\/\/www.radiopiu.net\/wordpress\/wp-content\/uploads\/2022\/05\/AXEL-PELLEGRINI-768x549.jpg 768w, https:\/\/www.radiopiu.net\/wordpress\/wp-content\/uploads\/2022\/05\/AXEL-PELLEGRINI.jpg 1024w\" sizes=\"auto, (max-width: 196px) 100vw, 196px\" \/><\/a>DELUSIONE PER CHI LO HA ELETTO<\/h2>\n<p>&nbsp;<\/p>\n<p><strong>FALCADE<\/strong> Troppa impegnativa la vita amministrativa\u00a0 per il capogruppo di minoranza che un anno e mezzo dopo le elezioni prende le scale del palazzo e saluta tutti. Axel De Pellegrin se ne frega della gente che lo ha votato e se ne va prima della scadenza di mandato. Evidentemente fare minoranza non sempre paga, ne abbiamo visti di candidati a sindaci dopo qualche mese lasciare l&#8217;incarico e il giovane Axel si aggiunge alla lista. Tra le dichiarazioni anche<em> &#8220;valuter\u00f2 se ripresentarmi un giorno..,pi\u00f9 preparato di prima&#8221;.<\/em> Pi\u00f9 che altro lo valuteranno gli elettori tutto questo, elezioni, dimissioni ed eventuale rientro in corsa compresi.<\/p>\n<p>&nbsp;<\/p>\n<p>&nbsp;<\/p>\n<p>&nbsp;<\/p>\n<p><strong>dal TG BELLUNESE di\u00a0 ANTENNA 3 ogni sera alle 19.30 sul canale 10 del digitale terrestre e alle 19 le <a class=\"dt-pswp-item\" href=\"https:\/\/www.radiopiu.net\/wordpress\/wp-content\/uploads\/2024\/01\/Senza-nome-34.png\" data-dt-img-description=\"\" data-large_image_width=\"239\" data-large_image_height=\"153\"><img loading=\"lazy\" decoding=\"async\" class=\"wp-image-369478 alignleft\" src=\"https:\/\/www.radiopiu.net\/wordpress\/wp-content\/uploads\/2024\/01\/Senza-nome-34.png\" alt=\"\" width=\"128\" height=\"82\" \/><\/a>anticipazioni alla radio.\u00a0\u00a0<\/strong><\/p>\n<p>&nbsp;<\/p>\n<p>&nbsp;<\/p>\n<h3 class=\"_title post-title entry-title\">SINDACI, IL GOVERNO \u201dSALVA\u201d IL TERZO MANDATO. SI VOTA L\u20198 E IL 9 GIUGNO<\/h3>\n<p><strong>DI CRISTIAN ARBOIT<\/strong><\/p>\n<p><iframe loading=\"lazy\" title=\"SINDACI, IL GOVERNO &#039;&#039;SALVA&#039;&#039; IL TERZO MANDATO. SI VOTA L&#039;8 E IL 9 GIUGNO | 25\/01\/2024\" width=\"1200\" height=\"675\" src=\"https:\/\/www.youtube.com\/embed\/dIzqofOHCjI?feature=oembed\" frameborder=\"0\" allow=\"accelerometer; autoplay; clipboard-write; encrypted-media; gyroscope; picture-in-picture; web-share\" allowfullscreen><\/iframe><\/p>\n<p>&nbsp;<\/p>\n<p>&nbsp;<\/p>\n<hr \/>\n<p>&nbsp;<\/p>\n<blockquote>\n<h3>L&#8217;EX FIDELIZZATO DELLA &#8216;NDRANGHETA ERA UN TUTTOFARE CHE LAVORAVA ALLE CODOLE<\/h3>\n<\/blockquote>\n<p><strong><a class=\"dt-pswp-item\" href=\"https:\/\/www.radiopiu.net\/wordpress\/wp-content\/uploads\/2023\/10\/CANALE-DAGORDO.jpg\" data-dt-img-description=\"\" data-large_image_width=\"1280\" data-large_image_height=\"720\"><img loading=\"lazy\" decoding=\"async\" class=\" wp-image-355525 alignleft\" src=\"https:\/\/www.radiopiu.net\/wordpress\/wp-content\/uploads\/2023\/10\/CANALE-DAGORDO-300x169.jpg\" alt=\"\" width=\"196\" height=\"110\" srcset=\"https:\/\/www.radiopiu.net\/wordpress\/wp-content\/uploads\/2023\/10\/CANALE-DAGORDO-300x169.jpg 300w, https:\/\/www.radiopiu.net\/wordpress\/wp-content\/uploads\/2023\/10\/CANALE-DAGORDO-1024x576.jpg 1024w, https:\/\/www.radiopiu.net\/wordpress\/wp-content\/uploads\/2023\/10\/CANALE-DAGORDO-768x432.jpg 768w, https:\/\/www.radiopiu.net\/wordpress\/wp-content\/uploads\/2023\/10\/CANALE-DAGORDO.jpg 1280w\" sizes=\"auto, (max-width: 196px) 100vw, 196px\" \/><\/a>CANALE D&#8217;AGORDO<\/strong><\/p>\n<p>DI GIANNI SANTOMASO<\/p>\n<audio class=\"wp-audio-shortcode\" id=\"audio-371366-4\" preload=\"none\" style=\"width: 100%;\" controls=\"controls\"><source type=\"audio\/mpeg\" src=\"https:\/\/www.radiopiu.net\/wordpress\/wp-content\/uploads\/2024\/01\/GIANNI-LEX-FIDELIZZATO-DELLA-NDRANGHETA-ERA-UN-TUTTOFARE-CHE-LAVORAVA-ALLE-CODOLE.mp3?_=4\" \/><a href=\"https:\/\/www.radiopiu.net\/wordpress\/wp-content\/uploads\/2024\/01\/GIANNI-LEX-FIDELIZZATO-DELLA-NDRANGHETA-ERA-UN-TUTTOFARE-CHE-LAVORAVA-ALLE-CODOLE.mp3\">https:\/\/www.radiopiu.net\/wordpress\/wp-content\/uploads\/2024\/01\/GIANNI-LEX-FIDELIZZATO-DELLA-NDRANGHETA-ERA-UN-TUTTOFARE-CHE-LAVORAVA-ALLE-CODOLE.mp3<\/a><\/audio>\n<p>&nbsp;<\/p>\n<p><a class=\"dt-pswp-item\" href=\"https:\/\/www.radiopiu.net\/wordpress\/wp-content\/uploads\/2024\/01\/Senza-nome-86.png\" data-dt-img-description=\"\" data-large_image_width=\"479\" data-large_image_height=\"249\"><img loading=\"lazy\" decoding=\"async\" class=\"size-medium wp-image-371554 aligncenter\" src=\"https:\/\/www.radiopiu.net\/wordpress\/wp-content\/uploads\/2024\/01\/Senza-nome-86-300x156.png\" alt=\"\" width=\"300\" height=\"156\" srcset=\"https:\/\/www.radiopiu.net\/wordpress\/wp-content\/uploads\/2024\/01\/Senza-nome-86-300x156.png 300w, https:\/\/www.radiopiu.net\/wordpress\/wp-content\/uploads\/2024\/01\/Senza-nome-86.png 479w\" sizes=\"auto, (max-width: 300px) 100vw, 300px\" \/><\/a><\/p>\n<p>&nbsp;<\/p>\n<p>&nbsp;<\/p>\n<p><strong>dal TG BELLUNESE di\u00a0 ANTENNA 3 ogni sera alle 19.30 sul canale 10 del digitale terrestre e alle 19 le <a class=\"dt-pswp-item\" href=\"https:\/\/www.radiopiu.net\/wordpress\/wp-content\/uploads\/2024\/01\/Senza-nome-34.png\" data-dt-img-description=\"\" data-large_image_width=\"239\" data-large_image_height=\"153\"><img loading=\"lazy\" decoding=\"async\" class=\"wp-image-369478 alignleft\" src=\"https:\/\/www.radiopiu.net\/wordpress\/wp-content\/uploads\/2024\/01\/Senza-nome-34.png\" alt=\"\" width=\"128\" height=\"82\" \/><\/a>anticipazioni alla radio.\u00a0\u00a0<\/strong><\/p>\n<p>&nbsp;<\/p>\n<blockquote>\n<h3 class=\"_title post-title entry-title\">SFIORATO ATTENTATO DI \u2018NDRANGHETA NEL PAESE DEL BEATO LUCIANI<\/h3>\n<\/blockquote>\n<p><span style=\"color: #ff0000;\"><strong>DI TIZIANA BOLOGNANI\u00a0<\/strong><\/span><\/p>\n<p><iframe loading=\"lazy\" title=\"SFIORATO ATTENTATO DI &#039;NDRANGHETA NEL PAESE DEL BEATO LUCIANI | 25\/01\/2024\" width=\"1200\" height=\"675\" src=\"https:\/\/www.youtube.com\/embed\/eu84hdFYFAI?feature=oembed\" frameborder=\"0\" allow=\"accelerometer; autoplay; clipboard-write; encrypted-media; gyroscope; picture-in-picture; web-share\" allowfullscreen><\/iframe><\/p>\n<p>&nbsp;<\/p>\n<p>&nbsp;<\/p>\n<hr \/>\n<p>&nbsp;<\/p>\n<blockquote>\n<h3>LA RICETTA DI ROBERTO CHISSALE&#8217; PER ALLEGGERIRE IL TRAFFICO IN VALCOZZENA<\/h3>\n<\/blockquote>\n<p><strong><a class=\"dt-pswp-item\" href=\"https:\/\/www.radiopiu.net\/wordpress\/wp-content\/uploads\/2022\/06\/luxottica-dallalto.jpg\" data-dt-img-description=\"\" data-large_image_width=\"2048\" data-large_image_height=\"1536\"><img loading=\"lazy\" decoding=\"async\" class=\" wp-image-284031 alignleft\" src=\"https:\/\/www.radiopiu.net\/wordpress\/wp-content\/uploads\/2022\/06\/luxottica-dallalto-300x225.jpg\" alt=\"\" width=\"180\" height=\"135\" srcset=\"https:\/\/www.radiopiu.net\/wordpress\/wp-content\/uploads\/2022\/06\/luxottica-dallalto-300x225.jpg 300w, https:\/\/www.radiopiu.net\/wordpress\/wp-content\/uploads\/2022\/06\/luxottica-dallalto-1024x768.jpg 1024w, https:\/\/www.radiopiu.net\/wordpress\/wp-content\/uploads\/2022\/06\/luxottica-dallalto-768x576.jpg 768w, https:\/\/www.radiopiu.net\/wordpress\/wp-content\/uploads\/2022\/06\/luxottica-dallalto-1536x1152.jpg 1536w, https:\/\/www.radiopiu.net\/wordpress\/wp-content\/uploads\/2022\/06\/luxottica-dallalto.jpg 2048w\" sizes=\"auto, (max-width: 180px) 100vw, 180px\" \/><\/a>AGORDO<\/strong><\/p>\n<p>DI GIANNI SANTOMASO<\/p>\n<audio class=\"wp-audio-shortcode\" id=\"audio-371366-5\" preload=\"none\" style=\"width: 100%;\" controls=\"controls\"><source type=\"audio\/mpeg\" src=\"https:\/\/www.radiopiu.net\/wordpress\/wp-content\/uploads\/2024\/01\/GIANNI-LA-RICETTA-DI-ROBERTO-CHISSALE-PER-ALLEGGERIRE-IL-TRAFFICO-IN-VALCOZZENA.mp3?_=5\" \/><a href=\"https:\/\/www.radiopiu.net\/wordpress\/wp-content\/uploads\/2024\/01\/GIANNI-LA-RICETTA-DI-ROBERTO-CHISSALE-PER-ALLEGGERIRE-IL-TRAFFICO-IN-VALCOZZENA.mp3\">https:\/\/www.radiopiu.net\/wordpress\/wp-content\/uploads\/2024\/01\/GIANNI-LA-RICETTA-DI-ROBERTO-CHISSALE-PER-ALLEGGERIRE-IL-TRAFFICO-IN-VALCOZZENA.mp3<\/a><\/audio>\n<p>&nbsp;<\/p>\n<hr \/>\n<p>&nbsp;<\/p>\n<blockquote>\n<h3>I COMITATI PER LA SANITA&#8217; CHIEDONO PIU&#8217; GARANZIE PER LE TERRE PERIFERICHE<\/h3>\n<\/blockquote>\n<p><strong><a class=\"dt-pswp-item\" href=\"https:\/\/www.radiopiu.net\/wordpress\/wp-content\/uploads\/2024\/01\/69fe922b-9715-4d6b-ad51-03c06dbf7d85.jpg\" data-dt-img-description=\"\" data-large_image_width=\"2048\" data-large_image_height=\"1446\"><img loading=\"lazy\" decoding=\"async\" class=\" wp-image-371492 alignleft\" src=\"https:\/\/www.radiopiu.net\/wordpress\/wp-content\/uploads\/2024\/01\/69fe922b-9715-4d6b-ad51-03c06dbf7d85-300x212.jpg\" alt=\"\" width=\"149\" height=\"105\" srcset=\"https:\/\/www.radiopiu.net\/wordpress\/wp-content\/uploads\/2024\/01\/69fe922b-9715-4d6b-ad51-03c06dbf7d85-300x212.jpg 300w, https:\/\/www.radiopiu.net\/wordpress\/wp-content\/uploads\/2024\/01\/69fe922b-9715-4d6b-ad51-03c06dbf7d85-1024x723.jpg 1024w, https:\/\/www.radiopiu.net\/wordpress\/wp-content\/uploads\/2024\/01\/69fe922b-9715-4d6b-ad51-03c06dbf7d85-768x542.jpg 768w, https:\/\/www.radiopiu.net\/wordpress\/wp-content\/uploads\/2024\/01\/69fe922b-9715-4d6b-ad51-03c06dbf7d85-1536x1085.jpg 1536w, https:\/\/www.radiopiu.net\/wordpress\/wp-content\/uploads\/2024\/01\/69fe922b-9715-4d6b-ad51-03c06dbf7d85.jpg 2048w\" sizes=\"auto, (max-width: 149px) 100vw, 149px\" \/><\/a>BELLUNO\u00a0<\/strong>I comitati per la sanit\u00e0 bellunese alzano la loro voce per chiedere pi\u00f9 sicurezza e garanzie per le terre periferiche. Nel farlo, chiedono l&#8217;attuazione di una delibera regionale di due anni fa che porterebbe maggiori servizi ad Agordo e a Pieve di Cadore<\/p>\n<p><strong>DI DANIELE DALVIT<\/strong><\/p>\n<audio class=\"wp-audio-shortcode\" id=\"audio-371366-6\" preload=\"none\" style=\"width: 100%;\" controls=\"controls\"><source type=\"audio\/mpeg\" src=\"https:\/\/www.radiopiu.net\/wordpress\/wp-content\/uploads\/2024\/01\/Radio-Piu-Servizio-Comitati-sanita.mp3?_=6\" \/><a href=\"https:\/\/www.radiopiu.net\/wordpress\/wp-content\/uploads\/2024\/01\/Radio-Piu-Servizio-Comitati-sanita.mp3\">https:\/\/www.radiopiu.net\/wordpress\/wp-content\/uploads\/2024\/01\/Radio-Piu-Servizio-Comitati-sanita.mp3<\/a><\/audio>\n<p>&nbsp;<\/p>\n<hr \/>\n<p>&nbsp;<\/p>\n<blockquote>\n<h2>Danneggiato il Bivacco Costacurta in Val di Botte, Reazione della Comunit\u00e0 e delle Riserve Alpine&#8221;<\/h2>\n<\/blockquote>\n<p><strong>BORGO VALBELLUNA\u00a0<\/strong> Nell&#8217;ultimo episodio di danneggiamento al bivacco Costacurta in val di Botte, tra Signa e Zelant nel Comune di Borgo Valbelluna, la storica stufa \u00e8 stata divelta e distrutta insieme ai tubi di raccordo con la canna fumaria. La Riserva Alpina di Mel, responsabile della custodia del bivacco, ha segnalato il fatto alle autorit\u00e0 e insieme alla Polizia Locale effettuer\u00e0 una denuncia contro ignoti. Questo non \u00e8 l&#8217;unico caso recente, con danneggiamenti registrati anche al bivacco Col dei Gai, gestito dalla Riserva Alpina di Caccia di Trichiana, e ad altri siti lo scorso anno. La cartellonistica lungo la rete sentieristica comunale \u00e8 stata anch&#8217;essa danneggiata. Simone Deola, assessore all&#8217;Ambiente di Borgo Valbelluna, esprime sconcerto per questi atti vandalici, definendoli un danno al patrimonio collettivo e uno sfregio agli sforzi dei volontari. Fabio Ferrighetto, presidente della Riserva Alpina di Caccia di Mel, e Maurizio Barp a nome della Riserva Alpina di Caccia di Trichiana, esprimono profondo rammarico e delusione per questi comportamenti che danneggiano il territorio e scoraggiano gli sforzi dei volontari.<\/p>\n\n\t\t\t<style type='text\/css'>\n\t\t\t\t#gallery-1 {\n\t\t\t\t\tmargin: auto;\n\t\t\t\t}\n\t\t\t\t#gallery-1 .gallery-item {\n\t\t\t\t\tfloat: left;\n\t\t\t\t\tmargin-top: 10px;\n\t\t\t\t\ttext-align: center;\n\t\t\t\t\twidth: 50%;\n\t\t\t\t}\n\t\t\t\t#gallery-1 img {\n\t\t\t\t\tborder: 2px solid #cfcfcf;\n\t\t\t\t}\n\t\t\t\t#gallery-1 .gallery-caption {\n\t\t\t\t\tmargin-left: 0;\n\t\t\t\t}\n\t\t\t\t\/* see gallery_shortcode() in wp-includes\/media.php *\/\n\t\t\t<\/style>\n\t\t<div id='gallery-1' class='dt-gallery-container gallery galleryid-371366 gallery-columns-2 gallery-size-thumbnail'><dl class='gallery-item'>\n\t\t\t\t<dt class='gallery-icon landscape'>\n\t\t\t\t\t<a class=\"rollover rollover-zoom dt-pswp-item\" title=\"Senza n1ome\" data-dt-img-description=\"\" data-large_image_width=\"740\" data-large_image_height=\"400\"href='https:\/\/www.radiopiu.net\/wordpress\/wp-content\/uploads\/2024\/01\/Senza-n1ome.png'><img loading=\"lazy\" decoding=\"async\" width=\"150\" height=\"150\" src=\"https:\/\/www.radiopiu.net\/wordpress\/wp-content\/uploads\/2024\/01\/Senza-n1ome-150x150.png\" class=\"attachment-thumbnail size-thumbnail\" alt=\"\" \/><\/a>\n\t\t\t\t<\/dt><\/dl><dl class='gallery-item'>\n\t\t\t\t<dt class='gallery-icon landscape'>\n\t\t\t\t\t<a class=\"rollover rollover-zoom dt-pswp-item\" title=\"Senza nome\" data-dt-img-description=\"\" data-large_image_width=\"805\" data-large_image_height=\"644\"href='https:\/\/www.radiopiu.net\/wordpress\/wp-content\/uploads\/2024\/01\/Senza-nome-83.png'><img loading=\"lazy\" decoding=\"async\" width=\"150\" height=\"150\" src=\"https:\/\/www.radiopiu.net\/wordpress\/wp-content\/uploads\/2024\/01\/Senza-nome-83-150x150.png\" class=\"attachment-thumbnail size-thumbnail\" alt=\"\" \/><\/a>\n\t\t\t\t<\/dt><\/dl><br style=\"clear: both\" \/>\n\t\t\t<\/div>\n\n<p>&nbsp;<\/p>\n<hr \/>\n<p>&nbsp;<\/p>\n<blockquote>\n<h2>Intesa Strategica Tra Regione Veneto, Arpav e Carabinieri per la Tutela Ambientale<\/h2>\n<\/blockquote>\n<p><strong><img loading=\"lazy\" decoding=\"async\" class=\"alignleft\" src=\"https:\/\/www.radiopiu.net\/wordpress\/wp-content\/uploads\/2020\/04\/RIFIUTI.png\" width=\"235\" height=\"136\" \/>VENEZIA<\/strong> La Regione Veneto, l&#8217;Arpav e i Carabinieri intensificano la collaborazione per contrastare il traffico illecito di rifiuti e altri reati ambientali. Un Protocollo specifico \u00e8 stato firmato a Palazzo Balbi, stabilendo una serie di azioni coordinate. La Regione fornir\u00e0 supporto logistico e finanziamento di 40 mila euro per il funzionamento della sede dei Carabinieri. Il Gruppo Carabinieri collaborer\u00e0 con regione e Arpav nelle attivit\u00e0 di vigilanza e controllo e acquisir\u00e0 i supporti necessari per ottimizzare il sistema di controllo contro i crimini ambientali. Arpav contribuir\u00e0 con supporto tecnico-scientifico, consulenza, vigilanza, controllo e monitoraggio, favorendo lo scambio di informazioni. L&#8217;obiettivo \u00e8 contrastare il traffico illecito di rifiuti, prevenire gli incendi e migliorare la gestione delle attivit\u00e0 connesse alla tutela ambientale. L&#8217;Assessore all&#8217;Ambiente, Gianpaolo Bottacin, sottolinea l&#8217;importanza della collaborazione e esprime la volont\u00e0 di creare un coordinamento nazionale. Il tenente Colonnello Enrico Risottino presenta le attivit\u00e0 del Gruppo Carabinieri, definendolo la prima polizia ambientale europea, mentre il Direttore Area Tecnica di Arpav, Vincenzo Rastaino, evidenzia il ruolo fondamentale del rapporto con i Carabinieri.<\/p>\n<p><strong>L&#8217;ASSESSORE GIANPAOLO BOTTACIN<\/strong><\/p>\n<div style=\"width: 848px;\" class=\"wp-video\"><video class=\"wp-video-shortcode\" id=\"video-371366-1\" width=\"848\" height=\"480\" preload=\"metadata\" controls=\"controls\"><source type=\"video\/mp4\" src=\"https:\/\/www.radiopiu.net\/wordpress\/wp-content\/uploads\/2024\/01\/WhatsApp-Video-2024-01-25-at-13.33.30.mp4?_=1\" \/><a href=\"https:\/\/www.radiopiu.net\/wordpress\/wp-content\/uploads\/2024\/01\/WhatsApp-Video-2024-01-25-at-13.33.30.mp4\">https:\/\/www.radiopiu.net\/wordpress\/wp-content\/uploads\/2024\/01\/WhatsApp-Video-2024-01-25-at-13.33.30.mp4<\/a><\/video><\/div>\n<p>&nbsp;<\/p>\n<p>&nbsp;<\/p>\n<hr \/>\n<p>&nbsp;<\/p>\n<blockquote>\n<h3>CENTRI ANTIVIOLENZA E CASE RIFUGIO, PER 18 MESI NULLA CAMBIA<\/h3>\n<\/blockquote>\n<p><strong><a class=\"dt-pswp-item\" href=\"https:\/\/www.radiopiu.net\/wordpress\/wp-content\/uploads\/2020\/11\/VIOLENZA-DONNE.jpg\" data-dt-img-description=\"\" data-large_image_width=\"1920\" data-large_image_height=\"1565\"><img loading=\"lazy\" decoding=\"async\" class=\" wp-image-174279 alignleft\" src=\"https:\/\/www.radiopiu.net\/wordpress\/wp-content\/uploads\/2020\/11\/VIOLENZA-DONNE-300x245.jpg\" alt=\"\" width=\"167\" height=\"136\" srcset=\"https:\/\/www.radiopiu.net\/wordpress\/wp-content\/uploads\/2020\/11\/VIOLENZA-DONNE-300x245.jpg 300w, https:\/\/www.radiopiu.net\/wordpress\/wp-content\/uploads\/2020\/11\/VIOLENZA-DONNE-1024x835.jpg 1024w, https:\/\/www.radiopiu.net\/wordpress\/wp-content\/uploads\/2020\/11\/VIOLENZA-DONNE-768x626.jpg 768w, https:\/\/www.radiopiu.net\/wordpress\/wp-content\/uploads\/2020\/11\/VIOLENZA-DONNE-1536x1252.jpg 1536w, https:\/\/www.radiopiu.net\/wordpress\/wp-content\/uploads\/2020\/11\/VIOLENZA-DONNE.jpg 1920w\" sizes=\"auto, (max-width: 167px) 100vw, 167px\" \/><\/a>VENEZIA<\/strong> La Conferenza Unificata delle Regioni ha prorogato di 18 mesi le regole per centri antiviolenza, sportelli e case rifugio per donne maltrattate. Durante questo periodo, si manterranno le attuali modalit\u00e0 operative, evitando possibili rischi per la tutela delle donne vittime di violenza e dei loro figli. L&#8217;assessore Manuela Lanzarin ha annunciato la notizia, sottolineando il dialogo con il Dipartimento per le Pari Opportunit\u00e0 e il supporto del ministro Eugenia Maria Roccella. L&#8217;obiettivo \u00e8 far crescere la Rete del Veneto, con 26 centri antiviolenza, 41 sportelli e 31 case rifugio, consolidando esperienze attraverso fondi regionali e nazionali.<\/p>\n<p><strong>SILVIA CESTARO, CONSIGLIERE REGIONALE<\/strong><\/p>\n<audio class=\"wp-audio-shortcode\" id=\"audio-371366-7\" preload=\"none\" style=\"width: 100%;\" controls=\"controls\"><source type=\"audio\/mpeg\" src=\"https:\/\/www.radiopiu.net\/wordpress\/wp-content\/uploads\/2024\/01\/CESTARO-VIOLENZA-DONNE.mp3?_=7\" \/><a href=\"https:\/\/www.radiopiu.net\/wordpress\/wp-content\/uploads\/2024\/01\/CESTARO-VIOLENZA-DONNE.mp3\">https:\/\/www.radiopiu.net\/wordpress\/wp-content\/uploads\/2024\/01\/CESTARO-VIOLENZA-DONNE.mp3<\/a><\/audio>\n<p>&nbsp;<\/p>\n<p>&nbsp;<\/p>\n<blockquote>\n<h3>FLAVIA MONEGO ACCOGLIE POSITIVAMENTE LA PROPROGA PER I CENTRI ANTI VIOLENZA<\/h3>\n<\/blockquote>\n<p><strong>BELLUNO<\/strong> I Centri Antiviolenza potranno continuare le attivit\u00e0 con le modalit\u00e0 attuali poich\u00e9 la Conferenza Unificata della Conferenza delle Regioni ha posticipato l&#8217;entrata in vigore delle nuove regole. La Regione Veneto ha confermato la notizia. L&#8217;intesa Stato-Regioni approvata il 14 settembre 2022, che avrebbe introdotto nuovi requisiti minimi per i Centri Antiviolenza, \u00e8 stata rimandata di 18 mesi. La richiesta di reperibilit\u00e0 H24, problematica per le realt\u00e0 basate sul volontariato, non entrer\u00e0 in vigore a breve. La Consigliera di Parit\u00e0 Flavia Monego accoglie positivamente la proroga, sottolineando l&#8217;importanza di trovare una soluzione stabile per il Centro Antiviolenza bellunese.<\/p>\n<p>&nbsp;<\/p>\n<p>&nbsp;<\/p>\n<hr \/>\n<p>&nbsp;<\/p>\n<blockquote>\n<h3>HA RIPRESO L&#8217;ATTIVITA&#8217; L&#8217;OSPEDALE DI LAMON<\/h3>\n<\/blockquote>\n<p><strong>BELLUNO<\/strong> L&#8217;Ospedale di Lamon ha ripreso l&#8217;attivit\u00e0 di degenza dopo un intervento di ristrutturazione da 5,6 milioni di euro, di cui 1,9 finanziati dai Fondi Comuni di Confine. In seguito al completamento dei lavori, 20 pazienti sono stati trasferiti da Feltre a Lamon. L&#8217;ospedale, ora strutturato come polo riabilitativo provinciale, \u00e8 stato potenziato con 22 nuovi posti letto e un&#8217;Unit\u00e0 Riabilitativa Territoriale. La ristrutturazione ha migliorato le attivit\u00e0 di recupero e riabilitazione funzionale, inclusi servizi come il Punto Prelievi. L&#8217;intervento ha anche coinvolto adeguamenti impiantistici e miglioramenti strutturali per rispondere alle esigenze della comunit\u00e0 locale.<\/p>\n<p><strong>IL COMMISSARIO DELL&#8217;ULSS 1 DOLOMITI GIUSEPPE DAL BEN<\/strong><\/p>\n<div style=\"width: 848px;\" class=\"wp-video\"><video class=\"wp-video-shortcode\" id=\"video-371366-2\" width=\"848\" height=\"480\" preload=\"metadata\" controls=\"controls\"><source type=\"video\/mp4\" src=\"https:\/\/www.radiopiu.net\/wordpress\/wp-content\/uploads\/2024\/01\/WhatsApp-Video-2024-01-25-at-17.01.14.mp4?_=2\" \/><a href=\"https:\/\/www.radiopiu.net\/wordpress\/wp-content\/uploads\/2024\/01\/WhatsApp-Video-2024-01-25-at-17.01.14.mp4\">https:\/\/www.radiopiu.net\/wordpress\/wp-content\/uploads\/2024\/01\/WhatsApp-Video-2024-01-25-at-17.01.14.mp4<\/a><\/video><\/div>\n<p>&nbsp;<\/p>\n\n\t\t\t<style type='text\/css'>\n\t\t\t\t#gallery-2 {\n\t\t\t\t\tmargin: auto;\n\t\t\t\t}\n\t\t\t\t#gallery-2 .gallery-item {\n\t\t\t\t\tfloat: left;\n\t\t\t\t\tmargin-top: 10px;\n\t\t\t\t\ttext-align: center;\n\t\t\t\t\twidth: 33%;\n\t\t\t\t}\n\t\t\t\t#gallery-2 img {\n\t\t\t\t\tborder: 2px solid #cfcfcf;\n\t\t\t\t}\n\t\t\t\t#gallery-2 .gallery-caption {\n\t\t\t\t\tmargin-left: 0;\n\t\t\t\t}\n\t\t\t\t\/* see gallery_shortcode() in wp-includes\/media.php *\/\n\t\t\t<\/style>\n\t\t<div id='gallery-2' class='dt-gallery-container gallery galleryid-371366 gallery-columns-3 gallery-size-medium'><dl class='gallery-item'>\n\t\t\t\t<dt class='gallery-icon landscape'>\n\t\t\t\t\t<a class=\"rollover rollover-zoom dt-pswp-item\" title=\"WhatsApp Image 2024-01-25 at 17.00.24\" data-dt-img-description=\"\" data-large_image_width=\"2040\" data-large_image_height=\"1530\"href='https:\/\/www.radiopiu.net\/wordpress\/wp-content\/uploads\/2024\/01\/WhatsApp-Image-2024-01-25-at-17.00.24.jpeg'><img loading=\"lazy\" decoding=\"async\" width=\"300\" height=\"225\" src=\"https:\/\/www.radiopiu.net\/wordpress\/wp-content\/uploads\/2024\/01\/WhatsApp-Image-2024-01-25-at-17.00.24-300x225.jpeg\" class=\"attachment-medium size-medium\" alt=\"\" srcset=\"https:\/\/www.radiopiu.net\/wordpress\/wp-content\/uploads\/2024\/01\/WhatsApp-Image-2024-01-25-at-17.00.24-300x225.jpeg 300w, https:\/\/www.radiopiu.net\/wordpress\/wp-content\/uploads\/2024\/01\/WhatsApp-Image-2024-01-25-at-17.00.24-1024x768.jpeg 1024w, https:\/\/www.radiopiu.net\/wordpress\/wp-content\/uploads\/2024\/01\/WhatsApp-Image-2024-01-25-at-17.00.24-768x576.jpeg 768w, https:\/\/www.radiopiu.net\/wordpress\/wp-content\/uploads\/2024\/01\/WhatsApp-Image-2024-01-25-at-17.00.24-1536x1152.jpeg 1536w, https:\/\/www.radiopiu.net\/wordpress\/wp-content\/uploads\/2024\/01\/WhatsApp-Image-2024-01-25-at-17.00.24.jpeg 2040w\" sizes=\"auto, (max-width: 300px) 100vw, 300px\" \/><\/a>\n\t\t\t\t<\/dt><\/dl><dl class='gallery-item'>\n\t\t\t\t<dt class='gallery-icon portrait'>\n\t\t\t\t\t<a class=\"rollover rollover-zoom dt-pswp-item\" title=\"WhatsApp Image 2024-01-25 at 16.59.54\" data-dt-img-description=\"\" data-large_image_width=\"1200\" data-large_image_height=\"1600\"href='https:\/\/www.radiopiu.net\/wordpress\/wp-content\/uploads\/2024\/01\/WhatsApp-Image-2024-01-25-at-16.59.54.jpeg'><img loading=\"lazy\" decoding=\"async\" width=\"225\" height=\"300\" src=\"https:\/\/www.radiopiu.net\/wordpress\/wp-content\/uploads\/2024\/01\/WhatsApp-Image-2024-01-25-at-16.59.54-225x300.jpeg\" class=\"attachment-medium size-medium\" alt=\"\" srcset=\"https:\/\/www.radiopiu.net\/wordpress\/wp-content\/uploads\/2024\/01\/WhatsApp-Image-2024-01-25-at-16.59.54-225x300.jpeg 225w, https:\/\/www.radiopiu.net\/wordpress\/wp-content\/uploads\/2024\/01\/WhatsApp-Image-2024-01-25-at-16.59.54-768x1024.jpeg 768w, https:\/\/www.radiopiu.net\/wordpress\/wp-content\/uploads\/2024\/01\/WhatsApp-Image-2024-01-25-at-16.59.54-1152x1536.jpeg 1152w, https:\/\/www.radiopiu.net\/wordpress\/wp-content\/uploads\/2024\/01\/WhatsApp-Image-2024-01-25-at-16.59.54.jpeg 1200w\" sizes=\"auto, (max-width: 225px) 100vw, 225px\" \/><\/a>\n\t\t\t\t<\/dt><\/dl><dl class='gallery-item'>\n\t\t\t\t<dt class='gallery-icon landscape'>\n\t\t\t\t\t<a class=\"rollover rollover-zoom dt-pswp-item\" title=\"WhatsApp Image 2024-01-25 at 16.59.28\" data-dt-img-description=\"\" data-large_image_width=\"1600\" data-large_image_height=\"1200\"href='https:\/\/www.radiopiu.net\/wordpress\/wp-content\/uploads\/2024\/01\/WhatsApp-Image-2024-01-25-at-16.59.28.jpeg'><img loading=\"lazy\" decoding=\"async\" width=\"300\" height=\"225\" src=\"https:\/\/www.radiopiu.net\/wordpress\/wp-content\/uploads\/2024\/01\/WhatsApp-Image-2024-01-25-at-16.59.28-300x225.jpeg\" class=\"attachment-medium size-medium\" alt=\"\" srcset=\"https:\/\/www.radiopiu.net\/wordpress\/wp-content\/uploads\/2024\/01\/WhatsApp-Image-2024-01-25-at-16.59.28-300x225.jpeg 300w, https:\/\/www.radiopiu.net\/wordpress\/wp-content\/uploads\/2024\/01\/WhatsApp-Image-2024-01-25-at-16.59.28-1024x768.jpeg 1024w, https:\/\/www.radiopiu.net\/wordpress\/wp-content\/uploads\/2024\/01\/WhatsApp-Image-2024-01-25-at-16.59.28-768x576.jpeg 768w, https:\/\/www.radiopiu.net\/wordpress\/wp-content\/uploads\/2024\/01\/WhatsApp-Image-2024-01-25-at-16.59.28-1536x1152.jpeg 1536w, https:\/\/www.radiopiu.net\/wordpress\/wp-content\/uploads\/2024\/01\/WhatsApp-Image-2024-01-25-at-16.59.28.jpeg 1600w\" sizes=\"auto, (max-width: 300px) 100vw, 300px\" \/><\/a>\n\t\t\t\t<\/dt><\/dl><br style=\"clear: both\" \/>\n\t\t\t<\/div>\n\n<p>&nbsp;<\/p>\n<hr \/>\n<p>&nbsp;<\/p>\n<blockquote>\n<h3>A FELTRE 7 NUOVE PIAZZOLE ECOLOGICHE GRAZIE AI FONDI PNRR<\/h3>\n<\/blockquote>\n<p><strong><a class=\"dt-pswp-item\" href=\"https:\/\/www.radiopiu.net\/wordpress\/wp-content\/uploads\/2024\/01\/3c2c17ae-39bb-4da8-bdf7-536ad5d4029f.jpg\" data-dt-img-description=\"\" data-large_image_width=\"1920\" data-large_image_height=\"1080\"><img loading=\"lazy\" decoding=\"async\" class=\" wp-image-371470 alignleft\" src=\"https:\/\/www.radiopiu.net\/wordpress\/wp-content\/uploads\/2024\/01\/3c2c17ae-39bb-4da8-bdf7-536ad5d4029f-300x169.jpg\" alt=\"\" width=\"183\" height=\"103\" srcset=\"https:\/\/www.radiopiu.net\/wordpress\/wp-content\/uploads\/2024\/01\/3c2c17ae-39bb-4da8-bdf7-536ad5d4029f-300x169.jpg 300w, https:\/\/www.radiopiu.net\/wordpress\/wp-content\/uploads\/2024\/01\/3c2c17ae-39bb-4da8-bdf7-536ad5d4029f-1024x576.jpg 1024w, https:\/\/www.radiopiu.net\/wordpress\/wp-content\/uploads\/2024\/01\/3c2c17ae-39bb-4da8-bdf7-536ad5d4029f-768x432.jpg 768w, https:\/\/www.radiopiu.net\/wordpress\/wp-content\/uploads\/2024\/01\/3c2c17ae-39bb-4da8-bdf7-536ad5d4029f-1536x864.jpg 1536w, https:\/\/www.radiopiu.net\/wordpress\/wp-content\/uploads\/2024\/01\/3c2c17ae-39bb-4da8-bdf7-536ad5d4029f.jpg 1920w\" sizes=\"auto, (max-width: 183px) 100vw, 183px\" \/><\/a>FELTRE<\/strong> Feltre, grazie a un finanziamento di 1 milione di euro dal PNRR del MASE, intraprender\u00e0 importanti iniziative ambientali. Saranno create 7 piazzole ecologiche interrate nel centro citt\u00e0, un progetto innovativo per migliorare la raccolta differenziata. Inoltre, si proceder\u00e0 con l&#8217;upgrade tecnologico sostituendo le chiavi tradizionali di conferimento delle campane del secco con tessere magnetiche, gi\u00e0 utilizzate per altri servizi. Questa transizione rende il sistema pi\u00f9 efficiente e allineato con le moderne pratiche di gestione dei rifiuti. L&#8217;iniziativa mira a promuovere la sostenibilit\u00e0 e a consolidare Feltre come un centro urbano all&#8217;avanguardia nelle pratiche ambientali.<\/p>\n<p><strong>SEBASTIANO SLONGO, CONSIGLIERE DEL COMUNE DI FELTRE CON DELEGA ALLE MANUTENZIONI<\/strong><\/p>\n<audio class=\"wp-audio-shortcode\" id=\"audio-371366-8\" preload=\"none\" style=\"width: 100%;\" controls=\"controls\"><source type=\"audio\/mpeg\" src=\"https:\/\/www.radiopiu.net\/wordpress\/wp-content\/uploads\/2024\/01\/Audio-Slongo.mp3?_=8\" \/><a href=\"https:\/\/www.radiopiu.net\/wordpress\/wp-content\/uploads\/2024\/01\/Audio-Slongo.mp3\">https:\/\/www.radiopiu.net\/wordpress\/wp-content\/uploads\/2024\/01\/Audio-Slongo.mp3<\/a><\/audio>\n<p>&nbsp;<\/p>\n<hr \/>\n<p>&nbsp;<\/p>\n<blockquote>\n<h3>IL CONSORZIO BIM PIAVE BELLUNO CON FONDAZIONE CORTINA E FISI VENETO PER LA CRESCITA DEI GIOVANI<\/h3>\n<\/blockquote>\n<p><strong><a class=\"dt-pswp-item\" href=\"https:\/\/www.radiopiu.net\/wordpress\/wp-content\/uploads\/2021\/12\/BIM-PIAVE.jpg\" data-dt-img-description=\"\" data-large_image_width=\"420\" data-large_image_height=\"280\"><img loading=\"lazy\" decoding=\"async\" class=\" wp-image-249802 alignleft\" src=\"https:\/\/www.radiopiu.net\/wordpress\/wp-content\/uploads\/2021\/12\/BIM-PIAVE-300x200.jpg\" alt=\"\" width=\"245\" height=\"163\" srcset=\"https:\/\/www.radiopiu.net\/wordpress\/wp-content\/uploads\/2021\/12\/BIM-PIAVE-300x200.jpg 300w, https:\/\/www.radiopiu.net\/wordpress\/wp-content\/uploads\/2021\/12\/BIM-PIAVE.jpg 420w\" sizes=\"auto, (max-width: 245px) 100vw, 245px\" \/><\/a>BELLUNO<\/strong> Il Consorzio BIM Piave Belluno, rappresentante dei Comuni consorziati del Bellunese, collaborer\u00e0 economicamente con Fondazione Cortina e FISI Veneto nei prossimi tre anni in vista dei Giochi Olimpici e Paralimpici di Milano-Cortina. Fondazione Cortina e FISI Veneto si impegnano ad estendere le iniziative legate ai Giochi su tutto il territorio provinciale, promuovendo lo spirito olimpico e i valori sportivi, specialmente tra i giovani. Il sostegno del Consorzio \u00e8 orientato verso l&#8217;ambito giovanile, riconoscendo nello sport un veicolo fondamentale per la crescita dei giovani. Il presidente del Consorzio, Marco Staunovo Polacco, evidenzia l&#8217;importanza di questa collaborazione nel contesto dei Giochi Olimpici e Paralimpici del 2026. Stefano Longo, presidente di Fondazione Cortina, esprime gratitudine per il contributo del Consorzio, sottolineando l&#8217;importanza della collaborazione con enti locali. Il presidente di FISI Veneto, Roberto Visentin, vede la collaborazione come un&#8217;opportunit\u00e0 di crescita per lo sci regionale, consentendo miglioramenti nell&#8217;attrezzatura e facilitando la professionale organizzazione di eventi nella montagna bellunese.<\/p>\n<p>&nbsp;<\/p>\n<hr \/>\n<p>&nbsp;<\/p>\n<blockquote>\n<h3 dir=\"ltr\"><b><a class=\"dt-pswp-item\" href=\"https:\/\/www.radiopiu.net\/wordpress\/wp-content\/uploads\/2022\/06\/samuel_occhiali_da_sole-ok-scaled.jpg\" data-dt-img-description=\"\" data-large_image_width=\"2560\" data-large_image_height=\"2560\"><img loading=\"lazy\" decoding=\"async\" class=\"wp-image-283363 alignleft\" src=\"https:\/\/www.radiopiu.net\/wordpress\/wp-content\/uploads\/2022\/06\/samuel_occhiali_da_sole-ok-300x300.jpg\" alt=\"\" width=\"109\" height=\"109\" srcset=\"https:\/\/www.radiopiu.net\/wordpress\/wp-content\/uploads\/2022\/06\/samuel_occhiali_da_sole-ok-300x300.jpg 300w, https:\/\/www.radiopiu.net\/wordpress\/wp-content\/uploads\/2022\/06\/samuel_occhiali_da_sole-ok-1024x1024.jpg 1024w, https:\/\/www.radiopiu.net\/wordpress\/wp-content\/uploads\/2022\/06\/samuel_occhiali_da_sole-ok-150x150.jpg 150w, https:\/\/www.radiopiu.net\/wordpress\/wp-content\/uploads\/2022\/06\/samuel_occhiali_da_sole-ok-768x768.jpg 768w, https:\/\/www.radiopiu.net\/wordpress\/wp-content\/uploads\/2022\/06\/samuel_occhiali_da_sole-ok-1536x1536.jpg 1536w, https:\/\/www.radiopiu.net\/wordpress\/wp-content\/uploads\/2022\/06\/samuel_occhiali_da_sole-ok-2048x2048.jpg 2048w\" sizes=\"auto, (max-width: 109px) 100vw, 109px\" \/><\/a>Question time, il Governo conferma l\u2019attenzione al mondo dell\u2019occhialeria. De Carlo: \u201cSegnale importante per il distretto bellunese\u201d<\/b><\/h3>\n<\/blockquote>\n<p><strong>ROMA<\/strong> Il Governo ha confermato la sua attenzione al settore dell&#8217;occhialeria attraverso la legge sul Made in Italy. Il senatore Luca De Carlo sottolinea l&#8217;importanza di questo segnale per il distretto dell&#8217;occhialeria bellunese, evidenziando vari punti che coinvolgono direttamente il settore. Tra questi, l&#8217;istituzione di un fondo per favorire investimenti nelle aziende italiane, la creazione di un contrassegno ufficiale Made in Italy, il potenziamento delle norme contro la contraffazione, l&#8217;istituzione di un fondo per la moda e l&#8217;indicazione geografica dei prodotti, valorizzando le eccellenze regionali.<\/p>\n<p>&nbsp;<\/p>\n<p>&nbsp;<\/p>\n<hr \/>\n<p>&nbsp;<\/p>\n<p><span style=\"color: #ff0000;\"><strong>NOTIZIARIO DEL 26.01.2024<\/strong><\/span><\/p>\n<blockquote>\n<h2><img decoding=\"async\" class=\"alignleft\" src=\"https:\/\/www.radiopiu.net\/wordpress\/wp-content\/uploads\/2023\/11\/Senza-nome-97.png\" \/>DOMANI A SEDICO CON IL CENTRO FORMAZIONE E SICUREZZA<\/h2>\n<\/blockquote>\n<p><strong>l&#8217;invito di Caterina Zardini della Lattoneria Schiavon di Cortina d&#8217;Ampezzo<\/strong><\/p>\n<audio class=\"wp-audio-shortcode\" id=\"audio-371366-9\" preload=\"none\" style=\"width: 100%;\" controls=\"controls\"><source type=\"audio\/mpeg\" src=\"https:\/\/www.radiopiu.net\/wordpress\/wp-content\/uploads\/2024\/01\/cfs27-gennaio.mp3?_=9\" \/><a href=\"https:\/\/www.radiopiu.net\/wordpress\/wp-content\/uploads\/2024\/01\/cfs27-gennaio.mp3\">https:\/\/www.radiopiu.net\/wordpress\/wp-content\/uploads\/2024\/01\/cfs27-gennaio.mp3<\/a><\/audio>\n<p>&nbsp;<\/p>\n<p>&nbsp;<\/p>\n<hr \/>\n<p>&nbsp;<\/p>\n<blockquote>\n<h3>CONFEDILIZIA A PALAZZO FERRO FINI<\/h3>\n<\/blockquote>\n<p><strong><a class=\"dt-pswp-item\" href=\"https:\/\/www.radiopiu.net\/wordpress\/wp-content\/uploads\/2024\/01\/Regione.jpg\" data-dt-img-description=\"\" data-large_image_width=\"1024\" data-large_image_height=\"683\"><img loading=\"lazy\" decoding=\"async\" class=\" wp-image-371497 alignleft\" src=\"https:\/\/www.radiopiu.net\/wordpress\/wp-content\/uploads\/2024\/01\/Regione-300x200.jpg\" alt=\"\" width=\"194\" height=\"129\" srcset=\"https:\/\/www.radiopiu.net\/wordpress\/wp-content\/uploads\/2024\/01\/Regione-300x200.jpg 300w, https:\/\/www.radiopiu.net\/wordpress\/wp-content\/uploads\/2024\/01\/Regione-768x512.jpg 768w, https:\/\/www.radiopiu.net\/wordpress\/wp-content\/uploads\/2024\/01\/Regione.jpg 1024w\" sizes=\"auto, (max-width: 194px) 100vw, 194px\" \/><\/a>VENEZIA<\/strong> I vertici di Confedilizia e Confedilizia Veneto sono stati ricevuti a Palazzo Ferro Fini, un incontro elogiato dai consiglieri regionali della Lega \u2013 Liga Veneta Silvia Maino e Giovanni Puppato. Durante la riunione con il presidente di Confedilizia, Giorgio Spaziani Testa, il presidente di Confedilizia Veneto, Michele Vigne, e il presidente di Confedilizia Treviso, Marcello Furlan, sono stati ringraziati per il loro impegno. La Regione Veneto ha espresso pieno supporto alle iniziative di Confedilizia, in particolare nella lotta contro gli oneri imposti dalla Direttiva Ue Case Green e nella riduzione dell&#8217;Imu. La regione si impegna anche a sostenere le case di montagna date le sfide finanziarie che gli abitanti affrontano.<\/p>\n<p>&nbsp;<\/p>\n<p>&nbsp;<\/p>\n<hr \/>\n<p>&nbsp;<\/p>\n<blockquote>\n<h3>LA GIUDIZIARIA SUL CORRIERE DELLE ALPI<\/h3>\n<\/blockquote>\n<p><strong>DI GIGI SOSSO\u00a0<\/strong><\/p>\n<p>&nbsp;<\/p>\n<p><strong>BELLUNO<\/strong> Un ex poliziotto della Polstrada (Bez) \u00e8 accusato di calunnia per aver falsamente incolpato una barista di Belluno\u00a0 (Dal Borgo) di diffamazione e false informazioni al pubblico ministero. La denuncia, presentata nel luglio 2021, sosteneva che la donna lo aveva visto acquistare droga, ma le indagini della Squadra mobile hanno dimostrato il contrario. Il poliziotto, risultato positivo alla cocaina in un bar locale, \u00e8 coinvolto in un processo legato a un caso principale riguardante il bar Sport come punto di spaccio di cocaina. L&#8217;ex agente \u00e8 stato sottoposto a procedimento disciplinare e ha perso il posto nel giugno 2021. Il prossimo passo del processo \u00e8 l&#8217;udienza del 9 settembre, con la testimonianza della presunta vittima e di un altro poliziotto della sezione antidroga.<\/p>\n<div class=\"flex-1 overflow-hidden\">\n<div class=\"react-scroll-to-bottom--css-abgvb-79elbk h-full\">\n<div class=\"react-scroll-to-bottom--css-abgvb-1n7m0yu\">\n<div class=\"flex flex-col pb-9 text-sm\">\n<div class=\"w-full text-token-text-primary\" data-testid=\"conversation-turn-7\">\n<div class=\"px-4 py-2 justify-center text-base md:gap-6 m-auto\">\n<div class=\"flex flex-1 text-base mx-auto gap-3 md:px-5 lg:px-1 xl:px-5 md:max-w-3xl lg:max-w-[40rem] xl:max-w-[48rem] group final-completion\">\n<div class=\"relative flex w-full flex-col lg:w-[calc(100%-115px)] agent-turn\">\n<div class=\"flex-col gap-1 md:gap-3\">\n<div class=\"mt-1 flex justify-start gap-3 empty:hidden\">\n<div class=\"text-gray-400 flex self-end lg:self-center justify-center lg:justify-start mt-0 -ml-1 visible\"><strong>BELLUNO<\/strong> Una serie di furti in citt\u00e0 ha portato G.E. a essere processata per furto aggravato continuato, nonostante sostenga di essere cleptomane. I furti includono una fioreria, un grande magazzino e un supermercato, con oggetti vari sottratti come piante, biancheria e pane per toast. La donna potrebbe evitare il processo solo se la querela venisse ritirata.<\/div>\n<div><\/div>\n<div><strong>BELLUNO<\/strong> In un pestaggio in carcere durante l&#8217;udienza predibattimentale, PS ed EC hanno picchiato un terzo detenuto con calci, pugni e un manico di scopa. Il referto medico del 29 aprile 2021 indica un trauma facciale con frattura del setto nasale e una prognosi di 20 giorni. Durante l&#8217;aggressione, la vittima minacciata di morte.<\/div>\n<\/div>\n<div><strong>\u00a0<\/strong><\/div>\n<div><strong>TAIBON<\/strong> Il 15 aprile 2022, due computer, una bicicletta e uno zaino sono stati rubati dalla scuola elementare di Taibon. DM \u00e8 accusato di furto aggravato, mentre MR \u00e8 accusato di ricettazione. Marcon avrebbe infranto un vetro per introdursi nella scuola e rubare una mountain bike, uno zaino e due computer. La Procura contesta le aggravanti dell&#8217;orario notturno e della violenza sulle cose. L&#8217;udienza predibattimentale \u00e8 stata tenuta davanti al giudice Antonella Coniglio.<\/div>\n<\/div>\n<\/div>\n<\/div>\n<\/div>\n<\/div>\n<\/div>\n<\/div>\n<\/div>\n<\/div>\n<p>&nbsp;<\/p>\n<p>&nbsp;<\/p>\n<hr \/>\n<p>&nbsp;<\/p>\n<blockquote>\n<h2>DOMANI A QUERO LE AVVENTURE DI ULIANA E URBANO<\/h2>\n<\/blockquote>\n<div><strong>Di Silvia Saponaro.\u00a0<\/strong><\/div>\n<div>\n<p><strong>Con Silvia Saponaro e Marco De Martin Modolado<\/strong><\/p>\n<\/div>\n<p><span style=\"color: #000000;\"><strong><a class=\"dt-pswp-item\" href=\"https:\/\/www.radiopiu.net\/wordpress\/wp-content\/uploads\/2024\/01\/418268750_882137007247675_7473436827130938_n.jpg\" data-dt-img-description=\"\" data-large_image_width=\"526\" data-large_image_height=\"275\"><img loading=\"lazy\" decoding=\"async\" class=\" wp-image-371529 alignleft\" src=\"https:\/\/www.radiopiu.net\/wordpress\/wp-content\/uploads\/2024\/01\/418268750_882137007247675_7473436827130938_n-300x157.jpg\" alt=\"\" width=\"269\" height=\"141\" srcset=\"https:\/\/www.radiopiu.net\/wordpress\/wp-content\/uploads\/2024\/01\/418268750_882137007247675_7473436827130938_n-300x157.jpg 300w, https:\/\/www.radiopiu.net\/wordpress\/wp-content\/uploads\/2024\/01\/418268750_882137007247675_7473436827130938_n.jpg 526w\" sizes=\"auto, (max-width: 269px) 100vw, 269px\" \/><\/a>DOMANI:\u00a0<\/strong> alle 20:30 in\u00a0 Sala Bice Lazzari, Via Nazionale, 17, Centro Culturale QUERO (BL), \u00a0Commedia Teatrale OCCHIO PER OCCHIO, DENTIERA PER DENTIERA. LA TRUFFA IMPERFETTA. Organizzato all&#8217;interno della rassegna teatrale &#8220;Quisquilie e Bazzecole&#8221; Una commedia sulle mirabolanti avventure di Uliana e Urbano. Due ottantenni amici da sempre che, ormai stanchi di subire continue truffe e ingiustizie, decidono di vendicarsi sfidando i giovani d\u2019oggi e organizzando \u201cil piano perfetto\u201d per truffarli! La storia di una romanziera cinica e un ex vigile urbano dal cuore tenero.<\/span><\/p>\n<audio class=\"wp-audio-shortcode\" id=\"audio-371366-10\" preload=\"none\" style=\"width: 100%;\" controls=\"controls\"><source type=\"audio\/mpeg\" src=\"https:\/\/www.radiopiu.net\/wordpress\/wp-content\/uploads\/2024\/01\/silvia-e-marco.mp3?_=10\" \/><a href=\"https:\/\/www.radiopiu.net\/wordpress\/wp-content\/uploads\/2024\/01\/silvia-e-marco.mp3\">https:\/\/www.radiopiu.net\/wordpress\/wp-content\/uploads\/2024\/01\/silvia-e-marco.mp3<\/a><\/audio>\n<p>&nbsp;<\/p>\n<p>&nbsp;<\/p>\n<hr \/>\n<p>&nbsp;<\/p>\n<p>&nbsp;<\/p>\n<blockquote>\n<h2>LA &#8220;VOLATA&#8221; IN MONDOVISIONE, SKI AREA SAN PELLEGRINO IN FERMENTO<\/h2>\n<\/blockquote>\n<p><strong>REDAZIONE<\/strong> Ospite in studio Renzo Minella. Occasione per fare il punto su una stagione iniziata bene e proseguita meglio, soprattutto per parlare dell&#8217;importante evento del 24 e 25 febbraio<\/p>\n<p><a class=\"dt-pswp-item\" href=\"https:\/\/www.radiopiu.net\/wordpress\/wp-content\/uploads\/2021\/02\/RENZO-MINELLA.jpg\" data-dt-img-description=\"renzo minella\" data-large_image_width=\"1024\" data-large_image_height=\"682\"><img loading=\"lazy\" decoding=\"async\" class=\"size-medium wp-image-191135 alignleft\" src=\"https:\/\/www.radiopiu.net\/wordpress\/wp-content\/uploads\/2021\/02\/RENZO-MINELLA-300x200.jpg\" alt=\"\" width=\"300\" height=\"200\" srcset=\"https:\/\/www.radiopiu.net\/wordpress\/wp-content\/uploads\/2021\/02\/RENZO-MINELLA-300x200.jpg 300w, https:\/\/www.radiopiu.net\/wordpress\/wp-content\/uploads\/2021\/02\/RENZO-MINELLA-768x512.jpg 768w, https:\/\/www.radiopiu.net\/wordpress\/wp-content\/uploads\/2021\/02\/RENZO-MINELLA.jpg 1024w\" sizes=\"auto, (max-width: 300px) 100vw, 300px\" \/><\/a>Audi Fis Ski World Cup Val di Fassa LA VOLATA. Due gare SuperG di Coppa del Mondo di Sci femminile.\u00a0 Sogno che si avvera,\u00a0 traguardo\u00a0 ambito da tempo.\u00a0 PROGRAMMA: Venerdi 23.02 ore 17.30: Cerimonia di apertura a Moena, sfilata e presentazione sul palco &#8211; \u00a0Sabato 24.02<\/p>\n<p>ore 11.00: SuperG donne &#8211; \u00a0Sabato 24.02 ore 18.00 cerimonia di premiazione in piaz de Sotegrava a Moena &#8211;\u00a0 \u00a0Domenica 25.02 ore 11.00: SuperG donne a seguire premiazioni a Moena-\u00a0 \u00a0Acquisto ticket per gare in tribuna <a class=\"x1i10hfl xjbqb8w x6umtig x1b1mbwd xaqea5y xav7gou x9f619 x1ypdohk xt0psk2 xe8uvvx xdj266r x11i5rnm xat24cr x1mh8g0r xexx8yu x4uap5 x18d9i69 xkhd6sd x16tdsg8 x1hl2dhg xggy1nq x1a2a7pz xt0b8zv x1fey0fg\" tabindex=\"0\" role=\"link\" href=\"http:\/\/www.valdifassaskiworldcup.it\/?fbclid=IwAR1dsJfQD36QxeTg7lK9738DEVH5Y8BZlB1rWXGwM3KWXzCp5hmqt6vVWfk\" target=\"_blank\" rel=\"nofollow noopener noreferrer\">www.valdifassaskiworldcup.it<\/a><\/p>\n<div>\n<div class=\"\" dir=\"auto\">\n<div id=\":rso:\" class=\"x1iorvi4 x1pi30zi x1l90r2v x1swvt13\" data-ad-comet-preview=\"message\" data-ad-preview=\"message\">\n<div class=\"x78zum5 xdt5ytf xz62fqu x16ldp7u\">\n<div class=\"xu06os2 x1ok221b\">\n<div class=\"x11i5rnm xat24cr x1mh8g0r x1vvkbs xtlvy1s x126k92a\">\n<div dir=\"auto\"><span class=\"x3nfvp2 x1j61x8r x1fcty0u xdj266r xhhsvwb xat24cr xgzva0m xxymvpz xlup9mm x1kky2od\"><img loading=\"lazy\" decoding=\"async\" class=\"xz74otr\" src=\"https:\/\/static.xx.fbcdn.net\/images\/emoji.php\/v9\/tde\/1\/16\/1f4f8.png\" alt=\"&#x1f4f8;\" width=\"16\" height=\"16\" \/><\/span> <a class=\"x1i10hfl xjbqb8w x6umtig x1b1mbwd xaqea5y xav7gou x9f619 x1ypdohk xt0psk2 xe8uvvx xdj266r x11i5rnm xat24cr x1mh8g0r xexx8yu x4uap5 x18d9i69 xkhd6sd x16tdsg8 x1hl2dhg xggy1nq x1a2a7pz xt0b8zv x1fey0fg\" tabindex=\"0\" role=\"link\" href=\"https:\/\/www.instagram.com\/_u\/visitvaldifassa?fbclid=IwAR3sC-ra2xrssfEI9gbT5gB-rkSH--I-oSZUpO2YQVBi8HtGfswsne_Q1GQ\" target=\"_blank\" rel=\"nofollow noopener noreferrer\">@visitvaldifassa<\/a><\/div>\n<\/div>\n<\/div>\n<\/div>\n<\/div>\n<\/div>\n<\/div>\n<p>&nbsp;<\/p>\n<p><span style=\"color: #0000ff;\"><strong>AUDIO<\/strong><\/span><\/p>\n<p><span style=\"color: #0000ff;\"><strong>DI MIRKO MEZZACASA\u00a0<\/strong><\/span><\/p>\n<audio class=\"wp-audio-shortcode\" id=\"audio-371366-11\" preload=\"none\" style=\"width: 100%;\" controls=\"controls\"><source type=\"audio\/mpeg\" src=\"https:\/\/www.radiopiu.net\/wordpress\/wp-content\/uploads\/2024\/01\/RENZO-MINELLA-GENNAIO2024.mp3?_=11\" \/><a href=\"https:\/\/www.radiopiu.net\/wordpress\/wp-content\/uploads\/2024\/01\/RENZO-MINELLA-GENNAIO2024.mp3\">https:\/\/www.radiopiu.net\/wordpress\/wp-content\/uploads\/2024\/01\/RENZO-MINELLA-GENNAIO2024.mp3<\/a><\/audio>\n<p>&nbsp;<\/p>\n<p>&nbsp;<\/p>\n<p>&nbsp;<\/p>\n<p><a class=\"dt-pswp-item\" href=\"https:\/\/www.radiopiu.net\/wordpress\/wp-content\/uploads\/2024\/01\/24879839_10215436522653088_4627597992774151896_o.jpg\" data-dt-img-description=\"\" data-large_image_width=\"843\" data-large_image_height=\"534\"><img loading=\"lazy\" decoding=\"async\" class=\"size-medium wp-image-371419 alignleft\" src=\"https:\/\/www.radiopiu.net\/wordpress\/wp-content\/uploads\/2024\/01\/24879839_10215436522653088_4627597992774151896_o-300x190.jpg\" alt=\"\" width=\"300\" height=\"190\" srcset=\"https:\/\/www.radiopiu.net\/wordpress\/wp-content\/uploads\/2024\/01\/24879839_10215436522653088_4627597992774151896_o-300x190.jpg 300w, https:\/\/www.radiopiu.net\/wordpress\/wp-content\/uploads\/2024\/01\/24879839_10215436522653088_4627597992774151896_o-768x486.jpg 768w, https:\/\/www.radiopiu.net\/wordpress\/wp-content\/uploads\/2024\/01\/24879839_10215436522653088_4627597992774151896_o.jpg 843w\" sizes=\"auto, (max-width: 300px) 100vw, 300px\" \/><\/a><span style=\"color: #ff0000;\"><strong>LA STORIA&#8230; QUEL FAVOLOSO INIZIO<\/strong><\/span><\/p>\n<div class=\"xdj266r x11i5rnm xat24cr x1mh8g0r x1vvkbs x126k92a\">\n<div dir=\"auto\"><strong>TAGLIO DEL NASTRO UFFICIALE PER LA VOLATA: L\u2019UNICA PISTA DA SCI DELLA VAL DI FASSA AD ESSERE OMOLOGATA PER GARE NAZIONALI E INTERNAZIONALI DI DISCESA LIBERA E SLALOM GIGANTE. <\/strong><strong>MERCOLED\u00cc 20 E GIOVED\u00cc 21 DICEMBRE PRIMO TEST EVENT CON DUE PROVE DI COPPA EUROPA FEMMINILE<\/strong><\/div>\n<div dir=\"auto\"><\/div>\n<div dir=\"auto\"><strong>9 dicembre 2017, Passo San Pellegrino (TN) \u2013 Si \u00e8 svolta questa mattina al Passo San Pellegrino l\u2019inaugurazione ufficiale della pista La VolatA che scende lungo il versante pi\u00f9 ripido del Col Margherita con un tracciato di 2400 m per 630 m di dislivello e muri che sfiorano la pendenza del 50%.<\/strong><\/div>\n<\/div>\n<div dir=\"auto\"><\/div>\n<div dir=\"auto\"><\/div>\n<div dir=\"auto\">\n<hr \/>\n<\/div>\n<blockquote>\n<h3 dir=\"auto\">LINEA BIANCA\u00a0 DOMANI ALLE 14 RAI UNO<\/h3>\n<\/blockquote>\n<div dir=\"auto\"><strong>REDAZIONE<\/strong> Linea Bianca\u00a0 \u00e8 tornata sulle Dolomiti Bellunesi per girare una puntata dedicata al territorio con un focus intenso e particolare sul Cadore. La troupe della Rai, guidata dal regista Cristiano Strambi, \u00e8 arrivata nel bellunese i primi giorni di gennaio facendo base a Santo Stefano di Cadore. Massimiliano Ossini e Lino Zani, storici conduttori del programma, accompagnati da Giulia Capocchi si sono divisi i compiti e gli argomenti. Tanti gli ospiti intervistati fra i quali, lo scrittore Francesco Vidotto, il musicista e polistrumentista Andrea da Cort\u00e0 e l\u2019olimpionico Ren\u00e9e de Silvestro, atleta paralimpico di San Vito di Cadore. Nella puntata trova spazio anche la storia del gelato fra passato e presente grazie ai maestri gelatieri della Val di Zoldo e al racconto della MIG, la Mostra Internazionale del Gelato ospitato ogni anno a Longarone Fiere<\/div>\n<div dir=\"auto\"><\/div>\n<div dir=\"auto\">\n\n\t\t\t<style type='text\/css'>\n\t\t\t\t#gallery-3 {\n\t\t\t\t\tmargin: auto;\n\t\t\t\t}\n\t\t\t\t#gallery-3 .gallery-item {\n\t\t\t\t\tfloat: left;\n\t\t\t\t\tmargin-top: 10px;\n\t\t\t\t\ttext-align: center;\n\t\t\t\t\twidth: 50%;\n\t\t\t\t}\n\t\t\t\t#gallery-3 img {\n\t\t\t\t\tborder: 2px solid #cfcfcf;\n\t\t\t\t}\n\t\t\t\t#gallery-3 .gallery-caption {\n\t\t\t\t\tmargin-left: 0;\n\t\t\t\t}\n\t\t\t\t\/* see gallery_shortcode() in wp-includes\/media.php *\/\n\t\t\t<\/style>\n\t\t<div id='gallery-3' class='dt-gallery-container gallery galleryid-371366 gallery-columns-2 gallery-size-thumbnail'><dl class='gallery-item'>\n\t\t\t\t<dt class='gallery-icon portrait'>\n\t\t\t\t\t<a class=\"rollover rollover-zoom dt-pswp-item\" title=\"SUSANNA DA CORTA&#039; GENTE DI MONTAGNA E MASSIMILIANO OSSINI\" data-dt-img-description=\"\" data-large_image_width=\"772\" data-large_image_height=\"1122\"href='https:\/\/www.radiopiu.net\/wordpress\/wp-content\/uploads\/2024\/01\/SUSANNA-DA-CORTA-GENTE-DI-MONTAGNA-E-MASSIMILIANO-OSSINI.jpeg'><img loading=\"lazy\" decoding=\"async\" width=\"150\" height=\"150\" src=\"https:\/\/www.radiopiu.net\/wordpress\/wp-content\/uploads\/2024\/01\/SUSANNA-DA-CORTA-GENTE-DI-MONTAGNA-E-MASSIMILIANO-OSSINI-150x150.jpeg\" class=\"attachment-thumbnail size-thumbnail\" alt=\"\" \/><\/a>\n\t\t\t\t<\/dt><\/dl><dl class='gallery-item'>\n\t\t\t\t<dt class='gallery-icon landscape'>\n\t\t\t\t\t<a class=\"rollover rollover-zoom dt-pswp-item\" title=\"STORIA GELATO LINEA BIANCA\" data-dt-img-description=\"\" data-large_image_width=\"1024\" data-large_image_height=\"768\"href='https:\/\/www.radiopiu.net\/wordpress\/wp-content\/uploads\/2024\/01\/STORIA-GELATO-LINEA-BIANCA.jpeg'><img loading=\"lazy\" decoding=\"async\" width=\"150\" height=\"150\" src=\"https:\/\/www.radiopiu.net\/wordpress\/wp-content\/uploads\/2024\/01\/STORIA-GELATO-LINEA-BIANCA-150x150.jpeg\" class=\"attachment-thumbnail size-thumbnail\" alt=\"\" \/><\/a>\n\t\t\t\t<\/dt><\/dl><br style=\"clear: both\" \/>\n\t\t\t<\/div>\n\n<\/div>\n<div dir=\"auto\"><\/div>\n<p>&nbsp;<\/p>\n<hr \/>\n<p>&nbsp;<\/p>\n<p>&nbsp;<\/p>\n<blockquote>\n<h2 style=\"text-align: left;\"><span style=\"color: #000000;\"><a class=\"dt-pswp-item\" href=\"https:\/\/www.radiopiu.net\/wordpress\/wp-content\/uploads\/2020\/03\/spi-2.jpg\" data-dt-img-description=\"\" data-large_image_width=\"300\" data-large_image_height=\"168\"><img loading=\"lazy\" decoding=\"async\" class=\"wp-image-366014 alignleft\" src=\"https:\/\/www.radiopiu.net\/wordpress\/wp-content\/uploads\/2020\/03\/spi-2.jpg\" alt=\"\" width=\"179\" height=\"100\" \/><\/a><\/span><\/h2>\n<h2><\/h2>\n<h2 style=\"text-align: left;\"><span style=\"color: #000000;\">SPI CGIL, IN STUDIO MARITA RITA GENTILIN. PROGRAMMA QUINDICINALE ALLA RADIO, IL GIOVEDI ALLE 10.30 E 1900<\/span><\/h2>\n<\/blockquote>\n<h2><span style=\"color: #000000;\">di mirko mezzacasa<\/span><\/h2>\n<p>AUDIO<\/p>\n<audio class=\"wp-audio-shortcode\" id=\"audio-371366-12\" preload=\"none\" style=\"width: 100%;\" controls=\"controls\"><source type=\"audio\/mpeg\" src=\"https:\/\/www.radiopiu.net\/wordpress\/wp-content\/uploads\/2024\/01\/maria-rita-gentilin-GENNAIO-2024.mp3?_=12\" \/><a href=\"https:\/\/www.radiopiu.net\/wordpress\/wp-content\/uploads\/2024\/01\/maria-rita-gentilin-GENNAIO-2024.mp3\">https:\/\/www.radiopiu.net\/wordpress\/wp-content\/uploads\/2024\/01\/maria-rita-gentilin-GENNAIO-2024.mp3<\/a><\/audio>\n<p>&nbsp;<\/p>\n<p>&nbsp;<\/p>\n<hr \/>\n<p>&nbsp;<\/p>\n<blockquote>\n<h3>OGGI ALLA RADIO IL DOTTOR CESARE DAL BO, APRE IL NUOVO CICLO DI INTERVISTE DAL POLIAMBULATORIO<\/h3>\n<\/blockquote>\n<p><a class=\"dt-pswp-item\" href=\"https:\/\/www.radiopiu.net\/wordpress\/wp-content\/uploads\/2024\/01\/th-6.jpg\" data-dt-img-description=\"\" data-large_image_width=\"270\" data-large_image_height=\"180\"><img loading=\"lazy\" decoding=\"async\" class=\"size-full wp-image-371476 alignleft\" src=\"https:\/\/www.radiopiu.net\/wordpress\/wp-content\/uploads\/2024\/01\/th-6.jpg\" alt=\"\" width=\"270\" height=\"180\" \/><\/a><strong>REDAZIONE<\/strong> Oggi alle 10.30 e 19.00 ritorna 120-80 le interviste con i professionisti del Poliambulatorio agordino. Prima puntata della nuova stagione con il direttore del Poliambulatorio, il dottor Cesare Dal Bo&#8217;.<\/p>\n<div class=\"flex-1 overflow-hidden\">\n<div class=\"react-scroll-to-bottom--css-dczyc-79elbk h-full\">\n<div class=\"react-scroll-to-bottom--css-dczyc-1n7m0yu\">\n<div class=\"flex flex-col pb-9 text-sm\">\n<div class=\"w-full text-token-text-primary\" data-testid=\"conversation-turn-29\">\n<div class=\"px-4 py-2 justify-center text-base md:gap-6 m-auto\">\n<div class=\"flex flex-1 text-base mx-auto gap-3 md:px-5 lg:px-1 xl:px-5 md:max-w-3xl lg:max-w-[40rem] xl:max-w-[48rem] group final-completion\">\n<div class=\"relative flex w-full flex-col lg:w-[calc(100%-115px)] agent-turn\">\n<div class=\"flex-col gap-1 md:gap-3\">\n<div class=\"flex flex-grow flex-col max-w-full\">\n<div class=\"min-h-[20px] text-message flex flex-col items-start gap-3 whitespace-pre-wrap break-words [.text-message+&amp;]:mt-5 overflow-x-auto\" data-message-author-role=\"assistant\" data-message-id=\"21fe5f13-b337-4e39-9b04-05b88512ce8c\">\n<div class=\"markdown prose w-full break-words dark:prose-invert dark\">\n<p><strong>&#8220;Equilibrio Intestinale con il Dr. Dal Bo&#8221;:\u00a0 <\/strong>\u00a0Questo \u00e8 il Dr. Dal Bo, esperto in salute intestinale. Domande su yogurt, kefir, e la tua flora batterica intestinale? Ascolta la sua intervista approfondita! \u00a0Scopri cosa sono i fermenti lattici, come mantenerli &#8220;vivi&#8221; e perch\u00e9 sono vitali per la tua salute intestinale.\u00a0 Il Dr. Dal Bo spiega come ristabilire l&#8217;equilibrio intestinale e affrontare disturbi come gonfiore, stanchezza e problemi di digestione. \u00a0Non perdere i consigli su probiotici e il test per la disbiosi intestinale. La tua salute parte dall&#8217;intestino! \u00a0Ascolta il Dr. Dal Bo e scopri come migliorare il tuo benessere intestinale. Non sottovalutare i segnali del tuo corpo! &#8220;Equilibrio Intestinale con il Dr. Dal Bo&#8221;. Un appuntamento radiofonico per una vita pi\u00f9 sana, domani alla radio.<\/p>\n<\/div>\n<\/div>\n<\/div>\n<\/div>\n<\/div>\n<\/div>\n<\/div>\n<\/div>\n<\/div>\n<\/div>\n<\/div>\n<\/div>\n<h2>STAGIONE 2023 <strong><a href=\"https:\/\/www.radiopiu.net\/wordpress\/i-professionisti-del-poliambulatorio-agordino-le-interviste-stagione-2023\/\">CLICCA QUI\u00a0<\/a><\/strong><\/h2>\n<p>&nbsp;<\/p>\n<hr \/>\n<p>&nbsp;<\/p>\n<h2>DOMANI A SAN TOMASO CON L&#8217;ASSOCIAZIONE ORTI RUPESTRI. &#8220;IL FAGIOLO&#8221;<\/h2>\n<p><b>lo speciale alla radio, di mirko mezzacasa<\/b><\/p>\n<p>OSPITI Moreno De Val, Maria Jos\u00e8 Gaiardo e Renato Da Ronch<\/p>\n<audio class=\"wp-audio-shortcode\" id=\"audio-371366-13\" preload=\"none\" style=\"width: 100%;\" controls=\"controls\"><source type=\"audio\/mpeg\" src=\"https:\/\/www.radiopiu.net\/wordpress\/wp-content\/uploads\/2024\/01\/san-tomaso-orti-rupestri.mp3?_=13\" \/><a href=\"https:\/\/www.radiopiu.net\/wordpress\/wp-content\/uploads\/2024\/01\/san-tomaso-orti-rupestri.mp3\">https:\/\/www.radiopiu.net\/wordpress\/wp-content\/uploads\/2024\/01\/san-tomaso-orti-rupestri.mp3<\/a><\/audio>\n<p>&nbsp;<\/p>\n<p><a class=\"dt-pswp-item\" href=\"https:\/\/www.radiopiu.net\/wordpress\/wp-content\/uploads\/2024\/01\/Senza-nome-66.png\" data-dt-img-description=\"\" data-large_image_width=\"636\" data-large_image_height=\"740\"><img loading=\"lazy\" decoding=\"async\" class=\"size-medium wp-image-370730 aligncenter\" src=\"https:\/\/www.radiopiu.net\/wordpress\/wp-content\/uploads\/2024\/01\/Senza-nome-66-258x300.png\" alt=\"\" width=\"258\" height=\"300\" srcset=\"https:\/\/www.radiopiu.net\/wordpress\/wp-content\/uploads\/2024\/01\/Senza-nome-66-258x300.png 258w, https:\/\/www.radiopiu.net\/wordpress\/wp-content\/uploads\/2024\/01\/Senza-nome-66.png 636w\" sizes=\"auto, (max-width: 258px) 100vw, 258px\" \/><\/a><\/p>\n<p>&nbsp;<\/p>\n<p>&nbsp;<\/p>\n<hr \/>\n<p>&nbsp;<\/p>\n<p>&nbsp;<\/p>\n<blockquote>\n<h3>RIASCOLTIAMOLI&#8230; DAL DARLIN DI LUISA ALCHINI<\/h3>\n<\/blockquote>\n<p><img loading=\"lazy\" decoding=\"async\" class=\"alignleft\" src=\"https:\/\/www.radiopiu.net\/wordpress\/wp-content\/uploads\/2022\/02\/LUISA-ALCHINI-300x300.jpg\" width=\"151\" height=\"151\" \/>REDAZIONE Dalla prossima settimana Luisa Alchini riproporr\u00e0 un programma di successo ed emozioni. Sar\u00e0 in onda alle 15 e in serata alle 20.30<\/p>\n<p>EL DARLIN&#8230; RIASCOLTIAMOLI. EMOZIONI ALLA RADIO. DAGLI ARCHIVI DI RADIO PIU&#8217; TESTIMONIANZE DI VITA, LEZIONI DAL TERRITORIO. I NOSTRI ANZIANI, LE LORO STORIE. alla radio&#8230; il martedi alle 15.00 e alle 20.30<\/p>\n<p>&nbsp;<\/p>\n<p>&nbsp;<\/p>\n<p><span style=\"color: #ff0000;\">l&#8217;invito di Luisa<\/span><\/p>\n<audio class=\"wp-audio-shortcode\" id=\"audio-371366-14\" preload=\"none\" style=\"width: 100%;\" controls=\"controls\"><source type=\"audio\/mpeg\" src=\"https:\/\/www.radiopiu.net\/wordpress\/wp-content\/uploads\/2024\/01\/DARLIN-PROMO-GENNAIO-24.mp3?_=14\" \/><a href=\"https:\/\/www.radiopiu.net\/wordpress\/wp-content\/uploads\/2024\/01\/DARLIN-PROMO-GENNAIO-24.mp3\">https:\/\/www.radiopiu.net\/wordpress\/wp-content\/uploads\/2024\/01\/DARLIN-PROMO-GENNAIO-24.mp3<\/a><\/audio>\n<p>&nbsp;<\/p>\n<h1><strong>da MARTEDI 30 GENNAIO CON:<\/strong><\/h1>\n\n\t\t\t<style type='text\/css'>\n\t\t\t\t#gallery-4 {\n\t\t\t\t\tmargin: auto;\n\t\t\t\t}\n\t\t\t\t#gallery-4 .gallery-item {\n\t\t\t\t\tfloat: left;\n\t\t\t\t\tmargin-top: 10px;\n\t\t\t\t\ttext-align: center;\n\t\t\t\t\twidth: 20%;\n\t\t\t\t}\n\t\t\t\t#gallery-4 img {\n\t\t\t\t\tborder: 2px solid #cfcfcf;\n\t\t\t\t}\n\t\t\t\t#gallery-4 .gallery-caption {\n\t\t\t\t\tmargin-left: 0;\n\t\t\t\t}\n\t\t\t\t\/* see gallery_shortcode() in wp-includes\/media.php *\/\n\t\t\t<\/style>\n\t\t<div id='gallery-4' class='dt-gallery-container gallery galleryid-371366 gallery-columns-5 gallery-size-thumbnail'><dl class='gallery-item'>\n\t\t\t\t<dt class='gallery-icon landscape'>\n\t\t\t\t\t<a class=\"rollover rollover-zoom dt-pswp-item\" title=\"13173_772734642834768_7691700968631314734_n\" data-dt-img-description=\"\" data-large_image_width=\"960\" data-large_image_height=\"720\"href='https:\/\/www.radiopiu.net\/wordpress\/wp-content\/uploads\/2024\/01\/13173_772734642834768_7691700968631314734_n.jpg'><img loading=\"lazy\" decoding=\"async\" width=\"150\" height=\"150\" src=\"https:\/\/www.radiopiu.net\/wordpress\/wp-content\/uploads\/2024\/01\/13173_772734642834768_7691700968631314734_n-150x150.jpg\" class=\"attachment-thumbnail size-thumbnail\" alt=\"\" aria-describedby=\"gallery-4-371412\" \/><\/a>\n\t\t\t\t<\/dt>\n\t\t\t\t\t<dd class='wp-caption-text gallery-caption' id='gallery-4-371412'>\n\t\t\t\t\tRENZO GAVAZ\n\t\t\t\t\t<\/dd><\/dl><dl class='gallery-item'>\n\t\t\t\t<dt class='gallery-icon portrait'>\n\t\t\t\t\t<a class=\"rollover rollover-zoom dt-pswp-item\" title=\"1263791_471821186259450_688084720_o\" data-dt-img-description=\"\" data-large_image_width=\"640\" data-large_image_height=\"960\"href='https:\/\/www.radiopiu.net\/wordpress\/wp-content\/uploads\/2024\/01\/1263791_471821186259450_688084720_o.jpg'><img loading=\"lazy\" decoding=\"async\" width=\"150\" height=\"150\" src=\"https:\/\/www.radiopiu.net\/wordpress\/wp-content\/uploads\/2024\/01\/1263791_471821186259450_688084720_o-150x150.jpg\" class=\"attachment-thumbnail size-thumbnail\" alt=\"\" aria-describedby=\"gallery-4-371413\" \/><\/a>\n\t\t\t\t<\/dt>\n\t\t\t\t\t<dd class='wp-caption-text gallery-caption' id='gallery-4-371413'>\n\t\t\t\t\tDARIO DE DONA&#8217;\n\t\t\t\t\t<\/dd><\/dl><dl class='gallery-item'>\n\t\t\t\t<dt class='gallery-icon portrait'>\n\t\t\t\t\t<a class=\"rollover rollover-zoom dt-pswp-item\" title=\"10349966_10200992395091797_7982296456602109470_n\" data-dt-img-description=\"\" data-large_image_width=\"720\" data-large_image_height=\"960\"href='https:\/\/www.radiopiu.net\/wordpress\/wp-content\/uploads\/2024\/01\/10349966_10200992395091797_7982296456602109470_n.jpg'><img loading=\"lazy\" decoding=\"async\" width=\"150\" height=\"150\" src=\"https:\/\/www.radiopiu.net\/wordpress\/wp-content\/uploads\/2024\/01\/10349966_10200992395091797_7982296456602109470_n-150x150.jpg\" class=\"attachment-thumbnail size-thumbnail\" alt=\"\" aria-describedby=\"gallery-4-371415\" \/><\/a>\n\t\t\t\t<\/dt>\n\t\t\t\t\t<dd class='wp-caption-text gallery-caption' id='gallery-4-371415'>\n\t\t\t\t\tOTTORINO SOPPELSA\n\t\t\t\t\t<\/dd><\/dl><dl class='gallery-item'>\n\t\t\t\t<dt class='gallery-icon landscape'>\n\t\t\t\t\t<a class=\"rollover rollover-zoom dt-pswp-item\" title=\"12039188_871127199662178_745759660719437329_n\" data-dt-img-description=\"\" data-large_image_width=\"960\" data-large_image_height=\"720\"href='https:\/\/www.radiopiu.net\/wordpress\/wp-content\/uploads\/2024\/01\/12039188_871127199662178_745759660719437329_n.jpg'><img loading=\"lazy\" decoding=\"async\" width=\"150\" height=\"150\" src=\"https:\/\/www.radiopiu.net\/wordpress\/wp-content\/uploads\/2024\/01\/12039188_871127199662178_745759660719437329_n-150x150.jpg\" class=\"attachment-thumbnail size-thumbnail\" alt=\"\" aria-describedby=\"gallery-4-371416\" \/><\/a>\n\t\t\t\t<\/dt>\n\t\t\t\t\t<dd class='wp-caption-text gallery-caption' id='gallery-4-371416'>\n\t\t\t\t\tMARIA MADDALENA SIEF\n\t\t\t\t\t<\/dd><\/dl><dl class='gallery-item'>\n\t\t\t\t<dt class='gallery-icon landscape'>\n\t\t\t\t\t<a class=\"rollover rollover-zoom dt-pswp-item\" title=\"1920568_695938213847745_9206734997539198338_n\" data-dt-img-description=\"\" data-large_image_width=\"960\" data-large_image_height=\"720\"href='https:\/\/www.radiopiu.net\/wordpress\/wp-content\/uploads\/2024\/01\/1920568_695938213847745_9206734997539198338_n.jpg'><img loading=\"lazy\" decoding=\"async\" width=\"150\" height=\"150\" src=\"https:\/\/www.radiopiu.net\/wordpress\/wp-content\/uploads\/2024\/01\/1920568_695938213847745_9206734997539198338_n-150x150.jpg\" class=\"attachment-thumbnail size-thumbnail\" alt=\"\" aria-describedby=\"gallery-4-371414\" \/><\/a>\n\t\t\t\t<\/dt>\n\t\t\t\t\t<dd class='wp-caption-text gallery-caption' id='gallery-4-371414'>\n\t\t\t\t\tBENIGNO PELLEGRINI\n\t\t\t\t\t<\/dd><\/dl><br style=\"clear: both\" \/>\n\t\t\t<\/div>\n\n<p>&nbsp;<\/p>\n<p>&nbsp;<\/p>\n<hr \/>\n<p>&nbsp;<\/p>\n<blockquote>\n<h2>IN ROTAZIONE ALLA RADIO I RAGAZZI DELLA SECONDA MEDIA DI SEDICO<\/h2>\n<\/blockquote>\n<p><span style=\"font-size: large;\"><a class=\"dt-pswp-item\" href=\"https:\/\/www.radiopiu.net\/wordpress\/wp-content\/uploads\/2023\/01\/download-8.jpg\" data-dt-img-description=\"\" data-large_image_width=\"236\" data-large_image_height=\"214\"><img loading=\"lazy\" decoding=\"async\" class=\" wp-image-317820 alignleft\" src=\"https:\/\/www.radiopiu.net\/wordpress\/wp-content\/uploads\/2023\/01\/download-8.jpg\" alt=\"\" width=\"178\" height=\"161\" \/><\/a><strong>SEDICO.<\/strong> Tutti contro il cancro. Con questo slogan gli alunni delle classi seconde della scuola media \u201cUgo Foscolo\u201d di Sedico invitano la popolazione a partecipare alla raccolta fondi promossa dall\u2019Airc-Associazione italiana ricerca sul cancro che si svolger\u00e0 nel fine settimana con la vendita in tutta Italia delle \u201cArance della salute\u201d. <\/span><span style=\"font-size: large;\">A Sedico i protagonisti attivi di questa iniziativa saranno, come nel 2023, proprio gli alunni delle medie.<\/span><\/p>\n<blockquote><p><em>\u201c<\/em><span style=\"font-size: large;\"><em>Lo scopo del nostro annuncio \u2013 dicono i ragazzi &#8211; \u00e8 quello di invitare tutti voi alla vendita delle arance dell\u2019Airc sponsorizzata dalla nostra scuola al supermercato Kanguro di Sedico domani pomeriggio dalle 14.30 alle 18.30 e domenica mattina dalle 9 alle 13 davanti alla chiesa parrocchiale di <\/em><\/span><em style=\"font-size: large;\">Sedic<\/em><span style=\"font-size: large;\">o\u201d.\u00a0<\/span><\/p>\n\n\t\t\t<style type='text\/css'>\n\t\t\t\t#gallery-5 {\n\t\t\t\t\tmargin: auto;\n\t\t\t\t}\n\t\t\t\t#gallery-5 .gallery-item {\n\t\t\t\t\tfloat: left;\n\t\t\t\t\tmargin-top: 10px;\n\t\t\t\t\ttext-align: center;\n\t\t\t\t\twidth: 33%;\n\t\t\t\t}\n\t\t\t\t#gallery-5 img {\n\t\t\t\t\tborder: 2px solid #cfcfcf;\n\t\t\t\t}\n\t\t\t\t#gallery-5 .gallery-caption {\n\t\t\t\t\tmargin-left: 0;\n\t\t\t\t}\n\t\t\t\t\/* see gallery_shortcode() in wp-includes\/media.php *\/\n\t\t\t<\/style>\n\t\t<div id='gallery-5' class='dt-gallery-container gallery galleryid-371366 gallery-columns-3 gallery-size-thumbnail'><dl class='gallery-item'>\n\t\t\t\t<dt class='gallery-icon landscape'>\n\t\t\t\t\t<a class=\"rollover rollover-zoom dt-pswp-item\" title=\"cb5802cf-7ff6-436f-9e1a-16ebaf4c455e\" data-dt-img-description=\"\" data-large_image_width=\"1920\" data-large_image_height=\"1080\"href='https:\/\/www.radiopiu.net\/wordpress\/wp-content\/uploads\/2024\/01\/cb5802cf-7ff6-436f-9e1a-16ebaf4c455e-e1706189679581.jpg'><img loading=\"lazy\" decoding=\"async\" width=\"150\" height=\"150\" src=\"https:\/\/www.radiopiu.net\/wordpress\/wp-content\/uploads\/2024\/01\/cb5802cf-7ff6-436f-9e1a-16ebaf4c455e-e1706189679581-150x150.jpg\" class=\"attachment-thumbnail size-thumbnail\" alt=\"\" \/><\/a>\n\t\t\t\t<\/dt><\/dl><dl class='gallery-item'>\n\t\t\t\t<dt class='gallery-icon portrait'>\n\t\t\t\t\t<a class=\"rollover rollover-zoom dt-pswp-item\" title=\"1c33d614-f1c7-47b1-b3fe-baa015a574e2\" data-dt-img-description=\"\" data-large_image_width=\"938\" data-large_image_height=\"1374\"href='https:\/\/www.radiopiu.net\/wordpress\/wp-content\/uploads\/2024\/01\/1c33d614-f1c7-47b1-b3fe-baa015a574e2.jpg'><img loading=\"lazy\" decoding=\"async\" width=\"150\" height=\"150\" src=\"https:\/\/www.radiopiu.net\/wordpress\/wp-content\/uploads\/2024\/01\/1c33d614-f1c7-47b1-b3fe-baa015a574e2-150x150.jpg\" class=\"attachment-thumbnail size-thumbnail\" alt=\"\" \/><\/a>\n\t\t\t\t<\/dt><\/dl><dl class='gallery-item'>\n\t\t\t\t<dt class='gallery-icon landscape'>\n\t\t\t\t\t<a class=\"rollover rollover-zoom dt-pswp-item\" title=\"3b961e5d-d354-432f-8830-94911e3b2663\" data-dt-img-description=\"\" data-large_image_width=\"1600\" data-large_image_height=\"1310\"href='https:\/\/www.radiopiu.net\/wordpress\/wp-content\/uploads\/2024\/01\/3b961e5d-d354-432f-8830-94911e3b2663.jpg'><img loading=\"lazy\" decoding=\"async\" width=\"150\" height=\"150\" src=\"https:\/\/www.radiopiu.net\/wordpress\/wp-content\/uploads\/2024\/01\/3b961e5d-d354-432f-8830-94911e3b2663-150x150.jpg\" class=\"attachment-thumbnail size-thumbnail\" alt=\"\" \/><\/a>\n\t\t\t\t<\/dt><\/dl><br style=\"clear: both\" \/><dl class='gallery-item'>\n\t\t\t\t<dt class='gallery-icon landscape'>\n\t\t\t\t\t<a class=\"rollover rollover-zoom dt-pswp-item\" title=\"d39e4201-863b-4f90-b027-538c854f1ae9\" data-dt-img-description=\"\" data-large_image_width=\"1600\" data-large_image_height=\"1147\"href='https:\/\/www.radiopiu.net\/wordpress\/wp-content\/uploads\/2024\/01\/d39e4201-863b-4f90-b027-538c854f1ae9.jpg'><img loading=\"lazy\" decoding=\"async\" width=\"150\" height=\"150\" src=\"https:\/\/www.radiopiu.net\/wordpress\/wp-content\/uploads\/2024\/01\/d39e4201-863b-4f90-b027-538c854f1ae9-150x150.jpg\" class=\"attachment-thumbnail size-thumbnail\" alt=\"\" \/><\/a>\n\t\t\t\t<\/dt><\/dl><dl class='gallery-item'>\n\t\t\t\t<dt class='gallery-icon landscape'>\n\t\t\t\t\t<a class=\"rollover rollover-zoom dt-pswp-item\" title=\"5b8cf69d-67fb-41a3-97ad-c91a126a079d\" data-dt-img-description=\"\" data-large_image_width=\"1353\" data-large_image_height=\"992\"href='https:\/\/www.radiopiu.net\/wordpress\/wp-content\/uploads\/2024\/01\/5b8cf69d-67fb-41a3-97ad-c91a126a079d.jpg'><img loading=\"lazy\" decoding=\"async\" width=\"150\" height=\"150\" src=\"https:\/\/www.radiopiu.net\/wordpress\/wp-content\/uploads\/2024\/01\/5b8cf69d-67fb-41a3-97ad-c91a126a079d-150x150.jpg\" class=\"attachment-thumbnail size-thumbnail\" alt=\"\" \/><\/a>\n\t\t\t\t<\/dt><\/dl><dl class='gallery-item'>\n\t\t\t\t<dt class='gallery-icon portrait'>\n\t\t\t\t\t<a class=\"rollover rollover-zoom dt-pswp-item\" title=\"91ce9ea4-128e-4d9c-a51c-67f1c913e6a6\" data-dt-img-description=\"\" data-large_image_width=\"1064\" data-large_image_height=\"1512\"href='https:\/\/www.radiopiu.net\/wordpress\/wp-content\/uploads\/2024\/01\/91ce9ea4-128e-4d9c-a51c-67f1c913e6a6.jpg'><img loading=\"lazy\" decoding=\"async\" width=\"150\" height=\"150\" src=\"https:\/\/www.radiopiu.net\/wordpress\/wp-content\/uploads\/2024\/01\/91ce9ea4-128e-4d9c-a51c-67f1c913e6a6-150x150.jpg\" class=\"attachment-thumbnail size-thumbnail\" alt=\"\" \/><\/a>\n\t\t\t\t<\/dt><\/dl><br style=\"clear: both\" \/>\n\t\t\t<\/div>\n\n<p><strong>L&#8217;INVITO ALLA RADIO, I JINGLE REALIZZATI DAGLI STUDENTI IN ROTAZIONE&#8230;\u00a0\u00a0<\/strong><\/p>\n<p><span style=\"font-size: large;\">\u00a0<\/span><\/p><\/blockquote>\n<p>&nbsp;<\/p>\n<p><strong>L&#8217;INVITO ALLA RADIO, I JINGLE REALIZZATI DAGLI STUDENTI IN ROTAZIONE&#8230;\u00a0\u00a0<\/strong><\/p>\n<p>1<\/p>\n<audio class=\"wp-audio-shortcode\" id=\"audio-371366-15\" preload=\"none\" style=\"width: 100%;\" controls=\"controls\"><source type=\"audio\/mpeg\" src=\"https:\/\/www.radiopiu.net\/wordpress\/wp-content\/uploads\/2024\/01\/ARANCE-1.mp3?_=15\" \/><a href=\"https:\/\/www.radiopiu.net\/wordpress\/wp-content\/uploads\/2024\/01\/ARANCE-1.mp3\">https:\/\/www.radiopiu.net\/wordpress\/wp-content\/uploads\/2024\/01\/ARANCE-1.mp3<\/a><\/audio>\n<p>&nbsp;<\/p>\n<p>2<\/p>\n<audio class=\"wp-audio-shortcode\" id=\"audio-371366-16\" preload=\"none\" style=\"width: 100%;\" controls=\"controls\"><source type=\"audio\/mpeg\" src=\"https:\/\/www.radiopiu.net\/wordpress\/wp-content\/uploads\/2024\/01\/ARANCE-2.mp3?_=16\" \/><a href=\"https:\/\/www.radiopiu.net\/wordpress\/wp-content\/uploads\/2024\/01\/ARANCE-2.mp3\">https:\/\/www.radiopiu.net\/wordpress\/wp-content\/uploads\/2024\/01\/ARANCE-2.mp3<\/a><\/audio>\n<p>&nbsp;<\/p>\n<p>3<\/p>\n<audio class=\"wp-audio-shortcode\" id=\"audio-371366-17\" preload=\"none\" style=\"width: 100%;\" controls=\"controls\"><source type=\"audio\/mpeg\" src=\"https:\/\/www.radiopiu.net\/wordpress\/wp-content\/uploads\/2024\/01\/ARANCE-3.mp3?_=17\" \/><a href=\"https:\/\/www.radiopiu.net\/wordpress\/wp-content\/uploads\/2024\/01\/ARANCE-3.mp3\">https:\/\/www.radiopiu.net\/wordpress\/wp-content\/uploads\/2024\/01\/ARANCE-3.mp3<\/a><\/audio>\n<p>&nbsp;<\/p>\n<p>4<\/p>\n<audio class=\"wp-audio-shortcode\" id=\"audio-371366-18\" preload=\"none\" style=\"width: 100%;\" controls=\"controls\"><source type=\"audio\/mpeg\" src=\"https:\/\/www.radiopiu.net\/wordpress\/wp-content\/uploads\/2024\/01\/ARANCE-4.mp3?_=18\" \/><a href=\"https:\/\/www.radiopiu.net\/wordpress\/wp-content\/uploads\/2024\/01\/ARANCE-4.mp3\">https:\/\/www.radiopiu.net\/wordpress\/wp-content\/uploads\/2024\/01\/ARANCE-4.mp3<\/a><\/audio>\n<p>&nbsp;<\/p>\n<p>5<\/p>\n<audio class=\"wp-audio-shortcode\" id=\"audio-371366-19\" preload=\"none\" style=\"width: 100%;\" controls=\"controls\"><source type=\"audio\/mpeg\" src=\"https:\/\/www.radiopiu.net\/wordpress\/wp-content\/uploads\/2024\/01\/ARANCE-5.mp3?_=19\" \/><a href=\"https:\/\/www.radiopiu.net\/wordpress\/wp-content\/uploads\/2024\/01\/ARANCE-5.mp3\">https:\/\/www.radiopiu.net\/wordpress\/wp-content\/uploads\/2024\/01\/ARANCE-5.mp3<\/a><\/audio>\n<p>&nbsp;<\/p>\n<p>&nbsp;<\/p>\n<p>&nbsp;<\/p>\n<hr \/>\n<p>&nbsp;<\/p>\n<h2><span style=\"color: #ff0000;\">GLI APPUNTAMENTI PER LA GIORNATA DELLA MEMORIA<\/span><\/h2>\n<blockquote>\n<h3>TRE GLI APPUNTAMENTI PROMOSSI DAL COMUNE DI FELTRE PER LA GIORNATA DELA MEMORIA<\/h3>\n<\/blockquote>\n<p><strong><a class=\"dt-pswp-item\" href=\"https:\/\/www.radiopiu.net\/wordpress\/wp-content\/uploads\/2022\/01\/1637310723897_Giornata-della-Memoria.jpg\" data-dt-img-description=\"\" data-large_image_width=\"1900\" data-large_image_height=\"1069\"><img loading=\"lazy\" decoding=\"async\" class=\" wp-image-256367 alignleft\" src=\"https:\/\/www.radiopiu.net\/wordpress\/wp-content\/uploads\/2022\/01\/1637310723897_Giornata-della-Memoria-300x169.jpg\" alt=\"\" width=\"167\" height=\"94\" srcset=\"https:\/\/www.radiopiu.net\/wordpress\/wp-content\/uploads\/2022\/01\/1637310723897_Giornata-della-Memoria-300x169.jpg 300w, https:\/\/www.radiopiu.net\/wordpress\/wp-content\/uploads\/2022\/01\/1637310723897_Giornata-della-Memoria-1024x576.jpg 1024w, https:\/\/www.radiopiu.net\/wordpress\/wp-content\/uploads\/2022\/01\/1637310723897_Giornata-della-Memoria-768x432.jpg 768w, https:\/\/www.radiopiu.net\/wordpress\/wp-content\/uploads\/2022\/01\/1637310723897_Giornata-della-Memoria-1536x864.jpg 1536w, https:\/\/www.radiopiu.net\/wordpress\/wp-content\/uploads\/2022\/01\/1637310723897_Giornata-della-Memoria.jpg 1900w\" sizes=\"auto, (max-width: 167px) 100vw, 167px\" \/><\/a>FELTRE<\/strong> Il Comune di Feltre organizza tre eventi in occasione della Giornata della Memoria il 27 gennaio presso la Galleria d&#8217;arte moderna &#8220;Carlo Rizzarda&#8221;. La mattina, uno specifico incontro per le scuole esplorer\u00e0 la figura di Aldo Carpi, con una visita guidata alla Collezione Rizzarda e la lettura di brani dal Diario di Gusen, che documenta la sua prigionia nel Campo di concentramento di Gusen durante la Seconda Guerra Mondiale. Nel pomeriggio, una visita guidata alla Collezione Rizzarda approfondir\u00e0 la vita e le opere di Aldo Carpi, seguita da una lettura di brani dal Diario di Gusen a cura del gruppo Bizzarri Lettori. In serata, il gruppo Lettori Vaganti proporr\u00e0 un reading dal titolo &#8220;La forza della memoria&#8221;, con letture di brani selezionati da libri che ripercorrono le tappe storiche fino al 27 gennaio 1945. L&#8217;evento serale \u00e8 a ingresso libero fino a esaurimento posti.<\/p>\n<p>&nbsp;<\/p>\n<blockquote>\n<h3 class=\"moz-quote-pre\">GIORNATA DELLA MEMORIA 2024<\/h3>\n<\/blockquote>\n<p><a class=\"dt-pswp-item\" href=\"https:\/\/www.radiopiu.net\/wordpress\/wp-content\/uploads\/2024\/01\/2024-01-04-SANDALI_0A-1.jpg\" data-dt-img-description=\"\" data-large_image_width=\"1024\" data-large_image_height=\"726\"><img loading=\"lazy\" decoding=\"async\" class=\" wp-image-371166 alignleft\" src=\"https:\/\/www.radiopiu.net\/wordpress\/wp-content\/uploads\/2024\/01\/2024-01-04-SANDALI_0A-1-300x213.jpg\" alt=\"\" width=\"237\" height=\"168\" srcset=\"https:\/\/www.radiopiu.net\/wordpress\/wp-content\/uploads\/2024\/01\/2024-01-04-SANDALI_0A-1-300x213.jpg 300w, https:\/\/www.radiopiu.net\/wordpress\/wp-content\/uploads\/2024\/01\/2024-01-04-SANDALI_0A-1-768x545.jpg 768w, https:\/\/www.radiopiu.net\/wordpress\/wp-content\/uploads\/2024\/01\/2024-01-04-SANDALI_0A-1.jpg 1024w\" sizes=\"auto, (max-width: 237px) 100vw, 237px\" \/><\/a>Il 27 gennaio 2024, alle ore 15:30, il Museo dei Sogni e della Memoria all&#8217;Arcobaleno &#8217;86 a Feltre ospiter\u00e0 la Giornata della Memoria con un programma significativo. Sar\u00e0 presente il &#8220;Carro dei Deportati&#8221; per un momento di riflessione. Nella Sala Riboldi, il celebre scultore Gilberto Perlotto di Trissino consegner\u00e0 sandali in ferro battuto in memoria di San Massimiliano Kolbe. Angelo Gatto di Sant&#8217;Andrea oltre Musone, deportato nel 1943, sar\u00e0 onorato con la consegna di ciabatte per il Cammino verso la Notte Santa. Gatto, coraggioso, ide\u00f2 un cimitero per deportati, raccogliendo nelle bottiglie vuote le piastrine identificative, consentendo il riconoscimento delle vittime di Bergen-Belsen. La sezione &#8220;La Memoria del Futuro&#8221; prevede la consegna di oltre 120 terre simbolo a volontari, operatori, sostenitori, giovani e collaboratori della Comunit\u00e0 di Villa San Francesco e Arcobaleno &#8217;86. Inoltre, si commemorano i 20 anni dalla morte del vescovo salesiano Vincenzo Savio. Quest&#8217;evento conclude il 75\u00b0 anno di vita della Comunit\u00e0.<\/p>\n<p>&nbsp;<\/p>\n<blockquote>\n<h3>UN FILM PER LA GIORNATA DELLA MEMORIA<\/h3>\n<\/blockquote>\n<p><strong>BELLUNO<\/strong> La Camera del Lavoro di Belluno e lo SPI CGIL di Belluno, insieme ai suoi presidi territoriali, hanno organizzato la proiezione del film &#8220;Concorrenza sleale&#8221; in diversi luoghi della provincia per commemorare il Giorno della Memoria. Il percorso inizia con la prima proiezione a Belluno il 26 gennaio, seguita da altre a Feltre il 27, ad Agordo (Biblioteca) il 29, a Tai di Cadore il 30 e a Pieve di Cadore il 31. Il film, diretto da Ettore Scola, racconta la vicenda di due commercianti di stoffa a Roma nel 1938, i cui rapporti inizialmente conflittuali si trasformano in un legame di amicizia e fratellanza dopo l&#8217;introduzione delle leggi razziali. L&#8217;iniziativa mira a ricordare le vittime della Shoah e delle leggi razziali, cos\u00ec come coloro che si opposero a tali ingiustizie.<\/p>\n<p>&nbsp;<\/p>\n<p>&nbsp;<\/p>\n<hr \/>\n<p>&nbsp;<\/p>\n<blockquote>\n<h3>CONSIGLIO COMUNALE A COLLE SANTA LUCIA<\/h3>\n<\/blockquote>\n<p><strong>COLLE SANTA LUCIA<\/strong> Il sindaco di Colle Santa Lucia Paolo Frena ha convocato i consiglieri comunali per domani alle 8. Sette i punti da discutere tra cui due variazioni a bilancio, l&#8217;acquisizione di una pertinenza stradale sulla SP 251 della Val di Zoldo e Cellina in frazione Rucav\u00e0 e il regolamento dei controlli interni<\/p>\n<p><strong>DI GIANNI SANTOMASO<\/strong><\/p>\n<audio class=\"wp-audio-shortcode\" id=\"audio-371366-20\" preload=\"none\" style=\"width: 100%;\" controls=\"controls\"><source type=\"audio\/mpeg\" src=\"https:\/\/www.radiopiu.net\/wordpress\/wp-content\/uploads\/2024\/01\/GIANNI-CONSIGLIO-COLLE-SANTA-LUCIA.mp3?_=20\" \/><a href=\"https:\/\/www.radiopiu.net\/wordpress\/wp-content\/uploads\/2024\/01\/GIANNI-CONSIGLIO-COLLE-SANTA-LUCIA.mp3\">https:\/\/www.radiopiu.net\/wordpress\/wp-content\/uploads\/2024\/01\/GIANNI-CONSIGLIO-COLLE-SANTA-LUCIA.mp3<\/a><\/audio>\n<p>&nbsp;<\/p>\n<hr \/>\n<p>&nbsp;<\/p>\n<blockquote>\n<h3>ARIA D&#8217;INVERN, IL CONCORSO FOTOGRAFICO<\/h3>\n<\/blockquote>\n<p><strong><img loading=\"lazy\" decoding=\"async\" class=\"alignleft\" src=\"https:\/\/www.radiopiu.net\/wordpress\/wp-content\/uploads\/2024\/01\/Senza-nome-41.png\" width=\"147\" height=\"79\" \/>CENCENIGHE<\/strong> La Pro Loco di Cencenighe ha organizzato un concorso fotografico dal titolo &#8220;Aria D&#8217;Invern&#8221;. Chi volesse partecipare pu\u00f2 inviare gli scatti fino al 31 marzo alla mail ariadinvern@gmail.com seguiranno le premiazioni e, nel mese di luglio, l&#8217;esposizione delle foto al Nof Fil\u00f2. Regolamento completo sul sito www.prolococencenighe.it<\/p>\n<p>&nbsp;<\/p>\n<p>&nbsp;<\/p>\n<hr \/>\n<p>&nbsp;<\/p>\n<blockquote>\n<h2>LE PISTE&#8230; SULLA PORTA DI CASA<\/h2>\n<\/blockquote>\n<div>\n<div class=\"x1cy8zhl x78zum5 x1q0g3np xod5an3 x1pi30zi x1swvt13 xz9dl7a\">\n<div class=\"x1iyjqo2\">\n<div class=\"x78zum5 xdt5ytf xz62fqu x16ldp7u\">\n<div class=\"xu06os2 x1ok221b\">\n<h2 id=\":R1al9aqqd9emhpapd5aq:\" class=\"x1heor9g x1qlqyl8 x1pd3egz x1a2a7pz x1gslohp x1yc453h\"><span class=\"x193iq5w xeuugli x13faqbe x1vvkbs x1xmvt09 x6prxxf xvq8zen xo1l8bm xi81zsa\"><strong><a class=\"dt-pswp-item\" href=\"https:\/\/www.radiopiu.net\/wordpress\/wp-content\/uploads\/2021\/11\/FORCELLA-AURINE.jpg\" data-dt-img-description=\"\" data-large_image_width=\"960\" data-large_image_height=\"720\"><img loading=\"lazy\" decoding=\"async\" class=\" wp-image-241538 alignleft\" src=\"https:\/\/www.radiopiu.net\/wordpress\/wp-content\/uploads\/2021\/11\/FORCELLA-AURINE-300x225.jpg\" alt=\"\" width=\"191\" height=\"143\" srcset=\"https:\/\/www.radiopiu.net\/wordpress\/wp-content\/uploads\/2021\/11\/FORCELLA-AURINE-300x225.jpg 300w, https:\/\/www.radiopiu.net\/wordpress\/wp-content\/uploads\/2021\/11\/FORCELLA-AURINE-768x576.jpg 768w, https:\/\/www.radiopiu.net\/wordpress\/wp-content\/uploads\/2021\/11\/FORCELLA-AURINE.jpg 960w\" sizes=\"auto, (max-width: 191px) 100vw, 191px\" \/><\/a>Aurine SKI Dolomiti -Progetto Desma <\/strong><\/span><strong><a class=\"x1i10hfl xjbqb8w x6umtig x1b1mbwd xaqea5y xav7gou x9f619 x1ypdohk xt0psk2 xe8uvvx xdj266r x11i5rnm xat24cr x1mh8g0r xexx8yu x4uap5 x18d9i69 xkhd6sd x16tdsg8 x1hl2dhg xggy1nq x1a2a7pz xt0b8zv xzsf02u x1s688f\" tabindex=\"0\" role=\"link\" href=\"https:\/\/www.facebook.com\/aurineskidolomiti?__cft__[0]=AZXSmHr83SUuJT0u4kVMSvLZyFo58012vDZQz2S9NoUpe9MsUBxfpeLpjB-1OoVs-G6CFBOMyk-HwUGAJFyotDcmMB8tqVOt4ppZp7H1Nhm_9AbxGcAKPdaj0NRByIDsgxLcHrLDuU1XYg3AAgvwT-9s&amp;__tn__=-]C%2CP-R\"><span class=\"xt0psk2\">&#8211;<\/span><\/a><\/strong>.<\/h2>\n<\/div>\n<div class=\"xu06os2 x1ok221b\">NUOVE APERTURE E NUOVI ORARI: &#8211; LUNEDI : Chiuso &#8211; MARTEDI : Chiuso &#8211; MERCOLEDI : 13:00-16:30 \/ 19:30-22:00 &#8211; GIOVEDI : 13:00-16:30 &#8211; VENERDI : 13:00-16:30 &#8211; SABATO : 9:00 &#8211; 16.30 &#8211; DOMENICA : 9:00 &#8211; 16.30 AD OGGI LA SITUAZIONE PISTE: &#8211; CAMPO SCUOLA <span class=\"x3nfvp2 x1j61x8r x1fcty0u xdj266r xhhsvwb xat24cr xgzva0m xxymvpz xlup9mm x1kky2od\"><img loading=\"lazy\" decoding=\"async\" class=\"xz74otr\" src=\"https:\/\/static.xx.fbcdn.net\/images\/emoji.php\/v9\/t55\/1.5\/16\/1f7e2.png\" alt=\"&#x1f7e2;\" width=\"16\" height=\"16\" \/><\/span><\/div>\n<\/div>\n<\/div>\n<\/div>\n<\/div>\n<div>\n<div class=\"\" dir=\"auto\">\n<div id=\":R1al9aqqd9emhpapd5aqH2:\" class=\"x1iorvi4 x1pi30zi x1l90r2v x1swvt13\" data-ad-comet-preview=\"message\" data-ad-preview=\"message\">\n<div class=\"x78zum5 xdt5ytf xz62fqu x16ldp7u\">\n<div class=\"xu06os2 x1ok221b\">\n<div class=\"x11i5rnm xat24cr x1mh8g0r x1vvkbs xtlvy1s x126k92a\">\n<div dir=\"auto\">&#8211; GARDELINA <span class=\"x3nfvp2 x1j61x8r x1fcty0u xdj266r xhhsvwb xat24cr xgzva0m xxymvpz xlup9mm x1kky2od\"><img loading=\"lazy\" decoding=\"async\" class=\"xz74otr\" src=\"https:\/\/static.xx.fbcdn.net\/images\/emoji.php\/v9\/t55\/1.5\/16\/1f7e2.png\" alt=\"&#x1f7e2;\" width=\"16\" height=\"16\" \/><\/span>&#8211; BEPI <span class=\"x3nfvp2 x1j61x8r x1fcty0u xdj266r xhhsvwb xat24cr xgzva0m xxymvpz xlup9mm x1kky2od\"><img loading=\"lazy\" decoding=\"async\" class=\"xz74otr\" src=\"https:\/\/static.xx.fbcdn.net\/images\/emoji.php\/v9\/t55\/1.5\/16\/1f7e2.png\" alt=\"&#x1f7e2;\" width=\"16\" height=\"16\" \/><\/span>&#8211; GEMINI <span class=\"x3nfvp2 x1j61x8r x1fcty0u xdj266r xhhsvwb xat24cr xgzva0m xxymvpz xlup9mm x1kky2od\"><img loading=\"lazy\" decoding=\"async\" class=\"xz74otr\" src=\"https:\/\/static.xx.fbcdn.net\/images\/emoji.php\/v9\/tc7\/1.5\/16\/1f534.png\" alt=\"&#x1f534;\" width=\"16\" height=\"16\" \/><\/span>Se le temperature ce lo permetteranno in pochi giorni sar\u00e0 completata anche la parte alta con l&#8217;apertura della sciovia Gardelon. RISTOBAR GHEGY<\/div>\n<\/div>\n<div class=\"x11i5rnm xat24cr x1mh8g0r x1vvkbs xtlvy1s x126k92a\">\n<div dir=\"auto\">&#8211; Dal Mercoled\u00ec al Venerd\u00ec aperto dall&#8217;ora di pranzo. &#8211; Mercoled\u00ec sera anche a cena con i panini GOURMET. &#8211; Sabato e Domenica 8:30 &#8211; 18.30.<\/div>\n<\/div>\n<\/div>\n<\/div>\n<\/div>\n<\/div>\n<\/div>\n<div dir=\"auto\"><\/div>\n<div dir=\"auto\"><\/div>\n<div dir=\"auto\">\n<hr \/>\n<\/div>\n<p>&nbsp;<\/p>\n<blockquote>\n<h3><a class=\"dt-pswp-item\" href=\"https:\/\/www.radiopiu.net\/wordpress\/wp-content\/uploads\/2023\/02\/CASPARETHA-2023-scaled.jpg\" data-dt-img-description=\"\" data-large_image_width=\"2560\" data-large_image_height=\"1918\"><img loading=\"lazy\" decoding=\"async\" class=\" wp-image-320590 alignleft\" src=\"https:\/\/www.radiopiu.net\/wordpress\/wp-content\/uploads\/2023\/02\/CASPARETHA-2023-300x225.jpg\" alt=\"\" width=\"195\" height=\"146\" srcset=\"https:\/\/www.radiopiu.net\/wordpress\/wp-content\/uploads\/2023\/02\/CASPARETHA-2023-300x225.jpg 300w, https:\/\/www.radiopiu.net\/wordpress\/wp-content\/uploads\/2023\/02\/CASPARETHA-2023-1024x767.jpg 1024w, https:\/\/www.radiopiu.net\/wordpress\/wp-content\/uploads\/2023\/02\/CASPARETHA-2023-768x575.jpg 768w, https:\/\/www.radiopiu.net\/wordpress\/wp-content\/uploads\/2023\/02\/CASPARETHA-2023-1536x1151.jpg 1536w, https:\/\/www.radiopiu.net\/wordpress\/wp-content\/uploads\/2023\/02\/CASPARETHA-2023-2048x1534.jpg 2048w\" sizes=\"auto, (max-width: 195px) 100vw, 195px\" \/><\/a>CASPARETHA 2024 POSTICIPATA AL 17 FEBBRAIO<\/h3>\n<\/blockquote>\n<p><strong>REDAZIONE<\/strong> Gli organizzatori della Casparetha di Canale D&#8217;Agordo informano che la manifestazione, inizialmente in programma per sabato 3 febbraio, \u00e8 stata posticipata a Sabato 17 febbraio a causa della poca neve caduta nell&#8217;ultimo periodo. La data di apertura delle iscrizioni slitta al 3 febbraio. Segurianno degli aggiornamenti nei prossii giorni in base alle previsioni meteo.<\/p>\n<p><span style=\"color: #ff0000;\"><strong>L&#8217;INTERVISTA A RADIO PIU&#8217;<\/strong><\/span><\/p>\n<p><strong>DI MIRKO MEZZACASA<\/strong><\/p>\n<p>OSPITI: Emil Tancon e Mirco Tancon<\/p>\n<audio class=\"wp-audio-shortcode\" id=\"audio-371366-21\" preload=\"none\" style=\"width: 100%;\" controls=\"controls\"><source type=\"audio\/mpeg\" src=\"https:\/\/www.radiopiu.net\/wordpress\/wp-content\/uploads\/2024\/01\/mirco-emil-casparetha-1.mp3?_=21\" \/><a href=\"https:\/\/www.radiopiu.net\/wordpress\/wp-content\/uploads\/2024\/01\/mirco-emil-casparetha-1.mp3\">https:\/\/www.radiopiu.net\/wordpress\/wp-content\/uploads\/2024\/01\/mirco-emil-casparetha-1.mp3<\/a><\/audio>\n<p>&nbsp;<\/p>\n<p>&nbsp;<\/p>\n<hr \/>\n<p>&nbsp;<\/p>\n<blockquote>\n<h3>UNA VAGHISSIMA MADONNA IN TRONO<\/h3>\n<\/blockquote>\n<p><strong>BELLUNO<\/strong> Nel mese di febbraio, saranno disponibili otto date per prenotare una visita guidata alla mostra &#8220;Una vaghissima Madonna in trono&#8221; al Museo civico di Palazzo Fucis di Belluno. La mostra si concentra sulla Madonna con il Bambino di Francesco Vecellio, recentemente restaurata, offrendo un&#8217;esperienza guidata il sabato alle 17 e la domenica alle 11, con prenotazione obbligatoria al costo di 5 euro per il biglietto ridotto e 8 euro per la visita guidata. La collaborazione con la Soprintendenza e un dispositivo multimediale interattivo arricchiscono l&#8217;esplorazione delle opere attribuite a Vecellio in mostra.<\/p>\n<p>&nbsp;<\/p>\n<p>&nbsp;<\/p>\n<hr \/>\n<p>&nbsp;<\/p>\n<p><strong>\u201cAppia Servizi Srl, presso la propria sede di Agordo, \u00e8 alla ricerca di una nuova figura con esperienza per il reparto contabile da inserire nel proprio organico a tempo indeterminato e tempo pieno.Se interessati potete contattare il numero 0437-954411 o inviare la vostra candidatura all\u2019indirizzo <a href=\"mailto:info@appiacna.it\">info@appiacna.it<\/a>.\u201d<\/strong><\/p>\n<p>&nbsp;<\/p>\n<hr \/>\n<p>&nbsp;<\/p>\n<h2><span style=\"color: #ff0000;\">GLI APPUNTAMENTI DELLA SETTIMANA<\/span><\/h2>\n<p>&nbsp;<\/p>\n<p><b>TRICHIANA <\/b>La biblioteca di Trichiana organizza una rassegna di incontri incentrati su temi sociali e culturali. Si affronteranno migranti, femminicidi e il ruolo delle donne.\u00a0 Oggi, sar\u00e0 presentato &#8220;Dear Gigi&#8221; di Filippo Cerantola, ricostruendo l&#8217;opera di Luigi Meneghello attraverso lettere conservate a Vicenza. Un&#8217;iniziativa che promuove riflessioni e incontri culturali.<\/p>\n<p>&nbsp;<\/p>\n<p><strong><a class=\"dt-pswp-item\" href=\"https:\/\/www.radiopiu.net\/wordpress\/wp-content\/uploads\/2024\/01\/WhatsApp-Image-2024-01-19-at-17.03.37.jpeg\" data-dt-img-description=\"\" data-large_image_width=\"1400\" data-large_image_height=\"933\"><img loading=\"lazy\" decoding=\"async\" class=\" wp-image-370684 alignleft\" src=\"https:\/\/www.radiopiu.net\/wordpress\/wp-content\/uploads\/2024\/01\/WhatsApp-Image-2024-01-19-at-17.03.37-300x200.jpeg\" alt=\"\" width=\"168\" height=\"112\" srcset=\"https:\/\/www.radiopiu.net\/wordpress\/wp-content\/uploads\/2024\/01\/WhatsApp-Image-2024-01-19-at-17.03.37-300x200.jpeg 300w, https:\/\/www.radiopiu.net\/wordpress\/wp-content\/uploads\/2024\/01\/WhatsApp-Image-2024-01-19-at-17.03.37-1024x682.jpeg 1024w, https:\/\/www.radiopiu.net\/wordpress\/wp-content\/uploads\/2024\/01\/WhatsApp-Image-2024-01-19-at-17.03.37-768x512.jpeg 768w, https:\/\/www.radiopiu.net\/wordpress\/wp-content\/uploads\/2024\/01\/WhatsApp-Image-2024-01-19-at-17.03.37.jpeg 1400w\" sizes=\"auto, (max-width: 168px) 100vw, 168px\" \/><\/a>SOS<\/strong><strong>PIROLO<\/strong> La compagnia teatrale NOI CHE presenta la commedia &#8220;NOI CHE&#8221; al Centro civico di Sospirolo oggi alle ore 20:30. La rappresentazione offre una rivisitazione semiseria degli anni Sessanta e Settanta, con dialoghi in italiano e dialetto, accompagnati da canzoni popolari dell&#8217;epoca. La compagnia, composta da un gruppo di amici appassionati di teatro, ha ricevuto apprezzamenti positivi per la sua performance, che include elementi di comicit\u00e0 e musica. L&#8217;evento \u00e8 ad ingresso libero e gode del patrocinio del Comune di Sospirolo.<\/p>\n<h1>DI ROBERTO BONA<\/h1>\n<audio class=\"wp-audio-shortcode\" id=\"audio-371366-22\" preload=\"none\" style=\"width: 100%;\" controls=\"controls\"><source type=\"audio\/wav\" src=\"https:\/\/www.radiopiu.net\/wordpress\/wp-content\/uploads\/2024\/01\/NoiChe.wav?_=22\" \/><a href=\"https:\/\/www.radiopiu.net\/wordpress\/wp-content\/uploads\/2024\/01\/NoiChe.wav\">https:\/\/www.radiopiu.net\/wordpress\/wp-content\/uploads\/2024\/01\/NoiChe.wav<\/a><\/audio>\n<p>&nbsp;<\/p>\n<p><strong>BELLUNO<\/strong> il comune di Belluno &#8211; Assessorato al Sociale, Rapporti con le Associazioni e Politiche per la Famiglia, organizza per domani un convegno dal titolo &#8220;LA FAMIGLIA AL CENTRO DI SOLIDARIETA&#8217; E MEMORIA&#8221;, che si terr\u00e0 presso il Teatro &#8220;Dino Buzzati&#8221; di Belluno<\/p>\n<p><strong>LIMANA<\/strong> Domani in sala Nocivelli, Adolf Hitler, stratega del male Due storie a confronto. Progetto e letture a cura degli alunni e insegnanti della scuola secondaria, interventi musicali degli alunni dell&#8217;indirizzo musicale della scuola. Ingresso libero.<\/p>\n<p><strong>FELTRE<\/strong> Il Centro Astronomico di Arson a Feltre ospiter\u00e0 domani, alle 21, una serata speciale dal titolo &#8220;Gli alieni esistono ma fanno finta di non conoscerci!&#8221; con la Dott.ssa Flora Rossi della Cooperativa Mazarol. La serata proporr\u00e0 un viaggio attraverso l&#8217;universo raccontato da film, libri, parole e canzoni immortali, esplorando il mondo della fantascienza, dell&#8217;arte e dei sogni legati allo spazio. Prima della conferenza, in caso di cielo sereno, sar\u00e0 possibile osservare la Luna in fase calante, con la visione di varie caratteristiche lunar, oltre a Giove con i suoi satelliti e altre stelle interessanti.<\/p>\n<p>&nbsp;<\/p>\n<h1><span style=\"color: #ff0000;\">PROSSIMAMENTE&#8230;<\/span><\/h1>\n<p><strong>FELTRE<\/strong> La Famiglia Ex Emigranti del Feltrino organizza la gita alla fiera &#8220;Orto Giardino&#8221; a Pordenonefiere il 6 marzo. La partenza \u00e8 alle 13 da Pedavena, con passaggio a Feltre. Il programma include l&#8217;ingresso alla fiera e una tappa in pizzeria durante il rientro. Per informazioni 40 262 9562.<\/p>\n<h3><strong style=\"font-size: 14px;\">BELLUNO<\/strong><span style=\"font-size: 14px; font-weight: normal;\"> Il Circolo Culturale Bellunese presenta, in occasione del Giorno della Memoria, l&#8217;evento &#8220;L\u2019chaim\/Alla vita&#8221; a Belluno il 30 gennaio alle 20:30 presso il Teatro Dino Buzzati. Il concerto offre un viaggio nelle radici e nell&#8217;identit\u00e0 ebraiche attraverso canti yemeniti, sefarditi e klezmer.<\/span><\/h3>\n<p><strong>BELLUNO<\/strong> Gioved\u00ec 1\u00b0 febbraio alle ore 17.00 nel Salone di Palazzo Fulcis, verr\u00e0 presentato il libro antologico di Elserino Piol \u201cIl sogno di un\u2019impresa. Dall\u2019Olivetti al venture capital: una vita nell\u2019information technology\u201d<\/p>\n<p>&nbsp;<\/p>\n<hr \/>\n<p>&nbsp;<\/p>\n<p>&nbsp;<\/p>\n<p><a class=\"dt-pswp-item\" href=\"https:\/\/www.radiopiu.net\/wordpress\/wp-content\/uploads\/2018\/09\/viabilita.jpeg\" data-dt-img-description=\"\" data-large_image_width=\"800\" data-large_image_height=\"100\"><img loading=\"lazy\" decoding=\"async\" class=\"aligncenter wp-image-61954 size-full\" src=\"https:\/\/www.radiopiu.net\/wordpress\/wp-content\/uploads\/2018\/09\/viabilita.jpeg\" alt=\"\" width=\"800\" height=\"100\" srcset=\"https:\/\/www.radiopiu.net\/wordpress\/wp-content\/uploads\/2018\/09\/viabilita.jpeg 800w, https:\/\/www.radiopiu.net\/wordpress\/wp-content\/uploads\/2018\/09\/viabilita-300x38.jpeg 300w, https:\/\/www.radiopiu.net\/wordpress\/wp-content\/uploads\/2018\/09\/viabilita-768x96.jpeg 768w\" sizes=\"auto, (max-width: 800px) 100vw, 800px\" \/><\/a><\/p>\n<p>&nbsp;<\/p>\n<p><a class=\"dt-pswp-item\" href=\"https:\/\/www.radiopiu.net\/wordpress\/wp-content\/uploads\/2023\/12\/botol-car-service.jpg\" data-dt-img-description=\"\" data-large_image_width=\"600\" data-large_image_height=\"600\"><img loading=\"lazy\" decoding=\"async\" class=\"size-medium wp-image-367044 aligncenter\" src=\"https:\/\/www.radiopiu.net\/wordpress\/wp-content\/uploads\/2023\/12\/botol-car-service-300x300.jpg\" alt=\"\" width=\"300\" height=\"300\" srcset=\"https:\/\/www.radiopiu.net\/wordpress\/wp-content\/uploads\/2023\/12\/botol-car-service-300x300.jpg 300w, https:\/\/www.radiopiu.net\/wordpress\/wp-content\/uploads\/2023\/12\/botol-car-service-150x150.jpg 150w, https:\/\/www.radiopiu.net\/wordpress\/wp-content\/uploads\/2023\/12\/botol-car-service.jpg 600w\" sizes=\"auto, (max-width: 300px) 100vw, 300px\" \/><\/a><\/p>\n<p>&nbsp;<\/p>\n<blockquote>\n<h1><span style=\"color: #ff0000;\"><a class=\"dt-pswp-item\" href=\"https:\/\/www.radiopiu.net\/wordpress\/wp-content\/uploads\/2020\/05\/VENETO-STRADE.png\" data-dt-img-description=\"\" data-large_image_width=\"400\" data-large_image_height=\"400\"><img loading=\"lazy\" decoding=\"async\" class=\"wp-image-135574 alignleft\" src=\"https:\/\/www.radiopiu.net\/wordpress\/wp-content\/uploads\/2020\/05\/VENETO-STRADE-300x300.png\" alt=\"\" width=\"102\" height=\"102\" srcset=\"https:\/\/www.radiopiu.net\/wordpress\/wp-content\/uploads\/2020\/05\/VENETO-STRADE-300x300.png 300w, https:\/\/www.radiopiu.net\/wordpress\/wp-content\/uploads\/2020\/05\/VENETO-STRADE-150x150.png 150w, https:\/\/www.radiopiu.net\/wordpress\/wp-content\/uploads\/2020\/05\/VENETO-STRADE.png 400w\" sizes=\"auto, (max-width: 102px) 100vw, 102px\" \/><\/a>AGGIORNAMENTO QUOTIDIANO, IN\u00a0 COLLABORAZIONE CON VENETO STRADE E BOTOL CAR SERVICE AD AGORDO IN LOCALITA&#8217; VALCOZZENA.<\/span><\/h1>\n<p>&nbsp;<\/p><\/blockquote>\n<blockquote><p>Si raccomanda di percorrere i passi al di sopra dei 1200 m slm con catene montate; le catene devono essere montate fuori dalla sede stradale, per non intralciare il traffico e le operazioni di sgombero neve dal piano viabile. Si raccomanda di prestare la massima attenzione nella guida per la possibile presenza di tratti resi scivolosi causati da neve fortemente bagnata<\/p>\n<p>\u00c8 chiuso per periodo invernale il seguente tratto stradale: &#8211; S.P. 33 \u201cdi Sauris\u201d dal km 0+000 (innesto S.P. 619) al km 6+800 (confine Provincia di Udine).<\/p><\/blockquote>\n<p><strong>SOSPIROLO\u00a0<\/strong> Lungo la provinciale 2 tra Pian Falcina e Gena Bassa in Comune di Sospirolo\u00a0 <span style=\"color: #ff0000;\">fino al 15 febbraio,<\/span> sabato e domeniche compresi, senso unico alternato regolato da semaforo o movieri, interruzioni alla viabilit\u00e0 fino a 10 minuti per tratti di 200 metri.<\/p>\n<p><span style=\"color: #0000ff;\"><strong>BOLLETTINO VIABILITA&#8217; AGGIORNATO AL 23 GENNAIO 2024<\/strong><\/span><\/p>\n<audio class=\"wp-audio-shortcode\" id=\"audio-371366-23\" preload=\"none\" style=\"width: 100%;\" controls=\"controls\"><source type=\"audio\/mpeg\" src=\"https:\/\/www.radiopiu.net\/wordpress\/wp-content\/uploads\/2024\/01\/VIABLITA-2.mp3?_=23\" \/><a href=\"https:\/\/www.radiopiu.net\/wordpress\/wp-content\/uploads\/2024\/01\/VIABLITA-2.mp3\">https:\/\/www.radiopiu.net\/wordpress\/wp-content\/uploads\/2024\/01\/VIABLITA-2.mp3<\/a><\/audio>\n<p>&nbsp;<\/p>\n<p>&nbsp;<\/p>\n<hr \/>\n<p>&nbsp;<\/p>\n<p>&nbsp;<\/p>\n<p><a class=\"dt-pswp-item\" href=\"https:\/\/www.radiopiu.net\/wordpress\/wp-content\/uploads\/2018\/09\/WhatsApp-Image-2018-09-20-at-16.04.06.jpeg\" data-dt-img-description=\"\" data-large_image_width=\"800\" data-large_image_height=\"100\"><img loading=\"lazy\" decoding=\"async\" class=\"wp-image-61378 size-full aligncenter\" src=\"https:\/\/www.radiopiu.net\/wordpress\/wp-content\/uploads\/2018\/09\/WhatsApp-Image-2018-09-20-at-16.04.06.jpeg\" alt=\"\" width=\"800\" height=\"100\" srcset=\"https:\/\/www.radiopiu.net\/wordpress\/wp-content\/uploads\/2018\/09\/WhatsApp-Image-2018-09-20-at-16.04.06.jpeg 800w, https:\/\/www.radiopiu.net\/wordpress\/wp-content\/uploads\/2018\/09\/WhatsApp-Image-2018-09-20-at-16.04.06-300x38.jpeg 300w, https:\/\/www.radiopiu.net\/wordpress\/wp-content\/uploads\/2018\/09\/WhatsApp-Image-2018-09-20-at-16.04.06-768x96.jpeg 768w\" sizes=\"auto, (max-width: 800px) 100vw, 800px\" \/><\/a><\/p>\n<p><center><\/center><b>\u00a0 \u00a0\u00a0<\/b><\/p>\n<p><center><\/center><b>OGGI <\/b>Al mattino cielo poco nuvoloso con qualche annuvolamento su Dolomiti. Dal mezzogiorno da parzialmente nuvoloso a nuvoloso per presenza di di nubi alte e addensamenti a tratti su Dolomiti specie settentrionali. In serata tendenza a schiarite. <b>Precipitazioni: <\/b>Generalmente assenti\u00a0 Nel pomeriggio\/sera al pi\u00f9 qualche fiocco sulle cime delle Dolomiti nord (10%) <b>Temperature: <\/b>In quota senza variazioni di rilievo o in lieve aumento<\/p>\n<p>&nbsp;<\/p>\n<hr \/>\n<p><center><\/center><b>DOMANI: <\/b>Sole, cielo terso, aria limpida ed ottima visibilit\u00e0. <b>Precipitazioni: <\/b>Assenti <b>Temperature: <\/b>in generale contenuto calo a tutte le quote.<\/p>\n<p>&nbsp;<\/p>\n<hr \/>\n<p><center><\/center><strong>DOMENICA<\/strong> Sole, cielo terso, aria limpida ed ottima visibilit\u00e0. Temperature in generale rialzo. Venti perlopi\u00f9 deboli di direzione variabile nelle valli, salvo locali rinforzi nei settori solitamente pi\u00f9 ventilati; moderati da nord-ovest in quota.<\/p>\n<hr \/>\n<p><center><\/center><strong>LUNEDI<\/strong> Tempo stabile con cielo sereno o al pi\u00f9 poco nuvoloso per sottili velature. Aumento della probabilit\u00e0 di nebbie fino al primo mattino nei fondovalle Prealpini. Temperature in generale aumento in quota con forte inversione termica nelle valli.<\/p>\n<p>&nbsp;<\/p>\n<hr \/>\n<p>&nbsp;<\/p>\n<p>&nbsp;<\/p>\n<p><img loading=\"lazy\" decoding=\"async\" class=\"wp-image-60761 size-full aligncenter\" src=\"https:\/\/www.radiopiu.net\/wordpress\/wp-content\/uploads\/2018\/09\/sport.jpg\" alt=\"\" width=\"800\" height=\"100\" srcset=\"https:\/\/www.radiopiu.net\/wordpress\/wp-content\/uploads\/2018\/09\/sport.jpg 800w, https:\/\/www.radiopiu.net\/wordpress\/wp-content\/uploads\/2018\/09\/sport-300x38.jpg 300w, https:\/\/www.radiopiu.net\/wordpress\/wp-content\/uploads\/2018\/09\/sport-768x96.jpg 768w\" sizes=\"auto, (max-width: 800px) 100vw, 800px\" \/><\/p>\n<p>&nbsp;<\/p>\n<p><span style=\"color: #0000ff;\"><strong>HOCKEY SU GHIACCIO<\/strong><\/span><\/p>\n<blockquote>\n<h3>TRASFERTE AMARE PER ALLEGHE E FELTRE. DUE SCONFITTE PESANTI<\/h3>\n<\/blockquote>\n<p><strong>di Marco Gaz<\/strong><\/p>\n<p><span style=\"color: #ff0000;\"><strong>MASTER ROUND<\/strong><\/span><\/p>\n<p><strong>PERGINE \u2013 ALLEGHE 7-2<\/strong><\/p>\n<p>PARZIALI: 2-0, 2-2, 3-0<\/p>\n<p>GOL: Pt. 11\u201958\u201d Buono, 17\u201909\u201d Bitetto. St. 2\u201922\u201d Moroder, 3\u201902\u201d De Silvestro, 6\u201957\u201d Andreotti, 17\u201957\u201d Buono. Tt. 4\u201903\u201d Meneghini, 10\u201907\u201d Lemay, 11\u201909\u201d Marano<\/p>\n<p>Ancora una sconfitta, la terza su altrettante giocate nel master round dall\u2019Alleghe. La squadra di Scapinello torna dalla trasferta a Pergine con un parziale pesante sulle spalle. Le civette sono rimaste in partita per 40\u2019 poi sono crollate nella terza frazione dove le linci hanno fatto vedere un buon gioco ed hanno chiuso il match portando a casa 3 punti. Ora poche ore di riposo e sabato sera di nuovo in campo. Gli agordini giocheranno al De Toni contro l\u2019Appiano, una partita da vincere per cercare l\u2019obbiettivo quarto posto del girone. Prima parte di gara con le squadre che giocano alla pari. Le occasioni non mancano da entrambe le parti ma la mira non \u00e8 delle migliori. Dopo un assedio degli agordini, le linci riescono a portarsi in vantaggio alla prima vera azione da gol. A bucare la porta difesa da De Nardin ci pensa Buono. Nel finale della prima frazione c\u2019\u00e8 spazio per il raddoppio dei trentini. Superiorit\u00e0 numerica per i padroni di casa e gol a firma di Bitetto. Ad inizio secondo tempo le civette riescono ad accorciare le distanze. Ci pensa Moroder a bucare la rete. Passano pochi istanti e arriva il pareggio a firma di De Silvestro. Sembrano in forma gli agordini che continuano a rendersi pericolosi. Padroni di casa che tornano in vantaggio. In panca puniti Makela e alla prima conclusione Andreotti batte il golie agordino. Nel finale di tempo l\u2019Alleghe paga caro un errore di Zherdev che consegna il disco a Buono che a tu per tu con De Nardin non sbaglia. Terza frazione che inizia con l\u2019accoppiata Zherdev-Makela che sfiorano la terza marcatura per l\u2019Alleghe. Il Pergine mette la parola fine sulla sfida poco dopo. Meneghini viene atterrato in contropiede e viene consceso un rigore che il capitano trentino trasforma. A chiudere definitivamente la sfida ci pensano Lemay e Marano.<\/p>\n<p><strong>CLASSIFICA MASTER ROUND<\/strong> Pergine 24, Caldaro e Varese 22, Appiano 13, Alleghe 12<\/p>\n<p><strong>LE FOTO DI ANNALISA DAL MAS<\/strong><\/p>\n\n\t\t\t<style type='text\/css'>\n\t\t\t\t#gallery-6 {\n\t\t\t\t\tmargin: auto;\n\t\t\t\t}\n\t\t\t\t#gallery-6 .gallery-item {\n\t\t\t\t\tfloat: left;\n\t\t\t\t\tmargin-top: 10px;\n\t\t\t\t\ttext-align: center;\n\t\t\t\t\twidth: 25%;\n\t\t\t\t}\n\t\t\t\t#gallery-6 img {\n\t\t\t\t\tborder: 2px solid #cfcfcf;\n\t\t\t\t}\n\t\t\t\t#gallery-6 .gallery-caption {\n\t\t\t\t\tmargin-left: 0;\n\t\t\t\t}\n\t\t\t\t\/* see gallery_shortcode() in wp-includes\/media.php *\/\n\t\t\t<\/style>\n\t\t<div id='gallery-6' class='dt-gallery-container gallery galleryid-371366 gallery-columns-4 gallery-size-medium'><dl class='gallery-item'>\n\t\t\t\t<dt class='gallery-icon landscape'>\n\t\t\t\t\t<a class=\"rollover rollover-zoom dt-pswp-item\" title=\"0140fef2-5949-48c2-8eae-b3939513ed55\" data-dt-img-description=\"\" data-large_image_width=\"1600\" data-large_image_height=\"1200\"href='https:\/\/www.radiopiu.net\/wordpress\/wp-content\/uploads\/2024\/01\/0140fef2-5949-48c2-8eae-b3939513ed55.jpg'><img loading=\"lazy\" decoding=\"async\" width=\"300\" height=\"225\" src=\"https:\/\/www.radiopiu.net\/wordpress\/wp-content\/uploads\/2024\/01\/0140fef2-5949-48c2-8eae-b3939513ed55-300x225.jpg\" class=\"attachment-medium size-medium\" alt=\"\" srcset=\"https:\/\/www.radiopiu.net\/wordpress\/wp-content\/uploads\/2024\/01\/0140fef2-5949-48c2-8eae-b3939513ed55-300x225.jpg 300w, https:\/\/www.radiopiu.net\/wordpress\/wp-content\/uploads\/2024\/01\/0140fef2-5949-48c2-8eae-b3939513ed55-1024x768.jpg 1024w, https:\/\/www.radiopiu.net\/wordpress\/wp-content\/uploads\/2024\/01\/0140fef2-5949-48c2-8eae-b3939513ed55-768x576.jpg 768w, https:\/\/www.radiopiu.net\/wordpress\/wp-content\/uploads\/2024\/01\/0140fef2-5949-48c2-8eae-b3939513ed55-1536x1152.jpg 1536w, https:\/\/www.radiopiu.net\/wordpress\/wp-content\/uploads\/2024\/01\/0140fef2-5949-48c2-8eae-b3939513ed55.jpg 1600w\" sizes=\"auto, (max-width: 300px) 100vw, 300px\" \/><\/a>\n\t\t\t\t<\/dt><\/dl><dl class='gallery-item'>\n\t\t\t\t<dt class='gallery-icon landscape'>\n\t\t\t\t\t<a class=\"rollover rollover-zoom dt-pswp-item\" title=\"b55c4d5b-9c0a-4ce9-adcb-f899778c04d0\" data-dt-img-description=\"\" data-large_image_width=\"1600\" data-large_image_height=\"1200\"href='https:\/\/www.radiopiu.net\/wordpress\/wp-content\/uploads\/2024\/01\/b55c4d5b-9c0a-4ce9-adcb-f899778c04d0.jpg'><img loading=\"lazy\" decoding=\"async\" width=\"300\" height=\"225\" src=\"https:\/\/www.radiopiu.net\/wordpress\/wp-content\/uploads\/2024\/01\/b55c4d5b-9c0a-4ce9-adcb-f899778c04d0-300x225.jpg\" class=\"attachment-medium size-medium\" alt=\"\" srcset=\"https:\/\/www.radiopiu.net\/wordpress\/wp-content\/uploads\/2024\/01\/b55c4d5b-9c0a-4ce9-adcb-f899778c04d0-300x225.jpg 300w, https:\/\/www.radiopiu.net\/wordpress\/wp-content\/uploads\/2024\/01\/b55c4d5b-9c0a-4ce9-adcb-f899778c04d0-1024x768.jpg 1024w, https:\/\/www.radiopiu.net\/wordpress\/wp-content\/uploads\/2024\/01\/b55c4d5b-9c0a-4ce9-adcb-f899778c04d0-768x576.jpg 768w, https:\/\/www.radiopiu.net\/wordpress\/wp-content\/uploads\/2024\/01\/b55c4d5b-9c0a-4ce9-adcb-f899778c04d0-1536x1152.jpg 1536w, https:\/\/www.radiopiu.net\/wordpress\/wp-content\/uploads\/2024\/01\/b55c4d5b-9c0a-4ce9-adcb-f899778c04d0.jpg 1600w\" sizes=\"auto, (max-width: 300px) 100vw, 300px\" \/><\/a>\n\t\t\t\t<\/dt><\/dl><dl class='gallery-item'>\n\t\t\t\t<dt class='gallery-icon landscape'>\n\t\t\t\t\t<a class=\"rollover rollover-zoom dt-pswp-item\" title=\"bcc6ccba-cd66-4b99-81bb-5ad0c4010ae5\" data-dt-img-description=\"\" data-large_image_width=\"1600\" data-large_image_height=\"1200\"href='https:\/\/www.radiopiu.net\/wordpress\/wp-content\/uploads\/2024\/01\/bcc6ccba-cd66-4b99-81bb-5ad0c4010ae5.jpg'><img loading=\"lazy\" decoding=\"async\" width=\"300\" height=\"225\" src=\"https:\/\/www.radiopiu.net\/wordpress\/wp-content\/uploads\/2024\/01\/bcc6ccba-cd66-4b99-81bb-5ad0c4010ae5-300x225.jpg\" class=\"attachment-medium size-medium\" alt=\"\" srcset=\"https:\/\/www.radiopiu.net\/wordpress\/wp-content\/uploads\/2024\/01\/bcc6ccba-cd66-4b99-81bb-5ad0c4010ae5-300x225.jpg 300w, https:\/\/www.radiopiu.net\/wordpress\/wp-content\/uploads\/2024\/01\/bcc6ccba-cd66-4b99-81bb-5ad0c4010ae5-1024x768.jpg 1024w, https:\/\/www.radiopiu.net\/wordpress\/wp-content\/uploads\/2024\/01\/bcc6ccba-cd66-4b99-81bb-5ad0c4010ae5-768x576.jpg 768w, https:\/\/www.radiopiu.net\/wordpress\/wp-content\/uploads\/2024\/01\/bcc6ccba-cd66-4b99-81bb-5ad0c4010ae5-1536x1152.jpg 1536w, https:\/\/www.radiopiu.net\/wordpress\/wp-content\/uploads\/2024\/01\/bcc6ccba-cd66-4b99-81bb-5ad0c4010ae5.jpg 1600w\" sizes=\"auto, (max-width: 300px) 100vw, 300px\" \/><\/a>\n\t\t\t\t<\/dt><\/dl><dl class='gallery-item'>\n\t\t\t\t<dt class='gallery-icon landscape'>\n\t\t\t\t\t<a class=\"rollover rollover-zoom dt-pswp-item\" title=\"ce4c1aeb-8393-4d66-89aa-38035ba7561a\" data-dt-img-description=\"\" data-large_image_width=\"1600\" data-large_image_height=\"1200\"href='https:\/\/www.radiopiu.net\/wordpress\/wp-content\/uploads\/2024\/01\/ce4c1aeb-8393-4d66-89aa-38035ba7561a.jpg'><img loading=\"lazy\" decoding=\"async\" width=\"300\" height=\"225\" src=\"https:\/\/www.radiopiu.net\/wordpress\/wp-content\/uploads\/2024\/01\/ce4c1aeb-8393-4d66-89aa-38035ba7561a-300x225.jpg\" class=\"attachment-medium size-medium\" alt=\"\" srcset=\"https:\/\/www.radiopiu.net\/wordpress\/wp-content\/uploads\/2024\/01\/ce4c1aeb-8393-4d66-89aa-38035ba7561a-300x225.jpg 300w, https:\/\/www.radiopiu.net\/wordpress\/wp-content\/uploads\/2024\/01\/ce4c1aeb-8393-4d66-89aa-38035ba7561a-1024x768.jpg 1024w, https:\/\/www.radiopiu.net\/wordpress\/wp-content\/uploads\/2024\/01\/ce4c1aeb-8393-4d66-89aa-38035ba7561a-768x576.jpg 768w, https:\/\/www.radiopiu.net\/wordpress\/wp-content\/uploads\/2024\/01\/ce4c1aeb-8393-4d66-89aa-38035ba7561a-1536x1152.jpg 1536w, https:\/\/www.radiopiu.net\/wordpress\/wp-content\/uploads\/2024\/01\/ce4c1aeb-8393-4d66-89aa-38035ba7561a.jpg 1600w\" sizes=\"auto, (max-width: 300px) 100vw, 300px\" \/><\/a>\n\t\t\t\t<\/dt><\/dl><br style=\"clear: both\" \/>\n\t\t\t<\/div>\n\n<p>&nbsp;<\/p>\n<p><span style=\"color: #ff0000;\"><strong>QUALIFICATION ROUND<\/strong><\/span><\/p>\n<p><strong>FIEMME \u2013 FELTRE 11-3<\/strong><\/p>\n<p>PARZIALI: 3-1, 4-0, 4-2<\/p>\n<p>GOL: Pt. 4\u201948\u201d, 10\u201921\u201d e 15\u201908\u201d De Baldo, 13\u201907\u201d M. Dall\u2019Agnol. St. 9\u201906\u201d e 11\u201918\u201d Mlynar, 10\u201925\u201d Gorgone, 15\u201946\u201d Chelodi. Tt. 0\u201926\u201d Bonelli, 4\u201947\u201d Mlynar, 5\u201937\u201d De Baldo, 11\u201943\u201d Blaha, 16\u201957\u201d Fantinel, 18\u201910\u201d Covi<\/p>\n<p>Il Feltre cade a Cavalese. Brutta sconfitta per i picchi che non entrano in partita e il Fiemme chiude la sfida dopo 40\u2019 di gioco. Una sconfitta che brucia per i feltrini che perdono la testa della classifica nel qualification round. \u00a0Dura poco l\u2019imbattibilit\u00e0 dei feltrini che dopo 5\u2019 si trovano sotto di una rete. Il Fiemme sblocca il punteggio con De Baldo. Lo stesso giocatore trentino si ripete poco dopo mettendo a segno la doppietta personale. I picchi provano a reagire ed accorciano le distanze con Matteo Dall\u2019Agnol. Prima della sirena il Fiemme ristabilisce le distanze ancora con De Baldo. La storia non cambia e nel secondo tempo il Fiemme vuole chiudere la sfida mettendo a segno altre quattro marcature con Mlynar, Gorgone e Chelodi. Nel terzo tempo continuano a segnare i trentini che raggiungono la doppia cifra. Nel finale di gara arrivano due reti del Feltre ma recuperare il divario non era possibile.<\/p>\n<p><strong>CLASSIFICA QUALIFICATION ROUND<\/strong> Fiemme 19, Feltre 18, Como 14, Bressanone 10, Valpellice 8, Dobbiaco 5<\/p>\n<p>&nbsp;<\/p>\n<p><span style=\"color: #0000ff;\"><strong>SNOWBOARD<\/strong><\/span><\/p>\n<blockquote>\n<h3>LA TAPPA SLOVENA DI COPPA DEL MONDO NON PORTA BENE A LUCIA DALMASSO<\/h3>\n<\/blockquote>\n<p><strong><a class=\"dt-pswp-item\" href=\"https:\/\/www.radiopiu.net\/wordpress\/wp-content\/uploads\/2022\/01\/934ed186-f1eb-4bee-a1c4-dae328874085.jpg\" data-dt-img-description=\"\" data-large_image_width=\"1080\" data-large_image_height=\"720\"><img loading=\"lazy\" decoding=\"async\" class=\" wp-image-256452 alignleft\" src=\"https:\/\/www.radiopiu.net\/wordpress\/wp-content\/uploads\/2022\/01\/934ed186-f1eb-4bee-a1c4-dae328874085-300x200.jpg\" alt=\"\" width=\"156\" height=\"104\" srcset=\"https:\/\/www.radiopiu.net\/wordpress\/wp-content\/uploads\/2022\/01\/934ed186-f1eb-4bee-a1c4-dae328874085-300x200.jpg 300w, https:\/\/www.radiopiu.net\/wordpress\/wp-content\/uploads\/2022\/01\/934ed186-f1eb-4bee-a1c4-dae328874085-1024x683.jpg 1024w, https:\/\/www.radiopiu.net\/wordpress\/wp-content\/uploads\/2022\/01\/934ed186-f1eb-4bee-a1c4-dae328874085-768x512.jpg 768w, https:\/\/www.radiopiu.net\/wordpress\/wp-content\/uploads\/2022\/01\/934ed186-f1eb-4bee-a1c4-dae328874085.jpg 1080w\" sizes=\"auto, (max-width: 156px) 100vw, 156px\" \/><\/a>REDAZIONE<\/strong> Si \u00e8 disputata ieri\u00a0 la tappa slovena di Coppa del Mondo di Snowboard sulle nevi di Rogla. Una giornata da archiviare per Lucia Dalmasso che non \u00e8 riuscita a superare gli ottavi di finale. Dopo aver chiuso la qualificazione con il 14\u00b0 tempo, la falcadina si \u00e8 trovata di fronte l&#8217;attuale numero uno del mondo, la tedesca Hofmeister. Lucia ha dovito fare i conti con un errore passando troppo lontana su una porta nella seconda fase del tracciato perdendo quasi mezzo secondo. Alla fine la tedesca ha superato il turno con 31 centesimi di vantaggio. Ora le atlete si trasferiranno in Austria, a Simonhohe, dove nel fine settimana disputeranno due gare: sabato il gigante parallelo e domenica il Mixed Team.<\/p>\n<p>&nbsp;<\/p>\n<p><span style=\"color: #0000ff;\"><strong>SKICROSS<\/strong><\/span><\/p>\n<blockquote>\n<h3>LA SESTA TAPPA DI COPPA DEL MONDO DI SKICROSS AD ALLEGHE<\/h3>\n<\/blockquote>\n<p><strong><a class=\"dt-pswp-item\" href=\"https:\/\/www.radiopiu.net\/wordpress\/wp-content\/uploads\/2024\/01\/80460362-7f75-4638-a89e-65935d506dc1.jpg\" data-dt-img-description=\"\" data-large_image_width=\"1600\" data-large_image_height=\"1200\"><img loading=\"lazy\" decoding=\"async\" class=\" wp-image-371462 alignleft\" src=\"https:\/\/www.radiopiu.net\/wordpress\/wp-content\/uploads\/2024\/01\/80460362-7f75-4638-a89e-65935d506dc1-300x225.jpg\" alt=\"\" width=\"148\" height=\"111\" srcset=\"https:\/\/www.radiopiu.net\/wordpress\/wp-content\/uploads\/2024\/01\/80460362-7f75-4638-a89e-65935d506dc1-300x225.jpg 300w, https:\/\/www.radiopiu.net\/wordpress\/wp-content\/uploads\/2024\/01\/80460362-7f75-4638-a89e-65935d506dc1-1024x768.jpg 1024w, https:\/\/www.radiopiu.net\/wordpress\/wp-content\/uploads\/2024\/01\/80460362-7f75-4638-a89e-65935d506dc1-768x576.jpg 768w, https:\/\/www.radiopiu.net\/wordpress\/wp-content\/uploads\/2024\/01\/80460362-7f75-4638-a89e-65935d506dc1-1536x1152.jpg 1536w, https:\/\/www.radiopiu.net\/wordpress\/wp-content\/uploads\/2024\/01\/80460362-7f75-4638-a89e-65935d506dc1.jpg 1600w\" sizes=\"auto, (max-width: 148px) 100vw, 148px\" \/><\/a>BELLUNO<\/strong> Lo spettacolo dello skicross arriva ad Alleghe: dal 31 gennaio al 3 febbraio si disputer\u00e0 infatti la sesta tappa della Coppa del Mondo di skicross.<\/p>\n<p><strong>DI DANIELE DALVIT<\/strong><\/p>\n<audio class=\"wp-audio-shortcode\" id=\"audio-371366-24\" preload=\"none\" style=\"width: 100%;\" controls=\"controls\"><source type=\"audio\/mpeg\" src=\"https:\/\/www.radiopiu.net\/wordpress\/wp-content\/uploads\/2024\/01\/Radio-Piu-Servizio-Presentazione-skicross-Alleghe.mp3?_=24\" \/><a href=\"https:\/\/www.radiopiu.net\/wordpress\/wp-content\/uploads\/2024\/01\/Radio-Piu-Servizio-Presentazione-skicross-Alleghe.mp3\">https:\/\/www.radiopiu.net\/wordpress\/wp-content\/uploads\/2024\/01\/Radio-Piu-Servizio-Presentazione-skicross-Alleghe.mp3<\/a><\/audio>\n<p>&nbsp;<\/p>\n<p><span style=\"color: #0000ff;\"><strong>SCI COPPA DEL MONDO<\/strong><\/span><\/p>\n<blockquote>\n<h3>COPPA DEL MONDO, IL VENTO CANCELLA LA SECONDA PROVA A CRONOMETRO<\/h3>\n<\/blockquote>\n<p><img loading=\"lazy\" decoding=\"async\" class=\"alignleft\" src=\"https:\/\/www.radiopiu.net\/wordpress\/wp-content\/uploads\/2024\/01\/29677f1e-3648-4f0f-ba54-6b85c7a2299e.jpg\" width=\"259\" height=\"207\" \/><strong>CORTINA<\/strong><\/p>\n<p><strong>DI ROBERTO BONA<\/strong><\/p>\n<p>&nbsp;<\/p>\n<audio class=\"wp-audio-shortcode\" id=\"audio-371366-25\" preload=\"none\" style=\"width: 100%;\" controls=\"controls\"><source type=\"audio\/mpeg\" src=\"https:\/\/www.radiopiu.net\/wordpress\/wp-content\/uploads\/2024\/01\/BONA-CORTINA.mp3?_=25\" \/><a href=\"https:\/\/www.radiopiu.net\/wordpress\/wp-content\/uploads\/2024\/01\/BONA-CORTINA.mp3\">https:\/\/www.radiopiu.net\/wordpress\/wp-content\/uploads\/2024\/01\/BONA-CORTINA.mp3<\/a><\/audio>\n<p>&nbsp;<\/p>\n<blockquote>\n<h3 class=\"titolonews\">COPPA DEL MONDO SCI A FEMMINILE A CORTINA. ZAIA CON LO SGUARDO A MILANO-CORTINA 2026<\/h3>\n<\/blockquote>\n<p><strong>VENEZIA<\/strong> Il Presidente della Regione Luca Zaia si dice &#8220;molto orgoglioso di accogliere ancora una volta a Cortina un fine settimana speciale di gare di Coppa del mondo di sci femminile&#8221;. Zaia augura un grande in bocca al lupo alle atlete e sottolinea l&#8217;importanza dell&#8217;evento sulle piste delle Tofane, sede delle gare femminili di Milano Cortina 2026. L&#8217;evento rappresenta un appuntamento imperdibile nel calendario mondiale, offrendo uno spettacolo unico sulle Dolomiti, che anticipa l&#8217;attesa olimpiade del 2026.<\/p>\n<p>&nbsp;<\/p>\n<blockquote>\n<h3>OLTRE 600 RAGAZZI DEGLI SCI CLUB FISI VENETO NEL FINE SETTIMANA A CORTINA PER LA COPPA DEL MONDO DI SCI<\/h3>\n<\/blockquote>\n<p><strong>CORTINAB <\/strong>Nel fine settimana, 621 giovani sciatori veneti rappresenteranno 16 sci club alla Coppa del Mondo di sci alpino femminile a Cortina d&#8217;Ampezzo. I ragazzi potranno vivere da vicino l&#8217;esperienza della competizione e interagire con le atlete. La risposta \u00e8 stata oltre le aspettative, con quasi 100 partecipanti in pi\u00f9 rispetto allo scorso anno. L&#8217;iniziativa offre ai giovani sciatori l&#8217;opportunit\u00e0 di osservare la ricognizione delle atlete, godersi le gare e partecipare a eventi speciali. La premiazione degli sci club pi\u00f9 numerosi avverr\u00e0 in piazza Angelo Dibona. L&#8217;evento promuove l&#8217;entusiasmo dei giovani per lo sci alpino e favorisce un legame diretto con le campionesse della Coppa del Mondo.<\/p>\n\n\t\t\t<style type='text\/css'>\n\t\t\t\t#gallery-7 {\n\t\t\t\t\tmargin: auto;\n\t\t\t\t}\n\t\t\t\t#gallery-7 .gallery-item {\n\t\t\t\t\tfloat: left;\n\t\t\t\t\tmargin-top: 10px;\n\t\t\t\t\ttext-align: center;\n\t\t\t\t\twidth: 50%;\n\t\t\t\t}\n\t\t\t\t#gallery-7 img {\n\t\t\t\t\tborder: 2px solid #cfcfcf;\n\t\t\t\t}\n\t\t\t\t#gallery-7 .gallery-caption {\n\t\t\t\t\tmargin-left: 0;\n\t\t\t\t}\n\t\t\t\t\/* see gallery_shortcode() in wp-includes\/media.php *\/\n\t\t\t<\/style>\n\t\t<div id='gallery-7' class='dt-gallery-container gallery galleryid-371366 gallery-columns-2 gallery-size-medium'><dl class='gallery-item'>\n\t\t\t\t<dt class='gallery-icon landscape'>\n\t\t\t\t\t<a class=\"rollover rollover-zoom dt-pswp-item\" title=\"230120_bibdraw_CortinaSkiWorldCup2023_\u00a9Zenoni_32 - Sofia Goggia\" data-dt-img-description=\"\" data-large_image_width=\"2560\" data-large_image_height=\"1707\"href='https:\/\/www.radiopiu.net\/wordpress\/wp-content\/uploads\/2024\/01\/230120_bibdraw_CortinaSkiWorldCup2023_\u00a9Zenoni_32-Sofia-Goggia-scaled.jpg'><img loading=\"lazy\" decoding=\"async\" width=\"300\" height=\"200\" src=\"https:\/\/www.radiopiu.net\/wordpress\/wp-content\/uploads\/2024\/01\/230120_bibdraw_CortinaSkiWorldCup2023_\u00a9Zenoni_32-Sofia-Goggia-300x200.jpg\" class=\"attachment-medium size-medium\" alt=\"\" srcset=\"https:\/\/www.radiopiu.net\/wordpress\/wp-content\/uploads\/2024\/01\/230120_bibdraw_CortinaSkiWorldCup2023_\u00a9Zenoni_32-Sofia-Goggia-300x200.jpg 300w, https:\/\/www.radiopiu.net\/wordpress\/wp-content\/uploads\/2024\/01\/230120_bibdraw_CortinaSkiWorldCup2023_\u00a9Zenoni_32-Sofia-Goggia-1024x683.jpg 1024w, https:\/\/www.radiopiu.net\/wordpress\/wp-content\/uploads\/2024\/01\/230120_bibdraw_CortinaSkiWorldCup2023_\u00a9Zenoni_32-Sofia-Goggia-768x512.jpg 768w, https:\/\/www.radiopiu.net\/wordpress\/wp-content\/uploads\/2024\/01\/230120_bibdraw_CortinaSkiWorldCup2023_\u00a9Zenoni_32-Sofia-Goggia-1536x1024.jpg 1536w, https:\/\/www.radiopiu.net\/wordpress\/wp-content\/uploads\/2024\/01\/230120_bibdraw_CortinaSkiWorldCup2023_\u00a9Zenoni_32-Sofia-Goggia-2048x1365.jpg 2048w\" sizes=\"auto, (max-width: 300px) 100vw, 300px\" \/><\/a>\n\t\t\t\t<\/dt><\/dl><dl class='gallery-item'>\n\t\t\t\t<dt class='gallery-icon landscape'>\n\t\t\t\t\t<a class=\"rollover rollover-zoom dt-pswp-item\" title=\"230120_bibdraw_CortinaSkiWorldCup2023_\u00a9Zenoni_27 - Ilka S\u030ctuhec\" data-dt-img-description=\"\" data-large_image_width=\"2560\" data-large_image_height=\"1707\"href='https:\/\/www.radiopiu.net\/wordpress\/wp-content\/uploads\/2024\/01\/230120_bibdraw_CortinaSkiWorldCup2023_\u00a9Zenoni_27-Ilka-Stuhec-scaled.jpg'><img loading=\"lazy\" decoding=\"async\" width=\"300\" height=\"200\" src=\"https:\/\/www.radiopiu.net\/wordpress\/wp-content\/uploads\/2024\/01\/230120_bibdraw_CortinaSkiWorldCup2023_\u00a9Zenoni_27-Ilka-Stuhec-300x200.jpg\" class=\"attachment-medium size-medium\" alt=\"\" srcset=\"https:\/\/www.radiopiu.net\/wordpress\/wp-content\/uploads\/2024\/01\/230120_bibdraw_CortinaSkiWorldCup2023_\u00a9Zenoni_27-Ilka-Stuhec-300x200.jpg 300w, https:\/\/www.radiopiu.net\/wordpress\/wp-content\/uploads\/2024\/01\/230120_bibdraw_CortinaSkiWorldCup2023_\u00a9Zenoni_27-Ilka-Stuhec-1024x683.jpg 1024w, https:\/\/www.radiopiu.net\/wordpress\/wp-content\/uploads\/2024\/01\/230120_bibdraw_CortinaSkiWorldCup2023_\u00a9Zenoni_27-Ilka-Stuhec-768x512.jpg 768w, https:\/\/www.radiopiu.net\/wordpress\/wp-content\/uploads\/2024\/01\/230120_bibdraw_CortinaSkiWorldCup2023_\u00a9Zenoni_27-Ilka-Stuhec-1536x1024.jpg 1536w, https:\/\/www.radiopiu.net\/wordpress\/wp-content\/uploads\/2024\/01\/230120_bibdraw_CortinaSkiWorldCup2023_\u00a9Zenoni_27-Ilka-Stuhec-2048x1365.jpg 2048w\" sizes=\"auto, (max-width: 300px) 100vw, 300px\" \/><\/a>\n\t\t\t\t<\/dt><\/dl><br style=\"clear: both\" \/>\n\t\t\t<\/div>\n\n<p>&nbsp;<\/p>\n<p>&nbsp;<\/p>\n<p>*****<\/p>\n","protected":false},"excerpt":{"rendered":"<p>*** &nbsp; 40esimo di RADIOPIU\u2026. LA VOCE DELL\u2019EMOZIONE \u00a0 ISCRIVITI AL NOSTRO CANALE\u00a0\u00a0YOUTUBE PER SEGUIRE IN DIRETTA I PRINCIPALI PROGRAMMI DI RADIO PIU\u2019 E LE FUTURE DIRETTE IN ESTERNA. PER ISCRIVERTI CLICCA QUI\u00a0E PREMI\u00a0 \u201cIscriviti\u201d\u00a0 \u00a0\u00a0 &nbsp; &nbsp; &nbsp; IL MESSAGGIO DI CONDOGLIANZE ALLA FAMIGLIA DE SILVESTRO PER LA SCOMPARSA DI IVO &nbsp; di Roberto&hellip;<\/p>\n","protected":false},"author":4,"featured_media":371503,"comment_status":"closed","ping_status":"closed","sticky":false,"template":"","format":"standard","meta":{"_monsterinsights_skip_tracking":false,"_monsterinsights_sitenote_active":false,"_monsterinsights_sitenote_note":"","_monsterinsights_sitenote_category":0,"footnotes":""},"categories":[51,86,49],"tags":[],"class_list":["post-371366","post","type-post","status-publish","format-standard","has-post-thumbnail","hentry","category-evidenza-top","category-gr","category-news-18","category-51","category-86","category-49","description-off"],"img_url":"https:\/\/www.radiopiu.net\/wordpress\/wp-content\/uploads\/2024\/01\/WhatsApp-Image-2024-01-25-at-16.59.54.jpeg","_links":{"self":[{"href":"https:\/\/www.radiopiu.net\/wordpress\/wp-json\/wp\/v2\/posts\/371366","targetHints":{"allow":["GET"]}}],"collection":[{"href":"https:\/\/www.radiopiu.net\/wordpress\/wp-json\/wp\/v2\/posts"}],"about":[{"href":"https:\/\/www.radiopiu.net\/wordpress\/wp-json\/wp\/v2\/types\/post"}],"author":[{"embeddable":true,"href":"https:\/\/www.radiopiu.net\/wordpress\/wp-json\/wp\/v2\/users\/4"}],"replies":[{"embeddable":true,"href":"https:\/\/www.radiopiu.net\/wordpress\/wp-json\/wp\/v2\/comments?post=371366"}],"version-history":[{"count":0,"href":"https:\/\/www.radiopiu.net\/wordpress\/wp-json\/wp\/v2\/posts\/371366\/revisions"}],"wp:featuredmedia":[{"embeddable":true,"href":"https:\/\/www.radiopiu.net\/wordpress\/wp-json\/wp\/v2\/media\/371503"}],"wp:attachment":[{"href":"https:\/\/www.radiopiu.net\/wordpress\/wp-json\/wp\/v2\/media?parent=371366"}],"wp:term":[{"taxonomy":"category","embeddable":true,"href":"https:\/\/www.radiopiu.net\/wordpress\/wp-json\/wp\/v2\/categories?post=371366"},{"taxonomy":"post_tag","embeddable":true,"href":"https:\/\/www.radiopiu.net\/wordpress\/wp-json\/wp\/v2\/tags?post=371366"}],"curies":[{"name":"wp","href":"https:\/\/api.w.org\/{rel}","templated":true}]}}