{"id":371427,"date":"2024-01-25T13:52:18","date_gmt":"2024-01-25T12:52:18","guid":{"rendered":"https:\/\/www.radiopiu.net\/wordpress\/?p=371427"},"modified":"2024-01-25T13:52:18","modified_gmt":"2024-01-25T12:52:18","slug":"danneggiato-il-bivacco-costacurta-in-val-di-botte-reazione-della-comunita-e-delle-riserve-alpine","status":"publish","type":"post","link":"https:\/\/www.radiopiu.net\/wordpress\/danneggiato-il-bivacco-costacurta-in-val-di-botte-reazione-della-comunita-e-delle-riserve-alpine\/","title":{"rendered":"Danneggiato il Bivacco Costacurta in Val di Botte, Reazione della Comunit\u00e0 e delle Riserve Alpine&#8221;"},"content":{"rendered":"<p>**<\/p>\n<p>&nbsp;<\/p>\n<p><strong>BORGO VALBELLUNA\u00a0<\/strong> Nell&#8217;ultimo episodio di danneggiamento al bivacco Costacurta in val di Botte, tra Signa e Zelant nel Comune di Borgo Valbelluna, la storica stufa \u00e8 stata divelta e distrutta insieme ai tubi di raccordo con la canna fumaria. La Riserva Alpina di Mel, responsabile della custodia del bivacco, ha segnalato il fatto alle autorit\u00e0 e insieme alla Polizia Locale effettuer\u00e0 una denuncia contro ignoti. Questo non \u00e8 l&#8217;unico caso recente, con danneggiamenti registrati anche al bivacco Col dei Gai, gestito dalla Riserva Alpina di Caccia di Trichiana, e ad altri siti lo scorso anno. La cartellonistica lungo la rete sentieristica comunale \u00e8 stata anch&#8217;essa danneggiata. Simone Deola, assessore all&#8217;Ambiente di Borgo Valbelluna, esprime sconcerto per questi atti vandalici, definendoli un danno al patrimonio collettivo e uno sfregio agli sforzi dei volontari. Fabio Ferrighetto, presidente della Riserva Alpina di Caccia di Mel, e Maurizio Barp a nome della Riserva Alpina di Caccia di Trichiana, esprimono profondo rammarico e delusione per questi comportamenti che danneggiano il territorio e scoraggiano gli sforzi dei volontari.<\/p>\n\n\t\t\t<style type='text\/css'>\n\t\t\t\t#gallery-1 {\n\t\t\t\t\tmargin: auto;\n\t\t\t\t}\n\t\t\t\t#gallery-1 .gallery-item {\n\t\t\t\t\tfloat: left;\n\t\t\t\t\tmargin-top: 10px;\n\t\t\t\t\ttext-align: center;\n\t\t\t\t\twidth: 50%;\n\t\t\t\t}\n\t\t\t\t#gallery-1 img {\n\t\t\t\t\tborder: 2px solid #cfcfcf;\n\t\t\t\t}\n\t\t\t\t#gallery-1 .gallery-caption {\n\t\t\t\t\tmargin-left: 0;\n\t\t\t\t}\n\t\t\t\t\/* see gallery_shortcode() in wp-includes\/media.php *\/\n\t\t\t<\/style>\n\t\t<div id='gallery-1' class='dt-gallery-container gallery galleryid-371427 gallery-columns-2 gallery-size-thumbnail'><dl class='gallery-item'>\n\t\t\t\t<dt class='gallery-icon landscape'>\n\t\t\t\t\t<a class=\"rollover rollover-zoom dt-pswp-item\" title=\"Senza n1ome\" data-dt-img-description=\"\" data-large_image_width=\"740\" data-large_image_height=\"400\"href='https:\/\/www.radiopiu.net\/wordpress\/wp-content\/uploads\/2024\/01\/Senza-n1ome.png'><img loading=\"lazy\" decoding=\"async\" width=\"150\" height=\"150\" src=\"https:\/\/www.radiopiu.net\/wordpress\/wp-content\/uploads\/2024\/01\/Senza-n1ome-150x150.png\" class=\"attachment-thumbnail size-thumbnail\" alt=\"\" \/><\/a>\n\t\t\t\t<\/dt><\/dl><dl class='gallery-item'>\n\t\t\t\t<dt class='gallery-icon landscape'>\n\t\t\t\t\t<a class=\"rollover rollover-zoom dt-pswp-item\" title=\"Senza nome\" data-dt-img-description=\"\" data-large_image_width=\"805\" data-large_image_height=\"644\"href='https:\/\/www.radiopiu.net\/wordpress\/wp-content\/uploads\/2024\/01\/Senza-nome-83.png'><img loading=\"lazy\" decoding=\"async\" width=\"150\" height=\"150\" src=\"https:\/\/www.radiopiu.net\/wordpress\/wp-content\/uploads\/2024\/01\/Senza-nome-83-150x150.png\" class=\"attachment-thumbnail size-thumbnail\" alt=\"\" \/><\/a>\n\t\t\t\t<\/dt><\/dl><br style=\"clear: both\" \/>\n\t\t\t<\/div>\n\n<p>__<\/p>\n","protected":false},"excerpt":{"rendered":"<p>** &nbsp; BORGO VALBELLUNA\u00a0 Nell&#8217;ultimo episodio di danneggiamento al bivacco Costacurta in val di Botte, tra Signa e Zelant nel Comune di Borgo Valbelluna, la storica stufa \u00e8 stata divelta e distrutta insieme ai tubi di raccordo con la canna fumaria. La Riserva Alpina di Mel, responsabile della custodia del bivacco, ha segnalato il fatto&hellip;<\/p>\n","protected":false},"author":4,"featured_media":371434,"comment_status":"closed","ping_status":"closed","sticky":false,"template":"","format":"standard","meta":{"_monsterinsights_skip_tracking":false,"_monsterinsights_sitenote_active":false,"_monsterinsights_sitenote_note":"","_monsterinsights_sitenote_category":0,"footnotes":""},"categories":[51,49],"tags":[],"class_list":["post-371427","post","type-post","status-publish","format-standard","has-post-thumbnail","hentry","category-evidenza-top","category-news-18","category-51","category-49","description-off"],"img_url":"https:\/\/www.radiopiu.net\/wordpress\/wp-content\/uploads\/2024\/01\/Senza-nome-83.png","_links":{"self":[{"href":"https:\/\/www.radiopiu.net\/wordpress\/wp-json\/wp\/v2\/posts\/371427","targetHints":{"allow":["GET"]}}],"collection":[{"href":"https:\/\/www.radiopiu.net\/wordpress\/wp-json\/wp\/v2\/posts"}],"about":[{"href":"https:\/\/www.radiopiu.net\/wordpress\/wp-json\/wp\/v2\/types\/post"}],"author":[{"embeddable":true,"href":"https:\/\/www.radiopiu.net\/wordpress\/wp-json\/wp\/v2\/users\/4"}],"replies":[{"embeddable":true,"href":"https:\/\/www.radiopiu.net\/wordpress\/wp-json\/wp\/v2\/comments?post=371427"}],"version-history":[{"count":0,"href":"https:\/\/www.radiopiu.net\/wordpress\/wp-json\/wp\/v2\/posts\/371427\/revisions"}],"wp:featuredmedia":[{"embeddable":true,"href":"https:\/\/www.radiopiu.net\/wordpress\/wp-json\/wp\/v2\/media\/371434"}],"wp:attachment":[{"href":"https:\/\/www.radiopiu.net\/wordpress\/wp-json\/wp\/v2\/media?parent=371427"}],"wp:term":[{"taxonomy":"category","embeddable":true,"href":"https:\/\/www.radiopiu.net\/wordpress\/wp-json\/wp\/v2\/categories?post=371427"},{"taxonomy":"post_tag","embeddable":true,"href":"https:\/\/www.radiopiu.net\/wordpress\/wp-json\/wp\/v2\/tags?post=371427"}],"curies":[{"name":"wp","href":"https:\/\/api.w.org\/{rel}","templated":true}]}}