{"id":371443,"date":"2024-01-25T14:47:45","date_gmt":"2024-01-25T13:47:45","guid":{"rendered":"https:\/\/www.radiopiu.net\/wordpress\/?p=371443"},"modified":"2024-01-25T14:49:23","modified_gmt":"2024-01-25T13:49:23","slug":"intesa-strategica-tra-regione-veneto-arpav-e-carabinieri-per-la-tutela-ambientale","status":"publish","type":"post","link":"https:\/\/www.radiopiu.net\/wordpress\/intesa-strategica-tra-regione-veneto-arpav-e-carabinieri-per-la-tutela-ambientale\/","title":{"rendered":"Intesa Strategica Tra Regione Veneto, Arpav e Carabinieri per la Tutela Ambientale"},"content":{"rendered":"<p>**<\/p>\n<p>&nbsp;<\/p>\n<p><strong><img loading=\"lazy\" decoding=\"async\" class=\"alignleft\" src=\"https:\/\/www.radiopiu.net\/wordpress\/wp-content\/uploads\/2020\/04\/RIFIUTI.png\" width=\"235\" height=\"136\" \/>VENEZIA<\/strong> La Regione Veneto, l&#8217;Arpav e i Carabinieri intensificano la collaborazione per contrastare il traffico illecito di rifiuti e altri reati ambientali. Un Protocollo specifico \u00e8 stato firmato a Palazzo Balbi, stabilendo una serie di azioni coordinate. La Regione fornir\u00e0 supporto logistico e finanziamento di 40 mila euro per il funzionamento della sede dei Carabinieri. Il Gruppo Carabinieri collaborer\u00e0 con regione e Arpav nelle attivit\u00e0 di vigilanza e controllo e acquisir\u00e0 i supporti necessari per ottimizzare il sistema di controllo contro i crimini ambientali. Arpav contribuir\u00e0 con supporto tecnico-scientifico, consulenza, vigilanza, controllo e monitoraggio, favorendo lo scambio di informazioni. L&#8217;obiettivo \u00e8 contrastare il traffico illecito di rifiuti, prevenire gli incendi e migliorare la gestione delle attivit\u00e0 connesse alla tutela ambientale. L&#8217;Assessore all&#8217;Ambiente, Gianpaolo Bottacin, sottolinea l&#8217;importanza della collaborazione e esprime la volont\u00e0 di creare un coordinamento nazionale. Il tenente Colonnello Enrico Risottino presenta le attivit\u00e0 del Gruppo Carabinieri, definendolo la prima polizia ambientale europea, mentre il Direttore Area Tecnica di Arpav, Vincenzo Rastaino, evidenzia il ruolo fondamentale del rapporto con i Carabinieri.<\/p>\n<p>L&#8217;ASSESSORE GIANPAOLO BOTTACIN<\/p>\n<div style=\"width: 848px;\" class=\"wp-video\"><video class=\"wp-video-shortcode\" id=\"video-371443-1\" width=\"848\" height=\"480\" preload=\"metadata\" controls=\"controls\"><source type=\"video\/mp4\" src=\"https:\/\/www.radiopiu.net\/wordpress\/wp-content\/uploads\/2024\/01\/WhatsApp-Video-2024-01-25-at-13.33.30.mp4?_=1\" \/><a href=\"https:\/\/www.radiopiu.net\/wordpress\/wp-content\/uploads\/2024\/01\/WhatsApp-Video-2024-01-25-at-13.33.30.mp4\">https:\/\/www.radiopiu.net\/wordpress\/wp-content\/uploads\/2024\/01\/WhatsApp-Video-2024-01-25-at-13.33.30.mp4<\/a><\/video><\/div>\n<p>&nbsp;<\/p>\n<p>&nbsp;<\/p>\n<hr \/>\n<p>&nbsp;<\/p>\n","protected":false},"excerpt":{"rendered":"<p>** &nbsp; VENEZIA La Regione Veneto, l&#8217;Arpav e i Carabinieri intensificano la collaborazione per contrastare il traffico illecito di rifiuti e altri reati ambientali. Un Protocollo specifico \u00e8 stato firmato a Palazzo Balbi, stabilendo una serie di azioni coordinate. La Regione fornir\u00e0 supporto logistico e finanziamento di 40 mila euro per il funzionamento della sede&hellip;<\/p>\n","protected":false},"author":4,"featured_media":130637,"comment_status":"closed","ping_status":"closed","sticky":false,"template":"","format":"standard","meta":{"_monsterinsights_skip_tracking":false,"_monsterinsights_sitenote_active":false,"_monsterinsights_sitenote_note":"","_monsterinsights_sitenote_category":0,"footnotes":""},"categories":[51,49],"tags":[],"class_list":["post-371443","post","type-post","status-publish","format-standard","has-post-thumbnail","hentry","category-evidenza-top","category-news-18","category-51","category-49","description-off"],"img_url":"https:\/\/www.radiopiu.net\/wordpress\/wp-content\/uploads\/2020\/04\/RIFIUTI.png","_links":{"self":[{"href":"https:\/\/www.radiopiu.net\/wordpress\/wp-json\/wp\/v2\/posts\/371443","targetHints":{"allow":["GET"]}}],"collection":[{"href":"https:\/\/www.radiopiu.net\/wordpress\/wp-json\/wp\/v2\/posts"}],"about":[{"href":"https:\/\/www.radiopiu.net\/wordpress\/wp-json\/wp\/v2\/types\/post"}],"author":[{"embeddable":true,"href":"https:\/\/www.radiopiu.net\/wordpress\/wp-json\/wp\/v2\/users\/4"}],"replies":[{"embeddable":true,"href":"https:\/\/www.radiopiu.net\/wordpress\/wp-json\/wp\/v2\/comments?post=371443"}],"version-history":[{"count":0,"href":"https:\/\/www.radiopiu.net\/wordpress\/wp-json\/wp\/v2\/posts\/371443\/revisions"}],"wp:featuredmedia":[{"embeddable":true,"href":"https:\/\/www.radiopiu.net\/wordpress\/wp-json\/wp\/v2\/media\/130637"}],"wp:attachment":[{"href":"https:\/\/www.radiopiu.net\/wordpress\/wp-json\/wp\/v2\/media?parent=371443"}],"wp:term":[{"taxonomy":"category","embeddable":true,"href":"https:\/\/www.radiopiu.net\/wordpress\/wp-json\/wp\/v2\/categories?post=371443"},{"taxonomy":"post_tag","embeddable":true,"href":"https:\/\/www.radiopiu.net\/wordpress\/wp-json\/wp\/v2\/tags?post=371443"}],"curies":[{"name":"wp","href":"https:\/\/api.w.org\/{rel}","templated":true}]}}