{"id":371545,"date":"2024-01-26T05:38:00","date_gmt":"2024-01-26T04:38:00","guid":{"rendered":"https:\/\/www.radiopiu.net\/wordpress\/?p=371545"},"modified":"2024-01-26T15:23:05","modified_gmt":"2024-01-26T14:23:05","slug":"cambiamenti-e-continuita-nuove-prospettive-per-la-minoranza-a-falcade","status":"publish","type":"post","link":"https:\/\/www.radiopiu.net\/wordpress\/cambiamenti-e-continuita-nuove-prospettive-per-la-minoranza-a-falcade\/","title":{"rendered":"Cambiamenti e Continuit\u00e0: Nuove Prospettive per la Minoranza a Falcade"},"content":{"rendered":"<p>**<\/p>\n<p>&nbsp;<\/p>\n<p>&nbsp;<\/p>\n<div class=\"flex-1 overflow-hidden\">\n<div class=\"react-scroll-to-bottom--css-abgvb-79elbk h-full\">\n<div class=\"react-scroll-to-bottom--css-abgvb-1n7m0yu\">\n<div class=\"flex flex-col pb-9 text-sm\">\n<div class=\"w-full text-token-text-primary\" data-testid=\"conversation-turn-27\">\n<div class=\"px-4 py-2 justify-center text-base md:gap-6 m-auto\">\n<div class=\"flex flex-1 text-base mx-auto gap-3 md:px-5 lg:px-1 xl:px-5 md:max-w-3xl lg:max-w-[40rem] xl:max-w-[48rem] group final-completion\">\n<div class=\"relative flex w-full flex-col lg:w-[calc(100%-115px)] agent-turn\">\n<div class=\"flex-col gap-1 md:gap-3\">\n<div class=\"flex flex-grow flex-col max-w-full\">\n<div class=\"min-h-[20px] text-message flex flex-col items-start gap-3 whitespace-pre-wrap break-words [.text-message+&amp;]:mt-5 overflow-x-auto\" data-message-author-role=\"assistant\" data-message-id=\"38b17163-576f-4c93-ae17-9f6b19733cc8\">\n<div class=\"markdown prose w-full break-words dark:prose-invert dark\">\n<p><strong><a class=\"dt-pswp-item\" href=\"https:\/\/www.radiopiu.net\/wordpress\/wp-content\/uploads\/2024\/01\/Senza-nome-88.png\" data-dt-img-description=\"\" data-large_image_width=\"563\" data-large_image_height=\"763\"><img loading=\"lazy\" decoding=\"async\" class=\" wp-image-371593 alignleft\" src=\"https:\/\/www.radiopiu.net\/wordpress\/wp-content\/uploads\/2024\/01\/Senza-nome-88-221x300.png\" alt=\"\" width=\"130\" height=\"176\" srcset=\"https:\/\/www.radiopiu.net\/wordpress\/wp-content\/uploads\/2024\/01\/Senza-nome-88-221x300.png 221w, https:\/\/www.radiopiu.net\/wordpress\/wp-content\/uploads\/2024\/01\/Senza-nome-88.png 563w\" sizes=\"auto, (max-width: 130px) 100vw, 130px\" \/><\/a>FALCADE<\/strong> Nelle ultime ore Falcade ha appreso con sorpresa le imminenti dimissioni del consigliere di minoranza Axel De Pellegrini. La notizia ha destato interesse e qualche perplessit\u00e0, soprattutto considerando che l&#8217;annuncio non \u00e8 giunto ai suoi compagni di squadra direttamente dall&#8217;interessato. Il gruppo di minoranza, seppur dispiaciuto per la decisione di De Pellegrini, ha sottolineato la volont\u00e0 di andare avanti con i propri progetti e le idee gi\u00e0 in corso. L&#8217;accento \u00e8 stato posto sulla continuit\u00e0, rassicurando la cittadinanza sul mantenimento degli impegni presi e sulla prosecuzione degli sforzi per migliorare la realt\u00e0 locale. Particolare attenzione \u00e8 stata data alle dichiarazioni di De Pellegrini riguardo al concetto che <em>&#8220;le persone cambiano&#8221;<\/em>. Nonostante la mancanza di chiarezza su a chi si riferisse, il gruppo ha assicurato che continuer\u00e0 il proprio percorso con coerenza e determinazione. Per garantire una transizione senza intoppi, il gruppo ha gi\u00e0 avviato contatti con Ilario Tomaselli, giovane e promettente, che ha espresso la sua piena disponibilit\u00e0. La fiducia nei confronti di Tomaselli \u00e8 stata sottolineata, evidenziando le sue idee fresche e la coerenza nel perseguire gli obiettivi prefissati. Entro breve, verr\u00e0 designato il nuovo capogruppo, e\u00a0 continuer\u00e0 a portare avanti il programma concordato, mantenendo un rispetto per chi ha espresso fiducia e lavorando in collaborazione con la maggioranza. Si sottolinea il buon rapporto esistente e l&#8217;obiettivo comune di contribuire al miglioramento del comune di Falcade.\u00a0 Hermann Follador, consigliere di minoranza (foto) ha concluso &#8220;confermo l&#8217;impegno del gruppo a lavorare per il bene della comunit\u00e0 locale&#8221;.<\/p>\n<\/div>\n<\/div>\n<\/div>\n<div class=\"mt-1 flex justify-start gap-3 empty:hidden\"><\/div>\n<\/div>\n<\/div>\n<\/div>\n<\/div>\n<\/div>\n<\/div>\n<\/div>\n<\/div>\n<\/div>\n<div class=\"w-full pt-2 md:pt-0 dark:border-white\/20 md:border-transparent md:dark:border-transparent md:w-[calc(100%-.5rem)]\">\n<form class=\"stretch mx-2 flex flex-row gap-3 last:mb-2 md:mx-4 md:last:mb-6 lg:mx-auto lg:max-w-2xl xl:max-w-3xl\">\n<div class=\"relative flex h-full flex-1 items-stretch md:flex-col\">\n<div class=\"flex w-full items-center\"><\/div>\n<\/div>\n<\/form>\n<\/div>\n<p>&nbsp;<\/p>\n<hr \/>\n<p>&nbsp;<\/p>\n<p>&nbsp;<\/p>\n<blockquote>\n<h3>ME NE VADO&#8230; TRA LA DELUSIONE DI CHI LO AVEVA ELETTO<\/h3>\n<\/blockquote>\n<h2><img loading=\"lazy\" decoding=\"async\" class=\"alignleft\" src=\"https:\/\/www.radiopiu.net\/wordpress\/wp-content\/uploads\/2022\/05\/AXEL-PELLEGRINI.jpg\" width=\"253\" height=\"181\" \/><\/h2>\n<p><strong>FALCADE<\/strong> Troppa impegnativa la vita amministrativa\u00a0 per il capogruppo di minoranza che un anno e mezzo dopo le elezioni prende le scale del palazzo e saluta tutti. Axel De Pellegrin se ne frega della gente che lo ha votato e se ne va prima della scadenza di mandato. Evidentemente fare minoranza non sempre paga, ne abbiamo visti di candidati a sindaci dopo qualche mese lasciare l&#8217;incarico e il giovane Axel si aggiunge alla lista. Tra le dichiarazioni anche<em> &#8220;valuter\u00f2 se ripresentarmi un giorno..,pi\u00f9 preparato di prima&#8221;.<\/em> Pi\u00f9 che altro lo valuteranno gli elettori tutto questo, elezioni, dimissioni ed eventuale rientro in corsa compresi.<\/p>\n<p>&nbsp;<\/p>\n<p>&nbsp;<\/p>\n<hr \/>\n<p>&nbsp;<\/p>\n","protected":false},"excerpt":{"rendered":"<p>** &nbsp; &nbsp; FALCADE Nelle ultime ore Falcade ha appreso con sorpresa le imminenti dimissioni del consigliere di minoranza Axel De Pellegrini. La notizia ha destato interesse e qualche perplessit\u00e0, soprattutto considerando che l&#8217;annuncio non \u00e8 giunto ai suoi compagni di squadra direttamente dall&#8217;interessato. Il gruppo di minoranza, seppur dispiaciuto per la decisione di De&hellip;<\/p>\n","protected":false},"author":4,"featured_media":304533,"comment_status":"closed","ping_status":"closed","sticky":false,"template":"","format":"standard","meta":{"_monsterinsights_skip_tracking":false,"_monsterinsights_sitenote_active":false,"_monsterinsights_sitenote_note":"","_monsterinsights_sitenote_category":0,"footnotes":""},"categories":[51,49],"tags":[],"class_list":["post-371545","post","type-post","status-publish","format-standard","has-post-thumbnail","hentry","category-evidenza-top","category-news-18","category-51","category-49","description-off"],"img_url":"https:\/\/www.radiopiu.net\/wordpress\/wp-content\/uploads\/2022\/11\/CONSIGLIO-COMUNALE-FALCADE-4.jpg","_links":{"self":[{"href":"https:\/\/www.radiopiu.net\/wordpress\/wp-json\/wp\/v2\/posts\/371545","targetHints":{"allow":["GET"]}}],"collection":[{"href":"https:\/\/www.radiopiu.net\/wordpress\/wp-json\/wp\/v2\/posts"}],"about":[{"href":"https:\/\/www.radiopiu.net\/wordpress\/wp-json\/wp\/v2\/types\/post"}],"author":[{"embeddable":true,"href":"https:\/\/www.radiopiu.net\/wordpress\/wp-json\/wp\/v2\/users\/4"}],"replies":[{"embeddable":true,"href":"https:\/\/www.radiopiu.net\/wordpress\/wp-json\/wp\/v2\/comments?post=371545"}],"version-history":[{"count":0,"href":"https:\/\/www.radiopiu.net\/wordpress\/wp-json\/wp\/v2\/posts\/371545\/revisions"}],"wp:featuredmedia":[{"embeddable":true,"href":"https:\/\/www.radiopiu.net\/wordpress\/wp-json\/wp\/v2\/media\/304533"}],"wp:attachment":[{"href":"https:\/\/www.radiopiu.net\/wordpress\/wp-json\/wp\/v2\/media?parent=371545"}],"wp:term":[{"taxonomy":"category","embeddable":true,"href":"https:\/\/www.radiopiu.net\/wordpress\/wp-json\/wp\/v2\/categories?post=371545"},{"taxonomy":"post_tag","embeddable":true,"href":"https:\/\/www.radiopiu.net\/wordpress\/wp-json\/wp\/v2\/tags?post=371545"}],"curies":[{"name":"wp","href":"https:\/\/api.w.org\/{rel}","templated":true}]}}