{"id":371561,"date":"2024-01-26T06:55:59","date_gmt":"2024-01-26T05:55:59","guid":{"rendered":"https:\/\/www.radiopiu.net\/wordpress\/?p=371561"},"modified":"2024-01-26T08:54:30","modified_gmt":"2024-01-26T07:54:30","slug":"la-nostra-rassegna-stampa-dal-1983-loriginale-alle-otto-del-mattino","status":"publish","type":"post","link":"https:\/\/www.radiopiu.net\/wordpress\/la-nostra-rassegna-stampa-dal-1983-loriginale-alle-otto-del-mattino\/","title":{"rendered":"LA NOSTRA RASSEGNA STAMPA, DAL 1983 L&#8217;ORIGINALE ALLE OTTO DEL MATTINO"},"content":{"rendered":"<p>&nbsp;<\/p>\n<p><iframe loading=\"lazy\" title=\"DAL 1983 LA RASSEGNA STAMPA LOCALE di mirko mezzacasa. L&#039;ORIGINALE\" width=\"1200\" height=\"675\" src=\"https:\/\/www.youtube.com\/embed\/w-M8YU7hZq0?feature=oembed\" frameborder=\"0\" allow=\"accelerometer; autoplay; clipboard-write; encrypted-media; gyroscope; picture-in-picture; web-share\" allowfullscreen><\/iframe><\/p>\n<p>&nbsp;<\/p>\n<p><img loading=\"lazy\" decoding=\"async\" class=\"alignleft\" src=\"https:\/\/www.radiopiu.net\/wordpress\/wp-content\/uploads\/2024\/01\/Senza-nome-87.png\" width=\"242\" height=\"144\" \/><strong>REDAZIONE<\/strong> Vi aggrada il vostro sindaco? Se vivete in Comuni piccoli, fino a 5000 abitanti, lo potrete avere per tutta la vita, il Governo ha deciso, chiunque potr\u00e0 ricandidarsi per 20-30 anni come fece Bruno Bulf sindaco decennale a Taibon Agordino prima di iniziare la nuova carriera alla Onlus Casa di Soggiorno di Taibon, ma \u00e8 solo un esempio di attaccamento alla vita politica amministrativa, quando la passione diventa ossessione di perdere il potere. Nel caso di Bulf non \u00e8 pi\u00f9 in Comune perch\u00e8 la sua candidatura era stata invalidata per precedenti. Nulla di nuovo sul possibile terzo mandato del Presidente uscente Luca Zaia.<br \/>\n<strong>FALCADE<\/strong> C&#8217;\u00e8 dunque chi metterebbe la firma per sedere a Palazzo e chi, una volta eletto gira le spalle agli elettori (anche se pochi) che lo hanno portato in Municipio. Axel De Pellegrin abbandona i falcadini. Gi\u00e0 successo in passato con nomi eccellente che una volta non votati ma finiti in minoranza hanno preso la via pi\u00f9 breve verso l&#8217;uscita autorizzata.<br \/>\n<strong>VENEZIA<\/strong> Quel voto, anzi il non voto, sul fine vita costa la carriera alla piddina Bigon, degradata da vice segretaria provinciale, Anna Maria Bigono lo si ricordi con la sua astensione ha fatto naufragare un intero progetto di legge, gli \u00e8 andata ancora bene c&#8217;era chi sperava fosse depennata dalla storia del PD Veneto, ma \u00e8 ancora in carica, sono passati 9 giorni dall&#8217;inizio del putiferio interno al Partito Democratico.<br \/>\n<a class=\"dt-pswp-item\" href=\"https:\/\/www.radiopiu.net\/wordpress\/wp-content\/uploads\/2024\/01\/Senza-nome-86.png\" data-dt-img-description=\"\" data-large_image_width=\"479\" data-large_image_height=\"249\"><img loading=\"lazy\" decoding=\"async\" class=\"size-medium wp-image-371554 alignleft\" src=\"https:\/\/www.radiopiu.net\/wordpress\/wp-content\/uploads\/2024\/01\/Senza-nome-86-300x156.png\" alt=\"\" width=\"300\" height=\"156\" srcset=\"https:\/\/www.radiopiu.net\/wordpress\/wp-content\/uploads\/2024\/01\/Senza-nome-86-300x156.png 300w, https:\/\/www.radiopiu.net\/wordpress\/wp-content\/uploads\/2024\/01\/Senza-nome-86.png 479w\" sizes=\"auto, (max-width: 300px) 100vw, 300px\" \/><\/a><strong>CANALE D&#8217;AGORDO <\/strong>Gianni Santomaso racconta la storia del pentito di N&#8217;drangheta che lavorata a Canale d&#8217;Agordo, si era ben integrato nella comunit\u00e0<br \/>\n<strong>LUTTO<\/strong> A SOVRAMONTE, Massimiliano Slongo vinto dalla malattia, muore a 40 anni, esponente nella maggioranza, uomo di sport.<br \/>\n<strong>MUORE<\/strong> UN ALTRO PARROCO, IL SECONDO IL 48 ORE Solo ieri davamo la notizia della morte in casa Kolbe a Pedavena di Don Sergio Tessari 94 anni i cui funerali si terranno oggi a Farra di Feltre. Nelle ultime ore \u00e8 mancato anche Sisto Berton parroco di Rocca Pietore dal 1966 al 1968<br \/>\n<strong>SOSPIROLO<\/strong> Guasto riparato alla rete del metano di Sospirolo. Riaperta gi\u00e0 ieri mattina la strada provinciale 12, all&#8217;altezza di Maras e\u00a0 i bambini potranno tornare all&#8217;asilo.<br \/>\n<strong>INTOSSICATO<\/strong> DAL MONOSSIDO DI CARBONIO, GRAVE UN CINQUANTENNE DI GOSALDO \u00e8 stato ricoverato in condizioni gravi a Treviso a causa di un&#8217;intossicazione da monossido di carbonio provocata da una stufa a gas posta nel bagno di casa.<br \/>\n<strong>BORGO VALBELLUNA<\/strong> Stava ritornando verso casa quando \u00e8 stato investito da un&#8217;auto. Lo scooter \u00e8 stato sbalzato al centro della strada e per un sedicenne \u00e8 stato necessario l&#8217;intervento dell&#8217;ambulanza per portare il ragazzo all&#8217;ospedale di Feltre. Ha riportato delle fratture, ma non \u00e8 in pericolo di vita.<\/p>\n<p><strong>AGORDO<\/strong> LA RICETTA DI ROBERTO CHISSALE&#8217; PER ALLEGGERIRE IL TRAFFICO IN VALCOZZENA non la ferrovia, ma il ponte sul Cordevole.<br \/>\n<strong>BELLUNO<\/strong>\u00a0I comitati per la sanit\u00e0 bellunese alzano la loro voce per chiedere pi\u00f9 sicurezza e garanzie per le terre periferiche.<br \/>\n<strong>BORGO VALBELLUNA\u00a0<\/strong> Nell&#8217;ultimo episodio di danneggiamento al bivacco Costacurta in val di Botte, tra Signa e Zelant nel Comune di Borgo Valbelluna, la storica stufa \u00e8 stata divelta e distrutta insieme ai tubi di raccordo con la canna fumaria. La Riserva Alpina di Mel, responsabile della custodia del bivacco, ha segnalato il fatto alle autorit\u00e0 e insieme alla Polizia Locale effettuer\u00e0 una denuncia contro ignoti.<br \/>\n<strong>VENEZIA<\/strong> La Regione Veneto, l&#8217;Arpav e i Carabinieri intensificano la collaborazione per contrastare il traffico illecito di rifiuti e altri reati ambientali. Un Protocollo specifico \u00e8 stato firmato a Palazzo Balbi, stabilendo una serie di azioni coordinate. La Regione fornir\u00e0 supporto logistico e finanziamento di 40 mila euro per il funzionamento della sede dei Carabinieri.<br \/>\n<strong>VENEZIA<\/strong> La Conferenza Unificata delle Regioni ha prorogato di 18 mesi le regole per centri antiviolenza, sportelli e case rifugio per donne maltrattate. Durante questo periodo, si manterranno le attuali modalit\u00e0 operative, evitando possibili rischi per la tutela delle donne vittime di violenza e dei loro figli.<br \/>\n<strong>BELLUNO<\/strong> L&#8217;Ospedale di Lamon ha ripreso l&#8217;attivit\u00e0 di degenza dopo un intervento di ristrutturazione da 5,6 milioni di euro, di cui 1,9 finanziati dai Fondi Comuni di Confine. In seguito al completamento dei lavori, 20 pazienti sono stati trasferiti da Feltre a Lamon.<br \/>\n<strong>A FELTRE<\/strong> 7 NUOVE PIAZZOLE ECOLOGICHE GRAZIE AI FONDI PNRR<br \/>\n<strong>BELLUNO<\/strong> Il Consorzio BIM Piave Belluno, rappresentante dei Comuni consorziati del Bellunese, collaborer\u00e0 economicamente con Fondazione Cortina e FISI Veneto nei prossimi tre anni in vista dei Giochi Olimpici e Paralimpici di Milano-Cortina.<br \/>\nTAIBON Il 15 aprile 2022, due computer, una bicicletta e uno zaino sono stati rubati dalla scuola elementare di Taibon. DM \u00e8 accusato di furto aggravato, mentre MR \u00e8 accusato di ricettazione. Marcon avrebbe infranto un vetro per introdursi nella scuola e rubare una mountain bike, uno zaino e due computer. La Procura contesta le aggravanti dell&#8217;orario notturno e della violenza sulle cose. L&#8217;udienza predibattimentale \u00e8 stata tenuta davanti al giudice Antonella Coniglio.<br \/>\n<strong>LINEA<\/strong> BIANCA\u00a0 DOMANI ALLE 14 RAI UNO<br \/>\n<strong>LA &#8220;VOLATA&#8221;<\/strong> IN MONDOVISIONE, SKI AREA SAN PELLEGRINO IN FERMENTO<br \/>\n<strong>OGGI<\/strong> ALLA RADIO IL DOTTOR CESARE DAL BO, APRE IL NUOVO CICLO DI INTERVISTE DAL POLIAMBULATORIO<br \/>\nDOMANI A SAN TOMASO CON L&#8217;ASSOCIAZIONE ORTI RUPESTRI. &#8220;IL FAGIOLO&#8221;<br \/>\nRIASCOLTIAMOLI&#8230; DAL DARLIN DI LUISA ALCHINI REDAZIONE Dalla prossima settimana Luisa Alchini riproporr\u00e0 un programma di successo ed emozioni. Sar\u00e0 in onda alle 15 e in serata alle 20.30<br \/>\n<strong>SEDICO.<\/strong> Tutti contro il cancro. Con questo slogan gli alunni delle classi seconde della scuola media \u201cUgo Foscolo\u201d di Sedico invitano la popolazione a partecipare alla raccolta fondi promossa dall\u2019Airc-Associazione italiana ricerca sul cancro che si svolger\u00e0 nel fine settimana con la vendita in tutta Italia delle \u201cArance della salute\u201d. A Sedico i protagonisti attivi di questa iniziativa saranno, come nel 2023, proprio gli alunni delle medie. \u201cLo scopo del nostro annuncio \u2013 dicono i ragazzi &#8211; \u00e8 quello di invitare tutti voi alla vendita delle arance dell\u2019Airc sponsorizzata dalla nostra scuola al supermercato Kanguro di Sedico domani pomeriggio dalle 14.30 alle 18.30 e domenica mattina dalle 9 alle 13 davanti alla chiesa parrocchiale di Sedico\u201d.<\/p>\n<p><span style=\"color: #ff0000;\">HOCKEY<\/span> SU GHIACCIO TRASFERTE AMARE PER ALLEGHE E FELTRE. DUE SCONFITTE PESANTI MASTER ROUND PERGINE \u2013 ALLEGHE 7-2. CLASSIFICA MASTER ROUND Pergine 24, Caldaro e Varese 22, Appiano 13, Alleghe 12. QUALIFICATION ROUND FIEMME \u2013 FELTRE 11-3. CLASSIFICA QUALIFICATION ROUND Fiemme 19, Feltre 18, Como 14, Bressanone 10, Valpellice 8, Dobbiaco 5<br \/>\n<span style=\"color: #ff0000;\">SNOWBOARD<\/span> LA TAPPA SLOVENA DI COPPA DEL MONDO NON PORTA BENE A LUCIA DALMASSO<br \/>\nSi \u00e8 disputata ieri\u00a0 la tappa slovena di Coppa del Mondo di Snowboard sulle nevi di Rogla. Una giornata da archiviare per Lucia Dalmasso che non \u00e8 riuscita a superare gli ottavi di finale. Dopo aver chiuso la qualificazione con il 14\u00b0 tempo<br \/>\n<span style=\"color: #ff0000;\">SKICROSS<\/span> LA SESTA TAPPA DI COPPA DEL MONDO DI SKICROSS AD ALLEGHE BELLUNO Lo spettacolo dello skicross arriva ad Alleghe: dal 31 gennaio al 3 febbraio si disputer\u00e0 infatti la sesta tappa della Coppa del Mondo di skicross.<br \/>\n<span style=\"color: #ff0000;\">SCI COPPA<\/span> DEL MONDO COPPA DEL MONDO, IL VENTO CANCELLA LA SECONDA PROVA A CRONOMETRO<br \/>\nOLTRE 600 RAGAZZI DEGLI SCI CLUB FISI VENETO NEL FINE SETTIMANA A CORTINA PER LA COPPA DEL MONDO DI SCI<\/p>\n<p>&nbsp;<\/p>\n<p>&nbsp;<\/p>\n<p>&nbsp;<\/p>\n<p>&nbsp;<\/p>\n<p>&nbsp;<\/p>\n<p>&nbsp;<\/p>\n<p>&nbsp;<\/p>\n<p>&nbsp;<\/p>\n<p>&nbsp;<\/p>\n<p>&nbsp;<\/p>\n<p>&nbsp;<\/p>\n<p>&nbsp;<\/p>\n<p>&nbsp;<\/p>\n<p>&nbsp;<\/p>\n<p>&nbsp;<\/p>\n<p>&nbsp;<\/p>\n<p>&nbsp;<\/p>\n<p>&nbsp;<\/p>\n<p>&nbsp;<\/p>\n<p>&nbsp;<\/p>\n","protected":false},"excerpt":{"rendered":"<p>&nbsp; &nbsp; REDAZIONE Vi aggrada il vostro sindaco? Se vivete in Comuni piccoli, fino a 5000 abitanti, lo potrete avere per tutta la vita, il Governo ha deciso, chiunque potr\u00e0 ricandidarsi per 20-30 anni come fece Bruno Bulf sindaco decennale a Taibon Agordino prima di iniziare la nuova carriera alla Onlus Casa di Soggiorno di&hellip;<\/p>\n","protected":false},"author":4,"featured_media":371556,"comment_status":"closed","ping_status":"closed","sticky":false,"template":"","format":"standard","meta":{"_monsterinsights_skip_tracking":false,"_monsterinsights_sitenote_active":false,"_monsterinsights_sitenote_note":"","_monsterinsights_sitenote_category":0,"footnotes":""},"categories":[104,49,142],"tags":[],"class_list":["post-371561","post","type-post","status-publish","format-standard","has-post-thumbnail","hentry","category-evidenza_3","category-news-18","category-rassegna-stampa","category-104","category-49","category-142","description-off"],"img_url":"https:\/\/www.radiopiu.net\/wordpress\/wp-content\/uploads\/2024\/01\/Senza-nome-87.png","_links":{"self":[{"href":"https:\/\/www.radiopiu.net\/wordpress\/wp-json\/wp\/v2\/posts\/371561","targetHints":{"allow":["GET"]}}],"collection":[{"href":"https:\/\/www.radiopiu.net\/wordpress\/wp-json\/wp\/v2\/posts"}],"about":[{"href":"https:\/\/www.radiopiu.net\/wordpress\/wp-json\/wp\/v2\/types\/post"}],"author":[{"embeddable":true,"href":"https:\/\/www.radiopiu.net\/wordpress\/wp-json\/wp\/v2\/users\/4"}],"replies":[{"embeddable":true,"href":"https:\/\/www.radiopiu.net\/wordpress\/wp-json\/wp\/v2\/comments?post=371561"}],"version-history":[{"count":0,"href":"https:\/\/www.radiopiu.net\/wordpress\/wp-json\/wp\/v2\/posts\/371561\/revisions"}],"wp:featuredmedia":[{"embeddable":true,"href":"https:\/\/www.radiopiu.net\/wordpress\/wp-json\/wp\/v2\/media\/371556"}],"wp:attachment":[{"href":"https:\/\/www.radiopiu.net\/wordpress\/wp-json\/wp\/v2\/media?parent=371561"}],"wp:term":[{"taxonomy":"category","embeddable":true,"href":"https:\/\/www.radiopiu.net\/wordpress\/wp-json\/wp\/v2\/categories?post=371561"},{"taxonomy":"post_tag","embeddable":true,"href":"https:\/\/www.radiopiu.net\/wordpress\/wp-json\/wp\/v2\/tags?post=371561"}],"curies":[{"name":"wp","href":"https:\/\/api.w.org\/{rel}","templated":true}]}}