{"id":371648,"date":"2024-01-26T18:16:13","date_gmt":"2024-01-26T17:16:13","guid":{"rendered":"https:\/\/www.radiopiu.net\/wordpress\/?p=371648"},"modified":"2024-01-27T06:02:29","modified_gmt":"2024-01-27T05:02:29","slug":"il-dimissionario-axel-de-pellegrini-se-ne-va-il-gruppo-di-minoranza-non-molla","status":"publish","type":"post","link":"https:\/\/www.radiopiu.net\/wordpress\/il-dimissionario-axel-de-pellegrini-se-ne-va-il-gruppo-di-minoranza-non-molla\/","title":{"rendered":"IL DIMISSIONARIO.  AXEL DE PELLEGRINI SE NE VA, IL GRUPPO DI MINORANZA NON MOLLA"},"content":{"rendered":"<p>*****<\/p>\n<p>&nbsp;<\/p>\n<p><strong><a class=\"dt-pswp-item\" href=\"https:\/\/www.radiopiu.net\/wordpress\/wp-content\/uploads\/2022\/12\/MUNICIPIO-FALCADE.png\" data-dt-img-description=\"\" data-large_image_width=\"941\" data-large_image_height=\"655\"><img loading=\"lazy\" decoding=\"async\" class=\" wp-image-314065 alignleft\" src=\"https:\/\/www.radiopiu.net\/wordpress\/wp-content\/uploads\/2022\/12\/MUNICIPIO-FALCADE-300x209.png\" alt=\"\" width=\"177\" height=\"123\" srcset=\"https:\/\/www.radiopiu.net\/wordpress\/wp-content\/uploads\/2022\/12\/MUNICIPIO-FALCADE-300x209.png 300w, https:\/\/www.radiopiu.net\/wordpress\/wp-content\/uploads\/2022\/12\/MUNICIPIO-FALCADE-768x535.png 768w, https:\/\/www.radiopiu.net\/wordpress\/wp-content\/uploads\/2022\/12\/MUNICIPIO-FALCADE.png 941w\" sizes=\"auto, (max-width: 177px) 100vw, 177px\" \/><\/a>Riceviamo e pubblichiamo<\/strong><\/p>\n<p>Oggi pomeriggio ho letto delle complete falsit\u00e0 riguardo le mie dimissioni da Consigliere comunale. Nelle dimissioni protocollate in Comune ho espressamente scritto ci\u00f2 che penso, come il dispiacere di lasciare l&#8217;incarico soprattutto per chi mi aveva dato la fiducia. Ho purtroppo degli impegni a cui non posso rinunciare e mi sono visto costretto a dimettermi. Non \u00e8 assolutamente vero che i miei due ex-colleghi di minoranza non lo sapessero, poich\u00e9 ne avevamo ampiamente parlato e discusso. Non mi sembra di aver mai detto che mi ricandider\u00f2 ad ogni costo, bens\u00ec che valuter\u00f2 se ripresentarmi o meno. Ho comunque scritto che \u00e8 stata una bella esperienza a livello personale e che, se avessi potuto, sarei rimasto volentieri per portare idee, proposte e soluzioni, ma visto ci\u00f2 che ho letto, ora far\u00f2 davvero un passo indietro e lascio fare agli altri che sembra si reputino migliori in ogni caso. Se poi si fraintende o non si capisce ci\u00f2 che ho scritto chiaramente nella dichiarazione a protocollo, non posso dire altro che sarebbe bastato chiedere. Posso comunque dire di aver ricevuto le telefonate da componenti della maggioranza che mi hanno chiesto i motivi di tale decisione con tutta tranquillit\u00e0 e in modo pacifico. Ci\u00f2 che ho letto mi conferma purtroppo dubbi che avevo gi\u00e0 da tempo e che mi era anche stato velatamente fatto capire in varie occasioni. Ripeto che lascio davvero con dispiacere e non per memefreghismo!<\/p>\n<p>&nbsp;<\/p>\n<p>&nbsp;<\/p>\n<p>&nbsp;<\/p>\n<blockquote>\n<h3>ME NE VADO\u2026 TRA LA DELUSIONE DI CHI LO AVEVA ELETTO<\/h3>\n<\/blockquote>\n<h2><img loading=\"lazy\" decoding=\"async\" class=\"alignleft\" src=\"https:\/\/www.radiopiu.net\/wordpress\/wp-content\/uploads\/2022\/05\/AXEL-PELLEGRINI.jpg\" width=\"175\" height=\"125\" \/><\/h2>\n<p><strong>FALCADE<\/strong>\u00a0Troppa impegnativa la vita amministrativa\u00a0 per il capogruppo di minoranza che un anno e mezzo dopo le elezioni prende le scale del palazzo e saluta tutti. Axel De Pellegrin se ne frega della gente che lo ha votato e se ne va prima della scadenza di mandato. Evidentemente fare minoranza non sempre paga, ne abbiamo visti di candidati a sindaci dopo qualche mese lasciare l\u2019incarico e il giovane Axel si aggiunge alla lista. Tra le dichiarazioni anche<em>\u00a0\u201cvaluter\u00f2 se ripresentarmi un giorno..,pi\u00f9 preparato di prima\u201d.<\/em>\u00a0Pi\u00f9 che altro lo valuteranno gli elettori tutto questo, elezioni, dimissioni ed eventuale rientro in corsa compresi.<\/p>\n<p>&nbsp;<\/p>\n<p>&nbsp;<\/p>\n<blockquote>\n<h3 class=\"entry-title\">CAMBIAMENTI E CONTINUIT\u00c0: NUOVE PROSPETTIVE PER LA MINORANZA A FALCADE<\/h3>\n<\/blockquote>\n<div class=\"flex-1 overflow-hidden\">\n<div class=\"react-scroll-to-bottom--css-abgvb-79elbk h-full\">\n<div class=\"react-scroll-to-bottom--css-abgvb-1n7m0yu\">\n<div class=\"flex flex-col pb-9 text-sm\">\n<div class=\"w-full text-token-text-primary\" data-testid=\"conversation-turn-27\">\n<div class=\"px-4 py-2 justify-center text-base md:gap-6 m-auto\">\n<div class=\"flex flex-1 text-base mx-auto gap-3 md:px-5 lg:px-1 xl:px-5 md:max-w-3xl lg:max-w-[40rem] xl:max-w-[48rem] group final-completion\">\n<div class=\"relative flex w-full flex-col lg:w-[calc(100%-115px)] agent-turn\">\n<div class=\"flex-col gap-1 md:gap-3\">\n<div class=\"flex flex-grow flex-col max-w-full\">\n<div class=\"min-h-[20px] text-message flex flex-col items-start gap-3 whitespace-pre-wrap break-words [.text-message+&amp;]:mt-5 overflow-x-auto\" data-message-author-role=\"assistant\" data-message-id=\"38b17163-576f-4c93-ae17-9f6b19733cc8\">\n<div class=\"markdown prose w-full break-words dark:prose-invert dark\">\n<p><strong class=\"photoswipe-wrapper\"><a class=\"dt-pswp-item pspw-wrap-ready\" href=\"https:\/\/www.radiopiu.net\/wordpress\/wp-content\/uploads\/2024\/01\/Senza-nome-88.png\" data-dt-img-description=\"\" data-large_image_width=\"563\" data-large_image_height=\"763\"><img loading=\"lazy\" decoding=\"async\" class=\" wp-image-371593 alignleft\" src=\"https:\/\/www.radiopiu.net\/wordpress\/wp-content\/uploads\/2024\/01\/Senza-nome-88-221x300.png\" sizes=\"auto, (max-width: 130px) 100vw, 130px\" srcset=\"https:\/\/www.radiopiu.net\/wordpress\/wp-content\/uploads\/2024\/01\/Senza-nome-88-221x300.png 221w, https:\/\/www.radiopiu.net\/wordpress\/wp-content\/uploads\/2024\/01\/Senza-nome-88.png 563w\" alt=\"\" width=\"130\" height=\"176\" \/><\/a>FALCADE<\/strong>\u00a0Nelle ultime ore Falcade ha appreso con sorpresa le imminenti dimissioni del consigliere di minoranza Axel De Pellegrini. La notizia ha destato interesse e qualche perplessit\u00e0, soprattutto considerando che l\u2019annuncio non \u00e8 giunto ai suoi compagni di squadra direttamente dall\u2019interessato. Il gruppo di minoranza, seppur dispiaciuto per la decisione di De Pellegrini, ha sottolineato la volont\u00e0 di andare avanti con i propri progetti e le idee gi\u00e0 in corso. L\u2019accento \u00e8 stato posto sulla continuit\u00e0, rassicurando la cittadinanza sul mantenimento degli impegni presi e sulla prosecuzione degli sforzi per migliorare la realt\u00e0 locale. Particolare attenzione \u00e8 stata data alle dichiarazioni di De Pellegrini riguardo al concetto che\u00a0<em>\u201cle persone cambiano\u201d<\/em>. Nonostante la mancanza di chiarezza su a chi si riferisse, il gruppo ha assicurato che continuer\u00e0 il proprio percorso con coerenza e determinazione. Per garantire una transizione senza intoppi, il gruppo ha gi\u00e0 avviato contatti con Ilario Tomaselli, giovane e promettente, che ha espresso la sua piena disponibilit\u00e0. La fiducia nei confronti di Tomaselli \u00e8 stata sottolineata, evidenziando le sue idee fresche e la coerenza nel perseguire gli obiettivi prefissati. Entro breve, verr\u00e0 designato il nuovo capogruppo, e\u00a0 continuer\u00e0 a portare avanti il programma concordato, mantenendo un rispetto per chi ha espresso fiducia e lavorando in collaborazione con la maggioranza. Si sottolinea il buon rapporto esistente e l\u2019obiettivo comune di contribuire al miglioramento del comune di Falcade.\u00a0 Hermann Follador, consigliere di minoranza (foto) ha concluso \u201cconfermo l\u2019impegno del gruppo a lavorare per il bene della comunit\u00e0 locale\u201d.<\/p>\n<\/div>\n<\/div>\n<\/div>\n<\/div>\n<\/div>\n<\/div>\n<\/div>\n<\/div>\n<\/div>\n<\/div>\n<\/div>\n<\/div>\n<p>&nbsp;<\/p>\n<p>&nbsp;<\/p>\n<p>*******<\/p>\n","protected":false},"excerpt":{"rendered":"<p>***** &nbsp; Riceviamo e pubblichiamo Oggi pomeriggio ho letto delle complete falsit\u00e0 riguardo le mie dimissioni da Consigliere comunale. Nelle dimissioni protocollate in Comune ho espressamente scritto ci\u00f2 che penso, come il dispiacere di lasciare l&#8217;incarico soprattutto per chi mi aveva dato la fiducia. Ho purtroppo degli impegni a cui non posso rinunciare e mi&hellip;<\/p>\n","protected":false},"author":4,"featured_media":314065,"comment_status":"closed","ping_status":"closed","sticky":false,"template":"","format":"standard","meta":{"_monsterinsights_skip_tracking":false,"_monsterinsights_sitenote_active":false,"_monsterinsights_sitenote_note":"","_monsterinsights_sitenote_category":0,"footnotes":""},"categories":[51,49],"tags":[],"class_list":["post-371648","post","type-post","status-publish","format-standard","has-post-thumbnail","hentry","category-evidenza-top","category-news-18","category-51","category-49","description-off"],"img_url":"https:\/\/www.radiopiu.net\/wordpress\/wp-content\/uploads\/2022\/12\/MUNICIPIO-FALCADE.png","_links":{"self":[{"href":"https:\/\/www.radiopiu.net\/wordpress\/wp-json\/wp\/v2\/posts\/371648","targetHints":{"allow":["GET"]}}],"collection":[{"href":"https:\/\/www.radiopiu.net\/wordpress\/wp-json\/wp\/v2\/posts"}],"about":[{"href":"https:\/\/www.radiopiu.net\/wordpress\/wp-json\/wp\/v2\/types\/post"}],"author":[{"embeddable":true,"href":"https:\/\/www.radiopiu.net\/wordpress\/wp-json\/wp\/v2\/users\/4"}],"replies":[{"embeddable":true,"href":"https:\/\/www.radiopiu.net\/wordpress\/wp-json\/wp\/v2\/comments?post=371648"}],"version-history":[{"count":0,"href":"https:\/\/www.radiopiu.net\/wordpress\/wp-json\/wp\/v2\/posts\/371648\/revisions"}],"wp:featuredmedia":[{"embeddable":true,"href":"https:\/\/www.radiopiu.net\/wordpress\/wp-json\/wp\/v2\/media\/314065"}],"wp:attachment":[{"href":"https:\/\/www.radiopiu.net\/wordpress\/wp-json\/wp\/v2\/media?parent=371648"}],"wp:term":[{"taxonomy":"category","embeddable":true,"href":"https:\/\/www.radiopiu.net\/wordpress\/wp-json\/wp\/v2\/categories?post=371648"},{"taxonomy":"post_tag","embeddable":true,"href":"https:\/\/www.radiopiu.net\/wordpress\/wp-json\/wp\/v2\/tags?post=371648"}],"curies":[{"name":"wp","href":"https:\/\/api.w.org\/{rel}","templated":true}]}}