{"id":371934,"date":"2024-01-29T05:39:15","date_gmt":"2024-01-29T04:39:15","guid":{"rendered":"https:\/\/www.radiopiu.net\/wordpress\/?p=371934"},"modified":"2024-01-29T08:45:17","modified_gmt":"2024-01-29T07:45:17","slug":"giornale-radiopiu-29-gennaio-2024-direttore-mirko-mezzacasada-40-anni-25-giugno-1983-25-giugno-2023","status":"publish","type":"post","link":"https:\/\/www.radiopiu.net\/wordpress\/giornale-radiopiu-29-gennaio-2024-direttore-mirko-mezzacasada-40-anni-25-giugno-1983-25-giugno-2023\/","title":{"rendered":"GIORNALE RADIOPIU 29 GENNAIO 2024 DIRETTORE MIRKO MEZZACASA\u2026DA 40 ANNI 25 GIUGNO 1983-25 GIUGNO 2023"},"content":{"rendered":"<h1>***<\/h1>\n<p>&nbsp;<\/p>\n<h1 class=\"entry-title photoswipe-wrapper\"><strong><a class=\"dt-pswp-item\" href=\"https:\/\/www.radiopiu.net\/wordpress\/wp-content\/uploads\/2023\/12\/logo-radio.jpg\" data-dt-img-description=\"\" data-large_image_width=\"800\" data-large_image_height=\"600\"><img loading=\"lazy\" decoding=\"async\" class=\"wp-image-367163 alignleft\" src=\"https:\/\/www.radiopiu.net\/wordpress\/wp-content\/uploads\/2023\/12\/logo-radio-300x225.jpg\" alt=\"\" width=\"109\" height=\"82\" srcset=\"https:\/\/www.radiopiu.net\/wordpress\/wp-content\/uploads\/2023\/12\/logo-radio-300x225.jpg 300w, https:\/\/www.radiopiu.net\/wordpress\/wp-content\/uploads\/2023\/12\/logo-radio-768x576.jpg 768w, https:\/\/www.radiopiu.net\/wordpress\/wp-content\/uploads\/2023\/12\/logo-radio.jpg 800w\" sizes=\"auto, (max-width: 109px) 100vw, 109px\" \/><\/a><\/strong><\/h1>\n<h1 class=\"entry-title photoswipe-wrapper\">40esimo di RADIOPIU\u2026. LA VOCE DELL\u2019EMOZIONE<\/h1>\n<h2><\/h2>\n<h2><span style=\"color: #ff0000;\">ISCRIVITI AL NOSTRO CANALE\u00a0\u00a0YOUTUBE PER SEGUIRE IN DIRETTA I PRINCIPALI PROGRAMMI DI RADIO PIU\u2019 E LE FUTURE DIRETTE IN ESTERNA. PER ISCRIVERTI <a style=\"color: #ff0000;\" href=\"https:\/\/youtube.com\/@radiopiu1527\">CLICCA QUI\u00a0<\/a>E PREMI\u00a0 \u201cIscriviti\u201d\u00a0 \u00a0<\/span><\/h2>\n<p>&nbsp;<\/p>\n<div class=\"xdj266r x11i5rnm xat24cr x1mh8g0r x1vvkbs x126k92a\">\n<div dir=\"auto\"><a class=\"dt-pswp-item\" href=\"https:\/\/www.radiopiu.net\/wordpress\/wp-content\/uploads\/2024\/01\/Senza-nome-93.png\" data-dt-img-description=\"\" data-large_image_width=\"194\" data-large_image_height=\"128\"><img loading=\"lazy\" decoding=\"async\" class=\"size-full wp-image-372133 alignleft\" src=\"https:\/\/www.radiopiu.net\/wordpress\/wp-content\/uploads\/2024\/01\/Senza-nome-93.png\" alt=\"\" width=\"194\" height=\"128\" \/><\/a>GRANDI NOVITA&#8217; ALLA RADIO&#8230; NUOVI PROGRAMMI IN ONDA DA QUESTA SETTIMANA<\/div>\n<\/div>\n<div class=\"x11i5rnm xat24cr x1mh8g0r x1vvkbs xtlvy1s x126k92a\">\n<div dir=\"auto\"><\/div>\n<div dir=\"auto\">Da anni radiopiu trasmette DUE MINUTI UN LIBRO quotidiano appuntamento di invito alla lettura. Da venerdi sempre con Gianluca Melilli di <a class=\"x1i10hfl xjbqb8w x6umtig x1b1mbwd xaqea5y xav7gou x9f619 x1ypdohk xt0psk2 xe8uvvx xdj266r x11i5rnm xat24cr x1mh8g0r xexx8yu x4uap5 x18d9i69 xkhd6sd x16tdsg8 x1hl2dhg xggy1nq x1a2a7pz xt0b8zv x1fey0fg xo1l8bm\" tabindex=\"0\" role=\"link\" href=\"https:\/\/www.facebook.com\/dueminutiunlibro?__cft__[0]=AZV7awa_LYI62D-ivMOelnT4A3wHu6oD143QlceR_ZxwQ-uEuTe2FBtCpJLFWvu7wovMUMnUCmST7-ss5TyLu06-AbYhLZO4Cdx7IQsjdxGwRdqMjUUVGRoWOmR8_DsqWAw&amp;__tn__=-]K-R\"><span class=\"xt0psk2\">Due Minuti Un Libro<\/span><\/a> il nuovo programma in onda il VENERDI, SABATO E DOMENICA ALLE 7.10 E ALLE 18.45\u00a0 &#8220;Parole a Tema&#8221;: La prima Giornata che trattiamo \u00e8 quella dei Calzini spaiati: dall&#8217;apparenza bizzarra, ci aiuta a parlare di diversit\u00e0, inclusione, rispetto e amicizia.<\/div>\n<div dir=\"auto\"><\/div>\n<\/div>\n<div class=\"x11i5rnm xat24cr x1mh8g0r x1vvkbs xtlvy1s x126k92a\">\n<div dir=\"auto\"><em><strong>DA GIOVEDI IL NUOVO PROGRAMMA DI PAOLA LANCIATO.. CIAK SI GIRA. TUTTO QUELLO CHE SI NASCONDE NEL BACK STAGE DI UN GRANDE FILM.\u00a0 NEL TORNADO DI NOVITA&#8217; DI RADIOPIU&#8217;&#8230; DUE VOLTA ALLA SETTIMANA, IL MARTEDI E IL GIOVENDI ALLE 10.10&#8230;<\/strong><\/em><\/div>\n<div dir=\"auto\"><\/div>\n<div dir=\"auto\">\n<div class=\"x1e56ztr\" data-block=\"true\" data-editor=\"avj4u\" data-offset-key=\"6gh9t-0-0\">\n<div class=\"_1mf _1mj\" data-offset-key=\"6gh9t-0-0\"><em><strong>DA DOMANI ALLE 15.10 RIASCOLTIAMOLI, EL DARLIN CON LUISA ALCHINI, LE INTERVISTE AGLI ANZIANI, PRIMA PUNTATA NEL RICORDO DI RENZO GAVAZ<\/strong><\/em><\/div>\n<\/div>\n<\/div>\n<\/div>\n<div data-offset-key=\"6gh9t-0-0\"><\/div>\n<div data-offset-key=\"6gh9t-0-0\"><strong>VENERDI &#8211; SABATO E DOMENCIA IL GIORmALE RADIO DI MARCO V. DAL FARRA<\/strong><\/div>\n<div class=\"x11i5rnm xat24cr x1mh8g0r x1vvkbs xtlvy1s x126k92a\">\n<div dir=\"auto\">\n<div class=\"x1e56ztr\" data-block=\"true\" data-editor=\"avj4u\" data-offset-key=\"d3i0j-0-0\"><\/div>\n<\/div>\n<div dir=\"auto\"><\/div>\n<\/div>\n<hr \/>\n<blockquote>\n<blockquote>\n<h1><span style=\"color: #ff0000;\">I podcast informativi del mattino &#8211; audio &#8211;\u00a0<\/span><\/h1>\n<\/blockquote>\n<p><strong><a class=\"dt-pswp-item\" href=\"https:\/\/www.radiopiu.net\/wordpress\/wp-content\/uploads\/2023\/11\/th-10.jpg\" data-dt-img-description=\"\" data-large_image_width=\"320\" data-large_image_height=\"180\"><img loading=\"lazy\" decoding=\"async\" class=\"wp-image-362866 alignleft\" src=\"https:\/\/www.radiopiu.net\/wordpress\/wp-content\/uploads\/2023\/11\/th-10-300x169.jpg\" alt=\"\" width=\"185\" height=\"104\" srcset=\"https:\/\/www.radiopiu.net\/wordpress\/wp-content\/uploads\/2023\/11\/th-10-300x169.jpg 300w, https:\/\/www.radiopiu.net\/wordpress\/wp-content\/uploads\/2023\/11\/th-10.jpg 320w\" sizes=\"auto, (max-width: 185px) 100vw, 185px\" \/><\/a>LA RASSEGNA STAMPA NAZIONALE ALLA RADIO, OGNI GIORNO ALLE 5 E ALLE 6 DEL MATTINO <span style=\"color: #0000ff;\">viene pubblicata alle 6.00 <span style=\"color: #ff0000;\">DIRETTA RADIO\u00a0\u00a0<\/span><\/span><\/strong><\/p>\n<p>DI STEFANO FAMA&#8217;<\/p>\n<p><strong>Politica<\/strong> A Milano e altre citt\u00e0 manifestazione pro Palestina.<strong> Economia<\/strong> confesercenti boom di spesa dei turisti in bar e ristoranti. <strong>Giordania<\/strong> tre soldati americani uccisi.<strong> Salerno<\/strong> forte scossa di terremoto. <strong>Roma<\/strong> tenta di entrare in piazza san Pietro con un coltello. <strong>Fleximan<\/strong>, sbarca, in Liguria, tifoso del<strong> Sassuolo<\/strong> precipita allo stadio<\/p><\/blockquote>\n<h2>L&#8217;AUDIO<\/h2>\n<audio class=\"wp-audio-shortcode\" id=\"audio-371934-1\" preload=\"none\" style=\"width: 100%;\" controls=\"controls\"><source type=\"audio\/mpeg\" src=\"https:\/\/www.radiopiu.net\/wordpress\/wp-content\/uploads\/2024\/01\/GIORNALEDELLESEI-23.mp3?_=1\" \/><a href=\"https:\/\/www.radiopiu.net\/wordpress\/wp-content\/uploads\/2024\/01\/GIORNALEDELLESEI-23.mp3\">https:\/\/www.radiopiu.net\/wordpress\/wp-content\/uploads\/2024\/01\/GIORNALEDELLESEI-23.mp3<\/a><\/audio>\n<p>&nbsp;<\/p>\n<p>&nbsp;<\/p>\n<hr \/>\n<p>&nbsp;<\/p>\n<h1 style=\"text-align: center;\"><span style=\"color: #ff0000;\">I podcast informativi del mattino &#8211; audio &#8211;\u00a0<\/span><\/h1>\n<p><strong><a class=\"dt-pswp-item\" href=\"https:\/\/www.radiopiu.net\/wordpress\/wp-content\/uploads\/2023\/12\/images.png\" data-dt-img-description=\"\" data-large_image_width=\"316\" data-large_image_height=\"160\"><img loading=\"lazy\" decoding=\"async\" class=\"wp-image-367008 alignleft\" src=\"https:\/\/www.radiopiu.net\/wordpress\/wp-content\/uploads\/2023\/12\/images-300x152.png\" alt=\"\" width=\"235\" height=\"119\" srcset=\"https:\/\/www.radiopiu.net\/wordpress\/wp-content\/uploads\/2023\/12\/images-300x152.png 300w, https:\/\/www.radiopiu.net\/wordpress\/wp-content\/uploads\/2023\/12\/images.png 316w\" sizes=\"auto, (max-width: 235px) 100vw, 235px\" \/><\/a>OGNI GIORNO ALLE SETTE DEL MATTINO, LA RASSEGNA STAMPA LOCALE FLASH&#8230; PER CHI VA IN FRETTA. I TITOLI DAI GIORNALI E DAL SITO WWW.RADIOPIU.NET <span style=\"color: #0000ff;\">viene pubblicato alle 7.00<\/span> <span style=\"color: #ff0000;\">DIRETTA RADIO\u00a0<\/span><\/strong><\/p>\n<p><em><span style=\"color: #ff0000;\">per chi va in fretta&#8230; tante notizie in pochi minuti. L&#8217;informazione locale alla radio, ogni ora dalle 7 del mattino alle 19 della sera.\u00a0<\/span><\/em><\/p>\n<p><strong>Incidenti in pista:<\/strong> 37 sciatori feriti. Cadute sul ghiaccio a Zopp\u00e8 e in Nevegal RECUPERATO ESCURSIONISTA A CORTINA; ESCURSIONISTA SCIVOLA SUL SENTIERO GHIACCIATO<br \/>\nCON LA CHIUSURA DELLA <strong>VALSUGANA<\/strong> CODE CHILOMETRI, DIFFICILE RIENTRO DAL FELTRINO<br \/>\n<strong>EMULAZIONE &#8220;FLEXIMAN<\/strong>&#8221; IN CADORE, DANNEGGIATO L&#8217;AUTOVELOX<br \/>\nIL FUTURO DELLA <strong>CASA DI SOGGIORNO DI TAIBO<\/strong>N DA SABATO SUL SITO DI RADIOPIU INTERVISTA ESCLUSIVA DI GIANNI SANTOMASO ALL&#8217;AMMINISTRATORE UNICO MARIA CHIARA SANTIN (ASCA)<br \/>\n<strong>TROTA MARMORATA<\/strong>: PROVINCIA AL LAVORO PER LA RIPOPOLAZIONE<br \/>\n<strong>ACCOGLIENZA SPERTI,<\/strong> CONFERMATO L&#8217;IMPEGNO DELLA PROVINCIA<br \/>\nL&#8217;AUDIO<\/p>\n<audio class=\"wp-audio-shortcode\" id=\"audio-371934-2\" preload=\"none\" style=\"width: 100%;\" controls=\"controls\"><source type=\"audio\/mpeg\" src=\"https:\/\/www.radiopiu.net\/wordpress\/wp-content\/uploads\/2024\/01\/GF07-21.mp3?_=2\" \/><a href=\"https:\/\/www.radiopiu.net\/wordpress\/wp-content\/uploads\/2024\/01\/GF07-21.mp3\">https:\/\/www.radiopiu.net\/wordpress\/wp-content\/uploads\/2024\/01\/GF07-21.mp3<\/a><\/audio>\n<h2><\/h2>\n<p>&nbsp;<\/p>\n<hr \/>\n<p>&nbsp;<\/p>\n<h1><\/h1>\n<h1 style=\"text-align: center;\"><span style=\"color: #ff0000;\">I podcast informativi del mattino &#8211; audio &#8211;\u00a0<\/span><\/h1>\n<p>&nbsp;<\/p>\n<blockquote><p><strong><a class=\"dt-pswp-item\" href=\"https:\/\/www.radiopiu.net\/wordpress\/wp-content\/uploads\/2021\/07\/microfono-radio-ok-768x448-768x448-1.jpg\" data-dt-img-description=\"\" data-large_image_width=\"768\" data-large_image_height=\"448\"><img loading=\"lazy\" decoding=\"async\" class=\"wp-image-220632 alignleft\" src=\"https:\/\/www.radiopiu.net\/wordpress\/wp-content\/uploads\/2021\/07\/microfono-radio-ok-768x448-768x448-1-300x175.jpg\" alt=\"\" width=\"178\" height=\"104\" srcset=\"https:\/\/www.radiopiu.net\/wordpress\/wp-content\/uploads\/2021\/07\/microfono-radio-ok-768x448-768x448-1-300x175.jpg 300w, https:\/\/www.radiopiu.net\/wordpress\/wp-content\/uploads\/2021\/07\/microfono-radio-ok-768x448-768x448-1.jpg 768w\" sizes=\"auto, (max-width: 178px) 100vw, 178px\" \/><\/a>GIORNALE RADIO NAZIONALE, EDIZIONE DELLE SETTE <span style=\"color: #0000ff;\">viene pubblicato alle 7.05 <span style=\"color: #ff0000;\">DIRETTA RADIO\u00a0<\/span><\/span><\/strong><\/p><\/blockquote>\n<p><strong>il giornale radionazionale e&#8217; in onda ogni ora, dalle sette del mattino alle venti della sera\u00a0\u00a0<\/strong><\/p>\n<h2><\/h2>\n<h2><\/h2>\n<p><strong>ROMA<\/strong> Vertice Africa Italia al Quirinale, l&#8217;intervento della Meloni &#8220;approccio nuovo non predatorio&#8221;. <strong>Instabul<\/strong> attacco armato in chiesa, \u00e8 morto un turco, catturati due sospetti dell&#8217;Isis. Uomo di 92 anni morto, 3 feriti ad <strong>Asolo.\u00a0<\/strong><\/p>\n<h2>audio<\/h2>\n<audio class=\"wp-audio-shortcode\" id=\"audio-371934-3\" preload=\"none\" style=\"width: 100%;\" controls=\"controls\"><source type=\"audio\/mpeg\" src=\"https:\/\/www.radiopiu.net\/wordpress\/wp-content\/uploads\/2024\/01\/giornale07-23.mp3?_=3\" \/><a href=\"https:\/\/www.radiopiu.net\/wordpress\/wp-content\/uploads\/2024\/01\/giornale07-23.mp3\">https:\/\/www.radiopiu.net\/wordpress\/wp-content\/uploads\/2024\/01\/giornale07-23.mp3<\/a><\/audio>\n<p>&nbsp;<\/p>\n<hr \/>\n<p>&nbsp;<\/p>\n<h1><span style=\"color: #ff0000;\">I podcast informativi del mattino &#8211; video &#8211;\u00a0<\/span><\/h1>\n<h2><strong><a class=\"dt-pswp-item\" href=\"https:\/\/www.radiopiu.net\/wordpress\/wp-content\/uploads\/2023\/12\/th-10.jpg\" data-dt-img-description=\"\" data-large_image_width=\"245\" data-large_image_height=\"180\"><img loading=\"lazy\" decoding=\"async\" class=\" wp-image-367395 alignleft\" src=\"https:\/\/www.radiopiu.net\/wordpress\/wp-content\/uploads\/2023\/12\/th-10.jpg\" alt=\"\" width=\"166\" height=\"122\" \/><\/a>RASSEGNA STAMPA LOCALE, ORE OTTO 05<\/strong><\/h2>\n<h2><strong> <span style=\"color: #0000ff;\">viene\u00a0 <\/span><\/strong><strong><span style=\"color: #0000ff;\">pubblicata alle 8.05 <span style=\"color: #ff0000;\">DIRETTA RADIO\u00a0\u00a0<\/span><\/span><\/strong><\/h2>\n<p>&nbsp;<\/p>\n<p>&nbsp;<\/p>\n<p><strong>PADRIN<\/strong> INCONTRA IL MINISTRO ABODI PER PARLARE DELLE OLIMPIADI 2026<br \/>\nINCONTRO CON IL <strong>BARD, PER DORFMANN<\/strong> OCCASIONE PER PARLARE DI VARIE TEMATICHE<br \/>\nVALPE: RACCOLTA RIFIUTI RAEE ANCHE IN CADORE, PER GLI APPARECCHI ELETTRONICI<br \/>\nDILLO A RADIO PIU&#8217;&#8230;<strong>LE DOMENICHE SENZA TRASPORTO PUBBLICO<\/strong> ENNESIMA DELUSIONE DAI DIRIGIENTI DI DOLOMITIBUS, SORDI DAVANTI ALLE CONTINUE PROTESTE E RICHIESTE DEI CLIENTI.<br \/>\n<strong>FAGIOLO<\/strong> COME PIANTA MODELLO E L&#8217;IMPORTANZA DELLA BIODIVERSITA&#8217;, L&#8217;INCONTRO A SAN TOMASO, OGGI SUL SITO DI RADIOPIU IL SERVIZIO DI LUISA MANFROI, GIOVEDI ALLA RADIO RENATO DA RONCH<br \/>\n<strong>Il Carnev\u00e0l inte Selva<\/strong> apre le sfilate agordine: in festa turisti e matazin<br \/>\nDA DOMANI ALLA RADIO TORNA <strong>EL DARLIN<\/strong> CON LUISA ALCHINI<\/p>\n<p>&nbsp;<\/p>\n<p>&nbsp;<\/p>\n<hr \/>\n<p>&nbsp;<\/p>\n<p>&nbsp;<\/p>\n<p><a class=\"dt-pswp-item\" href=\"https:\/\/www.radiopiu.net\/wordpress\/wp-content\/uploads\/2023\/10\/34f4cfc6-e863-46e9-9695-8df44be63421.jpg\" data-dt-img-description=\"\" data-large_image_width=\"1200\" data-large_image_height=\"1200\"><img loading=\"lazy\" decoding=\"async\" class=\"wp-image-357393 alignleft\" src=\"https:\/\/www.radiopiu.net\/wordpress\/wp-content\/uploads\/2023\/10\/34f4cfc6-e863-46e9-9695-8df44be63421-300x300.jpg\" alt=\"\" width=\"81\" height=\"81\" srcset=\"https:\/\/www.radiopiu.net\/wordpress\/wp-content\/uploads\/2023\/10\/34f4cfc6-e863-46e9-9695-8df44be63421-300x300.jpg 300w, https:\/\/www.radiopiu.net\/wordpress\/wp-content\/uploads\/2023\/10\/34f4cfc6-e863-46e9-9695-8df44be63421-1024x1024.jpg 1024w, https:\/\/www.radiopiu.net\/wordpress\/wp-content\/uploads\/2023\/10\/34f4cfc6-e863-46e9-9695-8df44be63421-150x150.jpg 150w, https:\/\/www.radiopiu.net\/wordpress\/wp-content\/uploads\/2023\/10\/34f4cfc6-e863-46e9-9695-8df44be63421-768x768.jpg 768w, https:\/\/www.radiopiu.net\/wordpress\/wp-content\/uploads\/2023\/10\/34f4cfc6-e863-46e9-9695-8df44be63421.jpg 1200w\" sizes=\"auto, (max-width: 81px) 100vw, 81px\" \/><\/a>OGGI ALLA RADIO: <strong>ALLE 7<\/strong> LA RASSEGNA STAMPA LOCALE FLASH, PER CHI COME NOI ALLE SETTE DEL MATTINO VA DI FRETTA, TANTE NOTIZIE IN POCHE CHIACCHIERE. <strong>ALLE OTTO<\/strong> L&#8217;APPROFONDIMENTO NELLA STORICA RASSEGNA STAMPA LOCALE.\u00a0 DALLE 6 ALLE 21, OGNI ORA, L&#8217;INFORMAZIONE NAZIONALE, l&#8217;informazione locale, ALLE 10 flash. 11flash. 14 viabilit\u00e0. 15meteo. 16flash. 17flash. 18flash. 19 i titoli di Antenna 3<\/p>\n<p>&nbsp;<\/p>\n<p><strong>ALLE 8.20<\/strong> PIU&#8217; SIAMO CON MARINA DONA&#8217; <strong>ALLE 9<\/strong> IERI COME OGGI CON SILVIA BALDO <strong>ALLE 10.30<\/strong> PERITI MINERARI NEL MONDO, LE INTERVISTE DELL&#8217;APIM <strong>ALLE 12.30<\/strong> GIORNALE RADIO PRINCIPALE <strong>13.00<\/strong> SALUTE E SOCIETA&#8217; DOTTOR MARCO CARACCIOLO<\/p>\n<p>&nbsp;<\/p>\n<hr \/>\n<p>&nbsp;<\/p>\n<blockquote>\n<h3>LAVORI PROGRAMMATI GSP<\/h3>\n<\/blockquote>\n<p><strong>AGORDO<\/strong> Gestione Servizi Pubblici informa che, per lavori alla rete idrica comunale, domani dalle 8:00 a FINE LAVORI verr\u00e0 sospesa l\u2019erogazione dell\u2019acqua ad AGORDO in FRAZIONE BRUGNACH. Il personale addetto operer\u00e0 per limitare il pi\u00f9 possibile i disagi alla popolazione<\/p>\n<p>&nbsp;<\/p>\n<p>&nbsp;<\/p>\n<hr \/>\n<p>&nbsp;<\/p>\n<h1><span style=\"color: #ff0000;\">Incidenti in pista: 37 sciatori feriti. Cadute sul ghiaccio a Zopp\u00e8 e in Nevegal<\/span><\/h1>\n<blockquote>\n<h3>RECUPERATO ESCURSIONISTA A CORTINA<\/h3>\n<\/blockquote>\n<p><strong>CORTINA<\/strong> Verso le 17 di venerd\u00ec il Soccorso alpino di Cortina \u00e8 stato attivato per un escursionista che si era smarrito in mezzo alla neve. Partito da localit\u00e0 Campo, il ventenne malese aveva raggiunto a piedi Malga Federa e aveva intenzione di arrivare a Pocol, ma lungo il sentiero 430 aveva smarrito la traccia finendo bloccato nella neve. Una squadra del Soccorso alpino della Guardia di finanza lo ha individuato &#8211; il ragazzo faceva segnali con il cellulare &#8211; e riaccompagnato in un quarto d&#8217;ora di cammino alla strada.<\/p>\n<p>&nbsp;<\/p>\n<p>&nbsp;<\/p>\n<hr \/>\n<p>&nbsp;<\/p>\n<blockquote>\n<h3>SOCCORSO ALPINO AL LAVORO A CIBIANA E CORTINA<\/h3>\n<\/blockquote>\n<p><strong><a class=\"dt-pswp-item\" href=\"https:\/\/www.radiopiu.net\/wordpress\/wp-content\/uploads\/2018\/08\/soccorsoalpino.jpg\" data-dt-img-description=\"\" data-large_image_width=\"1200\" data-large_image_height=\"1200\"><img loading=\"lazy\" decoding=\"async\" class=\" wp-image-59164 alignleft\" src=\"https:\/\/www.radiopiu.net\/wordpress\/wp-content\/uploads\/2018\/08\/soccorsoalpino-300x300.jpg\" alt=\"\" width=\"113\" height=\"113\" srcset=\"https:\/\/www.radiopiu.net\/wordpress\/wp-content\/uploads\/2018\/08\/soccorsoalpino-300x300.jpg 300w, https:\/\/www.radiopiu.net\/wordpress\/wp-content\/uploads\/2018\/08\/soccorsoalpino-150x150.jpg 150w, https:\/\/www.radiopiu.net\/wordpress\/wp-content\/uploads\/2018\/08\/soccorsoalpino-768x768.jpg 768w, https:\/\/www.radiopiu.net\/wordpress\/wp-content\/uploads\/2018\/08\/soccorsoalpino-1024x1024.jpg 1024w, https:\/\/www.radiopiu.net\/wordpress\/wp-content\/uploads\/2018\/08\/soccorsoalpino.jpg 1200w\" sizes=\"auto, (max-width: 113px) 100vw, 113px\" \/><\/a>REDAZIONE <\/strong>Verso le 12.30 di sabato un 59enne vicentino \u00e8 caduto da un muretto della strada militare a Cibiana di Cadore, riportando difficolt\u00e0 a respirare e dolore alla spalla. L&#8217;elicottero del Suem di Pieve di Cadore \u00e8 intervenuto per il soccorso, atterrando poco distante. L&#8217;uomo \u00e8 stato trasportato all&#8217;ospedale con sospetto trauma costale e alla spalla. Nel pomeriggio a Cortina, una coppia padovana con il loro cane \u00e8 rimasta bloccata nella neve nei pressi del Rifugio Scoiattoli. Dopo aver seguito un percorso innevato, sono stati raggiunti da una squadra del Soccorso alpino della Guardia di Finanza con gli sci d&#8217;alpinismo. Gli escursionisti sono stati accompagnati al Rifugio e successivamente al Passo Giau.<\/p>\n<p>&nbsp;<\/p>\n<p>&nbsp;<\/p>\n<hr \/>\n<p>&nbsp;<\/p>\n<blockquote>\n<h3>ESCURSIONISTA SCIVOLA SUL SENTIERO GHIACCIATO<\/h3>\n<\/blockquote>\n<p><strong>ZOPPE&#8217; DI CADORE<\/strong> Ieri mattina verso le 9 la Centrale del Suem \u00e8 stata attivata per un escursionista infortunatosi, dopo essere scivolato a causa del ghiaccio. Il 32enne di Cornedo all&#8217;Isarco (BZ), che aveva riportato un probabile trauma alla gamba mentre percorreva il sentiero 471 sopra Zopp\u00e8 di Cadore, \u00e8 stato individuato dall&#8217;elicottero del Suem di Pieve di Cadore. Imbarcato, \u00e8 stato quindi trasportato all&#8217;ospedale di Agordo. Pronta a intervenire in piazzola una squadra del Soccorso alpino della Val di Zoldo.<\/p>\n<p>&nbsp;<\/p>\n<p>&nbsp;<\/p>\n<hr \/>\n<p>&nbsp;<\/p>\n<blockquote>\n<h3>UN INTENSO POMERIGGIO PER IL SOCCORSO ALPINO IMPEGNATO IN QUATTRO INTERVENTI<\/h3>\n<\/blockquote>\n<p><strong>REDAZIONE<\/strong> Pomeriggio impegnativo quello di ieri per il Soccorso Alpino che \u00e8 stato allertato per quattro emergenze. Nel primo intervento a Belluno, il Soccorso alpino ha aiutato una donna di 65 anni da Padova che era scivolata su una lastra di ghiaccio, riportando una probabile distorsione alla caviglia. Nel secondo caso a Calalzo di Cadore, sempre per una caduta su ghiaccio, il Soccorso alpino di Pieve di Cadore \u00e8 intervenuto per supportare l&#8217;ambulanza e ha assistito una turista di Campoformido (UD) con un&#8217;infortunio alla gamba. A Cortina, l&#8217;elicottero del Suem di Pieve di Cadore ha recuperato una trentenne di Feltre con un probabile lieve trauma alla gamba, mentre un altro scialpinista infortunato \u00e8 stato portato a Brunico dall&#8217;elicottero Pelikan di Bolzano.<\/p>\n<p>&nbsp;<\/p>\n<p>&nbsp;<\/p>\n<hr \/>\n<p>&nbsp;<\/p>\n<p>&nbsp;<\/p>\n<blockquote>\n<h2>CON LA CHIUSURA DELLA VALSUGANA CODE CHILOMETRI, DIFFICILE RIENTRO DAL FELTRINO<\/h2>\n<\/blockquote>\n<p>A causa della chiusura della Statale 47 della Valsugana a seguito di una frana, la Sr 348 Feltrina ha sperimentato gravi disagi domenica scorsa. Il traffico intenso \u00e8 stato deviato sulla tratta Fenadora &#8211; Anz\u00f9, collegando il Feltrino alla pianura. Gli automobilisti hanno affrontato code chilometriche e rallentamenti, iniziando da Fener fino al territorio trevigiano. La situazione \u00e8 peggiorata nel corso della giornata, raggiungendo il picco tra le 18 e le 19, con un serpentone di auto che si estendeva dalla Fenadora &#8211; Anz\u00f9 fino allo svincolo per il centro di Feltre. La chiusura della Valsugana, avvenuta il 12 gennaio a causa di una frana, ha notevolmente allungato i tempi di percorrenza.<\/p>\n\n\t\t\t<style type='text\/css'>\n\t\t\t\t#gallery-1 {\n\t\t\t\t\tmargin: auto;\n\t\t\t\t}\n\t\t\t\t#gallery-1 .gallery-item {\n\t\t\t\t\tfloat: left;\n\t\t\t\t\tmargin-top: 10px;\n\t\t\t\t\ttext-align: center;\n\t\t\t\t\twidth: 33%;\n\t\t\t\t}\n\t\t\t\t#gallery-1 img {\n\t\t\t\t\tborder: 2px solid #cfcfcf;\n\t\t\t\t}\n\t\t\t\t#gallery-1 .gallery-caption {\n\t\t\t\t\tmargin-left: 0;\n\t\t\t\t}\n\t\t\t\t\/* see gallery_shortcode() in wp-includes\/media.php *\/\n\t\t\t<\/style>\n\t\t<div id='gallery-1' class='dt-gallery-container gallery galleryid-371934 gallery-columns-3 gallery-size-thumbnail'><dl class='gallery-item'>\n\t\t\t\t<dt class='gallery-icon portrait'>\n\t\t\t\t\t<a class=\"rollover rollover-zoom dt-pswp-item\" title=\"CEMCENIGHE\" data-dt-img-description=\"\" data-large_image_width=\"600\" data-large_image_height=\"800\"href='https:\/\/www.radiopiu.net\/wordpress\/wp-content\/uploads\/2024\/01\/CEMCENIGHE.jpg'><img loading=\"lazy\" decoding=\"async\" width=\"150\" height=\"150\" src=\"https:\/\/www.radiopiu.net\/wordpress\/wp-content\/uploads\/2024\/01\/CEMCENIGHE-150x150.jpg\" class=\"attachment-thumbnail size-thumbnail\" alt=\"\" aria-describedby=\"gallery-1-372114\" \/><\/a>\n\t\t\t\t<\/dt>\n\t\t\t\t\t<dd class='wp-caption-text gallery-caption' id='gallery-1-372114'>\n\t\t\t\t\tCENCENIGHE\n\t\t\t\t\t<\/dd><\/dl><dl class='gallery-item'>\n\t\t\t\t<dt class='gallery-icon portrait'>\n\t\t\t\t\t<a class=\"rollover rollover-zoom dt-pswp-item\" title=\"LONGARONE\" data-dt-img-description=\"\" data-large_image_width=\"720\" data-large_image_height=\"1280\"href='https:\/\/www.radiopiu.net\/wordpress\/wp-content\/uploads\/2024\/01\/LONGARONE.jpg'><img loading=\"lazy\" decoding=\"async\" width=\"150\" height=\"150\" src=\"https:\/\/www.radiopiu.net\/wordpress\/wp-content\/uploads\/2024\/01\/LONGARONE-150x150.jpg\" class=\"attachment-thumbnail size-thumbnail\" alt=\"\" aria-describedby=\"gallery-1-372115\" \/><\/a>\n\t\t\t\t<\/dt>\n\t\t\t\t\t<dd class='wp-caption-text gallery-caption' id='gallery-1-372115'>\n\t\t\t\t\tLONGARONE\n\t\t\t\t\t<\/dd><\/dl><dl class='gallery-item'>\n\t\t\t\t<dt class='gallery-icon landscape'>\n\t\t\t\t\t<a class=\"rollover rollover-zoom dt-pswp-item\" title=\"CASTELLAVAZZO\" data-dt-img-description=\"\" data-large_image_width=\"1280\" data-large_image_height=\"960\"href='https:\/\/www.radiopiu.net\/wordpress\/wp-content\/uploads\/2024\/01\/CASTELLAVAZZO.jpg'><img loading=\"lazy\" decoding=\"async\" width=\"150\" height=\"150\" src=\"https:\/\/www.radiopiu.net\/wordpress\/wp-content\/uploads\/2024\/01\/CASTELLAVAZZO-150x150.jpg\" class=\"attachment-thumbnail size-thumbnail\" alt=\"\" aria-describedby=\"gallery-1-372116\" \/><\/a>\n\t\t\t\t<\/dt>\n\t\t\t\t\t<dd class='wp-caption-text gallery-caption' id='gallery-1-372116'>\n\t\t\t\t\tCASTELLAVAZZO\n\t\t\t\t\t<\/dd><\/dl><br style=\"clear: both\" \/>\n\t\t\t<\/div>\n\n<p>&nbsp;<\/p>\n<p>&nbsp;<\/p>\n<hr \/>\n<p>&nbsp;<\/p>\n<blockquote>\n<h3>EMULAZIONE &#8220;FLEXIMAN&#8221; IN CADORE, DANNEGGIATO L&#8217;AUTOVELOX<\/h3>\n<\/blockquote>\n<p><img loading=\"lazy\" decoding=\"async\" class=\"alignleft\" src=\"https:\/\/www.radiopiu.net\/wordpress\/wp-content\/uploads\/2024\/01\/Senza-nome-90.png\" width=\"270\" height=\"177\" \/><strong>SANTO STEFANO<\/strong> \u00e8 stato danneggiato il box prevelox in via Udine a Santo Stefano di Cadore, il quale si trova sulla strada centrale del paese, dove un tragico incidente ha causato la morte di tre persone nel luglio dell&#8217;anno precedente. Tra le vittime c&#8217;era il piccolo Mattia Antoniello, due anni, il padre Marco di 47 anni e la nonna Maria Zuin, 64 anni, tutti residenti a Favaro Veneto. L&#8217;atto vandalico sembra essere un gesto di emulazione di un individuo noto come Fleximan, impegnato nel danneggiamento di autovelox nel Veneto. Tuttavia, il vandalismo non sarebbe correlato a questa figura, ma piuttosto a un atto impulsivo o una &#8220;ragazzata&#8221;. La vicesindaco di Santo Stefano, Elisa Bergagnin, esprime amarezza per il danneggiamento e annuncia l&#8217;intenzione di ripristinare il box, sottolineando la necessit\u00e0 di rafforzare la sicurezza stradale nella zona colpita dall&#8217;incidente. Propone anche una collaborazione tra le Polizie locali dei comuni circostanti per intensificare i controlli sulla velocit\u00e0.<\/p>\n<p>&nbsp;<\/p>\n<hr \/>\n<p>&nbsp;<\/p>\n<blockquote>\n<h2>IL FUTURO DELLA CASA DI SOGGIORNO DI TAIBON<\/h2>\n<\/blockquote>\n<p>Con grande attenzione quasi quotidianamente con la collaborazione di Gianni Santomaso, Radio Pi\u00f9 ha seguito l&#8217;evolversi della situazione in casa di soggiorno di Taibon con il passaggio dalla Onlus presieduta da Bruno Bulf all&#8217;attuale gestione con Asca.<br \/>\nSABATO E IERI,\u00a0 abbiamo trasmesso l&#8217;ascoltatissima ed attuale intervista con\u00a0 Maria Chiara Santin, amministratore unico in Asca.<\/p>\n<h2>RIASCOLTALA IN PODCAST<\/h2>\n<p><strong><a class=\"dt-pswp-item\" href=\"https:\/\/www.radiopiu.net\/wordpress\/wp-content\/uploads\/2018\/05\/SANTIN-300x169.jpg\" data-dt-img-description=\"\" data-large_image_width=\"300\" data-large_image_height=\"169\"><img loading=\"lazy\" decoding=\"async\" class=\"wp-image-48328 alignleft\" src=\"https:\/\/www.radiopiu.net\/wordpress\/wp-content\/uploads\/2018\/05\/SANTIN-300x169-300x169.jpg\" alt=\"\" width=\"233\" height=\"131\" \/><\/a>DI GIANNI SANTOMASO<\/strong><\/p>\n<p>OSPITE: Maria Chiara Santin, amministratrice unica di ASCA<\/p>\n<audio class=\"wp-audio-shortcode\" id=\"audio-371934-4\" preload=\"none\" style=\"width: 100%;\" controls=\"controls\"><source type=\"audio\/mpeg\" src=\"https:\/\/www.radiopiu.net\/wordpress\/wp-content\/uploads\/2024\/01\/RASSEGNA-GIANNI-1.mp3?_=4\" \/><a href=\"https:\/\/www.radiopiu.net\/wordpress\/wp-content\/uploads\/2024\/01\/RASSEGNA-GIANNI-1.mp3\">https:\/\/www.radiopiu.net\/wordpress\/wp-content\/uploads\/2024\/01\/RASSEGNA-GIANNI-1.mp3<\/a><\/audio>\n<p>&nbsp;<\/p>\n<p>&nbsp;<\/p>\n<p>&nbsp;<\/p>\n<hr \/>\n<p>&nbsp;<\/p>\n<blockquote>\n<h3>TROTA MARMORATA: PROVINCIA AL LAVORO PER LA RIPOPOLAZIONE<\/h3>\n<\/blockquote>\n<p><strong><a class=\"dt-pswp-item\" href=\"https:\/\/www.radiopiu.net\/wordpress\/wp-content\/uploads\/2020\/05\/trota-marmorata-del-Piave.jpg\" data-dt-img-description=\"\" data-large_image_width=\"1080\" data-large_image_height=\"524\"><img loading=\"lazy\" decoding=\"async\" class=\" wp-image-137767 alignleft\" src=\"https:\/\/www.radiopiu.net\/wordpress\/wp-content\/uploads\/2020\/05\/trota-marmorata-del-Piave-300x146.jpg\" alt=\"\" width=\"210\" height=\"102\" srcset=\"https:\/\/www.radiopiu.net\/wordpress\/wp-content\/uploads\/2020\/05\/trota-marmorata-del-Piave-300x146.jpg 300w, https:\/\/www.radiopiu.net\/wordpress\/wp-content\/uploads\/2020\/05\/trota-marmorata-del-Piave-1024x497.jpg 1024w, https:\/\/www.radiopiu.net\/wordpress\/wp-content\/uploads\/2020\/05\/trota-marmorata-del-Piave-768x373.jpg 768w, https:\/\/www.radiopiu.net\/wordpress\/wp-content\/uploads\/2020\/05\/trota-marmorata-del-Piave.jpg 1080w\" sizes=\"auto, (max-width: 210px) 100vw, 210px\" \/><\/a>BELLUNO<\/strong> La Provincia di Belluno, in collaborazione con i bacini di pesca 4 e 6, sta lavorando alla riproduzione delle trote marmorate. Conosciute come le pi\u00f9 fredde tra dicembre e gennaio, queste giornate sono ideali per il processo. L&#8217;obiettivo \u00e8 produrre 1 milione di uova di trota marmorata, specie autoctona, per il ripopolamento dei corsi d&#8217;acqua danneggiati dalla tempesta Vaia. L&#8217;impianto temporaneo di Sottocastello, a Pieve di Cadore, ospita il materiale ittico in attesa dei lavori nei centri ittiogenici provinciali di Tomo e Bolzano Bellunese. La collaborazione tra Provincia, Regione Veneto, e i bacini di pesca mira a salvaguardare questa specie e valorizzare i fiumi locali. La produzione interna di materiale ittico selezionato \u00e8 cruciale per i bacini di pesca del Bellunese, contribuendo agli sforzi di reintroduzione delle specie autoctone.<\/p>\n<p>&nbsp;<\/p>\n<p>&nbsp;<\/p>\n<hr \/>\n<p>&nbsp;<\/p>\n<blockquote>\n<h3><strong>ACCOGLIENZA SPERTI, CONFERMATO L&#8217;IMPEGNO DELLA PROVINCIA<\/strong><\/h3>\n<\/blockquote>\n<p><strong><a class=\"dt-pswp-item\" href=\"https:\/\/www.radiopiu.net\/wordpress\/wp-content\/uploads\/2022\/07\/Istituto-Sperti-01.jpg\" data-dt-img-description=\"\" data-large_image_width=\"1920\" data-large_image_height=\"1440\"><img loading=\"lazy\" decoding=\"async\" class=\" wp-image-289682 alignleft\" src=\"https:\/\/www.radiopiu.net\/wordpress\/wp-content\/uploads\/2022\/07\/Istituto-Sperti-01-300x225.jpg\" alt=\"\" width=\"181\" height=\"136\" srcset=\"https:\/\/www.radiopiu.net\/wordpress\/wp-content\/uploads\/2022\/07\/Istituto-Sperti-01-300x225.jpg 300w, https:\/\/www.radiopiu.net\/wordpress\/wp-content\/uploads\/2022\/07\/Istituto-Sperti-01-1024x768.jpg 1024w, https:\/\/www.radiopiu.net\/wordpress\/wp-content\/uploads\/2022\/07\/Istituto-Sperti-01-768x576.jpg 768w, https:\/\/www.radiopiu.net\/wordpress\/wp-content\/uploads\/2022\/07\/Istituto-Sperti-01-1536x1152.jpg 1536w, https:\/\/www.radiopiu.net\/wordpress\/wp-content\/uploads\/2022\/07\/Istituto-Sperti-01.jpg 1920w\" sizes=\"auto, (max-width: 181px) 100vw, 181px\" \/><\/a>BELLUNO<\/strong> Il presidente della Provincia di Belluno, Roberto Padrin, ha ribadito l&#8217;impegno a sostenere le iniziative dell&#8217;Opera San Martino per ridurre le rette del convitto Sperti nell&#8217;anno scolastico attuale e ha espresso preoccupazione riguardo all&#8217;aumento delle tariffe comunicate dalla cooperativa Kairos, gestore della struttura, per il prossimo anno. La Provincia sta lavorando per creare un fondo e un progetto che possano offrire contributi alle famiglie degli studenti fuori sede nel 2024-2025, mirando a contenere gli aumenti delle rette. Il presidente Padrin chiede chiarimenti sulla volont\u00e0 di Kairos di continuare l&#8217;attivit\u00e0 concordata di convitto, sottolineando l&#8217;importanza di rendere sostenibili le rette per le famiglie degli studenti.<\/p>\n<p>&nbsp;<\/p>\n<p>&nbsp;<\/p>\n<blockquote>\n<h3>LA COOPERTIVA KAIROS RISPONDE A PADRIN<\/h3>\n<\/blockquote>\n<p><strong><a class=\"dt-pswp-item\" href=\"https:\/\/www.radiopiu.net\/wordpress\/wp-content\/uploads\/2024\/01\/Alessandro-Capponi-Presidente-Kairos-5.jpg\" data-dt-img-description=\"\" data-large_image_width=\"773\" data-large_image_height=\"801\"><img loading=\"lazy\" decoding=\"async\" class=\" wp-image-371965 alignleft\" src=\"https:\/\/www.radiopiu.net\/wordpress\/wp-content\/uploads\/2024\/01\/Alessandro-Capponi-Presidente-Kairos-5-290x300.jpg\" alt=\"\" width=\"126\" height=\"130\" srcset=\"https:\/\/www.radiopiu.net\/wordpress\/wp-content\/uploads\/2024\/01\/Alessandro-Capponi-Presidente-Kairos-5-290x300.jpg 290w, https:\/\/www.radiopiu.net\/wordpress\/wp-content\/uploads\/2024\/01\/Alessandro-Capponi-Presidente-Kairos-5-768x796.jpg 768w, https:\/\/www.radiopiu.net\/wordpress\/wp-content\/uploads\/2024\/01\/Alessandro-Capponi-Presidente-Kairos-5.jpg 773w\" sizes=\"auto, (max-width: 126px) 100vw, 126px\" \/><\/a>ROMA<\/strong> Il presidente della cooperativa Kairos, Alessandro Capponi, ha replicato alle dichiarazioni del presidente della Provincia di Belluno, Roberto Padrin, riguardo alle tariffe del Convitto Sperti. Capponi ha chiesto rispetto per il lavoro svolto dalla cooperativa e ha affermato di aver anticipato 350mila euro, mentre la Provincia non ha ancora stanziato fondi. Kairos ha informato le famiglie che le tariffe per il prossimo anno scolastico torneranno ai livelli di mercato a causa della mancanza dei finanziamenti promessi dalle autorit\u00e0 locali. Capponi ha evidenziato le perdite subite e ha sottolineato che la Provincia ha fatto solo promesse senza concretizzare alcun contributo. La cooperativa ha chiesto un incontro con la Provincia, ma non ha ancora ricevuto risposta.<\/p>\n<p><strong>LA RISPOSTA DEL PRESIDENTE DELLA PROVINCIA ROBERTO PADRIN<\/strong><\/p>\n<p>Il presidente della Provincia di Belluno, Roberto Padrin, risponde al comunicato stampa di Kairos riguardante l&#8217;aumento delle rette del convitto Sperti. Padrin afferma che la Provincia condivide la preoccupazione delle famiglie e sta lavorando alla costruzione di un fondo per mettere a disposizione delle famiglie. Sottolinea l&#8217;impegno economico della Provincia per l&#8217;anno scolastico in corso e auspica che Kairos confermi un servizio sostenibile per le famiglie.<\/p>\n<p>&nbsp;<\/p>\n<p>&nbsp;<\/p>\n<hr \/>\n<p>&nbsp;<\/p>\n<blockquote>\n<h3>PADRIN INCONTRA IL MINISTRO ABODI PER PARLARE DELLE OLIMPIADI 2026<\/h3>\n<\/blockquote>\n<p><strong><a class=\"dt-pswp-item\" href=\"https:\/\/www.radiopiu.net\/wordpress\/wp-content\/uploads\/2024\/01\/Padrin-Abodi-Cortina-scaled.jpg\" data-dt-img-description=\"\" data-large_image_width=\"2560\" data-large_image_height=\"1920\"><img loading=\"lazy\" decoding=\"async\" class=\" wp-image-372078 alignleft\" src=\"https:\/\/www.radiopiu.net\/wordpress\/wp-content\/uploads\/2024\/01\/Padrin-Abodi-Cortina-300x225.jpg\" alt=\"\" width=\"152\" height=\"114\" srcset=\"https:\/\/www.radiopiu.net\/wordpress\/wp-content\/uploads\/2024\/01\/Padrin-Abodi-Cortina-300x225.jpg 300w, https:\/\/www.radiopiu.net\/wordpress\/wp-content\/uploads\/2024\/01\/Padrin-Abodi-Cortina-1024x768.jpg 1024w, https:\/\/www.radiopiu.net\/wordpress\/wp-content\/uploads\/2024\/01\/Padrin-Abodi-Cortina-768x576.jpg 768w, https:\/\/www.radiopiu.net\/wordpress\/wp-content\/uploads\/2024\/01\/Padrin-Abodi-Cortina-1536x1152.jpg 1536w, https:\/\/www.radiopiu.net\/wordpress\/wp-content\/uploads\/2024\/01\/Padrin-Abodi-Cortina-2048x1536.jpg 2048w\" sizes=\"auto, (max-width: 152px) 100vw, 152px\" \/><\/a>CORTINA<\/strong> Il presidente della Provincia di Belluno, Roberto Padrin, e il ministro dello Sport, Andrea Abodi, hanno discusso delle Olimpiadi invernali 2026 a Cortina. Hanno condiviso la visione che l&#8217;organizzazione consolidata di Cortina e il suo paesaggio saranno vantaggi significativi per l&#8217;evento. Padrin ha sottolineato il ruolo delle Province nell&#8217;accompagnare i territori italiani per le Olimpiadi. Hanno tracciato la roadmap per i prossimi mesi e pianificato un vertice a Roma il 15 febbraio. Padrin ha enfatizzato l&#8217;importanza di sfruttare le opportunit\u00e0 offerte dalle Olimpiadi, garantendo che la Legacy sia una vera eredit\u00e0 per il Bellunese. Ha ringraziato il ministro Abodi per l&#8217;impegno nel successo di Milano Cortina 2026.<\/p>\n<p>&nbsp;<\/p>\n<p>&nbsp;<\/p>\n<hr \/>\n<p>&nbsp;<\/p>\n<blockquote>\n<h3>INCONTRO CON IL BARD PER DORFMANN PER PARLARE DI VARIE TEMATICHE<\/h3>\n<\/blockquote>\n<p><strong>BELLUNO<\/strong> Dorfmann a Belluno, tra i temi affrontati nell\u2019incontro con la stampa la questione lupo, i servizi e l\u2019agricoltura di montagna e il futuro in vista delle prossime elezioni europee dell\u20198 e 9 giugno<\/p>\n<p><strong>HERBERT DORFMANN<\/strong><\/p>\n<audio class=\"wp-audio-shortcode\" id=\"audio-371934-5\" preload=\"none\" style=\"width: 100%;\" controls=\"controls\"><source type=\"audio\/mpeg\" src=\"https:\/\/www.radiopiu.net\/wordpress\/wp-content\/uploads\/2024\/01\/dorfmann.mp3?_=5\" \/><a href=\"https:\/\/www.radiopiu.net\/wordpress\/wp-content\/uploads\/2024\/01\/dorfmann.mp3\">https:\/\/www.radiopiu.net\/wordpress\/wp-content\/uploads\/2024\/01\/dorfmann.mp3<\/a><\/audio>\n<p>&nbsp;<\/p>\n<p><strong>ANDREA BONA, BARD<\/strong><\/p>\n<audio class=\"wp-audio-shortcode\" id=\"audio-371934-6\" preload=\"none\" style=\"width: 100%;\" controls=\"controls\"><source type=\"audio\/mpeg\" src=\"https:\/\/www.radiopiu.net\/wordpress\/wp-content\/uploads\/2024\/01\/bona.mp3?_=6\" \/><a href=\"https:\/\/www.radiopiu.net\/wordpress\/wp-content\/uploads\/2024\/01\/bona.mp3\">https:\/\/www.radiopiu.net\/wordpress\/wp-content\/uploads\/2024\/01\/bona.mp3<\/a><\/audio>\n<p>&nbsp;<\/p>\n\n\t\t\t<style type='text\/css'>\n\t\t\t\t#gallery-2 {\n\t\t\t\t\tmargin: auto;\n\t\t\t\t}\n\t\t\t\t#gallery-2 .gallery-item {\n\t\t\t\t\tfloat: left;\n\t\t\t\t\tmargin-top: 10px;\n\t\t\t\t\ttext-align: center;\n\t\t\t\t\twidth: 25%;\n\t\t\t\t}\n\t\t\t\t#gallery-2 img {\n\t\t\t\t\tborder: 2px solid #cfcfcf;\n\t\t\t\t}\n\t\t\t\t#gallery-2 .gallery-caption {\n\t\t\t\t\tmargin-left: 0;\n\t\t\t\t}\n\t\t\t\t\/* see gallery_shortcode() in wp-includes\/media.php *\/\n\t\t\t<\/style>\n\t\t<div id='gallery-2' class='dt-gallery-container gallery galleryid-371934 gallery-columns-4 gallery-size-thumbnail'><dl class='gallery-item'>\n\t\t\t\t<dt class='gallery-icon landscape'>\n\t\t\t\t\t<a class=\"rollover rollover-zoom dt-pswp-item\" title=\"f52a0ae3-03e8-4fdb-91ce-9f6881f3452f\" data-dt-img-description=\"\" data-large_image_width=\"1600\" data-large_image_height=\"1200\"href='https:\/\/www.radiopiu.net\/wordpress\/wp-content\/uploads\/2024\/01\/f52a0ae3-03e8-4fdb-91ce-9f6881f3452f.jpg'><img loading=\"lazy\" decoding=\"async\" width=\"150\" height=\"150\" src=\"https:\/\/www.radiopiu.net\/wordpress\/wp-content\/uploads\/2024\/01\/f52a0ae3-03e8-4fdb-91ce-9f6881f3452f-150x150.jpg\" class=\"attachment-thumbnail size-thumbnail\" alt=\"\" \/><\/a>\n\t\t\t\t<\/dt><\/dl><dl class='gallery-item'>\n\t\t\t\t<dt class='gallery-icon landscape'>\n\t\t\t\t\t<a class=\"rollover rollover-zoom dt-pswp-item\" title=\"2844fb03-5885-459c-a24f-7208a627f699\" data-dt-img-description=\"\" data-large_image_width=\"1600\" data-large_image_height=\"1200\"href='https:\/\/www.radiopiu.net\/wordpress\/wp-content\/uploads\/2024\/01\/2844fb03-5885-459c-a24f-7208a627f699.jpg'><img loading=\"lazy\" decoding=\"async\" width=\"150\" height=\"150\" src=\"https:\/\/www.radiopiu.net\/wordpress\/wp-content\/uploads\/2024\/01\/2844fb03-5885-459c-a24f-7208a627f699-150x150.jpg\" class=\"attachment-thumbnail size-thumbnail\" alt=\"\" \/><\/a>\n\t\t\t\t<\/dt><\/dl><dl class='gallery-item'>\n\t\t\t\t<dt class='gallery-icon landscape'>\n\t\t\t\t\t<a class=\"rollover rollover-zoom dt-pswp-item\" title=\"99aad834-7643-4717-a6f7-a96ec2a55aa5\" data-dt-img-description=\"\" data-large_image_width=\"1600\" data-large_image_height=\"1200\"href='https:\/\/www.radiopiu.net\/wordpress\/wp-content\/uploads\/2024\/01\/99aad834-7643-4717-a6f7-a96ec2a55aa5.jpg'><img loading=\"lazy\" decoding=\"async\" width=\"150\" height=\"150\" src=\"https:\/\/www.radiopiu.net\/wordpress\/wp-content\/uploads\/2024\/01\/99aad834-7643-4717-a6f7-a96ec2a55aa5-150x150.jpg\" class=\"attachment-thumbnail size-thumbnail\" alt=\"\" \/><\/a>\n\t\t\t\t<\/dt><\/dl><dl class='gallery-item'>\n\t\t\t\t<dt class='gallery-icon landscape'>\n\t\t\t\t\t<a class=\"rollover rollover-zoom dt-pswp-item\" title=\"8ec195bc-be46-4655-8dc6-b97ebc4957c7\" data-dt-img-description=\"\" data-large_image_width=\"1600\" data-large_image_height=\"1200\"href='https:\/\/www.radiopiu.net\/wordpress\/wp-content\/uploads\/2024\/01\/8ec195bc-be46-4655-8dc6-b97ebc4957c7.jpg'><img loading=\"lazy\" decoding=\"async\" width=\"150\" height=\"150\" src=\"https:\/\/www.radiopiu.net\/wordpress\/wp-content\/uploads\/2024\/01\/8ec195bc-be46-4655-8dc6-b97ebc4957c7-150x150.jpg\" class=\"attachment-thumbnail size-thumbnail\" alt=\"\" \/><\/a>\n\t\t\t\t<\/dt><\/dl><br style=\"clear: both\" \/>\n\t\t\t<\/div>\n\n<p>&nbsp;<\/p>\n<hr \/>\n<p>&nbsp;<\/p>\n<blockquote>\n<h3>VALPE: RACCOLTA RIFIUTI RAEE ANCHE IN CADORE<\/h3>\n<\/blockquote>\n<p><strong><a class=\"dt-pswp-item\" href=\"https:\/\/www.radiopiu.net\/wordpress\/wp-content\/uploads\/2021\/10\/VALPE.png\" data-dt-img-description=\"\" data-large_image_width=\"800\" data-large_image_height=\"400\"><img loading=\"lazy\" decoding=\"async\" class=\" wp-image-236977 alignleft\" src=\"https:\/\/www.radiopiu.net\/wordpress\/wp-content\/uploads\/2021\/10\/VALPE-300x150.png\" alt=\"\" width=\"200\" height=\"100\" srcset=\"https:\/\/www.radiopiu.net\/wordpress\/wp-content\/uploads\/2021\/10\/VALPE-300x150.png 300w, https:\/\/www.radiopiu.net\/wordpress\/wp-content\/uploads\/2021\/10\/VALPE-768x384.png 768w, https:\/\/www.radiopiu.net\/wordpress\/wp-content\/uploads\/2021\/10\/VALPE.png 800w\" sizes=\"auto, (max-width: 200px) 100vw, 200px\" \/><\/a>SEDICO<\/strong> Valpe Ambiente ha avviato un nuovo servizio di raccolta dei Rifiuti da Apparecchiature Elettriche ed Elettroniche (RAEE) &#8220;dual use&#8221; nei comuni di Borca, Cibiana, Valle e Vodo di Cadore. Questo servizio mira a raccogliere apparecchiature elettroniche utilizzate sia a scopo domestico che professionale, come PC, stampanti, cellulari e altro. Tali rifiuti contengono sostanze nocive e tossiche, ma anche materiali recuperabili come alluminio, ferro e plastica. Valpe Ambiente gestisce la raccolta in modo da garantire il trattamento corretto e il recupero dei materiali. Il servizio offre trasparenza e legalit\u00e0 nella gestione dei RAEE e include opzioni come la distruzione di dati sensibili e la certificazione di smaltimento. Le aziende che adottano questo servizio pagano solo il costo della raccolta, mentre il trattamento \u00e8 gratuito. Per ulteriori informazioni, \u00e8 possibile visitare il sito web di Valpe Ambiente o contattare il numero verde 800 94 76 73<\/p>\n<p>&nbsp;<\/p>\n<p>&nbsp;<\/p>\n<hr \/>\n<p>&nbsp;<\/p>\n<blockquote>\n<h3>DILLO A RADIO PIU&#8217;&#8230;LE DOMENICHE SENZA TRASPORTO PUBBLICO<\/h3>\n<\/blockquote>\n<p><strong><a class=\"dt-pswp-item\" href=\"https:\/\/www.radiopiu.net\/wordpress\/wp-content\/uploads\/2020\/06\/4b299438-d3cd-4953-bb41-b739ff3291f9.jpg\" data-dt-img-description=\"\" data-large_image_width=\"2048\" data-large_image_height=\"1536\"><img loading=\"lazy\" decoding=\"async\" class=\" wp-image-144900 alignleft\" src=\"https:\/\/www.radiopiu.net\/wordpress\/wp-content\/uploads\/2020\/06\/4b299438-d3cd-4953-bb41-b739ff3291f9-300x225.jpg\" alt=\"\" width=\"165\" height=\"124\" srcset=\"https:\/\/www.radiopiu.net\/wordpress\/wp-content\/uploads\/2020\/06\/4b299438-d3cd-4953-bb41-b739ff3291f9-300x225.jpg 300w, https:\/\/www.radiopiu.net\/wordpress\/wp-content\/uploads\/2020\/06\/4b299438-d3cd-4953-bb41-b739ff3291f9-1024x768.jpg 1024w, https:\/\/www.radiopiu.net\/wordpress\/wp-content\/uploads\/2020\/06\/4b299438-d3cd-4953-bb41-b739ff3291f9-768x576.jpg 768w, https:\/\/www.radiopiu.net\/wordpress\/wp-content\/uploads\/2020\/06\/4b299438-d3cd-4953-bb41-b739ff3291f9-1536x1152.jpg 1536w, https:\/\/www.radiopiu.net\/wordpress\/wp-content\/uploads\/2020\/06\/4b299438-d3cd-4953-bb41-b739ff3291f9.jpg 2048w\" sizes=\"auto, (max-width: 165px) 100vw, 165px\" \/><\/a>Riceviamo e pubblichiamo<\/strong><\/p>\n<p>So dei problemi che ha Dolomiti Bus, ma io sono un cliente e come tale se faccio un biglietto o un abbonamento dovrei poterne usufruire 7 giorni su 7, come nelle altre province venete dove i bus ci sono 7 giorni su 7.\u00a0 Siamo in stagione turistica e i bus di domenica non ci sono, per\u00f2 prima del COVID c&#8217;erano. Ma se un anziano o chiunque altri abbia bisogno di spostarsi di domenica o un giorno festivo e non ha macchina deve ricorrere a fior di soldi per un Taxi? Non lo trovo giusto n\u00e9 corretto<\/p>\n<p>R.D.<\/p>\n<p>&nbsp;<\/p>\n<p>&nbsp;<\/p>\n<hr \/>\n<p>&nbsp;<\/p>\n<blockquote>\n<h3>FAGIOLO COME PIANTA MODELLO E L&#8217;IMPORTANZA DELLA BIODIVERSITA&#8217;, L&#8217;INCONTRO A SAN TOMASO<\/h3>\n<\/blockquote>\n<p><strong><a class=\"dt-pswp-item\" href=\"https:\/\/www.radiopiu.net\/wordpress\/wp-content\/uploads\/2024\/01\/un-momento-della-conferenza-.-la-relazione-del-ricercatore-Riccardo-Soldan-scaled.jpg\" data-dt-img-description=\"\" data-large_image_width=\"2560\" data-large_image_height=\"1440\"><img loading=\"lazy\" decoding=\"async\" class=\" wp-image-372013 alignleft\" src=\"https:\/\/www.radiopiu.net\/wordpress\/wp-content\/uploads\/2024\/01\/un-momento-della-conferenza-.-la-relazione-del-ricercatore-Riccardo-Soldan-300x169.jpg\" alt=\"\" width=\"307\" height=\"173\" srcset=\"https:\/\/www.radiopiu.net\/wordpress\/wp-content\/uploads\/2024\/01\/un-momento-della-conferenza-.-la-relazione-del-ricercatore-Riccardo-Soldan-300x169.jpg 300w, https:\/\/www.radiopiu.net\/wordpress\/wp-content\/uploads\/2024\/01\/un-momento-della-conferenza-.-la-relazione-del-ricercatore-Riccardo-Soldan-1024x576.jpg 1024w, https:\/\/www.radiopiu.net\/wordpress\/wp-content\/uploads\/2024\/01\/un-momento-della-conferenza-.-la-relazione-del-ricercatore-Riccardo-Soldan-768x432.jpg 768w, https:\/\/www.radiopiu.net\/wordpress\/wp-content\/uploads\/2024\/01\/un-momento-della-conferenza-.-la-relazione-del-ricercatore-Riccardo-Soldan-1536x864.jpg 1536w, https:\/\/www.radiopiu.net\/wordpress\/wp-content\/uploads\/2024\/01\/un-momento-della-conferenza-.-la-relazione-del-ricercatore-Riccardo-Soldan-2048x1152.jpg 2048w\" sizes=\"auto, (max-width: 307px) 100vw, 307px\" \/><\/a>DI LUISA MANFROI<\/strong><\/p>\n<p><strong>SAN TOMASO <\/strong>Del fagiolo\u00a0 come pianta modello e l&#8217;importanza della biodiversit\u00e0 si \u00e8 parlato nell&#8217;incontro che si \u00e8 tenuto nella mattinata di sabato 27 gennaio nella sala conferenze del \u201cCentro Orti Rupestri.\u00a0\u00a0 Aprendo il convegno, il sindaco Moreno De Val ha\u00a0 ripercorso brevemente le tappe che hanno portato alla realizzazione del centro parlando poi dell\u2019importanza di promuovere l\u2019agricoltura sostenibile a livello locale. Ha sottolineato come sia necessario tornare a un certo tipo di produzione che permetta il mantenimento del territorio\u00a0 e l\u2019opportunit\u00e0 che nascano delle piccole imprese locali. Si \u00e8 detto convinto della necessit\u00e0 di continuare a lavorare su questa strada accennando al ruolo che le leguminose, come il fagiolo, hanno avuto per le comunit\u00e0 del posto. Piante che malgrado siano state trascurate in passato, stanno diventando sempre pi\u00f9 interessanti per un futuro di alimentazione sana. Il presidente dell\u2019APS Orti Rupestri, Renato Da Ronch, ha parlato del lavoro dell\u2019associazione che si occupa della raccolta, conservazione, riproduzione e distribuzione del seme di antiche variet\u00e0 locali di piante. Ha evidenziato la rilevanza del lavoro svolto e\u00a0 degli sforzi compiuti per promuovere l\u2019agricoltura e la biodiversit\u00e0.\u00a0 Dopo i saluti di Luciano Soldan, responsabile dell\u2019Ufficio Agricoltura di Banca Prealpi San Biagio che insieme all\u2019APS e al Comune di San Tomaso ha organizzato l\u2019evento, ha preso la parola Luca De Carlo, senatore e sindaco di Calalzo. Ha elogiato l\u2019impegno di un piccolo comune come San Tomaso verso le antiche coltivazioni e la tutela della biodiversit\u00e0. Ha espresso la sua ammirazione per i progetti agricoli locali, precisando che sono fondamentali per mantenere viva la montagna e le persone che vi abitano tenendo conto che ogni comune ha le sue peculiarit\u00e0 e specificit\u00e0. De Carlo ha poi accennato alla situazione attuale dell\u2019agricoltura rilevando che le politiche economiche degli ultimi vent\u2019anni hanno spinto\u00a0 a smettere di produrre, acquistando invece materie prime da altre parti del mondo dove i costi di produzione sono minori. Tuttavia, gli eventi recenti come la crisi energetica e la guerra in Ucraina, hanno dimostrato che forse non si \u00e8 cos\u00ec indipendenti come si pensava. Ha chiarito la necessit\u00e0 di garantire a tutti un cibo di qualit\u00e0 e il ruolo che possono avere i prodotti locali, senza dimenticare le difficolt\u00e0 che gli agricoltori devono affrontare oggi, in un mondo in cui i tempi e le priorit\u00e0 della societ\u00e0 sono cambiati rispetto al passato. \u00c8 quella che va sotto il nome di sovranit\u00e0 alimentare, la capacit\u00e0\u00a0 di una comunit\u00e0 di definire le proprie politiche agricole e alimentari, garantendo l\u2019accesso a un cibo di qualit\u00e0 per tutti. \u00c8 seguita una approfondita relazione di Riccardo Soldan, ricercatore con dottorato di ricerca presso l&#8217;Universit\u00e0 di Oxford\u00a0 che ha presentato una relazione dettagliata sull\u2019origine del fagiolo e la domesticazione delle piante. Ha riflettuto sulla biodiversit\u00e0, sulle conseguenze della sua perdita e sui concetti di evoluzione. La \u201cdomesticazione\u201d \u00e8\u00a0 il processo attraverso il quale gli esseri umani hanno modificato le piante selvatiche nel tempo per darle diventare pi\u00f9 utili. <a class=\"dt-pswp-item\" href=\"https:\/\/www.radiopiu.net\/wordpress\/wp-content\/uploads\/2024\/01\/Intervento-del-senatore-Luca-De-Carlo.jpg\" data-dt-img-description=\"\" data-large_image_width=\"2560\" data-large_image_height=\"1920\"><img loading=\"lazy\" decoding=\"async\" class=\"size-medium wp-image-372014 alignright\" src=\"https:\/\/www.radiopiu.net\/wordpress\/wp-content\/uploads\/2024\/01\/Intervento-del-senatore-Luca-De-Carlo-300x225.jpg\" alt=\"\" width=\"300\" height=\"225\" srcset=\"https:\/\/www.radiopiu.net\/wordpress\/wp-content\/uploads\/2024\/01\/Intervento-del-senatore-Luca-De-Carlo-300x225.jpg 300w, https:\/\/www.radiopiu.net\/wordpress\/wp-content\/uploads\/2024\/01\/Intervento-del-senatore-Luca-De-Carlo-1024x768.jpg 1024w, https:\/\/www.radiopiu.net\/wordpress\/wp-content\/uploads\/2024\/01\/Intervento-del-senatore-Luca-De-Carlo-768x576.jpg 768w, https:\/\/www.radiopiu.net\/wordpress\/wp-content\/uploads\/2024\/01\/Intervento-del-senatore-Luca-De-Carlo-1536x1152.jpg 1536w, https:\/\/www.radiopiu.net\/wordpress\/wp-content\/uploads\/2024\/01\/Intervento-del-senatore-Luca-De-Carlo-2048x1536.jpg 2048w\" sizes=\"auto, (max-width: 300px) 100vw, 300px\" \/><\/a>Ad esempio, rendendole pi\u00f9 grandi o pi\u00f9 facili da coltivare. Un procedimento eterogeneo e mediato da due tipi di selezione: quella diretta o artificiale, in cui si \u00e8 consapevoli di ci\u00f2 che si vuole ottenere, e quella indiretta o naturale, in cui la domesticazione inizia a modificare l\u2019ambiente in cui le piante crescono. Ha rivelato che esistono tra le settanta e l\u2019ottanta specie selvatiche di fagiolo, ma solo cinque di queste sono state coltivate condividendo la curiosit\u00e0 che i primi fagioli erano di origine andina, arrivati in Europa dopo la spedizione di Francisco Pizzaro in Per\u00f9 nel 1529, per essere poi seminati in Slovenia e Dalmazia pochi anni dopo. Ha concluso sottolineando l\u2019importanza della conservazione della biodiversit\u00e0, non solo per la resistenza alle malattie e l\u2019adattamento ai cambiamenti climatici, ma anche per il valore nutrizionale, l\u2019eredit\u00e0 culturale e la funzione agro-ecologica.<\/p>\n<p>&nbsp;<\/p>\n<p>&nbsp;<\/p>\n<hr \/>\n<p>&nbsp;<\/p>\n<blockquote>\n<h3>OLTRE 10,5 MLN DI AUTOMOBILISTI NON RISPETTANO I LIMITI DI VELOCIT\u00c0<\/h3>\n<\/blockquote>\n<p><strong><a class=\"dt-pswp-item\" href=\"https:\/\/www.radiopiu.net\/wordpress\/wp-content\/uploads\/2024\/01\/Cattive-abitudini-al-volante-c-maurompf_lr.jpg\" data-dt-img-description=\"\" data-large_image_width=\"391\" data-large_image_height=\"261\"><img loading=\"lazy\" decoding=\"async\" class=\" wp-image-371967 alignleft\" src=\"https:\/\/www.radiopiu.net\/wordpress\/wp-content\/uploads\/2024\/01\/Cattive-abitudini-al-volante-c-maurompf_lr-300x200.jpg\" alt=\"\" width=\"165\" height=\"110\" srcset=\"https:\/\/www.radiopiu.net\/wordpress\/wp-content\/uploads\/2024\/01\/Cattive-abitudini-al-volante-c-maurompf_lr-300x200.jpg 300w, https:\/\/www.radiopiu.net\/wordpress\/wp-content\/uploads\/2024\/01\/Cattive-abitudini-al-volante-c-maurompf_lr.jpg 391w\" sizes=\"auto, (max-width: 165px) 100vw, 165px\" \/><\/a>MILANO<\/strong> Un&#8217;indagine commissionata da Facile.it e Assicurazione.it ha rivelato che oltre 10,5 milioni di automobilisti italiani (27,1% del campione) ammettono di non rispettare i limiti di velocit\u00e0. Questa cattiva abitudine \u00e8 pi\u00f9 diffusa tra i giovani, con una percentuale che raggiunge il 37,3% tra coloro che hanno tra i 25 e i 34 anni. Gli uomini risultano pi\u00f9 inclini a superare i limiti di velocit\u00e0 rispetto alle donne (35,3% rispetto a 18,8%). In generale, pi\u00f9 della met\u00e0 degli automobilisti intervistati (52,3%) ha dichiarato di non rispettare appieno il Codice della Strada. L&#8217;uso del cellulare alla guida \u00e8 il secondo comportamento pericoloso pi\u00f9 comune, seguito dalla mancata cintura di sicurezza e dal parcheggio in aree vietate. Oltre 1,6 milioni di individui (4,1%) hanno ammesso di mettersi al volante dopo aver assunto alcolici.<\/p>\n<p>&nbsp;<\/p>\n<p>&nbsp;<\/p>\n<hr \/>\n<p>&nbsp;<\/p>\n<blockquote>\n<h3>FABLAB SI IMPEGNA PER LA CARENZA DI OPERATORI SPECIALIZZATI NELLE SALDATURE<\/h3>\n<\/blockquote>\n<p><strong><a class=\"dt-pswp-item\" href=\"https:\/\/www.radiopiu.net\/wordpress\/wp-content\/uploads\/2018\/05\/lavoro.jpg\" data-dt-img-description=\"\" data-large_image_width=\"1280\" data-large_image_height=\"720\"><img loading=\"lazy\" decoding=\"async\" class=\" wp-image-49672 alignleft\" src=\"https:\/\/www.radiopiu.net\/wordpress\/wp-content\/uploads\/2018\/05\/lavoro-300x169.jpg\" alt=\"\" width=\"169\" height=\"95\" srcset=\"https:\/\/www.radiopiu.net\/wordpress\/wp-content\/uploads\/2018\/05\/lavoro-300x169.jpg 300w, https:\/\/www.radiopiu.net\/wordpress\/wp-content\/uploads\/2018\/05\/lavoro-768x432.jpg 768w, https:\/\/www.radiopiu.net\/wordpress\/wp-content\/uploads\/2018\/05\/lavoro-1024x576.jpg 1024w, https:\/\/www.radiopiu.net\/wordpress\/wp-content\/uploads\/2018\/05\/lavoro.jpg 1280w\" sizes=\"auto, (max-width: 169px) 100vw, 169px\" \/><\/a>BELLUNO<\/strong> Fablab Belluno sta affrontando la carenza di figure specializzate nella saldatura, un problema che colpisce la provincia di Belluno. Attraverso partnership e programmi di formazione mirati, l&#8217;organizzazione si impegna a colmare questa lacuna. L&#8217;evento COBOT, dedicato ai robot industriali collaborativi e al loro ruolo nell&#8217;innovazione industriale, ha evidenziato l&#8217;approccio proattivo del Fablab nell&#8217;affrontare le sfide del mercato del lavoro locale. Collaborando con esperti del settore e istituti formativi, il Fablab Belluno intende sviluppare competenze specializzate e fornire soluzioni concrete alle aziende. Invita aziende, enti e istituti formativi interessati a contattare l&#8217;organizzazione per esplorare opportunit\u00e0 di partnership e formazione.<\/p>\n<p>&nbsp;<\/p>\n<p>&nbsp;<\/p>\n<hr \/>\n<p>&nbsp;<\/p>\n<blockquote>\n<h3>L&#8217;INTELLIGENZA ARTIFICIALE PUO&#8217; AIUTARE LE PMI BELLUNESI<\/h3>\n<\/blockquote>\n<p><strong><a class=\"dt-pswp-item\" href=\"https:\/\/www.radiopiu.net\/wordpress\/wp-content\/uploads\/2023\/11\/Logo-intero-Appia-in-rosso-1.jpg\" data-dt-img-description=\"\" data-large_image_width=\"317\" data-large_image_height=\"128\"><img loading=\"lazy\" decoding=\"async\" class=\" wp-image-363185 alignleft\" src=\"https:\/\/www.radiopiu.net\/wordpress\/wp-content\/uploads\/2023\/11\/Logo-intero-Appia-in-rosso-1-300x121.jpg\" alt=\"\" width=\"201\" height=\"81\" srcset=\"https:\/\/www.radiopiu.net\/wordpress\/wp-content\/uploads\/2023\/11\/Logo-intero-Appia-in-rosso-1-300x121.jpg 300w, https:\/\/www.radiopiu.net\/wordpress\/wp-content\/uploads\/2023\/11\/Logo-intero-Appia-in-rosso-1.jpg 317w\" sizes=\"auto, (max-width: 201px) 100vw, 201px\" \/><\/a>FELTRE<\/strong> L&#8217;iniziativa &#8220;Appiaritivi&#8221; organizzata da Appia CNA Belluno si propone di mostrare alle piccole e medie imprese bellunesi come l&#8217;intelligenza artificiale generativa pu\u00f2 migliorare la comunicazione aziendale, aumentando efficienza e produttivit\u00e0. Il prossimo evento, intitolato &#8220;La scrittura generativa dell\u2019intelligenza artificiale. Come migliorare la comunicazione della tua azienda&#8221;, si terr\u00e0 il 2 febbraio a Feltre. Il relatore sar\u00e0 Michele Zavarise, esperto di soluzioni informatiche. L&#8217;iniziativa mira a illustrare, attraverso esempi pratici e interattivi, come l&#8217;intelligenza artificiale possa ottimizzare le comunicazioni aziendali e la gestione di siti o social, migliorando l&#8217;efficacia delle campagne di marketing e la creazione di contenuti di qualit\u00e0. La partecipazione \u00e8 su prenotazione. L&#8217;evento sar\u00e0 replicato successivamente in altre due date in Cadore e a Belluno.<\/p>\n<p>&nbsp;<\/p>\n<p>&nbsp;<\/p>\n<hr \/>\n<p>&nbsp;<\/p>\n<blockquote>\n<h3>IL CONVEGNO DELLA CAMERA DI COMMERCIO TREVISO BELLUNO SULLE DONNE<\/h3>\n<\/blockquote>\n<p><strong><a class=\"dt-pswp-item\" href=\"https:\/\/www.radiopiu.net\/wordpress\/wp-content\/uploads\/2023\/09\/CAMERA-DI-COMMERCIO.png\" data-dt-img-description=\"\" data-large_image_width=\"760\" data-large_image_height=\"314\"><img loading=\"lazy\" decoding=\"async\" class=\" wp-image-353764 alignleft\" src=\"https:\/\/www.radiopiu.net\/wordpress\/wp-content\/uploads\/2023\/09\/CAMERA-DI-COMMERCIO-300x124.png\" alt=\"\" width=\"206\" height=\"85\" srcset=\"https:\/\/www.radiopiu.net\/wordpress\/wp-content\/uploads\/2023\/09\/CAMERA-DI-COMMERCIO-300x124.png 300w, https:\/\/www.radiopiu.net\/wordpress\/wp-content\/uploads\/2023\/09\/CAMERA-DI-COMMERCIO.png 760w\" sizes=\"auto, (max-width: 206px) 100vw, 206px\" \/><\/a>TREVISO<\/strong> Si \u00e8 tenuta presso la Camera di Commercio di Treviso \u2013 Belluno la presentazione della ricerca &#8220;Donne e imprenditorialit\u00e0: Valorizzare la leadership femminile del futuro&#8221;. Condotta dall\u2019Osservatorio Economico e Sociale e dal Competency Centre dell\u2019Universit\u00e0 Ca\u2019 Foscari di Venezia, la ricerca ha intervistato 30 donne imprenditrici di successo, evidenziando diverse tipologie di leadership femminile. L&#8217;evento ha visto i saluti istituzionali della Vicepresidente della Camera di Commercio Nadia Zampol, del Presidente dell\u2019Osservatorio Economico Sociale di Treviso e Belluno Ivo Nardi e della Presidente del Comitato per l\u2019imprenditoria femminile Barbara Barbon. La ricerca \u00e8 stata presentata dal Responsabile del Settore Studi e Orientamento al Lavoro della Camera di Commercio Treviso\u2013Belluno|Dolomiti Federico Callegari. La Tavola rotonda &#8220;Storie e sfide imprenditoriali in settori a connotazione maschile&#8221; ha visto la partecipazione di donne imprenditrici di successo.<\/p>\n<p>&nbsp;<\/p>\n<p>&nbsp;<\/p>\n<hr \/>\n<p>&nbsp;<\/p>\n<blockquote><p>&nbsp;<\/p>\n<blockquote>\n<h1>Il Carnev\u00e0l inte Selva apre le sfilate agordine: in festa turisti e matazin<\/h1>\n<\/blockquote>\n<div id=\"articleContent\" class=\"mercuryWrapper\">\n<div class=\"mercuryScroller\">\n<div class=\"mercuryElement\">\n<div class=\"mercuryBox\">\n<div id=\"articlePlain\">\n<div class=\"addthis_sharing_toolbox\" data-url=\"http:\/\/sfoglio.corrierealpi.gelocal.it\/share_article.php?article_id=undefined\" data-title=\"Incidenti in pista: 37 sciatori feriti Cadute sul ghiaccio a Zopp\u00e8 e sul ColleIl Carnev\u00e0l inte Selv...\"><\/div>\n<div class=\"articlePlainText\">Un successo il primo dei cinque eventi del Carneval inte Selva, ieri via alle sfilate con in testa el Matazin. A Toffol gli alpini hanno offerto il brul\u00e8 e crostoli, all&#8217;Hotel Orso Grigio a Pescul la festa, lo\u00a0 sciatore con gli sci da fondo il primo classificato, il paziente ammalato e l&#8217;infermiera ha vinto la sfida tra i gruppi pi\u00f9 originali. Gruppo pi\u00f9 originale i Olt da Riva. Il 3 febbraio la Mascarada de Laste.<\/div>\n<\/div>\n<\/div>\n<\/div>\n<\/div>\n<\/div>\n<div id=\"articleContent\" class=\"mercuryWrapper\">\n<div class=\"mercuryScroller\">\n<div class=\"mercuryElement\">\n<div class=\"mercuryBox\">\n<div id=\"articlePlain\">\n<div class=\"articlePlainText\"><\/div>\n<\/div>\n<\/div>\n<\/div>\n<\/div>\n<\/div>\n<p><strong>LA DIRETTA RADIO PIU&#8217;<\/strong><\/p>\n<p><iframe loading=\"lazy\" title=\"CARNEVAI DE LE VAI 2024 - PRIMA TAPPA A SELVA DI CADORE\" width=\"1200\" height=\"900\" src=\"https:\/\/www.youtube.com\/embed\/92qUl5yRhWs?feature=oembed\" frameborder=\"0\" allow=\"accelerometer; autoplay; clipboard-write; encrypted-media; gyroscope; picture-in-picture; web-share\" allowfullscreen><\/iframe><\/p>\n<p>&nbsp;<\/p>\n<p>&nbsp;<\/p><\/blockquote>\n<p>&nbsp;<\/p>\n<hr \/>\n<p>&nbsp;<\/p>\n<blockquote>\n<h3>I CARNEVALI DELLA MARMOLADA E DELLA VAL PETTORINA IN UNA MOSTRA UNICA AD ALTA QUOTA<\/h3>\n<\/blockquote>\n<p><strong><a class=\"dt-pswp-item\" href=\"https:\/\/www.radiopiu.net\/wordpress\/wp-content\/uploads\/2024\/01\/Foto-Carnevale_0001-9-scaled.jpg\" data-dt-img-description=\"\" data-large_image_width=\"1825\" data-large_image_height=\"2560\"><img loading=\"lazy\" decoding=\"async\" class=\" wp-image-371954 alignleft\" src=\"https:\/\/www.radiopiu.net\/wordpress\/wp-content\/uploads\/2024\/01\/Foto-Carnevale_0001-9-214x300.jpg\" alt=\"\" width=\"85\" height=\"119\" srcset=\"https:\/\/www.radiopiu.net\/wordpress\/wp-content\/uploads\/2024\/01\/Foto-Carnevale_0001-9-214x300.jpg 214w, https:\/\/www.radiopiu.net\/wordpress\/wp-content\/uploads\/2024\/01\/Foto-Carnevale_0001-9-730x1024.jpg 730w, https:\/\/www.radiopiu.net\/wordpress\/wp-content\/uploads\/2024\/01\/Foto-Carnevale_0001-9-768x1078.jpg 768w, https:\/\/www.radiopiu.net\/wordpress\/wp-content\/uploads\/2024\/01\/Foto-Carnevale_0001-9-1095x1536.jpg 1095w, https:\/\/www.radiopiu.net\/wordpress\/wp-content\/uploads\/2024\/01\/Foto-Carnevale_0001-9-1460x2048.jpg 1460w, https:\/\/www.radiopiu.net\/wordpress\/wp-content\/uploads\/2024\/01\/Foto-Carnevale_0001-9-scaled.jpg 1825w\" sizes=\"auto, (max-width: 85px) 100vw, 85px\" \/><\/a>ROCCA PIETORE <\/strong>Dal 28 gennaio al 13 febbraio 2024, presso il ristorante di Serauta sulla Marmolada, sar\u00e0 allestita una mostra fotografica dedicata ai Carnevali tradizionali di Rocca Pietore e dell&#8217;Alto Agordino. La rassegna, promossa dalla societ\u00e0 degli impianti, presenta foto storiche degli anni &#8217;30 fino a oggi, offrendo uno sguardo sull&#8217;evoluzione dei costumi e delle maschere. L&#8217;iniziativa mira a far conoscere le tradizioni locali ai visitatori del massiccio. Il direttore degli impianti, Patrick Pomar\u00e8, afferma che vogliono portare il Carnevale, tra i pi\u00f9 pittoreschi delle Dolomiti, anche in quota per presentarlo ai turisti. La mostra fa parte di un ampio programma di eventi invernali nella zona della Marmolada.<\/p>\n<p>&nbsp;<\/p>\n<p>&nbsp;<\/p>\n<hr \/>\n<p>&nbsp;<\/p>\n<blockquote>\n<h3 class=\"entry-title\">IN ITALIA ABBIAMO PIU\u2019 SPRECHI CHE EVASIONE<\/h3>\n<\/blockquote>\n<p class=\"photoswipe-wrapper\"><a class=\"dt-pswp-item pspw-wrap-ready\" href=\"https:\/\/www.radiopiu.net\/wordpress\/wp-content\/uploads\/2024\/01\/Schermata-2024-01-27-alle-17.55.50.png\" data-dt-img-description=\"\" data-large_image_width=\"746\" data-large_image_height=\"584\"><img loading=\"lazy\" decoding=\"async\" class=\"size-medium wp-image-371980 alignleft\" src=\"https:\/\/www.radiopiu.net\/wordpress\/wp-content\/uploads\/2024\/01\/Schermata-2024-01-27-alle-17.55.50-300x235.png\" sizes=\"auto, (max-width: 300px) 100vw, 300px\" srcset=\"https:\/\/www.radiopiu.net\/wordpress\/wp-content\/uploads\/2024\/01\/Schermata-2024-01-27-alle-17.55.50-300x235.png 300w, https:\/\/www.radiopiu.net\/wordpress\/wp-content\/uploads\/2024\/01\/Schermata-2024-01-27-alle-17.55.50.png 746w\" alt=\"\" width=\"300\" height=\"235\" \/><\/a>Ci sono ragionevoli certezze nel ritenere che nel rapporto tra lo Stato e il contribuente italiano, il soggetto maggiormente penalizzato dai \u201cdanni\u201d provocati dalla condotta disonorevole dell\u2019altro non sia il primo, bens\u00ec il secondo. Considerando tutta una serie di caveat, che saranno messi in luce nel prosieguo di questa nota, la tesi dell\u2019Ufficio studi della CGIA \u00e8 la seguente: secondo il Ministero dell\u2019Economia e delle Finanze, la dimensione economica dell\u2019evasione in capo agli italiani assommerebbe a 83,6 miliardi di euro1. Risorse che, a causa dell\u2019infedelt\u00e0 fiscale di taluni, vengono sottratte allo Stato e quindi alla collettivit\u00e0, danneggiando in particolare, le fasce sociali pi\u00f9 deboli del Paese. Un importo, tuttavia, pari alla met\u00e0 di quello che i cittadini e le imprese sarebbero chiamati a \u201csostenere\u201d a seguito degli sprechi, degli sperperi e delle inefficienze presenti nella Pubblica Amministrazione (PA) e che, secondo gli artigiani mestrini, ammonterebbe ad almeno 180 miliardi di euro l\u2019anno.<\/p>\n<p><strong>In uno Stato di diritto, tutti devono rispettare le leggi.<\/strong><br \/>\nNon solo il privato Rammentando che uno Stato di diritto si basa, tra le altre cose, sul principio della legalit\u00e0, le leggi devono essere rispettate da tutti: sia dai soggetti pubblici che da quelli privati. Segnaliamo, invece, che il numero di infrazioni europee in capo al nostro Paese dimostra come le nostre istituzioni pubbliche presentino un livello di violazione dell\u2019ordinamento europeo tra i pi\u00f9 elevati nell\u2019UE. Ricordiamo che tra le procedure ancora aperte nei confronti dell\u2019Italia figurano, a titolo esemplificativo, quelle riferite al mancato rispetto dei diritti civili, alla violazione delle norme sulla concentrazione di polveri sottili presenti nell\u2019aria, alla presenza dell\u2019arsenico nell\u2019acqua potabile, al perdurare degli sforamenti dei tempi di pagamento da parte della nostra PA nei confronti delle imprese fornitrici e ai livelli di inquinamento presenti nell\u2019area industriale dell\u2019ex Ilva a Taranto.<\/p>\n<p><strong>Chi evade non \u00e8 giustificato a farlo<\/strong><br \/>\nE\u2019 bene chiarire un passaggio: la comparazione tra evasione e sprechi non ha alcun rigore scientifico: infatti, gli effetti economici delle inefficienze pubbliche che si \u201cscaricano\u201d sui privati sono di fonte diversa, gli ambiti in molti casi si sovrappongono e, per tali ragioni, non sono addizionabili. Detto ci\u00f2, il ragionamento ha tuttavia una sua fondatezza logica: nonostante ci sia tanta evasione, una PA poco efficiente causa ai privati danni economici nettamente superiori. Una conclusione, questa dell\u2019Ufficio studi della CGIA, che non appare per nulla scontata, poich\u00e9 una buona parte dell\u2019opinione pubblica ha, da un lato, una forte sensibilit\u00e0 verso il tema dell\u2019evasione, ma dall\u2019altro avverte in misura meno preoccupante gli effetti degli sprechi, degli sperperi e delle inefficienze della PA. Sia chiaro: questo non significa che in presenza di tanti sprechi l\u2019evasione sia giustificata. Ci mancherebbe. Significa invece che l\u2019evasione fiscale \u00e8 rappresenta un cancro per la nostra economia e che va debellata. Ma con la stessa determinazione dobbiamo eliminare anche le inefficienze che, purtroppo, caratterizzano negativamente le performance della nostra macchina pubblica. La lentezza con cui lavorano molti uffici pubblici e la nostra giustizia, oppure gli sprechi presenti nella sanit\u00e0 e nel trasporto pubblico locale richiedono un intervento di rimozione immediato<\/p>\n<p><strong class=\"photoswipe-wrapper\"><a class=\"dt-pswp-item pspw-wrap-ready\" href=\"https:\/\/www.radiopiu.net\/wordpress\/wp-content\/uploads\/2024\/01\/Schermata-2024-01-27-alle-17.56.00.png\" data-dt-img-description=\"\" data-large_image_width=\"1528\" data-large_image_height=\"1292\"><img loading=\"lazy\" decoding=\"async\" class=\"size-medium wp-image-371979 alignleft\" src=\"https:\/\/www.radiopiu.net\/wordpress\/wp-content\/uploads\/2024\/01\/Schermata-2024-01-27-alle-17.56.00-300x254.png\" sizes=\"auto, (max-width: 300px) 100vw, 300px\" srcset=\"https:\/\/www.radiopiu.net\/wordpress\/wp-content\/uploads\/2024\/01\/Schermata-2024-01-27-alle-17.56.00-300x254.png 300w, https:\/\/www.radiopiu.net\/wordpress\/wp-content\/uploads\/2024\/01\/Schermata-2024-01-27-alle-17.56.00-1024x866.png 1024w, https:\/\/www.radiopiu.net\/wordpress\/wp-content\/uploads\/2024\/01\/Schermata-2024-01-27-alle-17.56.00-768x649.png 768w, https:\/\/www.radiopiu.net\/wordpress\/wp-content\/uploads\/2024\/01\/Schermata-2024-01-27-alle-17.56.00.png 1528w\" alt=\"\" width=\"300\" height=\"254\" \/><\/a>Con meno sprechi, forse, avremmo anche meno evasione<\/strong><br \/>\nE\u2019 altres\u00ec chiaro a tutti che se recuperassimo una buona parte delle risorse nascoste al fisco, la nostra macchina pubblica avrebbe pi\u00f9 risorse, funzionerebbe meglio e, forse, si potrebbe ridurre il carico fiscale. Ma \u00e8 altrettanto plausibile supporre che se si riuscisse a tagliare\u00a0 sensibilmente le inefficienze presenti nella spesa pubblica, il Paese ne trarrebbe beneficio e, molto probabilmente, l\u2019evasione e la pressione fiscale sarebbero pi\u00f9 contenute. Non a caso molti affermano che la fedelt\u00e0 fiscale sia inversamente proporzionale al livello delle tasse a cui sono sottoposti i propri contribuenti. Dalla CGIA tengono comunque a precisare che sarebbe sbagliato generalizzare e non riconoscere anche i livelli di eccellenza che caratterizzano molti settori della nostra PA, come, ad esempio, la sanit\u00e0 nelle regioni centro-settentrionali, il livello di insegnamento e di professionalit\u00e0 presenti in molte Universit\u00e0\/enti di ricerca e la qualit\u00e0 del lavoro effettuato dalle forze dell\u2019ordine.<\/p>\n<p><strong>Cosa non funziona della nostra PA<\/strong><br \/>\nL\u2019Ufficio studi della CGIA ha ripreso ed allineato i risultati di una serie di analisi delle principali inefficienze che caratterizzano la nostra PA. In sintesi essi sono:<br \/>\n\u27a2 il costo annuo sostenuto dalle imprese per la gestione dei rapporti con la PA (burocrazia) \u00e8 pari a 57,2 miliardi di euro (Fonte: The European House Ambrosetti);<br \/>\n\u27a2 i debiti commerciali della PA nei confronti dei propri fornitori ammontano a 49,5 miliardi di euro (Fonte: Eurostat);<br \/>\n\u27a2 la lentezza della giustizia costa al sistema Paese 2 punti di Pil all\u2019anno che equivalgono a 40 miliardi di euro (Fonte: ministro della Giustizia, Carlo Nordio);<br \/>\n\u27a2 le inefficienze e gli sprechi presenti nella sanit\u00e0 sono quantificabili in 24,7 miliardi di euro ogni anno (Fonte: GIMBE);<br \/>\n\u27a2 gli sprechi e le inefficienze presenti nel settore del trasporto pubblico locale ammontano a 12,5 miliardi di euro all\u2019anno (Fonte: The European House Ambrosetti-Ferrovie dello Stato) (vedi Tab.2).<br \/>\nCome abbiamo gi\u00e0 evidenziato, gli effetti economici di tali malfunzionamenti, tratti da fonti diverse, non si possono sommare, anche perch\u00e9 in molti casi le aree di influenza di queste analisi si accavallano. Queste avvertenze, tuttavia, non pregiudicano la correttezza del risultato della comparazione realizzata pi\u00f9 sopra. In buona sostanza, possiamo comunque affermare che l\u2019ammontare dell\u2019evasione fiscale sia molto inferiore agli effetti negativi generati dal cattivo funzionamento della nostra PA che, purtroppo, continua a mantenere livelli di qualit\u00e0 e di quantit\u00e0 dei servizi offerti inferiori alla media europea.<\/p>\n<p>&nbsp;<\/p>\n<hr \/>\n<p>&nbsp;<\/p>\n<blockquote>\n<h2>ARTI MARZIALI: BELLUNESI SUGLI SCUDI A MILANO<\/h2>\n<\/blockquote>\n<p><strong>SANTA GIUSTINA<\/strong><\/p>\n<p>DI LORENZO SORATROI<\/p>\n<audio class=\"wp-audio-shortcode\" id=\"audio-371934-7\" preload=\"none\" style=\"width: 100%;\" controls=\"controls\"><source type=\"audio\/mpeg\" src=\"https:\/\/www.radiopiu.net\/wordpress\/wp-content\/uploads\/2024\/01\/SORATROI-ARTI-MARZIALI-BELLUNESI-SUGLI-SCUDI-A-MILANO.mp3?_=7\" \/><a href=\"https:\/\/www.radiopiu.net\/wordpress\/wp-content\/uploads\/2024\/01\/SORATROI-ARTI-MARZIALI-BELLUNESI-SUGLI-SCUDI-A-MILANO.mp3\">https:\/\/www.radiopiu.net\/wordpress\/wp-content\/uploads\/2024\/01\/SORATROI-ARTI-MARZIALI-BELLUNESI-SUGLI-SCUDI-A-MILANO.mp3<\/a><\/audio>\n<p>&nbsp;<\/p>\n\n\t\t\t<style type='text\/css'>\n\t\t\t\t#gallery-3 {\n\t\t\t\t\tmargin: auto;\n\t\t\t\t}\n\t\t\t\t#gallery-3 .gallery-item {\n\t\t\t\t\tfloat: left;\n\t\t\t\t\tmargin-top: 10px;\n\t\t\t\t\ttext-align: center;\n\t\t\t\t\twidth: 33%;\n\t\t\t\t}\n\t\t\t\t#gallery-3 img {\n\t\t\t\t\tborder: 2px solid #cfcfcf;\n\t\t\t\t}\n\t\t\t\t#gallery-3 .gallery-caption {\n\t\t\t\t\tmargin-left: 0;\n\t\t\t\t}\n\t\t\t\t\/* see gallery_shortcode() in wp-includes\/media.php *\/\n\t\t\t<\/style>\n\t\t<div id='gallery-3' class='dt-gallery-container gallery galleryid-371934 gallery-columns-3 gallery-size-medium'><dl class='gallery-item'>\n\t\t\t\t<dt class='gallery-icon portrait'>\n\t\t\t\t\t<a class=\"rollover rollover-zoom dt-pswp-item\" title=\"IMG-20240126-WA0004\" data-dt-img-description=\"\" data-large_image_width=\"768\" data-large_image_height=\"970\"href='https:\/\/www.radiopiu.net\/wordpress\/wp-content\/uploads\/2024\/01\/IMG-20240126-WA0004.jpg'><img loading=\"lazy\" decoding=\"async\" width=\"238\" height=\"300\" src=\"https:\/\/www.radiopiu.net\/wordpress\/wp-content\/uploads\/2024\/01\/IMG-20240126-WA0004-238x300.jpg\" class=\"attachment-medium size-medium\" alt=\"\" aria-describedby=\"gallery-3-372004\" srcset=\"https:\/\/www.radiopiu.net\/wordpress\/wp-content\/uploads\/2024\/01\/IMG-20240126-WA0004-238x300.jpg 238w, https:\/\/www.radiopiu.net\/wordpress\/wp-content\/uploads\/2024\/01\/IMG-20240126-WA0004.jpg 768w\" sizes=\"auto, (max-width: 238px) 100vw, 238px\" \/><\/a>\n\t\t\t\t<\/dt>\n\t\t\t\t\t<dd class='wp-caption-text gallery-caption' id='gallery-3-372004'>\n\t\t\t\t\tSARA TORRES PRIMA\n\t\t\t\t\t<\/dd><\/dl><dl class='gallery-item'>\n\t\t\t\t<dt class='gallery-icon portrait'>\n\t\t\t\t\t<a class=\"rollover rollover-zoom dt-pswp-item\" title=\"IMG-20240126-WA0003\" data-dt-img-description=\"\" data-large_image_width=\"1355\" data-large_image_height=\"1599\"href='https:\/\/www.radiopiu.net\/wordpress\/wp-content\/uploads\/2024\/01\/IMG-20240126-WA0003.jpg'><img loading=\"lazy\" decoding=\"async\" width=\"254\" height=\"300\" src=\"https:\/\/www.radiopiu.net\/wordpress\/wp-content\/uploads\/2024\/01\/IMG-20240126-WA0003-254x300.jpg\" class=\"attachment-medium size-medium\" alt=\"\" aria-describedby=\"gallery-3-372005\" srcset=\"https:\/\/www.radiopiu.net\/wordpress\/wp-content\/uploads\/2024\/01\/IMG-20240126-WA0003-254x300.jpg 254w, https:\/\/www.radiopiu.net\/wordpress\/wp-content\/uploads\/2024\/01\/IMG-20240126-WA0003-868x1024.jpg 868w, https:\/\/www.radiopiu.net\/wordpress\/wp-content\/uploads\/2024\/01\/IMG-20240126-WA0003-768x906.jpg 768w, https:\/\/www.radiopiu.net\/wordpress\/wp-content\/uploads\/2024\/01\/IMG-20240126-WA0003-1302x1536.jpg 1302w, https:\/\/www.radiopiu.net\/wordpress\/wp-content\/uploads\/2024\/01\/IMG-20240126-WA0003.jpg 1355w\" sizes=\"auto, (max-width: 254px) 100vw, 254px\" \/><\/a>\n\t\t\t\t<\/dt>\n\t\t\t\t\t<dd class='wp-caption-text gallery-caption' id='gallery-3-372005'>\n\t\t\t\t\tCRISTIANO VIGNATO PRIMO\n\t\t\t\t\t<\/dd><\/dl><dl class='gallery-item'>\n\t\t\t\t<dt class='gallery-icon portrait'>\n\t\t\t\t\t<a class=\"rollover rollover-zoom dt-pswp-item\" title=\"IMG-20240126-WA0002\" data-dt-img-description=\"\" data-large_image_width=\"1080\" data-large_image_height=\"1371\"href='https:\/\/www.radiopiu.net\/wordpress\/wp-content\/uploads\/2024\/01\/IMG-20240126-WA0002.jpg'><img loading=\"lazy\" decoding=\"async\" width=\"236\" height=\"300\" src=\"https:\/\/www.radiopiu.net\/wordpress\/wp-content\/uploads\/2024\/01\/IMG-20240126-WA0002-236x300.jpg\" class=\"attachment-medium size-medium\" alt=\"\" aria-describedby=\"gallery-3-372006\" srcset=\"https:\/\/www.radiopiu.net\/wordpress\/wp-content\/uploads\/2024\/01\/IMG-20240126-WA0002-236x300.jpg 236w, https:\/\/www.radiopiu.net\/wordpress\/wp-content\/uploads\/2024\/01\/IMG-20240126-WA0002-807x1024.jpg 807w, https:\/\/www.radiopiu.net\/wordpress\/wp-content\/uploads\/2024\/01\/IMG-20240126-WA0002-768x975.jpg 768w, https:\/\/www.radiopiu.net\/wordpress\/wp-content\/uploads\/2024\/01\/IMG-20240126-WA0002.jpg 1080w\" sizes=\"auto, (max-width: 236px) 100vw, 236px\" \/><\/a>\n\t\t\t\t<\/dt>\n\t\t\t\t\t<dd class='wp-caption-text gallery-caption' id='gallery-3-372006'>\n\t\t\t\t\tMATTEO CAZZARO E RAFAEL PANATO\n\t\t\t\t\t<\/dd><\/dl><br style=\"clear: both\" \/>\n\t\t\t<\/div>\n\n<p>&nbsp;<\/p>\n<p>&nbsp;<\/p>\n<p>&nbsp;<\/p>\n<hr \/>\n<p>&nbsp;<\/p>\n<p><strong><a class=\"dt-pswp-item\" href=\"https:\/\/www.radiopiu.net\/wordpress\/wp-content\/uploads\/2024\/01\/Senza-nome-34.png\" data-dt-img-description=\"\" data-large_image_width=\"239\" data-large_image_height=\"153\"><img loading=\"lazy\" decoding=\"async\" class=\"wp-image-369478 alignleft\" src=\"https:\/\/www.radiopiu.net\/wordpress\/wp-content\/uploads\/2024\/01\/Senza-nome-34.png\" alt=\"\" width=\"128\" height=\"82\" \/><\/a> <\/strong><\/p>\n<p><strong>\u00a0<\/strong><\/p>\n<p><strong>dal TG BELLUNESE di\u00a0 ANTENNA 3 ogni sera alle 19.30 sul canale 10 del digitale terrestre e alle 19 le anticipazioni alla radio.\u00a0\u00a0<\/strong><\/p>\n<p>&nbsp;<\/p>\n<p>&nbsp;<\/p>\n<hr \/>\n<p>&nbsp;<\/p>\n<blockquote>\n<h3>CARNEVAI DE LE VAI &#8211; PRIMA TAPPA A SELVA DI CADORE<\/h3>\n<\/blockquote>\n<p><strong>SELVA DI CADORE<\/strong> Primo appuntamento con i Carnevai de le vai. Prima tappa a Selva di Cadore. Partenza della sfilata da Santa Fosca, pausa in localita\u2019 Toffol con il vin brule offerto dagli alpini di Selva di Cadore e partenza verso Pescul con la serata danzante e le premiazioni delle maschere piu\u2019 belle.<\/p>\n<p><strong>LA DIRETTA RADIO PIU&#8217;<\/strong><\/p>\n<p><iframe loading=\"lazy\" title=\"CARNEVAI DE LE VAI 2024 - PRIMA TAPPA A SELVA DI CADORE\" width=\"1200\" height=\"900\" src=\"https:\/\/www.youtube.com\/embed\/92qUl5yRhWs?feature=oembed\" frameborder=\"0\" allow=\"accelerometer; autoplay; clipboard-write; encrypted-media; gyroscope; picture-in-picture; web-share\" allowfullscreen><\/iframe><\/p>\n<p>&nbsp;<\/p>\n<hr \/>\n<p>&nbsp;<\/p>\n<h2>LA &#8220;VOLATA&#8221; IN MONDOVISIONE, SKI AREA SAN PELLEGRINO IN FERMENTO<\/h2>\n<p><span style=\"color: #0000ff;\"><strong>AUDIO<\/strong><\/span><\/p>\n<p><span style=\"color: #0000ff;\"><strong>DI MIRKO MEZZACASA &#8211; OSPITE RENZO MINELLA<\/strong><\/span><\/p>\n<audio class=\"wp-audio-shortcode\" id=\"audio-371934-8\" preload=\"none\" style=\"width: 100%;\" controls=\"controls\"><source type=\"audio\/mpeg\" src=\"https:\/\/www.radiopiu.net\/wordpress\/wp-content\/uploads\/2024\/01\/RENZO-MINELLA-GENNAIO2024.mp3?_=8\" \/><a href=\"https:\/\/www.radiopiu.net\/wordpress\/wp-content\/uploads\/2024\/01\/RENZO-MINELLA-GENNAIO2024.mp3\">https:\/\/www.radiopiu.net\/wordpress\/wp-content\/uploads\/2024\/01\/RENZO-MINELLA-GENNAIO2024.mp3<\/a><\/audio>\n<p>&nbsp;<\/p>\n<hr \/>\n<h2><span style=\"color: #993300;\">\u00a0<\/span><\/h2>\n<h2><span style=\"color: #993300;\">DUE MINUTI PER TE<\/span><\/h2>\n<p><strong><a class=\"dt-pswp-item\" href=\"https:\/\/www.radiopiu.net\/wordpress\/wp-content\/uploads\/2020\/12\/DON-GIORGIO-LISE.jpg\" data-dt-img-description=\"\" data-large_image_width=\"1600\" data-large_image_height=\"901\"><img loading=\"lazy\" decoding=\"async\" class=\" wp-image-177420 alignleft\" src=\"https:\/\/www.radiopiu.net\/wordpress\/wp-content\/uploads\/2020\/12\/DON-GIORGIO-LISE-300x169.jpg\" alt=\"\" width=\"160\" height=\"90\" srcset=\"https:\/\/www.radiopiu.net\/wordpress\/wp-content\/uploads\/2020\/12\/DON-GIORGIO-LISE-300x169.jpg 300w, https:\/\/www.radiopiu.net\/wordpress\/wp-content\/uploads\/2020\/12\/DON-GIORGIO-LISE-1024x577.jpg 1024w, https:\/\/www.radiopiu.net\/wordpress\/wp-content\/uploads\/2020\/12\/DON-GIORGIO-LISE-768x432.jpg 768w, https:\/\/www.radiopiu.net\/wordpress\/wp-content\/uploads\/2020\/12\/DON-GIORGIO-LISE-1536x865.jpg 1536w, https:\/\/www.radiopiu.net\/wordpress\/wp-content\/uploads\/2020\/12\/DON-GIORGIO-LISE.jpg 1600w\" sizes=\"auto, (max-width: 160px) 100vw, 160px\" \/><\/a>APPUNTAMENTO DELLA DOMENICA CON IL PENSIERO DI MONSIGNOR GIORGIO LISE<\/strong><\/p>\n<audio class=\"wp-audio-shortcode\" id=\"audio-371934-9\" preload=\"none\" style=\"width: 100%;\" controls=\"controls\"><source type=\"audio\/mpeg\" src=\"https:\/\/www.radiopiu.net\/wordpress\/wp-content\/uploads\/2024\/01\/DON-GIORGIO-2.mp3?_=9\" \/><a href=\"https:\/\/www.radiopiu.net\/wordpress\/wp-content\/uploads\/2024\/01\/DON-GIORGIO-2.mp3\">https:\/\/www.radiopiu.net\/wordpress\/wp-content\/uploads\/2024\/01\/DON-GIORGIO-2.mp3<\/a><\/audio>\n<p>&nbsp;<\/p>\n<p>&nbsp;<\/p>\n<hr \/>\n<p>&nbsp;<\/p>\n<blockquote>\n<h3>RIASCOLTIAMOLI&#8230; DAL DARLIN DI LUISA ALCHINI<\/h3>\n<\/blockquote>\n<p><img loading=\"lazy\" decoding=\"async\" class=\"alignleft\" src=\"https:\/\/www.radiopiu.net\/wordpress\/wp-content\/uploads\/2022\/02\/LUISA-ALCHINI-300x300.jpg\" width=\"151\" height=\"151\" \/>REDAZIONE Dalla prossima settimana Luisa Alchini riproporr\u00e0 un programma di successo ed emozioni. Sar\u00e0 in onda alle 15 e in serata alle 20.30<\/p>\n<p>EL DARLIN&#8230; RIASCOLTIAMOLI. EMOZIONI ALLA RADIO. DAGLI ARCHIVI DI RADIO PIU&#8217; TESTIMONIANZE DI VITA, LEZIONI DAL TERRITORIO. I NOSTRI ANZIANI, LE LORO STORIE. alla radio&#8230; il martedi alle 15.00 e alle 20.30<\/p>\n<p>&nbsp;<\/p>\n<p>&nbsp;<\/p>\n<p><span style=\"color: #ff0000;\">l&#8217;invito di Luisa<\/span><\/p>\n<audio class=\"wp-audio-shortcode\" id=\"audio-371934-10\" preload=\"none\" style=\"width: 100%;\" controls=\"controls\"><source type=\"audio\/mpeg\" src=\"https:\/\/www.radiopiu.net\/wordpress\/wp-content\/uploads\/2024\/01\/DARLIN-PROMO-GENNAIO-24.mp3?_=10\" \/><a href=\"https:\/\/www.radiopiu.net\/wordpress\/wp-content\/uploads\/2024\/01\/DARLIN-PROMO-GENNAIO-24.mp3\">https:\/\/www.radiopiu.net\/wordpress\/wp-content\/uploads\/2024\/01\/DARLIN-PROMO-GENNAIO-24.mp3<\/a><\/audio>\n<p>&nbsp;<\/p>\n<h1><strong>da MARTEDI 30 GENNAIO CON:<\/strong><\/h1>\n\n\t\t\t<style type='text\/css'>\n\t\t\t\t#gallery-4 {\n\t\t\t\t\tmargin: auto;\n\t\t\t\t}\n\t\t\t\t#gallery-4 .gallery-item {\n\t\t\t\t\tfloat: left;\n\t\t\t\t\tmargin-top: 10px;\n\t\t\t\t\ttext-align: center;\n\t\t\t\t\twidth: 20%;\n\t\t\t\t}\n\t\t\t\t#gallery-4 img {\n\t\t\t\t\tborder: 2px solid #cfcfcf;\n\t\t\t\t}\n\t\t\t\t#gallery-4 .gallery-caption {\n\t\t\t\t\tmargin-left: 0;\n\t\t\t\t}\n\t\t\t\t\/* see gallery_shortcode() in wp-includes\/media.php *\/\n\t\t\t<\/style>\n\t\t<div id='gallery-4' class='dt-gallery-container gallery galleryid-371934 gallery-columns-5 gallery-size-thumbnail'><dl class='gallery-item'>\n\t\t\t\t<dt class='gallery-icon landscape'>\n\t\t\t\t\t<a class=\"rollover rollover-zoom dt-pswp-item\" title=\"13173_772734642834768_7691700968631314734_n\" data-dt-img-description=\"\" data-large_image_width=\"960\" data-large_image_height=\"720\"href='https:\/\/www.radiopiu.net\/wordpress\/wp-content\/uploads\/2024\/01\/13173_772734642834768_7691700968631314734_n.jpg'><img loading=\"lazy\" decoding=\"async\" width=\"150\" height=\"150\" src=\"https:\/\/www.radiopiu.net\/wordpress\/wp-content\/uploads\/2024\/01\/13173_772734642834768_7691700968631314734_n-150x150.jpg\" class=\"attachment-thumbnail size-thumbnail\" alt=\"\" aria-describedby=\"gallery-4-371412\" \/><\/a>\n\t\t\t\t<\/dt>\n\t\t\t\t\t<dd class='wp-caption-text gallery-caption' id='gallery-4-371412'>\n\t\t\t\t\tRENZO GAVAZ\n\t\t\t\t\t<\/dd><\/dl><dl class='gallery-item'>\n\t\t\t\t<dt class='gallery-icon portrait'>\n\t\t\t\t\t<a class=\"rollover rollover-zoom dt-pswp-item\" title=\"1263791_471821186259450_688084720_o\" data-dt-img-description=\"\" data-large_image_width=\"640\" data-large_image_height=\"960\"href='https:\/\/www.radiopiu.net\/wordpress\/wp-content\/uploads\/2024\/01\/1263791_471821186259450_688084720_o.jpg'><img loading=\"lazy\" decoding=\"async\" width=\"150\" height=\"150\" src=\"https:\/\/www.radiopiu.net\/wordpress\/wp-content\/uploads\/2024\/01\/1263791_471821186259450_688084720_o-150x150.jpg\" class=\"attachment-thumbnail size-thumbnail\" alt=\"\" aria-describedby=\"gallery-4-371413\" \/><\/a>\n\t\t\t\t<\/dt>\n\t\t\t\t\t<dd class='wp-caption-text gallery-caption' id='gallery-4-371413'>\n\t\t\t\t\tDARIO DE DONA&#8217;\n\t\t\t\t\t<\/dd><\/dl><dl class='gallery-item'>\n\t\t\t\t<dt class='gallery-icon portrait'>\n\t\t\t\t\t<a class=\"rollover rollover-zoom dt-pswp-item\" title=\"10349966_10200992395091797_7982296456602109470_n\" data-dt-img-description=\"\" data-large_image_width=\"720\" data-large_image_height=\"960\"href='https:\/\/www.radiopiu.net\/wordpress\/wp-content\/uploads\/2024\/01\/10349966_10200992395091797_7982296456602109470_n.jpg'><img loading=\"lazy\" decoding=\"async\" width=\"150\" height=\"150\" src=\"https:\/\/www.radiopiu.net\/wordpress\/wp-content\/uploads\/2024\/01\/10349966_10200992395091797_7982296456602109470_n-150x150.jpg\" class=\"attachment-thumbnail size-thumbnail\" alt=\"\" aria-describedby=\"gallery-4-371415\" \/><\/a>\n\t\t\t\t<\/dt>\n\t\t\t\t\t<dd class='wp-caption-text gallery-caption' id='gallery-4-371415'>\n\t\t\t\t\tOTTORINO SOPPELSA\n\t\t\t\t\t<\/dd><\/dl><dl class='gallery-item'>\n\t\t\t\t<dt class='gallery-icon landscape'>\n\t\t\t\t\t<a class=\"rollover rollover-zoom dt-pswp-item\" title=\"12039188_871127199662178_745759660719437329_n\" data-dt-img-description=\"\" data-large_image_width=\"960\" data-large_image_height=\"720\"href='https:\/\/www.radiopiu.net\/wordpress\/wp-content\/uploads\/2024\/01\/12039188_871127199662178_745759660719437329_n.jpg'><img loading=\"lazy\" decoding=\"async\" width=\"150\" height=\"150\" src=\"https:\/\/www.radiopiu.net\/wordpress\/wp-content\/uploads\/2024\/01\/12039188_871127199662178_745759660719437329_n-150x150.jpg\" class=\"attachment-thumbnail size-thumbnail\" alt=\"\" aria-describedby=\"gallery-4-371416\" \/><\/a>\n\t\t\t\t<\/dt>\n\t\t\t\t\t<dd class='wp-caption-text gallery-caption' id='gallery-4-371416'>\n\t\t\t\t\tMARIA MADDALENA SIEF\n\t\t\t\t\t<\/dd><\/dl><dl class='gallery-item'>\n\t\t\t\t<dt class='gallery-icon landscape'>\n\t\t\t\t\t<a class=\"rollover rollover-zoom dt-pswp-item\" title=\"1920568_695938213847745_9206734997539198338_n\" data-dt-img-description=\"\" data-large_image_width=\"960\" data-large_image_height=\"720\"href='https:\/\/www.radiopiu.net\/wordpress\/wp-content\/uploads\/2024\/01\/1920568_695938213847745_9206734997539198338_n.jpg'><img loading=\"lazy\" decoding=\"async\" width=\"150\" height=\"150\" src=\"https:\/\/www.radiopiu.net\/wordpress\/wp-content\/uploads\/2024\/01\/1920568_695938213847745_9206734997539198338_n-150x150.jpg\" class=\"attachment-thumbnail size-thumbnail\" alt=\"\" aria-describedby=\"gallery-4-371414\" \/><\/a>\n\t\t\t\t<\/dt>\n\t\t\t\t\t<dd class='wp-caption-text gallery-caption' id='gallery-4-371414'>\n\t\t\t\t\tBENIGNO PELLEGRINI\n\t\t\t\t\t<\/dd><\/dl><br style=\"clear: both\" \/>\n\t\t\t<\/div>\n\n<hr \/>\n<p>&nbsp;<\/p>\n<blockquote>\n<h3>ARIA D&#8217;INVERN, IL CONCORSO FOTOGRAFICO<\/h3>\n<\/blockquote>\n<p><strong><img loading=\"lazy\" decoding=\"async\" class=\"alignleft\" src=\"https:\/\/www.radiopiu.net\/wordpress\/wp-content\/uploads\/2024\/01\/Senza-nome-41.png\" width=\"147\" height=\"79\" \/>CENCENIGHE<\/strong> La Pro Loco di Cencenighe ha organizzato un concorso fotografico dal titolo &#8220;Aria D&#8217;Invern&#8221;. Chi volesse partecipare pu\u00f2 inviare gli scatti fino al 31 marzo alla mail ariadinvern@gmail.com seguiranno le premiazioni e, nel mese di luglio, l&#8217;esposizione delle foto al Nof Fil\u00f2. Regolamento completo sul sito www.prolococencenighe.it<\/p>\n<p>&nbsp;<\/p>\n<p>&nbsp;<\/p>\n<hr \/>\n<p>&nbsp;<\/p>\n<blockquote>\n<h2>LE PISTE&#8230; SULLA PORTA DI CASA<\/h2>\n<\/blockquote>\n<div>\n<div class=\"x1cy8zhl x78zum5 x1q0g3np xod5an3 x1pi30zi x1swvt13 xz9dl7a\">\n<div class=\"x1iyjqo2\">\n<div class=\"x78zum5 xdt5ytf xz62fqu x16ldp7u\">\n<div class=\"xu06os2 x1ok221b\">\n<h2 id=\":R1al9aqqd9emhpapd5aq:\" class=\"x1heor9g x1qlqyl8 x1pd3egz x1a2a7pz x1gslohp x1yc453h\"><span class=\"x193iq5w xeuugli x13faqbe x1vvkbs x1xmvt09 x6prxxf xvq8zen xo1l8bm xi81zsa\"><strong><a class=\"dt-pswp-item\" href=\"https:\/\/www.radiopiu.net\/wordpress\/wp-content\/uploads\/2021\/11\/FORCELLA-AURINE.jpg\" data-dt-img-description=\"\" data-large_image_width=\"960\" data-large_image_height=\"720\"><img loading=\"lazy\" decoding=\"async\" class=\" wp-image-241538 alignleft\" src=\"https:\/\/www.radiopiu.net\/wordpress\/wp-content\/uploads\/2021\/11\/FORCELLA-AURINE-300x225.jpg\" alt=\"\" width=\"191\" height=\"143\" srcset=\"https:\/\/www.radiopiu.net\/wordpress\/wp-content\/uploads\/2021\/11\/FORCELLA-AURINE-300x225.jpg 300w, https:\/\/www.radiopiu.net\/wordpress\/wp-content\/uploads\/2021\/11\/FORCELLA-AURINE-768x576.jpg 768w, https:\/\/www.radiopiu.net\/wordpress\/wp-content\/uploads\/2021\/11\/FORCELLA-AURINE.jpg 960w\" sizes=\"auto, (max-width: 191px) 100vw, 191px\" \/><\/a>Aurine SKI Dolomiti -Progetto Desma <\/strong><\/span><strong><a class=\"x1i10hfl xjbqb8w x6umtig x1b1mbwd xaqea5y xav7gou x9f619 x1ypdohk xt0psk2 xe8uvvx xdj266r x11i5rnm xat24cr x1mh8g0r xexx8yu x4uap5 x18d9i69 xkhd6sd x16tdsg8 x1hl2dhg xggy1nq x1a2a7pz xt0b8zv xzsf02u x1s688f\" tabindex=\"0\" role=\"link\" href=\"https:\/\/www.facebook.com\/aurineskidolomiti?__cft__[0]=AZXSmHr83SUuJT0u4kVMSvLZyFo58012vDZQz2S9NoUpe9MsUBxfpeLpjB-1OoVs-G6CFBOMyk-HwUGAJFyotDcmMB8tqVOt4ppZp7H1Nhm_9AbxGcAKPdaj0NRByIDsgxLcHrLDuU1XYg3AAgvwT-9s&amp;__tn__=-]C%2CP-R\"><span class=\"xt0psk2\">&#8211;<\/span><\/a><\/strong>.<\/h2>\n<\/div>\n<div class=\"xu06os2 x1ok221b\">NUOVE APERTURE E NUOVI ORARI: &#8211; LUNEDI : Chiuso &#8211; MARTEDI : Chiuso &#8211; MERCOLEDI : 13:00-16:30 \/ 19:30-22:00 &#8211; GIOVEDI : 13:00-16:30 &#8211; VENERDI : 13:00-16:30 &#8211; SABATO : 9:00 &#8211; 16.30 &#8211; DOMENICA : 9:00 &#8211; 16.30 AD OGGI LA SITUAZIONE PISTE: &#8211; CAMPO SCUOLA <span class=\"x3nfvp2 x1j61x8r x1fcty0u xdj266r xhhsvwb xat24cr xgzva0m xxymvpz xlup9mm x1kky2od\"><img loading=\"lazy\" decoding=\"async\" class=\"xz74otr\" src=\"https:\/\/static.xx.fbcdn.net\/images\/emoji.php\/v9\/t55\/1.5\/16\/1f7e2.png\" alt=\"&#x1f7e2;\" width=\"16\" height=\"16\" \/><\/span><\/div>\n<\/div>\n<\/div>\n<\/div>\n<\/div>\n<div>\n<div class=\"\" dir=\"auto\">\n<div id=\":R1al9aqqd9emhpapd5aqH2:\" class=\"x1iorvi4 x1pi30zi x1l90r2v x1swvt13\" data-ad-comet-preview=\"message\" data-ad-preview=\"message\">\n<div class=\"x78zum5 xdt5ytf xz62fqu x16ldp7u\">\n<div class=\"xu06os2 x1ok221b\">\n<div class=\"x11i5rnm xat24cr x1mh8g0r x1vvkbs xtlvy1s x126k92a\">\n<div dir=\"auto\">&#8211; GARDELINA <span class=\"x3nfvp2 x1j61x8r x1fcty0u xdj266r xhhsvwb xat24cr xgzva0m xxymvpz xlup9mm x1kky2od\"><img loading=\"lazy\" decoding=\"async\" class=\"xz74otr\" src=\"https:\/\/static.xx.fbcdn.net\/images\/emoji.php\/v9\/t55\/1.5\/16\/1f7e2.png\" alt=\"&#x1f7e2;\" width=\"16\" height=\"16\" \/><\/span>&#8211; BEPI <span class=\"x3nfvp2 x1j61x8r x1fcty0u xdj266r xhhsvwb xat24cr xgzva0m xxymvpz xlup9mm x1kky2od\"><img loading=\"lazy\" decoding=\"async\" class=\"xz74otr\" src=\"https:\/\/static.xx.fbcdn.net\/images\/emoji.php\/v9\/t55\/1.5\/16\/1f7e2.png\" alt=\"&#x1f7e2;\" width=\"16\" height=\"16\" \/><\/span>&#8211; GEMINI <span class=\"x3nfvp2 x1j61x8r x1fcty0u xdj266r xhhsvwb xat24cr xgzva0m xxymvpz xlup9mm x1kky2od\"><img loading=\"lazy\" decoding=\"async\" class=\"xz74otr\" src=\"https:\/\/static.xx.fbcdn.net\/images\/emoji.php\/v9\/tc7\/1.5\/16\/1f534.png\" alt=\"&#x1f534;\" width=\"16\" height=\"16\" \/><\/span>Se le temperature ce lo permetteranno in pochi giorni sar\u00e0 completata anche la parte alta con l&#8217;apertura della sciovia Gardelon. RISTOBAR GHEGY<\/div>\n<\/div>\n<div class=\"x11i5rnm xat24cr x1mh8g0r x1vvkbs xtlvy1s x126k92a\">\n<div dir=\"auto\">&#8211; Dal Mercoled\u00ec al Venerd\u00ec aperto dall&#8217;ora di pranzo. &#8211; Mercoled\u00ec sera anche a cena con i panini GOURMET. &#8211; Sabato e Domenica 8:30 &#8211; 18.30.<\/div>\n<\/div>\n<\/div>\n<\/div>\n<\/div>\n<\/div>\n<\/div>\n<div dir=\"auto\"><\/div>\n<div dir=\"auto\"><\/div>\n<div dir=\"auto\">\n<hr \/>\n<\/div>\n<p>&nbsp;<\/p>\n<blockquote>\n<h3><a class=\"dt-pswp-item\" href=\"https:\/\/www.radiopiu.net\/wordpress\/wp-content\/uploads\/2023\/02\/CASPARETHA-2023-scaled.jpg\" data-dt-img-description=\"\" data-large_image_width=\"2560\" data-large_image_height=\"1918\"><img loading=\"lazy\" decoding=\"async\" class=\" wp-image-320590 alignleft\" src=\"https:\/\/www.radiopiu.net\/wordpress\/wp-content\/uploads\/2023\/02\/CASPARETHA-2023-300x225.jpg\" alt=\"\" width=\"195\" height=\"146\" srcset=\"https:\/\/www.radiopiu.net\/wordpress\/wp-content\/uploads\/2023\/02\/CASPARETHA-2023-300x225.jpg 300w, https:\/\/www.radiopiu.net\/wordpress\/wp-content\/uploads\/2023\/02\/CASPARETHA-2023-1024x767.jpg 1024w, https:\/\/www.radiopiu.net\/wordpress\/wp-content\/uploads\/2023\/02\/CASPARETHA-2023-768x575.jpg 768w, https:\/\/www.radiopiu.net\/wordpress\/wp-content\/uploads\/2023\/02\/CASPARETHA-2023-1536x1151.jpg 1536w, https:\/\/www.radiopiu.net\/wordpress\/wp-content\/uploads\/2023\/02\/CASPARETHA-2023-2048x1534.jpg 2048w\" sizes=\"auto, (max-width: 195px) 100vw, 195px\" \/><\/a>CASPARETHA 2024 POSTICIPATA AL 17 FEBBRAIO<\/h3>\n<\/blockquote>\n<p><strong>REDAZIONE<\/strong> Gli organizzatori della Casparetha di Canale D&#8217;Agordo informano che la manifestazione, inizialmente in programma per sabato 3 febbraio, \u00e8 stata posticipata a Sabato 17 febbraio a causa della poca neve caduta nell&#8217;ultimo periodo. La data di apertura delle iscrizioni slitta al 3 febbraio. Segurianno degli aggiornamenti nei prossii giorni in base alle previsioni meteo.<\/p>\n<p><span style=\"color: #ff0000;\"><strong>L&#8217;INTERVISTA A RADIO PIU&#8217;<\/strong><\/span><\/p>\n<p><strong>DI MIRKO MEZZACASA<\/strong><\/p>\n<p>OSPITI: Emil Tancon e Mirco Tancon<\/p>\n<audio class=\"wp-audio-shortcode\" id=\"audio-371934-11\" preload=\"none\" style=\"width: 100%;\" controls=\"controls\"><source type=\"audio\/mpeg\" src=\"https:\/\/www.radiopiu.net\/wordpress\/wp-content\/uploads\/2024\/01\/mirco-emil-casparetha-1.mp3?_=11\" \/><a href=\"https:\/\/www.radiopiu.net\/wordpress\/wp-content\/uploads\/2024\/01\/mirco-emil-casparetha-1.mp3\">https:\/\/www.radiopiu.net\/wordpress\/wp-content\/uploads\/2024\/01\/mirco-emil-casparetha-1.mp3<\/a><\/audio>\n<p>&nbsp;<\/p>\n<p>&nbsp;<\/p>\n<hr \/>\n<p>&nbsp;<\/p>\n<blockquote>\n<h3>UNA VAGHISSIMA MADONNA IN TRONO<\/h3>\n<\/blockquote>\n<p><strong>BELLUNO<\/strong> Nel mese di febbraio, saranno disponibili otto date per prenotare una visita guidata alla mostra &#8220;Una vaghissima Madonna in trono&#8221; al Museo civico di Palazzo Fucis di Belluno. La mostra si concentra sulla Madonna con il Bambino di Francesco Vecellio, recentemente restaurata, offrendo un&#8217;esperienza guidata il sabato alle 17 e la domenica alle 11, con prenotazione obbligatoria al costo di 5 euro per il biglietto ridotto e 8 euro per la visita guidata. La collaborazione con la Soprintendenza e un dispositivo multimediale interattivo arricchiscono l&#8217;esplorazione delle opere attribuite a Vecellio in mostra.<\/p>\n<p>&nbsp;<\/p>\n<p>&nbsp;<\/p>\n<hr \/>\n<p>&nbsp;<\/p>\n<p><strong>\u201cAppia Servizi Srl, presso la propria sede di Agordo, \u00e8 alla ricerca di una nuova figura con esperienza per il reparto contabile da inserire nel proprio organico a tempo indeterminato e tempo pieno.Se interessati potete contattare il numero 0437-954411 o inviare la vostra candidatura all\u2019indirizzo <a href=\"mailto:info@appiacna.it\">info@appiacna.it<\/a>.\u201d<\/strong><\/p>\n<p>&nbsp;<\/p>\n<hr \/>\n<p>&nbsp;<\/p>\n<h2><span style=\"color: #ff0000;\">GLI APPUNTAMENTI DELLA SETTIMANA\u00a0<\/span><\/h2>\n<h3><strong style=\"font-size: 14px;\">BELLUNO<\/strong><span style=\"font-size: 14px; font-weight: normal;\"> Il Circolo Culturale Bellunese presenta, in occasione del Giorno della Memoria, l&#8217;evento &#8220;L\u2019chaim\/Alla vita&#8221; a Belluno il 30 gennaio alle 20:30 presso il Teatro Dino Buzzati. Il concerto offre un viaggio nelle radici e nell&#8217;identit\u00e0 ebraiche attraverso canti yemeniti, sefarditi e klezmer.<\/span><\/h3>\n<p><strong>BELLUNO<\/strong> Gioved\u00ec 1\u00b0 febbraio alle ore 17.00 nel Salone di Palazzo Fulcis, verr\u00e0 presentato il libro antologico di Elserino Piol \u201cIl sogno di un\u2019impresa. Dall\u2019Olivetti al venture capital: una vita nell\u2019information technology\u201d<\/p>\n<p><strong>BELLUNO <\/strong>Dopo il successo di Fashion Victims, gioved\u00ec 1 febbraio alle ore 21:00 torna la stagione Gioved\u00ec Giovani H21 con \u201cR+G Liberamente ispirato a Romeo e Giulietta di William Shakespeare\u201d \u2013 lavoro con la regia di Stefano Cordella e la drammaturgia di Tommaso Fermariello prodotto da Teatro Stabile del Veneto e finalista premio IN-BOX BLU 2023. Uno spettacolo che \u00e8 anche un concerto live di musica elettronica, un ibrido tra teatro e musica.<\/p>\n<p><strong>BELLUNO<\/strong> Sabato 3 febbraio 2024, alle ore 17:30, presso la sala &#8220;TEATRO&#8221; del Centro Congressi in piazza Piloni a Belluno, si terr\u00e0 l&#8217;evento &#8220;Un Mondo di Guerre&#8221;. Durante la manifestazione, saranno proiettati filmati e fotografie che raccontano storie di dispersi delle stragi di Tito e di Russia.<\/p>\n<h2><span style=\"color: #ff0000;\">PROSSIMAMENTE<\/span><\/h2>\n<p><strong>FELTRE<\/strong> La Famiglia Ex Emigranti del Feltrino organizza la gita alla fiera &#8220;Orto Giardino&#8221; a Pordenonefiere il 6 marzo. La partenza \u00e8 alle 13 da Pedavena, con passaggio a Feltre. Il programma include l&#8217;ingresso alla fiera e una tappa in pizzeria durante il rientro. Per informazioni 40 262 9562.<\/p>\n<p>&nbsp;<\/p>\n<p>&nbsp;<\/p>\n<hr \/>\n<p>&nbsp;<\/p>\n<blockquote>\n<h3><span style=\"color: #ff0000;\">L&#8217;OPINIONE&#8230;DI FRANCO PIACENTINI<\/span><\/h3>\n<\/blockquote>\n<p>Ci vuole veramente un coraggio da leone nell&#8217;affermare che il recente decreto legislativo &#8220;risolve le difficolt\u00e0 economiche delle persone anziane&#8221;. Di fatto, invece, le strumentali dichiarazioni di alcune &#8220;voci governative e parlamentari di maggioranza&#8221;, sono slogans di propaganda partitica in vista delle prossime elezioni amministrative ed europee. Il governo in carica, nei giorni scorsi, ha avviato (in minima parte) l&#8217;iter per la definizione e l&#8217;approvazione dei decreti previsti dalla legge delega, del precedente governo Draghi, per garantire agli anziani non autosufficienti: concreti ed efficaci servizi curativi-assistenziali ed esigibili interventi finanziari, per cancellare (almeno ridurre) la compartecipazione economica, pesantemente a carico degli ospiti nelle RSA e\/o delle famiglie per l&#8217;assistenza domiciliare. Il peso economico della compartecipazione, da sempre &#8220;sulle spalle&#8221; delle persone non autosufficienti e\/o delle loro famiglie o sui bilanci dei comuni per situazioni di completa indigenza, \u00e8 quotidianamente presente perch\u00e9, soprattutto, le patologie: Alzheimer e Demenza Senile non sono mai state (e non lo sono nemmeno in questo propagandato decreto) considerate &#8220;malattie croniche irreversibili&#8221;, rientranti a tutti gli effetti (curativi &#8211; assistenziali &#8211; economici) nei LEA &#8211; LEP sanitari. Ritornando al decreto &#8220;bonus anziani&#8221; sarebbe bene ed opportuno che il governo precisasse, all&#8217;opinione pubblica, che il miliardo di euro, oltretutto solo per il biennio 2025 &#8211; 2026, \u00e8 un &#8220;intervento caritatevole&#8221; solo e unicamente per circa 25 mila over80\u00a0in gravissime condizioni fisiche e\/o psicologiche. Per concretizzare diritti curativi-assistenziali, senza il peso della compartecipazione, ai circa quattro milioni di anziani non autosufficienti, in ogni bilancio annuale dello Stato dovrebbero (devono) essere stanziati almeno otto miliardi di euro. Bene hanno fatto i Sindacati Pensionati CGIL CISL UIL a sottolineare la preoccupante insufficienza dei recenti &#8220;sussidi governativi&#8221;. Il governo, se effettivamente ha a cuore le sorti di tutte le persone anziane non autosufficienti, ha un&#8217;unica strada da percorrere, la &#8220;strada della concertazione&#8221; con le parti sociali: Organizzazioni sindacali; Terzo settore; Associazioni economiche; Enti locali; Volontariato; Patto per il welfare. Gli anziani non autosufficienti, sono persone fragili da rispettare e non da prendere in giro.<\/p>\n<p>Franco Piacentini<\/p>\n<p>&nbsp;<\/p>\n<p>&nbsp;<\/p>\n<hr \/>\n<p>&nbsp;<\/p>\n<p><a class=\"dt-pswp-item\" href=\"https:\/\/www.radiopiu.net\/wordpress\/wp-content\/uploads\/2018\/09\/viabilita.jpeg\" data-dt-img-description=\"\" data-large_image_width=\"800\" data-large_image_height=\"100\"><img loading=\"lazy\" decoding=\"async\" class=\"aligncenter wp-image-61954 size-full\" src=\"https:\/\/www.radiopiu.net\/wordpress\/wp-content\/uploads\/2018\/09\/viabilita.jpeg\" alt=\"\" width=\"800\" height=\"100\" srcset=\"https:\/\/www.radiopiu.net\/wordpress\/wp-content\/uploads\/2018\/09\/viabilita.jpeg 800w, https:\/\/www.radiopiu.net\/wordpress\/wp-content\/uploads\/2018\/09\/viabilita-300x38.jpeg 300w, https:\/\/www.radiopiu.net\/wordpress\/wp-content\/uploads\/2018\/09\/viabilita-768x96.jpeg 768w\" sizes=\"auto, (max-width: 800px) 100vw, 800px\" \/><\/a><\/p>\n<p>&nbsp;<\/p>\n<p><a class=\"dt-pswp-item\" href=\"https:\/\/www.radiopiu.net\/wordpress\/wp-content\/uploads\/2023\/12\/botol-car-service.jpg\" data-dt-img-description=\"\" data-large_image_width=\"600\" data-large_image_height=\"600\"><img loading=\"lazy\" decoding=\"async\" class=\"size-medium wp-image-367044 aligncenter\" src=\"https:\/\/www.radiopiu.net\/wordpress\/wp-content\/uploads\/2023\/12\/botol-car-service-300x300.jpg\" alt=\"\" width=\"300\" height=\"300\" srcset=\"https:\/\/www.radiopiu.net\/wordpress\/wp-content\/uploads\/2023\/12\/botol-car-service-300x300.jpg 300w, https:\/\/www.radiopiu.net\/wordpress\/wp-content\/uploads\/2023\/12\/botol-car-service-150x150.jpg 150w, https:\/\/www.radiopiu.net\/wordpress\/wp-content\/uploads\/2023\/12\/botol-car-service.jpg 600w\" sizes=\"auto, (max-width: 300px) 100vw, 300px\" \/><\/a><\/p>\n<p>&nbsp;<\/p>\n<blockquote>\n<h1><span style=\"color: #ff0000;\"><a class=\"dt-pswp-item\" href=\"https:\/\/www.radiopiu.net\/wordpress\/wp-content\/uploads\/2020\/05\/VENETO-STRADE.png\" data-dt-img-description=\"\" data-large_image_width=\"400\" data-large_image_height=\"400\"><img loading=\"lazy\" decoding=\"async\" class=\"wp-image-135574 alignleft\" src=\"https:\/\/www.radiopiu.net\/wordpress\/wp-content\/uploads\/2020\/05\/VENETO-STRADE-300x300.png\" alt=\"\" width=\"102\" height=\"102\" srcset=\"https:\/\/www.radiopiu.net\/wordpress\/wp-content\/uploads\/2020\/05\/VENETO-STRADE-300x300.png 300w, https:\/\/www.radiopiu.net\/wordpress\/wp-content\/uploads\/2020\/05\/VENETO-STRADE-150x150.png 150w, https:\/\/www.radiopiu.net\/wordpress\/wp-content\/uploads\/2020\/05\/VENETO-STRADE.png 400w\" sizes=\"auto, (max-width: 102px) 100vw, 102px\" \/><\/a>AGGIORNAMENTO QUOTIDIANO, IN\u00a0 COLLABORAZIONE CON VENETO STRADE E BOTOL CAR SERVICE AD AGORDO IN LOCALITA&#8217; VALCOZZENA.<\/span><\/h1>\n<p>&nbsp;<\/p><\/blockquote>\n<blockquote><p>Si raccomanda di percorrere i passi al di sopra dei 1200 m slm con catene montate; le catene devono essere montate fuori dalla sede stradale, per non intralciare il traffico e le operazioni di sgombero neve dal piano viabile. Si raccomanda di prestare la massima attenzione nella guida per la possibile presenza di tratti resi scivolosi causati da neve fortemente bagnata<\/p>\n<p>\u00c8 chiuso per periodo invernale il seguente tratto stradale: &#8211; S.P. 33 \u201cdi Sauris\u201d dal km 0+000 (innesto S.P. 619) al km 6+800 (confine Provincia di Udine).<\/p><\/blockquote>\n<p><strong>SOSPIROLO\u00a0<\/strong> Lungo la provinciale 2 tra Pian Falcina e Gena Bassa in Comune di Sospirolo\u00a0 <span style=\"color: #ff0000;\">fino al 15 febbraio,<\/span> sabato e domeniche compresi, senso unico alternato regolato da semaforo o movieri, interruzioni alla viabilit\u00e0 fino a 10 minuti per tratti di 200 metri.<\/p>\n<p><span style=\"color: #0000ff;\"><strong>BOLLETTINO VIABILITA&#8217; AGGIORNATO AL 23 GENNAIO 2024<\/strong><\/span><\/p>\n<audio class=\"wp-audio-shortcode\" id=\"audio-371934-12\" preload=\"none\" style=\"width: 100%;\" controls=\"controls\"><source type=\"audio\/mpeg\" src=\"https:\/\/www.radiopiu.net\/wordpress\/wp-content\/uploads\/2024\/01\/VIABLITA-2.mp3?_=12\" \/><a href=\"https:\/\/www.radiopiu.net\/wordpress\/wp-content\/uploads\/2024\/01\/VIABLITA-2.mp3\">https:\/\/www.radiopiu.net\/wordpress\/wp-content\/uploads\/2024\/01\/VIABLITA-2.mp3<\/a><\/audio>\n<p>&nbsp;<\/p>\n<p>&nbsp;<\/p>\n<hr \/>\n<p>&nbsp;<\/p>\n<p>&nbsp;<\/p>\n<p><a class=\"dt-pswp-item\" href=\"https:\/\/www.radiopiu.net\/wordpress\/wp-content\/uploads\/2018\/09\/WhatsApp-Image-2018-09-20-at-16.04.06.jpeg\" data-dt-img-description=\"\" data-large_image_width=\"800\" data-large_image_height=\"100\"><img loading=\"lazy\" decoding=\"async\" class=\"wp-image-61378 size-full aligncenter\" src=\"https:\/\/www.radiopiu.net\/wordpress\/wp-content\/uploads\/2018\/09\/WhatsApp-Image-2018-09-20-at-16.04.06.jpeg\" alt=\"\" width=\"800\" height=\"100\" srcset=\"https:\/\/www.radiopiu.net\/wordpress\/wp-content\/uploads\/2018\/09\/WhatsApp-Image-2018-09-20-at-16.04.06.jpeg 800w, https:\/\/www.radiopiu.net\/wordpress\/wp-content\/uploads\/2018\/09\/WhatsApp-Image-2018-09-20-at-16.04.06-300x38.jpeg 300w, https:\/\/www.radiopiu.net\/wordpress\/wp-content\/uploads\/2018\/09\/WhatsApp-Image-2018-09-20-at-16.04.06-768x96.jpeg 768w\" sizes=\"auto, (max-width: 800px) 100vw, 800px\" \/><\/a><\/p>\n<p><center><\/center><b>\u00a0 \u00a0\u00a0<\/b><\/p>\n<p><center><\/center><center><b>OGGI<\/b><\/center>Tempo stabile con cielo sereno o al pi\u00f9 temporaneamente poco nuvoloso per sottili velature nel pomeriggio\/sera. Aumento della probabilit\u00e0 di qualche banco di nebbia fino al primo mattino nei fondovalle prealpini.<br \/>\n<b>Precipitazioni: <\/b>Assenti (0%).<br \/>\n<b>Temperature: <\/b>In generale aumento in alta quota, con condizioni spesso isotermiche tra i 1000\/1500 e i 2000 m; senza variazioni significative nelle valli.<\/p>\n<hr \/>\n<p><center><b>DOMANI<\/b><\/center><b>Tempo atteso: <\/b>Tempo stabile con cielo in prevalenza sereno o al pi\u00f9 poco nuvoloso per qualche sottile velatura al pomeriggio\/sera. Tra notte e primo mattino possibili nebbie nei fondovalle prealpini. Persistenza dell&#8217;inversione termica nelle valli durante le ore pi\u00f9 fredde.<br \/>\n<b>Precipitazioni: <\/b>Assenti (0%).<br \/>\n<b>Temperature: <\/b>Senza variazioni di rilievo o in ulteriore lieve aumento le minime in quota.<\/p>\n<hr \/>\n<p><center><b>MERCOLEDI<\/b><\/center>Tempo in prevalenza soleggiato, ma con qualche nube alta un po&#8217; pi\u00f9 estesa dei giorni precedenti. Tra notte e primo mattino possibile nebbia nei fondovalle prealpini. Temperature senza notevoli variazioni, con inversione termica nelle valli durante le ore pi\u00f9 fredde.<\/p>\n<hr \/>\n<p><center><b>GIOVEDI<\/b><\/center>Nuvolosit\u00e0 medio-alta a tratti estesa, specie verso nord. Rinforzo dei venti da nord-ovest e possibili condizioni di Foehn nelle valli e sulle dorsali prealpine. Temperature senza variazioni di rilievo, salvo possibili aumenti delle massime per Foehn<\/p>\n<p>&nbsp;<\/p>\n<hr \/>\n<p>&nbsp;<\/p>\n<p>&nbsp;<\/p>\n<p><img loading=\"lazy\" decoding=\"async\" class=\"wp-image-60761 size-full aligncenter\" src=\"https:\/\/www.radiopiu.net\/wordpress\/wp-content\/uploads\/2018\/09\/sport.jpg\" alt=\"\" width=\"800\" height=\"100\" srcset=\"https:\/\/www.radiopiu.net\/wordpress\/wp-content\/uploads\/2018\/09\/sport.jpg 800w, https:\/\/www.radiopiu.net\/wordpress\/wp-content\/uploads\/2018\/09\/sport-300x38.jpg 300w, https:\/\/www.radiopiu.net\/wordpress\/wp-content\/uploads\/2018\/09\/sport-768x96.jpg 768w\" sizes=\"auto, (max-width: 800px) 100vw, 800px\" \/><\/p>\n<p>&nbsp;<\/p>\n<p><span style=\"color: #0000ff;\"><strong>HOCKEY SU GHIACCIO<\/strong><\/span><\/p>\n<blockquote>\n<h3>L&#8217;ALLEGHE AFFONDA I PIRATI DI APPIANO. FELTRE CHE VINCE DI MISURA CON IL BRESSANONE<\/h3>\n<\/blockquote>\n<p><strong>di Marco Gaz<\/strong><\/p>\n<p><span style=\"color: #ff6600;\"><strong>QUINTA GIORNATA SECONDA FASE IHL<\/strong><\/span><\/p>\n<p><span style=\"color: #ff0000;\"><strong>MASTER ROUND<\/strong><\/span><\/p>\n<p><strong>ALLEGHE \u2013 APPIANO 4-1<\/strong><\/p>\n<p>PARZIALI: 1-0, 2-1, 1-0<\/p>\n<p>GOL: Pt. 4\u201949\u201d Moroder. St. 0\u201952\u201d G. Vinatzer, 5\u201904\u201d Zherdev, 8\u201907\u201d Raisanen. Tt. 18\u201925\u201d Zherdev<\/p>\n<p>Prima vittoria nel Master Round per l\u2019Alleghe che dopo una partita influita dalle decisioni arbitrali attera l\u2019Appiano nei primi 40\u2019. Una bella prestazione delle civette che vincono meritatamente. I pirati si fanno pericolosi per poco tempo, il resto della partita viene gestita bene dagli agordini. Tre punti importanti per i biancorossi che superano in classifica gli altoatesini. Ora una settimana di pausa prima di ritornare in campo per il ritorno del Master Round. I ragazzi di Scapinello giocheranno sabato al De Toni contro i campioni in carica del Varese.\u00a0 Primi minuti di gara con le squadre che danno spettacolo. L\u2019Alleghe si avvicina al gol con Makela e Zherdev. Doppia superiorit\u00e0 numerica per gli agordini e partita che si sblocca subito. Tiro di Makela, portiere altoatesino che non trattiene il disco e Moroder \u00e8 abile a spingere il puck in fondo al sacco. Civette agguerrite che prendono di mira la porta avversaria e Zherdev sfiora il raddoppio. La squadra di Scapinello sembra avere una marcia in pi\u00f9 e l\u2019Appiano stenta ad attraversare la linea di attacco. I pirati provano ad impensierire Scola quando si trovano in doppia superiorit\u00e0. Finale di primo tempo con le squadre che lottano e si va al riposo su l\u20191 a 0. Inizio col botto per l\u2019Alleghe nella seconda frazione che trova subito il raddoppio. Contropiede di Makela e disco per Gabriel Vinatzer che non sbaglia. Sono indiavolati gli agordini che al primo powerplay a favore trovano il terzo gol della serata. A siglare il gol del 3 a 0 ci pensa Zherdev. L\u2019Appiano reagisce ed accorcia le distanze in superiorit\u00e0 numerica. Match che si innervosisce per alcune scelte arbitrali e gioco spezzettato pi\u00f9 volte dai fischi arbitrali. Nel terzo tempo gli alleghesi soffrono anche per alcune penalit\u00e0 inflitte. Alzano la testa le civette durante un powerplay a favore. Makela sfiora il gol e il golie altoatesino salva pi\u00f9 volte il risultato. Finale concitato con le due compagini che fanno botta e risposta ma gli alleghesi incamerano i tre punti nonostante l\u2019Appiano giochi senza portiere. E a porta vuota arriva anche il gol di Zherdev.<\/p>\n<p><strong>LE FOTO DI MATTEO FLORIDIA<\/strong><\/p>\n\n\t\t\t<style type='text\/css'>\n\t\t\t\t#gallery-5 {\n\t\t\t\t\tmargin: auto;\n\t\t\t\t}\n\t\t\t\t#gallery-5 .gallery-item {\n\t\t\t\t\tfloat: left;\n\t\t\t\t\tmargin-top: 10px;\n\t\t\t\t\ttext-align: center;\n\t\t\t\t\twidth: 20%;\n\t\t\t\t}\n\t\t\t\t#gallery-5 img {\n\t\t\t\t\tborder: 2px solid #cfcfcf;\n\t\t\t\t}\n\t\t\t\t#gallery-5 .gallery-caption {\n\t\t\t\t\tmargin-left: 0;\n\t\t\t\t}\n\t\t\t\t\/* see gallery_shortcode() in wp-includes\/media.php *\/\n\t\t\t<\/style>\n\t\t<div id='gallery-5' class='dt-gallery-container gallery galleryid-371934 gallery-columns-5 gallery-size-medium'><dl class='gallery-item'>\n\t\t\t\t<dt class='gallery-icon landscape'>\n\t\t\t\t\t<a class=\"rollover rollover-zoom dt-pswp-item\" title=\"7a08d57e-bd1e-4f95-8f6f-95e2f0f09378\" data-dt-img-description=\"\" data-large_image_width=\"1285\" data-large_image_height=\"758\"href='https:\/\/www.radiopiu.net\/wordpress\/wp-content\/uploads\/2024\/01\/7a08d57e-bd1e-4f95-8f6f-95e2f0f09378.jpg'><img loading=\"lazy\" decoding=\"async\" width=\"300\" height=\"177\" src=\"https:\/\/www.radiopiu.net\/wordpress\/wp-content\/uploads\/2024\/01\/7a08d57e-bd1e-4f95-8f6f-95e2f0f09378-300x177.jpg\" class=\"attachment-medium size-medium\" alt=\"\" srcset=\"https:\/\/www.radiopiu.net\/wordpress\/wp-content\/uploads\/2024\/01\/7a08d57e-bd1e-4f95-8f6f-95e2f0f09378-300x177.jpg 300w, https:\/\/www.radiopiu.net\/wordpress\/wp-content\/uploads\/2024\/01\/7a08d57e-bd1e-4f95-8f6f-95e2f0f09378-1024x604.jpg 1024w, https:\/\/www.radiopiu.net\/wordpress\/wp-content\/uploads\/2024\/01\/7a08d57e-bd1e-4f95-8f6f-95e2f0f09378-768x453.jpg 768w, https:\/\/www.radiopiu.net\/wordpress\/wp-content\/uploads\/2024\/01\/7a08d57e-bd1e-4f95-8f6f-95e2f0f09378.jpg 1285w\" sizes=\"auto, (max-width: 300px) 100vw, 300px\" \/><\/a>\n\t\t\t\t<\/dt><\/dl><dl class='gallery-item'>\n\t\t\t\t<dt class='gallery-icon landscape'>\n\t\t\t\t\t<a class=\"rollover rollover-zoom dt-pswp-item\" title=\"6af25412-3548-405b-adb9-8648bcdcbf40\" data-dt-img-description=\"\" data-large_image_width=\"1587\" data-large_image_height=\"1056\"href='https:\/\/www.radiopiu.net\/wordpress\/wp-content\/uploads\/2024\/01\/6af25412-3548-405b-adb9-8648bcdcbf40.jpg'><img loading=\"lazy\" decoding=\"async\" width=\"300\" height=\"200\" src=\"https:\/\/www.radiopiu.net\/wordpress\/wp-content\/uploads\/2024\/01\/6af25412-3548-405b-adb9-8648bcdcbf40-300x200.jpg\" class=\"attachment-medium size-medium\" alt=\"\" srcset=\"https:\/\/www.radiopiu.net\/wordpress\/wp-content\/uploads\/2024\/01\/6af25412-3548-405b-adb9-8648bcdcbf40-300x200.jpg 300w, https:\/\/www.radiopiu.net\/wordpress\/wp-content\/uploads\/2024\/01\/6af25412-3548-405b-adb9-8648bcdcbf40-1024x681.jpg 1024w, https:\/\/www.radiopiu.net\/wordpress\/wp-content\/uploads\/2024\/01\/6af25412-3548-405b-adb9-8648bcdcbf40-768x511.jpg 768w, https:\/\/www.radiopiu.net\/wordpress\/wp-content\/uploads\/2024\/01\/6af25412-3548-405b-adb9-8648bcdcbf40-1536x1022.jpg 1536w, https:\/\/www.radiopiu.net\/wordpress\/wp-content\/uploads\/2024\/01\/6af25412-3548-405b-adb9-8648bcdcbf40.jpg 1587w\" sizes=\"auto, (max-width: 300px) 100vw, 300px\" \/><\/a>\n\t\t\t\t<\/dt><\/dl><dl class='gallery-item'>\n\t\t\t\t<dt class='gallery-icon landscape'>\n\t\t\t\t\t<a class=\"rollover rollover-zoom dt-pswp-item\" title=\"1614abe6-a436-4266-966a-6229779924eb\" data-dt-img-description=\"\" data-large_image_width=\"1047\" data-large_image_height=\"726\"href='https:\/\/www.radiopiu.net\/wordpress\/wp-content\/uploads\/2024\/01\/1614abe6-a436-4266-966a-6229779924eb.jpg'><img loading=\"lazy\" decoding=\"async\" width=\"300\" height=\"208\" src=\"https:\/\/www.radiopiu.net\/wordpress\/wp-content\/uploads\/2024\/01\/1614abe6-a436-4266-966a-6229779924eb-300x208.jpg\" class=\"attachment-medium size-medium\" alt=\"\" srcset=\"https:\/\/www.radiopiu.net\/wordpress\/wp-content\/uploads\/2024\/01\/1614abe6-a436-4266-966a-6229779924eb-300x208.jpg 300w, https:\/\/www.radiopiu.net\/wordpress\/wp-content\/uploads\/2024\/01\/1614abe6-a436-4266-966a-6229779924eb-1024x710.jpg 1024w, https:\/\/www.radiopiu.net\/wordpress\/wp-content\/uploads\/2024\/01\/1614abe6-a436-4266-966a-6229779924eb-768x533.jpg 768w, https:\/\/www.radiopiu.net\/wordpress\/wp-content\/uploads\/2024\/01\/1614abe6-a436-4266-966a-6229779924eb.jpg 1047w\" sizes=\"auto, (max-width: 300px) 100vw, 300px\" \/><\/a>\n\t\t\t\t<\/dt><\/dl><dl class='gallery-item'>\n\t\t\t\t<dt class='gallery-icon landscape'>\n\t\t\t\t\t<a class=\"rollover rollover-zoom dt-pswp-item\" title=\"65baed89-d65f-478b-af70-cbd995c1e96b\" data-dt-img-description=\"\" data-large_image_width=\"1057\" data-large_image_height=\"703\"href='https:\/\/www.radiopiu.net\/wordpress\/wp-content\/uploads\/2024\/01\/65baed89-d65f-478b-af70-cbd995c1e96b.jpg'><img loading=\"lazy\" decoding=\"async\" width=\"300\" height=\"200\" src=\"https:\/\/www.radiopiu.net\/wordpress\/wp-content\/uploads\/2024\/01\/65baed89-d65f-478b-af70-cbd995c1e96b-300x200.jpg\" class=\"attachment-medium size-medium\" alt=\"\" srcset=\"https:\/\/www.radiopiu.net\/wordpress\/wp-content\/uploads\/2024\/01\/65baed89-d65f-478b-af70-cbd995c1e96b-300x200.jpg 300w, https:\/\/www.radiopiu.net\/wordpress\/wp-content\/uploads\/2024\/01\/65baed89-d65f-478b-af70-cbd995c1e96b-1024x681.jpg 1024w, https:\/\/www.radiopiu.net\/wordpress\/wp-content\/uploads\/2024\/01\/65baed89-d65f-478b-af70-cbd995c1e96b-768x511.jpg 768w, https:\/\/www.radiopiu.net\/wordpress\/wp-content\/uploads\/2024\/01\/65baed89-d65f-478b-af70-cbd995c1e96b.jpg 1057w\" sizes=\"auto, (max-width: 300px) 100vw, 300px\" \/><\/a>\n\t\t\t\t<\/dt><\/dl><dl class='gallery-item'>\n\t\t\t\t<dt class='gallery-icon landscape'>\n\t\t\t\t\t<a class=\"rollover rollover-zoom dt-pswp-item\" title=\"33dd41f1-70e4-45bd-bf97-cec920cbaa7e\" data-dt-img-description=\"\" data-large_image_width=\"1172\" data-large_image_height=\"780\"href='https:\/\/www.radiopiu.net\/wordpress\/wp-content\/uploads\/2024\/01\/33dd41f1-70e4-45bd-bf97-cec920cbaa7e.jpg'><img loading=\"lazy\" decoding=\"async\" width=\"300\" height=\"200\" src=\"https:\/\/www.radiopiu.net\/wordpress\/wp-content\/uploads\/2024\/01\/33dd41f1-70e4-45bd-bf97-cec920cbaa7e-300x200.jpg\" class=\"attachment-medium size-medium\" alt=\"\" srcset=\"https:\/\/www.radiopiu.net\/wordpress\/wp-content\/uploads\/2024\/01\/33dd41f1-70e4-45bd-bf97-cec920cbaa7e-300x200.jpg 300w, https:\/\/www.radiopiu.net\/wordpress\/wp-content\/uploads\/2024\/01\/33dd41f1-70e4-45bd-bf97-cec920cbaa7e-1024x682.jpg 1024w, https:\/\/www.radiopiu.net\/wordpress\/wp-content\/uploads\/2024\/01\/33dd41f1-70e4-45bd-bf97-cec920cbaa7e-768x511.jpg 768w, https:\/\/www.radiopiu.net\/wordpress\/wp-content\/uploads\/2024\/01\/33dd41f1-70e4-45bd-bf97-cec920cbaa7e.jpg 1172w\" sizes=\"auto, (max-width: 300px) 100vw, 300px\" \/><\/a>\n\t\t\t\t<\/dt><\/dl><br style=\"clear: both\" \/>\n\t\t\t<\/div>\n\n<p>&nbsp;<\/p>\n<p><span style=\"color: #ff0000;\"><strong>QUALIFICATION ROUND<\/strong><\/span><\/p>\n<p><strong><a class=\"dt-pswp-item\" href=\"https:\/\/www.radiopiu.net\/wordpress\/wp-content\/uploads\/2024\/01\/feltre-ghiaccio.jpg\" data-dt-img-description=\"\" data-large_image_width=\"2048\" data-large_image_height=\"1185\"><img loading=\"lazy\" decoding=\"async\" class=\" wp-image-369865 alignleft\" src=\"https:\/\/www.radiopiu.net\/wordpress\/wp-content\/uploads\/2024\/01\/feltre-ghiaccio-300x174.jpg\" alt=\"\" width=\"169\" height=\"98\" srcset=\"https:\/\/www.radiopiu.net\/wordpress\/wp-content\/uploads\/2024\/01\/feltre-ghiaccio-300x174.jpg 300w, https:\/\/www.radiopiu.net\/wordpress\/wp-content\/uploads\/2024\/01\/feltre-ghiaccio-1024x593.jpg 1024w, https:\/\/www.radiopiu.net\/wordpress\/wp-content\/uploads\/2024\/01\/feltre-ghiaccio-768x444.jpg 768w, https:\/\/www.radiopiu.net\/wordpress\/wp-content\/uploads\/2024\/01\/feltre-ghiaccio-1536x889.jpg 1536w, https:\/\/www.radiopiu.net\/wordpress\/wp-content\/uploads\/2024\/01\/feltre-ghiaccio.jpg 2048w\" sizes=\"auto, (max-width: 169px) 100vw, 169px\" \/><\/a>FELTRE \u2013 BRESSANONE 4-3<\/strong><\/p>\n<p>PARZIALI: 2-1, 0-1, 2-1<\/p>\n<p>GOL: Pt. 1\u201956\u201d Stupak, 12\u201903\u201d Lysenko, 17\u201943\u201d Maunula. St. 3\u201908\u201d Covelli. Tt. 2\u201901\u201d Fantinel, 2\u201922\u201d Nimenko, 16\u201940\u201d Zandegiacomo<\/p>\n<p>Torna a vincere il Feltre e lo fa tra le mura amiche contro il Bressanone. Una vittoria di misura per i picchi che al momento tornano in testa alla classifica del Qualification round aspettando il risultato del Fiemme che giocher\u00e0 a Como mercoled\u00ec sera. \u00a0Feltre subito in vantaggio. Bastano 2\u2019 ai picchi per bucare la porta altotaesina con Stupak. I feltrini sembrano avere la partita in mano e le impressioni non si smentiscono. Infatti i padroni di casa raddoppiano con Lysenko. Il Bressanone aprofitta di una disattenzione per accorciare le distanze a pochi minuti dalla prima sirena. Nel secondo drittel gli ospiti pareggiano subito i conti con Covelli. Feltre che ingrana la marcia giusta nella terza frazione di gara mettendo a segno due gol in rapida successione con Fantinel e Nimenko. Brivido nel finale con il Bressanone che accorcia le distanze.<\/p>\n<p>&nbsp;<\/p>\n<p><span style=\"color: #0000ff;\"><strong>CALCIO<\/strong><\/span><\/p>\n<blockquote>\n<h3>L&#8217;AGORDINA JUNIORES METTE A SEGNO UN&#8217;ALTRA VITTORIA<\/h3>\n<\/blockquote>\n<p><span style=\"color: #ff0000;\"><strong><a class=\"dt-pswp-item\" href=\"https:\/\/www.radiopiu.net\/wordpress\/wp-content\/uploads\/2019\/09\/AGORDINA-CALCIO.jpeg\" data-dt-img-description=\"\" data-large_image_width=\"225\" data-large_image_height=\"225\"><img loading=\"lazy\" decoding=\"async\" class=\" wp-image-97575 alignleft\" src=\"https:\/\/www.radiopiu.net\/wordpress\/wp-content\/uploads\/2019\/09\/AGORDINA-CALCIO.jpeg\" alt=\"\" width=\"122\" height=\"122\" srcset=\"https:\/\/www.radiopiu.net\/wordpress\/wp-content\/uploads\/2019\/09\/AGORDINA-CALCIO.jpeg 225w, https:\/\/www.radiopiu.net\/wordpress\/wp-content\/uploads\/2019\/09\/AGORDINA-CALCIO-150x150.jpeg 150w\" sizes=\"auto, (max-width: 122px) 100vw, 122px\" \/><\/a>JUNIORES PROVINCIALI<\/strong><\/span><\/p>\n<p><strong>PLAVIS &#8211; AGORDINA 0-1<\/strong><\/p>\n<p>GOL AGORDINA: Bordon<\/p>\n<p>L&#8217;Agordina conquista altri tre punti in una partita tirata. Il primo tempo termina 0-0, con buone occasioni per entrambe le squadre, incluso un colpo di punizione di Casera che colpisce la traversa. Nel secondo tempo, la partita rimane equilibrata e nervosa, con condizioni di campo non ottimali. Bordon sblocca il match con un preciso inserimento in area, superando il portiere avversario in uscita. L&#8217;Agordina difende con tenacia il vantaggio fino al fischio finale, mantenendo la leadership con un vantaggio di +4 sulle inseguitrici.<\/p>\n<p>&nbsp;<\/p>\n<p><span style=\"color: #0000ff;\"><strong>SCI ALPINO<\/strong><\/span><\/p>\n<blockquote>\n<h3><a class=\"dt-pswp-item\" href=\"https:\/\/www.radiopiu.net\/wordpress\/wp-content\/uploads\/2024\/01\/Pentaphoto_185017-LARA-GUT-BEHRAMI-scaled.jpg\" data-dt-img-description=\"Fis Alpine Ski World Cup 2023-2024, Cortina (ITA), Lara Gut Behrami (SUI), 28\/01\/2024, Photo Gabriele Facciotti | Pentaphoto\" data-large_image_width=\"2560\" data-large_image_height=\"1707\"><img loading=\"lazy\" decoding=\"async\" class=\"wp-image-372077 alignleft\" src=\"https:\/\/www.radiopiu.net\/wordpress\/wp-content\/uploads\/2024\/01\/Pentaphoto_185017-LARA-GUT-BEHRAMI-300x200.jpg\" alt=\"\" width=\"165\" height=\"110\" srcset=\"https:\/\/www.radiopiu.net\/wordpress\/wp-content\/uploads\/2024\/01\/Pentaphoto_185017-LARA-GUT-BEHRAMI-300x200.jpg 300w, https:\/\/www.radiopiu.net\/wordpress\/wp-content\/uploads\/2024\/01\/Pentaphoto_185017-LARA-GUT-BEHRAMI-1024x683.jpg 1024w, https:\/\/www.radiopiu.net\/wordpress\/wp-content\/uploads\/2024\/01\/Pentaphoto_185017-LARA-GUT-BEHRAMI-768x512.jpg 768w, https:\/\/www.radiopiu.net\/wordpress\/wp-content\/uploads\/2024\/01\/Pentaphoto_185017-LARA-GUT-BEHRAMI-1536x1024.jpg 1536w, https:\/\/www.radiopiu.net\/wordpress\/wp-content\/uploads\/2024\/01\/Pentaphoto_185017-LARA-GUT-BEHRAMI-2048x1366.jpg 2048w\" sizes=\"auto, (max-width: 165px) 100vw, 165px\" \/><\/a>LARA GUT-BEHRAMI VINCE IL SUPERG A CORTINA<\/h3>\n<\/blockquote>\n<p>Lara Gut-Behrami ha vinto l&#8217;edizione 2024 del il superG nella terza giornata della Cortina Audi Fis Ski World Cup. Dopo il secondo e quinto posto nelle discese, la campionessa elvetica ha trionfato sulla Olympia delle Tofane. Gut-Behrami ha preceduto l&#8217;austriaca Stephanie Venier, vincitrice della prima discesa, e la francese Romane Miradoli. Con questa vittoria, Gut-Behrami ha aggiunto un altro successo alla sua collezione a Cortina, dove ha ottenuto numerosi risultati positivi in passato, tra cui tre vittorie in superG e due ori ai Mondiali del 2021. (FOTO: Pentaphoto)<\/p>\n<p>&nbsp;<\/p>\n<p><span style=\"color: #0000ff;\"><strong>ARTI MARZIALI<\/strong><\/span><\/p>\n<blockquote>\n<h3>ARTI MARZIALI: BELLUNESI SUGLI SCUDI A MILANO<\/h3>\n<\/blockquote>\n<p><strong>SANTA GIUSTINA<\/strong><\/p>\n<p>DI LORENZO SORATROI<\/p>\n<audio class=\"wp-audio-shortcode\" id=\"audio-371934-13\" preload=\"none\" style=\"width: 100%;\" controls=\"controls\"><source type=\"audio\/mpeg\" src=\"https:\/\/www.radiopiu.net\/wordpress\/wp-content\/uploads\/2024\/01\/SORATROI-ARTI-MARZIALI-BELLUNESI-SUGLI-SCUDI-A-MILANO.mp3?_=13\" \/><a href=\"https:\/\/www.radiopiu.net\/wordpress\/wp-content\/uploads\/2024\/01\/SORATROI-ARTI-MARZIALI-BELLUNESI-SUGLI-SCUDI-A-MILANO.mp3\">https:\/\/www.radiopiu.net\/wordpress\/wp-content\/uploads\/2024\/01\/SORATROI-ARTI-MARZIALI-BELLUNESI-SUGLI-SCUDI-A-MILANO.mp3<\/a><\/audio>\n<p>&nbsp;<\/p>\n\n\t\t\t<style type='text\/css'>\n\t\t\t\t#gallery-6 {\n\t\t\t\t\tmargin: auto;\n\t\t\t\t}\n\t\t\t\t#gallery-6 .gallery-item {\n\t\t\t\t\tfloat: left;\n\t\t\t\t\tmargin-top: 10px;\n\t\t\t\t\ttext-align: center;\n\t\t\t\t\twidth: 33%;\n\t\t\t\t}\n\t\t\t\t#gallery-6 img {\n\t\t\t\t\tborder: 2px solid #cfcfcf;\n\t\t\t\t}\n\t\t\t\t#gallery-6 .gallery-caption {\n\t\t\t\t\tmargin-left: 0;\n\t\t\t\t}\n\t\t\t\t\/* see gallery_shortcode() in wp-includes\/media.php *\/\n\t\t\t<\/style>\n\t\t<div id='gallery-6' class='dt-gallery-container gallery galleryid-371934 gallery-columns-3 gallery-size-medium'><dl class='gallery-item'>\n\t\t\t\t<dt class='gallery-icon portrait'>\n\t\t\t\t\t<a class=\"rollover rollover-zoom dt-pswp-item\" title=\"IMG-20240126-WA0004\" data-dt-img-description=\"\" data-large_image_width=\"768\" data-large_image_height=\"970\"href='https:\/\/www.radiopiu.net\/wordpress\/wp-content\/uploads\/2024\/01\/IMG-20240126-WA0004.jpg'><img loading=\"lazy\" decoding=\"async\" width=\"238\" height=\"300\" src=\"https:\/\/www.radiopiu.net\/wordpress\/wp-content\/uploads\/2024\/01\/IMG-20240126-WA0004-238x300.jpg\" class=\"attachment-medium size-medium\" alt=\"\" aria-describedby=\"gallery-6-372004\" srcset=\"https:\/\/www.radiopiu.net\/wordpress\/wp-content\/uploads\/2024\/01\/IMG-20240126-WA0004-238x300.jpg 238w, https:\/\/www.radiopiu.net\/wordpress\/wp-content\/uploads\/2024\/01\/IMG-20240126-WA0004.jpg 768w\" sizes=\"auto, (max-width: 238px) 100vw, 238px\" \/><\/a>\n\t\t\t\t<\/dt>\n\t\t\t\t\t<dd class='wp-caption-text gallery-caption' id='gallery-6-372004'>\n\t\t\t\t\tSARA TORRES PRIMA\n\t\t\t\t\t<\/dd><\/dl><dl class='gallery-item'>\n\t\t\t\t<dt class='gallery-icon portrait'>\n\t\t\t\t\t<a class=\"rollover rollover-zoom dt-pswp-item\" title=\"IMG-20240126-WA0003\" data-dt-img-description=\"\" data-large_image_width=\"1355\" data-large_image_height=\"1599\"href='https:\/\/www.radiopiu.net\/wordpress\/wp-content\/uploads\/2024\/01\/IMG-20240126-WA0003.jpg'><img loading=\"lazy\" decoding=\"async\" width=\"254\" height=\"300\" src=\"https:\/\/www.radiopiu.net\/wordpress\/wp-content\/uploads\/2024\/01\/IMG-20240126-WA0003-254x300.jpg\" class=\"attachment-medium size-medium\" alt=\"\" aria-describedby=\"gallery-6-372005\" srcset=\"https:\/\/www.radiopiu.net\/wordpress\/wp-content\/uploads\/2024\/01\/IMG-20240126-WA0003-254x300.jpg 254w, https:\/\/www.radiopiu.net\/wordpress\/wp-content\/uploads\/2024\/01\/IMG-20240126-WA0003-868x1024.jpg 868w, https:\/\/www.radiopiu.net\/wordpress\/wp-content\/uploads\/2024\/01\/IMG-20240126-WA0003-768x906.jpg 768w, https:\/\/www.radiopiu.net\/wordpress\/wp-content\/uploads\/2024\/01\/IMG-20240126-WA0003-1302x1536.jpg 1302w, https:\/\/www.radiopiu.net\/wordpress\/wp-content\/uploads\/2024\/01\/IMG-20240126-WA0003.jpg 1355w\" sizes=\"auto, (max-width: 254px) 100vw, 254px\" \/><\/a>\n\t\t\t\t<\/dt>\n\t\t\t\t\t<dd class='wp-caption-text gallery-caption' id='gallery-6-372005'>\n\t\t\t\t\tCRISTIANO VIGNATO PRIMO\n\t\t\t\t\t<\/dd><\/dl><dl class='gallery-item'>\n\t\t\t\t<dt class='gallery-icon portrait'>\n\t\t\t\t\t<a class=\"rollover rollover-zoom dt-pswp-item\" title=\"IMG-20240126-WA0002\" data-dt-img-description=\"\" data-large_image_width=\"1080\" data-large_image_height=\"1371\"href='https:\/\/www.radiopiu.net\/wordpress\/wp-content\/uploads\/2024\/01\/IMG-20240126-WA0002.jpg'><img loading=\"lazy\" decoding=\"async\" width=\"236\" height=\"300\" src=\"https:\/\/www.radiopiu.net\/wordpress\/wp-content\/uploads\/2024\/01\/IMG-20240126-WA0002-236x300.jpg\" class=\"attachment-medium size-medium\" alt=\"\" aria-describedby=\"gallery-6-372006\" srcset=\"https:\/\/www.radiopiu.net\/wordpress\/wp-content\/uploads\/2024\/01\/IMG-20240126-WA0002-236x300.jpg 236w, https:\/\/www.radiopiu.net\/wordpress\/wp-content\/uploads\/2024\/01\/IMG-20240126-WA0002-807x1024.jpg 807w, https:\/\/www.radiopiu.net\/wordpress\/wp-content\/uploads\/2024\/01\/IMG-20240126-WA0002-768x975.jpg 768w, https:\/\/www.radiopiu.net\/wordpress\/wp-content\/uploads\/2024\/01\/IMG-20240126-WA0002.jpg 1080w\" sizes=\"auto, (max-width: 236px) 100vw, 236px\" \/><\/a>\n\t\t\t\t<\/dt>\n\t\t\t\t\t<dd class='wp-caption-text gallery-caption' id='gallery-6-372006'>\n\t\t\t\t\tMATTEO CAZZARO E RAFAEL PANATO\n\t\t\t\t\t<\/dd><\/dl><br style=\"clear: both\" \/>\n\t\t\t<\/div>\n\n<p><span style=\"color: #0000ff;\"><strong>PALLAVOLO<\/strong><\/span><\/p>\n<blockquote>\n<h3>ALTRA SCONFITTA PER IL VOLLEY CLUB AGORDINO<\/h3>\n<\/blockquote>\n<p><strong><a class=\"dt-pswp-item\" href=\"https:\/\/www.radiopiu.net\/wordpress\/wp-content\/uploads\/2022\/04\/VOLLEY-CLUB-AGORDINO.jpg\" data-dt-img-description=\"\" data-large_image_width=\"500\" data-large_image_height=\"512\"><img loading=\"lazy\" decoding=\"async\" class=\" wp-image-268787 alignleft\" src=\"https:\/\/www.radiopiu.net\/wordpress\/wp-content\/uploads\/2022\/04\/VOLLEY-CLUB-AGORDINO-293x300.jpg\" alt=\"\" width=\"134\" height=\"137\" srcset=\"https:\/\/www.radiopiu.net\/wordpress\/wp-content\/uploads\/2022\/04\/VOLLEY-CLUB-AGORDINO-293x300.jpg 293w, https:\/\/www.radiopiu.net\/wordpress\/wp-content\/uploads\/2022\/04\/VOLLEY-CLUB-AGORDINO.jpg 500w\" sizes=\"auto, (max-width: 134px) 100vw, 134px\" \/><\/a>SAN VENDEMMIANO &#8211; VOLLEY CLUB AGORDINO 3-0 (26-24, 25-8, 25-17)<\/strong><\/p>\n<p>Continua il periodo nero del Volley Club Agordino che continua a raccogliere sconfitte nel campionato di Prima Divisione. Ancora un secco 3 a 0 per le ragazze di De Nardin che tornano dalla trasferta di San Vendemmiano con le pive nel sacco. Primo set combattuto con le due compagini che giocano punto a punto tanto ma ad avere la meglio sono le trevigiane. Nella seconda frazione le agordine spengono la luce mettendo a segno solo 8 punti. Provano a reagire nel terzo set ma le padrone di casa chiudono la partita. 5 punti in classifica dopo 11 partite giocate e penultima posizione per il Volley Club Agordino.<\/p>\n<p>&nbsp;<\/p>\n<p><span style=\"color: #0000ff;\"><strong>SCI NORDICO<\/strong><\/span><\/p>\n<blockquote>\n<h3>ELIA BARP SETTIMO IN COPPA DEL MONDO IN SVIZZERA<\/h3>\n<\/blockquote>\n<p><strong><a class=\"dt-pswp-item\" href=\"https:\/\/www.radiopiu.net\/wordpress\/wp-content\/uploads\/2023\/01\/ELIA-BARP.jpg\" data-dt-img-description=\"\" data-large_image_width=\"1536\" data-large_image_height=\"1024\"><img loading=\"lazy\" decoding=\"async\" class=\" wp-image-314851 alignleft\" src=\"https:\/\/www.radiopiu.net\/wordpress\/wp-content\/uploads\/2023\/01\/ELIA-BARP-300x200.jpg\" alt=\"\" width=\"230\" height=\"153\" srcset=\"https:\/\/www.radiopiu.net\/wordpress\/wp-content\/uploads\/2023\/01\/ELIA-BARP-300x200.jpg 300w, https:\/\/www.radiopiu.net\/wordpress\/wp-content\/uploads\/2023\/01\/ELIA-BARP-1024x683.jpg 1024w, https:\/\/www.radiopiu.net\/wordpress\/wp-content\/uploads\/2023\/01\/ELIA-BARP-768x512.jpg 768w, https:\/\/www.radiopiu.net\/wordpress\/wp-content\/uploads\/2023\/01\/ELIA-BARP.jpg 1536w\" sizes=\"auto, (max-width: 230px) 100vw, 230px\" \/><\/a> <\/strong><\/p>\n<p><strong>\u00a0<\/strong><\/p>\n<p><strong>REDAZIONE<\/strong> Il finanziere di Trichiana, Elia Barp, raggiunge un nuovo traguardo conquistando il settimo posto nella 20 km skating di Coppa del Mondo a Goms, Svizzera. Questo risultato rappresenta il miglior piazzamento in carriera per Barp, che \u00e8 stato anche il primo azzurro a tagliare il traguardo. La gara \u00e8 stata vinta dal norvegese Johannes Klaebo, seguito dal connazionale Simen Krueger e dal francese Jules Lapierre.<\/p>\n<p>&nbsp;<\/p>\n<p>&nbsp;<\/p>\n<blockquote>\n<h3>I FRATELLI BUSIN ALLA MARCIALONGA. SPLENDIDO SECONDO POSTO NELLA 45 KM PER EMANUELE<\/h3>\n<\/blockquote>\n<p><strong>di Marco Gaz<\/strong><\/p>\n<p><strong>REDAZIONE <\/strong>E&#8217; andata in scena la 51esima edizione della Marcialonga nelle valli di Fiemme e Fassa. Al via anche i fratelli Busin che si sono cimentati in gare diverse. La classica di 70 km ha visto Lorenzo chiudere al 43\u00b0 posto. Soddisfazioni in casa Busin per il fratello pi\u00f9 giovane. Emanuele ha chiuso la gara di 45 km al secondo posto dopo aver primeggiato per tutta la durata della gara. Un bella soddisfazione per Emanuele che conquista la medaglia d&#8217;argento in una competizione importante. Lorenzo Busin che gioved\u00ec scorso ha anche partecipato alla suggestiva Moonlight Classic Ski all&#8217;Alpe di Suisi. Lorenzo ha optato per la gara di 15 km e dopo aver vinto lo sprint di met\u00e0 gara ha chiuso al terzo posto dopo che un bambino ha attraversato il percorso a 200 metri dall&#8217;arrivo e Busin per schivarlo ha dovuto buttarsi fuori pista.<\/p>\n\n\t\t\t<style type='text\/css'>\n\t\t\t\t#gallery-7 {\n\t\t\t\t\tmargin: auto;\n\t\t\t\t}\n\t\t\t\t#gallery-7 .gallery-item {\n\t\t\t\t\tfloat: left;\n\t\t\t\t\tmargin-top: 10px;\n\t\t\t\t\ttext-align: center;\n\t\t\t\t\twidth: 50%;\n\t\t\t\t}\n\t\t\t\t#gallery-7 img {\n\t\t\t\t\tborder: 2px solid #cfcfcf;\n\t\t\t\t}\n\t\t\t\t#gallery-7 .gallery-caption {\n\t\t\t\t\tmargin-left: 0;\n\t\t\t\t}\n\t\t\t\t\/* see gallery_shortcode() in wp-includes\/media.php *\/\n\t\t\t<\/style>\n\t\t<div id='gallery-7' class='dt-gallery-container gallery galleryid-371934 gallery-columns-2 gallery-size-medium'><dl class='gallery-item'>\n\t\t\t\t<dt class='gallery-icon landscape'>\n\t\t\t\t\t<a class=\"rollover rollover-zoom dt-pswp-item\" title=\"aa01decf-021e-4388-bc89-527773856f5d\" data-dt-img-description=\"\" data-large_image_width=\"1600\" data-large_image_height=\"1200\"href='https:\/\/www.radiopiu.net\/wordpress\/wp-content\/uploads\/2024\/01\/aa01decf-021e-4388-bc89-527773856f5d.jpg'><img loading=\"lazy\" decoding=\"async\" width=\"300\" height=\"225\" src=\"https:\/\/www.radiopiu.net\/wordpress\/wp-content\/uploads\/2024\/01\/aa01decf-021e-4388-bc89-527773856f5d-300x225.jpg\" class=\"attachment-medium size-medium\" alt=\"\" aria-describedby=\"gallery-7-372032\" srcset=\"https:\/\/www.radiopiu.net\/wordpress\/wp-content\/uploads\/2024\/01\/aa01decf-021e-4388-bc89-527773856f5d-300x225.jpg 300w, https:\/\/www.radiopiu.net\/wordpress\/wp-content\/uploads\/2024\/01\/aa01decf-021e-4388-bc89-527773856f5d-1024x768.jpg 1024w, https:\/\/www.radiopiu.net\/wordpress\/wp-content\/uploads\/2024\/01\/aa01decf-021e-4388-bc89-527773856f5d-768x576.jpg 768w, https:\/\/www.radiopiu.net\/wordpress\/wp-content\/uploads\/2024\/01\/aa01decf-021e-4388-bc89-527773856f5d-1536x1152.jpg 1536w, https:\/\/www.radiopiu.net\/wordpress\/wp-content\/uploads\/2024\/01\/aa01decf-021e-4388-bc89-527773856f5d.jpg 1600w\" sizes=\"auto, (max-width: 300px) 100vw, 300px\" \/><\/a>\n\t\t\t\t<\/dt>\n\t\t\t\t\t<dd class='wp-caption-text gallery-caption' id='gallery-7-372032'>\n\t\t\t\t\tEMANUELE BUSIN ALLA MARCIALONGA\n\t\t\t\t\t<\/dd><\/dl><dl class='gallery-item'>\n\t\t\t\t<dt class='gallery-icon landscape'>\n\t\t\t\t\t<a class=\"rollover rollover-zoom dt-pswp-item\" title=\"81504fa0-7407-4db7-9797-a954afaba459\" data-dt-img-description=\"\" data-large_image_width=\"1080\" data-large_image_height=\"720\"href='https:\/\/www.radiopiu.net\/wordpress\/wp-content\/uploads\/2024\/01\/81504fa0-7407-4db7-9797-a954afaba459.jpg'><img loading=\"lazy\" decoding=\"async\" width=\"300\" height=\"200\" src=\"https:\/\/www.radiopiu.net\/wordpress\/wp-content\/uploads\/2024\/01\/81504fa0-7407-4db7-9797-a954afaba459-300x200.jpg\" class=\"attachment-medium size-medium\" alt=\"\" aria-describedby=\"gallery-7-372031\" srcset=\"https:\/\/www.radiopiu.net\/wordpress\/wp-content\/uploads\/2024\/01\/81504fa0-7407-4db7-9797-a954afaba459-300x200.jpg 300w, https:\/\/www.radiopiu.net\/wordpress\/wp-content\/uploads\/2024\/01\/81504fa0-7407-4db7-9797-a954afaba459-1024x683.jpg 1024w, https:\/\/www.radiopiu.net\/wordpress\/wp-content\/uploads\/2024\/01\/81504fa0-7407-4db7-9797-a954afaba459-768x512.jpg 768w, https:\/\/www.radiopiu.net\/wordpress\/wp-content\/uploads\/2024\/01\/81504fa0-7407-4db7-9797-a954afaba459.jpg 1080w\" sizes=\"auto, (max-width: 300px) 100vw, 300px\" \/><\/a>\n\t\t\t\t<\/dt>\n\t\t\t\t\t<dd class='wp-caption-text gallery-caption' id='gallery-7-372031'>\n\t\t\t\t\tLORENZO BUSIN TERZO ALL&#8217;ALPE DI SIUSI\n\t\t\t\t\t<\/dd><\/dl><br style=\"clear: both\" \/>\n\t\t\t<\/div>\n\n<p><span style=\"color: #0000ff;\"><strong>SNOWBOARD<\/strong><\/span><\/p>\n<blockquote>\n<h3>IL FINE SETTIMANA AUSTRIACO DI LUCIA DALMASSO<\/h3>\n<\/blockquote>\n<p><strong class=\"photoswipe-wrapper\"><a class=\"dt-pswp-item pspw-wrap-ready\" href=\"https:\/\/www.radiopiu.net\/wordpress\/wp-content\/uploads\/2024\/01\/dalmasso.jpg\" data-dt-img-description=\"\" data-large_image_width=\"1600\" data-large_image_height=\"1178\"><img loading=\"lazy\" decoding=\"async\" class=\" wp-image-371939 alignleft\" src=\"https:\/\/www.radiopiu.net\/wordpress\/wp-content\/uploads\/2024\/01\/dalmasso-300x221.jpg\" sizes=\"auto, (max-width: 152px) 100vw, 152px\" srcset=\"https:\/\/www.radiopiu.net\/wordpress\/wp-content\/uploads\/2024\/01\/dalmasso-300x221.jpg 300w, https:\/\/www.radiopiu.net\/wordpress\/wp-content\/uploads\/2024\/01\/dalmasso-1024x754.jpg 1024w, https:\/\/www.radiopiu.net\/wordpress\/wp-content\/uploads\/2024\/01\/dalmasso-768x565.jpg 768w, https:\/\/www.radiopiu.net\/wordpress\/wp-content\/uploads\/2024\/01\/dalmasso-1536x1131.jpg 1536w, https:\/\/www.radiopiu.net\/wordpress\/wp-content\/uploads\/2024\/01\/dalmasso.jpg 1600w\" alt=\"\" width=\"152\" height=\"112\" \/><\/a>REDAZIONE<\/strong> Torna la Coppa Del Mondo di Snowboard con la tappa austriaca a Simonh\u00f6he. Una prova da dimenticare per Lucia Dalmasso che ancora una volta deve abbandonare la gara agli ottavi di finale. La falcadina, dopo essersi qualificata alla fase finale, si \u00e8 trovata di fronte la padrona di casa Ladina Jenny. Un ottavo combattuto con le due atlete che sono scese in parallelo fino all\u2019ultima porta. Nello strappo finale ha avuto la meglio l\u2019austriaca che ha battuto la Dalmasso per soli 5 centesimi. Ieri il gigante parallelo misto. La coppia italiana formata da Daniele Bagozza e Lucia Dalmasso non \u00e8 riuscita a superare l&#8217;ostacolo degli ottavi di finale, a vincere una coppia giapponese. Nono posto per i due italiani al termine della gara. Ora 15 giorni di pausa per Luci Dalmasso che torner\u00e0 in gara il 15 febbraio sulle nevi canadesi di Blue Mountain.<\/p>\n<p>&nbsp;<\/p>\n<p><span style=\"color: #0000ff;\"><strong>SLITTINO<\/strong><\/span><\/p>\n<blockquote>\n<h3>A COLMEAN LA GARA DI SLITTINO FA DIVERTIRE GRANDI E BAMBINI<\/h3>\n<\/blockquote>\n<p><strong>CANALE D&#8217;AGORDO<\/strong> Un pomeriggio alternativo a Colmean di Canale D&#8217;Agordo dove i Crodaioli dell&#8217;Auta hanno organizzato una gara di slittino riservata a bambini, adulti e donne. Tanti coloro che si sono cimentati sulla pista sopra il Bar Colmean. Gli atleti si sono cimentati con slitte tradizionali o da competizione.<\/p>\n<p><strong>LE FOTO<\/strong><\/p>\n\n\t\t\t<style type='text\/css'>\n\t\t\t\t#gallery-8 {\n\t\t\t\t\tmargin: auto;\n\t\t\t\t}\n\t\t\t\t#gallery-8 .gallery-item {\n\t\t\t\t\tfloat: left;\n\t\t\t\t\tmargin-top: 10px;\n\t\t\t\t\ttext-align: center;\n\t\t\t\t\twidth: 14%;\n\t\t\t\t}\n\t\t\t\t#gallery-8 img {\n\t\t\t\t\tborder: 2px solid #cfcfcf;\n\t\t\t\t}\n\t\t\t\t#gallery-8 .gallery-caption {\n\t\t\t\t\tmargin-left: 0;\n\t\t\t\t}\n\t\t\t\t\/* see gallery_shortcode() in wp-includes\/media.php *\/\n\t\t\t<\/style>\n\t\t<div id='gallery-8' class='dt-gallery-container gallery galleryid-371934 gallery-columns-7 gallery-size-thumbnail'><dl class='gallery-item'>\n\t\t\t\t<dt class='gallery-icon landscape'>\n\t\t\t\t\t<a class=\"rollover rollover-zoom dt-pswp-item\" title=\"e1162608-1ea5-4940-afd5-7f7269da1ded\" data-dt-img-description=\"\" data-large_image_width=\"2048\" data-large_image_height=\"1152\"href='https:\/\/www.radiopiu.net\/wordpress\/wp-content\/uploads\/2024\/01\/e1162608-1ea5-4940-afd5-7f7269da1ded.jpg'><img loading=\"lazy\" decoding=\"async\" width=\"150\" height=\"150\" src=\"https:\/\/www.radiopiu.net\/wordpress\/wp-content\/uploads\/2024\/01\/e1162608-1ea5-4940-afd5-7f7269da1ded-150x150.jpg\" class=\"attachment-thumbnail size-thumbnail\" alt=\"\" \/><\/a>\n\t\t\t\t<\/dt><\/dl><dl class='gallery-item'>\n\t\t\t\t<dt class='gallery-icon landscape'>\n\t\t\t\t\t<a class=\"rollover rollover-zoom dt-pswp-item\" title=\"70372d85-61de-4ada-b477-0dacf0ee5396\" data-dt-img-description=\"\" data-large_image_width=\"2048\" data-large_image_height=\"1152\"href='https:\/\/www.radiopiu.net\/wordpress\/wp-content\/uploads\/2024\/01\/70372d85-61de-4ada-b477-0dacf0ee5396.jpg'><img loading=\"lazy\" decoding=\"async\" width=\"150\" height=\"150\" src=\"https:\/\/www.radiopiu.net\/wordpress\/wp-content\/uploads\/2024\/01\/70372d85-61de-4ada-b477-0dacf0ee5396-150x150.jpg\" class=\"attachment-thumbnail size-thumbnail\" alt=\"\" \/><\/a>\n\t\t\t\t<\/dt><\/dl><dl class='gallery-item'>\n\t\t\t\t<dt class='gallery-icon landscape'>\n\t\t\t\t\t<a class=\"rollover rollover-zoom dt-pswp-item\" title=\"4affc6c7-71e8-4aa8-923b-26235d04d552\" data-dt-img-description=\"\" data-large_image_width=\"2048\" data-large_image_height=\"1152\"href='https:\/\/www.radiopiu.net\/wordpress\/wp-content\/uploads\/2024\/01\/4affc6c7-71e8-4aa8-923b-26235d04d552.jpg'><img loading=\"lazy\" decoding=\"async\" width=\"150\" height=\"150\" src=\"https:\/\/www.radiopiu.net\/wordpress\/wp-content\/uploads\/2024\/01\/4affc6c7-71e8-4aa8-923b-26235d04d552-150x150.jpg\" class=\"attachment-thumbnail size-thumbnail\" alt=\"\" \/><\/a>\n\t\t\t\t<\/dt><\/dl><dl class='gallery-item'>\n\t\t\t\t<dt class='gallery-icon portrait'>\n\t\t\t\t\t<a class=\"rollover rollover-zoom dt-pswp-item\" title=\"bd537f0b-6aa2-48a7-9a82-3d59311908e5\" data-dt-img-description=\"\" data-large_image_width=\"1152\" data-large_image_height=\"2048\"href='https:\/\/www.radiopiu.net\/wordpress\/wp-content\/uploads\/2024\/01\/bd537f0b-6aa2-48a7-9a82-3d59311908e5.jpg'><img loading=\"lazy\" decoding=\"async\" width=\"150\" height=\"150\" src=\"https:\/\/www.radiopiu.net\/wordpress\/wp-content\/uploads\/2024\/01\/bd537f0b-6aa2-48a7-9a82-3d59311908e5-150x150.jpg\" class=\"attachment-thumbnail size-thumbnail\" alt=\"\" \/><\/a>\n\t\t\t\t<\/dt><\/dl><dl class='gallery-item'>\n\t\t\t\t<dt class='gallery-icon landscape'>\n\t\t\t\t\t<a class=\"rollover rollover-zoom dt-pswp-item\" title=\"d524ee9b-2554-4271-a79f-7a01e9bec658\" data-dt-img-description=\"\" data-large_image_width=\"2048\" data-large_image_height=\"1152\"href='https:\/\/www.radiopiu.net\/wordpress\/wp-content\/uploads\/2024\/01\/d524ee9b-2554-4271-a79f-7a01e9bec658.jpg'><img loading=\"lazy\" decoding=\"async\" width=\"150\" height=\"150\" src=\"https:\/\/www.radiopiu.net\/wordpress\/wp-content\/uploads\/2024\/01\/d524ee9b-2554-4271-a79f-7a01e9bec658-150x150.jpg\" class=\"attachment-thumbnail size-thumbnail\" alt=\"\" \/><\/a>\n\t\t\t\t<\/dt><\/dl><dl class='gallery-item'>\n\t\t\t\t<dt class='gallery-icon portrait'>\n\t\t\t\t\t<a class=\"rollover rollover-zoom dt-pswp-item\" title=\"f0ec8003-b329-4cf3-a452-ca64f22c48c4\" data-dt-img-description=\"\" data-large_image_width=\"1152\" data-large_image_height=\"2048\"href='https:\/\/www.radiopiu.net\/wordpress\/wp-content\/uploads\/2024\/01\/f0ec8003-b329-4cf3-a452-ca64f22c48c4.jpg'><img loading=\"lazy\" decoding=\"async\" width=\"150\" height=\"150\" src=\"https:\/\/www.radiopiu.net\/wordpress\/wp-content\/uploads\/2024\/01\/f0ec8003-b329-4cf3-a452-ca64f22c48c4-150x150.jpg\" class=\"attachment-thumbnail size-thumbnail\" alt=\"\" \/><\/a>\n\t\t\t\t<\/dt><\/dl><dl class='gallery-item'>\n\t\t\t\t<dt class='gallery-icon portrait'>\n\t\t\t\t\t<a class=\"rollover rollover-zoom dt-pswp-item\" title=\"8c657e4c-5049-4ecc-a548-9d28d176654d\" data-dt-img-description=\"\" data-large_image_width=\"1152\" data-large_image_height=\"2048\"href='https:\/\/www.radiopiu.net\/wordpress\/wp-content\/uploads\/2024\/01\/8c657e4c-5049-4ecc-a548-9d28d176654d.jpg'><img loading=\"lazy\" decoding=\"async\" width=\"150\" height=\"150\" src=\"https:\/\/www.radiopiu.net\/wordpress\/wp-content\/uploads\/2024\/01\/8c657e4c-5049-4ecc-a548-9d28d176654d-150x150.jpg\" class=\"attachment-thumbnail size-thumbnail\" alt=\"\" \/><\/a>\n\t\t\t\t<\/dt><\/dl><br style=\"clear: both\" \/>\n\t\t\t<\/div>\n\n<p>&nbsp;<\/p>\n<p><strong>LE CLASSIFICHE<\/strong><\/p>\n\n\t\t\t<style type='text\/css'>\n\t\t\t\t#gallery-9 {\n\t\t\t\t\tmargin: auto;\n\t\t\t\t}\n\t\t\t\t#gallery-9 .gallery-item {\n\t\t\t\t\tfloat: left;\n\t\t\t\t\tmargin-top: 10px;\n\t\t\t\t\ttext-align: center;\n\t\t\t\t\twidth: 33%;\n\t\t\t\t}\n\t\t\t\t#gallery-9 img {\n\t\t\t\t\tborder: 2px solid #cfcfcf;\n\t\t\t\t}\n\t\t\t\t#gallery-9 .gallery-caption {\n\t\t\t\t\tmargin-left: 0;\n\t\t\t\t}\n\t\t\t\t\/* see gallery_shortcode() in wp-includes\/media.php *\/\n\t\t\t<\/style>\n\t\t<div id='gallery-9' class='dt-gallery-container gallery galleryid-371934 gallery-columns-3 gallery-size-thumbnail'><dl class='gallery-item'>\n\t\t\t\t<dt class='gallery-icon portrait'>\n\t\t\t\t\t<a class=\"rollover rollover-zoom dt-pswp-item\" title=\"a723e940-5465-4c35-8648-ef68077776ed\" data-dt-img-description=\"\" data-large_image_width=\"721\" data-large_image_height=\"1600\"href='https:\/\/www.radiopiu.net\/wordpress\/wp-content\/uploads\/2024\/01\/a723e940-5465-4c35-8648-ef68077776ed-rotated.jpg'><img loading=\"lazy\" decoding=\"async\" width=\"150\" height=\"150\" src=\"https:\/\/www.radiopiu.net\/wordpress\/wp-content\/uploads\/2024\/01\/a723e940-5465-4c35-8648-ef68077776ed-150x150.jpg\" class=\"attachment-thumbnail size-thumbnail\" alt=\"\" \/><\/a>\n\t\t\t\t<\/dt><\/dl><dl class='gallery-item'>\n\t\t\t\t<dt class='gallery-icon portrait'>\n\t\t\t\t\t<a class=\"rollover rollover-zoom dt-pswp-item\" title=\"8607d90e-e62a-4fe1-99bf-30e4f7fe3372\" data-dt-img-description=\"\" data-large_image_width=\"721\" data-large_image_height=\"1600\"href='https:\/\/www.radiopiu.net\/wordpress\/wp-content\/uploads\/2024\/01\/8607d90e-e62a-4fe1-99bf-30e4f7fe3372.jpg'><img loading=\"lazy\" decoding=\"async\" width=\"150\" height=\"150\" src=\"https:\/\/www.radiopiu.net\/wordpress\/wp-content\/uploads\/2024\/01\/8607d90e-e62a-4fe1-99bf-30e4f7fe3372-150x150.jpg\" class=\"attachment-thumbnail size-thumbnail\" alt=\"\" \/><\/a>\n\t\t\t\t<\/dt><\/dl><dl class='gallery-item'>\n\t\t\t\t<dt class='gallery-icon portrait'>\n\t\t\t\t\t<a class=\"rollover rollover-zoom dt-pswp-item\" title=\"4ae07eee-9c6d-4bfa-b102-3b91c0e21428\" data-dt-img-description=\"\" data-large_image_width=\"721\" data-large_image_height=\"1600\"href='https:\/\/www.radiopiu.net\/wordpress\/wp-content\/uploads\/2024\/01\/4ae07eee-9c6d-4bfa-b102-3b91c0e21428.jpg'><img loading=\"lazy\" decoding=\"async\" width=\"150\" height=\"150\" src=\"https:\/\/www.radiopiu.net\/wordpress\/wp-content\/uploads\/2024\/01\/4ae07eee-9c6d-4bfa-b102-3b91c0e21428-150x150.jpg\" class=\"attachment-thumbnail size-thumbnail\" alt=\"\" \/><\/a>\n\t\t\t\t<\/dt><\/dl><br style=\"clear: both\" \/>\n\t\t\t<\/div>\n\n<p><span style=\"color: #0000ff;\"><strong>PALLAVOLO\u00a0<\/strong><\/span><\/p>\n<blockquote>\n<h1><b><a class=\"dt-pswp-item\" href=\"https:\/\/www.radiopiu.net\/wordpress\/wp-content\/uploads\/2024\/01\/I_supporter.jpg\" data-dt-img-description=\"\" data-large_image_width=\"1368\" data-large_image_height=\"785\"><img loading=\"lazy\" decoding=\"async\" class=\"size-medium wp-image-372118 alignleft\" src=\"https:\/\/www.radiopiu.net\/wordpress\/wp-content\/uploads\/2024\/01\/I_supporter-300x172.jpg\" alt=\"\" width=\"300\" height=\"172\" srcset=\"https:\/\/www.radiopiu.net\/wordpress\/wp-content\/uploads\/2024\/01\/I_supporter-300x172.jpg 300w, https:\/\/www.radiopiu.net\/wordpress\/wp-content\/uploads\/2024\/01\/I_supporter-1024x588.jpg 1024w, https:\/\/www.radiopiu.net\/wordpress\/wp-content\/uploads\/2024\/01\/I_supporter-768x441.jpg 768w, https:\/\/www.radiopiu.net\/wordpress\/wp-content\/uploads\/2024\/01\/I_supporter.jpg 1368w\" sizes=\"auto, (max-width: 300px) 100vw, 300px\" \/><\/a>Treviso si impone in finale: ora c&#8217;\u00e8 la fase regionale per l&#8217;Under 17 del Belluno Volley<\/b><\/h1>\n<\/blockquote>\n<p><b>VOLLEY TREVISO-BELLUNO VOLLEY 3-0\u00a0<\/b><\/p>\n<p><b>BELLUNO VOLLEY<\/b>: Polo, Nessenzia, Fraccaro, Rossano, G. Mattiuzzi, Vorano, N. Mattiuzzi, Torres, Gionfalo, Fornasier, Urago, Cibien, P. Dalla Corte (L), Sacchet. Allenatore: S. Donadel.<span class=\"gmail-Apple-converted-space\">\u00a0<\/span><\/p>\n<p>I rinoceronti ci provano, ma il titolo interterritoriale <b>Under 17<\/b> si dipinge ancora di orogranata. Il <b>Volley Treviso<\/b>, infatti, ha la meglio in tre set sul <b>Belluno Volley<\/b>, nella finalissima andata in scena a Pianzano di Godega di Sant\u2019Urbano. Ma la sola qualificazione all\u2019atto conclusivo vale quanto una vittoria. Anche perch\u00e9, \u00e8 bene rimarcarlo, permette al collettivo di coach <b>Simone Donadel <\/b>di prendere parte alla fase regionale.<span class=\"gmail-Apple-converted-space\"> \u00a0<\/span><\/p>\n<p>&nbsp;<\/p>\n<p>***<\/p>\n<p><span style=\"color: #0000ff;\"><strong>APE CAR\u00a0<\/strong><\/span><\/p>\n<blockquote>\n<h2>LUCA E MIRIANA VINCITORI NEL RICORDO DI THIERRY<\/h2>\n<\/blockquote>\n<p>Luca Ciet nella categoria A, David Scattolin nella categoria C e Miriana Stradelli nella categoria D hanno trionfato nella dodicesima edizione del Frende Trophy, una competizione di apecar tenutasi a Borgo Valbelluna, organizzata dal gruppo di Pellegai insieme all&#8217;associazione Amici di Thierry e al principato di Roe Basse. Ciet ha ottenuto la vittoria con un tempo di 3.20.7, seguito da Luca Moscon e Andrea De Toni. Scattolin ha chiuso in 3.37.7, superando Stefano Zus e Thomas Groppa. Miriana Stradelli si \u00e8 imposta con un tempo di 5.08.0, precedendo Romina Bassani. Durante l&#8217;evento, \u00e8 stato reso omaggio a Thierry Brancaleone, ricordando il ragazzo scomparso nel 2006<\/p>\n\n\t\t\t<style type='text\/css'>\n\t\t\t\t#gallery-10 {\n\t\t\t\t\tmargin: auto;\n\t\t\t\t}\n\t\t\t\t#gallery-10 .gallery-item {\n\t\t\t\t\tfloat: left;\n\t\t\t\t\tmargin-top: 10px;\n\t\t\t\t\ttext-align: center;\n\t\t\t\t\twidth: 50%;\n\t\t\t\t}\n\t\t\t\t#gallery-10 img {\n\t\t\t\t\tborder: 2px solid #cfcfcf;\n\t\t\t\t}\n\t\t\t\t#gallery-10 .gallery-caption {\n\t\t\t\t\tmargin-left: 0;\n\t\t\t\t}\n\t\t\t\t\/* see gallery_shortcode() in wp-includes\/media.php *\/\n\t\t\t<\/style>\n\t\t<div id='gallery-10' class='dt-gallery-container gallery galleryid-371934 gallery-columns-2 gallery-size-thumbnail'><dl class='gallery-item'>\n\t\t\t\t<dt class='gallery-icon portrait'>\n\t\t\t\t\t<a class=\"rollover rollover-zoom dt-pswp-item\" title=\"thiery3\" data-dt-img-description=\"\" data-large_image_width=\"768\" data-large_image_height=\"1024\"href='https:\/\/www.radiopiu.net\/wordpress\/wp-content\/uploads\/2024\/01\/thiery3.jpg'><img loading=\"lazy\" decoding=\"async\" width=\"150\" height=\"150\" src=\"https:\/\/www.radiopiu.net\/wordpress\/wp-content\/uploads\/2024\/01\/thiery3-150x150.jpg\" class=\"attachment-thumbnail size-thumbnail\" alt=\"\" aria-describedby=\"gallery-10-372121\" \/><\/a>\n\t\t\t\t<\/dt>\n\t\t\t\t\t<dd class='wp-caption-text gallery-caption' id='gallery-10-372121'>\n\t\t\t\t\tthierry brancaleone\n\t\t\t\t\t<\/dd><\/dl><dl class='gallery-item'>\n\t\t\t\t<dt class='gallery-icon landscape'>\n\t\t\t\t\t<a class=\"rollover rollover-zoom dt-pswp-item\" title=\"Senza nome\" data-dt-img-description=\"\" data-large_image_width=\"498\" data-large_image_height=\"239\"href='https:\/\/www.radiopiu.net\/wordpress\/wp-content\/uploads\/2024\/01\/Senza-nome-92.png'><img loading=\"lazy\" decoding=\"async\" width=\"150\" height=\"150\" src=\"https:\/\/www.radiopiu.net\/wordpress\/wp-content\/uploads\/2024\/01\/Senza-nome-92-150x150.png\" class=\"attachment-thumbnail size-thumbnail\" alt=\"\" \/><\/a>\n\t\t\t\t<\/dt><\/dl><br style=\"clear: both\" \/>\n\t\t\t<\/div>\n\n<p><strong>Categoria A:<\/strong> 1. Luca Ciet 3.20.7; 2. Luca Moscon 3.22.0; 3. Andrea De Toni 3.37.0; 4. Patrik Biesuz 3.42.6; 5. Mattia Selle 3.44.5;<\/p>\n<p><strong>Categoria C:\u00a01.<\/strong> David Scattolin 3.37.7; 2. Stefano Zus 3.40.2; 3. Thomas Groppa 3.55.0; 4. Steven De Zorzi 3.57.5; 5. Christian Fregona 4.12.3;<\/p>\n<p><strong> Categoria D: 1.<\/strong> Miriana Stradelli 5.08.0; 2. Romina Bassani 5.36.2.<\/p>\n<p>&nbsp;<\/p>\n<hr \/>\n<p>&nbsp;<\/p>\n","protected":false},"excerpt":{"rendered":"<p>*** &nbsp; 40esimo di RADIOPIU\u2026. LA VOCE DELL\u2019EMOZIONE ISCRIVITI AL NOSTRO CANALE\u00a0\u00a0YOUTUBE PER SEGUIRE IN DIRETTA I PRINCIPALI PROGRAMMI DI RADIO PIU\u2019 E LE FUTURE DIRETTE IN ESTERNA. PER ISCRIVERTI CLICCA QUI\u00a0E PREMI\u00a0 \u201cIscriviti\u201d\u00a0 \u00a0 &nbsp; GRANDI NOVITA&#8217; ALLA RADIO&#8230; NUOVI PROGRAMMI IN ONDA DA QUESTA SETTIMANA Da anni radiopiu trasmette DUE MINUTI UN LIBRO&hellip;<\/p>\n","protected":false},"author":4,"featured_media":372116,"comment_status":"closed","ping_status":"closed","sticky":false,"template":"","format":"standard","meta":{"_monsterinsights_skip_tracking":false,"_monsterinsights_sitenote_active":false,"_monsterinsights_sitenote_note":"","_monsterinsights_sitenote_category":0,"footnotes":""},"categories":[51,86,49],"tags":[],"class_list":["post-371934","post","type-post","status-publish","format-standard","has-post-thumbnail","hentry","category-evidenza-top","category-gr","category-news-18","category-51","category-86","category-49","description-off"],"img_url":"https:\/\/www.radiopiu.net\/wordpress\/wp-content\/uploads\/2024\/01\/CASTELLAVAZZO.jpg","_links":{"self":[{"href":"https:\/\/www.radiopiu.net\/wordpress\/wp-json\/wp\/v2\/posts\/371934","targetHints":{"allow":["GET"]}}],"collection":[{"href":"https:\/\/www.radiopiu.net\/wordpress\/wp-json\/wp\/v2\/posts"}],"about":[{"href":"https:\/\/www.radiopiu.net\/wordpress\/wp-json\/wp\/v2\/types\/post"}],"author":[{"embeddable":true,"href":"https:\/\/www.radiopiu.net\/wordpress\/wp-json\/wp\/v2\/users\/4"}],"replies":[{"embeddable":true,"href":"https:\/\/www.radiopiu.net\/wordpress\/wp-json\/wp\/v2\/comments?post=371934"}],"version-history":[{"count":0,"href":"https:\/\/www.radiopiu.net\/wordpress\/wp-json\/wp\/v2\/posts\/371934\/revisions"}],"wp:featuredmedia":[{"embeddable":true,"href":"https:\/\/www.radiopiu.net\/wordpress\/wp-json\/wp\/v2\/media\/372116"}],"wp:attachment":[{"href":"https:\/\/www.radiopiu.net\/wordpress\/wp-json\/wp\/v2\/media?parent=371934"}],"wp:term":[{"taxonomy":"category","embeddable":true,"href":"https:\/\/www.radiopiu.net\/wordpress\/wp-json\/wp\/v2\/categories?post=371934"},{"taxonomy":"post_tag","embeddable":true,"href":"https:\/\/www.radiopiu.net\/wordpress\/wp-json\/wp\/v2\/tags?post=371934"}],"curies":[{"name":"wp","href":"https:\/\/api.w.org\/{rel}","templated":true}]}}