{"id":372038,"date":"2024-01-29T05:37:38","date_gmt":"2024-01-29T04:37:38","guid":{"rendered":"https:\/\/www.radiopiu.net\/wordpress\/?p=372038"},"modified":"2024-01-29T05:49:39","modified_gmt":"2024-01-29T04:49:39","slug":"escursionista-scivola-sul-sentiero-ghiacciato","status":"publish","type":"post","link":"https:\/\/www.radiopiu.net\/wordpress\/escursionista-scivola-sul-sentiero-ghiacciato\/","title":{"rendered":"ESCURSIONISTA SCIVOLA SUL SENTIERO GHIACCIATO"},"content":{"rendered":"<p>****<\/p>\n<p>&nbsp;<\/p>\n<p><strong>ZOPPE&#8217; DI CADORE<\/strong> Questa mattina verso le 9 la Centrale del Suem \u00e8 stata attivata per un escursionista infortunatosi, dopo essere scivolato a causa del ghiaccio. Il 32enne di Cornedo all&#8217;Isarco (BZ), che aveva riportato un probabile trauma alla gamba mentre percorreva il sentiero 471 sopra Zopp\u00e8 di Cadore, \u00e8 stato individuato dall&#8217;elicottero del Suem di Pieve di Cadore. Imbarcato, \u00e8 stato quindi trasportato all&#8217;ospedale di Agordo. Pronta a intervenire in piazzola una squadra del Soccorso alpino della Val di Zoldo.<\/p>\n<p>&nbsp;<\/p>\n<p>&nbsp;<\/p>\n<p>*******<\/p>\n","protected":false},"excerpt":{"rendered":"<p>**** &nbsp; ZOPPE&#8217; DI CADORE Questa mattina verso le 9 la Centrale del Suem \u00e8 stata attivata per un escursionista infortunatosi, dopo essere scivolato a causa del ghiaccio. Il 32enne di Cornedo all&#8217;Isarco (BZ), che aveva riportato un probabile trauma alla gamba mentre percorreva il sentiero 471 sopra Zopp\u00e8 di Cadore, \u00e8 stato individuato dall&#8217;elicottero&hellip;<\/p>\n","protected":false},"author":4,"featured_media":270917,"comment_status":"closed","ping_status":"closed","sticky":false,"template":"","format":"standard","meta":{"_monsterinsights_skip_tracking":false,"_monsterinsights_sitenote_active":false,"_monsterinsights_sitenote_note":"","_monsterinsights_sitenote_category":0,"footnotes":""},"categories":[51,49],"tags":[],"class_list":["post-372038","post","type-post","status-publish","format-standard","has-post-thumbnail","hentry","category-evidenza-top","category-news-18","category-51","category-49","description-off"],"img_url":"https:\/\/www.radiopiu.net\/wordpress\/wp-content\/uploads\/2022\/04\/soccorso-alpino-1024x602-1.jpg","_links":{"self":[{"href":"https:\/\/www.radiopiu.net\/wordpress\/wp-json\/wp\/v2\/posts\/372038","targetHints":{"allow":["GET"]}}],"collection":[{"href":"https:\/\/www.radiopiu.net\/wordpress\/wp-json\/wp\/v2\/posts"}],"about":[{"href":"https:\/\/www.radiopiu.net\/wordpress\/wp-json\/wp\/v2\/types\/post"}],"author":[{"embeddable":true,"href":"https:\/\/www.radiopiu.net\/wordpress\/wp-json\/wp\/v2\/users\/4"}],"replies":[{"embeddable":true,"href":"https:\/\/www.radiopiu.net\/wordpress\/wp-json\/wp\/v2\/comments?post=372038"}],"version-history":[{"count":0,"href":"https:\/\/www.radiopiu.net\/wordpress\/wp-json\/wp\/v2\/posts\/372038\/revisions"}],"wp:featuredmedia":[{"embeddable":true,"href":"https:\/\/www.radiopiu.net\/wordpress\/wp-json\/wp\/v2\/media\/270917"}],"wp:attachment":[{"href":"https:\/\/www.radiopiu.net\/wordpress\/wp-json\/wp\/v2\/media?parent=372038"}],"wp:term":[{"taxonomy":"category","embeddable":true,"href":"https:\/\/www.radiopiu.net\/wordpress\/wp-json\/wp\/v2\/categories?post=372038"},{"taxonomy":"post_tag","embeddable":true,"href":"https:\/\/www.radiopiu.net\/wordpress\/wp-json\/wp\/v2\/tags?post=372038"}],"curies":[{"name":"wp","href":"https:\/\/api.w.org\/{rel}","templated":true}]}}