{"id":372179,"date":"2024-01-30T05:52:49","date_gmt":"2024-01-30T04:52:49","guid":{"rendered":"https:\/\/www.radiopiu.net\/wordpress\/?p=372179"},"modified":"2024-01-30T08:02:54","modified_gmt":"2024-01-30T07:02:54","slug":"giornale-radiopiu-30-gennaio-20y4-direttore-mirko-mezzacasada-40-anni-25-giugno-1983-25-giugno-2023","status":"publish","type":"post","link":"https:\/\/www.radiopiu.net\/wordpress\/giornale-radiopiu-30-gennaio-20y4-direttore-mirko-mezzacasada-40-anni-25-giugno-1983-25-giugno-2023\/","title":{"rendered":"GIORNALE RADIOPIU 30 GENNAIO 2024 DIRETTORE MIRKO MEZZACASA\u2026DA 40 ANNI 25 GIUGNO 1983-25 GIUGNO 2023"},"content":{"rendered":"<p>****<\/p>\n<h1><\/h1>\n<p>&nbsp;<\/p>\n<h1 class=\"entry-title photoswipe-wrapper\"><strong><a class=\"dt-pswp-item\" href=\"https:\/\/www.radiopiu.net\/wordpress\/wp-content\/uploads\/2023\/12\/logo-radio.jpg\" data-dt-img-description=\"\" data-large_image_width=\"800\" data-large_image_height=\"600\"><img loading=\"lazy\" decoding=\"async\" class=\"wp-image-367163 alignleft\" src=\"https:\/\/www.radiopiu.net\/wordpress\/wp-content\/uploads\/2023\/12\/logo-radio-300x225.jpg\" alt=\"\" width=\"109\" height=\"82\" srcset=\"https:\/\/www.radiopiu.net\/wordpress\/wp-content\/uploads\/2023\/12\/logo-radio-300x225.jpg 300w, https:\/\/www.radiopiu.net\/wordpress\/wp-content\/uploads\/2023\/12\/logo-radio-768x576.jpg 768w, https:\/\/www.radiopiu.net\/wordpress\/wp-content\/uploads\/2023\/12\/logo-radio.jpg 800w\" sizes=\"auto, (max-width: 109px) 100vw, 109px\" \/><\/a><\/strong><\/h1>\n<h1 class=\"entry-title photoswipe-wrapper\">40esimo di RADIOPIU\u2026. LA VOCE DELL\u2019EMOZIONE<\/h1>\n<h2><\/h2>\n<h2><span style=\"color: #ff0000;\">ISCRIVITI AL NOSTRO CANALE\u00a0\u00a0YOUTUBE PER SEGUIRE IN DIRETTA I PRINCIPALI PROGRAMMI DI RADIO PIU\u2019 E LE FUTURE DIRETTE IN ESTERNA. PER ISCRIVERTI <a style=\"color: #ff0000;\" href=\"https:\/\/youtube.com\/@radiopiu1527\">CLICCA QUI\u00a0<\/a>E PREMI\u00a0 \u201cIscriviti\u201d\u00a0 \u00a0<\/span><\/h2>\n<p>&nbsp;<\/p>\n<p>&nbsp;<\/p>\n<p>&nbsp;<\/p>\n<div class=\"xdj266r x11i5rnm xat24cr x1mh8g0r x1vvkbs x126k92a\">\n<div dir=\"auto\"><a class=\"dt-pswp-item\" href=\"https:\/\/www.radiopiu.net\/wordpress\/wp-content\/uploads\/2024\/01\/Senza-nome-93.png\" data-dt-img-description=\"\" data-large_image_width=\"194\" data-large_image_height=\"128\"><img loading=\"lazy\" decoding=\"async\" class=\"size-full wp-image-372133 alignleft\" src=\"https:\/\/www.radiopiu.net\/wordpress\/wp-content\/uploads\/2024\/01\/Senza-nome-93.png\" alt=\"\" width=\"194\" height=\"128\" \/><\/a><strong>GRANDI NOVITA&#8217; ALLA RADIO&#8230; NUOVI PROGRAMMI IN ONDA DA QUESTA SETTIMANA<\/strong><\/div>\n<\/div>\n<div class=\"x11i5rnm xat24cr x1mh8g0r x1vvkbs xtlvy1s x126k92a\">\n<div dir=\"auto\"><\/div>\n<div dir=\"auto\">Da anni radiopiu trasmette DUE MINUTI UN LIBRO quotidiano appuntamento di invito alla lettura. Da venerdi sempre con Gianluca Melilli di <a class=\"x1i10hfl xjbqb8w x6umtig x1b1mbwd xaqea5y xav7gou x9f619 x1ypdohk xt0psk2 xe8uvvx xdj266r x11i5rnm xat24cr x1mh8g0r xexx8yu x4uap5 x18d9i69 xkhd6sd x16tdsg8 x1hl2dhg xggy1nq x1a2a7pz xt0b8zv x1fey0fg xo1l8bm\" tabindex=\"0\" role=\"link\" href=\"https:\/\/www.facebook.com\/dueminutiunlibro?__cft__[0]=AZV7awa_LYI62D-ivMOelnT4A3wHu6oD143QlceR_ZxwQ-uEuTe2FBtCpJLFWvu7wovMUMnUCmST7-ss5TyLu06-AbYhLZO4Cdx7IQsjdxGwRdqMjUUVGRoWOmR8_DsqWAw&amp;__tn__=-]K-R\"><span class=\"xt0psk2\">Due Minuti Un Libro<\/span><\/a> il nuovo programma in onda il VENERDI, SABATO E DOMENICA ALLE 7.10 E ALLE 18.45\u00a0 &#8220;Parole a Tema&#8221;: La prima Giornata che trattiamo \u00e8 quella dei Calzini spaiati: dall&#8217;apparenza bizzarra, ci aiuta a parlare di diversit\u00e0, inclusione, rispetto e amicizia.<\/div>\n<div dir=\"auto\"><\/div>\n<\/div>\n<div class=\"x11i5rnm xat24cr x1mh8g0r x1vvkbs xtlvy1s x126k92a\">\n<div dir=\"auto\"><em><strong>DA GIOVEDI IL NUOVO PROGRAMMA DI PAOLA LANCIATO.. CIAK SI GIRA. TUTTO QUELLO CHE SI NASCONDE NEL BACK STAGE DI UN GRANDE FILM.\u00a0 NEL TORNADO DI NOVITA&#8217; DI RADIOPIU&#8217;&#8230; DUE VOLTA ALLA SETTIMANA, IL LUNEDI E IL GIOVENDI ALLE 10.10&#8230;<\/strong><\/em><\/div>\n<div dir=\"auto\"><\/div>\n<div dir=\"auto\">\n<div class=\"x1e56ztr\" data-block=\"true\" data-editor=\"avj4u\" data-offset-key=\"6gh9t-0-0\">\n<div class=\"_1mf _1mj\" data-offset-key=\"6gh9t-0-0\"><em><strong>DA OGGI ALLE 15.10 RIASCOLTIAMOLI, EL DARLIN CON LUISA ALCHINI, LE INTERVISTE AGLI ANZIANI, PRIMA PUNTATA NEL RICORDO DI RENZO GAVAZ<\/strong><\/em><\/div>\n<\/div>\n<\/div>\n<\/div>\n<div data-offset-key=\"6gh9t-0-0\"><\/div>\n<div data-offset-key=\"6gh9t-0-0\"><strong>VENERDI &#8211; SABATO E DOMENCIA IL GIORmALE RADIO DI MARCO V. DAL FARRA<\/strong><\/div>\n<div class=\"x1e56ztr\" data-block=\"true\" data-editor=\"avj4u\" data-offset-key=\"d3i0j-0-0\"><\/div>\n<div data-block=\"true\" data-editor=\"avj4u\" data-offset-key=\"d3i0j-0-0\"><\/div>\n<div data-block=\"true\" data-editor=\"avj4u\" data-offset-key=\"d3i0j-0-0\"><\/div>\n<div class=\"x11i5rnm xat24cr x1mh8g0r x1vvkbs xtlvy1s x126k92a\">\n<div dir=\"auto\">\n<p><a class=\"dt-pswp-item\" href=\"https:\/\/www.radiopiu.net\/wordpress\/wp-content\/uploads\/2023\/10\/34f4cfc6-e863-46e9-9695-8df44be63421.jpg\" data-dt-img-description=\"\" data-large_image_width=\"1200\" data-large_image_height=\"1200\"><img loading=\"lazy\" decoding=\"async\" class=\"wp-image-357393 alignleft\" src=\"https:\/\/www.radiopiu.net\/wordpress\/wp-content\/uploads\/2023\/10\/34f4cfc6-e863-46e9-9695-8df44be63421-300x300.jpg\" alt=\"\" width=\"81\" height=\"81\" srcset=\"https:\/\/www.radiopiu.net\/wordpress\/wp-content\/uploads\/2023\/10\/34f4cfc6-e863-46e9-9695-8df44be63421-300x300.jpg 300w, https:\/\/www.radiopiu.net\/wordpress\/wp-content\/uploads\/2023\/10\/34f4cfc6-e863-46e9-9695-8df44be63421-1024x1024.jpg 1024w, https:\/\/www.radiopiu.net\/wordpress\/wp-content\/uploads\/2023\/10\/34f4cfc6-e863-46e9-9695-8df44be63421-150x150.jpg 150w, https:\/\/www.radiopiu.net\/wordpress\/wp-content\/uploads\/2023\/10\/34f4cfc6-e863-46e9-9695-8df44be63421-768x768.jpg 768w, https:\/\/www.radiopiu.net\/wordpress\/wp-content\/uploads\/2023\/10\/34f4cfc6-e863-46e9-9695-8df44be63421.jpg 1200w\" sizes=\"auto, (max-width: 81px) 100vw, 81px\" \/><\/a>OGGI ALLA RADIO: <strong>ALLE 7<\/strong> LA RASSEGNA STAMPA LOCALE FLASH, PER CHI COME NOI ALLE SETTE DEL MATTINO VA DI FRETTA, TANTE NOTIZIE IN POCHE CHIACCHIERE. <strong>ALLE OTTO<\/strong> L&#8217;APPROFONDIMENTO NELLA STORICA RASSEGNA STAMPA LOCALE.\u00a0 DALLE 6 ALLE 21, OGNI ORA, L&#8217;INFORMAZIONE NAZIONALE, l&#8217;informazione locale, ALLE 10 flash. 11flash. 14 viabilit\u00e0. 15meteo. 16flash. 17flash. 18flash. 19 i titoli di Antenna 3<\/p>\n<p>&nbsp;<\/p>\n<\/div>\n<hr \/>\n<\/div>\n<hr \/>\n<hr \/>\n<hr \/>\n<blockquote>\n<blockquote>\n<h1><span style=\"color: #ff0000;\">I podcast informativi del mattino &#8211; audio &#8211;\u00a0<\/span><\/h1>\n<\/blockquote>\n<p><strong><a class=\"dt-pswp-item\" href=\"https:\/\/www.radiopiu.net\/wordpress\/wp-content\/uploads\/2023\/11\/th-10.jpg\" data-dt-img-description=\"\" data-large_image_width=\"320\" data-large_image_height=\"180\"><img loading=\"lazy\" decoding=\"async\" class=\"wp-image-362866 alignleft\" src=\"https:\/\/www.radiopiu.net\/wordpress\/wp-content\/uploads\/2023\/11\/th-10-300x169.jpg\" alt=\"\" width=\"185\" height=\"104\" srcset=\"https:\/\/www.radiopiu.net\/wordpress\/wp-content\/uploads\/2023\/11\/th-10-300x169.jpg 300w, https:\/\/www.radiopiu.net\/wordpress\/wp-content\/uploads\/2023\/11\/th-10.jpg 320w\" sizes=\"auto, (max-width: 185px) 100vw, 185px\" \/><\/a>LA RASSEGNA STAMPA NAZIONALE ALLA RADIO, OGNI GIORNO ALLE 5 E ALLE 6 DEL MATTINO <span style=\"color: #0000ff;\">viene pubblicata alle 6.00 <span style=\"color: #ff0000;\">DIRETTA RADIO\u00a0\u00a0<\/span><\/span><\/strong><\/p>\n<p><strong><span style=\"color: #ff0000;\">di FEDERICA MUCIACCIA\u00a0<\/span><\/strong><\/p><\/blockquote>\n<p><strong>Parigi<\/strong> gli agricoltori bloccano la citt\u00e0, crack del gruppo Evergrand, il colosso indebitato per oltre 300 miliardi di dollari. <strong>Piano Mattei <\/strong>alla meloni &#8220;non siamo stati interpellati&#8221;.<strong> La cronaca,<\/strong> Budapest e la militante antifascista\u00a0 Ilaria\u00a0 in aula con catene a mani e piedi.<strong> Incidente stradale<\/strong> a Roma, investita una suora. <strong>Arrestata<\/strong> la coppia napoletana che nel 2022 aveva assassinato l&#8217;ex marito della donna.<strong> Scomparsi due adolescenti<\/strong> a Olbia, ricerche a tappetto. Indagini in corso per l&#8217;omicidio di <strong>Andrea Bosso<\/strong>, il 26enne, trovato morto nella sua abitazione nel\u00a0 varesotto <strong>Lo sport<\/strong>, panchina d&#8217;oro per il Ct Spalletti, l&#8217;allenatore dedica il titolo al Napoli, in chiusura il <strong>Meteo.<\/strong><\/p>\n<h2>L&#8217;AUDIO<\/h2>\n<audio class=\"wp-audio-shortcode\" id=\"audio-372179-1\" preload=\"none\" style=\"width: 100%;\" controls=\"controls\"><source type=\"audio\/mpeg\" src=\"https:\/\/www.radiopiu.net\/wordpress\/wp-content\/uploads\/2024\/01\/GIORNALEDELLESEI-24.mp3?_=1\" \/><a href=\"https:\/\/www.radiopiu.net\/wordpress\/wp-content\/uploads\/2024\/01\/GIORNALEDELLESEI-24.mp3\">https:\/\/www.radiopiu.net\/wordpress\/wp-content\/uploads\/2024\/01\/GIORNALEDELLESEI-24.mp3<\/a><\/audio>\n<p>&nbsp;<\/p>\n<p>&nbsp;<\/p>\n<hr \/>\n<p>&nbsp;<\/p>\n<h1 style=\"text-align: center;\"><span style=\"color: #ff0000;\">I podcast informativi del mattino &#8211; audio &#8211;\u00a0<\/span><\/h1>\n<p><strong><a class=\"dt-pswp-item\" href=\"https:\/\/www.radiopiu.net\/wordpress\/wp-content\/uploads\/2023\/12\/images.png\" data-dt-img-description=\"\" data-large_image_width=\"316\" data-large_image_height=\"160\"><img loading=\"lazy\" decoding=\"async\" class=\"wp-image-367008 alignleft\" src=\"https:\/\/www.radiopiu.net\/wordpress\/wp-content\/uploads\/2023\/12\/images-300x152.png\" alt=\"\" width=\"235\" height=\"119\" srcset=\"https:\/\/www.radiopiu.net\/wordpress\/wp-content\/uploads\/2023\/12\/images-300x152.png 300w, https:\/\/www.radiopiu.net\/wordpress\/wp-content\/uploads\/2023\/12\/images.png 316w\" sizes=\"auto, (max-width: 235px) 100vw, 235px\" \/><\/a>OGNI GIORNO ALLE SETTE DEL MATTINO, LA RASSEGNA STAMPA LOCALE FLASH&#8230; PER CHI VA IN FRETTA. I TITOLI DAI GIORNALI E DAL SITO WWW.RADIOPIU.NET <span style=\"color: #0000ff;\">viene pubblicato alle 7.00<\/span> <span style=\"color: #ff0000;\">DIRETTA RADIO\u00a0<\/span><\/strong><\/p>\n<p><em><span style=\"color: #ff0000;\">per chi va in fretta&#8230; tante notizie in pochi minuti. L&#8217;informazione locale alla radio, ogni ora dalle 7 del mattino alle 19 della sera.\u00a0\u00a0<\/span><\/em><\/p>\n<p><strong>VAL DI ZOLDO<\/strong> Nel fosso con il Suv sulla rampa di casa. Muore una donna di 71 anni colta da malore. Martina Bartsh 71 anni era una nota albergatrice zoldana.<br \/>\n<strong>CONEGLIANO<\/strong> Mercedes in contromano, schianto quasi frontale con una tipo guidata da un 24enne S.G. di Falcade in ospedale con ferite lievi. Mercedes in fiamme.<br \/>\n<strong>SANTO STEFANO DI CADORE<\/strong> I cittadini chiedono il ripristino della colonnina, dopo l&#8217;emulo di Fleximan che ha sradicato il contenitore dell&#8217;autovelox in pieno centro.<br \/>\n<strong>CORTINA<\/strong> Oggi il giorno decisivo per la pista da bon. Paolo Doglioni presidente di Confcommercio il pi\u00f9 convinto &#8220;serve compattezza&#8221;, la Cgil lancia l&#8217;allarme sicurezza, Floridia da sinistra contro Zaia.<br \/>\n<strong>FELTRE<\/strong> Spariti contanti per 30mila euro, l&#8217;anziano denuncia la colf rinviata a giudizio dalla Procura.<\/p>\n<h2>AUDIO<\/h2>\n<audio class=\"wp-audio-shortcode\" id=\"audio-372179-2\" preload=\"none\" style=\"width: 100%;\" controls=\"controls\"><source type=\"audio\/mpeg\" src=\"https:\/\/www.radiopiu.net\/wordpress\/wp-content\/uploads\/2024\/01\/GF07-22.mp3?_=2\" \/><a href=\"https:\/\/www.radiopiu.net\/wordpress\/wp-content\/uploads\/2024\/01\/GF07-22.mp3\">https:\/\/www.radiopiu.net\/wordpress\/wp-content\/uploads\/2024\/01\/GF07-22.mp3<\/a><\/audio>\n<h2><\/h2>\n<p>&nbsp;<\/p>\n<hr \/>\n<p>&nbsp;<\/p>\n<h1><\/h1>\n<h1 style=\"text-align: center;\"><span style=\"color: #ff0000;\">I podcast informativi del mattino &#8211; audio &#8211;\u00a0<\/span><\/h1>\n<blockquote><p><strong><a class=\"dt-pswp-item\" href=\"https:\/\/www.radiopiu.net\/wordpress\/wp-content\/uploads\/2021\/07\/microfono-radio-ok-768x448-768x448-1.jpg\" data-dt-img-description=\"\" data-large_image_width=\"768\" data-large_image_height=\"448\"><img loading=\"lazy\" decoding=\"async\" class=\"wp-image-220632 alignleft\" src=\"https:\/\/www.radiopiu.net\/wordpress\/wp-content\/uploads\/2021\/07\/microfono-radio-ok-768x448-768x448-1-300x175.jpg\" alt=\"\" width=\"178\" height=\"104\" srcset=\"https:\/\/www.radiopiu.net\/wordpress\/wp-content\/uploads\/2021\/07\/microfono-radio-ok-768x448-768x448-1-300x175.jpg 300w, https:\/\/www.radiopiu.net\/wordpress\/wp-content\/uploads\/2021\/07\/microfono-radio-ok-768x448-768x448-1.jpg 768w\" sizes=\"auto, (max-width: 178px) 100vw, 178px\" \/><\/a>GIORNALE RADIO NAZIONALE, EDIZIONE DELLE SETTE <span style=\"color: #0000ff;\">viene pubblicato alle 7.05 <span style=\"color: #ff0000;\">DIRETTA RADIO\u00a0<\/span><\/span><\/strong><\/p><\/blockquote>\n<p><strong>il giornale radionazionale e&#8217; in onda ogni ora, dalle sette del mattino alle venti della sera\u00a0\u00a0<\/strong><\/p>\n<h2><\/h2>\n<p>&nbsp;<\/p>\n<p><strong>ROMA<\/strong> Arrivati 10 bambini palestinesi feriti, sono accompagnati dai famigliari.<strong>\u00a0 Italia-Africa,<\/strong> orgoglio Meloni <em>&#8220;molti punti di contatto, \u00e8 la ripartenza&#8221;. <\/em><strong>Piano Mattei<\/strong> Meloni &#8220;obiettivi concreti e realizzabili&#8221;. <strong>Processo a Budapest<\/strong>, la Salis in catene e ceppi, interviene Tajani. <strong>Brasile<\/strong> 17enne annega a causa della tempesa, due bambini deceduti sempre nell&#8217;alluvione.<\/p>\n<audio class=\"wp-audio-shortcode\" id=\"audio-372179-3\" preload=\"none\" style=\"width: 100%;\" controls=\"controls\"><source type=\"audio\/mpeg\" src=\"https:\/\/www.radiopiu.net\/wordpress\/wp-content\/uploads\/2024\/01\/giornale07-24.mp3?_=3\" \/><a href=\"https:\/\/www.radiopiu.net\/wordpress\/wp-content\/uploads\/2024\/01\/giornale07-24.mp3\">https:\/\/www.radiopiu.net\/wordpress\/wp-content\/uploads\/2024\/01\/giornale07-24.mp3<\/a><\/audio>\n<p>&nbsp;<\/p>\n<p>&nbsp;<\/p>\n<hr \/>\n<p>&nbsp;<\/p>\n<p>&nbsp;<\/p>\n<h1><span style=\"color: #ff0000;\">I podcast informativi del mattino &#8211; video &#8211;\u00a0<\/span><\/h1>\n<h2><strong><a class=\"dt-pswp-item\" href=\"https:\/\/www.radiopiu.net\/wordpress\/wp-content\/uploads\/2023\/12\/th-10.jpg\" data-dt-img-description=\"\" data-large_image_width=\"245\" data-large_image_height=\"180\"><img loading=\"lazy\" decoding=\"async\" class=\" wp-image-367395 alignleft\" src=\"https:\/\/www.radiopiu.net\/wordpress\/wp-content\/uploads\/2023\/12\/th-10.jpg\" alt=\"\" width=\"166\" height=\"122\" \/><\/a>RASSEGNA STAMPA LOCALE, ORE OTTO 05<\/strong><\/h2>\n<h2><strong> <span style=\"color: #0000ff;\">viene\u00a0 <\/span><\/strong><strong><span style=\"color: #0000ff;\">pubblicata alle 8.05 <span style=\"color: #ff0000;\">DIRETTA RADIO\u00a0\u00a0<\/span><\/span><\/strong><\/h2>\n<p>&nbsp;<\/p>\n<p><strong>TAIBON<\/strong> \u00e8 stato dato l&#8217;ultimo saluto a Oliva Garavana,\u00a0 nata a Taibon Agordino il 12 febbraio del 1921. Una vita che ha attraversato un secolo, ricca di esperienze e memorie, si \u00e8 conclusa dolcemente durante la notte tra il 26 ed il 27 gennaio, quando Oliva \u00e8 tranquillamente sprofondata nel sonno<br \/>\n<strong>BELLUNO<\/strong> Livio Ravagni, noto per il suo contributo alla Repubblica di San Marino, \u00e8 deceduto a Belluno all&#8217;et\u00e0 di 98 anni. Originario di Cortina d&#8217;Ampezzo, ha guidato il &#8220;Consorzio di Brisighella \u2013 Bonifica Montana del Lamone e del Senio&#8221; a Faenza.<br \/>\n<strong>PONTE NELLE ALPI<\/strong> Marika Cordella, 56 anni, \u00e8 scomparsa dopo una coraggiosa lotta di tre anni contro la malattia. \u00c8 deceduta all&#8217;hospice di Belluno, circondata dall&#8217;affetto del personale e dei suoi cari. Lascia il marito Luciano De Fina e i figli Massimiliano, Alessandro e Marco<br \/>\n<strong>AGORDO ESSILORLUXOTTICA: AL VIA LE ADESIONI PER LA SETTIMANA CORTA<\/strong><br \/>\n<strong>BELLUNO NUOVI AVVOCATI, OGGI IL GIURAMENTO DI ALAIN DOTTA<\/strong><br \/>\nALPAGO Il Comitato Alpago 2 Ruote &amp; Solidariet\u00e0 ha celebrato il suo ventesimo anniversario con una serata di solidariet\u00e0, gemellaggi e ricordi.<\/p>\n<p><iframe loading=\"lazy\" title=\"DAL 1983 LA RASSEGNA STAMPA LOCALE di mirko mezzacasa. L&#039;ORIGINALE\" width=\"1200\" height=\"675\" src=\"https:\/\/www.youtube.com\/embed\/kwrd1ACyEvw?feature=oembed\" frameborder=\"0\" allow=\"accelerometer; autoplay; clipboard-write; encrypted-media; gyroscope; picture-in-picture; web-share\" allowfullscreen><\/iframe><\/p>\n<p>&nbsp;<\/p>\n<hr \/>\n<p>&nbsp;<\/p>\n<blockquote>\n<h3>LAVORI PROGRAMMATI GSP<\/h3>\n<\/blockquote>\n<p><strong>AGORDO<\/strong> Gestione Servizi Pubblici informa che, per lavori alla rete idrica comunale, oggi dalle 8:00 a FINE LAVORI verr\u00e0 sospesa l\u2019erogazione dell\u2019acqua ad AGORDO in FRAZIONE BRUGNACH. Il personale addetto operer\u00e0 per limitare il pi\u00f9 possibile i disagi alla popolazione<\/p>\n<p>&nbsp;<\/p>\n<hr \/>\n<p>&nbsp;<\/p>\n<p>&nbsp;<\/p>\n<blockquote>\n<h3>INCIDENTE MORTALE A PIANAZ DI ZOLDO ALTO<\/h3>\n<p><em>L\u2019auto scivola sulla rampa di casa e finisce nel torrentello: la passeggera, una donna di 71 anni viene colta da malore\u00a0 probabilmente cardiaco che l\u2019ha stroncata davanti agli occhi del marito.<\/em><\/p><\/blockquote>\n<p><strong><a class=\"dt-pswp-item\" href=\"https:\/\/www.radiopiu.net\/wordpress\/wp-content\/uploads\/2024\/01\/Senza-nome-98.png\" data-dt-img-description=\"\" data-large_image_width=\"154\" data-large_image_height=\"161\"><img loading=\"lazy\" decoding=\"async\" class=\"size-full wp-image-372290 alignright\" src=\"https:\/\/www.radiopiu.net\/wordpress\/wp-content\/uploads\/2024\/01\/Senza-nome-98.png\" alt=\"\" width=\"154\" height=\"161\" \/><\/a>ZOLDO ALTO<\/strong> Incidente stradale ieri mattina a Pianaz di Zoldo Alto.\u00a0 Ha perso la vita una donna, Martina Bartsch di 71 anni,\u00a0 originaria di Forno di Zoldo. Sul posto \u00e8 intervenuta l&#8217;ambulanza di Zoldo e l&#8217;elicottero Falco. Purtroppo per la donna non c&#8217;\u00e8 stato nulla da fare, i soccorritori\u00a0 l&#8217;hanno assistita negli ultimi minuti della sua vita mentre lamentava gravi difficolt\u00e0 di respirazione.<\/p>\n<blockquote>\n<blockquote>\n<h3>La vita nel segno dell&#8217;accoglienza a Palafavera e poi a Mareson.<\/h3>\n<\/blockquote>\n<div class=\"articlePlainSubHead\">Originaria della Germania, era tornata a gestire l&#8217;hotel Bosco Verde (dopo aver gestito il ristoro Pelmo a Palafaver). il marito Roberto Rizzardini, fu marigo per qualche tempo nella Regola Granda. \u00a0Martina Bartsch lascia due figlie<\/div>\n<blockquote><p><em>La tragedia, molto probabilmente causata da un malore: intorno alle 10 di mattina, nella zona di Pianaz, a Zoldo Alto, dalle prime ricostruzioni, la vettura sarebbe scivolata sul ghiaccio lungo una rampetta. La conducente avrebbe perso il controllo del mezzo che \u00e8 andato fuori strada, finendo nel torrente nei pressi.\u00a0 \u00a0I vigili del fuoco arrivati da Belluno e con il personale volontario di Zoldo Alto, hanno estratto la donna, mentre\u00a0 l&#8217;uomo al volante era riuscito a venire fuori autonomamente.<\/em><\/p><\/blockquote>\n<\/blockquote>\n<div id=\"adv-Bottom\">\n<div id=\"div-gpt-ad-Bottom\" data-google-query-id=\"CLWW3Y_lgoQDFSu4JwIdE_MDKA\">\n<div class=\"teads-inread\">\n<div>\n<div class=\"teads-ui-components-label\">\n<p>i vigili del fuoco\u00a0 hanno provveduto con l\u2019autogr\u00f9 al recupero dell\u2019auto. I carabinieri hanno deviato il traffico ed eseguito i rilievi del sinistro. Le operazioni di soccorso dei vigili del fuoco sono terminate dopo le 14<\/p>\n\n\t\t\t<style type='text\/css'>\n\t\t\t\t#gallery-1 {\n\t\t\t\t\tmargin: auto;\n\t\t\t\t}\n\t\t\t\t#gallery-1 .gallery-item {\n\t\t\t\t\tfloat: left;\n\t\t\t\t\tmargin-top: 10px;\n\t\t\t\t\ttext-align: center;\n\t\t\t\t\twidth: 33%;\n\t\t\t\t}\n\t\t\t\t#gallery-1 img {\n\t\t\t\t\tborder: 2px solid #cfcfcf;\n\t\t\t\t}\n\t\t\t\t#gallery-1 .gallery-caption {\n\t\t\t\t\tmargin-left: 0;\n\t\t\t\t}\n\t\t\t\t\/* see gallery_shortcode() in wp-includes\/media.php *\/\n\t\t\t<\/style>\n\t\t<div id='gallery-1' class='dt-gallery-container gallery galleryid-372179 gallery-columns-3 gallery-size-thumbnail'><dl class='gallery-item'>\n\t\t\t\t<dt class='gallery-icon landscape'>\n\t\t\t\t\t<a class=\"rollover rollover-zoom dt-pswp-item\" title=\"4cd8c132-1060-476a-97f0-b6ae667bc4e3\" data-dt-img-description=\"\" data-large_image_width=\"1236\" data-large_image_height=\"760\"href='https:\/\/www.radiopiu.net\/wordpress\/wp-content\/uploads\/2024\/01\/4cd8c132-1060-476a-97f0-b6ae667bc4e3.jpg'><img loading=\"lazy\" decoding=\"async\" width=\"150\" height=\"150\" src=\"https:\/\/www.radiopiu.net\/wordpress\/wp-content\/uploads\/2024\/01\/4cd8c132-1060-476a-97f0-b6ae667bc4e3-150x150.jpg\" class=\"attachment-thumbnail size-thumbnail\" alt=\"\" \/><\/a>\n\t\t\t\t<\/dt><\/dl><dl class='gallery-item'>\n\t\t\t\t<dt class='gallery-icon landscape'>\n\t\t\t\t\t<a class=\"rollover rollover-zoom dt-pswp-item\" title=\"e0fbdd4d-a94a-4975-8b81-301bba72d643\" data-dt-img-description=\"\" data-large_image_width=\"1280\" data-large_image_height=\"960\"href='https:\/\/www.radiopiu.net\/wordpress\/wp-content\/uploads\/2024\/01\/e0fbdd4d-a94a-4975-8b81-301bba72d643.jpg'><img loading=\"lazy\" decoding=\"async\" width=\"150\" height=\"150\" src=\"https:\/\/www.radiopiu.net\/wordpress\/wp-content\/uploads\/2024\/01\/e0fbdd4d-a94a-4975-8b81-301bba72d643-150x150.jpg\" class=\"attachment-thumbnail size-thumbnail\" alt=\"\" \/><\/a>\n\t\t\t\t<\/dt><\/dl><dl class='gallery-item'>\n\t\t\t\t<dt class='gallery-icon landscape'>\n\t\t\t\t\t<a class=\"rollover rollover-zoom dt-pswp-item\" title=\"53329e63-7070-4a06-a59e-2d350f6912b1\" data-dt-img-description=\"\" data-large_image_width=\"1145\" data-large_image_height=\"720\"href='https:\/\/www.radiopiu.net\/wordpress\/wp-content\/uploads\/2024\/01\/53329e63-7070-4a06-a59e-2d350f6912b1.jpg'><img loading=\"lazy\" decoding=\"async\" width=\"150\" height=\"150\" src=\"https:\/\/www.radiopiu.net\/wordpress\/wp-content\/uploads\/2024\/01\/53329e63-7070-4a06-a59e-2d350f6912b1-150x150.jpg\" class=\"attachment-thumbnail size-thumbnail\" alt=\"\" \/><\/a>\n\t\t\t\t<\/dt><\/dl><br style=\"clear: both\" \/>\n\t\t\t<\/div>\n\n<p>&nbsp;<\/p>\n<hr \/>\n<p>&nbsp;<\/p>\n<blockquote>\n<h3>INCIDENTE IN AUTOSTRADA, 24ENNE FALCADINO IN OSPEDALE<\/h3>\n<\/blockquote>\n<p><strong><a class=\"dt-pswp-item\" href=\"https:\/\/www.radiopiu.net\/wordpress\/wp-content\/uploads\/2024\/01\/Senza-nome-99.png\" data-dt-img-description=\"\" data-large_image_width=\"331\" data-large_image_height=\"233\"><img loading=\"lazy\" decoding=\"async\" class=\"size-medium wp-image-372294 alignleft\" src=\"https:\/\/www.radiopiu.net\/wordpress\/wp-content\/uploads\/2024\/01\/Senza-nome-99-300x211.png\" alt=\"\" width=\"300\" height=\"211\" srcset=\"https:\/\/www.radiopiu.net\/wordpress\/wp-content\/uploads\/2024\/01\/Senza-nome-99-300x211.png 300w, https:\/\/www.radiopiu.net\/wordpress\/wp-content\/uploads\/2024\/01\/Senza-nome-99.png 331w\" sizes=\"auto, (max-width: 300px) 100vw, 300px\" \/><\/a>CONEGLIANO<\/strong> Un incidente stradale \u00e8 avvenuto ieri a Conegliano, coinvolgendo una Mercedes coup\u00e9 (in seguito all&#8217;urto ha preso fuoco) guidata da un conducente settantenne di Pordenone e una Fiat Tipo condotta da S.G., un 24enne di Falcade. Il conducente della Mercedes ha commesso un errore di percorso allo svincolo per Conegliano, decidendo quindi di invertire la direzione attraverso una manovra di inversione a U. Purtroppo, ci\u00f2 ha portato a uno schianto quasi frontale con la Fiat Tipo. A seguito dell&#8217;incidente, il conducente della Fiat Tipo \u00e8 stato trasportato in ospedale per accertamenti, mentre il settantenne di Pordenone ha riportato ferite lievi e \u00e8 stato anch&#8217;esso ricoverato per cure mediche. Le autorit\u00e0 stanno indagando per determinare le circostanze esatte dell&#8217;incidente e stabilire eventuali responsabilit\u00e0. La situazione ha causato temporanei disagi alla viabilit\u00e0 nella zona interessata, con interventi da parte delle forze dell&#8217;ordine e dei soccorritori.<\/p>\n<p>&nbsp;<\/p>\n<hr \/>\n<p>&nbsp;<\/p>\n<blockquote>\n<h3>INCIDENTI STRADALI ED IN PISTA, MALORE NELLE ZOLDANO MUORE UNA DONNA DI 87 ANNI<\/h3>\n<\/blockquote>\n<\/div>\n<p><strong><a class=\"dt-pswp-item\" href=\"https:\/\/www.radiopiu.net\/wordpress\/wp-content\/uploads\/2024\/01\/WhatsApp-Image-2024-01-29-at-16.56.17.jpeg\" data-dt-img-description=\"\" data-large_image_width=\"1600\" data-large_image_height=\"1200\"><img loading=\"lazy\" decoding=\"async\" class=\"wp-image-372264 alignleft\" src=\"https:\/\/www.radiopiu.net\/wordpress\/wp-content\/uploads\/2024\/01\/WhatsApp-Image-2024-01-29-at-16.56.17-300x225.jpeg\" alt=\"\" width=\"207\" height=\"155\" srcset=\"https:\/\/www.radiopiu.net\/wordpress\/wp-content\/uploads\/2024\/01\/WhatsApp-Image-2024-01-29-at-16.56.17-300x225.jpeg 300w, https:\/\/www.radiopiu.net\/wordpress\/wp-content\/uploads\/2024\/01\/WhatsApp-Image-2024-01-29-at-16.56.17-1024x768.jpeg 1024w, https:\/\/www.radiopiu.net\/wordpress\/wp-content\/uploads\/2024\/01\/WhatsApp-Image-2024-01-29-at-16.56.17-768x576.jpeg 768w, https:\/\/www.radiopiu.net\/wordpress\/wp-content\/uploads\/2024\/01\/WhatsApp-Image-2024-01-29-at-16.56.17-1536x1152.jpeg 1536w, https:\/\/www.radiopiu.net\/wordpress\/wp-content\/uploads\/2024\/01\/WhatsApp-Image-2024-01-29-at-16.56.17.jpeg 1600w\" sizes=\"auto, (max-width: 207px) 100vw, 207px\" \/><\/a>REDAZIONE<\/strong> Uomini e donne del Suem, volontari delle Ambulanze ed elisoccorso hanno iniziato la settimana con quattro chiamate tra le 10 e le 15 del pomerggio. Come gi\u00e0 riferito in altro articolo una donna di 71 anni, Martina Bartsch residente in Val di Zoldo ha perso la vita per un malore nell&#8217;auto guidata dal marito e scivolata verso un torrente.<br \/>\n<strong>Alle 12<\/strong> elicottero in volo verso Arabba, soccorso un 63enne della Nuova Zelanda direttamente sulle piste di sci (ferite di media gravit\u00e0). <strong>Incidente stradale<\/strong> a Piaia, in ospedale (con ambulanza) una quindicenne di Ronchi dei Legionari (ferite di media gravit\u00e0).\u00a0 Altro intervento in pista sul <strong>Zoncolan<\/strong>, soccorsa una ragazzina di 15 anni in seguito ad un incidente in pista (ferite media gravit\u00e0). Alle 15.30 elicottero di nuovo a <strong>Passo Campolongo<\/strong>, una 51enne polacca ha riportato ferite in un incidente sugli sci. Infine <span style=\"color: #ff0000;\"><strong>Ieri sera l&#8217;elicottero Falco \u00e8 tornato nello zoldano, a Forno di Zoldo per un malore, ha perso la vita una donna di 87 anni di Zoldo Alto\u00a0<\/strong><\/span><\/p>\n<p>&nbsp;<\/p>\n<p>&nbsp;<\/p>\n<div id=\"teads0\" class=\"teads-player\">\n<hr \/>\n<\/div>\n<blockquote>\n<h2><\/h2>\n<h2>Addio a Oliva Garavana: Una Vita di Cento e Pi\u00f9 Anni<\/h2>\n<\/blockquote>\n<\/div>\n<div>\n<p><strong><img decoding=\"async\" class=\"alignleft\" src=\"https:\/\/www.radiopiu.net\/wordpress\/wp-content\/uploads\/2024\/01\/Senza-nome-94.png\" \/>TAIBON<\/strong> Oggi \u00e8 stato dato l&#8217;ultimo saluto a Oliva Garavana,\u00a0 nata a Taibon Agordino il 12 febbraio del 1921. Una vita che ha attraversato un secolo, ricca di esperienze e memorie, si \u00e8 conclusa dolcemente durante la notte tra il 26 ed il 27 gennaio, quando Oliva \u00e8 tranquillamente sprofondata nel sonno. Il destino ha voluto che l&#8217;annuncio della sua dipartita giungesse poche settimane prima del suo 103\u00ba compleanno, programmato per il prossimo 12 febbraio. Un traguardo impressionante, simbolo di una vita vissuta con intensit\u00e0 e resilienza attraverso i decenni. Nata in un piccolo borgo di montagna, Oliva ha assistito a trasformazioni epocali, ha vissuto periodi di guerra e di pace, ha visto il mondo cambiare intorno a lei. La sua saggezza e la sua gentilezza hanno fatto di lei un punto di riferimento, un anello che collegava le generazioni. Mentre salutiamo Oliva Garavana, ci fermiamo a riflettere sulla bellezza e sulla complessit\u00e0 di una vita vissuta al massimo. I suoi 103 anni di esperienze, amori, e traguardi ci lasciano con un&#8217;eredit\u00e0 di saggezza e ispirazione. Oliva rimarr\u00e0 nei cuori di coloro che l&#8217;hanno conosciuta, una presenza eterna che continuer\u00e0 a illuminare il cammino di chi ha avuto la fortuna di incrociare il suo.<\/p>\n<p>&nbsp;<\/p>\n<hr \/>\n<p>&nbsp;<\/p>\n<blockquote>\n<h3>DOMANI A CASTION I FUNERALI DI LIVIO RAVAGNI<\/h3>\n<\/blockquote>\n<p><strong><a class=\"dt-pswp-item\" href=\"https:\/\/www.radiopiu.net\/wordpress\/wp-content\/uploads\/2024\/01\/Senza-nome-96.png\" data-dt-img-description=\"\" data-large_image_width=\"251\" data-large_image_height=\"250\"><img loading=\"lazy\" decoding=\"async\" class=\" wp-image-372288 alignleft\" src=\"https:\/\/www.radiopiu.net\/wordpress\/wp-content\/uploads\/2024\/01\/Senza-nome-96.png\" alt=\"\" width=\"153\" height=\"152\" srcset=\"https:\/\/www.radiopiu.net\/wordpress\/wp-content\/uploads\/2024\/01\/Senza-nome-96.png 251w, https:\/\/www.radiopiu.net\/wordpress\/wp-content\/uploads\/2024\/01\/Senza-nome-96-150x150.png 150w\" sizes=\"auto, (max-width: 153px) 100vw, 153px\" \/><\/a>BELLUNO<\/strong> Livio Ravagni, noto per il suo contributo alla Repubblica di San Marino, \u00e8 deceduto a Belluno all&#8217;et\u00e0 di 98 anni. Originario di Cortina d&#8217;Ampezzo, ha guidato il &#8220;Consorzio di Brisighella \u2013 Bonifica Montana del Lamone e del Senio&#8221; a Faenza. Ha lavorato per trent&#8217;anni come consulente a San Marino, contribuendo al &#8220;Piano generale di bonifica calanchiva&#8221; negli anni Settanta. Nel 2002, \u00e8 stato nominato Cavaliere dell&#8217;Ordine di Sant&#8217;Agata dalla Repubblica sammarinese. Dopo il pensionamento, \u00e8 tornato a Belluno, dove ha diretto la SIS Sciovia Nevegal. Appassionato di sport e amante della natura, ha lasciato un&#8217;impronta profonda come padre e figura di riferimento. I funerali si terranno nella chiesa arcipretale di Castion.<\/p>\n<p>&nbsp;<\/p>\n<hr \/>\n<p>&nbsp;<\/p>\n<blockquote>\n<h3>UNA DURA BATTAGLIA, FINO ALL&#8217;ULTIMO GIORNO<\/h3>\n<\/blockquote>\n<p><a class=\"dt-pswp-item\" href=\"https:\/\/www.radiopiu.net\/wordpress\/wp-content\/uploads\/2024\/01\/Senza-nome-97.png\" data-dt-img-description=\"\" data-large_image_width=\"228\" data-large_image_height=\"305\"><img loading=\"lazy\" decoding=\"async\" class=\"wp-image-372289 alignleft\" src=\"https:\/\/www.radiopiu.net\/wordpress\/wp-content\/uploads\/2024\/01\/Senza-nome-97-224x300.png\" alt=\"\" width=\"92\" height=\"123\" srcset=\"https:\/\/www.radiopiu.net\/wordpress\/wp-content\/uploads\/2024\/01\/Senza-nome-97-224x300.png 224w, https:\/\/www.radiopiu.net\/wordpress\/wp-content\/uploads\/2024\/01\/Senza-nome-97.png 228w\" sizes=\"auto, (max-width: 92px) 100vw, 92px\" \/><\/a><strong>PONTE NELLE ALPI<\/strong> Marika Cordella, 56 anni, \u00e8 scomparsa dopo una coraggiosa lotta di tre anni contro la malattia. \u00c8 deceduta all&#8217;hospice di Belluno, circondata dall&#8217;affetto del personale e dei suoi cari. Lascia il marito Luciano De Fina e i figli Massimiliano, Alessandro e Marco con le rispettive famiglie, oltre alla madre Erminia, alla sorella Catia e a numerosi parenti. I funerali si terranno gioved\u00ec alle 15:30 nella chiesa arcipretale di Cadola, seguiti dalla cremazione. Marika era molto conosciuta in paese, nota per la sua solarit\u00e0 e accoglienza.<\/p>\n<div class=\"flex-1 overflow-hidden\">\n<div class=\"react-scroll-to-bottom--css-wdhcf-79elbk h-full\">\n<div class=\"react-scroll-to-bottom--css-wdhcf-1n7m0yu\">\n<div class=\"flex flex-col pb-9 text-sm\">\n<div class=\"w-full text-token-text-primary\" data-testid=\"conversation-turn-15\">\n<div class=\"px-4 py-2 justify-center text-base md:gap-6 m-auto\">\n<div class=\"flex flex-1 text-base mx-auto gap-3 md:px-5 lg:px-1 xl:px-5 md:max-w-3xl lg:max-w-[40rem] xl:max-w-[48rem] group final-completion\">\n<div class=\"relative flex w-full flex-col lg:w-[calc(100%-115px)] agent-turn\">\n<div class=\"flex-col gap-1 md:gap-3\">\n<div class=\"flex flex-grow flex-col max-w-full\">\n<p>&nbsp;<\/p>\n<hr \/>\n<\/div>\n<\/div>\n<\/div>\n<p>&nbsp;<\/p>\n<div class=\"relative flex w-full flex-col lg:w-[calc(100%-115px)] agent-turn\">\n<div class=\"flex-col gap-1 md:gap-3\">\n<div class=\"flex flex-grow flex-col max-w-full\">\n<blockquote>\n<h3><\/h3>\n<h3>ALMENO UNA DOZZINA DI COMUNI NEL BELLUNESE SEGNALE DIFFICOLT\u00c0 NEGLI UFFICI PER CITTADINANZA IURE SANGUINIS<\/h3>\n<p><strong>De Bona<\/strong> &#8220;<em>Il nostro associazionismo ha sempre perseguito la via del confronto e quindi invito i Sindaci a fare gioco di squadra, noi di Unaie ci siamo&#8221;.<\/em><\/p><\/blockquote>\n<p><strong><a class=\"dt-pswp-item\" href=\"https:\/\/www.radiopiu.net\/wordpress\/wp-content\/uploads\/2024\/01\/oscar_de_bona1.jpg\" data-dt-img-description=\"\" data-large_image_width=\"829\" data-large_image_height=\"610\"><img loading=\"lazy\" decoding=\"async\" class=\"wp-image-372269 alignleft\" src=\"https:\/\/www.radiopiu.net\/wordpress\/wp-content\/uploads\/2024\/01\/oscar_de_bona1-300x221.jpg\" alt=\"\" width=\"182\" height=\"134\" srcset=\"https:\/\/www.radiopiu.net\/wordpress\/wp-content\/uploads\/2024\/01\/oscar_de_bona1-300x221.jpg 300w, https:\/\/www.radiopiu.net\/wordpress\/wp-content\/uploads\/2024\/01\/oscar_de_bona1-768x565.jpg 768w, https:\/\/www.radiopiu.net\/wordpress\/wp-content\/uploads\/2024\/01\/oscar_de_bona1.jpg 829w\" sizes=\"auto, (max-width: 182px) 100vw, 182px\" \/><\/a>BELLUNO<\/strong> Una crescente difficolt\u00e0 coinvolge i Comuni del Bellunese, tra cui Borgo Valbelluna, Sospirolo, Limana,\u00a0Lozzo, Voltago, Alleghe, Agordo, Rocca Pietore, Canale d\u2019Agordo, Tambre, Fonzaso. e altri, a causa dell&#8217;elevato numero di pratiche per la richiesta di cittadinanza iure sanguinis. Oscar De Bona, presidente di UNAIE, sottolinea l&#8217;ampia portata del problema su scala nazionale e critica chi presenta numerose pratiche contemporaneamente. De Bona suggerisce soluzioni concrete, compreso un esame di conoscenza della lingua e cultura italiana, approvato all&#8217;unanimit\u00e0 da UNAIE. Si invita i Comuni a valutare queste proposte in collaborazione con il Governo.<\/p>\n<\/div>\n<\/div>\n<\/div>\n<\/div>\n<\/div>\n<\/div>\n<\/div>\n<\/div>\n<\/div>\n<\/div>\n<\/div>\n<\/div>\n<\/div>\n<\/div>\n<p>&nbsp;<\/p>\n<p>&nbsp;<\/p>\n<hr \/>\n<p>&nbsp;<\/p>\n<p>&nbsp;<\/p>\n<blockquote>\n<h3>PROVINCIA 1, RICORRENTI ZERO. IL CONSIGLIO DI STATO RIGETTA IL RICORSO<\/h3>\n<\/blockquote>\n<p><strong><a class=\"dt-pswp-item\" href=\"https:\/\/www.radiopiu.net\/wordpress\/wp-content\/uploads\/2022\/02\/ITIS-SEGATO.png\" data-dt-img-description=\"\" data-large_image_width=\"1742\" data-large_image_height=\"1344\"><img loading=\"lazy\" decoding=\"async\" class=\" wp-image-259852 alignleft\" src=\"https:\/\/www.radiopiu.net\/wordpress\/wp-content\/uploads\/2022\/02\/ITIS-SEGATO-300x231.png\" alt=\"\" width=\"180\" height=\"139\" srcset=\"https:\/\/www.radiopiu.net\/wordpress\/wp-content\/uploads\/2022\/02\/ITIS-SEGATO-300x231.png 300w, https:\/\/www.radiopiu.net\/wordpress\/wp-content\/uploads\/2022\/02\/ITIS-SEGATO-1024x790.png 1024w, https:\/\/www.radiopiu.net\/wordpress\/wp-content\/uploads\/2022\/02\/ITIS-SEGATO-768x593.png 768w, https:\/\/www.radiopiu.net\/wordpress\/wp-content\/uploads\/2022\/02\/ITIS-SEGATO-1536x1185.png 1536w, https:\/\/www.radiopiu.net\/wordpress\/wp-content\/uploads\/2022\/02\/ITIS-SEGATO.png 1742w\" sizes=\"auto, (max-width: 180px) 100vw, 180px\" \/><\/a>BELLUNO<\/strong> Il Consiglio di Stato ha respinto il ricorso presentato dalle ditte non aggiudicatarie dell&#8217;appalto per i lavori di riqualificazione dell&#8217;Iti Segato, confermando la correttezza e regolarit\u00e0 dell&#8217;iter seguito dalla Provincia di Belluno. Il presidente della Provincia, Roberto Padrin, esprime soddisfazione per la sentenza e sottolinea che il cantiere potr\u00e0 procedere senza ostacoli, le operazioni di cantiere all&#8217;Iti Segato sono gi\u00e0 in corso e si intensificheranno nei prossimi mesi nell&#8217;ambito del Piano Nazionale di Ripresa e Resilienza (Pnrr).<\/p>\n<p>&nbsp;<\/p>\n<hr \/>\n<p>&nbsp;<\/p>\n<blockquote>\n<h3>ESSILORLUXOTTICA: AL VIA LE ADESIONI PER LA SETTIMANA CORTA<\/h3>\n<\/blockquote>\n<p><strong><a class=\"dt-pswp-item\" href=\"https:\/\/www.radiopiu.net\/wordpress\/wp-content\/uploads\/2022\/06\/LUXOTTICA-13.jpg\" data-dt-img-description=\"\" data-large_image_width=\"1111\" data-large_image_height=\"600\"><img loading=\"lazy\" decoding=\"async\" class=\" wp-image-284020 alignleft\" src=\"https:\/\/www.radiopiu.net\/wordpress\/wp-content\/uploads\/2022\/06\/LUXOTTICA-13-300x162.jpg\" alt=\"\" width=\"183\" height=\"99\" srcset=\"https:\/\/www.radiopiu.net\/wordpress\/wp-content\/uploads\/2022\/06\/LUXOTTICA-13-300x162.jpg 300w, https:\/\/www.radiopiu.net\/wordpress\/wp-content\/uploads\/2022\/06\/LUXOTTICA-13-1024x553.jpg 1024w, https:\/\/www.radiopiu.net\/wordpress\/wp-content\/uploads\/2022\/06\/LUXOTTICA-13-768x415.jpg 768w, https:\/\/www.radiopiu.net\/wordpress\/wp-content\/uploads\/2022\/06\/LUXOTTICA-13.jpg 1111w\" sizes=\"auto, (max-width: 183px) 100vw, 183px\" \/><\/a>AGORDO<\/strong> Le maestranze del gruppo EssilorLuxottica si sono svegliate ieri con un sms dell&#8217;azienda che comunicava il via delle adesioni alla settimana corta. Infatti gli operai del gruppo possono richiedere di lavorare 4 giorni e rimanere a casa il venerd\u00ec. Un accordo trovato con le rappresentanze sindacali al momento della firma per il contratto integrativo. Il periodo di prova sperimentale inizier\u00e0 il 1 aprile per concludersi il 31 dicembre. Saranno 20 settimane corte a parit\u00e0 di stipendio. Per aderire alla fase sperimentale del progetto gli interessati dovranno accedere al portale aziendale e compilare il modulo dedicato presente tra i moduli personali del My Personal Desk. Una volta compilato il documento il dipendente verr\u00e0 contattato dal proprio referente dell&#8217;ufficio personale per la conferma dell&#8217;accettazione della domanda.<\/p>\n<p>&nbsp;<\/p>\n<p>&nbsp;<\/p>\n<p>&nbsp;<\/p>\n<hr \/>\n<p>&nbsp;<\/p>\n<blockquote>\n<h3>BONIFICO AGEVOLAZIONI FISCALI: SALE LA RITENUTA D&#8217;ACCONTO<\/h3>\n<\/blockquote>\n<p><strong><a class=\"dt-pswp-item\" href=\"https:\/\/www.radiopiu.net\/wordpress\/wp-content\/uploads\/2022\/07\/CONFARTIGIANATO.png\" data-dt-img-description=\"\" data-large_image_width=\"1001\" data-large_image_height=\"431\"><img loading=\"lazy\" decoding=\"async\" class=\" wp-image-288229 alignleft\" src=\"https:\/\/www.radiopiu.net\/wordpress\/wp-content\/uploads\/2022\/07\/CONFARTIGIANATO-300x129.png\" alt=\"\" width=\"184\" height=\"79\" srcset=\"https:\/\/www.radiopiu.net\/wordpress\/wp-content\/uploads\/2022\/07\/CONFARTIGIANATO-300x129.png 300w, https:\/\/www.radiopiu.net\/wordpress\/wp-content\/uploads\/2022\/07\/CONFARTIGIANATO-768x331.png 768w, https:\/\/www.radiopiu.net\/wordpress\/wp-content\/uploads\/2022\/07\/CONFARTIGIANATO.png 1001w\" sizes=\"auto, (max-width: 184px) 100vw, 184px\" \/><\/a>BELLUNO<\/strong> Le imprese edili della Provincia di Belluno affronteranno una significativa perdita di entrate, stimata in oltre 6 milioni di euro in pi\u00f9 rispetto agli anni precedenti, a causa dell&#8217;aumento della ritenuta sui bonifici parlanti, passata dall&#8217;8% all&#8217;11% con la legge di Bilancio 2024. Questa decisione avr\u00e0 un impatto notevole sulla liquidit\u00e0 delle imprese del settore edilizio, specialmente per quanto riguarda il blocco delle cessioni dei crediti d&#8217;imposta. Il presidente di Confartigianato Imprese Belluno, Fabio Zatta, denuncia le conseguenze negative di questa misura, evidenziando l&#8217;importanza dei bonus fiscali per sostenere le famiglie e le imprese nell&#8217;ampliamento e miglioramento del patrimonio immobiliare. L&#8217;aumento della ritenuta mina questa leva finanziaria, compromettendo gli sforzi nel settore dell&#8217;edilizia. Zatta sottolinea la necessit\u00e0 di strategie stabili per garantire la riqualificazione del patrimonio immobiliare italiano in linea con gli obiettivi della nuova Direttiva Casa.<\/p>\n<p>&nbsp;<\/p>\n<p>&nbsp;<\/p>\n<p>&nbsp;<\/p>\n<hr \/>\n<p>&nbsp;<\/p>\n<p>&nbsp;<\/p>\n<blockquote>\n<h2>Confcommercio chiede unit\u00e0 nel sostenere il progetto della nuova pista<\/h2>\n<\/blockquote>\n<p><strong><a class=\"dt-pswp-item\" href=\"https:\/\/www.radiopiu.net\/wordpress\/wp-content\/uploads\/2019\/02\/CONFCOMMERCIO.jpg\" data-dt-img-description=\"\" data-large_image_width=\"400\" data-large_image_height=\"400\"><img loading=\"lazy\" decoding=\"async\" class=\"wp-image-75615 alignleft\" src=\"https:\/\/www.radiopiu.net\/wordpress\/wp-content\/uploads\/2019\/02\/CONFCOMMERCIO-300x300.jpg\" alt=\"\" width=\"142\" height=\"142\" srcset=\"https:\/\/www.radiopiu.net\/wordpress\/wp-content\/uploads\/2019\/02\/CONFCOMMERCIO-300x300.jpg 300w, https:\/\/www.radiopiu.net\/wordpress\/wp-content\/uploads\/2019\/02\/CONFCOMMERCIO-150x150.jpg 150w, https:\/\/www.radiopiu.net\/wordpress\/wp-content\/uploads\/2019\/02\/CONFCOMMERCIO.jpg 400w\" sizes=\"auto, (max-width: 142px) 100vw, 142px\" \/><\/a>BELLUNO<\/strong> Il presidente di Confcommercio Belluno, Paolo Doglioni, sottolinea l&#8217;importanza di un sostegno unanime alla progettualit\u00e0 della nuova pista da bob a Cortina, affinch\u00e9 sia supportata da ogni componente della comunit\u00e0 locale e raggiunga i decisori olimpici fondamentali. Doglioni evidenzia che le incertezze emerse riguardo alla realizzazione della struttura hanno compromesso la coesione e la condivisione nel percorso verso l&#8217;evento olimpico. Confcommercio\u00a0 sostiene la necessit\u00e0 che le gare olimpiche abbiano luogo nella conca ampezzana originariamente prevista. Il presidente ribadisce gli aspetti positivi, come la possibilit\u00e0 di avere un impianto tecnologicamente avanzato.<\/p>\n<p>&nbsp;<\/p>\n<p>&nbsp;<\/p>\n<hr \/>\n<blockquote>\n<h3><\/h3>\n<h3>PISTA DA BOB: LE PREOCCUPAZIONI DELLA CAMERA DEL LAVORO DI BELLUNO E CGIL<\/h3>\n<\/blockquote>\n<p><strong><a class=\"dt-pswp-item\" href=\"https:\/\/www.radiopiu.net\/wordpress\/wp-content\/uploads\/2023\/10\/PISTA-BOB-CORTINA.jpg\" data-dt-img-description=\"\" data-large_image_width=\"800\" data-large_image_height=\"600\"><img loading=\"lazy\" decoding=\"async\" class=\" wp-image-357136 alignleft\" src=\"https:\/\/www.radiopiu.net\/wordpress\/wp-content\/uploads\/2023\/10\/PISTA-BOB-CORTINA-300x225.jpg\" alt=\"\" width=\"175\" height=\"131\" srcset=\"https:\/\/www.radiopiu.net\/wordpress\/wp-content\/uploads\/2023\/10\/PISTA-BOB-CORTINA-300x225.jpg 300w, https:\/\/www.radiopiu.net\/wordpress\/wp-content\/uploads\/2023\/10\/PISTA-BOB-CORTINA-768x576.jpg 768w, https:\/\/www.radiopiu.net\/wordpress\/wp-content\/uploads\/2023\/10\/PISTA-BOB-CORTINA.jpg 800w\" sizes=\"auto, (max-width: 175px) 100vw, 175px\" \/><\/a>BELLUNO<\/strong> La Camera del Lavoro di Belluno e la FILLEA CGIL di Belluno manifestano preoccupazione riguardo alla realizzazione della pista da bob a Cortina. Esprimono in particolare preoccupazione per i tempi ristretti, con possibili rischi per la sicurezza dei lavoratori, e denunciano l&#8217;assenza di indagini sulla presenza di ordigni bellici nell&#8217;area del cantiere. Sottolineano l&#8217;importanza di garantire la sicurezza dei lavoratori e ribadiscono la necessit\u00e0 di indagini approfondite sull&#8217;eventuale presenza di ordigni bellici. Il sindacato evidenzia anche la mancanza di considerazione per le indicazioni del CIO riguardo alla sostenibilit\u00e0 delle opere olimpiche e critica la visione a breve termine nella pianificazione delle Olimpiadi nelle Dolomiti.<\/p>\n<p>&nbsp;<\/p>\n<hr \/>\n<p>&nbsp;<\/p>\n<blockquote>\n<h3 dir=\"auto\">AURORA FLORIDIA (AVS): TOTALE ANARCHIA,\u00a0 ZAIA VUOLE DETTARE LEGGE AL CIO<\/h3>\n<\/blockquote>\n<p><strong>ROMA<\/strong> Il presidente del Veneto, Luca Zaia, sostiene la realizzazione della pista da bob a Cortina ad ogni costo, desiderando ridurre il Cio a un mero osservatore di decisioni gi\u00e0 prese. Nonostante una proposta per la costruzione della pista sia emersa dopo due gare andate deserte, le criticit\u00e0 ambientali, di sicurezza, di costi, di eredit\u00e0 e di tempistica persistono. Il Cio ha sottolineato l&#8217;importanza di una legacy territoriale, ma il progetto \u00e8 stato gi\u00e0 respinto da loro. La senatrice dell&#8217;Alleanza Verdi e Sinistra, Aurora Floridia, critica <em>&#8220;l&#8217;approccio anarchico che sembra privilegiare gli interessi regionali a discapito del bene comune e delle risorse pubbliche&#8221;.<\/em><\/p>\n<p>&nbsp;<\/p>\n<p>&nbsp;<\/p>\n<hr \/>\n<p>&nbsp;<\/p>\n<blockquote>\n<h3><a class=\"dt-pswp-item\" href=\"https:\/\/www.radiopiu.net\/wordpress\/wp-content\/uploads\/2024\/01\/Senza-nome-95.png\" data-dt-img-description=\"\" data-large_image_width=\"150\" data-large_image_height=\"147\"><img loading=\"lazy\" decoding=\"async\" class=\"size-full wp-image-372248 alignleft\" src=\"https:\/\/www.radiopiu.net\/wordpress\/wp-content\/uploads\/2024\/01\/Senza-nome-95.png\" alt=\"\" width=\"150\" height=\"147\" \/><\/a>LA SINISTRA ITALIANA INVITA LA PROVINCIA AD OPPORSI A PROGETTI &#8220;INSENSATI&#8221;<\/h3>\n<\/blockquote>\n<p><strong>FELTRE<\/strong> Si \u00e8 tenuto il Congresso provinciale di Sinistra Italiana Belluno, focalizzato sul rinnovo degli organi e la discussione di temi politici nazionali e locali. Dopo il saluto del Segretario regionale Marco De Pasquale, Paolo Perenzin \u00e8 stato eletto nuovo Segretario provinciale, mentre Alberto Domenichini \u00e8 stato confermato tesoriere. Sinistra Italiana sottolinea l&#8217;impegno del partito per la giustizia sociale e ambientale, criticando l&#8217;allocazione di fondi per una pista da bob con impatto ambientale elevato. Invita il Presidente della Provincia a opporsi a progetti insensati e a utilizzare i fondi per le reali esigenze della comunit\u00e0 bellunese.<\/p>\n<p>&nbsp;<\/p>\n<hr \/>\n<p>&nbsp;<\/p>\n<p><span style=\"color: #ff0000;\"><strong>LA GIUDIZIARIA<\/strong><\/span><\/p>\n<p><span style=\"color: #ff0000;\"><strong>OGGI SUL CORRIERE DELLE ALPI, DI GIGI SOSSO<\/strong><\/span><\/p>\n<p>&nbsp;<\/p>\n<p><strong>AGORDO<\/strong> Amine Bendaoud e Rodrigo Del Piccolo sono stati portati in tribunale per procurato allarme presso l&#8217;autorit\u00e0 in concorso, dopo aver effettuato telefonate al 112 segnalando una presunta violenza sessuale. I due sono stati condannati a pagare una multa di 258 euro pi\u00f9 spese di giustizia attraverso l&#8217;oblazione, permettendo cos\u00ec di estinguere il reato. Il fatto risale al 16 marzo 2021. Bendaoud aveva anche preso a schiaffi Del Piccolo per costringerlo a consegnargli dei soldi, ma la querela \u00e8 stata ritirata, e il reato di violenza privata \u00e8 stato archiviato. Per Bendaoud, rimane un&#8217;accusa di minaccia con un&#8217;ascia il 15 marzo.<\/p>\n<p><strong>BELLUNO<\/strong> La Procura di Belluno ha concluso le indagini su\u00a0 una collaboratrice domestica accusata di circonvenzione d&#8217;incapace aggravata per aver sottratto 34 mila euro a un anziano. Il processo sar\u00e0 presieduto dal giudice Enrica Marson il prossimo mese di febbraio. Il pubblico ministero Simone Marcon ha richiesto il rinvio a giudizio, mentre l&#8217;uomo si costituir\u00e0 parte civile per il risarcimento dei danni. Il reato sarebbe avvenuto a Feltre da giugno 2022 ad aprile 2023. La collaboratrice dovr\u00e0 rispondere di circonvenzione d&#8217;incapace con l&#8217;aggravante dell&#8217;abuso di prestazione di opera.<\/p>\n<p><strong>BELLUNO<\/strong> La Cassazione ha emesso una sentenza che ha eliminato l&#8217;aggravante per la truffa in un caso in cui un telefono di ultima generazione non \u00e8 stato mai consegnato. Gli imputati,\u00a0 hanno ottenuto una sentenza di non doversi procedere, in quanto la vittima ha ritirato la querela presentata nel giugno del 2018.<\/p>\n<p>&nbsp;<\/p>\n<p>&nbsp;<\/p>\n<hr \/>\n<p>&nbsp;<\/p>\n<blockquote>\n<h3>L&#8217;uscita dal mercato tutelato significa non avere pi\u00f9 un contratto le cui regole e il cui prezzo sono fissati da Arera, l\u2019Autorit\u00e0 per l\u2019energia.<\/h3>\n<\/blockquote>\n<p><strong><a class=\"dt-pswp-item\" href=\"https:\/\/www.radiopiu.net\/wordpress\/wp-content\/uploads\/2020\/03\/spi-1.jpg\" data-dt-img-description=\"\" data-large_image_width=\"300\" data-large_image_height=\"167\"><img loading=\"lazy\" decoding=\"async\" class=\"wp-image-366015 alignleft\" src=\"https:\/\/www.radiopiu.net\/wordpress\/wp-content\/uploads\/2020\/03\/spi-1.jpg\" alt=\"\" width=\"207\" height=\"115\" \/><\/a>BELLUNO<\/strong> Dal 10 gennaio 2024 per il gas e dal 1 luglio 2024 per l&#8217;energia, il Servizio di maggior tutela \u00e8 riservato esclusivamente ai clienti classificati come vulnerabili. I clienti vulnerabili includono persone di et\u00e0 superiore ai 75 anni, soggetti percettori del bonus energia, disabili secondo la legge 104\/92 e coloro in gravi condizioni di salute con necessit\u00e0 di apparecchiature mediche alimentate dall&#8217;energia elettrica. Per comprendere le nuove regole e adempiere ai nuovi obblighi, uno spi Cgil di Belluno offre un incontro pubblico il 31 gennaio 2024 a Cavarzano. Tutta la cittadinanza \u00e8 invitata a partecipare e ottenere informazioni sulle recenti modifiche e sulle modalit\u00e0 di adattamento alle nuove disposizioni.<\/p>\n<p>&nbsp;<\/p>\n<p>&nbsp;<\/p>\n<hr \/>\n<p>&nbsp;<\/p>\n<blockquote>\n<h3>GLI STUDENTI DEL CATULLO DIALOGANO CON LO SCRITTORE BORTOLUZZI SUL LIBRO DEDICATO AL VAJONT<\/h3>\n<\/blockquote>\n<p><strong>BELLUNO<\/strong> Gli studenti del Catullo hanno incontrato lo scrittore Antonio Giacomo Bortoluzzi per discutere del suo ultimo romanzo, &#8220;Il Saldatore del Vajont&#8221;. L&#8217;incontro, organizzato dalle docenti Sara Piazza e Antonella Celato, ha coinvolto le classi 3BS, 3BG, 4AS e 4AC, preparate attraverso la lettura e l&#8217;analisi del romanzo. Gli studenti hanno posto domande su temi significativi del libro, esplorando anche la scrittura, l&#8217;editing e la pubblicazione di un romanzo. Bortoluzzi ha sottolineato l&#8217;importanza di trasmettere la memoria alle nuove generazioni, e gli studenti hanno esplorato il tema della memoria nel contesto delle lezioni apprese dal Vajont. L&#8217;incontro ha coinciso con il Giorno della Memoria, diventando un laboratorio significativo sulla memoria e sull&#8217;impegno verso il futuro.<\/p>\n\n\t\t\t<style type='text\/css'>\n\t\t\t\t#gallery-2 {\n\t\t\t\t\tmargin: auto;\n\t\t\t\t}\n\t\t\t\t#gallery-2 .gallery-item {\n\t\t\t\t\tfloat: left;\n\t\t\t\t\tmargin-top: 10px;\n\t\t\t\t\ttext-align: center;\n\t\t\t\t\twidth: 50%;\n\t\t\t\t}\n\t\t\t\t#gallery-2 img {\n\t\t\t\t\tborder: 2px solid #cfcfcf;\n\t\t\t\t}\n\t\t\t\t#gallery-2 .gallery-caption {\n\t\t\t\t\tmargin-left: 0;\n\t\t\t\t}\n\t\t\t\t\/* see gallery_shortcode() in wp-includes\/media.php *\/\n\t\t\t<\/style>\n\t\t<div id='gallery-2' class='dt-gallery-container gallery galleryid-372179 gallery-columns-2 gallery-size-medium'><dl class='gallery-item'>\n\t\t\t\t<dt class='gallery-icon landscape'>\n\t\t\t\t\t<a class=\"rollover rollover-zoom dt-pswp-item\" title=\"Foto 1\" data-dt-img-description=\"\" data-large_image_width=\"1600\" data-large_image_height=\"1200\"href='https:\/\/www.radiopiu.net\/wordpress\/wp-content\/uploads\/2024\/01\/Foto-1-1.jpg'><img loading=\"lazy\" decoding=\"async\" width=\"300\" height=\"225\" src=\"https:\/\/www.radiopiu.net\/wordpress\/wp-content\/uploads\/2024\/01\/Foto-1-1-300x225.jpg\" class=\"attachment-medium size-medium\" alt=\"\" srcset=\"https:\/\/www.radiopiu.net\/wordpress\/wp-content\/uploads\/2024\/01\/Foto-1-1-300x225.jpg 300w, https:\/\/www.radiopiu.net\/wordpress\/wp-content\/uploads\/2024\/01\/Foto-1-1-1024x768.jpg 1024w, https:\/\/www.radiopiu.net\/wordpress\/wp-content\/uploads\/2024\/01\/Foto-1-1-768x576.jpg 768w, https:\/\/www.radiopiu.net\/wordpress\/wp-content\/uploads\/2024\/01\/Foto-1-1-1536x1152.jpg 1536w, https:\/\/www.radiopiu.net\/wordpress\/wp-content\/uploads\/2024\/01\/Foto-1-1.jpg 1600w\" sizes=\"auto, (max-width: 300px) 100vw, 300px\" \/><\/a>\n\t\t\t\t<\/dt><\/dl><dl class='gallery-item'>\n\t\t\t\t<dt class='gallery-icon landscape'>\n\t\t\t\t\t<a class=\"rollover rollover-zoom dt-pswp-item\" title=\"Foto 4\" data-dt-img-description=\"\" data-large_image_width=\"1600\" data-large_image_height=\"1200\"href='https:\/\/www.radiopiu.net\/wordpress\/wp-content\/uploads\/2024\/01\/Foto-4.jpg'><img loading=\"lazy\" decoding=\"async\" width=\"300\" height=\"225\" src=\"https:\/\/www.radiopiu.net\/wordpress\/wp-content\/uploads\/2024\/01\/Foto-4-300x225.jpg\" class=\"attachment-medium size-medium\" alt=\"\" srcset=\"https:\/\/www.radiopiu.net\/wordpress\/wp-content\/uploads\/2024\/01\/Foto-4-300x225.jpg 300w, https:\/\/www.radiopiu.net\/wordpress\/wp-content\/uploads\/2024\/01\/Foto-4-1024x768.jpg 1024w, https:\/\/www.radiopiu.net\/wordpress\/wp-content\/uploads\/2024\/01\/Foto-4-768x576.jpg 768w, https:\/\/www.radiopiu.net\/wordpress\/wp-content\/uploads\/2024\/01\/Foto-4-1536x1152.jpg 1536w, https:\/\/www.radiopiu.net\/wordpress\/wp-content\/uploads\/2024\/01\/Foto-4.jpg 1600w\" sizes=\"auto, (max-width: 300px) 100vw, 300px\" \/><\/a>\n\t\t\t\t<\/dt><\/dl><br style=\"clear: both\" \/>\n\t\t\t<\/div>\n\n<p>&nbsp;<\/p>\n<hr \/>\n<p>&nbsp;<\/p>\n<blockquote>\n<h3>UN BANDO PER 196 COMMISSARI PER LA POLIZIA DI STATO<\/h3>\n<\/blockquote>\n<p><strong>BELLUNO<\/strong> \u00c8 stato pubblicato un bando di concorso pubblico per l&#8217;assunzione di 196 commissari della carriera dei funzionari della Polizia di Stato. Il concorso prevede prove di selezione che includono esami e valutazioni dei titoli. Le domande di partecipazione possono essere presentate attraverso la procedura informatica disponibile sul Portale unico del reclutamento all&#8217;indirizzo <a href=\"http:\/\/www.inpa.gov.it\/\" target=\"_new\" rel=\"noopener\">www.inpa.gov.it<\/a>, entro il 24 febbraio 2024. La procedura di presentazione delle domande \u00e8 accessibile al seguente link: <a href=\"https:\/\/concorsionline.poliziadistato.it\/\" target=\"_new\" rel=\"noopener\">https:\/\/concorsionline.poliziadistato.it<\/a>.<\/p>\n<p>&nbsp;<\/p>\n<p>&nbsp;<\/p>\n<hr \/>\n<p>&nbsp;<\/p>\n<p><strong><a class=\"dt-pswp-item\" href=\"https:\/\/www.radiopiu.net\/wordpress\/wp-content\/uploads\/2024\/01\/Senza-nome-34.png\" data-dt-img-description=\"\" data-large_image_width=\"239\" data-large_image_height=\"153\"><img loading=\"lazy\" decoding=\"async\" class=\"wp-image-369478 alignleft\" src=\"https:\/\/www.radiopiu.net\/wordpress\/wp-content\/uploads\/2024\/01\/Senza-nome-34.png\" alt=\"\" width=\"128\" height=\"82\" \/><\/a> <\/strong><\/p>\n<p><strong>\u00a0<\/strong><\/p>\n<p><strong>dal TG BELLUNESE di\u00a0 ANTENNA 3 ogni sera alle 19.30 sul canale 10 del digitale terrestre e alle 19 le anticipazioni alla radio.\u00a0\u00a0<\/strong><\/p>\n<p>&nbsp;<\/p>\n<blockquote>\n<h3 class=\"_title post-title entry-title\">DIVELTO IL BOX PREVELOX IN VIA UDINE, LA STRADA DELLA STRAGE DI LUGLIO<\/h3>\n<\/blockquote>\n<p>Intervistati ELISA BERGAGNIN (VICE SINDACA DI SANTO STEFANO DI CADORE) (Servizio di\u00a0<a href=\"https:\/\/antennatre.medianordest.it\/redazione\/Tiziana-Bolognani\/\">Tiziana Bolognani<\/a>)<\/p>\n<p><iframe loading=\"lazy\" title=\"DIVELTO IL BOX PREVELOX IN VIA UDINE, LA STRADA DELLA STRAGE DI LUGLIO | 29\/01\/2024\" width=\"1200\" height=\"675\" src=\"https:\/\/www.youtube.com\/embed\/p2HvtsoIBYc?feature=oembed\" frameborder=\"0\" allow=\"accelerometer; autoplay; clipboard-write; encrypted-media; gyroscope; picture-in-picture; web-share\" allowfullscreen><\/iframe><\/p>\n<p>&nbsp;<\/p>\n<hr \/>\n<p>&nbsp;<\/p>\n<p>&nbsp;<\/p>\n<blockquote>\n<h2>DILLO A RADIO PIU&#8230;. Autovelox \u2013 Sentenza Cassazione vieta uso per fare Cassa.<\/h2>\n<p>La recente sentenza della Corte di Cassazione Penale ha vietato l&#8217;uso degli autovelox come strumento per finanziare le casse degli Enti Locali, sottolineando che il loro scopo deve essere la prevenzione degli eccessi di velocit\u00e0. La decisione, che riconosce il reato di truffa, stabilisce che le contravvenzioni elevate con autovelox nascosti per aumentare le entrate comunali sono illegittime. La Corte ha anche legittimato il sequestro degli autovelox coinvolti nel reato. La sentenza rappresenta un passo significativo per proteggere gli automobilisti dai potenziali abusi degli Enti Locali nel rilevare le infrazioni al codice della strada.<\/p><\/blockquote>\n<p><strong>Da Rodolfo Pellegrinon di Falcade riceviamo e pubblichiamo.<\/strong><\/p>\n<p>&nbsp;<\/p>\n<p><a class=\"dt-pswp-item\" href=\"https:\/\/www.radiopiu.net\/wordpress\/wp-content\/uploads\/2023\/08\/Autovelox_c-Antonio-Nardelli_lr.jpg\" data-dt-img-description=\"\" data-large_image_width=\"500\" data-large_image_height=\"291\"><img loading=\"lazy\" decoding=\"async\" class=\"size-medium wp-image-348189 alignleft\" src=\"https:\/\/www.radiopiu.net\/wordpress\/wp-content\/uploads\/2023\/08\/Autovelox_c-Antonio-Nardelli_lr-300x175.jpg\" alt=\"\" width=\"300\" height=\"175\" srcset=\"https:\/\/www.radiopiu.net\/wordpress\/wp-content\/uploads\/2023\/08\/Autovelox_c-Antonio-Nardelli_lr-300x175.jpg 300w, https:\/\/www.radiopiu.net\/wordpress\/wp-content\/uploads\/2023\/08\/Autovelox_c-Antonio-Nardelli_lr.jpg 500w\" sizes=\"auto, (max-width: 300px) 100vw, 300px\" \/><\/a>Interessante la motivazione dell\u2019ennesima sentenza della Cassazione Penale in tema di autovelox. Tale decisione interpreta il Codice della Strada nel senso che non sia consentito ai Comuni ed agli Enti Locali di utilizzare gli Autovelox quale strumento volto alla remunerazione economica e alla soddisfazione delle casse degli Enti Locali, piuttosto che alla prevenzione degli eccessi di velocit\u00e0 e dei conseguenti pericoli per gli utenti della strada. Per la Suprema Corte dunque, gli autovelox nascosti non rappresentano uno strumento utile a far moderare la velocit\u00e0 degli automobilisti, ma un mezzo illecito per risanare le casse Comunali; sono dunque illegittime le contravvenzioni elevate con dispositivi occultati pi\u00f9 o meno evidentemente agli automobilisti al fine di elevare il il pi\u00f9 elevato numero di sanzioni possibile. Potrebbe di prim\u2019occhio fare specie la circostanza che a pronunciarsi in tema di Autovelox sia questa volta la Seconda Sezione Penale della Corte di Cassazione e non una Sezione Civile per il controllo di legittimit\u00e0 nel corso di un processo riguardante un ricorso di eccesso di velocit\u00e0, ebbene, questa volta per pronunciarsi a favore dei vessati automobilisti e riconoscendo il reato di truffa ai danni degli stessi \u00e8 dovuta intervenire la Giustizia Penale. La Corte di Cassazione, nell\u2019accertare infatti il verificarsi del reato di truffa dovuto all\u2019occultamento dei rilevatori di velocit\u00e0, ha stabilito inoltre la legittimit\u00e0 del sequestro avente ad oggetto i predetti Autovelox. Tale pronuncia giurisprudenziale apre uno spiraglio nella vita dell\u2019automobilista legittimato ora ad obiettare l\u2019illegittimo e penalmente rilevante occultamento delle apparecchiature utilizzate ai fini di rilevare l\u2019inflazione. A tale pronuncia se ne aggiunge inoltre una pi\u00f9 recente della Corte Costituzionale avente ad oggetto l\u2019obbligo di periodica taratura delle apparecchiature. Per gli Autovelox parzialmente visibili o nascosti \u00e8 previsto il sequestro. I giudici hanno ribadito il rapporto strumentale tra gli Autovelox e il reato di truffa. Gli apparecchi non saranno quindi restituiti ne ai Comuni ne alle Societ\u00e0 produttrici. La sentenza inoltre ha nuovamente ricordato che il materiale prodotto dagli apparecchi non in regola, foto e riprese, devono essere trattati solo dal personale di polizia incaricato, vietando l\u2019accesso al personale non autorizzato. Una decisione\u00a0\u00a0 che rappresenta quindi un ulteriore passo nel disciplinare e vietare gli abusi da parte dei Comuni e degli Enti Locali che fanno spesso uso delle strumentazioni volte al rilievo delle infrazioni del Codice della Strada per risanare i propri bilanci in rosso. Gli automobilisti insomma, non vanno vessati.<\/p>\n<p>&nbsp;<\/p>\n<p>&nbsp;<\/p>\n<p>&nbsp;<\/p>\n<hr \/>\n<p>&nbsp;<\/p>\n<blockquote>\n<h1><span style=\"color: #339966;\">G R A N D I<\/span>\u00a0 \u00a0 E V E N T I<\/h1>\n<h1>NELL&#8217;\u00a0 <span style=\"color: #ff0000;\">A G O R D I N O\u00a0<\/span><\/h1>\n<\/blockquote>\n<h2><a class=\"dt-pswp-item\" href=\"https:\/\/www.radiopiu.net\/wordpress\/wp-content\/uploads\/2023\/05\/R_LA-VOLATA-S-PELLEGRINO-DH-2017PHOTO-ELVIS.jpg\" data-dt-img-description=\"PASSO SAN PELLEGRINO MOENA ITA - 21DICEMBRE 2017 COPPA EUROPA DISCESA LIBERA FEMMINILE TROFEO LA VOLATA - MEMORIAL ALBERTO VENDRUSCOLO VINCITRICE SUTER GIULIANA SUI davanti a HOFER HANNA ITA e KOLLY NOEMIE SUI &quot;Copyright PHOTO ELVIS&quot;\" data-large_image_width=\"2000\" data-large_image_height=\"1337\"><img loading=\"lazy\" decoding=\"async\" class=\"wp-image-337460 alignleft\" src=\"https:\/\/www.radiopiu.net\/wordpress\/wp-content\/uploads\/2023\/05\/R_LA-VOLATA-S-PELLEGRINO-DH-2017PHOTO-ELVIS-300x201.jpg\" alt=\"\" width=\"187\" height=\"125\" srcset=\"https:\/\/www.radiopiu.net\/wordpress\/wp-content\/uploads\/2023\/05\/R_LA-VOLATA-S-PELLEGRINO-DH-2017PHOTO-ELVIS-300x201.jpg 300w, https:\/\/www.radiopiu.net\/wordpress\/wp-content\/uploads\/2023\/05\/R_LA-VOLATA-S-PELLEGRINO-DH-2017PHOTO-ELVIS-1024x685.jpg 1024w, https:\/\/www.radiopiu.net\/wordpress\/wp-content\/uploads\/2023\/05\/R_LA-VOLATA-S-PELLEGRINO-DH-2017PHOTO-ELVIS-768x513.jpg 768w, https:\/\/www.radiopiu.net\/wordpress\/wp-content\/uploads\/2023\/05\/R_LA-VOLATA-S-PELLEGRINO-DH-2017PHOTO-ELVIS-1536x1027.jpg 1536w, https:\/\/www.radiopiu.net\/wordpress\/wp-content\/uploads\/2023\/05\/R_LA-VOLATA-S-PELLEGRINO-DH-2017PHOTO-ELVIS.jpg 2000w\" sizes=\"auto, (max-width: 187px) 100vw, 187px\" \/><\/a>LA &#8220;VOLATA&#8221; IN MONDOVISIONE, SKI AREA SAN PELLEGRINO IN FERMENTO<\/h2>\n<p><span style=\"color: #0000ff;\"><strong>AUDIO<\/strong><\/span><\/p>\n<p><span style=\"color: #0000ff;\"><strong>DI MIRKO MEZZACASA &#8211; OSPITE RENZO MINELLA<\/strong><\/span><\/p>\n<audio class=\"wp-audio-shortcode\" id=\"audio-372179-4\" preload=\"none\" style=\"width: 100%;\" controls=\"controls\"><source type=\"audio\/mpeg\" src=\"https:\/\/www.radiopiu.net\/wordpress\/wp-content\/uploads\/2024\/01\/RENZO-MINELLA-GENNAIO2024.mp3?_=4\" \/><a href=\"https:\/\/www.radiopiu.net\/wordpress\/wp-content\/uploads\/2024\/01\/RENZO-MINELLA-GENNAIO2024.mp3\">https:\/\/www.radiopiu.net\/wordpress\/wp-content\/uploads\/2024\/01\/RENZO-MINELLA-GENNAIO2024.mp3<\/a><\/audio>\n<p>&nbsp;<\/p>\n<p>&nbsp;<\/p>\n<blockquote>\n<h3>LA SESTA TAPPA DI COPPA DEL MONDO DI SKICROSS AD ALLEGHE<\/h3>\n<\/blockquote>\n<p><strong><a class=\"dt-pswp-item\" href=\"https:\/\/www.radiopiu.net\/wordpress\/wp-content\/uploads\/2024\/01\/80460362-7f75-4638-a89e-65935d506dc1.jpg\" data-dt-img-description=\"\" data-large_image_width=\"1600\" data-large_image_height=\"1200\"><img loading=\"lazy\" decoding=\"async\" class=\" wp-image-371462 alignleft\" src=\"https:\/\/www.radiopiu.net\/wordpress\/wp-content\/uploads\/2024\/01\/80460362-7f75-4638-a89e-65935d506dc1-300x225.jpg\" alt=\"\" width=\"148\" height=\"111\" srcset=\"https:\/\/www.radiopiu.net\/wordpress\/wp-content\/uploads\/2024\/01\/80460362-7f75-4638-a89e-65935d506dc1-300x225.jpg 300w, https:\/\/www.radiopiu.net\/wordpress\/wp-content\/uploads\/2024\/01\/80460362-7f75-4638-a89e-65935d506dc1-1024x768.jpg 1024w, https:\/\/www.radiopiu.net\/wordpress\/wp-content\/uploads\/2024\/01\/80460362-7f75-4638-a89e-65935d506dc1-768x576.jpg 768w, https:\/\/www.radiopiu.net\/wordpress\/wp-content\/uploads\/2024\/01\/80460362-7f75-4638-a89e-65935d506dc1-1536x1152.jpg 1536w, https:\/\/www.radiopiu.net\/wordpress\/wp-content\/uploads\/2024\/01\/80460362-7f75-4638-a89e-65935d506dc1.jpg 1600w\" sizes=\"auto, (max-width: 148px) 100vw, 148px\" \/><\/a>BELLUNO<\/strong> Lo spettacolo dello skicross arriva ad Alleghe: dal 31 gennaio al 3 febbraio si disputer\u00e0 infatti la sesta tappa della Coppa del Mondo di skicross.<\/p>\n<p><strong>DI DANIELE DALVIT<\/strong><\/p>\n<audio class=\"wp-audio-shortcode\" id=\"audio-372179-5\" preload=\"none\" style=\"width: 100%;\" controls=\"controls\"><source type=\"audio\/mpeg\" src=\"https:\/\/www.radiopiu.net\/wordpress\/wp-content\/uploads\/2024\/01\/Radio-Piu-Servizio-Presentazione-skicross-Alleghe.mp3?_=5\" \/><a href=\"https:\/\/www.radiopiu.net\/wordpress\/wp-content\/uploads\/2024\/01\/Radio-Piu-Servizio-Presentazione-skicross-Alleghe.mp3\">https:\/\/www.radiopiu.net\/wordpress\/wp-content\/uploads\/2024\/01\/Radio-Piu-Servizio-Presentazione-skicross-Alleghe.mp3<\/a><\/audio>\n<p>&nbsp;<\/p>\n<p>&nbsp;<\/p>\n<hr \/>\n<p>&nbsp;<\/p>\n<blockquote>\n<h2>COPPE, SCI E GELATO<\/h2>\n<\/blockquote>\n<p><strong>LONGARONE<\/strong> Nel contesto della Coppa del Mondo a Cortina, &#8220;Un Gelato per le Olimpiadi&#8221; ha presentato il gustoso &#8220;Slalom&#8221;, un dessert gourmet artigianale ideato dai gelatieri Filippo Bano ed Elena Stefania Alecu. Il gelato, a base di latte crudo, presenta una crema di gorgonzola dolce e pepe selvatico, offrendo un sapore avvolgente con un finale pepato. Inspirato ai valori delle Olimpiadi invernali 2026, &#8220;Slalom&#8221; \u00e8 stato servito nell&#8217;area lounge delle Tofane durante le gare. Le coppette sono griffate Dolomiti Bellunesi<\/p>\n<p>&nbsp;<\/p>\n<hr \/>\n<p>&nbsp;<\/p>\n<p>&nbsp;<\/p>\n<h2 dir=\"auto\"><a class=\"dt-pswp-item\" href=\"https:\/\/www.radiopiu.net\/wordpress\/wp-content\/uploads\/2024\/01\/02adbb36-9774-4cbb-9a96-0a8e1e054a24.jpg\" data-dt-img-description=\"\" data-large_image_width=\"2048\" data-large_image_height=\"1536\"><img loading=\"lazy\" decoding=\"async\" class=\"wp-image-372247 alignleft\" src=\"https:\/\/www.radiopiu.net\/wordpress\/wp-content\/uploads\/2024\/01\/02adbb36-9774-4cbb-9a96-0a8e1e054a24-300x225.jpg\" alt=\"\" width=\"179\" height=\"134\" srcset=\"https:\/\/www.radiopiu.net\/wordpress\/wp-content\/uploads\/2024\/01\/02adbb36-9774-4cbb-9a96-0a8e1e054a24-300x225.jpg 300w, https:\/\/www.radiopiu.net\/wordpress\/wp-content\/uploads\/2024\/01\/02adbb36-9774-4cbb-9a96-0a8e1e054a24-1024x768.jpg 1024w, https:\/\/www.radiopiu.net\/wordpress\/wp-content\/uploads\/2024\/01\/02adbb36-9774-4cbb-9a96-0a8e1e054a24-768x576.jpg 768w, https:\/\/www.radiopiu.net\/wordpress\/wp-content\/uploads\/2024\/01\/02adbb36-9774-4cbb-9a96-0a8e1e054a24-1536x1152.jpg 1536w, https:\/\/www.radiopiu.net\/wordpress\/wp-content\/uploads\/2024\/01\/02adbb36-9774-4cbb-9a96-0a8e1e054a24.jpg 2048w\" sizes=\"auto, (max-width: 179px) 100vw, 179px\" \/><\/a>PROLUNGATA LA STAGIONE DELLA PISTA DI PATTINAGGIO IN PIAZZA DUOMO<\/h2>\n<div dir=\"auto\"><\/div>\n<div dir=\"auto\"><strong>BELLUNO<\/strong><\/div>\n<div dir=\"auto\">\n<p><strong>DI DANIELE DALVIT<\/strong><\/p>\n<audio class=\"wp-audio-shortcode\" id=\"audio-372179-6\" preload=\"none\" style=\"width: 100%;\" controls=\"controls\"><source type=\"audio\/mpeg\" src=\"https:\/\/www.radiopiu.net\/wordpress\/wp-content\/uploads\/2024\/01\/Radio-Piu-Servizio-Prosecuzione-pista-pattinaggio-Belluno.mp3?_=6\" \/><a href=\"https:\/\/www.radiopiu.net\/wordpress\/wp-content\/uploads\/2024\/01\/Radio-Piu-Servizio-Prosecuzione-pista-pattinaggio-Belluno.mp3\">https:\/\/www.radiopiu.net\/wordpress\/wp-content\/uploads\/2024\/01\/Radio-Piu-Servizio-Prosecuzione-pista-pattinaggio-Belluno.mp3<\/a><\/audio>\n<\/div>\n<div dir=\"auto\"><\/div>\n<div dir=\"auto\"><\/div>\n<div dir=\"auto\">\n<hr \/>\n<p>&nbsp;<\/p>\n<blockquote>\n<h2><strong>Serata di solidariet\u00e0, tra gemellaggi e ricordi<\/strong><\/h2>\n<\/blockquote>\n<\/div>\n<div dir=\"auto\"><strong><a class=\"dt-pswp-item\" href=\"https:\/\/www.radiopiu.net\/wordpress\/wp-content\/uploads\/2024\/01\/Gemellaggi-Comitato-Alpago-2-Ruote-Solidarieta-Alberto-Peterle-firma.jpg\" data-dt-img-description=\"\" data-large_image_width=\"2048\" data-large_image_height=\"1365\"><img loading=\"lazy\" decoding=\"async\" class=\" wp-image-372284 alignleft\" src=\"https:\/\/www.radiopiu.net\/wordpress\/wp-content\/uploads\/2024\/01\/Gemellaggi-Comitato-Alpago-2-Ruote-Solidarieta-Alberto-Peterle-firma-300x200.jpg\" alt=\"\" width=\"230\" height=\"153\" srcset=\"https:\/\/www.radiopiu.net\/wordpress\/wp-content\/uploads\/2024\/01\/Gemellaggi-Comitato-Alpago-2-Ruote-Solidarieta-Alberto-Peterle-firma-300x200.jpg 300w, https:\/\/www.radiopiu.net\/wordpress\/wp-content\/uploads\/2024\/01\/Gemellaggi-Comitato-Alpago-2-Ruote-Solidarieta-Alberto-Peterle-firma-1024x683.jpg 1024w, https:\/\/www.radiopiu.net\/wordpress\/wp-content\/uploads\/2024\/01\/Gemellaggi-Comitato-Alpago-2-Ruote-Solidarieta-Alberto-Peterle-firma-768x512.jpg 768w, https:\/\/www.radiopiu.net\/wordpress\/wp-content\/uploads\/2024\/01\/Gemellaggi-Comitato-Alpago-2-Ruote-Solidarieta-Alberto-Peterle-firma-1536x1024.jpg 1536w, https:\/\/www.radiopiu.net\/wordpress\/wp-content\/uploads\/2024\/01\/Gemellaggi-Comitato-Alpago-2-Ruote-Solidarieta-Alberto-Peterle-firma.jpg 2048w\" sizes=\"auto, (max-width: 230px) 100vw, 230px\" \/><\/a>ALPAGO<\/strong> Il Comitato Alpago 2 Ruote &amp; Solidariet\u00e0 ha celebrato il suo ventesimo anniversario con una serata di solidariet\u00e0, gemellaggi e ricordi. Durante l&#8217;evento, sono stati rinnovati i gemellaggi con la Via di Natale di Aviano e l&#8217;Associazione Cucchini di Belluno, istituzioni che forniscono assistenza a malati terminali e ai loro familiari. Il Comitato collabora attivamente con entrambe le associazioni destinando loro il ricavato del Giro del Lago, un evento multisportivo programmato per il 18 agosto. La serata ha anche ripercorso la storia di 20 anni di attivit\u00e0 attraverso la proiezione di video e fotografie, ricordando con affetto Vittorio Mares e Giovanni Viel, figure importanti per il Comitato. L&#8217;iniziativa ha visto la partecipazione di autorit\u00e0 locali e ha evidenziato il supporto e l&#8217;apprezzamento della comunit\u00e0. Il presidente del Comitato, Ennio Soccal, ha annunciato il proseguimento delle attivit\u00e0 nel 2024, con il Giro del Lago e l&#8217;organizzazione di altre iniziative, inclusa la ritorno della Festa dell&#8217;Aria.<\/div>\n<div dir=\"auto\"><\/div>\n<blockquote>\n<div dir=\"auto\"><em><span style=\"font-family: verdana, sans-serif;\">\u00abUna serata con grande partecipazione, questo ci riempie il cuore, significa che l\u2019attivit\u00e0 che portiamo avanti \u00e8 apprezzata\u00bb ha sottolineato Ennio Soccal.\u00a0\u00a0<\/span><\/em><\/div>\n<\/blockquote>\n<blockquote>\n<div dir=\"auto\">\n<div style=\"width: 1200px;\" class=\"wp-video\"><video class=\"wp-video-shortcode\" id=\"video-372179-1\" width=\"1200\" height=\"675\" preload=\"metadata\" controls=\"controls\"><source type=\"video\/mp4\" src=\"https:\/\/www.radiopiu.net\/wordpress\/wp-content\/uploads\/2024\/01\/Ennio-Soccal-Presidente-Comitato-Alpago-2-Ruote-Solidarieta.mp4?_=1\" \/><a href=\"https:\/\/www.radiopiu.net\/wordpress\/wp-content\/uploads\/2024\/01\/Ennio-Soccal-Presidente-Comitato-Alpago-2-Ruote-Solidarieta.mp4\">https:\/\/www.radiopiu.net\/wordpress\/wp-content\/uploads\/2024\/01\/Ennio-Soccal-Presidente-Comitato-Alpago-2-Ruote-Solidarieta.mp4<\/a><\/video><\/div>\n<\/div>\n<\/blockquote>\n<div dir=\"auto\"><\/div>\n<div dir=\"auto\">\n<hr \/>\n<\/div>\n<div dir=\"auto\">\n<p>&nbsp;<\/p>\n<p><span style=\"color: #ff0000;\"><a class=\"dt-pswp-item\" href=\"https:\/\/www.radiopiu.net\/wordpress\/wp-content\/uploads\/2023\/09\/drsa-eleonora-boccanegra.jpg\" data-dt-img-description=\"\" data-large_image_width=\"800\" data-large_image_height=\"600\"><img loading=\"lazy\" decoding=\"async\" class=\"wp-image-352589 alignleft\" src=\"https:\/\/www.radiopiu.net\/wordpress\/wp-content\/uploads\/2023\/09\/drsa-eleonora-boccanegra-300x225.jpg\" alt=\"\" width=\"147\" height=\"110\" srcset=\"https:\/\/www.radiopiu.net\/wordpress\/wp-content\/uploads\/2023\/09\/drsa-eleonora-boccanegra-300x225.jpg 300w, https:\/\/www.radiopiu.net\/wordpress\/wp-content\/uploads\/2023\/09\/drsa-eleonora-boccanegra-768x576.jpg 768w, https:\/\/www.radiopiu.net\/wordpress\/wp-content\/uploads\/2023\/09\/drsa-eleonora-boccanegra.jpg 800w\" sizes=\"auto, (max-width: 147px) 100vw, 147px\" \/><\/a>OGGI ALLA RADIO<\/span>, <strong>ALLE 8.20<\/strong> PIU&#8217; SIAMO DI MARTINA DONA&#8217;, <strong>ALLE 10.10 E 18.10\u00a0<\/strong> MUSLA LE VOCI LADINE, LE NOTIZIE IN LADIN <strong>ALLE 10.30 E 1900<\/strong> 120-80 andiamo dalla nutrizionista al POLIAMBULATORIO AGORDINO con la dottoressa ELEONORA BOCCANEGRA (FOTO)\u00a0<strong> ALLE 12.30<\/strong> NCONTONSE CON MILLY CREPAZ <strong>\u00a0ALLE 13.20<\/strong> CALCIO A 5 BELLUNO CON GIESSE RISARCIMENTO DANNI <strong>ALLE 15.10<\/strong> EL DARLIN, RIASCOLTIAMOLI, PRIMA PUNTATA CON RENZO GAVAZ.<\/p>\n<p>&nbsp;<\/p>\n<hr \/>\n<p>&nbsp;<\/p>\n<blockquote>\n<h1>Ripresa degli Incontri Settimanali dell&#8217;Universit\u00e0 Adulti\/Anziani a Agordo<\/h1>\n<p><span style=\"color: #0000ff;\">DI LORIS SANTOMASO<\/span><\/p><\/blockquote>\n<div class=\"flex-1 overflow-hidden\">\n<div class=\"react-scroll-to-bottom--css-wdhcf-79elbk h-full\">\n<div class=\"react-scroll-to-bottom--css-wdhcf-1n7m0yu\">\n<div class=\"flex flex-col pb-9 text-sm\">\n<div class=\"w-full text-token-text-primary\" data-testid=\"conversation-turn-45\">\n<div class=\"px-4 py-2 justify-center text-base md:gap-6 m-auto\">\n<div class=\"flex flex-1 text-base mx-auto gap-3 md:px-5 lg:px-1 xl:px-5 md:max-w-3xl lg:max-w-[40rem] xl:max-w-[48rem] group final-completion\">\n<div class=\"relative flex w-full flex-col lg:w-[calc(100%-115px)] agent-turn\">\n<div class=\"flex-col gap-1 md:gap-3\">\n<div class=\"flex flex-grow flex-col max-w-full\">\n<div class=\"min-h-[20px] text-message flex flex-col items-start gap-3 whitespace-pre-wrap break-words [.text-message+&amp;]:mt-5 overflow-x-auto\" data-message-author-role=\"assistant\" data-message-id=\"5b6f76dc-0a16-411c-a951-f81cb37030a9\">\n<div class=\"markdown prose w-full break-words dark:prose-invert dark\">\n<p><strong><a class=\"dt-pswp-item\" href=\"https:\/\/www.radiopiu.net\/wordpress\/wp-content\/uploads\/2024\/01\/AGORDO-Attilio-Costa-direttore-Coro-Val-Biois.jpg\" data-dt-img-description=\"\" data-large_image_width=\"544\" data-large_image_height=\"700\"><img loading=\"lazy\" decoding=\"async\" class=\" wp-image-372280 alignleft\" src=\"https:\/\/www.radiopiu.net\/wordpress\/wp-content\/uploads\/2024\/01\/AGORDO-Attilio-Costa-direttore-Coro-Val-Biois-233x300.jpg\" alt=\"\" width=\"195\" height=\"251\" srcset=\"https:\/\/www.radiopiu.net\/wordpress\/wp-content\/uploads\/2024\/01\/AGORDO-Attilio-Costa-direttore-Coro-Val-Biois-233x300.jpg 233w, https:\/\/www.radiopiu.net\/wordpress\/wp-content\/uploads\/2024\/01\/AGORDO-Attilio-Costa-direttore-Coro-Val-Biois.jpg 544w\" sizes=\"auto, (max-width: 195px) 100vw, 195px\" \/><\/a>AGORDO<\/strong> Gli incontri settimanali del marted\u00ec, organizzati dalla Sezione di Agordo dell\u2019Universit\u00e0 Adulti\/Anziani, riprendono marted\u00ec 6 febbraio dopo la pausa natalizia. L&#8217;attivit\u00e0, attiva dal 1996, ha riscosso grande adesione con oltre 150 corsisti, dimostrando il suo valore culturale e sociale. Il programma del secondo trimestre del 26\u00b0 anno accademico \u00e8 vario e interessante, con argomenti che spaziano dalla cultura musicale all&#8217;arte, passando per temi storici e scientifici. Il Comitato di gestione ringrazia i docenti per il loro contributo e invita tutti a partecipare ai prossimi appuntamenti che si terranno presso la sala don Tamis di via 27 aprile a Agordo, dalle 15 alle 17.<\/p>\n<p><strong>Programma degli Incontri:<\/strong><\/p>\n<ul>\n<li>6 febbraio: Omaggio a Giacomo Puccini (Attilio Costa) e Lettura nella terza et\u00e0: 40 anni del Centro Internazionale del Libro parlato di Feltre (Luisa Alchini)<\/li>\n<li>13 febbraio: Amelia B.Edwards: Viaggio alla scoperta di territori, genti e tradizioni delle Dolomiti (Eleonora Pescosta)<\/li>\n<li>20 febbraio: La peste in Europa: conoscenze, interpretazioni, misteri (Fiorella Candiani) e L\u2019aurora boreale ottava meraviglia del pianeta. Un viaggio virtuale nel suo meccanismo (Ada Grilli)<\/li>\n<li>27 febbraio: Attivit\u00e0 estrattiva e civilt\u00e0 umana (Vittorio Fenti)<\/li>\n<li>5 marzo: \u201cAnche i grandi una volta erano piccoli\u201d. Riflessioni semiserie sui mitici anni \u201960-\u201970 (Gruppo teatrale \u201cNoi che\u201d di Sedico)<\/li>\n<\/ul>\n<p>Gli incontri proseguiranno fino al 30 aprile, con temi affascinanti e approfondimenti su diversi ambiti.<\/p>\n<\/div>\n<\/div>\n<\/div>\n<\/div>\n<\/div>\n<\/div>\n<\/div>\n<\/div>\n<\/div>\n<\/div>\n<\/div>\n<\/div>\n<div class=\"w-full pt-2 md:pt-0 dark:border-white\/20 md:border-transparent md:dark:border-transparent md:w-[calc(100%-.5rem)]\">\n<form class=\"stretch mx-2 flex flex-row gap-3 last:mb-2 md:mx-4 md:last:mb-6 lg:mx-auto lg:max-w-2xl xl:max-w-3xl\">\n<div class=\"relative flex h-full flex-1 items-stretch md:flex-col\">\n<div class=\"flex w-full items-center\"><\/div>\n<\/div>\n<\/form>\n<\/div>\n<\/div>\n<div dir=\"auto\"><\/div>\n<p>&nbsp;<\/p>\n<hr \/>\n<p>&nbsp;<\/p>\n<blockquote>\n<h3>RIASCOLTIAMOLI&#8230; DAL DARLIN DI LUISA ALCHINI<\/h3>\n<\/blockquote>\n<p><img loading=\"lazy\" decoding=\"async\" class=\"alignleft\" src=\"https:\/\/www.radiopiu.net\/wordpress\/wp-content\/uploads\/2022\/02\/LUISA-ALCHINI-300x300.jpg\" width=\"151\" height=\"151\" \/>REDAZIONE Da questa settimana Luisa Alchini riproporr\u00e0 un programma di successo ed emozioni. Sar\u00e0 in onda alle 15.10<\/p>\n<p>EL DARLIN&#8230; RIASCOLTIAMOLI. EMOZIONI ALLA RADIO. DAGLI ARCHIVI DI RADIO PIU&#8217; TESTIMONIANZE DI VITA, LEZIONI DAL TERRITORIO. I NOSTRI ANZIANI, LE LORO STORIE. alla radio&#8230;OGGI alle 15.10 e alle 20.30<\/p>\n<p>&nbsp;<\/p>\n<p><span style=\"color: #ff0000;\">l&#8217;invito di Luisa<\/span><\/p>\n<audio class=\"wp-audio-shortcode\" id=\"audio-372179-7\" preload=\"none\" style=\"width: 100%;\" controls=\"controls\"><source type=\"audio\/mpeg\" src=\"https:\/\/www.radiopiu.net\/wordpress\/wp-content\/uploads\/2024\/01\/DARLIN-PROMO-GENNAIO-24.mp3?_=7\" \/><a href=\"https:\/\/www.radiopiu.net\/wordpress\/wp-content\/uploads\/2024\/01\/DARLIN-PROMO-GENNAIO-24.mp3\">https:\/\/www.radiopiu.net\/wordpress\/wp-content\/uploads\/2024\/01\/DARLIN-PROMO-GENNAIO-24.mp3<\/a><\/audio>\n<p>&nbsp;<\/p>\n<h1><strong>da OGGI CON:<\/strong><\/h1>\n\n\t\t\t<style type='text\/css'>\n\t\t\t\t#gallery-3 {\n\t\t\t\t\tmargin: auto;\n\t\t\t\t}\n\t\t\t\t#gallery-3 .gallery-item {\n\t\t\t\t\tfloat: left;\n\t\t\t\t\tmargin-top: 10px;\n\t\t\t\t\ttext-align: center;\n\t\t\t\t\twidth: 20%;\n\t\t\t\t}\n\t\t\t\t#gallery-3 img {\n\t\t\t\t\tborder: 2px solid #cfcfcf;\n\t\t\t\t}\n\t\t\t\t#gallery-3 .gallery-caption {\n\t\t\t\t\tmargin-left: 0;\n\t\t\t\t}\n\t\t\t\t\/* see gallery_shortcode() in wp-includes\/media.php *\/\n\t\t\t<\/style>\n\t\t<div id='gallery-3' class='dt-gallery-container gallery galleryid-372179 gallery-columns-5 gallery-size-thumbnail'><dl class='gallery-item'>\n\t\t\t\t<dt class='gallery-icon landscape'>\n\t\t\t\t\t<a class=\"rollover rollover-zoom dt-pswp-item\" title=\"13173_772734642834768_7691700968631314734_n\" data-dt-img-description=\"\" data-large_image_width=\"960\" data-large_image_height=\"720\"href='https:\/\/www.radiopiu.net\/wordpress\/wp-content\/uploads\/2024\/01\/13173_772734642834768_7691700968631314734_n.jpg'><img loading=\"lazy\" decoding=\"async\" width=\"150\" height=\"150\" src=\"https:\/\/www.radiopiu.net\/wordpress\/wp-content\/uploads\/2024\/01\/13173_772734642834768_7691700968631314734_n-150x150.jpg\" class=\"attachment-thumbnail size-thumbnail\" alt=\"\" aria-describedby=\"gallery-3-371412\" \/><\/a>\n\t\t\t\t<\/dt>\n\t\t\t\t\t<dd class='wp-caption-text gallery-caption' id='gallery-3-371412'>\n\t\t\t\t\tRENZO GAVAZ\n\t\t\t\t\t<\/dd><\/dl><dl class='gallery-item'>\n\t\t\t\t<dt class='gallery-icon portrait'>\n\t\t\t\t\t<a class=\"rollover rollover-zoom dt-pswp-item\" title=\"1263791_471821186259450_688084720_o\" data-dt-img-description=\"\" data-large_image_width=\"640\" data-large_image_height=\"960\"href='https:\/\/www.radiopiu.net\/wordpress\/wp-content\/uploads\/2024\/01\/1263791_471821186259450_688084720_o.jpg'><img loading=\"lazy\" decoding=\"async\" width=\"150\" height=\"150\" src=\"https:\/\/www.radiopiu.net\/wordpress\/wp-content\/uploads\/2024\/01\/1263791_471821186259450_688084720_o-150x150.jpg\" class=\"attachment-thumbnail size-thumbnail\" alt=\"\" aria-describedby=\"gallery-3-371413\" \/><\/a>\n\t\t\t\t<\/dt>\n\t\t\t\t\t<dd class='wp-caption-text gallery-caption' id='gallery-3-371413'>\n\t\t\t\t\tDARIO DE DONA&#8217;\n\t\t\t\t\t<\/dd><\/dl><dl class='gallery-item'>\n\t\t\t\t<dt class='gallery-icon portrait'>\n\t\t\t\t\t<a class=\"rollover rollover-zoom dt-pswp-item\" title=\"10349966_10200992395091797_7982296456602109470_n\" data-dt-img-description=\"\" data-large_image_width=\"720\" data-large_image_height=\"960\"href='https:\/\/www.radiopiu.net\/wordpress\/wp-content\/uploads\/2024\/01\/10349966_10200992395091797_7982296456602109470_n.jpg'><img loading=\"lazy\" decoding=\"async\" width=\"150\" height=\"150\" src=\"https:\/\/www.radiopiu.net\/wordpress\/wp-content\/uploads\/2024\/01\/10349966_10200992395091797_7982296456602109470_n-150x150.jpg\" class=\"attachment-thumbnail size-thumbnail\" alt=\"\" aria-describedby=\"gallery-3-371415\" \/><\/a>\n\t\t\t\t<\/dt>\n\t\t\t\t\t<dd class='wp-caption-text gallery-caption' id='gallery-3-371415'>\n\t\t\t\t\tOTTORINO SOPPELSA\n\t\t\t\t\t<\/dd><\/dl><dl class='gallery-item'>\n\t\t\t\t<dt class='gallery-icon landscape'>\n\t\t\t\t\t<a class=\"rollover rollover-zoom dt-pswp-item\" title=\"12039188_871127199662178_745759660719437329_n\" data-dt-img-description=\"\" data-large_image_width=\"960\" data-large_image_height=\"720\"href='https:\/\/www.radiopiu.net\/wordpress\/wp-content\/uploads\/2024\/01\/12039188_871127199662178_745759660719437329_n.jpg'><img loading=\"lazy\" decoding=\"async\" width=\"150\" height=\"150\" src=\"https:\/\/www.radiopiu.net\/wordpress\/wp-content\/uploads\/2024\/01\/12039188_871127199662178_745759660719437329_n-150x150.jpg\" class=\"attachment-thumbnail size-thumbnail\" alt=\"\" aria-describedby=\"gallery-3-371416\" \/><\/a>\n\t\t\t\t<\/dt>\n\t\t\t\t\t<dd class='wp-caption-text gallery-caption' id='gallery-3-371416'>\n\t\t\t\t\tMARIA MADDALENA SIEF\n\t\t\t\t\t<\/dd><\/dl><dl class='gallery-item'>\n\t\t\t\t<dt class='gallery-icon landscape'>\n\t\t\t\t\t<a class=\"rollover rollover-zoom dt-pswp-item\" title=\"1920568_695938213847745_9206734997539198338_n\" data-dt-img-description=\"\" data-large_image_width=\"960\" data-large_image_height=\"720\"href='https:\/\/www.radiopiu.net\/wordpress\/wp-content\/uploads\/2024\/01\/1920568_695938213847745_9206734997539198338_n.jpg'><img loading=\"lazy\" decoding=\"async\" width=\"150\" height=\"150\" src=\"https:\/\/www.radiopiu.net\/wordpress\/wp-content\/uploads\/2024\/01\/1920568_695938213847745_9206734997539198338_n-150x150.jpg\" class=\"attachment-thumbnail size-thumbnail\" alt=\"\" aria-describedby=\"gallery-3-371414\" \/><\/a>\n\t\t\t\t<\/dt>\n\t\t\t\t\t<dd class='wp-caption-text gallery-caption' id='gallery-3-371414'>\n\t\t\t\t\tBENIGNO PELLEGRINI\n\t\t\t\t\t<\/dd><\/dl><br style=\"clear: both\" \/>\n\t\t\t<\/div>\n\n<hr \/>\n<p>&nbsp;<\/p>\n<h2><span style=\"color: #ff6600;\">IERI ALLA RADIO<\/span><\/h2>\n<h2><span style=\"color: #ff00ff;\">OGGI COME IERI di e con SILVIA BALDO<\/span><\/h2>\n<p><img loading=\"lazy\" decoding=\"async\" class=\"alignleft\" src=\"https:\/\/www.radiopiu.net\/wordpress\/wp-content\/uploads\/2023\/09\/309000774_10222572118595513_7956305457803922499_n.jpg\" width=\"123\" height=\"123\" \/><\/p>\n<p><strong>PUNTATA 17 30 GENNAIO 2024<\/strong><\/p>\n<audio class=\"wp-audio-shortcode\" id=\"audio-372179-8\" preload=\"none\" style=\"width: 100%;\" controls=\"controls\"><source type=\"audio\/mpeg\" src=\"https:\/\/www.radiopiu.net\/wordpress\/wp-content\/uploads\/2024\/01\/SIBI-2.mp3?_=8\" \/><a href=\"https:\/\/www.radiopiu.net\/wordpress\/wp-content\/uploads\/2024\/01\/SIBI-2.mp3\">https:\/\/www.radiopiu.net\/wordpress\/wp-content\/uploads\/2024\/01\/SIBI-2.mp3<\/a><\/audio>\n<p><strong>LA RACCOLTA COMPLETA <a href=\"https:\/\/www.radiopiu.net\/wordpress\/alle-nove-oggi-come-ieri-di-e-con-silvia-baldo\/\">CLICCA QUI<\/a><\/strong><\/p>\n<p>&nbsp;<\/p>\n<hr \/>\n<p>&nbsp;<\/p>\n<h2><span style=\"color: #00ccff;\">SALUTE &amp; SOCIETA&#8217;<\/span><\/h2>\n<p><a class=\"dt-pswp-item\" href=\"https:\/\/www.radiopiu.net\/wordpress\/wp-content\/uploads\/2024\/01\/79361702-19d8-e0ac-8fd7-f15726aaf205.jpg\" data-dt-img-description=\"Senior woman with painful elbow.\" data-large_image_width=\"800\" data-large_image_height=\"445\"><img loading=\"lazy\" decoding=\"async\" class=\"wp-image-372185 alignleft\" src=\"https:\/\/www.radiopiu.net\/wordpress\/wp-content\/uploads\/2024\/01\/79361702-19d8-e0ac-8fd7-f15726aaf205-300x167.jpg\" alt=\"\" width=\"151\" height=\"84\" srcset=\"https:\/\/www.radiopiu.net\/wordpress\/wp-content\/uploads\/2024\/01\/79361702-19d8-e0ac-8fd7-f15726aaf205-300x167.jpg 300w, https:\/\/www.radiopiu.net\/wordpress\/wp-content\/uploads\/2024\/01\/79361702-19d8-e0ac-8fd7-f15726aaf205-768x427.jpg 768w, https:\/\/www.radiopiu.net\/wordpress\/wp-content\/uploads\/2024\/01\/79361702-19d8-e0ac-8fd7-f15726aaf205.jpg 800w\" sizes=\"auto, (max-width: 151px) 100vw, 151px\" \/><\/a><strong>PUNTATA DEL 30 GENNAIO 2024<\/strong><\/p>\n<p><strong>Artrite psoriasica, cure pi\u00f9 efficaci se tempestive <\/strong>L\u2019artrite psoriasica \u00e8 una malattia eterogenea e potenzialmente severa, che potrebbe richiedere il ricorso ad un trattamento multidisciplinare. La terapia dovrebbe essere fondata su una decisione condivisa tra il paziente e il reumatologo curante, considerando efficacia, sicurezza e costi.<\/p>\n<audio class=\"wp-audio-shortcode\" id=\"audio-372179-9\" preload=\"none\" style=\"width: 100%;\" controls=\"controls\"><source type=\"audio\/mpeg\" src=\"https:\/\/www.radiopiu.net\/wordpress\/wp-content\/uploads\/2024\/01\/SALUTE-3.mp3?_=9\" \/><a href=\"https:\/\/www.radiopiu.net\/wordpress\/wp-content\/uploads\/2024\/01\/SALUTE-3.mp3\">https:\/\/www.radiopiu.net\/wordpress\/wp-content\/uploads\/2024\/01\/SALUTE-3.mp3<\/a><\/audio>\n<p>&nbsp;<\/p>\n<hr \/>\n<h2><\/h2>\n<h2><span style=\"color: #008000;\">PERITI MINERARI DALL\u2019AGORDINO AL MONDO<\/span><\/h2>\n<p><strong>REDAZIONE<\/strong> Continua la serie di racconti con i periti minerari agordini. Nelle prossime tre puntate la storia di antonio miola. I racconti dei periti minerari agordini che hanno lavorato nel mondo, ogni luned\u00ec alle 10:30 e alle 19 su Radio Pi\u00f9.<\/p>\n<p><iframe loading=\"lazy\" title=\"ANTONIO MIOLA\" width=\"1200\" height=\"675\" src=\"https:\/\/www.youtube.com\/embed\/fAeFW-MZ9FE?feature=oembed\" frameborder=\"0\" allow=\"accelerometer; autoplay; clipboard-write; encrypted-media; gyroscope; picture-in-picture; web-share\" allowfullscreen><\/iframe><\/p>\n<p><strong>LA RACCOLTA COMPLETA <a href=\"https:\/\/www.radiopiu.net\/wordpress\/periti-minerari-dallagordino-al-mondo\/\">CLICCA QUI<\/a><\/strong><\/p>\n<p>&nbsp;<\/p>\n<p>&nbsp;<\/p>\n<hr \/>\n<h2><span style=\"color: #800080;\">\u00a0<\/span><\/h2>\n<h2><span style=\"color: #800080;\">I RACCONTI DI PAOLO SOPPELSA<\/span><\/h2>\n<p><strong>SUL CAMPANILE<\/strong><\/p>\n<p><strong>AUDIO<\/strong><\/p>\n<audio class=\"wp-audio-shortcode\" id=\"audio-372179-10\" preload=\"none\" style=\"width: 100%;\" controls=\"controls\"><source type=\"audio\/mpeg\" src=\"https:\/\/www.radiopiu.net\/wordpress\/wp-content\/uploads\/2024\/01\/PAOLOS-2.mp3?_=10\" \/><a href=\"https:\/\/www.radiopiu.net\/wordpress\/wp-content\/uploads\/2024\/01\/PAOLOS-2.mp3\">https:\/\/www.radiopiu.net\/wordpress\/wp-content\/uploads\/2024\/01\/PAOLOS-2.mp3<\/a><\/audio>\n<p>&nbsp;<\/p>\n<p><a class=\"dt-pswp-item\" href=\"https:\/\/www.radiopiu.net\/wordpress\/wp-content\/uploads\/2024\/01\/e682d022-417e-48dd-bcec-ac63f4a4ea3e.jpg\" data-dt-img-description=\"\" data-large_image_width=\"1600\" data-large_image_height=\"1200\"><img loading=\"lazy\" decoding=\"async\" class=\" wp-image-372085 alignleft\" src=\"https:\/\/www.radiopiu.net\/wordpress\/wp-content\/uploads\/2024\/01\/e682d022-417e-48dd-bcec-ac63f4a4ea3e-300x225.jpg\" alt=\"\" width=\"185\" height=\"139\" srcset=\"https:\/\/www.radiopiu.net\/wordpress\/wp-content\/uploads\/2024\/01\/e682d022-417e-48dd-bcec-ac63f4a4ea3e-300x225.jpg 300w, https:\/\/www.radiopiu.net\/wordpress\/wp-content\/uploads\/2024\/01\/e682d022-417e-48dd-bcec-ac63f4a4ea3e-1024x768.jpg 1024w, https:\/\/www.radiopiu.net\/wordpress\/wp-content\/uploads\/2024\/01\/e682d022-417e-48dd-bcec-ac63f4a4ea3e-768x576.jpg 768w, https:\/\/www.radiopiu.net\/wordpress\/wp-content\/uploads\/2024\/01\/e682d022-417e-48dd-bcec-ac63f4a4ea3e-1536x1152.jpg 1536w, https:\/\/www.radiopiu.net\/wordpress\/wp-content\/uploads\/2024\/01\/e682d022-417e-48dd-bcec-ac63f4a4ea3e.jpg 1600w\" sizes=\"auto, (max-width: 185px) 100vw, 185px\" \/><\/a>Nel pomeriggio di un limpido e freddo giorno d&#8217;inverno sono salito sul campanile della chiesa di Cencenighe. Mancavano pochi minuti alle tre quando sono uscito dalla botola che si apre nel pavimento della cella campanaria. Proprio come accadde circa trentacinque anni fa quando, in un tranquillo pomeriggio d&#8217;estate, fu Don Costantino ad accompagnare fin lass\u00f9 quel bambino curioso che, quasi ogni giorno, attendeva la suonata della campana grande che annunciava il mezzogiorno. Era stato emozionante uscire dalla botola situata proprio sotto la seconda campana, quella che annunciava la Messa della sera. Di quel pomeriggio ormai lontano ricordo la vista dei tetti delle case adiacenti la chiesa, e poi le due campane maggiori che allora mi erano sembrate enormi. Ero rimasto a bocca aperta ammirando i fregi e le scritte riportate sul bronzo, e avevo faticato parecchio tentando di muovere il batocio per far risuonare almeno un ritocco. Fu la mano del Parroco ad aiutare la mia ad accostare il battaglio per produrre quella nota di Fa che da sempre accompagna i miei giorni agordini. Poi tanto tempo \u00e8 passato da quel giorno d&#8217;estate, fino a quel pomeriggio d&#8217;inverno in cui mi sono ritrovato nuovamente alla base del campanile. L&#8217;emozione era ancora intatta al momento dell&#8217;entrata nel vano dove un tempo pendevano le corde delle campane e dove oggi si trovano i moderni quadri elettrici. Poi finalmente l&#8217;imboccare la lunga e stretta scala che conduce alla cella campanaria; all&#8217;interno del campanile si respira un&#8217;atmosfera quasi medievale, pare di salire una torre merlata di un qualche castello o abbazia. La scala produce suoni che sanno di antico e poca luce penetra dalle minuscole finestrelle rettangolari situate sul lato est e le lampade elettriche aiutano la salita fra quelle spesse mura di pietra. Al terzo pianerottolo, sulla sinistra, ecco aprirsi a mezza altezza la severa porticina della misteriosa soffitta della chiesa. Sarebbe arduo entrarci, occorrerebbe infilarsi strisciando in quell\u2019angusta apertura, e poi chiss\u00e0; si narra di un mondo misterioso che si apre al di sopra della volta della chiesa dedicata a Sant&#8217;Antonio Abate. Ancora una serie di pianerottoli e poi finalmente lo sbucare lass\u00f9, ancora una volta sotto alla seconda campana, quella dal suono che mi ricorda certe sere d&#8217;autunno. Una nota di Sol che mi riporta il calore di legna e lo scintillare della brina di fine ottobre che, all&#8217;ora in cui suonava la campana, iniziava a ricoprire il sagrato. Tutto mi \u00e8 apparso pi\u00f9 piccolo lass\u00f9 dove le quattro aperture ad arco permettono una visuale inedita sul paese e dove occorre un minimo di attenzione nel muoversi. Alle quindici in punto \u00e8 iniziata la suonata a festa alla massima potenza e poi l&#8217;allegro Campanot eseguito dai giovani che mantengono viva questa antica tradizione. Cinque campane hanno suonato insieme per celebrare Sant&#8217;Antone, ed era indispensabile tapparsi le orecchie. Seduto su un cordolo in pietra, pensavo ai racconti di pap\u00e0, di quando le campane venivano suonate a mano e quello di \u201ccampanaro\u201d era un ruolo molto ambito. Immaginavo quei gruppi di ragazzi che anche in pieno inverno erano immancabilmente lass\u00f9 a tirare con forza le corde di quelle campane che annunciavano Messe, funerali, matrimoni e processioni varie. Immaginavo quella fredda sera d&#8217;inizio primavera del 1950, quando la Madonna Pellegrina fece il suo ingresso in paese dal lato nord e quei ragazzini erano lass\u00f9, infreddoliti e pronti alla suonata delle grandi occasioni. Poi all&#8217;inizio del tramonto, negli attimi in cui la luna \u00e8 spuntata sopra il Pelsa, siamo scesi dal campanile; lass\u00f9 sono rimaste le campane, a scandire all&#8217;infinito il tempo e la storia del paese situato all&#8217;incrocio delle valli e dei venti.<\/p>\n<p>&nbsp;<\/p>\n<p>&nbsp;<\/p>\n<hr \/>\n<p>&nbsp;<\/p>\n<blockquote>\n<h2>Nuove Protezioni per il Whistleblowing: Convegno a Belluno<\/h2>\n<\/blockquote>\n<p><strong>BELLUNO<\/strong> Il 17 dicembre 2023 sono entrate in vigore nuove regole sul whistleblowing per aziende con almeno 50 dipendenti, offrendo maggiori protezioni ai segnalatori, incluso collaboratori autonomi, liberi professionisti, volontari, azionisti e amministratori. Un convegno organizzato da Ordine provinciale dei Consulenti del Lavoro e l&#8217;Istituto Scolastico Superiore Paritario \u201cAbate Zanetti\u201d di Murano ha illustrato le principali novit\u00e0 normative, implementando una direttiva europea del 2019. Durante l&#8217;evento, sono state presentate anche le principali novit\u00e0 della Legge di Bilancio<\/p>\n<p>&nbsp;<\/p>\n<p>&nbsp;<\/p>\n<p>&nbsp;<\/p>\n<hr \/>\n<p>&nbsp;<\/p>\n<p>&nbsp;<\/p>\n<blockquote>\n<h3>PAROLE A TEMA, IL NUOVO PROGRAMMA DI RADIOPIU<\/h3>\n<\/blockquote>\n<p><img decoding=\"async\" src=\"https:\/\/www.radiopiu.net\/wordpress\/wp-content\/uploads\/2020\/01\/dueminuti-banner.jpg\" \/><\/p>\n<blockquote>\n<h2><\/h2>\n<\/blockquote>\n<p><strong>REDAZIONE<\/strong> Da anni, molti anni, prosegue la collaborazione con Gianluca Melilli e tutto lo staff di Due Minuti un Libro, l&#8217;appuntamento del mattino alle 9.45 e 17.50. Ogni giorno scopriamo nuovi libri, autori ed emozioni.<br \/>\nDal 2 febbraio la redazione di Due Minuti Un libro proporr\u00e0 il nuovo programma alla radio, un periodico che inizier\u00e0 il 2 febbraio, nel giorno dei &#8220;calzini spaiati&#8221;.<\/p>\n<p><span style=\"color: #ff0000;\"><strong>L&#8217;AUTORE, GIANLUCA MELILLI A RADIO PIU<\/strong><\/span><\/p>\n<audio class=\"wp-audio-shortcode\" id=\"audio-372179-11\" preload=\"none\" style=\"width: 100%;\" controls=\"controls\"><source type=\"audio\/mpeg\" src=\"https:\/\/www.radiopiu.net\/wordpress\/wp-content\/uploads\/2024\/01\/promo-radio-piu.mp3?_=11\" \/><a href=\"https:\/\/www.radiopiu.net\/wordpress\/wp-content\/uploads\/2024\/01\/promo-radio-piu.mp3\">https:\/\/www.radiopiu.net\/wordpress\/wp-content\/uploads\/2024\/01\/promo-radio-piu.mp3<\/a><\/audio>\n<p>&nbsp;<\/p>\n<p>&nbsp;<\/p>\n<hr \/>\n<p>&nbsp;<\/p>\n<p>&nbsp;<\/p>\n<blockquote>\n<h3>UN MONDO DI GUERRE, BILOSLAVO AL CENTRO CONGRESSI<\/h3>\n<\/blockquote>\n<p><a class=\"td-modal-image\" href=\"https:\/\/www.bellunopress.it\/wp-content\/uploads\/2022\/05\/Liberal-Belluno.jpg\"><img loading=\"lazy\" decoding=\"async\" class=\"alignleft wp-image-133143 td-animation-stack-type0-2\" src=\"https:\/\/www.bellunopress.it\/wp-content\/uploads\/2022\/05\/Liberal-Belluno.jpg\" sizes=\"auto, (max-width: 457px) 100vw, 457px\" srcset=\"https:\/\/www.bellunopress.it\/wp-content\/uploads\/2022\/05\/Liberal-Belluno.jpg 532w, https:\/\/www.bellunopress.it\/wp-content\/uploads\/2022\/05\/Liberal-Belluno-500x193.jpg 500w\" alt=\"\" width=\"203\" height=\"78\" \/><\/a>Appuntamento con I Grandi incontri dell\u2019Associazione Liberal Belluno presieduta da Rosalba Schenal. Sabato 3 febbraio 2024 alle ore 17,30 nella\u00a0sala Teatro del Centro Congressi Giovanni 23mo di Belluno in piazza Piloni, si terr\u00e0 la conferenza con proiezioni di immagini e filmati dal titolo:<\/p>\n<p>\u201cUn mondo di guerre\u201d.\u00a0 Relatore dell\u2019incontro: Fausto Biloslavo, giornalista, scrittore e inviato di guerra. Conduce:Franco Tosolini,\u00a0ricercatore storico<\/p>\n<p>&nbsp;<\/p>\n<p>&nbsp;<\/p>\n<hr \/>\n<p>&nbsp;<\/p>\n<blockquote>\n<h3>ARIA D&#8217;INVERN, IL CONCORSO FOTOGRAFICO<\/h3>\n<\/blockquote>\n<p><strong><img loading=\"lazy\" decoding=\"async\" class=\"alignleft\" src=\"https:\/\/www.radiopiu.net\/wordpress\/wp-content\/uploads\/2024\/01\/Senza-nome-41.png\" width=\"147\" height=\"79\" \/>CENCENIGHE<\/strong> La Pro Loco di Cencenighe ha organizzato un concorso fotografico dal titolo &#8220;Aria D&#8217;Invern&#8221;. Chi volesse partecipare pu\u00f2 inviare gli scatti fino al 31 marzo alla mail ariadinvern@gmail.com seguiranno le premiazioni e, nel mese di luglio, l&#8217;esposizione delle foto al Nof Fil\u00f2. Regolamento completo sul sito www.prolococencenighe.it<\/p>\n<p>&nbsp;<\/p>\n<p>&nbsp;<\/p>\n<p>&nbsp;<\/p>\n<hr \/>\n<p>&nbsp;<\/p>\n<blockquote>\n<h2>LE PISTE&#8230; SULLA PORTA DI CASA<\/h2>\n<\/blockquote>\n<div>\n<div class=\"x1cy8zhl x78zum5 x1q0g3np xod5an3 x1pi30zi x1swvt13 xz9dl7a\">\n<div class=\"x1iyjqo2\">\n<div class=\"x78zum5 xdt5ytf xz62fqu x16ldp7u\">\n<div class=\"xu06os2 x1ok221b\">\n<h2 id=\":R1al9aqqd9emhpapd5aq:\" class=\"x1heor9g x1qlqyl8 x1pd3egz x1a2a7pz x1gslohp x1yc453h\"><span class=\"x193iq5w xeuugli x13faqbe x1vvkbs x1xmvt09 x6prxxf xvq8zen xo1l8bm xi81zsa\"><strong><a class=\"dt-pswp-item\" href=\"https:\/\/www.radiopiu.net\/wordpress\/wp-content\/uploads\/2021\/11\/FORCELLA-AURINE.jpg\" data-dt-img-description=\"\" data-large_image_width=\"960\" data-large_image_height=\"720\"><img loading=\"lazy\" decoding=\"async\" class=\" wp-image-241538 alignleft\" src=\"https:\/\/www.radiopiu.net\/wordpress\/wp-content\/uploads\/2021\/11\/FORCELLA-AURINE-300x225.jpg\" alt=\"\" width=\"191\" height=\"143\" srcset=\"https:\/\/www.radiopiu.net\/wordpress\/wp-content\/uploads\/2021\/11\/FORCELLA-AURINE-300x225.jpg 300w, https:\/\/www.radiopiu.net\/wordpress\/wp-content\/uploads\/2021\/11\/FORCELLA-AURINE-768x576.jpg 768w, https:\/\/www.radiopiu.net\/wordpress\/wp-content\/uploads\/2021\/11\/FORCELLA-AURINE.jpg 960w\" sizes=\"auto, (max-width: 191px) 100vw, 191px\" \/><\/a>Aurine SKI Dolomiti -Progetto Desma <\/strong><\/span><strong><a class=\"x1i10hfl xjbqb8w x6umtig x1b1mbwd xaqea5y xav7gou x9f619 x1ypdohk xt0psk2 xe8uvvx xdj266r x11i5rnm xat24cr x1mh8g0r xexx8yu x4uap5 x18d9i69 xkhd6sd x16tdsg8 x1hl2dhg xggy1nq x1a2a7pz xt0b8zv xzsf02u x1s688f\" tabindex=\"0\" role=\"link\" href=\"https:\/\/www.facebook.com\/aurineskidolomiti?__cft__[0]=AZXSmHr83SUuJT0u4kVMSvLZyFo58012vDZQz2S9NoUpe9MsUBxfpeLpjB-1OoVs-G6CFBOMyk-HwUGAJFyotDcmMB8tqVOt4ppZp7H1Nhm_9AbxGcAKPdaj0NRByIDsgxLcHrLDuU1XYg3AAgvwT-9s&amp;__tn__=-]C%2CP-R\"><span class=\"xt0psk2\">&#8211;<\/span><\/a><\/strong>.<\/h2>\n<\/div>\n<div class=\"xu06os2 x1ok221b\">NUOVE APERTURE E NUOVI ORARI: &#8211; LUNEDI : Chiuso &#8211; MARTEDI : Chiuso &#8211; MERCOLEDI : 13:00-16:30 \/ 19:30-22:00 &#8211; GIOVEDI : 13:00-16:30 &#8211; VENERDI : 13:00-16:30 &#8211; SABATO : 9:00 &#8211; 16.30 &#8211; DOMENICA : 9:00 &#8211; 16.30 AD OGGI LA SITUAZIONE PISTE: &#8211; CAMPO SCUOLA <span class=\"x3nfvp2 x1j61x8r x1fcty0u xdj266r xhhsvwb xat24cr xgzva0m xxymvpz xlup9mm x1kky2od\"><img loading=\"lazy\" decoding=\"async\" class=\"xz74otr\" src=\"https:\/\/static.xx.fbcdn.net\/images\/emoji.php\/v9\/t55\/1.5\/16\/1f7e2.png\" alt=\"&#x1f7e2;\" width=\"16\" height=\"16\" \/><\/span><\/div>\n<\/div>\n<\/div>\n<\/div>\n<\/div>\n<div>\n<div class=\"\" dir=\"auto\">\n<div id=\":R1al9aqqd9emhpapd5aqH2:\" class=\"x1iorvi4 x1pi30zi x1l90r2v x1swvt13\" data-ad-comet-preview=\"message\" data-ad-preview=\"message\">\n<div class=\"x78zum5 xdt5ytf xz62fqu x16ldp7u\">\n<div class=\"xu06os2 x1ok221b\">\n<div class=\"x11i5rnm xat24cr x1mh8g0r x1vvkbs xtlvy1s x126k92a\">\n<div dir=\"auto\">&#8211; GARDELINA <span class=\"x3nfvp2 x1j61x8r x1fcty0u xdj266r xhhsvwb xat24cr xgzva0m xxymvpz xlup9mm x1kky2od\"><img loading=\"lazy\" decoding=\"async\" class=\"xz74otr\" src=\"https:\/\/static.xx.fbcdn.net\/images\/emoji.php\/v9\/t55\/1.5\/16\/1f7e2.png\" alt=\"&#x1f7e2;\" width=\"16\" height=\"16\" \/><\/span>&#8211; BEPI <span class=\"x3nfvp2 x1j61x8r x1fcty0u xdj266r xhhsvwb xat24cr xgzva0m xxymvpz xlup9mm x1kky2od\"><img loading=\"lazy\" decoding=\"async\" class=\"xz74otr\" src=\"https:\/\/static.xx.fbcdn.net\/images\/emoji.php\/v9\/t55\/1.5\/16\/1f7e2.png\" alt=\"&#x1f7e2;\" width=\"16\" height=\"16\" \/><\/span>&#8211; GEMINI <span class=\"x3nfvp2 x1j61x8r x1fcty0u xdj266r xhhsvwb xat24cr xgzva0m xxymvpz xlup9mm x1kky2od\"><img loading=\"lazy\" decoding=\"async\" class=\"xz74otr\" src=\"https:\/\/static.xx.fbcdn.net\/images\/emoji.php\/v9\/tc7\/1.5\/16\/1f534.png\" alt=\"&#x1f534;\" width=\"16\" height=\"16\" \/><\/span>Se le temperature ce lo permetteranno in pochi giorni sar\u00e0 completata anche la parte alta con l&#8217;apertura della sciovia Gardelon. RISTOBAR GHEGY<\/div>\n<\/div>\n<div class=\"x11i5rnm xat24cr x1mh8g0r x1vvkbs xtlvy1s x126k92a\">\n<div dir=\"auto\">&#8211; Dal Mercoled\u00ec al Venerd\u00ec aperto dall&#8217;ora di pranzo. &#8211; Mercoled\u00ec sera anche a cena con i panini GOURMET. &#8211; Sabato e Domenica 8:30 &#8211; 18.30.<\/div>\n<\/div>\n<\/div>\n<\/div>\n<\/div>\n<\/div>\n<\/div>\n<div dir=\"auto\"><\/div>\n<div dir=\"auto\"><\/div>\n<div dir=\"auto\"><\/div>\n<div dir=\"auto\"><\/div>\n<div dir=\"auto\">\n<hr \/>\n<\/div>\n<p>&nbsp;<\/p>\n<blockquote>\n<h3><a class=\"dt-pswp-item\" href=\"https:\/\/www.radiopiu.net\/wordpress\/wp-content\/uploads\/2023\/02\/CASPARETHA-2023-scaled.jpg\" data-dt-img-description=\"\" data-large_image_width=\"2560\" data-large_image_height=\"1918\"><img loading=\"lazy\" decoding=\"async\" class=\" wp-image-320590 alignleft\" src=\"https:\/\/www.radiopiu.net\/wordpress\/wp-content\/uploads\/2023\/02\/CASPARETHA-2023-300x225.jpg\" alt=\"\" width=\"195\" height=\"146\" srcset=\"https:\/\/www.radiopiu.net\/wordpress\/wp-content\/uploads\/2023\/02\/CASPARETHA-2023-300x225.jpg 300w, https:\/\/www.radiopiu.net\/wordpress\/wp-content\/uploads\/2023\/02\/CASPARETHA-2023-1024x767.jpg 1024w, https:\/\/www.radiopiu.net\/wordpress\/wp-content\/uploads\/2023\/02\/CASPARETHA-2023-768x575.jpg 768w, https:\/\/www.radiopiu.net\/wordpress\/wp-content\/uploads\/2023\/02\/CASPARETHA-2023-1536x1151.jpg 1536w, https:\/\/www.radiopiu.net\/wordpress\/wp-content\/uploads\/2023\/02\/CASPARETHA-2023-2048x1534.jpg 2048w\" sizes=\"auto, (max-width: 195px) 100vw, 195px\" \/><\/a>CASPARETHA 2024 POSTICIPATA AL 17 FEBBRAIO<\/h3>\n<\/blockquote>\n<p><strong>REDAZIONE<\/strong> Gli organizzatori della Casparetha di Canale D&#8217;Agordo informano che la manifestazione, inizialmente in programma per sabato 3 febbraio, \u00e8 stata posticipata a Sabato 17 febbraio a causa della poca neve caduta nell&#8217;ultimo periodo. La data di apertura delle iscrizioni slitta al 3 febbraio. Segurianno degli aggiornamenti nei prossii giorni in base alle previsioni meteo.<\/p>\n<p><span style=\"color: #ff0000;\"><strong>L&#8217;INTERVISTA A RADIO PIU&#8217;<\/strong><\/span><\/p>\n<p><strong>DI MIRKO MEZZACASA<\/strong><\/p>\n<p>OSPITI: Emil Tancon e Mirco Tancon<\/p>\n<audio class=\"wp-audio-shortcode\" id=\"audio-372179-12\" preload=\"none\" style=\"width: 100%;\" controls=\"controls\"><source type=\"audio\/mpeg\" src=\"https:\/\/www.radiopiu.net\/wordpress\/wp-content\/uploads\/2024\/01\/mirco-emil-casparetha-1.mp3?_=12\" \/><a href=\"https:\/\/www.radiopiu.net\/wordpress\/wp-content\/uploads\/2024\/01\/mirco-emil-casparetha-1.mp3\">https:\/\/www.radiopiu.net\/wordpress\/wp-content\/uploads\/2024\/01\/mirco-emil-casparetha-1.mp3<\/a><\/audio>\n<p>&nbsp;<\/p>\n<p>&nbsp;<\/p>\n<hr \/>\n<p>&nbsp;<\/p>\n<p><strong>\u201cAppia Servizi Srl, presso la propria sede di Agordo, \u00e8 alla ricerca di una nuova figura con esperienza per il reparto contabile da inserire nel proprio organico a tempo indeterminato e tempo pieno.Se interessati potete contattare il numero 0437-954411 o inviare la vostra candidatura all\u2019indirizzo <a href=\"mailto:info@appiacna.it\">info@appiacna.it<\/a>.\u201d<\/strong><\/p>\n<p>&nbsp;<\/p>\n<hr \/>\n<p>&nbsp;<\/p>\n<h2><span style=\"color: #ff0000;\">GLI APPUNTAMENTI DELLA SETTIMANA\u00a0<\/span><\/h2>\n<h3><strong style=\"font-size: 14px;\">BELLUNO<\/strong><span style=\"font-size: 14px; font-weight: normal;\"> Il Circolo Culturale Bellunese presenta, in occasione del Giorno della Memoria, l&#8217;evento &#8220;L\u2019chaim\/Alla vita&#8221; a Belluno oggi alle 20:30 presso il Teatro Dino Buzzati. Il concerto offre un viaggio nelle radici e nell&#8217;identit\u00e0 ebraiche attraverso canti yemeniti, sefarditi e klezmer.<\/span><\/h3>\n<p><strong>BELLUNO<\/strong> Gioved\u00ec 1\u00b0 febbraio alle ore 17.00 nel Salone di Palazzo Fulcis, verr\u00e0 presentato il libro antologico di Elserino Piol \u201cIl sogno di un\u2019impresa. Dall\u2019Olivetti al venture capital: una vita nell\u2019information technology\u201d<\/p>\n<p><strong>BELLUNO <\/strong>Dopo il successo di Fashion Victims, gioved\u00ec 1 febbraio alle ore 21:00 torna la stagione Gioved\u00ec Giovani H21 con \u201cR+G Liberamente ispirato a Romeo e Giulietta di William Shakespeare\u201d \u2013 lavoro con la regia di Stefano Cordella e la drammaturgia di Tommaso Fermariello prodotto da Teatro Stabile del Veneto e finalista premio IN-BOX BLU 2023. Uno spettacolo che \u00e8 anche un concerto live di musica elettronica, un ibrido tra teatro e musica.<\/p>\n<p><strong>BELLUNO<\/strong> Sabato 3 febbraio 2024, alle ore 17:30, presso la sala &#8220;TEATRO&#8221; del Centro Congressi in piazza Piloni a Belluno, si terr\u00e0 l&#8217;evento &#8220;Un Mondo di Guerre&#8221;. Durante la manifestazione, saranno proiettati filmati e fotografie che raccontano storie di dispersi delle stragi di Tito e di Russia.<\/p>\n<p><strong>BELLUNO<\/strong> Dopo il sold-out de \u201cI BRUTTI ANATROCCOLI\u201d, per il quarto appuntamento di COMINCIO DAI 3 \u2013 FAMIGLIE A TEATRO Domenica 4 febbraio alle ore 17.00 al Teatro Comunale Dino Buzzati di Belluno andr\u00e0 in scena \u201cCHE NOTTE RAGAZZI!\u201d della Compagnia Teatro al Quadrato.<\/p>\n<h2><span style=\"color: #ff0000;\">PROSSIMAMENTE\u00a0<\/span><\/h2>\n<p><a class=\"dt-pswp-item\" href=\"https:\/\/www.radiopiu.net\/wordpress\/wp-content\/uploads\/2024\/01\/Carnevale-2024-def.png\" data-dt-img-description=\"\" data-large_image_width=\"1414\" data-large_image_height=\"2000\"><img loading=\"lazy\" decoding=\"async\" class=\"size-medium wp-image-372256 aligncenter\" src=\"https:\/\/www.radiopiu.net\/wordpress\/wp-content\/uploads\/2024\/01\/Carnevale-2024-def-212x300.png\" alt=\"\" width=\"212\" height=\"300\" srcset=\"https:\/\/www.radiopiu.net\/wordpress\/wp-content\/uploads\/2024\/01\/Carnevale-2024-def-212x300.png 212w, https:\/\/www.radiopiu.net\/wordpress\/wp-content\/uploads\/2024\/01\/Carnevale-2024-def-724x1024.png 724w, https:\/\/www.radiopiu.net\/wordpress\/wp-content\/uploads\/2024\/01\/Carnevale-2024-def-768x1086.png 768w, https:\/\/www.radiopiu.net\/wordpress\/wp-content\/uploads\/2024\/01\/Carnevale-2024-def-1086x1536.png 1086w, https:\/\/www.radiopiu.net\/wordpress\/wp-content\/uploads\/2024\/01\/Carnevale-2024-def.png 1414w\" sizes=\"auto, (max-width: 212px) 100vw, 212px\" \/><\/a><\/p>\n<p>&nbsp;<\/p>\n<p><strong>FELTRE<\/strong> La Famiglia Ex Emigranti del Feltrino organizza la gita alla fiera &#8220;Orto Giardino&#8221; a Pordenonefiere il 6 marzo. La partenza \u00e8 alle 13 da Pedavena, con passaggio a Feltre. Il programma include l&#8217;ingresso alla fiera e una tappa in pizzeria durante il rientro. Per informazioni 40 262 9562.<\/p>\n<p>&nbsp;<\/p>\n<p>&nbsp;<\/p>\n<hr \/>\n<p>&nbsp;<\/p>\n<p><a class=\"dt-pswp-item\" href=\"https:\/\/www.radiopiu.net\/wordpress\/wp-content\/uploads\/2018\/09\/viabilita.jpeg\" data-dt-img-description=\"\" data-large_image_width=\"800\" data-large_image_height=\"100\"><img loading=\"lazy\" decoding=\"async\" class=\"aligncenter wp-image-61954 size-full\" src=\"https:\/\/www.radiopiu.net\/wordpress\/wp-content\/uploads\/2018\/09\/viabilita.jpeg\" alt=\"\" width=\"800\" height=\"100\" srcset=\"https:\/\/www.radiopiu.net\/wordpress\/wp-content\/uploads\/2018\/09\/viabilita.jpeg 800w, https:\/\/www.radiopiu.net\/wordpress\/wp-content\/uploads\/2018\/09\/viabilita-300x38.jpeg 300w, https:\/\/www.radiopiu.net\/wordpress\/wp-content\/uploads\/2018\/09\/viabilita-768x96.jpeg 768w\" sizes=\"auto, (max-width: 800px) 100vw, 800px\" \/><\/a><\/p>\n<p>&nbsp;<\/p>\n<p><a class=\"dt-pswp-item\" href=\"https:\/\/www.radiopiu.net\/wordpress\/wp-content\/uploads\/2023\/12\/botol-car-service.jpg\" data-dt-img-description=\"\" data-large_image_width=\"600\" data-large_image_height=\"600\"><img loading=\"lazy\" decoding=\"async\" class=\"size-medium wp-image-367044 aligncenter\" src=\"https:\/\/www.radiopiu.net\/wordpress\/wp-content\/uploads\/2023\/12\/botol-car-service-300x300.jpg\" alt=\"\" width=\"300\" height=\"300\" srcset=\"https:\/\/www.radiopiu.net\/wordpress\/wp-content\/uploads\/2023\/12\/botol-car-service-300x300.jpg 300w, https:\/\/www.radiopiu.net\/wordpress\/wp-content\/uploads\/2023\/12\/botol-car-service-150x150.jpg 150w, https:\/\/www.radiopiu.net\/wordpress\/wp-content\/uploads\/2023\/12\/botol-car-service.jpg 600w\" sizes=\"auto, (max-width: 300px) 100vw, 300px\" \/><\/a><\/p>\n<p>&nbsp;<\/p>\n<blockquote>\n<h1><span style=\"color: #ff0000;\"><a class=\"dt-pswp-item\" href=\"https:\/\/www.radiopiu.net\/wordpress\/wp-content\/uploads\/2020\/05\/VENETO-STRADE.png\" data-dt-img-description=\"\" data-large_image_width=\"400\" data-large_image_height=\"400\"><img loading=\"lazy\" decoding=\"async\" class=\"wp-image-135574 alignleft\" src=\"https:\/\/www.radiopiu.net\/wordpress\/wp-content\/uploads\/2020\/05\/VENETO-STRADE-300x300.png\" alt=\"\" width=\"102\" height=\"102\" srcset=\"https:\/\/www.radiopiu.net\/wordpress\/wp-content\/uploads\/2020\/05\/VENETO-STRADE-300x300.png 300w, https:\/\/www.radiopiu.net\/wordpress\/wp-content\/uploads\/2020\/05\/VENETO-STRADE-150x150.png 150w, https:\/\/www.radiopiu.net\/wordpress\/wp-content\/uploads\/2020\/05\/VENETO-STRADE.png 400w\" sizes=\"auto, (max-width: 102px) 100vw, 102px\" \/><\/a>AGGIORNAMENTO QUOTIDIANO, IN\u00a0 COLLABORAZIONE CON VENETO STRADE E BOTOL CAR SERVICE AD AGORDO IN LOCALITA&#8217; VALCOZZENA.<\/span><\/h1>\n<p>&nbsp;<\/p><\/blockquote>\n<blockquote><p>Si raccomanda di percorrere i passi al di sopra dei 1200 m slm con catene montate; le catene devono essere montate fuori dalla sede stradale, per non intralciare il traffico e le operazioni di sgombero neve dal piano viabile. Si raccomanda di prestare la massima attenzione nella guida per la possibile presenza di tratti resi scivolosi causati da neve fortemente bagnata<\/p>\n<p>\u00c8 chiuso per periodo invernale il seguente tratto stradale: &#8211; S.P. 33 \u201cdi Sauris\u201d dal km 0+000 (innesto S.P. 619) al km 6+800 (confine Provincia di Udine).<\/p><\/blockquote>\n<p><strong>SOSPIROLO\u00a0<\/strong> Lungo la provinciale 2 tra Pian Falcina e Gena Bassa in Comune di Sospirolo\u00a0 <span style=\"color: #ff0000;\">fino al 15 febbraio,<\/span> sabato e domeniche compresi, senso unico alternato regolato da semaforo o movieri, interruzioni alla viabilit\u00e0 fino a 10 minuti per tratti di 200 metri.<\/p>\n<p><span style=\"color: #0000ff;\"><strong>BOLLETTINO VIABILITA&#8217; AGGIORNATO AL 23 GENNAIO 2024<\/strong><\/span><\/p>\n<audio class=\"wp-audio-shortcode\" id=\"audio-372179-13\" preload=\"none\" style=\"width: 100%;\" controls=\"controls\"><source type=\"audio\/mpeg\" src=\"https:\/\/www.radiopiu.net\/wordpress\/wp-content\/uploads\/2024\/01\/VIABLITA-2.mp3?_=13\" \/><a href=\"https:\/\/www.radiopiu.net\/wordpress\/wp-content\/uploads\/2024\/01\/VIABLITA-2.mp3\">https:\/\/www.radiopiu.net\/wordpress\/wp-content\/uploads\/2024\/01\/VIABLITA-2.mp3<\/a><\/audio>\n<p>&nbsp;<\/p>\n<p>&nbsp;<\/p>\n<hr \/>\n<p>&nbsp;<\/p>\n<p>&nbsp;<\/p>\n<p><a class=\"dt-pswp-item\" href=\"https:\/\/www.radiopiu.net\/wordpress\/wp-content\/uploads\/2018\/09\/WhatsApp-Image-2018-09-20-at-16.04.06.jpeg\" data-dt-img-description=\"\" data-large_image_width=\"800\" data-large_image_height=\"100\"><img loading=\"lazy\" decoding=\"async\" class=\"wp-image-61378 size-full aligncenter\" src=\"https:\/\/www.radiopiu.net\/wordpress\/wp-content\/uploads\/2018\/09\/WhatsApp-Image-2018-09-20-at-16.04.06.jpeg\" alt=\"\" width=\"800\" height=\"100\" srcset=\"https:\/\/www.radiopiu.net\/wordpress\/wp-content\/uploads\/2018\/09\/WhatsApp-Image-2018-09-20-at-16.04.06.jpeg 800w, https:\/\/www.radiopiu.net\/wordpress\/wp-content\/uploads\/2018\/09\/WhatsApp-Image-2018-09-20-at-16.04.06-300x38.jpeg 300w, https:\/\/www.radiopiu.net\/wordpress\/wp-content\/uploads\/2018\/09\/WhatsApp-Image-2018-09-20-at-16.04.06-768x96.jpeg 768w\" sizes=\"auto, (max-width: 800px) 100vw, 800px\" \/><\/a><\/p>\n<p><center><\/center><b>\u00a0 \u00a0\u00a0<\/b><\/p>\n<p><center><\/center><center><b>OGGI<\/b><\/center>Tempo stabile con cielo in prevalenza sereno o al pi\u00f9 poco nuvoloso per qualche sottile velatura. Tra notte e primo mattino possibili nebbie nei fondovalle prealpini. Persistenza dell&#8217;inversione termica nelle valli durante le ore pi\u00f9 fredde.<br \/>\n<b>Precipitazioni: <\/b>Assenti<br \/>\n<b>Temperature: <\/b>Senza variazioni di rilievo o in ulteriore lieve aumento le minime in quota.<\/p>\n<hr \/>\n<p><center><b>DOMANI<\/b><\/center>Tempo in prevalenza soleggiato, ma con qualche nube alta un po&#8217; pi\u00f9 estesa dei giorni precedenti specie tra il mattino e il primo pomeriggio. Tra notte e primo mattino possibile nebbia nei fondovalle prealpini.<br \/>\n<b>Precipitazioni: <\/b>Assenti<br \/>\n<b>Temperature: <\/b>Temperature senza notevoli variazioni, in lieve calo in alta quota con minime raggiunte in serata, forte inversione termica nelle valli durante le ore pi\u00f9 fredde.<\/p>\n<hr \/>\n<p><center><b>GIOVEDI<\/b><\/center>Nuvolosit\u00e0 medio-alta a tratti estesa in transito tra il mattino e il primo pomeriggio. Temperature in quota in lieve calo dalla sera, nelle valli possibili aumenti delle massime per Foehn.<\/p>\n<hr \/>\n<p><center><b>VENERDI<\/b><\/center>Cielo poco nuvoloso per nubi alte con qualche addensamento possibile su Dolomiti nord. Temperature in graduale aumento in quota, con andamento irregolare nelle valli causa fhoen.<\/p>\n<p>&nbsp;<\/p>\n<hr \/>\n<p>&nbsp;<\/p>\n<p>&nbsp;<\/p>\n<p><img loading=\"lazy\" decoding=\"async\" class=\"wp-image-60761 size-full aligncenter\" src=\"https:\/\/www.radiopiu.net\/wordpress\/wp-content\/uploads\/2018\/09\/sport.jpg\" alt=\"\" width=\"800\" height=\"100\" srcset=\"https:\/\/www.radiopiu.net\/wordpress\/wp-content\/uploads\/2018\/09\/sport.jpg 800w, https:\/\/www.radiopiu.net\/wordpress\/wp-content\/uploads\/2018\/09\/sport-300x38.jpg 300w, https:\/\/www.radiopiu.net\/wordpress\/wp-content\/uploads\/2018\/09\/sport-768x96.jpg 768w\" sizes=\"auto, (max-width: 800px) 100vw, 800px\" \/><\/p>\n<p>&nbsp;<\/p>\n<p><span style=\"color: #0000ff;\"><strong>SCI NORDICO<\/strong><\/span><\/p>\n<blockquote>\n<h2>L\u2019ESORDIO DI VANESSA CAGNATI ALLE OLIMPIADI GIOVANILI IN COREA<\/h2>\n<\/blockquote>\n<p><strong><a class=\"dt-pswp-item\" href=\"https:\/\/www.radiopiu.net\/wordpress\/wp-content\/uploads\/2024\/01\/vanessa-cagnati-sappada-17-dic-2023-Copia.jpg\" data-dt-img-description=\"\" data-large_image_width=\"1200\" data-large_image_height=\"800\"><img loading=\"lazy\" decoding=\"async\" class=\"size-medium wp-image-369109 alignleft\" src=\"https:\/\/www.radiopiu.net\/wordpress\/wp-content\/uploads\/2024\/01\/vanessa-cagnati-sappada-17-dic-2023-Copia-300x200.jpg\" alt=\"\" width=\"300\" height=\"200\" srcset=\"https:\/\/www.radiopiu.net\/wordpress\/wp-content\/uploads\/2024\/01\/vanessa-cagnati-sappada-17-dic-2023-Copia-300x200.jpg 300w, https:\/\/www.radiopiu.net\/wordpress\/wp-content\/uploads\/2024\/01\/vanessa-cagnati-sappada-17-dic-2023-Copia-1024x683.jpg 1024w, https:\/\/www.radiopiu.net\/wordpress\/wp-content\/uploads\/2024\/01\/vanessa-cagnati-sappada-17-dic-2023-Copia-768x512.jpg 768w, https:\/\/www.radiopiu.net\/wordpress\/wp-content\/uploads\/2024\/01\/vanessa-cagnati-sappada-17-dic-2023-Copia.jpg 1200w\" sizes=\"auto, (max-width: 300px) 100vw, 300px\" \/><\/a>REDAZIONE <\/strong>\u00c8 iniziata l&#8217;altra notte l\u2019avventura di Vanessa Cagnati alle Olimpiadi giovanili di Gangwon in Corea. La ragazza di Falcade in forza allo Sci Club Val Biois ha esordito con la nazionale nella sprint a tecnica libera dove si \u00e8 piazzata al 25esimo posto.<\/p>\n<p>Vanessa \u00e8 tornata a gareggiare\u00a0 nella 7,5 km in tecnica classica.<\/p>\n<p>&nbsp;<\/p>\n<p><span style=\"color: #0000ff;\"><strong>\u00a0<\/strong><\/span><\/p>\n<p>&nbsp;<\/p>\n<p><span style=\"color: #0000ff;\"><strong>HOCKEY SU GHIACCIO<\/strong><\/span><\/p>\n<blockquote>\n<h3>UN FINE SETTIMANA PERFETTO PER LE GIOVANILI DELL&#8217;ALLEGHE HOCKEY<\/h3>\n<\/blockquote>\n<p><strong><a class=\"dt-pswp-item\" href=\"https:\/\/www.radiopiu.net\/wordpress\/wp-content\/uploads\/2019\/02\/704B3B5E-C6E2-4913-81FA-D6D96DABDD98.jpeg\" data-dt-img-description=\"\" data-large_image_width=\"1200\" data-large_image_height=\"800\"><img loading=\"lazy\" decoding=\"async\" class=\" wp-image-75954 alignleft\" src=\"https:\/\/www.radiopiu.net\/wordpress\/wp-content\/uploads\/2019\/02\/704B3B5E-C6E2-4913-81FA-D6D96DABDD98-300x200.jpeg\" alt=\"\" width=\"192\" height=\"128\" srcset=\"https:\/\/www.radiopiu.net\/wordpress\/wp-content\/uploads\/2019\/02\/704B3B5E-C6E2-4913-81FA-D6D96DABDD98-300x200.jpeg 300w, https:\/\/www.radiopiu.net\/wordpress\/wp-content\/uploads\/2019\/02\/704B3B5E-C6E2-4913-81FA-D6D96DABDD98-768x512.jpeg 768w, https:\/\/www.radiopiu.net\/wordpress\/wp-content\/uploads\/2019\/02\/704B3B5E-C6E2-4913-81FA-D6D96DABDD98-1024x683.jpeg 1024w, https:\/\/www.radiopiu.net\/wordpress\/wp-content\/uploads\/2019\/02\/704B3B5E-C6E2-4913-81FA-D6D96DABDD98.jpeg 1200w\" sizes=\"auto, (max-width: 192px) 100vw, 192px\" \/><\/a>di Marco Gaz<\/strong><\/p>\n<p><span style=\"color: #ff0000;\"><strong>UNDER 19<\/strong><\/span><\/p>\n<p><strong>CORTINA\/ALLEGHE \u2013 COMO 12-0<\/strong><\/p>\n<p>GOL CORTINA\/ALLEGHE: Ni. Fontanive, 2 No. Fontanive, Sudiro, Da Tos, Rimoldi, Gaier, 2 Levis, 2 Tolomelli, Viel.<\/p>\n<p>La si pu\u00f2 definire una passeggiata la sfida del Cortina\/Alleghe che all\u2019Olpico di Cortina sotterra di gol il Como in un match mai stato in discussione. Grande prova della squadra mista bellunese che termina in doppia cifra la partita con i lariani.<\/p>\n<p><span style=\"color: #ff0000;\"><strong>UNDER 16<\/strong><\/span><\/p>\n<p><strong>CORTINA\/ALLEGHE \u2013 ICE ACADEMY BLUE VIPITENO 3-2 DOT<\/strong><\/p>\n<p>GOL CORTINA\/ALLEGHE: De Luca, 2 Fontanive<\/p>\n<p>Due punti incamerati per il Cortina\/Alleghe under 16 che vince all\u2019overtime contro la squadra blue di Vipiteno. Dopo un primo tempo terminato a reti inviolate, gli altoatesini trovano due reti in rapida successione ad inizio seconda frazione. Il Cortina risponde con De Luca e Fontanive chiudendo la sfida in parit\u00e0. All\u2019overtime bastano 32\u201d e Fontanive sigla la rete che regala il punto aggiuntivo alla squadra bellunese.<\/p>\n<p><span style=\"color: #ff0000;\"><strong>UNDER 14 <\/strong><\/span><\/p>\n<p><strong>PINEROLO \u2013 ALLEGHE\/CORTINA 3-8<\/strong><\/p>\n<p>Continuano a vincere le giovani civette. Anche questo fine settimana la squadra Under 14 dell\u2019Alleghe\/Cortina incamera tre punti nella sfida piemontese contro il Pinerolo. Bella prestazione dei bellunesi che concedono 3 reti agli avversari dopo avene siglate otto.<\/p>\n<p>&nbsp;<\/p>\n<p><span style=\"color: #0000ff;\"><strong>CALCIO A 5<\/strong><\/span><\/p>\n<blockquote>\n<h3>GIESSE PER LO SPORT&#8230;CON LA CANOTTIERI BELLUNO CALCIO A 5<\/h3>\n<\/blockquote>\n<div class=\"x11i5rnm xat24cr x1mh8g0r x1vvkbs xtlvy1s x126k92a\">\n<h4 dir=\"auto\"><a class=\"dt-pswp-item\" href=\"https:\/\/www.radiopiu.net\/wordpress\/wp-content\/uploads\/2023\/10\/Senza-nome-57.png\" data-dt-img-description=\"\" data-large_image_width=\"317\" data-large_image_height=\"322\"><img loading=\"lazy\" decoding=\"async\" class=\"size-medium wp-image-358116 aligncenter\" src=\"https:\/\/www.radiopiu.net\/wordpress\/wp-content\/uploads\/2023\/10\/Senza-nome-57-295x300.png\" alt=\"\" width=\"295\" height=\"300\" srcset=\"https:\/\/www.radiopiu.net\/wordpress\/wp-content\/uploads\/2023\/10\/Senza-nome-57-295x300.png 295w, https:\/\/www.radiopiu.net\/wordpress\/wp-content\/uploads\/2023\/10\/Senza-nome-57.png 317w\" sizes=\"auto, (max-width: 295px) 100vw, 295px\" \/><\/a><\/h4>\n<h4 dir=\"auto\"><\/h4>\n<h4 dir=\"auto\">GIESSE PER LO SPORT&#8221; &#8230; con la Canottieri Belluno, calcio a 5. Tutto sul campionato di serie A2, girone A. Il programma alla RADIO che da ascolto ai talenti del calcio a 5 bellunese. IN COLLABORAZIONE CON GIESSE RISARCIMENTO DANNI A BELLUNO<\/h4>\n<\/div>\n<div class=\"x11i5rnm xat24cr x1mh8g0r x1vvkbs xtlvy1s x126k92a\">\n<h4 dir=\"auto\"><a class=\"x1i10hfl xjbqb8w x6umtig x1b1mbwd xaqea5y xav7gou x9f619 x1ypdohk xt0psk2 xe8uvvx xdj266r x11i5rnm xat24cr x1mh8g0r xexx8yu x4uap5 x18d9i69 xkhd6sd x16tdsg8 x1hl2dhg xggy1nq x1a2a7pz xt0b8zv x1qq9wsj xo1l8bm\" tabindex=\"0\" role=\"link\" href=\"https:\/\/www.facebook.com\/groups\/radiopiu\/?__cft__[0]=AZVtB3sskZBwGsu89zeRk9eNMGUFohz53TdYmXZyePAKPt8cBeKCqA03znGJk9wPaqHDXQ5yMBG_hrsUX03xH8fdmlMazTirW3KRFEY3Kr2cyBd_5Es2MvKnqyd6ZcahL6_M_zOo19o5N5tV8NHsHcfP&amp;__tn__=-UK-R\"><span class=\"xt0psk2\">RADIO PIU&#8217; EMITTENTE AGORDINA (Taibon_32027)<\/span><\/a>: IL LUNEDI ALLE 16.30, IL MARTEDI ALLE 13.05<\/h4>\n<h4 dir=\"auto\">RADIO CLUB 103 IL LUNEDI ALLE 16.20 E MARTEDI ALLE 13.40<\/h4>\n<h4 dir=\"auto\"><a class=\"x1i10hfl xjbqb8w x6umtig x1b1mbwd xaqea5y xav7gou x9f619 x1ypdohk xt0psk2 xe8uvvx xdj266r x11i5rnm xat24cr x1mh8g0r xexx8yu x4uap5 x18d9i69 xkhd6sd x16tdsg8 x1hl2dhg xggy1nq x1a2a7pz xt0b8zv x1qq9wsj xo1l8bm\" tabindex=\"0\" role=\"link\" href=\"https:\/\/www.facebook.com\/groups\/61488111720\/user\/100063652837062\/?__cft__[0]=AZVtB3sskZBwGsu89zeRk9eNMGUFohz53TdYmXZyePAKPt8cBeKCqA03znGJk9wPaqHDXQ5yMBG_hrsUX03xH8fdmlMazTirW3KRFEY3Kr2cyBd_5Es2MvKnqyd6ZcahL6_M_zOo19o5N5tV8NHsHcfP&amp;__tn__=-]K-R\"><span class=\"xt0psk2\">Radio Primiero<\/span><\/a> IL LUNEDI ALLE 10.30 E MARTEDI ALLE 12.30<\/h4>\n<p>&nbsp;<\/p>\n<p><strong><a class=\"dt-pswp-item\" href=\"https:\/\/www.radiopiu.net\/wordpress\/wp-content\/uploads\/2023\/11\/CANOTTIERI.jpg\" data-dt-img-description=\"\" data-large_image_width=\"568\" data-large_image_height=\"568\"><img loading=\"lazy\" decoding=\"async\" class=\" wp-image-363215 alignleft\" src=\"https:\/\/www.radiopiu.net\/wordpress\/wp-content\/uploads\/2023\/11\/CANOTTIERI-300x300.jpg\" alt=\"\" width=\"137\" height=\"137\" srcset=\"https:\/\/www.radiopiu.net\/wordpress\/wp-content\/uploads\/2023\/11\/CANOTTIERI-300x300.jpg 300w, https:\/\/www.radiopiu.net\/wordpress\/wp-content\/uploads\/2023\/11\/CANOTTIERI-150x150.jpg 150w, https:\/\/www.radiopiu.net\/wordpress\/wp-content\/uploads\/2023\/11\/CANOTTIERI.jpg 568w\" sizes=\"auto, (max-width: 137px) 100vw, 137px\" \/><\/a>PUNTATA 15 &#8211; 30 GENNAIO 2024<\/strong><\/p>\n<p><span style=\"color: #0000ff;\"><strong>QUATTORDICESIMA GIORNATA<\/strong><\/span><\/p>\n<p><strong>OLYMPIA ROVERETO \u2013 CANOTTIERI BELLUNO 7-4<\/strong><\/p>\n<p>Reti: PT 9.40 Storti (C), 11.53 Frisenna, 12.03 Bortolini (C), 14.23 Rafinha; ST 0.57 Thyago, 13.27 Onzaca, 15.32 Dall&#8217;\u00d2 (C), 15.46 Maddalosso, 16.28 Rafinha, 18.19 Storti (C), 19.18 Maddalosso.<\/p>\n<audio class=\"wp-audio-shortcode\" id=\"audio-372179-14\" preload=\"none\" style=\"width: 100%;\" controls=\"controls\"><source type=\"audio\/mpeg\" src=\"https:\/\/www.radiopiu.net\/wordpress\/wp-content\/uploads\/2023\/01\/GIESSECALCIO-1.mp3?_=14\" \/><a href=\"https:\/\/www.radiopiu.net\/wordpress\/wp-content\/uploads\/2023\/01\/GIESSECALCIO-1.mp3\">https:\/\/www.radiopiu.net\/wordpress\/wp-content\/uploads\/2023\/01\/GIESSECALCIO-1.mp3<\/a><\/audio>\n<p>&nbsp;<\/p>\n<p><strong>LA RACCOLTA COMPLETA <a href=\"https:\/\/www.radiopiu.net\/wordpress\/giesse-per-lo-sport-con-la-canottieri-belluno-calcio-a-5\/\">CLICCA QUI<\/a><\/strong><\/p>\n<p>&nbsp;<\/p>\n<p><span style=\"color: #0000ff;\"><strong>PALLAVOLO<\/strong><\/span><\/p>\n<blockquote>\n<h3>UN FEBBRAIO INTENSO PER IL BELLUNO VOLLEY<\/h3>\n<\/blockquote>\n<p><strong><a class=\"dt-pswp-item\" href=\"https:\/\/www.radiopiu.net\/wordpress\/wp-content\/uploads\/2024\/01\/Febbraio_di_fuoco_per_i_rinoceronti.jpg\" data-dt-img-description=\"\" data-large_image_width=\"1280\" data-large_image_height=\"855\"><img loading=\"lazy\" decoding=\"async\" class=\" wp-image-372205 alignleft\" src=\"https:\/\/www.radiopiu.net\/wordpress\/wp-content\/uploads\/2024\/01\/Febbraio_di_fuoco_per_i_rinoceronti-300x200.jpg\" alt=\"\" width=\"164\" height=\"109\" srcset=\"https:\/\/www.radiopiu.net\/wordpress\/wp-content\/uploads\/2024\/01\/Febbraio_di_fuoco_per_i_rinoceronti-300x200.jpg 300w, https:\/\/www.radiopiu.net\/wordpress\/wp-content\/uploads\/2024\/01\/Febbraio_di_fuoco_per_i_rinoceronti-1024x684.jpg 1024w, https:\/\/www.radiopiu.net\/wordpress\/wp-content\/uploads\/2024\/01\/Febbraio_di_fuoco_per_i_rinoceronti-768x513.jpg 768w, https:\/\/www.radiopiu.net\/wordpress\/wp-content\/uploads\/2024\/01\/Febbraio_di_fuoco_per_i_rinoceronti.jpg 1280w\" sizes=\"auto, (max-width: 164px) 100vw, 164px\" \/><\/a>BELLUNO<\/strong> Il Belluno Volley affronter\u00e0 un intenso periodo di cinque partite nel mese di febbraio, con due gare casalinghe e tre trasferte, inclusa una sfida cruciale contro il Monge Gerbaudo Savigliano. Dopo un turno di riposo, la squadra di Gian Luca Colussi si prepara a un tour de force che inizia con la sfida contro la Wimore a Salsomaggiore Terme. La classifica \u00e8 molto equilibrata, con il Belluno Volley ora sesto, ma con pochi punti di distacco dalla vetta del girone. Il calendario prevede anche un turno infrasettimanale contro la Geetit a Bologna.<\/p>\n<p>&nbsp;<\/p>\n<\/div>\n","protected":false},"excerpt":{"rendered":"<p>**** &nbsp; 40esimo di RADIOPIU\u2026. LA VOCE DELL\u2019EMOZIONE ISCRIVITI AL NOSTRO CANALE\u00a0\u00a0YOUTUBE PER SEGUIRE IN DIRETTA I PRINCIPALI PROGRAMMI DI RADIO PIU\u2019 E LE FUTURE DIRETTE IN ESTERNA. PER ISCRIVERTI CLICCA QUI\u00a0E PREMI\u00a0 \u201cIscriviti\u201d\u00a0 \u00a0 &nbsp; &nbsp; &nbsp; GRANDI NOVITA&#8217; ALLA RADIO&#8230; NUOVI PROGRAMMI IN ONDA DA QUESTA SETTIMANA Da anni radiopiu trasmette DUE MINUTI&hellip;<\/p>\n","protected":false},"author":4,"featured_media":372300,"comment_status":"closed","ping_status":"closed","sticky":false,"template":"","format":"standard","meta":{"_monsterinsights_skip_tracking":false,"_monsterinsights_sitenote_active":false,"_monsterinsights_sitenote_note":"","_monsterinsights_sitenote_category":0,"footnotes":""},"categories":[51,86,49],"tags":[],"class_list":["post-372179","post","type-post","status-publish","format-standard","has-post-thumbnail","hentry","category-evidenza-top","category-gr","category-news-18","category-51","category-86","category-49","description-off"],"img_url":"https:\/\/www.radiopiu.net\/wordpress\/wp-content\/uploads\/2024\/01\/Senza-nome-100.png","_links":{"self":[{"href":"https:\/\/www.radiopiu.net\/wordpress\/wp-json\/wp\/v2\/posts\/372179","targetHints":{"allow":["GET"]}}],"collection":[{"href":"https:\/\/www.radiopiu.net\/wordpress\/wp-json\/wp\/v2\/posts"}],"about":[{"href":"https:\/\/www.radiopiu.net\/wordpress\/wp-json\/wp\/v2\/types\/post"}],"author":[{"embeddable":true,"href":"https:\/\/www.radiopiu.net\/wordpress\/wp-json\/wp\/v2\/users\/4"}],"replies":[{"embeddable":true,"href":"https:\/\/www.radiopiu.net\/wordpress\/wp-json\/wp\/v2\/comments?post=372179"}],"version-history":[{"count":0,"href":"https:\/\/www.radiopiu.net\/wordpress\/wp-json\/wp\/v2\/posts\/372179\/revisions"}],"wp:featuredmedia":[{"embeddable":true,"href":"https:\/\/www.radiopiu.net\/wordpress\/wp-json\/wp\/v2\/media\/372300"}],"wp:attachment":[{"href":"https:\/\/www.radiopiu.net\/wordpress\/wp-json\/wp\/v2\/media?parent=372179"}],"wp:term":[{"taxonomy":"category","embeddable":true,"href":"https:\/\/www.radiopiu.net\/wordpress\/wp-json\/wp\/v2\/categories?post=372179"},{"taxonomy":"post_tag","embeddable":true,"href":"https:\/\/www.radiopiu.net\/wordpress\/wp-json\/wp\/v2\/tags?post=372179"}],"curies":[{"name":"wp","href":"https:\/\/api.w.org\/{rel}","templated":true}]}}