{"id":372221,"date":"2024-01-29T15:10:00","date_gmt":"2024-01-29T14:10:00","guid":{"rendered":"https:\/\/www.radiopiu.net\/wordpress\/?p=372221"},"modified":"2024-01-30T07:13:55","modified_gmt":"2024-01-30T06:13:55","slug":"addio-a-oliva-garavana-una-vita-di-cento-e-piu-anni","status":"publish","type":"post","link":"https:\/\/www.radiopiu.net\/wordpress\/addio-a-oliva-garavana-una-vita-di-cento-e-piu-anni\/","title":{"rendered":"Addio a Oliva Garavana: Una Vita di Cento e Pi\u00f9 Anni"},"content":{"rendered":"<p>**<\/p>\n<p>&nbsp;<\/p>\n<p><strong><img decoding=\"async\" class=\"alignleft\" src=\"https:\/\/www.radiopiu.net\/wordpress\/wp-content\/uploads\/2024\/01\/Senza-nome-94.png\" \/>TAIBON<\/strong> Oggi \u00e8 stato dato l&#8217;ultimo saluto a Oliva Garavana,\u00a0 nata a Taibon Agordino il 12 febbraio del 1921. Una vita che ha attraversato un secolo, ricca di esperienze e memorie, si \u00e8 conclusa dolcemente durante la notte tra il 26 ed il 27 gennaio, quando Oliva \u00e8 tranquillamente sprofondata nel sonno. Il destino ha voluto che l&#8217;annuncio della sua dipartita giungesse poche settimane prima del suo 103\u00ba compleanno, programmato per il prossimo 12 febbraio. Un traguardo impressionante, simbolo di una vita vissuta con intensit\u00e0 e resilienza attraverso i decenni. Nata in un piccolo borgo di montagna, Oliva ha assistito a trasformazioni epocali, ha vissuto periodi di guerra e di pace, ha visto il mondo cambiare intorno a lei. La sua saggezza e la sua gentilezza hanno fatto di lei un punto di riferimento, un anello che collegava le generazioni.<\/p>\n<div class=\"flex-1 overflow-hidden\">\n<div class=\"react-scroll-to-bottom--css-wdhcf-79elbk h-full\">\n<div class=\"react-scroll-to-bottom--css-wdhcf-1n7m0yu\">\n<div class=\"flex flex-col pb-9 text-sm\">\n<div class=\"w-full text-token-text-primary\" data-testid=\"conversation-turn-15\">\n<div class=\"px-4 py-2 justify-center text-base md:gap-6 m-auto\">\n<div class=\"flex flex-1 text-base mx-auto gap-3 md:px-5 lg:px-1 xl:px-5 md:max-w-3xl lg:max-w-[40rem] xl:max-w-[48rem] group final-completion\">\n<div class=\"relative flex w-full flex-col lg:w-[calc(100%-115px)] agent-turn\">\n<div class=\"flex-col gap-1 md:gap-3\">\n<div class=\"flex flex-grow flex-col max-w-full\">\n<div class=\"min-h-[20px] text-message flex flex-col items-start gap-3 whitespace-pre-wrap break-words [.text-message+&amp;]:mt-5 overflow-x-auto\" data-message-author-role=\"assistant\" data-message-id=\"e0ab422c-509b-4d41-b90f-2574b3e8c35d\">\n<div class=\"markdown prose w-full break-words dark:prose-invert dark\">\n<p>Mentre salutiamo Oliva Garavana, ci fermiamo a riflettere sulla bellezza e sulla complessit\u00e0 di una vita vissuta al massimo. I suoi 103 anni di esperienze, amori, e traguardi ci lasciano con un&#8217;eredit\u00e0 di saggezza e ispirazione. Oliva rimarr\u00e0 nei cuori di coloro che l&#8217;hanno conosciuta, una presenza eterna che continuer\u00e0 a illuminare il cammino di chi ha avuto la fortuna di incrociare il suo.<\/p>\n<\/div>\n<\/div>\n<p>&nbsp;<\/p>\n<hr \/>\n<p>&nbsp;<\/p>\n<p><span style=\"color: #ff0000;\">ARCHIVIO RADIOPIU. I 100 ANNI DI OLIVA<\/span><\/p>\n<\/div>\n<p>&nbsp;<\/p>\n<div class=\"mt-1 flex justify-start gap-3 empty:hidden\">\n<div class=\"text-gray-400 flex self-end lg:self-center justify-center lg:justify-start mt-0 -ml-1 visible\">\n<div class=\"flex\">\n<h2>DA RADIO PIU&#8217;&#8230;DOPO LA RADIO ANCHE QUI,\u00a0 AUGURI AD OLIVA PER I 100 ANNI!!!<\/h2>\n<p>Mi auguro che passi velocemente questo caos del virus per poter tornare a far visita alle belle montagne di Taibon con la speranza di poter portare ancora una volta la mamma a godere di quelle bellezze. Oliva vive a Prato ma le sue origini sono tutte agordine, \u00e8 nata infatti a Taibon Agordino dove \u00e8 ritornata spesso a trascorrere le vacanze \u00a0nella casa della nonna Candida a Forno di Val<\/p>\n<p><strong>Gabriella<\/strong><\/p>\n<p><a href=\"https:\/\/www.radiopiu.net\/wordpress\/giornale-radiopiu-15-febbraio-2021-direttore-mirko-mezzacasa\/olivagaravana_100anni\/\" rel=\"attachment wp-att-191243\"><img loading=\"lazy\" decoding=\"async\" class=\"alignnone wp-image-191243 size-large\" src=\"https:\/\/www.radiopiu.net\/wordpress\/wp-content\/uploads\/2021\/02\/OlivaGaravana_100anni-1024x690.jpg\" alt=\"\" width=\"1024\" height=\"690\" srcset=\"https:\/\/www.radiopiu.net\/wordpress\/wp-content\/uploads\/2021\/02\/OlivaGaravana_100anni-1024x690.jpg 1024w, https:\/\/www.radiopiu.net\/wordpress\/wp-content\/uploads\/2021\/02\/OlivaGaravana_100anni-300x202.jpg 300w, https:\/\/www.radiopiu.net\/wordpress\/wp-content\/uploads\/2021\/02\/OlivaGaravana_100anni-768x517.jpg 768w, https:\/\/www.radiopiu.net\/wordpress\/wp-content\/uploads\/2021\/02\/OlivaGaravana_100anni.jpg 1416w\" sizes=\"auto, (max-width: 1024px) 100vw, 1024px\" \/><\/a><\/p>\n<\/div>\n<div class=\"flex items-center gap-1.5 text-xs\"><\/div>\n<\/div>\n<\/div>\n<\/div>\n<div>\n<hr \/>\n<\/div>\n<\/div>\n<\/div>\n<\/div>\n<\/div>\n<\/div>\n<\/div>\n<\/div>\n<\/div>\n<div class=\"w-full pt-2 md:pt-0 dark:border-white\/20 md:border-transparent md:dark:border-transparent md:w-[calc(100%-.5rem)]\">\n<form class=\"stretch mx-2 flex flex-row gap-3 last:mb-2 md:mx-4 md:last:mb-6 lg:mx-auto lg:max-w-2xl xl:max-w-3xl\">\n<div class=\"relative flex h-full flex-1 items-stretch md:flex-col\">\n<div class=\"flex w-full items-center\"><\/div>\n<\/div>\n<\/form>\n<\/div>\n","protected":false},"excerpt":{"rendered":"<p>** &nbsp; TAIBON Oggi \u00e8 stato dato l&#8217;ultimo saluto a Oliva Garavana,\u00a0 nata a Taibon Agordino il 12 febbraio del 1921. Una vita che ha attraversato un secolo, ricca di esperienze e memorie, si \u00e8 conclusa dolcemente durante la notte tra il 26 ed il 27 gennaio, quando Oliva \u00e8 tranquillamente sprofondata nel sonno. Il&hellip;<\/p>\n","protected":false},"author":4,"featured_media":372222,"comment_status":"closed","ping_status":"closed","sticky":false,"template":"","format":"standard","meta":{"_monsterinsights_skip_tracking":false,"_monsterinsights_sitenote_active":false,"_monsterinsights_sitenote_note":"","_monsterinsights_sitenote_category":0,"footnotes":""},"categories":[51,49],"tags":[],"class_list":["post-372221","post","type-post","status-publish","format-standard","has-post-thumbnail","hentry","category-evidenza-top","category-news-18","category-51","category-49","description-off"],"img_url":"https:\/\/www.radiopiu.net\/wordpress\/wp-content\/uploads\/2024\/01\/Senza-nome-94.png","_links":{"self":[{"href":"https:\/\/www.radiopiu.net\/wordpress\/wp-json\/wp\/v2\/posts\/372221","targetHints":{"allow":["GET"]}}],"collection":[{"href":"https:\/\/www.radiopiu.net\/wordpress\/wp-json\/wp\/v2\/posts"}],"about":[{"href":"https:\/\/www.radiopiu.net\/wordpress\/wp-json\/wp\/v2\/types\/post"}],"author":[{"embeddable":true,"href":"https:\/\/www.radiopiu.net\/wordpress\/wp-json\/wp\/v2\/users\/4"}],"replies":[{"embeddable":true,"href":"https:\/\/www.radiopiu.net\/wordpress\/wp-json\/wp\/v2\/comments?post=372221"}],"version-history":[{"count":0,"href":"https:\/\/www.radiopiu.net\/wordpress\/wp-json\/wp\/v2\/posts\/372221\/revisions"}],"wp:featuredmedia":[{"embeddable":true,"href":"https:\/\/www.radiopiu.net\/wordpress\/wp-json\/wp\/v2\/media\/372222"}],"wp:attachment":[{"href":"https:\/\/www.radiopiu.net\/wordpress\/wp-json\/wp\/v2\/media?parent=372221"}],"wp:term":[{"taxonomy":"category","embeddable":true,"href":"https:\/\/www.radiopiu.net\/wordpress\/wp-json\/wp\/v2\/categories?post=372221"},{"taxonomy":"post_tag","embeddable":true,"href":"https:\/\/www.radiopiu.net\/wordpress\/wp-json\/wp\/v2\/tags?post=372221"}],"curies":[{"name":"wp","href":"https:\/\/api.w.org\/{rel}","templated":true}]}}