{"id":372279,"date":"2024-01-30T05:07:34","date_gmt":"2024-01-30T04:07:34","guid":{"rendered":"https:\/\/www.radiopiu.net\/wordpress\/?p=372279"},"modified":"2024-01-30T18:39:58","modified_gmt":"2024-01-30T17:39:58","slug":"ripresa-degli-incontri-settimanali-delluniversita-adulti-anziani-a-agordo","status":"publish","type":"post","link":"https:\/\/www.radiopiu.net\/wordpress\/ripresa-degli-incontri-settimanali-delluniversita-adulti-anziani-a-agordo\/","title":{"rendered":"Ripresa degli Incontri Settimanali dell&#8217;Universit\u00e0 Adulti\/Anziani a Agordo"},"content":{"rendered":"<p>&nbsp;<\/p>\n<p><strong>di LORIS SANTOMASO<\/strong><\/p>\n<p><strong><a class=\"dt-pswp-item\" href=\"https:\/\/www.radiopiu.net\/wordpress\/wp-content\/uploads\/2022\/12\/loris-santomaso.jpg\" data-dt-img-description=\"\" data-large_image_width=\"720\" data-large_image_height=\"806\"><img loading=\"lazy\" decoding=\"async\" class=\"wp-image-310786 alignleft\" src=\"https:\/\/www.radiopiu.net\/wordpress\/wp-content\/uploads\/2022\/12\/loris-santomaso-268x300.jpg\" alt=\"\" width=\"159\" height=\"178\" srcset=\"https:\/\/www.radiopiu.net\/wordpress\/wp-content\/uploads\/2022\/12\/loris-santomaso-268x300.jpg 268w, https:\/\/www.radiopiu.net\/wordpress\/wp-content\/uploads\/2022\/12\/loris-santomaso.jpg 720w\" sizes=\"auto, (max-width: 159px) 100vw, 159px\" \/><\/a>AGORDO<\/strong> Riprendono marted\u00ec 6 febbraio, come di consueto dopo la pausa natalizia, gli incontri settimanali del marted\u00ec, dalle 15 alle 17, in sala don Tamis di via 27 aprile, del secondo trimestre del 26\u00b0 anno accademico della Sezione di Agordo dell\u2019Universit\u00e0 Adulti\/Anziani, attiva dal 1996. \u00a0Dopo la forzata interruzione causata nel 2020 dal Covid, anche quest\u2019anno il ritorno dell\u2019attivit\u00e0, lo scorso 3 ottobre con la prolusione di Roberto Padrin nel 60\u00b0 del Vajont, \u00e8 stato salutato dall\u2019entusiastica adesione di oltre 150 corsisti, a dimostrazione che l\u2019iniziativa continua ad essere apprezzata sia come momento di interesse culturale che di socializzazione con il piacere di stare nuovamente assieme. Nutrito e sempre ricco di una variegata offerta di argomenti il programma predisposto dal Comitato di gestione, reso sempre possibile dalla disponibilit\u00e0 disinteressata di qualificati docenti (indicati fra parentesi), ai quali il Comitato rivolge un sentito ringraziamento.<\/p>\n<p><a class=\"dt-pswp-item\" href=\"https:\/\/www.radiopiu.net\/wordpress\/wp-content\/uploads\/2024\/01\/AGORDO-Attilio-Costa-direttore-Coro-Val-Biois.jpg\" data-dt-img-description=\"\" data-large_image_width=\"544\" data-large_image_height=\"700\"><img loading=\"lazy\" decoding=\"async\" class=\" wp-image-372280 alignright\" src=\"https:\/\/www.radiopiu.net\/wordpress\/wp-content\/uploads\/2024\/01\/AGORDO-Attilio-Costa-direttore-Coro-Val-Biois-233x300.jpg\" alt=\"\" width=\"176\" height=\"227\" srcset=\"https:\/\/www.radiopiu.net\/wordpress\/wp-content\/uploads\/2024\/01\/AGORDO-Attilio-Costa-direttore-Coro-Val-Biois-233x300.jpg 233w, https:\/\/www.radiopiu.net\/wordpress\/wp-content\/uploads\/2024\/01\/AGORDO-Attilio-Costa-direttore-Coro-Val-Biois.jpg 544w\" sizes=\"auto, (max-width: 176px) 100vw, 176px\" \/><\/a>Marted\u00ec 6 febbraio: Omaggio a Giacomo Puccini (1858-1924) nel centenario della morte (Attilio Costa) e Lettura nella terza et\u00e0: 40 anni del Centro Internazionale del Libro parlato di Feltre (Luisa Alchini); 13 febbraio: Amelia B.Edwards: Viaggio alla scoperta di territori, genti e tradizioni delle Dolomiti (Eleonora Pescosta); 20 febbraio: La peste in Europa: conoscenze, interpretazioni, misteri (Fiorella Candiani) e L\u2019aurora boreale ottava meraviglia del pianeta. Un viaggio virtuale nel suo meccanismo (Ada Grilli); 27 febbraio: Attivit\u00e0 estrattiva e civilt\u00e0 umana (Vittorio Fenti); 5 marzo (met\u00e0 Quaresima): \u201cAnche i grandi una volta erano piccoli\u201d. Riflessioni semiserie sui mitici anni \u201960-\u201970 (Gruppo teatrale \u201cNoi che\u201d di Sedico); 12 marzo: L\u2019 invecchiamento e i suoi cambiamenti: una condanna da subire o una trasformazione da vivere? (Giampaolo Ben) e E ora, cosa faccio? Cambiamenti = nuove opportunit\u00e0 (Francesca De Biasi); 19 marzo: Cosa sono le malattie reumatiche (1) (Gianniantonio Cassisi) e \u201cDa Monet a Matisse\u201d, in preparazione alla mostra di Padova (Lidia <a class=\"dt-pswp-item\" href=\"https:\/\/www.radiopiu.net\/wordpress\/wp-content\/uploads\/2024\/01\/AGORDO-Luisa-Alchini-presidente-del-Cilp-di-Feltre.jpg\" data-dt-img-description=\"\" data-large_image_width=\"756\" data-large_image_height=\"688\"><img loading=\"lazy\" decoding=\"async\" class=\" wp-image-372281 alignleft\" src=\"https:\/\/www.radiopiu.net\/wordpress\/wp-content\/uploads\/2024\/01\/AGORDO-Luisa-Alchini-presidente-del-Cilp-di-Feltre-300x273.jpg\" alt=\"\" width=\"192\" height=\"175\" srcset=\"https:\/\/www.radiopiu.net\/wordpress\/wp-content\/uploads\/2024\/01\/AGORDO-Luisa-Alchini-presidente-del-Cilp-di-Feltre-300x273.jpg 300w, https:\/\/www.radiopiu.net\/wordpress\/wp-content\/uploads\/2024\/01\/AGORDO-Luisa-Alchini-presidente-del-Cilp-di-Feltre.jpg 756w\" sizes=\"auto, (max-width: 192px) 100vw, 192px\" \/><\/a>Rui); 26 marzo: Arte. Un cielo nuovo per San Benedetto (Sergio Favotto); 2 aprile: Il rogo di Giordano Bruno (Lisa De Luca) e Agordo e i gemellaggi con Zugliano e Dolomieu (Claudia Cattadori); 9 aprile: La terapia delle malattie reumatiche (2) (Gianniantonio Cassisi) e Don Pietro Follador (1827-1872), presbitero, poeta e rivoluzionario agordino (Loris Serafini e Ivonne Tomaselli); 16 aprile: Breve storia dell\u2019energia dal fuoco alla fusione nucleare (Adriano Luchetta); 23 aprile: \u201cPer filo e per segno\u201d. Significato e derivazione di alcuni famosi modi di dire (Dino Bridda); 30 aprile: \u201cMarco Polo: la vita \u00e8 viaggio, sette secoli fa\u201d (Francesco Jori). Quindi brindisi di fine anno, saluti e auguri di buone vacanze. Proseguono anche le attivit\u00e0 complementari: laboratori artistico (Laura Ballis, tutti i gioved\u00ec) e di filosofia (Lisa De Luca tutti i luned\u00ec). Previste pure gite d\u2019istruzione e uscite a: Padova: Palazzo Zabarella per la mostra \u201cDa Monet a Matisse\u201d; Montebelluna: Museo civico; Vallada: chiesa monumentale di San Simon con affreschi di Paris Bordon e altre iniziative da decidere e programmare.<\/p>\n<p><b>Foto<\/b>:<\/p>\n<p>AGORDO \u2013 Attilio Costa e Luisa Alchini i relatori di marted\u00ec 6 febbraio.<\/p>\n<p>&nbsp;<\/p>\n<a href=\"https:\/\/www.radiopiu.net\/wordpress\/wp-content\/uploads\/2024\/01\/Programma-UAA-2\u00b0-trimestre-2023-24-ID.pdf\" class=\"pdfemb-viewer\" style=\"\" data-width=\"max\" data-height=\"max\" data-toolbar=\"top\" data-toolbar-fixed=\"on\">Programma UAA 2\u00b0 trimestre 2023-24-ID<\/a>\n","protected":false},"excerpt":{"rendered":"<p>&nbsp; di LORIS SANTOMASO AGORDO Riprendono marted\u00ec 6 febbraio, come di consueto dopo la pausa natalizia, gli incontri settimanali del marted\u00ec, dalle 15 alle 17, in sala don Tamis di via 27 aprile, del secondo trimestre del 26\u00b0 anno accademico della Sezione di Agordo dell\u2019Universit\u00e0 Adulti\/Anziani, attiva dal 1996. \u00a0Dopo la forzata interruzione causata nel&hellip;<\/p>\n","protected":false},"author":4,"featured_media":372281,"comment_status":"closed","ping_status":"closed","sticky":false,"template":"","format":"standard","meta":{"_monsterinsights_skip_tracking":false,"_monsterinsights_sitenote_active":false,"_monsterinsights_sitenote_note":"","_monsterinsights_sitenote_category":0,"footnotes":""},"categories":[104,49],"tags":[],"class_list":["post-372279","post","type-post","status-publish","format-standard","has-post-thumbnail","hentry","category-evidenza_3","category-news-18","category-104","category-49","description-off"],"img_url":"https:\/\/www.radiopiu.net\/wordpress\/wp-content\/uploads\/2024\/01\/AGORDO-Luisa-Alchini-presidente-del-Cilp-di-Feltre.jpg","_links":{"self":[{"href":"https:\/\/www.radiopiu.net\/wordpress\/wp-json\/wp\/v2\/posts\/372279","targetHints":{"allow":["GET"]}}],"collection":[{"href":"https:\/\/www.radiopiu.net\/wordpress\/wp-json\/wp\/v2\/posts"}],"about":[{"href":"https:\/\/www.radiopiu.net\/wordpress\/wp-json\/wp\/v2\/types\/post"}],"author":[{"embeddable":true,"href":"https:\/\/www.radiopiu.net\/wordpress\/wp-json\/wp\/v2\/users\/4"}],"replies":[{"embeddable":true,"href":"https:\/\/www.radiopiu.net\/wordpress\/wp-json\/wp\/v2\/comments?post=372279"}],"version-history":[{"count":0,"href":"https:\/\/www.radiopiu.net\/wordpress\/wp-json\/wp\/v2\/posts\/372279\/revisions"}],"wp:featuredmedia":[{"embeddable":true,"href":"https:\/\/www.radiopiu.net\/wordpress\/wp-json\/wp\/v2\/media\/372281"}],"wp:attachment":[{"href":"https:\/\/www.radiopiu.net\/wordpress\/wp-json\/wp\/v2\/media?parent=372279"}],"wp:term":[{"taxonomy":"category","embeddable":true,"href":"https:\/\/www.radiopiu.net\/wordpress\/wp-json\/wp\/v2\/categories?post=372279"},{"taxonomy":"post_tag","embeddable":true,"href":"https:\/\/www.radiopiu.net\/wordpress\/wp-json\/wp\/v2\/tags?post=372279"}],"curies":[{"name":"wp","href":"https:\/\/api.w.org\/{rel}","templated":true}]}}