{"id":372285,"date":"2024-01-30T05:13:33","date_gmt":"2024-01-30T04:13:33","guid":{"rendered":"https:\/\/www.radiopiu.net\/wordpress\/?p=372285"},"modified":"2024-01-30T05:13:33","modified_gmt":"2024-01-30T04:13:33","slug":"serata-di-solidarieta-tra-gemellaggi-e-ricordi","status":"publish","type":"post","link":"https:\/\/www.radiopiu.net\/wordpress\/serata-di-solidarieta-tra-gemellaggi-e-ricordi\/","title":{"rendered":"Serata di solidariet\u00e0, tra gemellaggi e ricordi"},"content":{"rendered":"<div dir=\"auto\">\n<p>^^^<\/p>\n<blockquote>\n<h2><\/h2>\n<\/blockquote>\n<\/div>\n<div dir=\"auto\"><strong><a class=\"dt-pswp-item\" href=\"https:\/\/www.radiopiu.net\/wordpress\/wp-content\/uploads\/2024\/01\/Gemellaggi-Comitato-Alpago-2-Ruote-Solidarieta-Alberto-Peterle-firma.jpg\" data-dt-img-description=\"\" data-large_image_width=\"2048\" data-large_image_height=\"1365\"><img loading=\"lazy\" decoding=\"async\" class=\" wp-image-372284 alignleft\" src=\"https:\/\/www.radiopiu.net\/wordpress\/wp-content\/uploads\/2024\/01\/Gemellaggi-Comitato-Alpago-2-Ruote-Solidarieta-Alberto-Peterle-firma-300x200.jpg\" alt=\"\" width=\"230\" height=\"153\" srcset=\"https:\/\/www.radiopiu.net\/wordpress\/wp-content\/uploads\/2024\/01\/Gemellaggi-Comitato-Alpago-2-Ruote-Solidarieta-Alberto-Peterle-firma-300x200.jpg 300w, https:\/\/www.radiopiu.net\/wordpress\/wp-content\/uploads\/2024\/01\/Gemellaggi-Comitato-Alpago-2-Ruote-Solidarieta-Alberto-Peterle-firma-1024x683.jpg 1024w, https:\/\/www.radiopiu.net\/wordpress\/wp-content\/uploads\/2024\/01\/Gemellaggi-Comitato-Alpago-2-Ruote-Solidarieta-Alberto-Peterle-firma-768x512.jpg 768w, https:\/\/www.radiopiu.net\/wordpress\/wp-content\/uploads\/2024\/01\/Gemellaggi-Comitato-Alpago-2-Ruote-Solidarieta-Alberto-Peterle-firma-1536x1024.jpg 1536w, https:\/\/www.radiopiu.net\/wordpress\/wp-content\/uploads\/2024\/01\/Gemellaggi-Comitato-Alpago-2-Ruote-Solidarieta-Alberto-Peterle-firma.jpg 2048w\" sizes=\"auto, (max-width: 230px) 100vw, 230px\" \/><\/a>ALPAGO<\/strong> Il Comitato Alpago 2 Ruote &amp; Solidariet\u00e0 ha celebrato il suo ventesimo anniversario con una serata di solidariet\u00e0, gemellaggi e ricordi. Durante l&#8217;evento, sono stati rinnovati i gemellaggi con la Via di Natale di Aviano e l&#8217;Associazione Cucchini di Belluno, istituzioni che forniscono assistenza a malati terminali e ai loro familiari. Il Comitato collabora attivamente con entrambe le associazioni destinando loro il ricavato del Giro del Lago, un evento multisportivo programmato per il 18 agosto. La serata ha anche ripercorso la storia di 20 anni di attivit\u00e0 attraverso la proiezione di video e fotografie, ricordando con affetto Vittorio Mares e Giovanni Viel, figure importanti per il Comitato. L&#8217;iniziativa ha visto la partecipazione di autorit\u00e0 locali e ha evidenziato il supporto e l&#8217;apprezzamento della comunit\u00e0. Il presidente del Comitato, Ennio Soccal, ha annunciato il proseguimento delle attivit\u00e0 nel 2024, con il Giro del Lago e l&#8217;organizzazione di altre iniziative, inclusa la ritorno della Festa dell&#8217;Aria.<\/div>\n<div dir=\"auto\"><\/div>\n<blockquote>\n<div dir=\"auto\"><em><span style=\"font-family: verdana, sans-serif;\">\u00abUna serata con grande partecipazione, questo ci riempie il cuore, significa che l\u2019attivit\u00e0 che portiamo avanti \u00e8 apprezzata\u00bb ha sottolineato Ennio Soccal.\u00a0\u00a0<\/span><\/em><\/div>\n<\/blockquote>\n<blockquote>\n<div dir=\"auto\">\n<div style=\"width: 1200px;\" class=\"wp-video\"><video class=\"wp-video-shortcode\" id=\"video-372285-1\" width=\"1200\" height=\"675\" preload=\"metadata\" controls=\"controls\"><source type=\"video\/mp4\" src=\"https:\/\/www.radiopiu.net\/wordpress\/wp-content\/uploads\/2024\/01\/Ennio-Soccal-Presidente-Comitato-Alpago-2-Ruote-Solidarieta.mp4?_=1\" \/><a href=\"https:\/\/www.radiopiu.net\/wordpress\/wp-content\/uploads\/2024\/01\/Ennio-Soccal-Presidente-Comitato-Alpago-2-Ruote-Solidarieta.mp4\">https:\/\/www.radiopiu.net\/wordpress\/wp-content\/uploads\/2024\/01\/Ennio-Soccal-Presidente-Comitato-Alpago-2-Ruote-Solidarieta.mp4<\/a><\/video><\/div>\n<\/div>\n<\/blockquote>\n<div dir=\"auto\"><\/div>\n<div dir=\"auto\"><\/div>\n<div dir=\"auto\">\n<hr \/>\n<\/div>\n","protected":false},"excerpt":{"rendered":"<p>^^^ ALPAGO Il Comitato Alpago 2 Ruote &amp; Solidariet\u00e0 ha celebrato il suo ventesimo anniversario con una serata di solidariet\u00e0, gemellaggi e ricordi. Durante l&#8217;evento, sono stati rinnovati i gemellaggi con la Via di Natale di Aviano e l&#8217;Associazione Cucchini di Belluno, istituzioni che forniscono assistenza a malati terminali e ai loro familiari. Il Comitato&hellip;<\/p>\n","protected":false},"author":4,"featured_media":372286,"comment_status":"closed","ping_status":"closed","sticky":false,"template":"","format":"standard","meta":{"_monsterinsights_skip_tracking":false,"_monsterinsights_sitenote_active":false,"_monsterinsights_sitenote_note":"","_monsterinsights_sitenote_category":0,"footnotes":""},"categories":[104,49],"tags":[],"class_list":["post-372285","post","type-post","status-publish","format-standard","has-post-thumbnail","hentry","category-evidenza_3","category-news-18","category-104","category-49","description-off"],"img_url":"https:\/\/www.radiopiu.net\/wordpress\/wp-content\/uploads\/2024\/01\/Gemellaggi-Comitato-Alpago-2-Ruote-Solidarieta-Banda.jpg","_links":{"self":[{"href":"https:\/\/www.radiopiu.net\/wordpress\/wp-json\/wp\/v2\/posts\/372285","targetHints":{"allow":["GET"]}}],"collection":[{"href":"https:\/\/www.radiopiu.net\/wordpress\/wp-json\/wp\/v2\/posts"}],"about":[{"href":"https:\/\/www.radiopiu.net\/wordpress\/wp-json\/wp\/v2\/types\/post"}],"author":[{"embeddable":true,"href":"https:\/\/www.radiopiu.net\/wordpress\/wp-json\/wp\/v2\/users\/4"}],"replies":[{"embeddable":true,"href":"https:\/\/www.radiopiu.net\/wordpress\/wp-json\/wp\/v2\/comments?post=372285"}],"version-history":[{"count":0,"href":"https:\/\/www.radiopiu.net\/wordpress\/wp-json\/wp\/v2\/posts\/372285\/revisions"}],"wp:featuredmedia":[{"embeddable":true,"href":"https:\/\/www.radiopiu.net\/wordpress\/wp-json\/wp\/v2\/media\/372286"}],"wp:attachment":[{"href":"https:\/\/www.radiopiu.net\/wordpress\/wp-json\/wp\/v2\/media?parent=372285"}],"wp:term":[{"taxonomy":"category","embeddable":true,"href":"https:\/\/www.radiopiu.net\/wordpress\/wp-json\/wp\/v2\/categories?post=372285"},{"taxonomy":"post_tag","embeddable":true,"href":"https:\/\/www.radiopiu.net\/wordpress\/wp-json\/wp\/v2\/tags?post=372285"}],"curies":[{"name":"wp","href":"https:\/\/api.w.org\/{rel}","templated":true}]}}