{"id":372293,"date":"2024-01-30T05:38:22","date_gmt":"2024-01-30T04:38:22","guid":{"rendered":"https:\/\/www.radiopiu.net\/wordpress\/?p=372293"},"modified":"2024-01-30T05:40:21","modified_gmt":"2024-01-30T04:40:21","slug":"incidenti-in-autostrada-24enne-falcadino-in-ospedale","status":"publish","type":"post","link":"https:\/\/www.radiopiu.net\/wordpress\/incidenti-in-autostrada-24enne-falcadino-in-ospedale\/","title":{"rendered":"INCIDENTE IN AUTOSTRADA, 24ENNE FALCADINO IN OSPEDALE"},"content":{"rendered":"<p>**<\/p>\n<p>&nbsp;<\/p>\n<p><strong><a class=\"dt-pswp-item\" href=\"https:\/\/www.radiopiu.net\/wordpress\/wp-content\/uploads\/2024\/01\/Senza-nome-99.png\" data-dt-img-description=\"\" data-large_image_width=\"331\" data-large_image_height=\"233\"><img loading=\"lazy\" decoding=\"async\" class=\"size-medium wp-image-372294 alignleft\" src=\"https:\/\/www.radiopiu.net\/wordpress\/wp-content\/uploads\/2024\/01\/Senza-nome-99-300x211.png\" alt=\"\" width=\"300\" height=\"211\" srcset=\"https:\/\/www.radiopiu.net\/wordpress\/wp-content\/uploads\/2024\/01\/Senza-nome-99-300x211.png 300w, https:\/\/www.radiopiu.net\/wordpress\/wp-content\/uploads\/2024\/01\/Senza-nome-99.png 331w\" sizes=\"auto, (max-width: 300px) 100vw, 300px\" \/><\/a>CONEGLIANO<\/strong> Un incidente stradale \u00e8 avvenuto ieri a Conegliano, coinvolgendo una Mercedes coup\u00e9 (in seguito all&#8217;urto ha preso fuoco) guidata da un conducente settantenne di Pordenone e una Fiat Tipo condotta da S.G., un 24enne di Falcade. Il conducente della Mercedes ha commesso un errore di percorso allo svincolo per Conegliano, decidendo quindi di invertire la direzione attraverso una manovra di inversione a U. Purtroppo, ci\u00f2 ha portato a uno schianto quasi frontale con la Fiat Tipo. A seguito dell&#8217;incidente, il conducente della Fiat Tipo \u00e8 stato trasportato in ospedale per accertamenti, mentre il settantenne di Pordenone ha riportato ferite lievi e \u00e8 stato anch&#8217;esso ricoverato per cure mediche. Le autorit\u00e0 stanno indagando per determinare le circostanze esatte dell&#8217;incidente e stabilire eventuali responsabilit\u00e0. La situazione ha causato temporanei disagi alla viabilit\u00e0 nella zona interessata, con interventi da parte delle forze dell&#8217;ordine e dei soccorritori.<\/p>\n<p>&nbsp;<\/p>\n<p>&nbsp;<\/p>\n<p>&nbsp;<\/p>\n<hr \/>\n<p>&nbsp;<\/p>\n","protected":false},"excerpt":{"rendered":"<p>** &nbsp; CONEGLIANO Un incidente stradale \u00e8 avvenuto ieri a Conegliano, coinvolgendo una Mercedes coup\u00e9 (in seguito all&#8217;urto ha preso fuoco) guidata da un conducente settantenne di Pordenone e una Fiat Tipo condotta da S.G., un 24enne di Falcade. Il conducente della Mercedes ha commesso un errore di percorso allo svincolo per Conegliano, decidendo quindi&hellip;<\/p>\n","protected":false},"author":4,"featured_media":372294,"comment_status":"closed","ping_status":"closed","sticky":false,"template":"","format":"standard","meta":{"_monsterinsights_skip_tracking":false,"_monsterinsights_sitenote_active":false,"_monsterinsights_sitenote_note":"","_monsterinsights_sitenote_category":0,"footnotes":""},"categories":[51,49],"tags":[],"class_list":["post-372293","post","type-post","status-publish","format-standard","has-post-thumbnail","hentry","category-evidenza-top","category-news-18","category-51","category-49","description-off"],"img_url":"https:\/\/www.radiopiu.net\/wordpress\/wp-content\/uploads\/2024\/01\/Senza-nome-99.png","_links":{"self":[{"href":"https:\/\/www.radiopiu.net\/wordpress\/wp-json\/wp\/v2\/posts\/372293","targetHints":{"allow":["GET"]}}],"collection":[{"href":"https:\/\/www.radiopiu.net\/wordpress\/wp-json\/wp\/v2\/posts"}],"about":[{"href":"https:\/\/www.radiopiu.net\/wordpress\/wp-json\/wp\/v2\/types\/post"}],"author":[{"embeddable":true,"href":"https:\/\/www.radiopiu.net\/wordpress\/wp-json\/wp\/v2\/users\/4"}],"replies":[{"embeddable":true,"href":"https:\/\/www.radiopiu.net\/wordpress\/wp-json\/wp\/v2\/comments?post=372293"}],"version-history":[{"count":0,"href":"https:\/\/www.radiopiu.net\/wordpress\/wp-json\/wp\/v2\/posts\/372293\/revisions"}],"wp:featuredmedia":[{"embeddable":true,"href":"https:\/\/www.radiopiu.net\/wordpress\/wp-json\/wp\/v2\/media\/372294"}],"wp:attachment":[{"href":"https:\/\/www.radiopiu.net\/wordpress\/wp-json\/wp\/v2\/media?parent=372293"}],"wp:term":[{"taxonomy":"category","embeddable":true,"href":"https:\/\/www.radiopiu.net\/wordpress\/wp-json\/wp\/v2\/categories?post=372293"},{"taxonomy":"post_tag","embeddable":true,"href":"https:\/\/www.radiopiu.net\/wordpress\/wp-json\/wp\/v2\/tags?post=372293"}],"curies":[{"name":"wp","href":"https:\/\/api.w.org\/{rel}","templated":true}]}}