{"id":372322,"date":"2024-01-30T09:00:04","date_gmt":"2024-01-30T08:00:04","guid":{"rendered":"https:\/\/www.radiopiu.net\/wordpress\/?p=372322"},"modified":"2024-01-30T08:41:01","modified_gmt":"2024-01-30T07:41:01","slug":"alleghe-hockey-milos-ganz-operato-ai-legamenti-del-menisco","status":"publish","type":"post","link":"https:\/\/www.radiopiu.net\/wordpress\/alleghe-hockey-milos-ganz-operato-ai-legamenti-del-menisco\/","title":{"rendered":"ALLEGHE HOCKEY: MILOS GANZ OPERATO AI LEGAMENTI DEL MENISCO"},"content":{"rendered":"<p>****<\/p>\n<p>&nbsp;<\/p>\n<p><strong><a class=\"dt-pswp-item\" href=\"https:\/\/www.radiopiu.net\/wordpress\/wp-content\/uploads\/2024\/01\/447cf2af-1b42-45f8-8f7e-adaa715c4ca3.jpg\" data-dt-img-description=\"\" data-large_image_width=\"1024\" data-large_image_height=\"681\"><img loading=\"lazy\" decoding=\"async\" class=\" wp-image-372323 alignleft\" src=\"https:\/\/www.radiopiu.net\/wordpress\/wp-content\/uploads\/2024\/01\/447cf2af-1b42-45f8-8f7e-adaa715c4ca3-300x200.jpg\" alt=\"\" width=\"179\" height=\"119\" srcset=\"https:\/\/www.radiopiu.net\/wordpress\/wp-content\/uploads\/2024\/01\/447cf2af-1b42-45f8-8f7e-adaa715c4ca3-300x200.jpg 300w, https:\/\/www.radiopiu.net\/wordpress\/wp-content\/uploads\/2024\/01\/447cf2af-1b42-45f8-8f7e-adaa715c4ca3-768x511.jpg 768w, https:\/\/www.radiopiu.net\/wordpress\/wp-content\/uploads\/2024\/01\/447cf2af-1b42-45f8-8f7e-adaa715c4ca3.jpg 1024w\" sizes=\"auto, (max-width: 179px) 100vw, 179px\" \/><\/a>DI ROBERTO MIANA, PORTAVOCE DELL&#8217;ALLEGHE HOCKEY<\/strong><\/p>\n<p>La Societ\u00e0 Alleghe Hockey comunica che il proprio capitano Milos Ganz, nei giorni scorsi, si \u00e8 sottoposto ad operazione chirurgica al ginocchio sinistro per la ricostruzione del legamento crociato e del menisco. L\u2019intervento, perfettamente riuscito, \u00e8 stato eseguito dal dott. Botto, primario del reparto di ortopedia dell&#8217;ospedale di Agordo. I tempi di recupero per la piena attivit\u00e0 sono valutati in circa sei mesi. L\u2019Alleghe Hockey \u00e8 vicina al suo capitano e gli augura una buona e pronta guarigione. Milos si \u00e8 sempre dimostrato un ottimo professionista e grande capitano anche nei momenti difficili, come nella scorsa stagione quando si \u00e8 preso la squadra sulle spalle. La Societ\u00e0 ringrazia Milos per la professionalit\u00e0 e l\u2019attaccamento alla maglia dimostrati in questi anni e gli augura di tornare al pi\u00f9 presto in piena forma.<\/p>\n<p>&nbsp;<\/p>\n<p>&nbsp;<\/p>\n<p>*******<\/p>\n","protected":false},"excerpt":{"rendered":"<p>**** &nbsp; DI ROBERTO MIANA, PORTAVOCE DELL&#8217;ALLEGHE HOCKEY La Societ\u00e0 Alleghe Hockey comunica che il proprio capitano Milos Ganz, nei giorni scorsi, si \u00e8 sottoposto ad operazione chirurgica al ginocchio sinistro per la ricostruzione del legamento crociato e del menisco. L\u2019intervento, perfettamente riuscito, \u00e8 stato eseguito dal dott. Botto, primario del reparto di ortopedia dell&#8217;ospedale&hellip;<\/p>\n","protected":false},"author":4,"featured_media":372323,"comment_status":"closed","ping_status":"closed","sticky":false,"template":"","format":"standard","meta":{"_monsterinsights_skip_tracking":false,"_monsterinsights_sitenote_active":false,"_monsterinsights_sitenote_note":"","_monsterinsights_sitenote_category":0,"footnotes":""},"categories":[49],"tags":[],"class_list":["post-372322","post","type-post","status-publish","format-standard","has-post-thumbnail","hentry","category-news-18","category-49","description-off"],"img_url":"https:\/\/www.radiopiu.net\/wordpress\/wp-content\/uploads\/2024\/01\/447cf2af-1b42-45f8-8f7e-adaa715c4ca3.jpg","_links":{"self":[{"href":"https:\/\/www.radiopiu.net\/wordpress\/wp-json\/wp\/v2\/posts\/372322","targetHints":{"allow":["GET"]}}],"collection":[{"href":"https:\/\/www.radiopiu.net\/wordpress\/wp-json\/wp\/v2\/posts"}],"about":[{"href":"https:\/\/www.radiopiu.net\/wordpress\/wp-json\/wp\/v2\/types\/post"}],"author":[{"embeddable":true,"href":"https:\/\/www.radiopiu.net\/wordpress\/wp-json\/wp\/v2\/users\/4"}],"replies":[{"embeddable":true,"href":"https:\/\/www.radiopiu.net\/wordpress\/wp-json\/wp\/v2\/comments?post=372322"}],"version-history":[{"count":0,"href":"https:\/\/www.radiopiu.net\/wordpress\/wp-json\/wp\/v2\/posts\/372322\/revisions"}],"wp:featuredmedia":[{"embeddable":true,"href":"https:\/\/www.radiopiu.net\/wordpress\/wp-json\/wp\/v2\/media\/372323"}],"wp:attachment":[{"href":"https:\/\/www.radiopiu.net\/wordpress\/wp-json\/wp\/v2\/media?parent=372322"}],"wp:term":[{"taxonomy":"category","embeddable":true,"href":"https:\/\/www.radiopiu.net\/wordpress\/wp-json\/wp\/v2\/categories?post=372322"},{"taxonomy":"post_tag","embeddable":true,"href":"https:\/\/www.radiopiu.net\/wordpress\/wp-json\/wp\/v2\/tags?post=372322"}],"curies":[{"name":"wp","href":"https:\/\/api.w.org\/{rel}","templated":true}]}}