{"id":372326,"date":"2024-01-30T08:48:09","date_gmt":"2024-01-30T07:48:09","guid":{"rendered":"https:\/\/www.radiopiu.net\/wordpress\/?p=372326"},"modified":"2024-01-30T08:48:09","modified_gmt":"2024-01-30T07:48:09","slug":"vanessa-cagnati-chiude-al-18esimo-posto-la-75-km-delle-olimpiadi-giovanili","status":"publish","type":"post","link":"https:\/\/www.radiopiu.net\/wordpress\/vanessa-cagnati-chiude-al-18esimo-posto-la-75-km-delle-olimpiadi-giovanili\/","title":{"rendered":"VANESSA CAGNATI CHIUDE AL 18ESIMO POSTO LA 7,5 KM DELLE OLIMPIADI GIOVANILI"},"content":{"rendered":"<p>****<\/p>\n<p>&nbsp;<\/p>\n<p><strong><a class=\"dt-pswp-item\" href=\"https:\/\/www.radiopiu.net\/wordpress\/wp-content\/uploads\/2024\/01\/SCR-20240130-ifft.jpeg\" data-dt-img-description=\"\" data-large_image_width=\"1920\" data-large_image_height=\"1296\"><img loading=\"lazy\" decoding=\"async\" class=\" wp-image-372328 alignleft\" src=\"https:\/\/www.radiopiu.net\/wordpress\/wp-content\/uploads\/2024\/01\/SCR-20240130-ifft-300x203.jpeg\" alt=\"\" width=\"163\" height=\"110\" srcset=\"https:\/\/www.radiopiu.net\/wordpress\/wp-content\/uploads\/2024\/01\/SCR-20240130-ifft-300x203.jpeg 300w, https:\/\/www.radiopiu.net\/wordpress\/wp-content\/uploads\/2024\/01\/SCR-20240130-ifft-1024x691.jpeg 1024w, https:\/\/www.radiopiu.net\/wordpress\/wp-content\/uploads\/2024\/01\/SCR-20240130-ifft-768x518.jpeg 768w, https:\/\/www.radiopiu.net\/wordpress\/wp-content\/uploads\/2024\/01\/SCR-20240130-ifft-1536x1037.jpeg 1536w, https:\/\/www.radiopiu.net\/wordpress\/wp-content\/uploads\/2024\/01\/SCR-20240130-ifft.jpeg 1920w\" sizes=\"auto, (max-width: 163px) 100vw, 163px\" \/><\/a>REDAZIONE<\/strong> Continua l&#8217;avventura in Corea per Vanessa Cagnati, la fondista in forza allo Sci Club Val Biois che sta disputando le Olimpiadi giovanili a Gangwon. Nella notte \u00e8 andata in scena la 7,5 km in tecnica classica e la falcadina \u00e8 stata la seconda italiana al traguardo con il 18esimo tempo. Una bella prova di Vanessa che ora avr\u00e0 ancora una gara da disputare. Nella notte tra mercoled\u00ec e gioved\u00ec l&#8217;azzurra sar\u00e0 impegnata nella staffetta mista 4x5km.<\/p>\n<p>&nbsp;<\/p>\n<p>&nbsp;<\/p>\n<p>*******<\/p>\n","protected":false},"excerpt":{"rendered":"<p>**** &nbsp; REDAZIONE Continua l&#8217;avventura in Corea per Vanessa Cagnati, la fondista in forza allo Sci Club Val Biois che sta disputando le Olimpiadi giovanili a Gangwon. Nella notte \u00e8 andata in scena la 7,5 km in tecnica classica e la falcadina \u00e8 stata la seconda italiana al traguardo con il 18esimo tempo. Una bella&hellip;<\/p>\n","protected":false},"author":4,"featured_media":372328,"comment_status":"closed","ping_status":"closed","sticky":false,"template":"","format":"standard","meta":{"_monsterinsights_skip_tracking":false,"_monsterinsights_sitenote_active":false,"_monsterinsights_sitenote_note":"","_monsterinsights_sitenote_category":0,"footnotes":""},"categories":[49],"tags":[],"class_list":["post-372326","post","type-post","status-publish","format-standard","has-post-thumbnail","hentry","category-news-18","category-49","description-off"],"img_url":"https:\/\/www.radiopiu.net\/wordpress\/wp-content\/uploads\/2024\/01\/SCR-20240130-ifft.jpeg","_links":{"self":[{"href":"https:\/\/www.radiopiu.net\/wordpress\/wp-json\/wp\/v2\/posts\/372326","targetHints":{"allow":["GET"]}}],"collection":[{"href":"https:\/\/www.radiopiu.net\/wordpress\/wp-json\/wp\/v2\/posts"}],"about":[{"href":"https:\/\/www.radiopiu.net\/wordpress\/wp-json\/wp\/v2\/types\/post"}],"author":[{"embeddable":true,"href":"https:\/\/www.radiopiu.net\/wordpress\/wp-json\/wp\/v2\/users\/4"}],"replies":[{"embeddable":true,"href":"https:\/\/www.radiopiu.net\/wordpress\/wp-json\/wp\/v2\/comments?post=372326"}],"version-history":[{"count":0,"href":"https:\/\/www.radiopiu.net\/wordpress\/wp-json\/wp\/v2\/posts\/372326\/revisions"}],"wp:featuredmedia":[{"embeddable":true,"href":"https:\/\/www.radiopiu.net\/wordpress\/wp-json\/wp\/v2\/media\/372328"}],"wp:attachment":[{"href":"https:\/\/www.radiopiu.net\/wordpress\/wp-json\/wp\/v2\/media?parent=372326"}],"wp:term":[{"taxonomy":"category","embeddable":true,"href":"https:\/\/www.radiopiu.net\/wordpress\/wp-json\/wp\/v2\/categories?post=372326"},{"taxonomy":"post_tag","embeddable":true,"href":"https:\/\/www.radiopiu.net\/wordpress\/wp-json\/wp\/v2\/tags?post=372326"}],"curies":[{"name":"wp","href":"https:\/\/api.w.org\/{rel}","templated":true}]}}