{"id":372339,"date":"2024-01-30T09:55:28","date_gmt":"2024-01-30T08:55:28","guid":{"rendered":"https:\/\/www.radiopiu.net\/wordpress\/?p=372339"},"modified":"2024-01-30T09:58:40","modified_gmt":"2024-01-30T08:58:40","slug":"arrampicata-ottimi-risultati-per-gli-agordini-a-san-tomaso","status":"publish","type":"post","link":"https:\/\/www.radiopiu.net\/wordpress\/arrampicata-ottimi-risultati-per-gli-agordini-a-san-tomaso\/","title":{"rendered":"ARRAMPICATA: OTTIMI RISULTATI PER GLI AGORDINI A SAN TOMASO"},"content":{"rendered":"<p>****<\/p>\n<p>&nbsp;<\/p>\n<p><strong><a class=\"dt-pswp-item\" href=\"https:\/\/www.radiopiu.net\/wordpress\/wp-content\/uploads\/2024\/01\/421931080_17989453790561783_7045844771958290218_n.jpg\" data-dt-img-description=\"\" data-large_image_width=\"1440\" data-large_image_height=\"1080\"><img loading=\"lazy\" decoding=\"async\" class=\" wp-image-372340 alignleft\" src=\"https:\/\/www.radiopiu.net\/wordpress\/wp-content\/uploads\/2024\/01\/421931080_17989453790561783_7045844771958290218_n-300x225.jpg\" alt=\"\" width=\"160\" height=\"120\" srcset=\"https:\/\/www.radiopiu.net\/wordpress\/wp-content\/uploads\/2024\/01\/421931080_17989453790561783_7045844771958290218_n-300x225.jpg 300w, https:\/\/www.radiopiu.net\/wordpress\/wp-content\/uploads\/2024\/01\/421931080_17989453790561783_7045844771958290218_n-1024x768.jpg 1024w, https:\/\/www.radiopiu.net\/wordpress\/wp-content\/uploads\/2024\/01\/421931080_17989453790561783_7045844771958290218_n-768x576.jpg 768w, https:\/\/www.radiopiu.net\/wordpress\/wp-content\/uploads\/2024\/01\/421931080_17989453790561783_7045844771958290218_n.jpg 1440w\" sizes=\"auto, (max-width: 160px) 100vw, 160px\" \/><\/a>SAN TOMASO\u00a0<\/strong>Nella prima gara di stagione del Circuito Regionale Veneto di arrampicata, svoltasi alla Vertik Area di San Tomaso nella specialit\u00e0 speed, i giovani partecipanti hanno ottenuto risultati positivi. Joel Colloi ha conquistato il terzo posto nella categoria U10M, Mattia Soppelsa ha raggiunto il terzo posto nella categoria U18M, mentre Erik Tom\u00e8 si \u00e8 classificato al primo posto nella categoria U20M. La prossima tappa si terr\u00e0 domenica prossima a Padova, con la specialit\u00e0 boulder per le categorie U16, U18, U20 e Senior<\/p>\n<p>&nbsp;<\/p>\n<p>&nbsp;<\/p>\n<p>*******<\/p>\n","protected":false},"excerpt":{"rendered":"<p>**** &nbsp; SAN TOMASO\u00a0Nella prima gara di stagione del Circuito Regionale Veneto di arrampicata, svoltasi alla Vertik Area di San Tomaso nella specialit\u00e0 speed, i giovani partecipanti hanno ottenuto risultati positivi. Joel Colloi ha conquistato il terzo posto nella categoria U10M, Mattia Soppelsa ha raggiunto il terzo posto nella categoria U18M, mentre Erik Tom\u00e8 si&hellip;<\/p>\n","protected":false},"author":4,"featured_media":372340,"comment_status":"closed","ping_status":"closed","sticky":false,"template":"","format":"standard","meta":{"_monsterinsights_skip_tracking":false,"_monsterinsights_sitenote_active":false,"_monsterinsights_sitenote_note":"","_monsterinsights_sitenote_category":0,"footnotes":""},"categories":[49],"tags":[],"class_list":["post-372339","post","type-post","status-publish","format-standard","has-post-thumbnail","hentry","category-news-18","category-49","description-off"],"img_url":"https:\/\/www.radiopiu.net\/wordpress\/wp-content\/uploads\/2024\/01\/421931080_17989453790561783_7045844771958290218_n.jpg","_links":{"self":[{"href":"https:\/\/www.radiopiu.net\/wordpress\/wp-json\/wp\/v2\/posts\/372339","targetHints":{"allow":["GET"]}}],"collection":[{"href":"https:\/\/www.radiopiu.net\/wordpress\/wp-json\/wp\/v2\/posts"}],"about":[{"href":"https:\/\/www.radiopiu.net\/wordpress\/wp-json\/wp\/v2\/types\/post"}],"author":[{"embeddable":true,"href":"https:\/\/www.radiopiu.net\/wordpress\/wp-json\/wp\/v2\/users\/4"}],"replies":[{"embeddable":true,"href":"https:\/\/www.radiopiu.net\/wordpress\/wp-json\/wp\/v2\/comments?post=372339"}],"version-history":[{"count":0,"href":"https:\/\/www.radiopiu.net\/wordpress\/wp-json\/wp\/v2\/posts\/372339\/revisions"}],"wp:featuredmedia":[{"embeddable":true,"href":"https:\/\/www.radiopiu.net\/wordpress\/wp-json\/wp\/v2\/media\/372340"}],"wp:attachment":[{"href":"https:\/\/www.radiopiu.net\/wordpress\/wp-json\/wp\/v2\/media?parent=372339"}],"wp:term":[{"taxonomy":"category","embeddable":true,"href":"https:\/\/www.radiopiu.net\/wordpress\/wp-json\/wp\/v2\/categories?post=372339"},{"taxonomy":"post_tag","embeddable":true,"href":"https:\/\/www.radiopiu.net\/wordpress\/wp-json\/wp\/v2\/tags?post=372339"}],"curies":[{"name":"wp","href":"https:\/\/api.w.org\/{rel}","templated":true}]}}