{"id":372509,"date":"2024-02-01T05:35:33","date_gmt":"2024-02-01T04:35:33","guid":{"rendered":"https:\/\/www.radiopiu.net\/wordpress\/?p=372509"},"modified":"2024-02-01T07:58:03","modified_gmt":"2024-02-01T06:58:03","slug":"giornale-radiopiu-01-febbraio-2024-direttore-mirko-mezzacasada-40-anni-25-giugno-1983-25-giugno-2023","status":"publish","type":"post","link":"https:\/\/www.radiopiu.net\/wordpress\/giornale-radiopiu-01-febbraio-2024-direttore-mirko-mezzacasada-40-anni-25-giugno-1983-25-giugno-2023\/","title":{"rendered":"GIORNALE RADIOPIU 01 FEBBRAIO 2024 DIRETTORE MIRKO MEZZACASA\u2026DA 40 ANNI 25 GIUGNO 1983-25 GIUGNO 2023"},"content":{"rendered":"<p>****<\/p>\n<h1><\/h1>\n<p>&nbsp;<\/p>\n<h1 class=\"entry-title photoswipe-wrapper\"><strong><a class=\"dt-pswp-item\" href=\"https:\/\/www.radiopiu.net\/wordpress\/wp-content\/uploads\/2023\/12\/logo-radio.jpg\" data-dt-img-description=\"\" data-large_image_width=\"800\" data-large_image_height=\"600\"><img loading=\"lazy\" decoding=\"async\" class=\"wp-image-367163 alignleft\" src=\"https:\/\/www.radiopiu.net\/wordpress\/wp-content\/uploads\/2023\/12\/logo-radio-300x225.jpg\" alt=\"\" width=\"109\" height=\"82\" srcset=\"https:\/\/www.radiopiu.net\/wordpress\/wp-content\/uploads\/2023\/12\/logo-radio-300x225.jpg 300w, https:\/\/www.radiopiu.net\/wordpress\/wp-content\/uploads\/2023\/12\/logo-radio-768x576.jpg 768w, https:\/\/www.radiopiu.net\/wordpress\/wp-content\/uploads\/2023\/12\/logo-radio.jpg 800w\" sizes=\"auto, (max-width: 109px) 100vw, 109px\" \/><\/a><\/strong><\/h1>\n<h1 class=\"entry-title photoswipe-wrapper\">40esimo di RADIOPIU\u2026. LA VOCE DELL\u2019EMOZIONE<\/h1>\n<h2><\/h2>\n<h2><span style=\"color: #ff0000;\">ISCRIVITI AL NOSTRO CANALE\u00a0\u00a0YOUTUBE PER SEGUIRE IN DIRETTA I PRINCIPALI PROGRAMMI DI RADIO PIU\u2019 E LE FUTURE DIRETTE IN ESTERNA. PER ISCRIVERTI <a style=\"color: #ff0000;\" href=\"https:\/\/youtube.com\/@radiopiu1527\">CLICCA QUI\u00a0<\/a>E PREMI\u00a0 \u201cIscriviti\u201d\u00a0 \u00a0<\/span><\/h2>\n<p>&nbsp;<\/p>\n<p>&nbsp;<\/p>\n<p>&nbsp;<\/p>\n<div class=\"xdj266r x11i5rnm xat24cr x1mh8g0r x1vvkbs x126k92a\">\n<div dir=\"auto\"><a class=\"dt-pswp-item\" href=\"https:\/\/www.radiopiu.net\/wordpress\/wp-content\/uploads\/2024\/01\/Senza-nome-93.png\" data-dt-img-description=\"\" data-large_image_width=\"194\" data-large_image_height=\"128\"><img loading=\"lazy\" decoding=\"async\" class=\"size-full wp-image-372133 alignleft\" src=\"https:\/\/www.radiopiu.net\/wordpress\/wp-content\/uploads\/2024\/01\/Senza-nome-93.png\" alt=\"\" width=\"194\" height=\"128\" \/><\/a><strong>GRANDI NOVITA&#8217; ALLA RADIO&#8230; NUOVI PROGRAMMI IN ONDA DA QUESTA SETTIMANA<\/strong><\/div>\n<\/div>\n<div class=\"x11i5rnm xat24cr x1mh8g0r x1vvkbs xtlvy1s x126k92a\">\n<div dir=\"auto\"><\/div>\n<div dir=\"auto\"><em><strong>DA OGGI IL NUOVO PROGRAMMA DI PAOLA LANCIATO.. CIAK SI GIRA. TUTTO QUELLO CHE SI NASCONDE NEL BACK STAGE DI UN GRANDE FILM.\u00a0 NEL TORNADO DI NOVITA&#8217; DI RADIOPIU&#8217;&#8230; DUE VOLTE ALLA SETTIMANA, IL LUNEDI E IL GIOVEDI ALLE 10.10&#8230;<\/strong><\/em><\/div>\n<\/div>\n<div class=\"x11i5rnm xat24cr x1mh8g0r x1vvkbs xtlvy1s x126k92a\">\n<div dir=\"auto\">\n<div class=\"x1e56ztr\" data-block=\"true\" data-editor=\"avj4u\" data-offset-key=\"6gh9t-0-0\">\n<div class=\"_1mf _1mj\" data-offset-key=\"6gh9t-0-0\"><\/div>\n<\/div>\n<\/div>\n<\/div>\n<div data-offset-key=\"6gh9t-0-0\"><strong>VENERDI &#8211; SABATO E DOMENCIA IL GIOR<span style=\"color: #ff0000;\">m<\/span>ALE RADIO DI MARCO V. DAL FARRA<\/strong><\/div>\n<div class=\"x1e56ztr\" data-block=\"true\" data-editor=\"avj4u\" data-offset-key=\"d3i0j-0-0\"><\/div>\n<div data-block=\"true\" data-editor=\"avj4u\" data-offset-key=\"d3i0j-0-0\"><\/div>\n<div data-block=\"true\" data-editor=\"avj4u\" data-offset-key=\"d3i0j-0-0\"><\/div>\n<div class=\"x11i5rnm xat24cr x1mh8g0r x1vvkbs xtlvy1s x126k92a\">\n<div dir=\"auto\">\n<p><a class=\"dt-pswp-item\" href=\"https:\/\/www.radiopiu.net\/wordpress\/wp-content\/uploads\/2023\/10\/34f4cfc6-e863-46e9-9695-8df44be63421.jpg\" data-dt-img-description=\"\" data-large_image_width=\"1200\" data-large_image_height=\"1200\"><img loading=\"lazy\" decoding=\"async\" class=\"wp-image-357393 alignleft\" src=\"https:\/\/www.radiopiu.net\/wordpress\/wp-content\/uploads\/2023\/10\/34f4cfc6-e863-46e9-9695-8df44be63421-300x300.jpg\" alt=\"\" width=\"81\" height=\"81\" srcset=\"https:\/\/www.radiopiu.net\/wordpress\/wp-content\/uploads\/2023\/10\/34f4cfc6-e863-46e9-9695-8df44be63421-300x300.jpg 300w, https:\/\/www.radiopiu.net\/wordpress\/wp-content\/uploads\/2023\/10\/34f4cfc6-e863-46e9-9695-8df44be63421-1024x1024.jpg 1024w, https:\/\/www.radiopiu.net\/wordpress\/wp-content\/uploads\/2023\/10\/34f4cfc6-e863-46e9-9695-8df44be63421-150x150.jpg 150w, https:\/\/www.radiopiu.net\/wordpress\/wp-content\/uploads\/2023\/10\/34f4cfc6-e863-46e9-9695-8df44be63421-768x768.jpg 768w, https:\/\/www.radiopiu.net\/wordpress\/wp-content\/uploads\/2023\/10\/34f4cfc6-e863-46e9-9695-8df44be63421.jpg 1200w\" sizes=\"auto, (max-width: 81px) 100vw, 81px\" \/><\/a>OGGI ALLA RADIO: <strong>ALLE 7<\/strong> LA RASSEGNA STAMPA LOCALE FLASH, PER CHI COME NOI ALLE SETTE DEL MATTINO VA DI FRETTA, TANTE NOTIZIE IN POCHE CHIACCHIERE. <strong>ALLE OTTO<\/strong> L&#8217;APPROFONDIMENTO NELLA STORICA RASSEGNA STAMPA LOCALE.\u00a0 DALLE 6 ALLE 21, OGNI ORA, L&#8217;INFORMAZIONE NAZIONALE, l&#8217;informazione locale, ALLE 10 flash. 11flash. 14 viabilit\u00e0. 15meteo. 16flash. 17flash. 18flash. 19 i titoli di Antenna 3<\/p>\n<p>&nbsp;<\/p>\n<p>&nbsp;<\/p>\n<\/div>\n<hr \/>\n<\/div>\n<hr \/>\n<hr \/>\n<hr \/>\n<blockquote>\n<blockquote>\n<h1><span style=\"color: #ff0000;\">I podcast informativi del mattino &#8211; audio &#8211;\u00a0<\/span><\/h1>\n<\/blockquote>\n<p><strong><a class=\"dt-pswp-item\" href=\"https:\/\/www.radiopiu.net\/wordpress\/wp-content\/uploads\/2023\/11\/th-10.jpg\" data-dt-img-description=\"\" data-large_image_width=\"320\" data-large_image_height=\"180\"><img loading=\"lazy\" decoding=\"async\" class=\"wp-image-362866 alignleft\" src=\"https:\/\/www.radiopiu.net\/wordpress\/wp-content\/uploads\/2023\/11\/th-10-300x169.jpg\" alt=\"\" width=\"185\" height=\"104\" srcset=\"https:\/\/www.radiopiu.net\/wordpress\/wp-content\/uploads\/2023\/11\/th-10-300x169.jpg 300w, https:\/\/www.radiopiu.net\/wordpress\/wp-content\/uploads\/2023\/11\/th-10.jpg 320w\" sizes=\"auto, (max-width: 185px) 100vw, 185px\" \/><\/a>LA RASSEGNA STAMPA NAZIONALE ALLA RADIO, OGNI GIORNO ALLE 5 E ALLE 6 DEL MATTINO <span style=\"color: #0000ff;\">viene pubblicata alle 6.00 <span style=\"color: #ff0000;\">DIRETTA RADIO\u00a0\u00a0<\/span><\/span><\/strong><\/p>\n<p>&nbsp;<\/p><\/blockquote>\n<p>La autore dell&#8217;attacco contro i soldati americani in <strong>Giordania<\/strong> sarebbe il gruppo resistenza islamica in Iraq. Addio al <strong>Superbonus 110%<\/strong> con la sola eccezione per i lavori certificati entro il 31 dicembre scorso. <strong>Nelle truffe finanziarie<\/strong> una vittima su 4 a meno di 30 anni e viene adescata sui social. <strong>Calcio la Juventus<\/strong> Comunica di avere raggiunto un accordo con la societ\u00e0 sautento per il calciatore Duran. <strong>Tennis Sinner<\/strong>, quando dovrei andare al Festival di Sanremo, sar\u00f2 gi\u00e0 a lavorare, per questo non ci andr\u00f2.<\/p>\n<h2>L&#8217;AUDIO <strong><span style=\"color: #ff0000;\">di SISSY MARTINELLI\u00a0<\/span><\/strong><\/h2>\n<audio class=\"wp-audio-shortcode\" id=\"audio-372509-1\" preload=\"none\" style=\"width: 100%;\" controls=\"controls\"><source type=\"audio\/mpeg\" src=\"https:\/\/www.radiopiu.net\/wordpress\/wp-content\/uploads\/2024\/02\/GIORNALEDELLESEI.mp3?_=1\" \/><a href=\"https:\/\/www.radiopiu.net\/wordpress\/wp-content\/uploads\/2024\/02\/GIORNALEDELLESEI.mp3\">https:\/\/www.radiopiu.net\/wordpress\/wp-content\/uploads\/2024\/02\/GIORNALEDELLESEI.mp3<\/a><\/audio>\n<p>&nbsp;<\/p>\n<p>&nbsp;<\/p>\n<hr \/>\n<p>&nbsp;<\/p>\n<h1 style=\"text-align: center;\"><span style=\"color: #ff0000;\">I podcast informativi del mattino &#8211; audio &#8211;\u00a0<\/span><\/h1>\n<p><strong><a class=\"dt-pswp-item\" href=\"https:\/\/www.radiopiu.net\/wordpress\/wp-content\/uploads\/2023\/12\/images.png\" data-dt-img-description=\"\" data-large_image_width=\"316\" data-large_image_height=\"160\"><img loading=\"lazy\" decoding=\"async\" class=\"wp-image-367008 alignleft\" src=\"https:\/\/www.radiopiu.net\/wordpress\/wp-content\/uploads\/2023\/12\/images-300x152.png\" alt=\"\" width=\"235\" height=\"119\" srcset=\"https:\/\/www.radiopiu.net\/wordpress\/wp-content\/uploads\/2023\/12\/images-300x152.png 300w, https:\/\/www.radiopiu.net\/wordpress\/wp-content\/uploads\/2023\/12\/images.png 316w\" sizes=\"auto, (max-width: 235px) 100vw, 235px\" \/><\/a>OGNI GIORNO ALLE SETTE DEL MATTINO, LA RASSEGNA STAMPA LOCALE FLASH&#8230; PER CHI VA IN FRETTA. I TITOLI DAI GIORNALI E DAL SITO WWW.RADIOPIU.NET <span style=\"color: #0000ff;\">viene pubblicato alle 7.00<\/span> <span style=\"color: #ff0000;\">DIRETTA RADIO\u00a0<\/span><\/strong><\/p>\n<p><em><span style=\"color: #ff0000;\">per chi va in fretta&#8230; tante notizie in pochi minuti. L&#8217;informazione locale alla radio, ogni ora dalle 7 del mattino alle 19 della sera.\u00a0 \u00a0<\/span><\/em><\/p>\n<div><strong>BELLUNO<\/strong> Prof. assolto dalle accuse di violenza sessuale, la fine di un incubo.<br \/>\n<strong>BELLUNO<\/strong> Addio a Gigino, il pioniere della pizza in provincia.<br \/>\n<strong>SI ROVESCIA CON IL TRATTORINO<\/strong> E RIMANE INCASTRATO SOTTO CON LE GAMBE<br \/>\nUn anziano di 88 anni G.F. di Sedico \u00e8 stato coinvolto in un incidente con il suo trattorino mentre tagliava legna nella zona di Col Perer. Il veicolo si \u00e8 ribaltato<br \/>\n<strong>A FELTRE ADDIO AD ANTONIETTA<\/strong> GARBUIO FELTRE Antonietta Garbuio, nota imprenditrice di Feltre, \u00e8 scomparsa all\u2019et\u00e0 di 95 anni nella casa di riposo di Arsi\u00e9. Con il marito Gianfranco, defunto prematuramente, ha rilanciato la storica pasticceria di via Tezze<br \/>\n<strong>BELLUNO<\/strong> Da Gsp a Italgas, via alla nuova era, ceduta l&#8217;intera rete per 48 milioni di euro.<br \/>\n<strong>VANDALI A PIAN DEI CASTALDI<\/strong> SEDICO I cartelli informativi sulle linee austroungariche della Grande Guerra, installati da Gianni Viel a Pian dei Castaldi, sono stati vandalizzati da ignoti che hanno bruciato le riproduzioni di foto storiche.<br \/>\n<strong>MILANO MIDO<\/strong>: Crescita Esponenziale di Espositori e Aspettative Positive<br \/>\n<strong>FELTRE<\/strong> Entra nel vivo la fase operativa per la nascita della CER, la Comunit\u00e0 Energetica Rinnovabile, \u201cFeltrina\u201d. A questo scopo si \u00e8 tenuto alla Galleria \u201cRizzarda\u201d di Feltre, il primo incontro \u201cplenario\u201d con i soggetti che nei mesi scorsi hanno risposto all\u2019avviso pubblico emesso dal Comune di Feltre con una manifestazione d\u2019interesse<\/div>\n<h2>AUDIO<\/h2>\n<audio class=\"wp-audio-shortcode\" id=\"audio-372509-2\" preload=\"none\" style=\"width: 100%;\" controls=\"controls\"><source type=\"audio\/mpeg\" src=\"https:\/\/www.radiopiu.net\/wordpress\/wp-content\/uploads\/2024\/02\/GF07.mp3?_=2\" \/><a href=\"https:\/\/www.radiopiu.net\/wordpress\/wp-content\/uploads\/2024\/02\/GF07.mp3\">https:\/\/www.radiopiu.net\/wordpress\/wp-content\/uploads\/2024\/02\/GF07.mp3<\/a><\/audio>\n<p>&nbsp;<\/p>\n<p>&nbsp;<\/p>\n<hr \/>\n<p>&nbsp;<\/p>\n<h1><\/h1>\n<h1 style=\"text-align: center;\"><span style=\"color: #ff0000;\">I podcast informativi del mattino &#8211; audio &#8211;\u00a0<\/span><\/h1>\n<blockquote><p><strong><a class=\"dt-pswp-item\" href=\"https:\/\/www.radiopiu.net\/wordpress\/wp-content\/uploads\/2021\/07\/microfono-radio-ok-768x448-768x448-1.jpg\" data-dt-img-description=\"\" data-large_image_width=\"768\" data-large_image_height=\"448\"><img loading=\"lazy\" decoding=\"async\" class=\"wp-image-220632 alignleft\" src=\"https:\/\/www.radiopiu.net\/wordpress\/wp-content\/uploads\/2021\/07\/microfono-radio-ok-768x448-768x448-1-300x175.jpg\" alt=\"\" width=\"178\" height=\"104\" srcset=\"https:\/\/www.radiopiu.net\/wordpress\/wp-content\/uploads\/2021\/07\/microfono-radio-ok-768x448-768x448-1-300x175.jpg 300w, https:\/\/www.radiopiu.net\/wordpress\/wp-content\/uploads\/2021\/07\/microfono-radio-ok-768x448-768x448-1.jpg 768w\" sizes=\"auto, (max-width: 178px) 100vw, 178px\" \/><\/a>GIORNALE RADIO NAZIONALE, EDIZIONE DELLE SETTE <span style=\"color: #0000ff;\">viene pubblicato alle 7.05 <span style=\"color: #ff0000;\">DIRETTA RADIO\u00a0<\/span><\/span><\/strong><\/p><\/blockquote>\n<p><strong>il giornale radionazionale e&#8217; in onda ogni ora, dalle sette del mattino alle venti della sera\u00a0\u00a0<\/strong><\/p>\n<h2><\/h2>\n<p><strong>Giorgio Meloni<\/strong> ha incontro il Ministro Ungherese.<strong> Salis,<\/strong> La diplomazia si muove per portarla in Italia, Salvini critico per l&#8217;assalto al gazebo del partito. <strong>Medio Oriente<\/strong> rilascio ostaggi e possibie cessate il fuoco, segnali di ottimismo.<strong> Terremoto in Austria<\/strong>, oltre 4 gradi della richter al confine con l&#8217;Italia.<\/p>\n<p><b>AUDIO<\/b><\/p>\n<audio class=\"wp-audio-shortcode\" id=\"audio-372509-3\" preload=\"none\" style=\"width: 100%;\" controls=\"controls\"><source type=\"audio\/mpeg\" src=\"https:\/\/www.radiopiu.net\/wordpress\/wp-content\/uploads\/2024\/02\/giornale07.mp3?_=3\" \/><a href=\"https:\/\/www.radiopiu.net\/wordpress\/wp-content\/uploads\/2024\/02\/giornale07.mp3\">https:\/\/www.radiopiu.net\/wordpress\/wp-content\/uploads\/2024\/02\/giornale07.mp3<\/a><\/audio>\n<p>&nbsp;<\/p>\n<p>&nbsp;<\/p>\n<p>&nbsp;<\/p>\n<hr \/>\n<p>&nbsp;<\/p>\n<p>&nbsp;<\/p>\n<h1><span style=\"color: #ff0000;\">I podcast informativi del mattino &#8211; video &#8211;\u00a0<\/span><\/h1>\n<h2><strong><a class=\"dt-pswp-item\" href=\"https:\/\/www.radiopiu.net\/wordpress\/wp-content\/uploads\/2023\/12\/th-10.jpg\" data-dt-img-description=\"\" data-large_image_width=\"245\" data-large_image_height=\"180\"><img loading=\"lazy\" decoding=\"async\" class=\" wp-image-367395 alignleft\" src=\"https:\/\/www.radiopiu.net\/wordpress\/wp-content\/uploads\/2023\/12\/th-10.jpg\" alt=\"\" width=\"166\" height=\"122\" \/><\/a>RASSEGNA STAMPA LOCALE, ORE OTTO 05<\/strong><\/h2>\n<h2><strong> <span style=\"color: #0000ff;\">viene\u00a0 <\/span><\/strong><strong><span style=\"color: #0000ff;\">pubblicata alle 8.05 <span style=\"color: #ff0000;\">DIRETTA RADIO\u00a0\u00a0<\/span><\/span><\/strong><\/h2>\n<p>&nbsp;<\/p>\n<p>&nbsp;<\/p>\n<p><strong>BELLUNO<\/strong> Il Comando di Polizia Locale di Belluno abbraccia la digitalizzazione con l\u2019introduzione di Verbatel, un nuovo software che promette di ottimizzare l\u2019efficienza dell\u2019attivit\u00e0 del Comando.<br \/>\n<strong>BELLUNO<\/strong> Poste Italiane comunica che in tutti i 104 Uffici Postali della provincia di Belluno le pensioni del mese di febbraio saranno in pagamento da oggi.<br \/>\n<strong>SAN TOMASO<\/strong> Il sindaco Moreno De Val ha convocato i consiglieri per domani alle 20:30 nella sala consigliare del municipio. Un unico punto da discutere: il terzo piano degli interventi<br \/>\n<strong>BELLUNO<\/strong> Oggi alle ore 17.00 nel Salone di Palazzo Fulcis, verr\u00e0 presentato il libro antologico di Elserino Piol \u201cIl sogno di un\u2019impresa. Dall\u2019Olivetti al venture capital: una vita nell\u2019information technology\u201d<br \/>\n<strong>TAIBON<\/strong> Pro Loco e comune di Taibon organizzano il Carneval Dei Boce. Ritrovo in piazza del municipio alle 14, sfilata verso la casa di riposo e rientro per le 16 per la festa in sala ex municipio<\/p>\n<p>&nbsp;<\/p>\n<p><iframe loading=\"lazy\" title=\"DAL 1983 LA RASSEGNA STAMPA LOCALE di mirko mezzacasa. L&#039;ORIGINALE\" width=\"1200\" height=\"675\" src=\"https:\/\/www.youtube.com\/embed\/GwF2G67nwvA?feature=oembed\" frameborder=\"0\" allow=\"accelerometer; autoplay; clipboard-write; encrypted-media; gyroscope; picture-in-picture; web-share\" allowfullscreen><\/iframe><\/p>\n<p>&nbsp;<\/p>\n<hr \/>\n<p>&nbsp;<\/p>\n<blockquote>\n<h3>SI ROVESCIA CON IL TRATTORINO E RIMANE INCASTRATO SOTTO CON LE GAMBE<\/h3>\n<p><em>Un anziano di 88 anni\u00a0 G.F. di Sedico \u00e8 stato coinvolto in un incidente con il suo trattorino mentre tagliava legna nella zona di Col Perer. Il veicolo si \u00e8 ribaltato<\/em><\/p><\/blockquote>\n<div>\n<p><strong>ARSIE\u2019\u00a0<\/strong> Passate le 15 la Centrale del 118 ha attivato il Soccorso alpino di Feltre, a seguito della chiamata di una persona,\u00a0che dalla statale 38 a Col Perer\u00a0sentiva provenire da una zona imprecisata dei boschi attorno delle grida di aiuto. Mentre una squadra raggiungeva la localit\u00e0, tramite un conoscente del posto risalito alla persona in difficolt\u00e0, i soccorritori sono stati informati che si trattava di un anziano, rimasto incastrato con le gambe sotto il suo trattorino che si era rovesciato. Allertati subito i Vigili del fuoco, veniva inviato l&#8217;elicottero del Suem di Pieve di Cadore. Equipe medica e tecnico di elisoccorso sbarcati con il verricello, hanno subito prestato prima assistenza all&#8217;88enne di Sedico, che, con il supporto della squadra \u00e8 stato sfilato da sotto il mezzo. Spostato di una decina di metri e imbarellato, dopo che il personale medico aveva verificato le sue condizioni, l&#8217;infortunato \u00e8 stato issato a bordo e trasportato all&#8217;ospedale di Feltre.<\/p>\n\n\t\t\t<style type='text\/css'>\n\t\t\t\t#gallery-1 {\n\t\t\t\t\tmargin: auto;\n\t\t\t\t}\n\t\t\t\t#gallery-1 .gallery-item {\n\t\t\t\t\tfloat: left;\n\t\t\t\t\tmargin-top: 10px;\n\t\t\t\t\ttext-align: center;\n\t\t\t\t\twidth: 50%;\n\t\t\t\t}\n\t\t\t\t#gallery-1 img {\n\t\t\t\t\tborder: 2px solid #cfcfcf;\n\t\t\t\t}\n\t\t\t\t#gallery-1 .gallery-caption {\n\t\t\t\t\tmargin-left: 0;\n\t\t\t\t}\n\t\t\t\t\/* see gallery_shortcode() in wp-includes\/media.php *\/\n\t\t\t<\/style>\n\t\t<div id='gallery-1' class='dt-gallery-container gallery galleryid-372509 gallery-columns-2 gallery-size-medium'><dl class='gallery-item'>\n\t\t\t\t<dt class='gallery-icon landscape'>\n\t\t\t\t\t<a class=\"rollover rollover-zoom dt-pswp-item\" title=\"7915631f-f497-4c47-acf3-b95c53ad0fdf\" data-dt-img-description=\"\" data-large_image_width=\"1280\" data-large_image_height=\"960\"href='https:\/\/www.radiopiu.net\/wordpress\/wp-content\/uploads\/2024\/01\/7915631f-f497-4c47-acf3-b95c53ad0fdf.jpg'><img loading=\"lazy\" decoding=\"async\" width=\"300\" height=\"225\" src=\"https:\/\/www.radiopiu.net\/wordpress\/wp-content\/uploads\/2024\/01\/7915631f-f497-4c47-acf3-b95c53ad0fdf-300x225.jpg\" class=\"attachment-medium size-medium\" alt=\"\" srcset=\"https:\/\/www.radiopiu.net\/wordpress\/wp-content\/uploads\/2024\/01\/7915631f-f497-4c47-acf3-b95c53ad0fdf-300x225.jpg 300w, https:\/\/www.radiopiu.net\/wordpress\/wp-content\/uploads\/2024\/01\/7915631f-f497-4c47-acf3-b95c53ad0fdf-1024x768.jpg 1024w, https:\/\/www.radiopiu.net\/wordpress\/wp-content\/uploads\/2024\/01\/7915631f-f497-4c47-acf3-b95c53ad0fdf-768x576.jpg 768w, https:\/\/www.radiopiu.net\/wordpress\/wp-content\/uploads\/2024\/01\/7915631f-f497-4c47-acf3-b95c53ad0fdf.jpg 1280w\" sizes=\"auto, (max-width: 300px) 100vw, 300px\" \/><\/a>\n\t\t\t\t<\/dt><\/dl><dl class='gallery-item'>\n\t\t\t\t<dt class='gallery-icon landscape'>\n\t\t\t\t\t<a class=\"rollover rollover-zoom dt-pswp-item\" title=\"79ce5bf6-3530-455c-a7c1-4d1fe5a4925b\" data-dt-img-description=\"\" data-large_image_width=\"1280\" data-large_image_height=\"960\"href='https:\/\/www.radiopiu.net\/wordpress\/wp-content\/uploads\/2024\/01\/79ce5bf6-3530-455c-a7c1-4d1fe5a4925b.jpg'><img loading=\"lazy\" decoding=\"async\" width=\"300\" height=\"225\" src=\"https:\/\/www.radiopiu.net\/wordpress\/wp-content\/uploads\/2024\/01\/79ce5bf6-3530-455c-a7c1-4d1fe5a4925b-300x225.jpg\" class=\"attachment-medium size-medium\" alt=\"\" srcset=\"https:\/\/www.radiopiu.net\/wordpress\/wp-content\/uploads\/2024\/01\/79ce5bf6-3530-455c-a7c1-4d1fe5a4925b-300x225.jpg 300w, https:\/\/www.radiopiu.net\/wordpress\/wp-content\/uploads\/2024\/01\/79ce5bf6-3530-455c-a7c1-4d1fe5a4925b-1024x768.jpg 1024w, https:\/\/www.radiopiu.net\/wordpress\/wp-content\/uploads\/2024\/01\/79ce5bf6-3530-455c-a7c1-4d1fe5a4925b-768x576.jpg 768w, https:\/\/www.radiopiu.net\/wordpress\/wp-content\/uploads\/2024\/01\/79ce5bf6-3530-455c-a7c1-4d1fe5a4925b.jpg 1280w\" sizes=\"auto, (max-width: 300px) 100vw, 300px\" \/><\/a>\n\t\t\t\t<\/dt><\/dl><br style=\"clear: both\" \/>\n\t\t\t<\/div>\n\n<p>&nbsp;<\/p>\n<\/div>\n<div><\/div>\n<div><\/div>\n<hr \/>\n<p>&nbsp;<\/p>\n<blockquote>\n<h3>INCIDENTE A PIAIA DI PONTE NELLE ALPI. INVESTITO L&#8217;EX PRIMARIO DAVIDE MAZZON<\/h3>\n<\/blockquote>\n<p><strong><a class=\"dt-pswp-item\" href=\"https:\/\/www.radiopiu.net\/wordpress\/wp-content\/uploads\/2024\/01\/6b5c2cb6-3d8c-4526-86f4-b22b404d6858.jpg\" data-dt-img-description=\"\" data-large_image_width=\"1024\" data-large_image_height=\"638\"><img loading=\"lazy\" decoding=\"async\" class=\" wp-image-372522 alignleft\" src=\"https:\/\/www.radiopiu.net\/wordpress\/wp-content\/uploads\/2024\/01\/6b5c2cb6-3d8c-4526-86f4-b22b404d6858-300x187.jpg\" alt=\"\" width=\"157\" height=\"98\" srcset=\"https:\/\/www.radiopiu.net\/wordpress\/wp-content\/uploads\/2024\/01\/6b5c2cb6-3d8c-4526-86f4-b22b404d6858-300x187.jpg 300w, https:\/\/www.radiopiu.net\/wordpress\/wp-content\/uploads\/2024\/01\/6b5c2cb6-3d8c-4526-86f4-b22b404d6858-768x479.jpg 768w, https:\/\/www.radiopiu.net\/wordpress\/wp-content\/uploads\/2024\/01\/6b5c2cb6-3d8c-4526-86f4-b22b404d6858.jpg 1024w\" sizes=\"auto, (max-width: 157px) 100vw, 157px\" \/><\/a>PONTE NELLE ALPI<\/strong> Il dottor Davide Mazzon, ex primario di Anestesia dell&#8217;Ospedale San Martino di Belluno, \u00e8 stato investito da un&#8217;auto mentre era in sella alla sua bicicletta a Piaia di Ponte nelle Alpi nel pomeriggio di martedi. Nell&#8217;incidente, ha riportato fratture al bacino, fratture costali e due vertebre rotte. Dopo essere stato ricoverato all&#8217;ospedale di Belluno, \u00e8 stato trasferito al reparto di rianimazione dell&#8217;ospedale Ca\u2019 Foncello di Treviso, dove \u00e8 attualmente in prognosi riservata. Il medico, in pensione dal giugno scorso, \u00e8 noto per il suo impegno nel cicloturismo e il suo contributo al campo della bioetica e della donazione di organi.<\/p>\n<p>Dal sito bellunopress.it di Roberto De Nart<\/p>\n<p>&nbsp;<\/p>\n<p>&nbsp;<\/p>\n<hr \/>\n<p>&nbsp;<\/p>\n<blockquote>\n<h2>ANCHE NELL&#8217;AGORDINO FRANCESCO CANELLA ERA NOME NOTO<\/h2>\n<\/blockquote>\n<p><a href=\"https:\/\/www.radiopiu.net\/wordpress\/wp-content\/uploads\/2024\/01\/073128145-e7142cc0-d8e1-4571-9be4-ffb8d0d646cd.webp\"><img loading=\"lazy\" decoding=\"async\" class=\"size-medium wp-image-372600 alignleft\" src=\"https:\/\/www.radiopiu.net\/wordpress\/wp-content\/uploads\/2024\/01\/073128145-e7142cc0-d8e1-4571-9be4-ffb8d0d646cd-300x169.webp\" alt=\"\" width=\"300\" height=\"169\" srcset=\"https:\/\/www.radiopiu.net\/wordpress\/wp-content\/uploads\/2024\/01\/073128145-e7142cc0-d8e1-4571-9be4-ffb8d0d646cd-300x169.webp 300w, https:\/\/www.radiopiu.net\/wordpress\/wp-content\/uploads\/2024\/01\/073128145-e7142cc0-d8e1-4571-9be4-ffb8d0d646cd-768x432.webp 768w, https:\/\/www.radiopiu.net\/wordpress\/wp-content\/uploads\/2024\/01\/073128145-e7142cc0-d8e1-4571-9be4-ffb8d0d646cd.webp 800w\" sizes=\"auto, (max-width: 300px) 100vw, 300px\" \/><\/a>E\u2019morto Francesco Canella, fondatore e presidente del gruppo supermercati Al\u00ec. <strong>Aveva compiuto 92 anni il 28 dicembre, <\/strong>\u00a0era ricoverato a Padova dopo il peggioramento delle sue condizioni di salute.L\u2019annuncio da parte della famiglia Canella: \u00abCon profondo dolore e commozione la famiglia Canella annuncia la morte di Francesco Canella, fondatore del Gruppo Al\u00ec e punto di riferimento del mondo economico del Veneto&#8221;. Lascia la moglie Rossella e i figli Marco e Gianni.<\/p>\n<blockquote><p><em>Francesco Canella, con seconda casa nell&#8217;Agordino in Valle del Biois, all&#8217;inizio dell&#8217;nuovo millennio, 24 anni fa, si era interessato per aprire un supermercato &#8220;Iper Al\u00ec&#8221; in Comune di La Valle Agordina, durante l&#8217;amministrazione del sindaco Tiziano De Col, ma evidentemente non trov\u00f2 il giusto accordo con gli allora proprietari. Nel Municipio lavallese aveva fatto il suo ingresso con l&#8217;allora assessore regionale Floriano Pra.\u00a0\u00a0<\/em><\/p><\/blockquote>\n<p>&nbsp;<\/p>\n<hr \/>\n<blockquote>\n<h3><\/h3>\n<h3><a class=\"dt-pswp-item\" href=\"https:\/\/www.radiopiu.net\/wordpress\/wp-content\/uploads\/2024\/02\/Senza-nome.png\" data-dt-img-description=\"\" data-large_image_width=\"333\" data-large_image_height=\"295\"><img loading=\"lazy\" decoding=\"async\" class=\"wp-image-372621 alignleft\" src=\"https:\/\/www.radiopiu.net\/wordpress\/wp-content\/uploads\/2024\/02\/Senza-nome-300x266.png\" alt=\"\" width=\"134\" height=\"119\" srcset=\"https:\/\/www.radiopiu.net\/wordpress\/wp-content\/uploads\/2024\/02\/Senza-nome-300x266.png 300w, https:\/\/www.radiopiu.net\/wordpress\/wp-content\/uploads\/2024\/02\/Senza-nome.png 333w\" sizes=\"auto, (max-width: 134px) 100vw, 134px\" \/><\/a>E&#8217; MORTO IL PIONIERE DELLA PIZZA<\/h3>\n<\/blockquote>\n<p><strong>BELLUNO<\/strong> Luigi Fusco, noto per aver aperto la prima pizzeria a Belluno nel 1962, \u00e8 deceduto, lasciando un segno indelebile nella storia culinaria della citt\u00e0. Con la moglie Teresa, Fusco ha gestito la pizzeria &#8220;da Gigino&#8221; fino al suo pensionamento nel 2006, accumulando oltre 44 anni di onorata carriera. Originario di Agerola, Fusco port\u00f2 l&#8217;arte della pizza nella provincia bellunese, diventando un punto di riferimento. Dopo la chiusura della pizzeria, continu\u00f2 a lasciare il suo marchio attraverso i numerosi pizzaioli agerolesi formati nel suo locale.<\/p>\n<p>&nbsp;<\/p>\n<p>&nbsp;<\/p>\n<blockquote>\n<h3><a class=\"dt-pswp-item\" href=\"https:\/\/www.radiopiu.net\/wordpress\/wp-content\/uploads\/2024\/02\/Senza-nome-1.png\" data-dt-img-description=\"\" data-large_image_width=\"506\" data-large_image_height=\"416\"><img loading=\"lazy\" decoding=\"async\" class=\"wp-image-372622 alignleft\" src=\"https:\/\/www.radiopiu.net\/wordpress\/wp-content\/uploads\/2024\/02\/Senza-nome-1-300x247.png\" alt=\"\" width=\"196\" height=\"161\" srcset=\"https:\/\/www.radiopiu.net\/wordpress\/wp-content\/uploads\/2024\/02\/Senza-nome-1-300x247.png 300w, https:\/\/www.radiopiu.net\/wordpress\/wp-content\/uploads\/2024\/02\/Senza-nome-1.png 506w\" sizes=\"auto, (max-width: 196px) 100vw, 196px\" \/><\/a>A FELTRE ADDIO AD ANTONIETTA GARBUIO<\/h3>\n<\/blockquote>\n<p><strong>\u00a0FELTRE<\/strong> Antonietta Garbuio, nota imprenditrice di Feltre, \u00e8 scomparsa all&#8217;et\u00e0 di 95 anni nella casa di riposo di Arsi\u00e9. Con il marito Gianfranco, defunto prematuramente, ha rilanciato la storica pasticceria di via Tezze, diventando un&#8217;icona della citt\u00e0. L&#8217;imprenditrice elegante e accogliente \u00e8 stata protagonista della Garbuio Panettoni dagli anni &#8217;60. Dopo la gestione della terza generazione, l&#8217;attivit\u00e0 \u00e8 stata ceduta nel 2019. Antonietta lascia il figlio Carlo, la nuora Sabrina, i nipoti Francesca, Nicola e Giorgia, e il fratello Mario. I funerali si terranno domani alle 15 nella chiesa parrocchiale di Santa Maria degli Angeli.<\/p>\n<p>&nbsp;<\/p>\n<p>&nbsp;<\/p>\n<hr \/>\n<p>&nbsp;<\/p>\n<p><span style=\"color: #ff0000;\">LA GIUDIZIARIA\u00a0<\/span><br \/>\n<span style=\"color: #ff0000;\">OGGI SUL CORRIERE DELLE ALPI<\/span><br \/>\n<span style=\"color: #ff0000;\">DI GIGI SOSSO\u00a0<\/span><\/p>\n<p><strong>BELLUNO<\/strong> Il professore di educazione fisica \u00e8 stato assolto con formula piena dall&#8217;accusa di violenza sessuale aggravata da parte di una studentessa minorenne. La sentenza del Tribunale di Belluno afferma che il fatto non sussiste. Salvadego potrebbe addirittura portare un&#8217;azione legale per calunnia contro l&#8217;accusatrice. La Procura aveva gi\u00e0 mostrato scetticismo sulla credibilit\u00e0 della studentessa, chiedendo una condanna ridotta. Durante il processo, il professore \u00e8 risultato convincente, mentre la testimonianza della presunta vittima era confusa e contraddittoria. L&#8217;insegnante ha espresso il suo sollievo e ringraziato i suoi avvocati per il supporto.<\/p>\n<p><strong>PEDAVENA<\/strong> condannato a otto mesi di reclusione e 300 euro di multa dal giudice Domenico Riposati per aver commesso una truffa su un paio di sci dal valore di 150 euro, l&#8217;accusa ha retto basandosi sul collegamento con la carta Postepay utilizzata per consumare la truffa. Il giudice ha emesso una pena superiore a quella richiesta dal pubblico ministero Sandra Rossi.<\/p>\n<p><strong>BELLUNO\u00a0<\/strong> Il giudice ha ammesso la costituzione di parte civile del cadorino\u00a0 che richiede 1,5 milioni di euro per s\u00e9, 200 mila euro per il figlio e 250 mila euro per i genitori, nel caso di uno schianto causato dal 29enne\u00a0 con un&#8217;Audi A3, accusato di lesioni stradali, potrebbe essere sottoposto a messa alla prova. Il processo deve ancora iniziare, ma il giudice ha chiamato in causa Generali Assicurazioni come responsabile civile. L&#8217;incidente ha coinvolto cinque persone, causando danni per 2,2 milioni di euro. I rilievi di legge eseguiti dai carabinieri della stazione di Pieve di Cadore sono agli atti del pubblico ministero Sandra Rossi.<\/p>\n<p>&nbsp;<\/p>\n<hr \/>\n<p>&nbsp;<\/p>\n<blockquote>\n<h2><a class=\"dt-pswp-item\" href=\"https:\/\/www.radiopiu.net\/wordpress\/wp-content\/uploads\/2024\/02\/Senza-nome-2.png\" data-dt-img-description=\"\" data-large_image_width=\"276\" data-large_image_height=\"197\"><img loading=\"lazy\" decoding=\"async\" class=\" wp-image-372624 alignleft\" src=\"https:\/\/www.radiopiu.net\/wordpress\/wp-content\/uploads\/2024\/02\/Senza-nome-2.png\" alt=\"\" width=\"219\" height=\"156\" \/><\/a>VANDALI A PIAN DEI\u00a0 CASTALDI<\/h2>\n<\/blockquote>\n<p><strong>SEDICO<\/strong> I cartelli informativi sulle linee austroungariche della Grande Guerra, installati da Gianni Viel a Pian dei Castaldi, sono stati vandalizzati da ignoti che hanno bruciato le riproduzioni di foto storiche. Il gesto vandalico \u00e8 stato scoperto da Viel, appassionato cultore di storia locale. Pian dei Castaldi fu al centro della battaglia dal 1 al 3 novembre 1918, e il campo trincerato di Barp, gestito dall&#8217;Impero austroungarico, formava soldati prima di mandarli al fronte sul Grappa. Viel, determinato nonostante le sfide, desidera rendere questi luoghi siti di interesse storico e turistico, contribuendo a preservare la memoria della storia locale.<\/p>\n<p>&nbsp;<\/p>\n<hr \/>\n<p>&nbsp;<\/p>\n<blockquote>\n<h2>LAVORI ALLA VENEGGIA, PD CONTRO<\/h2>\n<\/blockquote>\n<p><strong><img loading=\"lazy\" decoding=\"async\" class=\"alignleft\" src=\"https:\/\/www.radiopiu.net\/wordpress\/wp-content\/uploads\/2024\/01\/a480f701-46ed-4b5f-bbb0-969d889623cb.jpg\" width=\"212\" height=\"131\" \/>BELLUNO<\/strong> Il Partito Democratico del capoluogo contro Palazzo Rosso: tema della discussione, tempistiche e progetto del ponte della Veneggia, i cui lavori prenderanno il via tra poche ore.<\/p>\n<p><strong>DI DANIELE DALVIT<\/strong><\/p>\n<audio class=\"wp-audio-shortcode\" id=\"audio-372509-4\" preload=\"none\" style=\"width: 100%;\" controls=\"controls\"><source type=\"audio\/mpeg\" src=\"https:\/\/www.radiopiu.net\/wordpress\/wp-content\/uploads\/2024\/01\/Radio-Piu-Servizio-Noro-Polemica-lavori-Veneggia.mp3?_=4\" \/><a href=\"https:\/\/www.radiopiu.net\/wordpress\/wp-content\/uploads\/2024\/01\/Radio-Piu-Servizio-Noro-Polemica-lavori-Veneggia.mp3\">https:\/\/www.radiopiu.net\/wordpress\/wp-content\/uploads\/2024\/01\/Radio-Piu-Servizio-Noro-Polemica-lavori-Veneggia.mp3<\/a><\/audio>\n<p>&nbsp;<\/p>\n<hr \/>\n<blockquote>\n<h3 class=\"_title post-title entry-title\"><\/h3>\n<h3 class=\"_title post-title entry-title\">GALLERIA COMELICO, LAVORI IMMINENTI: \u00abSENZA CONTROPARTITA DANNI INACCETTABILI<\/h3>\n<\/blockquote>\n<p>Intervista ELISA BERGAGNIN (VICE SINDACA COMUNE DI SANTO STEFANO DI CADORE) (Servizio di <a href=\"https:\/\/antennatre.medianordest.it\/redazione\/Tiziana-Bolognani\/\">Tiziana Bolognani<\/a>)<\/p>\n<p><iframe loading=\"lazy\" title=\"GALLERIA COMELICO, LAVORI IMMINENTI: \u00abSENZA CONTROPARTITA DANNI INACCETTABILI\u00bb | 31\/01\/2024\" width=\"1200\" height=\"675\" src=\"https:\/\/www.youtube.com\/embed\/5GD_PoulzpU?feature=oembed\" frameborder=\"0\" allow=\"accelerometer; autoplay; clipboard-write; encrypted-media; gyroscope; picture-in-picture; web-share\" allowfullscreen><\/iframe><\/p>\n<p>&nbsp;<\/p>\n<hr \/>\n<p>&nbsp;<\/p>\n<blockquote>\n<h3>MIDO: Crescita Esponenziale di Espositori e Aspettative Positive<\/h3>\n<\/blockquote>\n<p><strong><a class=\"dt-pswp-item\" href=\"https:\/\/www.radiopiu.net\/wordpress\/wp-content\/uploads\/2024\/01\/Da-sx_Giovanni-Vitaloni-Lorraine-Berton-Marianna-Aprile-scaled.jpg\" data-dt-img-description=\"\" data-large_image_width=\"2560\" data-large_image_height=\"1707\"><img loading=\"lazy\" decoding=\"async\" class=\"size-medium wp-image-372570 alignleft\" src=\"https:\/\/www.radiopiu.net\/wordpress\/wp-content\/uploads\/2024\/01\/Da-sx_Giovanni-Vitaloni-Lorraine-Berton-Marianna-Aprile-300x200.jpg\" alt=\"\" width=\"300\" height=\"200\" srcset=\"https:\/\/www.radiopiu.net\/wordpress\/wp-content\/uploads\/2024\/01\/Da-sx_Giovanni-Vitaloni-Lorraine-Berton-Marianna-Aprile-300x200.jpg 300w, https:\/\/www.radiopiu.net\/wordpress\/wp-content\/uploads\/2024\/01\/Da-sx_Giovanni-Vitaloni-Lorraine-Berton-Marianna-Aprile-1024x683.jpg 1024w, https:\/\/www.radiopiu.net\/wordpress\/wp-content\/uploads\/2024\/01\/Da-sx_Giovanni-Vitaloni-Lorraine-Berton-Marianna-Aprile-768x512.jpg 768w, https:\/\/www.radiopiu.net\/wordpress\/wp-content\/uploads\/2024\/01\/Da-sx_Giovanni-Vitaloni-Lorraine-Berton-Marianna-Aprile-1536x1024.jpg 1536w, https:\/\/www.radiopiu.net\/wordpress\/wp-content\/uploads\/2024\/01\/Da-sx_Giovanni-Vitaloni-Lorraine-Berton-Marianna-Aprile-2048x1365.jpg 2048w\" sizes=\"auto, (max-width: 300px) 100vw, 300px\" \/><\/a>MILANO<\/strong> Dal 3 al 5 febbraio si svolger\u00e0 la 52^ edizione di MIDO, il rinomato salone internazionale dell&#8217;eyewear presso Fieramilano Rho, con oltre 1.200 espositori da 50 paesi e attesi visitatori da oltre 130 nazioni, segnando un aumento del 25% rispetto all&#8217;anno precedente. Gli organizzatori sono fiduciosi, considerando l&#8217;incremento delle preregistrazioni, e puntano a facilitare incontri commerciali e accordi tra domanda e offerta. Il Presidente di MIDO, Giovanni Vitaloni, sottolinea l&#8217;importanza di fornire supporto logistico agli espositori per agevolarli nel concludere affari significativi. La Presidente di ANFAO, Lorraine Berton, riflette sull&#8217;andamento positivo del 2023 nel settore dell&#8217;eyewear, ma sottolinea la necessit\u00e0 di affrontare l&#8217;incertezza internazionale nel nuovo anno, soprattutto per quanto riguarda le esportazioni.<\/p>\n<p>FOTO da sinistra_Giovanni Vitaloni, Lorraine Berton, Marianna Aprile<\/p>\n<p>&nbsp;<\/p>\n<hr \/>\n<p>&nbsp;<\/p>\n<blockquote>\n<h3>COMUNIT\u00c0 ENERGETICA RINNOVABILE \u201cFELTRINA\u201d: L\u2019INCONTRO CON I SOGGETTI ADERENTI PER L\u2019AVVIO DELLA FASE OPERATIVA<\/h3>\n<\/blockquote>\n<p><strong>FELTRE<\/strong> Entra nel vivo la fase operativa per la nascita della CER, la Comunit\u00e0 Energetica Rinnovabile, \u201cFeltrina\u201d. A questo scopo si \u00e8 tenuto alla Galleria \u201cRizzarda\u201d di Feltre, il primo incontro \u201cplenario\u201d con i soggetti che nei mesi scorsi hanno risposto all\u2019avviso pubblico emesso dal Comune di Feltre con una manifestazione d\u2019interesse<\/p>\n<p><strong>CLAUDIA DALLA PALMA, ASSESSORE ALL&#8217;AMBIENTE DEL COMUNE DI FELTRE<\/strong><\/p>\n<audio class=\"wp-audio-shortcode\" id=\"audio-372509-5\" preload=\"none\" style=\"width: 100%;\" controls=\"controls\"><source type=\"audio\/mpeg\" src=\"https:\/\/www.radiopiu.net\/wordpress\/wp-content\/uploads\/2024\/01\/Audio-Dalla-Palma-su-incontro-CER-Feltrina.mp3?_=5\" \/><a href=\"https:\/\/www.radiopiu.net\/wordpress\/wp-content\/uploads\/2024\/01\/Audio-Dalla-Palma-su-incontro-CER-Feltrina.mp3\">https:\/\/www.radiopiu.net\/wordpress\/wp-content\/uploads\/2024\/01\/Audio-Dalla-Palma-su-incontro-CER-Feltrina.mp3<\/a><\/audio>\n<p>&nbsp;<\/p>\n\n\t\t\t<style type='text\/css'>\n\t\t\t\t#gallery-2 {\n\t\t\t\t\tmargin: auto;\n\t\t\t\t}\n\t\t\t\t#gallery-2 .gallery-item {\n\t\t\t\t\tfloat: left;\n\t\t\t\t\tmargin-top: 10px;\n\t\t\t\t\ttext-align: center;\n\t\t\t\t\twidth: 50%;\n\t\t\t\t}\n\t\t\t\t#gallery-2 img {\n\t\t\t\t\tborder: 2px solid #cfcfcf;\n\t\t\t\t}\n\t\t\t\t#gallery-2 .gallery-caption {\n\t\t\t\t\tmargin-left: 0;\n\t\t\t\t}\n\t\t\t\t\/* see gallery_shortcode() in wp-includes\/media.php *\/\n\t\t\t<\/style>\n\t\t<div id='gallery-2' class='dt-gallery-container gallery galleryid-372509 gallery-columns-2 gallery-size-medium'><dl class='gallery-item'>\n\t\t\t\t<dt class='gallery-icon landscape'>\n\t\t\t\t\t<a class=\"rollover rollover-zoom dt-pswp-item\" title=\"Incontro CER Feltrina 1\" data-dt-img-description=\"\" data-large_image_width=\"1920\" data-large_image_height=\"1080\"href='https:\/\/www.radiopiu.net\/wordpress\/wp-content\/uploads\/2024\/01\/Incontro-CER-Feltrina-1.jpg'><img loading=\"lazy\" decoding=\"async\" width=\"300\" height=\"169\" src=\"https:\/\/www.radiopiu.net\/wordpress\/wp-content\/uploads\/2024\/01\/Incontro-CER-Feltrina-1-300x169.jpg\" class=\"attachment-medium size-medium\" alt=\"\" srcset=\"https:\/\/www.radiopiu.net\/wordpress\/wp-content\/uploads\/2024\/01\/Incontro-CER-Feltrina-1-300x169.jpg 300w, https:\/\/www.radiopiu.net\/wordpress\/wp-content\/uploads\/2024\/01\/Incontro-CER-Feltrina-1-1024x576.jpg 1024w, https:\/\/www.radiopiu.net\/wordpress\/wp-content\/uploads\/2024\/01\/Incontro-CER-Feltrina-1-768x432.jpg 768w, https:\/\/www.radiopiu.net\/wordpress\/wp-content\/uploads\/2024\/01\/Incontro-CER-Feltrina-1-1536x864.jpg 1536w, https:\/\/www.radiopiu.net\/wordpress\/wp-content\/uploads\/2024\/01\/Incontro-CER-Feltrina-1.jpg 1920w\" sizes=\"auto, (max-width: 300px) 100vw, 300px\" \/><\/a>\n\t\t\t\t<\/dt><\/dl><dl class='gallery-item'>\n\t\t\t\t<dt class='gallery-icon landscape'>\n\t\t\t\t\t<a class=\"rollover rollover-zoom dt-pswp-item\" title=\"Unknown\" data-dt-img-description=\"\" data-large_image_width=\"1920\" data-large_image_height=\"1080\"href='https:\/\/www.radiopiu.net\/wordpress\/wp-content\/uploads\/2024\/01\/Unknown.jpeg'><img loading=\"lazy\" decoding=\"async\" width=\"300\" height=\"169\" src=\"https:\/\/www.radiopiu.net\/wordpress\/wp-content\/uploads\/2024\/01\/Unknown-300x169.jpeg\" class=\"attachment-medium size-medium\" alt=\"\" srcset=\"https:\/\/www.radiopiu.net\/wordpress\/wp-content\/uploads\/2024\/01\/Unknown-300x169.jpeg 300w, https:\/\/www.radiopiu.net\/wordpress\/wp-content\/uploads\/2024\/01\/Unknown-1024x576.jpeg 1024w, https:\/\/www.radiopiu.net\/wordpress\/wp-content\/uploads\/2024\/01\/Unknown-768x432.jpeg 768w, https:\/\/www.radiopiu.net\/wordpress\/wp-content\/uploads\/2024\/01\/Unknown-1536x864.jpeg 1536w, https:\/\/www.radiopiu.net\/wordpress\/wp-content\/uploads\/2024\/01\/Unknown.jpeg 1920w\" sizes=\"auto, (max-width: 300px) 100vw, 300px\" \/><\/a>\n\t\t\t\t<\/dt><\/dl><br style=\"clear: both\" \/>\n\t\t\t<\/div>\n\n<p>&nbsp;<\/p>\n<hr \/>\n<p>&nbsp;<\/p>\n<blockquote>\n<h3>Italgas Assume la Distribuzione del Gas Metano da Bim Infrastrutture<\/h3>\n<\/blockquote>\n<div id=\"attachment_203324\" style=\"width: 280px\" class=\"wp-caption alignleft\"><a class=\"dt-pswp-item\" href=\"https:\/\/www.radiopiu.net\/wordpress\/wp-content\/uploads\/2021\/04\/bruno-zanolla-270x270-1.jpg\" data-dt-img-description=\"BRUNO ZANOLLA\" data-large_image_width=\"270\" data-large_image_height=\"270\"><img loading=\"lazy\" decoding=\"async\" aria-describedby=\"caption-attachment-203324\" class=\" wp-image-203324\" src=\"https:\/\/www.radiopiu.net\/wordpress\/wp-content\/uploads\/2021\/04\/bruno-zanolla-270x270-1.jpg\" alt=\"\" width=\"109\" height=\"109\" srcset=\"https:\/\/www.radiopiu.net\/wordpress\/wp-content\/uploads\/2021\/04\/bruno-zanolla-270x270-1.jpg 270w, https:\/\/www.radiopiu.net\/wordpress\/wp-content\/uploads\/2021\/04\/bruno-zanolla-270x270-1-150x150.jpg 150w\" sizes=\"auto, (max-width: 109px) 100vw, 109px\" \/><\/a><p id=\"caption-attachment-203324\" class=\"wp-caption-text\">BRUNO ZANOLLA<\/p><\/div>\n<p><strong>BELLUNO<\/strong>\u00a0Bruno Zanolla, Amministratore Unico di Bim Belluno Infrastrutture, ha formalizzato il passaggio di propriet\u00e0 delle reti di distribuzione del gas naturale alla societ\u00e0 Italgas di Torino. Il gestore vincitore della gara indetta nel 2016 dal Comune di Belluno sar\u00e0 operativo dal 1\u00b0 febbraio. Bim Infrastrutture ha ricevuto 48 milioni di euro per il trasferimento della propriet\u00e0 di oltre 900 km di rete metano, 9 cabine di primo salto e 192 gruppi di riduzione distribuiti in 34 Comuni della provincia di Belluno, coprendo 45mila utenze. Zanolla sottolinea l&#8217;importanza storica del passaggio e ringrazia il personale per gli oltre quarant&#8217;anni di servizio, lasciando in eredit\u00e0 a Italgas un patrimonio efficiente e di valore.<\/p>\n<p>&nbsp;<\/p>\n<hr \/>\n<p>&nbsp;<\/p>\n<blockquote>\n<h3>UNA COMUNITA&#8217; SENZA BARRIERE ARCHITETTONICHE A PONTE NELLE ALPI<\/h3>\n<\/blockquote>\n<p><strong><a class=\"dt-pswp-item\" href=\"https:\/\/www.radiopiu.net\/wordpress\/wp-content\/uploads\/2024\/01\/Municipio_di_Ponte_nelle_Alpi.jpg\" data-dt-img-description=\"\" data-large_image_width=\"1198\" data-large_image_height=\"898\"><img loading=\"lazy\" decoding=\"async\" class=\" wp-image-372518 alignleft\" src=\"https:\/\/www.radiopiu.net\/wordpress\/wp-content\/uploads\/2024\/01\/Municipio_di_Ponte_nelle_Alpi-300x225.jpg\" alt=\"\" width=\"172\" height=\"129\" srcset=\"https:\/\/www.radiopiu.net\/wordpress\/wp-content\/uploads\/2024\/01\/Municipio_di_Ponte_nelle_Alpi-300x225.jpg 300w, https:\/\/www.radiopiu.net\/wordpress\/wp-content\/uploads\/2024\/01\/Municipio_di_Ponte_nelle_Alpi-1024x768.jpg 1024w, https:\/\/www.radiopiu.net\/wordpress\/wp-content\/uploads\/2024\/01\/Municipio_di_Ponte_nelle_Alpi-768x576.jpg 768w, https:\/\/www.radiopiu.net\/wordpress\/wp-content\/uploads\/2024\/01\/Municipio_di_Ponte_nelle_Alpi.jpg 1198w\" sizes=\"auto, (max-width: 172px) 100vw, 172px\" \/><\/a>PONTE NELLE ALPI<\/strong> Il Comune di Ponte nelle Alpi ha avviato il Peba (Piano per l&#8217;Eliminazione delle Barriere Architettoniche), un progetto mirato a mappare e eliminare le barriere architettoniche nelle ventuno frazioni del territorio. Affidato all&#8217;architetto Gianluca Ramo e finanziato con 20mila euro dal Comune e dalla Regione Veneto, il piano prevede la valutazione e la pianificazione degli interventi attraverso un&#8217;innovativa gestione informatica. L&#8217;obiettivo finale \u00e8 rendere accessibili edifici pubblici e spazi urbani a tutte le persone, comprese quelle con disabilit\u00e0 o difficolt\u00e0 di deambulazione, promuovendo anche la riorganizzazione e la riqualificazione dei servizi pubblici e dei trasporti.<\/p>\n<p>&nbsp;<\/p>\n<hr \/>\n<p>&nbsp;<\/p>\n<blockquote>\n<h2>Digitalizzazione in corso al Comando di Polizia Locale di Belluno<\/h2>\n<\/blockquote>\n<p><strong><a class=\"dt-pswp-item\" href=\"https:\/\/www.radiopiu.net\/wordpress\/wp-content\/uploads\/2024\/01\/image00003-2-scaled.jpeg\" data-dt-img-description=\"\" data-large_image_width=\"2560\" data-large_image_height=\"1920\"><img loading=\"lazy\" decoding=\"async\" class=\"size-medium wp-image-372591 alignleft\" src=\"https:\/\/www.radiopiu.net\/wordpress\/wp-content\/uploads\/2024\/01\/image00003-2-300x225.jpeg\" alt=\"\" width=\"300\" height=\"225\" srcset=\"https:\/\/www.radiopiu.net\/wordpress\/wp-content\/uploads\/2024\/01\/image00003-2-300x225.jpeg 300w, https:\/\/www.radiopiu.net\/wordpress\/wp-content\/uploads\/2024\/01\/image00003-2-1024x768.jpeg 1024w, https:\/\/www.radiopiu.net\/wordpress\/wp-content\/uploads\/2024\/01\/image00003-2-768x576.jpeg 768w, https:\/\/www.radiopiu.net\/wordpress\/wp-content\/uploads\/2024\/01\/image00003-2-1536x1152.jpeg 1536w, https:\/\/www.radiopiu.net\/wordpress\/wp-content\/uploads\/2024\/01\/image00003-2-2048x1536.jpeg 2048w\" sizes=\"auto, (max-width: 300px) 100vw, 300px\" \/><\/a>BELLUNO<\/strong> Il Comando di Polizia Locale di Belluno abbraccia la digitalizzazione con l&#8217;introduzione di Verbatel, un nuovo software che promette di ottimizzare l&#8217;efficienza dell&#8217;attivit\u00e0 del Comando. Il sindaco di Belluno, Oscar De Pellegrin, commenta che il software rivoluzioner\u00e0 l&#8217;attivit\u00e0 della polizia locale, migliorando i servizi e la comunicazione con i cittadini. Il nuovo strumento coinvolger\u00e0 diversi ambiti operativi, digitalizzando procedure, monitorando attivit\u00e0 e consentendo la raccolta di informazioni sul campo. Il software Verbatel permetter\u00e0 la gestione integrata di tutte le attivit\u00e0 del Comando, con l&#8217;obiettivo di risparmiare tempo e risorse, standardizzare procedure e analizzare le attivit\u00e0 svolte. Gli agenti del Comando parteciperanno a formazioni per apprendere l&#8217;utilizzo del nuovo dispositivo. Il Comandante della polizia locale di Belluno, Antonio Codemo, sottolinea l&#8217;importanza di modernizzare l&#8217;attivit\u00e0 e digitalizzare le operazioni e le banche dati. Il software coinvolger\u00e0 la centrale operativa, la polizia giudiziaria e amministrativa, il modulo turni e servizi e la digitalizzazione della raccolta dati sugli incidenti stradali.<\/p>\n<p>&nbsp;<\/p>\n<p><strong>IL SINDACO DI BELLUNO OSCAR DE PELLEGRIN<\/strong><\/p>\n<audio class=\"wp-audio-shortcode\" id=\"audio-372509-6\" preload=\"none\" style=\"width: 100%;\" controls=\"controls\"><source type=\"audio\/mpeg\" src=\"https:\/\/www.radiopiu.net\/wordpress\/wp-content\/uploads\/2024\/01\/oscar-de-pelletrin-intervento.mp3?_=6\" \/><a href=\"https:\/\/www.radiopiu.net\/wordpress\/wp-content\/uploads\/2024\/01\/oscar-de-pelletrin-intervento.mp3\">https:\/\/www.radiopiu.net\/wordpress\/wp-content\/uploads\/2024\/01\/oscar-de-pelletrin-intervento.mp3<\/a><\/audio>\n<p>&nbsp;<\/p>\n<p><strong><a class=\"dt-pswp-item\" href=\"https:\/\/www.radiopiu.net\/wordpress\/wp-content\/uploads\/2024\/01\/ANTONIO-CODEM.png\" data-dt-img-description=\"\" data-large_image_width=\"459\" data-large_image_height=\"405\"><img loading=\"lazy\" decoding=\"async\" class=\"wp-image-372592 alignleft\" src=\"https:\/\/www.radiopiu.net\/wordpress\/wp-content\/uploads\/2024\/01\/ANTONIO-CODEM-300x265.png\" alt=\"\" width=\"117\" height=\"103\" srcset=\"https:\/\/www.radiopiu.net\/wordpress\/wp-content\/uploads\/2024\/01\/ANTONIO-CODEM-300x265.png 300w, https:\/\/www.radiopiu.net\/wordpress\/wp-content\/uploads\/2024\/01\/ANTONIO-CODEM.png 459w\" sizes=\"auto, (max-width: 117px) 100vw, 117px\" \/><\/a>IL COMANDANTE DELLA POLIZIA LOCALE ANTONIO CODEMO<\/strong><\/p>\n<audio class=\"wp-audio-shortcode\" id=\"audio-372509-7\" preload=\"none\" style=\"width: 100%;\" controls=\"controls\"><source type=\"audio\/mpeg\" src=\"https:\/\/www.radiopiu.net\/wordpress\/wp-content\/uploads\/2024\/01\/antonio-codemo-intervento.mp3?_=7\" \/><a href=\"https:\/\/www.radiopiu.net\/wordpress\/wp-content\/uploads\/2024\/01\/antonio-codemo-intervento.mp3\">https:\/\/www.radiopiu.net\/wordpress\/wp-content\/uploads\/2024\/01\/antonio-codemo-intervento.mp3<\/a><\/audio>\n<p>&nbsp;<\/p>\n<p>&nbsp;<\/p>\n<p>&nbsp;<\/p>\n<hr \/>\n<p>&nbsp;<\/p>\n<blockquote>\n<h3>SIRFIDI DEL NORD ITALIA: UN CORSO PROMOSSO DAL PARCO NAZIONALE DOLOMITI BELLUNESI<\/h3>\n<\/blockquote>\n<p><strong><a class=\"dt-pswp-item\" href=\"https:\/\/www.radiopiu.net\/wordpress\/wp-content\/uploads\/2021\/07\/PARCO-DOLOMITI-BELLUNESI.jpg\" data-dt-img-description=\"\" data-large_image_width=\"259\" data-large_image_height=\"440\"><img loading=\"lazy\" decoding=\"async\" class=\" wp-image-223150 alignleft\" src=\"https:\/\/www.radiopiu.net\/wordpress\/wp-content\/uploads\/2021\/07\/PARCO-DOLOMITI-BELLUNESI-177x300.jpg\" alt=\"\" width=\"80\" height=\"136\" srcset=\"https:\/\/www.radiopiu.net\/wordpress\/wp-content\/uploads\/2021\/07\/PARCO-DOLOMITI-BELLUNESI-177x300.jpg 177w, https:\/\/www.radiopiu.net\/wordpress\/wp-content\/uploads\/2021\/07\/PARCO-DOLOMITI-BELLUNESI.jpg 259w\" sizes=\"auto, (max-width: 80px) 100vw, 80px\" \/><\/a>FELTRE<\/strong> Il Parco Nazionale Dolomiti Bellunesi e l&#8217;Universit\u00e0 di Modena e Reggio Emilia organizzano un corso online sul riconoscimento e l&#8217;importanza ecologica dei Sirfidi, insetti che svolgono un ruolo cruciale nell&#8217;impollinazione e nella difesa biologica delle coltivazioni. Il corso, aperto a professionisti del settore e appassionati di natura, prevede quattro incontri online nei giorni 9 e 16 marzo, 6 e 13 aprile, con un&#8217;escursione sul campo presso il Parco Nazionale Dolomiti Bellunesi. I relatori includono il ricercatore Daniele Sommaggio, il professor Giovanni Burgio e Serena Magagnoli dell&#8217;Universit\u00e0 di Bologna, insieme a Enrico Vettorazzo, tecnico del Parco Nazionale Dolomiti Bellunesi. Il corso \u00e8 gratuito, ma limitato a un massimo di 60 partecipanti.<\/p>\n<p>&nbsp;<\/p>\n<p>&nbsp;<\/p>\n<hr \/>\n<p>&nbsp;<\/p>\n<blockquote>\n<h3>UNA SERATA DEDICATA AL PARCO E AL LUPO<\/h3>\n<\/blockquote>\n<p><strong><a class=\"dt-pswp-item\" href=\"https:\/\/www.radiopiu.net\/wordpress\/wp-content\/uploads\/2021\/07\/LUPO.jpg\" data-dt-img-description=\"\" data-large_image_width=\"1920\" data-large_image_height=\"1357\"><img loading=\"lazy\" decoding=\"async\" class=\" wp-image-220371 alignleft\" src=\"https:\/\/www.radiopiu.net\/wordpress\/wp-content\/uploads\/2021\/07\/LUPO-300x212.jpg\" alt=\"\" width=\"174\" height=\"123\" srcset=\"https:\/\/www.radiopiu.net\/wordpress\/wp-content\/uploads\/2021\/07\/LUPO-300x212.jpg 300w, https:\/\/www.radiopiu.net\/wordpress\/wp-content\/uploads\/2021\/07\/LUPO-1024x724.jpg 1024w, https:\/\/www.radiopiu.net\/wordpress\/wp-content\/uploads\/2021\/07\/LUPO-768x543.jpg 768w, https:\/\/www.radiopiu.net\/wordpress\/wp-content\/uploads\/2021\/07\/LUPO-1536x1086.jpg 1536w, https:\/\/www.radiopiu.net\/wordpress\/wp-content\/uploads\/2021\/07\/LUPO.jpg 1920w\" sizes=\"auto, (max-width: 174px) 100vw, 174px\" \/><\/a>SANTA GIUSTINA<\/strong> Il Comune di Santa Giustina, in collaborazione con il Parco Nazionale Dolomiti Bellunesi, organizza una serata dedicata al lupo e ai progetti in corso per prevenire i danni al bestiame domestico. L&#8217;evento si terr\u00e0 il 2 febbraio alle 20:00 presso il Centro Culturale di Santa Giustina. La serata includer\u00e0 la proiezione di un cortometraggio sui 30 anni del Parco Nazionale Dolomiti Bellunesi, una rassegna delle principali attivit\u00e0 di ricerca scientifica del Parco e il trailer del documentario &#8220;Il Sentiero dei Lupi&#8221;. Sar\u00e0 presentato il documentario &#8220;Lupo uno&#8221; di Bruno Boz e Ivan Mazzon, vincitore del premio come miglior documentario di attualit\u00e0 al Trento Film Festival, che racconta la gestione proattiva del lupo nel contesto alpino. In sala saranno presenti i registi Bruno Boz e Ivan Mazzon. L&#8217;ingresso \u00e8 libero e gratuito.<\/p>\n<p>&nbsp;<\/p>\n<p>&nbsp;<\/p>\n<hr \/>\n<p>&nbsp;<\/p>\n<blockquote>\n<h3>DA OGGI LA CONSEGNA DELLE PENSIONI ALLE POSTE<\/h3>\n<\/blockquote>\n<p><strong>BELLUNO <\/strong><span class=\"s2\">Poste Italiane comunica che in tutti i 104 Uffici Postali della provincia di Belluno le pensioni del mese di febbraio saranno in pagamento da oggi. Per evitare assembramenti e tempi di attesa superiori alla media, Poste Italiane consiglia a tutti i pensionati, ove possibile, di recarsi a ritirare la pensione in tarda mattinata o durante le ore pomeridiane privilegiando i giorni successivi ai primi.<\/span><\/p>\n<p>&nbsp;<\/p>\n<p>&nbsp;<\/p>\n<hr \/>\n<p>&nbsp;<\/p>\n<p><strong><a class=\"dt-pswp-item\" href=\"https:\/\/www.radiopiu.net\/wordpress\/wp-content\/uploads\/2024\/01\/Senza-nome-34.png\" data-dt-img-description=\"\" data-large_image_width=\"239\" data-large_image_height=\"153\"><img loading=\"lazy\" decoding=\"async\" class=\"wp-image-369478 alignleft\" src=\"https:\/\/www.radiopiu.net\/wordpress\/wp-content\/uploads\/2024\/01\/Senza-nome-34.png\" alt=\"\" width=\"128\" height=\"82\" \/><\/a> <\/strong><\/p>\n<p><strong>\u00a0<\/strong><\/p>\n<p><strong>dal TG BELLUNESE di\u00a0 ANTENNA 3 ogni sera alle 19.30 sul canale 10 del digitale terrestre e alle 19 le anticipazioni alla radio.\u00a0\u00a0<\/strong><\/p>\n<p>&nbsp;<\/p>\n<blockquote>\n<h3 class=\"_title post-title entry-title\">FIGLIA DI DUE MAMME, IL COMUNE RIGETTA TRASCRIZIONE ATTO DI NASCITA<\/h3>\n<p>\u2013 Intervista SARA REBESCHINI (AL TELEFONO) (Servizio di <a href=\"https:\/\/antennatre.medianordest.it\/redazione\/Tiziana-Bolognani\/\">Tiziana Bolognani<\/a>)<\/p><\/blockquote>\n<p><iframe loading=\"lazy\" title=\"FIGLIA DI DUE MAMME, IL COMUNE RIGETTA TRASCRIZIONE ATTO DI NASCITA  | 31\/01\/2024\" width=\"1200\" height=\"675\" src=\"https:\/\/www.youtube.com\/embed\/1gsbYLLj6Xs?feature=oembed\" frameborder=\"0\" allow=\"accelerometer; autoplay; clipboard-write; encrypted-media; gyroscope; picture-in-picture; web-share\" allowfullscreen><\/iframe><\/p>\n<p>&nbsp;<\/p>\n<hr \/>\n<blockquote>\n<h3 class=\"_title post-title entry-title\"><\/h3>\n<\/blockquote>\n<p>&nbsp;<\/p>\n<p><strong><a class=\"dt-pswp-item\" href=\"https:\/\/www.radiopiu.net\/wordpress\/wp-content\/uploads\/2024\/01\/Senza-nome-34.png\" data-dt-img-description=\"\" data-large_image_width=\"239\" data-large_image_height=\"153\"><img loading=\"lazy\" decoding=\"async\" class=\"wp-image-369478 alignleft\" src=\"https:\/\/www.radiopiu.net\/wordpress\/wp-content\/uploads\/2024\/01\/Senza-nome-34.png\" alt=\"\" width=\"128\" height=\"82\" \/><\/a> <\/strong><\/p>\n<p><strong>\u00a0<\/strong><\/p>\n<p><strong>dal TG BELLUNESE di\u00a0 ANTENNA 3 ogni sera alle 19.30 sul canale 10 del digitale terrestre e alle 19 le anticipazioni alla radio.\u00a0\u00a0<\/strong><\/p>\n<p>&nbsp;<\/p>\n<blockquote>\n<h3 class=\"_title post-title entry-title\">BOB, LA SEDE DI GARA A CORTINA: \u00abIL CIO NON PUO\u2019 IMPORRE ALCUNCHE\u2019 A PAESE SOVRANO<\/h3>\n<\/blockquote>\n<p><span style=\"color: #ff0000;\"><strong>DI TIZIANA BOLOGNANI<\/strong><\/span><\/p>\n<p><iframe loading=\"lazy\" title=\"BOB, LA SEDE DI GARA A CORTINA: \u00abIL CIO NON PUO&#039; IMPORRE ALCUNCHE&#039; A PAESE SOVRANO\u00bb | 31\/01\/2024\" width=\"1200\" height=\"675\" src=\"https:\/\/www.youtube.com\/embed\/BSCHV8Yho2E?feature=oembed\" frameborder=\"0\" allow=\"accelerometer; autoplay; clipboard-write; encrypted-media; gyroscope; picture-in-picture; web-share\" allowfullscreen><\/iframe><\/p>\n<p>&nbsp;<\/p>\n<p>&nbsp;<\/p>\n<hr \/>\n<p>&nbsp;<\/p>\n<p>&nbsp;<\/p>\n<blockquote>\n<h3><b>Daniela Villani a Belluno e Feltre per parlare di benessere digitale\u00a0<\/b><\/h3>\n<p><em>conseguenze psicologiche e dell\u2019identit\u00e0 digitale<\/em><\/p><\/blockquote>\n<p><strong>BELLUNO<\/strong> Il progetto delle Scuole in Rete e dell&#8217;Associazione Amici delle Scuole in Rete promuove tre incontri focalizzati sul benessere digitale per studenti, genitori e la comunit\u00e0. Con la professoressa Daniela Villani, esperta di psicologia generale e coordinatrice dell&#8217;Unit\u00e0 di Ricerca in Media Digitali, si esplorano le opportunit\u00e0 e rischi del digitale, con particolare attenzione all&#8217;identit\u00e0 digitale e alla personalit\u00e0 online. Gli incontri si terranno il 2 e 3 febbraio presso l&#8217;Istituto Colotti di Feltre e il Centro Giovanni XXIII di Belluno. Nel contesto del progetto, il corso di sensibilizzazione all&#8217;uso corretto del digitale per docenti e genitori continua con successo, affrontando tematiche cruciali nell&#8217;ambito della sicurezza online. Il settimo incontro online \u00e8 previsto per il 6 febbraio in occasione del Safer Internet Day.<\/p>\n<p>&nbsp;<\/p>\n<hr \/>\n<p>&nbsp;<\/p>\n<blockquote>\n<h3>PAROLE A TEMA, IL NUOVO PROGRAMMA DI RADIOPIU<\/h3>\n<\/blockquote>\n<p><strong>REDAZIONE<\/strong> Da anni, molti anni, prosegue la collaborazione con Gianluca Melilli e tutto lo staff di Due Minuti un Libro, l\u2019appuntamento del mattino alle 9.45 e 17.50. Ogni giorno scopriamo nuovi libri, autori ed emozioni.<\/p>\n<blockquote><p><em><a class=\"dt-pswp-item\" href=\"https:\/\/www.radiopiu.net\/wordpress\/wp-content\/uploads\/2024\/01\/parole-a-tema-logo.png\" data-dt-img-description=\"\" data-large_image_width=\"500\" data-large_image_height=\"500\"><img loading=\"lazy\" decoding=\"async\" class=\"wp-image-372567 alignleft\" src=\"https:\/\/www.radiopiu.net\/wordpress\/wp-content\/uploads\/2024\/01\/parole-a-tema-logo-300x300.png\" alt=\"\" width=\"151\" height=\"151\" srcset=\"https:\/\/www.radiopiu.net\/wordpress\/wp-content\/uploads\/2024\/01\/parole-a-tema-logo-300x300.png 300w, https:\/\/www.radiopiu.net\/wordpress\/wp-content\/uploads\/2024\/01\/parole-a-tema-logo-150x150.png 150w, https:\/\/www.radiopiu.net\/wordpress\/wp-content\/uploads\/2024\/01\/parole-a-tema-logo.png 500w\" sizes=\"auto, (max-width: 151px) 100vw, 151px\" \/><\/a>Dal 2 febbraio la redazione di Due Minuti Un libro proporr\u00e0 il nuovo programma alla radio: &#8220;Parole a tema&#8221; un periodico che inizier\u00e0 il 2 febbraio, nel giorno dei \u201ccalzini spaiati\u201d.<\/em><\/p><\/blockquote>\n<p>&nbsp;<\/p>\n<p><strong>L&#8217;AUTORE, GIANLUCA MELILLI A RADIO PIU<\/strong><\/p>\n<audio class=\"wp-audio-shortcode\" id=\"audio-372509-8\" preload=\"none\" style=\"width: 100%;\" controls=\"controls\"><source type=\"audio\/mpeg\" src=\"https:\/\/www.radiopiu.net\/wordpress\/wp-content\/uploads\/2024\/01\/promo-radio-piu.mp3?_=8\" \/><a href=\"https:\/\/www.radiopiu.net\/wordpress\/wp-content\/uploads\/2024\/01\/promo-radio-piu.mp3\">https:\/\/www.radiopiu.net\/wordpress\/wp-content\/uploads\/2024\/01\/promo-radio-piu.mp3<\/a><\/audio>\n<p>&nbsp;<\/p>\n<p>&nbsp;<\/p>\n<hr \/>\n<p>&nbsp;<\/p>\n<blockquote>\n<h3>CONSIGLIO COMUNALE STRAORDINARIO A SAN TOMASO<\/h3>\n<\/blockquote>\n<p><strong>SAN TOMASO<\/strong> Il sindaco Moreno De Val ha convocato i consiglieri per domani alle 20:30 nella sala consigliare del municipio. Un unico punto da discutere: il terzo piano degli interventi<\/p>\n<p>&nbsp;<\/p>\n<p>&nbsp;<\/p>\n<hr \/>\n<p>&nbsp;<\/p>\n<blockquote>\n<h3>UN BANDO PER 196 COMMISSARI PER LA POLIZIA DI STATO<\/h3>\n<\/blockquote>\n<p><strong>BELLUNO<\/strong> \u00c8 stato pubblicato un bando di concorso pubblico per l&#8217;assunzione di 196 commissari della carriera dei funzionari della Polizia di Stato. Il concorso prevede prove di selezione che includono esami e valutazioni dei titoli. Le domande di partecipazione possono essere presentate attraverso la procedura informatica disponibile sul Portale unico del reclutamento all&#8217;indirizzo <a href=\"http:\/\/www.inpa.gov.it\/\" target=\"_new\" rel=\"noopener\">www.inpa.gov.it<\/a>, entro il 24 febbraio 2024. La procedura di presentazione delle domande \u00e8 accessibile al seguente link: <a href=\"https:\/\/concorsionline.poliziadistato.it\/\" target=\"_new\" rel=\"noopener\">https:\/\/concorsionline.poliziadistato.it<\/a>.<\/p>\n<p>&nbsp;<\/p>\n<p>&nbsp;<\/p>\n<blockquote>\n<h3 class=\"articlePlainTitle\">Borse di studio per soggiorni all&#8217;estero:\u00a0 il bando<\/h3>\n<\/blockquote>\n<div class=\"addthis_sharing_toolbox\" data-url=\"http:\/\/sfoglio.corrierealpi.gelocal.it\/share_article.php?article_id=13620048\" data-title=\"Borse di studio per soggiorni all'estero: torna il bando\"><\/div>\n<div class=\"articlePlainText\"><strong>LIVINALLONGO \u00a0<\/strong>Anche per l&#8217;anno scolastico 2024-2025 gli studenti degli istituti superiori residenti nei tre Comuni ladini di Cortina d&#8217;Ampezzo, Colle Santa Lucia e Livinallongo del Col di Lana, possono usufruire delle borse di studio per soggiorni studio all&#8217;estero istituite dalla Regione Trentino Alto Adige\/S\u00fcdtirol. \u00a0Tutte le informazioni e la delibera al riguardo si trovano nel sito internet www.regione.taa.it (sezione borse di studio).\u00a0 Domande entro marted\u00ec 20 febbraio. \u2014<\/div>\n<p>&nbsp;<\/p>\n<hr \/>\n<p>&nbsp;<\/p>\n<blockquote>\n<h3><strong>CORSI DI POTATURA \/ INNESTI E ORTICOLTURA<\/strong><\/h3>\n<\/blockquote>\n<p><strong>LIMANA<\/strong> Il Comune, in collaborazione con\u00a0 L&#8217;agronomo Alessandro Gallon, presenta anche quest&#8217;anno i corsi di potatura\/innesti e orticoltura: 3 lezioni teoriche e 2\u00a0 pratiche dal 13 febbraio in Municipio. Le iscrizioni (30 euro) sono aperte fino al 12 febbraio per il corso di potatura\/innesti e il 5 marzo per il corso di orticoltura. Informazioni 0437-966124 o via e-mail a <a target=\"_new\" rel=\"noopener\">commercio@comune.limana.bl.it<\/a>.<\/p>\n<p>&nbsp;<\/p>\n<hr \/>\n<p>&nbsp;<\/p>\n<blockquote>\n<h1><span style=\"color: #339966;\">G R A N D I<\/span>\u00a0 \u00a0 E V E N T I<\/h1>\n<h1>NELL&#8217;\u00a0 <span style=\"color: #ff0000;\">A G O R D I N O\u00a0<\/span><\/h1>\n<\/blockquote>\n<h2><a class=\"dt-pswp-item\" href=\"https:\/\/www.radiopiu.net\/wordpress\/wp-content\/uploads\/2023\/05\/R_LA-VOLATA-S-PELLEGRINO-DH-2017PHOTO-ELVIS.jpg\" data-dt-img-description=\"PASSO SAN PELLEGRINO MOENA ITA - 21DICEMBRE 2017 COPPA EUROPA DISCESA LIBERA FEMMINILE TROFEO LA VOLATA - MEMORIAL ALBERTO VENDRUSCOLO VINCITRICE SUTER GIULIANA SUI davanti a HOFER HANNA ITA e KOLLY NOEMIE SUI &quot;Copyright PHOTO ELVIS&quot;\" data-large_image_width=\"2000\" data-large_image_height=\"1337\"><img loading=\"lazy\" decoding=\"async\" class=\"wp-image-337460 alignleft\" src=\"https:\/\/www.radiopiu.net\/wordpress\/wp-content\/uploads\/2023\/05\/R_LA-VOLATA-S-PELLEGRINO-DH-2017PHOTO-ELVIS-300x201.jpg\" alt=\"\" width=\"187\" height=\"125\" srcset=\"https:\/\/www.radiopiu.net\/wordpress\/wp-content\/uploads\/2023\/05\/R_LA-VOLATA-S-PELLEGRINO-DH-2017PHOTO-ELVIS-300x201.jpg 300w, https:\/\/www.radiopiu.net\/wordpress\/wp-content\/uploads\/2023\/05\/R_LA-VOLATA-S-PELLEGRINO-DH-2017PHOTO-ELVIS-1024x685.jpg 1024w, https:\/\/www.radiopiu.net\/wordpress\/wp-content\/uploads\/2023\/05\/R_LA-VOLATA-S-PELLEGRINO-DH-2017PHOTO-ELVIS-768x513.jpg 768w, https:\/\/www.radiopiu.net\/wordpress\/wp-content\/uploads\/2023\/05\/R_LA-VOLATA-S-PELLEGRINO-DH-2017PHOTO-ELVIS-1536x1027.jpg 1536w, https:\/\/www.radiopiu.net\/wordpress\/wp-content\/uploads\/2023\/05\/R_LA-VOLATA-S-PELLEGRINO-DH-2017PHOTO-ELVIS.jpg 2000w\" sizes=\"auto, (max-width: 187px) 100vw, 187px\" \/><\/a>LA &#8220;VOLATA&#8221; IN MONDOVISIONE, SKI AREA SAN PELLEGRINO IN FERMENTO<\/h2>\n<p><span style=\"color: #0000ff;\"><strong>AUDIO<\/strong><\/span><\/p>\n<p><span style=\"color: #0000ff;\"><strong>DI MIRKO MEZZACASA &#8211; OSPITE RENZO MINELLA<\/strong><\/span><\/p>\n<audio class=\"wp-audio-shortcode\" id=\"audio-372509-9\" preload=\"none\" style=\"width: 100%;\" controls=\"controls\"><source type=\"audio\/mpeg\" src=\"https:\/\/www.radiopiu.net\/wordpress\/wp-content\/uploads\/2024\/01\/RENZO-MINELLA-GENNAIO2024.mp3?_=9\" \/><a href=\"https:\/\/www.radiopiu.net\/wordpress\/wp-content\/uploads\/2024\/01\/RENZO-MINELLA-GENNAIO2024.mp3\">https:\/\/www.radiopiu.net\/wordpress\/wp-content\/uploads\/2024\/01\/RENZO-MINELLA-GENNAIO2024.mp3<\/a><\/audio>\n<p>&nbsp;<\/p>\n<p>&nbsp;<\/p>\n<blockquote>\n<h3>LA SESTA TAPPA DI COPPA DEL MONDO DI SKICROSS AD ALLEGHE<\/h3>\n<\/blockquote>\n<p><strong><a class=\"dt-pswp-item\" href=\"https:\/\/www.radiopiu.net\/wordpress\/wp-content\/uploads\/2024\/01\/80460362-7f75-4638-a89e-65935d506dc1.jpg\" data-dt-img-description=\"\" data-large_image_width=\"1600\" data-large_image_height=\"1200\"><img loading=\"lazy\" decoding=\"async\" class=\" wp-image-371462 alignleft\" src=\"https:\/\/www.radiopiu.net\/wordpress\/wp-content\/uploads\/2024\/01\/80460362-7f75-4638-a89e-65935d506dc1-300x225.jpg\" alt=\"\" width=\"148\" height=\"111\" srcset=\"https:\/\/www.radiopiu.net\/wordpress\/wp-content\/uploads\/2024\/01\/80460362-7f75-4638-a89e-65935d506dc1-300x225.jpg 300w, https:\/\/www.radiopiu.net\/wordpress\/wp-content\/uploads\/2024\/01\/80460362-7f75-4638-a89e-65935d506dc1-1024x768.jpg 1024w, https:\/\/www.radiopiu.net\/wordpress\/wp-content\/uploads\/2024\/01\/80460362-7f75-4638-a89e-65935d506dc1-768x576.jpg 768w, https:\/\/www.radiopiu.net\/wordpress\/wp-content\/uploads\/2024\/01\/80460362-7f75-4638-a89e-65935d506dc1-1536x1152.jpg 1536w, https:\/\/www.radiopiu.net\/wordpress\/wp-content\/uploads\/2024\/01\/80460362-7f75-4638-a89e-65935d506dc1.jpg 1600w\" sizes=\"auto, (max-width: 148px) 100vw, 148px\" \/><\/a>BELLUNO<\/strong> Lo spettacolo dello skicross arriva ad Alleghe: dal 31 gennaio al 3 febbraio si disputer\u00e0 infatti la sesta tappa della Coppa del Mondo di skicross.<\/p>\n<p><strong>DI DANIELE DALVIT<\/strong><\/p>\n<audio class=\"wp-audio-shortcode\" id=\"audio-372509-10\" preload=\"none\" style=\"width: 100%;\" controls=\"controls\"><source type=\"audio\/mpeg\" src=\"https:\/\/www.radiopiu.net\/wordpress\/wp-content\/uploads\/2024\/01\/Radio-Piu-Servizio-Presentazione-skicross-Alleghe.mp3?_=10\" \/><a href=\"https:\/\/www.radiopiu.net\/wordpress\/wp-content\/uploads\/2024\/01\/Radio-Piu-Servizio-Presentazione-skicross-Alleghe.mp3\">https:\/\/www.radiopiu.net\/wordpress\/wp-content\/uploads\/2024\/01\/Radio-Piu-Servizio-Presentazione-skicross-Alleghe.mp3<\/a><\/audio>\n<p>&nbsp;<\/p>\n<hr \/>\n<p>&nbsp;<\/p>\n<div dir=\"auto\">\n<blockquote>\n<h1>Ripresa degli Incontri Settimanali dell&#8217;Universit\u00e0 Adulti\/Anziani a Agordo<\/h1>\n<p><span style=\"color: #0000ff;\">DI LORIS SANTOMASO<\/span><\/p><\/blockquote>\n<div class=\"flex-1 overflow-hidden\">\n<div class=\"react-scroll-to-bottom--css-wdhcf-79elbk h-full\">\n<div class=\"react-scroll-to-bottom--css-wdhcf-1n7m0yu\">\n<div class=\"flex flex-col pb-9 text-sm\">\n<div class=\"w-full text-token-text-primary\" data-testid=\"conversation-turn-45\">\n<div class=\"px-4 py-2 justify-center text-base md:gap-6 m-auto\">\n<div class=\"flex flex-1 text-base mx-auto gap-3 md:px-5 lg:px-1 xl:px-5 md:max-w-3xl lg:max-w-[40rem] xl:max-w-[48rem] group final-completion\">\n<div class=\"relative flex w-full flex-col lg:w-[calc(100%-115px)] agent-turn\">\n<div class=\"flex-col gap-1 md:gap-3\">\n<div class=\"flex flex-grow flex-col max-w-full\">\n<div class=\"min-h-[20px] text-message flex flex-col items-start gap-3 whitespace-pre-wrap break-words [.text-message+&amp;]:mt-5 overflow-x-auto\" data-message-author-role=\"assistant\" data-message-id=\"5b6f76dc-0a16-411c-a951-f81cb37030a9\">\n<div class=\"markdown prose w-full break-words dark:prose-invert dark\">\n<p><strong><a class=\"dt-pswp-item\" href=\"https:\/\/www.radiopiu.net\/wordpress\/wp-content\/uploads\/2024\/01\/AGORDO-Attilio-Costa-direttore-Coro-Val-Biois.jpg\" data-dt-img-description=\"\" data-large_image_width=\"544\" data-large_image_height=\"700\"><img loading=\"lazy\" decoding=\"async\" class=\" wp-image-372280 alignleft\" src=\"https:\/\/www.radiopiu.net\/wordpress\/wp-content\/uploads\/2024\/01\/AGORDO-Attilio-Costa-direttore-Coro-Val-Biois-233x300.jpg\" alt=\"\" width=\"195\" height=\"251\" srcset=\"https:\/\/www.radiopiu.net\/wordpress\/wp-content\/uploads\/2024\/01\/AGORDO-Attilio-Costa-direttore-Coro-Val-Biois-233x300.jpg 233w, https:\/\/www.radiopiu.net\/wordpress\/wp-content\/uploads\/2024\/01\/AGORDO-Attilio-Costa-direttore-Coro-Val-Biois.jpg 544w\" sizes=\"auto, (max-width: 195px) 100vw, 195px\" \/><\/a>AGORDO<\/strong> Gli incontri settimanali del marted\u00ec, organizzati dalla Sezione di Agordo dell\u2019Universit\u00e0 Adulti\/Anziani, riprendono marted\u00ec 6 febbraio dopo la pausa natalizia. L&#8217;attivit\u00e0, attiva dal 1996, ha riscosso grande adesione con oltre 150 corsisti, dimostrando il suo valore culturale e sociale. Il programma del secondo trimestre del 26\u00b0 anno accademico \u00e8 vario e interessante, con argomenti che spaziano dalla cultura musicale all&#8217;arte, passando per temi storici e scientifici. Il Comitato di gestione ringrazia i docenti per il loro contributo e invita tutti a partecipare ai prossimi appuntamenti che si terranno presso la sala don Tamis di via 27 aprile a Agordo, dalle 15 alle 17.<\/p>\n<p><strong>Programma degli Incontri:<\/strong><\/p>\n<ul>\n<li>6 febbraio: Omaggio a Giacomo Puccini (Attilio Costa) e Lettura nella terza et\u00e0: 40 anni del Centro Internazionale del Libro parlato di Feltre (Luisa Alchini)<\/li>\n<li>13 febbraio: Amelia B.Edwards: Viaggio alla scoperta di territori, genti e tradizioni delle Dolomiti (Eleonora Pescosta)<\/li>\n<li>20 febbraio: La peste in Europa: conoscenze, interpretazioni, misteri (Fiorella Candiani) e L\u2019aurora boreale ottava meraviglia del pianeta. Un viaggio virtuale nel suo meccanismo (Ada Grilli)<\/li>\n<li>27 febbraio: Attivit\u00e0 estrattiva e civilt\u00e0 umana (Vittorio Fenti)<\/li>\n<li>5 marzo: \u201cAnche i grandi una volta erano piccoli\u201d. Riflessioni semiserie sui mitici anni \u201960-\u201970 (Gruppo teatrale \u201cNoi che\u201d di Sedico)<\/li>\n<\/ul>\n<p>Gli incontri proseguiranno fino al 30 aprile, con temi affascinanti e approfondimenti su diversi ambiti.<\/p>\n<\/div>\n<\/div>\n<\/div>\n<\/div>\n<\/div>\n<\/div>\n<\/div>\n<\/div>\n<\/div>\n<\/div>\n<\/div>\n<\/div>\n<div class=\"w-full pt-2 md:pt-0 dark:border-white\/20 md:border-transparent md:dark:border-transparent md:w-[calc(100%-.5rem)]\">\n<form class=\"stretch mx-2 flex flex-row gap-3 last:mb-2 md:mx-4 md:last:mb-6 lg:mx-auto lg:max-w-2xl xl:max-w-3xl\">\n<div class=\"relative flex h-full flex-1 items-stretch md:flex-col\">\n<div class=\"flex w-full items-center\"><\/div>\n<\/div>\n<\/form>\n<\/div>\n<\/div>\n<p>&nbsp;<\/p>\n<hr \/>\n<p>&nbsp;<\/p>\n<h2><span style=\"color: #ff6600;\">IERI ALLA RADIO<\/span><\/h2>\n<h2><span style=\"color: #800080;\">LIBER, IL NUOVO PROGRAMMA DI LIANA CAVALLET<\/span><\/h2>\n<p><strong>PUNTATA 21\u00a0 31 GENNAIO 2024 &#8211; MARCO ANNICCHIARICO &#8220;I CURA CARI&#8221;<\/strong><\/p>\n<p><a class=\"dt-pswp-item\" href=\"https:\/\/www.radiopiu.net\/wordpress\/wp-content\/uploads\/2024\/01\/3b23518c-6de7-4e09-815c-fe4d452e4316.jpg\" data-dt-img-description=\"\" data-large_image_width=\"576\" data-large_image_height=\"852\"><img loading=\"lazy\" decoding=\"async\" class=\"size-medium wp-image-372442 aligncenter\" src=\"https:\/\/www.radiopiu.net\/wordpress\/wp-content\/uploads\/2024\/01\/3b23518c-6de7-4e09-815c-fe4d452e4316-203x300.jpg\" alt=\"\" width=\"203\" height=\"300\" srcset=\"https:\/\/www.radiopiu.net\/wordpress\/wp-content\/uploads\/2024\/01\/3b23518c-6de7-4e09-815c-fe4d452e4316-203x300.jpg 203w, https:\/\/www.radiopiu.net\/wordpress\/wp-content\/uploads\/2024\/01\/3b23518c-6de7-4e09-815c-fe4d452e4316.jpg 576w\" sizes=\"auto, (max-width: 203px) 100vw, 203px\" \/><\/a><\/p>\n<audio class=\"wp-audio-shortcode\" id=\"audio-372509-11\" preload=\"none\" style=\"width: 100%;\" controls=\"controls\"><source type=\"audio\/mpeg\" src=\"https:\/\/www.radiopiu.net\/wordpress\/wp-content\/uploads\/2024\/01\/LIANA-5.mp3?_=11\" \/><a href=\"https:\/\/www.radiopiu.net\/wordpress\/wp-content\/uploads\/2024\/01\/LIANA-5.mp3\">https:\/\/www.radiopiu.net\/wordpress\/wp-content\/uploads\/2024\/01\/LIANA-5.mp3<\/a><\/audio>\n<p>&nbsp;<\/p>\n<p><strong>LA RACCOLTA COMPLETA <a href=\"https:\/\/www.radiopiu.net\/wordpress\/liber-il-nuovo-programma-di-liana-cavalet-la-raccolta-2\/\">CLICCA QUI<\/a><\/strong><\/p>\n<p>&nbsp;<\/p>\n<h2><span style=\"color: #008000;\">CISL E FEMCA CISL LA VOCE PER I LAVORATORI<\/span><\/h2>\n<p><a class=\"dt-pswp-item\" href=\"https:\/\/www.radiopiu.net\/wordpress\/wp-content\/uploads\/2022\/01\/th-7.jpg\" data-dt-img-description=\"\" data-large_image_width=\"202\" data-large_image_height=\"202\"><img loading=\"lazy\" decoding=\"async\" class=\" wp-image-253706 alignleft\" src=\"https:\/\/www.radiopiu.net\/wordpress\/wp-content\/uploads\/2022\/01\/th-7.jpg\" alt=\"\" width=\"140\" height=\"140\" srcset=\"https:\/\/www.radiopiu.net\/wordpress\/wp-content\/uploads\/2022\/01\/th-7.jpg 202w, https:\/\/www.radiopiu.net\/wordpress\/wp-content\/uploads\/2022\/01\/th-7-150x150.jpg 150w\" sizes=\"auto, (max-width: 140px) 100vw, 140px\" \/><\/a>31 GENNAIO 2024<\/p>\n<h3>PUNTATA 58, ANTONIO TURCO LUXOTTICA SEDICO<\/h3>\n<audio class=\"wp-audio-shortcode\" id=\"audio-372509-12\" preload=\"none\" style=\"width: 100%;\" controls=\"controls\"><source type=\"audio\/mpeg\" src=\"https:\/\/www.radiopiu.net\/wordpress\/wp-content\/uploads\/2024\/01\/FEMCA-CISL-3.mp3?_=12\" \/><a href=\"https:\/\/www.radiopiu.net\/wordpress\/wp-content\/uploads\/2024\/01\/FEMCA-CISL-3.mp3\">https:\/\/www.radiopiu.net\/wordpress\/wp-content\/uploads\/2024\/01\/FEMCA-CISL-3.mp3<\/a><\/audio>\n<p>&nbsp;<\/p>\n<p><strong>LA RACCOLTA COMPLETA <a href=\"https:\/\/www.radiopiu.net\/wordpress\/cisl-e-femca-cisl-la-vocef\/\">CLICCA QUI<\/a><\/strong><\/p>\n<p>&nbsp;<\/p>\n<h2><span style=\"color: #33cccc;\"><a class=\"dt-pswp-item\" href=\"https:\/\/www.radiopiu.net\/wordpress\/wp-content\/uploads\/2022\/11\/scuola-zaino.jpeg\" data-dt-img-description=\"\" data-large_image_width=\"626\" data-large_image_height=\"417\"><img loading=\"lazy\" decoding=\"async\" class=\" wp-image-306830 alignleft\" src=\"https:\/\/www.radiopiu.net\/wordpress\/wp-content\/uploads\/2022\/11\/scuola-zaino-300x200.jpeg\" alt=\"\" width=\"171\" height=\"114\" srcset=\"https:\/\/www.radiopiu.net\/wordpress\/wp-content\/uploads\/2022\/11\/scuola-zaino-300x200.jpeg 300w, https:\/\/www.radiopiu.net\/wordpress\/wp-content\/uploads\/2022\/11\/scuola-zaino.jpeg 626w\" sizes=\"auto, (max-width: 171px) 100vw, 171px\" \/><\/a>SE NON LA SMETTI TI MANDO DAL PRESIDE<\/span><\/h2>\n<p><strong>DI MIRKO MEZZACASA<\/strong><\/p>\n<p>CON MARIA ROSA SALMAZO<\/p>\n<audio class=\"wp-audio-shortcode\" id=\"audio-372509-13\" preload=\"none\" style=\"width: 100%;\" controls=\"controls\"><source type=\"audio\/mpeg\" src=\"https:\/\/www.radiopiu.net\/wordpress\/wp-content\/uploads\/2024\/01\/PRESIDE-1.mp3?_=13\" \/><a href=\"https:\/\/www.radiopiu.net\/wordpress\/wp-content\/uploads\/2024\/01\/PRESIDE-1.mp3\">https:\/\/www.radiopiu.net\/wordpress\/wp-content\/uploads\/2024\/01\/PRESIDE-1.mp3<\/a><\/audio>\n<p>&nbsp;<\/p>\n<h2><span style=\"color: #993300;\">SPECIALE IL FAGIOLO A CELAT DI SAN TOMASO, ORTI RUPESTRI<\/span><\/h2>\n<p><strong><a class=\"dt-pswp-item\" href=\"https:\/\/www.radiopiu.net\/wordpress\/wp-content\/uploads\/2024\/01\/Intervento-del-senatore-Luca-De-Carlo.jpg\" data-dt-img-description=\"\" data-large_image_width=\"2560\" data-large_image_height=\"1920\"><img loading=\"lazy\" decoding=\"async\" class=\" wp-image-372014 alignleft\" src=\"https:\/\/www.radiopiu.net\/wordpress\/wp-content\/uploads\/2024\/01\/Intervento-del-senatore-Luca-De-Carlo-300x225.jpg\" alt=\"\" width=\"143\" height=\"107\" srcset=\"https:\/\/www.radiopiu.net\/wordpress\/wp-content\/uploads\/2024\/01\/Intervento-del-senatore-Luca-De-Carlo-300x225.jpg 300w, https:\/\/www.radiopiu.net\/wordpress\/wp-content\/uploads\/2024\/01\/Intervento-del-senatore-Luca-De-Carlo-1024x768.jpg 1024w, https:\/\/www.radiopiu.net\/wordpress\/wp-content\/uploads\/2024\/01\/Intervento-del-senatore-Luca-De-Carlo-768x576.jpg 768w, https:\/\/www.radiopiu.net\/wordpress\/wp-content\/uploads\/2024\/01\/Intervento-del-senatore-Luca-De-Carlo-1536x1152.jpg 1536w, https:\/\/www.radiopiu.net\/wordpress\/wp-content\/uploads\/2024\/01\/Intervento-del-senatore-Luca-De-Carlo-2048x1536.jpg 2048w\" sizes=\"auto, (max-width: 143px) 100vw, 143px\" \/><\/a>DI MIRKO MEZZACASA<\/strong><\/p>\n<p>CON RENATO DA RONCH<\/p>\n<audio class=\"wp-audio-shortcode\" id=\"audio-372509-14\" preload=\"none\" style=\"width: 100%;\" controls=\"controls\"><source type=\"audio\/mpeg\" src=\"https:\/\/www.radiopiu.net\/wordpress\/wp-content\/uploads\/2024\/01\/FAGIOLO-RENATO-DA-RONCH.mp3?_=14\" \/><a href=\"https:\/\/www.radiopiu.net\/wordpress\/wp-content\/uploads\/2024\/01\/FAGIOLO-RENATO-DA-RONCH.mp3\">https:\/\/www.radiopiu.net\/wordpress\/wp-content\/uploads\/2024\/01\/FAGIOLO-RENATO-DA-RONCH.mp3<\/a><\/audio>\n<p>&nbsp;<\/p>\n<hr \/>\n<p>&nbsp;<\/p>\n<blockquote>\n<h3>ARIA D&#8217;INVERN, IL CONCORSO FOTOGRAFICO<\/h3>\n<\/blockquote>\n<p><strong><img loading=\"lazy\" decoding=\"async\" class=\"alignleft\" src=\"https:\/\/www.radiopiu.net\/wordpress\/wp-content\/uploads\/2024\/01\/Senza-nome-41.png\" width=\"147\" height=\"79\" \/>CENCENIGHE<\/strong> La Pro Loco di Cencenighe ha organizzato un concorso fotografico dal titolo &#8220;Aria D&#8217;Invern&#8221;. Chi volesse partecipare pu\u00f2 inviare gli scatti fino al 31 marzo alla mail ariadinvern@gmail.com seguiranno le premiazioni e, nel mese di luglio, l&#8217;esposizione delle foto al Nof Fil\u00f2. Regolamento completo sul sito www.prolococencenighe.it<\/p>\n<p>&nbsp;<\/p>\n<p>&nbsp;<\/p>\n<p>&nbsp;<\/p>\n<hr \/>\n<p>&nbsp;<\/p>\n<blockquote>\n<h2>LE PISTE&#8230; SULLA PORTA DI CASA<\/h2>\n<\/blockquote>\n<div>\n<div class=\"x1cy8zhl x78zum5 x1q0g3np xod5an3 x1pi30zi x1swvt13 xz9dl7a\">\n<div class=\"x1iyjqo2\">\n<div class=\"x78zum5 xdt5ytf xz62fqu x16ldp7u\">\n<div class=\"xu06os2 x1ok221b\">\n<h2 id=\":R1al9aqqd9emhpapd5aq:\" class=\"x1heor9g x1qlqyl8 x1pd3egz x1a2a7pz x1gslohp x1yc453h\"><span class=\"x193iq5w xeuugli x13faqbe x1vvkbs x1xmvt09 x6prxxf xvq8zen xo1l8bm xi81zsa\"><strong><a class=\"dt-pswp-item\" href=\"https:\/\/www.radiopiu.net\/wordpress\/wp-content\/uploads\/2021\/11\/FORCELLA-AURINE.jpg\" data-dt-img-description=\"\" data-large_image_width=\"960\" data-large_image_height=\"720\"><img loading=\"lazy\" decoding=\"async\" class=\" wp-image-241538 alignleft\" src=\"https:\/\/www.radiopiu.net\/wordpress\/wp-content\/uploads\/2021\/11\/FORCELLA-AURINE-300x225.jpg\" alt=\"\" width=\"191\" height=\"143\" srcset=\"https:\/\/www.radiopiu.net\/wordpress\/wp-content\/uploads\/2021\/11\/FORCELLA-AURINE-300x225.jpg 300w, https:\/\/www.radiopiu.net\/wordpress\/wp-content\/uploads\/2021\/11\/FORCELLA-AURINE-768x576.jpg 768w, https:\/\/www.radiopiu.net\/wordpress\/wp-content\/uploads\/2021\/11\/FORCELLA-AURINE.jpg 960w\" sizes=\"auto, (max-width: 191px) 100vw, 191px\" \/><\/a>Aurine SKI Dolomiti -Progetto Desma <\/strong><\/span><strong><a class=\"x1i10hfl xjbqb8w x6umtig x1b1mbwd xaqea5y xav7gou x9f619 x1ypdohk xt0psk2 xe8uvvx xdj266r x11i5rnm xat24cr x1mh8g0r xexx8yu x4uap5 x18d9i69 xkhd6sd x16tdsg8 x1hl2dhg xggy1nq x1a2a7pz xt0b8zv xzsf02u x1s688f\" tabindex=\"0\" role=\"link\" href=\"https:\/\/www.facebook.com\/aurineskidolomiti?__cft__[0]=AZXSmHr83SUuJT0u4kVMSvLZyFo58012vDZQz2S9NoUpe9MsUBxfpeLpjB-1OoVs-G6CFBOMyk-HwUGAJFyotDcmMB8tqVOt4ppZp7H1Nhm_9AbxGcAKPdaj0NRByIDsgxLcHrLDuU1XYg3AAgvwT-9s&amp;__tn__=-]C%2CP-R\"><span class=\"xt0psk2\">&#8211;<\/span><\/a><\/strong>.<\/h2>\n<\/div>\n<div class=\"xu06os2 x1ok221b\">NUOVE APERTURE E NUOVI ORARI: &#8211; LUNEDI : Chiuso &#8211; MARTEDI : Chiuso &#8211; MERCOLEDI : 13:00-16:30 \/ 19:30-22:00 &#8211; GIOVEDI : 13:00-16:30 &#8211; VENERDI : 13:00-16:30 &#8211; SABATO : 9:00 &#8211; 16.30 &#8211; DOMENICA : 9:00 &#8211; 16.30 AD OGGI LA SITUAZIONE PISTE: &#8211; CAMPO SCUOLA <span class=\"x3nfvp2 x1j61x8r x1fcty0u xdj266r xhhsvwb xat24cr xgzva0m xxymvpz xlup9mm x1kky2od\"><img loading=\"lazy\" decoding=\"async\" class=\"xz74otr\" src=\"https:\/\/static.xx.fbcdn.net\/images\/emoji.php\/v9\/t55\/1.5\/16\/1f7e2.png\" alt=\"&#x1f7e2;\" width=\"16\" height=\"16\" \/><\/span><\/div>\n<\/div>\n<\/div>\n<\/div>\n<\/div>\n<div>\n<div class=\"\" dir=\"auto\">\n<div id=\":R1al9aqqd9emhpapd5aqH2:\" class=\"x1iorvi4 x1pi30zi x1l90r2v x1swvt13\" data-ad-comet-preview=\"message\" data-ad-preview=\"message\">\n<div class=\"x78zum5 xdt5ytf xz62fqu x16ldp7u\">\n<div class=\"xu06os2 x1ok221b\">\n<div class=\"x11i5rnm xat24cr x1mh8g0r x1vvkbs xtlvy1s x126k92a\">\n<div dir=\"auto\">&#8211; GARDELINA <span class=\"x3nfvp2 x1j61x8r x1fcty0u xdj266r xhhsvwb xat24cr xgzva0m xxymvpz xlup9mm x1kky2od\"><img loading=\"lazy\" decoding=\"async\" class=\"xz74otr\" src=\"https:\/\/static.xx.fbcdn.net\/images\/emoji.php\/v9\/t55\/1.5\/16\/1f7e2.png\" alt=\"&#x1f7e2;\" width=\"16\" height=\"16\" \/><\/span>&#8211; BEPI <span class=\"x3nfvp2 x1j61x8r x1fcty0u xdj266r xhhsvwb xat24cr xgzva0m xxymvpz xlup9mm x1kky2od\"><img loading=\"lazy\" decoding=\"async\" class=\"xz74otr\" src=\"https:\/\/static.xx.fbcdn.net\/images\/emoji.php\/v9\/t55\/1.5\/16\/1f7e2.png\" alt=\"&#x1f7e2;\" width=\"16\" height=\"16\" \/><\/span>&#8211; GEMINI <span class=\"x3nfvp2 x1j61x8r x1fcty0u xdj266r xhhsvwb xat24cr xgzva0m xxymvpz xlup9mm x1kky2od\"><img loading=\"lazy\" decoding=\"async\" class=\"xz74otr\" src=\"https:\/\/static.xx.fbcdn.net\/images\/emoji.php\/v9\/tc7\/1.5\/16\/1f534.png\" alt=\"&#x1f534;\" width=\"16\" height=\"16\" \/><\/span>Se le temperature ce lo permetteranno in pochi giorni sar\u00e0 completata anche la parte alta con l&#8217;apertura della sciovia Gardelon. RISTOBAR GHEGY<\/div>\n<\/div>\n<div class=\"x11i5rnm xat24cr x1mh8g0r x1vvkbs xtlvy1s x126k92a\">\n<div dir=\"auto\">&#8211; Dal Mercoled\u00ec al Venerd\u00ec aperto dall&#8217;ora di pranzo. &#8211; Mercoled\u00ec sera anche a cena con i panini GOURMET. &#8211; Sabato e Domenica 8:30 &#8211; 18.30.<\/div>\n<\/div>\n<\/div>\n<\/div>\n<\/div>\n<\/div>\n<\/div>\n<div dir=\"auto\"><\/div>\n<div dir=\"auto\"><\/div>\n<div dir=\"auto\"><\/div>\n<div dir=\"auto\"><\/div>\n<div dir=\"auto\">\n<hr \/>\n<\/div>\n<blockquote>\n<h3 dir=\"auto\">SAN VALENTINO IN ALTA QUOTA<\/h3>\n<\/blockquote>\n<div dir=\"auto\"><\/div>\n<div dir=\"auto\"><a class=\"dt-pswp-item\" href=\"https:\/\/www.radiopiu.net\/wordpress\/wp-content\/uploads\/2022\/12\/Marmolada_sci-scaled.jpg\" data-dt-img-description=\"\" data-large_image_width=\"2560\" data-large_image_height=\"1440\"><img loading=\"lazy\" decoding=\"async\" class=\"wp-image-312435 alignleft\" src=\"https:\/\/www.radiopiu.net\/wordpress\/wp-content\/uploads\/2022\/12\/Marmolada_sci-300x169.jpg\" alt=\"\" width=\"170\" height=\"96\" srcset=\"https:\/\/www.radiopiu.net\/wordpress\/wp-content\/uploads\/2022\/12\/Marmolada_sci-300x169.jpg 300w, https:\/\/www.radiopiu.net\/wordpress\/wp-content\/uploads\/2022\/12\/Marmolada_sci-1024x576.jpg 1024w, https:\/\/www.radiopiu.net\/wordpress\/wp-content\/uploads\/2022\/12\/Marmolada_sci-768x432.jpg 768w, https:\/\/www.radiopiu.net\/wordpress\/wp-content\/uploads\/2022\/12\/Marmolada_sci-1536x864.jpg 1536w, https:\/\/www.radiopiu.net\/wordpress\/wp-content\/uploads\/2022\/12\/Marmolada_sci-2048x1152.jpg 2048w\" sizes=\"auto, (max-width: 170px) 100vw, 170px\" \/><\/a>San Valentino, unico, speciale, con la tua anima gemella sulla montagna pi\u00f9 alta delle dolomiti. Con Funivie Marmolada ammiri il tramonto sulla terrazza panoramica a 3.265 metri&#8230;immagina l&#8217;atmosfera. Sullo sfondo del romantico appuntamento la vista unica, a 360\u00b0 gradi. Rinfresco al rifugio Serauta. Informazioni 334 6794461. www.funiviemarmolada.com<\/div>\n<div dir=\"auto\"><\/div>\n<div dir=\"auto\"><\/div>\n<div dir=\"auto\"><\/div>\n<div dir=\"auto\">\n<hr \/>\n<\/div>\n<p>&nbsp;<\/p>\n<blockquote>\n<h3><a class=\"dt-pswp-item\" href=\"https:\/\/www.radiopiu.net\/wordpress\/wp-content\/uploads\/2023\/02\/CASPARETHA-2023-scaled.jpg\" data-dt-img-description=\"\" data-large_image_width=\"2560\" data-large_image_height=\"1918\"><img loading=\"lazy\" decoding=\"async\" class=\" wp-image-320590 alignleft\" src=\"https:\/\/www.radiopiu.net\/wordpress\/wp-content\/uploads\/2023\/02\/CASPARETHA-2023-300x225.jpg\" alt=\"\" width=\"195\" height=\"146\" srcset=\"https:\/\/www.radiopiu.net\/wordpress\/wp-content\/uploads\/2023\/02\/CASPARETHA-2023-300x225.jpg 300w, https:\/\/www.radiopiu.net\/wordpress\/wp-content\/uploads\/2023\/02\/CASPARETHA-2023-1024x767.jpg 1024w, https:\/\/www.radiopiu.net\/wordpress\/wp-content\/uploads\/2023\/02\/CASPARETHA-2023-768x575.jpg 768w, https:\/\/www.radiopiu.net\/wordpress\/wp-content\/uploads\/2023\/02\/CASPARETHA-2023-1536x1151.jpg 1536w, https:\/\/www.radiopiu.net\/wordpress\/wp-content\/uploads\/2023\/02\/CASPARETHA-2023-2048x1534.jpg 2048w\" sizes=\"auto, (max-width: 195px) 100vw, 195px\" \/><\/a>CASPARETHA 2024 POSTICIPATA AL 17 FEBBRAIO<\/h3>\n<\/blockquote>\n<p><strong>REDAZIONE<\/strong> Gli organizzatori della Casparetha di Canale D&#8217;Agordo informano che la manifestazione, inizialmente in programma per sabato 3 febbraio, \u00e8 stata posticipata a Sabato 17 febbraio a causa della poca neve caduta nell&#8217;ultimo periodo. La data di apertura delle iscrizioni slitta al 3 febbraio. Segurianno degli aggiornamenti nei prossii giorni in base alle previsioni meteo.<\/p>\n<p><span style=\"color: #ff0000;\"><strong>L&#8217;INTERVISTA A RADIO PIU&#8217;<\/strong><\/span><\/p>\n<p><strong>DI MIRKO MEZZACASA<\/strong><\/p>\n<p>OSPITI: Emil Tancon e Mirco Tancon<\/p>\n<audio class=\"wp-audio-shortcode\" id=\"audio-372509-15\" preload=\"none\" style=\"width: 100%;\" controls=\"controls\"><source type=\"audio\/mpeg\" src=\"https:\/\/www.radiopiu.net\/wordpress\/wp-content\/uploads\/2024\/01\/mirco-emil-casparetha-1.mp3?_=15\" \/><a href=\"https:\/\/www.radiopiu.net\/wordpress\/wp-content\/uploads\/2024\/01\/mirco-emil-casparetha-1.mp3\">https:\/\/www.radiopiu.net\/wordpress\/wp-content\/uploads\/2024\/01\/mirco-emil-casparetha-1.mp3<\/a><\/audio>\n<p>&nbsp;<\/p>\n<p>&nbsp;<\/p>\n<hr \/>\n<p>&nbsp;<\/p>\n<p><strong>\u201cAppia Servizi Srl, presso la propria sede di Agordo, \u00e8 alla ricerca di una nuova figura con esperienza per il reparto contabile da inserire nel proprio organico a tempo indeterminato e tempo pieno.Se interessati potete contattare il numero 0437-954411 o inviare la vostra candidatura all\u2019indirizzo <a href=\"mailto:info@appiacna.it\">info@appiacna.it<\/a>.\u201d<\/strong><\/p>\n<p>&nbsp;<\/p>\n<hr \/>\n<p>&nbsp;<\/p>\n<h2><span style=\"color: #ff0000;\">GLI APPUNTAMENTI DELLA SETTIMANA\u00a0<\/span><\/h2>\n<p><strong>BELLUNO<\/strong> Oggii alle ore 17.00 nel Salone di Palazzo Fulcis, verr\u00e0 presentato il libro antologico di Elserino Piol \u201cIl sogno di un\u2019impresa. Dall\u2019Olivetti al venture capital: una vita nell\u2019information technology\u201d<\/p>\n<p><strong>BELLUNO <\/strong>Dopo il successo di Fashion Victims, oggi alle ore 21:00 torna la stagione Gioved\u00ec Giovani H21 con \u201cR+G Liberamente ispirato a Romeo e Giulietta di William Shakespeare\u201d \u2013 lavoro con la regia di Stefano Cordella e la drammaturgia di Tommaso Fermariello prodotto da Teatro Stabile del Veneto e finalista premio IN-BOX BLU 2023. Uno spettacolo che \u00e8 anche un concerto live di musica elettronica, un ibrido tra teatro e musica.<\/p>\n<p><strong>BELLUNO <\/strong>Appuntamento con I Grandi incontri dell\u2019Associazione Liberal Belluno presieduta da Rosalba Schenal. Sabato 3 febbraio 2024 alle ore 17,30 nella sala Teatro del Centro Congressi Giovanni 23mo di Belluno in piazza Piloni, si terr\u00e0 la conferenza con proiezioni di immagini e filmati dal titolo: \u201cUn mondo di guerre\u201d.\u00a0 Relatore dell\u2019incontro: Fausto Biloslavo, giornalista, scrittore e inviato di guerra. Conduce:Franco Tosolini,\u00a0ricercatore storico<\/p>\n<p><strong>BELLUNO<\/strong> Dopo il sold-out de \u201cI BRUTTI ANATROCCOLI\u201d, per il quarto appuntamento di COMINCIO DAI 3 \u2013 FAMIGLIE A TEATRO Domenica 4 febbraio alle ore 17.00 al Teatro Comunale Dino Buzzati di Belluno andr\u00e0 in scena \u201cCHE NOTTE RAGAZZI!\u201d della Compagnia Teatro al Quadrato.<\/p>\n<p>&nbsp;<\/p>\n<h2><span style=\"color: #ff0000;\">PROSSIMAMENTE\u00a0<\/span><\/h2>\n<p><a class=\"dt-pswp-item\" href=\"https:\/\/www.radiopiu.net\/wordpress\/wp-content\/uploads\/2024\/01\/Carnevale-2024-def.png\" data-dt-img-description=\"\" data-large_image_width=\"1414\" data-large_image_height=\"2000\"><img loading=\"lazy\" decoding=\"async\" class=\"size-medium wp-image-372256 aligncenter\" src=\"https:\/\/www.radiopiu.net\/wordpress\/wp-content\/uploads\/2024\/01\/Carnevale-2024-def-212x300.png\" alt=\"\" width=\"212\" height=\"300\" srcset=\"https:\/\/www.radiopiu.net\/wordpress\/wp-content\/uploads\/2024\/01\/Carnevale-2024-def-212x300.png 212w, https:\/\/www.radiopiu.net\/wordpress\/wp-content\/uploads\/2024\/01\/Carnevale-2024-def-724x1024.png 724w, https:\/\/www.radiopiu.net\/wordpress\/wp-content\/uploads\/2024\/01\/Carnevale-2024-def-768x1086.png 768w, https:\/\/www.radiopiu.net\/wordpress\/wp-content\/uploads\/2024\/01\/Carnevale-2024-def-1086x1536.png 1086w, https:\/\/www.radiopiu.net\/wordpress\/wp-content\/uploads\/2024\/01\/Carnevale-2024-def.png 1414w\" sizes=\"auto, (max-width: 212px) 100vw, 212px\" \/><\/a><\/p>\n<p>&nbsp;<\/p>\n<p><strong>FELTRE<\/strong> La Famiglia Ex Emigranti del Feltrino organizza la gita alla fiera &#8220;Orto Giardino&#8221; a Pordenonefiere il 6 marzo. La partenza \u00e8 alle 13 da Pedavena, con passaggio a Feltre. Il programma include l&#8217;ingresso alla fiera e una tappa in pizzeria durante il rientro. Per informazioni 40 262 9562.<\/p>\n<p><strong>TAIBON<\/strong> Pro Loco e comune di Taibon organizzano il Carneval Dei Boce. Ritrovo in piazza del municipio alle 14, sfilata verso la casa di riposo e rientro per le 16 per la festa in sala ex municipio<\/p>\n<p>&nbsp;<\/p>\n<p>&nbsp;<\/p>\n<hr \/>\n<p>&nbsp;<\/p>\n<p><a class=\"dt-pswp-item\" href=\"https:\/\/www.radiopiu.net\/wordpress\/wp-content\/uploads\/2018\/09\/viabilita.jpeg\" data-dt-img-description=\"\" data-large_image_width=\"800\" data-large_image_height=\"100\"><img loading=\"lazy\" decoding=\"async\" class=\"aligncenter wp-image-61954 size-full\" src=\"https:\/\/www.radiopiu.net\/wordpress\/wp-content\/uploads\/2018\/09\/viabilita.jpeg\" alt=\"\" width=\"800\" height=\"100\" srcset=\"https:\/\/www.radiopiu.net\/wordpress\/wp-content\/uploads\/2018\/09\/viabilita.jpeg 800w, https:\/\/www.radiopiu.net\/wordpress\/wp-content\/uploads\/2018\/09\/viabilita-300x38.jpeg 300w, https:\/\/www.radiopiu.net\/wordpress\/wp-content\/uploads\/2018\/09\/viabilita-768x96.jpeg 768w\" sizes=\"auto, (max-width: 800px) 100vw, 800px\" \/><\/a><\/p>\n<p>&nbsp;<\/p>\n<p><a class=\"dt-pswp-item\" href=\"https:\/\/www.radiopiu.net\/wordpress\/wp-content\/uploads\/2023\/12\/botol-car-service.jpg\" data-dt-img-description=\"\" data-large_image_width=\"600\" data-large_image_height=\"600\"><img loading=\"lazy\" decoding=\"async\" class=\"size-medium wp-image-367044 aligncenter\" src=\"https:\/\/www.radiopiu.net\/wordpress\/wp-content\/uploads\/2023\/12\/botol-car-service-300x300.jpg\" alt=\"\" width=\"300\" height=\"300\" srcset=\"https:\/\/www.radiopiu.net\/wordpress\/wp-content\/uploads\/2023\/12\/botol-car-service-300x300.jpg 300w, https:\/\/www.radiopiu.net\/wordpress\/wp-content\/uploads\/2023\/12\/botol-car-service-150x150.jpg 150w, https:\/\/www.radiopiu.net\/wordpress\/wp-content\/uploads\/2023\/12\/botol-car-service.jpg 600w\" sizes=\"auto, (max-width: 300px) 100vw, 300px\" \/><\/a><\/p>\n<p>&nbsp;<\/p>\n<blockquote>\n<h1><span style=\"color: #ff0000;\"><a class=\"dt-pswp-item\" href=\"https:\/\/www.radiopiu.net\/wordpress\/wp-content\/uploads\/2020\/05\/VENETO-STRADE.png\" data-dt-img-description=\"\" data-large_image_width=\"400\" data-large_image_height=\"400\"><img loading=\"lazy\" decoding=\"async\" class=\"wp-image-135574 alignleft\" src=\"https:\/\/www.radiopiu.net\/wordpress\/wp-content\/uploads\/2020\/05\/VENETO-STRADE-300x300.png\" alt=\"\" width=\"102\" height=\"102\" srcset=\"https:\/\/www.radiopiu.net\/wordpress\/wp-content\/uploads\/2020\/05\/VENETO-STRADE-300x300.png 300w, https:\/\/www.radiopiu.net\/wordpress\/wp-content\/uploads\/2020\/05\/VENETO-STRADE-150x150.png 150w, https:\/\/www.radiopiu.net\/wordpress\/wp-content\/uploads\/2020\/05\/VENETO-STRADE.png 400w\" sizes=\"auto, (max-width: 102px) 100vw, 102px\" \/><\/a>AGGIORNAMENTO QUOTIDIANO, IN\u00a0 COLLABORAZIONE CON VENETO STRADE E BOTOL CAR SERVICE AD AGORDO IN LOCALITA&#8217; VALCOZZENA.<\/span><\/h1>\n<p>&nbsp;<\/p><\/blockquote>\n<p><strong>SOSPIROLO\u00a0<\/strong> Lungo la provinciale 2 tra Pian Falcina e Gena Bassa in Comune di Sospirolo\u00a0 <span style=\"color: #ff0000;\">fino al 15 febbraio,<\/span> sabato e domeniche compresi, senso unico alternato regolato da semaforo o movieri, interruzioni alla viabilit\u00e0 fino a 10 minuti per tratti di 200 metri.<\/p>\n<p><span style=\"color: #0000ff;\"><strong>BOLLETTINO VIABILITA&#8217; AGGIORNATO AL 23 GENNAIO 2024<\/strong><\/span><\/p>\n<audio class=\"wp-audio-shortcode\" id=\"audio-372509-16\" preload=\"none\" style=\"width: 100%;\" controls=\"controls\"><source type=\"audio\/mpeg\" src=\"https:\/\/www.radiopiu.net\/wordpress\/wp-content\/uploads\/2024\/01\/VIABLITA-2.mp3?_=16\" \/><a href=\"https:\/\/www.radiopiu.net\/wordpress\/wp-content\/uploads\/2024\/01\/VIABLITA-2.mp3\">https:\/\/www.radiopiu.net\/wordpress\/wp-content\/uploads\/2024\/01\/VIABLITA-2.mp3<\/a><\/audio>\n<p>&nbsp;<\/p>\n<p>&nbsp;<\/p>\n<hr \/>\n<p>&nbsp;<\/p>\n<p>&nbsp;<\/p>\n<p><a class=\"dt-pswp-item\" href=\"https:\/\/www.radiopiu.net\/wordpress\/wp-content\/uploads\/2018\/09\/WhatsApp-Image-2018-09-20-at-16.04.06.jpeg\" data-dt-img-description=\"\" data-large_image_width=\"800\" data-large_image_height=\"100\"><img loading=\"lazy\" decoding=\"async\" class=\"wp-image-61378 size-full aligncenter\" src=\"https:\/\/www.radiopiu.net\/wordpress\/wp-content\/uploads\/2018\/09\/WhatsApp-Image-2018-09-20-at-16.04.06.jpeg\" alt=\"\" width=\"800\" height=\"100\" srcset=\"https:\/\/www.radiopiu.net\/wordpress\/wp-content\/uploads\/2018\/09\/WhatsApp-Image-2018-09-20-at-16.04.06.jpeg 800w, https:\/\/www.radiopiu.net\/wordpress\/wp-content\/uploads\/2018\/09\/WhatsApp-Image-2018-09-20-at-16.04.06-300x38.jpeg 300w, https:\/\/www.radiopiu.net\/wordpress\/wp-content\/uploads\/2018\/09\/WhatsApp-Image-2018-09-20-at-16.04.06-768x96.jpeg 768w\" sizes=\"auto, (max-width: 800px) 100vw, 800px\" \/><\/a><\/p>\n<p><center><\/center><b>\u00a0 \u00a0\u00a0<\/b><\/p>\n<p>&nbsp;<\/p>\n<p style=\"text-align: center;\"><strong>OGGI<\/strong><\/p>\n<p>\u00a0Cielo da nuvoloso a coperto per estese nubi medie e medio-alte stratiformi in transito tra il primo mattino e met\u00e0 pomeriggio, prima che il cielo si rassereni del tutto a partire dalle Dolomiti, successivamente anche sulle Prealpi.<br \/>\n<strong>Precipitazioni.<\/strong> Assenti, anche se un po&#8217; di neve burrascosa potr\u00e0 cadere tra la tarda mattinata e il primo pomeriggio sulle cime dolomitiche\u00a0 magari con qualche fiocco otre i 1600-1700 m nei settori pi\u00f9 settentrionali. Non ci saranno apporti, solo tracce di neve fresca.<br \/>\n<strong>Temperature.<\/strong> In quota in generale flessione, pi\u00f9 marcata per le minime che saranno osservate alla sera. Nelle valli minime stazionarie e probabile leggera diminuzione delle massime, salvo locali aumenti per Foehn.<\/p>\n<p style=\"text-align: center;\"><b>DOMANI <\/b><\/p>\n<p>Al mattino cielo poco nuvoloso per sottili nubi alte in grado di velare il cielo. Tali velature tenderanno a diradarsi lasciando sempre pi\u00f9 spazio al cielo sempre pi\u00f9 sereno.<br \/>\n<strong>Precipitazioni.<\/strong> Assenti<br \/>\n<strong>Temperature.<\/strong> Sotto i 2200-2400 m in ulteriore lieve diminuzione, eccetto i settori interessati dalle condizioni di Foehn, dove l&#8217;andamento termico sar\u00e0 assai irregolare. Sopra tali quote saranno in generale leggera ripresa.<\/p>\n<p style=\"text-align: center;\"><b>SABATO <\/b><\/p>\n<p>Tempo stabile con sole e cielo sereno o al pi\u00f9 poco nuvoloso per qualche velatura. Temperature in graduale aumento, assai marcato per quanto riguarda le massime, specie in quota , mentre ci sar\u00e0 di nuovo inversione termica nelle valli durante le ore pi\u00f9 fredde, tutto il giorno nelle valli in ombra.<\/p>\n<p style=\"text-align: center;\"><strong>DOMENICA<\/strong><\/p>\n<p>Tempo stabile con sole e cielo sereno o al pi\u00f9 poco nuvoloso per qualche velatura. Temperature senza notevoli variazioni rispetto a sabato.<\/p>\n<p>&nbsp;<\/p>\n<p>&nbsp;<\/p>\n<blockquote>\n<h3>NEVE SOTTO LA MEDIA STAGIONALE IN TUTTE LE LOCALITA&#8217;<\/h3>\n<\/blockquote>\n<p><strong>REDAZIONE<\/strong> Il Centro Valanghe ARPAV di Arabba chiude il mese di gennaio con il bollettino che confronta la sommatoria di neve fresca da ottobre ad oggi confrontando i valori con quelli degli anni scorso. Dal documento si evince che questo inverno la sommatoria \u00e8 sotto la media in tutte le localit\u00e0.<\/p>\n<p><strong>IL BOLLETTINO DI ARPAV<\/strong><\/p>\n<a href=\"https:\/\/www.radiopiu.net\/wordpress\/wp-content\/uploads\/2024\/01\/2024_01_31_Dolomiti-_NEVE_Sommatoria-Hn.pdf\" class=\"pdfemb-viewer\" style=\"\" data-width=\"max\" data-height=\"max\" data-toolbar=\"top\" data-toolbar-fixed=\"on\">2024_01_31_Dolomiti _NEVE_Sommatoria Hn<\/a>\n<p>&nbsp;<\/p>\n<p>&nbsp;<\/p>\n<hr \/>\n<p>&nbsp;<\/p>\n<p>&nbsp;<\/p>\n<p><img loading=\"lazy\" decoding=\"async\" class=\"wp-image-60761 size-full aligncenter\" src=\"https:\/\/www.radiopiu.net\/wordpress\/wp-content\/uploads\/2018\/09\/sport.jpg\" alt=\"\" width=\"800\" height=\"100\" srcset=\"https:\/\/www.radiopiu.net\/wordpress\/wp-content\/uploads\/2018\/09\/sport.jpg 800w, https:\/\/www.radiopiu.net\/wordpress\/wp-content\/uploads\/2018\/09\/sport-300x38.jpg 300w, https:\/\/www.radiopiu.net\/wordpress\/wp-content\/uploads\/2018\/09\/sport-768x96.jpg 768w\" sizes=\"auto, (max-width: 800px) 100vw, 800px\" \/><\/p>\n<p>&nbsp;<\/p>\n<p>&nbsp;<\/p>\n<blockquote>\n<h3><a class=\"dt-pswp-item\" href=\"https:\/\/www.radiopiu.net\/wordpress\/wp-content\/uploads\/2024\/01\/WhatsApp-Image-2024-01-30-at-12.44.20.jpeg\" data-dt-img-description=\"\" data-large_image_width=\"1200\" data-large_image_height=\"1600\"><img loading=\"lazy\" decoding=\"async\" class=\" wp-image-372391 alignleft\" src=\"https:\/\/www.radiopiu.net\/wordpress\/wp-content\/uploads\/2024\/01\/WhatsApp-Image-2024-01-30-at-12.44.20-225x300.jpeg\" alt=\"\" width=\"168\" height=\"224\" srcset=\"https:\/\/www.radiopiu.net\/wordpress\/wp-content\/uploads\/2024\/01\/WhatsApp-Image-2024-01-30-at-12.44.20-225x300.jpeg 225w, https:\/\/www.radiopiu.net\/wordpress\/wp-content\/uploads\/2024\/01\/WhatsApp-Image-2024-01-30-at-12.44.20-768x1024.jpeg 768w, https:\/\/www.radiopiu.net\/wordpress\/wp-content\/uploads\/2024\/01\/WhatsApp-Image-2024-01-30-at-12.44.20-1152x1536.jpeg 1152w, https:\/\/www.radiopiu.net\/wordpress\/wp-content\/uploads\/2024\/01\/WhatsApp-Image-2024-01-30-at-12.44.20.jpeg 1200w\" sizes=\"auto, (max-width: 168px) 100vw, 168px\" \/><\/a>\u00a0COPPA DEL MONDO DI SKI CROSS AD ALLEGHE, DA OGGI A SABATO SOLO SPETTACOLO<\/h3>\n<\/blockquote>\n<p><strong>Le gare\u00a0 domani e sabato.\u00a0<\/strong><\/p>\n<p><strong>ALLEGHE<\/strong>\u00a0 Ieri: due gli azzurri qualificati, il bergamasco Federico Tomasoni, che ha chiuso la sua prova in 53.55, e l&#8217;altoatesino Dominik Zuech con il tempo di 53.84. Non hanno invece centrato la qualificazione gli altri tre azzurri in gara: Edoardo Zorzi, 35\u00b0 con 53.98, Yanick Gunsch 37\u00b0 con 54.07 e Davide Cazzaniga 42\u00b0 con 54.20. In campo femminile la lotta si prospetta pi\u00f9 accesa che mai, con la transalpina Berger Sabbatel che con il primo tempo di qualificazione ottenuto ieri fa &#8220;tremare&#8221; le colleghe, in particolare l&#8217;attuale leader della generale Hannah Schmidt (Canada).<\/p>\n<p>Per arrivare alla pista (anche senza sci) \u00e8 possibile salire in cabinovia fino ai Piani di Pezz\u00e8 e poi fino a Col dei Baldi. La pista \u00e8 stata attrezzataa pochissimi metri dall&#8217;arrivo dell&#8217;impianto, quindi scendendo un po&#8217; \u00e8 possibile vedere le spettacolari evoluzioni dei migliori atleti del mondo.<\/p>\n<p><span style=\"color: #ff0000;\"><strong>foto DIEGO RIVA<\/strong><\/span><\/p>\n<div class=\"articlePlainText\"><\/div>\n<blockquote>\n<h2>DOMENICA A COLMEAN&#8230;<\/h2>\n<\/blockquote>\n<div class=\"articlePlainText\">Tanti partecipanti, tanto divertimento. Anche quest&#8217;anno sono questi gli ingredienti della riuscitissima gara di slittino disputatasi sulla pista di Colmean, frazione alta di Canale d&#8217;Agordo, per iniziativa dei Crodaioli dell&#8217;Auta. Un appuntamento che, dopo gli anni del Covid, gi\u00e0 nel 2023 era tornato in auge. La gara di slittino sar\u00e0 seguita dalla gara di rid\u00f2le a coppie che andr\u00e0 in scena domenica sempre a Colmean con partenza alle 14. Iscrizioni (25 euro) aperte fino alle 12.30 di domenica al bar Colmean (0437 592078) e al traguardo fino a 15 minuti prima del via. Premiazioni al Colmean alle 16.30.\u00a0\u2014<\/div>\n<p>&nbsp;<\/p>\n<p><span style=\"color: #0000ff;\"><strong>\u00a0<\/strong><\/span><strong>LE FOTO<\/strong><\/p>\n\n\t\t\t<style type='text\/css'>\n\t\t\t\t#gallery-3 {\n\t\t\t\t\tmargin: auto;\n\t\t\t\t}\n\t\t\t\t#gallery-3 .gallery-item {\n\t\t\t\t\tfloat: left;\n\t\t\t\t\tmargin-top: 10px;\n\t\t\t\t\ttext-align: center;\n\t\t\t\t\twidth: 14%;\n\t\t\t\t}\n\t\t\t\t#gallery-3 img {\n\t\t\t\t\tborder: 2px solid #cfcfcf;\n\t\t\t\t}\n\t\t\t\t#gallery-3 .gallery-caption {\n\t\t\t\t\tmargin-left: 0;\n\t\t\t\t}\n\t\t\t\t\/* see gallery_shortcode() in wp-includes\/media.php *\/\n\t\t\t<\/style>\n\t\t<div id='gallery-3' class='dt-gallery-container gallery galleryid-372509 gallery-columns-7 gallery-size-thumbnail'><dl class='gallery-item'>\n\t\t\t\t<dt class='gallery-icon landscape'>\n\t\t\t\t\t<a class=\"rollover rollover-zoom dt-pswp-item\" title=\"e1162608-1ea5-4940-afd5-7f7269da1ded\" data-dt-img-description=\"\" data-large_image_width=\"2048\" data-large_image_height=\"1152\"href='https:\/\/www.radiopiu.net\/wordpress\/wp-content\/uploads\/2024\/01\/e1162608-1ea5-4940-afd5-7f7269da1ded.jpg'><img loading=\"lazy\" decoding=\"async\" width=\"150\" height=\"150\" src=\"https:\/\/www.radiopiu.net\/wordpress\/wp-content\/uploads\/2024\/01\/e1162608-1ea5-4940-afd5-7f7269da1ded-150x150.jpg\" class=\"attachment-thumbnail size-thumbnail\" alt=\"\" \/><\/a>\n\t\t\t\t<\/dt><\/dl><dl class='gallery-item'>\n\t\t\t\t<dt class='gallery-icon landscape'>\n\t\t\t\t\t<a class=\"rollover rollover-zoom dt-pswp-item\" title=\"70372d85-61de-4ada-b477-0dacf0ee5396\" data-dt-img-description=\"\" data-large_image_width=\"2048\" data-large_image_height=\"1152\"href='https:\/\/www.radiopiu.net\/wordpress\/wp-content\/uploads\/2024\/01\/70372d85-61de-4ada-b477-0dacf0ee5396.jpg'><img loading=\"lazy\" decoding=\"async\" width=\"150\" height=\"150\" src=\"https:\/\/www.radiopiu.net\/wordpress\/wp-content\/uploads\/2024\/01\/70372d85-61de-4ada-b477-0dacf0ee5396-150x150.jpg\" class=\"attachment-thumbnail size-thumbnail\" alt=\"\" \/><\/a>\n\t\t\t\t<\/dt><\/dl><dl class='gallery-item'>\n\t\t\t\t<dt class='gallery-icon landscape'>\n\t\t\t\t\t<a class=\"rollover rollover-zoom dt-pswp-item\" title=\"4affc6c7-71e8-4aa8-923b-26235d04d552\" data-dt-img-description=\"\" data-large_image_width=\"2048\" data-large_image_height=\"1152\"href='https:\/\/www.radiopiu.net\/wordpress\/wp-content\/uploads\/2024\/01\/4affc6c7-71e8-4aa8-923b-26235d04d552.jpg'><img loading=\"lazy\" decoding=\"async\" width=\"150\" height=\"150\" src=\"https:\/\/www.radiopiu.net\/wordpress\/wp-content\/uploads\/2024\/01\/4affc6c7-71e8-4aa8-923b-26235d04d552-150x150.jpg\" class=\"attachment-thumbnail size-thumbnail\" alt=\"\" \/><\/a>\n\t\t\t\t<\/dt><\/dl><dl class='gallery-item'>\n\t\t\t\t<dt class='gallery-icon portrait'>\n\t\t\t\t\t<a class=\"rollover rollover-zoom dt-pswp-item\" title=\"bd537f0b-6aa2-48a7-9a82-3d59311908e5\" data-dt-img-description=\"\" data-large_image_width=\"1152\" data-large_image_height=\"2048\"href='https:\/\/www.radiopiu.net\/wordpress\/wp-content\/uploads\/2024\/01\/bd537f0b-6aa2-48a7-9a82-3d59311908e5.jpg'><img loading=\"lazy\" decoding=\"async\" width=\"150\" height=\"150\" src=\"https:\/\/www.radiopiu.net\/wordpress\/wp-content\/uploads\/2024\/01\/bd537f0b-6aa2-48a7-9a82-3d59311908e5-150x150.jpg\" class=\"attachment-thumbnail size-thumbnail\" alt=\"\" \/><\/a>\n\t\t\t\t<\/dt><\/dl><dl class='gallery-item'>\n\t\t\t\t<dt class='gallery-icon landscape'>\n\t\t\t\t\t<a class=\"rollover rollover-zoom dt-pswp-item\" title=\"d524ee9b-2554-4271-a79f-7a01e9bec658\" data-dt-img-description=\"\" data-large_image_width=\"2048\" data-large_image_height=\"1152\"href='https:\/\/www.radiopiu.net\/wordpress\/wp-content\/uploads\/2024\/01\/d524ee9b-2554-4271-a79f-7a01e9bec658.jpg'><img loading=\"lazy\" decoding=\"async\" width=\"150\" height=\"150\" src=\"https:\/\/www.radiopiu.net\/wordpress\/wp-content\/uploads\/2024\/01\/d524ee9b-2554-4271-a79f-7a01e9bec658-150x150.jpg\" class=\"attachment-thumbnail size-thumbnail\" alt=\"\" \/><\/a>\n\t\t\t\t<\/dt><\/dl><dl class='gallery-item'>\n\t\t\t\t<dt class='gallery-icon portrait'>\n\t\t\t\t\t<a class=\"rollover rollover-zoom dt-pswp-item\" title=\"f0ec8003-b329-4cf3-a452-ca64f22c48c4\" data-dt-img-description=\"\" data-large_image_width=\"1152\" data-large_image_height=\"2048\"href='https:\/\/www.radiopiu.net\/wordpress\/wp-content\/uploads\/2024\/01\/f0ec8003-b329-4cf3-a452-ca64f22c48c4.jpg'><img loading=\"lazy\" decoding=\"async\" width=\"150\" height=\"150\" src=\"https:\/\/www.radiopiu.net\/wordpress\/wp-content\/uploads\/2024\/01\/f0ec8003-b329-4cf3-a452-ca64f22c48c4-150x150.jpg\" class=\"attachment-thumbnail size-thumbnail\" alt=\"\" \/><\/a>\n\t\t\t\t<\/dt><\/dl><dl class='gallery-item'>\n\t\t\t\t<dt class='gallery-icon portrait'>\n\t\t\t\t\t<a class=\"rollover rollover-zoom dt-pswp-item\" title=\"8c657e4c-5049-4ecc-a548-9d28d176654d\" data-dt-img-description=\"\" data-large_image_width=\"1152\" data-large_image_height=\"2048\"href='https:\/\/www.radiopiu.net\/wordpress\/wp-content\/uploads\/2024\/01\/8c657e4c-5049-4ecc-a548-9d28d176654d.jpg'><img loading=\"lazy\" decoding=\"async\" width=\"150\" height=\"150\" src=\"https:\/\/www.radiopiu.net\/wordpress\/wp-content\/uploads\/2024\/01\/8c657e4c-5049-4ecc-a548-9d28d176654d-150x150.jpg\" class=\"attachment-thumbnail size-thumbnail\" alt=\"\" \/><\/a>\n\t\t\t\t<\/dt><\/dl><br style=\"clear: both\" \/>\n\t\t\t<\/div>\n\n<p><strong>LE CLASSIFICHE\u00a0<\/strong><\/p>\n<p>Maschile 1, slitta competizione:\u00a01. Pietro De Biasio, Feder, 1&#8217;31&#8243;41, 2. Flavio Masocco, Primiero, 1&#8217;43&#8243;12, 3. Manuel Luciani, Canale d&#8217;Agordo, 1&#8217;48&#8243;07, 4. Christian Scardanzan, Menot, 1&#8217;52&#8243;89, 5. Giorgio Levera, Primiero, 1&#8217;54&#8243;86, 6. Christian Chenet, Caviola, 2&#8217;03&#8243;58, 7. Elia Scardanzan, Pavier, 2&#8217;08&#8243;03.\u00a0Maschile 2, slitta competizione:\u00a01. Diego Scalet, Primiero, 1&#8217;23&#8243;62, 2. Davide Scardanzan, Pavier, 1&#8217;25&#8243;06, 3. Ilario Gadenz, Primiero, 1&#8217;29&#8243;95, 4. Alessandro Broch, Primiero, 1&#8217;30&#8243;87, 5. Pietro Nami, Primiero, 1&#8217;32&#8243;50, 6. Diego Jos\u00e8 Canzilla, Primiero, 1&#8217;33&#8243;61, 7. Giacomo Follador, Feder, 1&#8217;43&#8243;25, 8. Gabriele Broch, Primiero, 1&#8217;43&#8243;42, 9. Davide Pellegrinon, Fregona, 2&#8217;02&#8243;43.\u00a0Maschile 3, slitta competizione:\u00a01. Corrado Luciani, Primiero, 1&#8217;18&#8243;16, 2. Nicola Scardanzan, Menot, 1&#8217;21&#8243;32, 3. Mirko Lucian, Primiero, 1&#8217;21&#8243;57, 4. Gianpaolo De Biasio, Feder, 1&#8217;24&#8243;13, 5. Maurizio Scardanzan, Pavier, 1&#8217;24&#8243;44, 6. Erwin Lazzarini, Cencenighe, 1&#8217;26&#8243;07, 7. Gianantonio Simoni, Primiero, 1&#8217;32&#8243;68, 8. Andrea Soppelsa, Balestier, 1&#8217;36&#8243;25, 9. Domenico Gaio, Primiero, 1&#8217;45&#8243;30, 10. Luciano Busin, Costele, 1&#8217;44&#8243;73, 11. Michael Da Rif, Agordo, 1&#8217;49&#8243;77, 12. Marco Scardanzan, Feder, 1&#8217;43&#8243;89, 13. Max Artico, Tegosa, 2&#8217;19&#8243;98, 14. David Tancon, Canale, 2&#8217;56&#8243;38, 15. Enrico Tomaselli, Vallada, 3&#8217;13&#8243;03.\u00a0Maschile 1, slitta tradizionale:\u00a01. Luca Luciani, Gar\u00e9s, 2&#8217;22&#8243;63, 2. Enrico Luciani, Canale, 2&#8217;57&#8243;87, 3. Amos Scardanzan, Pavier, 2&#8217;58&#8243;03, 4. Josef Tomaselli, Vallada, 3&#8217;10&#8243;38, 5. Tiziano Zampieri, Vallada, 3&#8217;26&#8243;67, 6. Mirko Bortoli, Feder, 4&#8217;04&#8243;92.\u00a0Maschile 2, slitta tradizionale:\u00a01. Simone Tramontin, Limana, 1&#8217;53&#8243;47, 2. Jacopo Scardanzan, Molin, 1&#8217;57&#8243;51.\u00a0Maschile 3, slitta tradizionale:\u00a01. Enrico Ferrazzi, Pisoliva 1&#8217;42&#8243;00, 2. Loris Valt, Feder, 1&#8217;43&#8243;43, 3. Denis Tramontin, Limana, 1&#8217;44&#8243;13, 4. Tarcisio Ferrazzi, Pisoliva, 1&#8217;45&#8243;50, 5. Simone Busin, Pisoliva Est, 1&#8217;53&#8243;13, 6. Nico Scardanzan, Feder, 1&#8217;57&#8243;60, 7. Riccardo Marchiori, Pisoliva, 2&#8217;00&#8243;76, 8. Devis Dell&#8217;Antone, Gesia, 2&#8217;07&#8243;58, 9. Mauro Luciani, Gar\u00e9s, 2&#8217;10&#8243;28, 10. Nello Scardanza, Feder, 2&#8217;11&#8243;62, 11. Flavio Nart, Vallada, 2&#8217;14&#8243;96, 12. Giuseppe Dalla Zassa, Vallada Ag., 2&#8217;17&#8243;40, 13. Loris Serafini, Canale, 2&#8217;30&#8243;96, 14. Michael Da Roit, Fregona, 2&#8217;57&#8243;34, 15. Leo Crepaz, Falcade Le Coste, 4&#8217;52&#8243;35.\u00a0Femminile 1, slitta tradizionale:\u00a01. Viola Artico, Tegosa, 2&#8217;17&#8243;06, 2. Emma Dell&#8217;Antone, Gesia, 2&#8217;26&#8243;68, 3. Iris Maria Micheluzzi, Vallada, 2&#8217;32&#8243;88, 4. Alissa Micheluzzi, Vallada, 3&#8217;03&#8243;10, 5. Flavia Bortoli, Falcade, 3&#8217;04&#8243;93, 6. Giorgia Scardanzan, Molin, 3&#8217;10&#8243;30, 7. Lara Bortoli, Feder, 4&#8217;00&#8243;27.\u00a0Femminile 3, slitta tradizionale:\u00a01. Agnese Ferrazzi, Pisoliva, 1&#8217;56&#8243;08, 2. Celestina Tomaselli, Vallada, 1\u00ec57&#8243;52, 3. Cristina Maschietto, Pisoliva, 1&#8217;59&#8243;00, 4. Alberta Manfroi, Cencenighe, 2&#8217;08&#8243;06, 5. Flora De Ventura, Caviola, 2&#8217;09&#8243;82, 6. Amalia De Pr\u00e0, Falcade Le coste, 2&#8217;18&#8243;71, 7. Irene Mezzacasa, Vallada, 2&#8217;27&#8243;94, 8. Mariaelena Baiolla, Vallada, 2&#8217;34&#8243;23, 9. Inna Maslovska, Canale, NP.\u00a0Accompagnati maschile:\u00a01. Aaron Promberger+Dario, Canal, 2&#8217;35&#8243;12, 2. Zeno Marchiori+mamma, Pisoliva, 2&#8217;50&#8243;07, 3. Liam Promberger+Claudia, Canale, 3&#8217;29&#8243;63.\u00a0Accompagnati femminile:\u00a01. Giorgia Ferrazzi+pap\u00e0, Pisoliva, 1&#8217;55&#8243;09, 2. Gemma Ferrazzi+nonno, Pisoliva, 2&#8217;48&#8243;81, 3. Elisa Serafini+pap\u00e0, Canale, 3&#8217;05&#8243;27, 4. Sofia Serafini+mamma, Canale, 4&#8217;23&#8243;96.<\/p>\n<p><span style=\"color: #0000ff;\"><strong>\u00a0<\/strong><\/span><\/p>\n<p><span style=\"color: #0000ff;\"><strong>PALLAVOLO<\/strong><\/span><\/p>\n<blockquote>\n<h3>IL BELLUNO VOLLEY SI RINFORZA CON IL RITORNO DI ALEX REYES<\/h3>\n<\/blockquote>\n<p><a class=\"dt-pswp-item\" href=\"https:\/\/www.radiopiu.net\/wordpress\/wp-content\/uploads\/2024\/01\/Reyes_festeggiato_dai_compagni.jpg\" data-dt-img-description=\"\" data-large_image_width=\"1280\" data-large_image_height=\"853\"><img loading=\"lazy\" decoding=\"async\" class=\" wp-image-372520 alignleft\" src=\"https:\/\/www.radiopiu.net\/wordpress\/wp-content\/uploads\/2024\/01\/Reyes_festeggiato_dai_compagni-300x200.jpg\" alt=\"\" width=\"155\" height=\"103\" srcset=\"https:\/\/www.radiopiu.net\/wordpress\/wp-content\/uploads\/2024\/01\/Reyes_festeggiato_dai_compagni-300x200.jpg 300w, https:\/\/www.radiopiu.net\/wordpress\/wp-content\/uploads\/2024\/01\/Reyes_festeggiato_dai_compagni-1024x682.jpg 1024w, https:\/\/www.radiopiu.net\/wordpress\/wp-content\/uploads\/2024\/01\/Reyes_festeggiato_dai_compagni-768x512.jpg 768w, https:\/\/www.radiopiu.net\/wordpress\/wp-content\/uploads\/2024\/01\/Reyes_festeggiato_dai_compagni.jpg 1280w\" sizes=\"auto, (max-width: 155px) 100vw, 155px\" \/><\/a>Alex Reyes, lo schiacciatore italo-cubano del Belluno Volley, \u00e8 tornato in campo dopo un infortunio che lo ha tenuto fuori per l&#8217;intero girone d&#8217;andata della Serie A3 Credem Banca. Ora \u00e8 pronto a contribuire alla squadra con la sua forza e il suo entusiasmo. Reyes sottolinea la sua voglia di vincere e trasmettere questo spirito alla squadra e ai tifosi. Dopo la vittoria contro San Don\u00e0, Alex sottolinea l&#8217;importanza di trovare continuit\u00e0 e afferma che la squadra pu\u00f2 competere con chiunque nel girone attuale. L&#8217;obiettivo \u00e8 migliorare la posizione in classifica e ottenere il massimo da ogni partita. Reyes si prepara a un incontro speciale contro la WiMore, la sua ex squadra, sottolineando la sua connessione con la citt\u00e0 di Salsomaggiore Terme. La partita si giocher\u00e0 il 4 febbraio.<\/p>\n<p>&nbsp;<\/p>\n<p><span style=\"color: #0000ff;\"><strong>HOCKEY SU GHIACCIO<\/strong><\/span><\/p>\n<blockquote>\n<h3>A FEBBRAIO GLI OPEN DAY DELL&#8217;ALLEGHE HOCKEY<\/h3>\n<\/blockquote>\n<p><strong><a class=\"dt-pswp-item\" href=\"https:\/\/www.radiopiu.net\/wordpress\/wp-content\/uploads\/2024\/01\/8447c479-0d6f-41bf-accc-6b4c4d486b6a.jpg\" data-dt-img-description=\"\" data-large_image_width=\"720\" data-large_image_height=\"720\"><img loading=\"lazy\" decoding=\"async\" class=\" wp-image-372558 alignleft\" src=\"https:\/\/www.radiopiu.net\/wordpress\/wp-content\/uploads\/2024\/01\/8447c479-0d6f-41bf-accc-6b4c4d486b6a-300x300.jpg\" alt=\"\" width=\"165\" height=\"165\" srcset=\"https:\/\/www.radiopiu.net\/wordpress\/wp-content\/uploads\/2024\/01\/8447c479-0d6f-41bf-accc-6b4c4d486b6a-300x300.jpg 300w, https:\/\/www.radiopiu.net\/wordpress\/wp-content\/uploads\/2024\/01\/8447c479-0d6f-41bf-accc-6b4c4d486b6a-150x150.jpg 150w, https:\/\/www.radiopiu.net\/wordpress\/wp-content\/uploads\/2024\/01\/8447c479-0d6f-41bf-accc-6b4c4d486b6a.jpg 720w\" sizes=\"auto, (max-width: 165px) 100vw, 165px\" \/><\/a>ALLEGHE<\/strong> La societ\u00e0 Alleghe Hockey organizza per il mese di febbraio degli Open Day dedicati ai giovani che vogliono avvicinarsi al mondo dell&#8217;hockey su ghiaccio. Saranno quattro le date dedicate all&#8217;iniziativa. Il 2 febbraio a La Valle Agordina,\u00a0 5 e 7 febbraio ad Alleghe e il 9 a Falcade. Gli incontri si svolgeranno dalle 18:15 alle 19:30. Un modo per avvicinare nuovi giovani a praticare un nuovo sport. La societ\u00e0 si occuper\u00e0 della visita sportiva in pi\u00f9 i genitori avranno uno sconto del 40% del catalogo Punto Hockey. L&#8217;Alleghe Hockey mette a disposizione un pulmino a pagamento da Agordo per portare i ragazzi agli allenamenti. I dipendenti di Luxottica potranno pagare la quota di iscrizione tramite Flexible Benefits del welfare e ci sar\u00e0 uno sconto del 10% sul totale se pi\u00f9 figli decidono di praticare lo sport. Per informazioni si pu\u00f2 contattare il 388 1866668 o scrivere a segreteria@alleghehockey.com.<\/p>\n<p>&nbsp;<\/p>\n<p><span style=\"color: #0000ff;\"><strong>SCI PARALIMPICO<\/strong><\/span><\/p>\n<blockquote>\n<h3>OLTRE 700 RAGAZZI ALLA COPPA DEL MONDO DI SCI PARALIMPICO DI CORTINA<\/h3>\n<\/blockquote>\n<p><a class=\"dt-pswp-item\" href=\"https:\/\/www.radiopiu.net\/wordpress\/wp-content\/uploads\/2024\/01\/240130_CortinaParaWC_day1dh_phGiuseppeGeppoDiMauro-34-scaled.jpg\" data-dt-img-description=\"\" data-large_image_width=\"2560\" data-large_image_height=\"1708\"><img loading=\"lazy\" decoding=\"async\" class=\" wp-image-372562 alignleft\" src=\"https:\/\/www.radiopiu.net\/wordpress\/wp-content\/uploads\/2024\/01\/240130_CortinaParaWC_day1dh_phGiuseppeGeppoDiMauro-34-300x200.jpg\" alt=\"\" width=\"155\" height=\"103\" srcset=\"https:\/\/www.radiopiu.net\/wordpress\/wp-content\/uploads\/2024\/01\/240130_CortinaParaWC_day1dh_phGiuseppeGeppoDiMauro-34-300x200.jpg 300w, https:\/\/www.radiopiu.net\/wordpress\/wp-content\/uploads\/2024\/01\/240130_CortinaParaWC_day1dh_phGiuseppeGeppoDiMauro-34-1024x683.jpg 1024w, https:\/\/www.radiopiu.net\/wordpress\/wp-content\/uploads\/2024\/01\/240130_CortinaParaWC_day1dh_phGiuseppeGeppoDiMauro-34-768x512.jpg 768w, https:\/\/www.radiopiu.net\/wordpress\/wp-content\/uploads\/2024\/01\/240130_CortinaParaWC_day1dh_phGiuseppeGeppoDiMauro-34-1536x1025.jpg 1536w, https:\/\/www.radiopiu.net\/wordpress\/wp-content\/uploads\/2024\/01\/240130_CortinaParaWC_day1dh_phGiuseppeGeppoDiMauro-34-2048x1366.jpg 2048w\" sizes=\"auto, (max-width: 155px) 100vw, 155px\" \/><\/a>Oltre 700 bambini e ragazzi provenienti dalle scuole del Veneto potranno vivere la Coppa del Mondo di sci alpino paralimpico a Cortina d\u2019Ampezzo grazie al &#8220;Progetto Scuole&#8221; di Fondazione Cortina in collaborazione con Assi onlus e FISI Veneto. L&#8217;iniziativa mira a sensibilizzare i giovani sull&#8217;inclusivit\u00e0, offrendo loro l&#8217;opportunit\u00e0 di assistere alle gare, conoscere gli atleti paralimpici e partecipare a attivit\u00e0 interattive. Gli studenti avranno l&#8217;occasione di comprendere la sfida degli atleti ipovedenti attraverso un gioco educativo. Inoltre, alcuni studenti del Liceo Scientifico di Cortina parteciperanno a percorsi formativi pratici e teorici come parte del Programma Education di Milano Cortina 2026. Queste iniziative mirano a promuovere valori positivi e a offrire opportunit\u00e0 di crescita e formazione ai giovani. (foto: Giuseppe Geppo Di Mauro)<\/p>\n<p>&nbsp;<\/p>\n<p><span style=\"color: #0000ff;\"><strong>NUOTO\u00a0<\/strong><\/span><\/p>\n<blockquote>\n<h3>ATTIVAMENTE AGORDINO, ENTUSIASMO SUCCESSI E PASSIONE<\/h3>\n<\/blockquote>\n<p><strong>AGORDO<\/strong> Domenica, la piscina di Montebelluna (Treviso) ha ospitato la vibrante competizione del gruppo esordienti, con una squadra di talentuosi nuotatori: Alex Alchini, Ilary Bianchi\u00a0 Alessandro Buxa, Selena Ceccon, Erik De Nardin, Azzurra Deola, Alice Latti, Emma Latti, Margot Longaron, Sebastiano Migotto e Davide Olivier.\u00a0 <strong>Risultati Eccezionali e Divertimento in Piscina <\/strong>Gli atleti della squadra agonistica hanno dato il massimo, regalando un mix di emozioni e divertimento. La gara \u00e8 stata un&#8217;occasione per mettere alla prova le abilit\u00e0 acquisite e il duro allenamento quotidiano. <strong>Entusiasmo e Determinazione <\/strong>Il prossimo appuntamento \u00e8 fissato a marzo, e la squadra si prepara con crescente entusiasmo per il prossimo confronto. L&#8217;atmosfera di competizione e il supporto reciproco sono i valori che rendono speciale ogni evento sportivo. <strong>Promettenti Esordi nella Gara del Gruppo Propaganda a Santa Giustina <\/strong>Inoltre, una menzione speciale va alla gara del gruppo Propaganda, tenutasi il 21 gennaio a Santa Giustina. I giovani atleti stanno crescendo e dimostrando il loro impegno, portando grande soddisfazione alla squadra. Insieme, atleti e allenatori lavorano duramente per coltivare la passione per il nuoto e per raggiungere nuovi traguardi. L&#8217;avventura continua, e il futuro sembra promettente per questi nuotatori determinati.<\/p>\n<p>CLASSIFICHE UNO <span style=\"color: #0000ff;\"><strong><a style=\"color: #0000ff;\" href=\"https:\/\/www.finveneto.org\/nuoto_schedamanifestazione.php?id_manifestazione=6921\">CLICCA QUI<\/a><\/strong><\/span><\/p>\n<p>CLASSIFICHE DUE<span style=\"color: #0000ff;\"><strong> <a style=\"color: #0000ff;\" href=\"https:\/\/www.natatoria.com\/nuoto_schedamanifestazione.php?lang=it&amp;id_manifestazione=1416\">CLICCA QUI<\/a><\/strong><\/span><\/p>\n\n\t\t\t<style type='text\/css'>\n\t\t\t\t#gallery-4 {\n\t\t\t\t\tmargin: auto;\n\t\t\t\t}\n\t\t\t\t#gallery-4 .gallery-item {\n\t\t\t\t\tfloat: left;\n\t\t\t\t\tmargin-top: 10px;\n\t\t\t\t\ttext-align: center;\n\t\t\t\t\twidth: 33%;\n\t\t\t\t}\n\t\t\t\t#gallery-4 img {\n\t\t\t\t\tborder: 2px solid #cfcfcf;\n\t\t\t\t}\n\t\t\t\t#gallery-4 .gallery-caption {\n\t\t\t\t\tmargin-left: 0;\n\t\t\t\t}\n\t\t\t\t\/* see gallery_shortcode() in wp-includes\/media.php *\/\n\t\t\t<\/style>\n\t\t<div id='gallery-4' class='dt-gallery-container gallery galleryid-372509 gallery-columns-3 gallery-size-thumbnail'><dl class='gallery-item'>\n\t\t\t\t<dt class='gallery-icon landscape'>\n\t\t\t\t\t<a class=\"rollover\" href='https:\/\/www.radiopiu.net\/wordpress\/attivamente-agordino-entusiasmo-successi-e-passione\/35e9d131-26ca-4087-98ea-5f880cf001b5\/'><img loading=\"lazy\" decoding=\"async\" width=\"150\" height=\"150\" src=\"https:\/\/www.radiopiu.net\/wordpress\/wp-content\/uploads\/2024\/01\/35e9d131-26ca-4087-98ea-5f880cf001b5-150x150.jpg\" class=\"attachment-thumbnail size-thumbnail\" alt=\"\" \/><\/a>\n\t\t\t\t<\/dt><\/dl><dl class='gallery-item'>\n\t\t\t\t<dt class='gallery-icon landscape'>\n\t\t\t\t\t<a class=\"rollover\" href='https:\/\/www.radiopiu.net\/wordpress\/attivamente-agordino-entusiasmo-successi-e-passione\/6c09b6f9-b2ea-4b8f-a6b7-5cd5acf916f1\/'><img loading=\"lazy\" decoding=\"async\" width=\"150\" height=\"150\" src=\"https:\/\/www.radiopiu.net\/wordpress\/wp-content\/uploads\/2024\/01\/6c09b6f9-b2ea-4b8f-a6b7-5cd5acf916f1-150x150.jpg\" class=\"attachment-thumbnail size-thumbnail\" alt=\"\" \/><\/a>\n\t\t\t\t<\/dt><\/dl><dl class='gallery-item'>\n\t\t\t\t<dt class='gallery-icon landscape'>\n\t\t\t\t\t<a class=\"rollover\" href='https:\/\/www.radiopiu.net\/wordpress\/attivamente-agordino-entusiasmo-successi-e-passione\/922d68f8-6aea-444a-95a9-dd85bd490fdf\/'><img loading=\"lazy\" decoding=\"async\" width=\"150\" height=\"150\" src=\"https:\/\/www.radiopiu.net\/wordpress\/wp-content\/uploads\/2024\/01\/922d68f8-6aea-444a-95a9-dd85bd490fdf-150x150.jpg\" class=\"attachment-thumbnail size-thumbnail\" alt=\"\" \/><\/a>\n\t\t\t\t<\/dt><\/dl><br style=\"clear: both\" \/>\n\t\t\t<\/div>\n\n<p>&nbsp;<\/p>\n","protected":false},"excerpt":{"rendered":"<p>**** &nbsp; 40esimo di RADIOPIU\u2026. LA VOCE DELL\u2019EMOZIONE ISCRIVITI AL NOSTRO CANALE\u00a0\u00a0YOUTUBE PER SEGUIRE IN DIRETTA I PRINCIPALI PROGRAMMI DI RADIO PIU\u2019 E LE FUTURE DIRETTE IN ESTERNA. PER ISCRIVERTI CLICCA QUI\u00a0E PREMI\u00a0 \u201cIscriviti\u201d\u00a0 \u00a0 &nbsp; &nbsp; &nbsp; GRANDI NOVITA&#8217; ALLA RADIO&#8230; NUOVI PROGRAMMI IN ONDA DA QUESTA SETTIMANA DA OGGI IL NUOVO PROGRAMMA DI&hellip;<\/p>\n","protected":false},"author":4,"featured_media":372610,"comment_status":"closed","ping_status":"closed","sticky":false,"template":"","format":"standard","meta":{"_monsterinsights_skip_tracking":false,"_monsterinsights_sitenote_active":false,"_monsterinsights_sitenote_note":"","_monsterinsights_sitenote_category":0,"footnotes":""},"categories":[51,86,49],"tags":[],"class_list":["post-372509","post","type-post","status-publish","format-standard","has-post-thumbnail","hentry","category-evidenza-top","category-gr","category-news-18","category-51","category-86","category-49","description-off"],"img_url":"https:\/\/www.radiopiu.net\/wordpress\/wp-content\/uploads\/2024\/01\/a480f701-46ed-4b5f-bbb0-969d889623cb.jpg","_links":{"self":[{"href":"https:\/\/www.radiopiu.net\/wordpress\/wp-json\/wp\/v2\/posts\/372509","targetHints":{"allow":["GET"]}}],"collection":[{"href":"https:\/\/www.radiopiu.net\/wordpress\/wp-json\/wp\/v2\/posts"}],"about":[{"href":"https:\/\/www.radiopiu.net\/wordpress\/wp-json\/wp\/v2\/types\/post"}],"author":[{"embeddable":true,"href":"https:\/\/www.radiopiu.net\/wordpress\/wp-json\/wp\/v2\/users\/4"}],"replies":[{"embeddable":true,"href":"https:\/\/www.radiopiu.net\/wordpress\/wp-json\/wp\/v2\/comments?post=372509"}],"version-history":[{"count":0,"href":"https:\/\/www.radiopiu.net\/wordpress\/wp-json\/wp\/v2\/posts\/372509\/revisions"}],"wp:featuredmedia":[{"embeddable":true,"href":"https:\/\/www.radiopiu.net\/wordpress\/wp-json\/wp\/v2\/media\/372610"}],"wp:attachment":[{"href":"https:\/\/www.radiopiu.net\/wordpress\/wp-json\/wp\/v2\/media?parent=372509"}],"wp:term":[{"taxonomy":"category","embeddable":true,"href":"https:\/\/www.radiopiu.net\/wordpress\/wp-json\/wp\/v2\/categories?post=372509"},{"taxonomy":"post_tag","embeddable":true,"href":"https:\/\/www.radiopiu.net\/wordpress\/wp-json\/wp\/v2\/tags?post=372509"}],"curies":[{"name":"wp","href":"https:\/\/api.w.org\/{rel}","templated":true}]}}