{"id":372588,"date":"2024-01-31T15:47:10","date_gmt":"2024-01-31T14:47:10","guid":{"rendered":"https:\/\/www.radiopiu.net\/wordpress\/?p=372588"},"modified":"2024-01-31T15:47:37","modified_gmt":"2024-01-31T14:47:37","slug":"372588-2","status":"publish","type":"post","link":"https:\/\/www.radiopiu.net\/wordpress\/372588-2\/","title":{"rendered":"Digitalizzazione in corso al Comando di Polizia Locale di Belluno"},"content":{"rendered":"<p>***<\/p>\n<p>&nbsp;<\/p>\n<p><strong><a class=\"dt-pswp-item\" href=\"https:\/\/www.radiopiu.net\/wordpress\/wp-content\/uploads\/2024\/01\/image00003-2-scaled.jpeg\" data-dt-img-description=\"\" data-large_image_width=\"2560\" data-large_image_height=\"1920\"><img loading=\"lazy\" decoding=\"async\" class=\"size-medium wp-image-372591 alignleft\" src=\"https:\/\/www.radiopiu.net\/wordpress\/wp-content\/uploads\/2024\/01\/image00003-2-300x225.jpeg\" alt=\"\" width=\"300\" height=\"225\" srcset=\"https:\/\/www.radiopiu.net\/wordpress\/wp-content\/uploads\/2024\/01\/image00003-2-300x225.jpeg 300w, https:\/\/www.radiopiu.net\/wordpress\/wp-content\/uploads\/2024\/01\/image00003-2-1024x768.jpeg 1024w, https:\/\/www.radiopiu.net\/wordpress\/wp-content\/uploads\/2024\/01\/image00003-2-768x576.jpeg 768w, https:\/\/www.radiopiu.net\/wordpress\/wp-content\/uploads\/2024\/01\/image00003-2-1536x1152.jpeg 1536w, https:\/\/www.radiopiu.net\/wordpress\/wp-content\/uploads\/2024\/01\/image00003-2-2048x1536.jpeg 2048w\" sizes=\"auto, (max-width: 300px) 100vw, 300px\" \/><\/a>BELLUNO<\/strong> Il Comando di Polizia Locale di Belluno abbraccia la digitalizzazione con l&#8217;introduzione di Verbatel, un nuovo software che promette di ottimizzare l&#8217;efficienza dell&#8217;attivit\u00e0 del Comando. Il sindaco di Belluno, Oscar De Pellegrin, commenta che il software rivoluzioner\u00e0 l&#8217;attivit\u00e0 della polizia locale, migliorando i servizi e la comunicazione con i cittadini. Il nuovo strumento coinvolger\u00e0 diversi ambiti operativi, digitalizzando procedure, monitorando attivit\u00e0 e consentendo la raccolta di informazioni sul campo. Il software Verbatel permetter\u00e0 la gestione integrata di tutte le attivit\u00e0 del Comando, con l&#8217;obiettivo di risparmiare tempo e risorse, standardizzare procedure e analizzare le attivit\u00e0 svolte. Gli agenti del Comando parteciperanno a formazioni per apprendere l&#8217;utilizzo del nuovo dispositivo. Il Comandante della polizia locale di Belluno, Antonio Codemo, sottolinea l&#8217;importanza di modernizzare l&#8217;attivit\u00e0 e digitalizzare le operazioni e le banche dati. Il software coinvolger\u00e0 la centrale operativa, la polizia giudiziaria e amministrativa, il modulo turni e servizi e la digitalizzazione della raccolta dati sugli incidenti stradali.<\/p>\n<p>&nbsp;<\/p>\n<p><strong>IL SINDACO DI BELLUNO OSCAR DE PELLEGRIN<\/strong><\/p>\n<audio class=\"wp-audio-shortcode\" id=\"audio-372588-1\" preload=\"none\" style=\"width: 100%;\" controls=\"controls\"><source type=\"audio\/mpeg\" src=\"https:\/\/www.radiopiu.net\/wordpress\/wp-content\/uploads\/2024\/01\/oscar-de-pelletrin-intervento.mp3?_=1\" \/><a href=\"https:\/\/www.radiopiu.net\/wordpress\/wp-content\/uploads\/2024\/01\/oscar-de-pelletrin-intervento.mp3\">https:\/\/www.radiopiu.net\/wordpress\/wp-content\/uploads\/2024\/01\/oscar-de-pelletrin-intervento.mp3<\/a><\/audio>\n<p>&nbsp;<\/p>\n<p><strong><a class=\"dt-pswp-item\" href=\"https:\/\/www.radiopiu.net\/wordpress\/wp-content\/uploads\/2024\/01\/ANTONIO-CODEM.png\" data-dt-img-description=\"\" data-large_image_width=\"459\" data-large_image_height=\"405\"><img loading=\"lazy\" decoding=\"async\" class=\"wp-image-372592 alignleft\" src=\"https:\/\/www.radiopiu.net\/wordpress\/wp-content\/uploads\/2024\/01\/ANTONIO-CODEM-300x265.png\" alt=\"\" width=\"117\" height=\"103\" srcset=\"https:\/\/www.radiopiu.net\/wordpress\/wp-content\/uploads\/2024\/01\/ANTONIO-CODEM-300x265.png 300w, https:\/\/www.radiopiu.net\/wordpress\/wp-content\/uploads\/2024\/01\/ANTONIO-CODEM.png 459w\" sizes=\"auto, (max-width: 117px) 100vw, 117px\" \/><\/a>IL COMANDANTE DELLA POLIZIA LOCALE ANTONIO CODEMO<\/strong><\/p>\n<audio class=\"wp-audio-shortcode\" id=\"audio-372588-2\" preload=\"none\" style=\"width: 100%;\" controls=\"controls\"><source type=\"audio\/mpeg\" src=\"https:\/\/www.radiopiu.net\/wordpress\/wp-content\/uploads\/2024\/01\/antonio-codemo-intervento.mp3?_=2\" \/><a href=\"https:\/\/www.radiopiu.net\/wordpress\/wp-content\/uploads\/2024\/01\/antonio-codemo-intervento.mp3\">https:\/\/www.radiopiu.net\/wordpress\/wp-content\/uploads\/2024\/01\/antonio-codemo-intervento.mp3<\/a><\/audio>\n<p>&nbsp;<\/p>\n<p>&nbsp;<\/p>\n<hr \/>\n<p>&nbsp;<\/p>\n","protected":false},"excerpt":{"rendered":"<p>*** &nbsp; BELLUNO Il Comando di Polizia Locale di Belluno abbraccia la digitalizzazione con l&#8217;introduzione di Verbatel, un nuovo software che promette di ottimizzare l&#8217;efficienza dell&#8217;attivit\u00e0 del Comando. Il sindaco di Belluno, Oscar De Pellegrin, commenta che il software rivoluzioner\u00e0 l&#8217;attivit\u00e0 della polizia locale, migliorando i servizi e la comunicazione con i cittadini. Il nuovo&hellip;<\/p>\n","protected":false},"author":4,"featured_media":372591,"comment_status":"closed","ping_status":"closed","sticky":false,"template":"","format":"standard","meta":{"_monsterinsights_skip_tracking":false,"_monsterinsights_sitenote_active":false,"_monsterinsights_sitenote_note":"","_monsterinsights_sitenote_category":0,"footnotes":""},"categories":[49],"tags":[],"class_list":["post-372588","post","type-post","status-publish","format-standard","has-post-thumbnail","hentry","category-news-18","category-49","description-off"],"img_url":"https:\/\/www.radiopiu.net\/wordpress\/wp-content\/uploads\/2024\/01\/image00003-2-scaled.jpeg","_links":{"self":[{"href":"https:\/\/www.radiopiu.net\/wordpress\/wp-json\/wp\/v2\/posts\/372588","targetHints":{"allow":["GET"]}}],"collection":[{"href":"https:\/\/www.radiopiu.net\/wordpress\/wp-json\/wp\/v2\/posts"}],"about":[{"href":"https:\/\/www.radiopiu.net\/wordpress\/wp-json\/wp\/v2\/types\/post"}],"author":[{"embeddable":true,"href":"https:\/\/www.radiopiu.net\/wordpress\/wp-json\/wp\/v2\/users\/4"}],"replies":[{"embeddable":true,"href":"https:\/\/www.radiopiu.net\/wordpress\/wp-json\/wp\/v2\/comments?post=372588"}],"version-history":[{"count":0,"href":"https:\/\/www.radiopiu.net\/wordpress\/wp-json\/wp\/v2\/posts\/372588\/revisions"}],"wp:featuredmedia":[{"embeddable":true,"href":"https:\/\/www.radiopiu.net\/wordpress\/wp-json\/wp\/v2\/media\/372591"}],"wp:attachment":[{"href":"https:\/\/www.radiopiu.net\/wordpress\/wp-json\/wp\/v2\/media?parent=372588"}],"wp:term":[{"taxonomy":"category","embeddable":true,"href":"https:\/\/www.radiopiu.net\/wordpress\/wp-json\/wp\/v2\/categories?post=372588"},{"taxonomy":"post_tag","embeddable":true,"href":"https:\/\/www.radiopiu.net\/wordpress\/wp-json\/wp\/v2\/tags?post=372588"}],"curies":[{"name":"wp","href":"https:\/\/api.w.org\/{rel}","templated":true}]}}