{"id":372646,"date":"2024-02-02T05:52:06","date_gmt":"2024-02-02T04:52:06","guid":{"rendered":"https:\/\/www.radiopiu.net\/wordpress\/?p=372646"},"modified":"2024-02-02T10:07:42","modified_gmt":"2024-02-02T09:07:42","slug":"giornale-radiopiu-02-febbraio-2024-direttore-mirko-mezzacasada-40-anni-25-giugno-1983-25-giugno-2023","status":"publish","type":"post","link":"https:\/\/www.radiopiu.net\/wordpress\/giornale-radiopiu-02-febbraio-2024-direttore-mirko-mezzacasada-40-anni-25-giugno-1983-25-giugno-2023\/","title":{"rendered":"GIORNALE RADIOPIU 02 FEBBRAIO 2024 DIRETTORE MIRKO MEZZACASA\u2026DA 40 ANNI 25 GIUGNO 1983-25 GIUGNO 2023"},"content":{"rendered":"<p>****<\/p>\n<h1><\/h1>\n<p>&nbsp;<\/p>\n<h1 class=\"entry-title photoswipe-wrapper\"><strong><a class=\"dt-pswp-item\" href=\"https:\/\/www.radiopiu.net\/wordpress\/wp-content\/uploads\/2023\/12\/logo-radio.jpg\" data-dt-img-description=\"\" data-large_image_width=\"800\" data-large_image_height=\"600\"><img loading=\"lazy\" decoding=\"async\" class=\"wp-image-367163 alignleft\" src=\"https:\/\/www.radiopiu.net\/wordpress\/wp-content\/uploads\/2023\/12\/logo-radio-300x225.jpg\" alt=\"\" width=\"109\" height=\"82\" srcset=\"https:\/\/www.radiopiu.net\/wordpress\/wp-content\/uploads\/2023\/12\/logo-radio-300x225.jpg 300w, https:\/\/www.radiopiu.net\/wordpress\/wp-content\/uploads\/2023\/12\/logo-radio-768x576.jpg 768w, https:\/\/www.radiopiu.net\/wordpress\/wp-content\/uploads\/2023\/12\/logo-radio.jpg 800w\" sizes=\"auto, (max-width: 109px) 100vw, 109px\" \/><\/a><\/strong><\/h1>\n<h1 class=\"entry-title photoswipe-wrapper\">40esimo di RADIOPIU\u2026. LA VOCE DELL\u2019EMOZIONE<\/h1>\n<h2><\/h2>\n<h2><span style=\"color: #ff0000;\">ISCRIVITI AL NOSTRO CANALE\u00a0\u00a0YOUTUBE PER SEGUIRE IN DIRETTA I PRINCIPALI PROGRAMMI DI RADIO PIU\u2019 E LE FUTURE DIRETTE IN ESTERNA. PER ISCRIVERTI <a style=\"color: #ff0000;\" href=\"https:\/\/youtube.com\/@radiopiu1527\">CLICCA QUI\u00a0<\/a>E PREMI\u00a0 \u201cIscriviti\u201d\u00a0 \u00a0<\/span><\/h2>\n<p>&nbsp;<\/p>\n<p>&nbsp;<\/p>\n<p>&nbsp;<\/p>\n<div class=\"xdj266r x11i5rnm xat24cr x1mh8g0r x1vvkbs x126k92a\">\n<div dir=\"auto\"><a class=\"dt-pswp-item\" href=\"https:\/\/www.radiopiu.net\/wordpress\/wp-content\/uploads\/2024\/01\/Senza-nome-93.png\" data-dt-img-description=\"\" data-large_image_width=\"194\" data-large_image_height=\"128\"><img loading=\"lazy\" decoding=\"async\" class=\"size-full wp-image-372133 alignleft\" src=\"https:\/\/www.radiopiu.net\/wordpress\/wp-content\/uploads\/2024\/01\/Senza-nome-93.png\" alt=\"\" width=\"194\" height=\"128\" \/><\/a><\/div>\n<\/div>\n<div class=\"x11i5rnm xat24cr x1mh8g0r x1vvkbs xtlvy1s x126k92a\">\n<div dir=\"auto\"><\/div>\n<div dir=\"auto\"><em><strong><span style=\"color: #ff0000;\">OGGI ALLE 13.0 DOMANI 11. 30 DOMENICA 14 il giorMale di Marco V Dal Farra<\/span><\/strong><\/em><\/div>\n<\/div>\n<div class=\"x11i5rnm xat24cr x1mh8g0r x1vvkbs xtlvy1s x126k92a\">\n<div dir=\"auto\">\n<div class=\"x1e56ztr\" data-block=\"true\" data-editor=\"avj4u\" data-offset-key=\"6gh9t-0-0\">\n<div class=\"_1mf _1mj\" data-offset-key=\"6gh9t-0-0\"><\/div>\n<\/div>\n<\/div>\n<\/div>\n<div class=\"x1e56ztr\" data-block=\"true\" data-editor=\"avj4u\" data-offset-key=\"d3i0j-0-0\"><\/div>\n<div data-block=\"true\" data-editor=\"avj4u\" data-offset-key=\"d3i0j-0-0\"><\/div>\n<div data-block=\"true\" data-editor=\"avj4u\" data-offset-key=\"d3i0j-0-0\"><\/div>\n<div class=\"x11i5rnm xat24cr x1mh8g0r x1vvkbs xtlvy1s x126k92a\">\n<div dir=\"auto\">\n<p><a class=\"dt-pswp-item\" href=\"https:\/\/www.radiopiu.net\/wordpress\/wp-content\/uploads\/2023\/10\/34f4cfc6-e863-46e9-9695-8df44be63421.jpg\" data-dt-img-description=\"\" data-large_image_width=\"1200\" data-large_image_height=\"1200\"><img loading=\"lazy\" decoding=\"async\" class=\"wp-image-357393 alignleft\" src=\"https:\/\/www.radiopiu.net\/wordpress\/wp-content\/uploads\/2023\/10\/34f4cfc6-e863-46e9-9695-8df44be63421-300x300.jpg\" alt=\"\" width=\"81\" height=\"81\" srcset=\"https:\/\/www.radiopiu.net\/wordpress\/wp-content\/uploads\/2023\/10\/34f4cfc6-e863-46e9-9695-8df44be63421-300x300.jpg 300w, https:\/\/www.radiopiu.net\/wordpress\/wp-content\/uploads\/2023\/10\/34f4cfc6-e863-46e9-9695-8df44be63421-1024x1024.jpg 1024w, https:\/\/www.radiopiu.net\/wordpress\/wp-content\/uploads\/2023\/10\/34f4cfc6-e863-46e9-9695-8df44be63421-150x150.jpg 150w, https:\/\/www.radiopiu.net\/wordpress\/wp-content\/uploads\/2023\/10\/34f4cfc6-e863-46e9-9695-8df44be63421-768x768.jpg 768w, https:\/\/www.radiopiu.net\/wordpress\/wp-content\/uploads\/2023\/10\/34f4cfc6-e863-46e9-9695-8df44be63421.jpg 1200w\" sizes=\"auto, (max-width: 81px) 100vw, 81px\" \/><\/a>OGGI ALLA RADIO: <strong>ALLE 7<\/strong> LA RASSEGNA STAMPA LOCALE FLASH, PER CHI COME NOI ALLE SETTE DEL MATTINO VA DI FRETTA, TANTE NOTIZIE IN POCHE CHIACCHIERE. <strong>ALLE OTTO<\/strong> L&#8217;APPROFONDIMENTO NELLA STORICA RASSEGNA STAMPA LOCALE.\u00a0 DALLE 6 ALLE 21, OGNI ORA, L&#8217;INFORMAZIONE NAZIONALE, l&#8217;informazione locale, ALLE 10 flash. 11flash. 14 viabilit\u00e0. 15meteo. 16flash. 17flash. 18flash. 19 i titoli di Antenna 3<\/p>\n<p>oggi alle 8.20 pi\u00f9 siamo con <strong>MARINA DONA&#8217;<\/strong> alle 9.00 premier, le 2 novit\u00e0 musicali di <strong>MARCO GAZ<\/strong> e la musica anni\u00a0 ottanta di <strong>MONICA FONTANIVE<\/strong> alle 10.10 <strong>MICHELA DELL&#8217;OSBE<\/strong>L nello spazio Musla Le nove in ladin alle 10.30 come ogni primo venerdi del mese solidariet\u00e0 veneto fondo pensione con <strong>PAOLO STEFAN\u00a0<\/strong><\/p>\n<blockquote><p><strong><span style=\"color: #0000ff;\">OGGI, ALLE 14 GOLDEN CLASSIC CON MARCO EDELVAIS SPECIALE SETTANTA-OTTANTA\u00a0<\/span><\/strong><\/p>\n<p>&nbsp;<\/p><\/blockquote>\n<\/div>\n<hr \/>\n<\/div>\n<hr \/>\n<hr \/>\n<hr \/>\n<blockquote>\n<blockquote>\n<h1><span style=\"color: #ff0000;\">I podcast informativi del mattino &#8211; audio &#8211;\u00a0<\/span><\/h1>\n<\/blockquote>\n<p><strong><a class=\"dt-pswp-item\" href=\"https:\/\/www.radiopiu.net\/wordpress\/wp-content\/uploads\/2023\/11\/th-10.jpg\" data-dt-img-description=\"\" data-large_image_width=\"320\" data-large_image_height=\"180\"><img loading=\"lazy\" decoding=\"async\" class=\"wp-image-362866 alignleft\" src=\"https:\/\/www.radiopiu.net\/wordpress\/wp-content\/uploads\/2023\/11\/th-10-300x169.jpg\" alt=\"\" width=\"185\" height=\"104\" srcset=\"https:\/\/www.radiopiu.net\/wordpress\/wp-content\/uploads\/2023\/11\/th-10-300x169.jpg 300w, https:\/\/www.radiopiu.net\/wordpress\/wp-content\/uploads\/2023\/11\/th-10.jpg 320w\" sizes=\"auto, (max-width: 185px) 100vw, 185px\" \/><\/a>LA RASSEGNA STAMPA NAZIONALE ALLA RADIO, OGNI GIORNO ALLE 5 E ALLE 6 DEL MATTINO <span style=\"color: #0000ff;\">viene pubblicata alle 6.00 <span style=\"color: #ff0000;\">DIRETTA RADIO\u00a0\u00a0<\/span><\/span><\/strong><\/p>\n<p>&nbsp;<\/p><\/blockquote>\n<p>di STEFANO FAMA&#8217;<\/p>\n<p><strong>Politica<\/strong> Carne coltivata, Ue all&#8217;Italia &#8220;informare sugli sviluppi del DDL.<strong> Economia<\/strong> nuovi incentivi auto per il 2024.<strong> Europa<\/strong> Protesta degli agricoltori a Bruxelles. <strong>Mar Rosso<\/strong> raid Usa in Yemen. Salerno riciclaggio e truffa arrestati commercialisti e imprenditori. <strong>Ferrara<\/strong> operaio schiacciato da un furgone. <strong>Schianto<\/strong> in A1, due morti. <strong>Palermo<\/strong> condannato per mafia il fratello della vedova Schifani <strong>Sport<\/strong> formula uno Hamilton in Ferrari dal mondiale 2025.<\/p>\n<h2>L&#8217;AUDIO<\/h2>\n<audio class=\"wp-audio-shortcode\" id=\"audio-372646-1\" preload=\"none\" style=\"width: 100%;\" controls=\"controls\"><source type=\"audio\/mpeg\" src=\"https:\/\/www.radiopiu.net\/wordpress\/wp-content\/uploads\/2024\/02\/GIORNALEDELLESEI-1.mp3?_=1\" \/><a href=\"https:\/\/www.radiopiu.net\/wordpress\/wp-content\/uploads\/2024\/02\/GIORNALEDELLESEI-1.mp3\">https:\/\/www.radiopiu.net\/wordpress\/wp-content\/uploads\/2024\/02\/GIORNALEDELLESEI-1.mp3<\/a><\/audio>\n<p>&nbsp;<\/p>\n<p>&nbsp;<\/p>\n<hr \/>\n<p>&nbsp;<\/p>\n<h1 style=\"text-align: center;\"><span style=\"color: #ff0000;\">I podcast informativi del mattino &#8211; audio &#8211;\u00a0<\/span><\/h1>\n<p><strong><a class=\"dt-pswp-item\" href=\"https:\/\/www.radiopiu.net\/wordpress\/wp-content\/uploads\/2023\/12\/images.png\" data-dt-img-description=\"\" data-large_image_width=\"316\" data-large_image_height=\"160\"><img loading=\"lazy\" decoding=\"async\" class=\"wp-image-367008 alignleft\" src=\"https:\/\/www.radiopiu.net\/wordpress\/wp-content\/uploads\/2023\/12\/images-300x152.png\" alt=\"\" width=\"235\" height=\"119\" srcset=\"https:\/\/www.radiopiu.net\/wordpress\/wp-content\/uploads\/2023\/12\/images-300x152.png 300w, https:\/\/www.radiopiu.net\/wordpress\/wp-content\/uploads\/2023\/12\/images.png 316w\" sizes=\"auto, (max-width: 235px) 100vw, 235px\" \/><\/a>OGNI GIORNO ALLE SETTE DEL MATTINO, LA RASSEGNA STAMPA LOCALE FLASH&#8230; PER CHI VA IN FRETTA. I TITOLI DAI GIORNALI E DAL SITO WWW.RADIOPIU.NET <span style=\"color: #0000ff;\">viene pubblicato alle 7.00<\/span> <span style=\"color: #ff0000;\">DIRETTA RADIO\u00a0<\/span><\/strong><\/p>\n<p><em><span style=\"color: #ff0000;\">per chi va in fretta&#8230; tante notizie in pochi minuti. L&#8217;informazione locale alla radio, ogni ora dalle 7 del mattino alle 19 della sera.\u00a0 \u00a0<\/span><\/em><\/p>\n<div><strong><a class=\"dt-pswp-item\" href=\"https:\/\/www.radiopiu.net\/wordpress\/wp-content\/uploads\/2024\/02\/d02392b4-bf77-467d-a8b4-599eec23557e.jpg\" data-dt-img-description=\"\" data-large_image_width=\"1600\" data-large_image_height=\"1200\"><img loading=\"lazy\" decoding=\"async\" class=\"wp-image-372711 alignleft\" src=\"https:\/\/www.radiopiu.net\/wordpress\/wp-content\/uploads\/2024\/02\/d02392b4-bf77-467d-a8b4-599eec23557e-300x225.jpg\" alt=\"\" width=\"224\" height=\"168\" srcset=\"https:\/\/www.radiopiu.net\/wordpress\/wp-content\/uploads\/2024\/02\/d02392b4-bf77-467d-a8b4-599eec23557e-300x225.jpg 300w, https:\/\/www.radiopiu.net\/wordpress\/wp-content\/uploads\/2024\/02\/d02392b4-bf77-467d-a8b4-599eec23557e-1024x768.jpg 1024w, https:\/\/www.radiopiu.net\/wordpress\/wp-content\/uploads\/2024\/02\/d02392b4-bf77-467d-a8b4-599eec23557e-768x576.jpg 768w, https:\/\/www.radiopiu.net\/wordpress\/wp-content\/uploads\/2024\/02\/d02392b4-bf77-467d-a8b4-599eec23557e-1536x1152.jpg 1536w, https:\/\/www.radiopiu.net\/wordpress\/wp-content\/uploads\/2024\/02\/d02392b4-bf77-467d-a8b4-599eec23557e.jpg 1600w\" sizes=\"auto, (max-width: 224px) 100vw, 224px\" \/><\/a>LAMON<\/strong>\u00a0 Fumo e fiamme contenute dai vigili del fuoco\u00a0 a causa del malfunzionamento di una pompa dell&#8217;impianto di riscaldamento in un&#8217;abitazione di via Campagna. Casa salvata.<br \/>\n<strong>BELLUNO<\/strong> I nuovi dirigenti si dice siano al lavoro da tempo per trovare le giuste soluzioni, si dice che a &#8220;breve&#8221; si vedranno i risultati. Per ora i bellunesi notano 47 corse definitivamente tagliate<br \/>\n<strong>PONTE CHIUSO<\/strong>, DALLE CODE ALLA &#8220;NORMALITA'&#8221; BELLUNO La viabilit\u00e0 alternativa proposta dal Comune ha funzionato, evitando il paralizzarsi della citt\u00e0.<br \/>\n<strong>BELLUNO<\/strong> Coldiretti Belluno con Carolina Da Rold, Marco Vuerich e il vicedirettore Michele Nenz, ha partecipato a una protesta a Bruxelles contro le politiche agricole dell&#8217;Unione Europea<br \/>\n<strong>TAIBON<\/strong> La Noris\u00a0 dei &#8220;bertuz&#8221;\u00a0 era il volto noto nel suo panificio sulla strada per la chiesa e per le scuole elementari. Domani i funerali.<br \/>\n<strong>BELLUNO<\/strong> Il giudice Enrica Marson ha preso tempo rinviando l&#8217;udienza per il caso del figlio di Diego Feltrin che mor\u00ec dopo aver ingerito hashish. Feltrin \u00e8 indagato per omicidio colposo e spaccio di droga. La Procura ha accordato il patteggiamento di 2 anni, sentenza a met\u00e0 febbraio.<br \/>\n<strong>GIOVANI E STARTUP,<\/strong> A MIDO 2024 L\u2019OCCHIALERIA BELLUNESE GUARDA AL FUTURO CON LA DOLOMITI INNOVATION VALLEY<\/div>\n<h2>AUDIO<\/h2>\n<audio class=\"wp-audio-shortcode\" id=\"audio-372646-2\" preload=\"none\" style=\"width: 100%;\" controls=\"controls\"><source type=\"audio\/mpeg\" src=\"https:\/\/www.radiopiu.net\/wordpress\/wp-content\/uploads\/2024\/02\/GF07-1.mp3?_=2\" \/><a href=\"https:\/\/www.radiopiu.net\/wordpress\/wp-content\/uploads\/2024\/02\/GF07-1.mp3\">https:\/\/www.radiopiu.net\/wordpress\/wp-content\/uploads\/2024\/02\/GF07-1.mp3<\/a><\/audio>\n<p>&nbsp;<\/p>\n<p>&nbsp;<\/p>\n<hr \/>\n<p>&nbsp;<\/p>\n<h1><\/h1>\n<h1 style=\"text-align: center;\"><span style=\"color: #ff0000;\">I podcast informativi del mattino &#8211; audio &#8211;\u00a0<\/span><\/h1>\n<blockquote><p><strong><a class=\"dt-pswp-item\" href=\"https:\/\/www.radiopiu.net\/wordpress\/wp-content\/uploads\/2024\/02\/425290515_10231293386615467_1580830812978036868_n.jpg\" data-dt-img-description=\"\" data-large_image_width=\"2048\" data-large_image_height=\"1536\"><img loading=\"lazy\" decoding=\"async\" class=\"wp-image-372729 alignleft\" src=\"https:\/\/www.radiopiu.net\/wordpress\/wp-content\/uploads\/2024\/02\/425290515_10231293386615467_1580830812978036868_n-300x225.jpg\" alt=\"\" width=\"151\" height=\"113\" srcset=\"https:\/\/www.radiopiu.net\/wordpress\/wp-content\/uploads\/2024\/02\/425290515_10231293386615467_1580830812978036868_n-300x225.jpg 300w, https:\/\/www.radiopiu.net\/wordpress\/wp-content\/uploads\/2024\/02\/425290515_10231293386615467_1580830812978036868_n-1024x768.jpg 1024w, https:\/\/www.radiopiu.net\/wordpress\/wp-content\/uploads\/2024\/02\/425290515_10231293386615467_1580830812978036868_n-768x576.jpg 768w, https:\/\/www.radiopiu.net\/wordpress\/wp-content\/uploads\/2024\/02\/425290515_10231293386615467_1580830812978036868_n-1536x1152.jpg 1536w, https:\/\/www.radiopiu.net\/wordpress\/wp-content\/uploads\/2024\/02\/425290515_10231293386615467_1580830812978036868_n.jpg 2048w\" sizes=\"auto, (max-width: 151px) 100vw, 151px\" \/><\/a>GIORNALE RADIO NAZIONALE, EDIZIONE DELLE SETTE <span style=\"color: #0000ff;\">viene pubblicato alle 7.05 <span style=\"color: #ff0000;\">DIRETTA RADIO\u00a0<\/span><\/span><\/strong><\/p><\/blockquote>\n<p><strong>il giornale radionazionale e&#8217; in onda ogni ora, dalle sette del mattino alle venti della sera\u00a0\u00a0<\/strong><\/p>\n<h2><\/h2>\n<h2>AUDIO<\/h2>\n<p>Si \u00e8 conclusa la vicenda dei 7 dipendenti <strong>ostaggi<\/strong> di uomo armato. Israele 119 giorni di guerra, pronte le ritorsioni conto l&#8217;Iran. SItuazione tesa nel <strong>Mar Rosso<\/strong> al largo dello Yemen.<strong> Fossa comune<\/strong> 30 corpi di palestinesi. <strong>Stellantis<\/strong>-Governo, toni accesi. <strong>Salis<\/strong>-Lega si alzano i toni, Salvini querelato. <strong>Protesta<\/strong> degli agricoltori, Europa invasa. Hamilton il nuovo pilota della <strong>Ferrari <\/strong>dal 2025<\/p>\n<audio class=\"wp-audio-shortcode\" id=\"audio-372646-3\" preload=\"none\" style=\"width: 100%;\" controls=\"controls\"><source type=\"audio\/mpeg\" src=\"https:\/\/www.radiopiu.net\/wordpress\/wp-content\/uploads\/2024\/02\/giornale07-1.mp3?_=3\" \/><a href=\"https:\/\/www.radiopiu.net\/wordpress\/wp-content\/uploads\/2024\/02\/giornale07-1.mp3\">https:\/\/www.radiopiu.net\/wordpress\/wp-content\/uploads\/2024\/02\/giornale07-1.mp3<\/a><\/audio>\n<p>&nbsp;<\/p>\n<hr \/>\n<p>&nbsp;<\/p>\n<p>&nbsp;<\/p>\n<h1><span style=\"color: #ff0000;\">I podcast informativi del mattino &#8211; video &#8211;\u00a0<\/span><\/h1>\n<h2><strong><a class=\"dt-pswp-item\" href=\"https:\/\/www.radiopiu.net\/wordpress\/wp-content\/uploads\/2023\/12\/th-10.jpg\" data-dt-img-description=\"\" data-large_image_width=\"245\" data-large_image_height=\"180\"><img loading=\"lazy\" decoding=\"async\" class=\" wp-image-367395 alignleft\" src=\"https:\/\/www.radiopiu.net\/wordpress\/wp-content\/uploads\/2023\/12\/th-10.jpg\" alt=\"\" width=\"166\" height=\"122\" \/><\/a>RASSEGNA STAMPA LOCALE, ORE OTTO 05<\/strong><\/h2>\n<h2><strong> <span style=\"color: #0000ff;\">viene\u00a0 <\/span><\/strong><strong><span style=\"color: #0000ff;\">pubblicata alle 8.05 <span style=\"color: #ff0000;\">DIRETTA RADIO\u00a0\u00a0<\/span><\/span><\/strong><\/h2>\n<p>&nbsp;<\/p>\n<p><strong><a class=\"dt-pswp-item\" href=\"https:\/\/www.radiopiu.net\/wordpress\/wp-content\/uploads\/2024\/02\/RACITI.png\" data-dt-img-description=\"\" data-large_image_width=\"692\" data-large_image_height=\"314\"><img loading=\"lazy\" decoding=\"async\" class=\"wp-image-372701 alignleft\" src=\"https:\/\/www.radiopiu.net\/wordpress\/wp-content\/uploads\/2024\/02\/RACITI-300x136.png\" alt=\"\" width=\"163\" height=\"74\" srcset=\"https:\/\/www.radiopiu.net\/wordpress\/wp-content\/uploads\/2024\/02\/RACITI-300x136.png 300w, https:\/\/www.radiopiu.net\/wordpress\/wp-content\/uploads\/2024\/02\/RACITI.png 692w\" sizes=\"auto, (max-width: 163px) 100vw, 163px\" \/><\/a>belluno<\/strong> UNA GIORNATA CONTRO LA VIOLENZA NEL RICORDO DI FILIPPO RACITI. L&#8217;APPELLO DEL SAP PER UN CAMBIAMENTO POSITIVO NELLO SPORT&#8221;<br \/>\n<strong>livinallongo<\/strong> STRADA DI ZORZ. DE BATTISTA &#8220;IL SINDACO PUO&#8217; RITIRARE I PERMESSI, MA LE CONSEGUENZE SARANNO GRAVI PER TUTTO IL PAESE&#8221;<br \/>\n<strong>BELLUNO<\/strong> Ieri a Palazzo Rosso un incontro con la delegazione bellunese dell&#8217;ANVCG in occasione della Giornata\u00a0Nazionale delle vittime civili delle guerre e dei conflitti.<br \/>\n<strong>sedico<\/strong> BRANCO DI LUPI SBRANA CAVALLA AL CENTRO DEI CARABINIERI FORESTALI ieri sera il servizio di ANTENNA 3 con Fabio Fioravanzi, oggi alla radio.<br \/>\n<strong>belluno<\/strong> SICURI E A LUNGO IN CASA PROPRIA\u2019 PARTE IL PROGETTO DI DOMICILIARITA\u2019 PER ANZIANI<br \/>\n<strong>venezia<\/strong> UNA CHIACCHIERATA CON SILVIA CESTARO, CONSIGLIERE REGIONALE sul sito di RADIOPIU.<br \/>\n<strong>redazione<\/strong> EL BAL DEL FIOR, DETTI E MODI DI DIRE CON GIULIANA DA RONCH da lunedi il nuovo programma<br \/>\n<strong>redazione<\/strong> CIAK SI GIRA, IL PROGRAMMA DI PAOLA LANCIATO in onda da lunedi<\/p>\n<h2>AUDIO VIENE PUBBLICATO ATTORNO ALLE OTTO DEL MATTINO<\/h2>\n<p><iframe loading=\"lazy\" title=\"DAL 1983 LA RASSEGNA STAMPA LOCALE di mirko mezzacasa. L&#039;ORIGINALE\" width=\"1200\" height=\"675\" src=\"https:\/\/www.youtube.com\/embed\/GwF2G67nwvA?feature=oembed\" frameborder=\"0\" allow=\"accelerometer; autoplay; clipboard-write; encrypted-media; gyroscope; picture-in-picture; web-share\" allowfullscreen><\/iframe><\/p>\n<p>&nbsp;<\/p>\n<hr \/>\n<p>&nbsp;<\/p>\n<blockquote>\n<h3>PRINCIPIO D&#8217;INCEDIO A LAMON<\/h3>\n<\/blockquote>\n<p><strong><a class=\"dt-pswp-item\" href=\"https:\/\/www.radiopiu.net\/wordpress\/wp-content\/uploads\/2020\/04\/Lamon-4.jpg\" data-dt-img-description=\"\" data-large_image_width=\"1024\" data-large_image_height=\"768\"><img loading=\"lazy\" decoding=\"async\" class=\"wp-image-128216 alignleft\" src=\"https:\/\/www.radiopiu.net\/wordpress\/wp-content\/uploads\/2020\/04\/Lamon-4-300x225.jpg\" alt=\"\" width=\"163\" height=\"122\" srcset=\"https:\/\/www.radiopiu.net\/wordpress\/wp-content\/uploads\/2020\/04\/Lamon-4-300x225.jpg 300w, https:\/\/www.radiopiu.net\/wordpress\/wp-content\/uploads\/2020\/04\/Lamon-4-768x576.jpg 768w, https:\/\/www.radiopiu.net\/wordpress\/wp-content\/uploads\/2020\/04\/Lamon-4.jpg 1024w\" sizes=\"auto, (max-width: 163px) 100vw, 163px\" \/><\/a>LAMON<\/strong>\u00a0 Fumo e fiamme contenute dai vigili del fuoco\u00a0 a causa del malfunzionamento di una pompa dell&#8217;impianto di riscaldamento in un&#8217;abitazione di via Campagna. Il fumo impenetrabile nel sottotetto ha richiesto un grande spiegamento di forze. L&#8217;allarme \u00e8 stato dato poco prima delle 8 da un vicino di casa. Tre persone erano presenti nell&#8217;edificio, ma non si erano accorte dell&#8217;incidente.\u00a0 Nonostante la complessit\u00e0, l&#8217;abitazione \u00e8 stata salvata con danni limitati. L&#8217;intervento \u00e8 durato quasi tre ore.<\/p>\n<p>&nbsp;<\/p>\n<p>&nbsp;<\/p>\n<hr \/>\n<p>&nbsp;<\/p>\n<blockquote>\n<h3><a class=\"dt-pswp-item\" href=\"https:\/\/www.radiopiu.net\/wordpress\/wp-content\/uploads\/2021\/10\/9396bbfc-2818-4225-b55d-9a56c39206f1.jpg\" data-dt-img-description=\"\" data-large_image_width=\"1599\" data-large_image_height=\"899\"><img loading=\"lazy\" decoding=\"async\" class=\"wp-image-237486 alignleft\" src=\"https:\/\/www.radiopiu.net\/wordpress\/wp-content\/uploads\/2021\/10\/9396bbfc-2818-4225-b55d-9a56c39206f1-300x169.jpg\" alt=\"\" width=\"211\" height=\"119\" srcset=\"https:\/\/www.radiopiu.net\/wordpress\/wp-content\/uploads\/2021\/10\/9396bbfc-2818-4225-b55d-9a56c39206f1-300x169.jpg 300w, https:\/\/www.radiopiu.net\/wordpress\/wp-content\/uploads\/2021\/10\/9396bbfc-2818-4225-b55d-9a56c39206f1-1024x576.jpg 1024w, https:\/\/www.radiopiu.net\/wordpress\/wp-content\/uploads\/2021\/10\/9396bbfc-2818-4225-b55d-9a56c39206f1-768x432.jpg 768w, https:\/\/www.radiopiu.net\/wordpress\/wp-content\/uploads\/2021\/10\/9396bbfc-2818-4225-b55d-9a56c39206f1-1536x864.jpg 1536w, https:\/\/www.radiopiu.net\/wordpress\/wp-content\/uploads\/2021\/10\/9396bbfc-2818-4225-b55d-9a56c39206f1.jpg 1599w\" sizes=\"auto, (max-width: 211px) 100vw, 211px\" \/><\/a>PROBLEMI DIMENTICATI? NEI GIORNI FESTIVI TORNA DI MODA L&#8217;AUTOSTOP. GRAZIE DOLOMITIBUS!<\/h3>\n<\/blockquote>\n<p><strong>BELLUNO<\/strong> I nuovi dirigenti si dice siano al lavoro da tempo per trovare le giuste soluzioni, si dice che a &#8220;breve&#8221; si vedranno i risultati. Per ora i bellunesi, oltre all&#8217;aumento degli abbonamenti di cose nuove in effetti ne hanno viste: 47 corse definitivamente tagliate, assenza di bus nei giorni di festa <em>&#8220;Perch\u00e9 non ci sono utenti&#8221;<\/em> dir\u00e0 qualcuno. <em>Balle:<\/em> perch\u00e9 non c&#8217;\u00e8 servizio da mesi, da anni e gli sudditi si arrangiano in altro modo: trasporto privato in primis e autostop se necessario.<\/p>\n<p>&nbsp;<\/p>\n<p>&nbsp;<\/p>\n<hr \/>\n<p>&nbsp;<\/p>\n<blockquote>\n<h3>PONTE CHIUSO, DALLE CODE ALLA &#8220;NORMALITA'&#8221;<\/h3>\n<\/blockquote>\n<p><strong><a class=\"dt-pswp-item\" href=\"https:\/\/www.radiopiu.net\/wordpress\/wp-content\/uploads\/2023\/07\/ponte-veneggia_edited.jpg\" data-dt-img-description=\"\" data-large_image_width=\"1000\" data-large_image_height=\"703\"><img loading=\"lazy\" decoding=\"async\" class=\"wp-image-344750 alignleft\" src=\"https:\/\/www.radiopiu.net\/wordpress\/wp-content\/uploads\/2023\/07\/ponte-veneggia_edited-300x211.jpg\" alt=\"\" width=\"196\" height=\"138\" srcset=\"https:\/\/www.radiopiu.net\/wordpress\/wp-content\/uploads\/2023\/07\/ponte-veneggia_edited-300x211.jpg 300w, https:\/\/www.radiopiu.net\/wordpress\/wp-content\/uploads\/2023\/07\/ponte-veneggia_edited-768x540.jpg 768w, https:\/\/www.radiopiu.net\/wordpress\/wp-content\/uploads\/2023\/07\/ponte-veneggia_edited.jpg 1000w\" sizes=\"auto, (max-width: 196px) 100vw, 196px\" \/><\/a>BELLUNO<\/strong> La viabilit\u00e0 alternativa proposta dal Comune ha funzionato, evitando il paralizzarsi della citt\u00e0. La Polizia locale ha gestito le criticit\u00e0 lungo via Tiziano Vecellio e alla rotatoria di Nogar\u00e8, potenziando la segnaletica e informando gli automobilisti sulle deviazioni.\u00a0 Alcuni punti critici sono emersi, come il traffico congestionato in via degli Agricoltori e ignoranza del segnale di Stop in via Tiziano Vecellio all&#8217;incrocio con via Del Candel. La Polizia Locale ha adottato misure correttive.<\/p>\n\n\t\t\t<style type='text\/css'>\n\t\t\t\t#gallery-1 {\n\t\t\t\t\tmargin: auto;\n\t\t\t\t}\n\t\t\t\t#gallery-1 .gallery-item {\n\t\t\t\t\tfloat: left;\n\t\t\t\t\tmargin-top: 10px;\n\t\t\t\t\ttext-align: center;\n\t\t\t\t\twidth: 50%;\n\t\t\t\t}\n\t\t\t\t#gallery-1 img {\n\t\t\t\t\tborder: 2px solid #cfcfcf;\n\t\t\t\t}\n\t\t\t\t#gallery-1 .gallery-caption {\n\t\t\t\t\tmargin-left: 0;\n\t\t\t\t}\n\t\t\t\t\/* see gallery_shortcode() in wp-includes\/media.php *\/\n\t\t\t<\/style>\n\t\t<div id='gallery-1' class='dt-gallery-container gallery galleryid-372646 gallery-columns-2 gallery-size-thumbnail'><dl class='gallery-item'>\n\t\t\t\t<dt class='gallery-icon landscape'>\n\t\t\t\t\t<a class=\"rollover rollover-zoom dt-pswp-item\" title=\"Senza nome\" data-dt-img-description=\"\" data-large_image_width=\"245\" data-large_image_height=\"144\"href='https:\/\/www.radiopiu.net\/wordpress\/wp-content\/uploads\/2024\/02\/Senza-nome-5.png'><img loading=\"lazy\" decoding=\"async\" width=\"150\" height=\"144\" src=\"https:\/\/www.radiopiu.net\/wordpress\/wp-content\/uploads\/2024\/02\/Senza-nome-5-150x144.png\" class=\"attachment-thumbnail size-thumbnail\" alt=\"\" \/><\/a>\n\t\t\t\t<\/dt><\/dl><dl class='gallery-item'>\n\t\t\t\t<dt class='gallery-icon landscape'>\n\t\t\t\t\t<a class=\"rollover rollover-zoom dt-pswp-item\" title=\"a480f701-46ed-4b5f-bbb0-969d889623cb\" data-dt-img-description=\"\" data-large_image_width=\"742\" data-large_image_height=\"458\"href='https:\/\/www.radiopiu.net\/wordpress\/wp-content\/uploads\/2024\/01\/a480f701-46ed-4b5f-bbb0-969d889623cb.jpg'><img loading=\"lazy\" decoding=\"async\" width=\"150\" height=\"150\" src=\"https:\/\/www.radiopiu.net\/wordpress\/wp-content\/uploads\/2024\/01\/a480f701-46ed-4b5f-bbb0-969d889623cb-150x150.jpg\" class=\"attachment-thumbnail size-thumbnail\" alt=\"\" \/><\/a>\n\t\t\t\t<\/dt><\/dl><br style=\"clear: both\" \/>\n\t\t\t<\/div>\n\n<p>&nbsp;<\/p>\n<hr \/>\n<p>&nbsp;<\/p>\n<blockquote>\n<h3>ANCHE GLI AGRICOLTORI BELLUNESI A BRUXELLES<\/h3>\n<\/blockquote>\n<p><strong><a class=\"dt-pswp-item\" href=\"https:\/\/www.radiopiu.net\/wordpress\/wp-content\/uploads\/2024\/02\/425288538_10231293386975476_396851275949573887_n.jpg\" data-dt-img-description=\"\" data-large_image_width=\"2048\" data-large_image_height=\"1536\"><img loading=\"lazy\" decoding=\"async\" class=\" wp-image-372727 alignleft\" src=\"https:\/\/www.radiopiu.net\/wordpress\/wp-content\/uploads\/2024\/02\/425288538_10231293386975476_396851275949573887_n-300x225.jpg\" alt=\"\" width=\"193\" height=\"145\" srcset=\"https:\/\/www.radiopiu.net\/wordpress\/wp-content\/uploads\/2024\/02\/425288538_10231293386975476_396851275949573887_n-300x225.jpg 300w, https:\/\/www.radiopiu.net\/wordpress\/wp-content\/uploads\/2024\/02\/425288538_10231293386975476_396851275949573887_n-1024x768.jpg 1024w, https:\/\/www.radiopiu.net\/wordpress\/wp-content\/uploads\/2024\/02\/425288538_10231293386975476_396851275949573887_n-768x576.jpg 768w, https:\/\/www.radiopiu.net\/wordpress\/wp-content\/uploads\/2024\/02\/425288538_10231293386975476_396851275949573887_n-1536x1152.jpg 1536w, https:\/\/www.radiopiu.net\/wordpress\/wp-content\/uploads\/2024\/02\/425288538_10231293386975476_396851275949573887_n.jpg 2048w\" sizes=\"auto, (max-width: 193px) 100vw, 193px\" \/><\/a>BELLUNO<\/strong> Coldiretti Belluno con Carolina Da Rold, Marco Vuerich e il vicedirettore Michele Nenz, ha partecipato a una protesta a Bruxelles contro le politiche agricole dell&#8217;Unione Europea. La principale preoccupazione riguarda la richiesta dell&#8217;UE di lasciare una parte dei terreni a riposo, il che, in montagna, rappresenta un problema per le aziende agricole locali a causa delle dimensioni ridotte dei terreni. Inoltre, la modalit\u00e0 imposta dall&#8217;UE per la messa a riposo \u00e8 impraticabile per gli agricoltori della zona.\u00a0 I giovani di Coldiretti, in vista delle prossime elezioni europee, ritengono importante rappresentare la voce della montagna e degli agricoltori locali<\/p>\n<p>&nbsp;<\/p>\n<hr \/>\n<p>&nbsp;<\/p>\n<blockquote>\n<h3>L&#8217;ADDIO A NORIS SOCCOL,\u00a0 GIA&#8217; COLONNA DEL COMMERCIO DI PAESE<\/h3>\n<\/blockquote>\n<p><strong><a class=\"dt-pswp-item\" href=\"https:\/\/www.radiopiu.net\/wordpress\/wp-content\/uploads\/2024\/02\/Senza-nome-4.png\" data-dt-img-description=\"\" data-large_image_width=\"223\" data-large_image_height=\"197\"><img loading=\"lazy\" decoding=\"async\" class=\"wp-image-372731 alignleft\" src=\"https:\/\/www.radiopiu.net\/wordpress\/wp-content\/uploads\/2024\/02\/Senza-nome-4.png\" alt=\"\" width=\"139\" height=\"123\" \/><\/a>TAIBON<\/strong> La Noris\u00a0 dei &#8220;bertuz&#8221;\u00a0 era il volto noto nel suo panificio sulla strada per la chiesa e per le scuole elementari. Il negozio di alimentari in centro al paese,\u00a0 accanto al Barbiere e alla macelleria dell&#8217;Arrigo Cadorin, difronte a quello che era il mega bazar di Taibon e al Bar cooperativa della Graziella. Dagli anni Sessanta questa era la via di Taibon e Noris ne ha fatto parte a tutti gli effetti. E&#8217; mancata a 81 anni lasciando nel dolore i figli Umberto e Chiara e i fratelli Claudio e Nives.<\/p>\n<p>I funerali domani alle 14.30 a Taibon<\/p>\n<blockquote><p><em>Noris era la sposa di Armando Dal Pont originario di Alleghe, l&#8217;uomo della Sip gi\u00e0 grande amico di questa radio. Ad Umberto, Chiara e parenti tutti l&#8217;abbraccio della redazione.<\/em><\/p><\/blockquote>\n<p>&nbsp;<\/p>\n<hr \/>\n<p>&nbsp;<\/p>\n<p>&nbsp;<\/p>\n<blockquote>\n<h3><a class=\"dt-pswp-item\" href=\"https:\/\/www.radiopiu.net\/wordpress\/wp-content\/uploads\/2024\/02\/th.jpg\" data-dt-img-description=\"\" data-large_image_width=\"329\" data-large_image_height=\"180\"><img loading=\"lazy\" decoding=\"async\" class=\"wp-image-372730 alignleft\" src=\"https:\/\/www.radiopiu.net\/wordpress\/wp-content\/uploads\/2024\/02\/th-300x164.jpg\" alt=\"\" width=\"166\" height=\"91\" srcset=\"https:\/\/www.radiopiu.net\/wordpress\/wp-content\/uploads\/2024\/02\/th-300x164.jpg 300w, https:\/\/www.radiopiu.net\/wordpress\/wp-content\/uploads\/2024\/02\/th.jpg 329w\" sizes=\"auto, (max-width: 166px) 100vw, 166px\" \/><\/a>NICOLO&#8217;, MORTO PER DROGA. PATTEGGIAMENTO DEL PADRE RINVIATO<\/h3>\n<\/blockquote>\n<p><strong>BELLUNO<\/strong> Il giudice Enrica Marson ha preso tempo rinviando l&#8217;udienza per il caso del figlio di Diego Feltrin che mor\u00ec dopo aver ingerito hashish. Feltrin \u00e8 indagato per omicidio colposo e spaccio di droga. La Procura ha accordato il patteggiamento di 2 anni, sentenza a met\u00e0 febbraio.<\/p>\n<p>&nbsp;<\/p>\n<hr \/>\n<p>&nbsp;<\/p>\n<p><strong><a class=\"dt-pswp-item\" href=\"https:\/\/www.radiopiu.net\/wordpress\/wp-content\/uploads\/2024\/02\/333-2021-FORNO-DI-ZOLDO-BL-AL-VIA-I-LAVORI-SUL-MAEu2019.-ASSESSORE-BOTTACIN-CON-150.000-EURO-ALTRO-IMPORTANTE-INVESTIMENTO-PER-LA-SICUREZZA-DELLA-VALLE-1-300x225-1.jpg\" data-dt-img-description=\"\" data-large_image_width=\"300\" data-large_image_height=\"225\"><img loading=\"lazy\" decoding=\"async\" class=\"wp-image-372740 alignleft\" src=\"https:\/\/www.radiopiu.net\/wordpress\/wp-content\/uploads\/2024\/02\/333-2021-FORNO-DI-ZOLDO-BL-AL-VIA-I-LAVORI-SUL-MAEu2019.-ASSESSORE-BOTTACIN-CON-150.000-EURO-ALTRO-IMPORTANTE-INVESTIMENTO-PER-LA-SICUREZZA-DELLA-VALLE-1-300x225-1.jpg\" alt=\"\" width=\"175\" height=\"131\" \/><\/a><\/strong><\/p>\n<p><strong>REDAZIONE<\/strong> Due gli interventi del Suem nella giornata di ieri, due quelli principali. A Col Perer di Arsi\u00e8 soccorso un uomo di 88 anni travolto dal trattore e trasportato all&#8217;ospedale di Feltre<\/p>\n<p><strong>VAL DI ZOLDO<\/strong> Alle 18.23 di ieri sera l&#8217;elicottero Falco \u00e8 stato chiamato in auto di un uomo di 46 anni di Belluno per intossicazione. L&#8217;uomo \u00e8 stato portato all&#8217;ospedale San Martino di Belluno, non \u00e8 in pericolo di vita.<\/p>\n<p><strong>IERI IN PISTA:<\/strong> PISTE : COMPRENSORIO CORTINA: 9 INTERVENTI,\u00a0 COMPRENSORIO ARABBA: 3, COMPRENSORIO CIVETTA: 2,\u00a0 COMPRENSORIO FELTRINO: 1, COMPRENSORIO AURONZO : 1<\/p>\n<p>&nbsp;<\/p>\n<hr \/>\n<p>&nbsp;<\/p>\n<blockquote>\n<h2>LE RAGIONI DELL&#8217;ACC RICONOSCIUTE DAL TRIBUNALE EUROPEO<\/h2>\n<\/blockquote>\n<p><strong><img loading=\"lazy\" decoding=\"async\" class=\"alignleft\" src=\"https:\/\/www.radiopiu.net\/wordpress\/wp-content\/uploads\/2021\/07\/26677e5c-cf7b-478a-91e9-44fd0d3bc8e3.jpg\" width=\"275\" height=\"206\" \/>BORGO VALBELLUNA<\/strong> Il Tribunale dell&#8217;Unione Europea ha dato ragione ad Acc, annullando la decisione della Commissione Europea che autorizzava Nidec a riacquisire la linea Delta di compressori per refrigerazione. La sentenza sottolinea le ragioni industriali e sociali della posizione italiana, ribadendo la decisione della Commissione di non autorizzare i finanziamenti. La Commissione aveva sostenuto che l&#8217;importazione di compressori dal Far East avrebbe comportato limitati danni sociali, ma maggiori benefici economici per i consumatori a causa dei minori prezzi dei prodotti asiatici. Tuttavia, questa decisione ha portato alla chiusura della fabbrica di Acc, unico produttore in Europa. Si solleva la questione su cosa abbiano fatto i governi successivi per difendere Acc dalla concorrenza asiatica. &#8220;Nonostante gli sforzi dei lavoratori e del commissario straordinario &#8211; dice Stefano Bona della Cgil &#8211;\u00a0 il progetto Italcomp non \u00e8 stato adeguatamente sostenuto, e la situazione \u00e8 stata derisa persino dal ministro dell&#8217;economia in carica&#8221;. Nonostante l&#8217;amarezza e la delusione, i lavoratori sono pronti a lottare e hanno dato mandato ai loro avvocati di verificare la possibilit\u00e0 di procedere contro la Commissione Europea. Sperano che la loro vicenda possa servire da monito per le scelte future riguardanti il patrimonio industriale e sociale dell&#8217;elettrodomestico italiano.<em> &#8220;Insieme al commissario Maurizio Castro &#8211; conclude Bona &#8211; ci auguriamo che la nostra vicenda sia da monito per le scelte che incombono su quel che resta del grande patrimonio industriale e sociale dell&#8217;elettrodomestico italiano del quale Zanussi Mel \u00e8 stata per anni grande e orgogliosa protagonista&#8221;.<\/em><\/p>\n<div class=\"flex items-center gap-1.5 text-xs\"><\/div>\n<p>&nbsp;<\/p>\n<hr \/>\n<p>&nbsp;<\/p>\n<blockquote>\n<h3>GIOVANI E STARTUP, A MIDO 2024 L\u2019OCCHIALERIA BELLUNESE GUARDA AL FUTURO CON LA DOLOMITI INNOVATION VALLEY<\/h3>\n<\/blockquote>\n<p><strong><a class=\"dt-pswp-item\" href=\"https:\/\/www.radiopiu.net\/wordpress\/wp-content\/uploads\/2022\/08\/Collezione-occhiale-Valeria-Zucco.jpg\" data-dt-img-description=\"\" data-large_image_width=\"1000\" data-large_image_height=\"577\"><img loading=\"lazy\" decoding=\"async\" class=\" wp-image-292247 alignleft\" src=\"https:\/\/www.radiopiu.net\/wordpress\/wp-content\/uploads\/2022\/08\/Collezione-occhiale-Valeria-Zucco-300x173.jpg\" alt=\"\" width=\"172\" height=\"99\" srcset=\"https:\/\/www.radiopiu.net\/wordpress\/wp-content\/uploads\/2022\/08\/Collezione-occhiale-Valeria-Zucco-300x173.jpg 300w, https:\/\/www.radiopiu.net\/wordpress\/wp-content\/uploads\/2022\/08\/Collezione-occhiale-Valeria-Zucco-768x443.jpg 768w, https:\/\/www.radiopiu.net\/wordpress\/wp-content\/uploads\/2022\/08\/Collezione-occhiale-Valeria-Zucco.jpg 1000w\" sizes=\"auto, (max-width: 172px) 100vw, 172px\" \/><\/a>BELLUNO<\/strong> Il mondo dell&#8217;occhialeria bellunese sar\u00e0 presente a Mido 2024 con un approccio orientato al futuro, puntando su giovani e startup. Confindustria Belluno Dolomiti sar\u00e0 presente con uno stand nel padiglione principale per raccogliere i fabbisogni di innovazione delle imprese. La rappresentanza delle aziende dell&#8217;occhiale sar\u00e0 composta da circa 50 imprese di diverse dimensioni, dal Cadore al Basso Feltrino. L&#8217;obiettivo \u00e8 mostrare l&#8217;orgoglio dell&#8217;eccellenza nel Made in Italy e promuovere l&#8217;innovazione, coinvolgendo anche giovani startupper. Inoltre, sar\u00e0 presentato il progetto Dolomiti Innovation Valley, che coinvolge aziende, centri di ricerca e startup nell&#8217;occhialeria. La presenza di giovani professionisti \u00e8 considerata cruciale per la crescita sostenibile del settore.<\/p>\n<p>&nbsp;<\/p>\n<p>&nbsp;<\/p>\n<hr \/>\n<p>&nbsp;<\/p>\n<blockquote>\n<h3>WHISTLEBLOWING E LEGGE DI BILANCIO: LE NOVIT\u00c0 PER LAVORATORI E IMPRESE<\/h3>\n<\/blockquote>\n<p><strong><a class=\"dt-pswp-item\" href=\"https:\/\/www.radiopiu.net\/wordpress\/wp-content\/uploads\/2024\/02\/Convegno-Whistleblowing-Tavolo-relatori-2-scaled.jpg\" data-dt-img-description=\"\" data-large_image_width=\"2560\" data-large_image_height=\"1707\"><img loading=\"lazy\" decoding=\"async\" class=\" wp-image-372674 alignleft\" src=\"https:\/\/www.radiopiu.net\/wordpress\/wp-content\/uploads\/2024\/02\/Convegno-Whistleblowing-Tavolo-relatori-2-300x200.jpg\" alt=\"\" width=\"177\" height=\"118\" srcset=\"https:\/\/www.radiopiu.net\/wordpress\/wp-content\/uploads\/2024\/02\/Convegno-Whistleblowing-Tavolo-relatori-2-300x200.jpg 300w, https:\/\/www.radiopiu.net\/wordpress\/wp-content\/uploads\/2024\/02\/Convegno-Whistleblowing-Tavolo-relatori-2-1024x683.jpg 1024w, https:\/\/www.radiopiu.net\/wordpress\/wp-content\/uploads\/2024\/02\/Convegno-Whistleblowing-Tavolo-relatori-2-768x512.jpg 768w, https:\/\/www.radiopiu.net\/wordpress\/wp-content\/uploads\/2024\/02\/Convegno-Whistleblowing-Tavolo-relatori-2-1536x1024.jpg 1536w, https:\/\/www.radiopiu.net\/wordpress\/wp-content\/uploads\/2024\/02\/Convegno-Whistleblowing-Tavolo-relatori-2-2048x1365.jpg 2048w\" sizes=\"auto, (max-width: 177px) 100vw, 177px\" \/><\/a>BELLUNO<\/strong> Il convegno organizzato dall&#8217;Ordine provinciale dei Consulenti del Lavoro di Belluno e dall&#8217;Istituto Scolastico Superiore Paritario \u201cAbate Zanetti\u201d di Murano ha affrontato le nuove regole del whistleblowing e i punti principali della Legge di Bilancio 2024. Le nuove regole del whistleblowing si estendono a tutte le aziende con almeno 50 dipendenti, coinvolgendo numerosi lavoratori bellunesi. La Legge di Bilancio conferma l&#8217;attenzione al turismo con bonus per i lavoratori del settore. Alcuni punti chiave comprendono l&#8217;abbattimento del cuneo contributivo, nuovi esoneri contributivi per le lavoratrici madri, e restringimenti per alcune forme di pensionamento anticipato. Il convegno ha coinvolto esperti, consulenti del lavoro e rappresentanti dell&#8217;istruzione.<\/p>\n<p><strong>MICHELE DA BACCO, CONSULENTE DEL LAVORO<\/strong><\/p>\n<p><iframe loading=\"lazy\" title=\"Michele Da Bacco   Consulente del Lavoro\" width=\"1200\" height=\"675\" src=\"https:\/\/www.youtube.com\/embed\/2WTrerewGtE?feature=oembed\" frameborder=\"0\" allow=\"accelerometer; autoplay; clipboard-write; encrypted-media; gyroscope; picture-in-picture; web-share\" allowfullscreen><\/iframe><\/p>\n<p>&nbsp;<\/p>\n<p>&nbsp;<\/p>\n<hr \/>\n<p>&nbsp;<\/p>\n<blockquote>\n<h3>PISTA DA BOB: LA SODDISFAZIONE DEL BOB CLUB CORTINA<\/h3>\n<\/blockquote>\n<p><strong><a class=\"dt-pswp-item\" href=\"https:\/\/www.radiopiu.net\/wordpress\/wp-content\/uploads\/2022\/03\/Bob1_BC.jpg\" data-dt-img-description=\"\" data-large_image_width=\"960\" data-large_image_height=\"769\"><img loading=\"lazy\" decoding=\"async\" class=\" wp-image-267766 alignleft\" src=\"https:\/\/www.radiopiu.net\/wordpress\/wp-content\/uploads\/2022\/03\/Bob1_BC-300x240.jpg\" alt=\"\" width=\"131\" height=\"105\" srcset=\"https:\/\/www.radiopiu.net\/wordpress\/wp-content\/uploads\/2022\/03\/Bob1_BC-300x240.jpg 300w, https:\/\/www.radiopiu.net\/wordpress\/wp-content\/uploads\/2022\/03\/Bob1_BC-768x615.jpg 768w, https:\/\/www.radiopiu.net\/wordpress\/wp-content\/uploads\/2022\/03\/Bob1_BC.jpg 960w\" sizes=\"auto, (max-width: 131px) 100vw, 131px\" \/><\/a>CORTINA<\/strong> Il presidente del Bob Club Cortina A.S.D., Gianfranco Rezzadore, esprime ottimismo per la realizzazione della pista da bob a Cortina d&#8217;Ampezzo in vista delle Olimpiadi invernali del 2026. Dopo alcuni ostacoli, il Cda della Fondazione Milano Cortina 2026 ha espresso ottimismo sulla vicenda, aspettando che Simico (la Societ\u00e0 Infrastrutture Milano Cortina 2020-2026 S.p.A.) sottoscriva il contratto con l&#8217;azienda appaltatrice. Il progetto sembra ora pi\u00f9 semplice e sostenibile, dando speranze per il recupero della pista da bob, importante tradizione per Cortina. Il Bob Club Cortina offre la massima collaborazione nell&#8217;implementazione del progetto e ringrazia tutte le istituzioni e associazioni coinvolte.<\/p>\n<p>&nbsp;<\/p>\n<p>&nbsp;<\/p>\n<hr \/>\n<p>&nbsp;<\/p>\n<blockquote>\n<h2>UNA GIORNATA CONTRO LA VIOLENZA NEL RICORDO DI FILIPPO RACITI<\/h2>\n<\/blockquote>\n<blockquote><p><em>L&#8217;APPELLO DEL SAP PER UN CAMBIAMENTO POSITIVO NELLO SPORT&#8221;<\/em><\/p><\/blockquote>\n<p><strong><a class=\"dt-pswp-item\" href=\"https:\/\/www.radiopiu.net\/wordpress\/wp-content\/uploads\/2024\/02\/RACITI.png\" data-dt-img-description=\"\" data-large_image_width=\"692\" data-large_image_height=\"314\"><img loading=\"lazy\" decoding=\"async\" class=\"size-medium wp-image-372701 alignleft\" src=\"https:\/\/www.radiopiu.net\/wordpress\/wp-content\/uploads\/2024\/02\/RACITI-300x136.png\" alt=\"\" width=\"300\" height=\"136\" srcset=\"https:\/\/www.radiopiu.net\/wordpress\/wp-content\/uploads\/2024\/02\/RACITI-300x136.png 300w, https:\/\/www.radiopiu.net\/wordpress\/wp-content\/uploads\/2024\/02\/RACITI.png 692w\" sizes=\"auto, (max-width: 300px) 100vw, 300px\" \/><\/a>BELLUNO<\/strong> Il Sindacato Autonomo di Polizia\u00a0 ha lanciato un appello per istituire una giornata contro la violenza negli stadi in memoria di Filippo Raciti, l&#8217;Ispettore ucciso 17 anni fa durante gli scontri tra Ultras del Catania e del Palermo fuori dall'&#8221;Angelo Massimino&#8221; di Catania. L&#8217;appello \u00e8 stato indirizzato al Senatore Luca De Carlo, a cui \u00e8 stata presentata la proposta. Il Segretario Provinciale del SAP di Belluno, Bruno Frattina, ha sottolineato i progressi compiuti dal 2007 nel cambiare l&#8217;atteggiamento nel tifo negli stadi, citando strumenti come il Daspo, l&#8217;istituzione degli steward, la possibilit\u00e0 dell&#8217;arresto in flagranza differita e la creazione del Comitato nazionale dell&#8217;ordine e della sicurezza pubblica (Cnosp). Questi cambiamenti hanno contribuito a creare un ambiente pi\u00f9 sicuro e positivo per le famiglie che desiderano vivere i momenti sportivi. Tuttavia, Frattina ha evidenziato i recenti episodi di violenza tra diverse tifoserie, sottolineando la necessit\u00e0 di mantenere alta l&#8217;attenzione per evitare il ritorno di inaccettabili episodi di violenza. Ha ribadito che lo sport deve essere un momento di condivisione, fratellanza, solidariet\u00e0 e rispetto, indipendentemente dalla fede sportiva, razza o religione degli atleti e dei tifosi. Lo sport dovrebbe unire e non dividere.<\/p>\n<blockquote><p><em>Il SAP ha chiesto di valutare l&#8217;opportunit\u00e0 di istituire una giornata contro la violenza negli stadi dedicata a Filippo Raciti. Questa giornata avrebbe lo scopo di sensibilizzare l&#8217;opinione pubblica su questo fenomeno importante e di enfatizzare i valori dello sport. L&#8217;appello \u00e8 stato esteso non solo al Senatore Luca De Carlo ma anche al Presidente del Senato, Ignazio La Russa, al Presidente della Camera, Lorenzo Fontana, e al Presidente della FIGC, Gabriele Gravina.<\/em><\/p><\/blockquote>\n<p>&nbsp;<\/p>\n<p>&nbsp;<\/p>\n<hr \/>\n<p>&nbsp;<\/p>\n<blockquote>\n<h3>STRADA DI ZORZ. DE BATTISTA &#8220;IL SINDACO PUO&#8217; RITIRARE I PERMESSI, MA LE CONSEGUENZE SARANNO GRAVI PER TUTTO IL PAESE&#8221;<\/h3>\n<\/blockquote>\n<blockquote>\n<div id=\"attachment_111002\" style=\"width: 204px\" class=\"wp-caption alignleft\"><a class=\"dt-pswp-item\" href=\"https:\/\/www.radiopiu.net\/wordpress\/wp-content\/uploads\/2019\/12\/download-16.jpg\" data-dt-img-description=\"diego de battista \" data-large_image_width=\"194\" data-large_image_height=\"259\"><img loading=\"lazy\" decoding=\"async\" aria-describedby=\"caption-attachment-111002\" class=\" wp-image-111002\" src=\"https:\/\/www.radiopiu.net\/wordpress\/wp-content\/uploads\/2019\/12\/download-16.jpg\" alt=\"\" width=\"130\" height=\"174\" \/><\/a><p id=\"caption-attachment-111002\" class=\"wp-caption-text\">diego de battista<\/p><\/div>\n<p><em>&#8220;la societ\u00e0 in questi anni ha messo molti soldi e lavoro per mantenere la strada, che quindi non ha fatto il Comune, e che far chiudere le piste sarebbe un danno per Arabba perch\u00e8 dovrebbero deviare il flusso della Sella Ronda sull&#8217;unico campo scuola&#8221;<\/em><\/p><\/blockquote>\n<p><strong>LIVINALLONGO<\/strong><\/p>\n<p><strong>DI LORENZO SORATROI<\/strong><\/p>\n<audio class=\"wp-audio-shortcode\" id=\"audio-372646-4\" preload=\"none\" style=\"width: 100%;\" controls=\"controls\"><source type=\"audio\/mpeg\" src=\"https:\/\/www.radiopiu.net\/wordpress\/wp-content\/uploads\/2024\/01\/lorenzo-zorz-2.mp3?_=4\" \/><a href=\"https:\/\/www.radiopiu.net\/wordpress\/wp-content\/uploads\/2024\/01\/lorenzo-zorz-2.mp3\">https:\/\/www.radiopiu.net\/wordpress\/wp-content\/uploads\/2024\/01\/lorenzo-zorz-2.mp3<\/a><\/audio>\n<p>&nbsp;<\/p>\n<p>&nbsp;<\/p>\n<hr \/>\n<p><span style=\"color: #ff0000;\"><strong>\u00a0<\/strong><\/span><\/p>\n<p><span style=\"color: #ff0000;\"><strong>IERI<\/strong><\/span><\/p>\n<blockquote>\n<h2>LO SCONTRO PER LA STRADA DI ZORZ. GRONES &#8220;NON PER LO SCI&#8221;<\/h2>\n<\/blockquote>\n<p>&nbsp;<\/p>\n<p><strong><a class=\"dt-pswp-item\" href=\"https:\/\/www.radiopiu.net\/wordpress\/wp-content\/uploads\/2024\/01\/Senza-nome-104.png\" data-dt-img-description=\"\" data-large_image_width=\"525\" data-large_image_height=\"272\"><img loading=\"lazy\" decoding=\"async\" class=\" wp-image-372479 alignleft\" src=\"https:\/\/www.radiopiu.net\/wordpress\/wp-content\/uploads\/2024\/01\/Senza-nome-104-300x155.png\" alt=\"\" width=\"259\" height=\"134\" srcset=\"https:\/\/www.radiopiu.net\/wordpress\/wp-content\/uploads\/2024\/01\/Senza-nome-104-300x155.png 300w, https:\/\/www.radiopiu.net\/wordpress\/wp-content\/uploads\/2024\/01\/Senza-nome-104.png 525w\" sizes=\"auto, (max-width: 259px) 100vw, 259px\" \/><\/a><\/strong><\/p>\n<audio class=\"wp-audio-shortcode\" id=\"audio-372646-5\" preload=\"none\" style=\"width: 100%;\" controls=\"controls\"><source type=\"audio\/mpeg\" src=\"https:\/\/www.radiopiu.net\/wordpress\/wp-content\/uploads\/2024\/01\/ULTIMATUM-LORENZO.mp3?_=5\" \/><a href=\"https:\/\/www.radiopiu.net\/wordpress\/wp-content\/uploads\/2024\/01\/ULTIMATUM-LORENZO.mp3\">https:\/\/www.radiopiu.net\/wordpress\/wp-content\/uploads\/2024\/01\/ULTIMATUM-LORENZO.mp3<\/a><\/audio>\n<p>&nbsp;<\/p>\n<p>&nbsp;<\/p>\n<p>&nbsp;<\/p>\n<p>&nbsp;<\/p>\n<hr \/>\n<p>&nbsp;<\/p>\n<blockquote>\n<h3>GLI SPORTELLI DELLA BILATERALITA&#8217; DELLA CISL<\/h3>\n<\/blockquote>\n<p><strong><a class=\"dt-pswp-item\" href=\"https:\/\/www.radiopiu.net\/wordpress\/wp-content\/uploads\/2020\/11\/Schermata-2020-11-11-alle-12.25.13.png\" data-dt-img-description=\"\" data-large_image_width=\"594\" data-large_image_height=\"310\"><img loading=\"lazy\" decoding=\"async\" class=\" wp-image-172025 alignleft\" src=\"https:\/\/www.radiopiu.net\/wordpress\/wp-content\/uploads\/2020\/11\/Schermata-2020-11-11-alle-12.25.13-300x157.png\" alt=\"\" width=\"176\" height=\"92\" srcset=\"https:\/\/www.radiopiu.net\/wordpress\/wp-content\/uploads\/2020\/11\/Schermata-2020-11-11-alle-12.25.13-300x157.png 300w, https:\/\/www.radiopiu.net\/wordpress\/wp-content\/uploads\/2020\/11\/Schermata-2020-11-11-alle-12.25.13.png 594w\" sizes=\"auto, (max-width: 176px) 100vw, 176px\" \/><\/a>BELLUNO<\/strong> La Cisl offre assistenza con otto sportelli nella Marca trevigiana e quattro nel Bellunese per aiutare i lavoratori artigiani nelle pratiche per ottenere prestazioni, sussidi e rimborsi da Ebav (Ente Bilaterale per l\u2019Artigianato Veneto) e Sani.In.Veneto (fondo di assistenza sanitaria integrativa). Gli sportelli, presenti in diverse localit\u00e0, forniscono consulenze individuali gratuite, informazioni sugli ammortizzatori sociali e assistenza per ottenere prestazioni come sussidi scolastici, contributi per la formazione e l\u2019apprendistato, e altri benefici. La Cisl svolge un ruolo chiave nel sostegno alla bilateralit\u00e0 nel settore artigiano, aiutando i lavoratori in diverse pratiche e fornendo informazioni sulle novit\u00e0 introdotte dai fondi.<\/p>\n<p>&nbsp;<\/p>\n<p>&nbsp;<\/p>\n<hr \/>\n<p>&nbsp;<\/p>\n<blockquote>\n<h3>GIORNATA NAZIONALE DELLE VITTIME CIVILI DELLE GUERRE E DEI CONFLITTI<\/h3>\n<\/blockquote>\n<p><strong>BELLUNO<\/strong> Ieri a Palazzo Rosso un incontro con la delegazione bellunese dell&#8217;ANVCG in occasione della Giornata\u00a0<span style=\"caret-color: #000000; color: #000000; font-family: arial, helvetica, sans-serif; font-size: 13.333333015441895px; font-style: normal; font-variant-caps: normal; font-weight: normal; letter-spacing: normal; orphans: auto; text-align: start; text-indent: 0px; text-transform: none; white-space: normal; widows: auto; word-spacing: 0px; -webkit-text-size-adjust: auto; -webkit-text-stroke-width: 0px; background-color: #ffffff; text-decoration: none; display: inline !important; float: none;\">Nazionale delle vittime civili delle guerre e dei conflitti.<\/span><\/p>\n\n\t\t\t<style type='text\/css'>\n\t\t\t\t#gallery-2 {\n\t\t\t\t\tmargin: auto;\n\t\t\t\t}\n\t\t\t\t#gallery-2 .gallery-item {\n\t\t\t\t\tfloat: left;\n\t\t\t\t\tmargin-top: 10px;\n\t\t\t\t\ttext-align: center;\n\t\t\t\t\twidth: 50%;\n\t\t\t\t}\n\t\t\t\t#gallery-2 img {\n\t\t\t\t\tborder: 2px solid #cfcfcf;\n\t\t\t\t}\n\t\t\t\t#gallery-2 .gallery-caption {\n\t\t\t\t\tmargin-left: 0;\n\t\t\t\t}\n\t\t\t\t\/* see gallery_shortcode() in wp-includes\/media.php *\/\n\t\t\t<\/style>\n\t\t<div id='gallery-2' class='dt-gallery-container gallery galleryid-372646 gallery-columns-2 gallery-size-medium'><dl class='gallery-item'>\n\t\t\t\t<dt class='gallery-icon landscape'>\n\t\t\t\t\t<a class=\"rollover rollover-zoom dt-pswp-item\" title=\"Giornata Nazionale vittime civili_1\" data-dt-img-description=\"\" data-large_image_width=\"1024\" data-large_image_height=\"768\"href='https:\/\/www.radiopiu.net\/wordpress\/wp-content\/uploads\/2024\/02\/Giornata-Nazionale-vittime-civili_1.jpeg'><img loading=\"lazy\" decoding=\"async\" width=\"300\" height=\"225\" src=\"https:\/\/www.radiopiu.net\/wordpress\/wp-content\/uploads\/2024\/02\/Giornata-Nazionale-vittime-civili_1-300x225.jpeg\" class=\"attachment-medium size-medium\" alt=\"\" srcset=\"https:\/\/www.radiopiu.net\/wordpress\/wp-content\/uploads\/2024\/02\/Giornata-Nazionale-vittime-civili_1-300x225.jpeg 300w, https:\/\/www.radiopiu.net\/wordpress\/wp-content\/uploads\/2024\/02\/Giornata-Nazionale-vittime-civili_1-768x576.jpeg 768w, https:\/\/www.radiopiu.net\/wordpress\/wp-content\/uploads\/2024\/02\/Giornata-Nazionale-vittime-civili_1.jpeg 1024w\" sizes=\"auto, (max-width: 300px) 100vw, 300px\" \/><\/a>\n\t\t\t\t<\/dt><\/dl><dl class='gallery-item'>\n\t\t\t\t<dt class='gallery-icon landscape'>\n\t\t\t\t\t<a class=\"rollover rollover-zoom dt-pswp-item\" title=\"Giornata Nazionale vittime civili conflitti\" data-dt-img-description=\"\" data-large_image_width=\"1024\" data-large_image_height=\"768\"href='https:\/\/www.radiopiu.net\/wordpress\/wp-content\/uploads\/2024\/02\/Giornata-Nazionale-vittime-civili-conflitti.jpeg'><img loading=\"lazy\" decoding=\"async\" width=\"300\" height=\"225\" src=\"https:\/\/www.radiopiu.net\/wordpress\/wp-content\/uploads\/2024\/02\/Giornata-Nazionale-vittime-civili-conflitti-300x225.jpeg\" class=\"attachment-medium size-medium\" alt=\"\" srcset=\"https:\/\/www.radiopiu.net\/wordpress\/wp-content\/uploads\/2024\/02\/Giornata-Nazionale-vittime-civili-conflitti-300x225.jpeg 300w, https:\/\/www.radiopiu.net\/wordpress\/wp-content\/uploads\/2024\/02\/Giornata-Nazionale-vittime-civili-conflitti-768x576.jpeg 768w, https:\/\/www.radiopiu.net\/wordpress\/wp-content\/uploads\/2024\/02\/Giornata-Nazionale-vittime-civili-conflitti.jpeg 1024w\" sizes=\"auto, (max-width: 300px) 100vw, 300px\" \/><\/a>\n\t\t\t\t<\/dt><\/dl><br style=\"clear: both\" \/>\n\t\t\t<\/div>\n\n<p>&nbsp;<\/p>\n<p>&nbsp;<\/p>\n<hr \/>\n<p>&nbsp;<\/p>\n<blockquote>\n<h3>UN CONTRIBUTO PER IL TRASPORTO DEI GIOVANI SCIATORI<\/h3>\n<\/blockquote>\n<p>L&#8217;Unione Montana Centro Cadore ha recentemente deliberato un contributo di 1.500 euro a favore di Auronzo d&#8217;Inverno per sostenere le spese legate al trasporto dei giovani sciatori del territorio. La societ\u00e0, in collaborazione con la Scuola di Sci Auronzo Misurina, organizza corsi annuali di sci per bambini e ragazzi sulle piste di Auronzo, includendo anche il trasporto dei giovani atleti tra i paesi del Centro Cadore e le aree di allenamento. La richiesta di contributo \u00e8 stata presentata dalla sindaca di Vigo di Cadore, Silvia Calligaro<\/p>\n<p><strong>SILVIA CALLIGARO<\/strong><\/p>\n<audio class=\"wp-audio-shortcode\" id=\"audio-372646-6\" preload=\"none\" style=\"width: 100%;\" controls=\"controls\"><source type=\"audio\/mpeg\" src=\"https:\/\/www.radiopiu.net\/wordpress\/wp-content\/uploads\/2024\/02\/silvia-calligaro.mp3?_=6\" \/><a href=\"https:\/\/www.radiopiu.net\/wordpress\/wp-content\/uploads\/2024\/02\/silvia-calligaro.mp3\">https:\/\/www.radiopiu.net\/wordpress\/wp-content\/uploads\/2024\/02\/silvia-calligaro.mp3<\/a><\/audio>\n<p>&nbsp;<\/p>\n<p>&nbsp;<\/p>\n<hr \/>\n<p>&nbsp;<\/p>\n<blockquote>\n<h2>Contributo per Trasporto e Alloggio alle Scuole Superiori&#8221;<\/h2>\n<\/blockquote>\n<p><strong>ROCCA PIETORE<\/strong> La giunta comunale di Rocca Pietore ha istituito un contributo economico per le famiglie degli studenti residenti nel comune, impegnati nello studio alle scuole superiori e che affrontano spese per il trasporto e l&#8217;alloggio. Il sostegno \u00e8 finalizzato a ridurre i costi legati al pendolarismo quotidiano o alla sistemazione fuori casa durante la settimana. Le richieste di contributo devono essere presentate entro il 15 marzo utilizzando il modulo disponibile sul sito del Comune.<\/p>\n<p>&nbsp;<\/p>\n<p>&nbsp;<\/p>\n<hr \/>\n<p>&nbsp;<\/p>\n<p><strong><a class=\"dt-pswp-item\" href=\"https:\/\/www.radiopiu.net\/wordpress\/wp-content\/uploads\/2024\/01\/Senza-nome-34.png\" data-dt-img-description=\"\" data-large_image_width=\"239\" data-large_image_height=\"153\"><img loading=\"lazy\" decoding=\"async\" class=\"wp-image-369478 alignleft\" src=\"https:\/\/www.radiopiu.net\/wordpress\/wp-content\/uploads\/2024\/01\/Senza-nome-34.png\" alt=\"\" width=\"128\" height=\"82\" \/><\/a> <\/strong><\/p>\n<p><strong>\u00a0<\/strong><\/p>\n<p><strong>dal TG BELLUNESE di\u00a0 ANTENNA 3 ogni sera alle 19.30 sul canale 10 del digitale terrestre e alle 19 le anticipazioni alla radio.\u00a0\u00a0<\/strong><\/p>\n<blockquote>\n<h3 class=\"_title post-title entry-title\">BRANCO DI LUPI SBRANA CAVALLA AL CENTRO DEI CARABINIERI FORESTALI<\/h3>\n<\/blockquote>\n<p>Intervistati HERBERT DORFMANN (EUROPARLAMENTARE SVP) (Servizio di\u00a0<a href=\"https:\/\/antennatre.medianordest.it\/redazione\/Fabio-Fioravanzi\/\">Fabio Fioravanzi<\/a>)<\/p>\n<p><iframe loading=\"lazy\" title=\"BRANCO DI LUPI SBRANA CAVALLA AL CENTRO DEI CARABINIERI FORESTALI  | 01\/02\/2024\" width=\"1200\" height=\"675\" src=\"https:\/\/www.youtube.com\/embed\/GxkdqhY_V2k?feature=oembed\" frameborder=\"0\" allow=\"accelerometer; autoplay; clipboard-write; encrypted-media; gyroscope; picture-in-picture; web-share\" allowfullscreen><\/iframe><\/p>\n<p>&nbsp;<\/p>\n<h3 class=\"_title post-title entry-title\">SICURI E A LUNGO IN CASA PROPRIA\u2019 PARTE IL PROGETTO DI DOMICILIARITA\u2019 PER ANZIANI<\/h3>\n<p>Intervistati MARCO DAL PONT (ASSESSORE SERVIZI SOCIALI COMUNE DI BELLUNO), PAOLO PIAZZA (EX DIRETTORE SER.SA BELLUNO) (Servizio di\u00a0<a href=\"https:\/\/antennatre.medianordest.it\/redazione\/Tiziana-Bolognani\/\">Tiziana Bolognani<\/a>)<\/p>\n<p>&nbsp;<\/p>\n<p><iframe loading=\"lazy\" title=\"&#039;SICURI E A LUNGO IN CASA PROPRIA&#039; PARTE IL PROGETTO DI DOMICILIARITA&#039; PER ANZIANI | 01\/02\/2024\" width=\"1200\" height=\"675\" src=\"https:\/\/www.youtube.com\/embed\/CCYGrrXP-eU?feature=oembed\" frameborder=\"0\" allow=\"accelerometer; autoplay; clipboard-write; encrypted-media; gyroscope; picture-in-picture; web-share\" allowfullscreen><\/iframe><\/p>\n<p>&nbsp;<\/p>\n<p>&nbsp;<\/p>\n<hr \/>\n<p>&nbsp;<\/p>\n<blockquote>\n<h2>I GIOVANI LEGHISTI NEI PALAZZI DEL POTERE DELLA CAPITALE<\/h2>\n<\/blockquote>\n<p><strong><a class=\"dt-pswp-item\" href=\"https:\/\/www.radiopiu.net\/wordpress\/wp-content\/uploads\/2024\/02\/d02392b4-bf77-467d-a8b4-599eec23557e.jpg\" data-dt-img-description=\"\" data-large_image_width=\"1600\" data-large_image_height=\"1200\"><img loading=\"lazy\" decoding=\"async\" class=\"size-medium wp-image-372711 alignleft\" src=\"https:\/\/www.radiopiu.net\/wordpress\/wp-content\/uploads\/2024\/02\/d02392b4-bf77-467d-a8b4-599eec23557e-300x225.jpg\" alt=\"\" width=\"300\" height=\"225\" srcset=\"https:\/\/www.radiopiu.net\/wordpress\/wp-content\/uploads\/2024\/02\/d02392b4-bf77-467d-a8b4-599eec23557e-300x225.jpg 300w, https:\/\/www.radiopiu.net\/wordpress\/wp-content\/uploads\/2024\/02\/d02392b4-bf77-467d-a8b4-599eec23557e-1024x768.jpg 1024w, https:\/\/www.radiopiu.net\/wordpress\/wp-content\/uploads\/2024\/02\/d02392b4-bf77-467d-a8b4-599eec23557e-768x576.jpg 768w, https:\/\/www.radiopiu.net\/wordpress\/wp-content\/uploads\/2024\/02\/d02392b4-bf77-467d-a8b4-599eec23557e-1536x1152.jpg 1536w, https:\/\/www.radiopiu.net\/wordpress\/wp-content\/uploads\/2024\/02\/d02392b4-bf77-467d-a8b4-599eec23557e.jpg 1600w\" sizes=\"auto, (max-width: 300px) 100vw, 300px\" \/><\/a><\/strong><\/p>\n<p>&nbsp;<\/p>\n<p>&nbsp;<\/p>\n<p>&nbsp;<\/p>\n<p>&nbsp;<\/p>\n<p>&nbsp;<\/p>\n<p>&nbsp;<\/p>\n<p>&nbsp;<\/p>\n<p>&nbsp;<\/p>\n<p><strong>ROMA<\/strong><\/p>\n<p><strong>DI DANIELE DALVIT<\/strong><\/p>\n<audio class=\"wp-audio-shortcode\" id=\"audio-372646-7\" preload=\"none\" style=\"width: 100%;\" controls=\"controls\"><source type=\"audio\/mpeg\" src=\"https:\/\/www.radiopiu.net\/wordpress\/wp-content\/uploads\/2024\/02\/Radio-Piu-Servizio-Lega-giovani-a-Roma.mp3?_=7\" \/><a href=\"https:\/\/www.radiopiu.net\/wordpress\/wp-content\/uploads\/2024\/02\/Radio-Piu-Servizio-Lega-giovani-a-Roma.mp3\">https:\/\/www.radiopiu.net\/wordpress\/wp-content\/uploads\/2024\/02\/Radio-Piu-Servizio-Lega-giovani-a-Roma.mp3<\/a><\/audio>\n<p>&nbsp;<\/p>\n<p>&nbsp;<\/p>\n<p>&nbsp;<\/p>\n<hr \/>\n<p>&nbsp;<\/p>\n<blockquote>\n<h3>CONSIGLIO COMUNALE STRAORDINARIO A SAN TOMASO<\/h3>\n<\/blockquote>\n<p><strong>SAN TOMASO<\/strong> Il sindaco Moreno De Val ha convocato i consiglieri per oggi alle 20:30 nella sala consigliare del municipio. Un unico punto da discutere: il terzo piano degli interventi<\/p>\n<p>&nbsp;<\/p>\n<p>&nbsp;<\/p>\n<hr \/>\n<p>&nbsp;<\/p>\n<blockquote>\n<h3>UN BANDO PER 196 COMMISSARI PER LA POLIZIA DI STATO<\/h3>\n<\/blockquote>\n<p><strong>BELLUNO<\/strong> \u00c8 stato pubblicato un bando di concorso pubblico per l&#8217;assunzione di 196 commissari della carriera dei funzionari della Polizia di Stato. Il concorso prevede prove di selezione che includono esami e valutazioni dei titoli. Le domande di partecipazione possono essere presentate attraverso la procedura informatica disponibile sul Portale unico del reclutamento all&#8217;indirizzo <a href=\"http:\/\/www.inpa.gov.it\/\" target=\"_new\" rel=\"noopener\">www.inpa.gov.it<\/a>, entro il 24 febbraio 2024. La procedura di presentazione delle domande \u00e8 accessibile al seguente link: <a href=\"https:\/\/concorsionline.poliziadistato.it\/\" target=\"_new\" rel=\"noopener\">https:\/\/concorsionline.poliziadistato.it<\/a>.<\/p>\n<p>&nbsp;<\/p>\n<p>&nbsp;<\/p>\n<blockquote>\n<h3 class=\"articlePlainTitle\">Borse di studio per soggiorni all&#8217;estero:\u00a0 il bando<\/h3>\n<\/blockquote>\n<div class=\"addthis_sharing_toolbox\" data-url=\"http:\/\/sfoglio.corrierealpi.gelocal.it\/share_article.php?article_id=13620048\" data-title=\"Borse di studio per soggiorni all'estero: torna il bando\"><\/div>\n<div class=\"articlePlainText\"><strong>LIVINALLONGO \u00a0<\/strong>Anche per l&#8217;anno scolastico 2024-2025 gli studenti degli istituti superiori residenti nei tre Comuni ladini di Cortina d&#8217;Ampezzo, Colle Santa Lucia e Livinallongo del Col di Lana, possono usufruire delle borse di studio per soggiorni studio all&#8217;estero istituite dalla Regione Trentino Alto Adige\/S\u00fcdtirol. \u00a0Tutte le informazioni e la delibera al riguardo si trovano nel sito internet www.regione.taa.it (sezione borse di studio).\u00a0 Domande entro marted\u00ec 20 febbraio. \u2014<\/div>\n<p>&nbsp;<\/p>\n<hr \/>\n<p>&nbsp;<\/p>\n<blockquote>\n<h3><strong>CORSI DI POTATURA \/ INNESTI E ORTICOLTURA<\/strong><\/h3>\n<\/blockquote>\n<p><strong>LIMANA<\/strong> Il Comune, in collaborazione con\u00a0 L&#8217;agronomo Alessandro Gallon, presenta anche quest&#8217;anno i corsi di potatura\/innesti e orticoltura: 3 lezioni teoriche e 2\u00a0 pratiche dal 13 febbraio in Municipio. Le iscrizioni (30 euro) sono aperte fino al 12 febbraio per il corso di potatura\/innesti e il 5 marzo per il corso di orticoltura. Informazioni 0437-966124 o via e-mail a <a target=\"_new\" rel=\"noopener\">commercio@comune.limana.bl.it<\/a>.<\/p>\n<p>&nbsp;<\/p>\n<hr \/>\n<p>&nbsp;<\/p>\n<p><img loading=\"lazy\" decoding=\"async\" class=\"aligncenter\" src=\"https:\/\/www.radiopiu.net\/wordpress\/wp-content\/uploads\/2020\/02\/CarnevaleRivamonte4.png\" width=\"415\" height=\"322\" \/><\/p>\n<h2><span style=\"color: #808000;\">CARNEVAI DE LE VAI 2024<\/span><\/h2>\n<p><strong>DI\u00a0 GIANNI SANTOMASO\u00a0<\/strong><\/p>\n<audio class=\"wp-audio-shortcode\" id=\"audio-372646-8\" preload=\"none\" style=\"width: 100%;\" controls=\"controls\"><source type=\"audio\/mpeg\" src=\"https:\/\/www.radiopiu.net\/wordpress\/wp-content\/uploads\/2024\/02\/carnevai-gianni.mp3?_=8\" \/><a href=\"https:\/\/www.radiopiu.net\/wordpress\/wp-content\/uploads\/2024\/02\/carnevai-gianni.mp3\">https:\/\/www.radiopiu.net\/wordpress\/wp-content\/uploads\/2024\/02\/carnevai-gianni.mp3<\/a><\/audio>\n<p>&nbsp;<\/p>\n\n\t\t\t<style type='text\/css'>\n\t\t\t\t#gallery-3 {\n\t\t\t\t\tmargin: auto;\n\t\t\t\t}\n\t\t\t\t#gallery-3 .gallery-item {\n\t\t\t\t\tfloat: left;\n\t\t\t\t\tmargin-top: 10px;\n\t\t\t\t\ttext-align: center;\n\t\t\t\t\twidth: 33%;\n\t\t\t\t}\n\t\t\t\t#gallery-3 img {\n\t\t\t\t\tborder: 2px solid #cfcfcf;\n\t\t\t\t}\n\t\t\t\t#gallery-3 .gallery-caption {\n\t\t\t\t\tmargin-left: 0;\n\t\t\t\t}\n\t\t\t\t\/* see gallery_shortcode() in wp-includes\/media.php *\/\n\t\t\t<\/style>\n\t\t<div id='gallery-3' class='dt-gallery-container gallery galleryid-372646 gallery-columns-3 gallery-size-thumbnail'><dl class='gallery-item'>\n\t\t\t\t<dt class='gallery-icon portrait'>\n\t\t\t\t\t<a class=\"rollover rollover-zoom dt-pswp-item\" title=\"CARNEVV\" data-dt-img-description=\"\" data-large_image_width=\"469\" data-large_image_height=\"650\"href='https:\/\/www.radiopiu.net\/wordpress\/wp-content\/uploads\/2024\/01\/CARNEVV.png'><img loading=\"lazy\" decoding=\"async\" width=\"150\" height=\"150\" src=\"https:\/\/www.radiopiu.net\/wordpress\/wp-content\/uploads\/2024\/01\/CARNEVV-150x150.png\" class=\"attachment-thumbnail size-thumbnail\" alt=\"\" \/><\/a>\n\t\t\t\t<\/dt><\/dl><dl class='gallery-item'>\n\t\t\t\t<dt class='gallery-icon landscape'>\n\t\t\t\t\t<a class=\"rollover rollover-zoom dt-pswp-item\" title=\"b6160c47-db54-4eae-b091-83004a20caa0\" data-dt-img-description=\"\" data-large_image_width=\"1080\" data-large_image_height=\"1080\"href='https:\/\/www.radiopiu.net\/wordpress\/wp-content\/uploads\/2024\/01\/b6160c47-db54-4eae-b091-83004a20caa0.jpg'><img loading=\"lazy\" decoding=\"async\" width=\"150\" height=\"150\" src=\"https:\/\/www.radiopiu.net\/wordpress\/wp-content\/uploads\/2024\/01\/b6160c47-db54-4eae-b091-83004a20caa0-150x150.jpg\" class=\"attachment-thumbnail size-thumbnail\" alt=\"\" srcset=\"https:\/\/www.radiopiu.net\/wordpress\/wp-content\/uploads\/2024\/01\/b6160c47-db54-4eae-b091-83004a20caa0-150x150.jpg 150w, https:\/\/www.radiopiu.net\/wordpress\/wp-content\/uploads\/2024\/01\/b6160c47-db54-4eae-b091-83004a20caa0-300x300.jpg 300w, https:\/\/www.radiopiu.net\/wordpress\/wp-content\/uploads\/2024\/01\/b6160c47-db54-4eae-b091-83004a20caa0-1024x1024.jpg 1024w, https:\/\/www.radiopiu.net\/wordpress\/wp-content\/uploads\/2024\/01\/b6160c47-db54-4eae-b091-83004a20caa0-768x768.jpg 768w, https:\/\/www.radiopiu.net\/wordpress\/wp-content\/uploads\/2024\/01\/b6160c47-db54-4eae-b091-83004a20caa0.jpg 1080w\" sizes=\"auto, (max-width: 150px) 100vw, 150px\" \/><\/a>\n\t\t\t\t<\/dt><\/dl><dl class='gallery-item'>\n\t\t\t\t<dt class='gallery-icon portrait'>\n\t\t\t\t\t<a class=\"rollover rollover-zoom dt-pswp-item\" title=\"13556dc7-4f78-4dc7-8528-85f4e4d0e7aa\" data-dt-img-description=\"\" data-large_image_width=\"723\" data-large_image_height=\"1024\"href='https:\/\/www.radiopiu.net\/wordpress\/wp-content\/uploads\/2024\/01\/13556dc7-4f78-4dc7-8528-85f4e4d0e7aa.jpg'><img loading=\"lazy\" decoding=\"async\" width=\"150\" height=\"150\" src=\"https:\/\/www.radiopiu.net\/wordpress\/wp-content\/uploads\/2024\/01\/13556dc7-4f78-4dc7-8528-85f4e4d0e7aa-150x150.jpg\" class=\"attachment-thumbnail size-thumbnail\" alt=\"\" \/><\/a>\n\t\t\t\t<\/dt><\/dl><br style=\"clear: both\" \/>\n\t\t\t<\/div>\n\n<p>&nbsp;<\/p>\n<p>&nbsp;<\/p>\n<p>&nbsp;<\/p>\n<hr \/>\n<p>&nbsp;<\/p>\n<blockquote>\n<h1><span style=\"color: #339966;\">G R A N D I<\/span>\u00a0 \u00a0 E V E N T I<\/h1>\n<h1>NELL&#8217;\u00a0 <span style=\"color: #ff0000;\">A G O R D I N O\u00a0<\/span><\/h1>\n<\/blockquote>\n<h2><a class=\"dt-pswp-item\" href=\"https:\/\/www.radiopiu.net\/wordpress\/wp-content\/uploads\/2023\/05\/R_LA-VOLATA-S-PELLEGRINO-DH-2017PHOTO-ELVIS.jpg\" data-dt-img-description=\"PASSO SAN PELLEGRINO MOENA ITA - 21DICEMBRE 2017 COPPA EUROPA DISCESA LIBERA FEMMINILE TROFEO LA VOLATA - MEMORIAL ALBERTO VENDRUSCOLO VINCITRICE SUTER GIULIANA SUI davanti a HOFER HANNA ITA e KOLLY NOEMIE SUI &quot;Copyright PHOTO ELVIS&quot;\" data-large_image_width=\"2000\" data-large_image_height=\"1337\"><img loading=\"lazy\" decoding=\"async\" class=\"wp-image-337460 alignleft\" src=\"https:\/\/www.radiopiu.net\/wordpress\/wp-content\/uploads\/2023\/05\/R_LA-VOLATA-S-PELLEGRINO-DH-2017PHOTO-ELVIS-300x201.jpg\" alt=\"\" width=\"187\" height=\"125\" srcset=\"https:\/\/www.radiopiu.net\/wordpress\/wp-content\/uploads\/2023\/05\/R_LA-VOLATA-S-PELLEGRINO-DH-2017PHOTO-ELVIS-300x201.jpg 300w, https:\/\/www.radiopiu.net\/wordpress\/wp-content\/uploads\/2023\/05\/R_LA-VOLATA-S-PELLEGRINO-DH-2017PHOTO-ELVIS-1024x685.jpg 1024w, https:\/\/www.radiopiu.net\/wordpress\/wp-content\/uploads\/2023\/05\/R_LA-VOLATA-S-PELLEGRINO-DH-2017PHOTO-ELVIS-768x513.jpg 768w, https:\/\/www.radiopiu.net\/wordpress\/wp-content\/uploads\/2023\/05\/R_LA-VOLATA-S-PELLEGRINO-DH-2017PHOTO-ELVIS-1536x1027.jpg 1536w, https:\/\/www.radiopiu.net\/wordpress\/wp-content\/uploads\/2023\/05\/R_LA-VOLATA-S-PELLEGRINO-DH-2017PHOTO-ELVIS.jpg 2000w\" sizes=\"auto, (max-width: 187px) 100vw, 187px\" \/><\/a>LA &#8220;VOLATA&#8221; IN MONDOVISIONE, SKI AREA SAN PELLEGRINO IN FERMENTO<\/h2>\n<p><span style=\"color: #0000ff;\"><strong>AUDIO<\/strong><\/span><\/p>\n<p><span style=\"color: #0000ff;\"><strong>DI MIRKO MEZZACASA &#8211; OSPITE RENZO MINELLA<\/strong><\/span><\/p>\n<audio class=\"wp-audio-shortcode\" id=\"audio-372646-9\" preload=\"none\" style=\"width: 100%;\" controls=\"controls\"><source type=\"audio\/mpeg\" src=\"https:\/\/www.radiopiu.net\/wordpress\/wp-content\/uploads\/2024\/01\/RENZO-MINELLA-GENNAIO2024.mp3?_=9\" \/><a href=\"https:\/\/www.radiopiu.net\/wordpress\/wp-content\/uploads\/2024\/01\/RENZO-MINELLA-GENNAIO2024.mp3\">https:\/\/www.radiopiu.net\/wordpress\/wp-content\/uploads\/2024\/01\/RENZO-MINELLA-GENNAIO2024.mp3<\/a><\/audio>\n<p>&nbsp;<\/p>\n<p>&nbsp;<\/p>\n<blockquote>\n<h3>LA SESTA TAPPA DI COPPA DEL MONDO DI SKICROSS AD ALLEGHE<\/h3>\n<\/blockquote>\n<p><strong><a class=\"dt-pswp-item\" href=\"https:\/\/www.radiopiu.net\/wordpress\/wp-content\/uploads\/2024\/01\/80460362-7f75-4638-a89e-65935d506dc1.jpg\" data-dt-img-description=\"\" data-large_image_width=\"1600\" data-large_image_height=\"1200\"><img loading=\"lazy\" decoding=\"async\" class=\" wp-image-371462 alignleft\" src=\"https:\/\/www.radiopiu.net\/wordpress\/wp-content\/uploads\/2024\/01\/80460362-7f75-4638-a89e-65935d506dc1-300x225.jpg\" alt=\"\" width=\"148\" height=\"111\" srcset=\"https:\/\/www.radiopiu.net\/wordpress\/wp-content\/uploads\/2024\/01\/80460362-7f75-4638-a89e-65935d506dc1-300x225.jpg 300w, https:\/\/www.radiopiu.net\/wordpress\/wp-content\/uploads\/2024\/01\/80460362-7f75-4638-a89e-65935d506dc1-1024x768.jpg 1024w, https:\/\/www.radiopiu.net\/wordpress\/wp-content\/uploads\/2024\/01\/80460362-7f75-4638-a89e-65935d506dc1-768x576.jpg 768w, https:\/\/www.radiopiu.net\/wordpress\/wp-content\/uploads\/2024\/01\/80460362-7f75-4638-a89e-65935d506dc1-1536x1152.jpg 1536w, https:\/\/www.radiopiu.net\/wordpress\/wp-content\/uploads\/2024\/01\/80460362-7f75-4638-a89e-65935d506dc1.jpg 1600w\" sizes=\"auto, (max-width: 148px) 100vw, 148px\" \/><\/a>BELLUNO<\/strong> Lo spettacolo dello skicross arriva ad Alleghe: dal 31 gennaio al 3 febbraio si disputer\u00e0 infatti la sesta tappa della Coppa del Mondo di skicross.<\/p>\n<p><strong>DI DANIELE DALVIT<\/strong><\/p>\n<audio class=\"wp-audio-shortcode\" id=\"audio-372646-10\" preload=\"none\" style=\"width: 100%;\" controls=\"controls\"><source type=\"audio\/mpeg\" src=\"https:\/\/www.radiopiu.net\/wordpress\/wp-content\/uploads\/2024\/01\/Radio-Piu-Servizio-Presentazione-skicross-Alleghe.mp3?_=10\" \/><a href=\"https:\/\/www.radiopiu.net\/wordpress\/wp-content\/uploads\/2024\/01\/Radio-Piu-Servizio-Presentazione-skicross-Alleghe.mp3\">https:\/\/www.radiopiu.net\/wordpress\/wp-content\/uploads\/2024\/01\/Radio-Piu-Servizio-Presentazione-skicross-Alleghe.mp3<\/a><\/audio>\n<p>&nbsp;<\/p>\n<hr \/>\n<p>&nbsp;<\/p>\n<div dir=\"auto\">\n<blockquote>\n<h1>Ripresa degli Incontri Settimanali dell&#8217;Universit\u00e0 Adulti\/Anziani a Agordo<\/h1>\n<p>&nbsp;<\/p><\/blockquote>\n<div class=\"flex-1 overflow-hidden\">\n<div class=\"react-scroll-to-bottom--css-wdhcf-79elbk h-full\">\n<div class=\"react-scroll-to-bottom--css-wdhcf-1n7m0yu\">\n<div class=\"flex flex-col pb-9 text-sm\">\n<div class=\"w-full text-token-text-primary\" data-testid=\"conversation-turn-45\">\n<div class=\"px-4 py-2 justify-center text-base md:gap-6 m-auto\">\n<div class=\"flex flex-1 text-base mx-auto gap-3 md:px-5 lg:px-1 xl:px-5 md:max-w-3xl lg:max-w-[40rem] xl:max-w-[48rem] group final-completion\">\n<div class=\"relative flex w-full flex-col lg:w-[calc(100%-115px)] agent-turn\">\n<div class=\"flex-col gap-1 md:gap-3\">\n<div class=\"flex flex-grow flex-col max-w-full\">\n<div class=\"min-h-[20px] text-message flex flex-col items-start gap-3 whitespace-pre-wrap break-words [.text-message+&amp;]:mt-5 overflow-x-auto\" data-message-author-role=\"assistant\" data-message-id=\"5b6f76dc-0a16-411c-a951-f81cb37030a9\">\n<div class=\"markdown prose w-full break-words dark:prose-invert dark\">\n<p><strong>AGORDO<\/strong> Gli incontri settimanali del marted\u00ec, organizzati dalla Sezione di Agordo dell\u2019Universit\u00e0 Adulti\/Anziani, riprendono marted\u00ec 6 febbraio dopo la pausa natalizia. <strong>Programma degli Incontri: <\/strong>6 febbraio: Omaggio a Giacomo Puccini (Attilio Costa) e Lettura nella terza et\u00e0: 40 anni del Centro Internazionale del Libro parlato di Feltre (Luisa Alchini) 13 febbraio: Amelia B.Edwards: Viaggio alla scoperta di territori, genti e tradizioni delle Dolomiti (Eleonora Pescosta) 20 febbraio: La peste in Europa: conoscenze, interpretazioni, misteri (Fiorella Candiani) e L\u2019aurora boreale ottava meraviglia del pianeta. Un viaggio virtuale nel suo meccanismo (Ada Grilli) 27 febbraio: Attivit\u00e0 estrattiva e civilt\u00e0 umana (Vittorio Fenti) 5 marzo: \u201cAnche i grandi una volta erano piccoli\u201d. Riflessioni semiserie sui mitici anni \u201960-\u201970 (Gruppo teatrale \u201cNoi che\u201d di Sedico)<\/p>\n<\/div>\n<\/div>\n<\/div>\n<\/div>\n<\/div>\n<\/div>\n<\/div>\n<\/div>\n<\/div>\n<\/div>\n<\/div>\n<\/div>\n<\/div>\n<p>&nbsp;<\/p>\n<hr \/>\n<p>&nbsp;<\/p>\n<h2><span style=\"color: #ff6600;\">IERI ALLA RADIO<\/span><\/h2>\n<h2><span style=\"color: #ff00ff;\">CIAK SI GIRA, IL PROGRAMMA DI PAOLA LANCIATO<\/span><\/h2>\n<p><em><a class=\"dt-pswp-item\" href=\"https:\/\/www.radiopiu.net\/wordpress\/wp-content\/uploads\/2024\/02\/CIAK.jpg\" data-dt-img-description=\"\" data-large_image_width=\"1280\" data-large_image_height=\"905\"><img loading=\"lazy\" decoding=\"async\" class=\" wp-image-372653 alignleft\" src=\"https:\/\/www.radiopiu.net\/wordpress\/wp-content\/uploads\/2024\/02\/CIAK-300x212.jpg\" alt=\"\" width=\"163\" height=\"115\" srcset=\"https:\/\/www.radiopiu.net\/wordpress\/wp-content\/uploads\/2024\/02\/CIAK-300x212.jpg 300w, https:\/\/www.radiopiu.net\/wordpress\/wp-content\/uploads\/2024\/02\/CIAK-1024x724.jpg 1024w, https:\/\/www.radiopiu.net\/wordpress\/wp-content\/uploads\/2024\/02\/CIAK-768x543.jpg 768w, https:\/\/www.radiopiu.net\/wordpress\/wp-content\/uploads\/2024\/02\/CIAK.jpg 1280w\" sizes=\"auto, (max-width: 163px) 100vw, 163px\" \/><\/a>IL NUOVO PROGRAMMA DI PAOLA LANCIATO.. CIAK SI GIRA. TUTTO QUELLO CHE SI NASCONDE NEL BACK STAGE DI UN GRANDE FILM.\u00a0 NEL TORNADO DI NOVITA\u2019 DI RADIOPIU\u2019\u2026 DUE VOLTE ALLA SETTIMANA, IL LUNEDI E IL GIOVEDI ALLE 10.10\u2026<\/em><\/p>\n<p><strong>PUNTATA 0 &#8211; LA PRESENTAZIONE<\/strong><\/p>\n<audio class=\"wp-audio-shortcode\" id=\"audio-372646-11\" preload=\"none\" style=\"width: 100%;\" controls=\"controls\"><source type=\"audio\/mpeg\" src=\"https:\/\/www.radiopiu.net\/wordpress\/wp-content\/uploads\/2024\/02\/CIAK1.mp3?_=11\" \/><a href=\"https:\/\/www.radiopiu.net\/wordpress\/wp-content\/uploads\/2024\/02\/CIAK1.mp3\">https:\/\/www.radiopiu.net\/wordpress\/wp-content\/uploads\/2024\/02\/CIAK1.mp3<\/a><\/audio>\n<p>&nbsp;<\/p>\n<p>&nbsp;<\/p>\n<h2><span style=\"color: #008000;\">UNA CHIACCHIERATA CON SILVIA CESTARO, CONSIGLIERE REGIONALE<\/span><\/h2>\n<p><strong><a class=\"dt-pswp-item\" href=\"https:\/\/www.radiopiu.net\/wordpress\/wp-content\/uploads\/2023\/12\/file-3-e1702916500620.jpg\" data-dt-img-description=\"\" data-large_image_width=\"640\" data-large_image_height=\"640\"><img loading=\"lazy\" decoding=\"async\" class=\" wp-image-366675 alignleft\" src=\"https:\/\/www.radiopiu.net\/wordpress\/wp-content\/uploads\/2023\/12\/file-3-e1702916500620-300x300.jpg\" alt=\"\" width=\"142\" height=\"142\" srcset=\"https:\/\/www.radiopiu.net\/wordpress\/wp-content\/uploads\/2023\/12\/file-3-e1702916500620-300x300.jpg 300w, https:\/\/www.radiopiu.net\/wordpress\/wp-content\/uploads\/2023\/12\/file-3-e1702916500620-150x150.jpg 150w, https:\/\/www.radiopiu.net\/wordpress\/wp-content\/uploads\/2023\/12\/file-3-e1702916500620.jpg 640w\" sizes=\"auto, (max-width: 142px) 100vw, 142px\" \/><\/a>DI MIRKO MEZZACASA<\/strong><\/p>\n<p>OSPITE: SILVIA CESTARO, CONSIGLIERE REGIONALE<\/p>\n<audio class=\"wp-audio-shortcode\" id=\"audio-372646-12\" preload=\"none\" style=\"width: 100%;\" controls=\"controls\"><source type=\"audio\/mpeg\" src=\"https:\/\/www.radiopiu.net\/wordpress\/wp-content\/uploads\/2024\/02\/silvia-cestaro-gennaio-2024.mp3?_=12\" \/><a href=\"https:\/\/www.radiopiu.net\/wordpress\/wp-content\/uploads\/2024\/02\/silvia-cestaro-gennaio-2024.mp3\">https:\/\/www.radiopiu.net\/wordpress\/wp-content\/uploads\/2024\/02\/silvia-cestaro-gennaio-2024.mp3<\/a><\/audio>\n<p>&nbsp;<\/p>\n<p>&nbsp;<\/p>\n<h2><span style=\"color: #800080;\">EL BAL DEL FIOR, DETTI E MODI DI DIRE CON GIULIANA DA RONCH<\/span><\/h2>\n<p><a class=\"dt-pswp-item\" href=\"https:\/\/www.radiopiu.net\/wordpress\/wp-content\/uploads\/2024\/02\/el-bal-del-fior.jpg\" data-dt-img-description=\"\" data-large_image_width=\"1600\" data-large_image_height=\"1200\"><img loading=\"lazy\" decoding=\"async\" class=\" wp-image-372660 alignleft\" src=\"https:\/\/www.radiopiu.net\/wordpress\/wp-content\/uploads\/2024\/02\/el-bal-del-fior-300x225.jpg\" alt=\"\" width=\"133\" height=\"100\" srcset=\"https:\/\/www.radiopiu.net\/wordpress\/wp-content\/uploads\/2024\/02\/el-bal-del-fior-300x225.jpg 300w, https:\/\/www.radiopiu.net\/wordpress\/wp-content\/uploads\/2024\/02\/el-bal-del-fior-1024x768.jpg 1024w, https:\/\/www.radiopiu.net\/wordpress\/wp-content\/uploads\/2024\/02\/el-bal-del-fior-768x576.jpg 768w, https:\/\/www.radiopiu.net\/wordpress\/wp-content\/uploads\/2024\/02\/el-bal-del-fior-1536x1152.jpg 1536w, https:\/\/www.radiopiu.net\/wordpress\/wp-content\/uploads\/2024\/02\/el-bal-del-fior.jpg 1600w\" sizes=\"auto, (max-width: 133px) 100vw, 133px\" \/><\/a>A partire da luned\u00ec alle 7:20 su Radio Pi\u00f9 un nuovo appuntamento quotidiano con Giuliana Da Ronch. Una pillola al giorno per far scoprire alla nuova generazioni detti e modi di dire dell&#8217;Agordino.<\/p>\n<p><strong>LA PRESENTAZIONE<\/strong><\/p>\n<audio class=\"wp-audio-shortcode\" id=\"audio-372646-13\" preload=\"none\" style=\"width: 100%;\" controls=\"controls\"><source type=\"audio\/mpeg\" src=\"https:\/\/www.radiopiu.net\/wordpress\/wp-content\/uploads\/2024\/02\/El-bal-del-fior-presentazione.m4a?_=13\" \/><a href=\"https:\/\/www.radiopiu.net\/wordpress\/wp-content\/uploads\/2024\/02\/El-bal-del-fior-presentazione.m4a\">https:\/\/www.radiopiu.net\/wordpress\/wp-content\/uploads\/2024\/02\/El-bal-del-fior-presentazione.m4a<\/a><\/audio>\n<p>&nbsp;<\/p>\n<p>&nbsp;<\/p>\n<h2><span style=\"color: #3366ff;\">I RACCONTI DI SKY CIELO BLU 2024<\/span><\/h2>\n<p><strong><a class=\"dt-pswp-item\" href=\"https:\/\/www.radiopiu.net\/wordpress\/wp-content\/uploads\/2024\/02\/barba-bepi.jpg\" data-dt-img-description=\"\" data-large_image_width=\"1075\" data-large_image_height=\"1600\"><img loading=\"lazy\" decoding=\"async\" class=\" wp-image-372664 alignleft\" src=\"https:\/\/www.radiopiu.net\/wordpress\/wp-content\/uploads\/2024\/02\/barba-bepi-202x300.jpg\" alt=\"\" width=\"129\" height=\"192\" srcset=\"https:\/\/www.radiopiu.net\/wordpress\/wp-content\/uploads\/2024\/02\/barba-bepi-202x300.jpg 202w, https:\/\/www.radiopiu.net\/wordpress\/wp-content\/uploads\/2024\/02\/barba-bepi-688x1024.jpg 688w, https:\/\/www.radiopiu.net\/wordpress\/wp-content\/uploads\/2024\/02\/barba-bepi-768x1143.jpg 768w, https:\/\/www.radiopiu.net\/wordpress\/wp-content\/uploads\/2024\/02\/barba-bepi-1032x1536.jpg 1032w, https:\/\/www.radiopiu.net\/wordpress\/wp-content\/uploads\/2024\/02\/barba-bepi.jpg 1075w\" sizes=\"auto, (max-width: 129px) 100vw, 129px\" \/><\/a>PUNTATA 01 &#8211; 01 FEBBRAIO 2024 &#8211; EL BARBA BEPI<\/strong><\/p>\n<audio class=\"wp-audio-shortcode\" id=\"audio-372646-14\" preload=\"none\" style=\"width: 100%;\" controls=\"controls\"><source type=\"audio\/mpeg\" src=\"https:\/\/www.radiopiu.net\/wordpress\/wp-content\/uploads\/2024\/02\/GIULIANA-BARBA-BEPI.mp3?_=14\" \/><a href=\"https:\/\/www.radiopiu.net\/wordpress\/wp-content\/uploads\/2024\/02\/GIULIANA-BARBA-BEPI.mp3\">https:\/\/www.radiopiu.net\/wordpress\/wp-content\/uploads\/2024\/02\/GIULIANA-BARBA-BEPI.mp3<\/a><\/audio>\n<p>&nbsp;<\/p>\n<p>&nbsp;<\/p>\n<p>https:\/\/www.facebook.com\/radiopiu\/videos\/883704140228667<\/p>\n<p>&nbsp;<\/p>\n<hr \/>\n<p>&nbsp;<\/p>\n<blockquote>\n<h3>ARIA D&#8217;INVERN, IL CONCORSO FOTOGRAFICO<\/h3>\n<\/blockquote>\n<p><strong><img loading=\"lazy\" decoding=\"async\" class=\"alignleft\" src=\"https:\/\/www.radiopiu.net\/wordpress\/wp-content\/uploads\/2024\/01\/Senza-nome-41.png\" width=\"147\" height=\"79\" \/>CENCENIGHE<\/strong> La Pro Loco di Cencenighe ha organizzato un concorso fotografico dal titolo &#8220;Aria D&#8217;Invern&#8221;. Chi volesse partecipare pu\u00f2 inviare gli scatti fino al 31 marzo alla mail ariadinvern@gmail.com seguiranno le premiazioni e, nel mese di luglio, l&#8217;esposizione delle foto al Nof Fil\u00f2. Regolamento completo sul sito www.prolococencenighe.it<\/p>\n<p>&nbsp;<\/p>\n<p>&nbsp;<\/p>\n<p>&nbsp;<\/p>\n<hr \/>\n<p>&nbsp;<\/p>\n<blockquote>\n<h2>LE PISTE&#8230; SULLA PORTA DI CASA<\/h2>\n<\/blockquote>\n<div>\n<div class=\"x1cy8zhl x78zum5 x1q0g3np xod5an3 x1pi30zi x1swvt13 xz9dl7a\">\n<div class=\"x1iyjqo2\">\n<div class=\"x78zum5 xdt5ytf xz62fqu x16ldp7u\">\n<div class=\"xu06os2 x1ok221b\">\n<h2 id=\":R1al9aqqd9emhpapd5aq:\" class=\"x1heor9g x1qlqyl8 x1pd3egz x1a2a7pz x1gslohp x1yc453h\"><span class=\"x193iq5w xeuugli x13faqbe x1vvkbs x1xmvt09 x6prxxf xvq8zen xo1l8bm xi81zsa\"><strong><a class=\"dt-pswp-item\" href=\"https:\/\/www.radiopiu.net\/wordpress\/wp-content\/uploads\/2021\/11\/FORCELLA-AURINE.jpg\" data-dt-img-description=\"\" data-large_image_width=\"960\" data-large_image_height=\"720\"><img loading=\"lazy\" decoding=\"async\" class=\" wp-image-241538 alignleft\" src=\"https:\/\/www.radiopiu.net\/wordpress\/wp-content\/uploads\/2021\/11\/FORCELLA-AURINE-300x225.jpg\" alt=\"\" width=\"191\" height=\"143\" srcset=\"https:\/\/www.radiopiu.net\/wordpress\/wp-content\/uploads\/2021\/11\/FORCELLA-AURINE-300x225.jpg 300w, https:\/\/www.radiopiu.net\/wordpress\/wp-content\/uploads\/2021\/11\/FORCELLA-AURINE-768x576.jpg 768w, https:\/\/www.radiopiu.net\/wordpress\/wp-content\/uploads\/2021\/11\/FORCELLA-AURINE.jpg 960w\" sizes=\"auto, (max-width: 191px) 100vw, 191px\" \/><\/a>Aurine SKI Dolomiti -Progetto Desma <\/strong><\/span><strong><a class=\"x1i10hfl xjbqb8w x6umtig x1b1mbwd xaqea5y xav7gou x9f619 x1ypdohk xt0psk2 xe8uvvx xdj266r x11i5rnm xat24cr x1mh8g0r xexx8yu x4uap5 x18d9i69 xkhd6sd x16tdsg8 x1hl2dhg xggy1nq x1a2a7pz xt0b8zv xzsf02u x1s688f\" tabindex=\"0\" role=\"link\" href=\"https:\/\/www.facebook.com\/aurineskidolomiti?__cft__[0]=AZXSmHr83SUuJT0u4kVMSvLZyFo58012vDZQz2S9NoUpe9MsUBxfpeLpjB-1OoVs-G6CFBOMyk-HwUGAJFyotDcmMB8tqVOt4ppZp7H1Nhm_9AbxGcAKPdaj0NRByIDsgxLcHrLDuU1XYg3AAgvwT-9s&amp;__tn__=-]C%2CP-R\"><span class=\"xt0psk2\">&#8211;<\/span><\/a><\/strong>.<\/h2>\n<\/div>\n<div class=\"xu06os2 x1ok221b\">NUOVE APERTURE E NUOVI ORARI: &#8211; LUNEDI : Chiuso &#8211; MARTEDI : Chiuso &#8211; MERCOLEDI : 13:00-16:30 \/ 19:30-22:00 &#8211; GIOVEDI : 13:00-16:30 &#8211; VENERDI : 13:00-16:30 &#8211; SABATO : 9:00 &#8211; 16.30 &#8211; DOMENICA : 9:00 &#8211; 16.30 AD OGGI LA SITUAZIONE PISTE: &#8211; CAMPO SCUOLA <span class=\"x3nfvp2 x1j61x8r x1fcty0u xdj266r xhhsvwb xat24cr xgzva0m xxymvpz xlup9mm x1kky2od\"><img loading=\"lazy\" decoding=\"async\" class=\"xz74otr\" src=\"https:\/\/static.xx.fbcdn.net\/images\/emoji.php\/v9\/t55\/1.5\/16\/1f7e2.png\" alt=\"&#x1f7e2;\" width=\"16\" height=\"16\" \/><\/span><\/div>\n<\/div>\n<\/div>\n<\/div>\n<\/div>\n<div>\n<div class=\"\" dir=\"auto\">\n<div id=\":R1al9aqqd9emhpapd5aqH2:\" class=\"x1iorvi4 x1pi30zi x1l90r2v x1swvt13\" data-ad-comet-preview=\"message\" data-ad-preview=\"message\">\n<div class=\"x78zum5 xdt5ytf xz62fqu x16ldp7u\">\n<div class=\"xu06os2 x1ok221b\">\n<div class=\"x11i5rnm xat24cr x1mh8g0r x1vvkbs xtlvy1s x126k92a\">\n<div dir=\"auto\">&#8211; GARDELINA <span class=\"x3nfvp2 x1j61x8r x1fcty0u xdj266r xhhsvwb xat24cr xgzva0m xxymvpz xlup9mm x1kky2od\"><img loading=\"lazy\" decoding=\"async\" class=\"xz74otr\" src=\"https:\/\/static.xx.fbcdn.net\/images\/emoji.php\/v9\/t55\/1.5\/16\/1f7e2.png\" alt=\"&#x1f7e2;\" width=\"16\" height=\"16\" \/><\/span>&#8211; BEPI <span class=\"x3nfvp2 x1j61x8r x1fcty0u xdj266r xhhsvwb xat24cr xgzva0m xxymvpz xlup9mm x1kky2od\"><img loading=\"lazy\" decoding=\"async\" class=\"xz74otr\" src=\"https:\/\/static.xx.fbcdn.net\/images\/emoji.php\/v9\/t55\/1.5\/16\/1f7e2.png\" alt=\"&#x1f7e2;\" width=\"16\" height=\"16\" \/><\/span>&#8211; GEMINI <span class=\"x3nfvp2 x1j61x8r x1fcty0u xdj266r xhhsvwb xat24cr xgzva0m xxymvpz xlup9mm x1kky2od\"><img loading=\"lazy\" decoding=\"async\" class=\"xz74otr\" src=\"https:\/\/static.xx.fbcdn.net\/images\/emoji.php\/v9\/tc7\/1.5\/16\/1f534.png\" alt=\"&#x1f534;\" width=\"16\" height=\"16\" \/><\/span>Se le temperature ce lo permetteranno in pochi giorni sar\u00e0 completata anche la parte alta con l&#8217;apertura della sciovia Gardelon. RISTOBAR GHEGY<\/div>\n<\/div>\n<div class=\"x11i5rnm xat24cr x1mh8g0r x1vvkbs xtlvy1s x126k92a\">\n<div dir=\"auto\">&#8211; Dal Mercoled\u00ec al Venerd\u00ec aperto dall&#8217;ora di pranzo. &#8211; Mercoled\u00ec sera anche a cena con i panini GOURMET. &#8211; Sabato e Domenica 8:30 &#8211; 18.30.<\/div>\n<\/div>\n<\/div>\n<\/div>\n<\/div>\n<\/div>\n<\/div>\n<div dir=\"auto\"><\/div>\n<div dir=\"auto\"><\/div>\n<div dir=\"auto\"><\/div>\n<div dir=\"auto\"><\/div>\n<div dir=\"auto\">\n<hr \/>\n<\/div>\n<blockquote>\n<h3 dir=\"auto\"><\/h3>\n<h3 dir=\"auto\">SAN VALENTINO IN ALTA QUOTA<\/h3>\n<\/blockquote>\n<div dir=\"auto\"><a class=\"dt-pswp-item\" href=\"https:\/\/www.radiopiu.net\/wordpress\/wp-content\/uploads\/2022\/12\/Marmolada_sci-scaled.jpg\" data-dt-img-description=\"\" data-large_image_width=\"2560\" data-large_image_height=\"1440\"><img loading=\"lazy\" decoding=\"async\" class=\"wp-image-312435 alignleft\" src=\"https:\/\/www.radiopiu.net\/wordpress\/wp-content\/uploads\/2022\/12\/Marmolada_sci-300x169.jpg\" alt=\"\" width=\"170\" height=\"96\" srcset=\"https:\/\/www.radiopiu.net\/wordpress\/wp-content\/uploads\/2022\/12\/Marmolada_sci-300x169.jpg 300w, https:\/\/www.radiopiu.net\/wordpress\/wp-content\/uploads\/2022\/12\/Marmolada_sci-1024x576.jpg 1024w, https:\/\/www.radiopiu.net\/wordpress\/wp-content\/uploads\/2022\/12\/Marmolada_sci-768x432.jpg 768w, https:\/\/www.radiopiu.net\/wordpress\/wp-content\/uploads\/2022\/12\/Marmolada_sci-1536x864.jpg 1536w, https:\/\/www.radiopiu.net\/wordpress\/wp-content\/uploads\/2022\/12\/Marmolada_sci-2048x1152.jpg 2048w\" sizes=\"auto, (max-width: 170px) 100vw, 170px\" \/><\/a>San Valentino, unico, speciale, con la tua anima gemella sulla montagna pi\u00f9 alta delle dolomiti. Con Funivie Marmolada ammiri il tramonto sulla terrazza panoramica a 3.265 metri&#8230;immagina l&#8217;atmosfera. Sullo sfondo del romantico appuntamento la vista unica, a 360\u00b0 gradi. Rinfresco al rifugio Serauta. Informazioni 334 6794461. www.funiviemarmolada.com<\/div>\n<div dir=\"auto\"><\/div>\n<div dir=\"auto\"><\/div>\n<div dir=\"auto\"><\/div>\n<div dir=\"auto\">\n<hr \/>\n<\/div>\n<p>&nbsp;<\/p>\n<blockquote>\n<h3><a class=\"dt-pswp-item\" href=\"https:\/\/www.radiopiu.net\/wordpress\/wp-content\/uploads\/2023\/02\/CASPARETHA-2023-scaled.jpg\" data-dt-img-description=\"\" data-large_image_width=\"2560\" data-large_image_height=\"1918\"><img loading=\"lazy\" decoding=\"async\" class=\" wp-image-320590 alignleft\" src=\"https:\/\/www.radiopiu.net\/wordpress\/wp-content\/uploads\/2023\/02\/CASPARETHA-2023-300x225.jpg\" alt=\"\" width=\"195\" height=\"146\" srcset=\"https:\/\/www.radiopiu.net\/wordpress\/wp-content\/uploads\/2023\/02\/CASPARETHA-2023-300x225.jpg 300w, https:\/\/www.radiopiu.net\/wordpress\/wp-content\/uploads\/2023\/02\/CASPARETHA-2023-1024x767.jpg 1024w, https:\/\/www.radiopiu.net\/wordpress\/wp-content\/uploads\/2023\/02\/CASPARETHA-2023-768x575.jpg 768w, https:\/\/www.radiopiu.net\/wordpress\/wp-content\/uploads\/2023\/02\/CASPARETHA-2023-1536x1151.jpg 1536w, https:\/\/www.radiopiu.net\/wordpress\/wp-content\/uploads\/2023\/02\/CASPARETHA-2023-2048x1534.jpg 2048w\" sizes=\"auto, (max-width: 195px) 100vw, 195px\" \/><\/a>CASPARETHA 2024 POSTICIPATA AL 17 FEBBRAIO<\/h3>\n<\/blockquote>\n<p><strong>REDAZIONE<\/strong> Gli organizzatori della Casparetha di Canale D&#8217;Agordo informano che la manifestazione, inizialmente in programma per sabato 3 febbraio, \u00e8 stata posticipata a Sabato 17 febbraio a causa della poca neve caduta nell&#8217;ultimo periodo. La data di apertura delle iscrizioni slitta al 3 febbraio. Segurianno degli aggiornamenti nei prossii giorni in base alle previsioni meteo.<\/p>\n<p><span style=\"color: #ff0000;\"><strong>L&#8217;INTERVISTA A RADIO PIU&#8217;<\/strong><\/span><\/p>\n<p><strong>DI MIRKO MEZZACASA<\/strong><\/p>\n<p>OSPITI: Emil Tancon e Mirco Tancon<\/p>\n<audio class=\"wp-audio-shortcode\" id=\"audio-372646-15\" preload=\"none\" style=\"width: 100%;\" controls=\"controls\"><source type=\"audio\/mpeg\" src=\"https:\/\/www.radiopiu.net\/wordpress\/wp-content\/uploads\/2024\/01\/mirco-emil-casparetha-1.mp3?_=15\" \/><a href=\"https:\/\/www.radiopiu.net\/wordpress\/wp-content\/uploads\/2024\/01\/mirco-emil-casparetha-1.mp3\">https:\/\/www.radiopiu.net\/wordpress\/wp-content\/uploads\/2024\/01\/mirco-emil-casparetha-1.mp3<\/a><\/audio>\n<p>&nbsp;<\/p>\n<p>&nbsp;<\/p>\n<hr \/>\n<p>&nbsp;<\/p>\n<p><strong>\u201cAppia Servizi Srl, presso la propria sede di Agordo, \u00e8 alla ricerca di una nuova figura con esperienza per il reparto contabile da inserire nel proprio organico a tempo indeterminato e tempo pieno.Se interessati potete contattare il numero 0437-954411 o inviare la vostra candidatura all\u2019indirizzo <a href=\"mailto:info@appiacna.it\">info@appiacna.it<\/a>.\u201d<\/strong><\/p>\n<p>&nbsp;<\/p>\n<hr \/>\n<p>&nbsp;<\/p>\n<h2><span style=\"color: #ff0000;\">GLI APPUNTAMENTI DELLA SETTIMANA<\/span><\/h2>\n<p><strong>LA VALLE<\/strong> La Pro Loco di La Valle Agordina organizza per domenica El Carneval Dei Boce. Ritrovo in piazza alle 14 con giochi per grandi e bambini, punto ristoro e musica con RDJ. Il tema della festa: Harry Potter. In caso di maltempo la giornata verr\u00e0 rinviata all&#8217;11 febbraio.<span style=\"color: #ff0000;\">\u00a0<\/span><\/p>\n<p><strong>BELLUNO <\/strong>Appuntamento con I Grandi incontri dell\u2019Associazione Liberal Belluno presieduta da Rosalba Schenal. Sabato 3 febbraio 2024 alle ore 17,30 nella sala Teatro del Centro Congressi Giovanni 23mo di Belluno in piazza Piloni, si terr\u00e0 la conferenza con proiezioni di immagini e filmati dal titolo: \u201cUn mondo di guerre\u201d.\u00a0 Relatore dell\u2019incontro: Fausto Biloslavo, giornalista, scrittore e inviato di guerra. Conduce:Franco Tosolini,\u00a0ricercatore storico<\/p>\n<p><strong>BELLUNO <\/strong>Alessio Boni torna al TEATRO DINO BUZZATI nel cartellone della 47ma Stagione di Prosa del Circolo Cultura e Stampa Bellunese con la nuova opera \u201cILIADE. IL GIOCO DEGLI DEI\u201d, che si terr\u00e0 sabato alle 20.45.<\/p>\n<p><strong>BELLUNO<\/strong> Dopo il sold-out de \u201cI BRUTTI ANATROCCOLI\u201d, per il quarto appuntamento di COMINCIO DAI 3 \u2013 FAMIGLIE A TEATRO Domenica 4 febbraio alle ore 17.00 al Teatro Comunale Dino Buzzati di Belluno andr\u00e0 in scena \u201cCHE NOTTE RAGAZZI!\u201d della Compagnia Teatro al Quadrato.<\/p>\n<p>&nbsp;<\/p>\n<h2><span style=\"color: #ff0000;\">PROSSIMAMENTE\u00a0<\/span><\/h2>\n<p><a class=\"dt-pswp-item\" href=\"https:\/\/www.radiopiu.net\/wordpress\/wp-content\/uploads\/2024\/01\/Carnevale-2024-def.png\" data-dt-img-description=\"\" data-large_image_width=\"1414\" data-large_image_height=\"2000\"><img loading=\"lazy\" decoding=\"async\" class=\"size-medium wp-image-372256 aligncenter\" src=\"https:\/\/www.radiopiu.net\/wordpress\/wp-content\/uploads\/2024\/01\/Carnevale-2024-def-212x300.png\" alt=\"\" width=\"212\" height=\"300\" srcset=\"https:\/\/www.radiopiu.net\/wordpress\/wp-content\/uploads\/2024\/01\/Carnevale-2024-def-212x300.png 212w, https:\/\/www.radiopiu.net\/wordpress\/wp-content\/uploads\/2024\/01\/Carnevale-2024-def-724x1024.png 724w, https:\/\/www.radiopiu.net\/wordpress\/wp-content\/uploads\/2024\/01\/Carnevale-2024-def-768x1086.png 768w, https:\/\/www.radiopiu.net\/wordpress\/wp-content\/uploads\/2024\/01\/Carnevale-2024-def-1086x1536.png 1086w, https:\/\/www.radiopiu.net\/wordpress\/wp-content\/uploads\/2024\/01\/Carnevale-2024-def.png 1414w\" sizes=\"auto, (max-width: 212px) 100vw, 212px\" \/><\/a><\/p>\n<p>&nbsp;<\/p>\n<blockquote>\n<h3>Le radici venete delle stragi nere Un libro per capire l\u2019Italia da Piazza Fontana a oggi<\/h3>\n<\/blockquote>\n<p><strong>BELLUNO<\/strong> Marted\u00ec 6 febbraio alle 18 in Sala Muccin (Centro Giovanni XXIII, Piazza Piloni 11 a Belluno) si terr\u00e0 la presentazione del libro \u201cLa tigre e i gelidi mostri\u201d di Maurizio Dianese e Gianfranco Bettin, moderatore Marco Perale.<\/p>\n<p>&nbsp;<\/p>\n<p><strong>FELTRE<\/strong> La Famiglia Ex Emigranti del Feltrino organizza la gita alla fiera &#8220;Orto Giardino&#8221; a Pordenonefiere il 6 marzo. La partenza \u00e8 alle 13 da Pedavena, con passaggio a Feltre. Il programma include l&#8217;ingresso alla fiera e una tappa in pizzeria durante il rientro. Per informazioni 40 262 9562.<\/p>\n<p><strong>TAIBON<\/strong> Pro Loco e comune di Taibon organizzano domenica 11 febbraio il Carneval Dei Boce. Ritrovo in piazza del municipio alle 14, sfilata verso la casa di riposo e rientro per le 16 per la festa in sala ex municipio<\/p>\n<p><strong>BORGO VALBELLUNA<\/strong> Il 14 febbraio prossimo alle ore 20,00 San Valentino arriver\u00e0 a Mel, presso il cinquecentesco salone municipale, grazie al nuovo libro di poesie di Edoardo Comiotto dal titolo \u201cInvisibili carezze\u201d.<\/p>\n<p>&nbsp;<\/p>\n<hr \/>\n<p>&nbsp;<\/p>\n<p><a class=\"dt-pswp-item\" href=\"https:\/\/www.radiopiu.net\/wordpress\/wp-content\/uploads\/2018\/09\/viabilita.jpeg\" data-dt-img-description=\"\" data-large_image_width=\"800\" data-large_image_height=\"100\"><img loading=\"lazy\" decoding=\"async\" class=\"aligncenter wp-image-61954 size-full\" src=\"https:\/\/www.radiopiu.net\/wordpress\/wp-content\/uploads\/2018\/09\/viabilita.jpeg\" alt=\"\" width=\"800\" height=\"100\" srcset=\"https:\/\/www.radiopiu.net\/wordpress\/wp-content\/uploads\/2018\/09\/viabilita.jpeg 800w, https:\/\/www.radiopiu.net\/wordpress\/wp-content\/uploads\/2018\/09\/viabilita-300x38.jpeg 300w, https:\/\/www.radiopiu.net\/wordpress\/wp-content\/uploads\/2018\/09\/viabilita-768x96.jpeg 768w\" sizes=\"auto, (max-width: 800px) 100vw, 800px\" \/><\/a><\/p>\n<p>&nbsp;<\/p>\n<p><a class=\"dt-pswp-item\" href=\"https:\/\/www.radiopiu.net\/wordpress\/wp-content\/uploads\/2023\/12\/botol-car-service.jpg\" data-dt-img-description=\"\" data-large_image_width=\"600\" data-large_image_height=\"600\"><img loading=\"lazy\" decoding=\"async\" class=\"size-medium wp-image-367044 aligncenter\" src=\"https:\/\/www.radiopiu.net\/wordpress\/wp-content\/uploads\/2023\/12\/botol-car-service-300x300.jpg\" alt=\"\" width=\"300\" height=\"300\" srcset=\"https:\/\/www.radiopiu.net\/wordpress\/wp-content\/uploads\/2023\/12\/botol-car-service-300x300.jpg 300w, https:\/\/www.radiopiu.net\/wordpress\/wp-content\/uploads\/2023\/12\/botol-car-service-150x150.jpg 150w, https:\/\/www.radiopiu.net\/wordpress\/wp-content\/uploads\/2023\/12\/botol-car-service.jpg 600w\" sizes=\"auto, (max-width: 300px) 100vw, 300px\" \/><\/a><\/p>\n<p>&nbsp;<\/p>\n<blockquote>\n<h1><span style=\"color: #ff0000;\"><a class=\"dt-pswp-item\" href=\"https:\/\/www.radiopiu.net\/wordpress\/wp-content\/uploads\/2020\/05\/VENETO-STRADE.png\" data-dt-img-description=\"\" data-large_image_width=\"400\" data-large_image_height=\"400\"><img loading=\"lazy\" decoding=\"async\" class=\"wp-image-135574 alignleft\" src=\"https:\/\/www.radiopiu.net\/wordpress\/wp-content\/uploads\/2020\/05\/VENETO-STRADE-300x300.png\" alt=\"\" width=\"102\" height=\"102\" srcset=\"https:\/\/www.radiopiu.net\/wordpress\/wp-content\/uploads\/2020\/05\/VENETO-STRADE-300x300.png 300w, https:\/\/www.radiopiu.net\/wordpress\/wp-content\/uploads\/2020\/05\/VENETO-STRADE-150x150.png 150w, https:\/\/www.radiopiu.net\/wordpress\/wp-content\/uploads\/2020\/05\/VENETO-STRADE.png 400w\" sizes=\"auto, (max-width: 102px) 100vw, 102px\" \/><\/a>AGGIORNAMENTO QUOTIDIANO, IN\u00a0 COLLABORAZIONE CON VENETO STRADE E BOTOL CAR SERVICE AD AGORDO IN LOCALITA&#8217; VALCOZZENA.<\/span><\/h1>\n<p>&nbsp;<\/p><\/blockquote>\n<p><strong>SOSPIROLO\u00a0<\/strong> Lungo la provinciale 2 tra Pian Falcina e Gena Bassa in Comune di Sospirolo\u00a0 <span style=\"color: #ff0000;\">fino al 15 febbraio,<\/span> sabato e domeniche compresi, senso unico alternato regolato da semaforo o movieri, interruzioni alla viabilit\u00e0 fino a 10 minuti per tratti di 200 metri.<\/p>\n<p><span style=\"color: #0000ff;\"><strong>BOLLETTINO VIABILITA&#8217; AGGIORNATO AL 23 GENNAIO 2024<\/strong><\/span><\/p>\n<audio class=\"wp-audio-shortcode\" id=\"audio-372646-16\" preload=\"none\" style=\"width: 100%;\" controls=\"controls\"><source type=\"audio\/mpeg\" src=\"https:\/\/www.radiopiu.net\/wordpress\/wp-content\/uploads\/2024\/01\/VIABLITA-2.mp3?_=16\" \/><a href=\"https:\/\/www.radiopiu.net\/wordpress\/wp-content\/uploads\/2024\/01\/VIABLITA-2.mp3\">https:\/\/www.radiopiu.net\/wordpress\/wp-content\/uploads\/2024\/01\/VIABLITA-2.mp3<\/a><\/audio>\n<p>&nbsp;<\/p>\n<p>&nbsp;<\/p>\n<hr \/>\n<p>&nbsp;<\/p>\n<p>&nbsp;<\/p>\n<p><a class=\"dt-pswp-item\" href=\"https:\/\/www.radiopiu.net\/wordpress\/wp-content\/uploads\/2018\/09\/WhatsApp-Image-2018-09-20-at-16.04.06.jpeg\" data-dt-img-description=\"\" data-large_image_width=\"800\" data-large_image_height=\"100\"><img loading=\"lazy\" decoding=\"async\" class=\"wp-image-61378 size-full aligncenter\" src=\"https:\/\/www.radiopiu.net\/wordpress\/wp-content\/uploads\/2018\/09\/WhatsApp-Image-2018-09-20-at-16.04.06.jpeg\" alt=\"\" width=\"800\" height=\"100\" srcset=\"https:\/\/www.radiopiu.net\/wordpress\/wp-content\/uploads\/2018\/09\/WhatsApp-Image-2018-09-20-at-16.04.06.jpeg 800w, https:\/\/www.radiopiu.net\/wordpress\/wp-content\/uploads\/2018\/09\/WhatsApp-Image-2018-09-20-at-16.04.06-300x38.jpeg 300w, https:\/\/www.radiopiu.net\/wordpress\/wp-content\/uploads\/2018\/09\/WhatsApp-Image-2018-09-20-at-16.04.06-768x96.jpeg 768w\" sizes=\"auto, (max-width: 800px) 100vw, 800px\" \/><\/a><\/p>\n<p><center><\/center><b>\u00a0 \u00a0\u00a0<\/b><\/p>\n<p><center><b>OGGI<\/b><\/center><b>Tempo atteso: <\/b>Nottetempo nuvolosit\u00e0 irregolare, in diradamento dall&#8217;alba in poi, pur conservando banchi di nubi alte in grado di velare il cielo nel corso della mattinata, prima che il cielo torni a rasserenarsi del tutto o quasi nel pomeriggio.<\/p>\n<p><b>Precipitazioni: <\/b>Assenti<br \/>\n<b>Temperature: <\/b>Sotto i 2200-2400 m in ulteriore lieve diminuzione, eccetto i settori interessati dalle condizioni di Foehn, dove l&#8217;andamento termico sar\u00e0 assai irregolare.<\/p>\n<hr \/>\n<p><center><b>DOMANI<\/b><\/center><b>Tempo atteso: <\/b>Tempo stabile con sole e cielo sereno o al pi\u00f9 poco nuvoloso per qualche velatura. La forte ventilazione rimane l&#8217;elemento saliente in alta quota per tutto il giorno, ma potrebbe trattarsi di venti confinati alle cime pi\u00f9 alte.<br \/>\n<b>Precipitazioni: <\/b>Assenti<br \/>\n<b>Temperature: <\/b>In graduale aumento, assai pi\u00f9 marcato per quanto riguarda le massime, specie in quota (zero termico a 3100-3200 m nel tardo pomeriggio), mentre potranno diminuire le minime nelle valli con inversione termica nelle valli durante le ore pi\u00f9 fredde, anche tutto il giorno nelle valli in ombra.<\/p>\n<hr \/>\n<p><center><b>DOMENICA<\/b><\/center>Tempo stabile con sole e cielo sereno o al pi\u00f9 poco nuvoloso per qualche velatura. Lieve insidia nebbia nelle conche prealpine durante le ore pi\u00f9 fredde. Temperature senza notevoli variazioni rispetto a sabato.<\/p>\n<hr \/>\n<p><center><b>LUNEDI<\/b><\/center>Sole, cielo sereno o poco nuvoloso per banchi di cirri e magari qualche annuvolamento di sottovento. Temperature in leggera diminuzione a tutte le quote e minore inversione termica nelle valli.<\/p>\n<p>&nbsp;<\/p>\n<p>&nbsp;<\/p>\n<hr \/>\n<p>&nbsp;<\/p>\n<p>&nbsp;<\/p>\n<p><img loading=\"lazy\" decoding=\"async\" class=\"wp-image-60761 size-full aligncenter\" src=\"https:\/\/www.radiopiu.net\/wordpress\/wp-content\/uploads\/2018\/09\/sport.jpg\" alt=\"\" width=\"800\" height=\"100\" srcset=\"https:\/\/www.radiopiu.net\/wordpress\/wp-content\/uploads\/2018\/09\/sport.jpg 800w, https:\/\/www.radiopiu.net\/wordpress\/wp-content\/uploads\/2018\/09\/sport-300x38.jpg 300w, https:\/\/www.radiopiu.net\/wordpress\/wp-content\/uploads\/2018\/09\/sport-768x96.jpg 768w\" sizes=\"auto, (max-width: 800px) 100vw, 800px\" \/><\/p>\n<p>&nbsp;<\/p>\n<p><span style=\"color: #0000ff;\"><strong>SCI NORDICO<\/strong><\/span><\/p>\n<blockquote>\n<h3 class=\"entry-title\">VANESSA CAGNATI AL SETTIMO POSTO NELLA STAFFETTA DEI GIOCHI OLIMPICI GIOVANILI<\/h3>\n<\/blockquote>\n<p><strong class=\"photoswipe-wrapper\"><a class=\"dt-pswp-item pspw-wrap-ready\" href=\"https:\/\/www.radiopiu.net\/wordpress\/wp-content\/uploads\/2024\/01\/vanessa-cagnati-sappada-17-dic-2023-Copia.jpg\" data-dt-img-description=\"\" data-large_image_width=\"1200\" data-large_image_height=\"800\"><img loading=\"lazy\" decoding=\"async\" class=\" wp-image-369109 alignleft\" src=\"https:\/\/www.radiopiu.net\/wordpress\/wp-content\/uploads\/2024\/01\/vanessa-cagnati-sappada-17-dic-2023-Copia-300x200.jpg\" sizes=\"auto, (max-width: 167px) 100vw, 167px\" srcset=\"https:\/\/www.radiopiu.net\/wordpress\/wp-content\/uploads\/2024\/01\/vanessa-cagnati-sappada-17-dic-2023-Copia-300x200.jpg 300w, https:\/\/www.radiopiu.net\/wordpress\/wp-content\/uploads\/2024\/01\/vanessa-cagnati-sappada-17-dic-2023-Copia-1024x683.jpg 1024w, https:\/\/www.radiopiu.net\/wordpress\/wp-content\/uploads\/2024\/01\/vanessa-cagnati-sappada-17-dic-2023-Copia-768x512.jpg 768w, https:\/\/www.radiopiu.net\/wordpress\/wp-content\/uploads\/2024\/01\/vanessa-cagnati-sappada-17-dic-2023-Copia.jpg 1200w\" alt=\"\" width=\"167\" height=\"111\" \/><\/a>REDAZIONE<\/strong> L\u2019avventura di Vanessa Cagnati in Corea si chiude con un ottimo settimo posto. La falcadina in forza allo Sci Club Val Biois ha fatto bella figura la scorsa notte nell\u2019ultima gara dello sci nordico. Nella staffetta 4\u00d75 km assieme ai compagni di squadra a chiuso al settimo posto assoluto. Una bella esperienza per la giovane ragazza agordina che torna dalla trasferta coreana con la consapevolezza di aver dato il massimo per la maglia azzurra. Italia che ha vinto il medagliere delle Olimpiadi Giovanili con due giorni di anticipo.<\/p>\n<p>&nbsp;<\/p>\n<p>&nbsp;<\/p>\n<p><span style=\"color: #0000ff;\"><strong>PARALIMPICI<\/strong><\/span><\/p>\n<blockquote>\n<h2>De Silvestro e Vozza regalano all&#8217;Italia due podi<\/h2>\n<\/blockquote>\n<p><strong><img loading=\"lazy\" decoding=\"async\" class=\"alignleft\" src=\"https:\/\/www.radiopiu.net\/wordpress\/wp-content\/uploads\/2024\/02\/Senza-nome-3.png\" width=\"263\" height=\"141\" \/>CORTINA<\/strong> terza giornata di gare della Coppa del Mondo di sci alpino paralimpico ha visto l&#8217;Italia ottenere due podi. Ren\u00e9 De Silvestro ha conquistato il secondo posto nella categoria Sitting, dietro al francese Lou Braz-Dagand, mentre Martina Vozza, con la guida Ylenia Sabidussi, ha raggiunto il terzo posto nella categoria Visual Impaired. La competizione ha visto la partecipazione di atleti provenienti da diverse categorie, con vincitori quali Veronica Aiger e Elisabeth Aigner (Austria), Kalle Ericsson e Sierra Smith (Canada), Ebba Aarsjoe (Svezia), Arthur Bauchet (Francia), Anna Lena Forster (Germania) e Lou Barz-Dagand (Francia). La Coppa del Mondo si concluder\u00e0 domani con il secondo slalom. Durante l&#8217;evento, gli studenti hanno avuto l&#8217;opportunit\u00e0 di incontrare gli atleti, porre domande e sperimentare una prova simulata di Visual Impaired per comprendere la prospettiva di atleti ipovedenti o non vedenti.<\/p>\n<p><a href=\"https:\/\/fondazionecortina.us20.list-manage.com\/track\/click?u=74e7678810042ecfc19f96f9b&amp;id=29195d316c&amp;e=f09bcea401\" target=\"_blank\" rel=\"noopener\">Classifiche\u00a0<\/a><\/p>\n<p>&nbsp;<\/p>\n<p><span style=\"color: #0000ff;\"><strong>COPPA DEL MONDO<\/strong><\/span><\/p>\n<blockquote>\n<h2>SKI CROSS, QUALIFICATION 2\u2019 DI ALLEGHE-CIVETTA<\/h2>\n<\/blockquote>\n<blockquote><p><em> <a class=\"dt-pswp-item\" href=\"https:\/\/www.radiopiu.net\/wordpress\/wp-content\/uploads\/2024\/02\/FEDERICO_TOMMASONI_SKICROSS_ALLEGHE-scaled.jpg\" data-dt-img-description=\"Newspower.it Trento www.newspower.it\" data-large_image_width=\"2560\" data-large_image_height=\"1706\"><img loading=\"lazy\" decoding=\"async\" class=\"size-medium wp-image-372695 alignleft\" src=\"https:\/\/www.radiopiu.net\/wordpress\/wp-content\/uploads\/2024\/02\/FEDERICO_TOMMASONI_SKICROSS_ALLEGHE-300x200.jpg\" alt=\"\" width=\"300\" height=\"200\" srcset=\"https:\/\/www.radiopiu.net\/wordpress\/wp-content\/uploads\/2024\/02\/FEDERICO_TOMMASONI_SKICROSS_ALLEGHE-300x200.jpg 300w, https:\/\/www.radiopiu.net\/wordpress\/wp-content\/uploads\/2024\/02\/FEDERICO_TOMMASONI_SKICROSS_ALLEGHE-1024x682.jpg 1024w, https:\/\/www.radiopiu.net\/wordpress\/wp-content\/uploads\/2024\/02\/FEDERICO_TOMMASONI_SKICROSS_ALLEGHE-768x512.jpg 768w, https:\/\/www.radiopiu.net\/wordpress\/wp-content\/uploads\/2024\/02\/FEDERICO_TOMMASONI_SKICROSS_ALLEGHE-1536x1024.jpg 1536w, https:\/\/www.radiopiu.net\/wordpress\/wp-content\/uploads\/2024\/02\/FEDERICO_TOMMASONI_SKICROSS_ALLEGHE-2048x1365.jpg 2048w\" sizes=\"auto, (max-width: 300px) 100vw, 300px\" \/><\/a>Oggi seconda giornata di qualificazioni della \u201cCoppa\u201d Alleghe-Civetta Ski Cross Thompson, Schmidt e Mcewen: i migliori tempi femminili tutti al Canada Mobaerg (SWE) si impone di un soffio (+0.03) sull\u2019austriaco Graf Tomasoni (foto sx) e Zuech i qualificati azzurri, entusiasmo nel CO dell\u2019evento<\/em><\/p><\/blockquote>\n<p>Il Canada ha dominato la \u201cqualification 2\u201d al femminile, mentre un ritrovato David Mobaerg (SWE) ha siglato il miglior tempo fra gli uomini. \u00a0La canadese Marielle Thompson ha dominato la run distanziando le connazionali Hannah Schmidt, leader di Coppa del Mondo, e Abby Mcewen\u00a0 invece per la francese Marielle Berger Sabbatel, con le atlete che saranno al via in 14 e partiranno direttamente dai quarti di finale nella gara di sabato. Distacchi ravvicinatissimi al maschile, dove ad avere la meglio \u00e8 stato David Mobaerg: lo svedese ha strappato il 1\u00b0 tempo in qualifica distanziando di soli 0.03 secondi Mathias Graf (AUT) e di 0.11 secondi Tristan Takats (AUT). Anche oggi sono Tomasoni e Zuech i due azzurri che centrano la qualifica e saranno al via della gara di sabato.<\/p>\n<blockquote><p><a class=\"dt-pswp-item\" href=\"https:\/\/www.radiopiu.net\/wordpress\/wp-content\/uploads\/2024\/02\/ATLETI_SKICROSS_ALLEGHE-08-1-scaled.jpg\" data-dt-img-description=\"Newspower.it Trento www.newspower.it\" data-large_image_width=\"2560\" data-large_image_height=\"1707\"><img loading=\"lazy\" decoding=\"async\" class=\"size-medium wp-image-372698 alignleft\" src=\"https:\/\/www.radiopiu.net\/wordpress\/wp-content\/uploads\/2024\/02\/ATLETI_SKICROSS_ALLEGHE-08-1-300x200.jpg\" alt=\"\" width=\"300\" height=\"200\" srcset=\"https:\/\/www.radiopiu.net\/wordpress\/wp-content\/uploads\/2024\/02\/ATLETI_SKICROSS_ALLEGHE-08-1-300x200.jpg 300w, https:\/\/www.radiopiu.net\/wordpress\/wp-content\/uploads\/2024\/02\/ATLETI_SKICROSS_ALLEGHE-08-1-1024x683.jpg 1024w, https:\/\/www.radiopiu.net\/wordpress\/wp-content\/uploads\/2024\/02\/ATLETI_SKICROSS_ALLEGHE-08-1-768x512.jpg 768w, https:\/\/www.radiopiu.net\/wordpress\/wp-content\/uploads\/2024\/02\/ATLETI_SKICROSS_ALLEGHE-08-1-1536x1024.jpg 1536w, https:\/\/www.radiopiu.net\/wordpress\/wp-content\/uploads\/2024\/02\/ATLETI_SKICROSS_ALLEGHE-08-1-2048x1366.jpg 2048w\" sizes=\"auto, (max-width: 300px) 100vw, 300px\" \/><\/a>Grande entusiasmo nel comitato organizzatore, che raccoglie i frutti di un lavoro cominciato tanti mesi fa: \u201cQuesta \u00e8 un\u2019esperienza nuova, ma molto stimolante. Abbiamo costruito un bellissimo team di lavoro e siamo una squadra davvero motivata. C\u2019\u00e8 tanta pressione dato che siamo ai massimi livelli, ma ci teniamo a fare bella figura e siamo arrivati a questo appuntamento il pi\u00f9 preparati possibile\u201d, dichiara il direttore di gara Cristian Moretti. Domani gare a partire dalle ore 10.30.<\/p><\/blockquote>\n<p><strong>Qualifiche maschili<\/strong><\/p>\n<p>1 MOBAERG David SWE 53.26; 2 GRAF Mathias AUT 53.29; 3 TAKATS Tristan AUT 53.37; 4 HOWDEN Reece CAN 53.43; 5 DAVIES Olivier GBR 53.59<\/p>\n<p>11 TOMASONI Federico ITA 53.99; 30 ZUECH Dominik ITA 54.55<\/p>\n<p><strong>Qualifiche femminili<\/strong><\/p>\n<p>1 THOMPSON Marielle CAN 56.34; 2 SCHMIDT Hannah CAN 56.82; 3 MCEWEN Abby CAN 57.14; 4 BERGER SABBATEL Marielle FRA 57.16; 5 SHERRET India CAN 57.38<\/p>\n<p>&nbsp;<\/p>\n<p>&nbsp;<\/p>\n<p><span style=\"color: #0000ff;\"><strong>CORSA IN MONTAGNA<\/strong><\/span><\/p>\n<blockquote>\n<h3>AL VIA LE ISCRIZIONI PER LA TRANSPELMO 2024<\/h3>\n<\/blockquote>\n<p><a class=\"dt-pswp-item\" href=\"https:\/\/www.radiopiu.net\/wordpress\/wp-content\/uploads\/2024\/02\/transpelmo-archivio.jpg\" data-dt-img-description=\"\" data-large_image_width=\"2000\" data-large_image_height=\"1333\"><img loading=\"lazy\" decoding=\"async\" class=\" wp-image-372676 alignleft\" src=\"https:\/\/www.radiopiu.net\/wordpress\/wp-content\/uploads\/2024\/02\/transpelmo-archivio-300x200.jpg\" alt=\"\" width=\"147\" height=\"98\" srcset=\"https:\/\/www.radiopiu.net\/wordpress\/wp-content\/uploads\/2024\/02\/transpelmo-archivio-300x200.jpg 300w, https:\/\/www.radiopiu.net\/wordpress\/wp-content\/uploads\/2024\/02\/transpelmo-archivio-1024x682.jpg 1024w, https:\/\/www.radiopiu.net\/wordpress\/wp-content\/uploads\/2024\/02\/transpelmo-archivio-768x512.jpg 768w, https:\/\/www.radiopiu.net\/wordpress\/wp-content\/uploads\/2024\/02\/transpelmo-archivio-1536x1024.jpg 1536w, https:\/\/www.radiopiu.net\/wordpress\/wp-content\/uploads\/2024\/02\/transpelmo-archivio.jpg 2000w\" sizes=\"auto, (max-width: 147px) 100vw, 147px\" \/><\/a>Il comitato organizzatore di Transpelmo 2024 ha annunciato che le iscrizioni per l&#8217;evento, in programma per domenica 1 settembre, sono iniziate ieri. La corsa, che si svolge attorno al Monte Pelmo nella Val di Zoldo, \u00e8 la finale italiana del circuito Golden Trail National Series by Salomon. Le iscrizioni sono limitate a 1.100 partecipanti, suddivise in fasce di prezzo a seconda del momento di registrazione. La quota di iscrizione include vari servizi e un gilet tecnico personalizzato. Tutte e info su www.transpelmo.com<\/p>\n<p>&nbsp;<\/p>\n<p>&nbsp;<\/p>\n<p>&nbsp;<\/p>\n","protected":false},"excerpt":{"rendered":"<p>**** &nbsp; 40esimo di RADIOPIU\u2026. LA VOCE DELL\u2019EMOZIONE ISCRIVITI AL NOSTRO CANALE\u00a0\u00a0YOUTUBE PER SEGUIRE IN DIRETTA I PRINCIPALI PROGRAMMI DI RADIO PIU\u2019 E LE FUTURE DIRETTE IN ESTERNA. PER ISCRIVERTI CLICCA QUI\u00a0E PREMI\u00a0 \u201cIscriviti\u201d\u00a0 \u00a0 &nbsp; &nbsp; &nbsp; OGGI ALLE 13.0 DOMANI 11. 30 DOMENICA 14 il giorMale di Marco V Dal Farra OGGI ALLA&hellip;<\/p>\n","protected":false},"author":4,"featured_media":372732,"comment_status":"closed","ping_status":"closed","sticky":false,"template":"","format":"standard","meta":{"_monsterinsights_skip_tracking":false,"_monsterinsights_sitenote_active":false,"_monsterinsights_sitenote_note":"","_monsterinsights_sitenote_category":0,"footnotes":""},"categories":[51,86,49],"tags":[],"class_list":["post-372646","post","type-post","status-publish","format-standard","has-post-thumbnail","hentry","category-evidenza-top","category-gr","category-news-18","category-51","category-86","category-49","description-off"],"img_url":"https:\/\/www.radiopiu.net\/wordpress\/wp-content\/uploads\/2024\/02\/Senza-nome-5.png","_links":{"self":[{"href":"https:\/\/www.radiopiu.net\/wordpress\/wp-json\/wp\/v2\/posts\/372646","targetHints":{"allow":["GET"]}}],"collection":[{"href":"https:\/\/www.radiopiu.net\/wordpress\/wp-json\/wp\/v2\/posts"}],"about":[{"href":"https:\/\/www.radiopiu.net\/wordpress\/wp-json\/wp\/v2\/types\/post"}],"author":[{"embeddable":true,"href":"https:\/\/www.radiopiu.net\/wordpress\/wp-json\/wp\/v2\/users\/4"}],"replies":[{"embeddable":true,"href":"https:\/\/www.radiopiu.net\/wordpress\/wp-json\/wp\/v2\/comments?post=372646"}],"version-history":[{"count":0,"href":"https:\/\/www.radiopiu.net\/wordpress\/wp-json\/wp\/v2\/posts\/372646\/revisions"}],"wp:featuredmedia":[{"embeddable":true,"href":"https:\/\/www.radiopiu.net\/wordpress\/wp-json\/wp\/v2\/media\/372732"}],"wp:attachment":[{"href":"https:\/\/www.radiopiu.net\/wordpress\/wp-json\/wp\/v2\/media?parent=372646"}],"wp:term":[{"taxonomy":"category","embeddable":true,"href":"https:\/\/www.radiopiu.net\/wordpress\/wp-json\/wp\/v2\/categories?post=372646"},{"taxonomy":"post_tag","embeddable":true,"href":"https:\/\/www.radiopiu.net\/wordpress\/wp-json\/wp\/v2\/tags?post=372646"}],"curies":[{"name":"wp","href":"https:\/\/api.w.org\/{rel}","templated":true}]}}