{"id":372672,"date":"2024-02-02T05:51:10","date_gmt":"2024-02-02T04:51:10","guid":{"rendered":"https:\/\/www.radiopiu.net\/wordpress\/?p=372672"},"modified":"2024-02-02T06:15:19","modified_gmt":"2024-02-02T05:15:19","slug":"un-altro-caso-di-intossicazione","status":"publish","type":"post","link":"https:\/\/www.radiopiu.net\/wordpress\/un-altro-caso-di-intossicazione\/","title":{"rendered":"INCIDENTI E INTOSSICAZIONI"},"content":{"rendered":"<p>^^^<\/p>\n<p>&nbsp;<\/p>\n<p><strong>REDAZIONE<\/strong> Due gli interventi del Suem nella giornata di ieri, due quelli principali. A Col Perer di Arsi\u00e8 soccorso un uomo di 88 anni travolto dal trattore e trasportato all&#8217;ospedale di Feltre<\/p>\n<p>Alle 18.23 di ieri sera l&#8217;elicottero Falco \u00e8 stato chiamato in auto di un uomo di 46 anni di Belluno per intossicazione. L&#8217;uomo \u00e8 stato portato all&#8217;ospedale San Martino di Belluno, non \u00e8 in pericolo di vita.<\/p>\n<p>IERI IN PISTA: PISTE : COMPRENSORIO CORTINA: 9 INTERVENTI,\u00a0 COMPRENSORIO ARABBA: 3, COMPRENSORIO CIVETTA: 2,\u00a0 COMPRENSORIO FELTRINO: 1, COMPRENSORIO AURONZO : 1<\/p>\n<p>&nbsp;<\/p>\n<hr \/>\n<p>&nbsp;<\/p>\n","protected":false},"excerpt":{"rendered":"<p>^^^ &nbsp; REDAZIONE Due gli interventi del Suem nella giornata di ieri, due quelli principali. A Col Perer di Arsi\u00e8 soccorso un uomo di 88 anni travolto dal trattore e trasportato all&#8217;ospedale di Feltre Alle 18.23 di ieri sera l&#8217;elicottero Falco \u00e8 stato chiamato in auto di un uomo di 46 anni di Belluno per&hellip;<\/p>\n","protected":false},"author":4,"featured_media":194386,"comment_status":"closed","ping_status":"closed","sticky":false,"template":"","format":"standard","meta":{"_monsterinsights_skip_tracking":false,"_monsterinsights_sitenote_active":false,"_monsterinsights_sitenote_note":"","_monsterinsights_sitenote_category":0,"footnotes":""},"categories":[51,49],"tags":[],"class_list":["post-372672","post","type-post","status-publish","format-standard","has-post-thumbnail","hentry","category-evidenza-top","category-news-18","category-51","category-49","description-off"],"img_url":"https:\/\/www.radiopiu.net\/wordpress\/wp-content\/uploads\/2021\/03\/333-2021-FORNO-DI-ZOLDO-BL-AL-VIA-I-LAVORI-SUL-MAEu2019.-ASSESSORE-BOTTACIN-CON-150.000-EURO-ALTRO-IMPORTANTE-INVESTIMENTO-PER-LA-SICUREZZA-DELLA-VALLE-1.jpg","_links":{"self":[{"href":"https:\/\/www.radiopiu.net\/wordpress\/wp-json\/wp\/v2\/posts\/372672","targetHints":{"allow":["GET"]}}],"collection":[{"href":"https:\/\/www.radiopiu.net\/wordpress\/wp-json\/wp\/v2\/posts"}],"about":[{"href":"https:\/\/www.radiopiu.net\/wordpress\/wp-json\/wp\/v2\/types\/post"}],"author":[{"embeddable":true,"href":"https:\/\/www.radiopiu.net\/wordpress\/wp-json\/wp\/v2\/users\/4"}],"replies":[{"embeddable":true,"href":"https:\/\/www.radiopiu.net\/wordpress\/wp-json\/wp\/v2\/comments?post=372672"}],"version-history":[{"count":0,"href":"https:\/\/www.radiopiu.net\/wordpress\/wp-json\/wp\/v2\/posts\/372672\/revisions"}],"wp:featuredmedia":[{"embeddable":true,"href":"https:\/\/www.radiopiu.net\/wordpress\/wp-json\/wp\/v2\/media\/194386"}],"wp:attachment":[{"href":"https:\/\/www.radiopiu.net\/wordpress\/wp-json\/wp\/v2\/media?parent=372672"}],"wp:term":[{"taxonomy":"category","embeddable":true,"href":"https:\/\/www.radiopiu.net\/wordpress\/wp-json\/wp\/v2\/categories?post=372672"},{"taxonomy":"post_tag","embeddable":true,"href":"https:\/\/www.radiopiu.net\/wordpress\/wp-json\/wp\/v2\/tags?post=372672"}],"curies":[{"name":"wp","href":"https:\/\/api.w.org\/{rel}","templated":true}]}}