{"id":372736,"date":"2024-02-02T07:55:47","date_gmt":"2024-02-02T06:55:47","guid":{"rendered":"https:\/\/www.radiopiu.net\/wordpress\/?p=372736"},"modified":"2024-02-02T08:01:06","modified_gmt":"2024-02-02T07:01:06","slug":"la-rassegna-della-stampa-locale-ci-siamo-ogni-mattina-alle-8-dal-1983","status":"publish","type":"post","link":"https:\/\/www.radiopiu.net\/wordpress\/la-rassegna-della-stampa-locale-ci-siamo-ogni-mattina-alle-8-dal-1983\/","title":{"rendered":"LA RASSEGNA DELLA STAMPA LOCALE CI SIAMO, OGNI MATTINA ALLE 8 DAL 1983"},"content":{"rendered":"<p>**<\/p>\n<blockquote>\n<div dir=\"auto\"><em>ogni giorno alla radio, dal 1983, dalla prima rassegna stampa in onda alle 8 del mattino il 27 giugno 1983, era un lunedi mattina. Tra i primi a condurla @Fabio Guadagnini. Da allora l&#8217;appuntamento non \u00e8 mai stato tolto dal palinsesto&#8230;\u00a0La &#8220;storica&#8221; rassegna stampa per alcuni anni condotta da Gianni Milani da <a class=\"x1i10hfl xjbqb8w x1ejq31n xd10rxx x1sy0etr x17r0tee x972fbf xcfux6l x1qhh985 xm0m39n x9f619 x1ypdohk xt0psk2 xe8uvvx xdj266r x11i5rnm xat24cr x1mh8g0r xexx8yu x4uap5 x18d9i69 xkhd6sd x16tdsg8 x1hl2dhg xggy1nq x1a2a7pz xt0b8zv x1fey0fg xo1l8bm\" tabindex=\"0\" role=\"link\" href=\"https:\/\/www.facebook.com\/radiocortina?__cft__[0]=AZWoC-qi4HTeRTWkaSqPzIt5YtRSp978PHLbi3eMhi1KqKQ5ZfKOOSdqHmMB8_ZkZO6OGl3zbLv9LLTwNsQsWDvW9T8Ildzblve6sGxj1Mlo07n3nAWmX8A-q7KPlH81ZlrFogjdeG4_ZC15PKosJA5qgnhyiybQ4f9prsZXyu4pnA&amp;__tn__=-]K-R\"><span class=\"xt0psk2\">RadioCortina<\/span><\/a> per alcune emittenti della provincia RADIOPIU compresa., poi la conduzione di <a class=\"x1i10hfl xjbqb8w x1ejq31n xd10rxx x1sy0etr x17r0tee x972fbf xcfux6l x1qhh985 xm0m39n x9f619 x1ypdohk xt0psk2 xe8uvvx xdj266r x11i5rnm xat24cr x1mh8g0r xexx8yu x4uap5 x18d9i69 xkhd6sd x16tdsg8 x1hl2dhg xggy1nq x1a2a7pz xt0b8zv x1fey0fg xo1l8bm\" tabindex=\"0\" role=\"link\" href=\"https:\/\/www.facebook.com\/profile.php?id=100071243463949&amp;__cft__[0]=AZWoC-qi4HTeRTWkaSqPzIt5YtRSp978PHLbi3eMhi1KqKQ5ZfKOOSdqHmMB8_ZkZO6OGl3zbLv9LLTwNsQsWDvW9T8Ildzblve6sGxj1Mlo07n3nAWmX8A-q7KPlH81ZlrFogjdeG4_ZC15PKosJA5qgnhyiybQ4f9prsZXyu4pnA&amp;__tn__=-]K-R\"><span class=\"xt0psk2\">Mario Massimiliano Fornaro<\/span><\/a> con la sua Olivetti forse una lettera 32&#8230; e pochi altri. .. erano gli anni Ottanta, il secondo decennio della Radio Libera&#8230;. noi siamo rimasti li, scusateci.<\/em><\/div>\n<\/blockquote>\n<div dir=\"auto\">mm<\/div>\n<div dir=\"auto\">\n<p><iframe loading=\"lazy\" title=\"DAL 1983 LA RASSEGNA STAMPA LOCALE di mirko mezzacasa. L&#039;ORIGINALE\" width=\"1200\" height=\"675\" src=\"https:\/\/www.youtube.com\/embed\/GwF2G67nwvA?feature=oembed\" frameborder=\"0\" allow=\"accelerometer; autoplay; clipboard-write; encrypted-media; gyroscope; picture-in-picture; web-share\" allowfullscreen><\/iframe><\/p>\n<\/div>\n<div dir=\"auto\"><\/div>\n<p><strong><img loading=\"lazy\" decoding=\"async\" class=\"alignleft\" src=\"https:\/\/www.radiopiu.net\/wordpress\/wp-content\/uploads\/2024\/02\/Senza-nome-6.png\" width=\"275\" height=\"163\" \/>LAMON\u00a0<\/strong> Fumo e fiamme contenute dai vigili del fuoco\u00a0 a causa del malfunzionamento di una pompa dell&#8217;impianto di riscaldamento in un&#8217;abitazione di via Campagna. Casa salvata.<br \/>\n<strong>BELLUNO<\/strong> I nuovi dirigenti si dice siano al lavoro da tempo per trovare le giuste soluzioni, si dice che a &#8220;breve&#8221; si vedranno i risultati. Per ora i bellunesi notano 47 corse definitivamente tagliate<br \/>\n<strong>PONTE CHIUSO<\/strong>, DALLE CODE ALLA &#8220;NORMALITA'&#8221; BELLUNO La viabilit\u00e0 alternativa proposta dal Comune ha funzionato, evitando il paralizzarsi della citt\u00e0.<br \/>\n<strong>BELLUNO<\/strong> Coldiretti Belluno con Carolina Da Rold, Marco Vuerich e il vicedirettore Michele Nenz, ha partecipato a una protesta a Bruxelles contro le politiche agricole dell&#8217;Unione Europea<br \/>\n<strong>TAIBON<\/strong> La Noris\u00a0 dei &#8220;bertuz&#8221;\u00a0 era il volto noto nel suo panificio sulla strada per la chiesa e per le scuole elementari. Domani i funerali.<br \/>\n<strong>BELLUNO<\/strong> Il giudice Enrica Marson ha preso tempo rinviando l&#8217;udienza per il caso del figlio di Diego Feltrin che mor\u00ec dopo aver ingerito hashish. Feltrin \u00e8 indagato per omicidio colposo e spaccio di droga. La Procura ha accordato il patteggiamento di 2 anni, sentenza a met\u00e0 febbraio.<br \/>\n<strong>GIOVANI E STARTUP<\/strong>, A MIDO 2024 L\u2019OCCHIALERIA BELLUNESE GUARDA AL FUTURO CON LA DOLOMITI INNOVATION VALLEY<\/p>\n<p><strong>belluno<\/strong> UNA GIORNATA CONTRO LA VIOLENZA NEL RICORDO DI FILIPPO RACITI. L&#8217;APPELLO DEL SAP PER UN CAMBIAMENTO POSITIVO NELLO SPORT&#8221;<br \/>\n<strong>livinallongo<\/strong> STRADA DI ZORZ. DE BATTISTA &#8220;IL SINDACO PUO&#8217; RITIRARE I PERMESSI, MA LE CONSEGUENZE SARANNO GRAVI PER TUTTO IL PAESE&#8221;<br \/>\n<strong>BELLUNO<\/strong> Ieri a Palazzo Rosso un incontro con la delegazione bellunese dell&#8217;ANVCG in occasione della Giornata\u00a0Nazionale delle vittime civili delle guerre e dei conflitti.<br \/>\n<strong>sedico<\/strong> BRANCO DI LUPI SBRANA CAVALLA AL CENTRO DEI CARABINIERI FORESTALI ieri sera il servizio di ANTENNA 3 con Fabio Fioravanzi, oggi alla radio.<br \/>\n<strong>belluno<\/strong> SICURI E A LUNGO IN CASA PROPRIA\u2019 PARTE IL PROGETTO DI DOMICILIARITA\u2019 PER ANZIANI<br \/>\nUNA CHIACCHIERATA CON<strong> SILVIA CESTARO<\/strong>, CONSIGLIERE REGIONALE sul sito di RADIOPIU.<br \/>\nEL BAL DEL FIOR, DETTI E MODI DI DIRE CON GIULIANA DA RONCH da lunedi il nuovo programma<br \/>\nCIAK SI GIRA, IL PROGRAMMA DI <strong>PAOLA LANCIATO<\/strong> in onda da lunedi<\/p>\n<p>SCI NORDICO <strong>VANESSA CAGNATI<\/strong> AL SETTIMO POSTO NELLA STAFFETTA DEI GIOCHI OLIMPICI GIOVANILI<br \/>\n<strong>PARALIMPICI<\/strong> De Silvestro e Vozza regalano all&#8217;Italia due podi<br \/>\n<strong>COPPA DEL MONDO <\/strong>SKI CROSS, QUALIFICATION 2\u2019 DI ALLEGHE-CIVETTA CORSA IN MONTAGNA AL VIA LE ISCRIZIONI PER LA TRANSPELMO 2024<\/p>\n<p>&nbsp;<\/p>\n<p>&nbsp;<\/p>\n<hr \/>\n<p>&nbsp;<\/p>\n","protected":false},"excerpt":{"rendered":"<p>** ogni giorno alla radio, dal 1983, dalla prima rassegna stampa in onda alle 8 del mattino il 27 giugno 1983, era un lunedi mattina. Tra i primi a condurla @Fabio Guadagnini. Da allora l&#8217;appuntamento non \u00e8 mai stato tolto dal palinsesto&#8230;\u00a0La &#8220;storica&#8221; rassegna stampa per alcuni anni condotta da Gianni Milani da RadioCortina per&hellip;<\/p>\n","protected":false},"author":4,"featured_media":372737,"comment_status":"closed","ping_status":"closed","sticky":false,"template":"","format":"standard","meta":{"_monsterinsights_skip_tracking":false,"_monsterinsights_sitenote_active":false,"_monsterinsights_sitenote_note":"","_monsterinsights_sitenote_category":0,"footnotes":""},"categories":[104,49,142],"tags":[],"class_list":["post-372736","post","type-post","status-publish","format-standard","has-post-thumbnail","hentry","category-evidenza_3","category-news-18","category-rassegna-stampa","category-104","category-49","category-142","description-off"],"img_url":"https:\/\/www.radiopiu.net\/wordpress\/wp-content\/uploads\/2024\/02\/Senza-nome-6.png","_links":{"self":[{"href":"https:\/\/www.radiopiu.net\/wordpress\/wp-json\/wp\/v2\/posts\/372736","targetHints":{"allow":["GET"]}}],"collection":[{"href":"https:\/\/www.radiopiu.net\/wordpress\/wp-json\/wp\/v2\/posts"}],"about":[{"href":"https:\/\/www.radiopiu.net\/wordpress\/wp-json\/wp\/v2\/types\/post"}],"author":[{"embeddable":true,"href":"https:\/\/www.radiopiu.net\/wordpress\/wp-json\/wp\/v2\/users\/4"}],"replies":[{"embeddable":true,"href":"https:\/\/www.radiopiu.net\/wordpress\/wp-json\/wp\/v2\/comments?post=372736"}],"version-history":[{"count":0,"href":"https:\/\/www.radiopiu.net\/wordpress\/wp-json\/wp\/v2\/posts\/372736\/revisions"}],"wp:featuredmedia":[{"embeddable":true,"href":"https:\/\/www.radiopiu.net\/wordpress\/wp-json\/wp\/v2\/media\/372737"}],"wp:attachment":[{"href":"https:\/\/www.radiopiu.net\/wordpress\/wp-json\/wp\/v2\/media?parent=372736"}],"wp:term":[{"taxonomy":"category","embeddable":true,"href":"https:\/\/www.radiopiu.net\/wordpress\/wp-json\/wp\/v2\/categories?post=372736"},{"taxonomy":"post_tag","embeddable":true,"href":"https:\/\/www.radiopiu.net\/wordpress\/wp-json\/wp\/v2\/tags?post=372736"}],"curies":[{"name":"wp","href":"https:\/\/api.w.org\/{rel}","templated":true}]}}