{"id":372757,"date":"2024-02-03T05:45:37","date_gmt":"2024-02-03T04:45:37","guid":{"rendered":"https:\/\/www.radiopiu.net\/wordpress\/?p=372757"},"modified":"2024-02-03T09:12:37","modified_gmt":"2024-02-03T08:12:37","slug":"giornale-radiopiu-03-febbraio-2024-direttore-mirko-mezzacasada-40-anni-25-giugno-1983-25-giugno-2023","status":"publish","type":"post","link":"https:\/\/www.radiopiu.net\/wordpress\/giornale-radiopiu-03-febbraio-2024-direttore-mirko-mezzacasada-40-anni-25-giugno-1983-25-giugno-2023\/","title":{"rendered":"GIORNALE RADIOPIU 03 FEBBRAIO 2024 DIRETTORE MIRKO MEZZACASA\u2026DA 40 ANNI 25 GIUGNO 1983-25 GIUGNO 2023"},"content":{"rendered":"<p>****<\/p>\n<h1><\/h1>\n<p>&nbsp;<\/p>\n<h1 class=\"entry-title photoswipe-wrapper\"><strong><a class=\"dt-pswp-item\" href=\"https:\/\/www.radiopiu.net\/wordpress\/wp-content\/uploads\/2023\/12\/logo-radio.jpg\" data-dt-img-description=\"\" data-large_image_width=\"800\" data-large_image_height=\"600\"><img loading=\"lazy\" decoding=\"async\" class=\"wp-image-367163 alignleft\" src=\"https:\/\/www.radiopiu.net\/wordpress\/wp-content\/uploads\/2023\/12\/logo-radio-300x225.jpg\" alt=\"\" width=\"109\" height=\"82\" srcset=\"https:\/\/www.radiopiu.net\/wordpress\/wp-content\/uploads\/2023\/12\/logo-radio-300x225.jpg 300w, https:\/\/www.radiopiu.net\/wordpress\/wp-content\/uploads\/2023\/12\/logo-radio-768x576.jpg 768w, https:\/\/www.radiopiu.net\/wordpress\/wp-content\/uploads\/2023\/12\/logo-radio.jpg 800w\" sizes=\"auto, (max-width: 109px) 100vw, 109px\" \/><\/a><\/strong><\/h1>\n<h1 class=\"entry-title photoswipe-wrapper\">40esimo di RADIOPIU\u2026. LA VOCE DELL\u2019EMOZIONE<\/h1>\n<h2><\/h2>\n<h2><span style=\"color: #ff0000;\">ISCRIVITI AL NOSTRO CANALE\u00a0\u00a0YOUTUBE PER SEGUIRE IN DIRETTA I PRINCIPALI PROGRAMMI DI RADIO PIU\u2019 E LE FUTURE DIRETTE IN ESTERNA. PER ISCRIVERTI <a style=\"color: #ff0000;\" href=\"https:\/\/youtube.com\/@radiopiu1527\">CLICCA QUI\u00a0<\/a>E PREMI\u00a0 \u201cIscriviti\u201d\u00a0 \u00a0<\/span><\/h2>\n<p>&nbsp;<\/p>\n<p>&nbsp;<\/p>\n<p>&nbsp;<\/p>\n<div class=\"xdj266r x11i5rnm xat24cr x1mh8g0r x1vvkbs x126k92a\">\n<div dir=\"auto\"><a class=\"dt-pswp-item\" href=\"https:\/\/www.radiopiu.net\/wordpress\/wp-content\/uploads\/2024\/01\/Senza-nome-93.png\" data-dt-img-description=\"\" data-large_image_width=\"194\" data-large_image_height=\"128\"><img loading=\"lazy\" decoding=\"async\" class=\"size-full wp-image-372133 alignleft\" src=\"https:\/\/www.radiopiu.net\/wordpress\/wp-content\/uploads\/2024\/01\/Senza-nome-93.png\" alt=\"\" width=\"194\" height=\"128\" \/><\/a><\/div>\n<\/div>\n<div class=\"x11i5rnm xat24cr x1mh8g0r x1vvkbs xtlvy1s x126k92a\">\n<div dir=\"auto\"><\/div>\n<div dir=\"auto\"><em><strong><span style=\"color: #ff0000;\">OGGI ALLE 11. 30 DOMANI ALLE 14 il giorMale di Marco V Dal Farra<\/span><\/strong><\/em><\/div>\n<\/div>\n<div class=\"x11i5rnm xat24cr x1mh8g0r x1vvkbs xtlvy1s x126k92a\">\n<div dir=\"auto\">\n<div class=\"x1e56ztr\" data-block=\"true\" data-editor=\"avj4u\" data-offset-key=\"6gh9t-0-0\">\n<div class=\"_1mf _1mj\" data-offset-key=\"6gh9t-0-0\"><\/div>\n<\/div>\n<\/div>\n<\/div>\n<div class=\"x1e56ztr\" data-block=\"true\" data-editor=\"avj4u\" data-offset-key=\"d3i0j-0-0\"><\/div>\n<div data-block=\"true\" data-editor=\"avj4u\" data-offset-key=\"d3i0j-0-0\"><\/div>\n<div data-block=\"true\" data-editor=\"avj4u\" data-offset-key=\"d3i0j-0-0\"><\/div>\n<div class=\"x11i5rnm xat24cr x1mh8g0r x1vvkbs xtlvy1s x126k92a\">\n<div dir=\"auto\">\n<p><a class=\"dt-pswp-item\" href=\"https:\/\/www.radiopiu.net\/wordpress\/wp-content\/uploads\/2023\/10\/34f4cfc6-e863-46e9-9695-8df44be63421.jpg\" data-dt-img-description=\"\" data-large_image_width=\"1200\" data-large_image_height=\"1200\"><img loading=\"lazy\" decoding=\"async\" class=\"wp-image-357393 alignleft\" src=\"https:\/\/www.radiopiu.net\/wordpress\/wp-content\/uploads\/2023\/10\/34f4cfc6-e863-46e9-9695-8df44be63421-300x300.jpg\" alt=\"\" width=\"81\" height=\"81\" srcset=\"https:\/\/www.radiopiu.net\/wordpress\/wp-content\/uploads\/2023\/10\/34f4cfc6-e863-46e9-9695-8df44be63421-300x300.jpg 300w, https:\/\/www.radiopiu.net\/wordpress\/wp-content\/uploads\/2023\/10\/34f4cfc6-e863-46e9-9695-8df44be63421-1024x1024.jpg 1024w, https:\/\/www.radiopiu.net\/wordpress\/wp-content\/uploads\/2023\/10\/34f4cfc6-e863-46e9-9695-8df44be63421-150x150.jpg 150w, https:\/\/www.radiopiu.net\/wordpress\/wp-content\/uploads\/2023\/10\/34f4cfc6-e863-46e9-9695-8df44be63421-768x768.jpg 768w, https:\/\/www.radiopiu.net\/wordpress\/wp-content\/uploads\/2023\/10\/34f4cfc6-e863-46e9-9695-8df44be63421.jpg 1200w\" sizes=\"auto, (max-width: 81px) 100vw, 81px\" \/><\/a>OGGI ALLA RADIO: <strong>ALLE 7<\/strong> LA RASSEGNA STAMPA LOCALE FLASH, PER CHI COME NOI ALLE SETTE DEL MATTINO VA DI FRETTA, TANTE NOTIZIE IN POCHE CHIACCHIERE. <strong>ALLE OTTO<\/strong> L&#8217;APPROFONDIMENTO NELLA STORICA RASSEGNA STAMPA LOCALE.\u00a0 DALLE 6 ALLE 21, OGNI ORA, L&#8217;INFORMAZIONE NAZIONALE, l&#8217;informazione locale, ALLE 10 flash. 11flash. 14 viabilit\u00e0. 15meteo. 16flash. 17flash. 18flash. 19 i titoli di Antenna 3<\/p>\n<p>&nbsp;<\/p>\n<p>oggi alla radio <strong>ALLE NOVE<\/strong> Premier di Marco Gaz, le novit\u00e0 discografiche. alle 10.30 LA RASSEGNA STAMPA DA L&#8217;AMICO DEL POPOLO, DI GIANNI SANTOMASO tema la sanit\u00e0 ospite <strong>Guido Trento\u00a0<\/strong>il sabato pomeriggio \u00e8 di Dj Jack, oggi elettroschock e questa sera l&#8217;hockey su ghiaccio con Marco Gaz e <strong>Federico Paganin <\/strong>al De Toni arriva il Varese. alle 11.00 CUCINEMA con <span style=\"color: #ff0000;\"><strong>Valentina e Marta<\/strong><\/span> RADIOPIU musica e cucina<\/p>\n<p>&nbsp;<\/p>\n<p>&nbsp;<\/p>\n<\/div>\n<hr \/>\n<\/div>\n<hr \/>\n<hr \/>\n<hr \/>\n<blockquote>\n<blockquote>\n<h1><span style=\"color: #ff0000;\">I podcast informativi del mattino &#8211; audio &#8211;\u00a0<\/span><\/h1>\n<\/blockquote>\n<p><strong><a class=\"dt-pswp-item\" href=\"https:\/\/www.radiopiu.net\/wordpress\/wp-content\/uploads\/2023\/11\/th-10.jpg\" data-dt-img-description=\"\" data-large_image_width=\"320\" data-large_image_height=\"180\"><img loading=\"lazy\" decoding=\"async\" class=\"wp-image-362866 alignleft\" src=\"https:\/\/www.radiopiu.net\/wordpress\/wp-content\/uploads\/2023\/11\/th-10-300x169.jpg\" alt=\"\" width=\"185\" height=\"104\" srcset=\"https:\/\/www.radiopiu.net\/wordpress\/wp-content\/uploads\/2023\/11\/th-10-300x169.jpg 300w, https:\/\/www.radiopiu.net\/wordpress\/wp-content\/uploads\/2023\/11\/th-10.jpg 320w\" sizes=\"auto, (max-width: 185px) 100vw, 185px\" \/><\/a>LA RASSEGNA STAMPA NAZIONALE ALLA RADIO, OGNI GIORNO ALLE 5 E ALLE 6 DEL MATTINO <span style=\"color: #0000ff;\">viene pubblicata alle 6.00 <span style=\"color: #ff0000;\">DIRETTA RADIO\u00a0\u00a0<\/span><\/span><\/strong><\/p>\n<p>&nbsp;<\/p>\n<p>&nbsp;<\/p><\/blockquote>\n<p><strong>Raid<\/strong> americani su Siria e Iraq. <strong>Sgarbi<\/strong> annuncia le dimisioni. <strong>Stellantis<\/strong> gelo nel governo. <strong>Parla<\/strong> il padre di\u00a0 Ilaria Salis risponde ai commenti pro-Orban.\u00a0 Arriva il <strong>bonus mamma<\/strong> perch\u00e9 almeno due figli fino a 3.000 euro l&#8217;anno,<strong>\u00a0Taranto<\/strong> preside picchiato dei genitori di una alunna<\/p>\n<h2>L&#8217;AUDIO<\/h2>\n<audio class=\"wp-audio-shortcode\" id=\"audio-372757-1\" preload=\"none\" style=\"width: 100%;\" controls=\"controls\"><source type=\"audio\/mpeg\" src=\"https:\/\/www.radiopiu.net\/wordpress\/wp-content\/uploads\/2024\/02\/GIORNALEDELLESEI-2.mp3?_=1\" \/><a href=\"https:\/\/www.radiopiu.net\/wordpress\/wp-content\/uploads\/2024\/02\/GIORNALEDELLESEI-2.mp3\">https:\/\/www.radiopiu.net\/wordpress\/wp-content\/uploads\/2024\/02\/GIORNALEDELLESEI-2.mp3<\/a><\/audio>\n<p>&nbsp;<\/p>\n<p>&nbsp;<\/p>\n<hr \/>\n<p>&nbsp;<\/p>\n<h1 style=\"text-align: center;\"><span style=\"color: #ff0000;\">I podcast informativi del mattino &#8211; audio &#8211;\u00a0<\/span><\/h1>\n<p><strong><a class=\"dt-pswp-item\" href=\"https:\/\/www.radiopiu.net\/wordpress\/wp-content\/uploads\/2023\/12\/images.png\" data-dt-img-description=\"\" data-large_image_width=\"316\" data-large_image_height=\"160\"><img loading=\"lazy\" decoding=\"async\" class=\"wp-image-367008 alignleft\" src=\"https:\/\/www.radiopiu.net\/wordpress\/wp-content\/uploads\/2023\/12\/images-300x152.png\" alt=\"\" width=\"235\" height=\"119\" srcset=\"https:\/\/www.radiopiu.net\/wordpress\/wp-content\/uploads\/2023\/12\/images-300x152.png 300w, https:\/\/www.radiopiu.net\/wordpress\/wp-content\/uploads\/2023\/12\/images.png 316w\" sizes=\"auto, (max-width: 235px) 100vw, 235px\" \/><\/a>OGNI GIORNO ALLE SETTE DEL MATTINO, LA RASSEGNA STAMPA LOCALE FLASH&#8230; PER CHI VA IN FRETTA. I TITOLI DAI GIORNALI E DAL SITO WWW.RADIOPIU.NET <span style=\"color: #0000ff;\">viene pubblicato alle 7.00<\/span> <span style=\"color: #ff0000;\">DIRETTA RADIO\u00a0<\/span><\/strong><\/p>\n<p><em><span style=\"color: #ff0000;\">per chi va in fretta&#8230; tante notizie in pochi minuti. L&#8217;informazione locale alla radio, ogni ora dalle 7 del mattino alle 19 della sera.\u00a0 \u00a0\u00a0<\/span><\/em><\/p>\n<p><strong>di Mirko Mezzacasa\u00a0<\/strong><\/p>\n<p><strong>CORTINA<\/strong> Firmato l&#8217;appalto, ora la Pizzaorotti al lavoro, gaffe e scuse del Ministro Giorgetti dopo la frase &#8220;inizio a pentirmi della scelta&#8221; ma poi aggiunge che &#8220;era una battuta&#8221;.<br \/>\n<strong>BELLUNO<\/strong> Allarme dei farmacisti, introvabili i medicinali per le malattie al pancreas.<br \/>\n<strong>BELLUNO<\/strong> Condannato a quasi 5 anni per la rapina con sequestro di persona al parco Maraga. Picchiato e derubato di 3000 euro, stangato EL DIABLO.<br \/>\n<strong>ZOLDO<\/strong> Grave incidente ieri sera lungo la 251, tre feriti, uno grave.<br \/>\n<strong>ZOLDO<\/strong> Il Brasile manda a dire&#8230; tramite l&#8217;ambasciatore. Alla lettera del console la risposta del sindaco Camillo De Pellegrin &#8220;non strumentalizziamo la storia dell&#8217;emigrazione, non mistifichiamo la realt\u00e0&#8221;.<br \/>\n<strong>SEDICO<\/strong> Stefano Deon non intenderebbe mollare, probabile una terza candidatura dopo l&#8217;anteprima di Christian Roldo, possibile candidato per Sedico.<br \/>\n<strong>AGORDO<\/strong>: E\u2019 PREVISTO UN ALLARGAMENTO SULLA CURVA DI VIA 5 MAGGIO?Dopo i problemi con il precedente appalto procedono finalmente le opere murarie al vecchio edificio dell\u2019Istituto Follador<br \/>\n<strong>DILLO\u2026AL VICESINDACO DI AGORDO<\/strong> Un attento cittadino, Alessandro De Zorzi gi\u00e0 nel 2022 aveva scritto (come privato) al Municipio mettendo in evidenza i problemi della \u201cfamosa\u201d curva del \u201cMinerario\u201d. Oggi, Alessandro condivide con noi la riflessione inviata al vice sindaco e assessore ai lavori pubblici, Giulio Favretti.<br \/>\n<strong>AGORDO<\/strong> UNA CICLABILE SBARRATA, A BREVE LA SENTENZA SUL RICORDO DEL CITTADINO PRIVATO<br \/>\n<strong>GOSALDO<\/strong> Chiusa la collaborazione tra il Comune di Gosaldo e quelli di Soverzene, Lozzo e Vodo per la gestione associata del servizio del segretario comunale. Il consiglio comunale ha infatti sancito nell\u2019ultima seduta la chiusura anticipata della convenzione, affinch\u00e9 ciascun ente possa valutare soluzioni alternative.<\/p>\n<h2>AUDIO<\/h2>\n<audio class=\"wp-audio-shortcode\" id=\"audio-372757-2\" preload=\"none\" style=\"width: 100%;\" controls=\"controls\"><source type=\"audio\/mpeg\" src=\"https:\/\/www.radiopiu.net\/wordpress\/wp-content\/uploads\/2024\/02\/GF07-2.mp3?_=2\" \/><a href=\"https:\/\/www.radiopiu.net\/wordpress\/wp-content\/uploads\/2024\/02\/GF07-2.mp3\">https:\/\/www.radiopiu.net\/wordpress\/wp-content\/uploads\/2024\/02\/GF07-2.mp3<\/a><\/audio>\n<p>&nbsp;<\/p>\n<p>&nbsp;<\/p>\n<hr \/>\n<p>&nbsp;<\/p>\n<h1><\/h1>\n<h1 style=\"text-align: center;\"><span style=\"color: #ff0000;\">I podcast informativi del mattino &#8211; audio &#8211;\u00a0<\/span><\/h1>\n<blockquote><p><strong><a class=\"dt-pswp-item\" href=\"https:\/\/www.radiopiu.net\/wordpress\/wp-content\/uploads\/2024\/02\/425290515_10231293386615467_1580830812978036868_n.jpg\" data-dt-img-description=\"\" data-large_image_width=\"2048\" data-large_image_height=\"1536\"><img loading=\"lazy\" decoding=\"async\" class=\"wp-image-372729 alignleft\" src=\"https:\/\/www.radiopiu.net\/wordpress\/wp-content\/uploads\/2024\/02\/425290515_10231293386615467_1580830812978036868_n-300x225.jpg\" alt=\"\" width=\"151\" height=\"113\" srcset=\"https:\/\/www.radiopiu.net\/wordpress\/wp-content\/uploads\/2024\/02\/425290515_10231293386615467_1580830812978036868_n-300x225.jpg 300w, https:\/\/www.radiopiu.net\/wordpress\/wp-content\/uploads\/2024\/02\/425290515_10231293386615467_1580830812978036868_n-1024x768.jpg 1024w, https:\/\/www.radiopiu.net\/wordpress\/wp-content\/uploads\/2024\/02\/425290515_10231293386615467_1580830812978036868_n-768x576.jpg 768w, https:\/\/www.radiopiu.net\/wordpress\/wp-content\/uploads\/2024\/02\/425290515_10231293386615467_1580830812978036868_n-1536x1152.jpg 1536w, https:\/\/www.radiopiu.net\/wordpress\/wp-content\/uploads\/2024\/02\/425290515_10231293386615467_1580830812978036868_n.jpg 2048w\" sizes=\"auto, (max-width: 151px) 100vw, 151px\" \/><\/a>GIORNALE RADIO NAZIONALE, EDIZIONE DELLE SETTE <span style=\"color: #0000ff;\">viene pubblicato alle 7.05 <span style=\"color: #ff0000;\">DIRETTA RADIO\u00a0<\/span><\/span><\/strong><\/p><\/blockquote>\n<p><strong>il giornale radionazionale e&#8217; in onda ogni ora, dalle sette del mattino alle venti della sera\u00a0\u00a0<\/strong><\/p>\n<h2><\/h2>\n<p><strong>Esteri<\/strong> attacchi in SIria e Iraq, la rappreseglia degli Americani 125 bombe sganciate, 18 morti. <strong>L&#8217;Unione Europa<\/strong> e le operazioni nel Mar Rosso, assicurata la difesa italiana. <strong>Sgarbi<\/strong> si \u00e8 dimesso con effetto immediato.<strong> Camion<\/strong> precipita dal viadotto, conducente morto a Forli&#8217;. <strong>Sale del 7%<\/strong> i prezzi del gas per i clienti vulnerabili, cresce la pressione fiscale. <strong>Calcio 23^<\/strong> di serie A Lecce rimonta la Fiorentina<\/p>\n<h2>AUDIO<\/h2>\n<audio class=\"wp-audio-shortcode\" id=\"audio-372757-3\" preload=\"none\" style=\"width: 100%;\" controls=\"controls\"><source type=\"audio\/mpeg\" src=\"https:\/\/www.radiopiu.net\/wordpress\/wp-content\/uploads\/2024\/02\/giornale07-2.mp3?_=3\" \/><a href=\"https:\/\/www.radiopiu.net\/wordpress\/wp-content\/uploads\/2024\/02\/giornale07-2.mp3\">https:\/\/www.radiopiu.net\/wordpress\/wp-content\/uploads\/2024\/02\/giornale07-2.mp3<\/a><\/audio>\n<p>&nbsp;<\/p>\n<hr \/>\n<p>&nbsp;<\/p>\n<p>&nbsp;<\/p>\n<h1><span style=\"color: #ff0000;\">I podcast informativi del mattino &#8211; video &#8211;\u00a0<\/span><\/h1>\n<h2><strong><a class=\"dt-pswp-item\" href=\"https:\/\/www.radiopiu.net\/wordpress\/wp-content\/uploads\/2023\/12\/th-10.jpg\" data-dt-img-description=\"\" data-large_image_width=\"245\" data-large_image_height=\"180\"><img loading=\"lazy\" decoding=\"async\" class=\" wp-image-367395 alignleft\" src=\"https:\/\/www.radiopiu.net\/wordpress\/wp-content\/uploads\/2023\/12\/th-10.jpg\" alt=\"\" width=\"166\" height=\"122\" \/><\/a>RASSEGNA STAMPA LOCALE, ORE OTTO 05<\/strong><\/h2>\n<h2><strong> <span style=\"color: #0000ff;\">viene\u00a0 <\/span><\/strong><strong><span style=\"color: #0000ff;\">pubblicata alle 8.05 <span style=\"color: #ff0000;\">DIRETTA RADIO\u00a0\u00a0<\/span><\/span><\/strong><\/h2>\n<p>&nbsp;<\/p>\n<p><strong>DI MIRKO MEZZACASA\u00a0<\/strong><\/p>\n<h2><strong>AUDIO\u00a0\u00a0<\/strong><\/h2>\n<p><strong>ROMA<\/strong> TEMPI LUNGHI PER LA GRADUATORIA DEL BANDO SUI PICCOLI COMUNI la denuncia dell&#8217;Uncem<br \/>\n<strong>BELLUNO<\/strong> L\u2019avvocato Megali ha organizzato un incontro sulla legalit\u00e0 con gli studenti, al quale ha partecipato anche Pierluigi Granata dell\u2019Osservatorio per il contrasto alla criminalit\u00e0 organizzata e mafiosa. La consigliera regionale Silvia Cestaro sottolinea l\u2019importanza di insegnare ai giovani il rispetto delle regole<br \/>\n<strong>BELLUNO<\/strong> Novit\u00e0 nella Commissione Pari Opportunit\u00e0 del Comune di Belluno: dopo le dimissioni di due membri rappresentanti della minoranza, entrano nell\u2019organismo Andrea Salvatori e l\u2019ex assessora Yuki d\u2019Emilia.<br \/>\n<strong>CARNEVAI DE LE VAI<\/strong> La scorsa domenica a Selva di Cadore, da Santa Fosca a L\u2019Andria, Toffol e Pesclu. Un gran carnevale di festa e colori. Oggi 3 febbraio si replica a Laste di Rocca Pietore con la Mascorada da Laste, musica balli e tradizioni, ritrovo alle 15 a Mo\u00e8, attesa per il Saut del Matacinch in piazza a Dagai alle 16 e poi il rinfresco in sala dei pompieri. Domani terzo appuntamento a Rivamonte con i Olt da Riva e compagnia Bela, ritrovo alle 14, sfilata, festa danzane, concorsi e gran finale al ristorante Molin.<br \/>\n<strong>LA VALLE<\/strong> La Pro Loco di La Valle Agordina organizza per domani El Carneval Dei Boce. Ritrovo in piazza alle 14 con giochi per grandi e bambini, punto ristoro e musica con RDJ. Il tema della festa: Harry Potter. In caso di maltempo la giornata verr\u00e0 rinviata all\u201911 febbraio.<br \/>\nCORTINA Grande Rene&#8217; De Silvestro, ieri ha concesso il bis. ALLEGHE Successo della Coppa del Mondo di ski cross, ieri sera festa di piazza con le premiazioni.<\/p>\n<p><strong>sport<\/strong> HOCKEY SU GHIACCIO AL DE TONI ARRIVA LA CAPOLISTA VARESE &#8211;\u00a0 FELTRE A DOBBIACO PER DIFENDERE LA TESTA DELLA CLASSIFICA NEL QUALIFICATION ROUND. SCI ALPINISMO APERTE LE ISCRIZIONI PER ALPINATHLON<\/p>\n<p>&nbsp;<\/p>\n<h1><span style=\"color: #0000ff;\"><strong><a style=\"color: #0000ff;\" href=\"https:\/\/www.youtube.com\/watch?v=U3x9g0q1RpA\">VIDEO CLICCA QUI<\/a><\/strong>\u00a0<\/span><\/h1>\n<p>&nbsp;<\/p>\n<p>&nbsp;<\/p>\n<p>&nbsp;<\/p>\n<p>&nbsp;<\/p>\n<hr \/>\n<p>&nbsp;<\/p>\n<blockquote>\n<h3>Grave incidente sulla 251 nello Zoldano: tre feriti, uno in condizioni critiche<\/h3>\n<\/blockquote>\n<p><strong>VAL DI ZOLDO\u00a0<\/strong><\/p>\n<div class=\"flex-1 overflow-hidden\">\n<div class=\"react-scroll-to-bottom--css-mzjve-79elbk h-full\">\n<div class=\"react-scroll-to-bottom--css-mzjve-1n7m0yu\">\n<div class=\"flex flex-col pb-9 text-sm\">\n<div class=\"w-full text-token-text-primary\" data-testid=\"conversation-turn-3\">\n<div class=\"px-4 py-2 justify-center text-base md:gap-6 m-auto\">\n<div class=\"flex flex-1 text-base mx-auto gap-3 md:px-5 lg:px-1 xl:px-5 md:max-w-3xl lg:max-w-[40rem] xl:max-w-[48rem] group final-completion\">\n<div class=\"relative flex w-full flex-col lg:w-[calc(100%-115px)] agent-turn\">\n<div class=\"flex-col gap-1 md:gap-3\">\n<div class=\"flex flex-grow flex-col max-w-full\">\n<div class=\"min-h-[20px] text-message flex flex-col items-start gap-3 whitespace-pre-wrap break-words [.text-message+&amp;]:mt-5 overflow-x-auto\" data-message-author-role=\"assistant\" data-message-id=\"100ecef3-2d11-4718-a881-8373384de784\">\n<div class=\"markdown prose w-full break-words dark:prose-invert dark\">\n<p>Ieri sera alle 18 un violento schianto lungo la Provinciale 251 ha causato tre feriti, di cui uno in gravi condizioni. La strada \u00e8 stata chiusa immediatamente riaprendo a una corsia intorno alle 20. Due veicoli, una Mini Cooper guidata da S.L. 60 anni del posto (trasferito in elicottero a Treviso in gravi condizioni) e un&#8217;Alfa Romeo Stelvio con a bordo padre e figlia dell&#8217;Alpago, sono entrati in collisione frontalmente tra Forno di Zoldo e la frazione di Dont, provocando il trasporto urgente di S.L. in elisoccorso del Suem. Gli altri due feriti, con traumi di media gravit\u00e0, sono stati trasportati in ambulanze al San Martino di Belluno. I carabinieri stanno indagando sulle cause dell&#8217;incidente, avvenuto all&#8217;altezza di una curva nella frazione di Dont. Fortunatamente, i vigili del fuoco non hanno dovuto estrarre nessuno dalle vetture coinvolte. Sul luogo sono intervenuti anche volontari zoldani e una squadra da Belluno. La Provinciale 251 \u00e8 rimasta chiusa per un&#8217;ora per consentire le operazioni di soccorso, i rilievi e lo spostamento dei veicoli incidentati, riaprendo successivamente a una corsia. Le cause dell&#8217;incidente sono ancora oggetto di verifica da parte delle autorit\u00e0 competenti.<\/p>\n<\/div>\n<\/div>\n<\/div>\n<\/div>\n<\/div>\n<\/div>\n<\/div>\n<\/div>\n<\/div>\n<\/div>\n<\/div>\n<\/div>\n\n\t\t\t<style type='text\/css'>\n\t\t\t\t#gallery-1 {\n\t\t\t\t\tmargin: auto;\n\t\t\t\t}\n\t\t\t\t#gallery-1 .gallery-item {\n\t\t\t\t\tfloat: left;\n\t\t\t\t\tmargin-top: 10px;\n\t\t\t\t\ttext-align: center;\n\t\t\t\t\twidth: 20%;\n\t\t\t\t}\n\t\t\t\t#gallery-1 img {\n\t\t\t\t\tborder: 2px solid #cfcfcf;\n\t\t\t\t}\n\t\t\t\t#gallery-1 .gallery-caption {\n\t\t\t\t\tmargin-left: 0;\n\t\t\t\t}\n\t\t\t\t\/* see gallery_shortcode() in wp-includes\/media.php *\/\n\t\t\t<\/style>\n\t\t<div id='gallery-1' class='dt-gallery-container gallery galleryid-372757 gallery-columns-5 gallery-size-thumbnail'><dl class='gallery-item'>\n\t\t\t\t<dt class='gallery-icon landscape'>\n\t\t\t\t\t<a class=\"rollover rollover-zoom dt-pswp-item\" title=\"44a6b375-167f-4b27-9516-849d1fdf0e11\" data-dt-img-description=\"\" data-large_image_width=\"1600\" data-large_image_height=\"1600\"href='https:\/\/www.radiopiu.net\/wordpress\/wp-content\/uploads\/2024\/02\/44a6b375-167f-4b27-9516-849d1fdf0e11.jpg'><img loading=\"lazy\" decoding=\"async\" width=\"150\" height=\"150\" src=\"https:\/\/www.radiopiu.net\/wordpress\/wp-content\/uploads\/2024\/02\/44a6b375-167f-4b27-9516-849d1fdf0e11-150x150.jpg\" class=\"attachment-thumbnail size-thumbnail\" alt=\"\" srcset=\"https:\/\/www.radiopiu.net\/wordpress\/wp-content\/uploads\/2024\/02\/44a6b375-167f-4b27-9516-849d1fdf0e11-150x150.jpg 150w, https:\/\/www.radiopiu.net\/wordpress\/wp-content\/uploads\/2024\/02\/44a6b375-167f-4b27-9516-849d1fdf0e11-300x300.jpg 300w, https:\/\/www.radiopiu.net\/wordpress\/wp-content\/uploads\/2024\/02\/44a6b375-167f-4b27-9516-849d1fdf0e11-1024x1024.jpg 1024w, https:\/\/www.radiopiu.net\/wordpress\/wp-content\/uploads\/2024\/02\/44a6b375-167f-4b27-9516-849d1fdf0e11-768x768.jpg 768w, https:\/\/www.radiopiu.net\/wordpress\/wp-content\/uploads\/2024\/02\/44a6b375-167f-4b27-9516-849d1fdf0e11-1536x1536.jpg 1536w, https:\/\/www.radiopiu.net\/wordpress\/wp-content\/uploads\/2024\/02\/44a6b375-167f-4b27-9516-849d1fdf0e11.jpg 1600w\" sizes=\"auto, (max-width: 150px) 100vw, 150px\" \/><\/a>\n\t\t\t\t<\/dt><\/dl><dl class='gallery-item'>\n\t\t\t\t<dt class='gallery-icon landscape'>\n\t\t\t\t\t<a class=\"rollover rollover-zoom dt-pswp-item\" title=\"77890545-849f-4937-8f85-c42f1b83808f\" data-dt-img-description=\"\" data-large_image_width=\"1600\" data-large_image_height=\"1600\"href='https:\/\/www.radiopiu.net\/wordpress\/wp-content\/uploads\/2024\/02\/77890545-849f-4937-8f85-c42f1b83808f.jpg'><img loading=\"lazy\" decoding=\"async\" width=\"150\" height=\"150\" src=\"https:\/\/www.radiopiu.net\/wordpress\/wp-content\/uploads\/2024\/02\/77890545-849f-4937-8f85-c42f1b83808f-150x150.jpg\" class=\"attachment-thumbnail size-thumbnail\" alt=\"\" srcset=\"https:\/\/www.radiopiu.net\/wordpress\/wp-content\/uploads\/2024\/02\/77890545-849f-4937-8f85-c42f1b83808f-150x150.jpg 150w, https:\/\/www.radiopiu.net\/wordpress\/wp-content\/uploads\/2024\/02\/77890545-849f-4937-8f85-c42f1b83808f-300x300.jpg 300w, https:\/\/www.radiopiu.net\/wordpress\/wp-content\/uploads\/2024\/02\/77890545-849f-4937-8f85-c42f1b83808f-1024x1024.jpg 1024w, https:\/\/www.radiopiu.net\/wordpress\/wp-content\/uploads\/2024\/02\/77890545-849f-4937-8f85-c42f1b83808f-768x768.jpg 768w, https:\/\/www.radiopiu.net\/wordpress\/wp-content\/uploads\/2024\/02\/77890545-849f-4937-8f85-c42f1b83808f-1536x1536.jpg 1536w, https:\/\/www.radiopiu.net\/wordpress\/wp-content\/uploads\/2024\/02\/77890545-849f-4937-8f85-c42f1b83808f.jpg 1600w\" sizes=\"auto, (max-width: 150px) 100vw, 150px\" \/><\/a>\n\t\t\t\t<\/dt><\/dl><dl class='gallery-item'>\n\t\t\t\t<dt class='gallery-icon landscape'>\n\t\t\t\t\t<a class=\"rollover rollover-zoom dt-pswp-item\" title=\"a33566ef-dd9d-43f1-a141-d508b8d6c298\" data-dt-img-description=\"\" data-large_image_width=\"1600\" data-large_image_height=\"1600\"href='https:\/\/www.radiopiu.net\/wordpress\/wp-content\/uploads\/2024\/02\/a33566ef-dd9d-43f1-a141-d508b8d6c298.jpg'><img loading=\"lazy\" decoding=\"async\" width=\"150\" height=\"150\" src=\"https:\/\/www.radiopiu.net\/wordpress\/wp-content\/uploads\/2024\/02\/a33566ef-dd9d-43f1-a141-d508b8d6c298-150x150.jpg\" class=\"attachment-thumbnail size-thumbnail\" alt=\"\" srcset=\"https:\/\/www.radiopiu.net\/wordpress\/wp-content\/uploads\/2024\/02\/a33566ef-dd9d-43f1-a141-d508b8d6c298-150x150.jpg 150w, https:\/\/www.radiopiu.net\/wordpress\/wp-content\/uploads\/2024\/02\/a33566ef-dd9d-43f1-a141-d508b8d6c298-300x300.jpg 300w, https:\/\/www.radiopiu.net\/wordpress\/wp-content\/uploads\/2024\/02\/a33566ef-dd9d-43f1-a141-d508b8d6c298-1024x1024.jpg 1024w, https:\/\/www.radiopiu.net\/wordpress\/wp-content\/uploads\/2024\/02\/a33566ef-dd9d-43f1-a141-d508b8d6c298-768x768.jpg 768w, https:\/\/www.radiopiu.net\/wordpress\/wp-content\/uploads\/2024\/02\/a33566ef-dd9d-43f1-a141-d508b8d6c298-1536x1536.jpg 1536w, https:\/\/www.radiopiu.net\/wordpress\/wp-content\/uploads\/2024\/02\/a33566ef-dd9d-43f1-a141-d508b8d6c298.jpg 1600w\" sizes=\"auto, (max-width: 150px) 100vw, 150px\" \/><\/a>\n\t\t\t\t<\/dt><\/dl><dl class='gallery-item'>\n\t\t\t\t<dt class='gallery-icon landscape'>\n\t\t\t\t\t<a class=\"rollover rollover-zoom dt-pswp-item\" title=\"ffcfddc4-bc3f-43d2-b72d-e2bd8634f980\" data-dt-img-description=\"\" data-large_image_width=\"1600\" data-large_image_height=\"1600\"href='https:\/\/www.radiopiu.net\/wordpress\/wp-content\/uploads\/2024\/02\/ffcfddc4-bc3f-43d2-b72d-e2bd8634f980.jpg'><img loading=\"lazy\" decoding=\"async\" width=\"150\" height=\"150\" src=\"https:\/\/www.radiopiu.net\/wordpress\/wp-content\/uploads\/2024\/02\/ffcfddc4-bc3f-43d2-b72d-e2bd8634f980-150x150.jpg\" class=\"attachment-thumbnail size-thumbnail\" alt=\"\" srcset=\"https:\/\/www.radiopiu.net\/wordpress\/wp-content\/uploads\/2024\/02\/ffcfddc4-bc3f-43d2-b72d-e2bd8634f980-150x150.jpg 150w, https:\/\/www.radiopiu.net\/wordpress\/wp-content\/uploads\/2024\/02\/ffcfddc4-bc3f-43d2-b72d-e2bd8634f980-300x300.jpg 300w, https:\/\/www.radiopiu.net\/wordpress\/wp-content\/uploads\/2024\/02\/ffcfddc4-bc3f-43d2-b72d-e2bd8634f980-1024x1024.jpg 1024w, https:\/\/www.radiopiu.net\/wordpress\/wp-content\/uploads\/2024\/02\/ffcfddc4-bc3f-43d2-b72d-e2bd8634f980-768x768.jpg 768w, https:\/\/www.radiopiu.net\/wordpress\/wp-content\/uploads\/2024\/02\/ffcfddc4-bc3f-43d2-b72d-e2bd8634f980-1536x1536.jpg 1536w, https:\/\/www.radiopiu.net\/wordpress\/wp-content\/uploads\/2024\/02\/ffcfddc4-bc3f-43d2-b72d-e2bd8634f980.jpg 1600w\" sizes=\"auto, (max-width: 150px) 100vw, 150px\" \/><\/a>\n\t\t\t\t<\/dt><\/dl><dl class='gallery-item'>\n\t\t\t\t<dt class='gallery-icon landscape'>\n\t\t\t\t\t<a class=\"rollover rollover-zoom dt-pswp-item\" title=\"4cd08ea9-4b90-4dac-bb35-5767ffb840f2\" data-dt-img-description=\"\" data-large_image_width=\"1600\" data-large_image_height=\"1600\"href='https:\/\/www.radiopiu.net\/wordpress\/wp-content\/uploads\/2024\/02\/4cd08ea9-4b90-4dac-bb35-5767ffb840f2.jpg'><img loading=\"lazy\" decoding=\"async\" width=\"150\" height=\"150\" src=\"https:\/\/www.radiopiu.net\/wordpress\/wp-content\/uploads\/2024\/02\/4cd08ea9-4b90-4dac-bb35-5767ffb840f2-150x150.jpg\" class=\"attachment-thumbnail size-thumbnail\" alt=\"\" srcset=\"https:\/\/www.radiopiu.net\/wordpress\/wp-content\/uploads\/2024\/02\/4cd08ea9-4b90-4dac-bb35-5767ffb840f2-150x150.jpg 150w, https:\/\/www.radiopiu.net\/wordpress\/wp-content\/uploads\/2024\/02\/4cd08ea9-4b90-4dac-bb35-5767ffb840f2-300x300.jpg 300w, https:\/\/www.radiopiu.net\/wordpress\/wp-content\/uploads\/2024\/02\/4cd08ea9-4b90-4dac-bb35-5767ffb840f2-1024x1024.jpg 1024w, https:\/\/www.radiopiu.net\/wordpress\/wp-content\/uploads\/2024\/02\/4cd08ea9-4b90-4dac-bb35-5767ffb840f2-768x768.jpg 768w, https:\/\/www.radiopiu.net\/wordpress\/wp-content\/uploads\/2024\/02\/4cd08ea9-4b90-4dac-bb35-5767ffb840f2-1536x1536.jpg 1536w, https:\/\/www.radiopiu.net\/wordpress\/wp-content\/uploads\/2024\/02\/4cd08ea9-4b90-4dac-bb35-5767ffb840f2.jpg 1600w\" sizes=\"auto, (max-width: 150px) 100vw, 150px\" \/><\/a>\n\t\t\t\t<\/dt><\/dl><br style=\"clear: both\" \/>\n\t\t\t<\/div>\n\n<p>&nbsp;<\/p>\n<p>&nbsp;<\/p>\n<hr \/>\n<p>&nbsp;<\/p>\n<p>&nbsp;<\/p>\n<blockquote>\n<h3>SUEM 118 &#8230; IN PISTA, ieri pomeriggio.<\/h3>\n<\/blockquote>\n<p><strong><a class=\"dt-pswp-item\" href=\"https:\/\/www.radiopiu.net\/wordpress\/wp-content\/uploads\/2024\/02\/Senza-nome-8.png\" data-dt-img-description=\"\" data-large_image_width=\"306\" data-large_image_height=\"208\"><img loading=\"lazy\" decoding=\"async\" class=\" wp-image-372863 alignleft\" src=\"https:\/\/www.radiopiu.net\/wordpress\/wp-content\/uploads\/2024\/02\/Senza-nome-8-300x204.png\" alt=\"\" width=\"234\" height=\"159\" srcset=\"https:\/\/www.radiopiu.net\/wordpress\/wp-content\/uploads\/2024\/02\/Senza-nome-8-300x204.png 300w, https:\/\/www.radiopiu.net\/wordpress\/wp-content\/uploads\/2024\/02\/Senza-nome-8.png 306w\" sizes=\"auto, (max-width: 234px) 100vw, 234px\" \/><\/a>REDAZIONE<\/strong> Nel primo pomeriggio il soccorso piste di Arabba ha chiesto l&#8217;intervento dell&#8217;elicottero del Suem, Falco ha raggiunto la zona del Cherz per imbarcare un minore tedesco portato in ospedale a Belluno con ferite leggere. Poche conseguenze per fortuna nell&#8217;incidente a Pieve di Cadore, investita una donna di 47 anni di Padova portata in ambulanza al Giovanni Paolo II di Pieve di Cadore.<\/p>\n<p><strong>SULLE STRADE<\/strong> Vigili del fuoco lungo la regionale 204 a Belluno per un mezzo pesante finito nel fossato. Distacco di materiale, un grande sasso in particolare, lungo la strada Arabba-Cernadoi.<\/p>\n<p>&nbsp;<\/p>\n<hr \/>\n<p>&nbsp;<\/p>\n<blockquote>\n<h3>CANNA FUMARIA A FUOCO<\/h3>\n<\/blockquote>\n<p><strong>FONZASO<\/strong> Una canna fumaria che si surriscalda mandando in tilt il condotto con fuoco e fumo che hanno creato danni in cucina. Intervento ieri pomeriggio in centro a Fonzaso per i vigili del fuoco di Feltre. La famiglia era presente quando il surriscaldamento ha innescato il fuoco nella canna fumaria.\u00a0 La canna fumaria avr\u00e0 bisogno di essere sistemata.<\/p>\n<p>&nbsp;<\/p>\n<hr \/>\n<p>&nbsp;<\/p>\n<blockquote>\n<h2>Gratitudine al personale medico dell&#8217;Ospedale Papa Luciani di Agordo<\/h2>\n<\/blockquote>\n<p><strong><img loading=\"lazy\" decoding=\"async\" class=\"alignleft\" src=\"https:\/\/www.radiopiu.net\/wordpress\/wp-content\/uploads\/2024\/02\/Senza-nome-10.png\" width=\"277\" height=\"153\" \/>AGORDO\u00a0<\/strong> Nel difficile contesto della perdita del padre Stefano, Eva Olivier ha voluto rivolgere un sincero ringraziamento al personale medico e paramedico del reparto di Medicina dell&#8217;Ospedale Papa Luciani di Agordo. Mettendo al centro delle priorit\u00e0 della famiglia il riconoscimento dell&#8217;importanza cruciale dell&#8217;ospedale, Eva ha esternato la sua gratitudine a tutti coloro che lavorano in questa istituzione, dal corpo medico agli operatori socio-sanitari, dagli infermieri ai professionisti delle pulizie. <em>&#8220;Un grazie a tutti&#8221;<\/em>, ha dichiarato Eva Olivier a nome della famiglia, evidenziando con emozione il ruolo fondamentale del reparto in questi momenti difficili. Ha elogiato la gentilezza, la sensibilit\u00e0 e la disponibilit\u00e0 riscontrate durante il periodo in cui Stefano Oliviero era assistito, definendo il personale un vero e proprio sostegno familiare. Queste parole testimoniano il profondo apprezzamento della famiglia Olivier per il supporto ricevuto in un momento cos\u00ec delicato.<\/p>\n<p>&nbsp;<\/p>\n<hr \/>\n<p>&nbsp;<\/p>\n<blockquote>\n<h2><img loading=\"lazy\" decoding=\"async\" class=\"alignleft\" src=\"https:\/\/www.radiopiu.net\/wordpress\/wp-content\/uploads\/2024\/02\/th-1.jpg\" width=\"106\" height=\"106\" \/>DILLO A RADIO PIU&#8217;&#8230;. GRAZIE PICCOLO GRANDE UOMO FORSE FILIPPINO<\/h2>\n<\/blockquote>\n<p><strong>REDAZIONE\u00a0<\/strong> Un nostro personale saluto a\u00a0 Giacomo Soppelsa, lo ricordiamo ai tempi della gloriosa &#8220;Fochi&#8221;, grande vanto allora per l&#8217;Agordino, e quanti hanno lavorato nei cantieri in Italia e all&#8217;estero, tra sacrifici e spesso Guerre improvvise.\u00a0 Giacomo in Fochi ha trascorso 24 anni\u00a0 tra Iraq, Iran e Qatar dove la sensibilit\u00e0 sociale \u00e8 spesso priorit\u00e0.<\/p>\n<div>\n<div class=\"x1h91t0o xkh2ocl x78zum5 xdt5ytf x13a6bvl x193iq5w x1c4vz4f x1eb86dx\" role=\"none\">\n<div class=\"x9f619 x1n2onr6 x1ja2u2z\">\n<div class=\"xsag5q8 x1ye3gou xn6708d x1cnzs8\">\n<div class=\"xsag5q8\"><\/div>\n<\/div>\n<\/div>\n<\/div>\n<\/div>\n<div class=\"\">\n<div class=\"x1n2onr6\">\n<div class=\"x78zum5 xdt5ytf\">\n<div class=\"x9f619 x1n2onr6 x1ja2u2z\">\n<div class=\"__fb-light-mode x1n2onr6\" role=\"row\">\n<div class=\"\">\n<div class=\"x78zum5 xdt5ytf x1n2onr6\" tabindex=\"-1\" role=\"gridcell\" data-release-focus-from=\"CLICK\" data-scope=\"messages_table\">\n<div class=\"x78zum5\" role=\"none\">\n<div class=\"x78zum5 x1iyjqo2 xs83m0k xeuugli\" role=\"none\">\n<div class=\"x1h91t0o xkh2ocl x78zum5 xdt5ytf x13a6bvl x1eb86dx xhj03cu\" role=\"none\">\n<div class=\"x78zum5 xh8yej3\" role=\"none\">\n<div class=\"x1cy8zhl x78zum5 xdt5ytf x193iq5w x1n2onr6 x1kxipp6\">\n<div class=\"x78zum5 xh8yej3\" role=\"none\">\n<div class=\"html-div xe8uvvx xdj266r x11i5rnm xat24cr x1mh8g0r xexx8yu x4uap5 x18d9i69 xkhd6sd x6ikm8r x10wlt62\">\n<div class=\"html-div xe8uvvx xdj266r x11i5rnm xat24cr x1mh8g0r x1tlxs6b x1g8br2z x1gn5b1j x230xth x14ctfv x1okitfd x1k4qllp x6ikm8r x10wlt62 x1y1aw1k xwib8y2 x1ye3gou xn6708d x1n2onr6 x1vjfegm x1mzt3pk x13faqbe x1xr0vuk x1jm4cbz x1lmq8lz xrrpcnn x1xtl47e x13fuv20 xu3j5b3 x1q0q8m5 x26u7qi x1tdhcrn x17i5p6 xeqhmsb x1bab9rp\" role=\"presentation\">\n<div class=\"x9f619 x1n2onr6 x1ja2u2z __fb-light-mode\" role=\"none\">\n<div class=\"x1gslohp x11i5rnm x12nagc x1mh8g0r x1yc453h x126k92a x18lvrbx\" dir=\"auto\">\n<p><span class=\"x4k7w5x x1h91t0o x1h9r5lt x1jfb8zj xv2umb2 x1beo9mf xaigb6o x12ejxvf x3igimt xarpa2k xedcshv x1lytzrv x1t2pt76 x7ja8zs x1qrby5j\"><img decoding=\"async\" class=\"x1rg5ohu x5yr21d xl1xv1r xh8yej3 alignleft\" src=\"https:\/\/scontent-mxp2-1.xx.fbcdn.net\/v\/t39.30808-1\/419423433_7298938153498747_4262978087874948020_n.jpg?stp=dst-jpg_p100x100&amp;_nc_cat=101&amp;ccb=1-7&amp;_nc_sid=5740b7&amp;_nc_ohc=eHlDmA7DwH8AX_WBxA1&amp;_nc_ad=z-m&amp;_nc_cid=0&amp;_nc_ht=scontent-mxp2-1.xx&amp;oh=00_AfCa76xFAuH7hzn1nVWm6WMKfk2zm6xua-tJ1oy3IZLX0A&amp;oe=65C31D04\" alt=\"Giacomo Soppelsa\" \/><\/span><strong>LIMANA<\/strong>\u00a0 Sono nativo di Avoscan di San Tomaso,\u00a0 da alcuni anni risiedo a Limana. Vorrei esprimere un elogio di gratitudine\u00a0 per un inserviente della casa di riposo centro servizi di Sedico &#8221; penso sia filippino&#8230;. &#8221; io ci sono stato anche oggi a trovare una signora mia paesana,\u00a0 Giustina e ho visto questo inserviente cos\u00ec gentile cos\u00ec premuroso con queste persone bisognose di tutto,\u00a0 in cose materiali e affettive, anche\u00a0 Giustina mi diceva che \u00e8 veramente una persona che lo fa con il cuore \u00a0e con tutti gli anziani della casa. A me \u00e8 rimasta nel mio pensiero questo &#8220;piccolo e grande uomo &#8220;.<\/p>\n<p>&nbsp;<\/p>\n<\/div>\n<\/div>\n<\/div>\n<\/div>\n<\/div>\n<\/div>\n<\/div>\n<\/div>\n<\/div>\n<\/div>\n<\/div>\n<\/div>\n<\/div>\n<\/div>\n<\/div>\n<\/div>\n<\/div>\n<hr \/>\n<p>&nbsp;<\/p>\n<blockquote>\n<h3>OGGI I FUNERALI DI NORIS DEI &#8220;BERTUZ&#8221;<\/h3>\n<\/blockquote>\n<p><a class=\"dt-pswp-item\" href=\"https:\/\/www.radiopiu.net\/wordpress\/wp-content\/uploads\/2024\/02\/Senza-nome-4.png\" data-dt-img-description=\"\" data-large_image_width=\"223\" data-large_image_height=\"197\"><img loading=\"lazy\" decoding=\"async\" class=\"wp-image-372731 alignleft\" src=\"https:\/\/www.radiopiu.net\/wordpress\/wp-content\/uploads\/2024\/02\/Senza-nome-4.png\" alt=\"\" width=\"123\" height=\"109\" \/><\/a><strong>di gianni santomaso<\/strong><\/p>\n<p><strong>TAIBON<\/strong> Dopo Franco De Col\u00f2 &#8220;Titot&#8221;,\u00a0 Giulio Soccol &#8220;Napi&#8221;, Napoleon Soccol, Marco Cadorin&#8230; Taibon perde un&#8217;altra figura che ha contribuito a scriverela sua storia imprenditoriale. Noris Soccol \u00e8 morta infatti a 81 anni. Aveva ereditato dai genitori l&#8217;attivit\u00e0 al panificio che un tempo sorgeva, di fronte alla posta, lungo la strada che porta alla chiesa e alle scuole del paese. Un panificio che poi, col tempo, era stato trasformato anche in un negozio di alimentari. In seguito Noris Soccol era diventata la direttrice del supermercato Sidis che era stato aperto all&#8217;ingresso di via Nogarola, oggi sede di un negozio di bici.<\/p>\n<p>&nbsp;<\/p>\n<p>&nbsp;<\/p>\n<p>&nbsp;<\/p>\n<hr \/>\n<p>&nbsp;<\/p>\n<blockquote>\n<h3>E&#8217; PREVISTO UN ALLARGAMENTO SULLA CURVA DI VIA 5 MAGGIO?<\/h3>\n<\/blockquote>\n<p><strong>DI GIORGIO FONTANIVE<\/strong><\/p>\n<blockquote><p><em>Dopo i problemi con il precedente appalto procedono\u00a0 <\/em><em>finalmente le opere murarie al vecchio edificio dell\u2019Istituto Follador<\/em><\/p><\/blockquote>\n<p>I lavori al vecchio Istituto \u201cFollador\u201d con l\u2019aggiudicazione all\u2019Impresa Deon sono ripartiti con i migliori auspici e le opere murarie sono delineate. C\u2019\u00e8 un angolo per\u00f2 che lascia un notevole margine di dubbio: si tratta di quello a sud ovest, che sfiora Via 5 maggio proprio dove la curva non permette uno scambio di veicoli e il cui approssimarsi \u00e8 visibile da uno specchio in corrispondenza del civico n.40. Era pi\u00f9 che logico pensare ad un allargamento della sede rotabile verso l\u2019interno degli spazi di almeno un metro dove prima sorgeva la nuova ala della sezione \u201cchimica\u201d ma, a questo punto, con l\u2019avanzare dei lavori, non si capisce bene se la cosa \u00e8 prevista dai piani progettuali. Vero \u00e8 che allo, stato attuale il lato est dell\u2019edificio demolito \u00e8 stato retrocesso di una certa misura allontanandosi dalla rotabile (foto 3) ma qualche dubbio permane sulla eseguibilit\u00e0 dell\u2019allagamento in linea con le necessit\u00e0 della viabilit\u00e0 minore verso la S.R. n.347 del Passo Dur\u00e0n-La Valle Agordina, il PalaRova e, in futuro verso nuove strutture di rilevanza sociale in divenire.<\/p>\n\n\t\t\t<style type='text\/css'>\n\t\t\t\t#gallery-2 {\n\t\t\t\t\tmargin: auto;\n\t\t\t\t}\n\t\t\t\t#gallery-2 .gallery-item {\n\t\t\t\t\tfloat: left;\n\t\t\t\t\tmargin-top: 10px;\n\t\t\t\t\ttext-align: center;\n\t\t\t\t\twidth: 20%;\n\t\t\t\t}\n\t\t\t\t#gallery-2 img {\n\t\t\t\t\tborder: 2px solid #cfcfcf;\n\t\t\t\t}\n\t\t\t\t#gallery-2 .gallery-caption {\n\t\t\t\t\tmargin-left: 0;\n\t\t\t\t}\n\t\t\t\t\/* see gallery_shortcode() in wp-includes\/media.php *\/\n\t\t\t<\/style>\n\t\t<div id='gallery-2' class='dt-gallery-container gallery galleryid-372757 gallery-columns-5 gallery-size-thumbnail'><dl class='gallery-item'>\n\t\t\t\t<dt class='gallery-icon landscape'>\n\t\t\t\t\t<a class=\"rollover rollover-zoom dt-pswp-item\" title=\"VIA 5 MAGGIO (1)\" data-dt-img-description=\"\" data-large_image_width=\"2560\" data-large_image_height=\"1709\"href='https:\/\/www.radiopiu.net\/wordpress\/wp-content\/uploads\/2024\/02\/VIA-5-MAGGIO-1-scaled.jpg'><img loading=\"lazy\" decoding=\"async\" width=\"150\" height=\"150\" src=\"https:\/\/www.radiopiu.net\/wordpress\/wp-content\/uploads\/2024\/02\/VIA-5-MAGGIO-1-150x150.jpg\" class=\"attachment-thumbnail size-thumbnail\" alt=\"\" \/><\/a>\n\t\t\t\t<\/dt><\/dl><dl class='gallery-item'>\n\t\t\t\t<dt class='gallery-icon landscape'>\n\t\t\t\t\t<a class=\"rollover rollover-zoom dt-pswp-item\" title=\"VIA 5 MAGGIO (2)\" data-dt-img-description=\"\" data-large_image_width=\"2560\" data-large_image_height=\"1709\"href='https:\/\/www.radiopiu.net\/wordpress\/wp-content\/uploads\/2024\/02\/VIA-5-MAGGIO-2-scaled.jpg'><img loading=\"lazy\" decoding=\"async\" width=\"150\" height=\"150\" src=\"https:\/\/www.radiopiu.net\/wordpress\/wp-content\/uploads\/2024\/02\/VIA-5-MAGGIO-2-150x150.jpg\" class=\"attachment-thumbnail size-thumbnail\" alt=\"\" \/><\/a>\n\t\t\t\t<\/dt><\/dl><dl class='gallery-item'>\n\t\t\t\t<dt class='gallery-icon landscape'>\n\t\t\t\t\t<a class=\"rollover rollover-zoom dt-pswp-item\" title=\"VIA 5 MAGGIO (3)\" data-dt-img-description=\"\" data-large_image_width=\"2544\" data-large_image_height=\"1482\"href='https:\/\/www.radiopiu.net\/wordpress\/wp-content\/uploads\/2024\/02\/VIA-5-MAGGIO-3.jpg'><img loading=\"lazy\" decoding=\"async\" width=\"150\" height=\"150\" src=\"https:\/\/www.radiopiu.net\/wordpress\/wp-content\/uploads\/2024\/02\/VIA-5-MAGGIO-3-150x150.jpg\" class=\"attachment-thumbnail size-thumbnail\" alt=\"\" \/><\/a>\n\t\t\t\t<\/dt><\/dl><dl class='gallery-item'>\n\t\t\t\t<dt class='gallery-icon portrait'>\n\t\t\t\t\t<a class=\"rollover rollover-zoom dt-pswp-item\" title=\"VIA 5 MAGGIO (4)\" data-dt-img-description=\"\" data-large_image_width=\"1709\" data-large_image_height=\"2560\"href='https:\/\/www.radiopiu.net\/wordpress\/wp-content\/uploads\/2024\/02\/VIA-5-MAGGIO-4-scaled.jpg'><img loading=\"lazy\" decoding=\"async\" width=\"150\" height=\"150\" src=\"https:\/\/www.radiopiu.net\/wordpress\/wp-content\/uploads\/2024\/02\/VIA-5-MAGGIO-4-150x150.jpg\" class=\"attachment-thumbnail size-thumbnail\" alt=\"\" \/><\/a>\n\t\t\t\t<\/dt><\/dl><dl class='gallery-item'>\n\t\t\t\t<dt class='gallery-icon landscape'>\n\t\t\t\t\t<a class=\"rollover rollover-zoom dt-pswp-item\" title=\"VIA 5 MAGGIO (5)\" data-dt-img-description=\"\" data-large_image_width=\"2560\" data-large_image_height=\"1709\"href='https:\/\/www.radiopiu.net\/wordpress\/wp-content\/uploads\/2024\/02\/VIA-5-MAGGIO-5-scaled.jpg'><img loading=\"lazy\" decoding=\"async\" width=\"150\" height=\"150\" src=\"https:\/\/www.radiopiu.net\/wordpress\/wp-content\/uploads\/2024\/02\/VIA-5-MAGGIO-5-150x150.jpg\" class=\"attachment-thumbnail size-thumbnail\" alt=\"\" \/><\/a>\n\t\t\t\t<\/dt><\/dl><br style=\"clear: both\" \/>\n\t\t\t<\/div>\n\n<p>&nbsp;<\/p>\n<blockquote>\n<h3>DILLO&#8230;AL VICESINDACO DI AGORDO<\/h3>\n<\/blockquote>\n<p><strong><a class=\"dt-pswp-item\" href=\"https:\/\/www.radiopiu.net\/wordpress\/wp-content\/uploads\/2024\/02\/5maggio.png\" data-dt-img-description=\"\" data-large_image_width=\"2061\" data-large_image_height=\"1123\"><img loading=\"lazy\" decoding=\"async\" class=\" wp-image-372869 alignleft\" src=\"https:\/\/www.radiopiu.net\/wordpress\/wp-content\/uploads\/2024\/02\/5maggio-300x163.png\" alt=\"\" width=\"245\" height=\"133\" srcset=\"https:\/\/www.radiopiu.net\/wordpress\/wp-content\/uploads\/2024\/02\/5maggio-300x163.png 300w, https:\/\/www.radiopiu.net\/wordpress\/wp-content\/uploads\/2024\/02\/5maggio-1024x558.png 1024w, https:\/\/www.radiopiu.net\/wordpress\/wp-content\/uploads\/2024\/02\/5maggio-768x418.png 768w, https:\/\/www.radiopiu.net\/wordpress\/wp-content\/uploads\/2024\/02\/5maggio-1536x837.png 1536w, https:\/\/www.radiopiu.net\/wordpress\/wp-content\/uploads\/2024\/02\/5maggio-2048x1116.png 2048w\" sizes=\"auto, (max-width: 245px) 100vw, 245px\" \/><\/a>AGORDO<\/strong> Un attento cittadino, Alessandro De Zorzi gi\u00e0 nel 2022 aveva scritto (come privato) al Municipio mettendo in evidenza i problemi della \u201cfamosa\u201d curva del \u201cMinerario\u201d. Oggi, Alessandro condivide con noi la riflessione\u00a0 inviata al vice sindaco e assessore ai lavori pubblici, Giulio Favretti.<\/p>\n<p>La mail:\u00a0<em>\u201cApprendo della nuova progettazione dell\u2019area, volevo sapere se gi\u00e0 \u00e8 stato previsto (e se questo fosse possibile) l\u2019allargamento della strada comunale in prossimit\u00e0 della curva in corrispondenza dell\u2019edificio (ora demolito). Ogni volta che transito ci penso e, ovviamente, non essendoci pi\u00f9 quell\u2019edificio pare che tutto sia pi\u00f9 semplice da realizzare. Penso inoltre che unitamente a un passaggio pedonale (anche se per un breve tratto) possa aumentare la sicurezza dei pedoni e anche lo scambio delle auto in un punto particolarmente stretto. Se tutto \u00e8 gi\u00e0 previsto, molto meglio\u201d.<\/em><\/p>\n<p>&nbsp;<\/p>\n<hr \/>\n<p>&nbsp;<\/p>\n<blockquote>\n<h2>UNA CICLABILE SBARRATA, A BREVE LA SENTENZA<\/h2>\n<\/blockquote>\n<p>&nbsp;<\/p>\n<p><strong><img loading=\"lazy\" decoding=\"async\" class=\"alignleft\" src=\"https:\/\/www.radiopiu.net\/wordpress\/wp-content\/uploads\/2020\/05\/CICLABILE-AGORDO.jpg\" width=\"172\" height=\"94\" \/>AGORDO<\/strong><\/p>\n<p><strong>DI GIANNI SANTOMASO<\/strong><\/p>\n<audio class=\"wp-audio-shortcode\" id=\"audio-372757-4\" preload=\"none\" style=\"width: 100%;\" controls=\"controls\"><source type=\"audio\/wav\" src=\"https:\/\/www.radiopiu.net\/wordpress\/wp-content\/uploads\/2024\/02\/LA-CICLABILE-GIANI.wav?_=4\" \/><a href=\"https:\/\/www.radiopiu.net\/wordpress\/wp-content\/uploads\/2024\/02\/LA-CICLABILE-GIANI.wav\">https:\/\/www.radiopiu.net\/wordpress\/wp-content\/uploads\/2024\/02\/LA-CICLABILE-GIANI.wav<\/a><\/audio>\n<p>&nbsp;<\/p>\n<p>&nbsp;<\/p>\n<hr \/>\n<p>&nbsp;<\/p>\n<blockquote>\n<h2>IURE SANGUINIS, DE PELLEGRIN &#8220;PRIMA O POI SCOPPIERA&#8217; TRA LE MANI&#8221;<\/h2>\n<\/blockquote>\n<p>&nbsp;<\/p>\n<p><strong><img loading=\"lazy\" decoding=\"async\" class=\"alignleft\" src=\"https:\/\/www.radiopiu.net\/wordpress\/wp-content\/uploads\/2024\/02\/422833540_791701319653640_4020854929320173610_n.jpg\" width=\"186\" height=\"248\" \/>VAL DI ZOLDO<\/strong> Hadil da Rocha Vianna, ambasciatore del Console Generale di Brasile ha scritto al sindaco Camillo De Pellgrin che di recente ha sollevato il tema delle Cittadinanze iure sanguinis.<\/p>\n<blockquote><p>il sindaco: <strong>Lascio alla libera interpretazione di ognuno la lettera ricevuta oggi dal Console Generale del Brasile, prima per\u00f2 ci tengo a sgomberare il campo da argomenti attraverso i quali si cerca di mistificare la realt\u00e0. <\/strong><strong>Che la si smetta di fare leva strumentalmente sulla storia dell&#8217;emigrazione italiana in Brasile per sviare l&#8217;attenzione dalle gravi questioni relative alla tematica delle cittadinanze iure sanguinis. <\/strong><strong>Se non saranno presi provvedimenti seri in tal senso i primi a farne le spese saranno gli oriundi che realmente sono legati all&#8217;Italia. <\/strong><strong>Il Comune Val di Zoldo \u00e8 gemellato con Rio Jordao e l&#8217;amicizia che lega i d<\/strong><strong>ue territori non \u00e8 in discussione. Anzi.<\/strong><\/p>\n<p>&nbsp;<\/p><\/blockquote>\n<hr \/>\n<blockquote><p>Signor Sindaco, Il Consolato Generale del Brasile a Milano \u00e8 venuto a conoscenza, attraverso i post apparsi sui social network e la loro ripercussione sulla stampa, delle Sue dichiarazioni riguardo all&#8217;elevato volume di domande di cittadinanza italiana presentate da cittadini sudamericani e, in particolare, brasiliani. In questo contesto, vorrei esprimere la riconoscenza di questo Consolato Generale per gli sforzi compiuti da codesto Comune allo scopo di soddisfare queste richieste. Colgo l&#8217;occasione per ricordare che, nel 2024, ricorrono i 150 anni dell&#8217;immigrazione italiana in Brasile. Durante questo periodo, il nostro Paese ha accolto circa un milione e mezzo di italiani. Nella prima fase dell&#8217;immigrazione, tra il 1873 e il 1920, circa un terzo della popolazione di immigrati (pi\u00f9 di 300.000 persone) era originaria del Veneto. Il Consolato Generale di Milano, cos\u00ec come le altre rappresentanze brasiliane accreditate presso lo Stato italiano, intendono realizzare, nel corso dell&#8217;anno, un programma di iniziative culturali dedicate a tale ricorrenza, allo scopo di celebrare l&#8217;amicizia tra Brasile e Italia. Nel rinnovare la nostra gratitudine per l&#8217;impegno profuso nel rispondere alle richieste dei cittadini brasiliani discendenti di italiani di origine veneta, esprimo l&#8217;auspicio che il riferimento al Brasile e ai suoi simboli nazionali, come la bandiera, avvenga nel rispetto della storica amicizia tra Brasile e Italia.<\/p>\n<p>&nbsp;<\/p><\/blockquote>\n<p>Proprio ieri\u00a0 il sindaco sulla pagina facebook riporta le notizie sulla Corte Appello, a Venezia<em> &#8220;arretrato per cittadinanza dal Brasile &#8216;Il numero di questa cause \u00e8 superiore a tutte le altre'&#8221;<\/em><\/p>\n<div class=\"x11i5rnm xat24cr x1mh8g0r x1vvkbs xtlvy1s x126k92a\">\n<div dir=\"auto\">\n<p>Il sindaco aggiunge: &#8220;<em>Qualcuno finalmente sembra voler sollevare l&#8217;argomento in modo serio. In questi anni il Comune val di Zoldo ha bussato ad ogni porta per segnalare la situazione delle cittadinanze iure sanguinis. Un fenomeno che prima o poi, continuiamo a dirlo, ci scoppier\u00e0 tra le mani<\/em>&#8220;.<\/p>\n<p>&nbsp;<\/p>\n<hr \/>\n<p>&nbsp;<\/p>\n<blockquote>\n<h3>COLLABORAZIONE&#8230; ALLA FRUTTA<\/h3>\n<\/blockquote>\n<div class=\"articlePlainText\"><strong>GOSALDO<\/strong> Chiusa la collaborazione tra il Comune di Gosaldo e quelli di Soverzene, Lozzo e Vodo per la gestione associata del servizio del segretario comunale. Il consiglio comunale ha infatti sancito nell&#8217;ultima seduta la chiusura anticipata della convenzione, affinch\u00e9 ciascun ente possa valutare soluzioni alternative.\u00a0\u2014<\/div>\n<\/div>\n<\/div>\n<p>&nbsp;<\/p>\n<hr \/>\n<p>&nbsp;<\/p>\n<blockquote>\n<h3><strong>Analisi demografica d&#8217;impresa nelle province di Treviso e Belluno<\/strong><\/h3>\n<\/blockquote>\n<p><strong>TREVISO<\/strong> Il recente bilancio annuale sulla demografia d&#8217;impresa nelle province di Treviso e Belluno ha evidenziato fenomeni significativi. Oltre 1.600 ditte individuali a Treviso e quasi 180 a Belluno sono state cancellate d&#8217;ufficio per mancato compimento degli atti di gestione negli ultimi tre anni. Nel 57,1% dei casi a Treviso e nel 46% a Belluno, le cancellazioni coinvolgono imprese gestite da cittadini stranieri. I settori pi\u00f9 colpiti sono la moda, il commercio al dettaglio e l&#8217;edilizia. Il Presidente della Camera di Commercio, Mario Pozza, sottolinea che queste cancellazioni riguardano spesso imprese nate ai margini dell&#8217;economia e che la variazione totale del numero di imprese va analizzata in modo pi\u00f9 approfondito, considerando anche la crescita delle unit\u00e0 locali dipendenti in settori come il terziario avanzato.<\/p>\n<p>&nbsp;<\/p>\n<p>&nbsp;<\/p>\n<hr \/>\n<p>&nbsp;<\/p>\n<blockquote>\n<h3>TEMPI LUNGHI PER LA GRADUATORIA DEL BANDO SUI PICCOLI COMUNI<\/h3>\n<\/blockquote>\n<p><strong><a class=\"dt-pswp-item\" href=\"https:\/\/www.radiopiu.net\/wordpress\/wp-content\/uploads\/2024\/02\/WhatsApp_Image_2024-02-02_at_08.30.58-wdtr.jpeg\" data-dt-img-description=\"\" data-large_image_width=\"594\" data-large_image_height=\"380\"><img loading=\"lazy\" decoding=\"async\" class=\" wp-image-372780 alignleft\" src=\"https:\/\/www.radiopiu.net\/wordpress\/wp-content\/uploads\/2024\/02\/WhatsApp_Image_2024-02-02_at_08.30.58-wdtr-300x192.jpeg\" alt=\"\" width=\"178\" height=\"114\" srcset=\"https:\/\/www.radiopiu.net\/wordpress\/wp-content\/uploads\/2024\/02\/WhatsApp_Image_2024-02-02_at_08.30.58-wdtr-300x192.jpeg 300w, https:\/\/www.radiopiu.net\/wordpress\/wp-content\/uploads\/2024\/02\/WhatsApp_Image_2024-02-02_at_08.30.58-wdtr.jpeg 594w\" sizes=\"auto, (max-width: 178px) 100vw, 178px\" \/><\/a>ROMA<\/strong> L&#8217;Unione Nazionale Comuni Comunit\u00e0 Enti Montani (Uncem) ha sollevato delle critiche riguardo ai tempi lunghi impiegati da Casa Italia, Dipartimento della Presidenza del Consiglio dei Ministri, per valutare i progetti presentati nell&#8217;ambito del bando per i piccoli Comuni. Il bando fa parte del &#8220;Piano&#8221; previsto dalla legge 158\/2017 e, secondo Uncem, \u00e8 stato caratterizzato da due proroghe per le candidature, che rappresentano una violazione della legge 158, la quale promuove la collaborazione tra Comuni anzich\u00e9 progetti isolati. Uncem auspica una maggiore efficienza nei tempi di gestione dei bandi e suggerisce di rendere equivalenti i periodi di candidatura e di valutazione. L&#8217;associazione sostiene l&#8217;importanza di promuovere progetti che favoriscano la collaborazione tra Comuni anzich\u00e9 puntare su municipalismi isolati.<\/p>\n<p>&nbsp;<\/p>\n<hr \/>\n<p>&nbsp;<\/p>\n<blockquote>\n<h3>GIOVANI E LEGALITA&#8217;, CESTARO &#8220;PERCORSO EDUCATIVO&#8221;<\/h3>\n<\/blockquote>\n<p><a class=\"dt-pswp-item\" href=\"https:\/\/www.radiopiu.net\/wordpress\/wp-content\/uploads\/2023\/08\/91555bf3-40b7-41ee-b7df-eb9ba61ef373.jpg\" data-dt-img-description=\"\" data-large_image_width=\"2048\" data-large_image_height=\"1152\"><img loading=\"lazy\" decoding=\"async\" class=\"wp-image-349119 alignleft\" src=\"https:\/\/www.radiopiu.net\/wordpress\/wp-content\/uploads\/2023\/08\/91555bf3-40b7-41ee-b7df-eb9ba61ef373-300x169.jpg\" alt=\"\" width=\"195\" height=\"110\" srcset=\"https:\/\/www.radiopiu.net\/wordpress\/wp-content\/uploads\/2023\/08\/91555bf3-40b7-41ee-b7df-eb9ba61ef373-300x169.jpg 300w, https:\/\/www.radiopiu.net\/wordpress\/wp-content\/uploads\/2023\/08\/91555bf3-40b7-41ee-b7df-eb9ba61ef373-1024x576.jpg 1024w, https:\/\/www.radiopiu.net\/wordpress\/wp-content\/uploads\/2023\/08\/91555bf3-40b7-41ee-b7df-eb9ba61ef373-768x432.jpg 768w, https:\/\/www.radiopiu.net\/wordpress\/wp-content\/uploads\/2023\/08\/91555bf3-40b7-41ee-b7df-eb9ba61ef373-1536x864.jpg 1536w, https:\/\/www.radiopiu.net\/wordpress\/wp-content\/uploads\/2023\/08\/91555bf3-40b7-41ee-b7df-eb9ba61ef373.jpg 2048w\" sizes=\"auto, (max-width: 195px) 100vw, 195px\" \/><\/a><strong>BELLUNO<\/strong> L&#8217;avvocato Megali ha organizzato un incontro sulla legalit\u00e0 con gli studenti, al quale ha partecipato anche Pierluigi Granata dell&#8217;Osservatorio per il contrasto alla criminalit\u00e0 organizzata e mafiosa. La consigliera regionale Silvia Cestaro sottolinea l&#8217;importanza di insegnare ai giovani il rispetto delle regole e l&#8217;educazione alla convivenza civile. Questo evento fa parte di una serie di incontri nelle scuole per promuovere la partecipazione attiva degli studenti nella costruzione di una societ\u00e0 migliore, incoraggiando la responsabilit\u00e0 individuale verso la collettivit\u00e0.<\/p>\n<p>&nbsp;<\/p>\n<p>&nbsp;<\/p>\n<hr \/>\n<p>&nbsp;<\/p>\n<p>&nbsp;<\/p>\n<blockquote>\n<h3>IL RITORNO A PALAZZO ROSSO DI YUKI D&#8217;EMILIA<\/h3>\n<\/blockquote>\n<p><strong><img loading=\"lazy\" decoding=\"async\" class=\"alignleft\" src=\"https:\/\/www.radiopiu.net\/wordpress\/wp-content\/uploads\/2024\/02\/ded4fd47-929c-4f60-a1fe-f4d2a9ab14b0.jpg\" width=\"206\" height=\"137\" \/>BELLUNO<\/strong> Novit\u00e0 nella Commissione Pari Opportunit\u00e0 del Comune di Belluno: dopo le dimissioni di due membri rappresentanti della minoranza, entrano nell&#8217;organismo Andrea Salvatori e l&#8217;ex assessora Yuki d&#8217;Emilia.<\/p>\n<audio class=\"wp-audio-shortcode\" id=\"audio-372757-5\" preload=\"none\" style=\"width: 100%;\" controls=\"controls\"><source type=\"audio\/mpeg\" src=\"https:\/\/www.radiopiu.net\/wordpress\/wp-content\/uploads\/2024\/02\/Radio-Piu-Servizio-dEmilia-Pari-Opportunita.mp3?_=5\" \/><a href=\"https:\/\/www.radiopiu.net\/wordpress\/wp-content\/uploads\/2024\/02\/Radio-Piu-Servizio-dEmilia-Pari-Opportunita.mp3\">https:\/\/www.radiopiu.net\/wordpress\/wp-content\/uploads\/2024\/02\/Radio-Piu-Servizio-dEmilia-Pari-Opportunita.mp3<\/a><\/audio>\n<p>&nbsp;<\/p>\n<hr \/>\n<p>&nbsp;<\/p>\n<p>&nbsp;<\/p>\n<blockquote>\n<h2><strong><a class=\"dt-pswp-item\" href=\"https:\/\/www.radiopiu.net\/wordpress\/wp-content\/uploads\/2024\/02\/IMG_20190820_151610-1024x492-1.jpg\" data-dt-img-description=\"\" data-large_image_width=\"1024\" data-large_image_height=\"492\"><img loading=\"lazy\" decoding=\"async\" class=\" wp-image-372893 alignleft\" src=\"https:\/\/www.radiopiu.net\/wordpress\/wp-content\/uploads\/2024\/02\/IMG_20190820_151610-1024x492-1-300x144.jpg\" alt=\"\" width=\"217\" height=\"104\" srcset=\"https:\/\/www.radiopiu.net\/wordpress\/wp-content\/uploads\/2024\/02\/IMG_20190820_151610-1024x492-1-300x144.jpg 300w, https:\/\/www.radiopiu.net\/wordpress\/wp-content\/uploads\/2024\/02\/IMG_20190820_151610-1024x492-1-768x369.jpg 768w, https:\/\/www.radiopiu.net\/wordpress\/wp-content\/uploads\/2024\/02\/IMG_20190820_151610-1024x492-1.jpg 1024w\" sizes=\"auto, (max-width: 217px) 100vw, 217px\" \/><\/a>Investimento di 200mila euro per manutenzioni straordinarie nei cimiteri cittadini<\/strong><\/h2>\n<\/blockquote>\n<p><strong>BELLUNO<\/strong> Il Comune ha pianificato un investimento di circa 200mila euro per interventi di manutenzione straordinaria nei cimiteri cittadini. Le opere, programmate per la primavera, comprenderanno l&#8217;ampliamento dell&#8217;area ossari presso i campi santi di Cusighe e Prade, con rifacimento delle coperture. Il sindaco Oscar De Pellegrin ha dichiarato che si tratta del primo stralcio di lavori, seguito da ulteriori interventi quali manutenzione straordinaria dei viali in ghiaia e la valorizzazione del viale della Rimembranza di Prade.\u00a0 L&#8217;investimento complessivo sar\u00e0 di 100mila euro,\u00a0 ulteriori 100mila euro saranno destinati al rifacimento delle coperture a Prade. L&#8217;assessore Lorenza De Kunovich ha sottolineato l&#8217;importanza di curare i cimiteri come luoghi di memoria e rispetto.<\/p>\n<div class=\"w-full pt-2 md:pt-0 dark:border-white\/20 md:border-transparent md:dark:border-transparent md:w-[calc(100%-.5rem)]\">\n<form class=\"stretch mx-2 flex flex-row gap-3 last:mb-2 md:mx-4 md:last:mb-6 lg:mx-auto lg:max-w-2xl xl:max-w-3xl\">\n<div class=\"relative flex h-full flex-1 items-stretch md:flex-col\">\n<div class=\"flex w-full items-center\"><\/div>\n<\/div>\n<\/form>\n<\/div>\n<p>&nbsp;<\/p>\n<hr \/>\n<p>&nbsp;<\/p>\n<p><strong>LA GIUDIZIARIA<\/strong><\/p>\n<p><strong>DAL CORRIERE DELLE ALPI, GIGI SOSSO<\/strong><\/p>\n<p><strong>BELLUNO<\/strong> A.B. \u00e8 stato condannato a quattro anni e otto mesi per rapina e lesioni aggravate, evasione dai domiciliari e spaccio di sostanze stupefacenti. Caricando un uomo su un&#8217;auto, lo hanno picchiato prima di rapinarlo di 3 mila euro. La sentenza, emessa in rito abbreviato dal giudice Enrica Marson, ha accolto le richieste del pubblico ministero Roberta Gallego. La fidanzata\u00a0 K.C. ha ricevuto una condanna di un anno e sei mesi, con il riconoscimento del concorso di minima importanza, mentre un complice ha patteggiato due anni di reclusione.<\/p>\n<p><strong>FELTRE<\/strong> Dopo due gradi di giudizio, la sentenza riguardante A.G., accusato di lesioni personali nel 2019, si \u00e8 conclusa con un &#8220;non doversi procedere&#8221;. La denuncia della donna convivente, che accusava A.G. di averle provocato lesioni durante una lite con una scopa, aveva portato a una condanna di 300 euro di multa e 2.400 euro di risarcimento danni. Tuttavia, l&#8217;appello presentato dall&#8217;imputato ha portato al ritiro della querela da parte della parte civile, determinando la decisione finale di non procedere con l&#8217;accusa.<\/p>\n<p><strong>FELTRE<\/strong> M.D. \u00e8 stato condannato a una pena pecuniaria e al pagamento di una multa di 6.900 euro, derivante dall&#8217;incidente avvenuto il 18 gennaio dell&#8217;anno scorso, nel quale aveva perso il controllo dell&#8217;auto finendo fuori strada. L&#8217;analisi gascromatografica ha rivelato un tasso di alcool nel sangue di 2,12 grammi per litro, portando l&#8217;imputato a preferire un patteggiamento con la condizionale, che richiede una donazione a un ente benefico entro il 15 febbraio. L&#8217;incidente, avvenuto sulla strada provinciale 28 a Tambre, ha coinvolto solo l&#8217;automobilista.<\/p>\n<p>&nbsp;<\/p>\n<hr \/>\n<p>&nbsp;<\/p>\n<blockquote>\n<h3>OGGI SAN BIAGIO, LE MESSE IN PROGRAMMA<\/h3>\n<\/blockquote>\n<p><strong>BELLUNO<\/strong> In occasione della festa di San Biagio, patrono degli otorinolaringoiatri e protettore della gola, le unit\u00e0 operative di Otorinolaringoiatria dell&#8217;Ulss Dolomiti hanno organizzato due messe per essere vicini a pazienti e operatori. La prima messa alle 15.00 nella chiesetta di Menin (Cesiomaggiore), celebrata da don Claudio. La seconda messa\u00a0 alle 18.00 nel reparto di Otorinolaringoiatria dell\u2019ospedale San Martino di Belluno, celebrata dal Vicario del Vescovo don Diego.<\/p>\n<p>&nbsp;<\/p>\n<p>&nbsp;<\/p>\n<hr \/>\n<p>&nbsp;<\/p>\n<blockquote>\n<h3><a class=\"dt-pswp-item\" href=\"https:\/\/www.radiopiu.net\/wordpress\/wp-content\/uploads\/2024\/02\/Giornata-melanoma-inverno-6.png\" data-dt-img-description=\"\" data-large_image_width=\"1414\" data-large_image_height=\"2000\"><img loading=\"lazy\" decoding=\"async\" class=\" wp-image-372805 alignleft\" src=\"https:\/\/www.radiopiu.net\/wordpress\/wp-content\/uploads\/2024\/02\/Giornata-melanoma-inverno-6-212x300.png\" alt=\"\" width=\"131\" height=\"185\" srcset=\"https:\/\/www.radiopiu.net\/wordpress\/wp-content\/uploads\/2024\/02\/Giornata-melanoma-inverno-6-212x300.png 212w, https:\/\/www.radiopiu.net\/wordpress\/wp-content\/uploads\/2024\/02\/Giornata-melanoma-inverno-6-724x1024.png 724w, https:\/\/www.radiopiu.net\/wordpress\/wp-content\/uploads\/2024\/02\/Giornata-melanoma-inverno-6-768x1086.png 768w, https:\/\/www.radiopiu.net\/wordpress\/wp-content\/uploads\/2024\/02\/Giornata-melanoma-inverno-6-1086x1536.png 1086w, https:\/\/www.radiopiu.net\/wordpress\/wp-content\/uploads\/2024\/02\/Giornata-melanoma-inverno-6.png 1414w\" sizes=\"auto, (max-width: 131px) 100vw, 131px\" \/><\/a>GIORNATA DI PREVENZIONE DEL MELANOMA AL BAR RISTORO CAMPO SCUOLA DEL NEVEGAL<\/h3>\n<\/blockquote>\n<p><strong>BELLUNO <\/strong>Continua la campagna di prevenzione del melanoma nei rifugi. L\u2019Ulss Dolomiti promuove l\u2019iniziativa domani al Bar Ristoro Campo Scuola del Nevegal (Belluno). Gli operatori del Dipartimento di Prevenzione saranno a disposizione dalle 11.00 alle 14.00 per fornire informazioni sulla prevenzione del melanoma e sensibilizzare sull\u2019importanza dell&#8217;utilizzo della crema solare in montagna. L\u2019iniziativa si inserisce nell\u2019ambito della campagna di promozione della salute \u201cMontagna S\u00ec Melanoma No\u201d che vede l\u2019Ulss impegnata in diverse azioni su pi\u00f9 fronti, nelle scuole, nei luoghi di lavoro e anche nei rifugi.<\/p>\n<p>&nbsp;<\/p>\n<p>&nbsp;<\/p>\n<hr \/>\n<p>&nbsp;<\/p>\n<blockquote>\n<h3>RIFACIMENTO DELLA PALESTRA DELL&#8217;ISTITUTO \u201cVITTORINO DA FELTRE\u201d: NEL MESE DI MARZO IL VIA AL CANTIERE<\/h3>\n<\/blockquote>\n<p><strong><a class=\"dt-pswp-item\" href=\"https:\/\/www.radiopiu.net\/wordpress\/wp-content\/uploads\/2024\/02\/Palestra-Vittorino-da-Feltre.jpg\" data-dt-img-description=\"\" data-large_image_width=\"1080\" data-large_image_height=\"584\"><img loading=\"lazy\" decoding=\"async\" class=\" wp-image-372815 alignleft\" src=\"https:\/\/www.radiopiu.net\/wordpress\/wp-content\/uploads\/2024\/02\/Palestra-Vittorino-da-Feltre-300x162.jpg\" alt=\"\" width=\"169\" height=\"91\" srcset=\"https:\/\/www.radiopiu.net\/wordpress\/wp-content\/uploads\/2024\/02\/Palestra-Vittorino-da-Feltre-300x162.jpg 300w, https:\/\/www.radiopiu.net\/wordpress\/wp-content\/uploads\/2024\/02\/Palestra-Vittorino-da-Feltre-1024x554.jpg 1024w, https:\/\/www.radiopiu.net\/wordpress\/wp-content\/uploads\/2024\/02\/Palestra-Vittorino-da-Feltre-768x415.jpg 768w, https:\/\/www.radiopiu.net\/wordpress\/wp-content\/uploads\/2024\/02\/Palestra-Vittorino-da-Feltre.jpg 1080w\" sizes=\"auto, (max-width: 169px) 100vw, 169px\" \/><\/a>FELTRE<\/strong> I lavori di demolizione e ricostruzione della palestra dell&#8217;istituto &#8220;Vittorino da Feltre&#8221; a Feltre sono in fase di partenza. Il progetto, valutato oltre un milione di euro, ricever\u00e0 finanziamenti da un finanziamento del PNRR e da cofinanziamento del Comune. La struttura esistente era datata e priva di molti requisiti necessari, compresi quelli relativi alla vulnerabilit\u00e0 sismica. Il cronoprogramma dell&#8217;intervento \u00e8 stato discusso in una riunione tecnica con rappresentanti comunali, progettisti, e rappresentanti dell&#8217;Istituto comprensivo e dell&#8217;azienda che fornisce i pasti. L&#8217;avvio dei lavori \u00e8 previsto, presumibilmente, durante il mese di marzo.<\/p>\n<p>&nbsp;<\/p>\n<p>&nbsp;<\/p>\n<hr \/>\n<p>&nbsp;<\/p>\n<blockquote>\n<h3>IN VISTA DELLE ELEZIONI EUROPEE A BELLUNO NASCE GENERAZIONE EUROPA<\/h3>\n<\/blockquote>\n<p><strong><a class=\"dt-pswp-item\" href=\"https:\/\/www.radiopiu.net\/wordpress\/wp-content\/uploads\/2024\/02\/Screenshot_2024-02-01-00-22-25-08_1c337646f29875672b5a61192b9010f9.jpg\" data-dt-img-description=\"\" data-large_image_width=\"719\" data-large_image_height=\"718\"><img loading=\"lazy\" decoding=\"async\" class=\" wp-image-372822 alignleft\" src=\"https:\/\/www.radiopiu.net\/wordpress\/wp-content\/uploads\/2024\/02\/Screenshot_2024-02-01-00-22-25-08_1c337646f29875672b5a61192b9010f9-300x300.jpg\" alt=\"\" width=\"145\" height=\"145\" srcset=\"https:\/\/www.radiopiu.net\/wordpress\/wp-content\/uploads\/2024\/02\/Screenshot_2024-02-01-00-22-25-08_1c337646f29875672b5a61192b9010f9-300x300.jpg 300w, https:\/\/www.radiopiu.net\/wordpress\/wp-content\/uploads\/2024\/02\/Screenshot_2024-02-01-00-22-25-08_1c337646f29875672b5a61192b9010f9-150x150.jpg 150w, https:\/\/www.radiopiu.net\/wordpress\/wp-content\/uploads\/2024\/02\/Screenshot_2024-02-01-00-22-25-08_1c337646f29875672b5a61192b9010f9.jpg 719w\" sizes=\"auto, (max-width: 145px) 100vw, 145px\" \/><\/a>BELLUNO<\/strong> A Belluno, nasce il comitato &#8220;GenerAzione Europa&#8221;, un&#8217;iniziativa di giovani liberaldemocratici e progressisti che mira a unire le forze in vista delle Elezioni Europee per contrastare i Conservatori. I fondatori, Emanuele Pestrichella, Luigi F. Daniele, e Francesco Scarangella, cercano di creare una &#8220;casa dei Liberaldemocratici&#8221; per contrastare il populismo di destra e sinistra. Pestrichella, gi\u00e0 candidato consigliere comunale a Vedelago, sottolinea la necessit\u00e0 di sradicare il populismo e promuovere una politica riformista basata sui valori europei. Daniele enfatizza l&#8217;importanza dell&#8217;Europa e dei valori liberali, citando il programma Next Generation EU. GenerAzione Europa ha in programma &#8220;Aperitivi Europei&#8221;, una serie di incontri per discutere di temi come l&#8217;Europa, l&#8217;inclusione, l&#8217;uguaglianza e l&#8217;economia.<\/p>\n<p>&nbsp;<\/p>\n<p>&nbsp;<\/p>\n<hr \/>\n<p>&nbsp;<\/p>\n<blockquote>\n<h3>UNA MOSTRA ARTISTICA SUGLI GNOMI<\/h3>\n<\/blockquote>\n<p><strong><a class=\"dt-pswp-item\" href=\"https:\/\/www.radiopiu.net\/wordpress\/wp-content\/uploads\/2024\/02\/Gli_gnomi_delle_Dolomiti.jpg\" data-dt-img-description=\"\" data-large_image_width=\"1575\" data-large_image_height=\"650\"><img loading=\"lazy\" decoding=\"async\" class=\" wp-image-372791 alignleft\" src=\"https:\/\/www.radiopiu.net\/wordpress\/wp-content\/uploads\/2024\/02\/Gli_gnomi_delle_Dolomiti-300x124.jpg\" alt=\"\" width=\"208\" height=\"86\" srcset=\"https:\/\/www.radiopiu.net\/wordpress\/wp-content\/uploads\/2024\/02\/Gli_gnomi_delle_Dolomiti-300x124.jpg 300w, https:\/\/www.radiopiu.net\/wordpress\/wp-content\/uploads\/2024\/02\/Gli_gnomi_delle_Dolomiti-1024x423.jpg 1024w, https:\/\/www.radiopiu.net\/wordpress\/wp-content\/uploads\/2024\/02\/Gli_gnomi_delle_Dolomiti-768x317.jpg 768w, https:\/\/www.radiopiu.net\/wordpress\/wp-content\/uploads\/2024\/02\/Gli_gnomi_delle_Dolomiti-1536x634.jpg 1536w, https:\/\/www.radiopiu.net\/wordpress\/wp-content\/uploads\/2024\/02\/Gli_gnomi_delle_Dolomiti.jpg 1575w\" sizes=\"auto, (max-width: 208px) 100vw, 208px\" \/><\/a>PONTE NELLE ALPI<\/strong> Il municipio di Ponte nelle Alpi ospita la mostra di pittura &#8220;Gli gnomi dei fiori delle nostre Dolomiti&#8221;, curata dall&#8217;artista Erica Bez. Le opere, caratterizzate da fiori e favole, guidano i visitatori in un viaggio emotivo, utilizzando gli gnomi come tramite tra gli osservatori e la Madre Terra. L&#8217;esposizione sar\u00e0 inaugurata oggi e sar\u00e0 aperta fino al 23 marzo, dal luned\u00ec al sabato.<\/p>\n<p>&nbsp;<\/p>\n<p>&nbsp;<\/p>\n<hr \/>\n<p>&nbsp;<\/p>\n<blockquote>\n<h2>Contributo per Trasporto e Alloggio alle Scuole Superiori&#8221;<\/h2>\n<\/blockquote>\n<p><strong>ROCCA PIETORE<\/strong> La giunta comunale di Rocca Pietore ha istituito un contributo economico per le famiglie degli studenti residenti nel comune, impegnati nello studio alle scuole superiori e che affrontano spese per il trasporto e l&#8217;alloggio. Il sostegno \u00e8 finalizzato a ridurre i costi legati al pendolarismo quotidiano o alla sistemazione fuori casa durante la settimana. Le richieste di contributo devono essere presentate entro il 15 marzo utilizzando il modulo disponibile sul sito del Comune.<\/p>\n<p>&nbsp;<\/p>\n<p>&nbsp;<\/p>\n<hr \/>\n<p>&nbsp;<\/p>\n<p><strong><a class=\"dt-pswp-item\" href=\"https:\/\/www.radiopiu.net\/wordpress\/wp-content\/uploads\/2024\/01\/Senza-nome-34.png\" data-dt-img-description=\"\" data-large_image_width=\"239\" data-large_image_height=\"153\"><img loading=\"lazy\" decoding=\"async\" class=\"wp-image-369478 alignleft\" src=\"https:\/\/www.radiopiu.net\/wordpress\/wp-content\/uploads\/2024\/01\/Senza-nome-34.png\" alt=\"\" width=\"128\" height=\"82\" \/><\/a> <\/strong><\/p>\n<p><strong>\u00a0<\/strong><\/p>\n<p><strong>dal TG BELLUNESE di\u00a0 ANTENNA 3 ogni sera alle 19.30 sul canale 10 del digitale terrestre e alle 19 le anticipazioni alla radio.\u00a0 \u00a0<\/strong><\/p>\n<p>&nbsp;<\/p>\n<h1 class=\"_title post-title entry-title\">LAVORI ALLA VENEGGIA, CODE DI AUTO E CALO DI ACCESSI ALLE ATTIVITA\u2019 COMMERCIALI<\/h1>\n<p><strong>DI FABIO FIORAVANZI<\/strong><\/p>\n<p>&nbsp;<\/p>\n<h1><span style=\"color: #0000ff;\"><strong><a style=\"color: #0000ff;\" href=\"https:\/\/www.youtube.com\/watch?v=rfltfk9xQ7w\">VIDEO CLICCA QUI<\/a><\/strong><\/span><\/h1>\n<p>&nbsp;<\/p>\n<p>&nbsp;<\/p>\n<p>&nbsp;<\/p>\n<h1 class=\"_title post-title entry-title\">BOB, REBUS SU FIRMA CONTRATTO. GIORGETTI SHOCK: \u00abQUASI PENTITO DELLE OLIMPIADI<\/h1>\n<p><strong>\u00a0di TIZIANA BOLOGNANI<\/strong><\/p>\n<h1><a href=\"https:\/\/www.youtube.com\/watch?v=-V0C_kWWiyU&amp;t=1s\"><span style=\"color: #0000ff;\"><strong>VIDEO CLICCA QUI<\/strong><\/span>\u00a0<\/a><\/h1>\n<p>&nbsp;<\/p>\n<p>&nbsp;<\/p>\n<p>&nbsp;<\/p>\n<hr \/>\n<p>&nbsp;<\/p>\n<blockquote>\n<h3>UN BANDO PER 196 COMMISSARI PER LA POLIZIA DI STATO<\/h3>\n<\/blockquote>\n<p><strong>BELLUNO<\/strong> \u00c8 stato pubblicato un bando di concorso pubblico per l&#8217;assunzione di 196 commissari della carriera dei funzionari della Polizia di Stato. Il concorso prevede prove di selezione che includono esami e valutazioni dei titoli. Le domande di partecipazione possono essere presentate attraverso la procedura informatica disponibile sul Portale unico del reclutamento all&#8217;indirizzo <a href=\"http:\/\/www.inpa.gov.it\/\" target=\"_new\" rel=\"noopener\">www.inpa.gov.it<\/a>, entro il 24 febbraio 2024. La procedura di presentazione delle domande \u00e8 accessibile al seguente link: <a href=\"https:\/\/concorsionline.poliziadistato.it\/\" target=\"_new\" rel=\"noopener\">https:\/\/concorsionline.poliziadistato.it<\/a>.<\/p>\n<p>&nbsp;<\/p>\n<p>&nbsp;<\/p>\n<blockquote>\n<h3 class=\"articlePlainTitle\">Borse di studio per soggiorni all&#8217;estero:\u00a0 il bando<\/h3>\n<\/blockquote>\n<div class=\"addthis_sharing_toolbox\" data-url=\"http:\/\/sfoglio.corrierealpi.gelocal.it\/share_article.php?article_id=13620048\" data-title=\"Borse di studio per soggiorni all'estero: torna il bando\"><\/div>\n<div class=\"articlePlainText\"><strong>LIVINALLONGO \u00a0<\/strong>Anche per l&#8217;anno scolastico 2024-2025 gli studenti degli istituti superiori residenti nei tre Comuni ladini di Cortina d&#8217;Ampezzo, Colle Santa Lucia e Livinallongo del Col di Lana, possono usufruire delle borse di studio per soggiorni studio all&#8217;estero istituite dalla Regione Trentino Alto Adige\/S\u00fcdtirol. \u00a0Tutte le informazioni e la delibera al riguardo si trovano nel sito internet www.regione.taa.it (sezione borse di studio).\u00a0 Domande entro marted\u00ec 20 febbraio. \u2014<\/div>\n<p>&nbsp;<\/p>\n<hr \/>\n<p>&nbsp;<\/p>\n<blockquote>\n<h3><strong>CORSI DI POTATURA \/ INNESTI E ORTICOLTURA<\/strong><\/h3>\n<\/blockquote>\n<p><strong>LIMANA<\/strong> Il Comune, in collaborazione con\u00a0 L&#8217;agronomo Alessandro Gallon, presenta anche quest&#8217;anno i corsi di potatura\/innesti e orticoltura: 3 lezioni teoriche e 2\u00a0 pratiche dal 13 febbraio in Municipio. Le iscrizioni (30 euro) sono aperte fino al 12 febbraio per il corso di potatura\/innesti e il 5 marzo per il corso di orticoltura. Informazioni 0437-966124 o via e-mail a <a target=\"_new\" rel=\"noopener\">commercio@comune.limana.bl.it<\/a>.<\/p>\n<p>&nbsp;<\/p>\n<p>&nbsp;<\/p>\n<hr \/>\n<p>&nbsp;<\/p>\n<blockquote>\n<h1><span style=\"color: #339966;\">G R A N D I<\/span>\u00a0 \u00a0 E V E N T I<\/h1>\n<h1>NELL&#8217;\u00a0 <span style=\"color: #ff0000;\">A G O R D I N O\u00a0<\/span><\/h1>\n<\/blockquote>\n<h2><a class=\"dt-pswp-item\" href=\"https:\/\/www.radiopiu.net\/wordpress\/wp-content\/uploads\/2023\/05\/R_LA-VOLATA-S-PELLEGRINO-DH-2017PHOTO-ELVIS.jpg\" data-dt-img-description=\"PASSO SAN PELLEGRINO MOENA ITA - 21DICEMBRE 2017 COPPA EUROPA DISCESA LIBERA FEMMINILE TROFEO LA VOLATA - MEMORIAL ALBERTO VENDRUSCOLO VINCITRICE SUTER GIULIANA SUI davanti a HOFER HANNA ITA e KOLLY NOEMIE SUI &quot;Copyright PHOTO ELVIS&quot;\" data-large_image_width=\"2000\" data-large_image_height=\"1337\"><img loading=\"lazy\" decoding=\"async\" class=\"wp-image-337460 alignleft\" src=\"https:\/\/www.radiopiu.net\/wordpress\/wp-content\/uploads\/2023\/05\/R_LA-VOLATA-S-PELLEGRINO-DH-2017PHOTO-ELVIS-300x201.jpg\" alt=\"\" width=\"187\" height=\"125\" srcset=\"https:\/\/www.radiopiu.net\/wordpress\/wp-content\/uploads\/2023\/05\/R_LA-VOLATA-S-PELLEGRINO-DH-2017PHOTO-ELVIS-300x201.jpg 300w, https:\/\/www.radiopiu.net\/wordpress\/wp-content\/uploads\/2023\/05\/R_LA-VOLATA-S-PELLEGRINO-DH-2017PHOTO-ELVIS-1024x685.jpg 1024w, https:\/\/www.radiopiu.net\/wordpress\/wp-content\/uploads\/2023\/05\/R_LA-VOLATA-S-PELLEGRINO-DH-2017PHOTO-ELVIS-768x513.jpg 768w, https:\/\/www.radiopiu.net\/wordpress\/wp-content\/uploads\/2023\/05\/R_LA-VOLATA-S-PELLEGRINO-DH-2017PHOTO-ELVIS-1536x1027.jpg 1536w, https:\/\/www.radiopiu.net\/wordpress\/wp-content\/uploads\/2023\/05\/R_LA-VOLATA-S-PELLEGRINO-DH-2017PHOTO-ELVIS.jpg 2000w\" sizes=\"auto, (max-width: 187px) 100vw, 187px\" \/><\/a>LA &#8220;VOLATA&#8221; IN MONDOVISIONE, SKI AREA SAN PELLEGRINO IN FERMENTO<\/h2>\n<p><span style=\"color: #0000ff;\"><strong>AUDIO<\/strong><\/span><\/p>\n<p><span style=\"color: #0000ff;\"><strong>DI MIRKO MEZZACASA &#8211; OSPITE RENZO MINELLA<\/strong><\/span><\/p>\n<audio class=\"wp-audio-shortcode\" id=\"audio-372757-6\" preload=\"none\" style=\"width: 100%;\" controls=\"controls\"><source type=\"audio\/mpeg\" src=\"https:\/\/www.radiopiu.net\/wordpress\/wp-content\/uploads\/2024\/01\/RENZO-MINELLA-GENNAIO2024.mp3?_=6\" \/><a href=\"https:\/\/www.radiopiu.net\/wordpress\/wp-content\/uploads\/2024\/01\/RENZO-MINELLA-GENNAIO2024.mp3\">https:\/\/www.radiopiu.net\/wordpress\/wp-content\/uploads\/2024\/01\/RENZO-MINELLA-GENNAIO2024.mp3<\/a><\/audio>\n<p>&nbsp;<\/p>\n<p>&nbsp;<\/p>\n<blockquote>\n<h3>LA SESTA TAPPA DI COPPA DEL MONDO DI SKICROSS AD ALLEGHE<\/h3>\n<\/blockquote>\n<p><strong><a class=\"dt-pswp-item\" href=\"https:\/\/www.radiopiu.net\/wordpress\/wp-content\/uploads\/2024\/01\/80460362-7f75-4638-a89e-65935d506dc1.jpg\" data-dt-img-description=\"\" data-large_image_width=\"1600\" data-large_image_height=\"1200\"><img loading=\"lazy\" decoding=\"async\" class=\" wp-image-371462 alignleft\" src=\"https:\/\/www.radiopiu.net\/wordpress\/wp-content\/uploads\/2024\/01\/80460362-7f75-4638-a89e-65935d506dc1-300x225.jpg\" alt=\"\" width=\"148\" height=\"111\" srcset=\"https:\/\/www.radiopiu.net\/wordpress\/wp-content\/uploads\/2024\/01\/80460362-7f75-4638-a89e-65935d506dc1-300x225.jpg 300w, https:\/\/www.radiopiu.net\/wordpress\/wp-content\/uploads\/2024\/01\/80460362-7f75-4638-a89e-65935d506dc1-1024x768.jpg 1024w, https:\/\/www.radiopiu.net\/wordpress\/wp-content\/uploads\/2024\/01\/80460362-7f75-4638-a89e-65935d506dc1-768x576.jpg 768w, https:\/\/www.radiopiu.net\/wordpress\/wp-content\/uploads\/2024\/01\/80460362-7f75-4638-a89e-65935d506dc1-1536x1152.jpg 1536w, https:\/\/www.radiopiu.net\/wordpress\/wp-content\/uploads\/2024\/01\/80460362-7f75-4638-a89e-65935d506dc1.jpg 1600w\" sizes=\"auto, (max-width: 148px) 100vw, 148px\" \/><\/a>BELLUNO<\/strong> Lo spettacolo dello skicross arriva ad Alleghe: dal 31 gennaio al 3 febbraio si disputer\u00e0 infatti la sesta tappa della Coppa del Mondo di skicross.<\/p>\n<p><strong>DI DANIELE DALVIT<\/strong><\/p>\n<audio class=\"wp-audio-shortcode\" id=\"audio-372757-7\" preload=\"none\" style=\"width: 100%;\" controls=\"controls\"><source type=\"audio\/mpeg\" src=\"https:\/\/www.radiopiu.net\/wordpress\/wp-content\/uploads\/2024\/01\/Radio-Piu-Servizio-Presentazione-skicross-Alleghe.mp3?_=7\" \/><a href=\"https:\/\/www.radiopiu.net\/wordpress\/wp-content\/uploads\/2024\/01\/Radio-Piu-Servizio-Presentazione-skicross-Alleghe.mp3\">https:\/\/www.radiopiu.net\/wordpress\/wp-content\/uploads\/2024\/01\/Radio-Piu-Servizio-Presentazione-skicross-Alleghe.mp3<\/a><\/audio>\n<p>&nbsp;<\/p>\n<hr \/>\n<p>&nbsp;<\/p>\n<div dir=\"auto\">\n<blockquote>\n<h1>Ripresa degli Incontri Settimanali dell&#8217;Universit\u00e0 Adulti\/Anziani a Agordo<\/h1>\n<p>&nbsp;<\/p><\/blockquote>\n<div class=\"flex-1 overflow-hidden\">\n<div class=\"react-scroll-to-bottom--css-wdhcf-79elbk h-full\">\n<div class=\"react-scroll-to-bottom--css-wdhcf-1n7m0yu\">\n<div class=\"flex flex-col pb-9 text-sm\">\n<div class=\"w-full text-token-text-primary\" data-testid=\"conversation-turn-45\">\n<div class=\"px-4 py-2 justify-center text-base md:gap-6 m-auto\">\n<div class=\"flex flex-1 text-base mx-auto gap-3 md:px-5 lg:px-1 xl:px-5 md:max-w-3xl lg:max-w-[40rem] xl:max-w-[48rem] group final-completion\">\n<div class=\"relative flex w-full flex-col lg:w-[calc(100%-115px)] agent-turn\">\n<div class=\"flex-col gap-1 md:gap-3\">\n<div class=\"flex flex-grow flex-col max-w-full\">\n<div class=\"min-h-[20px] text-message flex flex-col items-start gap-3 whitespace-pre-wrap break-words [.text-message+&amp;]:mt-5 overflow-x-auto\" data-message-author-role=\"assistant\" data-message-id=\"5b6f76dc-0a16-411c-a951-f81cb37030a9\">\n<div class=\"markdown prose w-full break-words dark:prose-invert dark\">\n<p><strong>AGORDO<\/strong> Gli incontri settimanali del marted\u00ec, organizzati dalla Sezione di Agordo dell\u2019Universit\u00e0 Adulti\/Anziani, riprendono marted\u00ec 6 febbraio dopo la pausa natalizia. <strong>Programma degli Incontri: <\/strong>6 febbraio: Omaggio a Giacomo Puccini (Attilio Costa) e Lettura nella terza et\u00e0: 40 anni del Centro Internazionale del Libro parlato di Feltre (Luisa Alchini) 13 febbraio: Amelia B.Edwards: Viaggio alla scoperta di territori, genti e tradizioni delle Dolomiti (Eleonora Pescosta) 20 febbraio: La peste in Europa: conoscenze, interpretazioni, misteri (Fiorella Candiani) e L\u2019aurora boreale ottava meraviglia del pianeta. Un viaggio virtuale nel suo meccanismo (Ada Grilli) 27 febbraio: Attivit\u00e0 estrattiva e civilt\u00e0 umana (Vittorio Fenti) 5 marzo: \u201cAnche i grandi una volta erano piccoli\u201d. Riflessioni semiserie sui mitici anni \u201960-\u201970 (Gruppo teatrale \u201cNoi che\u201d di Sedico)<\/p>\n<p>&nbsp;<\/p>\n<p>&nbsp;<\/p>\n<hr \/>\n<p>&nbsp;<\/p>\n<blockquote>\n<h1>CARNEVAI DE LE VAI, DA LASTE A RIVAMONTE<\/h1>\n<\/blockquote>\n<p>***<\/p>\n<p><strong>REDAZIONE<\/strong> La scorsa domenica a Selva di Cadore, da Santa Fosca a L&#8217;Andria, Toffol e Pesclu. Un gran carnevale di festa e colori. Oggi<strong>\u00a03 febbraio\u00a0<\/strong> si replica a Laste di Rocca Pietore con la Mascorada da Laste, musica balli e tradizioni,\u00a0 ritrovo alle 15 a Mo\u00e8, attesa per il Saut del Matacinch in piazza a Dagai alle 16 e poi il rinfresco in sala dei pompieri.\u00a0<b> Domani<\/b> terzo appuntamento a Rivamonte con i Olt da Riva e compagnia Bela, ritrovo alle 14, sfilata, festa danzane, concorsi e gran finale al ristorante Molin.<\/p>\n\n\t\t\t<style type='text\/css'>\n\t\t\t\t#gallery-3 {\n\t\t\t\t\tmargin: auto;\n\t\t\t\t}\n\t\t\t\t#gallery-3 .gallery-item {\n\t\t\t\t\tfloat: left;\n\t\t\t\t\tmargin-top: 10px;\n\t\t\t\t\ttext-align: center;\n\t\t\t\t\twidth: 50%;\n\t\t\t\t}\n\t\t\t\t#gallery-3 img {\n\t\t\t\t\tborder: 2px solid #cfcfcf;\n\t\t\t\t}\n\t\t\t\t#gallery-3 .gallery-caption {\n\t\t\t\t\tmargin-left: 0;\n\t\t\t\t}\n\t\t\t\t\/* see gallery_shortcode() in wp-includes\/media.php *\/\n\t\t\t<\/style>\n\t\t<div id='gallery-3' class='dt-gallery-container gallery galleryid-372757 gallery-columns-2 gallery-size-thumbnail'><dl class='gallery-item'>\n\t\t\t\t<dt class='gallery-icon portrait'>\n\t\t\t\t\t<a class=\"rollover rollover-zoom dt-pswp-item\" title=\"4e453ac6-6b26-4fe7-a7dc-f56fe901e385\" data-dt-img-description=\"\" data-large_image_width=\"600\" data-large_image_height=\"900\"href='https:\/\/www.radiopiu.net\/wordpress\/wp-content\/uploads\/2024\/02\/4e453ac6-6b26-4fe7-a7dc-f56fe901e385.jpg'><img loading=\"lazy\" decoding=\"async\" width=\"150\" height=\"150\" src=\"https:\/\/www.radiopiu.net\/wordpress\/wp-content\/uploads\/2024\/02\/4e453ac6-6b26-4fe7-a7dc-f56fe901e385-150x150.jpg\" class=\"attachment-thumbnail size-thumbnail\" alt=\"\" \/><\/a>\n\t\t\t\t<\/dt><\/dl><dl class='gallery-item'>\n\t\t\t\t<dt class='gallery-icon portrait'>\n\t\t\t\t\t<a class=\"rollover rollover-zoom dt-pswp-item\" title=\"13556dc7-4f78-4dc7-8528-85f4e4d0e7aa\" data-dt-img-description=\"\" data-large_image_width=\"723\" data-large_image_height=\"1024\"href='https:\/\/www.radiopiu.net\/wordpress\/wp-content\/uploads\/2024\/02\/13556dc7-4f78-4dc7-8528-85f4e4d0e7aa.jpg'><img loading=\"lazy\" decoding=\"async\" width=\"150\" height=\"150\" src=\"https:\/\/www.radiopiu.net\/wordpress\/wp-content\/uploads\/2024\/02\/13556dc7-4f78-4dc7-8528-85f4e4d0e7aa-150x150.jpg\" class=\"attachment-thumbnail size-thumbnail\" alt=\"\" \/><\/a>\n\t\t\t\t<\/dt><\/dl><br style=\"clear: both\" \/>\n\t\t\t<\/div>\n\n<p><strong>Sabato 10 febbraio<\/strong> carnevale con la Mascoreda di Sottoguda e il giorno successivo la Zinghenesta a Canale d&#8217;Agordo<\/p>\n<p>(foto archivio Associazione Borgo Sottoguda, carnevale a Sottoguda),<\/p>\n\n\t\t\t<style type='text\/css'>\n\t\t\t\t#gallery-4 {\n\t\t\t\t\tmargin: auto;\n\t\t\t\t}\n\t\t\t\t#gallery-4 .gallery-item {\n\t\t\t\t\tfloat: left;\n\t\t\t\t\tmargin-top: 10px;\n\t\t\t\t\ttext-align: center;\n\t\t\t\t\twidth: 33%;\n\t\t\t\t}\n\t\t\t\t#gallery-4 img {\n\t\t\t\t\tborder: 2px solid #cfcfcf;\n\t\t\t\t}\n\t\t\t\t#gallery-4 .gallery-caption {\n\t\t\t\t\tmargin-left: 0;\n\t\t\t\t}\n\t\t\t\t\/* see gallery_shortcode() in wp-includes\/media.php *\/\n\t\t\t<\/style>\n\t\t<div id='gallery-4' class='dt-gallery-container gallery galleryid-372757 gallery-columns-3 gallery-size-thumbnail'><dl class='gallery-item'>\n\t\t\t\t<dt class='gallery-icon portrait'>\n\t\t\t\t\t<a class=\"rollover rollover-zoom dt-pswp-item\" title=\"4e9ca98c-9631-48fd-a7d4-511737969234\" data-dt-img-description=\"\" data-large_image_width=\"1240\" data-large_image_height=\"1755\"href='https:\/\/www.radiopiu.net\/wordpress\/wp-content\/uploads\/2024\/02\/4e9ca98c-9631-48fd-a7d4-511737969234.jpg'><img loading=\"lazy\" decoding=\"async\" width=\"150\" height=\"150\" src=\"https:\/\/www.radiopiu.net\/wordpress\/wp-content\/uploads\/2024\/02\/4e9ca98c-9631-48fd-a7d4-511737969234-150x150.jpg\" class=\"attachment-thumbnail size-thumbnail\" alt=\"\" \/><\/a>\n\t\t\t\t<\/dt><\/dl><dl class='gallery-item'>\n\t\t\t\t<dt class='gallery-icon landscape'>\n\t\t\t\t\t<a class=\"rollover rollover-zoom dt-pswp-item\" title=\"018603ad-904f-4edf-81ee-e98ff50a41f0\" data-dt-img-description=\"\" data-large_image_width=\"1200\" data-large_image_height=\"800\"href='https:\/\/www.radiopiu.net\/wordpress\/wp-content\/uploads\/2024\/02\/018603ad-904f-4edf-81ee-e98ff50a41f0.jpg'><img loading=\"lazy\" decoding=\"async\" width=\"150\" height=\"150\" src=\"https:\/\/www.radiopiu.net\/wordpress\/wp-content\/uploads\/2024\/02\/018603ad-904f-4edf-81ee-e98ff50a41f0-150x150.jpg\" class=\"attachment-thumbnail size-thumbnail\" alt=\"\" \/><\/a>\n\t\t\t\t<\/dt><\/dl><dl class='gallery-item'>\n\t\t\t\t<dt class='gallery-icon landscape'>\n\t\t\t\t\t<a class=\"rollover rollover-zoom dt-pswp-item\" title=\"b6a50891-0362-4b33-bb7c-797d6278528b\" data-dt-img-description=\"\" data-large_image_width=\"1200\" data-large_image_height=\"800\"href='https:\/\/www.radiopiu.net\/wordpress\/wp-content\/uploads\/2024\/02\/b6a50891-0362-4b33-bb7c-797d6278528b.jpg'><img loading=\"lazy\" decoding=\"async\" width=\"150\" height=\"150\" src=\"https:\/\/www.radiopiu.net\/wordpress\/wp-content\/uploads\/2024\/02\/b6a50891-0362-4b33-bb7c-797d6278528b-150x150.jpg\" class=\"attachment-thumbnail size-thumbnail\" alt=\"\" \/><\/a>\n\t\t\t\t<\/dt><\/dl><br style=\"clear: both\" \/>\n\t\t\t<\/div>\n\n<p>&nbsp;<\/p>\n<p>&nbsp;<\/p>\n<hr \/>\n<p>&nbsp;<\/p>\n<blockquote><p>&nbsp;<\/p>\n<p><strong>CONTRIBUTI AUDIO, VIDEO\u00a0 E FOTO DI MARINA DONA&#8217;<br \/>\n<\/strong><\/p>\n<p>&nbsp;<\/p>\n\n\t\t\t<style type='text\/css'>\n\t\t\t\t#gallery-5 {\n\t\t\t\t\tmargin: auto;\n\t\t\t\t}\n\t\t\t\t#gallery-5 .gallery-item {\n\t\t\t\t\tfloat: left;\n\t\t\t\t\tmargin-top: 10px;\n\t\t\t\t\ttext-align: center;\n\t\t\t\t\twidth: 33%;\n\t\t\t\t}\n\t\t\t\t#gallery-5 img {\n\t\t\t\t\tborder: 2px solid #cfcfcf;\n\t\t\t\t}\n\t\t\t\t#gallery-5 .gallery-caption {\n\t\t\t\t\tmargin-left: 0;\n\t\t\t\t}\n\t\t\t\t\/* see gallery_shortcode() in wp-includes\/media.php *\/\n\t\t\t<\/style>\n\t\t<div id='gallery-5' class='dt-gallery-container gallery galleryid-372757 gallery-columns-3 gallery-size-thumbnail'><dl class='gallery-item'>\n\t\t\t\t<dt class='gallery-icon landscape'>\n\t\t\t\t\t<a class=\"rollover rollover-zoom dt-pswp-item\" title=\"02895f40-c23c-45f5-9f1a-58812f63ac30\" data-dt-img-description=\"\" data-large_image_width=\"1600\" data-large_image_height=\"1200\"href='https:\/\/www.radiopiu.net\/wordpress\/wp-content\/uploads\/2024\/02\/02895f40-c23c-45f5-9f1a-58812f63ac30-1.jpg'><img loading=\"lazy\" decoding=\"async\" width=\"150\" height=\"150\" src=\"https:\/\/www.radiopiu.net\/wordpress\/wp-content\/uploads\/2024\/02\/02895f40-c23c-45f5-9f1a-58812f63ac30-1-150x150.jpg\" class=\"attachment-thumbnail size-thumbnail\" alt=\"\" \/><\/a>\n\t\t\t\t<\/dt><\/dl><dl class='gallery-item'>\n\t\t\t\t<dt class='gallery-icon landscape'>\n\t\t\t\t\t<a class=\"rollover rollover-zoom dt-pswp-item\" title=\"2f332944-98c6-400e-a194-41c9dd030270\" data-dt-img-description=\"\" data-large_image_width=\"1600\" data-large_image_height=\"1200\"href='https:\/\/www.radiopiu.net\/wordpress\/wp-content\/uploads\/2024\/02\/2f332944-98c6-400e-a194-41c9dd030270.jpg'><img loading=\"lazy\" decoding=\"async\" width=\"150\" height=\"150\" src=\"https:\/\/www.radiopiu.net\/wordpress\/wp-content\/uploads\/2024\/02\/2f332944-98c6-400e-a194-41c9dd030270-150x150.jpg\" class=\"attachment-thumbnail size-thumbnail\" alt=\"\" \/><\/a>\n\t\t\t\t<\/dt><\/dl><dl class='gallery-item'>\n\t\t\t\t<dt class='gallery-icon landscape'>\n\t\t\t\t\t<a class=\"rollover rollover-zoom dt-pswp-item\" title=\"3ca8db5c-440f-44db-a483-0f75fdb3c563\" data-dt-img-description=\"\" data-large_image_width=\"1600\" data-large_image_height=\"1201\"href='https:\/\/www.radiopiu.net\/wordpress\/wp-content\/uploads\/2024\/02\/3ca8db5c-440f-44db-a483-0f75fdb3c563.jpg'><img loading=\"lazy\" decoding=\"async\" width=\"150\" height=\"150\" src=\"https:\/\/www.radiopiu.net\/wordpress\/wp-content\/uploads\/2024\/02\/3ca8db5c-440f-44db-a483-0f75fdb3c563-150x150.jpg\" class=\"attachment-thumbnail size-thumbnail\" alt=\"\" \/><\/a>\n\t\t\t\t<\/dt><\/dl><br style=\"clear: both\" \/>\n\t\t\t<\/div>\n\n<p>CLAUDIO FRANCAVILLA<\/p>\n<audio class=\"wp-audio-shortcode\" id=\"audio-372757-8\" preload=\"none\" style=\"width: 100%;\" controls=\"controls\"><source type=\"audio\/wav\" src=\"https:\/\/www.radiopiu.net\/wordpress\/wp-content\/uploads\/2024\/02\/claudio-francavilla-marina.wav?_=8\" \/><a href=\"https:\/\/www.radiopiu.net\/wordpress\/wp-content\/uploads\/2024\/02\/claudio-francavilla-marina.wav\">https:\/\/www.radiopiu.net\/wordpress\/wp-content\/uploads\/2024\/02\/claudio-francavilla-marina.wav<\/a><\/audio>\n<p>CESARE SORARU&#8217;<\/p>\n<audio class=\"wp-audio-shortcode\" id=\"audio-372757-9\" preload=\"none\" style=\"width: 100%;\" controls=\"controls\"><source type=\"audio\/wav\" src=\"https:\/\/www.radiopiu.net\/wordpress\/wp-content\/uploads\/2024\/02\/cesare-soraru-ski-civetta-marina.wav?_=9\" \/><a href=\"https:\/\/www.radiopiu.net\/wordpress\/wp-content\/uploads\/2024\/02\/cesare-soraru-ski-civetta-marina.wav\">https:\/\/www.radiopiu.net\/wordpress\/wp-content\/uploads\/2024\/02\/cesare-soraru-ski-civetta-marina.wav<\/a><\/audio>\n<p>ROBERTO PADRIN<\/p>\n<audio class=\"wp-audio-shortcode\" id=\"audio-372757-10\" preload=\"none\" style=\"width: 100%;\" controls=\"controls\"><source type=\"audio\/wav\" src=\"https:\/\/www.radiopiu.net\/wordpress\/wp-content\/uploads\/2024\/02\/roberto-padrin-marina.wav?_=10\" \/><a href=\"https:\/\/www.radiopiu.net\/wordpress\/wp-content\/uploads\/2024\/02\/roberto-padrin-marina.wav\">https:\/\/www.radiopiu.net\/wordpress\/wp-content\/uploads\/2024\/02\/roberto-padrin-marina.wav<\/a><\/audio>\n<p>DANILO DE TONI<\/p>\n<audio class=\"wp-audio-shortcode\" id=\"audio-372757-11\" preload=\"none\" style=\"width: 100%;\" controls=\"controls\"><source type=\"audio\/wav\" src=\"https:\/\/www.radiopiu.net\/wordpress\/wp-content\/uploads\/2024\/02\/danilo-de-toni-marina.wav?_=11\" \/><a href=\"https:\/\/www.radiopiu.net\/wordpress\/wp-content\/uploads\/2024\/02\/danilo-de-toni-marina.wav\">https:\/\/www.radiopiu.net\/wordpress\/wp-content\/uploads\/2024\/02\/danilo-de-toni-marina.wav<\/a><\/audio>\n<p>PREMIAZIONE MASCHILE<\/p>\n<div style=\"width: 848px;\" class=\"wp-video\"><video class=\"wp-video-shortcode\" id=\"video-372757-1\" width=\"848\" height=\"478\" preload=\"metadata\" controls=\"controls\"><source type=\"video\/mp4\" src=\"https:\/\/www.radiopiu.net\/wordpress\/wp-content\/uploads\/2024\/02\/WhatsApp-Video-2024-02-02-at-18.29.54.mp4?_=1\" \/><a href=\"https:\/\/www.radiopiu.net\/wordpress\/wp-content\/uploads\/2024\/02\/WhatsApp-Video-2024-02-02-at-18.29.54.mp4\">https:\/\/www.radiopiu.net\/wordpress\/wp-content\/uploads\/2024\/02\/WhatsApp-Video-2024-02-02-at-18.29.54.mp4<\/a><\/video><\/div>\n<p>PREMIAZIONE FEMMINILE<\/p>\n<div style=\"width: 848px;\" class=\"wp-video\"><video class=\"wp-video-shortcode\" id=\"video-372757-2\" width=\"848\" height=\"478\" preload=\"metadata\" controls=\"controls\"><source type=\"video\/mp4\" src=\"https:\/\/www.radiopiu.net\/wordpress\/wp-content\/uploads\/2024\/02\/WhatsApp-Video-2024-02-02-at-18.22.57.mp4?_=2\" \/><a href=\"https:\/\/www.radiopiu.net\/wordpress\/wp-content\/uploads\/2024\/02\/WhatsApp-Video-2024-02-02-at-18.22.57.mp4\">https:\/\/www.radiopiu.net\/wordpress\/wp-content\/uploads\/2024\/02\/WhatsApp-Video-2024-02-02-at-18.22.57.mp4<\/a><\/video><\/div>\n<p>&nbsp;<\/p>\n<p>&nbsp;<\/p>\n<hr \/>\n<p>&nbsp;<\/p><\/blockquote>\n<p>&nbsp;<\/p>\n<p>&nbsp;<\/p>\n<p>&nbsp;<\/p>\n<hr \/>\n<blockquote>\n<h3><\/h3>\n<h3>IL CACCIA E LA POIANA<\/h3>\n<\/blockquote>\n<p><strong>REDAZIONE<\/strong> A volte ci vuole fortuna a cogliere il momento giusto e oggi Mario De Marco \u00e8 riuscito a fotografare un caccia che sorvolava il cielo sopra Agordo. La fortuna di scattare la foto mentre passa anche una poiana\u2026<\/p>\n\n\t\t\t<style type='text\/css'>\n\t\t\t\t#gallery-6 {\n\t\t\t\t\tmargin: auto;\n\t\t\t\t}\n\t\t\t\t#gallery-6 .gallery-item {\n\t\t\t\t\tfloat: left;\n\t\t\t\t\tmargin-top: 10px;\n\t\t\t\t\ttext-align: center;\n\t\t\t\t\twidth: 33%;\n\t\t\t\t}\n\t\t\t\t#gallery-6 img {\n\t\t\t\t\tborder: 2px solid #cfcfcf;\n\t\t\t\t}\n\t\t\t\t#gallery-6 .gallery-caption {\n\t\t\t\t\tmargin-left: 0;\n\t\t\t\t}\n\t\t\t\t\/* see gallery_shortcode() in wp-includes\/media.php *\/\n\t\t\t<\/style>\n\t\t<div id='gallery-6' class='dt-gallery-container gallery galleryid-372757 gallery-columns-3 gallery-size-thumbnail'><dl class='gallery-item'>\n\t\t\t\t<dt class='gallery-icon landscape'>\n\t\t\t\t\t<a class=\"rollover\" href='https:\/\/www.radiopiu.net\/wordpress\/il-caccia-e-la-poiana\/0f22cbee-9087-4953-a01f-97f55094cc08\/'><img loading=\"lazy\" decoding=\"async\" width=\"150\" height=\"150\" src=\"https:\/\/www.radiopiu.net\/wordpress\/wp-content\/uploads\/2024\/02\/0f22cbee-9087-4953-a01f-97f55094cc08-150x150.jpeg\" class=\"attachment-thumbnail size-thumbnail\" alt=\"\" \/><\/a>\n\t\t\t\t<\/dt><\/dl><dl class='gallery-item'>\n\t\t\t\t<dt class='gallery-icon landscape'>\n\t\t\t\t\t<a class=\"rollover\" href='https:\/\/www.radiopiu.net\/wordpress\/il-caccia-e-la-poiana\/b6b968c8-1c51-4fde-a664-4cd89d5fcb4b\/'><img loading=\"lazy\" decoding=\"async\" width=\"150\" height=\"150\" src=\"https:\/\/www.radiopiu.net\/wordpress\/wp-content\/uploads\/2024\/02\/b6b968c8-1c51-4fde-a664-4cd89d5fcb4b-150x150.jpeg\" class=\"attachment-thumbnail size-thumbnail\" alt=\"\" \/><\/a>\n\t\t\t\t<\/dt><\/dl><dl class='gallery-item'>\n\t\t\t\t<dt class='gallery-icon landscape'>\n\t\t\t\t\t<a class=\"rollover\" href='https:\/\/www.radiopiu.net\/wordpress\/il-caccia-e-la-poiana\/8332d3bc-108e-4488-9779-e7927f030b45\/'><img loading=\"lazy\" decoding=\"async\" width=\"150\" height=\"150\" src=\"https:\/\/www.radiopiu.net\/wordpress\/wp-content\/uploads\/2024\/02\/8332d3bc-108e-4488-9779-e7927f030b45-150x150.jpeg\" class=\"attachment-thumbnail size-thumbnail\" alt=\"\" \/><\/a>\n\t\t\t\t<\/dt><\/dl><br style=\"clear: both\" \/>\n\t\t\t<\/div>\n\n<p>&nbsp;<\/p>\n<hr \/>\n<p>&nbsp;<\/p>\n<blockquote>\n<h3>ALLA MATERNA DI AGORDO LA GIORNATA DEI &#8220;CALZINI SPAIATI&#8221;<\/h3>\n<\/blockquote>\n<blockquote>\n<h2>2 febbraio 2024 Giornata dei calzini spaiati \u201cL\u2019adulto deve farsi umile e imparare dal bambino a essere grande.\u201d<\/h2>\n<\/blockquote>\n<p><strong>AGORDO Scuola materna:<\/strong> alzi la mano chi non ha nei cassetti una serie di calze e calzini senza il gemello\u2026..la giornata dei calzini spaiati \u00e8 nata da un&#8217; idea di una maestra friulana, pi\u00f9 di dieci anni fa. Oggi il suo significato \u00e8 l&#8217; accettazione\u00a0 della diversit\u00e0! Diversit\u00e0 come valore e come superamento della solitudine , indossare un calzino spaiato pu\u00f2 essere un rimedio all&#8217; isolamento due volte. Questa mattina la nostra scuola si \u00e8 arricchita di 80 paia di calzini super colorati per sensibilizzare tutti alla diversit\u00e0, all\u2019inclusivit\u00e0 e al rispetto reciproco, a riprova di questo anche la bellissima idea di due sorelline provenienti dall\u2019Ucraina che hanno voluto indossare i calzini spaiati del colore della bandiera del loro paese! \u201cL\u2019adulto deve farsi umile e imparare dal bambino a essere grande.\u201d\u00a0 \u00a0 \u00a0Maria Montessori<\/p>\n<p>&nbsp;<\/p>\n<p><a class=\"dt-pswp-item\" href=\"https:\/\/www.radiopiu.net\/wordpress\/wp-content\/uploads\/2024\/02\/0ee4eb54-42b6-4d33-82fa-581db7578b98.jpg\" data-dt-img-description=\"\" data-large_image_width=\"1536\" data-large_image_height=\"1536\"><img loading=\"lazy\" decoding=\"async\" class=\"alignnone wp-image-372830 size-full\" src=\"https:\/\/www.radiopiu.net\/wordpress\/wp-content\/uploads\/2024\/02\/0ee4eb54-42b6-4d33-82fa-581db7578b98.jpg\" alt=\"\" width=\"1536\" height=\"1536\" srcset=\"https:\/\/www.radiopiu.net\/wordpress\/wp-content\/uploads\/2024\/02\/0ee4eb54-42b6-4d33-82fa-581db7578b98.jpg 1536w, https:\/\/www.radiopiu.net\/wordpress\/wp-content\/uploads\/2024\/02\/0ee4eb54-42b6-4d33-82fa-581db7578b98-300x300.jpg 300w, https:\/\/www.radiopiu.net\/wordpress\/wp-content\/uploads\/2024\/02\/0ee4eb54-42b6-4d33-82fa-581db7578b98-1024x1024.jpg 1024w, https:\/\/www.radiopiu.net\/wordpress\/wp-content\/uploads\/2024\/02\/0ee4eb54-42b6-4d33-82fa-581db7578b98-150x150.jpg 150w, https:\/\/www.radiopiu.net\/wordpress\/wp-content\/uploads\/2024\/02\/0ee4eb54-42b6-4d33-82fa-581db7578b98-768x768.jpg 768w\" sizes=\"auto, (max-width: 1536px) 100vw, 1536px\" \/><\/a><\/p>\n<p>&nbsp;<\/p>\n<p>&nbsp;<\/p>\n<\/div>\n<\/div>\n<\/div>\n<\/div>\n<\/div>\n<\/div>\n<\/div>\n<\/div>\n<\/div>\n<\/div>\n<\/div>\n<\/div>\n<\/div>\n<p>&nbsp;<\/p>\n<hr \/>\n<p>&nbsp;<\/p>\n<h2><span style=\"color: #ff6600;\">IERI ALLA RADIO<\/span><\/h2>\n<h2><span style=\"color: #800080;\">&#8220;DINTORN E FORA VIA&#8221;\u00a0 IL PROGRAMMA\u00a0 A CURA DEL MUSLA<\/span><\/h2>\n<p><strong><a class=\"dt-pswp-item\" href=\"https:\/\/www.radiopiu.net\/wordpress\/wp-content\/uploads\/2020\/04\/giornali.jpg\" data-dt-img-description=\"\" data-large_image_width=\"1920\" data-large_image_height=\"1280\"><img loading=\"lazy\" decoding=\"async\" class=\" wp-image-126692 alignleft\" src=\"https:\/\/www.radiopiu.net\/wordpress\/wp-content\/uploads\/2020\/04\/giornali-300x200.jpg\" alt=\"\" width=\"203\" height=\"135\" srcset=\"https:\/\/www.radiopiu.net\/wordpress\/wp-content\/uploads\/2020\/04\/giornali-300x200.jpg 300w, https:\/\/www.radiopiu.net\/wordpress\/wp-content\/uploads\/2020\/04\/giornali-1024x683.jpg 1024w, https:\/\/www.radiopiu.net\/wordpress\/wp-content\/uploads\/2020\/04\/giornali-768x512.jpg 768w, https:\/\/www.radiopiu.net\/wordpress\/wp-content\/uploads\/2020\/04\/giornali-1536x1024.jpg 1536w, https:\/\/www.radiopiu.net\/wordpress\/wp-content\/uploads\/2020\/04\/giornali.jpg 1920w\" sizes=\"auto, (max-width: 203px) 100vw, 203px\" \/><\/a>PUNTATA DEL 02 FEBBRAIO 2024, MICHELA DELL&#8217;OSBEL<\/strong><\/p>\n<audio class=\"wp-audio-shortcode\" id=\"audio-372757-12\" preload=\"none\" style=\"width: 100%;\" controls=\"controls\"><source type=\"audio\/mpeg\" src=\"https:\/\/www.radiopiu.net\/wordpress\/wp-content\/uploads\/2024\/02\/MUSLA.mp3?_=12\" \/><a href=\"https:\/\/www.radiopiu.net\/wordpress\/wp-content\/uploads\/2024\/02\/MUSLA.mp3\">https:\/\/www.radiopiu.net\/wordpress\/wp-content\/uploads\/2024\/02\/MUSLA.mp3<\/a><\/audio>\n<p>&nbsp;<\/p>\n<p><strong>LA RACCOLTA COMPLETA <a href=\"https:\/\/www.radiopiu.net\/wordpress\/musla\/\">CLICCA QUI<\/a><\/strong><\/p>\n<p>&nbsp;<\/p>\n<h2><span style=\"color: #008000;\">SPECIALE SOLIDARIETA&#8217; VENETO<\/span><\/h2>\n<p><strong><a class=\"dt-pswp-item\" href=\"https:\/\/www.radiopiu.net\/wordpress\/wp-content\/uploads\/2020\/05\/solidariet\u00e0-veneto.jpg\" data-dt-img-description=\"\" data-large_image_width=\"1373\" data-large_image_height=\"961\"><img loading=\"lazy\" decoding=\"async\" class=\" wp-image-134366 alignleft\" src=\"https:\/\/www.radiopiu.net\/wordpress\/wp-content\/uploads\/2020\/05\/solidariet\u00e0-veneto-300x210.jpg\" alt=\"\" width=\"169\" height=\"118\" srcset=\"https:\/\/www.radiopiu.net\/wordpress\/wp-content\/uploads\/2020\/05\/solidariet\u00e0-veneto-300x210.jpg 300w, https:\/\/www.radiopiu.net\/wordpress\/wp-content\/uploads\/2020\/05\/solidariet\u00e0-veneto-1024x717.jpg 1024w, https:\/\/www.radiopiu.net\/wordpress\/wp-content\/uploads\/2020\/05\/solidariet\u00e0-veneto-768x538.jpg 768w, https:\/\/www.radiopiu.net\/wordpress\/wp-content\/uploads\/2020\/05\/solidariet\u00e0-veneto.jpg 1373w\" sizes=\"auto, (max-width: 169px) 100vw, 169px\" \/><\/a>DI MIRKO MEZZACASA<\/strong><\/p>\n<p>OSPITE: PAOLO STEFAN Direttore di Solidariet\u00e0 Veneto<\/p>\n<audio class=\"wp-audio-shortcode\" id=\"audio-372757-13\" preload=\"none\" style=\"width: 100%;\" controls=\"controls\"><source type=\"audio\/mpeg\" src=\"https:\/\/www.radiopiu.net\/wordpress\/wp-content\/uploads\/2024\/02\/paolo-stefan-FEBBRAIO-2024.mp3?_=13\" \/><a href=\"https:\/\/www.radiopiu.net\/wordpress\/wp-content\/uploads\/2024\/02\/paolo-stefan-FEBBRAIO-2024.mp3\">https:\/\/www.radiopiu.net\/wordpress\/wp-content\/uploads\/2024\/02\/paolo-stefan-FEBBRAIO-2024.mp3<\/a><\/audio>\n<p>&nbsp;<\/p>\n<h2><span style=\"color: #ff0000;\">IL GIORMALE RADIO DI MARCO DAL FARRA<\/span><\/h2>\n<p><strong><a class=\"dt-pswp-item\" href=\"https:\/\/www.radiopiu.net\/wordpress\/wp-content\/uploads\/2023\/11\/06-MARCO-DAL-FARRA-2.jpg\" data-dt-img-description=\"\" data-large_image_width=\"500\" data-large_image_height=\"261\"><img loading=\"lazy\" decoding=\"async\" class=\" wp-image-362553 alignleft\" src=\"https:\/\/www.radiopiu.net\/wordpress\/wp-content\/uploads\/2023\/11\/06-MARCO-DAL-FARRA-2-300x157.jpg\" alt=\"\" width=\"172\" height=\"90\" srcset=\"https:\/\/www.radiopiu.net\/wordpress\/wp-content\/uploads\/2023\/11\/06-MARCO-DAL-FARRA-2-300x157.jpg 300w, https:\/\/www.radiopiu.net\/wordpress\/wp-content\/uploads\/2023\/11\/06-MARCO-DAL-FARRA-2.jpg 500w\" sizes=\"auto, (max-width: 172px) 100vw, 172px\" \/><\/a>PUNTATA 02 &#8211; 02 FEBBRAIO 2024<\/strong><\/p>\n<audio class=\"wp-audio-shortcode\" id=\"audio-372757-14\" preload=\"none\" style=\"width: 100%;\" controls=\"controls\"><source type=\"audio\/mpeg\" src=\"https:\/\/www.radiopiu.net\/wordpress\/wp-content\/uploads\/2024\/02\/GM.mp3?_=14\" \/><a href=\"https:\/\/www.radiopiu.net\/wordpress\/wp-content\/uploads\/2024\/02\/GM.mp3\">https:\/\/www.radiopiu.net\/wordpress\/wp-content\/uploads\/2024\/02\/GM.mp3<\/a><\/audio>\n<p>&nbsp;<\/p>\n<p><strong>LA RACCOLTA COMPLETA <a href=\"https:\/\/www.radiopiu.net\/wordpress\/il-giormale-radio-di-marco-dal-farra\/\">CLICCA QUI<\/a><\/strong><\/p>\n<p>&nbsp;<\/p>\n<h2><span style=\"color: #008080;\">PAROLE A TEMA<\/span><\/h2>\n<blockquote>\n<h3><em class=\"photoswipe-wrapper\">La redazione di Due Minuti Un libro proporr\u00e0 il nuovo programma alla radio: \u201cParole a tema\u201d. Con Gialuca Melilli<\/em><\/h3>\n<\/blockquote>\n<p><strong><a class=\"dt-pswp-item\" href=\"https:\/\/www.radiopiu.net\/wordpress\/wp-content\/uploads\/2024\/02\/CALZINI.jpg\" data-dt-img-description=\"\" data-large_image_width=\"1280\" data-large_image_height=\"859\"><img loading=\"lazy\" decoding=\"async\" class=\" wp-image-372801 alignleft\" src=\"https:\/\/www.radiopiu.net\/wordpress\/wp-content\/uploads\/2024\/02\/CALZINI-300x201.jpg\" alt=\"\" width=\"165\" height=\"111\" srcset=\"https:\/\/www.radiopiu.net\/wordpress\/wp-content\/uploads\/2024\/02\/CALZINI-300x201.jpg 300w, https:\/\/www.radiopiu.net\/wordpress\/wp-content\/uploads\/2024\/02\/CALZINI-1024x687.jpg 1024w, https:\/\/www.radiopiu.net\/wordpress\/wp-content\/uploads\/2024\/02\/CALZINI-768x515.jpg 768w, https:\/\/www.radiopiu.net\/wordpress\/wp-content\/uploads\/2024\/02\/CALZINI.jpg 1280w\" sizes=\"auto, (max-width: 165px) 100vw, 165px\" \/><\/a>PUNTATA 01 &#8211; 02 FEBBRAIO 2024 &#8211; LA GIORNATA DEI CALZINI SPAIATI<\/strong><\/p>\n<audio class=\"wp-audio-shortcode\" id=\"audio-372757-15\" preload=\"none\" style=\"width: 100%;\" controls=\"controls\"><source type=\"audio\/mpeg\" src=\"https:\/\/www.radiopiu.net\/wordpress\/wp-content\/uploads\/2024\/02\/PT1.mp3?_=15\" \/><a href=\"https:\/\/www.radiopiu.net\/wordpress\/wp-content\/uploads\/2024\/02\/PT1.mp3\">https:\/\/www.radiopiu.net\/wordpress\/wp-content\/uploads\/2024\/02\/PT1.mp3<\/a><\/audio>\n<p>&nbsp;<\/p>\n<p>&nbsp;<\/p>\n<hr \/>\n<p>&nbsp;<\/p>\n<blockquote>\n<h3>ARIA D&#8217;INVERN, IL CONCORSO FOTOGRAFICO<\/h3>\n<\/blockquote>\n<p><strong><img loading=\"lazy\" decoding=\"async\" class=\"alignleft\" src=\"https:\/\/www.radiopiu.net\/wordpress\/wp-content\/uploads\/2024\/01\/Senza-nome-41.png\" width=\"147\" height=\"79\" \/>CENCENIGHE<\/strong> La Pro Loco di Cencenighe ha organizzato un concorso fotografico dal titolo &#8220;Aria D&#8217;Invern&#8221;. Chi volesse partecipare pu\u00f2 inviare gli scatti fino al 31 marzo alla mail ariadinvern@gmail.com seguiranno le premiazioni e, nel mese di luglio, l&#8217;esposizione delle foto al Nof Fil\u00f2. Regolamento completo sul sito www.prolococencenighe.it<\/p>\n<p>&nbsp;<\/p>\n<p>&nbsp;<\/p>\n<p>&nbsp;<\/p>\n<hr \/>\n<p>&nbsp;<\/p>\n<blockquote>\n<h2>LE PISTE&#8230; SULLA PORTA DI CASA<\/h2>\n<\/blockquote>\n<div>\n<div class=\"x1cy8zhl x78zum5 x1q0g3np xod5an3 x1pi30zi x1swvt13 xz9dl7a\">\n<div class=\"x1iyjqo2\">\n<div class=\"x78zum5 xdt5ytf xz62fqu x16ldp7u\">\n<div class=\"xu06os2 x1ok221b\">\n<h2 id=\":R1al9aqqd9emhpapd5aq:\" class=\"x1heor9g x1qlqyl8 x1pd3egz x1a2a7pz x1gslohp x1yc453h\"><span class=\"x193iq5w xeuugli x13faqbe x1vvkbs x1xmvt09 x6prxxf xvq8zen xo1l8bm xi81zsa\"><strong><a class=\"dt-pswp-item\" href=\"https:\/\/www.radiopiu.net\/wordpress\/wp-content\/uploads\/2021\/11\/FORCELLA-AURINE.jpg\" data-dt-img-description=\"\" data-large_image_width=\"960\" data-large_image_height=\"720\"><img loading=\"lazy\" decoding=\"async\" class=\" wp-image-241538 alignleft\" src=\"https:\/\/www.radiopiu.net\/wordpress\/wp-content\/uploads\/2021\/11\/FORCELLA-AURINE-300x225.jpg\" alt=\"\" width=\"191\" height=\"143\" srcset=\"https:\/\/www.radiopiu.net\/wordpress\/wp-content\/uploads\/2021\/11\/FORCELLA-AURINE-300x225.jpg 300w, https:\/\/www.radiopiu.net\/wordpress\/wp-content\/uploads\/2021\/11\/FORCELLA-AURINE-768x576.jpg 768w, https:\/\/www.radiopiu.net\/wordpress\/wp-content\/uploads\/2021\/11\/FORCELLA-AURINE.jpg 960w\" sizes=\"auto, (max-width: 191px) 100vw, 191px\" \/><\/a>Aurine SKI Dolomiti -Progetto Desma <\/strong><\/span><strong><a class=\"x1i10hfl xjbqb8w x6umtig x1b1mbwd xaqea5y xav7gou x9f619 x1ypdohk xt0psk2 xe8uvvx xdj266r x11i5rnm xat24cr x1mh8g0r xexx8yu x4uap5 x18d9i69 xkhd6sd x16tdsg8 x1hl2dhg xggy1nq x1a2a7pz xt0b8zv xzsf02u x1s688f\" tabindex=\"0\" role=\"link\" href=\"https:\/\/www.facebook.com\/aurineskidolomiti?__cft__[0]=AZXSmHr83SUuJT0u4kVMSvLZyFo58012vDZQz2S9NoUpe9MsUBxfpeLpjB-1OoVs-G6CFBOMyk-HwUGAJFyotDcmMB8tqVOt4ppZp7H1Nhm_9AbxGcAKPdaj0NRByIDsgxLcHrLDuU1XYg3AAgvwT-9s&amp;__tn__=-]C%2CP-R\"><span class=\"xt0psk2\">&#8211;<\/span><\/a><\/strong>.<\/h2>\n<\/div>\n<div class=\"xu06os2 x1ok221b\">NUOVE APERTURE E NUOVI ORARI: &#8211; LUNEDI : Chiuso &#8211; MARTEDI : Chiuso &#8211; MERCOLEDI : 13:00-16:30 \/ 19:30-22:00 &#8211; GIOVEDI : 13:00-16:30 &#8211; VENERDI : 13:00-16:30 &#8211; SABATO : 9:00 &#8211; 16.30 &#8211; DOMENICA : 9:00 &#8211; 16.30 AD OGGI LA SITUAZIONE PISTE: &#8211; CAMPO SCUOLA <span class=\"x3nfvp2 x1j61x8r x1fcty0u xdj266r xhhsvwb xat24cr xgzva0m xxymvpz xlup9mm x1kky2od\"><img loading=\"lazy\" decoding=\"async\" class=\"xz74otr\" src=\"https:\/\/static.xx.fbcdn.net\/images\/emoji.php\/v9\/t55\/1.5\/16\/1f7e2.png\" alt=\"&#x1f7e2;\" width=\"16\" height=\"16\" \/><\/span><\/div>\n<\/div>\n<\/div>\n<\/div>\n<\/div>\n<div>\n<div class=\"\" dir=\"auto\">\n<div id=\":R1al9aqqd9emhpapd5aqH2:\" class=\"x1iorvi4 x1pi30zi x1l90r2v x1swvt13\" data-ad-comet-preview=\"message\" data-ad-preview=\"message\">\n<div class=\"x78zum5 xdt5ytf xz62fqu x16ldp7u\">\n<div class=\"xu06os2 x1ok221b\">\n<div class=\"x11i5rnm xat24cr x1mh8g0r x1vvkbs xtlvy1s x126k92a\">\n<div dir=\"auto\">&#8211; GARDELINA <span class=\"x3nfvp2 x1j61x8r x1fcty0u xdj266r xhhsvwb xat24cr xgzva0m xxymvpz xlup9mm x1kky2od\"><img loading=\"lazy\" decoding=\"async\" class=\"xz74otr\" src=\"https:\/\/static.xx.fbcdn.net\/images\/emoji.php\/v9\/t55\/1.5\/16\/1f7e2.png\" alt=\"&#x1f7e2;\" width=\"16\" height=\"16\" \/><\/span>&#8211; BEPI <span class=\"x3nfvp2 x1j61x8r x1fcty0u xdj266r xhhsvwb xat24cr xgzva0m xxymvpz xlup9mm x1kky2od\"><img loading=\"lazy\" decoding=\"async\" class=\"xz74otr\" src=\"https:\/\/static.xx.fbcdn.net\/images\/emoji.php\/v9\/t55\/1.5\/16\/1f7e2.png\" alt=\"&#x1f7e2;\" width=\"16\" height=\"16\" \/><\/span>&#8211; GEMINI <span class=\"x3nfvp2 x1j61x8r x1fcty0u xdj266r xhhsvwb xat24cr xgzva0m xxymvpz xlup9mm x1kky2od\"><img loading=\"lazy\" decoding=\"async\" class=\"xz74otr\" src=\"https:\/\/static.xx.fbcdn.net\/images\/emoji.php\/v9\/tc7\/1.5\/16\/1f534.png\" alt=\"&#x1f534;\" width=\"16\" height=\"16\" \/><\/span>Se le temperature ce lo permetteranno in pochi giorni sar\u00e0 completata anche la parte alta con l&#8217;apertura della sciovia Gardelon. RISTOBAR GHEGY<\/div>\n<\/div>\n<div class=\"x11i5rnm xat24cr x1mh8g0r x1vvkbs xtlvy1s x126k92a\">\n<div dir=\"auto\">&#8211; Dal Mercoled\u00ec al Venerd\u00ec aperto dall&#8217;ora di pranzo. &#8211; Mercoled\u00ec sera anche a cena con i panini GOURMET. &#8211; Sabato e Domenica 8:30 &#8211; 18.30.<\/div>\n<\/div>\n<\/div>\n<\/div>\n<\/div>\n<\/div>\n<\/div>\n<div dir=\"auto\"><\/div>\n<div dir=\"auto\"><\/div>\n<div dir=\"auto\"><\/div>\n<div dir=\"auto\"><\/div>\n<div dir=\"auto\">\n<hr \/>\n<\/div>\n<blockquote>\n<h3 dir=\"auto\"><\/h3>\n<h3 dir=\"auto\">SAN VALENTINO IN ALTA QUOTA<\/h3>\n<\/blockquote>\n<div dir=\"auto\"><a class=\"dt-pswp-item\" href=\"https:\/\/www.radiopiu.net\/wordpress\/wp-content\/uploads\/2022\/12\/Marmolada_sci-scaled.jpg\" data-dt-img-description=\"\" data-large_image_width=\"2560\" data-large_image_height=\"1440\"><img loading=\"lazy\" decoding=\"async\" class=\"wp-image-312435 alignleft\" src=\"https:\/\/www.radiopiu.net\/wordpress\/wp-content\/uploads\/2022\/12\/Marmolada_sci-300x169.jpg\" alt=\"\" width=\"170\" height=\"96\" srcset=\"https:\/\/www.radiopiu.net\/wordpress\/wp-content\/uploads\/2022\/12\/Marmolada_sci-300x169.jpg 300w, https:\/\/www.radiopiu.net\/wordpress\/wp-content\/uploads\/2022\/12\/Marmolada_sci-1024x576.jpg 1024w, https:\/\/www.radiopiu.net\/wordpress\/wp-content\/uploads\/2022\/12\/Marmolada_sci-768x432.jpg 768w, https:\/\/www.radiopiu.net\/wordpress\/wp-content\/uploads\/2022\/12\/Marmolada_sci-1536x864.jpg 1536w, https:\/\/www.radiopiu.net\/wordpress\/wp-content\/uploads\/2022\/12\/Marmolada_sci-2048x1152.jpg 2048w\" sizes=\"auto, (max-width: 170px) 100vw, 170px\" \/><\/a>San Valentino, unico, speciale, con la tua anima gemella sulla montagna pi\u00f9 alta delle dolomiti. Con Funivie Marmolada ammiri il tramonto sulla terrazza panoramica a 3.265 metri&#8230;immagina l&#8217;atmosfera. Sullo sfondo del romantico appuntamento la vista unica, a 360\u00b0 gradi. Rinfresco al rifugio Serauta. Informazioni 334 6794461. www.funiviemarmolada.com<\/div>\n<div dir=\"auto\"><\/div>\n<div dir=\"auto\"><\/div>\n<div dir=\"auto\"><\/div>\n<div dir=\"auto\">\n<hr \/>\n<\/div>\n<p>&nbsp;<\/p>\n<blockquote>\n<h3><a class=\"dt-pswp-item\" href=\"https:\/\/www.radiopiu.net\/wordpress\/wp-content\/uploads\/2023\/02\/CASPARETHA-2023-scaled.jpg\" data-dt-img-description=\"\" data-large_image_width=\"2560\" data-large_image_height=\"1918\"><img loading=\"lazy\" decoding=\"async\" class=\" wp-image-320590 alignleft\" src=\"https:\/\/www.radiopiu.net\/wordpress\/wp-content\/uploads\/2023\/02\/CASPARETHA-2023-300x225.jpg\" alt=\"\" width=\"195\" height=\"146\" srcset=\"https:\/\/www.radiopiu.net\/wordpress\/wp-content\/uploads\/2023\/02\/CASPARETHA-2023-300x225.jpg 300w, https:\/\/www.radiopiu.net\/wordpress\/wp-content\/uploads\/2023\/02\/CASPARETHA-2023-1024x767.jpg 1024w, https:\/\/www.radiopiu.net\/wordpress\/wp-content\/uploads\/2023\/02\/CASPARETHA-2023-768x575.jpg 768w, https:\/\/www.radiopiu.net\/wordpress\/wp-content\/uploads\/2023\/02\/CASPARETHA-2023-1536x1151.jpg 1536w, https:\/\/www.radiopiu.net\/wordpress\/wp-content\/uploads\/2023\/02\/CASPARETHA-2023-2048x1534.jpg 2048w\" sizes=\"auto, (max-width: 195px) 100vw, 195px\" \/><\/a>CASPARETHA 2024 POSTICIPATA AL 17 FEBBRAIO<\/h3>\n<\/blockquote>\n<p><strong>REDAZIONE<\/strong> Gli organizzatori della Casparetha di Canale D&#8217;Agordo informano che la manifestazione, inizialmente in programma per sabato 3 febbraio, \u00e8 stata posticipata a Sabato 17 febbraio a causa della poca neve caduta nell&#8217;ultimo periodo. La data di apertura delle iscrizioni slitta al 3 febbraio. Segurianno degli aggiornamenti nei prossii giorni in base alle previsioni meteo.<\/p>\n<p><span style=\"color: #ff0000;\"><strong>L&#8217;INTERVISTA A RADIO PIU&#8217;<\/strong><\/span><\/p>\n<p><strong>DI MIRKO MEZZACASA<\/strong><\/p>\n<p>OSPITI: Emil Tancon e Mirco Tancon<\/p>\n<audio class=\"wp-audio-shortcode\" id=\"audio-372757-16\" preload=\"none\" style=\"width: 100%;\" controls=\"controls\"><source type=\"audio\/mpeg\" src=\"https:\/\/www.radiopiu.net\/wordpress\/wp-content\/uploads\/2024\/01\/mirco-emil-casparetha-1.mp3?_=16\" \/><a href=\"https:\/\/www.radiopiu.net\/wordpress\/wp-content\/uploads\/2024\/01\/mirco-emil-casparetha-1.mp3\">https:\/\/www.radiopiu.net\/wordpress\/wp-content\/uploads\/2024\/01\/mirco-emil-casparetha-1.mp3<\/a><\/audio>\n<p>&nbsp;<\/p>\n<p>&nbsp;<\/p>\n<hr \/>\n<p>&nbsp;<\/p>\n<p><strong>\u201cAppia Servizi Srl, presso la propria sede di Agordo, \u00e8 alla ricerca di una nuova figura con esperienza per il reparto contabile da inserire nel proprio organico a tempo indeterminato e tempo pieno.Se interessati potete contattare il numero 0437-954411 o inviare la vostra candidatura all\u2019indirizzo <a href=\"mailto:info@appiacna.it\">info@appiacna.it<\/a>.\u201d<\/strong><\/p>\n<p>&nbsp;<\/p>\n<hr \/>\n<p>&nbsp;<\/p>\n<h2><span style=\"color: #ff0000;\">GLI APPUNTAMENTI DELLA SETTIMANA<\/span><\/h2>\n<p><strong>LA VALLE<\/strong> La Pro Loco di La Valle Agordina organizza per domani El Carneval Dei Boce. Ritrovo in piazza alle 14 con giochi per grandi e bambini, punto ristoro e musica con RDJ. Il tema della festa: Harry Potter. In caso di maltempo la giornata verr\u00e0 rinviata all&#8217;11 febbraio.<span style=\"color: #ff0000;\">\u00a0<\/span><\/p>\n<p><strong>BELLUNO <\/strong>Appuntamento con I Grandi incontri dell\u2019Associazione Liberal Belluno presieduta da Rosalba Schenal. Oggi alle ore 17,30 nella sala Teatro del Centro Congressi Giovanni 23mo di Belluno in piazza Piloni, si terr\u00e0 la conferenza con proiezioni di immagini e filmati dal titolo: \u201cUn mondo di guerre\u201d.\u00a0 Relatore dell\u2019incontro: Fausto Biloslavo, giornalista, scrittore e inviato di guerra. Conduce:Franco Tosolini, ricercatore storico<\/p>\n<p><strong>BELLUNO <\/strong>Alessio Boni torna al TEATRO DINO BUZZATI nel cartellone della 47ma Stagione di Prosa del Circolo Cultura e Stampa Bellunese con la nuova opera \u201cILIADE. IL GIOCO DEGLI DEI\u201d, che si terr\u00e0 oggi alle 20.45.<\/p>\n<p><strong>BELLUNO<\/strong> Dopo il sold-out de \u201cI BRUTTI ANATROCCOLI\u201d, per il quarto appuntamento di COMINCIO DAI 3 \u2013 FAMIGLIE A TEATRO domani alle ore 17.00 al Teatro Comunale Dino Buzzati di Belluno andr\u00e0 in scena \u201cCHE NOTTE RAGAZZI!\u201d della Compagnia Teatro al Quadrato.<\/p>\n<p>&nbsp;<\/p>\n<h2><span style=\"color: #ff0000;\">PROSSIMAMENTE\u00a0<\/span><\/h2>\n<p><a class=\"dt-pswp-item\" href=\"https:\/\/www.radiopiu.net\/wordpress\/wp-content\/uploads\/2024\/01\/Carnevale-2024-def.png\" data-dt-img-description=\"\" data-large_image_width=\"1414\" data-large_image_height=\"2000\"><img loading=\"lazy\" decoding=\"async\" class=\"size-medium wp-image-372256 aligncenter\" src=\"https:\/\/www.radiopiu.net\/wordpress\/wp-content\/uploads\/2024\/01\/Carnevale-2024-def-212x300.png\" alt=\"\" width=\"212\" height=\"300\" srcset=\"https:\/\/www.radiopiu.net\/wordpress\/wp-content\/uploads\/2024\/01\/Carnevale-2024-def-212x300.png 212w, https:\/\/www.radiopiu.net\/wordpress\/wp-content\/uploads\/2024\/01\/Carnevale-2024-def-724x1024.png 724w, https:\/\/www.radiopiu.net\/wordpress\/wp-content\/uploads\/2024\/01\/Carnevale-2024-def-768x1086.png 768w, https:\/\/www.radiopiu.net\/wordpress\/wp-content\/uploads\/2024\/01\/Carnevale-2024-def-1086x1536.png 1086w, https:\/\/www.radiopiu.net\/wordpress\/wp-content\/uploads\/2024\/01\/Carnevale-2024-def.png 1414w\" sizes=\"auto, (max-width: 212px) 100vw, 212px\" \/><\/a><\/p>\n<p>&nbsp;<\/p>\n<blockquote>\n<h3>Le radici venete delle stragi nere Un libro per capire l\u2019Italia da Piazza Fontana a oggi<\/h3>\n<\/blockquote>\n<p><strong>BELLUNO<\/strong> Marted\u00ec 6 febbraio alle 18 in Sala Muccin (Centro Giovanni XXIII, Piazza Piloni 11 a Belluno) si terr\u00e0 la presentazione del libro \u201cLa tigre e i gelidi mostri\u201d di Maurizio Dianese e Gianfranco Bettin, moderatore Marco Perale.<\/p>\n<p><strong>FELTRE<\/strong> La Famiglia Ex Emigranti del Feltrino organizza la gita alla fiera &#8220;Orto Giardino&#8221; a Pordenonefiere il 6 marzo. La partenza \u00e8 alle 13 da Pedavena, con passaggio a Feltre. Il programma include l&#8217;ingresso alla fiera e una tappa in pizzeria durante il rientro. Per informazioni 40 262 9562.<\/p>\n<p><strong>FELTRE<\/strong> Sabato 10 febbraio al centro astronomico di via Arson &#8220;Le nane bianche&#8221; con Gabriele Vanin. La serata offrir\u00e0 l&#8217;opportunit\u00e0 di osservare stelle nane bianche, rappresentative del futuro delle stelle di massa media, oltre a esplorare oggetti celesti<\/p>\n<p><strong>TAIBON<\/strong> Pro Loco e comune di Taibon organizzano domenica 11 febbraio il Carneval Dei Boce. Ritrovo in piazza del municipio alle 14, sfilata verso la casa di riposo e rientro per le 16 per la festa in sala ex municipio<\/p>\n<p><strong>BELLUNO<\/strong> Il Comitato Festeggiamenti Meano ripropone anche quest\u2019anno il Carnevale dei Bambini, nella splendida cornice del Parco Ciclamino di Meano! L\u2019evento \u201cMascherati al Parco Ciclamino\u201d si terr\u00e0 sabato 11 febbraio dalle ore 14.30 ed \u00e8 organizzato dallo storico Comitato Frazionale in collaborazione col Gruppo Genitori Meano<\/p>\n<p><strong>BORGO VALBELLUNA<\/strong> Il 14 febbraio prossimo alle ore 20,00 San Valentino arriver\u00e0 a Mel, presso il cinquecentesco salone municipale, grazie al nuovo libro di poesie di Edoardo Comiotto dal titolo \u201cInvisibili carezze\u201d.<\/p>\n<p>&nbsp;<\/p>\n<hr \/>\n<p>&nbsp;<\/p>\n<p><a class=\"dt-pswp-item\" href=\"https:\/\/www.radiopiu.net\/wordpress\/wp-content\/uploads\/2018\/09\/viabilita.jpeg\" data-dt-img-description=\"\" data-large_image_width=\"800\" data-large_image_height=\"100\"><img loading=\"lazy\" decoding=\"async\" class=\"aligncenter wp-image-61954 size-full\" src=\"https:\/\/www.radiopiu.net\/wordpress\/wp-content\/uploads\/2018\/09\/viabilita.jpeg\" alt=\"\" width=\"800\" height=\"100\" srcset=\"https:\/\/www.radiopiu.net\/wordpress\/wp-content\/uploads\/2018\/09\/viabilita.jpeg 800w, https:\/\/www.radiopiu.net\/wordpress\/wp-content\/uploads\/2018\/09\/viabilita-300x38.jpeg 300w, https:\/\/www.radiopiu.net\/wordpress\/wp-content\/uploads\/2018\/09\/viabilita-768x96.jpeg 768w\" sizes=\"auto, (max-width: 800px) 100vw, 800px\" \/><\/a><\/p>\n<p>&nbsp;<\/p>\n<p><a class=\"dt-pswp-item\" href=\"https:\/\/www.radiopiu.net\/wordpress\/wp-content\/uploads\/2023\/12\/botol-car-service.jpg\" data-dt-img-description=\"\" data-large_image_width=\"600\" data-large_image_height=\"600\"><img loading=\"lazy\" decoding=\"async\" class=\"size-medium wp-image-367044 aligncenter\" src=\"https:\/\/www.radiopiu.net\/wordpress\/wp-content\/uploads\/2023\/12\/botol-car-service-300x300.jpg\" alt=\"\" width=\"300\" height=\"300\" srcset=\"https:\/\/www.radiopiu.net\/wordpress\/wp-content\/uploads\/2023\/12\/botol-car-service-300x300.jpg 300w, https:\/\/www.radiopiu.net\/wordpress\/wp-content\/uploads\/2023\/12\/botol-car-service-150x150.jpg 150w, https:\/\/www.radiopiu.net\/wordpress\/wp-content\/uploads\/2023\/12\/botol-car-service.jpg 600w\" sizes=\"auto, (max-width: 300px) 100vw, 300px\" \/><\/a><\/p>\n<p>&nbsp;<\/p>\n<blockquote>\n<h1><span style=\"color: #ff0000;\"><a class=\"dt-pswp-item\" href=\"https:\/\/www.radiopiu.net\/wordpress\/wp-content\/uploads\/2020\/05\/VENETO-STRADE.png\" data-dt-img-description=\"\" data-large_image_width=\"400\" data-large_image_height=\"400\"><img loading=\"lazy\" decoding=\"async\" class=\"wp-image-135574 alignleft\" src=\"https:\/\/www.radiopiu.net\/wordpress\/wp-content\/uploads\/2020\/05\/VENETO-STRADE-300x300.png\" alt=\"\" width=\"102\" height=\"102\" srcset=\"https:\/\/www.radiopiu.net\/wordpress\/wp-content\/uploads\/2020\/05\/VENETO-STRADE-300x300.png 300w, https:\/\/www.radiopiu.net\/wordpress\/wp-content\/uploads\/2020\/05\/VENETO-STRADE-150x150.png 150w, https:\/\/www.radiopiu.net\/wordpress\/wp-content\/uploads\/2020\/05\/VENETO-STRADE.png 400w\" sizes=\"auto, (max-width: 102px) 100vw, 102px\" \/><\/a>AGGIORNAMENTO QUOTIDIANO, IN\u00a0 COLLABORAZIONE CON VENETO STRADE E BOTOL CAR SERVICE AD AGORDO IN LOCALITA&#8217; VALCOZZENA.<\/span><\/h1>\n<p>&nbsp;<\/p><\/blockquote>\n<p><strong>SOSPIROLO\u00a0<\/strong> Lungo la provinciale 2 tra Pian Falcina e Gena Bassa in Comune di Sospirolo\u00a0 <span style=\"color: #ff0000;\">fino al 15 febbraio,<\/span> sabato e domeniche compresi, senso unico alternato regolato da semaforo o movieri, interruzioni alla viabilit\u00e0 fino a 10 minuti per tratti di 200 metri.<\/p>\n<p><span style=\"color: #0000ff;\"><strong>BOLLETTINO VIABILITA&#8217; AGGIORNATO AL 23 GENNAIO 2024<\/strong><\/span><\/p>\n<audio class=\"wp-audio-shortcode\" id=\"audio-372757-17\" preload=\"none\" style=\"width: 100%;\" controls=\"controls\"><source type=\"audio\/mpeg\" src=\"https:\/\/www.radiopiu.net\/wordpress\/wp-content\/uploads\/2024\/01\/VIABLITA-2.mp3?_=17\" \/><a href=\"https:\/\/www.radiopiu.net\/wordpress\/wp-content\/uploads\/2024\/01\/VIABLITA-2.mp3\">https:\/\/www.radiopiu.net\/wordpress\/wp-content\/uploads\/2024\/01\/VIABLITA-2.mp3<\/a><\/audio>\n<p>&nbsp;<\/p>\n<p>&nbsp;<\/p>\n<hr \/>\n<p>&nbsp;<\/p>\n<p>&nbsp;<\/p>\n<p><a class=\"dt-pswp-item\" href=\"https:\/\/www.radiopiu.net\/wordpress\/wp-content\/uploads\/2018\/09\/WhatsApp-Image-2018-09-20-at-16.04.06.jpeg\" data-dt-img-description=\"\" data-large_image_width=\"800\" data-large_image_height=\"100\"><img loading=\"lazy\" decoding=\"async\" class=\"wp-image-61378 size-full aligncenter\" src=\"https:\/\/www.radiopiu.net\/wordpress\/wp-content\/uploads\/2018\/09\/WhatsApp-Image-2018-09-20-at-16.04.06.jpeg\" alt=\"\" width=\"800\" height=\"100\" srcset=\"https:\/\/www.radiopiu.net\/wordpress\/wp-content\/uploads\/2018\/09\/WhatsApp-Image-2018-09-20-at-16.04.06.jpeg 800w, https:\/\/www.radiopiu.net\/wordpress\/wp-content\/uploads\/2018\/09\/WhatsApp-Image-2018-09-20-at-16.04.06-300x38.jpeg 300w, https:\/\/www.radiopiu.net\/wordpress\/wp-content\/uploads\/2018\/09\/WhatsApp-Image-2018-09-20-at-16.04.06-768x96.jpeg 768w\" sizes=\"auto, (max-width: 800px) 100vw, 800px\" \/><\/a><\/p>\n<p><center><\/center><b>\u00a0 \u00a0\u00a0<\/b><\/p>\n<p><center><b>OGGI<\/b><\/center>Tempo stabile con sole e cielo sereno o al pi\u00f9 poco nuvoloso per qualche velatura, le quali potrebbe essere a tratti ancora presenti al pomeriggio, specie sulle Dolomiti. La forte ventilazione rimane l&#8217;elemento saliente in alta quota, ma potrebbe trattarsi di venti confinati alle cime e alle dorsali pi\u00f9 alte.<br \/>\n<b>Precipitazioni: <\/b>Assenti<br \/>\n<b>Temperature: <\/b>In generale graduale aumento, assai pi\u00f9 marcato per quanto riguarda le massime, specie in quota mentre le minime possono localmente diminuire nelle valli con inversione termica durante le ore pi\u00f9 fredde, anche tutto il giorno nei settori in ombra.<\/p>\n<hr \/>\n<p><center><b>DOMANI<\/b><\/center>Tempo stabile con sole e cielo sereno o al pi\u00f9 poco nuvoloso per qualche velatura. Lieve insidia nebbia nelle conche prealpine e in alcuni settori degli altopiani durante le ore pi\u00f9 fredde.<br \/>\n<b>Precipitazioni: <\/b>Assenti<br \/>\n<b>Temperature: <\/b>Senza notevoli variazioni rispetto a sabato nelle valli, mentre sono in leggera flessione in alta quota, con minime osservate alla sera.<\/p>\n<hr \/>\n<p><center><b>LUNEDI<\/b><\/center>Sole, cielo sereno o poco nuvoloso per banchi di cirri e magari qualche annuvolamento di sottovento. Temperature in leggera diminuzione a tutte le quote e minore inversione termica nelle valli.<\/p>\n<hr \/>\n<p><center><b>MARTEDI<\/b><\/center>Sole, cielo sereno o poco nuvoloso per banchi di cirri. L&#8217;insidia nebbia cresce nelle conche prealpine, ma limitatamente alle ore pi\u00f9 fredde. Temperature di nuovo in ripresa in quota, mentre sono perlopi\u00f9 stazionarie nelle valli con consueta inversione termica tra la notte ed il mattino.<\/p>\n<p>&nbsp;<\/p>\n<p>&nbsp;<\/p>\n<hr \/>\n<p>&nbsp;<\/p>\n<p>&nbsp;<\/p>\n<p><img loading=\"lazy\" decoding=\"async\" class=\"wp-image-60761 size-full aligncenter\" src=\"https:\/\/www.radiopiu.net\/wordpress\/wp-content\/uploads\/2018\/09\/sport.jpg\" alt=\"\" width=\"800\" height=\"100\" srcset=\"https:\/\/www.radiopiu.net\/wordpress\/wp-content\/uploads\/2018\/09\/sport.jpg 800w, https:\/\/www.radiopiu.net\/wordpress\/wp-content\/uploads\/2018\/09\/sport-300x38.jpg 300w, https:\/\/www.radiopiu.net\/wordpress\/wp-content\/uploads\/2018\/09\/sport-768x96.jpg 768w\" sizes=\"auto, (max-width: 800px) 100vw, 800px\" \/><\/p>\n<p>&nbsp;<\/p>\n<p><span style=\"color: #0000ff;\"><strong>ORGOGLIO BELLUNESE<\/strong><\/span><\/p>\n<blockquote>\n<h1><a class=\"dt-pswp-item\" href=\"https:\/\/www.radiopiu.net\/wordpress\/wp-content\/uploads\/2024\/02\/Senza-nome-3.png\" data-dt-img-description=\"\" data-large_image_width=\"590\" data-large_image_height=\"316\"><img loading=\"lazy\" decoding=\"async\" class=\"wp-image-372691 alignleft\" src=\"https:\/\/www.radiopiu.net\/wordpress\/wp-content\/uploads\/2024\/02\/Senza-nome-3-300x161.png\" alt=\"\" width=\"207\" height=\"111\" srcset=\"https:\/\/www.radiopiu.net\/wordpress\/wp-content\/uploads\/2024\/02\/Senza-nome-3-300x161.png 300w, https:\/\/www.radiopiu.net\/wordpress\/wp-content\/uploads\/2024\/02\/Senza-nome-3.png 590w\" sizes=\"auto, (max-width: 207px) 100vw, 207px\" \/><\/a>Ren\u00e9 De Silvestro domina anche in slalom<\/h1>\n<\/blockquote>\n<div class=\"articlePlainText\"><strong>CORTINA<\/strong>\u00a0 Ren\u00e9 De Silvestro\u00a0 dopo essersi imposto nel SuperG di mercoled\u00ec ha fatto proprio anche lo slalom conclusivo di ieri.<\/div>\n<div class=\"articlePlainText\">Sua la vittoria davanti al norvegese Jesper Pedersen e all&#8217;olandese Niels De Langen. Grande entusiasmo al parterre d&#8217;arrivo, con il fans club del poliziotto cadorino, &#8220;Gli ingestibili&#8221;, a fare festa e a sventolare il tricolore. Per l&#8217;Italia c&#8217;\u00e8 stato anche il secondo posto del trentino Giacomo Bertagnolli. Nella quattro giorni ampezzana gli azzurri sono saliti otto volte sul podio.<\/div>\n<div><\/div>\n<div><\/div>\n<hr \/>\n<p>&nbsp;<\/p>\n<p><span style=\"color: #0000ff;\"><strong>COPPA DEL MONDO DI SKI CROSS<\/strong><\/span><\/p>\n<blockquote>\n<h3>India Sherret ed Erik Mobaerg trionfano nella prima gara di Coppa del Mondo di ski cross<\/h3>\n<\/blockquote>\n<p>&nbsp;<\/p>\n<p>&nbsp;<\/p>\n<p style=\"text-align: left;\"><a class=\"dt-pswp-item\" href=\"https:\/\/www.radiopiu.net\/wordpress\/wp-content\/uploads\/2024\/02\/ARRIVO_SHERRET-scaled.jpg\" data-dt-img-description=\"Newspower.it Trento www.newspower.it\" data-large_image_width=\"2560\" data-large_image_height=\"1494\"><img loading=\"lazy\" decoding=\"async\" class=\" wp-image-372851 alignleft\" src=\"https:\/\/www.radiopiu.net\/wordpress\/wp-content\/uploads\/2024\/02\/ARRIVO_SHERRET-300x175.jpg\" alt=\"\" width=\"247\" height=\"144\" srcset=\"https:\/\/www.radiopiu.net\/wordpress\/wp-content\/uploads\/2024\/02\/ARRIVO_SHERRET-300x175.jpg 300w, https:\/\/www.radiopiu.net\/wordpress\/wp-content\/uploads\/2024\/02\/ARRIVO_SHERRET-1024x598.jpg 1024w, https:\/\/www.radiopiu.net\/wordpress\/wp-content\/uploads\/2024\/02\/ARRIVO_SHERRET-768x448.jpg 768w, https:\/\/www.radiopiu.net\/wordpress\/wp-content\/uploads\/2024\/02\/ARRIVO_SHERRET-1536x897.jpg 1536w, https:\/\/www.radiopiu.net\/wordpress\/wp-content\/uploads\/2024\/02\/ARRIVO_SHERRET-2048x1195.jpg 2048w\" sizes=\"auto, (max-width: 247px) 100vw, 247px\" \/><\/a>India Sherret ed Erik Mobaerg trionfano nella prima gara di Coppa del Mondo di ski cross ad Alleghe-Civetta India Sherret e Erik Mobaerg hanno scritto la storia nella prima gara di Coppa del Mondo di ski cross ad Alleghe-Civetta. Sherret ha conquistato la sua prima vittoria in carriera, superando le avversarie nella Big Final femminile. La Svizzera Saskja Lack e Talina Gantenbein sono salite sul podio con lei. Nella gara maschile, Erik Mobaerg ha ottenuto il primo posto in una Big Final serrata, precedendo Alex Fiva e Niklas Bachsleitner. La giornata ha visto anche la partecipazione degli atleti italiani, con Dominik Zuech e Federico Tomasoni, non riuscendo ad avanzare alle fasi finali. L&#8217;evento ha ricevuto ampi elogi per l&#8217;eccellente organizzazione e domani si svolger\u00e0 la seconda giornata di gare alle 10:30.<\/p>\n<p><strong>FOTO\u00a0 DUILIO DA CAMPO<\/strong><\/p>\n\n\t\t\t<style type='text\/css'>\n\t\t\t\t#gallery-7 {\n\t\t\t\t\tmargin: auto;\n\t\t\t\t}\n\t\t\t\t#gallery-7 .gallery-item {\n\t\t\t\t\tfloat: left;\n\t\t\t\t\tmargin-top: 10px;\n\t\t\t\t\ttext-align: center;\n\t\t\t\t\twidth: 25%;\n\t\t\t\t}\n\t\t\t\t#gallery-7 img {\n\t\t\t\t\tborder: 2px solid #cfcfcf;\n\t\t\t\t}\n\t\t\t\t#gallery-7 .gallery-caption {\n\t\t\t\t\tmargin-left: 0;\n\t\t\t\t}\n\t\t\t\t\/* see gallery_shortcode() in wp-includes\/media.php *\/\n\t\t\t<\/style>\n\t\t<div id='gallery-7' class='dt-gallery-container gallery galleryid-372757 gallery-columns-4 gallery-size-thumbnail'><dl class='gallery-item'>\n\t\t\t\t<dt class='gallery-icon landscape'>\n\t\t\t\t\t<a class=\"rollover\" href='https:\/\/www.radiopiu.net\/wordpress\/india-sherret-ed-erik-mobaerg-trionfano-nella-prima-gara-di-coppa-del-mondo-di-ski-cross\/a8bd2f32-d732-4010-ba0a-f9e110c5e740\/'><img loading=\"lazy\" decoding=\"async\" width=\"150\" height=\"150\" src=\"https:\/\/www.radiopiu.net\/wordpress\/wp-content\/uploads\/2024\/02\/a8bd2f32-d732-4010-ba0a-f9e110c5e740-150x150.jpg\" class=\"attachment-thumbnail size-thumbnail\" alt=\"\" \/><\/a>\n\t\t\t\t<\/dt><\/dl><dl class='gallery-item'>\n\t\t\t\t<dt class='gallery-icon landscape'>\n\t\t\t\t\t<a class=\"rollover\" href='https:\/\/www.radiopiu.net\/wordpress\/india-sherret-ed-erik-mobaerg-trionfano-nella-prima-gara-di-coppa-del-mondo-di-ski-cross\/6d054157-bf58-4d49-a56b-effa0a96e85b\/'><img loading=\"lazy\" decoding=\"async\" width=\"150\" height=\"150\" src=\"https:\/\/www.radiopiu.net\/wordpress\/wp-content\/uploads\/2024\/02\/6d054157-bf58-4d49-a56b-effa0a96e85b-150x150.jpg\" class=\"attachment-thumbnail size-thumbnail\" alt=\"\" \/><\/a>\n\t\t\t\t<\/dt><\/dl><dl class='gallery-item'>\n\t\t\t\t<dt class='gallery-icon landscape'>\n\t\t\t\t\t<a class=\"rollover\" href='https:\/\/www.radiopiu.net\/wordpress\/india-sherret-ed-erik-mobaerg-trionfano-nella-prima-gara-di-coppa-del-mondo-di-ski-cross\/9c3f4b83-8997-417d-9038-979e55bf6ee7\/'><img loading=\"lazy\" decoding=\"async\" width=\"150\" height=\"150\" src=\"https:\/\/www.radiopiu.net\/wordpress\/wp-content\/uploads\/2024\/02\/9c3f4b83-8997-417d-9038-979e55bf6ee7-150x150.jpg\" class=\"attachment-thumbnail size-thumbnail\" alt=\"\" \/><\/a>\n\t\t\t\t<\/dt><\/dl><dl class='gallery-item'>\n\t\t\t\t<dt class='gallery-icon landscape'>\n\t\t\t\t\t<a class=\"rollover\" href='https:\/\/www.radiopiu.net\/wordpress\/india-sherret-ed-erik-mobaerg-trionfano-nella-prima-gara-di-coppa-del-mondo-di-ski-cross\/56d3c21c-9301-414b-bfa1-5fc103460b9f\/'><img loading=\"lazy\" decoding=\"async\" width=\"150\" height=\"150\" src=\"https:\/\/www.radiopiu.net\/wordpress\/wp-content\/uploads\/2024\/02\/56d3c21c-9301-414b-bfa1-5fc103460b9f-150x150.jpg\" class=\"attachment-thumbnail size-thumbnail\" alt=\"\" \/><\/a>\n\t\t\t\t<\/dt><\/dl><br style=\"clear: both\" \/>\n\t\t\t<\/div>\n\n<p><strong>Classifica maschile<\/strong><\/p>\n<p>1 MOBAERG Erik SWE; 2 FIVA Alex SUI; 3 BACHSLEITNER Niklas GER; 4 TCHIKNAVORIAN Terence FRA; 5 HOWDEN Reece CAN; 6 DUPLESSIS KERGOMARD Youri FRA; 7 COOK Carson CAN; 8 WILMSMANN Florian GER<\/p>\n<p>21 TOMASONI Federico ITA; 31 ZUECH Dominik ITA<\/p>\n<p><strong>Classifica femminile<\/strong><\/p>\n<p>1 SHERRET India CAN; 2 LACK Saskja SUI; 3 GANTENBEIN Talina SUI; 4 BERGER SABBATEL Marielle FRA; 5 THOMPSON Marielle CAN; 6 PHELAN Brittany CAN; 7 SCHMIDT Hannah CAN; 8 OFNER Katrin AUT<\/p>\n\n\t\t\t<style type='text\/css'>\n\t\t\t\t#gallery-8 {\n\t\t\t\t\tmargin: auto;\n\t\t\t\t}\n\t\t\t\t#gallery-8 .gallery-item {\n\t\t\t\t\tfloat: left;\n\t\t\t\t\tmargin-top: 10px;\n\t\t\t\t\ttext-align: center;\n\t\t\t\t\twidth: 25%;\n\t\t\t\t}\n\t\t\t\t#gallery-8 img {\n\t\t\t\t\tborder: 2px solid #cfcfcf;\n\t\t\t\t}\n\t\t\t\t#gallery-8 .gallery-caption {\n\t\t\t\t\tmargin-left: 0;\n\t\t\t\t}\n\t\t\t\t\/* see gallery_shortcode() in wp-includes\/media.php *\/\n\t\t\t<\/style>\n\t\t<div id='gallery-8' class='dt-gallery-container gallery galleryid-372757 gallery-columns-4 gallery-size-thumbnail'><dl class='gallery-item'>\n\t\t\t\t<dt class='gallery-icon landscape'>\n\t\t\t\t\t<a class=\"rollover rollover-zoom dt-pswp-item\" title=\"Newspower.itTrentowww.newspower.it\" data-dt-img-description=\"\" data-large_image_width=\"2560\" data-large_image_height=\"2432\"href='https:\/\/www.radiopiu.net\/wordpress\/wp-content\/uploads\/2024\/02\/zuech2_yellowbib-scaled.jpg'><img loading=\"lazy\" decoding=\"async\" width=\"150\" height=\"150\" src=\"https:\/\/www.radiopiu.net\/wordpress\/wp-content\/uploads\/2024\/02\/zuech2_yellowbib-150x150.jpg\" class=\"attachment-thumbnail size-thumbnail\" alt=\"\" aria-describedby=\"gallery-8-372852\" \/><\/a>\n\t\t\t\t<\/dt>\n\t\t\t\t\t<dd class='wp-caption-text gallery-caption' id='gallery-8-372852'>\n\t\t\t\t\tNewspower.it\nTrento\nwww.newspower.it\n\t\t\t\t\t<\/dd><\/dl><dl class='gallery-item'>\n\t\t\t\t<dt class='gallery-icon landscape'>\n\t\t\t\t\t<a class=\"rollover rollover-zoom dt-pswp-item\" title=\"Newspower.itTrentowww.newspower.it\" data-dt-img-description=\"\" data-large_image_width=\"2560\" data-large_image_height=\"1736\"href='https:\/\/www.radiopiu.net\/wordpress\/wp-content\/uploads\/2024\/02\/PODIO_FEMM-scaled.jpg'><img loading=\"lazy\" decoding=\"async\" width=\"150\" height=\"150\" src=\"https:\/\/www.radiopiu.net\/wordpress\/wp-content\/uploads\/2024\/02\/PODIO_FEMM-150x150.jpg\" class=\"attachment-thumbnail size-thumbnail\" alt=\"\" aria-describedby=\"gallery-8-372853\" \/><\/a>\n\t\t\t\t<\/dt>\n\t\t\t\t\t<dd class='wp-caption-text gallery-caption' id='gallery-8-372853'>\n\t\t\t\t\tNewspower.it\nTrento\nwww.newspower.it\n\t\t\t\t\t<\/dd><\/dl><dl class='gallery-item'>\n\t\t\t\t<dt class='gallery-icon landscape'>\n\t\t\t\t\t<a class=\"rollover rollover-zoom dt-pswp-item\" title=\"Newspower.itTrentowww.newspower.it\" data-dt-img-description=\"\" data-large_image_width=\"2560\" data-large_image_height=\"1494\"href='https:\/\/www.radiopiu.net\/wordpress\/wp-content\/uploads\/2024\/02\/ARRIVO_SHERRET-scaled.jpg'><img loading=\"lazy\" decoding=\"async\" width=\"150\" height=\"150\" src=\"https:\/\/www.radiopiu.net\/wordpress\/wp-content\/uploads\/2024\/02\/ARRIVO_SHERRET-150x150.jpg\" class=\"attachment-thumbnail size-thumbnail\" alt=\"\" aria-describedby=\"gallery-8-372851\" \/><\/a>\n\t\t\t\t<\/dt>\n\t\t\t\t\t<dd class='wp-caption-text gallery-caption' id='gallery-8-372851'>\n\t\t\t\t\tNewspower.it\nTrento\nwww.newspower.it\n\t\t\t\t\t<\/dd><\/dl><dl class='gallery-item'>\n\t\t\t\t<dt class='gallery-icon landscape'>\n\t\t\t\t\t<a class=\"rollover rollover-zoom dt-pswp-item\" title=\"INDIA_SHERRET_BIGFINAL_SKICROSS_ALLEGHE\" data-dt-img-description=\"\" data-large_image_width=\"2560\" data-large_image_height=\"1706\"href='https:\/\/www.radiopiu.net\/wordpress\/wp-content\/uploads\/2024\/02\/INDIA_SHERRET_BIGFINAL_SKICROSS_ALLEGHE-scaled.jpg'><img loading=\"lazy\" decoding=\"async\" width=\"150\" height=\"150\" src=\"https:\/\/www.radiopiu.net\/wordpress\/wp-content\/uploads\/2024\/02\/INDIA_SHERRET_BIGFINAL_SKICROSS_ALLEGHE-150x150.jpg\" class=\"attachment-thumbnail size-thumbnail\" alt=\"\" \/><\/a>\n\t\t\t\t<\/dt><\/dl><br style=\"clear: both\" \/>\n\t\t\t<\/div>\n\n<p>&nbsp;<\/p>\n<p><span style=\"color: #0000ff;\"><strong>HOCKEY SU GHIACCIO<\/strong><\/span><\/p>\n<blockquote>\n<h3>AL DE TONI ARRIVA LA CAPOLISTA VARESE<\/h3>\n<\/blockquote>\n<p><strong><a class=\"dt-pswp-item\" href=\"https:\/\/www.radiopiu.net\/wordpress\/wp-content\/uploads\/2024\/02\/0e429f7b-34a1-42cf-ae5e-21a4af33d470.jpg\" data-dt-img-description=\"\" data-large_image_width=\"443\" data-large_image_height=\"185\"><img loading=\"lazy\" decoding=\"async\" class=\"size-medium wp-image-372812 alignleft\" src=\"https:\/\/www.radiopiu.net\/wordpress\/wp-content\/uploads\/2024\/02\/0e429f7b-34a1-42cf-ae5e-21a4af33d470-300x125.jpg\" alt=\"\" width=\"300\" height=\"125\" srcset=\"https:\/\/www.radiopiu.net\/wordpress\/wp-content\/uploads\/2024\/02\/0e429f7b-34a1-42cf-ae5e-21a4af33d470-300x125.jpg 300w, https:\/\/www.radiopiu.net\/wordpress\/wp-content\/uploads\/2024\/02\/0e429f7b-34a1-42cf-ae5e-21a4af33d470.jpg 443w\" sizes=\"auto, (max-width: 300px) 100vw, 300px\" \/><\/a>di Roberto Miana, Portavoce dell&#8217;Alleghe Hockey<\/strong><\/p>\n<p>Sesta giornata del Master Round IHL di hockey su ghiaccio. Sabato 3 febbraio alle 20:30 l\u2019Alleghe ospita il Varese. Match proibitivo per i ragazzi di coach Scapinello, impegnati nel prossimo turno di campionato contro i campioni in carica del Varese. Nei tre precedenti stagionali si sono sempre imposti i Mastini, che hanno lasciato un solo punto agli agordini, alla prima giornata di Regular Season quando i gialloneri si imposero all\u2019overtime in riva al lago. Nell\u2019ultimo turno le Civette hanno vinto e convinto 4-1 al \u201cDe Toni\u201d contro l\u2019Appiano, al termine di una gara ben giocata dai biancorossi, nella quale ha lasciato perplessi solo la direzione arbitrale. La prima vittoria Agordina in questo Master Round \u00e8 valsa quarto posto e sorpasso in classifica sui Pirati di Appiano. Ad Alleghe arriva un Varese primo in classifica nel Master Round, con quattro vittorie in altrettante gare disputate e la miglior difesa con solo sette reti subite, che ha nell\u2019attaccante Italo-americano Massimo Pietroniro la sua punta di diamante e nel difensore svedese Nils Naslund un \u201ccecchino\u201d dalla linea blu. I Mastini sono reduci dalla sonante vittoria 4-0 sul ghiaccio dei Lucci di Caldaro, in una gara che ha rasentato la perfezione da parte degli uomini di coach Czarnecki. Nei 27 precedenti del campionato IHL tra Alleghe e Varese, le Civette hanno vinto 15 gare contro 12 dei Mastini.<\/p>\n<p><strong>ALLEGHE HOCKEY &#8211; HCMV VARESE HOCKEY <\/strong>Sabato 3 Febbraio ore 20:30 &#8211; Palaghiaccio \u201cAlvise De Toni\u201d di Alleghe (BL). Arbitri: Gianluca Abram e Patrick Theo Gruber con giudici di linea Andrea Carrito e Noel Ilmer Collegamenti in DIRETTA RADIOFONICA su Radio Pi\u00f9 (www.radiopiu.net) con \u201cHockey al punto giusto\u201d.<\/p>\n<p>&nbsp;<\/p>\n<blockquote>\n<h3>FELTRE A DOBBIACO PER DIFENDERE LA TESTA DELLA CLASSIFICA NEL QUALIFICATION ROUND<\/h3>\n<\/blockquote>\n<p><a class=\"dt-pswp-item\" href=\"https:\/\/www.radiopiu.net\/wordpress\/wp-content\/uploads\/2024\/01\/feltre-ghiaccio.jpg\" data-dt-img-description=\"\" data-large_image_width=\"2048\" data-large_image_height=\"1185\"><img loading=\"lazy\" decoding=\"async\" class=\" wp-image-369865 alignleft\" src=\"https:\/\/www.radiopiu.net\/wordpress\/wp-content\/uploads\/2024\/01\/feltre-ghiaccio-300x174.jpg\" alt=\"\" width=\"169\" height=\"98\" srcset=\"https:\/\/www.radiopiu.net\/wordpress\/wp-content\/uploads\/2024\/01\/feltre-ghiaccio-300x174.jpg 300w, https:\/\/www.radiopiu.net\/wordpress\/wp-content\/uploads\/2024\/01\/feltre-ghiaccio-1024x593.jpg 1024w, https:\/\/www.radiopiu.net\/wordpress\/wp-content\/uploads\/2024\/01\/feltre-ghiaccio-768x444.jpg 768w, https:\/\/www.radiopiu.net\/wordpress\/wp-content\/uploads\/2024\/01\/feltre-ghiaccio-1536x889.jpg 1536w, https:\/\/www.radiopiu.net\/wordpress\/wp-content\/uploads\/2024\/01\/feltre-ghiaccio.jpg 2048w\" sizes=\"auto, (max-width: 169px) 100vw, 169px\" \/><\/a>Anche il Feltre in campo stasera per il Qualification Round. I picchi scenderanno in campo alle 20 per giocare in trasferta contro il Dobbiaco. Feltrini che difendono la prima posizione del girone e Dobbiaco che non ha pi\u00f9 nulla da chiedere ma rimane sempre una squadra ostica.<\/p>\n<p><strong>CLASSIFICA MASTER ROUND\u00a0<\/strong>Varese 25, Pergine 24, Caldaro 22, Alleghe 15, Appiano 13<\/p>\n<p><strong>CLASSIFICA QUALIFICATION ROUND <\/strong>Feltre 21, Fiemme 19, Como 17, Bressanone 10, Dobbiaco e Valpellice 8<\/p>\n<p><strong>LE PARTITE DELLE BELLUNESI IN IHL <\/strong>alle 20 Dobbiaco &#8211; Feltre, alle 20:30 Alleghe &#8211; Varese<\/p>\n<p>&nbsp;<\/p>\n<p><span style=\"color: #0000ff;\"><strong>SCI ALPINISMO<\/strong><\/span><\/p>\n<blockquote>\n<h3>APERTE LE ISCRIZIONI PER ALPINATHLON<\/h3>\n<\/blockquote>\n<p><a class=\"dt-pswp-item\" href=\"https:\/\/www.radiopiu.net\/wordpress\/wp-content\/uploads\/2024\/02\/230415-Alpinathlon-FondazioneCortina-PhGiovanniZenoni-27-scaled.jpeg\" data-dt-img-description=\"\" data-large_image_width=\"1920\" data-large_image_height=\"2560\"><img loading=\"lazy\" decoding=\"async\" class=\" wp-image-372808 alignleft\" src=\"https:\/\/www.radiopiu.net\/wordpress\/wp-content\/uploads\/2024\/02\/230415-Alpinathlon-FondazioneCortina-PhGiovanniZenoni-27-225x300.jpeg\" alt=\"\" width=\"103\" height=\"137\" srcset=\"https:\/\/www.radiopiu.net\/wordpress\/wp-content\/uploads\/2024\/02\/230415-Alpinathlon-FondazioneCortina-PhGiovanniZenoni-27-225x300.jpeg 225w, https:\/\/www.radiopiu.net\/wordpress\/wp-content\/uploads\/2024\/02\/230415-Alpinathlon-FondazioneCortina-PhGiovanniZenoni-27-768x1024.jpeg 768w, https:\/\/www.radiopiu.net\/wordpress\/wp-content\/uploads\/2024\/02\/230415-Alpinathlon-FondazioneCortina-PhGiovanniZenoni-27-1152x1536.jpeg 1152w, https:\/\/www.radiopiu.net\/wordpress\/wp-content\/uploads\/2024\/02\/230415-Alpinathlon-FondazioneCortina-PhGiovanniZenoni-27-1536x2048.jpeg 1536w, https:\/\/www.radiopiu.net\/wordpress\/wp-content\/uploads\/2024\/02\/230415-Alpinathlon-FondazioneCortina-PhGiovanniZenoni-27-scaled.jpeg 1920w\" sizes=\"auto, (max-width: 103px) 100vw, 103px\" \/><\/a>Le iscrizioni sono aperte per la terza edizione di Alpinathlon, un duathlon (corsa e sci alpinismo) a Cortina d\u2019Ampezzo. Organizzato da Fondazione Cortina in collaborazione con il Comando Truppe Alpine dell&#8217;Esercito e l&#8217;Associazione Nazionale Alpini, l&#8217;evento si svolger\u00e0 il 13 aprile su un percorso che parte dal centro di Cortina e arriva al Monte Faloria. Gli atleti possono partecipare individualmente o in coppia. La corsa inizia da Cortina a Rio Gere (7 km e 560 m di dislivello positivo), seguita dalla frazione di sci alpinismo fino al rifugio Capanna Tondi e al rifugio Faloria. Sono disponibili 200 pettorali individuali e 100 per staffetta, con diverse categorie. Le iscrizioni chiuderanno il 12 aprile o al raggiungimento del numero massimo di partecipanti. (FOTO: Giovanni Zenoni)<\/p>\n","protected":false},"excerpt":{"rendered":"<p>**** &nbsp; 40esimo di RADIOPIU\u2026. LA VOCE DELL\u2019EMOZIONE ISCRIVITI AL NOSTRO CANALE\u00a0\u00a0YOUTUBE PER SEGUIRE IN DIRETTA I PRINCIPALI PROGRAMMI DI RADIO PIU\u2019 E LE FUTURE DIRETTE IN ESTERNA. PER ISCRIVERTI CLICCA QUI\u00a0E PREMI\u00a0 \u201cIscriviti\u201d\u00a0 \u00a0 &nbsp; &nbsp; &nbsp; OGGI ALLE 11. 30 DOMANI ALLE 14 il giorMale di Marco V Dal Farra OGGI ALLA RADIO:&hellip;<\/p>\n","protected":false},"author":4,"featured_media":372857,"comment_status":"closed","ping_status":"closed","sticky":false,"template":"","format":"standard","meta":{"_monsterinsights_skip_tracking":false,"_monsterinsights_sitenote_active":false,"_monsterinsights_sitenote_note":"","_monsterinsights_sitenote_category":0,"footnotes":""},"categories":[51,86,49],"tags":[],"class_list":["post-372757","post","type-post","status-publish","format-standard","has-post-thumbnail","hentry","category-evidenza-top","category-gr","category-news-18","category-51","category-86","category-49","description-off"],"img_url":"https:\/\/www.radiopiu.net\/wordpress\/wp-content\/uploads\/2024\/02\/6d054157-bf58-4d49-a56b-effa0a96e85b.jpg","_links":{"self":[{"href":"https:\/\/www.radiopiu.net\/wordpress\/wp-json\/wp\/v2\/posts\/372757","targetHints":{"allow":["GET"]}}],"collection":[{"href":"https:\/\/www.radiopiu.net\/wordpress\/wp-json\/wp\/v2\/posts"}],"about":[{"href":"https:\/\/www.radiopiu.net\/wordpress\/wp-json\/wp\/v2\/types\/post"}],"author":[{"embeddable":true,"href":"https:\/\/www.radiopiu.net\/wordpress\/wp-json\/wp\/v2\/users\/4"}],"replies":[{"embeddable":true,"href":"https:\/\/www.radiopiu.net\/wordpress\/wp-json\/wp\/v2\/comments?post=372757"}],"version-history":[{"count":0,"href":"https:\/\/www.radiopiu.net\/wordpress\/wp-json\/wp\/v2\/posts\/372757\/revisions"}],"wp:featuredmedia":[{"embeddable":true,"href":"https:\/\/www.radiopiu.net\/wordpress\/wp-json\/wp\/v2\/media\/372857"}],"wp:attachment":[{"href":"https:\/\/www.radiopiu.net\/wordpress\/wp-json\/wp\/v2\/media?parent=372757"}],"wp:term":[{"taxonomy":"category","embeddable":true,"href":"https:\/\/www.radiopiu.net\/wordpress\/wp-json\/wp\/v2\/categories?post=372757"},{"taxonomy":"post_tag","embeddable":true,"href":"https:\/\/www.radiopiu.net\/wordpress\/wp-json\/wp\/v2\/tags?post=372757"}],"curies":[{"name":"wp","href":"https:\/\/api.w.org\/{rel}","templated":true}]}}