{"id":372811,"date":"2024-02-02T10:45:40","date_gmt":"2024-02-02T09:45:40","guid":{"rendered":"https:\/\/www.radiopiu.net\/wordpress\/?p=372811"},"modified":"2024-02-02T16:08:09","modified_gmt":"2024-02-02T15:08:09","slug":"dillo-al-vicesindaco-d","status":"publish","type":"post","link":"https:\/\/www.radiopiu.net\/wordpress\/dillo-al-vicesindaco-d\/","title":{"rendered":"DILLO&#8230; AL VICESINDACO DEL COMUNE DI AGORDO"},"content":{"rendered":"<p>***<\/p>\n<p>&nbsp;<\/p>\n<p><strong><a class=\"dt-pswp-item\" href=\"https:\/\/www.radiopiu.net\/wordpress\/wp-content\/uploads\/2024\/02\/5maggio-1.png\" data-dt-img-description=\"\" data-large_image_width=\"2061\" data-large_image_height=\"1123\"><img loading=\"lazy\" decoding=\"async\" class=\"size-medium wp-image-372870 alignleft\" src=\"https:\/\/www.radiopiu.net\/wordpress\/wp-content\/uploads\/2024\/02\/5maggio-1-300x163.png\" alt=\"\" width=\"300\" height=\"163\" srcset=\"https:\/\/www.radiopiu.net\/wordpress\/wp-content\/uploads\/2024\/02\/5maggio-1-300x163.png 300w, https:\/\/www.radiopiu.net\/wordpress\/wp-content\/uploads\/2024\/02\/5maggio-1-1024x558.png 1024w, https:\/\/www.radiopiu.net\/wordpress\/wp-content\/uploads\/2024\/02\/5maggio-1-768x418.png 768w, https:\/\/www.radiopiu.net\/wordpress\/wp-content\/uploads\/2024\/02\/5maggio-1-1536x837.png 1536w, https:\/\/www.radiopiu.net\/wordpress\/wp-content\/uploads\/2024\/02\/5maggio-1-2048x1116.png 2048w\" sizes=\"auto, (max-width: 300px) 100vw, 300px\" \/><\/a>AGORDO<\/strong> di poche ore fa la pubblicazione dell&#8217;articolo di Giorgio Fontanive <em>&#8220;E&#8217; previsto un allargamento sulla curva di via 5 maggio?&#8221;<\/em>\u00a0che pubblichiamo a parte. Un attento cittadino, Alessandro De Zorzi gi\u00e0 nel 2022 aveva scritto (come privato) al Municipio mettendo in evidenza i problemi della &#8220;famosa&#8221; curva del &#8220;Minerario&#8221;. Oggi, Alessandro condivide con noi la riflessione\u00a0 inviata al vice sindaco e assessore ai lavori pubblici, Giulio Favretti.<\/p>\n<p>La mail: <em>&#8220;Apprendo della nuova progettazione dell&#8217;area, volevo sapere se gi\u00e0 \u00e8 stato previsto (e se questo fosse possibile) l&#8217;allargamento della strada comunale in prossimit\u00e0 della curva in corrispondenza dell&#8217;edificio (ora demolito). Ogni volta che transito ci penso e, ovviamente, non essendoci pi\u00f9 quell&#8217;edificio pare che tutto sia pi\u00f9 semplice da realizzare. Penso inoltre che unitamente a un passaggio pedonale (anche se per un breve tratto) possa aumentare la sicurezza dei pedoni e anche lo scambio delle auto in un punto particolarmente stretto. Se tutto \u00e8 gi\u00e0 previsto, molto meglio&#8221;.<\/em><\/p>\n<p>&nbsp;<\/p>\n<p>&nbsp;<\/p>\n<hr \/>\n<p>&nbsp;<\/p>\n<blockquote>\n<h3>E&#8217; PREVISTO UN ALLARGAMENTO SULLA CURVA DI VIA 5 MAGGIO?<\/h3>\n<\/blockquote>\n<p><strong>DI GIORGIO FONTANIVE<\/strong><\/p>\n<blockquote><p><em>Dopo i problemi con il precedente appalto procedono\u00a0 <\/em><em>finalmente le opere murarie al vecchio edificio dell\u2019Istituto Follador<\/em><\/p><\/blockquote>\n<p>I lavori al vecchio Istituto \u201cFollador\u201d con l\u2019aggiudicazione all\u2019Impresa Deon sono ripartiti con i migliori auspici e le opere murarie sono delineate. C\u2019\u00e8 un angolo per\u00f2 che lascia un notevole margine di dubbio: si tratta di quello a sud ovest, che sfiora Via 5 maggio proprio dove la curva non permette uno scambio di veicoli e il cui approssimarsi \u00e8 visibile da uno specchio in corrispondenza del civico n.40. Era pi\u00f9 che logico pensare ad un allargamento della sede rotabile verso l\u2019interno degli spazi di almeno un metro dove prima sorgeva la nuova ala della sezione \u201cchimica\u201d ma, a questo punto, con l\u2019avanzare dei lavori, non si capisce bene se la cosa \u00e8 prevista dai piani progettuali. Vero \u00e8 che allo, stato attuale il lato est dell\u2019edificio demolito \u00e8 stato retrocesso di una certa misura allontanandosi dalla rotabile (foto 3) ma qualche dubbio permane sulla eseguibilit\u00e0 dell\u2019allagamento in linea con le necessit\u00e0 della viabilit\u00e0 minore verso la S.R. n.347 del Passo Dur\u00e0n-La Valle Agordina, il PalaRova e, in futuro verso nuove strutture di rilevanza sociale in divenire.<\/p>\n\n\t\t\t<style type='text\/css'>\n\t\t\t\t#gallery-1 {\n\t\t\t\t\tmargin: auto;\n\t\t\t\t}\n\t\t\t\t#gallery-1 .gallery-item {\n\t\t\t\t\tfloat: left;\n\t\t\t\t\tmargin-top: 10px;\n\t\t\t\t\ttext-align: center;\n\t\t\t\t\twidth: 20%;\n\t\t\t\t}\n\t\t\t\t#gallery-1 img {\n\t\t\t\t\tborder: 2px solid #cfcfcf;\n\t\t\t\t}\n\t\t\t\t#gallery-1 .gallery-caption {\n\t\t\t\t\tmargin-left: 0;\n\t\t\t\t}\n\t\t\t\t\/* see gallery_shortcode() in wp-includes\/media.php *\/\n\t\t\t<\/style>\n\t\t<div id='gallery-1' class='dt-gallery-container gallery galleryid-372811 gallery-columns-5 gallery-size-thumbnail'><dl class='gallery-item'>\n\t\t\t\t<dt class='gallery-icon landscape'>\n\t\t\t\t\t<a class=\"rollover rollover-zoom dt-pswp-item\" title=\"VIA 5 MAGGIO (1)\" data-dt-img-description=\"\" data-large_image_width=\"2560\" data-large_image_height=\"1709\"href='https:\/\/www.radiopiu.net\/wordpress\/wp-content\/uploads\/2024\/02\/VIA-5-MAGGIO-1-scaled.jpg'><img loading=\"lazy\" decoding=\"async\" width=\"150\" height=\"150\" src=\"https:\/\/www.radiopiu.net\/wordpress\/wp-content\/uploads\/2024\/02\/VIA-5-MAGGIO-1-150x150.jpg\" class=\"attachment-thumbnail size-thumbnail\" alt=\"\" \/><\/a>\n\t\t\t\t<\/dt><\/dl><dl class='gallery-item'>\n\t\t\t\t<dt class='gallery-icon landscape'>\n\t\t\t\t\t<a class=\"rollover rollover-zoom dt-pswp-item\" title=\"VIA 5 MAGGIO (2)\" data-dt-img-description=\"\" data-large_image_width=\"2560\" data-large_image_height=\"1709\"href='https:\/\/www.radiopiu.net\/wordpress\/wp-content\/uploads\/2024\/02\/VIA-5-MAGGIO-2-scaled.jpg'><img loading=\"lazy\" decoding=\"async\" width=\"150\" height=\"150\" src=\"https:\/\/www.radiopiu.net\/wordpress\/wp-content\/uploads\/2024\/02\/VIA-5-MAGGIO-2-150x150.jpg\" class=\"attachment-thumbnail size-thumbnail\" alt=\"\" \/><\/a>\n\t\t\t\t<\/dt><\/dl><dl class='gallery-item'>\n\t\t\t\t<dt class='gallery-icon landscape'>\n\t\t\t\t\t<a class=\"rollover rollover-zoom dt-pswp-item\" title=\"VIA 5 MAGGIO (3)\" data-dt-img-description=\"\" data-large_image_width=\"2544\" data-large_image_height=\"1482\"href='https:\/\/www.radiopiu.net\/wordpress\/wp-content\/uploads\/2024\/02\/VIA-5-MAGGIO-3.jpg'><img loading=\"lazy\" decoding=\"async\" width=\"150\" height=\"150\" src=\"https:\/\/www.radiopiu.net\/wordpress\/wp-content\/uploads\/2024\/02\/VIA-5-MAGGIO-3-150x150.jpg\" class=\"attachment-thumbnail size-thumbnail\" alt=\"\" \/><\/a>\n\t\t\t\t<\/dt><\/dl><dl class='gallery-item'>\n\t\t\t\t<dt class='gallery-icon portrait'>\n\t\t\t\t\t<a class=\"rollover rollover-zoom dt-pswp-item\" title=\"VIA 5 MAGGIO (4)\" data-dt-img-description=\"\" data-large_image_width=\"1709\" data-large_image_height=\"2560\"href='https:\/\/www.radiopiu.net\/wordpress\/wp-content\/uploads\/2024\/02\/VIA-5-MAGGIO-4-scaled.jpg'><img loading=\"lazy\" decoding=\"async\" width=\"150\" height=\"150\" src=\"https:\/\/www.radiopiu.net\/wordpress\/wp-content\/uploads\/2024\/02\/VIA-5-MAGGIO-4-150x150.jpg\" class=\"attachment-thumbnail size-thumbnail\" alt=\"\" \/><\/a>\n\t\t\t\t<\/dt><\/dl><dl class='gallery-item'>\n\t\t\t\t<dt class='gallery-icon landscape'>\n\t\t\t\t\t<a class=\"rollover rollover-zoom dt-pswp-item\" title=\"VIA 5 MAGGIO (5)\" data-dt-img-description=\"\" data-large_image_width=\"2560\" data-large_image_height=\"1709\"href='https:\/\/www.radiopiu.net\/wordpress\/wp-content\/uploads\/2024\/02\/VIA-5-MAGGIO-5-scaled.jpg'><img loading=\"lazy\" decoding=\"async\" width=\"150\" height=\"150\" src=\"https:\/\/www.radiopiu.net\/wordpress\/wp-content\/uploads\/2024\/02\/VIA-5-MAGGIO-5-150x150.jpg\" class=\"attachment-thumbnail size-thumbnail\" alt=\"\" \/><\/a>\n\t\t\t\t<\/dt><\/dl><br style=\"clear: both\" \/>\n\t\t\t<\/div>\n\n<p>&nbsp;<\/p>\n<p>&nbsp;<\/p>\n","protected":false},"excerpt":{"rendered":"<p>*** &nbsp; AGORDO di poche ore fa la pubblicazione dell&#8217;articolo di Giorgio Fontanive &#8220;E&#8217; previsto un allargamento sulla curva di via 5 maggio?&#8221;\u00a0che pubblichiamo a parte. Un attento cittadino, Alessandro De Zorzi gi\u00e0 nel 2022 aveva scritto (come privato) al Municipio mettendo in evidenza i problemi della &#8220;famosa&#8221; curva del &#8220;Minerario&#8221;. Oggi, Alessandro condivide con&hellip;<\/p>\n","protected":false},"author":4,"featured_media":372870,"comment_status":"closed","ping_status":"closed","sticky":false,"template":"","format":"standard","meta":{"_monsterinsights_skip_tracking":false,"_monsterinsights_sitenote_active":false,"_monsterinsights_sitenote_note":"","_monsterinsights_sitenote_category":0,"footnotes":""},"categories":[51,49],"tags":[],"class_list":["post-372811","post","type-post","status-publish","format-standard","has-post-thumbnail","hentry","category-evidenza-top","category-news-18","category-51","category-49","description-off"],"img_url":"https:\/\/www.radiopiu.net\/wordpress\/wp-content\/uploads\/2024\/02\/5maggio-1.png","_links":{"self":[{"href":"https:\/\/www.radiopiu.net\/wordpress\/wp-json\/wp\/v2\/posts\/372811","targetHints":{"allow":["GET"]}}],"collection":[{"href":"https:\/\/www.radiopiu.net\/wordpress\/wp-json\/wp\/v2\/posts"}],"about":[{"href":"https:\/\/www.radiopiu.net\/wordpress\/wp-json\/wp\/v2\/types\/post"}],"author":[{"embeddable":true,"href":"https:\/\/www.radiopiu.net\/wordpress\/wp-json\/wp\/v2\/users\/4"}],"replies":[{"embeddable":true,"href":"https:\/\/www.radiopiu.net\/wordpress\/wp-json\/wp\/v2\/comments?post=372811"}],"version-history":[{"count":0,"href":"https:\/\/www.radiopiu.net\/wordpress\/wp-json\/wp\/v2\/posts\/372811\/revisions"}],"wp:featuredmedia":[{"embeddable":true,"href":"https:\/\/www.radiopiu.net\/wordpress\/wp-json\/wp\/v2\/media\/372870"}],"wp:attachment":[{"href":"https:\/\/www.radiopiu.net\/wordpress\/wp-json\/wp\/v2\/media?parent=372811"}],"wp:term":[{"taxonomy":"category","embeddable":true,"href":"https:\/\/www.radiopiu.net\/wordpress\/wp-json\/wp\/v2\/categories?post=372811"},{"taxonomy":"post_tag","embeddable":true,"href":"https:\/\/www.radiopiu.net\/wordpress\/wp-json\/wp\/v2\/tags?post=372811"}],"curies":[{"name":"wp","href":"https:\/\/api.w.org\/{rel}","templated":true}]}}