{"id":372829,"date":"2024-02-02T15:14:39","date_gmt":"2024-02-02T14:14:39","guid":{"rendered":"https:\/\/www.radiopiu.net\/wordpress\/?p=372829"},"modified":"2024-02-03T06:01:00","modified_gmt":"2024-02-03T05:01:00","slug":"alla-materna-di-agordo-la-giornata-dei-calzini-spaiati","status":"publish","type":"post","link":"https:\/\/www.radiopiu.net\/wordpress\/alla-materna-di-agordo-la-giornata-dei-calzini-spaiati\/","title":{"rendered":"ALLA MATERNA DI AGORDO LA GIORNATA DEI &#8220;CALZINI SPAIATI&#8221;"},"content":{"rendered":"<blockquote>\n<h2>2 febbraio 2024 Giornata dei calzini spaiati \u201cL\u2019adulto deve farsi umile e imparare dal bambino a essere grande.\u201d<\/h2>\n<\/blockquote>\n<p><strong>AGORDO Scuola materna:<\/strong> alzi la mano chi non ha nei cassetti una serie di calze e calzini senza il gemello\u2026..la giornata dei calzini spaiati \u00e8 nata da un&#8217; idea di una maestra friulana, pi\u00f9 di dieci anni fa. Oggi il suo significato \u00e8 l&#8217; accettazione\u00a0 della diversit\u00e0! Diversit\u00e0 come valore e come superamento della solitudine , indossare un calzino spaiato pu\u00f2 essere un rimedio all&#8217; isolamento due volte. Questa mattina la nostra scuola si \u00e8 arricchita di 80 paia di calzini super colorati per sensibilizzare tutti alla diversit\u00e0, all\u2019inclusivit\u00e0 e al rispetto reciproco, a riprova di questo anche la bellissima idea di due sorelline provenienti dall\u2019Ucraina che hanno voluto indossare i calzini spaiati del colore della bandiera del loro paese! \u201cL\u2019adulto deve farsi umile e imparare dal bambino a essere grande.\u201d\u00a0 \u00a0 \u00a0Maria Montessori<\/p>\n<p>&nbsp;<\/p>\n<p><a class=\"dt-pswp-item\" href=\"https:\/\/www.radiopiu.net\/wordpress\/wp-content\/uploads\/2024\/02\/0ee4eb54-42b6-4d33-82fa-581db7578b98.jpg\" data-dt-img-description=\"\" data-large_image_width=\"1536\" data-large_image_height=\"1536\"><img loading=\"lazy\" decoding=\"async\" class=\"alignnone wp-image-372830 size-full\" src=\"https:\/\/www.radiopiu.net\/wordpress\/wp-content\/uploads\/2024\/02\/0ee4eb54-42b6-4d33-82fa-581db7578b98.jpg\" alt=\"\" width=\"1536\" height=\"1536\" srcset=\"https:\/\/www.radiopiu.net\/wordpress\/wp-content\/uploads\/2024\/02\/0ee4eb54-42b6-4d33-82fa-581db7578b98.jpg 1536w, https:\/\/www.radiopiu.net\/wordpress\/wp-content\/uploads\/2024\/02\/0ee4eb54-42b6-4d33-82fa-581db7578b98-300x300.jpg 300w, https:\/\/www.radiopiu.net\/wordpress\/wp-content\/uploads\/2024\/02\/0ee4eb54-42b6-4d33-82fa-581db7578b98-1024x1024.jpg 1024w, https:\/\/www.radiopiu.net\/wordpress\/wp-content\/uploads\/2024\/02\/0ee4eb54-42b6-4d33-82fa-581db7578b98-150x150.jpg 150w, https:\/\/www.radiopiu.net\/wordpress\/wp-content\/uploads\/2024\/02\/0ee4eb54-42b6-4d33-82fa-581db7578b98-768x768.jpg 768w\" sizes=\"auto, (max-width: 1536px) 100vw, 1536px\" \/><\/a><\/p>\n","protected":false},"excerpt":{"rendered":"<p>2 febbraio 2024 Giornata dei calzini spaiati \u201cL\u2019adulto deve farsi umile e imparare dal bambino a essere grande.\u201d AGORDO Scuola materna: alzi la mano chi non ha nei cassetti una serie di calze e calzini senza il gemello\u2026..la giornata dei calzini spaiati \u00e8 nata da un&#8217; idea di una maestra friulana, pi\u00f9 di dieci anni&hellip;<\/p>\n","protected":false},"author":4,"featured_media":372830,"comment_status":"closed","ping_status":"closed","sticky":false,"template":"","format":"standard","meta":{"_monsterinsights_skip_tracking":false,"_monsterinsights_sitenote_active":false,"_monsterinsights_sitenote_note":"","_monsterinsights_sitenote_category":0,"footnotes":""},"categories":[51,49],"tags":[],"class_list":["post-372829","post","type-post","status-publish","format-standard","has-post-thumbnail","hentry","category-evidenza-top","category-news-18","category-51","category-49","description-off"],"img_url":"https:\/\/www.radiopiu.net\/wordpress\/wp-content\/uploads\/2024\/02\/0ee4eb54-42b6-4d33-82fa-581db7578b98.jpg","_links":{"self":[{"href":"https:\/\/www.radiopiu.net\/wordpress\/wp-json\/wp\/v2\/posts\/372829","targetHints":{"allow":["GET"]}}],"collection":[{"href":"https:\/\/www.radiopiu.net\/wordpress\/wp-json\/wp\/v2\/posts"}],"about":[{"href":"https:\/\/www.radiopiu.net\/wordpress\/wp-json\/wp\/v2\/types\/post"}],"author":[{"embeddable":true,"href":"https:\/\/www.radiopiu.net\/wordpress\/wp-json\/wp\/v2\/users\/4"}],"replies":[{"embeddable":true,"href":"https:\/\/www.radiopiu.net\/wordpress\/wp-json\/wp\/v2\/comments?post=372829"}],"version-history":[{"count":0,"href":"https:\/\/www.radiopiu.net\/wordpress\/wp-json\/wp\/v2\/posts\/372829\/revisions"}],"wp:featuredmedia":[{"embeddable":true,"href":"https:\/\/www.radiopiu.net\/wordpress\/wp-json\/wp\/v2\/media\/372830"}],"wp:attachment":[{"href":"https:\/\/www.radiopiu.net\/wordpress\/wp-json\/wp\/v2\/media?parent=372829"}],"wp:term":[{"taxonomy":"category","embeddable":true,"href":"https:\/\/www.radiopiu.net\/wordpress\/wp-json\/wp\/v2\/categories?post=372829"},{"taxonomy":"post_tag","embeddable":true,"href":"https:\/\/www.radiopiu.net\/wordpress\/wp-json\/wp\/v2\/tags?post=372829"}],"curies":[{"name":"wp","href":"https:\/\/api.w.org\/{rel}","templated":true}]}}