{"id":372964,"date":"2024-02-05T05:52:41","date_gmt":"2024-02-05T04:52:41","guid":{"rendered":"https:\/\/www.radiopiu.net\/wordpress\/?p=372964"},"modified":"2024-02-05T08:29:19","modified_gmt":"2024-02-05T07:29:19","slug":"giornale-radiopiu-05-febbraio-2024-direttore-mirko-mezzacasada-40-anni-25-giugno-1983-25-giugno-2023","status":"publish","type":"post","link":"https:\/\/www.radiopiu.net\/wordpress\/giornale-radiopiu-05-febbraio-2024-direttore-mirko-mezzacasada-40-anni-25-giugno-1983-25-giugno-2023\/","title":{"rendered":"GIORNALE RADIOPIU 05 FEBBRAIO 2024 DIRETTORE MIRKO MEZZACASA\u2026DA 40 ANNI 25 GIUGNO 1983-25 GIUGNO 2023"},"content":{"rendered":"<p>****<\/p>\n<h1><\/h1>\n<p>&nbsp;<\/p>\n<p>&nbsp;<\/p>\n<p>&nbsp;<\/p>\n<h1 class=\"entry-title photoswipe-wrapper\"><strong><a class=\"dt-pswp-item\" href=\"https:\/\/www.radiopiu.net\/wordpress\/wp-content\/uploads\/2023\/12\/logo-radio.jpg\" data-dt-img-description=\"\" data-large_image_width=\"800\" data-large_image_height=\"600\"><img loading=\"lazy\" decoding=\"async\" class=\"wp-image-367163 alignleft\" src=\"https:\/\/www.radiopiu.net\/wordpress\/wp-content\/uploads\/2023\/12\/logo-radio-300x225.jpg\" alt=\"\" width=\"109\" height=\"82\" srcset=\"https:\/\/www.radiopiu.net\/wordpress\/wp-content\/uploads\/2023\/12\/logo-radio-300x225.jpg 300w, https:\/\/www.radiopiu.net\/wordpress\/wp-content\/uploads\/2023\/12\/logo-radio-768x576.jpg 768w, https:\/\/www.radiopiu.net\/wordpress\/wp-content\/uploads\/2023\/12\/logo-radio.jpg 800w\" sizes=\"auto, (max-width: 109px) 100vw, 109px\" \/><\/a><\/strong><\/h1>\n<h1 class=\"entry-title photoswipe-wrapper\">40esimo di RADIOPIU\u2026. LA VOCE DELL\u2019EMOZIONE<\/h1>\n<h2><\/h2>\n<h2><span style=\"color: #ff0000;\">ISCRIVITI AL NOSTRO CANALE\u00a0\u00a0YOUTUBE PER SEGUIRE IN DIRETTA I PRINCIPALI PROGRAMMI DI RADIO PIU\u2019 E LE FUTURE DIRETTE IN ESTERNA. PER ISCRIVERTI <a style=\"color: #ff0000;\" href=\"https:\/\/youtube.com\/@radiopiu1527\">CLICCA QUI\u00a0<\/a>E PREMI\u00a0 \u201cIscriviti\u201d\u00a0 \u00a0<\/span><\/h2>\n<p>&nbsp;<\/p>\n<h1 style=\"text-align: center;\"><span style=\"color: #ff6600;\">L&#8217;ALBA INFUOCATA DI MARIO DE MARCO<\/span><\/h1>\n\n\t\t\t<style type='text\/css'>\n\t\t\t\t#gallery-1 {\n\t\t\t\t\tmargin: auto;\n\t\t\t\t}\n\t\t\t\t#gallery-1 .gallery-item {\n\t\t\t\t\tfloat: left;\n\t\t\t\t\tmargin-top: 10px;\n\t\t\t\t\ttext-align: center;\n\t\t\t\t\twidth: 25%;\n\t\t\t\t}\n\t\t\t\t#gallery-1 img {\n\t\t\t\t\tborder: 2px solid #cfcfcf;\n\t\t\t\t}\n\t\t\t\t#gallery-1 .gallery-caption {\n\t\t\t\t\tmargin-left: 0;\n\t\t\t\t}\n\t\t\t\t\/* see gallery_shortcode() in wp-includes\/media.php *\/\n\t\t\t<\/style>\n\t\t<div id='gallery-1' class='dt-gallery-container gallery galleryid-372964 gallery-columns-4 gallery-size-medium'><dl class='gallery-item'>\n\t\t\t\t<dt class='gallery-icon landscape'>\n\t\t\t\t\t<a class=\"rollover rollover-zoom dt-pswp-item\" title=\"d8662a65-cb36-4368-af5a-202c3ba6a94e\" data-dt-img-description=\"\" data-large_image_width=\"1348\" data-large_image_height=\"898\"href='https:\/\/www.radiopiu.net\/wordpress\/wp-content\/uploads\/2024\/02\/d8662a65-cb36-4368-af5a-202c3ba6a94e.jpg'><img loading=\"lazy\" decoding=\"async\" width=\"300\" height=\"200\" src=\"https:\/\/www.radiopiu.net\/wordpress\/wp-content\/uploads\/2024\/02\/d8662a65-cb36-4368-af5a-202c3ba6a94e-300x200.jpg\" class=\"attachment-medium size-medium\" alt=\"\" srcset=\"https:\/\/www.radiopiu.net\/wordpress\/wp-content\/uploads\/2024\/02\/d8662a65-cb36-4368-af5a-202c3ba6a94e-300x200.jpg 300w, https:\/\/www.radiopiu.net\/wordpress\/wp-content\/uploads\/2024\/02\/d8662a65-cb36-4368-af5a-202c3ba6a94e-1024x682.jpg 1024w, https:\/\/www.radiopiu.net\/wordpress\/wp-content\/uploads\/2024\/02\/d8662a65-cb36-4368-af5a-202c3ba6a94e-768x512.jpg 768w, https:\/\/www.radiopiu.net\/wordpress\/wp-content\/uploads\/2024\/02\/d8662a65-cb36-4368-af5a-202c3ba6a94e.jpg 1348w\" sizes=\"auto, (max-width: 300px) 100vw, 300px\" \/><\/a>\n\t\t\t\t<\/dt><\/dl><dl class='gallery-item'>\n\t\t\t\t<dt class='gallery-icon landscape'>\n\t\t\t\t\t<a class=\"rollover rollover-zoom dt-pswp-item\" title=\"0b086617-8f1e-4771-a28d-8396421b88d0\" data-dt-img-description=\"\" data-large_image_width=\"1348\" data-large_image_height=\"898\"href='https:\/\/www.radiopiu.net\/wordpress\/wp-content\/uploads\/2024\/02\/0b086617-8f1e-4771-a28d-8396421b88d0.jpg'><img loading=\"lazy\" decoding=\"async\" width=\"300\" height=\"200\" src=\"https:\/\/www.radiopiu.net\/wordpress\/wp-content\/uploads\/2024\/02\/0b086617-8f1e-4771-a28d-8396421b88d0-300x200.jpg\" class=\"attachment-medium size-medium\" alt=\"\" srcset=\"https:\/\/www.radiopiu.net\/wordpress\/wp-content\/uploads\/2024\/02\/0b086617-8f1e-4771-a28d-8396421b88d0-300x200.jpg 300w, https:\/\/www.radiopiu.net\/wordpress\/wp-content\/uploads\/2024\/02\/0b086617-8f1e-4771-a28d-8396421b88d0-1024x682.jpg 1024w, https:\/\/www.radiopiu.net\/wordpress\/wp-content\/uploads\/2024\/02\/0b086617-8f1e-4771-a28d-8396421b88d0-768x512.jpg 768w, https:\/\/www.radiopiu.net\/wordpress\/wp-content\/uploads\/2024\/02\/0b086617-8f1e-4771-a28d-8396421b88d0.jpg 1348w\" sizes=\"auto, (max-width: 300px) 100vw, 300px\" \/><\/a>\n\t\t\t\t<\/dt><\/dl><dl class='gallery-item'>\n\t\t\t\t<dt class='gallery-icon landscape'>\n\t\t\t\t\t<a class=\"rollover rollover-zoom dt-pswp-item\" title=\"a836d072-c517-43b7-bff9-9702149e01d0\" data-dt-img-description=\"\" data-large_image_width=\"1348\" data-large_image_height=\"898\"href='https:\/\/www.radiopiu.net\/wordpress\/wp-content\/uploads\/2024\/02\/a836d072-c517-43b7-bff9-9702149e01d0.jpg'><img loading=\"lazy\" decoding=\"async\" width=\"300\" height=\"200\" src=\"https:\/\/www.radiopiu.net\/wordpress\/wp-content\/uploads\/2024\/02\/a836d072-c517-43b7-bff9-9702149e01d0-300x200.jpg\" class=\"attachment-medium size-medium\" alt=\"\" srcset=\"https:\/\/www.radiopiu.net\/wordpress\/wp-content\/uploads\/2024\/02\/a836d072-c517-43b7-bff9-9702149e01d0-300x200.jpg 300w, https:\/\/www.radiopiu.net\/wordpress\/wp-content\/uploads\/2024\/02\/a836d072-c517-43b7-bff9-9702149e01d0-1024x682.jpg 1024w, https:\/\/www.radiopiu.net\/wordpress\/wp-content\/uploads\/2024\/02\/a836d072-c517-43b7-bff9-9702149e01d0-768x512.jpg 768w, https:\/\/www.radiopiu.net\/wordpress\/wp-content\/uploads\/2024\/02\/a836d072-c517-43b7-bff9-9702149e01d0.jpg 1348w\" sizes=\"auto, (max-width: 300px) 100vw, 300px\" \/><\/a>\n\t\t\t\t<\/dt><\/dl><dl class='gallery-item'>\n\t\t\t\t<dt class='gallery-icon landscape'>\n\t\t\t\t\t<a class=\"rollover rollover-zoom dt-pswp-item\" title=\"6ed3e016-4aeb-4623-964a-a9b68628616a\" data-dt-img-description=\"\" data-large_image_width=\"1348\" data-large_image_height=\"898\"href='https:\/\/www.radiopiu.net\/wordpress\/wp-content\/uploads\/2024\/02\/6ed3e016-4aeb-4623-964a-a9b68628616a.jpg'><img loading=\"lazy\" decoding=\"async\" width=\"300\" height=\"200\" src=\"https:\/\/www.radiopiu.net\/wordpress\/wp-content\/uploads\/2024\/02\/6ed3e016-4aeb-4623-964a-a9b68628616a-300x200.jpg\" class=\"attachment-medium size-medium\" alt=\"\" srcset=\"https:\/\/www.radiopiu.net\/wordpress\/wp-content\/uploads\/2024\/02\/6ed3e016-4aeb-4623-964a-a9b68628616a-300x200.jpg 300w, https:\/\/www.radiopiu.net\/wordpress\/wp-content\/uploads\/2024\/02\/6ed3e016-4aeb-4623-964a-a9b68628616a-1024x682.jpg 1024w, https:\/\/www.radiopiu.net\/wordpress\/wp-content\/uploads\/2024\/02\/6ed3e016-4aeb-4623-964a-a9b68628616a-768x512.jpg 768w, https:\/\/www.radiopiu.net\/wordpress\/wp-content\/uploads\/2024\/02\/6ed3e016-4aeb-4623-964a-a9b68628616a.jpg 1348w\" sizes=\"auto, (max-width: 300px) 100vw, 300px\" \/><\/a>\n\t\t\t\t<\/dt><\/dl><br style=\"clear: both\" \/>\n\t\t\t<\/div>\n\n<div data-block=\"true\" data-editor=\"avj4u\" data-offset-key=\"d3i0j-0-0\"><\/div>\n<div class=\"x11i5rnm xat24cr x1mh8g0r x1vvkbs xtlvy1s x126k92a\">\n<div dir=\"auto\">\n<p><a class=\"dt-pswp-item\" href=\"https:\/\/www.radiopiu.net\/wordpress\/wp-content\/uploads\/2023\/10\/34f4cfc6-e863-46e9-9695-8df44be63421.jpg\" data-dt-img-description=\"\" data-large_image_width=\"1200\" data-large_image_height=\"1200\"><img loading=\"lazy\" decoding=\"async\" class=\"wp-image-357393 alignleft\" src=\"https:\/\/www.radiopiu.net\/wordpress\/wp-content\/uploads\/2023\/10\/34f4cfc6-e863-46e9-9695-8df44be63421-300x300.jpg\" alt=\"\" width=\"81\" height=\"81\" srcset=\"https:\/\/www.radiopiu.net\/wordpress\/wp-content\/uploads\/2023\/10\/34f4cfc6-e863-46e9-9695-8df44be63421-300x300.jpg 300w, https:\/\/www.radiopiu.net\/wordpress\/wp-content\/uploads\/2023\/10\/34f4cfc6-e863-46e9-9695-8df44be63421-1024x1024.jpg 1024w, https:\/\/www.radiopiu.net\/wordpress\/wp-content\/uploads\/2023\/10\/34f4cfc6-e863-46e9-9695-8df44be63421-150x150.jpg 150w, https:\/\/www.radiopiu.net\/wordpress\/wp-content\/uploads\/2023\/10\/34f4cfc6-e863-46e9-9695-8df44be63421-768x768.jpg 768w, https:\/\/www.radiopiu.net\/wordpress\/wp-content\/uploads\/2023\/10\/34f4cfc6-e863-46e9-9695-8df44be63421.jpg 1200w\" sizes=\"auto, (max-width: 81px) 100vw, 81px\" \/><\/a>OGGI ALLA RADIO: <strong>ALLE 7<\/strong> LA RASSEGNA STAMPA LOCALE FLASH, PER CHI COME NOI ALLE SETTE DEL MATTINO VA DI FRETTA, TANTE NOTIZIE IN POCHE CHIACCHIERE. <strong>ALLE OTTO<\/strong> L&#8217;APPROFONDIMENTO NELLA STORICA RASSEGNA STAMPA LOCALE.\u00a0 DALLE 6 ALLE 21, OGNI ORA, L&#8217;INFORMAZIONE NAZIONALE, l&#8217;informazione locale, ALLE 10 flash. 11flash. 14 viabilit\u00e0. 15meteo. 16flash. 17flash. 18flash. 19 i titoli di Antenna 3<\/p>\n<p>&nbsp;<\/p>\n<p><span style=\"color: #ff0000;\">OGGI ALLA RADIO&#8230; IL GIORNO DELLE NOVITA&#8217;!<\/span><\/p>\n<p><strong>ALLE 7.20<\/strong> IL NUOVO PROGRAMMA DI GIULIANA DA RONCH &#8220;EL BAL DEL FIOR&#8221; (replica 19)\u00a0<strong> ALLE 8<\/strong> LA RASSEGNA STAMPA LOCALE\u00a0<strong> ALLE 8 35<\/strong> NCONTONSE, LADINO CON MILLY CREPAZ <strong>ALLE 8.20<\/strong> PIU&#8217; SIAMO CON MARINA DONA&#8217; <strong>ALLE 9<\/strong> OGGI COME IERI CON SILVIA BALDO <span style=\"color: #ff0000;\">ALLE<strong> 10 10<\/strong> CIAK DI GIRA IL NUOVO PROGRAMMA DI PAOLA LANCIATO<\/span> <strong>ALLE 10.30<\/strong> I PERITI MINERARI NEL MONDO, RACCONTI <strong>12.30<\/strong> GR PRINCIPALE <strong>13<\/strong> SALUTE E SOCIETA&#8217; CON IL DOTTOR MARCO CARACCIOLO <span style=\"color: #ff0000;\"><strong>ALLE 14.30<\/strong> IL NUOVO PROGRAMMA DEDICATO A SANREMO DI MARINA DONA&#8217;,<\/span> I PRIMI 3 E L&#8217;ULTIMO, 2018.\u00a0<strong> ALLE 15,15<\/strong> ROCK ROVENTE DI MARCO COSTANTINI ALLE 16 MIRCO BENCIVENNI, LE CLASSIFICHE<\/p>\n<p>&nbsp;<\/p>\n<p>&nbsp;<\/p>\n<\/div>\n<hr \/>\n<\/div>\n<hr \/>\n<hr \/>\n<hr \/>\n<blockquote>\n<blockquote>\n<h1><span style=\"color: #ff0000;\">I podcast informativi del mattino &#8211; audio &#8211;\u00a0<\/span><\/h1>\n<\/blockquote>\n<p><strong><a class=\"dt-pswp-item\" href=\"https:\/\/www.radiopiu.net\/wordpress\/wp-content\/uploads\/2023\/11\/th-10.jpg\" data-dt-img-description=\"\" data-large_image_width=\"320\" data-large_image_height=\"180\"><img loading=\"lazy\" decoding=\"async\" class=\"wp-image-362866 alignleft\" src=\"https:\/\/www.radiopiu.net\/wordpress\/wp-content\/uploads\/2023\/11\/th-10-300x169.jpg\" alt=\"\" width=\"185\" height=\"104\" srcset=\"https:\/\/www.radiopiu.net\/wordpress\/wp-content\/uploads\/2023\/11\/th-10-300x169.jpg 300w, https:\/\/www.radiopiu.net\/wordpress\/wp-content\/uploads\/2023\/11\/th-10.jpg 320w\" sizes=\"auto, (max-width: 185px) 100vw, 185px\" \/><\/a>LA RASSEGNA STAMPA NAZIONALE ALLA RADIO, OGNI GIORNO ALLE 5 E ALLE 6 DEL MATTINO <span style=\"color: #0000ff;\">viene pubblicata alle 6.00 <span style=\"color: #ff0000;\">DIRETTA RADIO\u00a0\u00a0<\/span><\/span><\/strong><\/p>\n<p>DI STEFANA FAMA&#8217;<\/p>\n<p>Politica\u00a0 Meloni a Tokio per incontrare i vertici di gruppi con interessi in Italia. Economia, Meloni rilancia, risorse del PNRR per gli agricoltori passano a 8 miliardi.\u00a0 Gaza bombe Israeliane su un asilo a Raff\u00e0, nuovi bombardamenti di USA, Gran Bretagna sullo Yemen Catania 13enne stuprata a Catania, la vittima riconosce gli autori della violenza.\u00a0 Roma migranti e disordini al CPR di Ponte Galleria a Roma, Milano studentessa derubata e molestata dopo la discoteca bloccato l&#8217;aggressore. Cede la cresta di neve Sci alpinista italiano muore in Francia<\/p><\/blockquote>\n<h2>L&#8217;AUDIO, giornale radio DALLE 4 DEL MATTINO<\/h2>\n<audio class=\"wp-audio-shortcode\" id=\"audio-372964-1\" preload=\"none\" style=\"width: 100%;\" controls=\"controls\"><source type=\"audio\/mpeg\" src=\"https:\/\/www.radiopiu.net\/wordpress\/wp-content\/uploads\/2024\/02\/GIORNALEDELLESEI-3.mp3?_=1\" \/><a href=\"https:\/\/www.radiopiu.net\/wordpress\/wp-content\/uploads\/2024\/02\/GIORNALEDELLESEI-3.mp3\">https:\/\/www.radiopiu.net\/wordpress\/wp-content\/uploads\/2024\/02\/GIORNALEDELLESEI-3.mp3<\/a><\/audio>\n<h2><\/h2>\n<p>&nbsp;<\/p>\n<p>&nbsp;<\/p>\n<hr \/>\n<p>&nbsp;<\/p>\n<h1 style=\"text-align: center;\"><span style=\"color: #ff0000;\">I podcast informativi del mattino &#8211; audio &#8211;\u00a0<\/span><\/h1>\n<p><strong><a class=\"dt-pswp-item\" href=\"https:\/\/www.radiopiu.net\/wordpress\/wp-content\/uploads\/2023\/12\/images.png\" data-dt-img-description=\"\" data-large_image_width=\"316\" data-large_image_height=\"160\"><img loading=\"lazy\" decoding=\"async\" class=\"wp-image-367008 alignleft\" src=\"https:\/\/www.radiopiu.net\/wordpress\/wp-content\/uploads\/2023\/12\/images-300x152.png\" alt=\"\" width=\"235\" height=\"119\" srcset=\"https:\/\/www.radiopiu.net\/wordpress\/wp-content\/uploads\/2023\/12\/images-300x152.png 300w, https:\/\/www.radiopiu.net\/wordpress\/wp-content\/uploads\/2023\/12\/images.png 316w\" sizes=\"auto, (max-width: 235px) 100vw, 235px\" \/><\/a>OGNI GIORNO ALLE SETTE DEL MATTINO, LA RASSEGNA STAMPA LOCALE FLASH&#8230; PER CHI VA IN FRETTA. I TITOLI DAI GIORNALI E DAL SITO WWW.RADIOPIU.NET <span style=\"color: #0000ff;\">viene pubblicato alle 7.00<\/span> <span style=\"color: #ff0000;\">DIRETTA RADIO\u00a0<\/span><\/strong><\/p>\n<p><em><span style=\"color: #ff0000;\">per chi va in fretta&#8230; tante notizie in pochi minuti. L&#8217;informazione locale alla radio, ogni ora dalle 7 del mattino alle 19 della sera.\u00a0 \u00a0\u00a0<\/span><\/em><\/p>\n<p><img loading=\"lazy\" decoding=\"async\" class=\"alignleft\" src=\"https:\/\/www.radiopiu.net\/wordpress\/wp-content\/uploads\/2024\/02\/COPERTINA-1.png\" width=\"212\" height=\"113\" \/><strong>FELTRE<\/strong> Non ce l&#8217;ha fatta Cristian Dalla Palma, l&#8217;agricoltore di 47 anni trovato senza sensi nella sua stalla di Vellai la scorsa estate.<br \/>\n<strong>VAL DI ZOLDO<\/strong> Il 63enne Sergio Livan di Pieve di Val di Zoldo \u00e8 deceduto all\u2019ospedale Ca\u2019 Foncello di Treviso a seguito dell\u2019impatto frontale tra la sua Mini Cooper e un\u2019Alfa Romeo Stelvio avvenuto sulla strada provinciale 251 tra Forno e Dont<br \/>\n<strong>PONTE NELLE ALPI<\/strong> Sabato alle 12:20, i vigili del fuoco sono intervenuti a Quantin nel comune di Ponte Nelle Alpi, dove un automobilista era finito contro un ostacolo, riportando ferite.<\/p>\n<h2>AUDIO DALLE 7 DEL MATTINO<\/h2>\n<audio class=\"wp-audio-shortcode\" id=\"audio-372964-2\" preload=\"none\" style=\"width: 100%;\" controls=\"controls\"><source type=\"audio\/mpeg\" src=\"https:\/\/www.radiopiu.net\/wordpress\/wp-content\/uploads\/2024\/02\/GF07-3.mp3?_=2\" \/><a href=\"https:\/\/www.radiopiu.net\/wordpress\/wp-content\/uploads\/2024\/02\/GF07-3.mp3\">https:\/\/www.radiopiu.net\/wordpress\/wp-content\/uploads\/2024\/02\/GF07-3.mp3<\/a><\/audio>\n<p>&nbsp;<\/p>\n<p><strong>DALLA RASSEGNA STAMPA DI RADIOPIU IN ONDA ALLE OTTO DEL MATTINO<\/strong><\/p>\n<p>LO SKI COLLEGE FALCADE SPADRONEGGIA SULLE PISTE DI SELVA. OGGI NEL CORPOSO FASCICOLO SPORTIVO DEL LUNEDI SUL QUOTIDIANO DEI BELLUNESI <span class=\"xv78j7m\" spellcheck=\"false\"><span style=\"color: #0000ff;\"><strong><a href=\"https:\/\/corrierealpi.gelocal.it\/belluno\/\">Corriere delle Alp<\/a>i<\/strong><\/span>\u00a0 <\/span>E NELLE CRONACHE, GIANNI SANTOMASO: &#8220;DANIELE SELLE E&#8217; BRONZO ALLE OLIMPIADI DI CUCINA A STOCCARDA<\/p>\n\n\t\t\t<style type='text\/css'>\n\t\t\t\t#gallery-2 {\n\t\t\t\t\tmargin: auto;\n\t\t\t\t}\n\t\t\t\t#gallery-2 .gallery-item {\n\t\t\t\t\tfloat: left;\n\t\t\t\t\tmargin-top: 10px;\n\t\t\t\t\ttext-align: center;\n\t\t\t\t\twidth: 50%;\n\t\t\t\t}\n\t\t\t\t#gallery-2 img {\n\t\t\t\t\tborder: 2px solid #cfcfcf;\n\t\t\t\t}\n\t\t\t\t#gallery-2 .gallery-caption {\n\t\t\t\t\tmargin-left: 0;\n\t\t\t\t}\n\t\t\t\t\/* see gallery_shortcode() in wp-includes\/media.php *\/\n\t\t\t<\/style>\n\t\t<div id='gallery-2' class='dt-gallery-container gallery galleryid-372964 gallery-columns-2 gallery-size-medium'><dl class='gallery-item'>\n\t\t\t\t<dt class='gallery-icon landscape'>\n\t\t\t\t\t<a class=\"rollover rollover-zoom dt-pswp-item\" title=\"Senza nome\" data-dt-img-description=\"\" data-large_image_width=\"226\" data-large_image_height=\"139\"href='https:\/\/www.radiopiu.net\/wordpress\/wp-content\/uploads\/2024\/02\/Senza-nome-12.png'><img loading=\"lazy\" decoding=\"async\" width=\"226\" height=\"139\" src=\"https:\/\/www.radiopiu.net\/wordpress\/wp-content\/uploads\/2024\/02\/Senza-nome-12.png\" class=\"attachment-medium size-medium\" alt=\"\" \/><\/a>\n\t\t\t\t<\/dt><\/dl><dl class='gallery-item'>\n\t\t\t\t<dt class='gallery-icon landscape'>\n\t\t\t\t\t<a class=\"rollover rollover-zoom dt-pswp-item\" title=\"Senza nome\" data-dt-img-description=\"\" data-large_image_width=\"638\" data-large_image_height=\"401\"href='https:\/\/www.radiopiu.net\/wordpress\/wp-content\/uploads\/2024\/02\/Senza-nome-13.png'><img loading=\"lazy\" decoding=\"async\" width=\"300\" height=\"189\" src=\"https:\/\/www.radiopiu.net\/wordpress\/wp-content\/uploads\/2024\/02\/Senza-nome-13-300x189.png\" class=\"attachment-medium size-medium\" alt=\"\" srcset=\"https:\/\/www.radiopiu.net\/wordpress\/wp-content\/uploads\/2024\/02\/Senza-nome-13-300x189.png 300w, https:\/\/www.radiopiu.net\/wordpress\/wp-content\/uploads\/2024\/02\/Senza-nome-13.png 638w\" sizes=\"auto, (max-width: 300px) 100vw, 300px\" \/><\/a>\n\t\t\t\t<\/dt><\/dl><br style=\"clear: both\" \/>\n\t\t\t<\/div>\n\n<p>&nbsp;<\/p>\n<p>&nbsp;<\/p>\n<hr \/>\n<p>&nbsp;<\/p>\n<h1><\/h1>\n<h1 style=\"text-align: center;\"><span style=\"color: #ff0000;\">I podcast informativi del mattino &#8211; audio &#8211;\u00a0<\/span><\/h1>\n<blockquote><p><strong><a class=\"dt-pswp-item\" href=\"https:\/\/www.radiopiu.net\/wordpress\/wp-content\/uploads\/2021\/03\/MICROFONO.jpg\" data-dt-img-description=\"\" data-large_image_width=\"1920\" data-large_image_height=\"1280\"><img loading=\"lazy\" decoding=\"async\" class=\"wp-image-197009 alignleft\" src=\"https:\/\/www.radiopiu.net\/wordpress\/wp-content\/uploads\/2021\/03\/MICROFONO-300x200.jpg\" alt=\"\" width=\"132\" height=\"88\" srcset=\"https:\/\/www.radiopiu.net\/wordpress\/wp-content\/uploads\/2021\/03\/MICROFONO-300x200.jpg 300w, https:\/\/www.radiopiu.net\/wordpress\/wp-content\/uploads\/2021\/03\/MICROFONO-1024x683.jpg 1024w, https:\/\/www.radiopiu.net\/wordpress\/wp-content\/uploads\/2021\/03\/MICROFONO-768x512.jpg 768w, https:\/\/www.radiopiu.net\/wordpress\/wp-content\/uploads\/2021\/03\/MICROFONO-1536x1024.jpg 1536w, https:\/\/www.radiopiu.net\/wordpress\/wp-content\/uploads\/2021\/03\/MICROFONO.jpg 1920w\" sizes=\"auto, (max-width: 132px) 100vw, 132px\" \/><\/a>GIORNALE RADIO NAZIONALE, EDIZIONE DELLE SETTE <span style=\"color: #0000ff;\">viene pubblicato alle 7.05 <span style=\"color: #ff0000;\">DIRETTA RADIO\u00a0<\/span><\/span><\/strong><\/p><\/blockquote>\n<p><strong>il giornale radionazionale e&#8217; in onda ogni ora, dalle sette del mattino alle venti della sera\u00a0\u00a0<\/strong><\/p>\n<p>&nbsp;<\/p>\n<p><strong>Guerra<\/strong> 122 giorni, accordi rifiutati, nuovi raid in Yemen. <strong>712 giorni<\/strong> di guerra in Ucraina &#8220;quando arriver\u00e0 in Europa nessuno sar\u00e0 pronto&#8221;. Cremlino: almeno 28 vittime civile. <strong>Pavia<\/strong> settimana di contestazioni gli agricolotori non si fermano e puntano su Roma <strong>Catania<\/strong> La 13enne ha identificato i 3 autori dello stupro, non identificati gli altri 4 egiziani &#8220;ospiti&#8221; dell&#8217;Italia. <strong>Torino<\/strong> sabato i funerali vi Vittorio Emenuele di Savoia.<\/p>\n<h2>AUDIO DALLE 7 DEL MATTINO<\/h2>\n<audio class=\"wp-audio-shortcode\" id=\"audio-372964-3\" preload=\"none\" style=\"width: 100%;\" controls=\"controls\"><source type=\"audio\/mpeg\" src=\"https:\/\/www.radiopiu.net\/wordpress\/wp-content\/uploads\/2024\/02\/giornale07-3.mp3?_=3\" \/><a href=\"https:\/\/www.radiopiu.net\/wordpress\/wp-content\/uploads\/2024\/02\/giornale07-3.mp3\">https:\/\/www.radiopiu.net\/wordpress\/wp-content\/uploads\/2024\/02\/giornale07-3.mp3<\/a><\/audio>\n<p>&nbsp;<\/p>\n<p>&nbsp;<\/p>\n<hr \/>\n<p>&nbsp;<\/p>\n<p>&nbsp;<\/p>\n<h1><span style=\"color: #ff0000;\">I podcast informativi del mattino &#8211; video &#8211;\u00a0<\/span><\/h1>\n<h2><strong><a class=\"dt-pswp-item\" href=\"https:\/\/www.radiopiu.net\/wordpress\/wp-content\/uploads\/2024\/02\/COPERTINA-1.png\" data-dt-img-description=\"\" data-large_image_width=\"544\" data-large_image_height=\"290\"><img loading=\"lazy\" decoding=\"async\" class=\" wp-image-373204 alignleft\" src=\"https:\/\/www.radiopiu.net\/wordpress\/wp-content\/uploads\/2024\/02\/COPERTINA-1-300x160.png\" alt=\"\" width=\"251\" height=\"134\" srcset=\"https:\/\/www.radiopiu.net\/wordpress\/wp-content\/uploads\/2024\/02\/COPERTINA-1-300x160.png 300w, https:\/\/www.radiopiu.net\/wordpress\/wp-content\/uploads\/2024\/02\/COPERTINA-1.png 544w\" sizes=\"auto, (max-width: 251px) 100vw, 251px\" \/><\/a>RASSEGNA STAMPA LOCALE, ORE OTTO 05<\/strong><\/h2>\n<h2><strong> <span style=\"color: #0000ff;\">viene\u00a0 <\/span><\/strong><strong><span style=\"color: #0000ff;\">pubblicata alle 8.05 <span style=\"color: #ff0000;\">DIRETTA RADIO\u00a0\u00a0<\/span><\/span><\/strong><\/h2>\n<p>&nbsp;<\/p>\n<p><strong>DI MIRKO MEZZACASA\u00a0\u00a0<\/strong><\/p>\n<p><strong>CGIA MESTRE<\/strong> NEGLI ULTIMI 2 ANNI IL CARO VITA E\u2019 COSTATO ALLE FAMIGLIE VENETE QUASI 3.500 EURO IN PIU\u2019<br \/>\n<strong>POLEMICHE<\/strong> I cacciatori del Veneto pretendono di poter percorrere le strade bianche oggi vietate. L&#8217;opposizione in Regione promette battaglia.<br \/>\n<strong>CANALE D&#8217;AGORDO<\/strong> Gestione Servizi Pubblici informa che a CANALE D\u2019 AGORDO nella localit\u00e0 GARES, l\u2019acqua erogata dall\u2019acquedotto non \u00e8 potabile e non pu\u00f2 essere usata per scopi alimentari.<br \/>\n<strong>OTORINOLARINGOIATRIA DI BELLUNO:<\/strong> LE NOVIT\u00c0 BELLUNO Il servizio di otorinolaringoiatria di Belluno offre una serie di interventi specializzati, inclusi un servizio di odontoiatria per persone con gravi disabilit\u00e0, tecniche innovative per patologie oncologiche<br \/>\n<strong>ALLEGHE<\/strong> LA COPPA DEL MONDO DI SKICROSS AD ALLEGHE, PROMOZIONE GLOBALE PER LE DOLOMITI BELLUNESI<\/p>\n<h2><a href=\"https:\/\/www.youtube.com\/watch?v=sHvEigLwLXI\"><span style=\"color: #0000ff;\"><strong>video\u00a0 <\/strong>DALLE 8 DEL MATTINO clicca qui\u00a0<\/span><\/a><\/h2>\n<p>&nbsp;<\/p>\n<p><iframe loading=\"lazy\" title=\"DAL 1983 LA RASSEGNA STAMPA LOCALE di mirko mezzacasa. L&#039;ORIGINALE\" width=\"1200\" height=\"675\" src=\"https:\/\/www.youtube.com\/embed\/sHvEigLwLXI?feature=oembed\" frameborder=\"0\" allow=\"accelerometer; autoplay; clipboard-write; encrypted-media; gyroscope; picture-in-picture; web-share\" allowfullscreen><\/iframe><\/p>\n<p>&nbsp;<\/p>\n<p>&nbsp;<\/p>\n<p>&nbsp;<\/p>\n<p>&nbsp;<\/p>\n<hr \/>\n<p>&nbsp;<\/p>\n<blockquote>\n<h3>ACQUA NON POTABILE A GARES DI CANALE D&#8217;AGORDO<\/h3>\n<\/blockquote>\n<p><a class=\"dt-pswp-item\" href=\"https:\/\/www.radiopiu.net\/wordpress\/wp-content\/uploads\/2018\/08\/ACQUA.jpeg\" data-dt-img-description=\"\" data-large_image_width=\"1280\" data-large_image_height=\"768\"><img loading=\"lazy\" decoding=\"async\" class=\" wp-image-57052 alignleft\" src=\"https:\/\/www.radiopiu.net\/wordpress\/wp-content\/uploads\/2018\/08\/ACQUA-300x180.jpeg\" alt=\"\" width=\"137\" height=\"82\" srcset=\"https:\/\/www.radiopiu.net\/wordpress\/wp-content\/uploads\/2018\/08\/ACQUA-300x180.jpeg 300w, https:\/\/www.radiopiu.net\/wordpress\/wp-content\/uploads\/2018\/08\/ACQUA-768x461.jpeg 768w, https:\/\/www.radiopiu.net\/wordpress\/wp-content\/uploads\/2018\/08\/ACQUA-1024x614.jpeg 1024w, https:\/\/www.radiopiu.net\/wordpress\/wp-content\/uploads\/2018\/08\/ACQUA.jpeg 1280w\" sizes=\"auto, (max-width: 137px) 100vw, 137px\" \/><\/a>Gestione Servizi Pubblici informa che a CANALE D&#8217; AGORDO nella localit\u00e0 GARES, l&#8217;acqua erogata dall&#8217;acquedotto non \u00e8 potabile e non pu\u00f2 essere usata per scopi alimentari. GSP ha, comunque, gi\u00e0 adottato le necessarie misure per la disinfezione dell&#8217;acqua presente nei serbatoi e nella rete idrica con l&#8217;aggiunta di cloro.<\/p>\n<p>&nbsp;<\/p>\n<p>&nbsp;<\/p>\n<hr \/>\n<p>&nbsp;<\/p>\n<blockquote>\n<h2>Addio a Cristian Dalla Palma: Lutto a Vellai per l&#8217;allevatore dai Cuori Coraggiosi<\/h2>\n<\/blockquote>\n<p><img loading=\"lazy\" decoding=\"async\" class=\"alignleft\" src=\"https:\/\/www.radiopiu.net\/wordpress\/wp-content\/uploads\/2023\/07\/Senza-nome-104.png\" width=\"166\" height=\"123\" \/><strong>\u00a0FELTRE<\/strong> A oltre sei mesi dall&#8217;insorgenza di un grave malore mentre lavorava nella sua stalla di Vellai, Cristian Dalla Palma, 47 anni, si \u00e8 spento ieri mattina presso il centro di riabilitazione di Motta di Livenza. L&#8217;allevatore, colto da malore lo scorso luglio, era stato ricoverato d&#8217;urgenza al Ca&#8217; Foncello di Treviso, e successivamente trasferito al centro specializzato per il recupero delle funzioni motorie. Le sue condizioni erano seguite con apprensione dalla comunit\u00e0 di Vellai, dove Cristian era conosciuto e stimato per il suo impegno professionale e associativo. Un lutto che colpisce profondamente una famiglia gi\u00e0 segnata da altre dolorose perdite, tra cui quella del padre Pietro Dalla Palma nel febbraio 2023. La comunit\u00e0 di Vellai esprime solidariet\u00e0 e affetto alla famiglia colpita dalla tragedia. Il funerale di Cristian Dalla Palma si terr\u00e0 gioved\u00ec pomeriggio nella chiesa parrocchiale di Vellai.<\/p>\n<p>FOTO\u00a0 CORRIERE ALPI.<\/p>\n<p>&nbsp;<\/p>\n<p><strong>27 LUGLIO 2023<\/strong><\/p>\n<blockquote>\n<h3 class=\"articlePlainSubHead\">SEMPRE GRAVI LE CONDIZIONI DI CRISTIAN<\/h3>\n<\/blockquote>\n<div class=\"articlePlainSubHead\"><strong>FELTRE<\/strong> Restano gravi le condizioni di Cristian Dalla Palma, ricoverato all&#8217;ospedale di Treviso dopo il malore accusato nella mattinata di marted\u00ec all&#8217;interno della stalla dell&#8217;azienda agricola di cui \u00e8 titolare a Vellai. Nel Feltrino s non solo Dalla Palma \u00e8 molto conosciuto. L&#8217;agricoltore \u00e8 stato colto da malore all&#8217;interno della stalla, traovato a terra da un rappresentante che ha <img loading=\"lazy\" decoding=\"async\" class=\"alignleft\" src=\"https:\/\/www.radiopiu.net\/wordpress\/wp-content\/uploads\/2023\/07\/eli-1.jpg\" width=\"269\" height=\"131\" \/>chiamato il 118.<\/div>\n<div><\/div>\n<p>&nbsp;<\/p>\n<p>PRIMA EDIZIONE 26 LUGLIO<\/p>\n<p><strong>FELTRE I<\/strong>eri mattina, Cristian Dalla Palma, un uomo di 45 anni, ha avuto un malore improvviso. Il tragico episodio \u00e8 avvenuto alle 10 del mattino, l&#8217;uomo \u00e8 stata trovato riverso a terra da un rappresentante con il quale aveva un appuntamento. Dalla Palma \u00e8 stato soccorso dall&#8217;elicottero del Suem e portato in gravi condizioni all&#8217;ospedale di Treviso dove \u00e8 ricoverato in prognosi riservata.<\/p>\n<p>&nbsp;<\/p>\n<p>&nbsp;<\/p>\n<p>&nbsp;<\/p>\n<hr \/>\n<blockquote>\n<h3><\/h3>\n<h3>SERGIO LIVAN NON CE L&#8217;HA FATTA E&#8217; MORTO IN OSPEDALE<\/h3>\n<\/blockquote>\n<p><strong><img loading=\"lazy\" decoding=\"async\" class=\"alignleft\" src=\"https:\/\/www.radiopiu.net\/wordpress\/wp-content\/uploads\/2024\/02\/Senza-nome-11.png\" width=\"144\" height=\"139\" \/>VAL DI ZOLDO<\/strong> Il 63enne Sergio Livan di Pieve di Val di Zoldo \u00e8 deceduto all&#8217;ospedale Ca&#8217; Foncello di Treviso a seguito dell&#8217;impatto frontale tra la sua Mini Cooper e un&#8217;Alfa Romeo Stelvio avvenuto sulla strada provinciale 251 tra Forno e Dont. Nonostante i soccorsi tempestivi e l&#8217;elicottero del Suem 118, non \u00e8 stato possibile salvarlo. I funerali sono previsti per marted\u00ec 6 nella chiesa di San Floriano di Pieve di Val di Zoldo. La famiglia ha chiesto che eventuali offerte siano devolute al Soccorso Ambulanza di Val di Zoldo. L&#8217;incidente ha coinvolto altre due persone, una delle quali \u00e8 stata trasportata al San Martino di Belluno con traumi di media gravit\u00e0. La Procura di Belluno ha aperto un fascicolo per omicidio stradale, mentre i vigili del fuoco hanno lavorato per ripristinare la viabilit\u00e0.<\/p>\n<p>&nbsp;<\/p>\n<hr \/>\n<p>&nbsp;<\/p>\n<blockquote>\n<h3>LUTTO AD AGORDO, E&#8217; MANCATO FRANCO IL &#8220;BIANCOROSSO&#8221; BOLZANINO<\/h3>\n<\/blockquote>\n<p><a class=\"dt-pswp-item\" href=\"https:\/\/www.radiopiu.net\/wordpress\/wp-content\/uploads\/2024\/02\/Senza-nome-14.png\" data-dt-img-description=\"\" data-large_image_width=\"216\" data-large_image_height=\"171\"><img loading=\"lazy\" decoding=\"async\" class=\"size-full wp-image-373235 alignleft\" src=\"https:\/\/www.radiopiu.net\/wordpress\/wp-content\/uploads\/2024\/02\/Senza-nome-14.png\" alt=\"\" width=\"216\" height=\"171\" \/><\/a><strong>REDAZIONE<\/strong> Apprendiamo dalla moglie Tiziana Soia, ad esequie avvenute, della scomparsa di Franco Lona, spentosi serenamente dopo lunghe sofferenze. Agordino acquisito ormai da anni, residente a Toccol di Agordo. Con Tiziana ha creato l&#8217;ufficio della Ing nel capoluogo. Noi abbiamo avuto la fortuna di conoscerlo anche ai tempi della Dival, Bolzano Hockey Dival,\u00a0 plurivincitore di scudetti. Parlare di hockey con Franco era una battaglia persa, primo perch\u00e9 lui tifava un biancorosso diverso da quello alleghese. Era una battaglia persa perch\u00e9 di hockey ne sapeva tanto, molto pi\u00f9 di noi della redazione. Comunque&#8230; ad un certo punto ci sembrava tifasse con piacere anche la squadra sulla porta di casa e nel cuore della sua compagna di vita, alleghese di Caprile.<\/p>\n<blockquote><p><em>\u00a0Dalla famiglia &#8220;Un ringraziamento particolare al dottor Pennachioni, Toni De Pra, diabetologia dell&#8217;ospedale di Agordo, al personale dell&#8217; Ospedale di Comunit\u00e0, Fisioterapista Francisco, Caposala Paola, vice Giovanna, Filippa, Daniele, Roberta, Silvia, Flavia, Roberta, Michela, Valentina, Armanda, Davide, Maria Teresa. Giovanna, Barbara, Monica, Sara, Luisa e Susi.<\/em><\/p><\/blockquote>\n<p><strong>Un messaggio di cordoglio a Tiziana, Silvia, Edi, ai figli Roberta e Davide, ai parenti tutti.<\/strong><\/p>\n<p>&nbsp;<\/p>\n<p>&nbsp;<\/p>\n<hr \/>\n<p>&nbsp;<\/p>\n<blockquote>\n<h3>AUTO CONTRO OSTACOLO FISSO: UNA PERSONA FERITA<\/h3>\n<\/blockquote>\n<p><strong><a class=\"dt-pswp-item\" href=\"https:\/\/www.radiopiu.net\/wordpress\/wp-content\/uploads\/2024\/02\/0946490d-41a2-4d98-95e0-62cc54c10256.jpg\" data-dt-img-description=\"\" data-large_image_width=\"895\" data-large_image_height=\"600\"><img loading=\"lazy\" decoding=\"async\" class=\" wp-image-373069 alignleft\" src=\"https:\/\/www.radiopiu.net\/wordpress\/wp-content\/uploads\/2024\/02\/0946490d-41a2-4d98-95e0-62cc54c10256-300x201.jpg\" alt=\"\" width=\"133\" height=\"89\" srcset=\"https:\/\/www.radiopiu.net\/wordpress\/wp-content\/uploads\/2024\/02\/0946490d-41a2-4d98-95e0-62cc54c10256-300x201.jpg 300w, https:\/\/www.radiopiu.net\/wordpress\/wp-content\/uploads\/2024\/02\/0946490d-41a2-4d98-95e0-62cc54c10256-768x515.jpg 768w, https:\/\/www.radiopiu.net\/wordpress\/wp-content\/uploads\/2024\/02\/0946490d-41a2-4d98-95e0-62cc54c10256.jpg 895w\" sizes=\"auto, (max-width: 133px) 100vw, 133px\" \/><\/a>PONTE NELLE ALPI<\/strong> Sabato alle 12:20, i vigili del fuoco sono intervenuti a Quantin nel comune di Ponte Nelle Alpi, dove un automobilista era finito contro un ostacolo, riportando ferite. I pompieri da Belluno hanno messo in sicurezza il veicolo, mentre il ferito \u00e8 stato assistito dal personale sanitario del Suem prima di essere trasferito in ospedale. La polizia stradale ha deviato il traffico e effettuato i rilievi del sinistro.<\/p>\n<p>&nbsp;<\/p>\n<p>&nbsp;<\/p>\n<hr \/>\n<p>&nbsp;<\/p>\n<blockquote>\n<h3>SCIALPINISTA RECUPERATO SUI CADINI DI MISURINA<\/h3>\n<\/blockquote>\n<p><strong>AURONZO DI CADORE<\/strong> Sabato poco prima di mezzogiorno l&#8217;elicottero del Suem di Pieve di Cadore \u00e8 volato sotto Forcella Pogofa, sui Cadini di Misurina, dove si era infortunato uno scialpinista. Sbarcati con un verricello di 40 metri, equipe medica e tecnico di elisoccorso hanno prestato le prime cure al 28enne tedesco per una sospetta frattura alla spalla. Issato a bordo, lo sciatore \u00e8 stato trasportato all&#8217;ospedale di Belluno.<\/p>\n<p>&nbsp;<\/p>\n<p>&nbsp;<\/p>\n<p>&nbsp;<\/p>\n<hr \/>\n<p>&nbsp;<\/p>\n<blockquote>\n<h3>LOTTA CONTRO IL CANCRO: IL VENETO PUNTA ALLA PREVENZIONE<\/h3>\n<\/blockquote>\n<p><strong><a class=\"dt-pswp-item\" href=\"https:\/\/www.radiopiu.net\/wordpress\/wp-content\/uploads\/2018\/06\/sanita.jpg\" data-dt-img-description=\"\" data-large_image_width=\"1280\" data-large_image_height=\"803\"><img loading=\"lazy\" decoding=\"async\" class=\" wp-image-51292 alignleft\" src=\"https:\/\/www.radiopiu.net\/wordpress\/wp-content\/uploads\/2018\/06\/sanita-300x188.jpg\" alt=\"\" width=\"148\" height=\"93\" srcset=\"https:\/\/www.radiopiu.net\/wordpress\/wp-content\/uploads\/2018\/06\/sanita-300x188.jpg 300w, https:\/\/www.radiopiu.net\/wordpress\/wp-content\/uploads\/2018\/06\/sanita-768x482.jpg 768w, https:\/\/www.radiopiu.net\/wordpress\/wp-content\/uploads\/2018\/06\/sanita-1024x642.jpg 1024w, https:\/\/www.radiopiu.net\/wordpress\/wp-content\/uploads\/2018\/06\/sanita.jpg 1280w\" sizes=\"auto, (max-width: 148px) 100vw, 148px\" \/><\/a>VENEZIA<\/strong> Il Presidente della Regione Veneto, Luca Zaia, sottolinea l&#8217;impegno della sanit\u00e0 veneta nella lotta contro il cancro, considerando la prevenzione come uno degli assi principali. Zaia enfatizza i quattro punti chiave: prevenzione, organizzazione in rete, modernit\u00e0 delle attrezzature di diagnosi e cura, e la professionalit\u00e0 dei sanitari e dei team multidisciplinari. Sottolinea l&#8217;importanza dell&#8217;unione, evidenziando l&#8217;efficacia delle Breast Unit nella diagnosi e cura del tumore al seno e il contributo prezioso dell&#8217;Istituto Oncologico Veneto (IOV). Zaia sottolinea che, nonostante i successi nella diagnosi e cura, la prevenzione rimane cruciale e invita a concentrarsi su di essa per evitare lo sviluppo di tumori, con l&#8217;obiettivo di continuare a migliorare la salute della popolazione.<\/p>\n<p>&nbsp;<\/p>\n<p>&nbsp;<\/p>\n<hr \/>\n<p>&nbsp;<\/p>\n<blockquote>\n<h3>OTORINOLARINGOIATRIA DI BELLUNO: LE NOVIT\u00c0<\/h3>\n<\/blockquote>\n<p><strong><a class=\"dt-pswp-item\" href=\"https:\/\/www.radiopiu.net\/wordpress\/wp-content\/uploads\/2024\/02\/WhatsApp-Image-2024-02-03-at-11.37.54.jpeg\" data-dt-img-description=\"\" data-large_image_width=\"2040\" data-large_image_height=\"1530\"><img loading=\"lazy\" decoding=\"async\" class=\" wp-image-372997 alignleft\" src=\"https:\/\/www.radiopiu.net\/wordpress\/wp-content\/uploads\/2024\/02\/WhatsApp-Image-2024-02-03-at-11.37.54-300x225.jpeg\" alt=\"\" width=\"175\" height=\"131\" srcset=\"https:\/\/www.radiopiu.net\/wordpress\/wp-content\/uploads\/2024\/02\/WhatsApp-Image-2024-02-03-at-11.37.54-300x225.jpeg 300w, https:\/\/www.radiopiu.net\/wordpress\/wp-content\/uploads\/2024\/02\/WhatsApp-Image-2024-02-03-at-11.37.54-1024x768.jpeg 1024w, https:\/\/www.radiopiu.net\/wordpress\/wp-content\/uploads\/2024\/02\/WhatsApp-Image-2024-02-03-at-11.37.54-768x576.jpeg 768w, https:\/\/www.radiopiu.net\/wordpress\/wp-content\/uploads\/2024\/02\/WhatsApp-Image-2024-02-03-at-11.37.54-1536x1152.jpeg 1536w, https:\/\/www.radiopiu.net\/wordpress\/wp-content\/uploads\/2024\/02\/WhatsApp-Image-2024-02-03-at-11.37.54.jpeg 2040w\" sizes=\"auto, (max-width: 175px) 100vw, 175px\" \/><\/a>BELLUNO<\/strong> Il servizio di otorinolaringoiatria di Belluno offre una serie di interventi specializzati, inclusi un servizio di odontoiatria per persone con gravi disabilit\u00e0, tecniche innovative per patologie oncologiche testa collo, trattamenti con farmaci biologici per le poliposi nasali e un ambulatorio per lo studio delle apnee notturne. La solida \u00e9quipe, guidata dal primario Roberto Bianchini e rinforzata dalla giovane medico bellunese dottoressa Baldovin, ha registrato circa 1.000 interventi chirurgici all&#8217;anno, con un aumento del 17% nell&#8217;attivit\u00e0 ambulatoriale rispetto al 2022. Tra i successi, spicca il trattamento chirurgico delle patologie oncologiche testa collo, con particolare enfasi sulla tiroide attraverso tecniche mininvasive. L&#8217;attivit\u00e0 di riabilitazione post-operatoria \u00e8 anch&#8217;essa un punto forte del servizio, mentre \u00e8 in fase di attivazione un ambulatorio dedicato all&#8217;equilibrio. L&#8217;annuncio \u00e8 stato fatto in occasione di San Biagio, patrono della gola.<\/p>\n<p><strong>I DATI PRESENTATI<\/strong><\/p>\n<a href=\"https:\/\/www.radiopiu.net\/wordpress\/wp-content\/uploads\/2024\/02\/ORL-BELLUNO-1.pdf\" class=\"pdfemb-viewer\" style=\"\" data-width=\"max\" data-height=\"max\" data-toolbar=\"top\" data-toolbar-fixed=\"on\">ORL BELLUNO (1)<\/a>\n<p>&nbsp;<\/p>\n<hr \/>\n<p>&nbsp;<\/p>\n<blockquote>\n<h3>LA COPPA DEL MONDO DI SKICROSS AD ALLEGHE, PROMOZIONE GLOBALE PER LE DOLOMITI BELLUNESI<\/h3>\n<\/blockquote>\n<p><strong><a class=\"dt-pswp-item\" href=\"https:\/\/www.radiopiu.net\/wordpress\/wp-content\/uploads\/2024\/02\/INDIA_SHERRET_BIGFINAL_SKICROSS_ALLEGHE-scaled.jpg\" data-dt-img-description=\"\" data-large_image_width=\"2560\" data-large_image_height=\"1706\"><img loading=\"lazy\" decoding=\"async\" class=\" wp-image-372855 alignleft\" src=\"https:\/\/www.radiopiu.net\/wordpress\/wp-content\/uploads\/2024\/02\/INDIA_SHERRET_BIGFINAL_SKICROSS_ALLEGHE-300x200.jpg\" alt=\"\" width=\"180\" height=\"120\" srcset=\"https:\/\/www.radiopiu.net\/wordpress\/wp-content\/uploads\/2024\/02\/INDIA_SHERRET_BIGFINAL_SKICROSS_ALLEGHE-300x200.jpg 300w, https:\/\/www.radiopiu.net\/wordpress\/wp-content\/uploads\/2024\/02\/INDIA_SHERRET_BIGFINAL_SKICROSS_ALLEGHE-1024x682.jpg 1024w, https:\/\/www.radiopiu.net\/wordpress\/wp-content\/uploads\/2024\/02\/INDIA_SHERRET_BIGFINAL_SKICROSS_ALLEGHE-768x512.jpg 768w, https:\/\/www.radiopiu.net\/wordpress\/wp-content\/uploads\/2024\/02\/INDIA_SHERRET_BIGFINAL_SKICROSS_ALLEGHE-1536x1024.jpg 1536w, https:\/\/www.radiopiu.net\/wordpress\/wp-content\/uploads\/2024\/02\/INDIA_SHERRET_BIGFINAL_SKICROSS_ALLEGHE-2048x1365.jpg 2048w\" sizes=\"auto, (max-width: 180px) 100vw, 180px\" \/><\/a>ALLEGHE<\/strong> La tappa di Coppa del Mondo di Ski Cross ad Alleghe \u00e8 stata un successo organizzativo e promozionale. Il consigliere provinciale Danilo De Toni evidenzia la bellezza del contesto, con lo sfondo del Pelmo, sottolineando che poche localit\u00e0 possono offrire una simile combinazione di paesaggio e organizzazione. La competizione ha coinvolto atleti freestyle di livello mondiale, richiedendo sforzi significativi per la preparazione del tracciato. De Toni sottolinea l&#8217;importanza di eventi come questi nel promuovere le Dolomiti Bellunesi e il crescente interesse per lo sci freestyle, soprattutto tra i giovani. La presenza del marchio delle Dolomiti Bellunesi sui pettorali degli atleti ha contribuito alla promozione del territorio. De Toni conclude esprimendo l&#8217;auspicio di continuare a collaborare per sfruttare il potenziale del Bellunese e far crescere il territorio attraverso il supporto di operatori, industria del turismo, volontariato e istituzioni.<\/p>\n<p>&nbsp;<\/p>\n<p>&nbsp;<\/p>\n<hr \/>\n<p>&nbsp;<\/p>\n<blockquote>\n<h3>DANIELE SELLE &#8220;BRONZO&#8221; ALLE OLIMPIADI DELLA CUCINA A STOCCARDA<\/h3>\n<p><em>L&#8217;agordino Daniele Selle ha conquistato il bronzo. A complimentarsi con lui \u00e8 Paolo Frena, presidente dell&#8217;Unione montana agordina, ma soprattutto suo insegnante di cucina alla scuola alberghiera di Falcade<\/em><\/p><\/blockquote>\n<p><strong><a class=\"dt-pswp-item\" href=\"https:\/\/www.radiopiu.net\/wordpress\/wp-content\/uploads\/2024\/02\/5bda2327-fa8d-4709-bfc8-28bbe2192c19.jpg\" data-dt-img-description=\"\" data-large_image_width=\"1536\" data-large_image_height=\"2048\"><img loading=\"lazy\" decoding=\"async\" class=\" wp-image-373073 alignleft\" src=\"https:\/\/www.radiopiu.net\/wordpress\/wp-content\/uploads\/2024\/02\/5bda2327-fa8d-4709-bfc8-28bbe2192c19-225x300.jpg\" alt=\"\" width=\"92\" height=\"123\" srcset=\"https:\/\/www.radiopiu.net\/wordpress\/wp-content\/uploads\/2024\/02\/5bda2327-fa8d-4709-bfc8-28bbe2192c19-225x300.jpg 225w, https:\/\/www.radiopiu.net\/wordpress\/wp-content\/uploads\/2024\/02\/5bda2327-fa8d-4709-bfc8-28bbe2192c19-768x1024.jpg 768w, https:\/\/www.radiopiu.net\/wordpress\/wp-content\/uploads\/2024\/02\/5bda2327-fa8d-4709-bfc8-28bbe2192c19-1152x1536.jpg 1152w, https:\/\/www.radiopiu.net\/wordpress\/wp-content\/uploads\/2024\/02\/5bda2327-fa8d-4709-bfc8-28bbe2192c19.jpg 1536w\" sizes=\"auto, (max-width: 92px) 100vw, 92px\" \/><\/a>REDAZIONE<\/strong> L&#8217;Olimpiade der Cocke si svolge a Stoccarda dal 2 al 7 febbraio 2024. Il prestigioso concorso, che si tiene ogni 4 anni, rappresenta la massima competizione per i cuochi. Quest&#8217;anno partecipano 55 nazioni, con oltre 1200 professionisti, tra cui 24 squadre Nazionali Senior e 29 Nazionali Junior, 22 Community Catering Team, 24 Regional Team, e pi\u00f9 di 500 concorrenti individuali per le sculture artistiche. Le competizioni coinvolgono 17 cucine, con oltre 7000 men\u00f9 preparati complessivamente. Un evento di grande portata nel mondo culinario. Tra gli italiani in gara anche Daniele Selle che si \u00e8 presentato con un&#8217;opera di formaggio intagliato<\/p>\n<p><strong>I COMPLIMENTI DEL DOCENTE PAOLO FRENA<\/strong><\/p>\n<audio class=\"wp-audio-shortcode\" id=\"audio-372964-4\" preload=\"none\" style=\"width: 100%;\" controls=\"controls\"><source type=\"audio\/mpeg\" src=\"https:\/\/www.radiopiu.net\/wordpress\/wp-content\/uploads\/2024\/02\/PAOLO-FRENA.mp3?_=4\" \/><a href=\"https:\/\/www.radiopiu.net\/wordpress\/wp-content\/uploads\/2024\/02\/PAOLO-FRENA.mp3\">https:\/\/www.radiopiu.net\/wordpress\/wp-content\/uploads\/2024\/02\/PAOLO-FRENA.mp3<\/a><\/audio>\n<div><\/div>\n<div><\/div>\n<div><\/div>\n<hr \/>\n<p>&nbsp;<\/p>\n<blockquote>\n<h3>ALLA SCUOLA DELL&#8217;INFANZIA DI AGORDO LA GIORNATA DEI CALZINI SPAIATI<\/h3>\n<\/blockquote>\n<p><strong><a class=\"dt-pswp-item\" href=\"https:\/\/www.radiopiu.net\/wordpress\/wp-content\/uploads\/2024\/02\/fae74c22-f315-42e7-ad30-d58919c26573.jpg\" data-dt-img-description=\"\" data-large_image_width=\"1600\" data-large_image_height=\"1600\"><img loading=\"lazy\" decoding=\"async\" class=\" wp-image-373150 alignleft\" src=\"https:\/\/www.radiopiu.net\/wordpress\/wp-content\/uploads\/2024\/02\/fae74c22-f315-42e7-ad30-d58919c26573-300x300.jpg\" alt=\"\" width=\"148\" height=\"148\" srcset=\"https:\/\/www.radiopiu.net\/wordpress\/wp-content\/uploads\/2024\/02\/fae74c22-f315-42e7-ad30-d58919c26573-300x300.jpg 300w, https:\/\/www.radiopiu.net\/wordpress\/wp-content\/uploads\/2024\/02\/fae74c22-f315-42e7-ad30-d58919c26573-1024x1024.jpg 1024w, https:\/\/www.radiopiu.net\/wordpress\/wp-content\/uploads\/2024\/02\/fae74c22-f315-42e7-ad30-d58919c26573-150x150.jpg 150w, https:\/\/www.radiopiu.net\/wordpress\/wp-content\/uploads\/2024\/02\/fae74c22-f315-42e7-ad30-d58919c26573-768x768.jpg 768w, https:\/\/www.radiopiu.net\/wordpress\/wp-content\/uploads\/2024\/02\/fae74c22-f315-42e7-ad30-d58919c26573-1536x1536.jpg 1536w, https:\/\/www.radiopiu.net\/wordpress\/wp-content\/uploads\/2024\/02\/fae74c22-f315-42e7-ad30-d58919c26573.jpg 1600w\" sizes=\"auto, (max-width: 148px) 100vw, 148px\" \/><\/a>AGORDO<\/strong><\/p>\n<p>DI GIANNI SANTOMASO<\/p>\n<audio class=\"wp-audio-shortcode\" id=\"audio-372964-5\" preload=\"none\" style=\"width: 100%;\" controls=\"controls\"><source type=\"audio\/mpeg\" src=\"https:\/\/www.radiopiu.net\/wordpress\/wp-content\/uploads\/2024\/02\/GIANNI-ALLA-SCUOLA-DELLINFANZIA-DI-AGORDO-LA-GIORNATA-DEI-CALZINI-SPAIATI.mp3?_=5\" \/><a href=\"https:\/\/www.radiopiu.net\/wordpress\/wp-content\/uploads\/2024\/02\/GIANNI-ALLA-SCUOLA-DELLINFANZIA-DI-AGORDO-LA-GIORNATA-DEI-CALZINI-SPAIATI.mp3\">https:\/\/www.radiopiu.net\/wordpress\/wp-content\/uploads\/2024\/02\/GIANNI-ALLA-SCUOLA-DELLINFANZIA-DI-AGORDO-LA-GIORNATA-DEI-CALZINI-SPAIATI.mp3<\/a><\/audio>\n<p>&nbsp;<\/p>\n<hr \/>\n<p>&nbsp;<\/p>\n<blockquote>\n<h2>Contributo per Trasporto e Alloggio alle Scuole Superiori&#8221;<\/h2>\n<\/blockquote>\n<p><strong>ROCCA PIETORE<\/strong> La giunta comunale di Rocca Pietore ha istituito un contributo economico per le famiglie degli studenti residenti nel comune, impegnati nello studio alle scuole superiori e che affrontano spese per il trasporto e l&#8217;alloggio. Il sostegno \u00e8 finalizzato a ridurre i costi legati al pendolarismo quotidiano o alla sistemazione fuori casa durante la settimana. Le richieste di contributo devono essere presentate entro il 15 marzo utilizzando il modulo disponibile sul sito del Comune.<\/p>\n<p>&nbsp;<\/p>\n<p>&nbsp;<\/p>\n<hr \/>\n<p>&nbsp;<\/p>\n<blockquote>\n<h3>DALLA MIDO DI MILANO, PARLA FRANCESCO MILLERI\u00a0 &#8220;essilorluxottica con brunello cucinelli&#8221;<\/h3>\n<\/blockquote>\n<p><strong><a class=\"dt-pswp-item\" href=\"https:\/\/www.radiopiu.net\/wordpress\/wp-content\/uploads\/2024\/02\/mido-milan1.jpg\" data-dt-img-description=\"\" data-large_image_width=\"1024\" data-large_image_height=\"768\"><img loading=\"lazy\" decoding=\"async\" class=\" wp-image-373201 alignleft\" src=\"https:\/\/www.radiopiu.net\/wordpress\/wp-content\/uploads\/2024\/02\/mido-milan1-300x225.jpg\" alt=\"\" width=\"200\" height=\"150\" srcset=\"https:\/\/www.radiopiu.net\/wordpress\/wp-content\/uploads\/2024\/02\/mido-milan1-300x225.jpg 300w, https:\/\/www.radiopiu.net\/wordpress\/wp-content\/uploads\/2024\/02\/mido-milan1-768x576.jpg 768w, https:\/\/www.radiopiu.net\/wordpress\/wp-content\/uploads\/2024\/02\/mido-milan1.jpg 1024w\" sizes=\"auto, (max-width: 200px) 100vw, 200px\" \/><\/a>MILANO<\/strong> Francesco Milleri, Presidente e Amministratore Delegato di EssilorLuxottica, dichiara che lo stile e la bellezza rappresentano una nuova filosofia che sta permeando il mondo del lavoro. Nel contesto del gruppo, stanno rivoluzionando il design di fabbriche e uffici globalmente, assumendo una prospettiva e un&#8217;organizzazione innovative. Milleri sottolinea la responsabilit\u00e0 di avvicinare coloro che possono adottare lo smart working, contrastando le limitazioni tecniche per garantire equit\u00e0. L&#8217;accordo esclusivo di licenza tra Brunello Cucinelli ed EssilorLuxottica per la progettazione e distribuzione di occhiali segna un impegno decennale. La collaborazione con Cucinelli rappresenta un cambio di paradigma nel mondo del lusso, con un approccio dolce e la mancanza di nuovi filosofi che uniscano intelligenza artificiale e umanit\u00e0. L&#8217;edizione 2024 della fiera dell&#8217;occhiale di Milano si conclude con vari incontri, tra cui dibattiti sulla relazione tra universit\u00e0, no-profit e settore privato, l&#8217;impatto sociale della vista, le tendenze del futuro nel gusto e l&#8217;utilizzo dell&#8217;intelligenza artificiale nella comunicazione.<\/p>\n<p>foto www.nstands.com<\/p>\n<p>&nbsp;<\/p>\n<p>&nbsp;<\/p>\n<hr \/>\n<p>&nbsp;<\/p>\n<p><strong><a class=\"dt-pswp-item\" href=\"https:\/\/www.radiopiu.net\/wordpress\/wp-content\/uploads\/2024\/01\/Senza-nome-34.png\" data-dt-img-description=\"\" data-large_image_width=\"239\" data-large_image_height=\"153\"><img loading=\"lazy\" decoding=\"async\" class=\"wp-image-369478 alignleft\" src=\"https:\/\/www.radiopiu.net\/wordpress\/wp-content\/uploads\/2024\/01\/Senza-nome-34.png\" alt=\"\" width=\"128\" height=\"82\" \/><\/a> <\/strong><\/p>\n<p><strong>\u00a0<\/strong><\/p>\n<p><strong>dal TG BELLUNESE di\u00a0 ANTENNA 3 ogni sera alle 19.30 sul canale 10 del digitale terrestre e alle 19 le anticipazioni alla radio.\u00a0 \u00a0<\/strong><\/p>\n<p>&nbsp;<\/p>\n<hr \/>\n<p>&nbsp;<\/p>\n<h1>Da\u00a0 oggi, alle 7.20 il nuovo programma alla radio\u00a0 EL BAL DEL FIOR, DETTI E MODI DI DIRE CON GIULIANA DA RONCH<\/h1>\n<p><a class=\"dt-pswp-item\" href=\"https:\/\/www.radiopiu.net\/wordpress\/wp-content\/uploads\/2024\/02\/el-bal-del-fior.jpg\" data-dt-img-description=\"\" data-large_image_width=\"1600\" data-large_image_height=\"1200\"><img loading=\"lazy\" decoding=\"async\" class=\" wp-image-372660 alignleft\" src=\"https:\/\/www.radiopiu.net\/wordpress\/wp-content\/uploads\/2024\/02\/el-bal-del-fior-300x225.jpg\" alt=\"\" width=\"133\" height=\"100\" srcset=\"https:\/\/www.radiopiu.net\/wordpress\/wp-content\/uploads\/2024\/02\/el-bal-del-fior-300x225.jpg 300w, https:\/\/www.radiopiu.net\/wordpress\/wp-content\/uploads\/2024\/02\/el-bal-del-fior-1024x768.jpg 1024w, https:\/\/www.radiopiu.net\/wordpress\/wp-content\/uploads\/2024\/02\/el-bal-del-fior-768x576.jpg 768w, https:\/\/www.radiopiu.net\/wordpress\/wp-content\/uploads\/2024\/02\/el-bal-del-fior-1536x1152.jpg 1536w, https:\/\/www.radiopiu.net\/wordpress\/wp-content\/uploads\/2024\/02\/el-bal-del-fior.jpg 1600w\" sizes=\"auto, (max-width: 133px) 100vw, 133px\" \/><\/a><\/p>\n<p>&nbsp;<\/p>\n<h2>05 FEBBRAIO 2024<\/h2>\n<h2><\/h2>\n<audio class=\"wp-audio-shortcode\" id=\"audio-372964-6\" preload=\"none\" style=\"width: 100%;\" controls=\"controls\"><source type=\"audio\/mpeg\" src=\"https:\/\/www.radiopiu.net\/wordpress\/wp-content\/uploads\/2024\/02\/GLU.m4a?_=6\" \/><a href=\"https:\/\/www.radiopiu.net\/wordpress\/wp-content\/uploads\/2024\/02\/GLU.m4a\">https:\/\/www.radiopiu.net\/wordpress\/wp-content\/uploads\/2024\/02\/GLU.m4a<\/a><\/audio>\n<p>&nbsp;<\/p>\n<p>&nbsp;<\/p>\n<h1>E ALLE 10.10 CIAK&#8230; con Paola Lanciato 1^ puntata<\/h1>\n<p><em><a class=\"dt-pswp-item\" href=\"https:\/\/www.radiopiu.net\/wordpress\/wp-content\/uploads\/2024\/02\/CIAK.jpg\" data-dt-img-description=\"\" data-large_image_width=\"1280\" data-large_image_height=\"905\"><img loading=\"lazy\" decoding=\"async\" class=\" wp-image-372653 alignleft\" src=\"https:\/\/www.radiopiu.net\/wordpress\/wp-content\/uploads\/2024\/02\/CIAK-300x212.jpg\" alt=\"\" width=\"163\" height=\"115\" srcset=\"https:\/\/www.radiopiu.net\/wordpress\/wp-content\/uploads\/2024\/02\/CIAK-300x212.jpg 300w, https:\/\/www.radiopiu.net\/wordpress\/wp-content\/uploads\/2024\/02\/CIAK-1024x724.jpg 1024w, https:\/\/www.radiopiu.net\/wordpress\/wp-content\/uploads\/2024\/02\/CIAK-768x543.jpg 768w, https:\/\/www.radiopiu.net\/wordpress\/wp-content\/uploads\/2024\/02\/CIAK.jpg 1280w\" sizes=\"auto, (max-width: 163px) 100vw, 163px\" \/><\/a>IL NUOVO PROGRAMMA DI PAOLA LANCIATO.. CIAK SI GIRA. TUTTO QUELLO CHE SI NASCONDE NEL BACK STAGE DI UN GRANDE FILM.\u00a0 NEL TORNADO DI NOVITA\u2019 DI RADIOPIU\u2019\u2026 DUE VOLTE ALLA SETTIMANA, IL LUNEDI E IL GIOVEDI ALLE 10.10\u2026<\/em><\/p>\n<p><strong>PUNTATA 0 &#8211; LA PRESENTAZIONE<\/strong><\/p>\n<audio class=\"wp-audio-shortcode\" id=\"audio-372964-7\" preload=\"none\" style=\"width: 100%;\" controls=\"controls\"><source type=\"audio\/mpeg\" src=\"https:\/\/www.radiopiu.net\/wordpress\/wp-content\/uploads\/2024\/02\/CIAK1.mp3?_=7\" \/><a href=\"https:\/\/www.radiopiu.net\/wordpress\/wp-content\/uploads\/2024\/02\/CIAK1.mp3\">https:\/\/www.radiopiu.net\/wordpress\/wp-content\/uploads\/2024\/02\/CIAK1.mp3<\/a><\/audio>\n<p>&nbsp;<\/p>\n<p>&nbsp;<\/p>\n<hr \/>\n<p>&nbsp;<\/p>\n<blockquote>\n<h3>COLLABORAZIONI AGORDINO-SANTA GIUSTINA<\/h3>\n<\/blockquote>\n<div class=\"articlePlainTitle\"><strong>SANTA GIUSTINA\u00a0<\/strong> Grazie ad un accordo con Rocca Pietore, il Comune di Santa Giustina ha un nuovo responsabile dell&#8217;area tecnica: \u00e8 l&#8217;architetto Guido Fabbrica, dipendente del Comune agordino. L&#8217;incarico a scavalco \u00e8 provvisorio fino a met\u00e0 mese, poi si vedr\u00e0 il Comune ha avviato l&#8217;iter per assumere un proprio responsabile<\/div>\n<p>&nbsp;<\/p>\n<hr \/>\n<p>&nbsp;<\/p>\n<blockquote>\n<h3 class=\"entry-title\">NEGLI ULTIMI 2 ANNI IL CARO VITA E\u2019 COSTATO ALLE FAMIGLIE VENETE QUASI 3.500 EURO IN PIU\u2019<\/h3>\n<\/blockquote>\n<p class=\"photoswipe-wrapper\"><a class=\"dt-pswp-item pspw-wrap-ready\" href=\"https:\/\/www.radiopiu.net\/wordpress\/wp-content\/uploads\/2024\/02\/Schermata-2024-02-03-alle-10.08.30.png\" data-dt-img-description=\"\" data-large_image_width=\"1286\" data-large_image_height=\"856\"><img loading=\"lazy\" decoding=\"async\" class=\"size-medium wp-image-372981 alignleft\" src=\"https:\/\/www.radiopiu.net\/wordpress\/wp-content\/uploads\/2024\/02\/Schermata-2024-02-03-alle-10.08.30-300x200.png\" sizes=\"auto, (max-width: 300px) 100vw, 300px\" srcset=\"https:\/\/www.radiopiu.net\/wordpress\/wp-content\/uploads\/2024\/02\/Schermata-2024-02-03-alle-10.08.30-300x200.png 300w, https:\/\/www.radiopiu.net\/wordpress\/wp-content\/uploads\/2024\/02\/Schermata-2024-02-03-alle-10.08.30-1024x682.png 1024w, https:\/\/www.radiopiu.net\/wordpress\/wp-content\/uploads\/2024\/02\/Schermata-2024-02-03-alle-10.08.30-768x511.png 768w, https:\/\/www.radiopiu.net\/wordpress\/wp-content\/uploads\/2024\/02\/Schermata-2024-02-03-alle-10.08.30.png 1286w\" alt=\"\" width=\"300\" height=\"200\" \/><\/a>A causa del boom dell\u2019inflazione registrato tra il 2021-2023, pari al +14,5 per cento, la famiglia media veneta ha speso in questi ultimi due anni 3.477 euro in pi\u00f9. Se, infatti, la spesa annuale delle famiglie presenti nella nostra regione in termini correnti nel 2021 ammontava a 23.529 euro, nel 2023 \u00e8 salita a 27.006 euro (+14,8 per cento). In questo ultimo biennio l\u2019aumento medio mensile \u00e8 stato pari a 290 euro (vedi Tab. 1). In Veneto i rincari pi\u00f9 importanti hanno interessato le bollette di luce e gas, il sistema ricettivo, i trasporti e i prodotti alimentari (in particolar modo lo zucchero, il riso, l\u2019olio di oliva, il latte a lunga conservazione, il burro, etc.).. A dirlo \u00e8 l\u2019Ufficio studi della CGIA.<\/p>\n<p>Una stangata che, ovviamente, ha penalizzato soprattutto le famiglie pi\u00f9 fragili economicamente. L\u2019aumento generalizzato dei prezzi, infatti, ha provocato una perdita di potere d\u2019acquisto che non ricordavamo da almeno 25 anni. In altre parole, negli ultimi 24 mesi molti nuclei familiari hanno speso di pi\u00f9 e hanno portato a casa un numero di beni e di servizi decisamente inferiore.<\/p>\n<p>Una situazione che ha penalizzato anche le piccole attivit\u00e0 commerciali. Se in questi ultimi due anni le vendite della grande distribuzione hanno tenuto, quelle delle botteghe artigiane e dei negozi di vicinato sono cresciute di poco in termini nominali, ma la contrazione in termini reali \u00e8 stata preoccupante. Il risultato \u00e8 sotto gli occhi di tutti: nei centri storici, ma anche nelle periferie, il numero delle insegne rimosse e delle vetrine con le saracinesche perennemente abbassate sono in costante aumento.<\/p>\n<p>Con meno negozi di prossimit\u00e0 diminuiscono i luoghi di socializzazione a dimensione d\u2019uomo e tutto si ingrigisce, rendendo meno vivibili e pi\u00f9 insicure le aree urbane che subiscono queste chiusure, penalizzando soprattutto gli anziani. Una platea sempre pi\u00f9 numerosa della popolazione italiana che conta pi\u00f9 di 10 milioni di over 70. Non disponendo spesso dell\u2019auto e senza botteghe sottocasa, per molti di loro fare la spesa \u00e8 diventato un grosso problema.<\/p>\n<p class=\"photoswipe-wrapper\"><a class=\"dt-pswp-item pspw-wrap-ready\" href=\"https:\/\/www.radiopiu.net\/wordpress\/wp-content\/uploads\/2024\/02\/Schermata-2024-02-03-alle-10.09.21.png\" data-dt-img-description=\"\" data-large_image_width=\"778\" data-large_image_height=\"1424\"><img loading=\"lazy\" decoding=\"async\" class=\" wp-image-372980 alignleft\" src=\"https:\/\/www.radiopiu.net\/wordpress\/wp-content\/uploads\/2024\/02\/Schermata-2024-02-03-alle-10.09.21-164x300.png\" sizes=\"auto, (max-width: 164px) 100vw, 164px\" srcset=\"https:\/\/www.radiopiu.net\/wordpress\/wp-content\/uploads\/2024\/02\/Schermata-2024-02-03-alle-10.09.21-164x300.png 164w, https:\/\/www.radiopiu.net\/wordpress\/wp-content\/uploads\/2024\/02\/Schermata-2024-02-03-alle-10.09.21-559x1024.png 559w, https:\/\/www.radiopiu.net\/wordpress\/wp-content\/uploads\/2024\/02\/Schermata-2024-02-03-alle-10.09.21-768x1406.png 768w, https:\/\/www.radiopiu.net\/wordpress\/wp-content\/uploads\/2024\/02\/Schermata-2024-02-03-alle-10.09.21.png 778w\" alt=\"\" width=\"127\" height=\"233\" \/><\/a>Tornando al caro vita, il peggio, fortunatamente, sembra essere alle nostre spalle. Nel 2024, infatti, l\u2019inflazione dovrebbe rallentare e registrare una crescita media inferiore al 2 per cento. Un risultato, quest\u2019ultimo, in linea con i livelli attesi anche nel resto d\u2019Europa che dovrebbe indurre la Banca Centrale Europea a diminuire i tassi di interesse. Tuttavia, rimangono molti dubbi e altrettante incertezze. Le previsioni sul caro vita appena citate, infatti, potrebbero rivelarsi sottostimate. Nel caso le situazioni di crisi in Medioriente e in Ucraina dovessero precipitare ulteriormente, l\u2019aumento dell\u2019inflazione potrebbe attestarsi ben al di sopra del 2 per cento previsto.<\/p>\n<p>Analizzando nel dettaglio le singole voci di spesa, gli aumenti pi\u00f9 importanti avvenuti in Veneto tra il 2021 e il 2023 hanno interessato le bollette della luce del gas (+64,7 per cento), il costo di autocaravan e imbarcazioni (+22,4 per cento), i servizi di alloggio (+22,1 per cento), i trasporti (+21,9 per cento) e i prodotti alimentari (21,1 per cento)<br \/>\n. Per contro, i prodotti che hanno subito una riduzione di prezzo sono stati gli apparecchi audiovisivi, fotografici e informatici (-6,7 per cento) e gli apparecchi telefonici (-12,2) (vedi Tab. 2).<\/p>\n<p>&nbsp;<\/p>\n<p>&nbsp;<\/p>\n<hr \/>\n<p>&nbsp;<\/p>\n<blockquote>\n<h3>CARNEVAI DE LE VAI 2024: SECONDA TAPPA A LASTE DI ROCCA PIETORE<\/h3>\n<\/blockquote>\n<h1><span style=\"color: #0000ff;\">IL VIDEO, DI SERENA SOPPERA\u00a0 <a style=\"color: #0000ff;\" href=\"https:\/\/www.youtube.com\/watch?v=rwc9IvdnEKE\">CLICCA QUI<\/a><\/span><\/h1>\n<p><iframe loading=\"lazy\" title=\"Carneval de le Vai : LASTE #viralvideo #carnevale\" width=\"1200\" height=\"675\" src=\"https:\/\/www.youtube.com\/embed\/rwc9IvdnEKE?feature=oembed\" frameborder=\"0\" allow=\"accelerometer; autoplay; clipboard-write; encrypted-media; gyroscope; picture-in-picture; web-share\" allowfullscreen><\/iframe><\/p>\n<p>&nbsp;<\/p>\n<p>A LASTE DI ROCCA PIETORE IL SECONDO APPUNTAMENTO CON I CARNEVAI DE LE VAI CON LA MASCORADA DA LASTE<\/p>\n<h1><span style=\"color: #0000ff;\"><strong>LA DIRETTA RADIO PIU&#8217; <\/strong><a style=\"color: #0000ff;\" href=\"https:\/\/www.youtube.com\/watch?v=w-UUUUMgTFU\"><strong>CLICCA QUI<\/strong><\/a><\/span><\/h1>\n<p><iframe loading=\"lazy\" title=\"Radio Pi\u00f9 sta trasmettendo dal vivo.\" width=\"1200\" height=\"675\" src=\"https:\/\/www.youtube.com\/embed\/w-UUUUMgTFU?feature=oembed\" frameborder=\"0\" allow=\"accelerometer; autoplay; clipboard-write; encrypted-media; gyroscope; picture-in-picture; web-share\" allowfullscreen><\/iframe><\/p>\n<p>&nbsp;<\/p>\n<p><strong>LE FOTO DI BRUNELLA MORO<\/strong><\/p>\n\n\t\t\t<style type='text\/css'>\n\t\t\t\t#gallery-3 {\n\t\t\t\t\tmargin: auto;\n\t\t\t\t}\n\t\t\t\t#gallery-3 .gallery-item {\n\t\t\t\t\tfloat: left;\n\t\t\t\t\tmargin-top: 10px;\n\t\t\t\t\ttext-align: center;\n\t\t\t\t\twidth: 20%;\n\t\t\t\t}\n\t\t\t\t#gallery-3 img {\n\t\t\t\t\tborder: 2px solid #cfcfcf;\n\t\t\t\t}\n\t\t\t\t#gallery-3 .gallery-caption {\n\t\t\t\t\tmargin-left: 0;\n\t\t\t\t}\n\t\t\t\t\/* see gallery_shortcode() in wp-includes\/media.php *\/\n\t\t\t<\/style>\n\t\t<div id='gallery-3' class='dt-gallery-container gallery galleryid-372964 gallery-columns-5 gallery-size-thumbnail'><dl class='gallery-item'>\n\t\t\t\t<dt class='gallery-icon landscape'>\n\t\t\t\t\t<a class=\"rollover rollover-zoom dt-pswp-item\" title=\"1c410775-d6bf-4911-9171-131094164558\" data-dt-img-description=\"\" data-large_image_width=\"1596\" data-large_image_height=\"1512\"href='https:\/\/www.radiopiu.net\/wordpress\/wp-content\/uploads\/2024\/02\/1c410775-d6bf-4911-9171-131094164558.jpg'><img loading=\"lazy\" decoding=\"async\" width=\"150\" height=\"150\" src=\"https:\/\/www.radiopiu.net\/wordpress\/wp-content\/uploads\/2024\/02\/1c410775-d6bf-4911-9171-131094164558-150x150.jpg\" class=\"attachment-thumbnail size-thumbnail\" alt=\"\" \/><\/a>\n\t\t\t\t<\/dt><\/dl><dl class='gallery-item'>\n\t\t\t\t<dt class='gallery-icon portrait'>\n\t\t\t\t\t<a class=\"rollover rollover-zoom dt-pswp-item\" title=\"3d001621-ddde-4f41-9aed-bafff70feed0\" data-dt-img-description=\"\" data-large_image_width=\"1292\" data-large_image_height=\"1600\"href='https:\/\/www.radiopiu.net\/wordpress\/wp-content\/uploads\/2024\/02\/3d001621-ddde-4f41-9aed-bafff70feed0.jpg'><img loading=\"lazy\" decoding=\"async\" width=\"150\" height=\"150\" src=\"https:\/\/www.radiopiu.net\/wordpress\/wp-content\/uploads\/2024\/02\/3d001621-ddde-4f41-9aed-bafff70feed0-150x150.jpg\" class=\"attachment-thumbnail size-thumbnail\" alt=\"\" \/><\/a>\n\t\t\t\t<\/dt><\/dl><dl class='gallery-item'>\n\t\t\t\t<dt class='gallery-icon landscape'>\n\t\t\t\t\t<a class=\"rollover rollover-zoom dt-pswp-item\" title=\"4e914437-5703-426b-ba22-3193caf2a151\" data-dt-img-description=\"\" data-large_image_width=\"1600\" data-large_image_height=\"1200\"href='https:\/\/www.radiopiu.net\/wordpress\/wp-content\/uploads\/2024\/02\/4e914437-5703-426b-ba22-3193caf2a151.jpg'><img loading=\"lazy\" decoding=\"async\" width=\"150\" height=\"150\" src=\"https:\/\/www.radiopiu.net\/wordpress\/wp-content\/uploads\/2024\/02\/4e914437-5703-426b-ba22-3193caf2a151-150x150.jpg\" class=\"attachment-thumbnail size-thumbnail\" alt=\"\" \/><\/a>\n\t\t\t\t<\/dt><\/dl><dl class='gallery-item'>\n\t\t\t\t<dt class='gallery-icon portrait'>\n\t\t\t\t\t<a class=\"rollover rollover-zoom dt-pswp-item\" title=\"42d2af4a-c435-4c11-8e72-32eb2dbaaa12\" data-dt-img-description=\"\" data-large_image_width=\"1033\" data-large_image_height=\"1600\"href='https:\/\/www.radiopiu.net\/wordpress\/wp-content\/uploads\/2024\/02\/42d2af4a-c435-4c11-8e72-32eb2dbaaa12.jpg'><img loading=\"lazy\" decoding=\"async\" width=\"150\" height=\"150\" src=\"https:\/\/www.radiopiu.net\/wordpress\/wp-content\/uploads\/2024\/02\/42d2af4a-c435-4c11-8e72-32eb2dbaaa12-150x150.jpg\" class=\"attachment-thumbnail size-thumbnail\" alt=\"\" \/><\/a>\n\t\t\t\t<\/dt><\/dl><dl class='gallery-item'>\n\t\t\t\t<dt class='gallery-icon portrait'>\n\t\t\t\t\t<a class=\"rollover rollover-zoom dt-pswp-item\" title=\"87a3900a-8489-44ee-90fa-899ac799f795\" data-dt-img-description=\"\" data-large_image_width=\"1403\" data-large_image_height=\"1600\"href='https:\/\/www.radiopiu.net\/wordpress\/wp-content\/uploads\/2024\/02\/87a3900a-8489-44ee-90fa-899ac799f795.jpg'><img loading=\"lazy\" decoding=\"async\" width=\"150\" height=\"150\" src=\"https:\/\/www.radiopiu.net\/wordpress\/wp-content\/uploads\/2024\/02\/87a3900a-8489-44ee-90fa-899ac799f795-150x150.jpg\" class=\"attachment-thumbnail size-thumbnail\" alt=\"\" \/><\/a>\n\t\t\t\t<\/dt><\/dl><br style=\"clear: both\" \/><dl class='gallery-item'>\n\t\t\t\t<dt class='gallery-icon landscape'>\n\t\t\t\t\t<a class=\"rollover rollover-zoom dt-pswp-item\" title=\"87d788da-9d8f-44c6-bb19-3761296f157f\" data-dt-img-description=\"\" data-large_image_width=\"1600\" data-large_image_height=\"1447\"href='https:\/\/www.radiopiu.net\/wordpress\/wp-content\/uploads\/2024\/02\/87d788da-9d8f-44c6-bb19-3761296f157f.jpg'><img loading=\"lazy\" decoding=\"async\" width=\"150\" height=\"150\" src=\"https:\/\/www.radiopiu.net\/wordpress\/wp-content\/uploads\/2024\/02\/87d788da-9d8f-44c6-bb19-3761296f157f-150x150.jpg\" class=\"attachment-thumbnail size-thumbnail\" alt=\"\" \/><\/a>\n\t\t\t\t<\/dt><\/dl><dl class='gallery-item'>\n\t\t\t\t<dt class='gallery-icon portrait'>\n\t\t\t\t\t<a class=\"rollover rollover-zoom dt-pswp-item\" title=\"223e78db-2606-4934-90a4-e52583a066e0\" data-dt-img-description=\"\" data-large_image_width=\"1085\" data-large_image_height=\"1600\"href='https:\/\/www.radiopiu.net\/wordpress\/wp-content\/uploads\/2024\/02\/223e78db-2606-4934-90a4-e52583a066e0.jpg'><img loading=\"lazy\" decoding=\"async\" width=\"150\" height=\"150\" src=\"https:\/\/www.radiopiu.net\/wordpress\/wp-content\/uploads\/2024\/02\/223e78db-2606-4934-90a4-e52583a066e0-150x150.jpg\" class=\"attachment-thumbnail size-thumbnail\" alt=\"\" \/><\/a>\n\t\t\t\t<\/dt><\/dl><dl class='gallery-item'>\n\t\t\t\t<dt class='gallery-icon portrait'>\n\t\t\t\t\t<a class=\"rollover rollover-zoom dt-pswp-item\" title=\"6977e37b-9e63-480d-98c9-3db44a173343\" data-dt-img-description=\"\" data-large_image_width=\"1361\" data-large_image_height=\"1600\"href='https:\/\/www.radiopiu.net\/wordpress\/wp-content\/uploads\/2024\/02\/6977e37b-9e63-480d-98c9-3db44a173343.jpg'><img loading=\"lazy\" decoding=\"async\" width=\"150\" height=\"150\" src=\"https:\/\/www.radiopiu.net\/wordpress\/wp-content\/uploads\/2024\/02\/6977e37b-9e63-480d-98c9-3db44a173343-150x150.jpg\" class=\"attachment-thumbnail size-thumbnail\" alt=\"\" \/><\/a>\n\t\t\t\t<\/dt><\/dl><dl class='gallery-item'>\n\t\t\t\t<dt class='gallery-icon portrait'>\n\t\t\t\t\t<a class=\"rollover rollover-zoom dt-pswp-item\" title=\"37736444-8956-4c46-9d41-9cc8278b1335\" data-dt-img-description=\"\" data-large_image_width=\"1277\" data-large_image_height=\"1600\"href='https:\/\/www.radiopiu.net\/wordpress\/wp-content\/uploads\/2024\/02\/37736444-8956-4c46-9d41-9cc8278b1335.jpg'><img loading=\"lazy\" decoding=\"async\" width=\"150\" height=\"150\" src=\"https:\/\/www.radiopiu.net\/wordpress\/wp-content\/uploads\/2024\/02\/37736444-8956-4c46-9d41-9cc8278b1335-150x150.jpg\" class=\"attachment-thumbnail size-thumbnail\" alt=\"\" \/><\/a>\n\t\t\t\t<\/dt><\/dl><dl class='gallery-item'>\n\t\t\t\t<dt class='gallery-icon landscape'>\n\t\t\t\t\t<a class=\"rollover rollover-zoom dt-pswp-item\" title=\"af184239-725e-4793-b094-758540d0f3fe\" data-dt-img-description=\"\" data-large_image_width=\"1600\" data-large_image_height=\"1361\"href='https:\/\/www.radiopiu.net\/wordpress\/wp-content\/uploads\/2024\/02\/af184239-725e-4793-b094-758540d0f3fe.jpg'><img loading=\"lazy\" decoding=\"async\" width=\"150\" height=\"150\" src=\"https:\/\/www.radiopiu.net\/wordpress\/wp-content\/uploads\/2024\/02\/af184239-725e-4793-b094-758540d0f3fe-150x150.jpg\" class=\"attachment-thumbnail size-thumbnail\" alt=\"\" \/><\/a>\n\t\t\t\t<\/dt><\/dl><br style=\"clear: both\" \/><dl class='gallery-item'>\n\t\t\t\t<dt class='gallery-icon portrait'>\n\t\t\t\t\t<a class=\"rollover rollover-zoom dt-pswp-item\" title=\"b70b72ec-c8fc-4803-be6a-c14a7936c125\" data-dt-img-description=\"\" data-large_image_width=\"731\" data-large_image_height=\"1600\"href='https:\/\/www.radiopiu.net\/wordpress\/wp-content\/uploads\/2024\/02\/b70b72ec-c8fc-4803-be6a-c14a7936c125.jpg'><img loading=\"lazy\" decoding=\"async\" width=\"150\" height=\"150\" src=\"https:\/\/www.radiopiu.net\/wordpress\/wp-content\/uploads\/2024\/02\/b70b72ec-c8fc-4803-be6a-c14a7936c125-150x150.jpg\" class=\"attachment-thumbnail size-thumbnail\" alt=\"\" \/><\/a>\n\t\t\t\t<\/dt><\/dl><dl class='gallery-item'>\n\t\t\t\t<dt class='gallery-icon portrait'>\n\t\t\t\t\t<a class=\"rollover rollover-zoom dt-pswp-item\" title=\"cf808fab-b812-4b9e-a871-ec56e31a5d97\" data-dt-img-description=\"\" data-large_image_width=\"862\" data-large_image_height=\"1600\"href='https:\/\/www.radiopiu.net\/wordpress\/wp-content\/uploads\/2024\/02\/cf808fab-b812-4b9e-a871-ec56e31a5d97.jpg'><img loading=\"lazy\" decoding=\"async\" width=\"150\" height=\"150\" src=\"https:\/\/www.radiopiu.net\/wordpress\/wp-content\/uploads\/2024\/02\/cf808fab-b812-4b9e-a871-ec56e31a5d97-150x150.jpg\" class=\"attachment-thumbnail size-thumbnail\" alt=\"\" \/><\/a>\n\t\t\t\t<\/dt><\/dl><dl class='gallery-item'>\n\t\t\t\t<dt class='gallery-icon portrait'>\n\t\t\t\t\t<a class=\"rollover rollover-zoom dt-pswp-item\" title=\"dde25a3f-f6d0-4cab-ba02-94e6d2c815c3\" data-dt-img-description=\"\" data-large_image_width=\"739\" data-large_image_height=\"1600\"href='https:\/\/www.radiopiu.net\/wordpress\/wp-content\/uploads\/2024\/02\/dde25a3f-f6d0-4cab-ba02-94e6d2c815c3.jpg'><img loading=\"lazy\" decoding=\"async\" width=\"150\" height=\"150\" src=\"https:\/\/www.radiopiu.net\/wordpress\/wp-content\/uploads\/2024\/02\/dde25a3f-f6d0-4cab-ba02-94e6d2c815c3-150x150.jpg\" class=\"attachment-thumbnail size-thumbnail\" alt=\"\" \/><\/a>\n\t\t\t\t<\/dt><\/dl><dl class='gallery-item'>\n\t\t\t\t<dt class='gallery-icon portrait'>\n\t\t\t\t\t<a class=\"rollover rollover-zoom dt-pswp-item\" title=\"e55156ea-9342-41db-94f3-e59c51d5b876\" data-dt-img-description=\"\" data-large_image_width=\"844\" data-large_image_height=\"1600\"href='https:\/\/www.radiopiu.net\/wordpress\/wp-content\/uploads\/2024\/02\/e55156ea-9342-41db-94f3-e59c51d5b876.jpg'><img loading=\"lazy\" decoding=\"async\" width=\"150\" height=\"150\" src=\"https:\/\/www.radiopiu.net\/wordpress\/wp-content\/uploads\/2024\/02\/e55156ea-9342-41db-94f3-e59c51d5b876-150x150.jpg\" class=\"attachment-thumbnail size-thumbnail\" alt=\"\" \/><\/a>\n\t\t\t\t<\/dt><\/dl><dl class='gallery-item'>\n\t\t\t\t<dt class='gallery-icon landscape'>\n\t\t\t\t\t<a class=\"rollover rollover-zoom dt-pswp-item\" title=\"ef0df734-072f-40d0-ae60-db4383a75e6d\" data-dt-img-description=\"\" data-large_image_width=\"1600\" data-large_image_height=\"1469\"href='https:\/\/www.radiopiu.net\/wordpress\/wp-content\/uploads\/2024\/02\/ef0df734-072f-40d0-ae60-db4383a75e6d.jpg'><img loading=\"lazy\" decoding=\"async\" width=\"150\" height=\"150\" src=\"https:\/\/www.radiopiu.net\/wordpress\/wp-content\/uploads\/2024\/02\/ef0df734-072f-40d0-ae60-db4383a75e6d-150x150.jpg\" class=\"attachment-thumbnail size-thumbnail\" alt=\"\" \/><\/a>\n\t\t\t\t<\/dt><\/dl><br style=\"clear: both\" \/>\n\t\t\t<\/div>\n\n\n\t\t\t<style type='text\/css'>\n\t\t\t\t#gallery-4 {\n\t\t\t\t\tmargin: auto;\n\t\t\t\t}\n\t\t\t\t#gallery-4 .gallery-item {\n\t\t\t\t\tfloat: left;\n\t\t\t\t\tmargin-top: 10px;\n\t\t\t\t\ttext-align: center;\n\t\t\t\t\twidth: 33%;\n\t\t\t\t}\n\t\t\t\t#gallery-4 img {\n\t\t\t\t\tborder: 2px solid #cfcfcf;\n\t\t\t\t}\n\t\t\t\t#gallery-4 .gallery-caption {\n\t\t\t\t\tmargin-left: 0;\n\t\t\t\t}\n\t\t\t\t\/* see gallery_shortcode() in wp-includes\/media.php *\/\n\t\t\t<\/style>\n\t\t<div id='gallery-4' class='dt-gallery-container gallery galleryid-372964 gallery-columns-3 gallery-size-thumbnail'><dl class='gallery-item'>\n\t\t\t\t<dt class='gallery-icon landscape'>\n\t\t\t\t\t<a class=\"rollover rollover-zoom dt-pswp-item\" title=\"2a604a37-d34a-4fe2-801a-8d995ec3cee0\" data-dt-img-description=\"\" data-large_image_width=\"1600\" data-large_image_height=\"1200\"href='https:\/\/www.radiopiu.net\/wordpress\/wp-content\/uploads\/2024\/02\/2a604a37-d34a-4fe2-801a-8d995ec3cee0.jpg'><img loading=\"lazy\" decoding=\"async\" width=\"150\" height=\"150\" src=\"https:\/\/www.radiopiu.net\/wordpress\/wp-content\/uploads\/2024\/02\/2a604a37-d34a-4fe2-801a-8d995ec3cee0-150x150.jpg\" class=\"attachment-thumbnail size-thumbnail\" alt=\"\" \/><\/a>\n\t\t\t\t<\/dt><\/dl><dl class='gallery-item'>\n\t\t\t\t<dt class='gallery-icon landscape'>\n\t\t\t\t\t<a class=\"rollover rollover-zoom dt-pswp-item\" title=\"87ad9849-07f1-49d9-a35f-a3ebc80e5f88\" data-dt-img-description=\"\" data-large_image_width=\"1600\" data-large_image_height=\"1200\"href='https:\/\/www.radiopiu.net\/wordpress\/wp-content\/uploads\/2024\/02\/87ad9849-07f1-49d9-a35f-a3ebc80e5f88.jpg'><img loading=\"lazy\" decoding=\"async\" width=\"150\" height=\"150\" src=\"https:\/\/www.radiopiu.net\/wordpress\/wp-content\/uploads\/2024\/02\/87ad9849-07f1-49d9-a35f-a3ebc80e5f88-150x150.jpg\" class=\"attachment-thumbnail size-thumbnail\" alt=\"\" \/><\/a>\n\t\t\t\t<\/dt><\/dl><dl class='gallery-item'>\n\t\t\t\t<dt class='gallery-icon landscape'>\n\t\t\t\t\t<a class=\"rollover rollover-zoom dt-pswp-item\" title=\"529625cb-fc7b-43c9-8ef6-10f78a9f14e9\" data-dt-img-description=\"\" data-large_image_width=\"1600\" data-large_image_height=\"1200\"href='https:\/\/www.radiopiu.net\/wordpress\/wp-content\/uploads\/2024\/02\/529625cb-fc7b-43c9-8ef6-10f78a9f14e9.jpg'><img loading=\"lazy\" decoding=\"async\" width=\"150\" height=\"150\" src=\"https:\/\/www.radiopiu.net\/wordpress\/wp-content\/uploads\/2024\/02\/529625cb-fc7b-43c9-8ef6-10f78a9f14e9-150x150.jpg\" class=\"attachment-thumbnail size-thumbnail\" alt=\"\" \/><\/a>\n\t\t\t\t<\/dt><\/dl><br style=\"clear: both\" \/>\n\t\t\t<\/div>\n\n<p>&nbsp;<\/p>\n<hr \/>\n<p>&nbsp;<\/p>\n<blockquote>\n<h3>CARNEVAI DE LE VAI 2024 &#8211; RIVAMONTE<\/h3>\n<\/blockquote>\n<p><strong>REDAZIONE <\/strong>Terzo appuntamento con I Carnevai de le Vai a Rivamonte con gli Olt Da riva e compagnia bela.<\/p>\n<p>&nbsp;<\/p>\n<blockquote>\n<h1>LE MASCHERE PREMIATE<\/h1>\n<\/blockquote>\n\n\t\t\t<style type='text\/css'>\n\t\t\t\t#gallery-5 {\n\t\t\t\t\tmargin: auto;\n\t\t\t\t}\n\t\t\t\t#gallery-5 .gallery-item {\n\t\t\t\t\tfloat: left;\n\t\t\t\t\tmargin-top: 10px;\n\t\t\t\t\ttext-align: center;\n\t\t\t\t\twidth: 33%;\n\t\t\t\t}\n\t\t\t\t#gallery-5 img {\n\t\t\t\t\tborder: 2px solid #cfcfcf;\n\t\t\t\t}\n\t\t\t\t#gallery-5 .gallery-caption {\n\t\t\t\t\tmargin-left: 0;\n\t\t\t\t}\n\t\t\t\t\/* see gallery_shortcode() in wp-includes\/media.php *\/\n\t\t\t<\/style>\n\t\t<div id='gallery-5' class='dt-gallery-container gallery galleryid-372964 gallery-columns-3 gallery-size-thumbnail'><dl class='gallery-item'>\n\t\t\t\t<dt class='gallery-icon landscape'>\n\t\t\t\t\t<a class=\"rollover rollover-zoom dt-pswp-item\" title=\"WhatsApp Image 2024-02-05 at 06.28.38 (2)\" data-dt-img-description=\"\" data-large_image_width=\"1024\" data-large_image_height=\"768\"href='https:\/\/www.radiopiu.net\/wordpress\/wp-content\/uploads\/2024\/02\/WhatsApp-Image-2024-02-05-at-06.28.38-2.jpeg'><img loading=\"lazy\" decoding=\"async\" width=\"150\" height=\"150\" src=\"https:\/\/www.radiopiu.net\/wordpress\/wp-content\/uploads\/2024\/02\/WhatsApp-Image-2024-02-05-at-06.28.38-2-150x150.jpeg\" class=\"attachment-thumbnail size-thumbnail\" alt=\"\" \/><\/a>\n\t\t\t\t<\/dt><\/dl><dl class='gallery-item'>\n\t\t\t\t<dt class='gallery-icon landscape'>\n\t\t\t\t\t<a class=\"rollover rollover-zoom dt-pswp-item\" title=\"WhatsApp Image 2024-02-05 at 06.28.38 (1)\" data-dt-img-description=\"\" data-large_image_width=\"1024\" data-large_image_height=\"768\"href='https:\/\/www.radiopiu.net\/wordpress\/wp-content\/uploads\/2024\/02\/WhatsApp-Image-2024-02-05-at-06.28.38-1.jpeg'><img loading=\"lazy\" decoding=\"async\" width=\"150\" height=\"150\" src=\"https:\/\/www.radiopiu.net\/wordpress\/wp-content\/uploads\/2024\/02\/WhatsApp-Image-2024-02-05-at-06.28.38-1-150x150.jpeg\" class=\"attachment-thumbnail size-thumbnail\" alt=\"\" \/><\/a>\n\t\t\t\t<\/dt><\/dl><dl class='gallery-item'>\n\t\t\t\t<dt class='gallery-icon portrait'>\n\t\t\t\t\t<a class=\"rollover rollover-zoom dt-pswp-item\" title=\"WhatsApp Image 2024-02-05 at 06.28.38\" data-dt-img-description=\"\" data-large_image_width=\"768\" data-large_image_height=\"1024\"href='https:\/\/www.radiopiu.net\/wordpress\/wp-content\/uploads\/2024\/02\/WhatsApp-Image-2024-02-05-at-06.28.38.jpeg'><img loading=\"lazy\" decoding=\"async\" width=\"150\" height=\"150\" src=\"https:\/\/www.radiopiu.net\/wordpress\/wp-content\/uploads\/2024\/02\/WhatsApp-Image-2024-02-05-at-06.28.38-150x150.jpeg\" class=\"attachment-thumbnail size-thumbnail\" alt=\"\" \/><\/a>\n\t\t\t\t<\/dt><\/dl><br style=\"clear: both\" \/>\n\t\t\t<\/div>\n\n<p>&nbsp;<\/p>\n<h1><span style=\"color: #0000ff;\"><a style=\"color: #0000ff;\" href=\"https:\/\/www.youtube.com\/watch?v=flC5P45N3y0\"><strong>LA DIRETTA RADIO PIU&#8217; CLICCA QUI\u00a0<\/strong><\/a><\/span><\/h1>\n<p>&nbsp;<\/p>\n<p><iframe loading=\"lazy\" title=\"CARNEVAI DE LE VAI 2024 - RIVAMONTE\" width=\"1200\" height=\"675\" src=\"https:\/\/www.youtube.com\/embed\/flC5P45N3y0?feature=oembed\" frameborder=\"0\" allow=\"accelerometer; autoplay; clipboard-write; encrypted-media; gyroscope; picture-in-picture; web-share\" allowfullscreen><\/iframe><\/p>\n<p>&nbsp;<\/p>\n\n\t\t\t<style type='text\/css'>\n\t\t\t\t#gallery-6 {\n\t\t\t\t\tmargin: auto;\n\t\t\t\t}\n\t\t\t\t#gallery-6 .gallery-item {\n\t\t\t\t\tfloat: left;\n\t\t\t\t\tmargin-top: 10px;\n\t\t\t\t\ttext-align: center;\n\t\t\t\t\twidth: 33%;\n\t\t\t\t}\n\t\t\t\t#gallery-6 img {\n\t\t\t\t\tborder: 2px solid #cfcfcf;\n\t\t\t\t}\n\t\t\t\t#gallery-6 .gallery-caption {\n\t\t\t\t\tmargin-left: 0;\n\t\t\t\t}\n\t\t\t\t\/* see gallery_shortcode() in wp-includes\/media.php *\/\n\t\t\t<\/style>\n\t\t<div id='gallery-6' class='dt-gallery-container gallery galleryid-372964 gallery-columns-3 gallery-size-thumbnail'><dl class='gallery-item'>\n\t\t\t\t<dt class='gallery-icon landscape'>\n\t\t\t\t\t<a class=\"rollover rollover-zoom dt-pswp-item\" title=\"IMG_5805\" data-dt-img-description=\"\" data-large_image_width=\"2560\" data-large_image_height=\"1920\"href='https:\/\/www.radiopiu.net\/wordpress\/wp-content\/uploads\/2024\/02\/IMG_5805-scaled.jpeg'><img loading=\"lazy\" decoding=\"async\" width=\"150\" height=\"150\" src=\"https:\/\/www.radiopiu.net\/wordpress\/wp-content\/uploads\/2024\/02\/IMG_5805-150x150.jpeg\" class=\"attachment-thumbnail size-thumbnail\" alt=\"\" \/><\/a>\n\t\t\t\t<\/dt><\/dl><dl class='gallery-item'>\n\t\t\t\t<dt class='gallery-icon landscape'>\n\t\t\t\t\t<a class=\"rollover rollover-zoom dt-pswp-item\" title=\"IMG_5806\" data-dt-img-description=\"\" data-large_image_width=\"2560\" data-large_image_height=\"1920\"href='https:\/\/www.radiopiu.net\/wordpress\/wp-content\/uploads\/2024\/02\/IMG_5806-scaled.jpeg'><img loading=\"lazy\" decoding=\"async\" width=\"150\" height=\"150\" src=\"https:\/\/www.radiopiu.net\/wordpress\/wp-content\/uploads\/2024\/02\/IMG_5806-150x150.jpeg\" class=\"attachment-thumbnail size-thumbnail\" alt=\"\" \/><\/a>\n\t\t\t\t<\/dt><\/dl><dl class='gallery-item'>\n\t\t\t\t<dt class='gallery-icon landscape'>\n\t\t\t\t\t<a class=\"rollover rollover-zoom dt-pswp-item\" title=\"IMG_5807\" data-dt-img-description=\"\" data-large_image_width=\"2560\" data-large_image_height=\"1920\"href='https:\/\/www.radiopiu.net\/wordpress\/wp-content\/uploads\/2024\/02\/IMG_5807-scaled.jpeg'><img loading=\"lazy\" decoding=\"async\" width=\"150\" height=\"150\" src=\"https:\/\/www.radiopiu.net\/wordpress\/wp-content\/uploads\/2024\/02\/IMG_5807-150x150.jpeg\" class=\"attachment-thumbnail size-thumbnail\" alt=\"\" \/><\/a>\n\t\t\t\t<\/dt><\/dl><br style=\"clear: both\" \/><dl class='gallery-item'>\n\t\t\t\t<dt class='gallery-icon landscape'>\n\t\t\t\t\t<a class=\"rollover rollover-zoom dt-pswp-item\" title=\"IMG_5804\" data-dt-img-description=\"\" data-large_image_width=\"2560\" data-large_image_height=\"1920\"href='https:\/\/www.radiopiu.net\/wordpress\/wp-content\/uploads\/2024\/02\/IMG_5804-scaled.jpeg'><img loading=\"lazy\" decoding=\"async\" width=\"150\" height=\"150\" src=\"https:\/\/www.radiopiu.net\/wordpress\/wp-content\/uploads\/2024\/02\/IMG_5804-150x150.jpeg\" class=\"attachment-thumbnail size-thumbnail\" alt=\"\" \/><\/a>\n\t\t\t\t<\/dt><\/dl><dl class='gallery-item'>\n\t\t\t\t<dt class='gallery-icon landscape'>\n\t\t\t\t\t<a class=\"rollover rollover-zoom dt-pswp-item\" title=\"IMG_5810\" data-dt-img-description=\"\" data-large_image_width=\"2560\" data-large_image_height=\"1920\"href='https:\/\/www.radiopiu.net\/wordpress\/wp-content\/uploads\/2024\/02\/IMG_5810-scaled.jpeg'><img loading=\"lazy\" decoding=\"async\" width=\"150\" height=\"150\" src=\"https:\/\/www.radiopiu.net\/wordpress\/wp-content\/uploads\/2024\/02\/IMG_5810-150x150.jpeg\" class=\"attachment-thumbnail size-thumbnail\" alt=\"\" \/><\/a>\n\t\t\t\t<\/dt><\/dl><dl class='gallery-item'>\n\t\t\t\t<dt class='gallery-icon landscape'>\n\t\t\t\t\t<a class=\"rollover rollover-zoom dt-pswp-item\" title=\"IMG_5809\" data-dt-img-description=\"\" data-large_image_width=\"2560\" data-large_image_height=\"1920\"href='https:\/\/www.radiopiu.net\/wordpress\/wp-content\/uploads\/2024\/02\/IMG_5809-scaled.jpeg'><img loading=\"lazy\" decoding=\"async\" width=\"150\" height=\"150\" src=\"https:\/\/www.radiopiu.net\/wordpress\/wp-content\/uploads\/2024\/02\/IMG_5809-150x150.jpeg\" class=\"attachment-thumbnail size-thumbnail\" alt=\"\" \/><\/a>\n\t\t\t\t<\/dt><\/dl><br style=\"clear: both\" \/><dl class='gallery-item'>\n\t\t\t\t<dt class='gallery-icon landscape'>\n\t\t\t\t\t<a class=\"rollover rollover-zoom dt-pswp-item\" title=\"IMG_5811\" data-dt-img-description=\"\" data-large_image_width=\"2560\" data-large_image_height=\"1920\"href='https:\/\/www.radiopiu.net\/wordpress\/wp-content\/uploads\/2024\/02\/IMG_5811-scaled.jpeg'><img loading=\"lazy\" decoding=\"async\" width=\"150\" height=\"150\" src=\"https:\/\/www.radiopiu.net\/wordpress\/wp-content\/uploads\/2024\/02\/IMG_5811-150x150.jpeg\" class=\"attachment-thumbnail size-thumbnail\" alt=\"\" \/><\/a>\n\t\t\t\t<\/dt><\/dl><dl class='gallery-item'>\n\t\t\t\t<dt class='gallery-icon landscape'>\n\t\t\t\t\t<a class=\"rollover rollover-zoom dt-pswp-item\" title=\"IMG_5812\" data-dt-img-description=\"\" data-large_image_width=\"2560\" data-large_image_height=\"1920\"href='https:\/\/www.radiopiu.net\/wordpress\/wp-content\/uploads\/2024\/02\/IMG_5812-scaled.jpeg'><img loading=\"lazy\" decoding=\"async\" width=\"150\" height=\"150\" src=\"https:\/\/www.radiopiu.net\/wordpress\/wp-content\/uploads\/2024\/02\/IMG_5812-150x150.jpeg\" class=\"attachment-thumbnail size-thumbnail\" alt=\"\" \/><\/a>\n\t\t\t\t<\/dt><\/dl><dl class='gallery-item'>\n\t\t\t\t<dt class='gallery-icon landscape'>\n\t\t\t\t\t<a class=\"rollover rollover-zoom dt-pswp-item\" title=\"IMG_5813\" data-dt-img-description=\"\" data-large_image_width=\"2560\" data-large_image_height=\"1920\"href='https:\/\/www.radiopiu.net\/wordpress\/wp-content\/uploads\/2024\/02\/IMG_5813-scaled.jpeg'><img loading=\"lazy\" decoding=\"async\" width=\"150\" height=\"150\" src=\"https:\/\/www.radiopiu.net\/wordpress\/wp-content\/uploads\/2024\/02\/IMG_5813-150x150.jpeg\" class=\"attachment-thumbnail size-thumbnail\" alt=\"\" \/><\/a>\n\t\t\t\t<\/dt><\/dl><br style=\"clear: both\" \/>\n\t\t\t<\/div>\n\n<p>&nbsp;<\/p>\n<hr \/>\n<p>&nbsp;<\/p>\n<blockquote>\n<h3>Due occasioni per approfondire temi cruciali, dalla filosofia statistica alla prospettiva sul lavoro e la societ\u00e0 italiana nell&#8217;attuale scenario globale.<\/h3>\n<\/blockquote>\n<p><strong>BELLUNO<\/strong> Il direttore del Censis, Massimiliano Valerii, sar\u00e0 al centro di due incontri a Belluno per discutere del presente e del futuro del Paese:<\/p>\n<p><strong>Incontro con la cittadinanza &#8211; 7 febbraio, 18, Sala Bianchi a Belluno<\/strong>\u00a0 &#8220;Statistica e filosofia per capire l&#8217;epoca del caos&#8221;<\/p>\n<p><strong>Incontro con gli studenti &#8211; 8 febbraio,\u00a0 8:00, Centro Giovanni XXIII<\/strong>\u00a0&#8220;Presente e futuro del lavoro e della societ\u00e0 italiana nel nuovo disordine mondiale&#8221;<\/p>\n<p>&nbsp;<\/p>\n<p>&nbsp;<\/p>\n<hr \/>\n<p>&nbsp;<\/p>\n<blockquote>\n<h3 class=\"articlePlainTitle\">Borse di studio per soggiorni all&#8217;estero:\u00a0 il bando<\/h3>\n<\/blockquote>\n<div class=\"addthis_sharing_toolbox\" data-url=\"http:\/\/sfoglio.corrierealpi.gelocal.it\/share_article.php?article_id=13620048\" data-title=\"Borse di studio per soggiorni all'estero: torna il bando\"><\/div>\n<div class=\"articlePlainText\"><strong>LIVINALLONGO \u00a0<\/strong>Anche per l&#8217;anno scolastico 2024-2025 gli studenti degli istituti superiori residenti nei tre Comuni ladini di Cortina d&#8217;Ampezzo, Colle Santa Lucia e Livinallongo del Col di Lana, possono usufruire delle borse di studio per soggiorni studio all&#8217;estero istituite dalla Regione Trentino Alto Adige\/S\u00fcdtirol. \u00a0Tutte le informazioni e la delibera al riguardo si trovano nel sito internet www.regione.taa.it (sezione borse di studio).\u00a0 Domande entro marted\u00ec 20 febbraio. \u2014<\/div>\n<p>&nbsp;<\/p>\n<hr \/>\n<p>&nbsp;<\/p>\n<blockquote>\n<h3><strong>CORSI DI POTATURA \/ INNESTI E ORTICOLTURA<\/strong><\/h3>\n<\/blockquote>\n<p><strong>LIMANA<\/strong> Il Comune, in collaborazione con\u00a0 L&#8217;agronomo Alessandro Gallon, presenta anche quest&#8217;anno i corsi di potatura\/innesti e orticoltura: 3 lezioni teoriche e 2\u00a0 pratiche dal 13 febbraio in Municipio. Le iscrizioni (30 euro) sono aperte fino al 12 febbraio per il corso di potatura\/innesti e il 5 marzo per il corso di orticoltura. Informazioni 0437-966124 o via e-mail a <a target=\"_new\" rel=\"noopener\">commercio@comune.limana.bl.it<\/a>.<\/p>\n<p>&nbsp;<\/p>\n<p>&nbsp;<\/p>\n<hr \/>\n<p>&nbsp;<\/p>\n<blockquote>\n<h1><span style=\"color: #339966;\">G R A N D I<\/span>\u00a0 \u00a0 E V E N T I<\/h1>\n<h1>NELL&#8217;\u00a0 <span style=\"color: #ff0000;\">A G O R D I N O\u00a0<\/span><\/h1>\n<\/blockquote>\n<h2><a class=\"dt-pswp-item\" href=\"https:\/\/www.radiopiu.net\/wordpress\/wp-content\/uploads\/2023\/05\/R_LA-VOLATA-S-PELLEGRINO-DH-2017PHOTO-ELVIS.jpg\" data-dt-img-description=\"PASSO SAN PELLEGRINO MOENA ITA - 21DICEMBRE 2017 COPPA EUROPA DISCESA LIBERA FEMMINILE TROFEO LA VOLATA - MEMORIAL ALBERTO VENDRUSCOLO VINCITRICE SUTER GIULIANA SUI davanti a HOFER HANNA ITA e KOLLY NOEMIE SUI &quot;Copyright PHOTO ELVIS&quot;\" data-large_image_width=\"2000\" data-large_image_height=\"1337\"><img loading=\"lazy\" decoding=\"async\" class=\"wp-image-337460 alignleft\" src=\"https:\/\/www.radiopiu.net\/wordpress\/wp-content\/uploads\/2023\/05\/R_LA-VOLATA-S-PELLEGRINO-DH-2017PHOTO-ELVIS-300x201.jpg\" alt=\"\" width=\"187\" height=\"125\" srcset=\"https:\/\/www.radiopiu.net\/wordpress\/wp-content\/uploads\/2023\/05\/R_LA-VOLATA-S-PELLEGRINO-DH-2017PHOTO-ELVIS-300x201.jpg 300w, https:\/\/www.radiopiu.net\/wordpress\/wp-content\/uploads\/2023\/05\/R_LA-VOLATA-S-PELLEGRINO-DH-2017PHOTO-ELVIS-1024x685.jpg 1024w, https:\/\/www.radiopiu.net\/wordpress\/wp-content\/uploads\/2023\/05\/R_LA-VOLATA-S-PELLEGRINO-DH-2017PHOTO-ELVIS-768x513.jpg 768w, https:\/\/www.radiopiu.net\/wordpress\/wp-content\/uploads\/2023\/05\/R_LA-VOLATA-S-PELLEGRINO-DH-2017PHOTO-ELVIS-1536x1027.jpg 1536w, https:\/\/www.radiopiu.net\/wordpress\/wp-content\/uploads\/2023\/05\/R_LA-VOLATA-S-PELLEGRINO-DH-2017PHOTO-ELVIS.jpg 2000w\" sizes=\"auto, (max-width: 187px) 100vw, 187px\" \/><\/a>LA &#8220;VOLATA&#8221; IN MONDOVISIONE, SKI AREA SAN PELLEGRINO IN FERMENTO<\/h2>\n<p><span style=\"color: #0000ff;\"><strong>AUDIO<\/strong><\/span><\/p>\n<p><span style=\"color: #0000ff;\"><strong>DI MIRKO MEZZACASA &#8211; OSPITE RENZO MINELLA<\/strong><\/span><\/p>\n<audio class=\"wp-audio-shortcode\" id=\"audio-372964-8\" preload=\"none\" style=\"width: 100%;\" controls=\"controls\"><source type=\"audio\/mpeg\" src=\"https:\/\/www.radiopiu.net\/wordpress\/wp-content\/uploads\/2024\/01\/RENZO-MINELLA-GENNAIO2024.mp3?_=8\" \/><a href=\"https:\/\/www.radiopiu.net\/wordpress\/wp-content\/uploads\/2024\/01\/RENZO-MINELLA-GENNAIO2024.mp3\">https:\/\/www.radiopiu.net\/wordpress\/wp-content\/uploads\/2024\/01\/RENZO-MINELLA-GENNAIO2024.mp3<\/a><\/audio>\n<p>&nbsp;<\/p>\n<hr \/>\n<p>&nbsp;<\/p>\n<h2><span style=\"color: #ff6600;\">ALLA RADIO<\/span><\/h2>\n<h2><span style=\"color: #00ccff;\">LA RASSEGNA STAMPA DA L&#8217;AMICO DEL POPOLO<\/span><\/h2>\n<p><strong><a class=\"dt-pswp-item\" href=\"https:\/\/www.radiopiu.net\/wordpress\/wp-content\/uploads\/2022\/07\/OSPEDALE-AGORDO.png\" data-dt-img-description=\"\" data-large_image_width=\"1316\" data-large_image_height=\"756\"><img loading=\"lazy\" decoding=\"async\" class=\" wp-image-289638 alignleft\" src=\"https:\/\/www.radiopiu.net\/wordpress\/wp-content\/uploads\/2022\/07\/OSPEDALE-AGORDO-300x172.png\" alt=\"\" width=\"160\" height=\"92\" srcset=\"https:\/\/www.radiopiu.net\/wordpress\/wp-content\/uploads\/2022\/07\/OSPEDALE-AGORDO-300x172.png 300w, https:\/\/www.radiopiu.net\/wordpress\/wp-content\/uploads\/2022\/07\/OSPEDALE-AGORDO-1024x588.png 1024w, https:\/\/www.radiopiu.net\/wordpress\/wp-content\/uploads\/2022\/07\/OSPEDALE-AGORDO-768x441.png 768w, https:\/\/www.radiopiu.net\/wordpress\/wp-content\/uploads\/2022\/07\/OSPEDALE-AGORDO.png 1316w\" sizes=\"auto, (max-width: 160px) 100vw, 160px\" \/><\/a>DI GIANNI SANTOMASO<\/strong><\/p>\n<p>OSPITE: Guido Trento<\/p>\n<audio class=\"wp-audio-shortcode\" id=\"audio-372964-9\" preload=\"none\" style=\"width: 100%;\" controls=\"controls\"><source type=\"audio\/mpeg\" src=\"https:\/\/www.radiopiu.net\/wordpress\/wp-content\/uploads\/2024\/02\/RASSEGNA-GIANNI-SITO.mp3?_=9\" \/><a href=\"https:\/\/www.radiopiu.net\/wordpress\/wp-content\/uploads\/2024\/02\/RASSEGNA-GIANNI-SITO.mp3\">https:\/\/www.radiopiu.net\/wordpress\/wp-content\/uploads\/2024\/02\/RASSEGNA-GIANNI-SITO.mp3<\/a><\/audio>\n<p>&nbsp;<\/p>\n<h2><span style=\"color: #808000;\">DUE MINUTI PER TE<\/span><\/h2>\n<p><strong><a class=\"dt-pswp-item\" href=\"https:\/\/www.radiopiu.net\/wordpress\/wp-content\/uploads\/2020\/12\/DON-GIORGIO-LISE.jpg\" data-dt-img-description=\"\" data-large_image_width=\"1600\" data-large_image_height=\"901\"><img loading=\"lazy\" decoding=\"async\" class=\" wp-image-177420 alignleft\" src=\"https:\/\/www.radiopiu.net\/wordpress\/wp-content\/uploads\/2020\/12\/DON-GIORGIO-LISE-300x169.jpg\" alt=\"\" width=\"181\" height=\"102\" srcset=\"https:\/\/www.radiopiu.net\/wordpress\/wp-content\/uploads\/2020\/12\/DON-GIORGIO-LISE-300x169.jpg 300w, https:\/\/www.radiopiu.net\/wordpress\/wp-content\/uploads\/2020\/12\/DON-GIORGIO-LISE-1024x577.jpg 1024w, https:\/\/www.radiopiu.net\/wordpress\/wp-content\/uploads\/2020\/12\/DON-GIORGIO-LISE-768x432.jpg 768w, https:\/\/www.radiopiu.net\/wordpress\/wp-content\/uploads\/2020\/12\/DON-GIORGIO-LISE-1536x865.jpg 1536w, https:\/\/www.radiopiu.net\/wordpress\/wp-content\/uploads\/2020\/12\/DON-GIORGIO-LISE.jpg 1600w\" sizes=\"auto, (max-width: 181px) 100vw, 181px\" \/><\/a>APPUNTAMENTO DEL FINE SETTIMANA CON IL PENSIERO DI MONSIGNOR GIORGIO LISE<\/strong><\/p>\n<audio class=\"wp-audio-shortcode\" id=\"audio-372964-10\" preload=\"none\" style=\"width: 100%;\" controls=\"controls\"><source type=\"audio\/mpeg\" src=\"https:\/\/www.radiopiu.net\/wordpress\/wp-content\/uploads\/2024\/02\/DON-GIORGIO-SITO.mp3?_=10\" \/><a href=\"https:\/\/www.radiopiu.net\/wordpress\/wp-content\/uploads\/2024\/02\/DON-GIORGIO-SITO.mp3\">https:\/\/www.radiopiu.net\/wordpress\/wp-content\/uploads\/2024\/02\/DON-GIORGIO-SITO.mp3<\/a><\/audio>\n<p>&nbsp;<\/p>\n<p>&nbsp;<\/p>\n<hr \/>\n<p>&nbsp;<\/p>\n<blockquote>\n<h3>ARIA D&#8217;INVERN, IL CONCORSO FOTOGRAFICO<\/h3>\n<\/blockquote>\n<p><strong><img loading=\"lazy\" decoding=\"async\" class=\"alignleft\" src=\"https:\/\/www.radiopiu.net\/wordpress\/wp-content\/uploads\/2024\/01\/Senza-nome-41.png\" width=\"147\" height=\"79\" \/>CENCENIGHE<\/strong> La Pro Loco di Cencenighe ha organizzato un concorso fotografico dal titolo &#8220;Aria D&#8217;Invern&#8221;. Chi volesse partecipare pu\u00f2 inviare gli scatti fino al 31 marzo alla mail ariadinvern@gmail.com seguiranno le premiazioni e, nel mese di luglio, l&#8217;esposizione delle foto al Nof Fil\u00f2. Regolamento completo sul sito www.prolococencenighe.it<\/p>\n<p>&nbsp;<\/p>\n<p>&nbsp;<\/p>\n<p>&nbsp;<\/p>\n<hr \/>\n<p>&nbsp;<\/p>\n<blockquote>\n<h2>LE PISTE&#8230; SULLA PORTA DI CASA<\/h2>\n<\/blockquote>\n<div>\n<div class=\"x1cy8zhl x78zum5 x1q0g3np xod5an3 x1pi30zi x1swvt13 xz9dl7a\">\n<div class=\"x1iyjqo2\">\n<div class=\"x78zum5 xdt5ytf xz62fqu x16ldp7u\">\n<div class=\"xu06os2 x1ok221b\">\n<h2 id=\":R1al9aqqd9emhpapd5aq:\" class=\"x1heor9g x1qlqyl8 x1pd3egz x1a2a7pz x1gslohp x1yc453h\"><span class=\"x193iq5w xeuugli x13faqbe x1vvkbs x1xmvt09 x6prxxf xvq8zen xo1l8bm xi81zsa\"><strong><a class=\"dt-pswp-item\" href=\"https:\/\/www.radiopiu.net\/wordpress\/wp-content\/uploads\/2021\/11\/FORCELLA-AURINE.jpg\" data-dt-img-description=\"\" data-large_image_width=\"960\" data-large_image_height=\"720\"><img loading=\"lazy\" decoding=\"async\" class=\" wp-image-241538 alignleft\" src=\"https:\/\/www.radiopiu.net\/wordpress\/wp-content\/uploads\/2021\/11\/FORCELLA-AURINE-300x225.jpg\" alt=\"\" width=\"191\" height=\"143\" srcset=\"https:\/\/www.radiopiu.net\/wordpress\/wp-content\/uploads\/2021\/11\/FORCELLA-AURINE-300x225.jpg 300w, https:\/\/www.radiopiu.net\/wordpress\/wp-content\/uploads\/2021\/11\/FORCELLA-AURINE-768x576.jpg 768w, https:\/\/www.radiopiu.net\/wordpress\/wp-content\/uploads\/2021\/11\/FORCELLA-AURINE.jpg 960w\" sizes=\"auto, (max-width: 191px) 100vw, 191px\" \/><\/a>Aurine SKI Dolomiti -Progetto Desma <\/strong><\/span><strong><a class=\"x1i10hfl xjbqb8w x6umtig x1b1mbwd xaqea5y xav7gou x9f619 x1ypdohk xt0psk2 xe8uvvx xdj266r x11i5rnm xat24cr x1mh8g0r xexx8yu x4uap5 x18d9i69 xkhd6sd x16tdsg8 x1hl2dhg xggy1nq x1a2a7pz xt0b8zv xzsf02u x1s688f\" tabindex=\"0\" role=\"link\" href=\"https:\/\/www.facebook.com\/aurineskidolomiti?__cft__[0]=AZXSmHr83SUuJT0u4kVMSvLZyFo58012vDZQz2S9NoUpe9MsUBxfpeLpjB-1OoVs-G6CFBOMyk-HwUGAJFyotDcmMB8tqVOt4ppZp7H1Nhm_9AbxGcAKPdaj0NRByIDsgxLcHrLDuU1XYg3AAgvwT-9s&amp;__tn__=-]C%2CP-R\"><span class=\"xt0psk2\">&#8211;<\/span><\/a><\/strong>.<\/h2>\n<\/div>\n<div class=\"xu06os2 x1ok221b\">NUOVE APERTURE E NUOVI ORARI: &#8211; LUNEDI : Chiuso &#8211; MARTEDI : Chiuso &#8211; MERCOLEDI : 13:00-16:30 \/ 19:30-22:00 &#8211; GIOVEDI : 13:00-16:30 &#8211; VENERDI : 13:00-16:30 &#8211; SABATO : 9:00 &#8211; 16.30 &#8211; DOMENICA : 9:00 &#8211; 16.30 AD OGGI LA SITUAZIONE PISTE: &#8211; CAMPO SCUOLA <span class=\"x3nfvp2 x1j61x8r x1fcty0u xdj266r xhhsvwb xat24cr xgzva0m xxymvpz xlup9mm x1kky2od\"><img loading=\"lazy\" decoding=\"async\" class=\"xz74otr\" src=\"https:\/\/static.xx.fbcdn.net\/images\/emoji.php\/v9\/t55\/1.5\/16\/1f7e2.png\" alt=\"&#x1f7e2;\" width=\"16\" height=\"16\" \/><\/span><\/div>\n<\/div>\n<\/div>\n<\/div>\n<\/div>\n<div>\n<div class=\"\" dir=\"auto\">\n<div id=\":R1al9aqqd9emhpapd5aqH2:\" class=\"x1iorvi4 x1pi30zi x1l90r2v x1swvt13\" data-ad-comet-preview=\"message\" data-ad-preview=\"message\">\n<div class=\"x78zum5 xdt5ytf xz62fqu x16ldp7u\">\n<div class=\"xu06os2 x1ok221b\">\n<div class=\"x11i5rnm xat24cr x1mh8g0r x1vvkbs xtlvy1s x126k92a\">\n<div dir=\"auto\">&#8211; GARDELINA <span class=\"x3nfvp2 x1j61x8r x1fcty0u xdj266r xhhsvwb xat24cr xgzva0m xxymvpz xlup9mm x1kky2od\"><img loading=\"lazy\" decoding=\"async\" class=\"xz74otr\" src=\"https:\/\/static.xx.fbcdn.net\/images\/emoji.php\/v9\/t55\/1.5\/16\/1f7e2.png\" alt=\"&#x1f7e2;\" width=\"16\" height=\"16\" \/><\/span>&#8211; BEPI <span class=\"x3nfvp2 x1j61x8r x1fcty0u xdj266r xhhsvwb xat24cr xgzva0m xxymvpz xlup9mm x1kky2od\"><img loading=\"lazy\" decoding=\"async\" class=\"xz74otr\" src=\"https:\/\/static.xx.fbcdn.net\/images\/emoji.php\/v9\/t55\/1.5\/16\/1f7e2.png\" alt=\"&#x1f7e2;\" width=\"16\" height=\"16\" \/><\/span>&#8211; GEMINI <span class=\"x3nfvp2 x1j61x8r x1fcty0u xdj266r xhhsvwb xat24cr xgzva0m xxymvpz xlup9mm x1kky2od\"><img loading=\"lazy\" decoding=\"async\" class=\"xz74otr\" src=\"https:\/\/static.xx.fbcdn.net\/images\/emoji.php\/v9\/tc7\/1.5\/16\/1f534.png\" alt=\"&#x1f534;\" width=\"16\" height=\"16\" \/><\/span>Se le temperature ce lo permetteranno in pochi giorni sar\u00e0 completata anche la parte alta con l&#8217;apertura della sciovia Gardelon. RISTOBAR GHEGY<\/div>\n<\/div>\n<div class=\"x11i5rnm xat24cr x1mh8g0r x1vvkbs xtlvy1s x126k92a\">\n<div dir=\"auto\">&#8211; Dal Mercoled\u00ec al Venerd\u00ec aperto dall&#8217;ora di pranzo. &#8211; Mercoled\u00ec sera anche a cena con i panini GOURMET. &#8211; Sabato e Domenica 8:30 &#8211; 18.30.<\/div>\n<\/div>\n<\/div>\n<\/div>\n<\/div>\n<\/div>\n<\/div>\n<div dir=\"auto\"><\/div>\n<div dir=\"auto\"><\/div>\n<div dir=\"auto\"><\/div>\n<div dir=\"auto\"><\/div>\n<div dir=\"auto\">\n<hr \/>\n<\/div>\n<blockquote>\n<h3 dir=\"auto\"><\/h3>\n<h3 dir=\"auto\">SAN VALENTINO IN ALTA QUOTA<\/h3>\n<\/blockquote>\n<div dir=\"auto\"><a class=\"dt-pswp-item\" href=\"https:\/\/www.radiopiu.net\/wordpress\/wp-content\/uploads\/2022\/12\/Marmolada_sci-scaled.jpg\" data-dt-img-description=\"\" data-large_image_width=\"2560\" data-large_image_height=\"1440\"><img loading=\"lazy\" decoding=\"async\" class=\"wp-image-312435 alignleft\" src=\"https:\/\/www.radiopiu.net\/wordpress\/wp-content\/uploads\/2022\/12\/Marmolada_sci-300x169.jpg\" alt=\"\" width=\"170\" height=\"96\" srcset=\"https:\/\/www.radiopiu.net\/wordpress\/wp-content\/uploads\/2022\/12\/Marmolada_sci-300x169.jpg 300w, https:\/\/www.radiopiu.net\/wordpress\/wp-content\/uploads\/2022\/12\/Marmolada_sci-1024x576.jpg 1024w, https:\/\/www.radiopiu.net\/wordpress\/wp-content\/uploads\/2022\/12\/Marmolada_sci-768x432.jpg 768w, https:\/\/www.radiopiu.net\/wordpress\/wp-content\/uploads\/2022\/12\/Marmolada_sci-1536x864.jpg 1536w, https:\/\/www.radiopiu.net\/wordpress\/wp-content\/uploads\/2022\/12\/Marmolada_sci-2048x1152.jpg 2048w\" sizes=\"auto, (max-width: 170px) 100vw, 170px\" \/><\/a>San Valentino, unico, speciale, con la tua anima gemella sulla montagna pi\u00f9 alta delle dolomiti. Con Funivie Marmolada ammiri il tramonto sulla terrazza panoramica a 3.265 metri&#8230;immagina l&#8217;atmosfera. Sullo sfondo del romantico appuntamento la vista unica, a 360\u00b0 gradi. Rinfresco al rifugio Serauta. Informazioni 334 6794461. www.funiviemarmolada.com<\/div>\n<div dir=\"auto\"><\/div>\n<div dir=\"auto\"><\/div>\n<div dir=\"auto\"><\/div>\n<div dir=\"auto\">\n<hr \/>\n<\/div>\n<p>&nbsp;<\/p>\n<blockquote>\n<h3>CASPARETHA 2024 ANNULLATA PER MANCANZA DI NEVE<\/h3>\n<\/blockquote>\n<p><strong><a class=\"dt-pswp-item\" href=\"https:\/\/www.radiopiu.net\/wordpress\/wp-content\/uploads\/2023\/02\/CASPARETHA-2023-scaled.jpg\" data-dt-img-description=\"\" data-large_image_width=\"2560\" data-large_image_height=\"1918\"><img loading=\"lazy\" decoding=\"async\" class=\" wp-image-320590 alignleft\" src=\"https:\/\/www.radiopiu.net\/wordpress\/wp-content\/uploads\/2023\/02\/CASPARETHA-2023-300x225.jpg\" alt=\"\" width=\"121\" height=\"91\" srcset=\"https:\/\/www.radiopiu.net\/wordpress\/wp-content\/uploads\/2023\/02\/CASPARETHA-2023-300x225.jpg 300w, https:\/\/www.radiopiu.net\/wordpress\/wp-content\/uploads\/2023\/02\/CASPARETHA-2023-1024x767.jpg 1024w, https:\/\/www.radiopiu.net\/wordpress\/wp-content\/uploads\/2023\/02\/CASPARETHA-2023-768x575.jpg 768w, https:\/\/www.radiopiu.net\/wordpress\/wp-content\/uploads\/2023\/02\/CASPARETHA-2023-1536x1151.jpg 1536w, https:\/\/www.radiopiu.net\/wordpress\/wp-content\/uploads\/2023\/02\/CASPARETHA-2023-2048x1534.jpg 2048w\" sizes=\"auto, (max-width: 121px) 100vw, 121px\" \/><\/a>REDAZIONE<\/strong> Dopo due rinvii per la mancanza di neve, gli organizzatori della Casparetha di Canale D&#8217;Agordo hanno dovuto alzare bandiera bianca. &#8220;A malincuore siamo costretti a comunicare l&#8217;annullamento della Casparetha 2024&#8221; si legge nel comunicato fatto sui social. Infatti la neve attesa non \u00e8 arrivata e nei prossimi giorni sono attese temperature alte per la stagione. L&#8217;appuntamento con la Casparetha \u00e8 rimandato al 1 febbraio 2025.<\/p>\n<p>&nbsp;<\/p>\n<p>&nbsp;<\/p>\n<hr \/>\n<p>&nbsp;<\/p>\n<p><strong>\u201cAppia Servizi Srl, presso la propria sede di Agordo, \u00e8 alla ricerca di una nuova figura con esperienza per il reparto contabile da inserire nel proprio organico a tempo indeterminato e tempo pieno.Se interessati potete contattare il numero 0437-954411 o inviare la vostra candidatura all\u2019indirizzo <a href=\"mailto:info@appiacna.it\">info@appiacna.it<\/a>.\u201d<\/strong><\/p>\n<p>&nbsp;<\/p>\n<hr \/>\n<p>&nbsp;<\/p>\n<h2><span style=\"color: #ff0000;\">GLI APPUNTAMENTI DELLA SETTIMANA<\/span><\/h2>\n<p><strong>BELLUNO<\/strong> Domani alle 18 in Sala Muccin (Centro Giovanni XXIII, Piazza Piloni 11 a Belluno) si terr\u00e0 la presentazione del libro \u201cLa tigre e i gelidi mostri\u201d di Maurizio Dianese e Gianfranco Bettin, moderatore Marco Perale.<\/p>\n<p><strong>FELTRE<\/strong> Sabato 10 febbraio al centro astronomico di via Arson &#8220;Le nane bianche&#8221; con Gabriele Vanin. La serata offrir\u00e0 l&#8217;opportunit\u00e0 di osservare stelle nane bianche, rappresentative del futuro delle stelle di massa media, oltre a esplorare oggetti celesti<\/p>\n<p><strong>TAIBON<\/strong> Pro Loco e comune di Taibon organizzano domenica 11 febbraio il Carneval Dei Boce. Ritrovo in piazza del municipio alle 14, sfilata verso la casa di riposo e rientro per le 16 per la festa in sala ex municipio<\/p>\n<p><strong>BELLUNO<\/strong> Il Comitato Festeggiamenti Meano ripropone anche quest\u2019anno il Carnevale dei Bambini, nella splendida cornice del Parco Ciclamino di Meano! L\u2019evento \u201cMascherati al Parco Ciclamino\u201d si terr\u00e0 sabato 11 febbraio dalle ore 14.30 ed \u00e8 organizzato dallo storico Comitato Frazionale in collaborazione col Gruppo Genitori Meano<\/p>\n<p>&nbsp;<\/p>\n<h2><span style=\"color: #ff0000;\">PROSSIMAMENTE\u00a0<\/span><\/h2>\n<p><a class=\"dt-pswp-item\" href=\"https:\/\/www.radiopiu.net\/wordpress\/wp-content\/uploads\/2024\/01\/Carnevale-2024-def.png\" data-dt-img-description=\"\" data-large_image_width=\"1414\" data-large_image_height=\"2000\"><img loading=\"lazy\" decoding=\"async\" class=\"size-medium wp-image-372256 aligncenter\" src=\"https:\/\/www.radiopiu.net\/wordpress\/wp-content\/uploads\/2024\/01\/Carnevale-2024-def-212x300.png\" alt=\"\" width=\"212\" height=\"300\" srcset=\"https:\/\/www.radiopiu.net\/wordpress\/wp-content\/uploads\/2024\/01\/Carnevale-2024-def-212x300.png 212w, https:\/\/www.radiopiu.net\/wordpress\/wp-content\/uploads\/2024\/01\/Carnevale-2024-def-724x1024.png 724w, https:\/\/www.radiopiu.net\/wordpress\/wp-content\/uploads\/2024\/01\/Carnevale-2024-def-768x1086.png 768w, https:\/\/www.radiopiu.net\/wordpress\/wp-content\/uploads\/2024\/01\/Carnevale-2024-def-1086x1536.png 1086w, https:\/\/www.radiopiu.net\/wordpress\/wp-content\/uploads\/2024\/01\/Carnevale-2024-def.png 1414w\" sizes=\"auto, (max-width: 212px) 100vw, 212px\" \/><\/a><\/p>\n<p>&nbsp;<\/p>\n<blockquote>\n<h3>Le radici venete delle stragi nere Un libro per capire l\u2019Italia da Piazza Fontana a oggi<\/h3>\n<\/blockquote>\n<p><strong>BORGO VALBELLUNA<\/strong> Il 14 febbraio prossimo alle ore 20,00 San Valentino arriver\u00e0 a Mel, presso il cinquecentesco salone municipale, grazie al nuovo libro di poesie di Edoardo Comiotto dal titolo \u201cInvisibili carezze\u201d.<\/p>\n<p><strong>FELTRE<\/strong> La Famiglia Ex Emigranti del Feltrino organizza la gita alla fiera &#8220;Orto Giardino&#8221; a Pordenonefiere il 6 marzo. La partenza \u00e8 alle 13 da Pedavena, con passaggio a Feltre. Il programma include l&#8217;ingresso alla fiera e una tappa in pizzeria durante il rientro. Per informazioni 40 262 9562.<\/p>\n<p>&nbsp;<\/p>\n<hr \/>\n<p>&nbsp;<\/p>\n<blockquote>\n<h3>L&#8217;ALBA INFUOCATA DA COL MARGHERITA<\/h3>\n<\/blockquote>\n<p><strong>REDAZIONE<\/strong> Chi si \u00e8 svegliato presto sabato mattina ha potuto ammirare un vero spettacolo della natura. Un&#8217;alba infuocata ha colorato di rosso i cieli della provincia e lo spettacolo \u00e8 stato fotografato anche da Lucio De Cassan che da Col Margherita a Falcade ha immortalato gli attimi in cui il sole sorgeva.<\/p>\n\n\t\t\t<style type='text\/css'>\n\t\t\t\t#gallery-7 {\n\t\t\t\t\tmargin: auto;\n\t\t\t\t}\n\t\t\t\t#gallery-7 .gallery-item {\n\t\t\t\t\tfloat: left;\n\t\t\t\t\tmargin-top: 10px;\n\t\t\t\t\ttext-align: center;\n\t\t\t\t\twidth: 20%;\n\t\t\t\t}\n\t\t\t\t#gallery-7 img {\n\t\t\t\t\tborder: 2px solid #cfcfcf;\n\t\t\t\t}\n\t\t\t\t#gallery-7 .gallery-caption {\n\t\t\t\t\tmargin-left: 0;\n\t\t\t\t}\n\t\t\t\t\/* see gallery_shortcode() in wp-includes\/media.php *\/\n\t\t\t<\/style>\n\t\t<div id='gallery-7' class='dt-gallery-container gallery galleryid-372964 gallery-columns-5 gallery-size-medium'><dl class='gallery-item'>\n\t\t\t\t<dt class='gallery-icon landscape'>\n\t\t\t\t\t<a class=\"rollover rollover-zoom dt-pswp-item\" title=\"5f1e7054-633b-48bf-b828-c6a318179afb\" data-dt-img-description=\"\" data-large_image_width=\"1500\" data-large_image_height=\"1001\"href='https:\/\/www.radiopiu.net\/wordpress\/wp-content\/uploads\/2024\/02\/5f1e7054-633b-48bf-b828-c6a318179afb.jpg'><img loading=\"lazy\" decoding=\"async\" width=\"300\" height=\"200\" src=\"https:\/\/www.radiopiu.net\/wordpress\/wp-content\/uploads\/2024\/02\/5f1e7054-633b-48bf-b828-c6a318179afb-300x200.jpg\" class=\"attachment-medium size-medium\" alt=\"\" srcset=\"https:\/\/www.radiopiu.net\/wordpress\/wp-content\/uploads\/2024\/02\/5f1e7054-633b-48bf-b828-c6a318179afb-300x200.jpg 300w, https:\/\/www.radiopiu.net\/wordpress\/wp-content\/uploads\/2024\/02\/5f1e7054-633b-48bf-b828-c6a318179afb-1024x683.jpg 1024w, https:\/\/www.radiopiu.net\/wordpress\/wp-content\/uploads\/2024\/02\/5f1e7054-633b-48bf-b828-c6a318179afb-768x513.jpg 768w, https:\/\/www.radiopiu.net\/wordpress\/wp-content\/uploads\/2024\/02\/5f1e7054-633b-48bf-b828-c6a318179afb.jpg 1500w\" sizes=\"auto, (max-width: 300px) 100vw, 300px\" \/><\/a>\n\t\t\t\t<\/dt><\/dl><dl class='gallery-item'>\n\t\t\t\t<dt class='gallery-icon landscape'>\n\t\t\t\t\t<a class=\"rollover rollover-zoom dt-pswp-item\" title=\"4a0cecf4-4fbe-4bec-a247-db59fdb36d4a\" data-dt-img-description=\"\" data-large_image_width=\"1500\" data-large_image_height=\"1001\"href='https:\/\/www.radiopiu.net\/wordpress\/wp-content\/uploads\/2024\/02\/4a0cecf4-4fbe-4bec-a247-db59fdb36d4a.jpg'><img loading=\"lazy\" decoding=\"async\" width=\"300\" height=\"200\" src=\"https:\/\/www.radiopiu.net\/wordpress\/wp-content\/uploads\/2024\/02\/4a0cecf4-4fbe-4bec-a247-db59fdb36d4a-300x200.jpg\" class=\"attachment-medium size-medium\" alt=\"\" srcset=\"https:\/\/www.radiopiu.net\/wordpress\/wp-content\/uploads\/2024\/02\/4a0cecf4-4fbe-4bec-a247-db59fdb36d4a-300x200.jpg 300w, https:\/\/www.radiopiu.net\/wordpress\/wp-content\/uploads\/2024\/02\/4a0cecf4-4fbe-4bec-a247-db59fdb36d4a-1024x683.jpg 1024w, https:\/\/www.radiopiu.net\/wordpress\/wp-content\/uploads\/2024\/02\/4a0cecf4-4fbe-4bec-a247-db59fdb36d4a-768x513.jpg 768w, https:\/\/www.radiopiu.net\/wordpress\/wp-content\/uploads\/2024\/02\/4a0cecf4-4fbe-4bec-a247-db59fdb36d4a.jpg 1500w\" sizes=\"auto, (max-width: 300px) 100vw, 300px\" \/><\/a>\n\t\t\t\t<\/dt><\/dl><dl class='gallery-item'>\n\t\t\t\t<dt class='gallery-icon landscape'>\n\t\t\t\t\t<a class=\"rollover rollover-zoom dt-pswp-item\" title=\"d2e962cf-d635-48bf-81e3-790c6bee6754\" data-dt-img-description=\"\" data-large_image_width=\"1500\" data-large_image_height=\"1001\"href='https:\/\/www.radiopiu.net\/wordpress\/wp-content\/uploads\/2024\/02\/d2e962cf-d635-48bf-81e3-790c6bee6754.jpg'><img loading=\"lazy\" decoding=\"async\" width=\"300\" height=\"200\" src=\"https:\/\/www.radiopiu.net\/wordpress\/wp-content\/uploads\/2024\/02\/d2e962cf-d635-48bf-81e3-790c6bee6754-300x200.jpg\" class=\"attachment-medium size-medium\" alt=\"\" srcset=\"https:\/\/www.radiopiu.net\/wordpress\/wp-content\/uploads\/2024\/02\/d2e962cf-d635-48bf-81e3-790c6bee6754-300x200.jpg 300w, https:\/\/www.radiopiu.net\/wordpress\/wp-content\/uploads\/2024\/02\/d2e962cf-d635-48bf-81e3-790c6bee6754-1024x683.jpg 1024w, https:\/\/www.radiopiu.net\/wordpress\/wp-content\/uploads\/2024\/02\/d2e962cf-d635-48bf-81e3-790c6bee6754-768x513.jpg 768w, https:\/\/www.radiopiu.net\/wordpress\/wp-content\/uploads\/2024\/02\/d2e962cf-d635-48bf-81e3-790c6bee6754.jpg 1500w\" sizes=\"auto, (max-width: 300px) 100vw, 300px\" \/><\/a>\n\t\t\t\t<\/dt><\/dl><dl class='gallery-item'>\n\t\t\t\t<dt class='gallery-icon landscape'>\n\t\t\t\t\t<a class=\"rollover rollover-zoom dt-pswp-item\" title=\"ce435a87-0d32-435b-b9e4-3cdc989297b7\" data-dt-img-description=\"\" data-large_image_width=\"1500\" data-large_image_height=\"1001\"href='https:\/\/www.radiopiu.net\/wordpress\/wp-content\/uploads\/2024\/02\/ce435a87-0d32-435b-b9e4-3cdc989297b7.jpg'><img loading=\"lazy\" decoding=\"async\" width=\"300\" height=\"200\" src=\"https:\/\/www.radiopiu.net\/wordpress\/wp-content\/uploads\/2024\/02\/ce435a87-0d32-435b-b9e4-3cdc989297b7-300x200.jpg\" class=\"attachment-medium size-medium\" alt=\"\" srcset=\"https:\/\/www.radiopiu.net\/wordpress\/wp-content\/uploads\/2024\/02\/ce435a87-0d32-435b-b9e4-3cdc989297b7-300x200.jpg 300w, https:\/\/www.radiopiu.net\/wordpress\/wp-content\/uploads\/2024\/02\/ce435a87-0d32-435b-b9e4-3cdc989297b7-1024x683.jpg 1024w, https:\/\/www.radiopiu.net\/wordpress\/wp-content\/uploads\/2024\/02\/ce435a87-0d32-435b-b9e4-3cdc989297b7-768x513.jpg 768w, https:\/\/www.radiopiu.net\/wordpress\/wp-content\/uploads\/2024\/02\/ce435a87-0d32-435b-b9e4-3cdc989297b7.jpg 1500w\" sizes=\"auto, (max-width: 300px) 100vw, 300px\" \/><\/a>\n\t\t\t\t<\/dt><\/dl><dl class='gallery-item'>\n\t\t\t\t<dt class='gallery-icon landscape'>\n\t\t\t\t\t<a class=\"rollover rollover-zoom dt-pswp-item\" title=\"443a5904-c721-447e-928b-64c0f0b30086\" data-dt-img-description=\"\" data-large_image_width=\"1500\" data-large_image_height=\"1001\"href='https:\/\/www.radiopiu.net\/wordpress\/wp-content\/uploads\/2024\/02\/443a5904-c721-447e-928b-64c0f0b30086.jpg'><img loading=\"lazy\" decoding=\"async\" width=\"300\" height=\"200\" src=\"https:\/\/www.radiopiu.net\/wordpress\/wp-content\/uploads\/2024\/02\/443a5904-c721-447e-928b-64c0f0b30086-300x200.jpg\" class=\"attachment-medium size-medium\" alt=\"\" srcset=\"https:\/\/www.radiopiu.net\/wordpress\/wp-content\/uploads\/2024\/02\/443a5904-c721-447e-928b-64c0f0b30086-300x200.jpg 300w, https:\/\/www.radiopiu.net\/wordpress\/wp-content\/uploads\/2024\/02\/443a5904-c721-447e-928b-64c0f0b30086-1024x683.jpg 1024w, https:\/\/www.radiopiu.net\/wordpress\/wp-content\/uploads\/2024\/02\/443a5904-c721-447e-928b-64c0f0b30086-768x513.jpg 768w, https:\/\/www.radiopiu.net\/wordpress\/wp-content\/uploads\/2024\/02\/443a5904-c721-447e-928b-64c0f0b30086.jpg 1500w\" sizes=\"auto, (max-width: 300px) 100vw, 300px\" \/><\/a>\n\t\t\t\t<\/dt><\/dl><br style=\"clear: both\" \/>\n\t\t\t<\/div>\n\n<p>&nbsp;<\/p>\n<hr \/>\n<p>&nbsp;<\/p>\n<p><a class=\"dt-pswp-item\" href=\"https:\/\/www.radiopiu.net\/wordpress\/wp-content\/uploads\/2018\/09\/viabilita.jpeg\" data-dt-img-description=\"\" data-large_image_width=\"800\" data-large_image_height=\"100\"><img loading=\"lazy\" decoding=\"async\" class=\"aligncenter wp-image-61954 size-full\" src=\"https:\/\/www.radiopiu.net\/wordpress\/wp-content\/uploads\/2018\/09\/viabilita.jpeg\" alt=\"\" width=\"800\" height=\"100\" srcset=\"https:\/\/www.radiopiu.net\/wordpress\/wp-content\/uploads\/2018\/09\/viabilita.jpeg 800w, https:\/\/www.radiopiu.net\/wordpress\/wp-content\/uploads\/2018\/09\/viabilita-300x38.jpeg 300w, https:\/\/www.radiopiu.net\/wordpress\/wp-content\/uploads\/2018\/09\/viabilita-768x96.jpeg 768w\" sizes=\"auto, (max-width: 800px) 100vw, 800px\" \/><\/a><\/p>\n<p>&nbsp;<\/p>\n<p><a class=\"dt-pswp-item\" href=\"https:\/\/www.radiopiu.net\/wordpress\/wp-content\/uploads\/2023\/12\/botol-car-service.jpg\" data-dt-img-description=\"\" data-large_image_width=\"600\" data-large_image_height=\"600\"><img loading=\"lazy\" decoding=\"async\" class=\"size-medium wp-image-367044 aligncenter\" src=\"https:\/\/www.radiopiu.net\/wordpress\/wp-content\/uploads\/2023\/12\/botol-car-service-300x300.jpg\" alt=\"\" width=\"300\" height=\"300\" srcset=\"https:\/\/www.radiopiu.net\/wordpress\/wp-content\/uploads\/2023\/12\/botol-car-service-300x300.jpg 300w, https:\/\/www.radiopiu.net\/wordpress\/wp-content\/uploads\/2023\/12\/botol-car-service-150x150.jpg 150w, https:\/\/www.radiopiu.net\/wordpress\/wp-content\/uploads\/2023\/12\/botol-car-service.jpg 600w\" sizes=\"auto, (max-width: 300px) 100vw, 300px\" \/><\/a><\/p>\n<p>&nbsp;<\/p>\n<blockquote>\n<h1><span style=\"color: #ff0000;\"><a class=\"dt-pswp-item\" href=\"https:\/\/www.radiopiu.net\/wordpress\/wp-content\/uploads\/2020\/05\/VENETO-STRADE.png\" data-dt-img-description=\"\" data-large_image_width=\"400\" data-large_image_height=\"400\"><img loading=\"lazy\" decoding=\"async\" class=\"wp-image-135574 alignleft\" src=\"https:\/\/www.radiopiu.net\/wordpress\/wp-content\/uploads\/2020\/05\/VENETO-STRADE-300x300.png\" alt=\"\" width=\"102\" height=\"102\" srcset=\"https:\/\/www.radiopiu.net\/wordpress\/wp-content\/uploads\/2020\/05\/VENETO-STRADE-300x300.png 300w, https:\/\/www.radiopiu.net\/wordpress\/wp-content\/uploads\/2020\/05\/VENETO-STRADE-150x150.png 150w, https:\/\/www.radiopiu.net\/wordpress\/wp-content\/uploads\/2020\/05\/VENETO-STRADE.png 400w\" sizes=\"auto, (max-width: 102px) 100vw, 102px\" \/><\/a>AGGIORNAMENTO QUOTIDIANO, IN\u00a0 COLLABORAZIONE CON VENETO STRADE E BOTOL CAR SERVICE AD AGORDO IN LOCALITA&#8217; VALCOZZENA.<\/span><\/h1>\n<p>&nbsp;<\/p><\/blockquote>\n<p><strong>SOSPIROLO\u00a0<\/strong> Lungo la provinciale 2 tra Pian Falcina e Gena Bassa in Comune di Sospirolo\u00a0 <span style=\"color: #ff0000;\">fino al 15 febbraio,<\/span> sabato e domeniche compresi, senso unico alternato regolato da semaforo o movieri, interruzioni alla viabilit\u00e0 fino a 10 minuti per tratti di 200 metri.<\/p>\n<p><span style=\"color: #0000ff;\"><strong>BOLLETTINO VIABILITA&#8217; AGGIORNATO AL 23 GENNAIO 2024<\/strong><\/span><\/p>\n<audio class=\"wp-audio-shortcode\" id=\"audio-372964-11\" preload=\"none\" style=\"width: 100%;\" controls=\"controls\"><source type=\"audio\/mpeg\" src=\"https:\/\/www.radiopiu.net\/wordpress\/wp-content\/uploads\/2024\/01\/VIABLITA-2.mp3?_=11\" \/><a href=\"https:\/\/www.radiopiu.net\/wordpress\/wp-content\/uploads\/2024\/01\/VIABLITA-2.mp3\">https:\/\/www.radiopiu.net\/wordpress\/wp-content\/uploads\/2024\/01\/VIABLITA-2.mp3<\/a><\/audio>\n<p>&nbsp;<\/p>\n<p>&nbsp;<\/p>\n<hr \/>\n<p>&nbsp;<\/p>\n<p>&nbsp;<\/p>\n<p><a class=\"dt-pswp-item\" href=\"https:\/\/www.radiopiu.net\/wordpress\/wp-content\/uploads\/2018\/09\/WhatsApp-Image-2018-09-20-at-16.04.06.jpeg\" data-dt-img-description=\"\" data-large_image_width=\"800\" data-large_image_height=\"100\"><img loading=\"lazy\" decoding=\"async\" class=\"wp-image-61378 size-full aligncenter\" src=\"https:\/\/www.radiopiu.net\/wordpress\/wp-content\/uploads\/2018\/09\/WhatsApp-Image-2018-09-20-at-16.04.06.jpeg\" alt=\"\" width=\"800\" height=\"100\" srcset=\"https:\/\/www.radiopiu.net\/wordpress\/wp-content\/uploads\/2018\/09\/WhatsApp-Image-2018-09-20-at-16.04.06.jpeg 800w, https:\/\/www.radiopiu.net\/wordpress\/wp-content\/uploads\/2018\/09\/WhatsApp-Image-2018-09-20-at-16.04.06-300x38.jpeg 300w, https:\/\/www.radiopiu.net\/wordpress\/wp-content\/uploads\/2018\/09\/WhatsApp-Image-2018-09-20-at-16.04.06-768x96.jpeg 768w\" sizes=\"auto, (max-width: 800px) 100vw, 800px\" \/><\/a><\/p>\n<p><center><\/center><b>\u00a0 \u00a0\u00a0<\/b><\/p>\n<p><center><b>OGGI<\/b><\/center>Sole, cielo sereno o poco nuvoloso per banchi di cirri e magari qualche annuvolamento di sottovento. La mitezza perdura, specie in quota, mentre l&#8217;inversione termica si accentua nei fondovalle tra la notte e le prime ore del giorno.<br \/>\n<b>Precipitazioni: <\/b>Assenti<br \/>\n<b>Temperature: <\/b>In generale lieve ripresa a tutte le quote e contenuta inversione termica nelle valli durante le ore pi\u00f9 fredde.<\/p>\n<hr \/>\n<p><center><b>DOMANI<\/b><\/center>Sole, cielo sereno o poco nuvoloso per banchi di cirri. L&#8217;insidia nebbia cresce nelle conche prealpine, ma limitatamente alle ore pi\u00f9 fredde.<br \/>\n<b>Precipitazioni: <\/b>Assenti<br \/>\n<b>Temperature: <\/b>In generale lieve flessione a tutte le quote, con minime osservate alla sera in alta quota. Riduzione dell&#8217;inversione termica nelle valli<\/p>\n<hr \/>\n<p><center><b>MERCOLEDI<\/b><\/center>Riduzione del soleggiamento per maggiore nuvolosit\u00e0 stratiforme medio-alta e media, sulle Prealpi tale copertura potrebbe essere tale da impedire le chance di schiarite, mentre si prevedono rasserenamenti pomeridiani sulle Dolomiti. Temperature in diminuzione, eccetto rialzo delle minime nelle valli.<\/p>\n<hr \/>\n<p><center><b>GIOVEDI<\/b><\/center>Cielo del tutto coperto su Prealpi per estesa nuvolosit\u00e0 stratiforme, anche bassa. Sulle Dolomiti intensificazione della nuvolosit\u00e0 e minore chance di schiarite rispetto a mercoled\u00ec. Temperature senza notevoli variazione ad eccezione di un contenuto calo delle stesse alla sera.<\/p>\n<p>&nbsp;<\/p>\n<p>&nbsp;<\/p>\n<hr \/>\n<p>&nbsp;<\/p>\n<p>&nbsp;<\/p>\n<p><img loading=\"lazy\" decoding=\"async\" class=\"wp-image-60761 size-full aligncenter\" src=\"https:\/\/www.radiopiu.net\/wordpress\/wp-content\/uploads\/2018\/09\/sport.jpg\" alt=\"\" width=\"800\" height=\"100\" srcset=\"https:\/\/www.radiopiu.net\/wordpress\/wp-content\/uploads\/2018\/09\/sport.jpg 800w, https:\/\/www.radiopiu.net\/wordpress\/wp-content\/uploads\/2018\/09\/sport-300x38.jpg 300w, https:\/\/www.radiopiu.net\/wordpress\/wp-content\/uploads\/2018\/09\/sport-768x96.jpg 768w\" sizes=\"auto, (max-width: 800px) 100vw, 800px\" \/><\/p>\n<p>&nbsp;<\/p>\n<p><span style=\"color: #0000ff;\"><strong>HOCKEY SU GHIACCIO<\/strong><\/span><\/p>\n<blockquote>\n<h3>BRUTTA SCONFITTA PER L&#8217;ALLEGHE CONTRO IL VARESE. PERDE ANCHE IL FELTRE A DOBBIACO<\/h3>\n<\/blockquote>\n<p><strong>di Marco Gaz<\/strong><\/p>\n<p><span style=\"color: #ff0000;\"><strong>MASTER ROUND<\/strong><\/span><\/p>\n<p><strong>ALLEGHE \u2013 VARESE 1-10<\/strong><\/p>\n<p>PARZIALI: 0-4, 0-2, 1-4<\/p>\n<p>GOL: Pt. 5\u201942\u201d Pietroniro, 8\u201934\u201d Naslund, 17\u201927\u201d e 19\u201933\u201d Borghi. St. 14\u201901\u201d Borghi, 18\u201918\u201d Naslund. Tt. 5\u201946\u201d Majul, 10\u201912\u201d Talamini, 10\u201931\u201d Vanetti, 13\u201932\u201d Schina, 19\u201932\u201d Borghi<\/p>\n<p>Il Varese fa la voce grossa al De Toni e incamera i 3 punti in palio. L\u2019Alleghe non entra in partita e lascia una prateria ai lombradi che vanno \u00a0rete in continuazione. Una sfida senza storia con le civette decimate dalle assenze che non riescono a giocare come vorrebbero. Ora una settimana per preparare la prossima partita contro il Caldaro in programma sabato in terra altoatesina. \u00a0Primi minuti di gara con poche emozioni. Le civette si trovano a gestire la partita con l\u2019uomo in meno quasi subito per una penalit\u00e0. Il Varese passa in vantaggio poco dopo quando Pietroniro riesce a trovare il pertugio per battere Scola. Mastini che ci prendono gusto e subito dopo trovano il secondo gol della serata con Naslund. La squadra di Scapinello gioca bene ma non riesce a rendersi pericolosa. Ad avere in manop la sfida per\u00f2 sono gli ospiti e prima della sirena di fine primo tempo portano a quattro le reti a favore con una doppietta Borghi. Secondo drittel con l\u2019Alleghe che gioca bene ed evita gli errori commessi in precedenza. I lombardi per\u00f2 si rendono pericolosi e la difesa biancorossa stenta a ripartire. A mettere in difficolt\u00e0 gli agordini sono anche alcune penalit\u00e0 che concedono ai varesotti di gestire meglio il gioco con l\u2019uomo in pi\u00f9. Intanto Borghi sigla la tripletta personale e Naslund la doppietta di serata mettendo una seria ipoteca sulla partita. Anche nella terza frazione di gara il Varese continua a gestire il gioco e incrementa il punteggio con Majul. Talamini sigla la rete della bandiera per le civette mentre Vanetti, Schina e Borghi portano a doppia cifra il Varese.<\/p>\n<p><strong>CLASSIFICA MASTER ROUND <\/strong>Varese 28, Pergine 27, Caldaro 22, Alleghe 15, Appiano 13<\/p>\n<p><strong>LE FOTO DI MATTEO FLORIDIA<\/strong><\/p>\n\n\t\t\t<style type='text\/css'>\n\t\t\t\t#gallery-8 {\n\t\t\t\t\tmargin: auto;\n\t\t\t\t}\n\t\t\t\t#gallery-8 .gallery-item {\n\t\t\t\t\tfloat: left;\n\t\t\t\t\tmargin-top: 10px;\n\t\t\t\t\ttext-align: center;\n\t\t\t\t\twidth: 20%;\n\t\t\t\t}\n\t\t\t\t#gallery-8 img {\n\t\t\t\t\tborder: 2px solid #cfcfcf;\n\t\t\t\t}\n\t\t\t\t#gallery-8 .gallery-caption {\n\t\t\t\t\tmargin-left: 0;\n\t\t\t\t}\n\t\t\t\t\/* see gallery_shortcode() in wp-includes\/media.php *\/\n\t\t\t<\/style>\n\t\t<div id='gallery-8' class='dt-gallery-container gallery galleryid-372964 gallery-columns-5 gallery-size-thumbnail'><dl class='gallery-item'>\n\t\t\t\t<dt class='gallery-icon landscape'>\n\t\t\t\t\t<a class=\"rollover rollover-zoom dt-pswp-item\" title=\"77794f8c-520a-4df5-86f5-c7d41e76f311\" data-dt-img-description=\"\" data-large_image_width=\"1344\" data-large_image_height=\"896\"href='https:\/\/www.radiopiu.net\/wordpress\/wp-content\/uploads\/2024\/02\/77794f8c-520a-4df5-86f5-c7d41e76f311.jpg'><img loading=\"lazy\" decoding=\"async\" width=\"150\" height=\"150\" src=\"https:\/\/www.radiopiu.net\/wordpress\/wp-content\/uploads\/2024\/02\/77794f8c-520a-4df5-86f5-c7d41e76f311-150x150.jpg\" class=\"attachment-thumbnail size-thumbnail\" alt=\"\" \/><\/a>\n\t\t\t\t<\/dt><\/dl><dl class='gallery-item'>\n\t\t\t\t<dt class='gallery-icon landscape'>\n\t\t\t\t\t<a class=\"rollover rollover-zoom dt-pswp-item\" title=\"189df921-4dcc-40d5-8f69-b22d339ef740\" data-dt-img-description=\"\" data-large_image_width=\"1508\" data-large_image_height=\"944\"href='https:\/\/www.radiopiu.net\/wordpress\/wp-content\/uploads\/2024\/02\/189df921-4dcc-40d5-8f69-b22d339ef740.jpg'><img loading=\"lazy\" decoding=\"async\" width=\"150\" height=\"150\" src=\"https:\/\/www.radiopiu.net\/wordpress\/wp-content\/uploads\/2024\/02\/189df921-4dcc-40d5-8f69-b22d339ef740-150x150.jpg\" class=\"attachment-thumbnail size-thumbnail\" alt=\"\" \/><\/a>\n\t\t\t\t<\/dt><\/dl><dl class='gallery-item'>\n\t\t\t\t<dt class='gallery-icon landscape'>\n\t\t\t\t\t<a class=\"rollover rollover-zoom dt-pswp-item\" title=\"96df3a34-50dc-4e4e-8d58-59fd14cc4eeb\" data-dt-img-description=\"\" data-large_image_width=\"1600\" data-large_image_height=\"1211\"href='https:\/\/www.radiopiu.net\/wordpress\/wp-content\/uploads\/2024\/02\/96df3a34-50dc-4e4e-8d58-59fd14cc4eeb.jpg'><img loading=\"lazy\" decoding=\"async\" width=\"150\" height=\"150\" src=\"https:\/\/www.radiopiu.net\/wordpress\/wp-content\/uploads\/2024\/02\/96df3a34-50dc-4e4e-8d58-59fd14cc4eeb-150x150.jpg\" class=\"attachment-thumbnail size-thumbnail\" alt=\"\" \/><\/a>\n\t\t\t\t<\/dt><\/dl><dl class='gallery-item'>\n\t\t\t\t<dt class='gallery-icon landscape'>\n\t\t\t\t\t<a class=\"rollover rollover-zoom dt-pswp-item\" title=\"1a614b53-dae3-47b7-b887-83ba5acda111\" data-dt-img-description=\"\" data-large_image_width=\"1139\" data-large_image_height=\"758\"href='https:\/\/www.radiopiu.net\/wordpress\/wp-content\/uploads\/2024\/02\/1a614b53-dae3-47b7-b887-83ba5acda111.jpg'><img loading=\"lazy\" decoding=\"async\" width=\"150\" height=\"150\" src=\"https:\/\/www.radiopiu.net\/wordpress\/wp-content\/uploads\/2024\/02\/1a614b53-dae3-47b7-b887-83ba5acda111-150x150.jpg\" class=\"attachment-thumbnail size-thumbnail\" alt=\"\" \/><\/a>\n\t\t\t\t<\/dt><\/dl><dl class='gallery-item'>\n\t\t\t\t<dt class='gallery-icon landscape'>\n\t\t\t\t\t<a class=\"rollover rollover-zoom dt-pswp-item\" title=\"289e4e05-a0f3-4fc2-9b7d-7bb68780f8f4\" data-dt-img-description=\"\" data-large_image_width=\"1103\" data-large_image_height=\"831\"href='https:\/\/www.radiopiu.net\/wordpress\/wp-content\/uploads\/2024\/02\/289e4e05-a0f3-4fc2-9b7d-7bb68780f8f4.jpg'><img loading=\"lazy\" decoding=\"async\" width=\"150\" height=\"150\" src=\"https:\/\/www.radiopiu.net\/wordpress\/wp-content\/uploads\/2024\/02\/289e4e05-a0f3-4fc2-9b7d-7bb68780f8f4-150x150.jpg\" class=\"attachment-thumbnail size-thumbnail\" alt=\"\" \/><\/a>\n\t\t\t\t<\/dt><\/dl><br style=\"clear: both\" \/>\n\t\t\t<\/div>\n\n<p><span style=\"color: #ff0000;\"><strong>QUALIFICATION ROUND<\/strong><\/span><\/p>\n<p><strong>DOBBIACO \u2013 FELTRE 4-3<\/strong><\/p>\n<p>PARZIALI: 1-0, 1-1, 2-2<\/p>\n<p>GOL: Pt. 15\u201903\u201d Tauber. St. 5\u201935\u201d Blaha, 12\u201900\u201d Monthaler. Tt. 7\u201905\u201d Rizzo, 11\u201914\u201d Tauber, 16\u201935\u201d e 17\u201946\u201d M. Dall\u2019Agnol<\/p>\n<p>Trasferta amara per il Feltre che toprna da Dobbiaco con le tasche vuote. Niente da fare per i picchi che in terra altoatesina non riescono a tenere il passo dei padroni di casa. Una sconfitta che non brucia anche perch\u00e9 i feltrini restano in testa alla classifica. \u00a0Primo tempo giocato alla pari dalle due formazioni ma ad avere la meglio sono i padroni di casa che trovano la rete del vantaggio con Tauber. La reazione dei picchi si fa vedere nella seconda frazione. I feltrini pareggiano subito i conti con Blaha. Le squadre giocano alla pari e a passare in vantaggio sono ancora gli altoatesini. Dobbiaco che cala il poker con le reti di Rizzo e Tauber. Nel finale di gara arriva la doppietta di Matteo Dall\u2019Agnol ma il feltre non riesce a pareggiare i conti nel tempo rimanente.<\/p>\n<p><strong>CLASSIFICA QUALIFICATION ROUND\u00a0<\/strong> Feltre 21, Fiemme 19, Como* 17, Dobbiaco e Valpellice 11, Bressanone* 10 (* una partita in meno)<\/p>\n<p>&nbsp;<\/p>\n<p><span style=\"color: #0000ff;\"><strong>SKICROSS<\/strong><\/span><\/p>\n<blockquote>\n<h3>IL CANADA FA BOTTINO PIENO ALLA TAPPA ALLEGHESE DELLA COPPA DEL MONDO DI SKICROSS<\/h3>\n<\/blockquote>\n<p><strong>ALLEGHE<\/strong> La Alleghe-Civetta Ski Cross World Cup vede la vittoria di Marielle Thompson e Reece Howden, entrambi del Canada. Nella gara femminile, Marielle Thompson si piazza al primo posto, seguita dalla connazionale Brittany Phelan e dalla francese Marielle Berger Sabbatel. Hannah Schmidt, leader della classifica generale, si classifica quarta. Reece Howden trionfa nella gara maschile, con il tedesco Florian Wilmsmann al secondo posto e l&#8217;austriaco Johannes Aujesky, che beneficia di una decisione della giuria, al terzo posto. Gli italiani Dominik Zuech e Federico Tomasoni non superano gli ottavi di finale. La competizione si conclude con elogi per l&#8217;organizzazione e l&#8217;entusiasmo del comitato locale. La Coppa del Mondo di Ski Cross si sposter\u00e0 a Bakuriani, in Georgia, il 10-11 febbraio.<\/p>\n\n\t\t\t<style type='text\/css'>\n\t\t\t\t#gallery-9 {\n\t\t\t\t\tmargin: auto;\n\t\t\t\t}\n\t\t\t\t#gallery-9 .gallery-item {\n\t\t\t\t\tfloat: left;\n\t\t\t\t\tmargin-top: 10px;\n\t\t\t\t\ttext-align: center;\n\t\t\t\t\twidth: 25%;\n\t\t\t\t}\n\t\t\t\t#gallery-9 img {\n\t\t\t\t\tborder: 2px solid #cfcfcf;\n\t\t\t\t}\n\t\t\t\t#gallery-9 .gallery-caption {\n\t\t\t\t\tmargin-left: 0;\n\t\t\t\t}\n\t\t\t\t\/* see gallery_shortcode() in wp-includes\/media.php *\/\n\t\t\t<\/style>\n\t\t<div id='gallery-9' class='dt-gallery-container gallery galleryid-372964 gallery-columns-4 gallery-size-medium'><dl class='gallery-item'>\n\t\t\t\t<dt class='gallery-icon landscape'>\n\t\t\t\t\t<a class=\"rollover rollover-zoom dt-pswp-item\" title=\"ZuechDominik02\" data-dt-img-description=\"\" data-large_image_width=\"2560\" data-large_image_height=\"1707\"href='https:\/\/www.radiopiu.net\/wordpress\/wp-content\/uploads\/2024\/02\/ZuechDominik02-scaled.jpeg'><img loading=\"lazy\" decoding=\"async\" width=\"300\" height=\"200\" src=\"https:\/\/www.radiopiu.net\/wordpress\/wp-content\/uploads\/2024\/02\/ZuechDominik02-300x200.jpeg\" class=\"attachment-medium size-medium\" alt=\"\" srcset=\"https:\/\/www.radiopiu.net\/wordpress\/wp-content\/uploads\/2024\/02\/ZuechDominik02-300x200.jpeg 300w, https:\/\/www.radiopiu.net\/wordpress\/wp-content\/uploads\/2024\/02\/ZuechDominik02-1024x683.jpeg 1024w, https:\/\/www.radiopiu.net\/wordpress\/wp-content\/uploads\/2024\/02\/ZuechDominik02-768x512.jpeg 768w, https:\/\/www.radiopiu.net\/wordpress\/wp-content\/uploads\/2024\/02\/ZuechDominik02-1536x1024.jpeg 1536w, https:\/\/www.radiopiu.net\/wordpress\/wp-content\/uploads\/2024\/02\/ZuechDominik02-2048x1365.jpeg 2048w\" sizes=\"auto, (max-width: 300px) 100vw, 300px\" \/><\/a>\n\t\t\t\t<\/dt><\/dl><dl class='gallery-item'>\n\t\t\t\t<dt class='gallery-icon landscape'>\n\t\t\t\t\t<a class=\"rollover rollover-zoom dt-pswp-item\" title=\"PremiazioniDonne\" data-dt-img-description=\"\" data-large_image_width=\"2560\" data-large_image_height=\"1707\"href='https:\/\/www.radiopiu.net\/wordpress\/wp-content\/uploads\/2024\/02\/PremiazioniDonne-scaled.jpeg'><img loading=\"lazy\" decoding=\"async\" width=\"300\" height=\"200\" src=\"https:\/\/www.radiopiu.net\/wordpress\/wp-content\/uploads\/2024\/02\/PremiazioniDonne-300x200.jpeg\" class=\"attachment-medium size-medium\" alt=\"\" srcset=\"https:\/\/www.radiopiu.net\/wordpress\/wp-content\/uploads\/2024\/02\/PremiazioniDonne-300x200.jpeg 300w, https:\/\/www.radiopiu.net\/wordpress\/wp-content\/uploads\/2024\/02\/PremiazioniDonne-1024x683.jpeg 1024w, https:\/\/www.radiopiu.net\/wordpress\/wp-content\/uploads\/2024\/02\/PremiazioniDonne-768x512.jpeg 768w, https:\/\/www.radiopiu.net\/wordpress\/wp-content\/uploads\/2024\/02\/PremiazioniDonne-1536x1024.jpeg 1536w, https:\/\/www.radiopiu.net\/wordpress\/wp-content\/uploads\/2024\/02\/PremiazioniDonne-2048x1365.jpeg 2048w\" sizes=\"auto, (max-width: 300px) 100vw, 300px\" \/><\/a>\n\t\t\t\t<\/dt><\/dl><dl class='gallery-item'>\n\t\t\t\t<dt class='gallery-icon landscape'>\n\t\t\t\t\t<a class=\"rollover rollover-zoom dt-pswp-item\" title=\"PremiazioniUomini\" data-dt-img-description=\"\" data-large_image_width=\"2560\" data-large_image_height=\"1707\"href='https:\/\/www.radiopiu.net\/wordpress\/wp-content\/uploads\/2024\/02\/PremiazioniUomini-scaled.jpeg'><img loading=\"lazy\" decoding=\"async\" width=\"300\" height=\"200\" src=\"https:\/\/www.radiopiu.net\/wordpress\/wp-content\/uploads\/2024\/02\/PremiazioniUomini-300x200.jpeg\" class=\"attachment-medium size-medium\" alt=\"\" srcset=\"https:\/\/www.radiopiu.net\/wordpress\/wp-content\/uploads\/2024\/02\/PremiazioniUomini-300x200.jpeg 300w, https:\/\/www.radiopiu.net\/wordpress\/wp-content\/uploads\/2024\/02\/PremiazioniUomini-1024x683.jpeg 1024w, https:\/\/www.radiopiu.net\/wordpress\/wp-content\/uploads\/2024\/02\/PremiazioniUomini-768x512.jpeg 768w, https:\/\/www.radiopiu.net\/wordpress\/wp-content\/uploads\/2024\/02\/PremiazioniUomini-1536x1024.jpeg 1536w, https:\/\/www.radiopiu.net\/wordpress\/wp-content\/uploads\/2024\/02\/PremiazioniUomini-2048x1365.jpeg 2048w\" sizes=\"auto, (max-width: 300px) 100vw, 300px\" \/><\/a>\n\t\t\t\t<\/dt><\/dl><dl class='gallery-item'>\n\t\t\t\t<dt class='gallery-icon landscape'>\n\t\t\t\t\t<a class=\"rollover rollover-zoom dt-pswp-item\" title=\"REECE_HOWDEN_BIGFINAL_SKICROSS_ALLEGHE_27\" data-dt-img-description=\"\" data-large_image_width=\"2560\" data-large_image_height=\"1707\"href='https:\/\/www.radiopiu.net\/wordpress\/wp-content\/uploads\/2024\/02\/REECE_HOWDEN_BIGFINAL_SKICROSS_ALLEGHE_27-scaled.jpeg'><img loading=\"lazy\" decoding=\"async\" width=\"300\" height=\"200\" src=\"https:\/\/www.radiopiu.net\/wordpress\/wp-content\/uploads\/2024\/02\/REECE_HOWDEN_BIGFINAL_SKICROSS_ALLEGHE_27-300x200.jpeg\" class=\"attachment-medium size-medium\" alt=\"\" srcset=\"https:\/\/www.radiopiu.net\/wordpress\/wp-content\/uploads\/2024\/02\/REECE_HOWDEN_BIGFINAL_SKICROSS_ALLEGHE_27-300x200.jpeg 300w, https:\/\/www.radiopiu.net\/wordpress\/wp-content\/uploads\/2024\/02\/REECE_HOWDEN_BIGFINAL_SKICROSS_ALLEGHE_27-1024x683.jpeg 1024w, https:\/\/www.radiopiu.net\/wordpress\/wp-content\/uploads\/2024\/02\/REECE_HOWDEN_BIGFINAL_SKICROSS_ALLEGHE_27-768x512.jpeg 768w, https:\/\/www.radiopiu.net\/wordpress\/wp-content\/uploads\/2024\/02\/REECE_HOWDEN_BIGFINAL_SKICROSS_ALLEGHE_27-1536x1024.jpeg 1536w, https:\/\/www.radiopiu.net\/wordpress\/wp-content\/uploads\/2024\/02\/REECE_HOWDEN_BIGFINAL_SKICROSS_ALLEGHE_27-2048x1366.jpeg 2048w\" sizes=\"auto, (max-width: 300px) 100vw, 300px\" \/><\/a>\n\t\t\t\t<\/dt><\/dl><br style=\"clear: both\" \/>\n\t\t\t<\/div>\n\n<p>&nbsp;<\/p>\n<p><span style=\"color: #0000ff;\"><strong>CALCIO<\/strong><\/span><\/p>\n<blockquote>\n<h3>CAMPIONATO AGORDINO DI CALCIO: TORNA IL FALCADE\/CAVIOLA. IN FORSE L&#8217;AGORDO2009<\/h3>\n<\/blockquote>\n<p><strong><a class=\"dt-pswp-item\" href=\"https:\/\/www.radiopiu.net\/wordpress\/wp-content\/uploads\/2023\/11\/calcio.jpg\" data-dt-img-description=\"\" data-large_image_width=\"1280\" data-large_image_height=\"853\"><img loading=\"lazy\" decoding=\"async\" class=\" wp-image-360218 alignleft\" src=\"https:\/\/www.radiopiu.net\/wordpress\/wp-content\/uploads\/2023\/11\/calcio-300x200.jpg\" alt=\"\" width=\"176\" height=\"117\" srcset=\"https:\/\/www.radiopiu.net\/wordpress\/wp-content\/uploads\/2023\/11\/calcio-300x200.jpg 300w, https:\/\/www.radiopiu.net\/wordpress\/wp-content\/uploads\/2023\/11\/calcio-1024x682.jpg 1024w, https:\/\/www.radiopiu.net\/wordpress\/wp-content\/uploads\/2023\/11\/calcio-768x512.jpg 768w, https:\/\/www.radiopiu.net\/wordpress\/wp-content\/uploads\/2023\/11\/calcio.jpg 1280w\" sizes=\"auto, (max-width: 176px) 100vw, 176px\" \/><\/a>di Marco Gaz<\/strong><\/p>\n<p><strong>REDAZIONE<\/strong> Mancano due mesi alla presentazione ufficiale del Campionato Agordino di Calcio e le squadre si stanno preparando per organizzare tutto assieme al Comitato Calcio Agordino. Nei giorni scorsi la prima riunione ha messo in luce alcune novit\u00e0. Dopo alcuni anni di assenza torna il Falcade\/Caviola, erano alcuni anni che il paese falcadino non si presentava alla chermesse calcistica con una squadra. In forse anche la parteciapazione dell&#8217;Agordo2009 che la scorsa stagione aveva alzato bandiera bianca per mancanza di uomini in rosa. Un Campionato Agordino che si preannuncia interessante, con due squadre in pi\u00f9 rispetto al 2023 e quindi a 14 squadre suddivise in due gironi da 7.<\/p>\n<p><strong>ANDREA BALDASSI, RESPONSABILE DEL COMITATO CALCIO AGORDINO<\/strong><\/p>\n<audio class=\"wp-audio-shortcode\" id=\"audio-372964-12\" preload=\"none\" style=\"width: 100%;\" controls=\"controls\"><source type=\"audio\/mpeg\" src=\"https:\/\/www.radiopiu.net\/wordpress\/wp-content\/uploads\/2024\/02\/BALDA-CAMP-AGO.mp3?_=12\" \/><a href=\"https:\/\/www.radiopiu.net\/wordpress\/wp-content\/uploads\/2024\/02\/BALDA-CAMP-AGO.mp3\">https:\/\/www.radiopiu.net\/wordpress\/wp-content\/uploads\/2024\/02\/BALDA-CAMP-AGO.mp3<\/a><\/audio>\n<p>&nbsp;<\/p>\n<blockquote>\n<h3>L&#8217;AGORDINA JUNIORES CALA IL POKER CON IL CODOGNE&#8217;<\/h3>\n<\/blockquote>\n<p><strong><a class=\"dt-pswp-item\" href=\"https:\/\/www.radiopiu.net\/wordpress\/wp-content\/uploads\/2019\/09\/AGORDINA-CALCIO.jpeg\" data-dt-img-description=\"\" data-large_image_width=\"225\" data-large_image_height=\"225\"><img loading=\"lazy\" decoding=\"async\" class=\" wp-image-97575 alignleft\" src=\"https:\/\/www.radiopiu.net\/wordpress\/wp-content\/uploads\/2019\/09\/AGORDINA-CALCIO.jpeg\" alt=\"\" width=\"111\" height=\"111\" srcset=\"https:\/\/www.radiopiu.net\/wordpress\/wp-content\/uploads\/2019\/09\/AGORDINA-CALCIO.jpeg 225w, https:\/\/www.radiopiu.net\/wordpress\/wp-content\/uploads\/2019\/09\/AGORDINA-CALCIO-150x150.jpeg 150w\" sizes=\"auto, (max-width: 111px) 100vw, 111px\" \/><\/a>CODOGNE&#8217; &#8211; AGORDINA 1-4<\/strong><\/p>\n<p>GOL AGORDINA: 3 V.Marcon, Carlin<\/p>\n<p>Valentino Marcon segna una tripletta contribuendo alla terza vittoria consecutiva dell&#8217;Agordina nel girone di ritorno. La partita \u00e8 sbloccata da una veloce azione in cui Valentino segna dopo un preciso assist di Matthias Marcon. Poco dopo, Valentino si ripete con un colpo di testa su traversone di Casera, portando il punteggio a 0-2. Nel secondo tempo, il Codogn\u00e8 accorcia le distanze con una bella giocata individuale. Tuttavia, l&#8217;Agordina chiude la partita con un rigore trasformato nuovamente da Valentino Marcon e un quarto gol segnato da Carlin.<\/p>\n<p>&nbsp;<\/p>\n<p><span style=\"color: #0000ff;\"><strong>PALLAVOLO<\/strong><\/span><\/p>\n<blockquote>\n<h3>SCONFITTA AL TIE BREAK PER IL VOLLEY CLUB AGORDINO<\/h3>\n<\/blockquote>\n<p><span style=\"color: #ff0000;\"><strong><a class=\"dt-pswp-item\" href=\"https:\/\/www.radiopiu.net\/wordpress\/wp-content\/uploads\/2018\/10\/PALLONE-VOLLEY.jpg\" data-dt-img-description=\"\" data-large_image_width=\"696\" data-large_image_height=\"472\"><img loading=\"lazy\" decoding=\"async\" class=\" wp-image-64709 alignleft\" src=\"https:\/\/www.radiopiu.net\/wordpress\/wp-content\/uploads\/2018\/10\/PALLONE-VOLLEY-300x203.jpg\" alt=\"\" width=\"168\" height=\"114\" srcset=\"https:\/\/www.radiopiu.net\/wordpress\/wp-content\/uploads\/2018\/10\/PALLONE-VOLLEY-300x203.jpg 300w, https:\/\/www.radiopiu.net\/wordpress\/wp-content\/uploads\/2018\/10\/PALLONE-VOLLEY.jpg 696w\" sizes=\"auto, (max-width: 168px) 100vw, 168px\" \/><\/a>PRIMA DIVISIONE<\/strong><\/span><\/p>\n<p><strong>VOLLEY CLUB AGORDINO &#8211; OLYMPIO 2-3 (8-25, 25-12, 25-23, 13-25, 12-15)<\/strong><\/p>\n<p>Il Volley Club Agordino tira fuori le unghie ma non basta per portare a casa il risultato pieno contro l&#8217;Olympio. Al Palarova di Agordo le ragazze di De Nardin, dopo una prima frazione da dimenticare, giocano una buona partita contro le trevigiane tenendo in piedi la sfida e giocandosi il punto aggiuntivo al tie break. Una buona prestazione delle agordine che dal secondo set ingranano la marcia giusta giocando alle pari con le avversarie. Primo parziale da dimenticare per le padrone di casa. Nel secondo set la partita cambia e il Volley Club Agordino si porta in vantaggio nel terzo parziale. Olympio che pareggia i conti portando la sfida al tie break dove le trevigiane la spuntano.<\/p>\n<p>&nbsp;<\/p>\n<p><span style=\"color: #0000ff;\"><strong>SCI NORDICO<\/strong><\/span><\/p>\n<blockquote>\n<h3>LA DOBBIACO-CORTINA DEI FRATELLI BUSIN: LORENZO QUARTO ED EMANUELE 22ESIMO<\/h3>\n<\/blockquote>\n<p><strong><a class=\"dt-pswp-item\" href=\"https:\/\/www.radiopiu.net\/wordpress\/wp-content\/uploads\/2024\/02\/3c35b757-877d-4bbb-88e2-eb036c1b1067.jpg\" data-dt-img-description=\"\" data-large_image_width=\"1600\" data-large_image_height=\"1204\"><img loading=\"lazy\" decoding=\"async\" class=\" wp-image-373049 alignleft\" src=\"https:\/\/www.radiopiu.net\/wordpress\/wp-content\/uploads\/2024\/02\/3c35b757-877d-4bbb-88e2-eb036c1b1067-300x226.jpg\" alt=\"\" width=\"167\" height=\"126\" srcset=\"https:\/\/www.radiopiu.net\/wordpress\/wp-content\/uploads\/2024\/02\/3c35b757-877d-4bbb-88e2-eb036c1b1067-300x226.jpg 300w, https:\/\/www.radiopiu.net\/wordpress\/wp-content\/uploads\/2024\/02\/3c35b757-877d-4bbb-88e2-eb036c1b1067-1024x771.jpg 1024w, https:\/\/www.radiopiu.net\/wordpress\/wp-content\/uploads\/2024\/02\/3c35b757-877d-4bbb-88e2-eb036c1b1067-768x578.jpg 768w, https:\/\/www.radiopiu.net\/wordpress\/wp-content\/uploads\/2024\/02\/3c35b757-877d-4bbb-88e2-eb036c1b1067-1536x1156.jpg 1536w, https:\/\/www.radiopiu.net\/wordpress\/wp-content\/uploads\/2024\/02\/3c35b757-877d-4bbb-88e2-eb036c1b1067.jpg 1600w\" sizes=\"auto, (max-width: 167px) 100vw, 167px\" \/><\/a>DOBBIACO <\/strong>La Dobbiaco-Cortina andata in scena oggi \u00e8 stata una sfida impegnativa a causa della scarsit\u00e0 di neve e delle temperature elevate. Con una partenza dall&#8217;aeroporto di Dobbiaco, giro di boa sotto Cimabanche e arrivo all&#8217;arena di Dobbiaco, il percorso di 42 km in tecnica classica \u00e8 stato un vero test. La competizione \u00e8 stata combattuta, con Lorenzo Busin che, dopo una fuga di 5 atleti, ha lottato negli ultimi metri, conquistando il 4\u00b0 posto a soli 9 centesimi dal primo. La vittoria \u00e8 andata ad Riege, seguito da Nygaard e Ferrari al terzo posto. Ottimo 22\u00b0 posto per Emanuele Busin, che ha sfidato i migliori specialisti delle lunghe distanze.<\/p>\n<p>&nbsp;<\/p>\n<p><span style=\"color: #0000ff;\"><strong>SKI ALP<\/strong><\/span><\/p>\n<blockquote>\n<h3>PIETRO FESTINI SI AGGIUDICA LA PRIMA PROVA DELLO SKIALP 4 VALLI<\/h3>\n<\/blockquote>\n<p>La prima prova del Circuito SkiAlp 4 Valli ha preso il via con quasi 200 agonisti e poco meno di 80 escursionisti sulle nevi di Castelir Bellamonte. Il vincitore assoluto \u00e8 stato Pietro Festini del Purlan Skialp Valdobbiadene con il tempo di 35.50, seguito da Filippo Beccari del Team Bela Ladinia in 36.38 e Gabriele Depaul del team Adventurers in 37.06. Tra le donne, Kristel Mottin del Bela Ladinia ha ottenuto il primo posto con il tempo di 44.59, seguita da Veronica Bandiera (Skialp Valdobbiadene) in 48.47 e Heidi Dapunt (Badia Sport) in 48.52. La ASD Cauriol si \u00e8 classificata come la prima societ\u00e0. L&#8217;evento \u00e8 stato anche un&#8217;occasione per celebrare l&#8217;amicizia in ricordo di Elisa Deflorian.<\/p>\n\n\t\t\t<style type='text\/css'>\n\t\t\t\t#gallery-10 {\n\t\t\t\t\tmargin: auto;\n\t\t\t\t}\n\t\t\t\t#gallery-10 .gallery-item {\n\t\t\t\t\tfloat: left;\n\t\t\t\t\tmargin-top: 10px;\n\t\t\t\t\ttext-align: center;\n\t\t\t\t\twidth: 25%;\n\t\t\t\t}\n\t\t\t\t#gallery-10 img {\n\t\t\t\t\tborder: 2px solid #cfcfcf;\n\t\t\t\t}\n\t\t\t\t#gallery-10 .gallery-caption {\n\t\t\t\t\tmargin-left: 0;\n\t\t\t\t}\n\t\t\t\t\/* see gallery_shortcode() in wp-includes\/media.php *\/\n\t\t\t<\/style>\n\t\t<div id='gallery-10' class='dt-gallery-container gallery galleryid-372964 gallery-columns-4 gallery-size-thumbnail'><dl class='gallery-item'>\n\t\t\t\t<dt class='gallery-icon portrait'>\n\t\t\t\t\t<a class=\"rollover rollover-zoom dt-pswp-item\" title=\"WhatsApp Image 2024-02-03 at 07.47.28\" data-dt-img-description=\"\" data-large_image_width=\"1080\" data-large_image_height=\"1440\"href='https:\/\/www.radiopiu.net\/wordpress\/wp-content\/uploads\/2024\/02\/WhatsApp-Image-2024-02-03-at-07.47.28.jpeg'><img loading=\"lazy\" decoding=\"async\" width=\"150\" height=\"150\" src=\"https:\/\/www.radiopiu.net\/wordpress\/wp-content\/uploads\/2024\/02\/WhatsApp-Image-2024-02-03-at-07.47.28-150x150.jpeg\" class=\"attachment-thumbnail size-thumbnail\" alt=\"\" \/><\/a>\n\t\t\t\t<\/dt><\/dl><dl class='gallery-item'>\n\t\t\t\t<dt class='gallery-icon landscape'>\n\t\t\t\t\t<a class=\"rollover rollover-zoom dt-pswp-item\" title=\"WhatsApp Image 2024-02-03 at 07.46.53\" data-dt-img-description=\"\" data-large_image_width=\"1080\" data-large_image_height=\"810\"href='https:\/\/www.radiopiu.net\/wordpress\/wp-content\/uploads\/2024\/02\/WhatsApp-Image-2024-02-03-at-07.46.53.jpeg'><img loading=\"lazy\" decoding=\"async\" width=\"150\" height=\"150\" src=\"https:\/\/www.radiopiu.net\/wordpress\/wp-content\/uploads\/2024\/02\/WhatsApp-Image-2024-02-03-at-07.46.53-150x150.jpeg\" class=\"attachment-thumbnail size-thumbnail\" alt=\"\" \/><\/a>\n\t\t\t\t<\/dt><\/dl><dl class='gallery-item'>\n\t\t\t\t<dt class='gallery-icon landscape'>\n\t\t\t\t\t<a class=\"rollover rollover-zoom dt-pswp-item\" title=\"WhatsApp Image 2024-02-03 at 07.47.14\" data-dt-img-description=\"\" data-large_image_width=\"1080\" data-large_image_height=\"810\"href='https:\/\/www.radiopiu.net\/wordpress\/wp-content\/uploads\/2024\/02\/WhatsApp-Image-2024-02-03-at-07.47.14.jpeg'><img loading=\"lazy\" decoding=\"async\" width=\"150\" height=\"150\" src=\"https:\/\/www.radiopiu.net\/wordpress\/wp-content\/uploads\/2024\/02\/WhatsApp-Image-2024-02-03-at-07.47.14-150x150.jpeg\" class=\"attachment-thumbnail size-thumbnail\" alt=\"\" \/><\/a>\n\t\t\t\t<\/dt><\/dl><dl class='gallery-item'>\n\t\t\t\t<dt class='gallery-icon landscape'>\n\t\t\t\t\t<a class=\"rollover rollover-zoom dt-pswp-item\" title=\"WhatsApp Image 2024-02-03 at 07.46.39\" data-dt-img-description=\"\" data-large_image_width=\"1080\" data-large_image_height=\"810\"href='https:\/\/www.radiopiu.net\/wordpress\/wp-content\/uploads\/2024\/02\/WhatsApp-Image-2024-02-03-at-07.46.39.jpeg'><img loading=\"lazy\" decoding=\"async\" width=\"150\" height=\"150\" src=\"https:\/\/www.radiopiu.net\/wordpress\/wp-content\/uploads\/2024\/02\/WhatsApp-Image-2024-02-03-at-07.46.39-150x150.jpeg\" class=\"attachment-thumbnail size-thumbnail\" alt=\"\" \/><\/a>\n\t\t\t\t<\/dt><\/dl><br style=\"clear: both\" \/>\n\t\t\t<\/div>\n\n<p>&nbsp;<\/p>\n<p><span style=\"color: #0000ff;\"><strong>RIDOLE A COPPIE<\/strong><\/span><\/p>\n<blockquote>\n<h3>LA GARA DI RIDOLE A COPPIE A COLMEAN DI CANALE D&#8217;AGORDO<\/h3>\n<\/blockquote>\n<p><strong>CANALE D&#8217;AGORDO<\/strong> Secondo e ultimo appuntamento stagionale sulla pista di Colmean a Canale D&#8217;Agordo con le discese sulle slitte. Questa volta sul tracciato si sono cimentati gli atleti con le ridole a coppie. Quattro le categorie: giovani, femminile, maschile e mista. Un pomeriggio alternativo di divertimento e compagnia in una giornata calda che ha messo a dura prova la pista<\/p>\n<p><strong>LE FOTO<\/strong><\/p>\n\n\t\t\t<style type='text\/css'>\n\t\t\t\t#gallery-11 {\n\t\t\t\t\tmargin: auto;\n\t\t\t\t}\n\t\t\t\t#gallery-11 .gallery-item {\n\t\t\t\t\tfloat: left;\n\t\t\t\t\tmargin-top: 10px;\n\t\t\t\t\ttext-align: center;\n\t\t\t\t\twidth: 20%;\n\t\t\t\t}\n\t\t\t\t#gallery-11 img {\n\t\t\t\t\tborder: 2px solid #cfcfcf;\n\t\t\t\t}\n\t\t\t\t#gallery-11 .gallery-caption {\n\t\t\t\t\tmargin-left: 0;\n\t\t\t\t}\n\t\t\t\t\/* see gallery_shortcode() in wp-includes\/media.php *\/\n\t\t\t<\/style>\n\t\t<div id='gallery-11' class='dt-gallery-container gallery galleryid-372964 gallery-columns-5 gallery-size-thumbnail'><dl class='gallery-item'>\n\t\t\t\t<dt class='gallery-icon landscape'>\n\t\t\t\t\t<a class=\"rollover rollover-zoom dt-pswp-item\" title=\"26444a36-b728-4a63-8a5c-c78ccfc2763a\" data-dt-img-description=\"\" data-large_image_width=\"2000\" data-large_image_height=\"900\"href='https:\/\/www.radiopiu.net\/wordpress\/wp-content\/uploads\/2024\/02\/26444a36-b728-4a63-8a5c-c78ccfc2763a.jpg'><img loading=\"lazy\" decoding=\"async\" width=\"150\" height=\"150\" src=\"https:\/\/www.radiopiu.net\/wordpress\/wp-content\/uploads\/2024\/02\/26444a36-b728-4a63-8a5c-c78ccfc2763a-150x150.jpg\" class=\"attachment-thumbnail size-thumbnail\" alt=\"\" \/><\/a>\n\t\t\t\t<\/dt><\/dl><dl class='gallery-item'>\n\t\t\t\t<dt class='gallery-icon landscape'>\n\t\t\t\t\t<a class=\"rollover rollover-zoom dt-pswp-item\" title=\"41efd3d7-e4cb-4a10-85c7-d1d180ed802d\" data-dt-img-description=\"\" data-large_image_width=\"1600\" data-large_image_height=\"1200\"href='https:\/\/www.radiopiu.net\/wordpress\/wp-content\/uploads\/2024\/02\/41efd3d7-e4cb-4a10-85c7-d1d180ed802d.jpg'><img loading=\"lazy\" decoding=\"async\" width=\"150\" height=\"150\" src=\"https:\/\/www.radiopiu.net\/wordpress\/wp-content\/uploads\/2024\/02\/41efd3d7-e4cb-4a10-85c7-d1d180ed802d-150x150.jpg\" class=\"attachment-thumbnail size-thumbnail\" alt=\"\" \/><\/a>\n\t\t\t\t<\/dt><\/dl><dl class='gallery-item'>\n\t\t\t\t<dt class='gallery-icon portrait'>\n\t\t\t\t\t<a class=\"rollover rollover-zoom dt-pswp-item\" title=\"69db430b-9f57-42ed-8c26-77db335cbfd4\" data-dt-img-description=\"\" data-large_image_width=\"1200\" data-large_image_height=\"1600\"href='https:\/\/www.radiopiu.net\/wordpress\/wp-content\/uploads\/2024\/02\/69db430b-9f57-42ed-8c26-77db335cbfd4.jpg'><img loading=\"lazy\" decoding=\"async\" width=\"150\" height=\"150\" src=\"https:\/\/www.radiopiu.net\/wordpress\/wp-content\/uploads\/2024\/02\/69db430b-9f57-42ed-8c26-77db335cbfd4-150x150.jpg\" class=\"attachment-thumbnail size-thumbnail\" alt=\"\" \/><\/a>\n\t\t\t\t<\/dt><\/dl><dl class='gallery-item'>\n\t\t\t\t<dt class='gallery-icon portrait'>\n\t\t\t\t\t<a class=\"rollover rollover-zoom dt-pswp-item\" title=\"f37258e5-b1af-479a-8a3a-31d7eb08428e\" data-dt-img-description=\"\" data-large_image_width=\"1200\" data-large_image_height=\"1600\"href='https:\/\/www.radiopiu.net\/wordpress\/wp-content\/uploads\/2024\/02\/f37258e5-b1af-479a-8a3a-31d7eb08428e.jpg'><img loading=\"lazy\" decoding=\"async\" width=\"150\" height=\"150\" src=\"https:\/\/www.radiopiu.net\/wordpress\/wp-content\/uploads\/2024\/02\/f37258e5-b1af-479a-8a3a-31d7eb08428e-150x150.jpg\" class=\"attachment-thumbnail size-thumbnail\" alt=\"\" \/><\/a>\n\t\t\t\t<\/dt><\/dl><dl class='gallery-item'>\n\t\t\t\t<dt class='gallery-icon landscape'>\n\t\t\t\t\t<a class=\"rollover rollover-zoom dt-pswp-item\" title=\"ab66d324-e867-4b80-a2b5-ce450f4c2174\" data-dt-img-description=\"\" data-large_image_width=\"1600\" data-large_image_height=\"1200\"href='https:\/\/www.radiopiu.net\/wordpress\/wp-content\/uploads\/2024\/02\/ab66d324-e867-4b80-a2b5-ce450f4c2174.jpg'><img loading=\"lazy\" decoding=\"async\" width=\"150\" height=\"150\" src=\"https:\/\/www.radiopiu.net\/wordpress\/wp-content\/uploads\/2024\/02\/ab66d324-e867-4b80-a2b5-ce450f4c2174-150x150.jpg\" class=\"attachment-thumbnail size-thumbnail\" alt=\"\" \/><\/a>\n\t\t\t\t<\/dt><\/dl><br style=\"clear: both\" \/><dl class='gallery-item'>\n\t\t\t\t<dt class='gallery-icon landscape'>\n\t\t\t\t\t<a class=\"rollover rollover-zoom dt-pswp-item\" title=\"197f87c3-b8a5-48ba-8ccf-4fbca7a27950\" data-dt-img-description=\"\" data-large_image_width=\"1600\" data-large_image_height=\"1200\"href='https:\/\/www.radiopiu.net\/wordpress\/wp-content\/uploads\/2024\/02\/197f87c3-b8a5-48ba-8ccf-4fbca7a27950.jpg'><img loading=\"lazy\" decoding=\"async\" width=\"150\" height=\"150\" src=\"https:\/\/www.radiopiu.net\/wordpress\/wp-content\/uploads\/2024\/02\/197f87c3-b8a5-48ba-8ccf-4fbca7a27950-150x150.jpg\" class=\"attachment-thumbnail size-thumbnail\" alt=\"\" \/><\/a>\n\t\t\t\t<\/dt><\/dl><dl class='gallery-item'>\n\t\t\t\t<dt class='gallery-icon landscape'>\n\t\t\t\t\t<a class=\"rollover rollover-zoom dt-pswp-item\" title=\"d810d03b-491a-4a1a-b774-6c3d4d8d044f\" data-dt-img-description=\"\" data-large_image_width=\"1600\" data-large_image_height=\"1200\"href='https:\/\/www.radiopiu.net\/wordpress\/wp-content\/uploads\/2024\/02\/d810d03b-491a-4a1a-b774-6c3d4d8d044f.jpg'><img loading=\"lazy\" decoding=\"async\" width=\"150\" height=\"150\" src=\"https:\/\/www.radiopiu.net\/wordpress\/wp-content\/uploads\/2024\/02\/d810d03b-491a-4a1a-b774-6c3d4d8d044f-150x150.jpg\" class=\"attachment-thumbnail size-thumbnail\" alt=\"\" \/><\/a>\n\t\t\t\t<\/dt><\/dl><dl class='gallery-item'>\n\t\t\t\t<dt class='gallery-icon landscape'>\n\t\t\t\t\t<a class=\"rollover rollover-zoom dt-pswp-item\" title=\"b3e9378a-9bf6-43d1-af6d-837d9ca28e70\" data-dt-img-description=\"\" data-large_image_width=\"1600\" data-large_image_height=\"1200\"href='https:\/\/www.radiopiu.net\/wordpress\/wp-content\/uploads\/2024\/02\/b3e9378a-9bf6-43d1-af6d-837d9ca28e70.jpg'><img loading=\"lazy\" decoding=\"async\" width=\"150\" height=\"150\" src=\"https:\/\/www.radiopiu.net\/wordpress\/wp-content\/uploads\/2024\/02\/b3e9378a-9bf6-43d1-af6d-837d9ca28e70-150x150.jpg\" class=\"attachment-thumbnail size-thumbnail\" alt=\"\" \/><\/a>\n\t\t\t\t<\/dt><\/dl><dl class='gallery-item'>\n\t\t\t\t<dt class='gallery-icon landscape'>\n\t\t\t\t\t<a class=\"rollover rollover-zoom dt-pswp-item\" title=\"ab6c62ae-4cce-4d15-aa8a-874e8a374ab2\" data-dt-img-description=\"\" data-large_image_width=\"1600\" data-large_image_height=\"1200\"href='https:\/\/www.radiopiu.net\/wordpress\/wp-content\/uploads\/2024\/02\/ab6c62ae-4cce-4d15-aa8a-874e8a374ab2.jpg'><img loading=\"lazy\" decoding=\"async\" width=\"150\" height=\"150\" src=\"https:\/\/www.radiopiu.net\/wordpress\/wp-content\/uploads\/2024\/02\/ab6c62ae-4cce-4d15-aa8a-874e8a374ab2-150x150.jpg\" class=\"attachment-thumbnail size-thumbnail\" alt=\"\" \/><\/a>\n\t\t\t\t<\/dt><\/dl><dl class='gallery-item'>\n\t\t\t\t<dt class='gallery-icon landscape'>\n\t\t\t\t\t<a class=\"rollover rollover-zoom dt-pswp-item\" title=\"c3f119e4-1d6d-41d9-b861-ab4c2c285498\" data-dt-img-description=\"\" data-large_image_width=\"1600\" data-large_image_height=\"1200\"href='https:\/\/www.radiopiu.net\/wordpress\/wp-content\/uploads\/2024\/02\/c3f119e4-1d6d-41d9-b861-ab4c2c285498.jpg'><img loading=\"lazy\" decoding=\"async\" width=\"150\" height=\"150\" src=\"https:\/\/www.radiopiu.net\/wordpress\/wp-content\/uploads\/2024\/02\/c3f119e4-1d6d-41d9-b861-ab4c2c285498-150x150.jpg\" class=\"attachment-thumbnail size-thumbnail\" alt=\"\" \/><\/a>\n\t\t\t\t<\/dt><\/dl><br style=\"clear: both\" \/><dl class='gallery-item'>\n\t\t\t\t<dt class='gallery-icon landscape'>\n\t\t\t\t\t<a class=\"rollover rollover-zoom dt-pswp-item\" title=\"11d32086-1a31-40fd-9863-aa84c7696423\" data-dt-img-description=\"\" data-large_image_width=\"1600\" data-large_image_height=\"1200\"href='https:\/\/www.radiopiu.net\/wordpress\/wp-content\/uploads\/2024\/02\/11d32086-1a31-40fd-9863-aa84c7696423.jpg'><img loading=\"lazy\" decoding=\"async\" width=\"150\" height=\"150\" src=\"https:\/\/www.radiopiu.net\/wordpress\/wp-content\/uploads\/2024\/02\/11d32086-1a31-40fd-9863-aa84c7696423-150x150.jpg\" class=\"attachment-thumbnail size-thumbnail\" alt=\"\" \/><\/a>\n\t\t\t\t<\/dt><\/dl><dl class='gallery-item'>\n\t\t\t\t<dt class='gallery-icon landscape'>\n\t\t\t\t\t<a class=\"rollover rollover-zoom dt-pswp-item\" title=\"bd5c008d-3d88-497a-bd0a-230d0b8d5076\" data-dt-img-description=\"\" data-large_image_width=\"1600\" data-large_image_height=\"1200\"href='https:\/\/www.radiopiu.net\/wordpress\/wp-content\/uploads\/2024\/02\/bd5c008d-3d88-497a-bd0a-230d0b8d5076.jpg'><img loading=\"lazy\" decoding=\"async\" width=\"150\" height=\"150\" src=\"https:\/\/www.radiopiu.net\/wordpress\/wp-content\/uploads\/2024\/02\/bd5c008d-3d88-497a-bd0a-230d0b8d5076-150x150.jpg\" class=\"attachment-thumbnail size-thumbnail\" alt=\"\" \/><\/a>\n\t\t\t\t<\/dt><\/dl><dl class='gallery-item'>\n\t\t\t\t<dt class='gallery-icon landscape'>\n\t\t\t\t\t<a class=\"rollover rollover-zoom dt-pswp-item\" title=\"f0e11aff-3b20-4d71-80b0-513bd6f7bef7\" data-dt-img-description=\"\" data-large_image_width=\"1600\" data-large_image_height=\"1200\"href='https:\/\/www.radiopiu.net\/wordpress\/wp-content\/uploads\/2024\/02\/f0e11aff-3b20-4d71-80b0-513bd6f7bef7.jpg'><img loading=\"lazy\" decoding=\"async\" width=\"150\" height=\"150\" src=\"https:\/\/www.radiopiu.net\/wordpress\/wp-content\/uploads\/2024\/02\/f0e11aff-3b20-4d71-80b0-513bd6f7bef7-150x150.jpg\" class=\"attachment-thumbnail size-thumbnail\" alt=\"\" \/><\/a>\n\t\t\t\t<\/dt><\/dl><dl class='gallery-item'>\n\t\t\t\t<dt class='gallery-icon landscape'>\n\t\t\t\t\t<a class=\"rollover rollover-zoom dt-pswp-item\" title=\"e0001376-4fd1-414c-ae22-a576fb0c25ef\" data-dt-img-description=\"\" data-large_image_width=\"1600\" data-large_image_height=\"1200\"href='https:\/\/www.radiopiu.net\/wordpress\/wp-content\/uploads\/2024\/02\/e0001376-4fd1-414c-ae22-a576fb0c25ef.jpg'><img loading=\"lazy\" decoding=\"async\" width=\"150\" height=\"150\" src=\"https:\/\/www.radiopiu.net\/wordpress\/wp-content\/uploads\/2024\/02\/e0001376-4fd1-414c-ae22-a576fb0c25ef-150x150.jpg\" class=\"attachment-thumbnail size-thumbnail\" alt=\"\" \/><\/a>\n\t\t\t\t<\/dt><\/dl><dl class='gallery-item'>\n\t\t\t\t<dt class='gallery-icon portrait'>\n\t\t\t\t\t<a class=\"rollover rollover-zoom dt-pswp-item\" title=\"fd512914-b4eb-4e21-b593-0526d78f354d\" data-dt-img-description=\"\" data-large_image_width=\"1200\" data-large_image_height=\"1599\"href='https:\/\/www.radiopiu.net\/wordpress\/wp-content\/uploads\/2024\/02\/fd512914-b4eb-4e21-b593-0526d78f354d.jpg'><img loading=\"lazy\" decoding=\"async\" width=\"150\" height=\"150\" src=\"https:\/\/www.radiopiu.net\/wordpress\/wp-content\/uploads\/2024\/02\/fd512914-b4eb-4e21-b593-0526d78f354d-150x150.jpg\" class=\"attachment-thumbnail size-thumbnail\" alt=\"\" \/><\/a>\n\t\t\t\t<\/dt><\/dl><br style=\"clear: both\" \/>\n\t\t\t<\/div>\n\n<p>&nbsp;<\/p>\n<p><strong>LE CLASSIFICHE<\/strong><\/p>\n\n\t\t\t<style type='text\/css'>\n\t\t\t\t#gallery-12 {\n\t\t\t\t\tmargin: auto;\n\t\t\t\t}\n\t\t\t\t#gallery-12 .gallery-item {\n\t\t\t\t\tfloat: left;\n\t\t\t\t\tmargin-top: 10px;\n\t\t\t\t\ttext-align: center;\n\t\t\t\t\twidth: 50%;\n\t\t\t\t}\n\t\t\t\t#gallery-12 img {\n\t\t\t\t\tborder: 2px solid #cfcfcf;\n\t\t\t\t}\n\t\t\t\t#gallery-12 .gallery-caption {\n\t\t\t\t\tmargin-left: 0;\n\t\t\t\t}\n\t\t\t\t\/* see gallery_shortcode() in wp-includes\/media.php *\/\n\t\t\t<\/style>\n\t\t<div id='gallery-12' class='dt-gallery-container gallery galleryid-372964 gallery-columns-2 gallery-size-thumbnail'><dl class='gallery-item'>\n\t\t\t\t<dt class='gallery-icon portrait'>\n\t\t\t\t\t<a class=\"rollover rollover-zoom dt-pswp-item\" title=\"0979190f-fa00-4dec-9cb5-9447b7dc7868\" data-dt-img-description=\"\" data-large_image_width=\"721\" data-large_image_height=\"1600\"href='https:\/\/www.radiopiu.net\/wordpress\/wp-content\/uploads\/2024\/02\/0979190f-fa00-4dec-9cb5-9447b7dc7868.jpg'><img loading=\"lazy\" decoding=\"async\" width=\"150\" height=\"150\" src=\"https:\/\/www.radiopiu.net\/wordpress\/wp-content\/uploads\/2024\/02\/0979190f-fa00-4dec-9cb5-9447b7dc7868-150x150.jpg\" class=\"attachment-thumbnail size-thumbnail\" alt=\"\" \/><\/a>\n\t\t\t\t<\/dt><\/dl><dl class='gallery-item'>\n\t\t\t\t<dt class='gallery-icon portrait'>\n\t\t\t\t\t<a class=\"rollover rollover-zoom dt-pswp-item\" title=\"920e65b7-e0fc-42e8-897c-8e229785639b\" data-dt-img-description=\"\" data-large_image_width=\"721\" data-large_image_height=\"1600\"href='https:\/\/www.radiopiu.net\/wordpress\/wp-content\/uploads\/2024\/02\/920e65b7-e0fc-42e8-897c-8e229785639b.jpg'><img loading=\"lazy\" decoding=\"async\" width=\"150\" height=\"150\" src=\"https:\/\/www.radiopiu.net\/wordpress\/wp-content\/uploads\/2024\/02\/920e65b7-e0fc-42e8-897c-8e229785639b-150x150.jpg\" class=\"attachment-thumbnail size-thumbnail\" alt=\"\" \/><\/a>\n\t\t\t\t<\/dt><\/dl><br style=\"clear: both\" \/>\n\t\t\t<\/div>\n\n<p>&nbsp;<\/p>\n<p>&nbsp;<\/p>\n<blockquote>\n<h1>41\u00aa Edizione della Marciagranparadiso 2024: Successo Nonostante le Sfide Ambientali<\/h1>\n<\/blockquote>\n<p>&nbsp;<\/p>\n<p>Nonostante le sfide legate al ridotto innevamento, la 41\u00aa edizione della Marciagranparadiso si \u00e8 svolta con successo, elogiando gli organizzatori per la loro dedizione. Il percorso \u00e8 stato ridotto a 30 km, ma ci\u00f2 non ha impedito la partecipazione di 450 atleti. Fabian Stocek ha trionfato con un tempo di 1 ora e 12 minuti, seguito da Magnificat e Coupat. Nel comparto femminile, Kati Roivas ha dominato con 1 ora e 20 minuti, precedendo Hanna Fine e Maya Even. Numerosa la partecipazione degli atleti bellunesi, rappresentanti dell&#8217;Enal Sport Villaga e dello Sci Club Vasabroke Poiana. L&#8217;evento ha anche rappresentato un&#8217;occasione per rinsaldare il legame tra il comune di Borgo Valbelluna e la comunit\u00e0 di Cogne, unite dal gemellaggio del 2018. Tale legame affonda le radici nel secolo scorso, durante l&#8217;epoca dell&#8217;emigrazione bellunese nelle miniere di Cogne. Le due amministrazioni hanno celebrato i due sodalizi con una pergamena, riconoscendo il talento e l&#8217;impegno nel portare in alto il nome del comune di Borgo Valbelluna e della provincia di Belluno.<\/p>\n\n\t\t\t<style type='text\/css'>\n\t\t\t\t#gallery-13 {\n\t\t\t\t\tmargin: auto;\n\t\t\t\t}\n\t\t\t\t#gallery-13 .gallery-item {\n\t\t\t\t\tfloat: left;\n\t\t\t\t\tmargin-top: 10px;\n\t\t\t\t\ttext-align: center;\n\t\t\t\t\twidth: 50%;\n\t\t\t\t}\n\t\t\t\t#gallery-13 img {\n\t\t\t\t\tborder: 2px solid #cfcfcf;\n\t\t\t\t}\n\t\t\t\t#gallery-13 .gallery-caption {\n\t\t\t\t\tmargin-left: 0;\n\t\t\t\t}\n\t\t\t\t\/* see gallery_shortcode() in wp-includes\/media.php *\/\n\t\t\t<\/style>\n\t\t<div id='gallery-13' class='dt-gallery-container gallery galleryid-372964 gallery-columns-2 gallery-size-thumbnail'><dl class='gallery-item'>\n\t\t\t\t<dt class='gallery-icon landscape'>\n\t\t\t\t\t<a class=\"rollover rollover-zoom dt-pswp-item\" title=\"20240204_085343\" data-dt-img-description=\"\" data-large_image_width=\"2560\" data-large_image_height=\"1441\"href='https:\/\/www.radiopiu.net\/wordpress\/wp-content\/uploads\/2024\/02\/20240204_085343-scaled.jpg'><img loading=\"lazy\" decoding=\"async\" width=\"150\" height=\"150\" src=\"https:\/\/www.radiopiu.net\/wordpress\/wp-content\/uploads\/2024\/02\/20240204_085343-150x150.jpg\" class=\"attachment-thumbnail size-thumbnail\" alt=\"\" \/><\/a>\n\t\t\t\t<\/dt><\/dl><dl class='gallery-item'>\n\t\t\t\t<dt class='gallery-icon portrait'>\n\t\t\t\t\t<a class=\"rollover rollover-zoom dt-pswp-item\" title=\"20240203_192748\" data-dt-img-description=\"\" data-large_image_width=\"1441\" data-large_image_height=\"2560\"href='https:\/\/www.radiopiu.net\/wordpress\/wp-content\/uploads\/2024\/02\/20240203_192748-scaled.jpg'><img loading=\"lazy\" decoding=\"async\" width=\"150\" height=\"150\" src=\"https:\/\/www.radiopiu.net\/wordpress\/wp-content\/uploads\/2024\/02\/20240203_192748-150x150.jpg\" class=\"attachment-thumbnail size-thumbnail\" alt=\"\" \/><\/a>\n\t\t\t\t<\/dt><\/dl><br style=\"clear: both\" \/>\n\t\t\t<\/div>\n\n<p>&nbsp;<\/p>\n<p><span style=\"color: #0000ff;\"><strong>PALLAVOLO\u00a0<\/strong><\/span><\/p>\n<blockquote>\n<h2><b><a class=\"dt-pswp-item\" href=\"https:\/\/www.radiopiu.net\/wordpress\/wp-content\/uploads\/2024\/02\/Tre_punti_a_Salsomaggiore.jpg\" data-dt-img-description=\"\" data-large_image_width=\"1246\" data-large_image_height=\"1200\"><img loading=\"lazy\" decoding=\"async\" class=\"size-medium wp-image-373194 alignleft\" src=\"https:\/\/www.radiopiu.net\/wordpress\/wp-content\/uploads\/2024\/02\/Tre_punti_a_Salsomaggiore-300x289.jpg\" alt=\"\" width=\"300\" height=\"289\" srcset=\"https:\/\/www.radiopiu.net\/wordpress\/wp-content\/uploads\/2024\/02\/Tre_punti_a_Salsomaggiore-300x289.jpg 300w, https:\/\/www.radiopiu.net\/wordpress\/wp-content\/uploads\/2024\/02\/Tre_punti_a_Salsomaggiore-1024x986.jpg 1024w, https:\/\/www.radiopiu.net\/wordpress\/wp-content\/uploads\/2024\/02\/Tre_punti_a_Salsomaggiore-768x740.jpg 768w, https:\/\/www.radiopiu.net\/wordpress\/wp-content\/uploads\/2024\/02\/Tre_punti_a_Salsomaggiore.jpg 1246w\" sizes=\"auto, (max-width: 300px) 100vw, 300px\" \/><\/a>C\u2019\u00e8 un Bisi in versione \u201cdeluxe\u201d a Salsomaggiore: terzo posto a -2<\/b><\/h2>\n<\/blockquote>\n<p><b>WIMORE SALSOMAGGIORE TERME-BELLUNO VOLLEY 1-3 <\/b><b>PARZIALI<\/b>: 21-25, 17-25, 25-18, 19-25.<span class=\"gmail-Apple-converted-space\">\u00a0 \u00a0<\/span><b>BELLUNO VOLLEY: <\/b>Ferrato 6, Bisi 31, Bucko 11, G. Martinez 13, Mozzato 5, Antonaci 2; Orto (L), I. Martinez, Reyes 2, Stufano 2, Schiro 1. N.e. De Col, Guolla, Fraccaro (L). Allenatore: G. Colussi.<span class=\"gmail-Apple-converted-space\">\u00a0<\/span><\/p>\n<p>Dopo sei viaggi a vuoto in Emilia Romagna, il <b>Belluno Volley<\/b> torna con il bottino pieno da una regione che, finora, era stata particolarmente avara di soddisfazioni. A <b>Salsomaggiore Terme<\/b>, contro il fanalino di coda, il gruppo di coach Colussi strappa un successo pieno, da tre punti, tutt\u2019altro che scontato. Perch\u00e9 in un campionato ricco di ostacoli e trabocchetti, nessuna gara \u00e8 decisa in partenza. E la <b>WiMore<\/b>, come ampiamente previsto, ha venduto cara la pelle. Tanto da aggiudicarsi il terzo round e riaprire una sfida che sembrava gi\u00e0 decisa. A richiuderla in maniera definitiva ha pensato un Fabio Bisi in versione \u201cdeluxe\u201d: 31 punti (\u201cseason high\u201d per l\u2019opposto), con tre servizi vincenti, due muri e un ottimo 64 per cento in attacco. Da applausi: il capitano. E tutti i rinoceronti. I quali, grazie all\u2019undicesimo successo stagionale, guadagnano una posizione in classifica (ora sono quinti) e si portano a sole due lunghezze dalla terza piazza.<span class=\"gmail-Apple-converted-space\">\u00a0 \u00a0<\/span><\/p>\n<p>&nbsp;<\/p>\n<p>&nbsp;<\/p>\n<hr \/>\n<p>&nbsp;<\/p>\n","protected":false},"excerpt":{"rendered":"<p>**** &nbsp; &nbsp; &nbsp; 40esimo di RADIOPIU\u2026. LA VOCE DELL\u2019EMOZIONE ISCRIVITI AL NOSTRO CANALE\u00a0\u00a0YOUTUBE PER SEGUIRE IN DIRETTA I PRINCIPALI PROGRAMMI DI RADIO PIU\u2019 E LE FUTURE DIRETTE IN ESTERNA. PER ISCRIVERTI CLICCA QUI\u00a0E PREMI\u00a0 \u201cIscriviti\u201d\u00a0 \u00a0 &nbsp; L&#8217;ALBA INFUOCATA DI MARIO DE MARCO OGGI ALLA RADIO: ALLE 7 LA RASSEGNA STAMPA LOCALE FLASH, PER&hellip;<\/p>\n","protected":false},"author":4,"featured_media":373131,"comment_status":"closed","ping_status":"closed","sticky":false,"template":"","format":"standard","meta":{"_monsterinsights_skip_tracking":false,"_monsterinsights_sitenote_active":false,"_monsterinsights_sitenote_note":"","_monsterinsights_sitenote_category":0,"footnotes":""},"categories":[51,86,49],"tags":[],"class_list":["post-372964","post","type-post","status-publish","format-standard","has-post-thumbnail","hentry","category-evidenza-top","category-gr","category-news-18","category-51","category-86","category-49","description-off"],"img_url":"https:\/\/www.radiopiu.net\/wordpress\/wp-content\/uploads\/2024\/02\/IMG_5804-scaled.jpeg","_links":{"self":[{"href":"https:\/\/www.radiopiu.net\/wordpress\/wp-json\/wp\/v2\/posts\/372964","targetHints":{"allow":["GET"]}}],"collection":[{"href":"https:\/\/www.radiopiu.net\/wordpress\/wp-json\/wp\/v2\/posts"}],"about":[{"href":"https:\/\/www.radiopiu.net\/wordpress\/wp-json\/wp\/v2\/types\/post"}],"author":[{"embeddable":true,"href":"https:\/\/www.radiopiu.net\/wordpress\/wp-json\/wp\/v2\/users\/4"}],"replies":[{"embeddable":true,"href":"https:\/\/www.radiopiu.net\/wordpress\/wp-json\/wp\/v2\/comments?post=372964"}],"version-history":[{"count":0,"href":"https:\/\/www.radiopiu.net\/wordpress\/wp-json\/wp\/v2\/posts\/372964\/revisions"}],"wp:featuredmedia":[{"embeddable":true,"href":"https:\/\/www.radiopiu.net\/wordpress\/wp-json\/wp\/v2\/media\/373131"}],"wp:attachment":[{"href":"https:\/\/www.radiopiu.net\/wordpress\/wp-json\/wp\/v2\/media?parent=372964"}],"wp:term":[{"taxonomy":"category","embeddable":true,"href":"https:\/\/www.radiopiu.net\/wordpress\/wp-json\/wp\/v2\/categories?post=372964"},{"taxonomy":"post_tag","embeddable":true,"href":"https:\/\/www.radiopiu.net\/wordpress\/wp-json\/wp\/v2\/tags?post=372964"}],"curies":[{"name":"wp","href":"https:\/\/api.w.org\/{rel}","templated":true}]}}