{"id":372978,"date":"2024-02-03T10:11:44","date_gmt":"2024-02-03T09:11:44","guid":{"rendered":"https:\/\/www.radiopiu.net\/wordpress\/?p=372978"},"modified":"2024-02-03T10:11:44","modified_gmt":"2024-02-03T09:11:44","slug":"negli-ultimi-2-anni-il-caro-vita-e-costato-alle-famiglie-venete-quasi-3-500-euro-in-piu","status":"publish","type":"post","link":"https:\/\/www.radiopiu.net\/wordpress\/negli-ultimi-2-anni-il-caro-vita-e-costato-alle-famiglie-venete-quasi-3-500-euro-in-piu\/","title":{"rendered":"NEGLI ULTIMI 2 ANNI IL CARO VITA E\u2019 COSTATO ALLE FAMIGLIE VENETE QUASI 3.500 EURO IN PIU\u2019"},"content":{"rendered":"<p><a class=\"dt-pswp-item\" href=\"https:\/\/www.radiopiu.net\/wordpress\/wp-content\/uploads\/2024\/02\/Schermata-2024-02-03-alle-10.08.30.png\" data-dt-img-description=\"\" data-large_image_width=\"1286\" data-large_image_height=\"856\"><img loading=\"lazy\" decoding=\"async\" class=\"size-medium wp-image-372981 alignleft\" src=\"https:\/\/www.radiopiu.net\/wordpress\/wp-content\/uploads\/2024\/02\/Schermata-2024-02-03-alle-10.08.30-300x200.png\" alt=\"\" width=\"300\" height=\"200\" srcset=\"https:\/\/www.radiopiu.net\/wordpress\/wp-content\/uploads\/2024\/02\/Schermata-2024-02-03-alle-10.08.30-300x200.png 300w, https:\/\/www.radiopiu.net\/wordpress\/wp-content\/uploads\/2024\/02\/Schermata-2024-02-03-alle-10.08.30-1024x682.png 1024w, https:\/\/www.radiopiu.net\/wordpress\/wp-content\/uploads\/2024\/02\/Schermata-2024-02-03-alle-10.08.30-768x511.png 768w, https:\/\/www.radiopiu.net\/wordpress\/wp-content\/uploads\/2024\/02\/Schermata-2024-02-03-alle-10.08.30.png 1286w\" sizes=\"auto, (max-width: 300px) 100vw, 300px\" \/><\/a>A causa del boom dell\u2019inflazione registrato tra il 2021-2023, pari al +14,5 per cento, la famiglia media veneta ha speso in questi ultimi due anni 3.477 euro in pi\u00f9. Se, infatti, la spesa annuale delle famiglie presenti nella nostra regione in termini correnti nel 2021 ammontava a 23.529 euro, nel 2023 \u00e8 salita a 27.006 euro (+14,8 per cento). In questo ultimo biennio l\u2019aumento medio mensile \u00e8 stato pari a 290 euro (vedi Tab. 1). In Veneto i rincari pi\u00f9 importanti hanno interessato le bollette di luce e gas, il sistema ricettivo, i trasporti e i prodotti alimentari (in particolar modo lo zucchero, il riso, l\u2019olio di oliva, il latte a lunga conservazione, il burro, etc.).. A dirlo \u00e8 l\u2019Ufficio studi della CGIA.<\/p>\n<p>Una stangata che, ovviamente, ha penalizzato soprattutto le famiglie pi\u00f9 fragili economicamente. L\u2019aumento generalizzato dei prezzi, infatti, ha provocato una perdita di potere d\u2019acquisto che non ricordavamo da almeno 25 anni. In altre parole, negli ultimi 24 mesi molti nuclei familiari hanno speso di pi\u00f9 e hanno portato a casa un numero di beni e di servizi decisamente inferiore.<\/p>\n<p>Una situazione che ha penalizzato anche le piccole attivit\u00e0 commerciali. Se in questi ultimi due anni le vendite della grande distribuzione hanno tenuto, quelle delle botteghe artigiane e dei negozi di vicinato sono cresciute di poco in termini nominali, ma la contrazione in termini reali \u00e8 stata preoccupante. Il risultato \u00e8 sotto gli occhi di tutti: nei centri storici, ma anche nelle periferie, il numero delle insegne rimosse e delle vetrine con le saracinesche perennemente abbassate sono in costante aumento.<\/p>\n<p>Con meno negozi di prossimit\u00e0 diminuiscono i luoghi di socializzazione a dimensione d\u2019uomo e tutto si ingrigisce, rendendo meno vivibili e pi\u00f9 insicure le aree urbane che subiscono queste chiusure, penalizzando soprattutto gli anziani. Una platea sempre pi\u00f9 numerosa della popolazione italiana che conta pi\u00f9 di 10 milioni di over 70. Non disponendo spesso dell\u2019auto e senza botteghe sottocasa, per molti di loro fare la spesa \u00e8 diventato un grosso problema.<\/p>\n<p><a class=\"dt-pswp-item\" href=\"https:\/\/www.radiopiu.net\/wordpress\/wp-content\/uploads\/2024\/02\/Schermata-2024-02-03-alle-10.09.21.png\" data-dt-img-description=\"\" data-large_image_width=\"778\" data-large_image_height=\"1424\"><img loading=\"lazy\" decoding=\"async\" class=\"size-medium wp-image-372980 alignleft\" src=\"https:\/\/www.radiopiu.net\/wordpress\/wp-content\/uploads\/2024\/02\/Schermata-2024-02-03-alle-10.09.21-164x300.png\" alt=\"\" width=\"164\" height=\"300\" srcset=\"https:\/\/www.radiopiu.net\/wordpress\/wp-content\/uploads\/2024\/02\/Schermata-2024-02-03-alle-10.09.21-164x300.png 164w, https:\/\/www.radiopiu.net\/wordpress\/wp-content\/uploads\/2024\/02\/Schermata-2024-02-03-alle-10.09.21-559x1024.png 559w, https:\/\/www.radiopiu.net\/wordpress\/wp-content\/uploads\/2024\/02\/Schermata-2024-02-03-alle-10.09.21-768x1406.png 768w, https:\/\/www.radiopiu.net\/wordpress\/wp-content\/uploads\/2024\/02\/Schermata-2024-02-03-alle-10.09.21.png 778w\" sizes=\"auto, (max-width: 164px) 100vw, 164px\" \/><\/a>Tornando al caro vita, il peggio, fortunatamente, sembra essere alle nostre spalle. Nel 2024, infatti, l\u2019inflazione dovrebbe rallentare e registrare una crescita media inferiore al 2 per cento. Un risultato, quest\u2019ultimo, in linea con i livelli attesi anche nel resto d\u2019Europa che dovrebbe indurre la Banca Centrale Europea a diminuire i tassi di interesse. Tuttavia, rimangono molti dubbi e altrettante incertezze. Le previsioni sul caro vita appena citate, infatti, potrebbero rivelarsi sottostimate. Nel caso le situazioni di crisi in Medioriente e in Ucraina dovessero precipitare ulteriormente, l\u2019aumento dell\u2019inflazione potrebbe attestarsi ben al di sopra del 2 per cento previsto.<\/p>\n<p>Analizzando nel dettaglio le singole voci di spesa, gli aumenti pi\u00f9 importanti avvenuti in Veneto tra il 2021 e il 2023 hanno interessato le bollette della luce del gas (+64,7 per cento), il costo di autocaravan e imbarcazioni (+22,4 per cento), i servizi di alloggio (+22,1 per cento), i trasporti (+21,9 per cento) e i prodotti alimentari (21,1 per cento)<br \/>\n. Per contro, i prodotti che hanno subito una riduzione di prezzo sono stati gli apparecchi audiovisivi, fotografici e informatici (-6,7 per cento) e gli apparecchi telefonici (-12,2) (vedi Tab. 2).<\/p>\n","protected":false},"excerpt":{"rendered":"<p>A causa del boom dell\u2019inflazione registrato tra il 2021-2023, pari al +14,5 per cento, la famiglia media veneta ha speso in questi ultimi due anni 3.477 euro in pi\u00f9. Se, infatti, la spesa annuale delle famiglie presenti nella nostra regione in termini correnti nel 2021 ammontava a 23.529 euro, nel 2023 \u00e8 salita a 27.006&hellip;<\/p>\n","protected":false},"author":2,"featured_media":85193,"comment_status":"closed","ping_status":"closed","sticky":false,"template":"","format":"standard","meta":{"_monsterinsights_skip_tracking":false,"_monsterinsights_sitenote_active":false,"_monsterinsights_sitenote_note":"","_monsterinsights_sitenote_category":0,"footnotes":""},"categories":[49],"tags":[],"class_list":["post-372978","post","type-post","status-publish","format-standard","has-post-thumbnail","hentry","category-news-18","category-49","description-off"],"img_url":"https:\/\/www.radiopiu.net\/wordpress\/wp-content\/uploads\/2019\/05\/soldi-no.jpg","_links":{"self":[{"href":"https:\/\/www.radiopiu.net\/wordpress\/wp-json\/wp\/v2\/posts\/372978","targetHints":{"allow":["GET"]}}],"collection":[{"href":"https:\/\/www.radiopiu.net\/wordpress\/wp-json\/wp\/v2\/posts"}],"about":[{"href":"https:\/\/www.radiopiu.net\/wordpress\/wp-json\/wp\/v2\/types\/post"}],"author":[{"embeddable":true,"href":"https:\/\/www.radiopiu.net\/wordpress\/wp-json\/wp\/v2\/users\/2"}],"replies":[{"embeddable":true,"href":"https:\/\/www.radiopiu.net\/wordpress\/wp-json\/wp\/v2\/comments?post=372978"}],"version-history":[{"count":0,"href":"https:\/\/www.radiopiu.net\/wordpress\/wp-json\/wp\/v2\/posts\/372978\/revisions"}],"wp:featuredmedia":[{"embeddable":true,"href":"https:\/\/www.radiopiu.net\/wordpress\/wp-json\/wp\/v2\/media\/85193"}],"wp:attachment":[{"href":"https:\/\/www.radiopiu.net\/wordpress\/wp-json\/wp\/v2\/media?parent=372978"}],"wp:term":[{"taxonomy":"category","embeddable":true,"href":"https:\/\/www.radiopiu.net\/wordpress\/wp-json\/wp\/v2\/categories?post=372978"},{"taxonomy":"post_tag","embeddable":true,"href":"https:\/\/www.radiopiu.net\/wordpress\/wp-json\/wp\/v2\/tags?post=372978"}],"curies":[{"name":"wp","href":"https:\/\/api.w.org\/{rel}","templated":true}]}}