{"id":373005,"date":"2024-02-03T14:17:26","date_gmt":"2024-02-03T13:17:26","guid":{"rendered":"https:\/\/www.radiopiu.net\/wordpress\/?p=373005"},"modified":"2024-02-03T14:17:26","modified_gmt":"2024-02-03T13:17:26","slug":"vandalismo-a-cencenighe-denuncia-giustificata","status":"publish","type":"post","link":"https:\/\/www.radiopiu.net\/wordpress\/vandalismo-a-cencenighe-denuncia-giustificata\/","title":{"rendered":"Vandalismo a Cencenighe: Denuncia Giustificata"},"content":{"rendered":"<p>***<\/p>\n<p>&nbsp;<\/p>\n<p><strong><img loading=\"lazy\" decoding=\"async\" class=\"alignleft\" src=\"https:\/\/www.radiopiu.net\/wordpress\/wp-content\/uploads\/2024\/02\/421562763_375951005124132_3839152434351081236_n.jpg\" width=\"330\" height=\"186\" \/>REDAZIONE<\/strong> Lo scorso 23 gennaio la pagina facebook <span style=\"color: #0000ff;\"><strong><a style=\"color: #0000ff;\" href=\"https:\/\/www.facebook.com\/randagiagordini\">RANDAGI AGORDINI<\/a> \u00a0<\/strong><\/span>lo scorso 23 gennaio pubblicava alcune foto (dal giardino di una casa privata) con la notizia di un atto vandalico, la distruzione di gabbie-trappole. E&#8217; stata sporta denuncia.<\/p>\n<blockquote><p><em>&#8220;Nel rispetto della legalit\u00e0 e della vita animale, la denuncia di atti vandalici \u00e8 un dovere civico. Proteggere il bene comune e collaborare per prevenire simili episodi assicura un ambiente sicuro e valorizza le iniziative di volontariato.&#8221;<\/em><\/p><\/blockquote>\n<p>La notizia dell&#8217;atto vandalico che ha distrutto una gabbia trappola in un giardino privato a Cencenighe \u00e8 veramente deplorevole. Questo comportamento non solo viola la legge, ma mette anche a rischio la vita degli animali coinvolti. La decisione di presentare una denuncia \u00e8 pienamente giustificata, poich\u00e9 \u00e8 importante far rispettare la legalit\u00e0 e tutelare i diritti di propriet\u00e0. Il richiamo al rispetto delle attivit\u00e0 di un&#8217;associazione di volontariato evidenzia il valore delle iniziative che mirano al bene comune. La collaborazione della comunit\u00e0 per individuare i responsabili \u00e8 fondamentale per prevenire episodi simili e garantire un ambiente sicuro per coloro che dedicano il loro tempo al servizio pubblico.<\/p>\n<hr \/>\n<p>&nbsp;<\/p>\n","protected":false},"excerpt":{"rendered":"<p>*** &nbsp; REDAZIONE Lo scorso 23 gennaio la pagina facebook RANDAGI AGORDINI \u00a0lo scorso 23 gennaio pubblicava alcune foto (dal giardino di una casa privata) con la notizia di un atto vandalico, la distruzione di gabbie-trappole. E&#8217; stata sporta denuncia. &#8220;Nel rispetto della legalit\u00e0 e della vita animale, la denuncia di atti vandalici \u00e8 un&hellip;<\/p>\n","protected":false},"author":4,"featured_media":373006,"comment_status":"closed","ping_status":"closed","sticky":false,"template":"","format":"standard","meta":{"_monsterinsights_skip_tracking":false,"_monsterinsights_sitenote_active":false,"_monsterinsights_sitenote_note":"","_monsterinsights_sitenote_category":0,"footnotes":""},"categories":[49],"tags":[],"class_list":["post-373005","post","type-post","status-publish","format-standard","has-post-thumbnail","hentry","category-news-18","category-49","description-off"],"img_url":"https:\/\/www.radiopiu.net\/wordpress\/wp-content\/uploads\/2024\/02\/421562763_375951005124132_3839152434351081236_n.jpg","_links":{"self":[{"href":"https:\/\/www.radiopiu.net\/wordpress\/wp-json\/wp\/v2\/posts\/373005","targetHints":{"allow":["GET"]}}],"collection":[{"href":"https:\/\/www.radiopiu.net\/wordpress\/wp-json\/wp\/v2\/posts"}],"about":[{"href":"https:\/\/www.radiopiu.net\/wordpress\/wp-json\/wp\/v2\/types\/post"}],"author":[{"embeddable":true,"href":"https:\/\/www.radiopiu.net\/wordpress\/wp-json\/wp\/v2\/users\/4"}],"replies":[{"embeddable":true,"href":"https:\/\/www.radiopiu.net\/wordpress\/wp-json\/wp\/v2\/comments?post=373005"}],"version-history":[{"count":0,"href":"https:\/\/www.radiopiu.net\/wordpress\/wp-json\/wp\/v2\/posts\/373005\/revisions"}],"wp:featuredmedia":[{"embeddable":true,"href":"https:\/\/www.radiopiu.net\/wordpress\/wp-json\/wp\/v2\/media\/373006"}],"wp:attachment":[{"href":"https:\/\/www.radiopiu.net\/wordpress\/wp-json\/wp\/v2\/media?parent=373005"}],"wp:term":[{"taxonomy":"category","embeddable":true,"href":"https:\/\/www.radiopiu.net\/wordpress\/wp-json\/wp\/v2\/categories?post=373005"},{"taxonomy":"post_tag","embeddable":true,"href":"https:\/\/www.radiopiu.net\/wordpress\/wp-json\/wp\/v2\/tags?post=373005"}],"curies":[{"name":"wp","href":"https:\/\/api.w.org\/{rel}","templated":true}]}}