{"id":373179,"date":"2024-02-06T05:45:57","date_gmt":"2024-02-06T04:45:57","guid":{"rendered":"https:\/\/www.radiopiu.net\/wordpress\/?p=373179"},"modified":"2024-02-06T08:03:23","modified_gmt":"2024-02-06T07:03:23","slug":"giornale-radiopiu-06-febbraio-2024-direttore-mirko-mezzacasada-40-anni-25-giugno-1983-25-giugno-2023","status":"publish","type":"post","link":"https:\/\/www.radiopiu.net\/wordpress\/giornale-radiopiu-06-febbraio-2024-direttore-mirko-mezzacasada-40-anni-25-giugno-1983-25-giugno-2023\/","title":{"rendered":"GIORNALE RADIOPIU 06 FEBBRAIO 2024 DIRETTORE MIRKO MEZZACASA\u2026DA 40 ANNI 25 GIUGNO 1983-25 GIUGNO 2023"},"content":{"rendered":"<p>****<\/p>\n<p>&nbsp;<\/p>\n<hr \/>\n<h1 class=\"entry-title photoswipe-wrapper\"><strong><a class=\"dt-pswp-item\" href=\"https:\/\/www.radiopiu.net\/wordpress\/wp-content\/uploads\/2023\/12\/logo-radio.jpg\" data-dt-img-description=\"\" data-large_image_width=\"800\" data-large_image_height=\"600\"><img loading=\"lazy\" decoding=\"async\" class=\"wp-image-367163 alignleft\" src=\"https:\/\/www.radiopiu.net\/wordpress\/wp-content\/uploads\/2023\/12\/logo-radio-300x225.jpg\" alt=\"\" width=\"109\" height=\"82\" srcset=\"https:\/\/www.radiopiu.net\/wordpress\/wp-content\/uploads\/2023\/12\/logo-radio-300x225.jpg 300w, https:\/\/www.radiopiu.net\/wordpress\/wp-content\/uploads\/2023\/12\/logo-radio-768x576.jpg 768w, https:\/\/www.radiopiu.net\/wordpress\/wp-content\/uploads\/2023\/12\/logo-radio.jpg 800w\" sizes=\"auto, (max-width: 109px) 100vw, 109px\" \/><\/a><\/strong><\/h1>\n<h1 class=\"entry-title photoswipe-wrapper\">40esimo di RADIOPIU\u2026. LA VOCE DELL\u2019EMOZIONE<\/h1>\n<h2><\/h2>\n<h2><span style=\"color: #ff0000;\">ISCRIVITI AL NOSTRO CANALE\u00a0\u00a0YOUTUBE PER SEGUIRE IN DIRETTA I PRINCIPALI PROGRAMMI DI RADIO PIU\u2019 E LE FUTURE DIRETTE IN ESTERNA. PER ISCRIVERTI <a style=\"color: #ff0000;\" href=\"https:\/\/youtube.com\/@radiopiu1527\">CLICCA QUI\u00a0<\/a>E PREMI\u00a0 \u201cIscriviti\u201d\u00a0 \u00a0<\/span><\/h2>\n<div class=\"x1e56ztr\" data-block=\"true\" data-editor=\"avj4u\" data-offset-key=\"d3i0j-0-0\"><\/div>\n<div data-block=\"true\" data-editor=\"avj4u\" data-offset-key=\"d3i0j-0-0\"><\/div>\n<div data-block=\"true\" data-editor=\"avj4u\" data-offset-key=\"d3i0j-0-0\"><\/div>\n<div class=\"x11i5rnm xat24cr x1mh8g0r x1vvkbs xtlvy1s x126k92a\">\n<div dir=\"auto\">\n<p><a class=\"dt-pswp-item\" href=\"https:\/\/www.radiopiu.net\/wordpress\/wp-content\/uploads\/2023\/10\/34f4cfc6-e863-46e9-9695-8df44be63421.jpg\" data-dt-img-description=\"\" data-large_image_width=\"1200\" data-large_image_height=\"1200\"><img loading=\"lazy\" decoding=\"async\" class=\"wp-image-357393 alignleft\" src=\"https:\/\/www.radiopiu.net\/wordpress\/wp-content\/uploads\/2023\/10\/34f4cfc6-e863-46e9-9695-8df44be63421-300x300.jpg\" alt=\"\" width=\"81\" height=\"81\" srcset=\"https:\/\/www.radiopiu.net\/wordpress\/wp-content\/uploads\/2023\/10\/34f4cfc6-e863-46e9-9695-8df44be63421-300x300.jpg 300w, https:\/\/www.radiopiu.net\/wordpress\/wp-content\/uploads\/2023\/10\/34f4cfc6-e863-46e9-9695-8df44be63421-1024x1024.jpg 1024w, https:\/\/www.radiopiu.net\/wordpress\/wp-content\/uploads\/2023\/10\/34f4cfc6-e863-46e9-9695-8df44be63421-150x150.jpg 150w, https:\/\/www.radiopiu.net\/wordpress\/wp-content\/uploads\/2023\/10\/34f4cfc6-e863-46e9-9695-8df44be63421-768x768.jpg 768w, https:\/\/www.radiopiu.net\/wordpress\/wp-content\/uploads\/2023\/10\/34f4cfc6-e863-46e9-9695-8df44be63421.jpg 1200w\" sizes=\"auto, (max-width: 81px) 100vw, 81px\" \/><\/a>OGGI ALLA RADIO: <strong>ALLE 7<\/strong> LA RASSEGNA STAMPA LOCALE FLASH, PER CHI COME NOI ALLE SETTE DEL MATTINO VA DI FRETTA, TANTE NOTIZIE IN POCHE CHIACCHIERE. <strong>ALLE OTTO<\/strong> L&#8217;APPROFONDIMENTO NELLA STORICA RASSEGNA STAMPA LOCALE.\u00a0 DALLE 6 ALLE 21, OGNI ORA, L&#8217;INFORMAZIONE NAZIONALE, l&#8217;informazione locale, ALLE 10 flash. 11flash. 14 viabilit\u00e0. 15meteo. 16flash. 17flash. 18flash. 19 i titoli di Antenna 3 di Tiziana Bolognani.<\/p>\n<p>&nbsp;<\/p>\n<p><strong>ALLE 7.20<\/strong> IL NUOVO PROGRAMMA DI GIULIANA DA RONCH &#8220;EL BAL DEL FIOR&#8221; (replica 19)\u00a0<strong> ALLE 8<\/strong> LA RASSEGNA STAMPA LOCALE \u00a0<strong>ALLE 8.20<\/strong> PIU&#8217; SIAMO CON MARINA DONA&#8217; <strong>ALLE 9<\/strong>\u00a0 IL COUNTRY CON ALEX NASCINBEN\u00a0 <span style=\"color: #ff0000;\"><span style=\"color: #000000;\">ALLE<strong> 10 10<\/strong>\u00a0 VERONICA PER IL MUSLA, LE NOVE IN LADIN <\/span><\/span><span style=\"color: #000000;\"><strong>ALLE 10.30<\/strong> DALLA COLLINE DELLE MELE AL MAS DI SEDICO <strong>12.30<\/strong> GR PRINCIPALE \u00a0<strong>ALLE 14.30<\/strong> IL NUOVO PROGRAMMA DEDICATO A SANREMO DI MARINA DONA&#8217;, <\/span>I PRIMI 3\u00a0 2019.\u00a0<strong> ALLE 15,15<\/strong> ROCK ROVENTE DI MARCO COSTANTINI ALLE <strong>16<\/strong> MIRCO BENCIVENNI, LE CLASSIFICHE<\/p>\n<p>&nbsp;<\/p>\n<p>&nbsp;<\/p>\n<p><strong><a class=\"dt-pswp-item\" href=\"https:\/\/www.radiopiu.net\/wordpress\/wp-content\/uploads\/2024\/02\/2d44e751-d8a8-461b-8e22-d8e4e853b032.jpg\" data-dt-img-description=\"\" data-large_image_width=\"1600\" data-large_image_height=\"1200\"><img loading=\"lazy\" decoding=\"async\" class=\"wp-image-373307 alignleft\" src=\"https:\/\/www.radiopiu.net\/wordpress\/wp-content\/uploads\/2024\/02\/2d44e751-d8a8-461b-8e22-d8e4e853b032-300x225.jpg\" alt=\"\" width=\"105\" height=\"79\" srcset=\"https:\/\/www.radiopiu.net\/wordpress\/wp-content\/uploads\/2024\/02\/2d44e751-d8a8-461b-8e22-d8e4e853b032-300x225.jpg 300w, https:\/\/www.radiopiu.net\/wordpress\/wp-content\/uploads\/2024\/02\/2d44e751-d8a8-461b-8e22-d8e4e853b032-1024x768.jpg 1024w, https:\/\/www.radiopiu.net\/wordpress\/wp-content\/uploads\/2024\/02\/2d44e751-d8a8-461b-8e22-d8e4e853b032-768x576.jpg 768w, https:\/\/www.radiopiu.net\/wordpress\/wp-content\/uploads\/2024\/02\/2d44e751-d8a8-461b-8e22-d8e4e853b032-1536x1152.jpg 1536w, https:\/\/www.radiopiu.net\/wordpress\/wp-content\/uploads\/2024\/02\/2d44e751-d8a8-461b-8e22-d8e4e853b032.jpg 1600w\" sizes=\"auto, (max-width: 105px) 100vw, 105px\" \/><\/a>EL BAL DEL FIOR, DI GIULIANA DA RONCH, 6 FEBBRAIO 2024<\/strong><\/p>\n<audio class=\"wp-audio-shortcode\" id=\"audio-373179-1\" preload=\"none\" style=\"width: 100%;\" controls=\"controls\"><source type=\"audio\/mpeg\" src=\"https:\/\/www.radiopiu.net\/wordpress\/wp-content\/uploads\/2024\/02\/GMA.m4a?_=1\" \/><a href=\"https:\/\/www.radiopiu.net\/wordpress\/wp-content\/uploads\/2024\/02\/GMA.m4a\">https:\/\/www.radiopiu.net\/wordpress\/wp-content\/uploads\/2024\/02\/GMA.m4a<\/a><\/audio>\n<h1 class=\"entry-title photoswipe-wrapper\"><\/h1>\n<h1 class=\"entry-title photoswipe-wrapper\"><\/h1>\n<p>&nbsp;<\/p>\n<\/div>\n<hr \/>\n<\/div>\n<hr \/>\n<hr \/>\n<hr \/>\n<blockquote>\n<blockquote>\n<h1><span style=\"color: #ff0000;\">I podcast informativi del mattino &#8211; audio &#8211;\u00a0<\/span><\/h1>\n<\/blockquote>\n<p><strong><a class=\"dt-pswp-item\" href=\"https:\/\/www.radiopiu.net\/wordpress\/wp-content\/uploads\/2023\/11\/th-10.jpg\" data-dt-img-description=\"\" data-large_image_width=\"320\" data-large_image_height=\"180\"><img loading=\"lazy\" decoding=\"async\" class=\"wp-image-362866 alignleft\" src=\"https:\/\/www.radiopiu.net\/wordpress\/wp-content\/uploads\/2023\/11\/th-10-300x169.jpg\" alt=\"\" width=\"185\" height=\"104\" srcset=\"https:\/\/www.radiopiu.net\/wordpress\/wp-content\/uploads\/2023\/11\/th-10-300x169.jpg 300w, https:\/\/www.radiopiu.net\/wordpress\/wp-content\/uploads\/2023\/11\/th-10.jpg 320w\" sizes=\"auto, (max-width: 185px) 100vw, 185px\" \/><\/a>LA RASSEGNA STAMPA NAZIONALE ALLA RADIO, OGNI GIORNO ALLE 5 E ALLE 6 DEL MATTINO <span style=\"color: #0000ff;\">viene pubblicata alle 6.00 <span style=\"color: #ff0000;\">DIRETTA RADIO\u00a0\u00a0<\/span><\/span><\/strong><\/p>\n<p>&nbsp;<\/p>\n<p><strong>DI FEDERICA MUCIACIA<\/strong><\/p>\n<p>&nbsp;<\/p><\/blockquote>\n<p><strong>Attacchi israeliani<\/strong> a Rafa, 20 vittime. Sale il bilancio dei morti nei 160 incendi in <strong>Cile<\/strong>. I Narcos uccidono un italiano in <strong>Messico<\/strong>. Raggiunto al accordo del centro destra sul <strong>premierato<\/strong> in caso di sfiducia si torner\u00e0 alle urne. \u00a0Caso S<strong>alis<\/strong>, il padre incontra i ministri. Due suicidi nei penitenziari. Ritrovati due minorenni scomparsi a Dolby erano in fuga per aver tentato una rapina. Una testa di capretto insanguinata davanti all&#8217;abitazione del <strong>giudice Mariano<\/strong>. Avvistamento di l<strong>upi<\/strong> alle porte di Siena e in sindaco contatta l&#8217;istituto superiore per la protezione civile ricerca ambientale. Assolto per vizio di mente il cittadino egiziano<\/p>\n<h2>L&#8217;AUDIO dalle 4 del mattino<\/h2>\n<audio class=\"wp-audio-shortcode\" id=\"audio-373179-2\" preload=\"none\" style=\"width: 100%;\" controls=\"controls\"><source type=\"audio\/mpeg\" src=\"https:\/\/www.radiopiu.net\/wordpress\/wp-content\/uploads\/2024\/02\/GIORNALEDELLESEI-4.mp3?_=2\" \/><a href=\"https:\/\/www.radiopiu.net\/wordpress\/wp-content\/uploads\/2024\/02\/GIORNALEDELLESEI-4.mp3\">https:\/\/www.radiopiu.net\/wordpress\/wp-content\/uploads\/2024\/02\/GIORNALEDELLESEI-4.mp3<\/a><\/audio>\n<p>&nbsp;<\/p>\n<p>&nbsp;<\/p>\n<hr \/>\n<p>&nbsp;<\/p>\n<h1 style=\"text-align: center;\"><span style=\"color: #ff0000;\">I podcast informativi del mattino &#8211; audio &#8211;\u00a0<\/span><\/h1>\n<p><strong><a class=\"dt-pswp-item\" href=\"https:\/\/www.radiopiu.net\/wordpress\/wp-content\/uploads\/2023\/12\/images.png\" data-dt-img-description=\"\" data-large_image_width=\"316\" data-large_image_height=\"160\"><img loading=\"lazy\" decoding=\"async\" class=\"wp-image-367008 alignleft\" src=\"https:\/\/www.radiopiu.net\/wordpress\/wp-content\/uploads\/2023\/12\/images-300x152.png\" alt=\"\" width=\"235\" height=\"119\" srcset=\"https:\/\/www.radiopiu.net\/wordpress\/wp-content\/uploads\/2023\/12\/images-300x152.png 300w, https:\/\/www.radiopiu.net\/wordpress\/wp-content\/uploads\/2023\/12\/images.png 316w\" sizes=\"auto, (max-width: 235px) 100vw, 235px\" \/><\/a>OGNI GIORNO ALLE SETTE DEL MATTINO, LA RASSEGNA STAMPA LOCALE FLASH&#8230; PER CHI VA IN FRETTA. I TITOLI DAI GIORNALI E DAL SITO WWW.RADIOPIU.NET <span style=\"color: #0000ff;\">viene pubblicato alle 7.00<\/span> <span style=\"color: #ff0000;\">DIRETTA RADIO\u00a0<\/span><\/strong><\/p>\n<p><em><span style=\"color: #ff0000;\">per chi va in fretta&#8230; tante notizie in pochi minuti. L&#8217;informazione locale alla radio, ogni ora dalle 7 del mattino alle 19 della sera.\u00a0 \u00a0\u00a0<\/span><\/em><\/p>\n<p><strong>CANALE D\u2019 AGORDO<\/strong> nella localit\u00e0 GARES, l\u2019acqua erogata dall\u2019acquedotto non \u00e8 potabile e non pu\u00f2 essere usata per scopi alimentari.<br \/>\n<strong>BELLUNO<\/strong> Dal 6 febbraio al 30 aprile lungo la strada regionale 204 agordina ad Antole, senso unico alternato con semafori o movieri dalle 8 alle 12, dalle 13 alle 17, eclusi i giorni sabato, domenica e festivi infrasettimanali.<br \/>\n<strong>FELTRE<\/strong> Si svolgeranno gioved\u00ec alle 15 nella chiesa parrocchiale di Vellai i funerali di Cristian Dalla Palma, l\u2019agricoltore 47 enne deceduto domenica in un centro specializzato di Motta di Livenza dove si trovava a seguito del gravissimo malore che lo aveva colpito il 25 luglio dello scorso anno mentre si trovava all\u2019interno della sua stalla.<br \/>\n<strong>BELLUNO<\/strong> Un ciclista \u00e8 stato intercettato lungo l\u2019A27 mentre pedalava in direzione di Vittorio Veneto, suscitando l\u2019allarme di automobilisti che hanno prontamente avvertito le forze dell\u2019ordine.<br \/>\n<strong>SUEM<\/strong> A CORTINA, LIVINALLONGO, ALLEGHE E DOMEGGE Sono sei gli interventi del Suem 118 nella giornata di ieri.<br \/>\n<strong>LONGARONE<\/strong> Allarme per un ragazzo minorenne che si era allontanato di casa. Il giovane \u00e8 stato ritrovato dopo neanche un paio di ore, illeso e in salute: era andato a casa di un amico e probabilmente non aveva pi\u00f9 dato segni di s\u00e8 ai famigliari.<\/p>\n<h2>AUDIO dalle 7 del mattino di mirko mezzacasa<\/h2>\n<audio class=\"wp-audio-shortcode\" id=\"audio-373179-3\" preload=\"none\" style=\"width: 100%;\" controls=\"controls\"><source type=\"audio\/mpeg\" src=\"https:\/\/www.radiopiu.net\/wordpress\/wp-content\/uploads\/2024\/02\/GF07-4.mp3?_=3\" \/><a href=\"https:\/\/www.radiopiu.net\/wordpress\/wp-content\/uploads\/2024\/02\/GF07-4.mp3\">https:\/\/www.radiopiu.net\/wordpress\/wp-content\/uploads\/2024\/02\/GF07-4.mp3<\/a><\/audio>\n<p>&nbsp;<\/p>\n<p>&nbsp;<\/p>\n<hr \/>\n<p>&nbsp;<\/p>\n<h1><\/h1>\n<h1 style=\"text-align: center;\"><span style=\"color: #ff0000;\">I podcast informativi del mattino &#8211; audio &#8211;\u00a0<\/span><\/h1>\n<blockquote><p><strong><a class=\"dt-pswp-item\" href=\"https:\/\/www.radiopiu.net\/wordpress\/wp-content\/uploads\/2024\/02\/425290515_10231293386615467_1580830812978036868_n.jpg\" data-dt-img-description=\"\" data-large_image_width=\"2048\" data-large_image_height=\"1536\"><img loading=\"lazy\" decoding=\"async\" class=\"wp-image-372729 alignleft\" src=\"https:\/\/www.radiopiu.net\/wordpress\/wp-content\/uploads\/2024\/02\/425290515_10231293386615467_1580830812978036868_n-300x225.jpg\" alt=\"\" width=\"151\" height=\"113\" srcset=\"https:\/\/www.radiopiu.net\/wordpress\/wp-content\/uploads\/2024\/02\/425290515_10231293386615467_1580830812978036868_n-300x225.jpg 300w, https:\/\/www.radiopiu.net\/wordpress\/wp-content\/uploads\/2024\/02\/425290515_10231293386615467_1580830812978036868_n-1024x768.jpg 1024w, https:\/\/www.radiopiu.net\/wordpress\/wp-content\/uploads\/2024\/02\/425290515_10231293386615467_1580830812978036868_n-768x576.jpg 768w, https:\/\/www.radiopiu.net\/wordpress\/wp-content\/uploads\/2024\/02\/425290515_10231293386615467_1580830812978036868_n-1536x1152.jpg 1536w, https:\/\/www.radiopiu.net\/wordpress\/wp-content\/uploads\/2024\/02\/425290515_10231293386615467_1580830812978036868_n.jpg 2048w\" sizes=\"auto, (max-width: 151px) 100vw, 151px\" \/><\/a>GIORNALE RADIO NAZIONALE, EDIZIONE DELLE SETTE <span style=\"color: #0000ff;\">viene pubblicato alle 7.05 <span style=\"color: #ff0000;\">DIRETTA RADIO\u00a0<\/span><\/span><\/strong><\/p><\/blockquote>\n<p><strong>il giornale radionazionale e&#8217; in onda ogni ora, dalle sette del mattino alle venti della sera\u00a0\u00a0<\/strong><\/p>\n<h2><\/h2>\n<p>&nbsp;<\/p>\n<p><strong>Esteri<\/strong> auguri a Re Carlo III. <strong>Medio Oriente<\/strong> ostaggi e accordi, strada in salita.<strong> Sanremo<\/strong> allarme bomba a radio mediaset. Viareggio uomo accoltellato dal fratello. <strong>Catania<\/strong> tre in carcere per la violenza sessuale di gruppo, vittima una tredicenne. <strong>Cingalese<\/strong> arrestato per omicidi, ha chiesto l&#8217;abbreviato.<strong> Calcio<\/strong> Show de Rossi nella Roma<\/p>\n<h2>AUDIO dalle sette del mattino, ogni ora alla radio<\/h2>\n<audio class=\"wp-audio-shortcode\" id=\"audio-373179-4\" preload=\"none\" style=\"width: 100%;\" controls=\"controls\"><source type=\"audio\/mpeg\" src=\"https:\/\/www.radiopiu.net\/wordpress\/wp-content\/uploads\/2024\/02\/giornale07-4.mp3?_=4\" \/><a href=\"https:\/\/www.radiopiu.net\/wordpress\/wp-content\/uploads\/2024\/02\/giornale07-4.mp3\">https:\/\/www.radiopiu.net\/wordpress\/wp-content\/uploads\/2024\/02\/giornale07-4.mp3<\/a><\/audio>\n<p>&nbsp;<\/p>\n<p>&nbsp;<\/p>\n<hr \/>\n<p>&nbsp;<\/p>\n<p>&nbsp;<\/p>\n<h1><span style=\"color: #ff0000;\">I podcast informativi del mattino &#8211; video &#8211;\u00a0<\/span><\/h1>\n<h2><strong><a class=\"dt-pswp-item\" href=\"https:\/\/www.radiopiu.net\/wordpress\/wp-content\/uploads\/2023\/12\/th-10.jpg\" data-dt-img-description=\"\" data-large_image_width=\"245\" data-large_image_height=\"180\"><img loading=\"lazy\" decoding=\"async\" class=\" wp-image-367395 alignleft\" src=\"https:\/\/www.radiopiu.net\/wordpress\/wp-content\/uploads\/2023\/12\/th-10.jpg\" alt=\"\" width=\"166\" height=\"122\" \/><\/a>RASSEGNA STAMPA LOCALE, ORE OTTO 05<\/strong><\/h2>\n<h2><strong> <span style=\"color: #0000ff;\">viene\u00a0 <\/span><\/strong><strong><span style=\"color: #0000ff;\">pubblicata alle 8.05 <span style=\"color: #ff0000;\">DIRETTA RADIO\u00a0\u00a0<\/span><\/span><\/strong><\/h2>\n<p>&nbsp;<\/p>\n<p><strong>DI MIRKO MEZZACASA\u00a0\u00a0<\/strong><\/p>\n<p><strong>AGORDO,<\/strong> SI PREANNUNCIA UNA SFIDA CHISSALE\u2019-SELVA MORETTI PER LE ELEZIONI COMUNALI<br \/>\nBorgo Valbelluna e Rocca Pietore confermano la <strong>Bandiera Arancione<\/strong>: Eccellenza turistica e ambientale<br \/>\nCalicanto per raccontar di Ofelia&#8221; in programma il 16 febbraio al Teatro <strong>Dino Buzzati. <\/strong>Lo spettacolo \u00e8 stato presentato ieri dall&#8217;assessore alla cultura Raffaele Addamiano e al Siro Maracchi, presidente dell&#8217;associazione nazionale Venezia, Giulia e Dalmazia.<br \/>\nLA MOSTRA DEL TURISMO <strong>A MILANO<\/strong>: VENETO PROTAGONISTA<br \/>\n<strong>BELLUNO<\/strong> Sono gi\u00e0 pi\u00f9 di una ventina le abitazioni della Valbelluna che saranno riaperte per accogliere lavoratori e turisti nell&#8217;ambito del progetto Primavera Casa.<br \/>\n<strong>LIVINALLONGO,<\/strong> CONCERTI IN GERMANIA E GALLES PER IL CORO FODOM<br \/>\n<strong>BELLUNO<\/strong> Si terranno oggi le assemblee dei soci di Bim Belluno Infrastrutture e Bim Gsp. All\u2019ordine del giorno(dalle 14.30) approvazione dei bilanci preconsuntivi 2023 e previsionali 2024, e dei Piani Industriali 2024-2026.<br \/>\n<strong>UNIVERSITA&#8217;<\/strong> ANZIANI ADULTI, OGGI LUISA MANFROI E ATTILIO COSTA<br \/>\n<strong>IERI NEL NOTIZIARIO DI ANTENNA 3: CITTADINANZA \u2018IURE SANGUINIS\u2019, IL CASO VAL DI ZOLDO. LA PAROLA AI RESIDENTI<\/strong><br \/>\n<strong>CARNEVAI DE LE VAI&#8230; IL PROSSIMO FINE SETTIMANA A SOTTOGUDA E CANALE D&#8217;AGORDO<\/strong><br \/>\n<strong>BELLUNO<\/strong> Oggi alle 18 in Sala Muccin (Centro Giovanni XXIII, Piazza Piloni 11 a Belluno) si terr\u00e0 la presentazione del libro \u201cLa tigre e i gelidi mostri\u201d di Maurizio Dianese e Gianfranco Bettin, moderatore Marco Perale<\/p>\n<h1><span style=\"color: #0000ff;\"><a style=\"color: #0000ff;\" href=\"https:\/\/www.youtube.com\/watch?v=v6ZGlcSBXxY\"><strong>VIDEO, CLICCA QUI\u00a0 dalle 8 del mattino<\/strong><\/a><\/span><\/h1>\n<p>&nbsp;<\/p>\n<p><iframe loading=\"lazy\" title=\"DAL 1983 LA RASSEGNA STAMPA LOCALE di mirko mezzacasa. L&#039;ORIGINALE\" width=\"1200\" height=\"675\" src=\"https:\/\/www.youtube.com\/embed\/v6ZGlcSBXxY?feature=oembed\" frameborder=\"0\" allow=\"accelerometer; autoplay; clipboard-write; encrypted-media; gyroscope; picture-in-picture; web-share\" allowfullscreen><\/iframe><\/p>\n<hr \/>\n<p>&nbsp;<\/p>\n<blockquote>\n<h3>ACQUA NON POTABILE A GARES DI CANALE D&#8217;AGORDO<\/h3>\n<\/blockquote>\n<p><a class=\"dt-pswp-item\" href=\"https:\/\/www.radiopiu.net\/wordpress\/wp-content\/uploads\/2018\/08\/ACQUA.jpeg\" data-dt-img-description=\"\" data-large_image_width=\"1280\" data-large_image_height=\"768\"><img loading=\"lazy\" decoding=\"async\" class=\" wp-image-57052 alignleft\" src=\"https:\/\/www.radiopiu.net\/wordpress\/wp-content\/uploads\/2018\/08\/ACQUA-300x180.jpeg\" alt=\"\" width=\"137\" height=\"82\" srcset=\"https:\/\/www.radiopiu.net\/wordpress\/wp-content\/uploads\/2018\/08\/ACQUA-300x180.jpeg 300w, https:\/\/www.radiopiu.net\/wordpress\/wp-content\/uploads\/2018\/08\/ACQUA-768x461.jpeg 768w, https:\/\/www.radiopiu.net\/wordpress\/wp-content\/uploads\/2018\/08\/ACQUA-1024x614.jpeg 1024w, https:\/\/www.radiopiu.net\/wordpress\/wp-content\/uploads\/2018\/08\/ACQUA.jpeg 1280w\" sizes=\"auto, (max-width: 137px) 100vw, 137px\" \/><\/a>Gestione Servizi Pubblici informa che a CANALE D&#8217; AGORDO nella localit\u00e0 GARES, l&#8217;acqua erogata dall&#8217;acquedotto non \u00e8 potabile e non pu\u00f2 essere usata per scopi alimentari. GSP ha, comunque, gi\u00e0 adottato le necessarie misure per la disinfezione dell&#8217;acqua presente nei serbatoi e nella rete idrica con l&#8217;aggiunta di cloro.<\/p>\n<p>&nbsp;<\/p>\n<p>&nbsp;<\/p>\n<blockquote>\n<h3>AGORDO-BELLUNO A SINGHIOZZO<\/h3>\n<\/blockquote>\n<p><strong>BELLUNO<\/strong> <span style=\"color: #ff0000;\">Dal 6 febbraio al 30 aprile<\/span> lungo la strada regionale 204 agordina ad Antole, senso unico alternato con semafori o movieri dalle 8 alle 12, dalle 13 alle 17, eclusi i giorni sabato, domenica e festivi infrasettimanali.\u00a0 VIABILITA&#8217; PROVINCIA BELLUNO &#8211; VPB &#8211; LA CHAT E IL PROGRAMMA ALLA RADIO, H24 CON LA COLLABORAZIONE DI BOTOL CAR SERVICE, AD AGORDO E SEDICO<\/p>\n<p>&nbsp;<\/p>\n<p>&nbsp;<\/p>\n<hr \/>\n<p>&nbsp;<\/p>\n<blockquote>\n<h3><a class=\"dt-pswp-item\" href=\"https:\/\/www.radiopiu.net\/wordpress\/wp-content\/uploads\/2023\/07\/Senza-nome-104.png\" data-dt-img-description=\"\" data-large_image_width=\"250\" data-large_image_height=\"185\"><img loading=\"lazy\" decoding=\"async\" class=\"wp-image-373198 alignleft\" src=\"https:\/\/www.radiopiu.net\/wordpress\/wp-content\/uploads\/2023\/07\/Senza-nome-104.png\" alt=\"\" width=\"108\" height=\"80\" \/><\/a>GIOVEDI I FUNERALI DI CRISTIAN DALLA PALMA<\/h3>\n<p><strong>FELTRE<\/strong> Si svolgeranno gioved\u00ec alle 15 nella chiesa parrocchiale di Vellai i funerali di Cristian Dalla Palma, l&#8217;agricoltore 47 enne deceduto domenica in un centro specializzato di Motta di Livenza dove si trovava a seguito del gravissimo malore che lo aveva colpito il 25 luglio dello scorso anno mentre si trovava all&#8217;interno della sua stalla.<\/p><\/blockquote>\n<p>&nbsp;<\/p>\n<hr \/>\n<blockquote>\n<h2><\/h2>\n<h2>Ciclista bloccato sull&#8217;A27: Ingresso Irregolare e Intervento delle Autorit\u00e0<\/h2>\n<\/blockquote>\n<p><strong>BELLUNO<\/strong> Un ciclista \u00e8 stato intercettato lungo l&#8217;A27 mentre pedalava in direzione di Vittorio Veneto, suscitando l&#8217;allarme di automobilisti che hanno prontamente avvertito le forze dell&#8217;ordine. Il ciclista non aveva ancora superato la barriera di Belluno e si trovava ancora nel tratto libero dell&#8217;autostrada dopo l&#8217;uscita omonima. Nonostante la sua presenza su una strada ad alta velocit\u00e0, il ciclista non aveva alcun diritto di circolare in quella che \u00e8 gi\u00e0 un&#8217;autostrada. L&#8217;ingresso irregolare comporta una contravvenzione di 42 euro.<\/p>\n<p>&nbsp;<\/p>\n<p>&nbsp;<\/p>\n<hr \/>\n<blockquote>\n<h3><\/h3>\n<h3>SUEM A CORTINA, LIVINALLONGO, ALLEGHE E DOMEGGE<\/h3>\n<\/blockquote>\n<p><strong>REDAZIONE<\/strong> Sono sei gli interventi del Suem 118 nella giornata di ieri. Poco dopo le 11 l&#8217;elicottero Falco \u00e8 volato a Cortina per soccorrere un 73enne di Varese per un politrauma. Intervento per le stesse motivazioni sempre a Cortina alle 13:35. Soccorso un uomo di 72 anni originario di Salerno. Alle 14:28 ancora un intervento di Falco, questa volta a Livinallongo per un uomo che ha accusato un malore. Alle 15:30 Falco \u00e8 ripartito in direzione Alleghe per un 47enne della Repubblica Ceca che si era fatto male ad un arto. L&#8217;elicottero di Aiut Alpin Dolomites poco dopo si \u00e8 diretto a Livinallongo per soccorrere un uomo di 58 anni con politraumi. Infine un ucraino di 27 anni \u00e8 stato elitrasportato al san Martino di Belluno per un malore.<\/p>\n<p>&nbsp;<\/p>\n<hr \/>\n<p>&nbsp;<\/p>\n<blockquote>\n<h2>ALLARME PER LA SCOMPARSA DI UN GIOVANE<\/h2>\n<\/blockquote>\n<p><strong>LONGARONE<\/strong> Allarme per un ragazzo minorenne che si era allontanato di casa. Il giovane \u00e8 stato ritrovato dopo neanche un paio di ore, illeso e in salute: era andato a casa di un amico e probabilmente non aveva pi\u00f9 dato segni di s\u00e8 ai famigliari.<\/p>\n<p>&nbsp;<\/p>\n<hr \/>\n<p>&nbsp;<\/p>\n<blockquote>\n<h3>Leopoldo Lezuo, Consigliere Comunale di Selva di Cadore, Solleva Questioni sull&#8217;Approvazione dei Piani Urbanistici a Colle Santa Lucia<\/h3>\n<\/blockquote>\n<p><strong><a class=\"dt-pswp-item\" href=\"https:\/\/www.radiopiu.net\/wordpress\/wp-content\/uploads\/2024\/01\/Colle_Santa_Lucia-scaled.jpg\" data-dt-img-description=\"\" data-large_image_width=\"2560\" data-large_image_height=\"1588\"><img loading=\"lazy\" decoding=\"async\" class=\"wp-image-369750 alignleft\" src=\"https:\/\/www.radiopiu.net\/wordpress\/wp-content\/uploads\/2024\/01\/Colle_Santa_Lucia-300x186.jpg\" alt=\"\" width=\"161\" height=\"100\" srcset=\"https:\/\/www.radiopiu.net\/wordpress\/wp-content\/uploads\/2024\/01\/Colle_Santa_Lucia-300x186.jpg 300w, https:\/\/www.radiopiu.net\/wordpress\/wp-content\/uploads\/2024\/01\/Colle_Santa_Lucia-1024x635.jpg 1024w, https:\/\/www.radiopiu.net\/wordpress\/wp-content\/uploads\/2024\/01\/Colle_Santa_Lucia-768x477.jpg 768w, https:\/\/www.radiopiu.net\/wordpress\/wp-content\/uploads\/2024\/01\/Colle_Santa_Lucia-1536x953.jpg 1536w, https:\/\/www.radiopiu.net\/wordpress\/wp-content\/uploads\/2024\/01\/Colle_Santa_Lucia-2048x1271.jpg 2048w\" sizes=\"auto, (max-width: 161px) 100vw, 161px\" \/><\/a>COLLE SANTA LUCIA<\/strong>\u00a0 Leopoldo Lezuo, gi\u00e0 sindaco del paese, oggi consigliere comunale a Selva di Cadore (primo dei non eletti dopo le dimissioni di un consigliere\u00a0 di opposizione) \u00e8 cittadino del Comune di Colle Santa Lucia. All&#8217;amministrazione del paese Lezuo chiede quando saranno approvati i piani di intervento necessari dopo l&#8217;approvazione del Piano urbanistico dell&#8217;alto Agordino da parte della Provincia di Belluno. &#8220;Nonostante la disponibilit\u00e0 di un bando\u00a0 per finanziare interventi di ampliamento e riqualificazione delle aziende turistiche &#8211; scrive Lezuo &#8211;\u00a0 il mancato via libera agli strumenti urbanistici da parte del Comune rischia di vanificare le opportunit\u00e0 per gli imprenditori locali&#8221;.<\/p>\n<p>&nbsp;<\/p>\n<p>&nbsp;<\/p>\n<hr \/>\n<p>&nbsp;<\/p>\n<blockquote>\n<h3>SI PREANNUNCIA UNA SFIDA CHISSALE&#8217;-SELVA MORETTI PER LE ELEZIONI COMUNALI DI AGORDO<\/h3>\n<\/blockquote>\n<p><strong><a class=\"dt-pswp-item\" href=\"https:\/\/www.radiopiu.net\/wordpress\/wp-content\/uploads\/2022\/12\/MUNICIPIO-AGORDO.png\" data-dt-img-description=\"\" data-large_image_width=\"1890\" data-large_image_height=\"1210\"><img loading=\"lazy\" decoding=\"async\" class=\" wp-image-309882 alignleft\" src=\"https:\/\/www.radiopiu.net\/wordpress\/wp-content\/uploads\/2022\/12\/MUNICIPIO-AGORDO-300x192.png\" alt=\"\" width=\"173\" height=\"111\" srcset=\"https:\/\/www.radiopiu.net\/wordpress\/wp-content\/uploads\/2022\/12\/MUNICIPIO-AGORDO-300x192.png 300w, https:\/\/www.radiopiu.net\/wordpress\/wp-content\/uploads\/2022\/12\/MUNICIPIO-AGORDO-1024x656.png 1024w, https:\/\/www.radiopiu.net\/wordpress\/wp-content\/uploads\/2022\/12\/MUNICIPIO-AGORDO-768x492.png 768w, https:\/\/www.radiopiu.net\/wordpress\/wp-content\/uploads\/2022\/12\/MUNICIPIO-AGORDO-1536x983.png 1536w, https:\/\/www.radiopiu.net\/wordpress\/wp-content\/uploads\/2022\/12\/MUNICIPIO-AGORDO.png 1890w\" sizes=\"auto, (max-width: 173px) 100vw, 173px\" \/><\/a>AGORDO\u00a0<\/strong><\/p>\n<p>DI GIANNI SANTOMASO<\/p>\n<audio class=\"wp-audio-shortcode\" id=\"audio-373179-5\" preload=\"none\" style=\"width: 100%;\" controls=\"controls\"><source type=\"audio\/mpeg\" src=\"https:\/\/www.radiopiu.net\/wordpress\/wp-content\/uploads\/2024\/02\/GIANNI-SI-PREANNUNCIA-UNA-SFIDA-CHISSALE-SELVA-MORETTI-PER-LE-ELEZIONI-COMUNALI-DI-AGORDO.mp3?_=5\" \/><a href=\"https:\/\/www.radiopiu.net\/wordpress\/wp-content\/uploads\/2024\/02\/GIANNI-SI-PREANNUNCIA-UNA-SFIDA-CHISSALE-SELVA-MORETTI-PER-LE-ELEZIONI-COMUNALI-DI-AGORDO.mp3\">https:\/\/www.radiopiu.net\/wordpress\/wp-content\/uploads\/2024\/02\/GIANNI-SI-PREANNUNCIA-UNA-SFIDA-CHISSALE-SELVA-MORETTI-PER-LE-ELEZIONI-COMUNALI-DI-AGORDO.mp3<\/a><\/audio>\n<p>&nbsp;<\/p>\n<hr \/>\n<p>&nbsp;<\/p>\n<p>&nbsp;<\/p>\n<blockquote>\n<h2>Borgo Valbelluna e Rocca Pietore confermano la Bandiera Arancione: Eccellenza turistica e ambientale<\/h2>\n<\/blockquote>\n<p>I comuni di Borgo Valbelluna e Rocca Pietore hanno ottenuto il rinnovato riconoscimento della Bandiera Arancione del Touring Club Italiano per il periodo 2024-2026, testimoniando la qualit\u00e0 distintiva della loro offerta turistica e ambientale. La consegna dei premi si \u00e8 svolta a Milano, durante la Borsa Internazionale del Turismo, alla presenza del ministro del Turismo, Daniela Garnero Santanch\u00e9<\/p>\n<p>&nbsp;<\/p>\n<p>&nbsp;<\/p>\n<hr \/>\n<p>&nbsp;<\/p>\n<blockquote>\n<h2>Contributo per Trasporto e Alloggio alle Scuole Superiori&#8221;<\/h2>\n<\/blockquote>\n<p><strong>ROCCA PIETORE<\/strong> La giunta comunale di Rocca Pietore ha istituito un contributo economico per le famiglie degli studenti residenti nel comune, impegnati nello studio alle scuole superiori e che affrontano spese per il trasporto e l&#8217;alloggio. Il sostegno \u00e8 finalizzato a ridurre i costi legati al pendolarismo quotidiano o alla sistemazione fuori casa durante la settimana. Le richieste di contributo devono essere presentate entro il 15 marzo utilizzando il modulo disponibile sul sito del Comune.<\/p>\n<p>&nbsp;<\/p>\n<hr \/>\n<p>&nbsp;<\/p>\n<blockquote>\n<h3>Calicanto per raccontar di Ofelia&#8221; in programma il 16 febbraio al Teatro Dino Buzzati.<\/h3>\n<\/blockquote>\n<p><strong>BELLUNO<\/strong> Lo spettacolo \u00e8 stato presentato ieri dall&#8217;assessore alla cultura Raffaele Addamiano e al Siro Maracchi, presidente dell&#8217;associazione nazionale Venezia, Giulia e Dalmazia.<\/p>\n<h1><strong><a href=\"https:\/\/www.youtube.com\/watch?v=UmLNxzE_Vo4\"><span style=\"color: #0000ff;\">L&#8217;ASSESSORE ADDAMIANO CLICCA QUI<\/span><\/a><br \/>\n<\/strong><\/h1>\n<p>&nbsp;<\/p>\n<p><iframe loading=\"lazy\" title=\"IMG 7066\" width=\"1200\" height=\"675\" src=\"https:\/\/www.youtube.com\/embed\/UmLNxzE_Vo4?feature=oembed\" frameborder=\"0\" allow=\"accelerometer; autoplay; clipboard-write; encrypted-media; gyroscope; picture-in-picture; web-share\" allowfullscreen><\/iframe><\/p>\n<h1><strong><span style=\"color: #0000ff;\"><a style=\"color: #0000ff;\" href=\"https:\/\/youtu.be\/zWU1Yv7LyFk\">IL PRESIDENTE MARACCHI CLICCA QUI<\/a><\/span><br \/>\n<\/strong><\/h1>\n<p>&nbsp;<\/p>\n<p><iframe loading=\"lazy\" title=\"IMG 7059\" width=\"1200\" height=\"675\" src=\"https:\/\/www.youtube.com\/embed\/zWU1Yv7LyFk?feature=oembed\" frameborder=\"0\" allow=\"accelerometer; autoplay; clipboard-write; encrypted-media; gyroscope; picture-in-picture; web-share\" allowfullscreen><\/iframe><\/p>\n<p>&nbsp;<\/p>\n<hr \/>\n<p>&nbsp;<\/p>\n<blockquote>\n<h3><a class=\"dt-pswp-item\" href=\"https:\/\/www.radiopiu.net\/wordpress\/wp-content\/uploads\/2024\/02\/4ad0fa1e-2cc5-48d6-9a02-be82ac540e91.jpg\" data-dt-img-description=\"\" data-large_image_width=\"1080\" data-large_image_height=\"810\"><img loading=\"lazy\" decoding=\"async\" class=\" wp-image-373389 alignleft\" src=\"https:\/\/www.radiopiu.net\/wordpress\/wp-content\/uploads\/2024\/02\/4ad0fa1e-2cc5-48d6-9a02-be82ac540e91-300x225.jpg\" alt=\"\" width=\"167\" height=\"125\" srcset=\"https:\/\/www.radiopiu.net\/wordpress\/wp-content\/uploads\/2024\/02\/4ad0fa1e-2cc5-48d6-9a02-be82ac540e91-300x225.jpg 300w, https:\/\/www.radiopiu.net\/wordpress\/wp-content\/uploads\/2024\/02\/4ad0fa1e-2cc5-48d6-9a02-be82ac540e91-1024x768.jpg 1024w, https:\/\/www.radiopiu.net\/wordpress\/wp-content\/uploads\/2024\/02\/4ad0fa1e-2cc5-48d6-9a02-be82ac540e91-768x576.jpg 768w, https:\/\/www.radiopiu.net\/wordpress\/wp-content\/uploads\/2024\/02\/4ad0fa1e-2cc5-48d6-9a02-be82ac540e91.jpg 1080w\" sizes=\"auto, (max-width: 167px) 100vw, 167px\" \/><\/a>LA MOSTRA DEL TURISMO A MILANO: VENETO PROTAGONISTA<\/h3>\n<\/blockquote>\n<p><strong>PER LE TRE RADIO, BARBARA PAOLAZZI (CLUB 103)<\/strong><\/p>\n<audio class=\"wp-audio-shortcode\" id=\"audio-373179-6\" preload=\"none\" style=\"width: 100%;\" controls=\"controls\"><source type=\"audio\/mpeg\" src=\"https:\/\/www.radiopiu.net\/wordpress\/wp-content\/uploads\/2024\/02\/BARBARA-PAOLAZZI-MOSTRA-DEL-TURISMO-MILANO.mp3?_=6\" \/><a href=\"https:\/\/www.radiopiu.net\/wordpress\/wp-content\/uploads\/2024\/02\/BARBARA-PAOLAZZI-MOSTRA-DEL-TURISMO-MILANO.mp3\">https:\/\/www.radiopiu.net\/wordpress\/wp-content\/uploads\/2024\/02\/BARBARA-PAOLAZZI-MOSTRA-DEL-TURISMO-MILANO.mp3<\/a><\/audio>\n<p>&nbsp;<\/p>\n<hr \/>\n<p>&nbsp;<\/p>\n<blockquote>\n<h3>mido_ ANFAO lancia il primo programma di certificazione di sostenibilit\u00e0 per il settore<\/h3>\n<\/blockquote>\n<p><strong>MILANO<\/strong>\u00a0 Anfao ha presentato il programma &#8220;Certified Sustainable Eyewear&#8221;,\u00a0 il primo sistema di certificazione di sostenibilit\u00e0 per il settore occhialeria. Creato in collaborazione con Certottica, il programma certifica occhiali e relativi componenti, promuovendo la sostenibilit\u00e0 del ciclo di vita del prodotto. L&#8217;etichetta Cse rilasciata\u00a0 si basa su criteri che valutano aspetti ambientali, sociali, economici e tecnologici.<\/p>\n<div class=\"w-full text-token-text-primary\" data-testid=\"conversation-turn-56\">\n<div class=\"px-4 py-2 justify-center text-base md:gap-6 m-auto\">\n<div class=\"flex flex-1 text-base mx-auto gap-3 md:px-5 lg:px-1 xl:px-5 md:max-w-3xl lg:max-w-[40rem] xl:max-w-[48rem] group\">\n<div class=\"relative flex w-full flex-col lg:w-[calc(100%-115px)]\">\n<div class=\"flex-col gap-1 md:gap-3\">\n<div class=\"mt-1 flex justify-start gap-3 empty:hidden\">\n<div class=\"text-gray-400 flex self-end lg:self-center justify-center lg:justify-start mt-0 -ml-1 visible\">\n<div class=\"flex items-center gap-1.5 text-xs\"><\/div>\n<div>\n<hr \/>\n<\/div>\n<div><\/div>\n<div>\n<blockquote>\n<h2 align=\"JUSTIFY\"><span style=\"font-size: large;\"><b>Chiediamo un lavoro dignitoso per un servizio efficiente<\/b><\/span><\/h2>\n<\/blockquote>\n<\/div>\n<h2><em><a class=\"dt-pswp-item\" href=\"https:\/\/www.radiopiu.net\/wordpress\/wp-content\/uploads\/2024\/02\/Senza-nome-15.png\" data-dt-img-description=\"\" data-large_image_width=\"376\" data-large_image_height=\"246\"><img loading=\"lazy\" decoding=\"async\" class=\" wp-image-373311 alignleft\" src=\"https:\/\/www.radiopiu.net\/wordpress\/wp-content\/uploads\/2024\/02\/Senza-nome-15-300x196.png\" alt=\"\" width=\"214\" height=\"140\" srcset=\"https:\/\/www.radiopiu.net\/wordpress\/wp-content\/uploads\/2024\/02\/Senza-nome-15-300x196.png 300w, https:\/\/www.radiopiu.net\/wordpress\/wp-content\/uploads\/2024\/02\/Senza-nome-15.png 376w\" sizes=\"auto, (max-width: 214px) 100vw, 214px\" \/><\/a>la petizione \u00e8 on line\u00a0<\/em><\/h2>\n<\/div>\n<\/div>\n<\/div>\n<\/div>\n<\/div>\n<\/div>\n<\/div>\n<div class=\"w-full text-token-text-primary\" data-testid=\"conversation-turn-57\">\n<div class=\"px-4 py-2 justify-center text-base md:gap-6 m-auto\">\n<div class=\"flex flex-1 text-base mx-auto gap-3 md:px-5 lg:px-1 xl:px-5 md:max-w-3xl lg:max-w-[40rem] xl:max-w-[48rem] group final-completion\">\n<div class=\"flex-shrink-0 flex flex-col relative items-end\">\n<div class=\"pt-0.5\">\n<div class=\"gizmo-shadow-stroke flex h-6 w-6 items-center justify-center overflow-hidden rounded-full\">\n<div class=\"relative p-1 rounded-sm h-9 w-9 text-white flex items-center justify-center\">Il personale precario di Poste Italiane, composto principalmente da giovani con contratti a tempo determinato, svolge attivit\u00e0 di smistamento e recapito della corrispondenza. Malgrado le aspettative di stabilizzazione, l&#8217;azienda continua a reclutare nuovo personale temporaneo anzich\u00e9 valorizzare le risorse gi\u00e0 formate e con esperienza. Il ricorso alla flessibilit\u00e0 mette a rischio la salute dei dipendenti e la qualit\u00e0 del servizio offerto ai cittadini. Si chiede la stabilizzazione dei lavoratori precari per garantire un lavoro dignitoso e un servizio efficiente. Una petizione \u00e8 disponibile per sostenere questa causa: <span style=\"color: #0000ff;\"><strong><a style=\"color: #0000ff;\" href=\"https:\/\/www.change.org\/p\/poste-italiane-chiediamo-un-lavoro-dignitoso-per-un-servizio-efficiente?source_location=petitions_browse\">CLICCA QUI\u00a0<\/a><\/strong><\/span><\/div>\n<div><\/div>\n<div><\/div>\n<div>\n<hr \/>\n<\/div>\n<div><\/div>\n<blockquote>\n<h3>IL PROGETTO PRIMAVERA CASA APRE LE PORTE A PIU&#8217; DI 20 ABITAZIONI<\/h3>\n<\/blockquote>\n<div>\n<p><strong><a class=\"dt-pswp-item\" href=\"https:\/\/www.radiopiu.net\/wordpress\/wp-content\/uploads\/2024\/02\/cc1dede4-ab92-4e5c-be42-b92cddfe5f35.jpg\" data-dt-img-description=\"\" data-large_image_width=\"1600\" data-large_image_height=\"1200\"><img loading=\"lazy\" decoding=\"async\" class=\" wp-image-373330 alignleft\" src=\"https:\/\/www.radiopiu.net\/wordpress\/wp-content\/uploads\/2024\/02\/cc1dede4-ab92-4e5c-be42-b92cddfe5f35-300x225.jpg\" alt=\"\" width=\"164\" height=\"123\" srcset=\"https:\/\/www.radiopiu.net\/wordpress\/wp-content\/uploads\/2024\/02\/cc1dede4-ab92-4e5c-be42-b92cddfe5f35-300x225.jpg 300w, https:\/\/www.radiopiu.net\/wordpress\/wp-content\/uploads\/2024\/02\/cc1dede4-ab92-4e5c-be42-b92cddfe5f35-1024x768.jpg 1024w, https:\/\/www.radiopiu.net\/wordpress\/wp-content\/uploads\/2024\/02\/cc1dede4-ab92-4e5c-be42-b92cddfe5f35-768x576.jpg 768w, https:\/\/www.radiopiu.net\/wordpress\/wp-content\/uploads\/2024\/02\/cc1dede4-ab92-4e5c-be42-b92cddfe5f35-1536x1152.jpg 1536w, https:\/\/www.radiopiu.net\/wordpress\/wp-content\/uploads\/2024\/02\/cc1dede4-ab92-4e5c-be42-b92cddfe5f35.jpg 1600w\" sizes=\"auto, (max-width: 164px) 100vw, 164px\" \/><\/a>BELLUNO<\/strong> Sono gi\u00e0 pi\u00f9 di una ventina le abitazioni della Valbelluna che saranno riaperte per accogliere lavoratori e turisti nell&#8217;ambito del progetto Primavera Casa.<\/p>\n<p><strong>DI DANIELE DALVIT<\/strong><\/p>\n<audio class=\"wp-audio-shortcode\" id=\"audio-373179-7\" preload=\"none\" style=\"width: 100%;\" controls=\"controls\"><source type=\"audio\/mpeg\" src=\"https:\/\/www.radiopiu.net\/wordpress\/wp-content\/uploads\/2024\/02\/Radio-Piu-Servizio-Dati-Primavera-Casa.mp3?_=7\" \/><a href=\"https:\/\/www.radiopiu.net\/wordpress\/wp-content\/uploads\/2024\/02\/Radio-Piu-Servizio-Dati-Primavera-Casa.mp3\">https:\/\/www.radiopiu.net\/wordpress\/wp-content\/uploads\/2024\/02\/Radio-Piu-Servizio-Dati-Primavera-Casa.mp3<\/a><\/audio>\n<p>&nbsp;<\/p>\n<p>&nbsp;<\/p>\n<hr \/>\n<p>&nbsp;<\/p>\n<p><strong>LA GIUDIZIARIA, OGGI SUL CORRIERE DELLE ALPI<\/strong><br \/>\n<strong>DI GIGI SOSSO<\/strong><\/p>\n<p><strong>FELTRE<\/strong> Un uomo italiano \u00e8 sotto processo per maltrattamenti in famiglia e violenza sessuale, motivati dal desiderio di mantenere la relazione con la sua convivente. Nel periodo tra giugno e luglio 2022, avrebbe perpetrato violenze fisiche e psicologiche, incluso un episodio di violenza sessuale a met\u00e0 luglio. Nonostante la separazione della coppia, il procedimento legale \u00e8 ancora in corso, con un accordo di patteggiamento di due anni di reclusione sospesa, subordinato a un risarcimento danni non ancora quantificato.<\/p>\n<p><strong>FELTRE<\/strong> Una donna \u00e8 sotto processo per atti persecutori, accusata di simulare una gravidanza e attuare molestie contro l&#8217;ex fidanzato dopo la loro separazione. I comportamenti persecutori, iniziati nel gennaio 2020, includono telefonate moleste, appostamenti, e minacce anche da parte di amici della donna. La prossima udienza \u00e8 prevista per luglio.<\/p>\n<p><strong>AGORDO<\/strong> \u00c8 accusato di furto aggravato un quarantenne di Rocca Pietore, che il 10 maggio 2021 avrebbe colpito in un supermercato di Agordo.\u00a0 L&#8217;uomo \u00e8 stato querelato dal direttore del punto vendita e portato in tribunale. Il danno \u00e8 di 40,43 euro e il procedimento penale \u00e8 alla fase dell&#8217;udienza pre-dibattimentale.<\/p>\n<p>&nbsp;<\/p>\n<hr \/>\n<p>&nbsp;<\/p>\n<blockquote>\n<h3>CONCERTI IN GERMANIA E GALLES PER IL CORO FODOM<\/h3>\n<\/blockquote>\n<p><strong><a class=\"dt-pswp-item\" href=\"https:\/\/www.radiopiu.net\/wordpress\/wp-content\/uploads\/2024\/02\/eb2e53b5-7be9-413c-a9de-b4394e94f003.jpg\" data-dt-img-description=\"\" data-large_image_width=\"1023\" data-large_image_height=\"654\"><img loading=\"lazy\" decoding=\"async\" class=\" wp-image-373356 alignleft\" src=\"https:\/\/www.radiopiu.net\/wordpress\/wp-content\/uploads\/2024\/02\/eb2e53b5-7be9-413c-a9de-b4394e94f003-300x192.jpg\" alt=\"\" width=\"181\" height=\"116\" srcset=\"https:\/\/www.radiopiu.net\/wordpress\/wp-content\/uploads\/2024\/02\/eb2e53b5-7be9-413c-a9de-b4394e94f003-300x192.jpg 300w, https:\/\/www.radiopiu.net\/wordpress\/wp-content\/uploads\/2024\/02\/eb2e53b5-7be9-413c-a9de-b4394e94f003-768x491.jpg 768w, https:\/\/www.radiopiu.net\/wordpress\/wp-content\/uploads\/2024\/02\/eb2e53b5-7be9-413c-a9de-b4394e94f003.jpg 1023w\" sizes=\"auto, (max-width: 181px) 100vw, 181px\" \/><\/a>LIVINALLONGO<\/strong><\/p>\n<p>DI LORENZO SORATROI<\/p>\n<audio class=\"wp-audio-shortcode\" id=\"audio-373179-8\" preload=\"none\" style=\"width: 100%;\" controls=\"controls\"><source type=\"audio\/mpeg\" src=\"https:\/\/www.radiopiu.net\/wordpress\/wp-content\/uploads\/2024\/02\/SORATROI-CONCERTI-IN-GERMANIA-E-GALLES-PER-IL-CORO-FODOM.mp3?_=8\" \/><a href=\"https:\/\/www.radiopiu.net\/wordpress\/wp-content\/uploads\/2024\/02\/SORATROI-CONCERTI-IN-GERMANIA-E-GALLES-PER-IL-CORO-FODOM.mp3\">https:\/\/www.radiopiu.net\/wordpress\/wp-content\/uploads\/2024\/02\/SORATROI-CONCERTI-IN-GERMANIA-E-GALLES-PER-IL-CORO-FODOM.mp3<\/a><\/audio>\n<p>&nbsp;<\/p>\n<hr \/>\n<p>&nbsp;<\/p>\n<blockquote>\n<h3>GLI STUDENTI DI INFERMIERISTICA DI FELTRE ADERISCONO AL PROGETTO DI ADMO E UNIPD<\/h3>\n<\/blockquote>\n<p><strong>FELTRE<\/strong> Gli studenti di infermieristica della sede di Feltre hanno partecipato all&#8217;iniziativa promossa da ADMO e Universit\u00e0 di Padova per la tipizzazione salivare, inserendosi nell&#8217;elenco dei possibili donatori di midollo osseo. L&#8217;iniziativa \u00e8 stata ripetuta quest&#8217;anno, dopo il successo della scorsa edizione. La tipizzazione \u00e8 fondamentale per la cura di malattie del sangue come le leucemie. Il Commissario Giuseppe Dal Ben ha ringraziato ADMO, l&#8217;Universit\u00e0 di Padova e gli studenti per la partecipazione, sottolineando l&#8217;importanza di diffondere la cultura della donazione. La donazione di midollo osseo pu\u00f2 offrire una speranza di vita a chi ne ha bisogno.<\/p>\n\n\t\t\t<style type='text\/css'>\n\t\t\t\t#gallery-1 {\n\t\t\t\t\tmargin: auto;\n\t\t\t\t}\n\t\t\t\t#gallery-1 .gallery-item {\n\t\t\t\t\tfloat: left;\n\t\t\t\t\tmargin-top: 10px;\n\t\t\t\t\ttext-align: center;\n\t\t\t\t\twidth: 33%;\n\t\t\t\t}\n\t\t\t\t#gallery-1 img {\n\t\t\t\t\tborder: 2px solid #cfcfcf;\n\t\t\t\t}\n\t\t\t\t#gallery-1 .gallery-caption {\n\t\t\t\t\tmargin-left: 0;\n\t\t\t\t}\n\t\t\t\t\/* see gallery_shortcode() in wp-includes\/media.php *\/\n\t\t\t<\/style>\n\t\t<div id='gallery-1' class='dt-gallery-container gallery galleryid-373179 gallery-columns-3 gallery-size-thumbnail'><dl class='gallery-item'>\n\t\t\t\t<dt class='gallery-icon landscape'>\n\t\t\t\t\t<a class=\"rollover rollover-zoom dt-pswp-item\" title=\"WhatsApp Image 2024-02-05 at 17.50.34\" data-dt-img-description=\"\" data-large_image_width=\"2016\" data-large_image_height=\"1134\"href='https:\/\/www.radiopiu.net\/wordpress\/wp-content\/uploads\/2024\/02\/WhatsApp-Image-2024-02-05-at-17.50.34.jpeg'><img loading=\"lazy\" decoding=\"async\" width=\"150\" height=\"150\" src=\"https:\/\/www.radiopiu.net\/wordpress\/wp-content\/uploads\/2024\/02\/WhatsApp-Image-2024-02-05-at-17.50.34-150x150.jpeg\" class=\"attachment-thumbnail size-thumbnail\" alt=\"\" \/><\/a>\n\t\t\t\t<\/dt><\/dl><dl class='gallery-item'>\n\t\t\t\t<dt class='gallery-icon landscape'>\n\t\t\t\t\t<a class=\"rollover rollover-zoom dt-pswp-item\" title=\"WhatsApp Image 2024-02-05 at 17.50.02\" data-dt-img-description=\"\" data-large_image_width=\"1600\" data-large_image_height=\"1200\"href='https:\/\/www.radiopiu.net\/wordpress\/wp-content\/uploads\/2024\/02\/WhatsApp-Image-2024-02-05-at-17.50.02.jpeg'><img loading=\"lazy\" decoding=\"async\" width=\"150\" height=\"150\" src=\"https:\/\/www.radiopiu.net\/wordpress\/wp-content\/uploads\/2024\/02\/WhatsApp-Image-2024-02-05-at-17.50.02-150x150.jpeg\" class=\"attachment-thumbnail size-thumbnail\" alt=\"\" \/><\/a>\n\t\t\t\t<\/dt><\/dl><dl class='gallery-item'>\n\t\t\t\t<dt class='gallery-icon landscape'>\n\t\t\t\t\t<a class=\"rollover rollover-zoom dt-pswp-item\" title=\"WhatsApp Image 2024-02-05 at 17.50.02 (1)\" data-dt-img-description=\"\" data-large_image_width=\"1600\" data-large_image_height=\"1200\"href='https:\/\/www.radiopiu.net\/wordpress\/wp-content\/uploads\/2024\/02\/WhatsApp-Image-2024-02-05-at-17.50.02-1.jpeg'><img loading=\"lazy\" decoding=\"async\" width=\"150\" height=\"150\" src=\"https:\/\/www.radiopiu.net\/wordpress\/wp-content\/uploads\/2024\/02\/WhatsApp-Image-2024-02-05-at-17.50.02-1-150x150.jpeg\" class=\"attachment-thumbnail size-thumbnail\" alt=\"\" \/><\/a>\n\t\t\t\t<\/dt><\/dl><br style=\"clear: both\" \/>\n\t\t\t<\/div>\n\n<p>&nbsp;<\/p>\n<p>&nbsp;<\/p>\n<hr \/>\n<p>&nbsp;<\/p>\n<blockquote>\n<h3>GIORNATA MONDIALE DEL MALATO: LE CELEBRAZIONI IN ULSS DOLOMITI<\/h3>\n<\/blockquote>\n<p><strong>BELLUNO <\/strong>Domenica, in occasione della XXXII Giornata del Malato, il Vescovo mons. Renato Marangoni celebrer\u00e0 due messe dedicate alle persone malate. La prima si terr\u00e0 alle 15.00 presso l&#8217;Ospedale di Belluno (Sala Convegni) il 12 febbraio, mentre la seconda avr\u00e0 luogo il 13 febbraio alle 15.30 nell&#8217;Ospedale di Feltre (Sala Convegni). La partecipazione \u00e8 aperta a pazienti, personale sanitario e cittadini. L&#8217;evento vuole testimoniare un&#8217;attenzione speciale verso coloro che si trovano nei luoghi di cura o sono assistiti in famiglia.<\/p>\n<p>&nbsp;<\/p>\n<p>&nbsp;<\/p>\n<hr \/>\n<p>&nbsp;<\/p>\n<\/div>\n<blockquote>\n<h3>Opportunit\u00e0 di Volontariato: 10 Posti Disponibili nel Servizio Civile Universale &#8216;CAMBIATI LA VITA&#8217; a Belluno<\/h3>\n<\/blockquote>\n<div><strong>BELLUNO<\/strong> Il Centro Italiano di Solidariet\u00e0 di Belluno onlus offre 10 posti per volontari nel progetto di Servizio Civile Universale &#8220;CAMBIATI LA VITA&#8221;. La scadenza per la presentazione delle domande \u00e8 alle\u00a0 14 del 15 febbraio. Il Servizio prevede 25 ore settimanali per un anno, con un rimborso mensile di 507 euro.\u00a0 Le attivit\u00e0 coinvolgono il volontariato nelle Comunit\u00e0 Terapeutiche Residenziali, nel settore di progettazione sociale e nell&#8217;inserimento lavorativo presso la Cooperativa Sociale Integra. Info 0437 950895.<\/div>\n<div><\/div>\n<div><\/div>\n<div>\n<hr \/>\n<\/div>\n<\/div>\n<div><\/div>\n<div><\/div>\n<blockquote>\n<h3>CERIMONIA DI RINGRAZIAMENTO AI VOLONTARI DI PROTEZIONE CIVILE: UNA KERMESSE PER GLI ANGELI DELL&#8217;EMERGENZA<\/h3>\n<\/blockquote>\n<div class=\"gizmo-shadow-stroke flex h-6 w-6 items-center justify-center overflow-hidden rounded-full\">\n<div><\/div>\n<div><strong>VENEZIA\u00a0<\/strong> Il 9 febbraio 2024, presso la Zoppas Arena di Conegliano, si terr\u00e0 una cerimonia di ringraziamento ai volontari di Protezione Civile per gli interventi in eventi calamitosi recenti. Promosso dall&#8217;Assessore Gianpaolo Bottacin, l&#8217;evento riconosce l&#8217;impegno degli &#8220;angeli&#8221; dell&#8217;emergenza. Durante la serata, saranno consegnati attestati di riconoscimento e spillette ai volontari, con la partecipazione di autorit\u00e0 locali e interventi di personalit\u00e0 come Massimo Olivetti e Fabrizio Curcio.<\/div>\n<div><\/div>\n<div><\/div>\n<div>\n<hr \/>\n<\/div>\n<blockquote>\n<h3><strong><a class=\"dt-pswp-item\" href=\"https:\/\/www.radiopiu.net\/wordpress\/wp-content\/uploads\/2024\/02\/Lollino-Settimana-educazione-civica-Visita-Archivio-di-Stato.jpg\" data-dt-img-description=\"\" data-large_image_width=\"828\" data-large_image_height=\"460\"><img loading=\"lazy\" decoding=\"async\" class=\"wp-image-373312 alignleft\" src=\"https:\/\/www.radiopiu.net\/wordpress\/wp-content\/uploads\/2024\/02\/Lollino-Settimana-educazione-civica-Visita-Archivio-di-Stato-300x167.jpg\" alt=\"\" width=\"171\" height=\"95\" srcset=\"https:\/\/www.radiopiu.net\/wordpress\/wp-content\/uploads\/2024\/02\/Lollino-Settimana-educazione-civica-Visita-Archivio-di-Stato-300x167.jpg 300w, https:\/\/www.radiopiu.net\/wordpress\/wp-content\/uploads\/2024\/02\/Lollino-Settimana-educazione-civica-Visita-Archivio-di-Stato-768x427.jpg 768w, https:\/\/www.radiopiu.net\/wordpress\/wp-content\/uploads\/2024\/02\/Lollino-Settimana-educazione-civica-Visita-Archivio-di-Stato.jpg 828w\" sizes=\"auto, (max-width: 171px) 100vw, 171px\" \/><\/a>SETTIMANA EDUCAZIONE CIVICA AL LICEO LOLLINO: DIRITTI, CARIT\u00c0 E LEGALIT\u00c0<\/strong><\/h3>\n<\/blockquote>\n<\/div>\n<div><strong>\u00a0BELLUNO<\/strong> Il Liceo Lollino ha concluso la &#8220;Settimana dell&#8217;Educazione Civica&#8221; prima della chiusura delle iscrizioni per il prossimo anno. Le cinque classi hanno affrontato temi diversi, inclusi diritti umani, accoglienza e legalit\u00e0. Gli studenti hanno interagito con il mondo della cultura, del volontariato e della politica, affrontando questioni come carit\u00e0, missioni, patrimonio UNESCO e legalit\u00e0. La settimana ha coinvolto esperti locali e internazionali, contribuendo a un&#8217;educazione completa dei giovani.<\/div>\n<div><\/div>\n<div><\/div>\n<div>\n<hr \/>\n<\/div>\n<div><\/div>\n<div>\n<p align=\"CENTER\"><span style=\"font-family: Times New Roman, serif;\"><span style=\"font-size: medium;\"><span style=\"color: #333333;\"><span style=\"font-family: Arial, serif;\"><b>Assemblee soci per Bim Gsp e Bim Belluno Infrastrutture <\/b><\/span><\/span><\/span><\/span><\/p>\n<p align=\"JUSTIFY\"><span style=\"font-family: Arial, serif;\"><span style=\"font-size: medium;\"><strong>BELLUNO<\/strong> Si terranno oggi le assemblee dei soci di Bim Belluno Infrastrutture e Bim Gsp. All\u2019ordine del giorno(dalle 14.30) approvazione dei bilanci preconsuntivi 2023 e previsionali 2024, e dei Piani Industriali 2024-2026. <\/span><\/span><\/p>\n<\/div>\n<div><\/div>\n<div class=\"gizmo-shadow-stroke flex h-6 w-6 items-center justify-center overflow-hidden rounded-full\">\n<div><\/div>\n<\/div>\n<\/div>\n<\/div>\n<\/div>\n<\/div>\n<\/div>\n<hr \/>\n<p>&nbsp;<\/p>\n<blockquote>\n<h3>SABATO IL GIORNO DEL RICORDO<\/h3>\n<\/blockquote>\n<p><strong>BELLUNO<\/strong> Sabato 10 febbraio, alle 12, si terr\u00e0 la Cerimonia commemorativa per il Giorno del Ricordo presso il monumento a piazzale Vittime delle Foibe a Belluno. L&#8217;evento omagger\u00e0 le vittime delle foibe e ricorder\u00e0 l&#8217;esodo degli italiani dalle terre istriane, fiumane e dalmate dopo la Seconda Guerra Mondiale. La cerimonia \u00e8 curata dall&#8217;Amministrazione comunale, dalla Prefettura e dall&#8217;Associazione Nazionale Venezia Giulia e Dalmazia, con interventi dell&#8217;Amministrazione comunale, del Presidente dell&#8217;Associazione Siro Maracchi e la benedizione di Mons. Giuseppe Andrich<\/p>\n<p>&nbsp;<\/p>\n<hr \/>\n<p>&nbsp;<\/p>\n<blockquote>\n<h3>UNIVERSITA&#8217; ANZIANI ADULTI, OGGI LUISA MANFROI E ATTILIO COSTA<\/h3>\n<\/blockquote>\n<p><strong>AGORDO<\/strong> Riprendono oggi con un omaggio a Giacomo Puccini nel centenario della morte e ai 40 anni del Centro internazionale del libro parlato di Feltre le lezioni dell&#8217;Universit\u00e0 adulti\/anziani di Agordo. A partire dalle 15 in sala don Tamis saranno Attilio Costa e Luisa Alchini a intrattenere i circa 150 corsisti che hanno aderito con entusiasmo, gi\u00e0 nel primo trimestre, alle proposte messe in calendario ogni marted\u00ec dal comitato promotore che da 26 anni \u00e8 attivo in vallata.<\/p>\n<p>&nbsp;<\/p>\n<hr \/>\n<p>&nbsp;<\/p>\n<p><strong><a class=\"dt-pswp-item\" href=\"https:\/\/www.radiopiu.net\/wordpress\/wp-content\/uploads\/2024\/01\/Senza-nome-34.png\" data-dt-img-description=\"\" data-large_image_width=\"239\" data-large_image_height=\"153\"><img loading=\"lazy\" decoding=\"async\" class=\"wp-image-369478 alignleft\" src=\"https:\/\/www.radiopiu.net\/wordpress\/wp-content\/uploads\/2024\/01\/Senza-nome-34.png\" alt=\"\" width=\"128\" height=\"82\" \/><\/a> <\/strong><\/p>\n<p><strong>\u00a0<\/strong><\/p>\n<p><strong>dal TG BELLUNESE di\u00a0 ANTENNA 3 ogni sera alle 19.30 sul canale 10 del digitale terrestre e alle 19 le anticipazioni alla radio.\u00a0 \u00a0 \u00a0<\/strong><\/p>\n<p>&nbsp;<\/p>\n<blockquote>\n<h3 class=\"_title post-title entry-title\">CITTADINANZA \u2018IURE SANGUINIS\u2019, IL CASO VAL DI ZOLDO. LA PAROLA AI RESIDENTI<\/h3>\n<\/blockquote>\n<p>Intervistati CAMILLO DE PELLEGRIN (SINDACO VAL DI ZOLDO) (Servizio di\u00a0<a href=\"https:\/\/antennatre.medianordest.it\/redazione\/Fabio-Fioravanzi\/\">Fabio Fioravanzi<\/a>)<\/p>\n<p>&nbsp;<\/p>\n<h1><span style=\"color: #0000ff;\"><strong><a style=\"color: #0000ff;\" href=\"https:\/\/youtu.be\/jquvcjFjqEM\">PER VEDERE IL VIDEO CLICCA QUI\u00a0<\/a><\/strong><\/span><\/h1>\n<p><iframe loading=\"lazy\" title=\"CITTADINANZA &#039;IURE SANGUINIS&#039;, IL CASO VAL DI ZOLDO. LA PAROLA AI RESIDENTI | 05\/02\/2024\" width=\"1200\" height=\"675\" src=\"https:\/\/www.youtube.com\/embed\/jquvcjFjqEM?feature=oembed\" frameborder=\"0\" allow=\"accelerometer; autoplay; clipboard-write; encrypted-media; gyroscope; picture-in-picture; web-share\" allowfullscreen><\/iframe><\/p>\n<p>&nbsp;<\/p>\n<hr \/>\n<p>&nbsp;<\/p>\n<blockquote>\n<h3>Due occasioni per approfondire temi cruciali<\/h3>\n<\/blockquote>\n<p><strong>BELLUNO<\/strong> Il direttore del Censis, Massimiliano Valerii, sar\u00e0 al centro di due incontri a Belluno per discutere del presente e del futuro del Paese:<\/p>\n<p><strong>Incontro con la cittadinanza &#8211; 7 febbraio, 18, Sala Bianchi a Belluno<\/strong>\u00a0 &#8220;Statistica e filosofia per capire l&#8217;epoca del caos&#8221;<\/p>\n<p><strong>Incontro con gli studenti &#8211; 8 febbraio,\u00a0 8:00, Centro Giovanni XXIII<\/strong>\u00a0&#8220;Presente e futuro del lavoro e della societ\u00e0 italiana nel nuovo disordine mondiale&#8221;<\/p>\n<p>&nbsp;<\/p>\n<p>&nbsp;<\/p>\n<hr \/>\n<p>&nbsp;<\/p>\n<blockquote>\n<h3>CARNEVAI DE LE VAI&#8230; IL PROSSIMO FINE SETTIMANA A SOTTOGUDA E CANALE D&#8217;AGORDO<\/h3>\n<\/blockquote>\n<p><strong>Sabato 10 febbraio<\/strong> carnevale con la Mascoreda di Sottoguda e il giorno successivo la Zinghenesta a Canale d&#8217;Agordo<\/p>\n<p>(foto archivio Associazione Borgo Sottoguda, carnevale a Sottoguda),<\/p>\n\n\t\t\t<style type='text\/css'>\n\t\t\t\t#gallery-2 {\n\t\t\t\t\tmargin: auto;\n\t\t\t\t}\n\t\t\t\t#gallery-2 .gallery-item {\n\t\t\t\t\tfloat: left;\n\t\t\t\t\tmargin-top: 10px;\n\t\t\t\t\ttext-align: center;\n\t\t\t\t\twidth: 33%;\n\t\t\t\t}\n\t\t\t\t#gallery-2 img {\n\t\t\t\t\tborder: 2px solid #cfcfcf;\n\t\t\t\t}\n\t\t\t\t#gallery-2 .gallery-caption {\n\t\t\t\t\tmargin-left: 0;\n\t\t\t\t}\n\t\t\t\t\/* see gallery_shortcode() in wp-includes\/media.php *\/\n\t\t\t<\/style>\n\t\t<div id='gallery-2' class='dt-gallery-container gallery galleryid-373179 gallery-columns-3 gallery-size-thumbnail'><dl class='gallery-item'>\n\t\t\t\t<dt class='gallery-icon portrait'>\n\t\t\t\t\t<a class=\"rollover rollover-zoom dt-pswp-item\" title=\"4e9ca98c-9631-48fd-a7d4-511737969234\" data-dt-img-description=\"\" data-large_image_width=\"1240\" data-large_image_height=\"1755\"href='https:\/\/www.radiopiu.net\/wordpress\/wp-content\/uploads\/2024\/02\/4e9ca98c-9631-48fd-a7d4-511737969234.jpg'><img loading=\"lazy\" decoding=\"async\" width=\"150\" height=\"150\" src=\"https:\/\/www.radiopiu.net\/wordpress\/wp-content\/uploads\/2024\/02\/4e9ca98c-9631-48fd-a7d4-511737969234-150x150.jpg\" class=\"attachment-thumbnail size-thumbnail\" alt=\"\" \/><\/a>\n\t\t\t\t<\/dt><\/dl><dl class='gallery-item'>\n\t\t\t\t<dt class='gallery-icon landscape'>\n\t\t\t\t\t<a class=\"rollover rollover-zoom dt-pswp-item\" title=\"018603ad-904f-4edf-81ee-e98ff50a41f0\" data-dt-img-description=\"\" data-large_image_width=\"1200\" data-large_image_height=\"800\"href='https:\/\/www.radiopiu.net\/wordpress\/wp-content\/uploads\/2024\/02\/018603ad-904f-4edf-81ee-e98ff50a41f0.jpg'><img loading=\"lazy\" decoding=\"async\" width=\"150\" height=\"150\" src=\"https:\/\/www.radiopiu.net\/wordpress\/wp-content\/uploads\/2024\/02\/018603ad-904f-4edf-81ee-e98ff50a41f0-150x150.jpg\" class=\"attachment-thumbnail size-thumbnail\" alt=\"\" \/><\/a>\n\t\t\t\t<\/dt><\/dl><dl class='gallery-item'>\n\t\t\t\t<dt class='gallery-icon landscape'>\n\t\t\t\t\t<a class=\"rollover rollover-zoom dt-pswp-item\" title=\"b6a50891-0362-4b33-bb7c-797d6278528b\" data-dt-img-description=\"\" data-large_image_width=\"1200\" data-large_image_height=\"800\"href='https:\/\/www.radiopiu.net\/wordpress\/wp-content\/uploads\/2024\/02\/b6a50891-0362-4b33-bb7c-797d6278528b.jpg'><img loading=\"lazy\" decoding=\"async\" width=\"150\" height=\"150\" src=\"https:\/\/www.radiopiu.net\/wordpress\/wp-content\/uploads\/2024\/02\/b6a50891-0362-4b33-bb7c-797d6278528b-150x150.jpg\" class=\"attachment-thumbnail size-thumbnail\" alt=\"\" \/><\/a>\n\t\t\t\t<\/dt><\/dl><br style=\"clear: both\" \/>\n\t\t\t<\/div>\n\n<p>&nbsp;<\/p>\n<hr \/>\n<p>&nbsp;<\/p>\n<blockquote>\n<h3 class=\"_title post-title entry-title\">CARNEVALE IN CITTA\u2019 E NEI QUARTIERI ALLA RISCOPERTA DI SOCIALITA\u2019 E CULTURA<\/h3>\n<\/blockquote>\n<p>Intervistati FLAVIA COLLE (ASSESSORA CULTURA COMUNE DI FELTRE), SAMUELE SPADA (CONSIGLIERE DELEGATO CULTURA COMUNE DI FELTRE) (Servizio di\u00a0<a href=\"https:\/\/antennatre.medianordest.it\/redazione\/Tiziana-Bolognani\/\">Tiziana Bolognani<\/a>)<\/p>\n<h1><span style=\"color: #0000ff;\"><strong><a style=\"color: #0000ff;\" href=\"https:\/\/youtu.be\/n7ivNqqf4eE\">PER VEDERE IL VIDEO CLICCA QUI\u00a0\u00a0<\/a><\/strong><\/span><\/h1>\n<p><iframe loading=\"lazy\" title=\"CARNEVALE IN CITTA&#039; E NEI QUARTIERI ALLA RISCOPERTA DI SOCIALITA&#039; E CULTURA | 05\/02\/2024\" width=\"1200\" height=\"675\" src=\"https:\/\/www.youtube.com\/embed\/n7ivNqqf4eE?feature=oembed\" frameborder=\"0\" allow=\"accelerometer; autoplay; clipboard-write; encrypted-media; gyroscope; picture-in-picture; web-share\" allowfullscreen><\/iframe><\/p>\n<p>&nbsp;<\/p>\n<hr \/>\n<p>&nbsp;<\/p>\n<blockquote>\n<h3>&#8220;L&#8217;acqua che scorre&#8221;. GRUPPO SPELELOGICO DEL CAI DI FELTRE, seconda serata<\/h3>\n<p><strong><img loading=\"lazy\" decoding=\"async\" class=\"alignleft\" src=\"https:\/\/www.radiopiu.net\/wordpress\/wp-content\/uploads\/2022\/10\/Senza-nome-2.png\" width=\"284\" height=\"196\" \/>REDAZIONE<\/strong> &#8220;Le riserve idriche solide in superficie e in ipogeo&#8221;, secondo appuntamento, venerdi 9 febbraio alle 20.30 in sala polifunzionale di Pradenich di Cesiomaggiore. Relatori, Mauro Valt, nivologo di ARPAV, e Bartolomeo Vigna, professore emerito del Dipartimento di Ingegneria dell&#8217;Ambiente del Territorio e delle Infrastrutture del Politecnico di Torino, discuteranno sull&#8217;evoluzione degli accumuli nivali e glaciali come preziose riserve d&#8217;acqua in alcune aree dell&#8217;arco alpino. Gli incontri sono gratuiti e rivolti a tutti e \u00a0hanno carattere divulgativo; una vera occasione per approfondire un tema vitale per la nostra esistenza e il nostro benessere.\u00a0 <strong><em>Info speleo@caifeltre.it<\/em><\/strong><\/p>\n<blockquote><p><em>L&#8217;acqua che scorre nei nostri rubinetti ha una storia intrigante, proveniente da riserve liquide o solide che spesso non sono subito accessibili. Queste riserve possono avere un ritardo di rilascio che va da mesi a anni, addirittura secoli, rispetto al momento in cui si sono originariamente accumulate, magari sotto forma di neve o ghiaccio.<\/em><\/p><\/blockquote>\n<\/blockquote>\n<p>foto Lanfranco Sbardella (locandina evento)<\/p>\n<p>&nbsp;<\/p>\n<hr \/>\n<p>&nbsp;<\/p>\n<p>&nbsp;<\/p>\n<blockquote>\n<h3>ERIK LENA, GIOVANI IN CRESCITA &#8220;VISIONI E OBIETTIVI&#8221;<\/h3>\n<\/blockquote>\n<p><strong><a class=\"dt-pswp-item\" href=\"https:\/\/www.radiopiu.net\/wordpress\/wp-content\/uploads\/2024\/02\/Senza-nome-17.png\" data-dt-img-description=\"\" data-large_image_width=\"686\" data-large_image_height=\"509\"><img loading=\"lazy\" decoding=\"async\" class=\"size-medium wp-image-373319 alignleft\" src=\"https:\/\/www.radiopiu.net\/wordpress\/wp-content\/uploads\/2024\/02\/Senza-nome-17-300x223.png\" alt=\"\" width=\"300\" height=\"223\" srcset=\"https:\/\/www.radiopiu.net\/wordpress\/wp-content\/uploads\/2024\/02\/Senza-nome-17-300x223.png 300w, https:\/\/www.radiopiu.net\/wordpress\/wp-content\/uploads\/2024\/02\/Senza-nome-17.png 686w\" sizes=\"auto, (max-width: 300px) 100vw, 300px\" \/><\/a>ERIK: VISIONARIO DELLE DOLOMITI, FONDATORE DI LENA ERIK INC.<\/strong><\/p>\n<p>Erik, fondatore e CEO di Lena Erik Incorporation, coniuga la sua passione per la creativit\u00e0 e la tecnologia, derivata dalla sua giovent\u00f9 trascorsa nelle Dolomiti. La sua avventura imprenditoriale riflette la dedizione all&#8217;innovazione, includendo progetti di personalizzazione fotografica, sicurezza tecnologica e un&#8217;impronta green.<\/p>\n<p><strong>OBIETTIVI 2024 PER LENA ERIK INC.<\/strong><\/p>\n<p>Lena Erik Incorporation si prepara al nuovo anno con ambiziosi propositi aziendali, tra cui pagamenti online sicuri, scambio di file integrato, trasparenza nei prezzi e un&#8217;app dedicata per gli acquisti. L&#8217;azienda si impegna anche per un futuro sostenibile, investendo in tecnologie all&#8217;avanguardia e utilizzando l&#8217;intelligenza artificiale per migliorare l&#8217;esperienza del cliente.<\/p>\n<blockquote><p><em><span class=\"wixui-rich-text__text\">Erik, un giovane di 23 anni che ha trascorso la sua giovinezza tra le maestose Dolomiti, a Taibon Agordino, \u00e8 il fondatore e CEO di <a class=\"wixui-rich-text__text\" href=\"http:\/\/www.lenaerik.com\/\" target=\"_blank\" rel=\"noreferrer noopener\"><span class=\"color_28 wixui-rich-text__text\">Lena Erik Incorporation<\/span><\/a>, un progetto che riflette la sua passione\u00a0<\/span><span class=\"wixui-rich-text__text\">per la creativit\u00e0 e la tecnologia.<\/span><\/em><\/p><\/blockquote>\n<h1><span style=\"color: #0000ff;\"><strong><a style=\"color: #0000ff;\" href=\"https:\/\/www.lenaerik.com\/\">info clicca qui<\/a><\/strong><\/span><\/h1>\n<p>&nbsp;<\/p>\n<hr \/>\n<p>&nbsp;<\/p>\n<blockquote>\n<h1><span style=\"color: #339966;\">G R A N D I<\/span>\u00a0 \u00a0 E V E N T I<\/h1>\n<h1>NELL&#8217;\u00a0 <span style=\"color: #ff0000;\">A G O R D I N O\u00a0<\/span><\/h1>\n<\/blockquote>\n<h2><a class=\"dt-pswp-item\" href=\"https:\/\/www.radiopiu.net\/wordpress\/wp-content\/uploads\/2023\/05\/R_LA-VOLATA-S-PELLEGRINO-DH-2017PHOTO-ELVIS.jpg\" data-dt-img-description=\"PASSO SAN PELLEGRINO MOENA ITA - 21DICEMBRE 2017 COPPA EUROPA DISCESA LIBERA FEMMINILE TROFEO LA VOLATA - MEMORIAL ALBERTO VENDRUSCOLO VINCITRICE SUTER GIULIANA SUI davanti a HOFER HANNA ITA e KOLLY NOEMIE SUI &quot;Copyright PHOTO ELVIS&quot;\" data-large_image_width=\"2000\" data-large_image_height=\"1337\"><img loading=\"lazy\" decoding=\"async\" class=\"wp-image-337460 alignleft\" src=\"https:\/\/www.radiopiu.net\/wordpress\/wp-content\/uploads\/2023\/05\/R_LA-VOLATA-S-PELLEGRINO-DH-2017PHOTO-ELVIS-300x201.jpg\" alt=\"\" width=\"187\" height=\"125\" srcset=\"https:\/\/www.radiopiu.net\/wordpress\/wp-content\/uploads\/2023\/05\/R_LA-VOLATA-S-PELLEGRINO-DH-2017PHOTO-ELVIS-300x201.jpg 300w, https:\/\/www.radiopiu.net\/wordpress\/wp-content\/uploads\/2023\/05\/R_LA-VOLATA-S-PELLEGRINO-DH-2017PHOTO-ELVIS-1024x685.jpg 1024w, https:\/\/www.radiopiu.net\/wordpress\/wp-content\/uploads\/2023\/05\/R_LA-VOLATA-S-PELLEGRINO-DH-2017PHOTO-ELVIS-768x513.jpg 768w, https:\/\/www.radiopiu.net\/wordpress\/wp-content\/uploads\/2023\/05\/R_LA-VOLATA-S-PELLEGRINO-DH-2017PHOTO-ELVIS-1536x1027.jpg 1536w, https:\/\/www.radiopiu.net\/wordpress\/wp-content\/uploads\/2023\/05\/R_LA-VOLATA-S-PELLEGRINO-DH-2017PHOTO-ELVIS.jpg 2000w\" sizes=\"auto, (max-width: 187px) 100vw, 187px\" \/><\/a>LA &#8220;VOLATA&#8221; IN MONDOVISIONE, SKI AREA SAN PELLEGRINO IN FERMENTO<\/h2>\n<p><span style=\"color: #0000ff;\"><strong>AUDIO<\/strong><\/span><\/p>\n<p><span style=\"color: #0000ff;\"><strong>DI MIRKO MEZZACASA &#8211; OSPITE RENZO MINELLA<\/strong><\/span><\/p>\n<audio class=\"wp-audio-shortcode\" id=\"audio-373179-9\" preload=\"none\" style=\"width: 100%;\" controls=\"controls\"><source type=\"audio\/mpeg\" src=\"https:\/\/www.radiopiu.net\/wordpress\/wp-content\/uploads\/2024\/01\/RENZO-MINELLA-GENNAIO2024.mp3?_=9\" \/><a href=\"https:\/\/www.radiopiu.net\/wordpress\/wp-content\/uploads\/2024\/01\/RENZO-MINELLA-GENNAIO2024.mp3\">https:\/\/www.radiopiu.net\/wordpress\/wp-content\/uploads\/2024\/01\/RENZO-MINELLA-GENNAIO2024.mp3<\/a><\/audio>\n<p>&nbsp;<\/p>\n<hr \/>\n<p>&nbsp;<\/p>\n<h2><span style=\"color: #ff6600;\">IERI ALLA RADIO<\/span><\/h2>\n<h2><span style=\"color: #808000;\">PERITI MINERARI DALL&#8217;AGORDINO AL MONDO<\/span><\/h2>\n<p><strong>REDAZIONE<\/strong> Continua la serie di racconti con i periti minerari agordini. Nelle prossime tre puntate la storia di Antonio Miola. I racconti dei periti minerari agordini che hanno lavorato nel mondo, ogni luned\u00ec alle 10:30 e alle 19 su Radio Pi\u00f9.<\/p>\n<p><iframe loading=\"lazy\" title=\"ANTONIO MIOLA\" width=\"1200\" height=\"675\" src=\"https:\/\/www.youtube.com\/embed\/fAeFW-MZ9FE?feature=oembed\" frameborder=\"0\" allow=\"accelerometer; autoplay; clipboard-write; encrypted-media; gyroscope; picture-in-picture; web-share\" allowfullscreen><\/iframe><\/p>\n<p>&nbsp;<\/p>\n<p><strong>LA RACCOLTA COMPLETA <a href=\"https:\/\/www.radiopiu.net\/wordpress\/periti-minerari-dallagordino-al-mondo\/\">CLICCA QUI<\/a><\/strong><\/p>\n<p>&nbsp;<\/p>\n<h2><span style=\"color: #993366;\">I RACCONTI DI PAOLO SOPPELSA<\/span><\/h2>\n<p><strong>GENA ALTA <\/strong><\/p>\n<p><strong>AUDIO<\/strong><\/p>\n<audio class=\"wp-audio-shortcode\" id=\"audio-373179-10\" preload=\"none\" style=\"width: 100%;\" controls=\"controls\"><source type=\"audio\/mpeg\" src=\"https:\/\/www.radiopiu.net\/wordpress\/wp-content\/uploads\/2024\/02\/PAOLOS.mp3?_=10\" \/><a href=\"https:\/\/www.radiopiu.net\/wordpress\/wp-content\/uploads\/2024\/02\/PAOLOS.mp3\">https:\/\/www.radiopiu.net\/wordpress\/wp-content\/uploads\/2024\/02\/PAOLOS.mp3<\/a><\/audio>\n<p>&nbsp;<\/p>\n<p><a class=\"dt-pswp-item\" href=\"https:\/\/www.radiopiu.net\/wordpress\/wp-content\/uploads\/2024\/02\/31490814-f250-4010-b68e-f9ce333250f1.jpg\" data-dt-img-description=\"\" data-large_image_width=\"1080\" data-large_image_height=\"810\"><img loading=\"lazy\" decoding=\"async\" class=\" wp-image-373142 alignleft\" src=\"https:\/\/www.radiopiu.net\/wordpress\/wp-content\/uploads\/2024\/02\/31490814-f250-4010-b68e-f9ce333250f1-300x225.jpg\" alt=\"\" width=\"205\" height=\"154\" srcset=\"https:\/\/www.radiopiu.net\/wordpress\/wp-content\/uploads\/2024\/02\/31490814-f250-4010-b68e-f9ce333250f1-300x225.jpg 300w, https:\/\/www.radiopiu.net\/wordpress\/wp-content\/uploads\/2024\/02\/31490814-f250-4010-b68e-f9ce333250f1-1024x768.jpg 1024w, https:\/\/www.radiopiu.net\/wordpress\/wp-content\/uploads\/2024\/02\/31490814-f250-4010-b68e-f9ce333250f1-768x576.jpg 768w, https:\/\/www.radiopiu.net\/wordpress\/wp-content\/uploads\/2024\/02\/31490814-f250-4010-b68e-f9ce333250f1.jpg 1080w\" sizes=\"auto, (max-width: 205px) 100vw, 205px\" \/><\/a>La Valle del Mis era deserta in quella ultima e troppo calda mattina di un febbraio che contava ventinove giorni. Il cielo era sereno e un forte e tiepido vento carico di primavera increspava le fredde e scure acque del lago. Il bar chiuso, nessuna auto parcheggiata nel piazzale antistante la chiesa di San Romedio e lass\u00f9 in alto, aggrappato alla montagna, il borgo silente che guarda la valle. Tre chilometri di strada che sale verticale lungo il ripido versante, una serie di tornanti stretti, una fontana e poi il borgo dov&#8217;ero approdato per la prima volta vent&#8217;anni prima. Allora avevo incontrato la malinconia dell&#8217;abbandono e silenzi che facevano male, questa volta, invece, i segni tangibili di un nuovo vivere quella montagna severa e avara di tutto. Forse erano le radici che avevano chiamato, forse qualcuno desiderava ogni tanto fuggire dalla frenesia del mondo che, al di fuori della valle, proponeva la consueta caotica quotidianit\u00e0. Molti tetti erano nuovi, i prati ben curati e la staccionata dove mi ero appoggiato ad ammirare la valle era stata rinnovata. Gli alberi da frutto erano pronti a vivere la primavera ormai imminente e laggi\u00f9, nel mondo di sotto, il lago si mostrava in quasi tutta la sua lunghezza. Ascoltavo il vento tiepido che a tratti soffiava con forza e pensavo alle vite vissute su questo versante. Erano rimasti aggrappati a questa montagna selvaggia nonostante l&#8217;avarizia di questo ambiente severo, e avevano pure avuto la sfortuna di vedere transitare la guerra in questo luogo appartato. C&#8217;erano state delle vittime, le fiamme si erano levate alte nel cielo ed erano rimaste macerie fumanti; poi avevano ricostruito tutto. Qualche anno di tranquillit\u00e0 e un&#8217;altra battaglia alle porte, questa volta da combattere senz\u2019armi. Il progresso stava l\u00ec di fronte a loro dove la valle inizia a restringersi, e forse sarebbe stato impossibile fermarne l&#8217;avanzata. Alla fine degli anni \u201850 un fragore di mine, il rombo continuo dei camion e il cigolare delle gru ruppe il secolare silenzio di questi luoghi. La diga di Santa Giuliana venne eretta in fretta e nel 1962, con l\u2019innalzarsi delle acque del lago, venne decretato il fine vita in questa valle sacrificata in nome del progresso che, in quegli anni di boom economico, correva veloce. Guardavo quelle acque, che d&#8217;estate sono attrazione per le tante persone che giungono fin qui a cercare il fresco, e che per loro, invece, furono maledizione. Li immaginavo mentre assistevano alla sommersione dei campi, della vecchia strada e degli edifici di Gena Bassa, la localit\u00e0 in cui erano ubicati i servizi che li aveva resi autosufficienti. Per loro, in quei mesi, arriv\u00f2 il tempo amaro del dover lasciare le proprie case e la propria terra, e poi, pochi anni pi\u00f9 tardi, ci pens\u00f2 l&#8217;alluvione del 4 novembre del 1966 a rendere ancora pi\u00f9 pesante quel silenzio che avvolse la valle per interi decenni. Trambusto di ghiaia e massi trasportati dalle furibonde acque del Mis, e poi l&#8217;oblio; chiss\u00e0 se i turisti che collocano i loro asciugamani sulle ghiaie in coda al lago, sanno che l\u00ec, sotto ai loro piedi, giace un mondo sommerso che, fino a qualche anno fa, a volte riappariva seppure in minima parte quando il bacino era al minimo livello. I muri a secco della vecchia strada e l&#8217;arcata del ponte erano gli ultimi testimoni di quell&#8217;angolo di mondo inghiottito dalle acque del Mis. Un ultimo sguardo alla valle e a quelle case rinnovate che attendevano una nuova primavera, un pensiero per chi, lass\u00f9, sessant&#8217;anni fa ha lasciato un gran pezzo di cuore all&#8217;ombra delle cime dei Monti del Sole.<\/p>\n<p>&nbsp;<\/p>\n<hr \/>\n<p>&nbsp;<\/p>\n<blockquote>\n<h3>PIU&#8217; SANREMO, I PRIMI 3 E&#8230; L&#8217;OSPITE. di Marina Don\u00e0<\/h3>\n<\/blockquote>\n<p><strong><a class=\"dt-pswp-item\" href=\"https:\/\/www.radiopiu.net\/wordpress\/wp-content\/uploads\/2024\/02\/th-2.jpg\" data-dt-img-description=\"\" data-large_image_width=\"252\" data-large_image_height=\"180\"><img loading=\"lazy\" decoding=\"async\" class=\"wp-image-373299 alignleft\" src=\"https:\/\/www.radiopiu.net\/wordpress\/wp-content\/uploads\/2024\/02\/th-2.jpg\" alt=\"\" width=\"101\" height=\"72\" \/><\/a><\/strong><\/p>\n<p>&nbsp;<\/p>\n<p><strong>PUNTATA 01\u00a0 5.02.2024 &#8211; ANNO 2018\u00a0 &#8211;<\/strong><\/p>\n<p>&nbsp;<\/p>\n<audio class=\"wp-audio-shortcode\" id=\"audio-373179-11\" preload=\"none\" style=\"width: 100%;\" controls=\"controls\"><source type=\"audio\/mpeg\" src=\"https:\/\/www.radiopiu.net\/wordpress\/wp-content\/uploads\/2024\/02\/SA1.mp3?_=11\" \/><a href=\"https:\/\/www.radiopiu.net\/wordpress\/wp-content\/uploads\/2024\/02\/SA1.mp3\">https:\/\/www.radiopiu.net\/wordpress\/wp-content\/uploads\/2024\/02\/SA1.mp3<\/a><\/audio>\n<p>&nbsp;<\/p>\n<p>&nbsp;<\/p>\n<hr \/>\n<p>&nbsp;<\/p>\n<blockquote>\n<h3>CIAK SI GIRA, IL PROGRAMMA DI PAOLA LANCIATO &#8211; LA RACCOLTA<\/h3>\n<\/blockquote>\n<p><strong><a class=\"dt-pswp-item\" href=\"https:\/\/www.radiopiu.net\/wordpress\/wp-content\/uploads\/2024\/02\/Via-col-vento.jpg\" data-dt-img-description=\"\" data-large_image_width=\"600\" data-large_image_height=\"884\"><img loading=\"lazy\" decoding=\"async\" class=\"wp-image-373296 alignleft\" src=\"https:\/\/www.radiopiu.net\/wordpress\/wp-content\/uploads\/2024\/02\/Via-col-vento-204x300.jpg\" alt=\"\" width=\"111\" height=\"163\" srcset=\"https:\/\/www.radiopiu.net\/wordpress\/wp-content\/uploads\/2024\/02\/Via-col-vento-204x300.jpg 204w, https:\/\/www.radiopiu.net\/wordpress\/wp-content\/uploads\/2024\/02\/Via-col-vento.jpg 600w\" sizes=\"auto, (max-width: 111px) 100vw, 111px\" \/><\/a>PUNTATA 01, VIA COL VENTO 5.2.24<\/strong><\/p>\n<audio class=\"wp-audio-shortcode\" id=\"audio-373179-12\" preload=\"none\" style=\"width: 100%;\" controls=\"controls\"><source type=\"audio\/mpeg\" src=\"https:\/\/www.radiopiu.net\/wordpress\/wp-content\/uploads\/2024\/02\/CIAK1-1.mp3?_=12\" \/><a href=\"https:\/\/www.radiopiu.net\/wordpress\/wp-content\/uploads\/2024\/02\/CIAK1-1.mp3\">https:\/\/www.radiopiu.net\/wordpress\/wp-content\/uploads\/2024\/02\/CIAK1-1.mp3<\/a><\/audio>\n<p>&nbsp;<\/p>\n<p>&nbsp;<\/p>\n<hr \/>\n<p>&nbsp;<\/p>\n<blockquote class=\"wp-embedded-content\" data-secret=\"AWJTZiYmqM\"><p><a href=\"https:\/\/www.radiopiu.net\/wordpress\/lad08aaaa\/\">&#8220;NCONTONSE&#8221; IN LADINO SU RADIO PI\u00d9<\/a><\/p><\/blockquote>\n<p><iframe loading=\"lazy\" class=\"wp-embedded-content\" sandbox=\"allow-scripts\" security=\"restricted\" style=\"position: absolute; clip: rect(1px, 1px, 1px, 1px);\" title=\"&#8220;&#8220;NCONTONSE&#8221; IN LADINO SU RADIO PI\u00d9&#8221; &#8212; Radio Pi\u00f9\" src=\"https:\/\/www.radiopiu.net\/wordpress\/lad08aaaa\/embed\/#?secret=CcwIEJZfRq#?secret=AWJTZiYmqM\" data-secret=\"AWJTZiYmqM\" width=\"600\" height=\"338\" frameborder=\"0\" marginwidth=\"0\" marginheight=\"0\" scrolling=\"no\"><\/iframe><\/p>\n<p>&nbsp;<\/p>\n<hr \/>\n<p>&nbsp;<\/p>\n<blockquote>\n<h3>ARIA D&#8217;INVERN, IL CONCORSO FOTOGRAFICO<\/h3>\n<\/blockquote>\n<p><strong><img loading=\"lazy\" decoding=\"async\" class=\"alignleft\" src=\"https:\/\/www.radiopiu.net\/wordpress\/wp-content\/uploads\/2024\/01\/Senza-nome-41.png\" width=\"147\" height=\"79\" \/>CENCENIGHE<\/strong> La Pro Loco di Cencenighe ha organizzato un concorso fotografico dal titolo &#8220;Aria D&#8217;Invern&#8221;. Chi volesse partecipare pu\u00f2 inviare gli scatti fino al 31 marzo alla mail ariadinvern@gmail.com seguiranno le premiazioni e, nel mese di luglio, l&#8217;esposizione delle foto al Nof Fil\u00f2. Regolamento completo sul sito www.prolococencenighe.it<\/p>\n<p>&nbsp;<\/p>\n<p>&nbsp;<\/p>\n<p>&nbsp;<\/p>\n<hr \/>\n<p>&nbsp;<\/p>\n<blockquote>\n<h2>LE PISTE&#8230; SULLA PORTA DI CASA<\/h2>\n<\/blockquote>\n<div>\n<div class=\"x1cy8zhl x78zum5 x1q0g3np xod5an3 x1pi30zi x1swvt13 xz9dl7a\">\n<div class=\"x1iyjqo2\">\n<div class=\"x78zum5 xdt5ytf xz62fqu x16ldp7u\">\n<div class=\"xu06os2 x1ok221b\">\n<h2 id=\":R1al9aqqd9emhpapd5aq:\" class=\"x1heor9g x1qlqyl8 x1pd3egz x1a2a7pz x1gslohp x1yc453h\"><span class=\"x193iq5w xeuugli x13faqbe x1vvkbs x1xmvt09 x6prxxf xvq8zen xo1l8bm xi81zsa\"><strong><a class=\"dt-pswp-item\" href=\"https:\/\/www.radiopiu.net\/wordpress\/wp-content\/uploads\/2021\/11\/FORCELLA-AURINE.jpg\" data-dt-img-description=\"\" data-large_image_width=\"960\" data-large_image_height=\"720\"><img loading=\"lazy\" decoding=\"async\" class=\" wp-image-241538 alignleft\" src=\"https:\/\/www.radiopiu.net\/wordpress\/wp-content\/uploads\/2021\/11\/FORCELLA-AURINE-300x225.jpg\" alt=\"\" width=\"191\" height=\"143\" srcset=\"https:\/\/www.radiopiu.net\/wordpress\/wp-content\/uploads\/2021\/11\/FORCELLA-AURINE-300x225.jpg 300w, https:\/\/www.radiopiu.net\/wordpress\/wp-content\/uploads\/2021\/11\/FORCELLA-AURINE-768x576.jpg 768w, https:\/\/www.radiopiu.net\/wordpress\/wp-content\/uploads\/2021\/11\/FORCELLA-AURINE.jpg 960w\" sizes=\"auto, (max-width: 191px) 100vw, 191px\" \/><\/a>Aurine SKI Dolomiti -Progetto Desma <\/strong><\/span><strong><a class=\"x1i10hfl xjbqb8w x6umtig x1b1mbwd xaqea5y xav7gou x9f619 x1ypdohk xt0psk2 xe8uvvx xdj266r x11i5rnm xat24cr x1mh8g0r xexx8yu x4uap5 x18d9i69 xkhd6sd x16tdsg8 x1hl2dhg xggy1nq x1a2a7pz xt0b8zv xzsf02u x1s688f\" tabindex=\"0\" role=\"link\" href=\"https:\/\/www.facebook.com\/aurineskidolomiti?__cft__[0]=AZXSmHr83SUuJT0u4kVMSvLZyFo58012vDZQz2S9NoUpe9MsUBxfpeLpjB-1OoVs-G6CFBOMyk-HwUGAJFyotDcmMB8tqVOt4ppZp7H1Nhm_9AbxGcAKPdaj0NRByIDsgxLcHrLDuU1XYg3AAgvwT-9s&amp;__tn__=-]C%2CP-R\"><span class=\"xt0psk2\">&#8211;<\/span><\/a><\/strong>.<\/h2>\n<\/div>\n<div class=\"xu06os2 x1ok221b\">NUOVE APERTURE E NUOVI ORARI: &#8211; LUNEDI : Chiuso &#8211; MARTEDI : Chiuso &#8211; MERCOLEDI : 13:00-16:30 \/ 19:30-22:00 &#8211; GIOVEDI : 13:00-16:30 &#8211; VENERDI : 13:00-16:30 &#8211; SABATO : 9:00 &#8211; 16.30 &#8211; DOMENICA : 9:00 &#8211; 16.30 AD OGGI LA SITUAZIONE PISTE: &#8211; CAMPO SCUOLA <span class=\"x3nfvp2 x1j61x8r x1fcty0u xdj266r xhhsvwb xat24cr xgzva0m xxymvpz xlup9mm x1kky2od\"><img loading=\"lazy\" decoding=\"async\" class=\"xz74otr\" src=\"https:\/\/static.xx.fbcdn.net\/images\/emoji.php\/v9\/t55\/1.5\/16\/1f7e2.png\" alt=\"&#x1f7e2;\" width=\"16\" height=\"16\" \/><\/span><\/div>\n<\/div>\n<\/div>\n<\/div>\n<\/div>\n<div>\n<div class=\"\" dir=\"auto\">\n<div id=\":R1al9aqqd9emhpapd5aqH2:\" class=\"x1iorvi4 x1pi30zi x1l90r2v x1swvt13\" data-ad-comet-preview=\"message\" data-ad-preview=\"message\">\n<div class=\"x78zum5 xdt5ytf xz62fqu x16ldp7u\">\n<div class=\"xu06os2 x1ok221b\">\n<div class=\"x11i5rnm xat24cr x1mh8g0r x1vvkbs xtlvy1s x126k92a\">\n<div dir=\"auto\">&#8211; GARDELINA <span class=\"x3nfvp2 x1j61x8r x1fcty0u xdj266r xhhsvwb xat24cr xgzva0m xxymvpz xlup9mm x1kky2od\"><img loading=\"lazy\" decoding=\"async\" class=\"xz74otr\" src=\"https:\/\/static.xx.fbcdn.net\/images\/emoji.php\/v9\/t55\/1.5\/16\/1f7e2.png\" alt=\"&#x1f7e2;\" width=\"16\" height=\"16\" \/><\/span>&#8211; BEPI <span class=\"x3nfvp2 x1j61x8r x1fcty0u xdj266r xhhsvwb xat24cr xgzva0m xxymvpz xlup9mm x1kky2od\"><img loading=\"lazy\" decoding=\"async\" class=\"xz74otr\" src=\"https:\/\/static.xx.fbcdn.net\/images\/emoji.php\/v9\/t55\/1.5\/16\/1f7e2.png\" alt=\"&#x1f7e2;\" width=\"16\" height=\"16\" \/><\/span>&#8211; GEMINI <span class=\"x3nfvp2 x1j61x8r x1fcty0u xdj266r xhhsvwb xat24cr xgzva0m xxymvpz xlup9mm x1kky2od\"><img loading=\"lazy\" decoding=\"async\" class=\"xz74otr\" src=\"https:\/\/static.xx.fbcdn.net\/images\/emoji.php\/v9\/tc7\/1.5\/16\/1f534.png\" alt=\"&#x1f534;\" width=\"16\" height=\"16\" \/><\/span>Se le temperature ce lo permetteranno in pochi giorni sar\u00e0 completata anche la parte alta con l&#8217;apertura della sciovia Gardelon. RISTOBAR GHEGY<\/div>\n<\/div>\n<div class=\"x11i5rnm xat24cr x1mh8g0r x1vvkbs xtlvy1s x126k92a\">\n<div dir=\"auto\">&#8211; Dal Mercoled\u00ec al Venerd\u00ec aperto dall&#8217;ora di pranzo. &#8211; Mercoled\u00ec sera anche a cena con i panini GOURMET. &#8211; Sabato e Domenica 8:30 &#8211; 18.30.<\/div>\n<\/div>\n<\/div>\n<\/div>\n<\/div>\n<\/div>\n<\/div>\n<div dir=\"auto\"><\/div>\n<div dir=\"auto\"><\/div>\n<div dir=\"auto\"><\/div>\n<div dir=\"auto\"><\/div>\n<div dir=\"auto\">\n<hr \/>\n<\/div>\n<blockquote>\n<h3 dir=\"auto\"><\/h3>\n<h3 dir=\"auto\">SAN VALENTINO IN ALTA QUOTA<\/h3>\n<\/blockquote>\n<div dir=\"auto\"><a class=\"dt-pswp-item\" href=\"https:\/\/www.radiopiu.net\/wordpress\/wp-content\/uploads\/2022\/12\/Marmolada_sci-scaled.jpg\" data-dt-img-description=\"\" data-large_image_width=\"2560\" data-large_image_height=\"1440\"><img loading=\"lazy\" decoding=\"async\" class=\"wp-image-312435 alignleft\" src=\"https:\/\/www.radiopiu.net\/wordpress\/wp-content\/uploads\/2022\/12\/Marmolada_sci-300x169.jpg\" alt=\"\" width=\"170\" height=\"96\" srcset=\"https:\/\/www.radiopiu.net\/wordpress\/wp-content\/uploads\/2022\/12\/Marmolada_sci-300x169.jpg 300w, https:\/\/www.radiopiu.net\/wordpress\/wp-content\/uploads\/2022\/12\/Marmolada_sci-1024x576.jpg 1024w, https:\/\/www.radiopiu.net\/wordpress\/wp-content\/uploads\/2022\/12\/Marmolada_sci-768x432.jpg 768w, https:\/\/www.radiopiu.net\/wordpress\/wp-content\/uploads\/2022\/12\/Marmolada_sci-1536x864.jpg 1536w, https:\/\/www.radiopiu.net\/wordpress\/wp-content\/uploads\/2022\/12\/Marmolada_sci-2048x1152.jpg 2048w\" sizes=\"auto, (max-width: 170px) 100vw, 170px\" \/><\/a>San Valentino, unico, speciale, con la tua anima gemella sulla montagna pi\u00f9 alta delle dolomiti. Con Funivie Marmolada ammiri il tramonto sulla terrazza panoramica a 3.265 metri&#8230;immagina l&#8217;atmosfera. Sullo sfondo del romantico appuntamento la vista unica, a 360\u00b0 gradi. Rinfresco al rifugio Serauta. Informazioni 334 6794461. www.funiviemarmolada.com<\/div>\n<div dir=\"auto\"><\/div>\n<div dir=\"auto\"><\/div>\n<div dir=\"auto\"><\/div>\n<div dir=\"auto\">\n<hr \/>\n<\/div>\n<p>&nbsp;<\/p>\n<blockquote>\n<h3>CASPARETHA 2024 ANNULLATA PER MANCANZA DI NEVE<\/h3>\n<\/blockquote>\n<p><strong><a class=\"dt-pswp-item\" href=\"https:\/\/www.radiopiu.net\/wordpress\/wp-content\/uploads\/2023\/02\/CASPARETHA-2023-scaled.jpg\" data-dt-img-description=\"\" data-large_image_width=\"2560\" data-large_image_height=\"1918\"><img loading=\"lazy\" decoding=\"async\" class=\" wp-image-320590 alignleft\" src=\"https:\/\/www.radiopiu.net\/wordpress\/wp-content\/uploads\/2023\/02\/CASPARETHA-2023-300x225.jpg\" alt=\"\" width=\"121\" height=\"91\" srcset=\"https:\/\/www.radiopiu.net\/wordpress\/wp-content\/uploads\/2023\/02\/CASPARETHA-2023-300x225.jpg 300w, https:\/\/www.radiopiu.net\/wordpress\/wp-content\/uploads\/2023\/02\/CASPARETHA-2023-1024x767.jpg 1024w, https:\/\/www.radiopiu.net\/wordpress\/wp-content\/uploads\/2023\/02\/CASPARETHA-2023-768x575.jpg 768w, https:\/\/www.radiopiu.net\/wordpress\/wp-content\/uploads\/2023\/02\/CASPARETHA-2023-1536x1151.jpg 1536w, https:\/\/www.radiopiu.net\/wordpress\/wp-content\/uploads\/2023\/02\/CASPARETHA-2023-2048x1534.jpg 2048w\" sizes=\"auto, (max-width: 121px) 100vw, 121px\" \/><\/a>REDAZIONE<\/strong> Dopo due rinvii per la mancanza di neve, gli organizzatori della Casparetha di Canale D&#8217;Agordo hanno dovuto alzare bandiera bianca. &#8220;A malincuore siamo costretti a comunicare l&#8217;annullamento della Casparetha 2024&#8221; si legge nel comunicato fatto sui social. Infatti la neve attesa non \u00e8 arrivata e nei prossimi giorni sono attese temperature alte per la stagione. L&#8217;appuntamento con la Casparetha \u00e8 rimandato al 1 febbraio 2025.<\/p>\n<p>&nbsp;<\/p>\n<p>&nbsp;<\/p>\n<hr \/>\n<p>&nbsp;<\/p>\n<blockquote>\n<h3><a class=\"dt-pswp-item\" href=\"https:\/\/www.radiopiu.net\/wordpress\/wp-content\/uploads\/2024\/02\/21bd482a-f331-45f7-a4b7-3dbdd4369425.jpg\" data-dt-img-description=\"\" data-large_image_width=\"1414\" data-large_image_height=\"2000\"><img loading=\"lazy\" decoding=\"async\" class=\" wp-image-373387 alignleft\" src=\"https:\/\/www.radiopiu.net\/wordpress\/wp-content\/uploads\/2024\/02\/21bd482a-f331-45f7-a4b7-3dbdd4369425-212x300.jpg\" alt=\"\" width=\"113\" height=\"160\" srcset=\"https:\/\/www.radiopiu.net\/wordpress\/wp-content\/uploads\/2024\/02\/21bd482a-f331-45f7-a4b7-3dbdd4369425-212x300.jpg 212w, https:\/\/www.radiopiu.net\/wordpress\/wp-content\/uploads\/2024\/02\/21bd482a-f331-45f7-a4b7-3dbdd4369425-724x1024.jpg 724w, https:\/\/www.radiopiu.net\/wordpress\/wp-content\/uploads\/2024\/02\/21bd482a-f331-45f7-a4b7-3dbdd4369425-768x1086.jpg 768w, https:\/\/www.radiopiu.net\/wordpress\/wp-content\/uploads\/2024\/02\/21bd482a-f331-45f7-a4b7-3dbdd4369425-1086x1536.jpg 1086w, https:\/\/www.radiopiu.net\/wordpress\/wp-content\/uploads\/2024\/02\/21bd482a-f331-45f7-a4b7-3dbdd4369425.jpg 1414w\" sizes=\"auto, (max-width: 113px) 100vw, 113px\" \/><\/a>L&#8217;INCONSCIO RIVELATO A CESIOMAGGIORE<\/h3>\n<\/blockquote>\n<p><strong>PAOLA FERRARO<\/strong><\/p>\n<audio class=\"wp-audio-shortcode\" id=\"audio-373179-13\" preload=\"none\" style=\"width: 100%;\" controls=\"controls\"><source type=\"audio\/mpeg\" src=\"https:\/\/www.radiopiu.net\/wordpress\/wp-content\/uploads\/2024\/02\/PAOLA-FERRARO-LINCONSCIO-RIVELATO.mp3?_=13\" \/><a href=\"https:\/\/www.radiopiu.net\/wordpress\/wp-content\/uploads\/2024\/02\/PAOLA-FERRARO-LINCONSCIO-RIVELATO.mp3\">https:\/\/www.radiopiu.net\/wordpress\/wp-content\/uploads\/2024\/02\/PAOLA-FERRARO-LINCONSCIO-RIVELATO.mp3<\/a><\/audio>\n<p>&nbsp;<\/p>\n<hr \/>\n<p>&nbsp;<\/p>\n<p><strong>\u201cAppia Servizi Srl, presso la propria sede di Agordo, \u00e8 alla ricerca di una nuova figura con esperienza per il reparto contabile da inserire nel proprio organico a tempo indeterminato e tempo pieno.Se interessati potete contattare il numero 0437-954411 o inviare la vostra candidatura all\u2019indirizzo <a href=\"mailto:info@appiacna.it\">info@appiacna.it<\/a>.\u201d<\/strong><\/p>\n<p>&nbsp;<\/p>\n<hr \/>\n<p>&nbsp;<\/p>\n<h2><span style=\"color: #ff0000;\">GLI APPUNTAMENTI DELLA SETTIMANA<\/span><\/h2>\n<p><strong>BELLUNO<\/strong> Oggi alle 18 in Sala Muccin (Centro Giovanni XXIII, Piazza Piloni 11 a Belluno) si terr\u00e0 la presentazione del libro \u201cLa tigre e i gelidi mostri\u201d di Maurizio Dianese e Gianfranco Bettin, moderatore Marco Perale.<\/p>\n<p><strong>BELLUNO<\/strong> Venerd\u00ec 9 febbraio alle ore 11.45 presso la sede dell\u2019Istituto storico bellunese della Resistenza e dell\u2019et\u00e0 contemporanea verr\u00e0 presentato alla stampa il volume edito dall\u2019Isbrec Il coraggio e la passione Partigiani e patrioti riconosciuti nel Bellunese e militari bellunesi riconosciuti partigiani all\u2019estero curato da Franco Comin e Silvia Comin con la direzione scientifica di Enrico Bacchetti,<br \/>\nDiego Cason e Adriana Lotto.<\/p>\n<p><strong>FELTRE<\/strong> Sabato 10 febbraio al centro astronomico di via Arson &#8220;Le nane bianche&#8221; con Gabriele Vanin. La serata offrir\u00e0 l&#8217;opportunit\u00e0 di osservare stelle nane bianche, rappresentative del futuro delle stelle di massa media, oltre a esplorare oggetti celesti<\/p>\n<p><strong>TAIBON<\/strong> Pro Loco e comune di Taibon organizzano domenica 11 febbraio il Carneval Dei Boce. Ritrovo in piazza del municipio alle 14, sfilata verso la casa di riposo e rientro per le 16 per la festa in sala ex municipio<\/p>\n<p><strong>BELLUNO<\/strong> Il Comitato Festeggiamenti Meano ripropone anche quest\u2019anno il Carnevale dei Bambini, nella splendida cornice del Parco Ciclamino di Meano! L\u2019evento \u201cMascherati al Parco Ciclamino\u201d si terr\u00e0 sabato 11 febbraio dalle ore 14.30 ed \u00e8 organizzato dallo storico Comitato Frazionale in collaborazione col Gruppo Genitori Meano<\/p>\n<p>&nbsp;<\/p>\n<h2><span style=\"color: #ff0000;\">PROSSIMAMENTE\u00a0<\/span><\/h2>\n<p><a class=\"dt-pswp-item\" href=\"https:\/\/www.radiopiu.net\/wordpress\/wp-content\/uploads\/2024\/01\/Carnevale-2024-def.png\" data-dt-img-description=\"\" data-large_image_width=\"1414\" data-large_image_height=\"2000\"><img loading=\"lazy\" decoding=\"async\" class=\"size-medium wp-image-372256 aligncenter\" src=\"https:\/\/www.radiopiu.net\/wordpress\/wp-content\/uploads\/2024\/01\/Carnevale-2024-def-212x300.png\" alt=\"\" width=\"212\" height=\"300\" srcset=\"https:\/\/www.radiopiu.net\/wordpress\/wp-content\/uploads\/2024\/01\/Carnevale-2024-def-212x300.png 212w, https:\/\/www.radiopiu.net\/wordpress\/wp-content\/uploads\/2024\/01\/Carnevale-2024-def-724x1024.png 724w, https:\/\/www.radiopiu.net\/wordpress\/wp-content\/uploads\/2024\/01\/Carnevale-2024-def-768x1086.png 768w, https:\/\/www.radiopiu.net\/wordpress\/wp-content\/uploads\/2024\/01\/Carnevale-2024-def-1086x1536.png 1086w, https:\/\/www.radiopiu.net\/wordpress\/wp-content\/uploads\/2024\/01\/Carnevale-2024-def.png 1414w\" sizes=\"auto, (max-width: 212px) 100vw, 212px\" \/><\/a><\/p>\n<p>&nbsp;<\/p>\n<blockquote>\n<h3>Le radici venete delle stragi nere Un libro per capire l\u2019Italia da Piazza Fontana a oggi<\/h3>\n<\/blockquote>\n<p><strong>BORGO VALBELLUNA<\/strong> Il 14 febbraio prossimo alle ore 20,00 San Valentino arriver\u00e0 a Mel, presso il cinquecentesco salone municipale, grazie al nuovo libro di poesie di Edoardo Comiotto dal titolo \u201cInvisibili carezze\u201d.<\/p>\n<p><strong>FELTRE<\/strong> La Famiglia Ex Emigranti del Feltrino organizza la gita alla fiera &#8220;Orto Giardino&#8221; a Pordenonefiere il 6 marzo. La partenza \u00e8 alle 13 da Pedavena, con passaggio a Feltre. Il programma include l&#8217;ingresso alla fiera e una tappa in pizzeria durante il rientro. Per informazioni 40 262 9562.<\/p>\n<p>&nbsp;<\/p>\n<p>&nbsp;<\/p>\n<hr \/>\n<p>&nbsp;<\/p>\n<p><a class=\"dt-pswp-item\" href=\"https:\/\/www.radiopiu.net\/wordpress\/wp-content\/uploads\/2018\/09\/viabilita.jpeg\" data-dt-img-description=\"\" data-large_image_width=\"800\" data-large_image_height=\"100\"><img loading=\"lazy\" decoding=\"async\" class=\"aligncenter wp-image-61954 size-full\" src=\"https:\/\/www.radiopiu.net\/wordpress\/wp-content\/uploads\/2018\/09\/viabilita.jpeg\" alt=\"\" width=\"800\" height=\"100\" srcset=\"https:\/\/www.radiopiu.net\/wordpress\/wp-content\/uploads\/2018\/09\/viabilita.jpeg 800w, https:\/\/www.radiopiu.net\/wordpress\/wp-content\/uploads\/2018\/09\/viabilita-300x38.jpeg 300w, https:\/\/www.radiopiu.net\/wordpress\/wp-content\/uploads\/2018\/09\/viabilita-768x96.jpeg 768w\" sizes=\"auto, (max-width: 800px) 100vw, 800px\" \/><\/a><\/p>\n<p>&nbsp;<\/p>\n<p><a class=\"dt-pswp-item\" href=\"https:\/\/www.radiopiu.net\/wordpress\/wp-content\/uploads\/2023\/12\/botol-car-service.jpg\" data-dt-img-description=\"\" data-large_image_width=\"600\" data-large_image_height=\"600\"><img loading=\"lazy\" decoding=\"async\" class=\"size-medium wp-image-367044 aligncenter\" src=\"https:\/\/www.radiopiu.net\/wordpress\/wp-content\/uploads\/2023\/12\/botol-car-service-300x300.jpg\" alt=\"\" width=\"300\" height=\"300\" srcset=\"https:\/\/www.radiopiu.net\/wordpress\/wp-content\/uploads\/2023\/12\/botol-car-service-300x300.jpg 300w, https:\/\/www.radiopiu.net\/wordpress\/wp-content\/uploads\/2023\/12\/botol-car-service-150x150.jpg 150w, https:\/\/www.radiopiu.net\/wordpress\/wp-content\/uploads\/2023\/12\/botol-car-service.jpg 600w\" sizes=\"auto, (max-width: 300px) 100vw, 300px\" \/><\/a><\/p>\n<p>&nbsp;<\/p>\n<blockquote>\n<h1><span style=\"color: #ff0000;\"><a class=\"dt-pswp-item\" href=\"https:\/\/www.radiopiu.net\/wordpress\/wp-content\/uploads\/2020\/05\/VENETO-STRADE.png\" data-dt-img-description=\"\" data-large_image_width=\"400\" data-large_image_height=\"400\"><img loading=\"lazy\" decoding=\"async\" class=\"wp-image-135574 alignleft\" src=\"https:\/\/www.radiopiu.net\/wordpress\/wp-content\/uploads\/2020\/05\/VENETO-STRADE-300x300.png\" alt=\"\" width=\"102\" height=\"102\" srcset=\"https:\/\/www.radiopiu.net\/wordpress\/wp-content\/uploads\/2020\/05\/VENETO-STRADE-300x300.png 300w, https:\/\/www.radiopiu.net\/wordpress\/wp-content\/uploads\/2020\/05\/VENETO-STRADE-150x150.png 150w, https:\/\/www.radiopiu.net\/wordpress\/wp-content\/uploads\/2020\/05\/VENETO-STRADE.png 400w\" sizes=\"auto, (max-width: 102px) 100vw, 102px\" \/><\/a>AGGIORNAMENTO QUOTIDIANO, IN\u00a0 COLLABORAZIONE CON VENETO STRADE E BOTOL CAR SERVICE AD AGORDO IN LOCALITA&#8217; VALCOZZENA.<\/span><\/h1>\n<p>&nbsp;<\/p><\/blockquote>\n<p><strong>SOSPIROLO\u00a0<\/strong> Lungo la provinciale 2 tra Pian Falcina e Gena Bassa in Comune di Sospirolo\u00a0 <span style=\"color: #ff0000;\">fino al 15 febbraio,<\/span> sabato e domeniche compresi, senso unico alternato regolato da semaforo o movieri, interruzioni alla viabilit\u00e0 fino a 10 minuti per tratti di 200 metri.<\/p>\n<p><span style=\"color: #0000ff;\"><strong>BOLLETTINO VIABILITA&#8217; AGGIORNATO AL 23 GENNAIO 2024<\/strong><\/span><\/p>\n<audio class=\"wp-audio-shortcode\" id=\"audio-373179-14\" preload=\"none\" style=\"width: 100%;\" controls=\"controls\"><source type=\"audio\/mpeg\" src=\"https:\/\/www.radiopiu.net\/wordpress\/wp-content\/uploads\/2024\/01\/VIABLITA-2.mp3?_=14\" \/><a href=\"https:\/\/www.radiopiu.net\/wordpress\/wp-content\/uploads\/2024\/01\/VIABLITA-2.mp3\">https:\/\/www.radiopiu.net\/wordpress\/wp-content\/uploads\/2024\/01\/VIABLITA-2.mp3<\/a><\/audio>\n<p>&nbsp;<\/p>\n<p>&nbsp;<\/p>\n<hr \/>\n<p>&nbsp;<\/p>\n<p>&nbsp;<\/p>\n<p><a class=\"dt-pswp-item\" href=\"https:\/\/www.radiopiu.net\/wordpress\/wp-content\/uploads\/2018\/09\/WhatsApp-Image-2018-09-20-at-16.04.06.jpeg\" data-dt-img-description=\"\" data-large_image_width=\"800\" data-large_image_height=\"100\"><img loading=\"lazy\" decoding=\"async\" class=\"wp-image-61378 size-full aligncenter\" src=\"https:\/\/www.radiopiu.net\/wordpress\/wp-content\/uploads\/2018\/09\/WhatsApp-Image-2018-09-20-at-16.04.06.jpeg\" alt=\"\" width=\"800\" height=\"100\" srcset=\"https:\/\/www.radiopiu.net\/wordpress\/wp-content\/uploads\/2018\/09\/WhatsApp-Image-2018-09-20-at-16.04.06.jpeg 800w, https:\/\/www.radiopiu.net\/wordpress\/wp-content\/uploads\/2018\/09\/WhatsApp-Image-2018-09-20-at-16.04.06-300x38.jpeg 300w, https:\/\/www.radiopiu.net\/wordpress\/wp-content\/uploads\/2018\/09\/WhatsApp-Image-2018-09-20-at-16.04.06-768x96.jpeg 768w\" sizes=\"auto, (max-width: 800px) 100vw, 800px\" \/><\/a><\/p>\n<p><center><\/center><b>\u00a0 \u00a0<\/b><\/p>\n<p><strong>OGGI<\/strong>\u00a0Soleggiato e ancora stabile con cielo sereno o poco nuvoloso per passaggi di velature specie dalle ore centrali. Possibili foschie o qualche banco di nebbia nelle conche prealpine nelle ore fredde, soprattutto dopo il tramonto.<br \/>\n<strong>Precipitazioni.<\/strong>\u00a0Assenti (0%).<br \/>\n<strong>Temperature.<\/strong> In generale lieve flessione a tutte le quote con minime osservate a fine giornata in alta montagna; parziale riduzione dell&#8217;inversione termica ed escursione termica giornaliera nelle valli ancora relativamente elevata.<\/p>\n<p><strong>DOMANI<\/strong>\u00a0Sulle Dolomiti al mattino cielo sereno o poco nuvoloso con graduale riduzione del soleggiamento per transito di significative nubi alte dalle ore centrali; sulle Prealpi, presenza di nuvolosit\u00e0 stratiforme medio-alta gi\u00e0 al mattino anche piuttosto consistente in alcune valli dove potranno essere presenti anche nubi basse da impedire eventuali schiarite nel corso della giornata.<br \/>\n<strong>Precipitazioni.<\/strong>\u00a0Assenti (0%).<br \/>\n<strong>Temperature.<\/strong> In diminuzione specie le massime nelle valli prealpine, eccetto un lieve rialzo delle minime nelle valli; parziale attenuazione dell&#8217;inversione termica e dell&#8217;escursione termica giornaliera.<\/p>\n<p><strong>GIOVEDI<\/strong> Cielo del tutto coperto su Prealpi per estesa nuvolosit\u00e0 stratiforme, anche bassa e persistente; intensificazione della nuvolosit\u00e0 anche sulle Dolomiti con possibile qualche schiarita nel corso della giornata. Temperature senza notevoli variazioni o in lieve aumento le minime nelle valli.<\/p>\n<p><strong>VENERDI<\/strong>\u00a0Al mattino cielo molto nuvoloso o coperto con locali e brevi parziali schiarite sulle Dolomiti, con le prime precipitazioni in mattinata a partire dalle zone prealpine occidentali, in estensione anche alle Dolomiti nel corso della giornata; quota delle nevicate oltre i 1700-2000 m sulle Prealpi, intorno ai 1500-1700 sulle Dolomiti. Temperature minime in lieve aumento, massime stazionarie o in lieve calo.<\/p>\n<p>&nbsp;<\/p>\n<hr \/>\n<p>&nbsp;<\/p>\n<p>&nbsp;<\/p>\n<p><img loading=\"lazy\" decoding=\"async\" class=\"wp-image-60761 size-full aligncenter\" src=\"https:\/\/www.radiopiu.net\/wordpress\/wp-content\/uploads\/2018\/09\/sport.jpg\" alt=\"\" width=\"800\" height=\"100\" srcset=\"https:\/\/www.radiopiu.net\/wordpress\/wp-content\/uploads\/2018\/09\/sport.jpg 800w, https:\/\/www.radiopiu.net\/wordpress\/wp-content\/uploads\/2018\/09\/sport-300x38.jpg 300w, https:\/\/www.radiopiu.net\/wordpress\/wp-content\/uploads\/2018\/09\/sport-768x96.jpg 768w\" sizes=\"auto, (max-width: 800px) 100vw, 800px\" \/><\/p>\n<p>&nbsp;<\/p>\n<p>&nbsp;<\/p>\n<blockquote>\n<h3>CASPARETHA 2024 ANNULLATA PER MANCANZA DI NEVE<\/h3>\n<\/blockquote>\n<p><strong><a class=\"dt-pswp-item\" href=\"https:\/\/www.radiopiu.net\/wordpress\/wp-content\/uploads\/2023\/02\/CASPARETHA-2023-scaled.jpg\" data-dt-img-description=\"\" data-large_image_width=\"2560\" data-large_image_height=\"1918\"><img loading=\"lazy\" decoding=\"async\" class=\" wp-image-320590 alignleft\" src=\"https:\/\/www.radiopiu.net\/wordpress\/wp-content\/uploads\/2023\/02\/CASPARETHA-2023-300x225.jpg\" alt=\"\" width=\"121\" height=\"91\" srcset=\"https:\/\/www.radiopiu.net\/wordpress\/wp-content\/uploads\/2023\/02\/CASPARETHA-2023-300x225.jpg 300w, https:\/\/www.radiopiu.net\/wordpress\/wp-content\/uploads\/2023\/02\/CASPARETHA-2023-1024x767.jpg 1024w, https:\/\/www.radiopiu.net\/wordpress\/wp-content\/uploads\/2023\/02\/CASPARETHA-2023-768x575.jpg 768w, https:\/\/www.radiopiu.net\/wordpress\/wp-content\/uploads\/2023\/02\/CASPARETHA-2023-1536x1151.jpg 1536w, https:\/\/www.radiopiu.net\/wordpress\/wp-content\/uploads\/2023\/02\/CASPARETHA-2023-2048x1534.jpg 2048w\" sizes=\"auto, (max-width: 121px) 100vw, 121px\" \/><\/a>REDAZIONE<\/strong> Dopo due rinvii per la mancanza di neve, gli organizzatori della Casparetha di Canale D&#8217;Agordo hanno dovuto alzare bandiera bianca. &#8220;A malincuore siamo costretti a comunicare l&#8217;annullamento della Casparetha 2024&#8221; si legge nel comunicato fatto sui social. Infatti la neve attesa non \u00e8 arrivata e nei prossimi giorni sono attese temperature alte per la stagione. L&#8217;appuntamento con la Casparetha \u00e8 rimandato al 1 febbraio 2025.<\/p>\n<p>&nbsp;<\/p>\n<p><span style=\"color: #0000ff;\"><strong>HOCKEY SU GHIACCIO<\/strong><\/span><\/p>\n<blockquote>\n<h3>TRE SU TRE PER LE GIOVANILI DELL&#8217;ALLEGHE HOCKEY<\/h3>\n<\/blockquote>\n<p><strong><a class=\"dt-pswp-item\" href=\"https:\/\/www.radiopiu.net\/wordpress\/wp-content\/uploads\/2018\/12\/HOCKEY-AAA.jpeg\" data-dt-img-description=\"\" data-large_image_width=\"1000\" data-large_image_height=\"750\"><img loading=\"lazy\" decoding=\"async\" class=\" wp-image-69639 alignleft\" src=\"https:\/\/www.radiopiu.net\/wordpress\/wp-content\/uploads\/2018\/12\/HOCKEY-AAA-300x225.jpeg\" alt=\"\" width=\"153\" height=\"115\" srcset=\"https:\/\/www.radiopiu.net\/wordpress\/wp-content\/uploads\/2018\/12\/HOCKEY-AAA-300x225.jpeg 300w, https:\/\/www.radiopiu.net\/wordpress\/wp-content\/uploads\/2018\/12\/HOCKEY-AAA-768x576.jpeg 768w, https:\/\/www.radiopiu.net\/wordpress\/wp-content\/uploads\/2018\/12\/HOCKEY-AAA.jpeg 1000w\" sizes=\"auto, (max-width: 153px) 100vw, 153px\" \/><\/a>di Marco Gaz<\/strong><\/p>\n<p><span style=\"color: #ff0000;\"><strong>UNDER 19<\/strong><\/span><\/p>\n<p><strong>CORTINA\/ALLEGHE \u2013 VALPELLICE 8-2<\/strong><\/p>\n<p>GOL CORTINA\/ALLEGHE: Rimoldi, 2 Talamini, Esposito, De Luca, Fontanive, Sudiro, Constantini<\/p>\n<p>Tutto facile per il Cortina\/Alleghe under 19 che sotterra di gol il Valpellice. Una partita a senso unico quella giocata all\u2019Olimpico di Cortina. Padroni di casa che vanno a segno due volte nella prima frazione e altrettante volte nel secondo tempo. Terzo drittel con altre due reti bellunesi prima che i piemontesi accorcino le disatnze. Nel finale ancora un gol degli ospiti e Cortina\/Alleghe che risponde subito.<\/p>\n<p><span style=\"color: #ff0000;\"><strong>UNDER 16<\/strong><\/span><\/p>\n<p><strong>CORTINA\/ALLEGHE \u2013 ASIAGO 3-2<\/strong><\/p>\n<p>GOL CORTINA\/ALLEGHE: Levis, Evangelisti, Fontanive<\/p>\n<p>Altri tre punti importanti per il Cortina\/Alleghe under 16 che vince di misura il derby veneto contro l\u2019Asiago. Dopo un primo tempo a reti inviolate, il match si sblocca nel secondo drittel con Levis. Bellunesi che si portano sul 2 a 0 con Evangelisti. Accorciano i vicentini ma Fontanive risponde subito dopo. L\u2019Asiago accorcia di nuovo le distanze sul finale di gara.<\/p>\n<p><span style=\"color: #ff0000;\"><strong>UNDER 14 <\/strong><\/span><\/p>\n<p><strong>ALLEGHE\/CORTINA \u2013 FIEMME 8-3<\/strong><\/p>\n<p>Continua la marcia inarrestabile delle giovani civette under 14 che al De Toni di Alleghe battono il Fiemme con un punteggio ampio. Trentini che subiscono 8 gol e riescono a battere il portiere della squadra bellunese solo 3 volte. Alleghe\/Cortina che incamera altri tre punti mantenendo la terza posizione in classifica.<\/p>\n<p>&nbsp;<\/p>\n<p><span style=\"color: #0000ff;\"><strong>ARRAMPICATA SPORTIVA<\/strong><\/span><\/p>\n<blockquote>\n<h3>SOFIA BELLESINI TIENE ALTO IL NOME DELLA VERTIK AREA DOLOMITI A PADOVA<\/h3>\n<\/blockquote>\n<p><strong>PADOVA<\/strong> La stagione agonistica di arrampicata sportiva per la categoria Senior ha ufficialmente preso il via a Padova. Il Campionato Regionale Assoluto Senior e la Veneto &#8220;Junior Cup&#8221; 2024 Under 16\/18\/20, dedicati alla specialit\u00e0 Boulder, hanno visto la partecipazione di numerosi atleti. Per la Vertik Area Dolomiti i risultati sono di Sofia Bellesini che ha chiuso la gara al primo posto nella categoria under 20 e seconda posizione nella classifica assoluta di giornata. (foto: Facebook FASI Veneto)<\/p>\n\n\t\t\t<style type='text\/css'>\n\t\t\t\t#gallery-3 {\n\t\t\t\t\tmargin: auto;\n\t\t\t\t}\n\t\t\t\t#gallery-3 .gallery-item {\n\t\t\t\t\tfloat: left;\n\t\t\t\t\tmargin-top: 10px;\n\t\t\t\t\ttext-align: center;\n\t\t\t\t\twidth: 50%;\n\t\t\t\t}\n\t\t\t\t#gallery-3 img {\n\t\t\t\t\tborder: 2px solid #cfcfcf;\n\t\t\t\t}\n\t\t\t\t#gallery-3 .gallery-caption {\n\t\t\t\t\tmargin-left: 0;\n\t\t\t\t}\n\t\t\t\t\/* see gallery_shortcode() in wp-includes\/media.php *\/\n\t\t\t<\/style>\n\t\t<div id='gallery-3' class='dt-gallery-container gallery galleryid-373179 gallery-columns-2 gallery-size-medium'><dl class='gallery-item'>\n\t\t\t\t<dt class='gallery-icon landscape'>\n\t\t\t\t\t<a class=\"rollover rollover-zoom dt-pswp-item\" title=\"420507107_797926999025613_6947085133319423672_n\" data-dt-img-description=\"\" data-large_image_width=\"2048\" data-large_image_height=\"1536\"href='https:\/\/www.radiopiu.net\/wordpress\/wp-content\/uploads\/2024\/02\/420507107_797926999025613_6947085133319423672_n.jpg'><img loading=\"lazy\" decoding=\"async\" width=\"300\" height=\"225\" src=\"https:\/\/www.radiopiu.net\/wordpress\/wp-content\/uploads\/2024\/02\/420507107_797926999025613_6947085133319423672_n-300x225.jpg\" class=\"attachment-medium size-medium\" alt=\"\" aria-describedby=\"gallery-3-373377\" srcset=\"https:\/\/www.radiopiu.net\/wordpress\/wp-content\/uploads\/2024\/02\/420507107_797926999025613_6947085133319423672_n-300x225.jpg 300w, https:\/\/www.radiopiu.net\/wordpress\/wp-content\/uploads\/2024\/02\/420507107_797926999025613_6947085133319423672_n-1024x768.jpg 1024w, https:\/\/www.radiopiu.net\/wordpress\/wp-content\/uploads\/2024\/02\/420507107_797926999025613_6947085133319423672_n-768x576.jpg 768w, https:\/\/www.radiopiu.net\/wordpress\/wp-content\/uploads\/2024\/02\/420507107_797926999025613_6947085133319423672_n-1536x1152.jpg 1536w, https:\/\/www.radiopiu.net\/wordpress\/wp-content\/uploads\/2024\/02\/420507107_797926999025613_6947085133319423672_n.jpg 2048w\" sizes=\"auto, (max-width: 300px) 100vw, 300px\" \/><\/a>\n\t\t\t\t<\/dt>\n\t\t\t\t\t<dd class='wp-caption-text gallery-caption' id='gallery-3-373377'>\n\t\t\t\t\tPODIO CALSSIFICA ASSOLUTA\n\t\t\t\t\t<\/dd><\/dl><dl class='gallery-item'>\n\t\t\t\t<dt class='gallery-icon landscape'>\n\t\t\t\t\t<a class=\"rollover rollover-zoom dt-pswp-item\" title=\"418990532_797927472358899_7692523732747270898_n\" data-dt-img-description=\"\" data-large_image_width=\"2048\" data-large_image_height=\"1536\"href='https:\/\/www.radiopiu.net\/wordpress\/wp-content\/uploads\/2024\/02\/418990532_797927472358899_7692523732747270898_n.jpg'><img loading=\"lazy\" decoding=\"async\" width=\"300\" height=\"225\" src=\"https:\/\/www.radiopiu.net\/wordpress\/wp-content\/uploads\/2024\/02\/418990532_797927472358899_7692523732747270898_n-300x225.jpg\" class=\"attachment-medium size-medium\" alt=\"\" aria-describedby=\"gallery-3-373378\" srcset=\"https:\/\/www.radiopiu.net\/wordpress\/wp-content\/uploads\/2024\/02\/418990532_797927472358899_7692523732747270898_n-300x225.jpg 300w, https:\/\/www.radiopiu.net\/wordpress\/wp-content\/uploads\/2024\/02\/418990532_797927472358899_7692523732747270898_n-1024x768.jpg 1024w, https:\/\/www.radiopiu.net\/wordpress\/wp-content\/uploads\/2024\/02\/418990532_797927472358899_7692523732747270898_n-768x576.jpg 768w, https:\/\/www.radiopiu.net\/wordpress\/wp-content\/uploads\/2024\/02\/418990532_797927472358899_7692523732747270898_n-1536x1152.jpg 1536w, https:\/\/www.radiopiu.net\/wordpress\/wp-content\/uploads\/2024\/02\/418990532_797927472358899_7692523732747270898_n.jpg 2048w\" sizes=\"auto, (max-width: 300px) 100vw, 300px\" \/><\/a>\n\t\t\t\t<\/dt>\n\t\t\t\t\t<dd class='wp-caption-text gallery-caption' id='gallery-3-373378'>\n\t\t\t\t\tPODIO UNDER 20 FEMMINILE\n\t\t\t\t\t<\/dd><\/dl><br style=\"clear: both\" \/>\n\t\t\t<\/div>\n\n<p>&nbsp;<\/p>\n<p><span style=\"color: #0000ff;\"><strong>CALCIO A 5<\/strong><\/span><\/p>\n<blockquote>\n<h3>GIESSE PER LO SPORT\u2026CON LA CANOTTIERI BELLUNO CALCIO A 5<\/h3>\n<\/blockquote>\n<div class=\"x11i5rnm xat24cr x1mh8g0r x1vvkbs xtlvy1s x126k92a\">\n<h4 class=\"photoswipe-wrapper\" dir=\"auto\"><a class=\"dt-pswp-item pspw-wrap-ready\" href=\"https:\/\/www.radiopiu.net\/wordpress\/wp-content\/uploads\/2023\/10\/Senza-nome-57.png\" data-dt-img-description=\"\" data-large_image_width=\"317\" data-large_image_height=\"322\"><img loading=\"lazy\" decoding=\"async\" class=\"size-medium wp-image-358116 aligncenter\" src=\"https:\/\/www.radiopiu.net\/wordpress\/wp-content\/uploads\/2023\/10\/Senza-nome-57-295x300.png\" sizes=\"auto, (max-width: 295px) 100vw, 295px\" srcset=\"https:\/\/www.radiopiu.net\/wordpress\/wp-content\/uploads\/2023\/10\/Senza-nome-57-295x300.png 295w, https:\/\/www.radiopiu.net\/wordpress\/wp-content\/uploads\/2023\/10\/Senza-nome-57.png 317w\" alt=\"\" width=\"295\" height=\"300\" \/><\/a><\/h4>\n<h4 dir=\"auto\"><\/h4>\n<h4 dir=\"auto\">GIESSE PER LO SPORT\u201d \u2026 con la Canottieri Belluno, calcio a 5. Tutto sul campionato di serie A2, girone A. Il programma alla RADIO che da ascolto ai talenti del calcio a 5 bellunese. IN COLLABORAZIONE CON GIESSE RISARCIMENTO DANNI A BELLUNO<\/h4>\n<\/div>\n<div class=\"x11i5rnm xat24cr x1mh8g0r x1vvkbs xtlvy1s x126k92a\">\n<h4 dir=\"auto\"><a class=\"x1i10hfl xjbqb8w x6umtig x1b1mbwd xaqea5y xav7gou x9f619 x1ypdohk xt0psk2 xe8uvvx xdj266r x11i5rnm xat24cr x1mh8g0r xexx8yu x4uap5 x18d9i69 xkhd6sd x16tdsg8 x1hl2dhg xggy1nq x1a2a7pz xt0b8zv x1qq9wsj xo1l8bm\" tabindex=\"0\" role=\"link\" href=\"https:\/\/www.facebook.com\/groups\/radiopiu\/?__cft__[0]=AZVtB3sskZBwGsu89zeRk9eNMGUFohz53TdYmXZyePAKPt8cBeKCqA03znGJk9wPaqHDXQ5yMBG_hrsUX03xH8fdmlMazTirW3KRFEY3Kr2cyBd_5Es2MvKnqyd6ZcahL6_M_zOo19o5N5tV8NHsHcfP&amp;__tn__=-UK-R\"><span class=\"xt0psk2\">RADIO PIU\u2019 EMITTENTE AGORDINA (Taibon_32027)<\/span><\/a>: IL LUNEDI ALLE 16.30, IL MARTEDI ALLE 13.05 RADIO CLUB 103 IL LUNEDI ALLE 16.20 E MARTEDI ALLE 13.40 <a class=\"x1i10hfl xjbqb8w x6umtig x1b1mbwd xaqea5y xav7gou x9f619 x1ypdohk xt0psk2 xe8uvvx xdj266r x11i5rnm xat24cr x1mh8g0r xexx8yu x4uap5 x18d9i69 xkhd6sd x16tdsg8 x1hl2dhg xggy1nq x1a2a7pz xt0b8zv x1qq9wsj xo1l8bm\" tabindex=\"0\" role=\"link\" href=\"https:\/\/www.facebook.com\/groups\/61488111720\/user\/100063652837062\/?__cft__[0]=AZVtB3sskZBwGsu89zeRk9eNMGUFohz53TdYmXZyePAKPt8cBeKCqA03znGJk9wPaqHDXQ5yMBG_hrsUX03xH8fdmlMazTirW3KRFEY3Kr2cyBd_5Es2MvKnqyd6ZcahL6_M_zOo19o5N5tV8NHsHcfP&amp;__tn__=-]K-R\"><span class=\"xt0psk2\">Radio Primiero<\/span><\/a>\u00a0IL LUNEDI ALLE 10.30 E MARTEDI ALLE 12.30<\/h4>\n<p><strong><a class=\"dt-pswp-item\" href=\"https:\/\/www.radiopiu.net\/wordpress\/wp-content\/uploads\/2023\/10\/CANOTTIERI.jpeg\" data-dt-img-description=\"\" data-large_image_width=\"1860\" data-large_image_height=\"1262\"><img loading=\"lazy\" decoding=\"async\" class=\" wp-image-359046 alignleft\" src=\"https:\/\/www.radiopiu.net\/wordpress\/wp-content\/uploads\/2023\/10\/CANOTTIERI-300x204.jpeg\" alt=\"\" width=\"174\" height=\"118\" srcset=\"https:\/\/www.radiopiu.net\/wordpress\/wp-content\/uploads\/2023\/10\/CANOTTIERI-300x204.jpeg 300w, https:\/\/www.radiopiu.net\/wordpress\/wp-content\/uploads\/2023\/10\/CANOTTIERI-1024x695.jpeg 1024w, https:\/\/www.radiopiu.net\/wordpress\/wp-content\/uploads\/2023\/10\/CANOTTIERI-768x521.jpeg 768w, https:\/\/www.radiopiu.net\/wordpress\/wp-content\/uploads\/2023\/10\/CANOTTIERI-1536x1042.jpeg 1536w, https:\/\/www.radiopiu.net\/wordpress\/wp-content\/uploads\/2023\/10\/CANOTTIERI.jpeg 1860w\" sizes=\"auto, (max-width: 174px) 100vw, 174px\" \/><\/a>PUNTATA 16 &#8211; 05 FEBBRAIO 2024<\/strong><\/p>\n<p><span style=\"color: #0000ff;\"><strong>GIORNATA DI RIPOSO<\/strong><\/span><\/p>\n<p><strong>L&#8217;INTERVISTA AL COACH ALESSIO BORTOLINI<\/strong><\/p>\n<audio class=\"wp-audio-shortcode\" id=\"audio-373179-15\" preload=\"none\" style=\"width: 100%;\" controls=\"controls\"><source type=\"audio\/mpeg\" src=\"https:\/\/www.radiopiu.net\/wordpress\/wp-content\/uploads\/2023\/01\/GIESSECALCIO-2.mp3?_=15\" \/><a href=\"https:\/\/www.radiopiu.net\/wordpress\/wp-content\/uploads\/2023\/01\/GIESSECALCIO-2.mp3\">https:\/\/www.radiopiu.net\/wordpress\/wp-content\/uploads\/2023\/01\/GIESSECALCIO-2.mp3<\/a><\/audio>\n<p>&nbsp;<\/p>\n<p><strong>LA RACCOLTA COMPLETA <a href=\"https:\/\/www.radiopiu.net\/wordpress\/giesse-per-lo-sport-con-la-canottieri-belluno-calcio-a-5\/\">CLICCA QUI<\/a><\/strong><\/p>\n<p>&nbsp;<\/p>\n<p><span style=\"color: #0000ff;\"><strong>NUOTO<\/strong><\/span><\/p>\n<blockquote>\n<h3>SEI TITOLI REGIONALI A LIGNANO PER I MASTER DELLA SPORTIVAMENTE BELLUNO<\/h3>\n<\/blockquote>\n<p><strong>BELLUNO<\/strong> I Master della Sportivamente Belluno hanno ottenuto ottimi risultati ai campionati regionali con un quattordicesimo posto assoluto e il quarto posto nelle fasce. Tra i protagonisti, Laura Etzi (campione regionale nei 200 dorso e 100 stile), Daniela Bianchet (campione nei 100 stile), Matteo Fallucca (campione nei 200 delfino), Elena Fava (campione nei 400 stile), Daniela Piermarini (campione nei 400 stile) e Marco Tomaselli (campione nei 200 stile). La squadra ha conquistato medaglie d&#8217;argento e bronzo in diverse discipline e staffette. La coach Maria Elena Canova esprime soddisfazione per le prestazioni e guarda ai prossimi appuntamenti della stagione.<\/p>\n\n\t\t\t<style type='text\/css'>\n\t\t\t\t#gallery-4 {\n\t\t\t\t\tmargin: auto;\n\t\t\t\t}\n\t\t\t\t#gallery-4 .gallery-item {\n\t\t\t\t\tfloat: left;\n\t\t\t\t\tmargin-top: 10px;\n\t\t\t\t\ttext-align: center;\n\t\t\t\t\twidth: 50%;\n\t\t\t\t}\n\t\t\t\t#gallery-4 img {\n\t\t\t\t\tborder: 2px solid #cfcfcf;\n\t\t\t\t}\n\t\t\t\t#gallery-4 .gallery-caption {\n\t\t\t\t\tmargin-left: 0;\n\t\t\t\t}\n\t\t\t\t\/* see gallery_shortcode() in wp-includes\/media.php *\/\n\t\t\t<\/style>\n\t\t<div id='gallery-4' class='dt-gallery-container gallery galleryid-373179 gallery-columns-2 gallery-size-medium'><dl class='gallery-item'>\n\t\t\t\t<dt class='gallery-icon landscape'>\n\t\t\t\t\t<a class=\"rollover rollover-zoom dt-pswp-item\" title=\"Master_2\" data-dt-img-description=\"\" data-large_image_width=\"2048\" data-large_image_height=\"1367\"href='https:\/\/www.radiopiu.net\/wordpress\/wp-content\/uploads\/2024\/02\/Master_2.jpeg'><img loading=\"lazy\" decoding=\"async\" width=\"300\" height=\"200\" src=\"https:\/\/www.radiopiu.net\/wordpress\/wp-content\/uploads\/2024\/02\/Master_2-300x200.jpeg\" class=\"attachment-medium size-medium\" alt=\"\" srcset=\"https:\/\/www.radiopiu.net\/wordpress\/wp-content\/uploads\/2024\/02\/Master_2-300x200.jpeg 300w, https:\/\/www.radiopiu.net\/wordpress\/wp-content\/uploads\/2024\/02\/Master_2-1024x684.jpeg 1024w, https:\/\/www.radiopiu.net\/wordpress\/wp-content\/uploads\/2024\/02\/Master_2-768x513.jpeg 768w, https:\/\/www.radiopiu.net\/wordpress\/wp-content\/uploads\/2024\/02\/Master_2-1536x1025.jpeg 1536w, https:\/\/www.radiopiu.net\/wordpress\/wp-content\/uploads\/2024\/02\/Master_2.jpeg 2048w\" sizes=\"auto, (max-width: 300px) 100vw, 300px\" \/><\/a>\n\t\t\t\t<\/dt><\/dl><dl class='gallery-item'>\n\t\t\t\t<dt class='gallery-icon landscape'>\n\t\t\t\t\t<a class=\"rollover rollover-zoom dt-pswp-item\" title=\"Master_a_Lignano\" data-dt-img-description=\"\" data-large_image_width=\"1024\" data-large_image_height=\"768\"href='https:\/\/www.radiopiu.net\/wordpress\/wp-content\/uploads\/2024\/02\/Master_a_Lignano.jpeg'><img loading=\"lazy\" decoding=\"async\" width=\"300\" height=\"225\" src=\"https:\/\/www.radiopiu.net\/wordpress\/wp-content\/uploads\/2024\/02\/Master_a_Lignano-300x225.jpeg\" class=\"attachment-medium size-medium\" alt=\"\" srcset=\"https:\/\/www.radiopiu.net\/wordpress\/wp-content\/uploads\/2024\/02\/Master_a_Lignano-300x225.jpeg 300w, https:\/\/www.radiopiu.net\/wordpress\/wp-content\/uploads\/2024\/02\/Master_a_Lignano-768x576.jpeg 768w, https:\/\/www.radiopiu.net\/wordpress\/wp-content\/uploads\/2024\/02\/Master_a_Lignano.jpeg 1024w\" sizes=\"auto, (max-width: 300px) 100vw, 300px\" \/><\/a>\n\t\t\t\t<\/dt><\/dl><br style=\"clear: both\" \/>\n\t\t\t<\/div>\n\n<\/div>\n","protected":false},"excerpt":{"rendered":"<p>**** &nbsp; 40esimo di RADIOPIU\u2026. LA VOCE DELL\u2019EMOZIONE ISCRIVITI AL NOSTRO CANALE\u00a0\u00a0YOUTUBE PER SEGUIRE IN DIRETTA I PRINCIPALI PROGRAMMI DI RADIO PIU\u2019 E LE FUTURE DIRETTE IN ESTERNA. PER ISCRIVERTI CLICCA QUI\u00a0E PREMI\u00a0 \u201cIscriviti\u201d\u00a0 \u00a0 OGGI ALLA RADIO: ALLE 7 LA RASSEGNA STAMPA LOCALE FLASH, PER CHI COME NOI ALLE SETTE DEL MATTINO VA DI&hellip;<\/p>\n","protected":false},"author":4,"featured_media":373375,"comment_status":"closed","ping_status":"closed","sticky":false,"template":"","format":"standard","meta":{"_monsterinsights_skip_tracking":false,"_monsterinsights_sitenote_active":false,"_monsterinsights_sitenote_note":"","_monsterinsights_sitenote_category":0,"footnotes":""},"categories":[51,86,49],"tags":[],"class_list":["post-373179","post","type-post","status-publish","format-standard","has-post-thumbnail","hentry","category-evidenza-top","category-gr","category-news-18","category-51","category-86","category-49","description-off"],"img_url":"https:\/\/www.radiopiu.net\/wordpress\/wp-content\/uploads\/2024\/02\/WhatsApp-Image-2024-02-05-at-17.50.02-1.jpeg","_links":{"self":[{"href":"https:\/\/www.radiopiu.net\/wordpress\/wp-json\/wp\/v2\/posts\/373179","targetHints":{"allow":["GET"]}}],"collection":[{"href":"https:\/\/www.radiopiu.net\/wordpress\/wp-json\/wp\/v2\/posts"}],"about":[{"href":"https:\/\/www.radiopiu.net\/wordpress\/wp-json\/wp\/v2\/types\/post"}],"author":[{"embeddable":true,"href":"https:\/\/www.radiopiu.net\/wordpress\/wp-json\/wp\/v2\/users\/4"}],"replies":[{"embeddable":true,"href":"https:\/\/www.radiopiu.net\/wordpress\/wp-json\/wp\/v2\/comments?post=373179"}],"version-history":[{"count":0,"href":"https:\/\/www.radiopiu.net\/wordpress\/wp-json\/wp\/v2\/posts\/373179\/revisions"}],"wp:featuredmedia":[{"embeddable":true,"href":"https:\/\/www.radiopiu.net\/wordpress\/wp-json\/wp\/v2\/media\/373375"}],"wp:attachment":[{"href":"https:\/\/www.radiopiu.net\/wordpress\/wp-json\/wp\/v2\/media?parent=373179"}],"wp:term":[{"taxonomy":"category","embeddable":true,"href":"https:\/\/www.radiopiu.net\/wordpress\/wp-json\/wp\/v2\/categories?post=373179"},{"taxonomy":"post_tag","embeddable":true,"href":"https:\/\/www.radiopiu.net\/wordpress\/wp-json\/wp\/v2\/tags?post=373179"}],"curies":[{"name":"wp","href":"https:\/\/api.w.org\/{rel}","templated":true}]}}