{"id":373234,"date":"2024-02-05T07:38:18","date_gmt":"2024-02-05T06:38:18","guid":{"rendered":"https:\/\/www.radiopiu.net\/wordpress\/?p=373234"},"modified":"2024-02-05T07:43:22","modified_gmt":"2024-02-05T06:43:22","slug":"lutto-ad-agordo-e-mancato-franco-il-biancorosso-bolzanino","status":"publish","type":"post","link":"https:\/\/www.radiopiu.net\/wordpress\/lutto-ad-agordo-e-mancato-franco-il-biancorosso-bolzanino\/","title":{"rendered":"LUTTO AD AGORDO, E&#8217; MANCATO FRANCO IL &#8220;BIANCOROSSO&#8221; BOLZANINO"},"content":{"rendered":"<p>+++<\/p>\n<p>&nbsp;<\/p>\n<p><a class=\"dt-pswp-item\" href=\"https:\/\/www.radiopiu.net\/wordpress\/wp-content\/uploads\/2024\/02\/Senza-nome-14.png\" data-dt-img-description=\"\" data-large_image_width=\"216\" data-large_image_height=\"171\"><img loading=\"lazy\" decoding=\"async\" class=\"size-full wp-image-373235 alignleft\" src=\"https:\/\/www.radiopiu.net\/wordpress\/wp-content\/uploads\/2024\/02\/Senza-nome-14.png\" alt=\"\" width=\"216\" height=\"171\" \/><\/a><strong>REDAZIONE<\/strong> Apprendiamo dalla moglie Tiziana Soia, ad esequie avvenute, della scomparsa di Franco Lona, spentosi serenamente dopo lunghe sofferenze. Agordino acquisito ormai da anni, residente a Toccol di Agordo. Con Tiziana ha creato l&#8217;ufficio della Ing nel capoluogo. Noi abbiamo avuto la fortuna di conoscerlo anche ai tempi della Dival, Bolzano Hockey Dival,\u00a0 plurivincitore di scudetti. Parlare di hockey con Franco era una battaglia persa, primo perch\u00e9 lui tifava un biancorosso diverso da quello alleghese. Era una battaglia persa perch\u00e9 di hockey ne sapeva tanto, molto pi\u00f9 di noi della redazione. Comunque&#8230; ad un certo punto ci sembrava tifasse con piacere anche la squadra sulla porta di casa e nel cuore della sua compagna di vita, alleghese di Caprile.<\/p>\n<blockquote><p><em>\u00a0Dalla famiglia &#8220;Un ringraziamento particolare al dottor Pennachioni, Toni De Pra, diabetologia dell&#8217;ospedale di Agordo, al personale dell&#8217; Ospedale di Comunit\u00e0, Fisioterapista Francisco, Caposala Paola, vice Giovanna, Filippa, Daniele, Roberta, Silvia, Flavia, Roberta, Michela, Valentina, Armanda, Davide, Maria Teresa. Giovanna, Barbara, Monica, Sara, Luisa e Susi.<\/em><\/p><\/blockquote>\n<p><strong>Un messaggio di cordoglio a Tiziana, Silvia, Edi, ai figli Roberta e Davide, ai parenti tutti.<\/strong><\/p>\n<p>&nbsp;<\/p>\n<hr \/>\n<p>&nbsp;<\/p>\n","protected":false},"excerpt":{"rendered":"<p>+++ &nbsp; REDAZIONE Apprendiamo dalla moglie Tiziana Soia, ad esequie avvenute, della scomparsa di Franco Lona, spentosi serenamente dopo lunghe sofferenze. Agordino acquisito ormai da anni, residente a Toccol di Agordo. Con Tiziana ha creato l&#8217;ufficio della Ing nel capoluogo. Noi abbiamo avuto la fortuna di conoscerlo anche ai tempi della Dival, Bolzano Hockey Dival,\u00a0&hellip;<\/p>\n","protected":false},"author":4,"featured_media":373235,"comment_status":"closed","ping_status":"closed","sticky":false,"template":"","format":"standard","meta":{"_monsterinsights_skip_tracking":false,"_monsterinsights_sitenote_active":false,"_monsterinsights_sitenote_note":"","_monsterinsights_sitenote_category":0,"footnotes":""},"categories":[49],"tags":[],"class_list":["post-373234","post","type-post","status-publish","format-standard","has-post-thumbnail","hentry","category-news-18","category-49","description-off"],"img_url":"https:\/\/www.radiopiu.net\/wordpress\/wp-content\/uploads\/2024\/02\/Senza-nome-14.png","_links":{"self":[{"href":"https:\/\/www.radiopiu.net\/wordpress\/wp-json\/wp\/v2\/posts\/373234","targetHints":{"allow":["GET"]}}],"collection":[{"href":"https:\/\/www.radiopiu.net\/wordpress\/wp-json\/wp\/v2\/posts"}],"about":[{"href":"https:\/\/www.radiopiu.net\/wordpress\/wp-json\/wp\/v2\/types\/post"}],"author":[{"embeddable":true,"href":"https:\/\/www.radiopiu.net\/wordpress\/wp-json\/wp\/v2\/users\/4"}],"replies":[{"embeddable":true,"href":"https:\/\/www.radiopiu.net\/wordpress\/wp-json\/wp\/v2\/comments?post=373234"}],"version-history":[{"count":0,"href":"https:\/\/www.radiopiu.net\/wordpress\/wp-json\/wp\/v2\/posts\/373234\/revisions"}],"wp:featuredmedia":[{"embeddable":true,"href":"https:\/\/www.radiopiu.net\/wordpress\/wp-json\/wp\/v2\/media\/373235"}],"wp:attachment":[{"href":"https:\/\/www.radiopiu.net\/wordpress\/wp-json\/wp\/v2\/media?parent=373234"}],"wp:term":[{"taxonomy":"category","embeddable":true,"href":"https:\/\/www.radiopiu.net\/wordpress\/wp-json\/wp\/v2\/categories?post=373234"},{"taxonomy":"post_tag","embeddable":true,"href":"https:\/\/www.radiopiu.net\/wordpress\/wp-json\/wp\/v2\/tags?post=373234"}],"curies":[{"name":"wp","href":"https:\/\/api.w.org\/{rel}","templated":true}]}}