{"id":373431,"date":"2024-02-07T05:37:08","date_gmt":"2024-02-07T04:37:08","guid":{"rendered":"https:\/\/www.radiopiu.net\/wordpress\/?p=373431"},"modified":"2024-02-07T05:50:19","modified_gmt":"2024-02-07T04:50:19","slug":"lintervento-dei-poliziotti-sugli-sci-a-falcade","status":"publish","type":"post","link":"https:\/\/www.radiopiu.net\/wordpress\/lintervento-dei-poliziotti-sugli-sci-a-falcade\/","title":{"rendered":"L&#8217;INTERVENTO DEI POLIZIOTTI SUGLI SCI A FALCADE"},"content":{"rendered":"<p>&nbsp;<\/p>\n<p>&nbsp;<\/p>\n<p><strong>FALCADE<\/strong>\u00a0 ll 3 febbraio la pattuglia\u00a0 della Polizia (Questura di Belluno) del distaccamento sciatori di Falcade \u00e8 stata contattata via radio per un soccorso sulla pista &#8220;Le Buse-Molino&#8221;. Un ragazzo, uscito dalla pista, ha riportato abrasioni al volto. La pattuglia \u00e8 intervenuta immediatamente con motoslitte, raggiungendo il tratto finale della pista a &#8220;Pian De Le Mole&#8221;. Sul posto, hanno trovato una sezione di recinzione divelta e uno sciatore minorenne, con sua madre, circa 5 metri sotto il bordo della pista. Utilizzando una corda a causa della neve ghiacciata, gli operatori hanno prestato soccorso al ragazzo e alla madre. Il ragazzo, senza sci e casco al momento dell&#8217;incidente, presentava abrasioni al mento e alle labbra, oltre a una ferita al labbro superiore sinistro con sanguinamento. La madre, scivolata senza gli sci per soccorrere il figlio, ha riportato solo lievi ferite. Grazie all&#8217;assistenza della societ\u00e0 degli impianti, entrambi sono stati recuperati con la corda e riportati sulla pista. Il giovane \u00e8 stato medicato, gli \u00e8 stato applicato un collare cervicale e trasportato in motoslitta a Molino di Falcade, dove \u00e8 stato consegnato ai volontari della Croce Verde per il trasporto all&#8217;ospedale\u00a0 Papa Luciani di Agordo\u00a0 per ulteriori accertamenti.<\/p>\n<p>&nbsp;<\/p>\n\n\t\t\t<style type='text\/css'>\n\t\t\t\t#gallery-1 {\n\t\t\t\t\tmargin: auto;\n\t\t\t\t}\n\t\t\t\t#gallery-1 .gallery-item {\n\t\t\t\t\tfloat: left;\n\t\t\t\t\tmargin-top: 10px;\n\t\t\t\t\ttext-align: center;\n\t\t\t\t\twidth: 33%;\n\t\t\t\t}\n\t\t\t\t#gallery-1 img {\n\t\t\t\t\tborder: 2px solid #cfcfcf;\n\t\t\t\t}\n\t\t\t\t#gallery-1 .gallery-caption {\n\t\t\t\t\tmargin-left: 0;\n\t\t\t\t}\n\t\t\t\t\/* see gallery_shortcode() in wp-includes\/media.php *\/\n\t\t\t<\/style>\n\t\t<div id='gallery-1' class='dt-gallery-container gallery galleryid-373431 gallery-columns-3 gallery-size-thumbnail'><dl class='gallery-item'>\n\t\t\t\t<dt class='gallery-icon landscape'>\n\t\t\t\t\t<a class=\"rollover rollover-zoom dt-pswp-item\" title=\"IMG-20240203-WA0010\" data-dt-img-description=\"\" data-large_image_width=\"2048\" data-large_image_height=\"1536\"href='https:\/\/www.radiopiu.net\/wordpress\/wp-content\/uploads\/2024\/02\/IMG-20240203-WA0010.jpg'><img loading=\"lazy\" decoding=\"async\" width=\"150\" height=\"150\" src=\"https:\/\/www.radiopiu.net\/wordpress\/wp-content\/uploads\/2024\/02\/IMG-20240203-WA0010-150x150.jpg\" class=\"attachment-thumbnail size-thumbnail\" alt=\"\" \/><\/a>\n\t\t\t\t<\/dt><\/dl><dl class='gallery-item'>\n\t\t\t\t<dt class='gallery-icon portrait'>\n\t\t\t\t\t<a class=\"rollover rollover-zoom dt-pswp-item\" title=\"IMG-20240203-WA0011\" data-dt-img-description=\"\" data-large_image_width=\"1200\" data-large_image_height=\"1600\"href='https:\/\/www.radiopiu.net\/wordpress\/wp-content\/uploads\/2024\/02\/IMG-20240203-WA0011.jpg'><img loading=\"lazy\" decoding=\"async\" width=\"150\" height=\"150\" src=\"https:\/\/www.radiopiu.net\/wordpress\/wp-content\/uploads\/2024\/02\/IMG-20240203-WA0011-150x150.jpg\" class=\"attachment-thumbnail size-thumbnail\" alt=\"\" \/><\/a>\n\t\t\t\t<\/dt><\/dl><dl class='gallery-item'>\n\t\t\t\t<dt class='gallery-icon landscape'>\n\t\t\t\t\t<a class=\"rollover rollover-zoom dt-pswp-item\" title=\"IMG-20240203-WA0013\" data-dt-img-description=\"\" data-large_image_width=\"1600\" data-large_image_height=\"1200\"href='https:\/\/www.radiopiu.net\/wordpress\/wp-content\/uploads\/2024\/02\/IMG-20240203-WA0013.jpg'><img loading=\"lazy\" decoding=\"async\" width=\"150\" height=\"150\" src=\"https:\/\/www.radiopiu.net\/wordpress\/wp-content\/uploads\/2024\/02\/IMG-20240203-WA0013-150x150.jpg\" class=\"attachment-thumbnail size-thumbnail\" alt=\"\" \/><\/a>\n\t\t\t\t<\/dt><\/dl><br style=\"clear: both\" \/>\n\t\t\t<\/div>\n\n<div class=\"flex-1 overflow-hidden\">\n<div class=\"react-scroll-to-bottom--css-zpctw-79elbk h-full\">\n<div class=\"react-scroll-to-bottom--css-zpctw-1n7m0yu\">\n<div class=\"flex flex-col pb-9 text-sm\">\n<div class=\"w-full text-token-text-primary\" data-testid=\"conversation-turn-3\">\n<div class=\"px-4 py-2 justify-center text-base md:gap-6 m-auto\">\n<div class=\"flex flex-1 text-base mx-auto gap-3 md:px-5 lg:px-1 xl:px-5 md:max-w-3xl lg:max-w-[40rem] xl:max-w-[48rem] group final-completion\">\n<div class=\"relative flex w-full flex-col lg:w-[calc(100%-115px)] agent-turn\">\n<div class=\"flex-col gap-1 md:gap-3\">\n<div class=\"mt-1 flex justify-start gap-3 empty:hidden\">\n<div class=\"text-gray-400 flex self-end lg:self-center justify-center lg:justify-start mt-0 -ml-1 visible\">\n<p>&nbsp;<\/p>\n<div class=\"flex items-center gap-1.5 text-xs\"><\/div>\n<div class=\"flex\"><\/div>\n<\/div>\n<\/div>\n<\/div>\n<\/div>\n<\/div>\n<\/div>\n<\/div>\n<\/div>\n<\/div>\n<\/div>\n<\/div>\n<div class=\"w-full pt-2 md:pt-0 dark:border-white\/20 md:border-transparent md:dark:border-transparent md:w-[calc(100%-.5rem)]\">\n<form class=\"stretch mx-2 flex flex-row gap-3 last:mb-2 md:mx-4 md:last:mb-6 lg:mx-auto lg:max-w-2xl xl:max-w-3xl\">\n<div class=\"relative flex h-full flex-1 items-stretch md:flex-col\">\n<div class=\"flex w-full items-center\"><\/div>\n<\/div>\n<\/form>\n<\/div>\n","protected":false},"excerpt":{"rendered":"<p>&nbsp; &nbsp; FALCADE\u00a0 ll 3 febbraio la pattuglia\u00a0 della Polizia (Questura di Belluno) del distaccamento sciatori di Falcade \u00e8 stata contattata via radio per un soccorso sulla pista &#8220;Le Buse-Molino&#8221;. Un ragazzo, uscito dalla pista, ha riportato abrasioni al volto. La pattuglia \u00e8 intervenuta immediatamente con motoslitte, raggiungendo il tratto finale della pista a &#8220;Pian&hellip;<\/p>\n","protected":false},"author":4,"featured_media":373432,"comment_status":"closed","ping_status":"closed","sticky":false,"template":"","format":"standard","meta":{"_monsterinsights_skip_tracking":false,"_monsterinsights_sitenote_active":false,"_monsterinsights_sitenote_note":"","_monsterinsights_sitenote_category":0,"footnotes":""},"categories":[51,49],"tags":[],"class_list":["post-373431","post","type-post","status-publish","format-standard","has-post-thumbnail","hentry","category-evidenza-top","category-news-18","category-51","category-49","description-off"],"img_url":"https:\/\/www.radiopiu.net\/wordpress\/wp-content\/uploads\/2024\/02\/IMG-20240203-WA0010.jpg","_links":{"self":[{"href":"https:\/\/www.radiopiu.net\/wordpress\/wp-json\/wp\/v2\/posts\/373431","targetHints":{"allow":["GET"]}}],"collection":[{"href":"https:\/\/www.radiopiu.net\/wordpress\/wp-json\/wp\/v2\/posts"}],"about":[{"href":"https:\/\/www.radiopiu.net\/wordpress\/wp-json\/wp\/v2\/types\/post"}],"author":[{"embeddable":true,"href":"https:\/\/www.radiopiu.net\/wordpress\/wp-json\/wp\/v2\/users\/4"}],"replies":[{"embeddable":true,"href":"https:\/\/www.radiopiu.net\/wordpress\/wp-json\/wp\/v2\/comments?post=373431"}],"version-history":[{"count":0,"href":"https:\/\/www.radiopiu.net\/wordpress\/wp-json\/wp\/v2\/posts\/373431\/revisions"}],"wp:featuredmedia":[{"embeddable":true,"href":"https:\/\/www.radiopiu.net\/wordpress\/wp-json\/wp\/v2\/media\/373432"}],"wp:attachment":[{"href":"https:\/\/www.radiopiu.net\/wordpress\/wp-json\/wp\/v2\/media?parent=373431"}],"wp:term":[{"taxonomy":"category","embeddable":true,"href":"https:\/\/www.radiopiu.net\/wordpress\/wp-json\/wp\/v2\/categories?post=373431"},{"taxonomy":"post_tag","embeddable":true,"href":"https:\/\/www.radiopiu.net\/wordpress\/wp-json\/wp\/v2\/tags?post=373431"}],"curies":[{"name":"wp","href":"https:\/\/api.w.org\/{rel}","templated":true}]}}