{"id":373525,"date":"2024-02-08T05:43:10","date_gmt":"2024-02-08T04:43:10","guid":{"rendered":"https:\/\/www.radiopiu.net\/wordpress\/?p=373525"},"modified":"2024-02-08T09:38:31","modified_gmt":"2024-02-08T08:38:31","slug":"giornale-radiopiu-08-febbraio-2024-direttore-mirko-mezzacasada-40-anni-25-giugno-1983-25-giugno-2023","status":"publish","type":"post","link":"https:\/\/www.radiopiu.net\/wordpress\/giornale-radiopiu-08-febbraio-2024-direttore-mirko-mezzacasada-40-anni-25-giugno-1983-25-giugno-2023\/","title":{"rendered":"GIORNALE RADIOPIU 08 FEBBRAIO 2024 DIRETTORE MIRKO MEZZACASA\u2026DA 40 ANNI 25 GIUGNO 1983-25 GIUGNO 2023"},"content":{"rendered":"<p>****<\/p>\n<blockquote>\n<h2>Primavera a 1550 slm circa a Malga Calleda 08.02.2024<\/h2>\n<\/blockquote>\n<p><a class=\"dt-pswp-item\" href=\"https:\/\/www.radiopiu.net\/wordpress\/wp-content\/uploads\/2024\/02\/1c2229f2-fcc6-448a-82b7-461bec2aaa17.jpg\" data-dt-img-description=\"\" data-large_image_width=\"1200\" data-large_image_height=\"1600\"><img loading=\"lazy\" decoding=\"async\" class=\"size-medium wp-image-373678 aligncenter\" src=\"https:\/\/www.radiopiu.net\/wordpress\/wp-content\/uploads\/2024\/02\/1c2229f2-fcc6-448a-82b7-461bec2aaa17-225x300.jpg\" alt=\"\" width=\"225\" height=\"300\" srcset=\"https:\/\/www.radiopiu.net\/wordpress\/wp-content\/uploads\/2024\/02\/1c2229f2-fcc6-448a-82b7-461bec2aaa17-225x300.jpg 225w, https:\/\/www.radiopiu.net\/wordpress\/wp-content\/uploads\/2024\/02\/1c2229f2-fcc6-448a-82b7-461bec2aaa17-768x1024.jpg 768w, https:\/\/www.radiopiu.net\/wordpress\/wp-content\/uploads\/2024\/02\/1c2229f2-fcc6-448a-82b7-461bec2aaa17-1152x1536.jpg 1152w, https:\/\/www.radiopiu.net\/wordpress\/wp-content\/uploads\/2024\/02\/1c2229f2-fcc6-448a-82b7-461bec2aaa17.jpg 1200w\" sizes=\"auto, (max-width: 225px) 100vw, 225px\" \/>\u00a0<\/a><\/p>\n<p>&nbsp;<\/p>\n<hr \/>\n<h1 class=\"entry-title photoswipe-wrapper\"><strong><a class=\"dt-pswp-item\" href=\"https:\/\/www.radiopiu.net\/wordpress\/wp-content\/uploads\/2023\/12\/logo-radio.jpg\" data-dt-img-description=\"\" data-large_image_width=\"800\" data-large_image_height=\"600\"><img loading=\"lazy\" decoding=\"async\" class=\"wp-image-367163 alignleft\" src=\"https:\/\/www.radiopiu.net\/wordpress\/wp-content\/uploads\/2023\/12\/logo-radio-300x225.jpg\" alt=\"\" width=\"109\" height=\"82\" srcset=\"https:\/\/www.radiopiu.net\/wordpress\/wp-content\/uploads\/2023\/12\/logo-radio-300x225.jpg 300w, https:\/\/www.radiopiu.net\/wordpress\/wp-content\/uploads\/2023\/12\/logo-radio-768x576.jpg 768w, https:\/\/www.radiopiu.net\/wordpress\/wp-content\/uploads\/2023\/12\/logo-radio.jpg 800w\" sizes=\"auto, (max-width: 109px) 100vw, 109px\" \/><\/a><\/strong><\/h1>\n<h1 class=\"entry-title photoswipe-wrapper\">40esimo di RADIOPIU\u2026. LA VOCE DELL\u2019EMOZIONE<\/h1>\n<h2><\/h2>\n<h2><span style=\"color: #ff0000;\">ISCRIVITI AL NOSTRO CANALE\u00a0\u00a0YOUTUBE PER SEGUIRE IN DIRETTA I PRINCIPALI PROGRAMMI DI RADIO PIU\u2019 E LE FUTURE DIRETTE IN ESTERNA. PER ISCRIVERTI <a style=\"color: #ff0000;\" href=\"https:\/\/youtube.com\/@radiopiu1527\">CLICCA QUI\u00a0<\/a>E PREMI\u00a0 \u201cIscriviti\u201d\u00a0 \u00a0<\/span><\/h2>\n<div class=\"x1e56ztr\" data-block=\"true\" data-editor=\"avj4u\" data-offset-key=\"d3i0j-0-0\"><\/div>\n<h1 data-block=\"true\" data-editor=\"avj4u\" data-offset-key=\"d3i0j-0-0\"><span style=\"color: #0000ff;\">24 ORE IN FM DA NON PERDERE<\/span><\/h1>\n<div class=\"x11i5rnm xat24cr x1mh8g0r x1vvkbs xtlvy1s x126k92a\">\n<div dir=\"auto\">\n<p><strong>ALLE 7.20<\/strong> IL NUOVO PROGRAMMA DI GIULIANA DA RONCH &#8220;EL BAL DEL FIOR&#8221; (replica 19)\u00a0<strong> ALLE 8<\/strong> LA RASSEGNA STAMPA LOCALE \u00a0<strong>ALLE 8.20<\/strong> PIU&#8217; SIAMO CON MARINA DONA&#8217; <strong>ALLE 9<\/strong>\u00a0 IL COUNTRY CON ALEX NASCINBEN\u00a0 <strong>ALLE 10.10<\/strong> CIAK&#8230; IL CINEMA CON PAOLA LANCIATO<span style=\"color: #ff0000;\"><span style=\"color: #000000;\">\u00a0<\/span><\/span><span style=\"color: #000000;\"><strong>ALLE 10.30<\/strong> SPI CGIL QUINDICINALE APPUNTAMENTO CON MARIA RITA GENTILIN <strong>12.30<\/strong> GR PRINCIPALE <strong>13 <\/strong>SKI CROSS AD ALLEGHE CON SERGIO PRA\u00a0 <\/span><span style=\"color: #000000;\"><strong>ALLE 14.30<\/strong> IL NUOVO PROGRAMMA DEDICATO A SANREMO DI MARINA DONA&#8217;, <\/span>I PRIMI 3 .\u00a0<strong> ALLE 15,15<\/strong> ROCK ROVENTE DI MARCO COSTANTINI ALLE <strong>16<\/strong> MIRCO BENCIVENNI, LE CLASSIFICHE<strong> alle 16.30<\/strong> IL 17 FEBBRAIO ORAZIO ALLA CASA DELLA GIOVENTU&#8217; DI CAVIOLA DI LUISA ALCHINI \u00a0<strong>ALLE 18<\/strong> VANESSA CAGNATI, DALLA COREA A RADIOPIU E QUESTA SERA <strong>DALLE 20.30<\/strong> INTANTO ME LA CANTO CON MARINA DONA&#8217; E LUISA ALCHINI<\/p>\n<p>&nbsp;<\/p>\n<hr \/>\n<p>&nbsp;<\/p>\n<p><strong><a class=\"dt-pswp-item\" href=\"https:\/\/www.radiopiu.net\/wordpress\/wp-content\/uploads\/2024\/02\/2d44e751-d8a8-461b-8e22-d8e4e853b032.jpg\" data-dt-img-description=\"\" data-large_image_width=\"1600\" data-large_image_height=\"1200\"><img loading=\"lazy\" decoding=\"async\" class=\"wp-image-373307 alignleft\" src=\"https:\/\/www.radiopiu.net\/wordpress\/wp-content\/uploads\/2024\/02\/2d44e751-d8a8-461b-8e22-d8e4e853b032-300x225.jpg\" alt=\"\" width=\"105\" height=\"79\" srcset=\"https:\/\/www.radiopiu.net\/wordpress\/wp-content\/uploads\/2024\/02\/2d44e751-d8a8-461b-8e22-d8e4e853b032-300x225.jpg 300w, https:\/\/www.radiopiu.net\/wordpress\/wp-content\/uploads\/2024\/02\/2d44e751-d8a8-461b-8e22-d8e4e853b032-1024x768.jpg 1024w, https:\/\/www.radiopiu.net\/wordpress\/wp-content\/uploads\/2024\/02\/2d44e751-d8a8-461b-8e22-d8e4e853b032-768x576.jpg 768w, https:\/\/www.radiopiu.net\/wordpress\/wp-content\/uploads\/2024\/02\/2d44e751-d8a8-461b-8e22-d8e4e853b032-1536x1152.jpg 1536w, https:\/\/www.radiopiu.net\/wordpress\/wp-content\/uploads\/2024\/02\/2d44e751-d8a8-461b-8e22-d8e4e853b032.jpg 1600w\" sizes=\"auto, (max-width: 105px) 100vw, 105px\" \/><\/a>EL BAL DEL FIOR, DI GIULIANA DA RONCH, 8 FEBBRAIO 2024 <span style=\"color: #0000ff;\">giovedi grasso<\/span><\/strong><\/p>\n<audio class=\"wp-audio-shortcode\" id=\"audio-373525-1\" preload=\"none\" style=\"width: 100%;\" controls=\"controls\"><source type=\"audio\/mpeg\" src=\"https:\/\/www.radiopiu.net\/wordpress\/wp-content\/uploads\/2024\/02\/GGI.m4a?_=1\" \/><a href=\"https:\/\/www.radiopiu.net\/wordpress\/wp-content\/uploads\/2024\/02\/GGI.m4a\">https:\/\/www.radiopiu.net\/wordpress\/wp-content\/uploads\/2024\/02\/GGI.m4a<\/a><\/audio>\n<p>&nbsp;<\/p>\n<hr \/>\n<p>&nbsp;<\/p>\n<h1 class=\"entry-title photoswipe-wrapper\"><a class=\"dt-pswp-item\" href=\"https:\/\/www.radiopiu.net\/wordpress\/wp-content\/uploads\/2024\/02\/96fe3e05-a40c-4aa1-af07-6072542d368d.jpg\" data-dt-img-description=\"\" data-large_image_width=\"1600\" data-large_image_height=\"1200\"><img loading=\"lazy\" decoding=\"async\" class=\"wp-image-373448 alignleft\" src=\"https:\/\/www.radiopiu.net\/wordpress\/wp-content\/uploads\/2024\/02\/96fe3e05-a40c-4aa1-af07-6072542d368d-300x225.jpg\" alt=\"\" width=\"168\" height=\"126\" srcset=\"https:\/\/www.radiopiu.net\/wordpress\/wp-content\/uploads\/2024\/02\/96fe3e05-a40c-4aa1-af07-6072542d368d-300x225.jpg 300w, https:\/\/www.radiopiu.net\/wordpress\/wp-content\/uploads\/2024\/02\/96fe3e05-a40c-4aa1-af07-6072542d368d-1024x768.jpg 1024w, https:\/\/www.radiopiu.net\/wordpress\/wp-content\/uploads\/2024\/02\/96fe3e05-a40c-4aa1-af07-6072542d368d-768x576.jpg 768w, https:\/\/www.radiopiu.net\/wordpress\/wp-content\/uploads\/2024\/02\/96fe3e05-a40c-4aa1-af07-6072542d368d-1536x1152.jpg 1536w, https:\/\/www.radiopiu.net\/wordpress\/wp-content\/uploads\/2024\/02\/96fe3e05-a40c-4aa1-af07-6072542d368d.jpg 1600w\" sizes=\"auto, (max-width: 168px) 100vw, 168px\" \/><\/a><\/h1>\n<h1><\/h1>\n<h2 class=\"entry-title photoswipe-wrapper\">domani ALLE 10.30 E 1900&#8230; L&#8217;INTERVISTA AL QUESTORE DI BELLUNO FRANCESCO ZERILLI. NELLO SPAZIO REPORTER, di mirko mezzacasa<\/h2>\n<p>&nbsp;<\/p>\n<p>&nbsp;<\/p>\n<hr \/>\n<h1 style=\"text-align: center;\"><span style=\"color: #ff0000;\">\u00a0<\/span><\/h1>\n<h1 style=\"text-align: center;\"><span style=\"color: #ff0000;\">I podcast informativi del mattino &#8211; audio &#8211;\u00a0<\/span><\/h1>\n<p><strong><a class=\"dt-pswp-item\" href=\"https:\/\/www.radiopiu.net\/wordpress\/wp-content\/uploads\/2023\/12\/images.png\" data-dt-img-description=\"\" data-large_image_width=\"316\" data-large_image_height=\"160\"><img loading=\"lazy\" decoding=\"async\" class=\"wp-image-367008 alignleft\" src=\"https:\/\/www.radiopiu.net\/wordpress\/wp-content\/uploads\/2023\/12\/images-300x152.png\" alt=\"\" width=\"235\" height=\"119\" srcset=\"https:\/\/www.radiopiu.net\/wordpress\/wp-content\/uploads\/2023\/12\/images-300x152.png 300w, https:\/\/www.radiopiu.net\/wordpress\/wp-content\/uploads\/2023\/12\/images.png 316w\" sizes=\"auto, (max-width: 235px) 100vw, 235px\" \/><\/a>OGNI GIORNO ALLE SETTE DEL MATTINO, LA RASSEGNA STAMPA LOCALE FLASH&#8230; PER CHI VA IN FRETTA. I TITOLI DAI GIORNALI E DAL SITO WWW.RADIOPIU.NET <span style=\"color: #0000ff;\">viene pubblicato alle 7.00<\/span> <span style=\"color: #ff0000;\">DIRETTA RADIO\u00a0<\/span><\/strong><\/p>\n<p><em><span style=\"color: #ff0000;\">per chi va in fretta&#8230; tante notizie in pochi minuti. L&#8217;informazione locale alla radio, ogni ora dalle 7 del mattino alle 19 della sera.\u00a0 \u00a0 \u00a0<\/span><\/em><\/p>\n<p>DI MARILEDE TANGORRA<br \/>\n<strong>Guerra in medio oriente<\/strong>,\u00a0 trattativa per una tregua in cambio del rilascio degli ostaggi. Cresce la preoccupazione per un eventuale offensiva militare di <strong>Tel Aviv. \u00a0<\/strong>Rafa nel sud della striscia, il Segretario generale delle nazioni unite avverte:\u00a0 l&#8217;attacco avrebbe incalcolabili conseguenze. Il ministro dell&#8217;istruzione e del merito <strong>Valditara <\/strong>durante il question Time, alla Camera: inasprimento delle pene per chi aggredisce personale scolastico . <strong>Meloni:<\/strong> \u00a0questo Governo ha difeso il comparto agricolo da alcune scelte troppo ideologiche che rischiavano di perseguire la transizione verde. Continua la protesta degli <strong>agricoltori<\/strong> in diverse citt\u00e0 italiane e arriva anche a Sanremo<\/p>\n<h2>AUDIO<\/h2>\n<audio class=\"wp-audio-shortcode\" id=\"audio-373525-2\" preload=\"none\" style=\"width: 100%;\" controls=\"controls\"><source type=\"audio\/mpeg\" src=\"https:\/\/www.radiopiu.net\/wordpress\/wp-content\/uploads\/2024\/02\/GIORNALEDELLESEI-6.mp3?_=2\" \/><a href=\"https:\/\/www.radiopiu.net\/wordpress\/wp-content\/uploads\/2024\/02\/GIORNALEDELLESEI-6.mp3\">https:\/\/www.radiopiu.net\/wordpress\/wp-content\/uploads\/2024\/02\/GIORNALEDELLESEI-6.mp3<\/a><\/audio>\n<p>&nbsp;<\/p>\n<p>&nbsp;<\/p>\n<p>&nbsp;<\/p>\n<\/div>\n<hr \/>\n<\/div>\n<hr \/>\n<hr \/>\n<hr \/>\n<p>&nbsp;<\/p>\n<p><a class=\"dt-pswp-item\" href=\"https:\/\/www.radiopiu.net\/wordpress\/wp-content\/uploads\/2023\/10\/34f4cfc6-e863-46e9-9695-8df44be63421.jpg\" data-dt-img-description=\"\" data-large_image_width=\"1200\" data-large_image_height=\"1200\"><img loading=\"lazy\" decoding=\"async\" class=\"wp-image-357393 alignleft\" src=\"https:\/\/www.radiopiu.net\/wordpress\/wp-content\/uploads\/2023\/10\/34f4cfc6-e863-46e9-9695-8df44be63421-300x300.jpg\" alt=\"\" width=\"81\" height=\"81\" srcset=\"https:\/\/www.radiopiu.net\/wordpress\/wp-content\/uploads\/2023\/10\/34f4cfc6-e863-46e9-9695-8df44be63421-300x300.jpg 300w, https:\/\/www.radiopiu.net\/wordpress\/wp-content\/uploads\/2023\/10\/34f4cfc6-e863-46e9-9695-8df44be63421-1024x1024.jpg 1024w, https:\/\/www.radiopiu.net\/wordpress\/wp-content\/uploads\/2023\/10\/34f4cfc6-e863-46e9-9695-8df44be63421-150x150.jpg 150w, https:\/\/www.radiopiu.net\/wordpress\/wp-content\/uploads\/2023\/10\/34f4cfc6-e863-46e9-9695-8df44be63421-768x768.jpg 768w, https:\/\/www.radiopiu.net\/wordpress\/wp-content\/uploads\/2023\/10\/34f4cfc6-e863-46e9-9695-8df44be63421.jpg 1200w\" sizes=\"auto, (max-width: 81px) 100vw, 81px\" \/><\/a>OGGI ALLA RADIO: <strong>ALLE 7<\/strong> LA RASSEGNA STAMPA LOCALE FLASH, PER CHI COME NOI ALLE SETTE DEL MATTINO VA DI FRETTA, TANTE NOTIZIE IN POCHE CHIACCHIERE. <strong>ALLE OTTO<\/strong> L&#8217;APPROFONDIMENTO NELLA STORICA RASSEGNA STAMPA LOCALE.\u00a0 DALLE 6 ALLE 21, OGNI ORA, L&#8217;INFORMAZIONE NAZIONALE, l&#8217;informazione locale, ALLE 10 flash. 11flash. 14 viabilit\u00e0. 15meteo. 16flash. 17flash. 18flash. 19 i titoli di Antenna 3 di Tiziana Bolognani.<\/p>\n<p>&nbsp;<\/p>\n<hr \/>\n<p>&nbsp;<\/p>\n<p>&nbsp;<\/p>\n<h1 style=\"text-align: center;\"><span style=\"color: #ff0000;\">I podcast informativi del mattino &#8211; audio &#8211;\u00a0<\/span><\/h1>\n<p><strong><a class=\"dt-pswp-item\" href=\"https:\/\/www.radiopiu.net\/wordpress\/wp-content\/uploads\/2023\/12\/images.png\" data-dt-img-description=\"\" data-large_image_width=\"316\" data-large_image_height=\"160\"><img loading=\"lazy\" decoding=\"async\" class=\"wp-image-367008 alignleft\" src=\"https:\/\/www.radiopiu.net\/wordpress\/wp-content\/uploads\/2023\/12\/images-300x152.png\" alt=\"\" width=\"235\" height=\"119\" srcset=\"https:\/\/www.radiopiu.net\/wordpress\/wp-content\/uploads\/2023\/12\/images-300x152.png 300w, https:\/\/www.radiopiu.net\/wordpress\/wp-content\/uploads\/2023\/12\/images.png 316w\" sizes=\"auto, (max-width: 235px) 100vw, 235px\" \/><\/a>OGNI GIORNO ALLE SETTE DEL MATTINO, LA RASSEGNA STAMPA LOCALE FLASH&#8230; PER CHI VA IN FRETTA. I TITOLI DAI GIORNALI E DAL SITO WWW.RADIOPIU.NET <span style=\"color: #0000ff;\">viene pubblicato alle 7.00<\/span> <span style=\"color: #ff0000;\">DIRETTA RADIO\u00a0<\/span><\/strong><\/p>\n<p><em><span style=\"color: #ff0000;\">per chi va in fretta&#8230; tante notizie in pochi minuti. L&#8217;informazione locale alla radio, ogni ora dalle 7 del mattino alle 19 della sera.\u00a0 \u00a0\u00a0<\/span><\/em><\/p>\n<p><strong>domani ALLE 10.30 E 1900&#8230;<\/strong> L&#8217;INTERVISTA AL QUESTORE DI BELLUNO FRANCESCO ZERILLI. NELLO SPAZIO REPORTER, di mirko mezzacasa<br \/>\n<strong>CANALE D&#8217; AGORDO<\/strong> nella localit\u00e0 GARES, l&#8217;acqua erogata dall&#8217;acquedotto non \u00e8 potabile e non pu\u00f2 essere usata per scopi alimentari.<br \/>\nDUE FERITI NELL&#8217;INCIDENTE DI <strong>BUSCHE<\/strong> Due auto parecchio danneggiate e due feriti non gravi: questo il bilancio dell&#8217;incidente frontale avvenuto ieri attorno alle 6.20 sul ponte che da Busche conduce in sinistra Piave. L&#8217;impatto \u00e8 avvenuto sulla curva che procedendo verso Borgo Valbelluna<br \/>\n<strong>FELTRE<\/strong> A cento giorni dall&#8217;incidente in cui Maria Fiabane fu investita mentre attraversava le strisce pedonali in carrozzina, \u00e8 ancora senza nome l&#8217;automobilista coinvolto, a bordo di un&#8217;auto scura, che non ferm\u00f2 la sua corsa, e nessuno riusc\u00ec a fornire dettagli utili per identificarlo<br \/>\n<strong>SEDICO<\/strong> Tre persone sono finite al pronto soccorso di Belluno per morsi di cane mentre si trovavano nei pressi di un gregge che pascolava a Sedico.<br \/>\n<strong>LONGARONE<\/strong> Un bambino di un anno e mezzo \u00e8 stato trasportato in ospedale dopo essere scivolato in casa, ma gli esami medici non hanno rilevato lesioni gravi.<br \/>\n<strong>ROMA<\/strong> La programmazione congiunta tra il Ministero delle Infrastrutture e dei Trasporti e Anas porter\u00e0 all&#8217;avvio di almeno 65 interventi nel 2024 e nel 2025, con un investimento complessivo di oltre 7,6 miliardi di euro. Per il Veneto, sono previsti almeno 342 milioni<\/p>\n<h2>AUDIO dalle 7 del mattino<\/h2>\n<audio class=\"wp-audio-shortcode\" id=\"audio-373525-3\" preload=\"none\" style=\"width: 100%;\" controls=\"controls\"><source type=\"audio\/mpeg\" src=\"https:\/\/www.radiopiu.net\/wordpress\/wp-content\/uploads\/2024\/02\/GF07-6.mp3?_=3\" \/><a href=\"https:\/\/www.radiopiu.net\/wordpress\/wp-content\/uploads\/2024\/02\/GF07-6.mp3\">https:\/\/www.radiopiu.net\/wordpress\/wp-content\/uploads\/2024\/02\/GF07-6.mp3<\/a><\/audio>\n<p>&nbsp;<\/p>\n<p>&nbsp;<\/p>\n<hr \/>\n<p>&nbsp;<\/p>\n<h1><\/h1>\n<h1 style=\"text-align: center;\"><span style=\"color: #ff0000;\">I podcast informativi del mattino &#8211; audio &#8211;\u00a0<\/span><\/h1>\n<blockquote><p><strong><a class=\"dt-pswp-item\" href=\"https:\/\/www.radiopiu.net\/wordpress\/wp-content\/uploads\/2024\/02\/425290515_10231293386615467_1580830812978036868_n.jpg\" data-dt-img-description=\"\" data-large_image_width=\"2048\" data-large_image_height=\"1536\"><img loading=\"lazy\" decoding=\"async\" class=\"wp-image-372729 alignleft\" src=\"https:\/\/www.radiopiu.net\/wordpress\/wp-content\/uploads\/2024\/02\/425290515_10231293386615467_1580830812978036868_n-300x225.jpg\" alt=\"\" width=\"151\" height=\"113\" srcset=\"https:\/\/www.radiopiu.net\/wordpress\/wp-content\/uploads\/2024\/02\/425290515_10231293386615467_1580830812978036868_n-300x225.jpg 300w, https:\/\/www.radiopiu.net\/wordpress\/wp-content\/uploads\/2024\/02\/425290515_10231293386615467_1580830812978036868_n-1024x768.jpg 1024w, https:\/\/www.radiopiu.net\/wordpress\/wp-content\/uploads\/2024\/02\/425290515_10231293386615467_1580830812978036868_n-768x576.jpg 768w, https:\/\/www.radiopiu.net\/wordpress\/wp-content\/uploads\/2024\/02\/425290515_10231293386615467_1580830812978036868_n-1536x1152.jpg 1536w, https:\/\/www.radiopiu.net\/wordpress\/wp-content\/uploads\/2024\/02\/425290515_10231293386615467_1580830812978036868_n.jpg 2048w\" sizes=\"auto, (max-width: 151px) 100vw, 151px\" \/><\/a>GIORNALE RADIO NAZIONALE, EDIZIONE DELLE SETTE <span style=\"color: #0000ff;\">viene pubblicato alle 7.05 <span style=\"color: #ff0000;\">DIRETTA RADIO\u00a0<\/span><\/span><\/strong><\/p><\/blockquote>\n<p><strong>il giornale radionazionale e&#8217; in onda ogni ora, dalle sette del mattino alle venti della sera\u00a0\u00a0<\/strong><\/p>\n<p>&nbsp;<\/p>\n<h2>AUDIO dalle sette del mattino, ogni ora alla radio<\/h2>\n<p><strong>Giorgia Meloni<\/strong> all&#8217;Aquila ha parlato anche delle proteste degli agricoltori. Roma domenica la manifestazione a Roma degli agricoltori. <strong>Scafista turco<\/strong> di 29 anni indagato per la morte di 94 persone (naufragio) condanna pesante. Terrore a <strong>Marcon<\/strong> Venezia, assaltata la gioielleria del centro commerciale, i malviventi hanno preso una donna in ostaggio. <strong>Medio\u00a0 Oriente<\/strong>, bombardamenti su Rafa, 14 morti.<\/p>\n<audio class=\"wp-audio-shortcode\" id=\"audio-373525-4\" preload=\"none\" style=\"width: 100%;\" controls=\"controls\"><source type=\"audio\/mpeg\" src=\"https:\/\/www.radiopiu.net\/wordpress\/wp-content\/uploads\/2024\/02\/giornale07-6.mp3?_=4\" \/><a href=\"https:\/\/www.radiopiu.net\/wordpress\/wp-content\/uploads\/2024\/02\/giornale07-6.mp3\">https:\/\/www.radiopiu.net\/wordpress\/wp-content\/uploads\/2024\/02\/giornale07-6.mp3<\/a><\/audio>\n<p>&nbsp;<\/p>\n<hr \/>\n<p>&nbsp;<\/p>\n<p>&nbsp;<\/p>\n<h1><span style=\"color: #ff0000;\">I podcast informativi del mattino &#8211; video &#8211;\u00a0<\/span><\/h1>\n<h2><strong><a class=\"dt-pswp-item\" href=\"https:\/\/www.radiopiu.net\/wordpress\/wp-content\/uploads\/2023\/12\/th-10.jpg\" data-dt-img-description=\"\" data-large_image_width=\"245\" data-large_image_height=\"180\"><img loading=\"lazy\" decoding=\"async\" class=\" wp-image-367395 alignleft\" src=\"https:\/\/www.radiopiu.net\/wordpress\/wp-content\/uploads\/2023\/12\/th-10.jpg\" alt=\"\" width=\"166\" height=\"122\" \/><\/a>RASSEGNA STAMPA LOCALE, ORE OTTO 05<\/strong><\/h2>\n<h2><strong> <span style=\"color: #0000ff;\">viene\u00a0 <\/span><\/strong><strong><span style=\"color: #0000ff;\">pubblicata alle 8.05 <span style=\"color: #ff0000;\">DIRETTA RADIO\u00a0\u00a0<\/span><\/span><\/strong><\/h2>\n<p>&nbsp;<\/p>\n<p><strong>DI MIRKO MEZZACASA\u00a0\u00a0<\/strong><\/p>\n<p><strong>BELLUNO<\/strong> Cgil, Cisl e Uil esprimono seria preoccupazione per la prevista chiusura della galleria del Comelico in primavera per tre anni, a causa di lavori di consolidamento, impermeabilizzazione e gestione delle acque.<br \/>\n<strong>CORTINA<\/strong> Italia Nostra ha presentato un esposto alla Procura di Belluno, sollevando dubbi sulla demolizione della pista da bob Monti di Cortina. L&#8217;associazione sostiene che la struttura potesse essere vincolata paesaggisticamente<br \/>\n<strong>IL PD VENETO<\/strong> CHIEDE QUANDO SARA&#8217; ATTIVO ANCHE IN REGIONE IL NUMERO DI EMERGENZA UNICO EUROPEO 112<br \/>\nELEZIONI PROVINCIALI: IL FUTURO DEL CENTRODESTRA<br \/>\n<strong>BELLUNO<\/strong>\u00a0\u201cLa Lega correr\u00e0 da sola alle prossime elezioni provinciali\u201d: questa l&#8217;indicazione arrivata dal segretario regionale del Carroccio.<br \/>\n<strong>PROTEZIONE CIVILE<\/strong> Domani alla Zoppas Arena di Conegliano (TV), alle 19.00 si svolger\u00e0 una cerimonia di ringraziamento dedicata ai volontari di Protezione Civile.<br \/>\n<strong>BELLUNO<\/strong> Un paziente in ospedale ha escogitato un metodo illegale per ottenere farmaci, rubando un timbro per confezionare ricette autoprodotte. Le indagini hanno condotto alla denuncia per la sparizione del timbro, l&#8217;uomo \u00e8 indagato di ricettazione e l&#8217;udienza \u00e8 stata rimandata a causa dello sciopero degli avvocati<br \/>\n<strong>BELLUNO<\/strong> Sabato 10 febbraio, alle 12, si terr\u00e0 la Cerimonia commemorativa per il Giorno del Ricordo presso il monumento a piazzale Vittime delle Foibe a Belluno<br \/>\n<strong>CARNEVALI:<\/strong> SABATO A SOTTOGUDA CARNEVAL DE LA VAI E DOMENICA A CANALE D&#8217;AGORDO L&#8217;UNDICESIMA EDIZIONE DELLA ZINGHENESTA<\/p>\n<h2><strong>AUDIO\u00a0 in diretta dalle 8 del mattino\u00a0 <span style=\"color: #0000ff;\"><a style=\"color: #0000ff;\" href=\"https:\/\/www.youtube.com\/watch?v=qtYUIaPGx2Y\">CLICCA QUI\u00a0<\/a><\/span><\/strong><\/h2>\n<p><iframe loading=\"lazy\" title=\"DAL 1983 LA RASSEGNA STAMPA LOCALE di mirko mezzacasa. L&#039;ORIGINALE\" width=\"1200\" height=\"675\" src=\"https:\/\/www.youtube.com\/embed\/qtYUIaPGx2Y?feature=oembed\" frameborder=\"0\" allow=\"accelerometer; autoplay; clipboard-write; encrypted-media; gyroscope; picture-in-picture; web-share\" allowfullscreen><\/iframe><\/p>\n<p>&nbsp;<\/p>\n<p>&nbsp;<\/p>\n<hr \/>\n<p>&nbsp;<\/p>\n<blockquote>\n<h3><span style=\"color: #ff0000;\"><em>E AVANTI CON IL CLORO&#8230;<\/em><\/span><\/h3>\n<\/blockquote>\n<p><a class=\"dt-pswp-item\" href=\"https:\/\/www.radiopiu.net\/wordpress\/wp-content\/uploads\/2018\/08\/ACQUA.jpeg\" data-dt-img-description=\"\" data-large_image_width=\"1280\" data-large_image_height=\"768\"><img loading=\"lazy\" decoding=\"async\" class=\" wp-image-57052 alignleft\" src=\"https:\/\/www.radiopiu.net\/wordpress\/wp-content\/uploads\/2018\/08\/ACQUA-300x180.jpeg\" alt=\"\" width=\"137\" height=\"82\" srcset=\"https:\/\/www.radiopiu.net\/wordpress\/wp-content\/uploads\/2018\/08\/ACQUA-300x180.jpeg 300w, https:\/\/www.radiopiu.net\/wordpress\/wp-content\/uploads\/2018\/08\/ACQUA-768x461.jpeg 768w, https:\/\/www.radiopiu.net\/wordpress\/wp-content\/uploads\/2018\/08\/ACQUA-1024x614.jpeg 1024w, https:\/\/www.radiopiu.net\/wordpress\/wp-content\/uploads\/2018\/08\/ACQUA.jpeg 1280w\" sizes=\"auto, (max-width: 137px) 100vw, 137px\" \/><\/a><strong>CANALE D&#8217; AGORDO<\/strong> nella localit\u00e0 GARES, l&#8217;acqua erogata dall&#8217;acquedotto non \u00e8 potabile e non pu\u00f2 essere usata per scopi alimentari.<\/p>\n<p>&nbsp;<\/p>\n<p>&nbsp;<\/p>\n<hr \/>\n<p>&nbsp;<\/p>\n<blockquote>\n<h3>DUE FERITI NELL&#8217;INCIDENTE DI BUSCHE<\/h3>\n<p><em>Due auto parecchio danneggiate e due feriti non gravi: questo il bilancio dell&#8217;incidente frontale avvenuto ieri attorno alle 6.20 sul ponte che da Busche conduce in sinistra Piave. L&#8217;impatto \u00e8 avvenuto sulla curva\u00a0 verso Borgo Valbelluna<\/em><\/p><\/blockquote>\n<p><strong><img loading=\"lazy\" decoding=\"async\" class=\"alignleft\" src=\"https:\/\/www.radiopiu.net\/wordpress\/wp-content\/uploads\/2024\/02\/Senza-nome-23.png\" width=\"161\" height=\"99\" \/>REDAZIONE<\/strong> Forti rallentamenti ieri di primo mattino al ponte di Busche. La causa un incidente alle 6.21, due le persone trasportate al Santa Maria del Prato di Feltre dall&#8217;ambulanza, un uomo di 58 anni R.C. di Sospirolo a bordo di un furgone e una donna di 25 anni L.M. di Borgo Valbelluna.\u00a0 Entrambi i conducenti sono stati soccorsi dal personale inviato dall&#8217;ospedale di Feltre e trasportati al pronto soccorso per trattare traumi di media gravit\u00e0, comunque non gravi. Sul posto anche i vigili del fuoco di Feltre\u00a0 e il personale di Veneto Strade<\/p>\n<p>&nbsp;<\/p>\n<hr \/>\n<p>&nbsp;<\/p>\n<blockquote>\n<h3>SEMPRE SENZA NOME L&#8217;INVESTITORE DI MARIA FIABANE<\/h3>\n<\/blockquote>\n<p><strong>FELTRE<\/strong> A cento giorni dall&#8217;incidente in cui Maria Fiabane fu investita mentre attraversava le strisce pedonali in carrozzina, \u00e8 ancora senza nome l&#8217;automobilista coinvolto, a bordo di un&#8217;auto scura, che non ferm\u00f2 la sua corsa, e nessuno riusc\u00ec a fornire dettagli utili per identificarlo. Le indagini, iniziate con la polizia locale e ora affidate ai carabinieri, proseguono senza sosta, supportate da recenti testimonianze che potrebbero fornire indizi cruciali.<\/p>\n<p>&nbsp;<\/p>\n<p>&nbsp;<\/p>\n<hr \/>\n<p>&nbsp;<\/p>\n<blockquote>\n<h3>MORSI DAL CANE, TRE PERSONE IN PRONTO SOCCORSO<\/h3>\n<\/blockquote>\n<p><strong><a class=\"dt-pswp-item\" href=\"https:\/\/www.radiopiu.net\/wordpress\/wp-content\/uploads\/2024\/02\/th-5.jpg\" data-dt-img-description=\"\" data-large_image_width=\"242\" data-large_image_height=\"180\"><img loading=\"lazy\" decoding=\"async\" class=\" wp-image-373660 alignleft\" src=\"https:\/\/www.radiopiu.net\/wordpress\/wp-content\/uploads\/2024\/02\/th-5.jpg\" alt=\"\" width=\"183\" height=\"136\" \/><\/a>SEDICO<\/strong> Tre persone sono finite al pronto soccorso di Belluno per morsi di cane mentre si trovavano nei pressi di un gregge che pascolava a Sedico. Nonostante nessuno abbia richiesto il ricovero, l&#8217;episodio ha causato disagio agli aggrediti. I cani da guardia del gregge hanno reagito proteggendo le pecore, mordendo un ciclista e due pedoni considerati minacce. Tutti e tre gli infortunati hanno riportato ferite lievi e sono stati dimessi con pochi giorni di prognosi. Il proprietario del cane coinvolto \u00e8 sotto inchiesta e i feriti valuteranno se presentare denuncia. Il servizio veterinario ha preso in carico la vicenda nell&#8217;immediatezza e dunque ha rintracciato e identificato il proprietario<\/p>\n<p>&nbsp;<\/p>\n<hr \/>\n<p>&nbsp;<\/p>\n<p>&nbsp;<\/p>\n<blockquote>\n<h3><a class=\"dt-pswp-item\" href=\"https:\/\/www.radiopiu.net\/wordpress\/wp-content\/uploads\/2021\/01\/Longarone_panoramica.jpg\" data-dt-img-description=\"\" data-large_image_width=\"1200\" data-large_image_height=\"576\"><img loading=\"lazy\" decoding=\"async\" class=\" wp-image-186300 alignleft\" src=\"https:\/\/www.radiopiu.net\/wordpress\/wp-content\/uploads\/2021\/01\/Longarone_panoramica-300x144.jpg\" alt=\"\" width=\"217\" height=\"104\" srcset=\"https:\/\/www.radiopiu.net\/wordpress\/wp-content\/uploads\/2021\/01\/Longarone_panoramica-300x144.jpg 300w, https:\/\/www.radiopiu.net\/wordpress\/wp-content\/uploads\/2021\/01\/Longarone_panoramica-1024x492.jpg 1024w, https:\/\/www.radiopiu.net\/wordpress\/wp-content\/uploads\/2021\/01\/Longarone_panoramica-768x369.jpg 768w, https:\/\/www.radiopiu.net\/wordpress\/wp-content\/uploads\/2021\/01\/Longarone_panoramica.jpg 1200w\" sizes=\"auto, (max-width: 217px) 100vw, 217px\" \/><\/a>BIMBO SCIVOLA IN CASA, CONTROLLO AL SAN MARTINO<\/h3>\n<\/blockquote>\n<p><strong>LONGARONE<\/strong> Un bambino di un anno e mezzo \u00e8 stato trasportato in ospedale dopo essere scivolato in casa, ma gli esami medici non hanno rilevato lesioni gravi. La famiglia ha chiamato il soccorso tempestivamente, preoccupata per la caduta del piccolo. Fortunatamente, i medici hanno confermato che non ci sono conseguenze gravi e il bambino \u00e8 stato dimesso con raccomandazioni di sorveglianza.<\/p>\n<p>&nbsp;<\/p>\n<hr \/>\n<p>&nbsp;<\/p>\n<p>&nbsp;<\/p>\n<blockquote>\n<h3>ALTRI 372 MILIONI DI EURO PER LE STRADE<\/h3>\n<\/blockquote>\n<p><strong>ROMA<\/strong> La programmazione congiunta tra il Ministero delle Infrastrutture e dei Trasporti e Anas porter\u00e0 all&#8217;avvio di almeno 65 interventi nel 2024 e nel 2025, con un investimento complessivo di oltre 7,6 miliardi di euro. Per il Veneto, sono previsti almeno 342 milioni, destinati a progetti come la variante alla statale 12 da Buttapietra alla tangenziale di Verona. Queste risorse si aggiungono agli interventi correlati alle Olimpiadi invernali Milano-Cortina 2026, gi\u00e0 finanziati per circa 700 milioni di euro.<\/p>\n<p>&nbsp;<\/p>\n<p>&nbsp;<\/p>\n<hr \/>\n<p>&nbsp;<\/p>\n<blockquote>\n<h3>CHIUSURA DELLA GALLERIA COMELICO. CGIL, CISL E UIL CHIEDONO UN INCONTRO URGENTE AL PREFETTO<\/h3>\n<\/blockquote>\n<p><strong><a class=\"dt-pswp-item\" href=\"https:\/\/www.radiopiu.net\/wordpress\/wp-content\/uploads\/2020\/03\/SINDACATI.jpg\" data-dt-img-description=\"\" data-large_image_width=\"2048\" data-large_image_height=\"2048\"><img loading=\"lazy\" decoding=\"async\" class=\" wp-image-121809 alignleft\" src=\"https:\/\/www.radiopiu.net\/wordpress\/wp-content\/uploads\/2020\/03\/SINDACATI-300x300.jpg\" alt=\"\" width=\"157\" height=\"157\" srcset=\"https:\/\/www.radiopiu.net\/wordpress\/wp-content\/uploads\/2020\/03\/SINDACATI-300x300.jpg 300w, https:\/\/www.radiopiu.net\/wordpress\/wp-content\/uploads\/2020\/03\/SINDACATI-1024x1024.jpg 1024w, https:\/\/www.radiopiu.net\/wordpress\/wp-content\/uploads\/2020\/03\/SINDACATI-150x150.jpg 150w, https:\/\/www.radiopiu.net\/wordpress\/wp-content\/uploads\/2020\/03\/SINDACATI-768x768.jpg 768w, https:\/\/www.radiopiu.net\/wordpress\/wp-content\/uploads\/2020\/03\/SINDACATI-1536x1536.jpg 1536w, https:\/\/www.radiopiu.net\/wordpress\/wp-content\/uploads\/2020\/03\/SINDACATI.jpg 2048w\" sizes=\"auto, (max-width: 157px) 100vw, 157px\" \/><\/a>BELLUNO<\/strong> Cgil, Cisl e Uil esprimono seria preoccupazione per la prevista chiusura della galleria del Comelico in primavera per tre anni, a causa di lavori di consolidamento, impermeabilizzazione e gestione delle acque. I sindacati richiedono urgentemente un incontro con il Prefetto per discutere delle potenziali catastrofi economiche e sociali per la valle del Comelico e cercare misure adeguate per evitare conseguenze gravi. Esprimono preoccupazione per lo spopolamento in montagna e chiedono azioni concrete per garantire servizi e una mobilit\u00e0 dignitosa. I sindacati mettono in discussione la priorit\u00e0 di progetti come la pista da bob di Cortina rispetto all&#8217;infrastruttura essenziale nella valle del Comelico. Chiedono chiarezza sulla durata dei lavori, sulle restrizioni del traffico e sulle rotte alternative, sottolineando la necessit\u00e0 di soluzioni che riducano al minimo i disagi per lavoratori, studenti e popolazioni vulnerabili. Le rotte alternative proposte sono ritenute insoddisfacenti, e i sindacati evidenziano la mancanza di pianificazione, auspicando soluzioni che minimizzino le interruzioni per i lavoratori, gli studenti e le popolazioni vulnerabili.<\/p>\n<p><strong>PER LE TRE RADIO, BARBARA PAOLAZZI (CLUB 103)<\/strong><\/p>\n<audio class=\"wp-audio-shortcode\" id=\"audio-373525-5\" preload=\"none\" style=\"width: 100%;\" controls=\"controls\"><source type=\"audio\/mpeg\" src=\"https:\/\/www.radiopiu.net\/wordpress\/wp-content\/uploads\/2024\/02\/PAOLAZZI-GALLERIA-COMELICO-SINDACATI.mp3?_=5\" \/><a href=\"https:\/\/www.radiopiu.net\/wordpress\/wp-content\/uploads\/2024\/02\/PAOLAZZI-GALLERIA-COMELICO-SINDACATI.mp3\">https:\/\/www.radiopiu.net\/wordpress\/wp-content\/uploads\/2024\/02\/PAOLAZZI-GALLERIA-COMELICO-SINDACATI.mp3<\/a><\/audio>\n<p>&nbsp;<\/p>\n<hr \/>\n<p>&nbsp;<\/p>\n<blockquote>\n<h3>PISTA DA BOB, ESPOSTO DI ITALIA NOSTRA IN PROCURA<\/h3>\n<\/blockquote>\n<p><strong><a class=\"dt-pswp-item\" href=\"https:\/\/www.radiopiu.net\/wordpress\/wp-content\/uploads\/2023\/10\/PISTA-BOB-CORTINA.jpg\" data-dt-img-description=\"\" data-large_image_width=\"800\" data-large_image_height=\"600\"><img loading=\"lazy\" decoding=\"async\" class=\"wp-image-357136 alignleft\" src=\"https:\/\/www.radiopiu.net\/wordpress\/wp-content\/uploads\/2023\/10\/PISTA-BOB-CORTINA-300x225.jpg\" alt=\"\" width=\"159\" height=\"119\" srcset=\"https:\/\/www.radiopiu.net\/wordpress\/wp-content\/uploads\/2023\/10\/PISTA-BOB-CORTINA-300x225.jpg 300w, https:\/\/www.radiopiu.net\/wordpress\/wp-content\/uploads\/2023\/10\/PISTA-BOB-CORTINA-768x576.jpg 768w, https:\/\/www.radiopiu.net\/wordpress\/wp-content\/uploads\/2023\/10\/PISTA-BOB-CORTINA.jpg 800w\" sizes=\"auto, (max-width: 159px) 100vw, 159px\" \/><\/a>CORTINA<\/strong> Italia Nostra ha presentato un esposto alla Procura di Belluno, sollevando dubbi sulla demolizione della pista da bob Monti di Cortina. L&#8217;associazione sostiene che la struttura potesse essere vincolata paesaggisticamente e che tale vincolo potrebbe non essere stato rispettato durante i lavori di demolizione per il nuovo tracciato. La presidente Giovanna Ceiner ha dichiarato che stanno effettuando accertamenti e chiede alla magistratura di indagare su eventuali responsabilit\u00e0. La Procura ha avviato un&#8217;indagine preliminare sulla distruzione di beni culturali o paesaggistici, con possibili conseguenze penali per i responsabili. La vicenda \u00e8 complessa e coinvolge anche i prossimi Giochi Olimpici Milano Cortina 2026.<\/p>\n<p>&nbsp;<\/p>\n<p>&nbsp;<\/p>\n<blockquote>\n<h3>OLIMPIADI: SABATO UN PRESIDIO SOTTO AL PALAZZO DELLA REGIONE<\/h3>\n<\/blockquote>\n<p><strong>VENEZIA<\/strong> Sabato alle 14, presidio sotto la Regione Veneto (Stazione FS S. Lucia) in vista delle Olimpiadi Milano-Cortina 2026. Protesta contro il modello di sviluppo economico montano basato sul turismo di lusso e gli sport invernali, con critiche al progetto della pista da bob a Cortina e alle politiche che aumentano la dipendenza dal turismo, lo spopolamento delle valli e la distruzione degli ecosistemi, aggravando la crisi ecoclimatica.<\/p>\n<p>&nbsp;<\/p>\n<hr \/>\n<p>&nbsp;<\/p>\n<blockquote>\n<h3>OPERAIO DI LONGARONE MORTO IN PROVINCIA DI TORINO: IL CORDOGLIO DELLA UIL<\/h3>\n<\/blockquote>\n<p><strong><a class=\"dt-pswp-item\" href=\"https:\/\/www.radiopiu.net\/wordpress\/wp-content\/uploads\/2024\/02\/Senza-nome-20.png\" data-dt-img-description=\"\" data-large_image_width=\"271\" data-large_image_height=\"260\"><img loading=\"lazy\" decoding=\"async\" class=\" wp-image-373540 alignleft\" src=\"https:\/\/www.radiopiu.net\/wordpress\/wp-content\/uploads\/2024\/02\/Senza-nome-20.png\" alt=\"\" width=\"124\" height=\"119\" \/><\/a>BELLUNO<\/strong> Il segretario generale della Uil Veneto, Roberto Toigo, esprime cordoglio e vicinanza alla famiglia di un titolare di un&#8217;azienda, morto durante l&#8217;installazione di una gru a Rivoli, Torino. Toigo sottolinea l&#8217;amarezza e lo sconforto di fronte a tali tragedie sul lavoro, evidenziando la necessit\u00e0 di istituire il reato di omicidio sul lavoro a livello nazionale. Rileva che queste morti rappresentano una vera e propria &#8220;guerra in Occidente&#8221;. La Uil promette iniziative forti e d&#8217;impatto per sollevare la voce contro un sistema che, anzich\u00e9 costruire, distrugge e priva della dignit\u00e0 e della vita.<\/p>\n<p><strong><a class=\"dt-pswp-item\" href=\"https:\/\/www.radiopiu.net\/wordpress\/wp-content\/uploads\/2024\/01\/Senza-nome-34.png\" data-dt-img-description=\"\" data-large_image_width=\"239\" data-large_image_height=\"153\"><img loading=\"lazy\" decoding=\"async\" class=\"wp-image-369478 alignleft\" src=\"https:\/\/www.radiopiu.net\/wordpress\/wp-content\/uploads\/2024\/01\/Senza-nome-34.png\" alt=\"\" width=\"128\" height=\"82\" \/><\/a> <\/strong><\/p>\n<p><strong>\u00a0<\/strong><\/p>\n<p><strong>dal TG BELLUNESE di\u00a0 ANTENNA 3 ogni sera alle 19.30 sul canale 10 del digitale terrestre e alle 19 le anticipazioni alla radio.\u00a0 \u00a0\u00a0<\/strong><\/p>\n<p>&nbsp;<\/p>\n<blockquote>\n<h3 class=\"_title post-title entry-title\">IL TRAGICO RIPETERSI DELLE MORTI SUL LAVORO<\/h3>\n<\/blockquote>\n<p>Intervistati ROBERTO PADRIN (SINDACO LONGARONE), MASSIMILIANO PAGLINI (SEGRETARIO GENERALE CISL TREVISO BELLUNO) (Servizio di\u00a0<a href=\"https:\/\/antennatre.medianordest.it\/redazione\/Fabio-Fioravanzi\/\">Fabio Fioravanzi<\/a>)<\/p>\n<h2><span style=\"color: #0000ff;\"><strong><a style=\"color: #0000ff;\" href=\"https:\/\/youtu.be\/BmQo6zWzEH8\">VIDEO CLICCA QUI\u00a0<\/a><\/strong><\/span><\/h2>\n<p><iframe loading=\"lazy\" title=\"IL TRAGICO RIPETERSI DELLE MORTI SUL LAVORO | 07\/02\/2024\" width=\"1200\" height=\"675\" src=\"https:\/\/www.youtube.com\/embed\/BmQo6zWzEH8?feature=oembed\" frameborder=\"0\" allow=\"accelerometer; autoplay; clipboard-write; encrypted-media; gyroscope; picture-in-picture; web-share\" allowfullscreen><\/iframe><\/p>\n<p>&nbsp;<\/p>\n<hr \/>\n<p>&nbsp;<\/p>\n<blockquote>\n<h3>IL PD VENETO CHIEDE QUANDO SARA&#8217; ATTIVO ANCHE IN REGIONE IL NUMERO DI EMERGENZA UNICO EUROPEO 112<\/h3>\n<\/blockquote>\n<p><strong><a class=\"dt-pswp-item\" href=\"https:\/\/www.radiopiu.net\/wordpress\/wp-content\/uploads\/2024\/02\/112-NUMERO-UNICO.jpg\" data-dt-img-description=\"\" data-large_image_width=\"700\" data-large_image_height=\"390\"><img loading=\"lazy\" decoding=\"async\" class=\" wp-image-373624 alignleft\" src=\"https:\/\/www.radiopiu.net\/wordpress\/wp-content\/uploads\/2024\/02\/112-NUMERO-UNICO-300x167.jpg\" alt=\"\" width=\"183\" height=\"102\" srcset=\"https:\/\/www.radiopiu.net\/wordpress\/wp-content\/uploads\/2024\/02\/112-NUMERO-UNICO-300x167.jpg 300w, https:\/\/www.radiopiu.net\/wordpress\/wp-content\/uploads\/2024\/02\/112-NUMERO-UNICO.jpg 700w\" sizes=\"auto, (max-width: 183px) 100vw, 183px\" \/><\/a>VENEZIA <\/strong>&#8220;Quando sar\u00e0 attivo, in Veneto, il Numero di Emergenza Unico Europeo (NUE) 112?&#8221;. Lo chiedono direttamente al presidente Zaia i consiglieri regionali del Pd Veneto, Andrea Zanoni, Chiara Luisetto e Francesca Zottis. Nella loro interrogazione evidenziano che &#8220;sono trascorsi oltre 14 anni dalla Direttiva europea che introdusse il NUE. Il 30 marzo scorso \u00e8 stato siglato un Protocollo d\u2019intesa tra il Ministro dell\u2019Interno e Il Presidente della Giunta regionale veneta per l\u2019avvio del servizio che per\u00f2 non \u00e8 ancora stato attivato nella nostra regione&#8221;. I consiglieri dem ricordano che&#8221;lo stesso Zaia aveva parlato di avvio di una nuova era. Prevedendo un tavolo tecnico operativo tra ministero e Regione. E dunque? Che fine ha fatto il NUE?&#8221;.<\/p>\n<p>&nbsp;<\/p>\n<p>&nbsp;<\/p>\n<hr \/>\n<p>&nbsp;<\/p>\n<blockquote>\n<h3>ANCORA TENTATIVI DI TRUFFE TELEFONICHE AI DANNI DEGLI ANZIANI<\/h3>\n<\/blockquote>\n<p><strong><a class=\"dt-pswp-item\" href=\"https:\/\/www.radiopiu.net\/wordpress\/wp-content\/uploads\/2021\/05\/telefono.jpg\" data-dt-img-description=\"\" data-large_image_width=\"1920\" data-large_image_height=\"1280\"><img loading=\"lazy\" decoding=\"async\" class=\" wp-image-209013 alignleft\" src=\"https:\/\/www.radiopiu.net\/wordpress\/wp-content\/uploads\/2021\/05\/telefono-300x200.jpg\" alt=\"\" width=\"186\" height=\"124\" srcset=\"https:\/\/www.radiopiu.net\/wordpress\/wp-content\/uploads\/2021\/05\/telefono-300x200.jpg 300w, https:\/\/www.radiopiu.net\/wordpress\/wp-content\/uploads\/2021\/05\/telefono-1024x683.jpg 1024w, https:\/\/www.radiopiu.net\/wordpress\/wp-content\/uploads\/2021\/05\/telefono-768x512.jpg 768w, https:\/\/www.radiopiu.net\/wordpress\/wp-content\/uploads\/2021\/05\/telefono-1536x1024.jpg 1536w, https:\/\/www.radiopiu.net\/wordpress\/wp-content\/uploads\/2021\/05\/telefono.jpg 1920w\" sizes=\"auto, (max-width: 186px) 100vw, 186px\" \/><\/a>AGORDO<\/strong><\/p>\n<p>DI ROBERTO BONA<\/p>\n<audio class=\"wp-audio-shortcode\" id=\"audio-373525-6\" preload=\"none\" style=\"width: 100%;\" controls=\"controls\"><source type=\"audio\/mpeg\" src=\"https:\/\/www.radiopiu.net\/wordpress\/wp-content\/uploads\/2024\/02\/BONA-TRUFFE-TELEFONICHE.mp3?_=6\" \/><a href=\"https:\/\/www.radiopiu.net\/wordpress\/wp-content\/uploads\/2024\/02\/BONA-TRUFFE-TELEFONICHE.mp3\">https:\/\/www.radiopiu.net\/wordpress\/wp-content\/uploads\/2024\/02\/BONA-TRUFFE-TELEFONICHE.mp3<\/a><\/audio>\n<p>&nbsp;<\/p>\n<hr \/>\n<p>&nbsp;<\/p>\n<blockquote>\n<h3>ELEZIONI PROVINCIALI: IL FUTURO DEL CENTRODESTRA<\/h3>\n<\/blockquote>\n<p><strong><a class=\"dt-pswp-item\" href=\"https:\/\/www.radiopiu.net\/wordpress\/wp-content\/uploads\/2020\/06\/palazzo_piloni_belluno.jpg\" data-dt-img-description=\"\" data-large_image_width=\"1000\" data-large_image_height=\"667\"><img loading=\"lazy\" decoding=\"async\" class=\" wp-image-144771 alignleft\" src=\"https:\/\/www.radiopiu.net\/wordpress\/wp-content\/uploads\/2020\/06\/palazzo_piloni_belluno-300x200.jpg\" alt=\"\" width=\"164\" height=\"109\" srcset=\"https:\/\/www.radiopiu.net\/wordpress\/wp-content\/uploads\/2020\/06\/palazzo_piloni_belluno-300x200.jpg 300w, https:\/\/www.radiopiu.net\/wordpress\/wp-content\/uploads\/2020\/06\/palazzo_piloni_belluno-768x512.jpg 768w, https:\/\/www.radiopiu.net\/wordpress\/wp-content\/uploads\/2020\/06\/palazzo_piloni_belluno.jpg 1000w\" sizes=\"auto, (max-width: 164px) 100vw, 164px\" \/><\/a>BELLUNO\u00a0<\/strong>\u201cLa Lega correr\u00e0 da sola alle prossime elezioni provinciali\u201d: questa l&#8217;indicazione arrivata dal segretario regionale del Carroccio. Nel Bellunese, i partiti del centrodestra sono da tempo al lavoro per la composizione delle liste e si attende per capire quali saranno gli sviluppi.<\/p>\n<p><strong>DI DANIELE DALVIT<\/strong><\/p>\n<audio class=\"wp-audio-shortcode\" id=\"audio-373525-7\" preload=\"none\" style=\"width: 100%;\" controls=\"controls\"><source type=\"audio\/mpeg\" src=\"https:\/\/www.radiopiu.net\/wordpress\/wp-content\/uploads\/2024\/02\/Radio-Piu-Servizio-Futuro-centrodestra-provinciali.mp3?_=7\" \/><a href=\"https:\/\/www.radiopiu.net\/wordpress\/wp-content\/uploads\/2024\/02\/Radio-Piu-Servizio-Futuro-centrodestra-provinciali.mp3\">https:\/\/www.radiopiu.net\/wordpress\/wp-content\/uploads\/2024\/02\/Radio-Piu-Servizio-Futuro-centrodestra-provinciali.mp3<\/a><\/audio>\n<p>&nbsp;<\/p>\n<hr \/>\n<p>&nbsp;<\/p>\n<blockquote>\n<h3><a class=\"dt-pswp-item\" href=\"https:\/\/www.radiopiu.net\/wordpress\/wp-content\/uploads\/2024\/02\/Giorno-del-Ricordo-2024-Feltre.jpg\" data-dt-img-description=\"\" data-large_image_width=\"1414\" data-large_image_height=\"2000\"><img loading=\"lazy\" decoding=\"async\" class=\" wp-image-373622 alignleft\" src=\"https:\/\/www.radiopiu.net\/wordpress\/wp-content\/uploads\/2024\/02\/Giorno-del-Ricordo-2024-Feltre-212x300.jpg\" alt=\"\" width=\"105\" height=\"149\" srcset=\"https:\/\/www.radiopiu.net\/wordpress\/wp-content\/uploads\/2024\/02\/Giorno-del-Ricordo-2024-Feltre-212x300.jpg 212w, https:\/\/www.radiopiu.net\/wordpress\/wp-content\/uploads\/2024\/02\/Giorno-del-Ricordo-2024-Feltre-724x1024.jpg 724w, https:\/\/www.radiopiu.net\/wordpress\/wp-content\/uploads\/2024\/02\/Giorno-del-Ricordo-2024-Feltre-768x1086.jpg 768w, https:\/\/www.radiopiu.net\/wordpress\/wp-content\/uploads\/2024\/02\/Giorno-del-Ricordo-2024-Feltre-1086x1536.jpg 1086w, https:\/\/www.radiopiu.net\/wordpress\/wp-content\/uploads\/2024\/02\/Giorno-del-Ricordo-2024-Feltre.jpg 1414w\" sizes=\"auto, (max-width: 105px) 100vw, 105px\" \/><\/a>IL GIORNO DEL RICORDO A FELTRE<\/h3>\n<\/blockquote>\n<p><strong>FELTRE<\/strong> Il Comune di Feltre propone un reading speciale intitolato &#8220;Nel gorgo, muti&#8221; in occasione del Giorno del Ricordo. Realizzato da Anna Branciforti e Fabio Dalla Zuanna, il reading si basa sulla testimonianza di Graziano Udovisi e include brani di altri autori, fornendo approfondimenti storici e riflessioni sulle drammatiche vicende delle terre di Istria, Fiume e Dalmazia dal &#8217;43 al dopoguerra. L&#8217;evento si terr\u00e0 il 10 febbraio alle 20:30 presso la Galleria Rizzarda e offre un&#8217;occasione di riflessione e memoria su fatti cruciali della storia recente. L&#8217;ingresso \u00e8 libero fino ad esaurimento posti.<\/p>\n<p>&nbsp;<\/p>\n<blockquote>\n<h3>SABATO IL GIORNO DEL RICORDO A BELLUNO<\/h3>\n<\/blockquote>\n<p><strong>BELLUNO<\/strong> Sabato 10 febbraio, alle 12, si terr\u00e0 la Cerimonia commemorativa per il Giorno del Ricordo presso il monumento a piazzale Vittime delle Foibe a Belluno. L&#8217;evento omagger\u00e0 le vittime delle foibe e ricorder\u00e0 l&#8217;esodo degli italiani dalle terre istriane, fiumane e dalmate dopo la Seconda Guerra Mondiale. La cerimonia \u00e8 curata dall&#8217;Amministrazione comunale, dalla Prefettura e dall&#8217;Associazione Nazionale Venezia Giulia e Dalmazia, con interventi dell&#8217;Amministrazione comunale, del Presidente dell&#8217;Associazione Siro Maracchi e la benedizione di Mons. Giuseppe Andrich<\/p>\n<p>&nbsp;<\/p>\n<hr \/>\n<p>&nbsp;<\/p>\n<blockquote>\n<h3>DIECI ANNI DI COLLABORAZIONE TRA LA SCUOLA ROCCA DI FELTRE E L&#8217;ISBREC<\/h3>\n<\/blockquote>\n<p><strong><a class=\"dt-pswp-item\" href=\"https:\/\/www.radiopiu.net\/wordpress\/wp-content\/uploads\/2021\/11\/IC-FELTRE-Scuola-Rocca-2-1-300x169-1.jpg\" data-dt-img-description=\"\" data-large_image_width=\"300\" data-large_image_height=\"169\"><img loading=\"lazy\" decoding=\"async\" class=\" wp-image-242030 alignleft\" src=\"https:\/\/www.radiopiu.net\/wordpress\/wp-content\/uploads\/2021\/11\/IC-FELTRE-Scuola-Rocca-2-1-300x169-1.jpg\" alt=\"\" width=\"142\" height=\"80\" \/><\/a>FELTRE <\/strong>La Scuola secondaria \u201cG. Rocca\u201d di Feltre collabora da oltre 10 anni con l&#8217;ISBREC per approfondire temi storici. Quest&#8217;anno, il professor Bacchetti ha condotto un laboratorio sulla &#8220;Propaganda e guerra psicologica durante la prima guerra mondiale&#8221;. Analizzando fonti, gli studenti hanno compreso come la propaganda mirasse a convincere il popolo ad entrare in guerra e a meritarne la vittoria. La propaganda ridicolizzava il nemico, spingeva alla ribellione e dipingeva il soldato come modello di forza. Il professor Bacchetti ha sottolineato l&#8217;importanza dello studio dell&#8217;italiano e della storia per la comunicazione, la comprensione e la consapevolezza cittadina.<\/p>\n<p>&nbsp;<\/p>\n<p>&nbsp;<\/p>\n<hr \/>\n<p>&nbsp;<\/p>\n<blockquote>\n<h3>FEM FACTOR DOLOMITI: AL VIA I PRIMI DUE PERCORSI ORIENTATIVI<\/h3>\n<\/blockquote>\n<p><strong><a class=\"dt-pswp-item\" href=\"https:\/\/www.radiopiu.net\/wordpress\/wp-content\/uploads\/2024\/02\/Avvio-ufficiale-progetto-FEM-FACTOR-20.09.23-1.jpeg\" data-dt-img-description=\"\" data-large_image_width=\"1600\" data-large_image_height=\"1200\"><img loading=\"lazy\" decoding=\"async\" class=\" wp-image-373626 alignleft\" src=\"https:\/\/www.radiopiu.net\/wordpress\/wp-content\/uploads\/2024\/02\/Avvio-ufficiale-progetto-FEM-FACTOR-20.09.23-1-300x225.jpeg\" alt=\"\" width=\"128\" height=\"96\" srcset=\"https:\/\/www.radiopiu.net\/wordpress\/wp-content\/uploads\/2024\/02\/Avvio-ufficiale-progetto-FEM-FACTOR-20.09.23-1-300x225.jpeg 300w, https:\/\/www.radiopiu.net\/wordpress\/wp-content\/uploads\/2024\/02\/Avvio-ufficiale-progetto-FEM-FACTOR-20.09.23-1-1024x768.jpeg 1024w, https:\/\/www.radiopiu.net\/wordpress\/wp-content\/uploads\/2024\/02\/Avvio-ufficiale-progetto-FEM-FACTOR-20.09.23-1-768x576.jpeg 768w, https:\/\/www.radiopiu.net\/wordpress\/wp-content\/uploads\/2024\/02\/Avvio-ufficiale-progetto-FEM-FACTOR-20.09.23-1-1536x1152.jpeg 1536w, https:\/\/www.radiopiu.net\/wordpress\/wp-content\/uploads\/2024\/02\/Avvio-ufficiale-progetto-FEM-FACTOR-20.09.23-1.jpeg 1600w\" sizes=\"auto, (max-width: 128px) 100vw, 128px\" \/><\/a>BELLUNO<\/strong> Fem Factor Dolomiti presenta due nuovi percorsi gratuiti per giovani donne (18-35 anni) della provincia di Belluno, finanziati dalla Regione Veneto e dal Fondo Sociale Europeo. Il primo, &#8220;Un Ponte Verso l&#8217;Imprenditorialit\u00e0 Femminile,&#8221; offre supporto e incentiva aspiranti imprenditrici. L&#8217;evento inaugurale sar\u00e0 il 15 febbraio presso UrbanHub, Belluno. Il secondo, &#8220;Personal Branding &amp; Life Design,&#8221; gestito da Linkbeat, mira a sviluppare competenze di branding personale e progettazione della vita, con sessioni ibride inizianti il 20 febbraio. Entrambi i programmi promuovono l&#8217;empowerment femminile e la parit\u00e0 di genere.<\/p>\n<p>&nbsp;<\/p>\n<hr \/>\n<p>&nbsp;<\/p>\n<p>&nbsp;<\/p>\n<p><a class=\"dt-pswp-item\" href=\"https:\/\/www.radiopiu.net\/wordpress\/wp-content\/uploads\/2024\/02\/18bafd79-71b3-4df8-935f-26410096aa53.jpg\" data-dt-img-description=\"\" data-large_image_width=\"1920\" data-large_image_height=\"1080\"><img loading=\"lazy\" decoding=\"async\" class=\"size-medium wp-image-373683 aligncenter\" src=\"https:\/\/www.radiopiu.net\/wordpress\/wp-content\/uploads\/2024\/02\/18bafd79-71b3-4df8-935f-26410096aa53-300x169.jpg\" alt=\"\" width=\"300\" height=\"169\" srcset=\"https:\/\/www.radiopiu.net\/wordpress\/wp-content\/uploads\/2024\/02\/18bafd79-71b3-4df8-935f-26410096aa53-300x169.jpg 300w, https:\/\/www.radiopiu.net\/wordpress\/wp-content\/uploads\/2024\/02\/18bafd79-71b3-4df8-935f-26410096aa53-1024x576.jpg 1024w, https:\/\/www.radiopiu.net\/wordpress\/wp-content\/uploads\/2024\/02\/18bafd79-71b3-4df8-935f-26410096aa53-768x432.jpg 768w, https:\/\/www.radiopiu.net\/wordpress\/wp-content\/uploads\/2024\/02\/18bafd79-71b3-4df8-935f-26410096aa53-1536x864.jpg 1536w, https:\/\/www.radiopiu.net\/wordpress\/wp-content\/uploads\/2024\/02\/18bafd79-71b3-4df8-935f-26410096aa53.jpg 1920w\" sizes=\"auto, (max-width: 300px) 100vw, 300px\" \/><\/a><\/p>\n<p>Domani alla Zoppas Arena di Conegliano (TV), alle 19.00 si svolger\u00e0 una cerimonia di ringraziamento dedicata ai volontari di Protezione Civile.<\/p>\n<p><strong>L&#8217;ASSESSORE GIANPAOLO BOTTACIN\u00a0<\/strong><\/p>\n<audio class=\"wp-audio-shortcode\" id=\"audio-373525-8\" preload=\"none\" style=\"width: 100%;\" controls=\"controls\"><source type=\"audio\/mpeg\" src=\"https:\/\/www.radiopiu.net\/wordpress\/wp-content\/uploads\/2024\/02\/BOADIN.mp3?_=8\" \/><a href=\"https:\/\/www.radiopiu.net\/wordpress\/wp-content\/uploads\/2024\/02\/BOADIN.mp3\">https:\/\/www.radiopiu.net\/wordpress\/wp-content\/uploads\/2024\/02\/BOADIN.mp3<\/a><\/audio>\n<p>&nbsp;<\/p>\n<p>&nbsp;<\/p>\n<p>&nbsp;<\/p>\n<hr \/>\n<p>&nbsp;<\/p>\n<blockquote>\n<h3><a class=\"dt-pswp-item\" href=\"https:\/\/www.radiopiu.net\/wordpress\/wp-content\/uploads\/2023\/12\/polizia.png\" data-dt-img-description=\"\" data-large_image_width=\"411\" data-large_image_height=\"315\"><img loading=\"lazy\" decoding=\"async\" class=\"wp-image-366987 alignleft\" src=\"https:\/\/www.radiopiu.net\/wordpress\/wp-content\/uploads\/2023\/12\/polizia-300x230.png\" alt=\"\" width=\"166\" height=\"127\" srcset=\"https:\/\/www.radiopiu.net\/wordpress\/wp-content\/uploads\/2023\/12\/polizia-300x230.png 300w, https:\/\/www.radiopiu.net\/wordpress\/wp-content\/uploads\/2023\/12\/polizia.png 411w\" sizes=\"auto, (max-width: 166px) 100vw, 166px\" \/><\/a>POLIZIA DI STATO, NUOVO CONCORSO<\/h3>\n<\/blockquote>\n<p><strong>BELLUNO<\/strong> Sul Portale unico del reclutamento accessibile all\u2019indirizzo <a href=\"http:\/\/www.inpa.gov.it\">www.inpa.gov.it<\/a>, sono stati pubblicati i bandi di concorso pubblico, per titoli ed esami, per l\u2019assunzione di<strong> 3 commissari tecnici chimici<\/strong>,<strong> 8 commissari tecnici biologi <\/strong>e<strong> 12 commissari tecnici psicologi <\/strong>della carriera dei funzionari tecnici della Polizia di Stato. Le domande di partecipazione ai concorsi potranno essere presentate, dal 3 febbraio al 4 marzo 2024, utilizzando esclusivamente la procedura informatica<\/p>\n<p>&nbsp;<\/p>\n<hr \/>\n<p>&nbsp;<\/p>\n<h3>DAL CORRIERE DELLE ALPI, IN SINTESI LA GIUDIZIARIA<\/h3>\n<h3>DI GIGI SOSSO<\/h3>\n<p><strong>BELLUNO<\/strong> Un paziente in ospedale ha escogitato un metodo illegale per ottenere farmaci, rubando un timbro per confezionare ricette autoprodotte. Le indagini hanno condotto alla denuncia per la sparizione del timbro, l&#8217;uomo \u00e8 indagato di ricettazione e l&#8217;udienza \u00e8 stata rimandata a causa dello sciopero degli avvocati<\/p>\n<p><strong>PIEVE DI CADORE<\/strong> Il giudice Chiara Sandini ha respinto la richiesta di risarcimento danni da parte di un medico coinvolto in un incidente stradale con un animale selvatico, poich\u00e9 non \u00e8 stato possibile determinare con certezza la specie dell&#8217;animale coinvolto e se rientrasse nel patrimonio indisponibile dello Stato. Nonostante il ritrovamento di peli di animale sulla zona del parabrezza, non \u00e8 stato possibile stabilire nulla.<\/p>\n<p><strong>AURONZO<\/strong> Un 33enne cadorino \u00e8 accusato di maltrattamenti nei confronti della compagna, compresi insulti e minacce, perpetrati anche in presenza della loro figlia di due anni. La donna si costituir\u00e0 parte civile per ottenere un risarcimento dei danni subiti. Lo svolgimento del processo \u00e8 stato ritardato a causa dello sciopero delle toghe e verr\u00e0 ripreso il 5 giugno.<\/p>\n<p><strong>VALLE DI CADORE<\/strong> Un 19enne piemontese \u00e8 accusato di aver palpeggiato una turista durante le sue vacanze in Cadore. Le indagini preliminari sono state rapide e l&#8217;uomo \u00e8 ora di fronte a un&#8217;udienza filtro. La ragazza ha testimoniato dettagliatamente l&#8217;aggressione, avvenuta mentre si chinava per rinfrescarsi ad una fontana pubblica, e ha denunciato il fatto ai carabinieri di Pieve.<\/p>\n<p>&nbsp;<\/p>\n<hr \/>\n<div class=\"articlePlainTitle\"><\/div>\n<blockquote>\n<h2 class=\"articlePlainTitle\"><a class=\"dt-pswp-item\" href=\"https:\/\/www.radiopiu.net\/wordpress\/wp-content\/uploads\/2023\/07\/MUNICIPIO-VOLTAGO.jpeg\" data-dt-img-description=\"\" data-large_image_width=\"1504\" data-large_image_height=\"1116\"><img loading=\"lazy\" decoding=\"async\" class=\"wp-image-344319 alignleft\" src=\"https:\/\/www.radiopiu.net\/wordpress\/wp-content\/uploads\/2023\/07\/MUNICIPIO-VOLTAGO-300x223.jpeg\" alt=\"\" width=\"152\" height=\"113\" srcset=\"https:\/\/www.radiopiu.net\/wordpress\/wp-content\/uploads\/2023\/07\/MUNICIPIO-VOLTAGO-300x223.jpeg 300w, https:\/\/www.radiopiu.net\/wordpress\/wp-content\/uploads\/2023\/07\/MUNICIPIO-VOLTAGO-1024x760.jpeg 1024w, https:\/\/www.radiopiu.net\/wordpress\/wp-content\/uploads\/2023\/07\/MUNICIPIO-VOLTAGO-768x570.jpeg 768w, https:\/\/www.radiopiu.net\/wordpress\/wp-content\/uploads\/2023\/07\/MUNICIPIO-VOLTAGO.jpeg 1504w\" sizes=\"auto, (max-width: 152px) 100vw, 152px\" \/><\/a>Progetto per sistemare le passerelle in legno<\/h2>\n<\/blockquote>\n<div class=\"addthis_sharing_toolbox\" data-url=\"http:\/\/sfoglio.corrierealpi.gelocal.it\/share_article.php?article_id=13656040\" data-title=\"Palpeggiata alla fontana porta l'uomo a processoProgetto per sistemare le passerelle in legno\">DI GIANNI SANTOMASO<\/div>\n<div class=\"articlePlainText\"><\/div>\n<div class=\"articlePlainText\"><strong>VOLTAGO<\/strong> Le passerelle in legno in localit\u00e0 la Gioa e in Val di Rozol saranno sistemate. \u00c8 pronto infatti il progetto esecutivo redatto dall&#8217;Unione montana agordina a cui il Comune aveva chiesto collaborazione tecnica. Il progetto ammonta a 10 mila euro.\u00a0 <em>\u00abRingraziamo il Bim\u00bb, dice il sindaco Giuseppe Schena, \u00ab per il contributo in conto investimenti per l&#8217;acquisto del legname\u00bb.\u00a0\u2014<\/em><\/div>\n<p>&nbsp;<\/p>\n<p>&nbsp;<\/p>\n<p>&nbsp;<\/p>\n<hr \/>\n<p>&nbsp;<\/p>\n<blockquote>\n<h3>DOMENICA A CANALE D&#8217;AGORDO L&#8217;UNDICESIMA EDIZIONE DELLA ZINGHENESTA<\/h3>\n<\/blockquote>\n<p><strong><a class=\"dt-pswp-item\" href=\"https:\/\/www.radiopiu.net\/wordpress\/wp-content\/uploads\/2024\/02\/zinghenesta-2023-3.jpg\" data-dt-img-description=\"\" data-large_image_width=\"2000\" data-large_image_height=\"1333\"><img loading=\"lazy\" decoding=\"async\" class=\" wp-image-373610 alignleft\" src=\"https:\/\/www.radiopiu.net\/wordpress\/wp-content\/uploads\/2024\/02\/zinghenesta-2023-3-300x200.jpg\" alt=\"\" width=\"186\" height=\"124\" srcset=\"https:\/\/www.radiopiu.net\/wordpress\/wp-content\/uploads\/2024\/02\/zinghenesta-2023-3-300x200.jpg 300w, https:\/\/www.radiopiu.net\/wordpress\/wp-content\/uploads\/2024\/02\/zinghenesta-2023-3-1024x682.jpg 1024w, https:\/\/www.radiopiu.net\/wordpress\/wp-content\/uploads\/2024\/02\/zinghenesta-2023-3-768x512.jpg 768w, https:\/\/www.radiopiu.net\/wordpress\/wp-content\/uploads\/2024\/02\/zinghenesta-2023-3-1536x1024.jpg 1536w, https:\/\/www.radiopiu.net\/wordpress\/wp-content\/uploads\/2024\/02\/zinghenesta-2023-3.jpg 2000w\" sizes=\"auto, (max-width: 186px) 100vw, 186px\" \/><\/a>CANALE D&#8217;AGORDO <\/strong>Si rinnova l\u2019appuntamento con la Zinghenesta, la tradizionale festa in maschera che il Comitato La Zinghenesta di Canale d\u2019Agordo ha rivitalizzato qualche tempo fa e che domenica 11 febbraio riproporr\u00e0 per l\u2019undicesima edizione. L\u2019iniziativa coinvolger\u00e0 tutta la Valle del Biois, per l\u2019intera giornata: la sfilata partir\u00e0 alle 9 della mattina da Falcade in direzione Caviola e intorno a mezzogiorno giunger\u00e0 a Canale d\u2019Agordo, nella piazzetta di Tancon, davanti alla Casa delle Regole. Qui ci sar\u00e0 uno dei momenti pi\u00f9 importanti della giornata: la rivelazione della Zinghenesta, cio\u00e8 della ragazza pi\u00f9 bella del paese. Dopo la pausa per il pranzo, la festa riprender\u00e0 alle 14.30 con la sfilata della Zinghenesta e del suo seguito &#8220;su par strada Vecia e du par strada Nova&#8221;: Piazzetta Tancon, Via Lotta, Via Sommavilla, Via Xaiz, Via XX Agosto, Piazza Papa Luciani. Qui, alle 14.50, prender\u00e0 il via il \u201cBallo della Zinghenesta\u201d. Alle 15.30 ci sar\u00e0 il processo al Carnevale. A Canale, dalle 9.30 alle 17.30, ci sar\u00e0 anche \u201cArte in Piazza Papa Luciani\u201d, rassegna di scultura con Tita Bressan e Pompeo De Pellegrin, del \u201cConsorzio Mascherai Alpini\u201d. Dalle 19 in poi, serata danzante presso la Sala Emigranti di Via Lotta, sempre a Canale d\u2019Agordo.<\/p>\n<p>&nbsp;<\/p>\n<p>&nbsp;<\/p>\n<hr \/>\n<p>&nbsp;<\/p>\n<p><a class=\"dt-pswp-item\" href=\"https:\/\/www.radiopiu.net\/wordpress\/wp-content\/uploads\/2024\/02\/Volantino-Sot-e-sora-Tesa-ciu-nait.jpg\" data-dt-img-description=\"\" data-large_image_width=\"1129\" data-large_image_height=\"1600\"><img loading=\"lazy\" decoding=\"async\" class=\" wp-image-373577 alignleft\" src=\"https:\/\/www.radiopiu.net\/wordpress\/wp-content\/uploads\/2024\/02\/Volantino-Sot-e-sora-Tesa-ciu-nait-212x300.jpg\" alt=\"\" width=\"175\" height=\"248\" srcset=\"https:\/\/www.radiopiu.net\/wordpress\/wp-content\/uploads\/2024\/02\/Volantino-Sot-e-sora-Tesa-ciu-nait-212x300.jpg 212w, https:\/\/www.radiopiu.net\/wordpress\/wp-content\/uploads\/2024\/02\/Volantino-Sot-e-sora-Tesa-ciu-nait-723x1024.jpg 723w, https:\/\/www.radiopiu.net\/wordpress\/wp-content\/uploads\/2024\/02\/Volantino-Sot-e-sora-Tesa-ciu-nait-768x1088.jpg 768w, https:\/\/www.radiopiu.net\/wordpress\/wp-content\/uploads\/2024\/02\/Volantino-Sot-e-sora-Tesa-ciu-nait-1084x1536.jpg 1084w, https:\/\/www.radiopiu.net\/wordpress\/wp-content\/uploads\/2024\/02\/Volantino-Sot-e-sora-Tesa-ciu-nait.jpg 1129w\" sizes=\"auto, (max-width: 175px) 100vw, 175px\" \/><\/a><\/p>\n<blockquote>\n<h3>Sot e sora Tesa ciu\u2019 nait a 676 anni dalla caduta del Castello del Bongaio<\/h3>\n<\/blockquote>\n<p><strong>CHIES D&#8217;ALPAGO<\/strong> Dopo 676 anni, ritorna l&#8217;antica tradizione del collegamento tra le frazioni Garna d&#8217;Alpago e Chies d&#8217;Alpago, grazie all&#8217;iniziativa &#8220;Sot e sora Tesa ciu\u2019 nait&#8221; promossa dalla Pro Loco di Chies d&#8217;Alpago e dall&#8217;Aps Amici di Met. Il 10 febbraio, dalle 18 alle 22, si potr\u00e0 percorrere questo tragitto con degustazioni lungo il percorso, inclusi cicchetti presso locali come Bricky Bar, Molino Bevibene e Felix Bar. La serata sar\u00e0 arricchita da musica tradizionale e una navetta gratuita. Il ricavato contribuir\u00e0 alla sistemazione del &#8220;Sentiero dell&#8217;Amore&#8221;. L&#8217;evento, molto apprezzato dal presidente della Pro Loco e dal Sindaco di Chies d&#8217;Alpago, mira a promuovere la socialit\u00e0 tra i giovani della Conca alpagota. Per informazioni <span style=\"font-family: Liberation Serif, serif;\"><span style=\"font-size: medium;\">340.8782048<\/span><\/span><\/p>\n<p>&nbsp;<\/p>\n<p>&nbsp;<\/p>\n<p>&nbsp;<\/p>\n<p>&nbsp;<\/p>\n<p>&nbsp;<\/p>\n<hr \/>\n<p>&nbsp;<\/p>\n<p>&nbsp;<\/p>\n<blockquote>\n<h3>ULTIMO FINE SETTIMANA DEDICATO AI CARNEVAI DE LE VAI<\/h3>\n<\/blockquote>\n<p><strong><a class=\"dt-pswp-item\" href=\"https:\/\/www.radiopiu.net\/wordpress\/wp-content\/uploads\/2024\/02\/IMG_5813-scaled.jpeg\" data-dt-img-description=\"\" data-large_image_width=\"2560\" data-large_image_height=\"1920\"><img loading=\"lazy\" decoding=\"async\" class=\" wp-image-373136 alignleft\" src=\"https:\/\/www.radiopiu.net\/wordpress\/wp-content\/uploads\/2024\/02\/IMG_5813-300x225.jpeg\" alt=\"\" width=\"175\" height=\"131\" srcset=\"https:\/\/www.radiopiu.net\/wordpress\/wp-content\/uploads\/2024\/02\/IMG_5813-300x225.jpeg 300w, https:\/\/www.radiopiu.net\/wordpress\/wp-content\/uploads\/2024\/02\/IMG_5813-1024x768.jpeg 1024w, https:\/\/www.radiopiu.net\/wordpress\/wp-content\/uploads\/2024\/02\/IMG_5813-768x576.jpeg 768w, https:\/\/www.radiopiu.net\/wordpress\/wp-content\/uploads\/2024\/02\/IMG_5813-1536x1152.jpeg 1536w, https:\/\/www.radiopiu.net\/wordpress\/wp-content\/uploads\/2024\/02\/IMG_5813-2048x1536.jpeg 2048w\" sizes=\"auto, (max-width: 175px) 100vw, 175px\" \/><\/a>AGORDO<\/strong><\/p>\n<p>DI GIANNI SANTOMASO<\/p>\n<audio class=\"wp-audio-shortcode\" id=\"audio-373525-9\" preload=\"none\" style=\"width: 100%;\" controls=\"controls\"><source type=\"audio\/mpeg\" src=\"https:\/\/www.radiopiu.net\/wordpress\/wp-content\/uploads\/2024\/02\/GIANNI-ULTIMO-FINE-SETTIMANA-DEDICATO-AI-CARNEVAI-DE-LE-VAI.mp3?_=9\" \/><a href=\"https:\/\/www.radiopiu.net\/wordpress\/wp-content\/uploads\/2024\/02\/GIANNI-ULTIMO-FINE-SETTIMANA-DEDICATO-AI-CARNEVAI-DE-LE-VAI.mp3\">https:\/\/www.radiopiu.net\/wordpress\/wp-content\/uploads\/2024\/02\/GIANNI-ULTIMO-FINE-SETTIMANA-DEDICATO-AI-CARNEVAI-DE-LE-VAI.mp3<\/a><\/audio>\n<p>&nbsp;<\/p>\n<p><strong>Sabato 10 febbraio<\/strong> carnevale con la Mascoreda di Sottoguda e il giorno successivo la Zinghenesta a Canale d&#8217;Agordo<\/p>\n<p>(foto archivio Associazione Borgo Sottoguda, carnevale a Sottoguda),<\/p>\n\n\t\t\t<style type='text\/css'>\n\t\t\t\t#gallery-1 {\n\t\t\t\t\tmargin: auto;\n\t\t\t\t}\n\t\t\t\t#gallery-1 .gallery-item {\n\t\t\t\t\tfloat: left;\n\t\t\t\t\tmargin-top: 10px;\n\t\t\t\t\ttext-align: center;\n\t\t\t\t\twidth: 33%;\n\t\t\t\t}\n\t\t\t\t#gallery-1 img {\n\t\t\t\t\tborder: 2px solid #cfcfcf;\n\t\t\t\t}\n\t\t\t\t#gallery-1 .gallery-caption {\n\t\t\t\t\tmargin-left: 0;\n\t\t\t\t}\n\t\t\t\t\/* see gallery_shortcode() in wp-includes\/media.php *\/\n\t\t\t<\/style>\n\t\t<div id='gallery-1' class='dt-gallery-container gallery galleryid-373525 gallery-columns-3 gallery-size-thumbnail'><dl class='gallery-item'>\n\t\t\t\t<dt class='gallery-icon portrait'>\n\t\t\t\t\t<a class=\"rollover rollover-zoom dt-pswp-item\" title=\"4e9ca98c-9631-48fd-a7d4-511737969234\" data-dt-img-description=\"\" data-large_image_width=\"1240\" data-large_image_height=\"1755\"href='https:\/\/www.radiopiu.net\/wordpress\/wp-content\/uploads\/2024\/02\/4e9ca98c-9631-48fd-a7d4-511737969234.jpg'><img loading=\"lazy\" decoding=\"async\" width=\"150\" height=\"150\" src=\"https:\/\/www.radiopiu.net\/wordpress\/wp-content\/uploads\/2024\/02\/4e9ca98c-9631-48fd-a7d4-511737969234-150x150.jpg\" class=\"attachment-thumbnail size-thumbnail\" alt=\"\" \/><\/a>\n\t\t\t\t<\/dt><\/dl><dl class='gallery-item'>\n\t\t\t\t<dt class='gallery-icon landscape'>\n\t\t\t\t\t<a class=\"rollover rollover-zoom dt-pswp-item\" title=\"018603ad-904f-4edf-81ee-e98ff50a41f0\" data-dt-img-description=\"\" data-large_image_width=\"1200\" data-large_image_height=\"800\"href='https:\/\/www.radiopiu.net\/wordpress\/wp-content\/uploads\/2024\/02\/018603ad-904f-4edf-81ee-e98ff50a41f0.jpg'><img loading=\"lazy\" decoding=\"async\" width=\"150\" height=\"150\" src=\"https:\/\/www.radiopiu.net\/wordpress\/wp-content\/uploads\/2024\/02\/018603ad-904f-4edf-81ee-e98ff50a41f0-150x150.jpg\" class=\"attachment-thumbnail size-thumbnail\" alt=\"\" \/><\/a>\n\t\t\t\t<\/dt><\/dl><dl class='gallery-item'>\n\t\t\t\t<dt class='gallery-icon landscape'>\n\t\t\t\t\t<a class=\"rollover rollover-zoom dt-pswp-item\" title=\"b6a50891-0362-4b33-bb7c-797d6278528b\" data-dt-img-description=\"\" data-large_image_width=\"1200\" data-large_image_height=\"800\"href='https:\/\/www.radiopiu.net\/wordpress\/wp-content\/uploads\/2024\/02\/b6a50891-0362-4b33-bb7c-797d6278528b.jpg'><img loading=\"lazy\" decoding=\"async\" width=\"150\" height=\"150\" src=\"https:\/\/www.radiopiu.net\/wordpress\/wp-content\/uploads\/2024\/02\/b6a50891-0362-4b33-bb7c-797d6278528b-150x150.jpg\" class=\"attachment-thumbnail size-thumbnail\" alt=\"\" \/><\/a>\n\t\t\t\t<\/dt><\/dl><br style=\"clear: both\" \/>\n\t\t\t<\/div>\n\n<p>&nbsp;<\/p>\n<hr \/>\n<p>&nbsp;<\/p>\n<blockquote>\n<h3>SEZIONE AGORDINA DEL CLUB ALPINO ITALIANO &#8220;IN BUONA SALUTE&#8221;<\/h3>\n<\/blockquote>\n<p style=\"text-align: left;\"><strong><a class=\"dt-pswp-item\" href=\"https:\/\/www.radiopiu.net\/wordpress\/wp-content\/uploads\/2024\/02\/cai-agordo.png\" data-dt-img-description=\"\" data-large_image_width=\"611\" data-large_image_height=\"154\"><img loading=\"lazy\" decoding=\"async\" class=\"size-medium wp-image-373654 alignleft\" src=\"https:\/\/www.radiopiu.net\/wordpress\/wp-content\/uploads\/2024\/02\/cai-agordo-300x76.png\" alt=\"\" width=\"300\" height=\"76\" srcset=\"https:\/\/www.radiopiu.net\/wordpress\/wp-content\/uploads\/2024\/02\/cai-agordo-300x76.png 300w, https:\/\/www.radiopiu.net\/wordpress\/wp-content\/uploads\/2024\/02\/cai-agordo.png 611w\" sizes=\"auto, (max-width: 300px) 100vw, 300px\" \/><\/a>AGORDO<\/strong> La Sezione Agordina del CAI gode di ottima salute, grazie agli sforzi del Consiglio direttivo e delle varie Commissioni negli ultimi anni. Questi sforzi hanno portato ad un aumento dei Soci, come evidenziato nell&#8217;ultima Assemblea Sezionale, e hanno contribuito a far superare i 1000 iscritti al notiziario CAIinFORM. Questo successo \u00e8 stato possibile grazie ai nuovi Soci che si sono uniti al gruppo degli Escursionisti e a coloro che frequentano il Corso SA1 di Scialpinismo. Per il redattore del notiziario, Fulvio Zasso e, per la dirigenza della Sezione, questo traguardo \u00e8 motivo di grande orgoglio, testimoniato dalla manifestazione di consensi positivi nei confronti del notiziario e del suo contributo nel fornire stimoli e continuit\u00e0 al servizio. In breve, un grande ringraziamento a tutti coloro che hanno contribuito a questo risultato. Prossimo appuntamento con le escursioni domenica\u00a0 sull&#8217;altopiano del Cansiglio. ISCRIZIONI: al 380.6983040 dalle ore 16.00 alle ore 21.00 entro domani<\/p>\n<p>&nbsp;<\/p>\n<hr \/>\n<p>&nbsp;<\/p>\n<p>&nbsp;<\/p>\n<blockquote class=\"wp-embedded-content\" data-secret=\"fQ3zCEzJuR\"><p><a href=\"https:\/\/www.radiopiu.net\/wordpress\/373425-2\/\">Tesori della Collina delle Mele al Mas di Sedico: Un Viaggio nelle Tradizioni di Remo e Gigliola<\/a><\/p><\/blockquote>\n<p><iframe loading=\"lazy\" class=\"wp-embedded-content\" sandbox=\"allow-scripts\" security=\"restricted\" style=\"position: absolute; clip: rect(1px, 1px, 1px, 1px);\" title=\"&#8220;Tesori della Collina delle Mele al Mas di Sedico: Un Viaggio nelle Tradizioni di Remo e Gigliola&#8221; &#8212; Radio Pi\u00f9\" src=\"https:\/\/www.radiopiu.net\/wordpress\/373425-2\/embed\/#?secret=OFdzJZDgIo#?secret=fQ3zCEzJuR\" data-secret=\"fQ3zCEzJuR\" width=\"600\" height=\"338\" frameborder=\"0\" marginwidth=\"0\" marginheight=\"0\" scrolling=\"no\"><\/iframe><\/p>\n<p>&nbsp;<\/p>\n<p>&nbsp;<\/p>\n<hr \/>\n<p>&nbsp;<\/p>\n<p><strong><a class=\"dt-pswp-item\" href=\"https:\/\/www.radiopiu.net\/wordpress\/wp-content\/uploads\/2024\/01\/Senza-nome-34.png\" data-dt-img-description=\"\" data-large_image_width=\"239\" data-large_image_height=\"153\"><img loading=\"lazy\" decoding=\"async\" class=\"wp-image-369478 alignleft\" src=\"https:\/\/www.radiopiu.net\/wordpress\/wp-content\/uploads\/2024\/01\/Senza-nome-34.png\" alt=\"\" width=\"128\" height=\"82\" \/><\/a> <\/strong><\/p>\n<p><strong>\u00a0<\/strong><\/p>\n<p><strong>dal TG BELLUNESE di\u00a0 ANTENNA 3 ogni sera alle 19.30 sul canale 10 del digitale terrestre e alle 19 le anticipazioni alla radio.\u00a0 \u00a0<\/strong><\/p>\n<p>&nbsp;<\/p>\n<hr \/>\n<p>&nbsp;<\/p>\n<blockquote>\n<h3>IERI SERA ALLA RADIO&#8230; COME UNA VOLTA. LA GRANDE MUSICA CON ALEX NASCINBEN<\/h3>\n<p><span style=\"color: #0000ff;\"><strong><a style=\"color: #0000ff;\" href=\"https:\/\/www.youtube.com\/watch?v=FxryPauN8h0\">VIDEO CLICCA QUI\u00a0<\/a><\/strong><\/span><\/p><\/blockquote>\n<p><iframe loading=\"lazy\" title=\"LA SERA CON ALEX - 07 FEBBRAIO 2024\" width=\"1200\" height=\"675\" src=\"https:\/\/www.youtube.com\/embed\/FxryPauN8h0?feature=oembed\" frameborder=\"0\" allow=\"accelerometer; autoplay; clipboard-write; encrypted-media; gyroscope; picture-in-picture; web-share\" allowfullscreen><\/iframe><\/p>\n<p>&nbsp;<\/p>\n<hr \/>\n<p>&nbsp;<\/p>\n<blockquote>\n<h3>ASCA CERCA OPERATORI SOCIO SANITARI<\/h3>\n<\/blockquote>\n<p><strong><a class=\"dt-pswp-item\" href=\"https:\/\/www.radiopiu.net\/wordpress\/wp-content\/uploads\/2020\/04\/ASCA.png\" data-dt-img-description=\"\" data-large_image_width=\"1211\" data-large_image_height=\"668\"><img loading=\"lazy\" decoding=\"async\" class=\" wp-image-128881 alignleft\" src=\"https:\/\/www.radiopiu.net\/wordpress\/wp-content\/uploads\/2020\/04\/ASCA-300x165.png\" alt=\"\" width=\"157\" height=\"86\" srcset=\"https:\/\/www.radiopiu.net\/wordpress\/wp-content\/uploads\/2020\/04\/ASCA-300x165.png 300w, https:\/\/www.radiopiu.net\/wordpress\/wp-content\/uploads\/2020\/04\/ASCA-1024x565.png 1024w, https:\/\/www.radiopiu.net\/wordpress\/wp-content\/uploads\/2020\/04\/ASCA-768x424.png 768w, https:\/\/www.radiopiu.net\/wordpress\/wp-content\/uploads\/2020\/04\/ASCA.png 1211w\" sizes=\"auto, (max-width: 157px) 100vw, 157px\" \/><\/a>AGORDO<\/strong> L&#8217;A.S.C.A. ha pubblicato un avviso di selezione per creare una graduatoria di idoneit\u00e0 volta all&#8217;assunzione di Operatori Socio Sanitari (OSS) a tempo determinato e indeterminato, sia a tempo pieno che parziale, presso le sedi di Agordo, Taibon Agordino e i Comuni Agordini per il servizio domiciliare. Il contratto di riferimento \u00e8 regolato dal CCNL UNEBA, con un trattamento economico basato sul livello contrattuale 4S, incluso un superminimo di \u20ac2.502,39 lordi annui. Vengono offerti vantaggi quali l&#8217;accesso al Welfare Aziendale e la possibilit\u00e0 di sistemazione abitativa gratuita per 8 mesi, con eventuali costi per le utenze. Scadenza domande entro venerd\u00ec 23 febbraio alle 12.<\/p>\n<p>&nbsp;<\/p>\n<p>&nbsp;<\/p>\n<hr \/>\n<p>&nbsp;<\/p>\n<blockquote>\n<h3>CORSI DI INGLESE E SPAGNOLO CON L&#8217;ABM<\/h3>\n<\/blockquote>\n<p><strong>BELLUNO<\/strong> L&#8217;Associazione Bellunesi nel Mondo, con la Biblioteca delle Migrazioni &#8220;Dino Buzzati&#8221; e la docente Giulia Francescon, presenta due corsi di lingua inglese e spagnola. &#8220;English for Everybody&#8221; mira a potenziare le competenze linguistiche, focalizzandosi su vocabolario e frasi utili per la vita quotidiana. Il corso \u00e8 per chi ha una conoscenza minima dell&#8217;inglese, ogni gioved\u00ec dalle 18 alle 20, dal 7 marzo al 16 maggio 2024. &#8220;\u00bfQui\u00e9n habla espa\u00f1ol?&#8221; \u00e8 per chi si avvicina allo spagnolo, con focus su grammatica e lessico di base per la sopravvivenza quotidiana. Lezioni ogni mercoled\u00ec dalle 18 alle 20, dal 6 marzo al 15 maggio 2024.<\/p>\n<p>&nbsp;<\/p>\n<p>&nbsp;<\/p>\n<hr \/>\n<p>&nbsp;<\/p>\n<blockquote>\n<h3>&#8220;L&#8217;acqua che scorre&#8221;. GRUPPO SPELELOGICO DEL CAI DI FELTRE, seconda serata<\/h3>\n<p><strong>REDAZIONE<\/strong>\u00a0 Domani alle 20.30 in sala polifunzionale di Pradenich di Cesiomaggiore. Relatori, Mauro Valt, nivologo di ARPAV, e Bartolomeo Vigna, professore emerito del Dipartimento di Ingegneria dell&#8217;Ambiente del Territorio e delle Infrastrutture del Politecnico di Torino, discuteranno sull&#8217;evoluzione degli accumuli nivali e glaciali come preziose riserve d&#8217;acqua in alcune aree dell&#8217;arco alpino.<\/p><\/blockquote>\n<p>&nbsp;<\/p>\n<hr \/>\n<p>&nbsp;<\/p>\n<blockquote>\n<h1><span style=\"color: #339966;\">G R A N D I<\/span>\u00a0 \u00a0 E V E N T I<\/h1>\n<h1>NELL&#8217;\u00a0 <span style=\"color: #ff0000;\">A G O R D I N O\u00a0<\/span><\/h1>\n<\/blockquote>\n<h2><a class=\"dt-pswp-item\" href=\"https:\/\/www.radiopiu.net\/wordpress\/wp-content\/uploads\/2023\/05\/R_LA-VOLATA-S-PELLEGRINO-DH-2017PHOTO-ELVIS.jpg\" data-dt-img-description=\"PASSO SAN PELLEGRINO MOENA ITA - 21DICEMBRE 2017 COPPA EUROPA DISCESA LIBERA FEMMINILE TROFEO LA VOLATA - MEMORIAL ALBERTO VENDRUSCOLO VINCITRICE SUTER GIULIANA SUI davanti a HOFER HANNA ITA e KOLLY NOEMIE SUI &quot;Copyright PHOTO ELVIS&quot;\" data-large_image_width=\"2000\" data-large_image_height=\"1337\"><img loading=\"lazy\" decoding=\"async\" class=\"wp-image-337460 alignleft\" src=\"https:\/\/www.radiopiu.net\/wordpress\/wp-content\/uploads\/2023\/05\/R_LA-VOLATA-S-PELLEGRINO-DH-2017PHOTO-ELVIS-300x201.jpg\" alt=\"\" width=\"187\" height=\"125\" srcset=\"https:\/\/www.radiopiu.net\/wordpress\/wp-content\/uploads\/2023\/05\/R_LA-VOLATA-S-PELLEGRINO-DH-2017PHOTO-ELVIS-300x201.jpg 300w, https:\/\/www.radiopiu.net\/wordpress\/wp-content\/uploads\/2023\/05\/R_LA-VOLATA-S-PELLEGRINO-DH-2017PHOTO-ELVIS-1024x685.jpg 1024w, https:\/\/www.radiopiu.net\/wordpress\/wp-content\/uploads\/2023\/05\/R_LA-VOLATA-S-PELLEGRINO-DH-2017PHOTO-ELVIS-768x513.jpg 768w, https:\/\/www.radiopiu.net\/wordpress\/wp-content\/uploads\/2023\/05\/R_LA-VOLATA-S-PELLEGRINO-DH-2017PHOTO-ELVIS-1536x1027.jpg 1536w, https:\/\/www.radiopiu.net\/wordpress\/wp-content\/uploads\/2023\/05\/R_LA-VOLATA-S-PELLEGRINO-DH-2017PHOTO-ELVIS.jpg 2000w\" sizes=\"auto, (max-width: 187px) 100vw, 187px\" \/><\/a>LA &#8220;VOLATA&#8221; IN MONDOVISIONE, SKI AREA SAN PELLEGRINO IN FERMENTO<\/h2>\n<p><span style=\"color: #0000ff;\"><strong>AUDIO<\/strong><\/span><\/p>\n<p><span style=\"color: #0000ff;\"><strong>DI MIRKO MEZZACASA &#8211; OSPITE RENZO MINELLA<\/strong><\/span><\/p>\n<audio class=\"wp-audio-shortcode\" id=\"audio-373525-10\" preload=\"none\" style=\"width: 100%;\" controls=\"controls\"><source type=\"audio\/mpeg\" src=\"https:\/\/www.radiopiu.net\/wordpress\/wp-content\/uploads\/2024\/01\/RENZO-MINELLA-GENNAIO2024.mp3?_=10\" \/><a href=\"https:\/\/www.radiopiu.net\/wordpress\/wp-content\/uploads\/2024\/01\/RENZO-MINELLA-GENNAIO2024.mp3\">https:\/\/www.radiopiu.net\/wordpress\/wp-content\/uploads\/2024\/01\/RENZO-MINELLA-GENNAIO2024.mp3<\/a><\/audio>\n<p>&nbsp;<\/p>\n<hr \/>\n<p>&nbsp;<\/p>\n<h2><span style=\"color: #ff6600;\">IERI ALLA RADIO\u00a0<\/span><\/h2>\n<p>&nbsp;<\/p>\n<blockquote>\n<h2>CISL E FEMCA CISL LA VOCE PER I LAVORATORI<\/h2>\n<\/blockquote>\n<p><img loading=\"lazy\" decoding=\"async\" class=\"alignleft\" src=\"https:\/\/www.radiopiu.net\/wordpress\/wp-content\/uploads\/2024\/02\/EBAV-NUOVO-SITO.jpg\" width=\"128\" height=\"72\" \/>07 FEBBRAIO 2024<\/p>\n<h3>PUNTATA 59, ALESSIO PICCOLI<\/h3>\n<audio class=\"wp-audio-shortcode\" id=\"audio-373525-11\" preload=\"none\" style=\"width: 100%;\" controls=\"controls\"><source type=\"audio\/mpeg\" src=\"https:\/\/www.radiopiu.net\/wordpress\/wp-content\/uploads\/2024\/02\/FEMCA-CISL.mp3?_=11\" \/><a href=\"https:\/\/www.radiopiu.net\/wordpress\/wp-content\/uploads\/2024\/02\/FEMCA-CISL.mp3\">https:\/\/www.radiopiu.net\/wordpress\/wp-content\/uploads\/2024\/02\/FEMCA-CISL.mp3<\/a><\/audio>\n<p>&nbsp;<\/p>\n<p>&nbsp;<\/p>\n<p>&nbsp;<\/p>\n<blockquote>\n<h2><a class=\"dt-pswp-item\" href=\"https:\/\/www.radiopiu.net\/wordpress\/wp-content\/uploads\/2023\/06\/Scuola_Don_Zalivani.jpg\" data-dt-img-description=\"\" data-large_image_width=\"1152\" data-large_image_height=\"768\"><img loading=\"lazy\" decoding=\"async\" class=\"wp-image-339897 alignleft\" src=\"https:\/\/www.radiopiu.net\/wordpress\/wp-content\/uploads\/2023\/06\/Scuola_Don_Zalivani-300x200.jpg\" alt=\"\" width=\"194\" height=\"129\" srcset=\"https:\/\/www.radiopiu.net\/wordpress\/wp-content\/uploads\/2023\/06\/Scuola_Don_Zalivani-300x200.jpg 300w, https:\/\/www.radiopiu.net\/wordpress\/wp-content\/uploads\/2023\/06\/Scuola_Don_Zalivani-1024x683.jpg 1024w, https:\/\/www.radiopiu.net\/wordpress\/wp-content\/uploads\/2023\/06\/Scuola_Don_Zalivani-768x512.jpg 768w, https:\/\/www.radiopiu.net\/wordpress\/wp-content\/uploads\/2023\/06\/Scuola_Don_Zalivani.jpg 1152w\" sizes=\"auto, (max-width: 194px) 100vw, 194px\" \/><\/a>SE NON LA SMETTI TI MANDO DAL PRESIDE<\/h2>\n<\/blockquote>\n<p>IN COLLABORAZIONE CON SUPERMERCATI SUPERW, IL MERCOLEDI ALLE 10.30 ALLA RADIO CON LA PROF. MARIA ROSA SALMAZO (anche ALLE 19 E ALLE 8 LA DOMENICA)<\/p>\n<p><strong>di mirko mezzacasa<\/strong><\/p>\n<p><strong>AUDIO\u00a0<\/strong><\/p>\n<audio class=\"wp-audio-shortcode\" id=\"audio-373525-12\" preload=\"none\" style=\"width: 100%;\" controls=\"controls\"><source type=\"audio\/mpeg\" src=\"https:\/\/www.radiopiu.net\/wordpress\/wp-content\/uploads\/2024\/02\/PRESIDE.mp3?_=12\" \/><a href=\"https:\/\/www.radiopiu.net\/wordpress\/wp-content\/uploads\/2024\/02\/PRESIDE.mp3\">https:\/\/www.radiopiu.net\/wordpress\/wp-content\/uploads\/2024\/02\/PRESIDE.mp3<\/a><\/audio>\n<p>&nbsp;<\/p>\n<p>&nbsp;<\/p>\n<h2><span style=\"color: #ff00ff;\">VANESSA CAGNATI E LE OLIMPIADI GIOVANILI IN COREA<\/span><\/h2>\n<p><strong><a class=\"dt-pswp-item\" href=\"https:\/\/www.radiopiu.net\/wordpress\/wp-content\/uploads\/2024\/02\/58dc4739-4393-440f-ac44-06acbc9a4c40.jpg\" data-dt-img-description=\"\" data-large_image_width=\"1600\" data-large_image_height=\"1200\"><img loading=\"lazy\" decoding=\"async\" class=\" wp-image-373522 alignleft\" src=\"https:\/\/www.radiopiu.net\/wordpress\/wp-content\/uploads\/2024\/02\/58dc4739-4393-440f-ac44-06acbc9a4c40-300x225.jpg\" alt=\"\" width=\"148\" height=\"111\" srcset=\"https:\/\/www.radiopiu.net\/wordpress\/wp-content\/uploads\/2024\/02\/58dc4739-4393-440f-ac44-06acbc9a4c40-300x225.jpg 300w, https:\/\/www.radiopiu.net\/wordpress\/wp-content\/uploads\/2024\/02\/58dc4739-4393-440f-ac44-06acbc9a4c40-1024x768.jpg 1024w, https:\/\/www.radiopiu.net\/wordpress\/wp-content\/uploads\/2024\/02\/58dc4739-4393-440f-ac44-06acbc9a4c40-768x576.jpg 768w, https:\/\/www.radiopiu.net\/wordpress\/wp-content\/uploads\/2024\/02\/58dc4739-4393-440f-ac44-06acbc9a4c40-1536x1152.jpg 1536w, https:\/\/www.radiopiu.net\/wordpress\/wp-content\/uploads\/2024\/02\/58dc4739-4393-440f-ac44-06acbc9a4c40.jpg 1600w\" sizes=\"auto, (max-width: 148px) 100vw, 148px\" \/><\/a>di Marco Gaz<\/strong><\/p>\n<p><strong>REDAZIONE<\/strong> \u00c8 tornata in Italia da pochi giorni ma la soddisfazione e l&#8217;entusiasmo si leggono negli occhi di Vanessa Cagnati, la ragazza dello Sci Club Val Biois che ha avuto l&#8217;opportunit\u00e0 di andara a Gangwon in Corea per i Giochi Olimpici Giovanili e rappresentare l&#8217;Italia nello sci nordico. Dal viaggio in oriente alle gare, passando per l&#8217;approccio allo sport e i suoi primi fans. Un&#8217;intervista a 360\u00b0 alla ragazza di Falcade con le idee chiare per il futuro.<\/p>\n<p><strong>L&#8217;INTERVISTA A VANESSA CAGNATI<\/strong><\/p>\n<audio class=\"wp-audio-shortcode\" id=\"audio-373525-13\" preload=\"none\" style=\"width: 100%;\" controls=\"controls\"><source type=\"audio\/mpeg\" src=\"https:\/\/www.radiopiu.net\/wordpress\/wp-content\/uploads\/2024\/02\/VANESSA-CAGNATI-2024.mp3?_=13\" \/><a href=\"https:\/\/www.radiopiu.net\/wordpress\/wp-content\/uploads\/2024\/02\/VANESSA-CAGNATI-2024.mp3\">https:\/\/www.radiopiu.net\/wordpress\/wp-content\/uploads\/2024\/02\/VANESSA-CAGNATI-2024.mp3<\/a><\/audio>\n<p>&nbsp;<\/p>\n<p>&nbsp;<\/p>\n<hr \/>\n<p>&nbsp;<\/p>\n<blockquote>\n<h3>AL RIFUGIO LARESEI&#8230;SAVE THE DATE FESTIVAL<\/h3>\n<\/blockquote>\n<p><strong>REDAZIONE<\/strong> Il 7 aprile \u00e8 la data segnare sul calendario. Anche quest&#8217;anno la festa di fine stagione \u00e8 al Rifugio Laresei con il Save The Date Festival. Lavori in corso&#8230;work in progres in vista della giornata di fine stagione.<\/p>\n<div style=\"width: 848px;\" class=\"wp-video\"><video class=\"wp-video-shortcode\" id=\"video-373525-1\" width=\"848\" height=\"480\" preload=\"metadata\" controls=\"controls\"><source type=\"video\/mp4\" src=\"https:\/\/www.radiopiu.net\/wordpress\/wp-content\/uploads\/2024\/02\/WhatsApp-Video-2024-02-06-at-15.58.04.mp4?_=1\" \/><a href=\"https:\/\/www.radiopiu.net\/wordpress\/wp-content\/uploads\/2024\/02\/WhatsApp-Video-2024-02-06-at-15.58.04.mp4\">https:\/\/www.radiopiu.net\/wordpress\/wp-content\/uploads\/2024\/02\/WhatsApp-Video-2024-02-06-at-15.58.04.mp4<\/a><\/video><\/div>\n<p>&nbsp;<\/p>\n<p>&nbsp;<\/p>\n<hr \/>\n<p>&nbsp;<\/p>\n<blockquote>\n<h2><\/h2>\n<h2>GRANDI EVENTI NELL&#8217;AGORDINO, IMPRENDITORI E VOLONTARI IN CATTEDRA<\/h2>\n<\/blockquote>\n<p><strong><img loading=\"lazy\" decoding=\"async\" class=\"alignleft\" src=\"https:\/\/www.radiopiu.net\/wordpress\/wp-content\/uploads\/2024\/02\/422062562_737112145187628_3140847938294000004_n-300x300.jpg\" width=\"228\" height=\"228\" \/>REDAZIONE<\/strong> E&#8217; giusto che grandi eventi per la festa di fine anno o per i family day vengano pubblicizzati nel mondo,\u00a0 che fa bene anche alla Borsa, ma \u00e8 altrettanto giusto dare voce a chi, pur non contando su milioni di euro come le multinazionali, si impegna e <a class=\"dt-pswp-item\" href=\"https:\/\/www.radiopiu.net\/wordpress\/wp-content\/uploads\/2024\/02\/be42d47d-f3b2-40bd-8998-087d7704ac67.jpg\" data-dt-img-description=\"\" data-large_image_width=\"2048\" data-large_image_height=\"2048\"><img loading=\"lazy\" decoding=\"async\" class=\" wp-image-373483 alignright\" src=\"https:\/\/www.radiopiu.net\/wordpress\/wp-content\/uploads\/2024\/02\/be42d47d-f3b2-40bd-8998-087d7704ac67-300x300.jpg\" alt=\"\" width=\"165\" height=\"165\" srcset=\"https:\/\/www.radiopiu.net\/wordpress\/wp-content\/uploads\/2024\/02\/be42d47d-f3b2-40bd-8998-087d7704ac67-300x300.jpg 300w, https:\/\/www.radiopiu.net\/wordpress\/wp-content\/uploads\/2024\/02\/be42d47d-f3b2-40bd-8998-087d7704ac67-1024x1024.jpg 1024w, https:\/\/www.radiopiu.net\/wordpress\/wp-content\/uploads\/2024\/02\/be42d47d-f3b2-40bd-8998-087d7704ac67-150x150.jpg 150w, https:\/\/www.radiopiu.net\/wordpress\/wp-content\/uploads\/2024\/02\/be42d47d-f3b2-40bd-8998-087d7704ac67-768x768.jpg 768w, https:\/\/www.radiopiu.net\/wordpress\/wp-content\/uploads\/2024\/02\/be42d47d-f3b2-40bd-8998-087d7704ac67-1536x1536.jpg 1536w, https:\/\/www.radiopiu.net\/wordpress\/wp-content\/uploads\/2024\/02\/be42d47d-f3b2-40bd-8998-087d7704ac67.jpg 2048w\" sizes=\"auto, (max-width: 165px) 100vw, 165px\" \/><\/a>sacrifica per portare tra le montagne, che non ha bacini di utenza come la citt\u00e0, grandi nomi. C&#8217;\u00e8 chi in passato lo ha fatto organizzando concerti e spettacoli e chi oggi lo fa portando in vallata grandi nomi. <strong>IMPRENDITORI LOCALI<\/strong> al Rifugio Laresei il prossimo 7 aprile, con grandi nomi della musica, giornalismo, sport e i nostri grandi dj. Il 3 marzo al Belvedere della famiglia Torre arriva Mario Fargetta, altro grande spettacolo sempre con i dj resident orgoglio della nostra vallata.<strong> VOLONTARI<\/strong> E poi ci sono i volontari, di Taibon, Gruppo-Sportivo-Proloco-Donatori del Sangue gi\u00e0 al lavoro per la sagra de Pasca, visto il programma possiamo garantire che sar\u00e0 un successo dal giovedi con montagna e sport agli altri tre giorni con la grande musica&#8230; e gli immancabili dj di casa nostra.<\/p>\n<p><strong>ASCOLTA GLI APPUNTAMENTI ALLA RADIO\u00a0<\/strong><\/p>\n<p>&nbsp;<\/p>\n<p>SELVA DI CADORE<\/p>\n<audio class=\"wp-audio-shortcode\" id=\"audio-373525-14\" preload=\"none\" style=\"width: 100%;\" controls=\"controls\"><source type=\"audio\/mpeg\" src=\"https:\/\/www.radiopiu.net\/wordpress\/wp-content\/uploads\/2024\/02\/fargetta-rif-c.mp3?_=14\" \/><a href=\"https:\/\/www.radiopiu.net\/wordpress\/wp-content\/uploads\/2024\/02\/fargetta-rif-c.mp3\">https:\/\/www.radiopiu.net\/wordpress\/wp-content\/uploads\/2024\/02\/fargetta-rif-c.mp3<\/a><\/audio>\n<p>&nbsp;<\/p>\n<p>FALCADE<\/p>\n<audio class=\"wp-audio-shortcode\" id=\"audio-373525-15\" preload=\"none\" style=\"width: 100%;\" controls=\"controls\"><source type=\"audio\/mpeg\" src=\"https:\/\/www.radiopiu.net\/wordpress\/wp-content\/uploads\/2024\/02\/laresei-c.mp3?_=15\" \/><a href=\"https:\/\/www.radiopiu.net\/wordpress\/wp-content\/uploads\/2024\/02\/laresei-c.mp3\">https:\/\/www.radiopiu.net\/wordpress\/wp-content\/uploads\/2024\/02\/laresei-c.mp3<\/a><\/audio>\n<p>&nbsp;<\/p>\n<p>TAIBON<\/p>\n<audio class=\"wp-audio-shortcode\" id=\"audio-373525-16\" preload=\"none\" style=\"width: 100%;\" controls=\"controls\"><source type=\"audio\/mpeg\" src=\"https:\/\/www.radiopiu.net\/wordpress\/wp-content\/uploads\/2024\/02\/PASCA_BA.mp3?_=16\" \/><a href=\"https:\/\/www.radiopiu.net\/wordpress\/wp-content\/uploads\/2024\/02\/PASCA_BA.mp3\">https:\/\/www.radiopiu.net\/wordpress\/wp-content\/uploads\/2024\/02\/PASCA_BA.mp3<\/a><\/audio>\n<p>&nbsp;<\/p>\n<p>&nbsp;<\/p>\n<p>&nbsp;<\/p>\n<p>&nbsp;<\/p>\n<hr \/>\n<p>&nbsp;<\/p>\n<blockquote>\n<h3>ARIA D&#8217;INVERN, IL CONCORSO FOTOGRAFICO<\/h3>\n<\/blockquote>\n<p><strong><img loading=\"lazy\" decoding=\"async\" class=\"alignleft\" src=\"https:\/\/www.radiopiu.net\/wordpress\/wp-content\/uploads\/2024\/01\/Senza-nome-41.png\" width=\"147\" height=\"79\" \/>CENCENIGHE<\/strong> La Pro Loco di Cencenighe ha organizzato un concorso fotografico dal titolo &#8220;Aria D&#8217;Invern&#8221;. Chi volesse partecipare pu\u00f2 inviare gli scatti fino al 31 marzo alla mail ariadinvern@gmail.com seguiranno le premiazioni e, nel mese di luglio, l&#8217;esposizione delle foto al Nof Fil\u00f2. Regolamento completo sul sito www.prolococencenighe.it<\/p>\n<p>&nbsp;<\/p>\n<p>&nbsp;<\/p>\n<p>&nbsp;<\/p>\n<hr \/>\n<p>&nbsp;<\/p>\n<blockquote>\n<h2>LE PISTE&#8230; SULLA PORTA DI CASA<\/h2>\n<\/blockquote>\n<div>\n<div class=\"x1cy8zhl x78zum5 x1q0g3np xod5an3 x1pi30zi x1swvt13 xz9dl7a\">\n<div class=\"x1iyjqo2\">\n<div class=\"x78zum5 xdt5ytf xz62fqu x16ldp7u\">\n<div class=\"xu06os2 x1ok221b\">\n<h2 id=\":R1al9aqqd9emhpapd5aq:\" class=\"x1heor9g x1qlqyl8 x1pd3egz x1a2a7pz x1gslohp x1yc453h\"><span class=\"x193iq5w xeuugli x13faqbe x1vvkbs x1xmvt09 x6prxxf xvq8zen xo1l8bm xi81zsa\"><strong><a class=\"dt-pswp-item\" href=\"https:\/\/www.radiopiu.net\/wordpress\/wp-content\/uploads\/2021\/11\/FORCELLA-AURINE.jpg\" data-dt-img-description=\"\" data-large_image_width=\"960\" data-large_image_height=\"720\"><img loading=\"lazy\" decoding=\"async\" class=\" wp-image-241538 alignleft\" src=\"https:\/\/www.radiopiu.net\/wordpress\/wp-content\/uploads\/2021\/11\/FORCELLA-AURINE-300x225.jpg\" alt=\"\" width=\"191\" height=\"143\" srcset=\"https:\/\/www.radiopiu.net\/wordpress\/wp-content\/uploads\/2021\/11\/FORCELLA-AURINE-300x225.jpg 300w, https:\/\/www.radiopiu.net\/wordpress\/wp-content\/uploads\/2021\/11\/FORCELLA-AURINE-768x576.jpg 768w, https:\/\/www.radiopiu.net\/wordpress\/wp-content\/uploads\/2021\/11\/FORCELLA-AURINE.jpg 960w\" sizes=\"auto, (max-width: 191px) 100vw, 191px\" \/><\/a>Aurine SKI Dolomiti -Progetto Desma <\/strong><\/span><strong><a class=\"x1i10hfl xjbqb8w x6umtig x1b1mbwd xaqea5y xav7gou x9f619 x1ypdohk xt0psk2 xe8uvvx xdj266r x11i5rnm xat24cr x1mh8g0r xexx8yu x4uap5 x18d9i69 xkhd6sd x16tdsg8 x1hl2dhg xggy1nq x1a2a7pz xt0b8zv xzsf02u x1s688f\" tabindex=\"0\" role=\"link\" href=\"https:\/\/www.facebook.com\/aurineskidolomiti?__cft__[0]=AZXSmHr83SUuJT0u4kVMSvLZyFo58012vDZQz2S9NoUpe9MsUBxfpeLpjB-1OoVs-G6CFBOMyk-HwUGAJFyotDcmMB8tqVOt4ppZp7H1Nhm_9AbxGcAKPdaj0NRByIDsgxLcHrLDuU1XYg3AAgvwT-9s&amp;__tn__=-]C%2CP-R\"><span class=\"xt0psk2\">&#8211;<\/span><\/a><\/strong>.<\/h2>\n<\/div>\n<div class=\"xu06os2 x1ok221b\">NUOVE APERTURE E NUOVI ORARI: &#8211; LUNEDI : Chiuso &#8211; MARTEDI : Chiuso &#8211; MERCOLEDI : 13:00-16:30 \/ 19:30-22:00 &#8211; GIOVEDI : 13:00-16:30 &#8211; VENERDI : 13:00-16:30 &#8211; SABATO : 9:00 &#8211; 16.30 &#8211; DOMENICA : 9:00 &#8211; 16.30 AD OGGI LA SITUAZIONE PISTE: &#8211; CAMPO SCUOLA <span class=\"x3nfvp2 x1j61x8r x1fcty0u xdj266r xhhsvwb xat24cr xgzva0m xxymvpz xlup9mm x1kky2od\"><img loading=\"lazy\" decoding=\"async\" class=\"xz74otr\" src=\"https:\/\/static.xx.fbcdn.net\/images\/emoji.php\/v9\/t55\/1.5\/16\/1f7e2.png\" alt=\"&#x1f7e2;\" width=\"16\" height=\"16\" \/><\/span><\/div>\n<\/div>\n<\/div>\n<\/div>\n<\/div>\n<div>\n<div class=\"\" dir=\"auto\">\n<div id=\":R1al9aqqd9emhpapd5aqH2:\" class=\"x1iorvi4 x1pi30zi x1l90r2v x1swvt13\" data-ad-comet-preview=\"message\" data-ad-preview=\"message\">\n<div class=\"x78zum5 xdt5ytf xz62fqu x16ldp7u\">\n<div class=\"xu06os2 x1ok221b\">\n<div class=\"x11i5rnm xat24cr x1mh8g0r x1vvkbs xtlvy1s x126k92a\">\n<div dir=\"auto\">&#8211; GARDELINA <span class=\"x3nfvp2 x1j61x8r x1fcty0u xdj266r xhhsvwb xat24cr xgzva0m xxymvpz xlup9mm x1kky2od\"><img loading=\"lazy\" decoding=\"async\" class=\"xz74otr\" src=\"https:\/\/static.xx.fbcdn.net\/images\/emoji.php\/v9\/t55\/1.5\/16\/1f7e2.png\" alt=\"&#x1f7e2;\" width=\"16\" height=\"16\" \/><\/span>&#8211; BEPI <span class=\"x3nfvp2 x1j61x8r x1fcty0u xdj266r xhhsvwb xat24cr xgzva0m xxymvpz xlup9mm x1kky2od\"><img loading=\"lazy\" decoding=\"async\" class=\"xz74otr\" src=\"https:\/\/static.xx.fbcdn.net\/images\/emoji.php\/v9\/t55\/1.5\/16\/1f7e2.png\" alt=\"&#x1f7e2;\" width=\"16\" height=\"16\" \/><\/span>&#8211; GEMINI <span class=\"x3nfvp2 x1j61x8r x1fcty0u xdj266r xhhsvwb xat24cr xgzva0m xxymvpz xlup9mm x1kky2od\"><img loading=\"lazy\" decoding=\"async\" class=\"xz74otr\" src=\"https:\/\/static.xx.fbcdn.net\/images\/emoji.php\/v9\/tc7\/1.5\/16\/1f534.png\" alt=\"&#x1f534;\" width=\"16\" height=\"16\" \/><\/span>Se le temperature ce lo permetteranno in pochi giorni sar\u00e0 completata anche la parte alta con l&#8217;apertura della sciovia Gardelon. RISTOBAR GHEGY<\/div>\n<\/div>\n<div class=\"x11i5rnm xat24cr x1mh8g0r x1vvkbs xtlvy1s x126k92a\">\n<div dir=\"auto\">&#8211; Dal Mercoled\u00ec al Venerd\u00ec aperto dall&#8217;ora di pranzo. &#8211; Mercoled\u00ec sera anche a cena con i panini GOURMET. &#8211; Sabato e Domenica 8:30 &#8211; 18.30.<\/div>\n<\/div>\n<\/div>\n<\/div>\n<\/div>\n<\/div>\n<\/div>\n<div dir=\"auto\"><\/div>\n<div dir=\"auto\"><\/div>\n<div dir=\"auto\"><\/div>\n<div dir=\"auto\"><\/div>\n<div dir=\"auto\">\n<hr \/>\n<\/div>\n<blockquote>\n<h3 dir=\"auto\"><\/h3>\n<h3 dir=\"auto\">SAN VALENTINO IN ALTA QUOTA<\/h3>\n<\/blockquote>\n<div dir=\"auto\"><a class=\"dt-pswp-item\" href=\"https:\/\/www.radiopiu.net\/wordpress\/wp-content\/uploads\/2022\/12\/Marmolada_sci-scaled.jpg\" data-dt-img-description=\"\" data-large_image_width=\"2560\" data-large_image_height=\"1440\"><img loading=\"lazy\" decoding=\"async\" class=\"wp-image-312435 alignleft\" src=\"https:\/\/www.radiopiu.net\/wordpress\/wp-content\/uploads\/2022\/12\/Marmolada_sci-300x169.jpg\" alt=\"\" width=\"170\" height=\"96\" srcset=\"https:\/\/www.radiopiu.net\/wordpress\/wp-content\/uploads\/2022\/12\/Marmolada_sci-300x169.jpg 300w, https:\/\/www.radiopiu.net\/wordpress\/wp-content\/uploads\/2022\/12\/Marmolada_sci-1024x576.jpg 1024w, https:\/\/www.radiopiu.net\/wordpress\/wp-content\/uploads\/2022\/12\/Marmolada_sci-768x432.jpg 768w, https:\/\/www.radiopiu.net\/wordpress\/wp-content\/uploads\/2022\/12\/Marmolada_sci-1536x864.jpg 1536w, https:\/\/www.radiopiu.net\/wordpress\/wp-content\/uploads\/2022\/12\/Marmolada_sci-2048x1152.jpg 2048w\" sizes=\"auto, (max-width: 170px) 100vw, 170px\" \/><\/a>San Valentino, unico, speciale, con la tua anima gemella sulla montagna pi\u00f9 alta delle dolomiti. Con Funivie Marmolada ammiri il tramonto sulla terrazza panoramica a 3.265 metri&#8230;immagina l&#8217;atmosfera. Sullo sfondo del romantico appuntamento la vista unica, a 360\u00b0 gradi. Rinfresco al rifugio Serauta. Informazioni 334 6794461. www.funiviemarmolada.com<\/div>\n<div dir=\"auto\"><\/div>\n<div dir=\"auto\"><\/div>\n<div dir=\"auto\"><\/div>\n<div dir=\"auto\">\n<hr \/>\n<\/div>\n<p>&nbsp;<\/p>\n<blockquote>\n<h3>CASPARETHA 2024 ANNULLATA PER MANCANZA DI NEVE<\/h3>\n<\/blockquote>\n<p><strong><a class=\"dt-pswp-item\" href=\"https:\/\/www.radiopiu.net\/wordpress\/wp-content\/uploads\/2023\/02\/CASPARETHA-2023-scaled.jpg\" data-dt-img-description=\"\" data-large_image_width=\"2560\" data-large_image_height=\"1918\"><img loading=\"lazy\" decoding=\"async\" class=\" wp-image-320590 alignleft\" src=\"https:\/\/www.radiopiu.net\/wordpress\/wp-content\/uploads\/2023\/02\/CASPARETHA-2023-300x225.jpg\" alt=\"\" width=\"121\" height=\"91\" srcset=\"https:\/\/www.radiopiu.net\/wordpress\/wp-content\/uploads\/2023\/02\/CASPARETHA-2023-300x225.jpg 300w, https:\/\/www.radiopiu.net\/wordpress\/wp-content\/uploads\/2023\/02\/CASPARETHA-2023-1024x767.jpg 1024w, https:\/\/www.radiopiu.net\/wordpress\/wp-content\/uploads\/2023\/02\/CASPARETHA-2023-768x575.jpg 768w, https:\/\/www.radiopiu.net\/wordpress\/wp-content\/uploads\/2023\/02\/CASPARETHA-2023-1536x1151.jpg 1536w, https:\/\/www.radiopiu.net\/wordpress\/wp-content\/uploads\/2023\/02\/CASPARETHA-2023-2048x1534.jpg 2048w\" sizes=\"auto, (max-width: 121px) 100vw, 121px\" \/><\/a>REDAZIONE<\/strong> Dopo due rinvii per la mancanza di neve, gli organizzatori della Casparetha di Canale D&#8217;Agordo hanno dovuto alzare bandiera bianca. &#8220;A malincuore siamo costretti a comunicare l&#8217;annullamento della Casparetha 2024&#8221; si legge nel comunicato fatto sui social. Infatti la neve attesa non \u00e8 arrivata e nei prossimi giorni sono attese temperature alte per la stagione. L&#8217;appuntamento con la Casparetha \u00e8 rimandato al 1 febbraio 2025.<\/p>\n<p>&nbsp;<\/p>\n<p>&nbsp;<\/p>\n<hr \/>\n<p>&nbsp;<\/p>\n<blockquote>\n<h3><a class=\"dt-pswp-item\" href=\"https:\/\/www.radiopiu.net\/wordpress\/wp-content\/uploads\/2024\/02\/21bd482a-f331-45f7-a4b7-3dbdd4369425.jpg\" data-dt-img-description=\"\" data-large_image_width=\"1414\" data-large_image_height=\"2000\"><img loading=\"lazy\" decoding=\"async\" class=\" wp-image-373387 alignleft\" src=\"https:\/\/www.radiopiu.net\/wordpress\/wp-content\/uploads\/2024\/02\/21bd482a-f331-45f7-a4b7-3dbdd4369425-212x300.jpg\" alt=\"\" width=\"113\" height=\"160\" srcset=\"https:\/\/www.radiopiu.net\/wordpress\/wp-content\/uploads\/2024\/02\/21bd482a-f331-45f7-a4b7-3dbdd4369425-212x300.jpg 212w, https:\/\/www.radiopiu.net\/wordpress\/wp-content\/uploads\/2024\/02\/21bd482a-f331-45f7-a4b7-3dbdd4369425-724x1024.jpg 724w, https:\/\/www.radiopiu.net\/wordpress\/wp-content\/uploads\/2024\/02\/21bd482a-f331-45f7-a4b7-3dbdd4369425-768x1086.jpg 768w, https:\/\/www.radiopiu.net\/wordpress\/wp-content\/uploads\/2024\/02\/21bd482a-f331-45f7-a4b7-3dbdd4369425-1086x1536.jpg 1086w, https:\/\/www.radiopiu.net\/wordpress\/wp-content\/uploads\/2024\/02\/21bd482a-f331-45f7-a4b7-3dbdd4369425.jpg 1414w\" sizes=\"auto, (max-width: 113px) 100vw, 113px\" \/><\/a>L&#8217;INCONSCIO RIVELATO A CESIOMAGGIORE<\/h3>\n<\/blockquote>\n<p><strong>PAOLA FERRARO<\/strong><\/p>\n<audio class=\"wp-audio-shortcode\" id=\"audio-373525-17\" preload=\"none\" style=\"width: 100%;\" controls=\"controls\"><source type=\"audio\/mpeg\" src=\"https:\/\/www.radiopiu.net\/wordpress\/wp-content\/uploads\/2024\/02\/PAOLA-FERRARO-LINCONSCIO-RIVELATO.mp3?_=17\" \/><a href=\"https:\/\/www.radiopiu.net\/wordpress\/wp-content\/uploads\/2024\/02\/PAOLA-FERRARO-LINCONSCIO-RIVELATO.mp3\">https:\/\/www.radiopiu.net\/wordpress\/wp-content\/uploads\/2024\/02\/PAOLA-FERRARO-LINCONSCIO-RIVELATO.mp3<\/a><\/audio>\n<p>&nbsp;<\/p>\n<hr \/>\n<p>&nbsp;<\/p>\n<blockquote>\n<h3><a class=\"dt-pswp-item\" href=\"https:\/\/www.radiopiu.net\/wordpress\/wp-content\/uploads\/2024\/02\/bc5b076e-c8f0-46e1-9a84-cc1dbc7d8453.jpg\" data-dt-img-description=\"\" data-large_image_width=\"1131\" data-large_image_height=\"1600\"><img loading=\"lazy\" decoding=\"async\" class=\" wp-image-373651 alignleft\" src=\"https:\/\/www.radiopiu.net\/wordpress\/wp-content\/uploads\/2024\/02\/bc5b076e-c8f0-46e1-9a84-cc1dbc7d8453-212x300.jpg\" alt=\"\" width=\"94\" height=\"133\" srcset=\"https:\/\/www.radiopiu.net\/wordpress\/wp-content\/uploads\/2024\/02\/bc5b076e-c8f0-46e1-9a84-cc1dbc7d8453-212x300.jpg 212w, https:\/\/www.radiopiu.net\/wordpress\/wp-content\/uploads\/2024\/02\/bc5b076e-c8f0-46e1-9a84-cc1dbc7d8453-724x1024.jpg 724w, https:\/\/www.radiopiu.net\/wordpress\/wp-content\/uploads\/2024\/02\/bc5b076e-c8f0-46e1-9a84-cc1dbc7d8453-768x1086.jpg 768w, https:\/\/www.radiopiu.net\/wordpress\/wp-content\/uploads\/2024\/02\/bc5b076e-c8f0-46e1-9a84-cc1dbc7d8453-1086x1536.jpg 1086w, https:\/\/www.radiopiu.net\/wordpress\/wp-content\/uploads\/2024\/02\/bc5b076e-c8f0-46e1-9a84-cc1dbc7d8453.jpg 1131w\" sizes=\"auto, (max-width: 94px) 100vw, 94px\" \/><\/a>IL 17 FEBBRAIO ORAZIO ALLA CASA DELLA GIOVENTU&#8217; DI CAVIOLA<\/h3>\n<\/blockquote>\n<p><strong>DI LUISA ALCHINI<\/strong><\/p>\n<audio class=\"wp-audio-shortcode\" id=\"audio-373525-18\" preload=\"none\" style=\"width: 100%;\" controls=\"controls\"><source type=\"audio\/mpeg\" src=\"https:\/\/www.radiopiu.net\/wordpress\/wp-content\/uploads\/2024\/02\/LUISA-SPETTACOLO-oRAZIO-17-FEBBRAIO-cAVIOLA.mp3?_=18\" \/><a href=\"https:\/\/www.radiopiu.net\/wordpress\/wp-content\/uploads\/2024\/02\/LUISA-SPETTACOLO-oRAZIO-17-FEBBRAIO-cAVIOLA.mp3\">https:\/\/www.radiopiu.net\/wordpress\/wp-content\/uploads\/2024\/02\/LUISA-SPETTACOLO-oRAZIO-17-FEBBRAIO-cAVIOLA.mp3<\/a><\/audio>\n<p>&nbsp;<\/p>\n<hr \/>\n<p>&nbsp;<\/p>\n<blockquote>\n<h3>RISVEGLIO DI PRIMAVERA AL MUSEO ETNOGRAFICO<\/h3>\n<\/blockquote>\n<p><strong>CESIOMAGGIORE<\/strong> Il Museo Etnografico Dolomiti organizza il ciclo di corsi &#8220;Risveglio di primavera nel Giardino delle Rose&#8221; per favorire la conoscenza della cura del giardino e delle erbe spontanee. I corsi trattano la potatura e coltivazione delle rose, la cura di un giardino fiorito per gli insetti impollinatori e il riconoscimento delle piante alimurgiche. Gli incontri sono teorici e pratici, con prezzi variabili da 35 a 60 euro, e richiedono pre-iscrizione entro il 17 febbraio via mail <a href=\"mailto:seravella@isoipse.it\">seravella@isoipse.it<\/a>.<\/p>\n<p>&nbsp;<\/p>\n<p>&nbsp;<\/p>\n<hr \/>\n<p>&nbsp;<\/p>\n<p>&nbsp;<\/p>\n<blockquote>\n<h2>PIU&#8217; SANREMO, I PRIMI 3 E&#8230; L&#8217;OSPITE. di Marina Don\u00e0<\/h2>\n<\/blockquote>\n<p>&nbsp;<\/p>\n<p><strong><a class=\"dt-pswp-item\" href=\"https:\/\/www.radiopiu.net\/wordpress\/wp-content\/uploads\/2024\/02\/th-4.jpg\" data-dt-img-description=\"\" data-large_image_width=\"240\" data-large_image_height=\"180\"><img loading=\"lazy\" decoding=\"async\" class=\"wp-image-373596 alignleft\" src=\"https:\/\/www.radiopiu.net\/wordpress\/wp-content\/uploads\/2024\/02\/th-4.jpg\" alt=\"\" width=\"100\" height=\"75\" \/><\/a>PUNTATA 03\u00a0 7.02.2024 -ANNO 2020<\/strong><\/p>\n<audio class=\"wp-audio-shortcode\" id=\"audio-373525-19\" preload=\"none\" style=\"width: 100%;\" controls=\"controls\"><source type=\"audio\/mpeg\" src=\"https:\/\/www.radiopiu.net\/wordpress\/wp-content\/uploads\/2024\/02\/SA3.mp3?_=19\" \/><a href=\"https:\/\/www.radiopiu.net\/wordpress\/wp-content\/uploads\/2024\/02\/SA3.mp3\">https:\/\/www.radiopiu.net\/wordpress\/wp-content\/uploads\/2024\/02\/SA3.mp3<\/a><\/audio>\n<p>&nbsp;<\/p>\n<p>&nbsp;<\/p>\n<p>&nbsp;<\/p>\n<p>&nbsp;<\/p>\n<hr \/>\n<p>&nbsp;<\/p>\n<h2><span style=\"color: #ff0000;\">GLI APPUNTAMENTI DELLA SETTIMANA<\/span><\/h2>\n<p><strong>CORTINA<\/strong> Oggi CortinaTeatro presenta il concerto &#8220;Sospiri Quaresimali&#8221; alla Basilica dei Santi Filippo e Giacomo, dedicato alla musica sacra. Il soprano Monica De Rosa McKay e l&#8217;organista Loris Serafini eseguono le celebri composizioni di Wolfgang Amadeus Mozart e Pietro Mascagni per voce e organo.<\/p>\n<p><strong>BELLUNO<\/strong> Domani alle ore 11.45 presso la sede dell\u2019Istituto storico bellunese della Resistenza e dell\u2019et\u00e0 contemporanea verr\u00e0 presentato alla stampa il volume edito dall\u2019Isbrec Il coraggio e la passione Partigiani e patrioti riconosciuti nel Bellunese e militari bellunesi riconosciuti partigiani all\u2019estero curato da Franco Comin e Silvia Comin con la direzione scientifica di Enrico Bacchetti,<br \/>\nDiego Cason e Adriana Lotto.<\/p>\n<p><strong>BORGO VALBELLUNA<\/strong> Sabato a Mel alle 15\u00a0 sfilata della maschere dell&#8217;Arca dei volti e apertura della mostra\u00a0 &#8220;carnevaliamo&#8221; con gli elaborati realizzati dai bambini durante il corso creativo a cura degli scultori Beppino Lorenzet e Gianluca De Nard, inoltre mostra della collezione di Gianluigi Secco, visitabile fino al 24 febbraio.<\/p>\n<p><strong>AGORDO\u00a0<\/strong> Sabato alle 15 in sala del centro parrocchiale Vincenzo Savio festa di carnevale con ospite il mago Bronze.<\/p>\n<p><strong>CESIOMAGGIORE<\/strong> &#8220;Le riserve idriche solide in superficie e in ipogeo&#8221;, secondo appuntamento, domani alle 20.30 in sala polifunzionale di Pradenich di Cesiomaggiore.<\/p>\n<p><strong>FELTRE<\/strong> Sabato 10 febbraio alle 21 al centro astronomico di via Arson &#8220;Le nane bianche&#8221; con Gabriele Vanin. La serata offrir\u00e0 l&#8217;opportunit\u00e0 di osservare stelle nane bianche, rappresentative del futuro delle stelle di massa media, oltre a esplorare oggetti celesti<\/p>\n<p><strong>TAIBON<\/strong> Pro Loco e comune di Taibon organizzano domenica 11 febbraio il Carneval Dei Boce. Ritrovo in piazza del municipio alle 14, sfilata verso la casa di riposo e rientro per le 16 per la festa in sala ex municipio<\/p>\n<p><strong>BELLUNO<\/strong> Il Comitato Festeggiamenti Meano ripropone anche quest\u2019anno il Carnevale dei Bambini, nella splendida cornice del Parco Ciclamino di Meano! L\u2019evento \u201cMascherati al Parco Ciclamino\u201d si terr\u00e0 sabato 11 febbraio dalle ore 14.30 ed \u00e8 organizzato dallo storico Comitato Frazionale in collaborazione col Gruppo Genitori Meano<\/p>\n<p>&nbsp;<\/p>\n<h2><span style=\"color: #ff0000;\">PROSSIMAMENTE\u00a0<\/span><\/h2>\n<p><a class=\"dt-pswp-item\" href=\"https:\/\/www.radiopiu.net\/wordpress\/wp-content\/uploads\/2024\/01\/Carnevale-2024-def.png\" data-dt-img-description=\"\" data-large_image_width=\"1414\" data-large_image_height=\"2000\"><img loading=\"lazy\" decoding=\"async\" class=\"size-medium wp-image-372256 aligncenter\" src=\"https:\/\/www.radiopiu.net\/wordpress\/wp-content\/uploads\/2024\/01\/Carnevale-2024-def-212x300.png\" alt=\"\" width=\"212\" height=\"300\" srcset=\"https:\/\/www.radiopiu.net\/wordpress\/wp-content\/uploads\/2024\/01\/Carnevale-2024-def-212x300.png 212w, https:\/\/www.radiopiu.net\/wordpress\/wp-content\/uploads\/2024\/01\/Carnevale-2024-def-724x1024.png 724w, https:\/\/www.radiopiu.net\/wordpress\/wp-content\/uploads\/2024\/01\/Carnevale-2024-def-768x1086.png 768w, https:\/\/www.radiopiu.net\/wordpress\/wp-content\/uploads\/2024\/01\/Carnevale-2024-def-1086x1536.png 1086w, https:\/\/www.radiopiu.net\/wordpress\/wp-content\/uploads\/2024\/01\/Carnevale-2024-def.png 1414w\" sizes=\"auto, (max-width: 212px) 100vw, 212px\" \/><\/a><\/p>\n<p>&nbsp;<\/p>\n<blockquote>\n<h3>Le radici venete delle stragi nere Un libro per capire l\u2019Italia da Piazza Fontana a oggi<\/h3>\n<\/blockquote>\n<p><strong>BORGO VALBELLUNA<\/strong> Il 14 febbraio prossimo alle ore 20,00 San Valentino arriver\u00e0 a Mel, presso il cinquecentesco salone municipale, grazie al nuovo libro di poesie di Edoardo Comiotto dal titolo \u201cInvisibili carezze\u201d.<\/p>\n<p><strong>FELTRE<\/strong> La Famiglia Ex Emigranti del Feltrino organizza la gita alla fiera &#8220;Orto Giardino&#8221; a Pordenonefiere il 6 marzo. La partenza \u00e8 alle 13 da Pedavena, con passaggio a Feltre. Il programma include l&#8217;ingresso alla fiera e una tappa in pizzeria durante il rientro. Per informazioni 40 262 9562.<\/p>\n<p>&nbsp;<\/p>\n<p style=\"text-align: center;\"><a class=\"dt-pswp-item\" href=\"https:\/\/www.radiopiu.net\/wordpress\/wp-content\/uploads\/2024\/02\/vecia-popa-24.png\" data-dt-img-description=\"\" data-large_image_width=\"504\" data-large_image_height=\"501\"><img loading=\"lazy\" decoding=\"async\" class=\"alignnone size-medium wp-image-373658\" src=\"https:\/\/www.radiopiu.net\/wordpress\/wp-content\/uploads\/2024\/02\/vecia-popa-24-300x298.png\" alt=\"\" width=\"300\" height=\"298\" srcset=\"https:\/\/www.radiopiu.net\/wordpress\/wp-content\/uploads\/2024\/02\/vecia-popa-24-300x298.png 300w, https:\/\/www.radiopiu.net\/wordpress\/wp-content\/uploads\/2024\/02\/vecia-popa-24-150x150.png 150w, https:\/\/www.radiopiu.net\/wordpress\/wp-content\/uploads\/2024\/02\/vecia-popa-24.png 504w\" sizes=\"auto, (max-width: 300px) 100vw, 300px\" \/><\/a><\/p>\n<p>&nbsp;<\/p>\n<hr \/>\n<p>&nbsp;<\/p>\n<p><a class=\"dt-pswp-item\" href=\"https:\/\/www.radiopiu.net\/wordpress\/wp-content\/uploads\/2018\/09\/viabilita.jpeg\" data-dt-img-description=\"\" data-large_image_width=\"800\" data-large_image_height=\"100\"><img loading=\"lazy\" decoding=\"async\" class=\"aligncenter wp-image-61954 size-full\" src=\"https:\/\/www.radiopiu.net\/wordpress\/wp-content\/uploads\/2018\/09\/viabilita.jpeg\" alt=\"\" width=\"800\" height=\"100\" srcset=\"https:\/\/www.radiopiu.net\/wordpress\/wp-content\/uploads\/2018\/09\/viabilita.jpeg 800w, https:\/\/www.radiopiu.net\/wordpress\/wp-content\/uploads\/2018\/09\/viabilita-300x38.jpeg 300w, https:\/\/www.radiopiu.net\/wordpress\/wp-content\/uploads\/2018\/09\/viabilita-768x96.jpeg 768w\" sizes=\"auto, (max-width: 800px) 100vw, 800px\" \/><\/a><\/p>\n<p>&nbsp;<\/p>\n<p><a class=\"dt-pswp-item\" href=\"https:\/\/www.radiopiu.net\/wordpress\/wp-content\/uploads\/2023\/12\/botol-car-service.jpg\" data-dt-img-description=\"\" data-large_image_width=\"600\" data-large_image_height=\"600\"><img loading=\"lazy\" decoding=\"async\" class=\"size-medium wp-image-367044 aligncenter\" src=\"https:\/\/www.radiopiu.net\/wordpress\/wp-content\/uploads\/2023\/12\/botol-car-service-300x300.jpg\" alt=\"\" width=\"300\" height=\"300\" srcset=\"https:\/\/www.radiopiu.net\/wordpress\/wp-content\/uploads\/2023\/12\/botol-car-service-300x300.jpg 300w, https:\/\/www.radiopiu.net\/wordpress\/wp-content\/uploads\/2023\/12\/botol-car-service-150x150.jpg 150w, https:\/\/www.radiopiu.net\/wordpress\/wp-content\/uploads\/2023\/12\/botol-car-service.jpg 600w\" sizes=\"auto, (max-width: 300px) 100vw, 300px\" \/><\/a><\/p>\n<p>&nbsp;<\/p>\n<blockquote>\n<h1><span style=\"color: #ff0000;\"><a class=\"dt-pswp-item\" href=\"https:\/\/www.radiopiu.net\/wordpress\/wp-content\/uploads\/2020\/05\/VENETO-STRADE.png\" data-dt-img-description=\"\" data-large_image_width=\"400\" data-large_image_height=\"400\"><img loading=\"lazy\" decoding=\"async\" class=\"wp-image-135574 alignleft\" src=\"https:\/\/www.radiopiu.net\/wordpress\/wp-content\/uploads\/2020\/05\/VENETO-STRADE-300x300.png\" alt=\"\" width=\"102\" height=\"102\" srcset=\"https:\/\/www.radiopiu.net\/wordpress\/wp-content\/uploads\/2020\/05\/VENETO-STRADE-300x300.png 300w, https:\/\/www.radiopiu.net\/wordpress\/wp-content\/uploads\/2020\/05\/VENETO-STRADE-150x150.png 150w, https:\/\/www.radiopiu.net\/wordpress\/wp-content\/uploads\/2020\/05\/VENETO-STRADE.png 400w\" sizes=\"auto, (max-width: 102px) 100vw, 102px\" \/><\/a>AGGIORNAMENTO QUOTIDIANO, IN\u00a0 COLLABORAZIONE CON VENETO STRADE E BOTOL CAR SERVICE AD AGORDO IN LOCALITA&#8217; VALCOZZENA.<\/span><\/h1>\n<p>&nbsp;<\/p><\/blockquote>\n<p><strong>SOSPIROLO\u00a0<\/strong> Lungo la provinciale 2 tra Pian Falcina e Gena Bassa in Comune di Sospirolo\u00a0 <span style=\"color: #ff0000;\">fino al 15 febbraio,<\/span> sabato e domeniche compresi, senso unico alternato regolato da semaforo o movieri, interruzioni alla viabilit\u00e0 fino a 10 minuti per tratti di 200 metri.<\/p>\n<p><span style=\"color: #0000ff;\"><strong>BOLLETTINO VIABILITA&#8217; AGGIORNATO AL 23 GENNAIO 2024<\/strong><\/span><\/p>\n<audio class=\"wp-audio-shortcode\" id=\"audio-373525-20\" preload=\"none\" style=\"width: 100%;\" controls=\"controls\"><source type=\"audio\/mpeg\" src=\"https:\/\/www.radiopiu.net\/wordpress\/wp-content\/uploads\/2024\/01\/VIABLITA-2.mp3?_=20\" \/><a href=\"https:\/\/www.radiopiu.net\/wordpress\/wp-content\/uploads\/2024\/01\/VIABLITA-2.mp3\">https:\/\/www.radiopiu.net\/wordpress\/wp-content\/uploads\/2024\/01\/VIABLITA-2.mp3<\/a><\/audio>\n<p>&nbsp;<\/p>\n<p>&nbsp;<\/p>\n<hr \/>\n<p>&nbsp;<\/p>\n<p>&nbsp;<\/p>\n<p><a class=\"dt-pswp-item\" href=\"https:\/\/www.radiopiu.net\/wordpress\/wp-content\/uploads\/2018\/09\/WhatsApp-Image-2018-09-20-at-16.04.06.jpeg\" data-dt-img-description=\"\" data-large_image_width=\"800\" data-large_image_height=\"100\"><img loading=\"lazy\" decoding=\"async\" class=\"wp-image-61378 size-full aligncenter\" src=\"https:\/\/www.radiopiu.net\/wordpress\/wp-content\/uploads\/2018\/09\/WhatsApp-Image-2018-09-20-at-16.04.06.jpeg\" alt=\"\" width=\"800\" height=\"100\" srcset=\"https:\/\/www.radiopiu.net\/wordpress\/wp-content\/uploads\/2018\/09\/WhatsApp-Image-2018-09-20-at-16.04.06.jpeg 800w, https:\/\/www.radiopiu.net\/wordpress\/wp-content\/uploads\/2018\/09\/WhatsApp-Image-2018-09-20-at-16.04.06-300x38.jpeg 300w, https:\/\/www.radiopiu.net\/wordpress\/wp-content\/uploads\/2018\/09\/WhatsApp-Image-2018-09-20-at-16.04.06-768x96.jpeg 768w\" sizes=\"auto, (max-width: 800px) 100vw, 800px\" \/><\/a><\/p>\n<p><center><\/center><b>\u00a0 \u00a0<\/b><\/p>\n<p><center><\/center><center><b>OGGI<\/b><\/center>In quota cielo generalmente nuvoloso per nubi medio-alte, nelle valli molto nuvoloso o coperto per estesa nuvolosit\u00e0 stratiforme, anche bassa e persistente con foschie e banchi di nebbia in parziale dissolvimento nelle ore diurne.<br \/>\n<b>Precipitazioni: <\/b>Assenti (0%).<br \/>\n<b>Temperature: <\/b>Senza notevoli variazioni o in lieve aumento le minime nelle valli.<\/p>\n<hr \/>\n<p><center><b>DOMANI<\/b><\/center>Al mattino cielo molto nuvoloso o coperto specie sulle zone prealpine, con possibili locali e brevi parziali schiarite sulle Dolomiti con i primi fenomeni sulle Prealpi.<br \/>\n<b>Precipitazioni: <\/b>Probabilit\u00e0 crescente di precipitazioni gi\u00e0 dalle prime ore fino ad alta (70-90%) a partire dalle zone prealpine occidentali, in estensione anche alle Dolomiti nel corso della mattinata; le precipitazioni sulle Dolomiti saranno deboli e modeste mentre sulle zone prealpine anche moderate anche consistenti.<br \/>\n<b>Temperature: <\/b>Minime in lieve aumento, massime in lieve o contenuto calo con limitata escursione termica giornaliera.<\/p>\n<hr \/>\n<p><center><b>SABATO<\/b><\/center>Cielo molto nuvoloso o coperto con tempo diffusamente perturbato specie al mattino; probabilit\u00e0 alta (80\/90%) di precipitazioni diffuse, frequenti e intermittenti di intensit\u00e0 debole o moderata specie nella fascia prealpina; quota neve in prevalenza intorno ai 1400-1600 m sia sulle Dolomiti che sulle Prealpi a tratti leggermente pi\u00f9 basso al mattino in relazione all&#8217;intensit\u00e0 della precipitazione. Temperature senza notevoli variazioni o in leggero calo le massime; limitata escursione termica giornaliera.<\/p>\n<hr \/>\n<p><center><b>DOMENICA<\/b><\/center>Cielo ancora molto nuvoloso o coperto con precipitazioni diffuse e intermittenti, a carattere nevoso oltre i 1500-1700 m. Sono attese precipitazioni pi\u00f9 modeste rispetto a quelle di venerd\u00ec e di sabato. Temperature minime senza notevoli variazioni, massime in lieve aumento.<\/p>\n<p>&nbsp;<\/p>\n<hr \/>\n<p>&nbsp;<\/p>\n<p>&nbsp;<\/p>\n<p><img loading=\"lazy\" decoding=\"async\" class=\"wp-image-60761 size-full aligncenter\" src=\"https:\/\/www.radiopiu.net\/wordpress\/wp-content\/uploads\/2018\/09\/sport.jpg\" alt=\"\" width=\"800\" height=\"100\" srcset=\"https:\/\/www.radiopiu.net\/wordpress\/wp-content\/uploads\/2018\/09\/sport.jpg 800w, https:\/\/www.radiopiu.net\/wordpress\/wp-content\/uploads\/2018\/09\/sport-300x38.jpg 300w, https:\/\/www.radiopiu.net\/wordpress\/wp-content\/uploads\/2018\/09\/sport-768x96.jpg 768w\" sizes=\"auto, (max-width: 800px) 100vw, 800px\" \/><\/p>\n<p>&nbsp;<\/p>\n<p><span style=\"color: #0000ff;\"><strong>SCI ALPINO<\/strong><\/span><\/p>\n<blockquote>\n<h3>L\u2019AIPD BELLUNO FESTEGGIA I SUCCESSI DEL GIOVANE LUCA CORSO SULLE NEVI DI TARVISIO<\/h3>\n<\/blockquote>\n<p><strong><a class=\"dt-pswp-item\" href=\"https:\/\/www.radiopiu.net\/wordpress\/wp-content\/uploads\/2024\/02\/LUCA-IN-AZIONE-2.jpg\" data-dt-img-description=\"\" data-large_image_width=\"1600\" data-large_image_height=\"1124\"><img loading=\"lazy\" decoding=\"async\" class=\" wp-image-373614 alignleft\" src=\"https:\/\/www.radiopiu.net\/wordpress\/wp-content\/uploads\/2024\/02\/LUCA-IN-AZIONE-2-300x211.jpg\" alt=\"\" width=\"145\" height=\"102\" srcset=\"https:\/\/www.radiopiu.net\/wordpress\/wp-content\/uploads\/2024\/02\/LUCA-IN-AZIONE-2-300x211.jpg 300w, https:\/\/www.radiopiu.net\/wordpress\/wp-content\/uploads\/2024\/02\/LUCA-IN-AZIONE-2-1024x719.jpg 1024w, https:\/\/www.radiopiu.net\/wordpress\/wp-content\/uploads\/2024\/02\/LUCA-IN-AZIONE-2-768x540.jpg 768w, https:\/\/www.radiopiu.net\/wordpress\/wp-content\/uploads\/2024\/02\/LUCA-IN-AZIONE-2-1536x1079.jpg 1536w, https:\/\/www.radiopiu.net\/wordpress\/wp-content\/uploads\/2024\/02\/LUCA-IN-AZIONE-2.jpg 1600w\" sizes=\"auto, (max-width: 145px) 100vw, 145px\" \/><\/a>FELTRE<\/strong> Luca Corso, giovane con sindrome di Down di Lamon, ha ottenuto straordinari successi ai Campionati Italiani di Sci Alpino della FISDIR a Tarvisio. Ha vinto lo slalom gigante e ottenuto il terzo posto nello slalom speciale e nella combinata. Successivamente, ha vinto anche lo slalom gigante nella seconda tappa dello \u201cSky Race FISDIR\u201d a Tarvisio. Questi trionfi seguono la 15ma edizione di &#8220;Zoldo is fun&#8221;, evento organizzato dall&#8217;AIPD in collaborazione con l&#8217;ASD Sci fondo ValZoldana. Luca, attivo anche nel ciclismo amatoriale, \u00e8 un esempio di impegno sportivo e ha ottenuto successi anche nel karate. Tutti gli amici dell&#8217;AIPD lo congratulano per i suoi risultati eccezionali, invitando anche il mondo dello sport a festeggiare questo atleta.<\/p>\n<p>&nbsp;<\/p>\n<p><span style=\"color: #0000ff;\"><strong>SKIALP<\/strong><\/span><\/p>\n<blockquote>\n<h3>DOMANI LA SECONDA PROVA DEL CIRCUITO 4 VALLI<\/h3>\n<\/blockquote>\n<p><strong>MOENA<\/strong> Domani\u00a0a Moena, presso la Ski Area Alpe di Lusia, si terr\u00e0 la gara Moena Ski Alp. L&#8217;ufficio gara sar\u00e0 aperto dalle 18:00 presso la stazione a valle della cabinovia. \u00c8 possibile iscriversi il giorno stesso con una quota di 25 euro (10 euro per Under 18), che include pacco gara, cena e partecipazione all&#8217;estrazione premi. Il percorso, con partenza a 1370 mt e arrivo a 1830 mt, presenta un dislivello di 451 mt e uno sviluppo di 3110 mt. La partenza per gli escursionisti \u00e8 libera dopo le 18:00, mentre gli agonisti partono alle 20:00. \u00c8 obbligatorio l&#8217;uso delle lampade frontali, vietato scendere lungo le piste da sci e obbligatorio scendere con la cabinovia.<\/p>\n<p>&nbsp;<\/p>\n<p>&nbsp;<\/p>\n<p>&nbsp;<\/p>\n","protected":false},"excerpt":{"rendered":"<p>**** Primavera a 1550 slm circa a Malga Calleda 08.02.2024 \u00a0 &nbsp; 40esimo di RADIOPIU\u2026. LA VOCE DELL\u2019EMOZIONE ISCRIVITI AL NOSTRO CANALE\u00a0\u00a0YOUTUBE PER SEGUIRE IN DIRETTA I PRINCIPALI PROGRAMMI DI RADIO PIU\u2019 E LE FUTURE DIRETTE IN ESTERNA. PER ISCRIVERTI CLICCA QUI\u00a0E PREMI\u00a0 \u201cIscriviti\u201d\u00a0 \u00a0 24 ORE IN FM DA NON PERDERE ALLE 7.20 IL&hellip;<\/p>\n","protected":false},"author":4,"featured_media":373574,"comment_status":"closed","ping_status":"closed","sticky":false,"template":"","format":"standard","meta":{"_monsterinsights_skip_tracking":false,"_monsterinsights_sitenote_active":false,"_monsterinsights_sitenote_note":"","_monsterinsights_sitenote_category":0,"footnotes":""},"categories":[51,86,49],"tags":[],"class_list":["post-373525","post","type-post","status-publish","format-standard","has-post-thumbnail","hentry","category-evidenza-top","category-gr","category-news-18","category-51","category-86","category-49","description-off"],"img_url":"https:\/\/www.radiopiu.net\/wordpress\/wp-content\/uploads\/2024\/02\/Il_gruppo_protagonista_al_Trofeo_Rari_Nantes.jpg","_links":{"self":[{"href":"https:\/\/www.radiopiu.net\/wordpress\/wp-json\/wp\/v2\/posts\/373525","targetHints":{"allow":["GET"]}}],"collection":[{"href":"https:\/\/www.radiopiu.net\/wordpress\/wp-json\/wp\/v2\/posts"}],"about":[{"href":"https:\/\/www.radiopiu.net\/wordpress\/wp-json\/wp\/v2\/types\/post"}],"author":[{"embeddable":true,"href":"https:\/\/www.radiopiu.net\/wordpress\/wp-json\/wp\/v2\/users\/4"}],"replies":[{"embeddable":true,"href":"https:\/\/www.radiopiu.net\/wordpress\/wp-json\/wp\/v2\/comments?post=373525"}],"version-history":[{"count":0,"href":"https:\/\/www.radiopiu.net\/wordpress\/wp-json\/wp\/v2\/posts\/373525\/revisions"}],"wp:featuredmedia":[{"embeddable":true,"href":"https:\/\/www.radiopiu.net\/wordpress\/wp-json\/wp\/v2\/media\/373574"}],"wp:attachment":[{"href":"https:\/\/www.radiopiu.net\/wordpress\/wp-json\/wp\/v2\/media?parent=373525"}],"wp:term":[{"taxonomy":"category","embeddable":true,"href":"https:\/\/www.radiopiu.net\/wordpress\/wp-json\/wp\/v2\/categories?post=373525"},{"taxonomy":"post_tag","embeddable":true,"href":"https:\/\/www.radiopiu.net\/wordpress\/wp-json\/wp\/v2\/tags?post=373525"}],"curies":[{"name":"wp","href":"https:\/\/api.w.org\/{rel}","templated":true}]}}