{"id":373605,"date":"2024-02-08T05:37:45","date_gmt":"2024-02-08T04:37:45","guid":{"rendered":"https:\/\/www.radiopiu.net\/wordpress\/?p=373605"},"modified":"2024-02-08T05:53:45","modified_gmt":"2024-02-08T04:53:45","slug":"chiusura-della-galleria-comelico-cgil-cisl-e-uil-chiedono-un-incontro-urgente-al-prefetto","status":"publish","type":"post","link":"https:\/\/www.radiopiu.net\/wordpress\/chiusura-della-galleria-comelico-cgil-cisl-e-uil-chiedono-un-incontro-urgente-al-prefetto\/","title":{"rendered":"CHIUSURA DELLA GALLERIA COMELICO. CGIL, CISL E UIL CHIEDONO UN INCONTRO URGENTE AL PREFETTO"},"content":{"rendered":"<p>****<\/p>\n<p>&nbsp;<\/p>\n<p><strong><a class=\"dt-pswp-item\" href=\"https:\/\/www.radiopiu.net\/wordpress\/wp-content\/uploads\/2020\/03\/SINDACATI.jpg\" data-dt-img-description=\"\" data-large_image_width=\"2048\" data-large_image_height=\"2048\"><img loading=\"lazy\" decoding=\"async\" class=\" wp-image-121809 alignleft\" src=\"https:\/\/www.radiopiu.net\/wordpress\/wp-content\/uploads\/2020\/03\/SINDACATI-300x300.jpg\" alt=\"\" width=\"157\" height=\"157\" srcset=\"https:\/\/www.radiopiu.net\/wordpress\/wp-content\/uploads\/2020\/03\/SINDACATI-300x300.jpg 300w, https:\/\/www.radiopiu.net\/wordpress\/wp-content\/uploads\/2020\/03\/SINDACATI-1024x1024.jpg 1024w, https:\/\/www.radiopiu.net\/wordpress\/wp-content\/uploads\/2020\/03\/SINDACATI-150x150.jpg 150w, https:\/\/www.radiopiu.net\/wordpress\/wp-content\/uploads\/2020\/03\/SINDACATI-768x768.jpg 768w, https:\/\/www.radiopiu.net\/wordpress\/wp-content\/uploads\/2020\/03\/SINDACATI-1536x1536.jpg 1536w, https:\/\/www.radiopiu.net\/wordpress\/wp-content\/uploads\/2020\/03\/SINDACATI.jpg 2048w\" sizes=\"auto, (max-width: 157px) 100vw, 157px\" \/><\/a>BELLUNO <\/strong>\u201c<em>Siamo alla vigilia di una catastrofe sociale ed economica con l\u2019avvio di un cantiere che per il Comelico comporter\u00e0 tre anni di passione: abbiamo chiesto con urgenza un incontro al Prefetto per rappresentare tutta la nostra preoccupazione e per domandare misure adeguate per evitare di far morire un\u2019intera vallata<\/em>\u201d. I segretari generali di Cgil Belluno, Cisl Belluno Treviso e Uil Veneto Belluno, rispettivamente Denise Casanova, Massimiliano Paglini e Sonia Bridda intervengono sull\u2019annunciata chiusura della galleria che scatter\u00e0 dalla primavera per avviare i lavori di consolidamento, impermeabilizzazione e regimentazione delle acque, esprimendo preoccupazione e chiedendo al Prefetto chiarimenti su tempistiche, gestione del cantiere e viabilit\u00e0 alternativa. \u201c<em>Lo spopolamento della montagna non si combatte con le chiacchiere, ma con azioni concrete, <\/em><em>garantendo servizi e una mobilit\u00e0 degna di un Paese civile<\/em> &#8211; affermano Casanova, Paglini e Bridda -. <em>Sono stati spesi fiumi di parole per la pista da bob di Cortina e neanche un accenno per una valle alla quale viene precluso per tre anni il transito attraverso lo snodo principale e fondamentale per il presente e il futuro dei suoi cittadini\u201d. <\/em>Al Prefetto, Cgil, Cisl e Uil chiedono chiarezza sulla durata del cantiere e sulle conseguenti limitazioni orarie imposte al traffico, in particolare nelle ore notturne e del primo mattino. \u201c<em>\u00c8 necessario prevedere orari che permettano il transito al mattino a lavoratori e studenti <\/em>&#8211; sostengono i tre segretari &#8211; <em>e impegnarsi per limitare al massimo i disagi per le persone sole e anziane, che rischiano di trovarsi ancora pi\u00f9 isolate e in difficolt\u00e0 per quanto concerne l\u2019accesso alle cure, per non parlare delle urgenze\u201d.\u00a0 <\/em>Le ipotesi alternative al passaggio per la galleria Comelico non convincono le Organizzazioni sindacali e a preoccupare ancora una volta \u00e8 l\u2019assenza di programmazione. \u201c<em>Camion e autobus non potranno transitare, neppure in orario diurno, perch\u00e9 il passaggio all\u2019interno della galleria sar\u00e0 precluso ai mezzi superiori a 3,80 metri <\/em>&#8211; fanno notare Casanova, Paglini e Bridda -, <em>cos\u00ec come non va trascurato il contingentamento dell\u2019accesso delle auto\u201d. <\/em>I percorsi alternativi ipotizzati non soddisfano i requisiti di sicurezza e neppure i tempi di percorrenza. \u201c<em>Il transito per il passo di Sant\u2019Antonio <\/em>&#8211; evidenziano &#8211; <em>non \u00e8 praticabile per il traffico pesante ed \u00e8 pericoloso in inverno. Coltrondo, a sua volta, non \u00e8 un\u2019alternativa plausibile. La stessa deviazione verso Cortina, la cui area \u00e8 gi\u00e0 interessata dai cantieri per le Olimpiadi, lascia immaginare quali saranno i disagi\u201d. <\/em>L\u2019unica vera soluzione, secondo Cgil, Cisl e Uil, \u00e8 il ripristino della strada di valle, che costeggia la diga di Auronzo e che prima della realizzazione della galleria Comelico era la principale arteria percorsa dai comeliani. Sarebbe stato necessario manutentarla costantemente, invece, \u00e8 stata abbandonata a se stessa. Due anni fa il governo Draghi aveva stanziato 50 milioni di euro per i lavori di ripristino della strada della valle, ma una volta cambiato l\u2019esecutivo, di quel finanziamento non si \u00e8 pi\u00f9 saputo nulla. \u201c<em>Non \u00e8 accettabile<\/em> &#8211; concludono Casanova, Paglini e Bridda &#8211; <em>che una comunit\u00e0 con oltre 7.000 abitanti venga lasciata precipitare verso il baratro, nel sostanziale disinteresse delle istituzioni e con rischi di danni economici incalcolabili<\/em>\u201d.<\/p>\n<p>&nbsp;<\/p>\n<p>&nbsp;<\/p>\n<p>******<\/p>\n","protected":false},"excerpt":{"rendered":"<p>**** &nbsp; BELLUNO \u201cSiamo alla vigilia di una catastrofe sociale ed economica con l\u2019avvio di un cantiere che per il Comelico comporter\u00e0 tre anni di passione: abbiamo chiesto con urgenza un incontro al Prefetto per rappresentare tutta la nostra preoccupazione e per domandare misure adeguate per evitare di far morire un\u2019intera vallata\u201d. I segretari generali&hellip;<\/p>\n","protected":false},"author":4,"featured_media":192243,"comment_status":"closed","ping_status":"closed","sticky":false,"template":"","format":"standard","meta":{"_monsterinsights_skip_tracking":false,"_monsterinsights_sitenote_active":false,"_monsterinsights_sitenote_note":"","_monsterinsights_sitenote_category":0,"footnotes":""},"categories":[51,49],"tags":[],"class_list":["post-373605","post","type-post","status-publish","format-standard","has-post-thumbnail","hentry","category-evidenza-top","category-news-18","category-51","category-49","description-off"],"img_url":"https:\/\/www.radiopiu.net\/wordpress\/wp-content\/uploads\/2021\/02\/galleria-comelico.jpg","_links":{"self":[{"href":"https:\/\/www.radiopiu.net\/wordpress\/wp-json\/wp\/v2\/posts\/373605","targetHints":{"allow":["GET"]}}],"collection":[{"href":"https:\/\/www.radiopiu.net\/wordpress\/wp-json\/wp\/v2\/posts"}],"about":[{"href":"https:\/\/www.radiopiu.net\/wordpress\/wp-json\/wp\/v2\/types\/post"}],"author":[{"embeddable":true,"href":"https:\/\/www.radiopiu.net\/wordpress\/wp-json\/wp\/v2\/users\/4"}],"replies":[{"embeddable":true,"href":"https:\/\/www.radiopiu.net\/wordpress\/wp-json\/wp\/v2\/comments?post=373605"}],"version-history":[{"count":0,"href":"https:\/\/www.radiopiu.net\/wordpress\/wp-json\/wp\/v2\/posts\/373605\/revisions"}],"wp:featuredmedia":[{"embeddable":true,"href":"https:\/\/www.radiopiu.net\/wordpress\/wp-json\/wp\/v2\/media\/192243"}],"wp:attachment":[{"href":"https:\/\/www.radiopiu.net\/wordpress\/wp-json\/wp\/v2\/media?parent=373605"}],"wp:term":[{"taxonomy":"category","embeddable":true,"href":"https:\/\/www.radiopiu.net\/wordpress\/wp-json\/wp\/v2\/categories?post=373605"},{"taxonomy":"post_tag","embeddable":true,"href":"https:\/\/www.radiopiu.net\/wordpress\/wp-json\/wp\/v2\/tags?post=373605"}],"curies":[{"name":"wp","href":"https:\/\/api.w.org\/{rel}","templated":true}]}}