{"id":373609,"date":"2024-02-10T07:38:40","date_gmt":"2024-02-10T06:38:40","guid":{"rendered":"https:\/\/www.radiopiu.net\/wordpress\/?p=373609"},"modified":"2024-02-10T08:11:59","modified_gmt":"2024-02-10T07:11:59","slug":"domani-con-qualsiasi-meteo-la-zinghenesta-diretta-canali-radiopiu","status":"publish","type":"post","link":"https:\/\/www.radiopiu.net\/wordpress\/domani-con-qualsiasi-meteo-la-zinghenesta-diretta-canali-radiopiu\/","title":{"rendered":"DOMANI CON QUALSIASI METEO, LA ZINGHENESTA  diretta canali radiopiu"},"content":{"rendered":"<p>*****<\/p>\n<p>&nbsp;<\/p>\n<p><strong><a class=\"dt-pswp-item\" href=\"https:\/\/www.radiopiu.net\/wordpress\/wp-content\/uploads\/2024\/02\/zinghenesta-2023-3.jpg\" data-dt-img-description=\"\" data-large_image_width=\"2000\" data-large_image_height=\"1333\"><img loading=\"lazy\" decoding=\"async\" class=\" wp-image-373610 alignleft\" src=\"https:\/\/www.radiopiu.net\/wordpress\/wp-content\/uploads\/2024\/02\/zinghenesta-2023-3-300x200.jpg\" alt=\"\" width=\"186\" height=\"124\" srcset=\"https:\/\/www.radiopiu.net\/wordpress\/wp-content\/uploads\/2024\/02\/zinghenesta-2023-3-300x200.jpg 300w, https:\/\/www.radiopiu.net\/wordpress\/wp-content\/uploads\/2024\/02\/zinghenesta-2023-3-1024x682.jpg 1024w, https:\/\/www.radiopiu.net\/wordpress\/wp-content\/uploads\/2024\/02\/zinghenesta-2023-3-768x512.jpg 768w, https:\/\/www.radiopiu.net\/wordpress\/wp-content\/uploads\/2024\/02\/zinghenesta-2023-3-1536x1024.jpg 1536w, https:\/\/www.radiopiu.net\/wordpress\/wp-content\/uploads\/2024\/02\/zinghenesta-2023-3.jpg 2000w\" sizes=\"auto, (max-width: 186px) 100vw, 186px\" \/><\/a>CANALE D&#8217;AGORDO <\/strong>Si rinnova l\u2019appuntamento con la Zinghenesta, la tradizionale festa in maschera che il Comitato La Zinghenesta di Canale d\u2019Agordo ha rivitalizzato qualche tempo fa e che domenica 11 febbraio riproporr\u00e0 per l\u2019undicesima edizione. L\u2019iniziativa coinvolger\u00e0 tutta la Valle del Biois, per l\u2019intera giornata: la sfilata partir\u00e0 alle 9 della mattina da Falcade in direzione Caviola e intorno a mezzogiorno giunger\u00e0 a Canale d\u2019Agordo, nella piazzetta di Tancon, davanti alla Casa delle Regole. Qui ci sar\u00e0 uno dei momenti pi\u00f9 importanti della giornata: la rivelazione della Zinghenesta, cio\u00e8 della ragazza pi\u00f9 bella del paese. Dopo la pausa per il pranzo, la festa riprender\u00e0 alle 14.30 con la sfilata della Zinghenesta e del suo seguito &#8220;su par strada Vecia e du par strada Nova&#8221;: Piazzetta Tancon, Via Lotta, Via Sommavilla, Via Xaiz, Via XX Agosto, Piazza Papa Luciani. Qui, alle 14.50, prender\u00e0 il via il \u201cBallo della Zinghenesta\u201d. Alle 15.30 ci sar\u00e0 il processo al Carnevale. A Canale, dalle 9.30 alle 17.30, ci sar\u00e0 anche \u201cArte in Piazza Papa Luciani\u201d, rassegna di scultura con Tita Bressan e Pompeo De Pellegrin, del \u201cConsorzio Mascherai Alpini\u201d.<\/p>\n<p>ai microfoni di radiopiu SIMONE ONGARO<\/p>\n<audio class=\"wp-audio-shortcode\" id=\"audio-373609-1\" preload=\"none\" style=\"width: 100%;\" controls=\"controls\"><source type=\"audio\/mpeg\" src=\"https:\/\/www.radiopiu.net\/wordpress\/wp-content\/uploads\/2024\/02\/SIMONE-ONGARO-ZINGHE-24.mp3?_=1\" \/><a href=\"https:\/\/www.radiopiu.net\/wordpress\/wp-content\/uploads\/2024\/02\/SIMONE-ONGARO-ZINGHE-24.mp3\">https:\/\/www.radiopiu.net\/wordpress\/wp-content\/uploads\/2024\/02\/SIMONE-ONGARO-ZINGHE-24.mp3<\/a><\/audio>\n<p>&nbsp;<\/p>\n<p>&nbsp;<\/p>\n<p>&nbsp;<\/p>\n<p>**********<\/p>\n","protected":false},"excerpt":{"rendered":"<p>***** &nbsp; CANALE D&#8217;AGORDO Si rinnova l\u2019appuntamento con la Zinghenesta, la tradizionale festa in maschera che il Comitato La Zinghenesta di Canale d\u2019Agordo ha rivitalizzato qualche tempo fa e che domenica 11 febbraio riproporr\u00e0 per l\u2019undicesima edizione. L\u2019iniziativa coinvolger\u00e0 tutta la Valle del Biois, per l\u2019intera giornata: la sfilata partir\u00e0 alle 9 della mattina da&hellip;<\/p>\n","protected":false},"author":4,"featured_media":373610,"comment_status":"closed","ping_status":"closed","sticky":false,"template":"","format":"standard","meta":{"_monsterinsights_skip_tracking":false,"_monsterinsights_sitenote_active":false,"_monsterinsights_sitenote_note":"","_monsterinsights_sitenote_category":0,"footnotes":""},"categories":[104,49],"tags":[],"class_list":["post-373609","post","type-post","status-publish","format-standard","has-post-thumbnail","hentry","category-evidenza_3","category-news-18","category-104","category-49","description-off"],"img_url":"https:\/\/www.radiopiu.net\/wordpress\/wp-content\/uploads\/2024\/02\/zinghenesta-2023-3.jpg","_links":{"self":[{"href":"https:\/\/www.radiopiu.net\/wordpress\/wp-json\/wp\/v2\/posts\/373609","targetHints":{"allow":["GET"]}}],"collection":[{"href":"https:\/\/www.radiopiu.net\/wordpress\/wp-json\/wp\/v2\/posts"}],"about":[{"href":"https:\/\/www.radiopiu.net\/wordpress\/wp-json\/wp\/v2\/types\/post"}],"author":[{"embeddable":true,"href":"https:\/\/www.radiopiu.net\/wordpress\/wp-json\/wp\/v2\/users\/4"}],"replies":[{"embeddable":true,"href":"https:\/\/www.radiopiu.net\/wordpress\/wp-json\/wp\/v2\/comments?post=373609"}],"version-history":[{"count":0,"href":"https:\/\/www.radiopiu.net\/wordpress\/wp-json\/wp\/v2\/posts\/373609\/revisions"}],"wp:featuredmedia":[{"embeddable":true,"href":"https:\/\/www.radiopiu.net\/wordpress\/wp-json\/wp\/v2\/media\/373610"}],"wp:attachment":[{"href":"https:\/\/www.radiopiu.net\/wordpress\/wp-json\/wp\/v2\/media?parent=373609"}],"wp:term":[{"taxonomy":"category","embeddable":true,"href":"https:\/\/www.radiopiu.net\/wordpress\/wp-json\/wp\/v2\/categories?post=373609"},{"taxonomy":"post_tag","embeddable":true,"href":"https:\/\/www.radiopiu.net\/wordpress\/wp-json\/wp\/v2\/tags?post=373609"}],"curies":[{"name":"wp","href":"https:\/\/api.w.org\/{rel}","templated":true}]}}