{"id":373690,"date":"2024-02-08T07:55:53","date_gmt":"2024-02-08T06:55:53","guid":{"rendered":"https:\/\/www.radiopiu.net\/wordpress\/?p=373690"},"modified":"2024-02-08T07:59:39","modified_gmt":"2024-02-08T06:59:39","slug":"dal-1983-ogni-giorno-alle-otto-del-mattino-la-rassegna-stampa-locale-di-mirko-mezzacasa-4","status":"publish","type":"post","link":"https:\/\/www.radiopiu.net\/wordpress\/dal-1983-ogni-giorno-alle-otto-del-mattino-la-rassegna-stampa-locale-di-mirko-mezzacasa-4\/","title":{"rendered":"DAL 1983 OGNI GIORNO ALLE OTTO DEL MATTINO LA RASSEGNA STAMPA LOCALE DI MIRKO MEZZACASA"},"content":{"rendered":"<p>**<\/p>\n<h1>VIDEO<strong><span style=\"color: #0000ff;\"><a style=\"color: #0000ff;\" href=\"https:\/\/www.youtube.com\/watch?v=qtYUIaPGx2Y\"> CLICCA QUI<\/a><\/span><\/strong><\/h1>\n<p>&nbsp;<\/p>\n<p><iframe loading=\"lazy\" title=\"DAL 1983 LA RASSEGNA STAMPA LOCALE di mirko mezzacasa. L&#039;ORIGINALE\" width=\"1200\" height=\"675\" src=\"https:\/\/www.youtube.com\/embed\/qtYUIaPGx2Y?feature=oembed\" frameborder=\"0\" allow=\"accelerometer; autoplay; clipboard-write; encrypted-media; gyroscope; picture-in-picture; web-share\" allowfullscreen><\/iframe><\/p>\n<p><a class=\"dt-pswp-item\" href=\"https:\/\/www.radiopiu.net\/wordpress\/wp-content\/uploads\/2024\/02\/COPERTINA-3.png\" data-dt-img-description=\"\" data-large_image_width=\"482\" data-large_image_height=\"242\"><img loading=\"lazy\" decoding=\"async\" class=\" wp-image-373691 alignleft\" src=\"https:\/\/www.radiopiu.net\/wordpress\/wp-content\/uploads\/2024\/02\/COPERTINA-3-300x151.png\" alt=\"\" width=\"290\" height=\"146\" srcset=\"https:\/\/www.radiopiu.net\/wordpress\/wp-content\/uploads\/2024\/02\/COPERTINA-3-300x151.png 300w, https:\/\/www.radiopiu.net\/wordpress\/wp-content\/uploads\/2024\/02\/COPERTINA-3.png 482w\" sizes=\"auto, (max-width: 290px) 100vw, 290px\" \/><\/a>domani ALLE 10.30 E 1900&#8230; L&#8217;INTERVISTA AL QUESTORE DI BELLUNO FRANCESCO ZERILLI. NELLO SPAZIO REPORTER, di mirko mezzacasa<br \/>\nCANALE D&#8217; AGORDO nella localit\u00e0 GARES, l&#8217;acqua erogata dall&#8217;acquedotto non \u00e8 potabile e non pu\u00f2 essere usata per scopi alimentari.<br \/>\nDUE FERITI NELL&#8217;INCIDENTE DI BUSCHE Due auto parecchio danneggiate e due feriti non gravi: questo il bilancio dell&#8217;incidente frontale avvenuto ieri attorno alle 6.20 sul ponte che da Busche conduce in sinistra Piave. L&#8217;impatto \u00e8 avvenuto sulla curva che procedendo verso Borgo Valbelluna<br \/>\nFELTRE A cento giorni dall&#8217;incidente in cui Maria Fiabane fu investita mentre attraversava le strisce pedonali in carrozzina, \u00e8 ancora senza nome l&#8217;automobilista coinvolto, a bordo di un&#8217;auto scura, che non ferm\u00f2 la sua corsa, e nessuno riusc\u00ec a fornire dettagli utili per identificarlo<br \/>\nSEDICO Tre persone sono finite al pronto soccorso di Belluno per morsi di cane mentre si trovavano nei pressi di un gregge che pascolava<br \/>\nLONGARONE Un bambino di un anno e mezzo \u00e8 stato trasportato in ospedale dopo essere scivolato in casa, ma gli esami medici non hanno rilevato lesioni gravi.<br \/>\nROMA La programmazione congiunta tra il Ministero delle Infrastrutture e dei Trasporti e Anas porter\u00e0 all&#8217;avvio di almeno 65 interventi nel 2024 e nel 2025, con un investimento complessivo di oltre 7,6 miliardi di euro. Per il Veneto, sono previsti almeno 342 milioni<\/p>\n<p>&nbsp;<\/p>\n<p><a class=\"dt-pswp-item\" href=\"https:\/\/www.radiopiu.net\/wordpress\/wp-content\/uploads\/2024\/02\/MARCHIO.png\" data-dt-img-description=\"\" data-large_image_width=\"426\" data-large_image_height=\"93\"><img loading=\"lazy\" decoding=\"async\" class=\"wp-image-373693 size-full aligncenter\" src=\"https:\/\/www.radiopiu.net\/wordpress\/wp-content\/uploads\/2024\/02\/MARCHIO.png\" alt=\"\" width=\"426\" height=\"93\" srcset=\"https:\/\/www.radiopiu.net\/wordpress\/wp-content\/uploads\/2024\/02\/MARCHIO.png 426w, https:\/\/www.radiopiu.net\/wordpress\/wp-content\/uploads\/2024\/02\/MARCHIO-300x65.png 300w\" sizes=\"auto, (max-width: 426px) 100vw, 426px\" \/><\/a><br \/>\n<strong>BELLUNO<\/strong> Cgil, Cisl e Uil esprimono seria preoccupazione per la prevista chiusura della galleria del Comelico in primavera per tre anni, a causa di lavori di consolidamento, impermeabilizzazione e gestione delle acque.<br \/>\n<strong>CORTINA<\/strong> Italia Nostra ha presentato un esposto alla Procura di Belluno, sollevando dubbi sulla demolizione della pista da bob Monti di Cortina. L&#8217;associazione sostiene che la struttura potesse essere vincolata paesaggisticamente<br \/>\n<strong>IL PD VENETO<\/strong> CHIEDE QUANDO SARA&#8217; ATTIVO ANCHE IN REGIONE IL NUMERO DI EMERGENZA UNICO EUROPEO 112<br \/>\nELEZIONI PROVINCIALI: IL FUTURO DEL CENTRODESTRA la lega nord correr\u00e0 da sola<br \/>\n<strong>PROTEZIONE CIVILE<\/strong> Domani alla Zoppas Arena di Conegliano (TV), alle 19.00 si svolger\u00e0 una cerimonia di ringraziamento dedicata ai volontari di Protezione Civile.<br \/>\n<strong>BELLUNO<\/strong> Un paziente in ospedale ha escogitato un metodo illegale per ottenere farmaci, rubando un timbro per confezionare ricette autoprodotte. Le indagini hanno condotto alla denuncia per la sparizione del timbro, l&#8217;uomo \u00e8 indagato di ricettazione e l&#8217;udienza \u00e8 stata rimandata a causa dello sciopero degli avvocati<br \/>\nBELLUNO Sabato 10 febbraio, alle 12, si terr\u00e0 la Cerimonia commemorativa per il Giorno del Ricordo presso il monumento a piazzale Vittime delle Foibe a Belluno<br \/>\nVOLTAGO Le passerelle in legno in localit\u00e0 la Gioa e in Val di Rozol saranno sistemate. \u00c8 pronto infatti il progetto esecutivo redatto dall&#8217;Unione montana agordina a cui il Comune aveva chiesto collaborazione tecnica. Il progetto ammonta a 10 mila euro.<br \/>\nCARNEVALI: SABATO A SOTTOGUDA CARNEVAL DE LA VAI E DOMENICA A CANALE D&#8217;AGORDO L&#8217;UNDICESIMA EDIZIONE DELLA ZINGHENESTA<\/p>\n<p>SCI ALPINO L\u2019AIPD BELLUNO FESTEGGIA I SUCCESSI DEL GIOVANE LUCA CORSO SULLE NEVI DI TARVISIO<br \/>\nSKIALP DOMANI LA SECONDA PROVA DEL CIRCUITO 4 VALLI<\/p>\n<p>&nbsp;<\/p>\n","protected":false},"excerpt":{"rendered":"<p>** VIDEO CLICCA QUI &nbsp; domani ALLE 10.30 E 1900&#8230; L&#8217;INTERVISTA AL QUESTORE DI BELLUNO FRANCESCO ZERILLI. NELLO SPAZIO REPORTER, di mirko mezzacasa CANALE D&#8217; AGORDO nella localit\u00e0 GARES, l&#8217;acqua erogata dall&#8217;acquedotto non \u00e8 potabile e non pu\u00f2 essere usata per scopi alimentari. DUE FERITI NELL&#8217;INCIDENTE DI BUSCHE Due auto parecchio danneggiate e due feriti&hellip;<\/p>\n","protected":false},"author":4,"featured_media":373691,"comment_status":"closed","ping_status":"closed","sticky":false,"template":"","format":"standard","meta":{"_monsterinsights_skip_tracking":false,"_monsterinsights_sitenote_active":false,"_monsterinsights_sitenote_note":"","_monsterinsights_sitenote_category":0,"footnotes":""},"categories":[104,49,142],"tags":[],"class_list":["post-373690","post","type-post","status-publish","format-standard","has-post-thumbnail","hentry","category-evidenza_3","category-news-18","category-rassegna-stampa","category-104","category-49","category-142","description-off"],"img_url":"https:\/\/www.radiopiu.net\/wordpress\/wp-content\/uploads\/2024\/02\/COPERTINA-3.png","_links":{"self":[{"href":"https:\/\/www.radiopiu.net\/wordpress\/wp-json\/wp\/v2\/posts\/373690","targetHints":{"allow":["GET"]}}],"collection":[{"href":"https:\/\/www.radiopiu.net\/wordpress\/wp-json\/wp\/v2\/posts"}],"about":[{"href":"https:\/\/www.radiopiu.net\/wordpress\/wp-json\/wp\/v2\/types\/post"}],"author":[{"embeddable":true,"href":"https:\/\/www.radiopiu.net\/wordpress\/wp-json\/wp\/v2\/users\/4"}],"replies":[{"embeddable":true,"href":"https:\/\/www.radiopiu.net\/wordpress\/wp-json\/wp\/v2\/comments?post=373690"}],"version-history":[{"count":0,"href":"https:\/\/www.radiopiu.net\/wordpress\/wp-json\/wp\/v2\/posts\/373690\/revisions"}],"wp:featuredmedia":[{"embeddable":true,"href":"https:\/\/www.radiopiu.net\/wordpress\/wp-json\/wp\/v2\/media\/373691"}],"wp:attachment":[{"href":"https:\/\/www.radiopiu.net\/wordpress\/wp-json\/wp\/v2\/media?parent=373690"}],"wp:term":[{"taxonomy":"category","embeddable":true,"href":"https:\/\/www.radiopiu.net\/wordpress\/wp-json\/wp\/v2\/categories?post=373690"},{"taxonomy":"post_tag","embeddable":true,"href":"https:\/\/www.radiopiu.net\/wordpress\/wp-json\/wp\/v2\/tags?post=373690"}],"curies":[{"name":"wp","href":"https:\/\/api.w.org\/{rel}","templated":true}]}}