{"id":373801,"date":"2024-02-10T05:33:51","date_gmt":"2024-02-10T04:33:51","guid":{"rendered":"https:\/\/www.radiopiu.net\/wordpress\/?p=373801"},"modified":"2024-02-10T08:03:09","modified_gmt":"2024-02-10T07:03:09","slug":"giornale-radiopiu-10-febbraio-2024-direttore-mirko-mezzacasada-40-anni-25-giugno-1983-25-giugno-2023","status":"publish","type":"post","link":"https:\/\/www.radiopiu.net\/wordpress\/giornale-radiopiu-10-febbraio-2024-direttore-mirko-mezzacasada-40-anni-25-giugno-1983-25-giugno-2023\/","title":{"rendered":"GIORNALE RADIOPIU 10 FEBBRAIO 2024 DIRETTORE MIRKO MEZZACASA\u2026DA 40 ANNI 25 GIUGNO 1983-25 GIUGNO 2023"},"content":{"rendered":"<p>****<\/p>\n<p>&nbsp;<\/p>\n<hr \/>\n<h1 class=\"entry-title photoswipe-wrapper\"><strong><a class=\"dt-pswp-item\" href=\"https:\/\/www.radiopiu.net\/wordpress\/wp-content\/uploads\/2023\/12\/logo-radio.jpg\" data-dt-img-description=\"\" data-large_image_width=\"800\" data-large_image_height=\"600\"><img loading=\"lazy\" decoding=\"async\" class=\"wp-image-367163 alignleft\" src=\"https:\/\/www.radiopiu.net\/wordpress\/wp-content\/uploads\/2023\/12\/logo-radio-300x225.jpg\" alt=\"\" width=\"109\" height=\"82\" srcset=\"https:\/\/www.radiopiu.net\/wordpress\/wp-content\/uploads\/2023\/12\/logo-radio-300x225.jpg 300w, https:\/\/www.radiopiu.net\/wordpress\/wp-content\/uploads\/2023\/12\/logo-radio-768x576.jpg 768w, https:\/\/www.radiopiu.net\/wordpress\/wp-content\/uploads\/2023\/12\/logo-radio.jpg 800w\" sizes=\"auto, (max-width: 109px) 100vw, 109px\" \/><\/a><\/strong><\/h1>\n<h1 class=\"entry-title photoswipe-wrapper\">40esimo di RADIOPIU\u2026. LA VOCE DELL\u2019EMOZIONE<\/h1>\n<h2><\/h2>\n<h2><span style=\"color: #ff0000;\">ISCRIVITI AL NOSTRO CANALE\u00a0\u00a0YOUTUBE PER SEGUIRE IN DIRETTA I PRINCIPALI PROGRAMMI DI RADIO PIU\u2019 E LE FUTURE DIRETTE IN ESTERNA. PER ISCRIVERTI <a style=\"color: #ff0000;\" href=\"https:\/\/youtube.com\/@radiopiu1527\">CLICCA QUI\u00a0<\/a>E PREMI\u00a0 \u201cIscriviti\u201d\u00a0 \u00a0<\/span><\/h2>\n<div class=\"x1e56ztr\" data-block=\"true\" data-editor=\"avj4u\" data-offset-key=\"d3i0j-0-0\"><\/div>\n<div data-block=\"true\" data-editor=\"avj4u\" data-offset-key=\"d3i0j-0-0\"><\/div>\n<div data-block=\"true\" data-editor=\"avj4u\" data-offset-key=\"d3i0j-0-0\"><\/div>\n<div class=\"x11i5rnm xat24cr x1mh8g0r x1vvkbs xtlvy1s x126k92a\">\n<div dir=\"auto\">\n<p><a class=\"dt-pswp-item\" href=\"https:\/\/www.radiopiu.net\/wordpress\/wp-content\/uploads\/2023\/10\/34f4cfc6-e863-46e9-9695-8df44be63421.jpg\" data-dt-img-description=\"\" data-large_image_width=\"1200\" data-large_image_height=\"1200\"><img loading=\"lazy\" decoding=\"async\" class=\"wp-image-357393 alignleft\" src=\"https:\/\/www.radiopiu.net\/wordpress\/wp-content\/uploads\/2023\/10\/34f4cfc6-e863-46e9-9695-8df44be63421-300x300.jpg\" alt=\"\" width=\"81\" height=\"81\" srcset=\"https:\/\/www.radiopiu.net\/wordpress\/wp-content\/uploads\/2023\/10\/34f4cfc6-e863-46e9-9695-8df44be63421-300x300.jpg 300w, https:\/\/www.radiopiu.net\/wordpress\/wp-content\/uploads\/2023\/10\/34f4cfc6-e863-46e9-9695-8df44be63421-1024x1024.jpg 1024w, https:\/\/www.radiopiu.net\/wordpress\/wp-content\/uploads\/2023\/10\/34f4cfc6-e863-46e9-9695-8df44be63421-150x150.jpg 150w, https:\/\/www.radiopiu.net\/wordpress\/wp-content\/uploads\/2023\/10\/34f4cfc6-e863-46e9-9695-8df44be63421-768x768.jpg 768w, https:\/\/www.radiopiu.net\/wordpress\/wp-content\/uploads\/2023\/10\/34f4cfc6-e863-46e9-9695-8df44be63421.jpg 1200w\" sizes=\"auto, (max-width: 81px) 100vw, 81px\" \/><\/a>OGGI ALLA RADIO: <strong>ALLE 7<\/strong> LA RASSEGNA STAMPA LOCALE FLASH, PER CHI COME NOI ALLE SETTE DEL MATTINO VA DI FRETTA, TANTE NOTIZIE IN POCHE CHIACCHIERE. <strong>ALLE OTTO<\/strong> L&#8217;APPROFONDIMENTO NELLA STORICA RASSEGNA STAMPA LOCALE.\u00a0 DALLE 6 ALLE 21, OGNI ORA, L&#8217;INFORMAZIONE NAZIONALE, l&#8217;informazione locale, ALLE 10 flash. 11flash. 14 viabilit\u00e0. 15meteo. 16flash. 17flash. 18flash. 19 i titoli di Antenna 3 di Tiziana Bolognani.<\/p>\n<p><strong>ALLE 7.20<\/strong> IL NUOVO PROGRAMMA DI GIULIANA DA RONCH &#8220;EL BAL DEL FIOR&#8221; (replica 19)\u00a0<strong> ALLE 8<\/strong> LA RASSEGNA STAMPA LOCALE \u00a0\u00a0<strong>ALLE 9<\/strong>\u00a0 PREMIER, LE NOVITA&#8217; MUSICALI CON MARCO GAZ <span style=\"color: #ff0000;\"><span style=\"color: #000000;\">\u00a0<\/span><\/span><span style=\"color: #000000;\"><strong>ALLE 10.30<\/strong> la rassegna stampa da l&#8217;amico del popolo di GIANNI SANTOMASO\u00a0 <strong>12.30<\/strong> GR PRINCIPALE \u00a0<\/span><span style=\"color: #000000;\"><strong>ALLE 14.30<\/strong>\u00a0 PIU&#8217; SANREMO DI MARINA DONA&#8217;, <\/span>I PRIMI 3 E L&#8217;OSPITE. <strong>ALLE 14.00 JACK elettrochock<\/strong>\u00a0<strong> ALLE 15<\/strong>\u00a0 la classifica di MARCO GAZ alle 20.30 HOCKEY AL PUNTO GIUSTO.<\/p>\n<p>&nbsp;<\/p>\n<p>&nbsp;<\/p>\n<p><strong><a class=\"dt-pswp-item\" href=\"https:\/\/www.radiopiu.net\/wordpress\/wp-content\/uploads\/2024\/02\/2d44e751-d8a8-461b-8e22-d8e4e853b032.jpg\" data-dt-img-description=\"\" data-large_image_width=\"1600\" data-large_image_height=\"1200\"><img loading=\"lazy\" decoding=\"async\" class=\"wp-image-373307 alignleft\" src=\"https:\/\/www.radiopiu.net\/wordpress\/wp-content\/uploads\/2024\/02\/2d44e751-d8a8-461b-8e22-d8e4e853b032-300x225.jpg\" alt=\"\" width=\"105\" height=\"79\" srcset=\"https:\/\/www.radiopiu.net\/wordpress\/wp-content\/uploads\/2024\/02\/2d44e751-d8a8-461b-8e22-d8e4e853b032-300x225.jpg 300w, https:\/\/www.radiopiu.net\/wordpress\/wp-content\/uploads\/2024\/02\/2d44e751-d8a8-461b-8e22-d8e4e853b032-1024x768.jpg 1024w, https:\/\/www.radiopiu.net\/wordpress\/wp-content\/uploads\/2024\/02\/2d44e751-d8a8-461b-8e22-d8e4e853b032-768x576.jpg 768w, https:\/\/www.radiopiu.net\/wordpress\/wp-content\/uploads\/2024\/02\/2d44e751-d8a8-461b-8e22-d8e4e853b032-1536x1152.jpg 1536w, https:\/\/www.radiopiu.net\/wordpress\/wp-content\/uploads\/2024\/02\/2d44e751-d8a8-461b-8e22-d8e4e853b032.jpg 1600w\" sizes=\"auto, (max-width: 105px) 100vw, 105px\" \/><\/a>EL BAL DEL FIOR, DI GIULIANA DA RONCH, 10 FEBBRAIO 2024\u00a0<\/strong><\/p>\n<audio class=\"wp-audio-shortcode\" id=\"audio-373801-1\" preload=\"none\" style=\"width: 100%;\" controls=\"controls\"><source type=\"audio\/mpeg\" src=\"https:\/\/www.radiopiu.net\/wordpress\/wp-content\/uploads\/2024\/02\/GSA.m4a?_=1\" \/><a href=\"https:\/\/www.radiopiu.net\/wordpress\/wp-content\/uploads\/2024\/02\/GSA.m4a\">https:\/\/www.radiopiu.net\/wordpress\/wp-content\/uploads\/2024\/02\/GSA.m4a<\/a><\/audio>\n<p>&nbsp;<\/p>\n<p>&nbsp;<\/p>\n<\/div>\n<hr \/>\n<\/div>\n<hr \/>\n<hr \/>\n<hr \/>\n<blockquote>\n<blockquote>\n<h1><span style=\"color: #ff0000;\">I podcast informativi del mattino &#8211; audio &#8211;\u00a0<\/span><\/h1>\n<\/blockquote>\n<p><strong><a class=\"dt-pswp-item\" href=\"https:\/\/www.radiopiu.net\/wordpress\/wp-content\/uploads\/2023\/11\/th-10.jpg\" data-dt-img-description=\"\" data-large_image_width=\"320\" data-large_image_height=\"180\"><img loading=\"lazy\" decoding=\"async\" class=\"wp-image-362866 alignleft\" src=\"https:\/\/www.radiopiu.net\/wordpress\/wp-content\/uploads\/2023\/11\/th-10-300x169.jpg\" alt=\"\" width=\"185\" height=\"104\" srcset=\"https:\/\/www.radiopiu.net\/wordpress\/wp-content\/uploads\/2023\/11\/th-10-300x169.jpg 300w, https:\/\/www.radiopiu.net\/wordpress\/wp-content\/uploads\/2023\/11\/th-10.jpg 320w\" sizes=\"auto, (max-width: 185px) 100vw, 185px\" \/><\/a>LA RASSEGNA STAMPA NAZIONALE ALLA RADIO, OGNI GIORNO ALLE 5 E ALLE 6 DEL MATTINO <span style=\"color: #0000ff;\">viene pubblicata alle 6.00 <span style=\"color: #ff0000;\">DIRETTA RADIO\u00a0\u00a0<\/span><\/span><\/strong><\/p>\n<p>DI STEFANO FAMA&#8217;<\/p>\n<p><strong>Meloni<\/strong> apre agli agricoltori, si all&#8217;esenzione Irpef. Sgarbi a Palazzo Chigi &#8220;mi sono dimesso&#8221; <strong>Biden<\/strong> furioso non vuole mollare nonostante i problemi di salute. <strong>Putin<\/strong> lancia la proposta di un negoziato diretto. <strong>Rafa,<\/strong> ordine di evacuazione nella striscia. <strong>Cremlino<\/strong> pronto a rilasciare un giornalista in cambio di un killer in Germania. <strong>Funerale<\/strong> Savoia,\u00a0 presente anche La Russa. Reggio Emilia a rinvio a giudizio 10 agenti per &#8220;tortura&#8221;<\/p>\n<h2>L&#8217;AUDIO dalle 4 del mattino<\/h2>\n<audio class=\"wp-audio-shortcode\" id=\"audio-373801-2\" preload=\"none\" style=\"width: 100%;\" controls=\"controls\"><source type=\"audio\/mpeg\" src=\"https:\/\/www.radiopiu.net\/wordpress\/wp-content\/uploads\/2024\/02\/GIORNALEDELLESEI-10.mp3?_=2\" \/><a href=\"https:\/\/www.radiopiu.net\/wordpress\/wp-content\/uploads\/2024\/02\/GIORNALEDELLESEI-10.mp3\">https:\/\/www.radiopiu.net\/wordpress\/wp-content\/uploads\/2024\/02\/GIORNALEDELLESEI-10.mp3<\/a><\/audio>\n<p>&nbsp;<\/p><\/blockquote>\n<p>&nbsp;<\/p>\n<p>&nbsp;<\/p>\n<hr \/>\n<p>&nbsp;<\/p>\n<h1 style=\"text-align: center;\"><span style=\"color: #ff0000;\">I podcast informativi del mattino &#8211; audio &#8211;\u00a0<\/span><\/h1>\n<p><strong><a class=\"dt-pswp-item\" href=\"https:\/\/www.radiopiu.net\/wordpress\/wp-content\/uploads\/2023\/12\/images.png\" data-dt-img-description=\"\" data-large_image_width=\"316\" data-large_image_height=\"160\"><img loading=\"lazy\" decoding=\"async\" class=\"wp-image-367008 alignleft\" src=\"https:\/\/www.radiopiu.net\/wordpress\/wp-content\/uploads\/2023\/12\/images-300x152.png\" alt=\"\" width=\"235\" height=\"119\" srcset=\"https:\/\/www.radiopiu.net\/wordpress\/wp-content\/uploads\/2023\/12\/images-300x152.png 300w, https:\/\/www.radiopiu.net\/wordpress\/wp-content\/uploads\/2023\/12\/images.png 316w\" sizes=\"auto, (max-width: 235px) 100vw, 235px\" \/><\/a>OGNI GIORNO ALLE SETTE DEL MATTINO, LA RASSEGNA STAMPA LOCALE FLASH&#8230; PER CHI VA IN FRETTA. I TITOLI DAI GIORNALI E DAL SITO WWW.RADIOPIU.NET <span style=\"color: #0000ff;\">viene pubblicato alle 7.00<\/span> <span style=\"color: #ff0000;\">DIRETTA RADIO\u00a0<\/span><\/strong><\/p>\n<p><em><span style=\"color: #ff0000;\">per chi va in fretta&#8230; tante notizie in pochi minuti. L&#8217;informazione locale alla radio, ogni ora dalle 7 del mattino alle 19 della sera.\u00a0 \u00a0\u00a0<\/span><\/em><\/p>\n<p><strong>ACQUA NON POTABILE<\/strong> A GARES DI CANALE D&#8217;AGORDO, MERCOLEDI 14 RUBINETTI A SECCO A <strong>BELLUNO<\/strong> da San Pietro in Campo alla Veneggia.<br \/>\n<strong>METEO.<\/strong> FINO A DOMANI TEMPO PERTURBATO CON PRECIPITAZIONI ESTESE. ALLERTA GIALLA PER CRITICIT\u00c0 IDRAULICA ED IDROGEOLOGICA SU DUE BACINI DEL VENETO<br \/>\n<strong>LAMON<\/strong> PIANGE IL MARMISTA DARIO POLETTI<br \/>\n<strong>TAIBON<\/strong> LO SPARGIMENTO DI LIQUAME IN VALLE DI SAN LUCANO ARRIVA L&#8217;ARPAV<br \/>\nGDF <strong>BELLUNO<\/strong>: SEQUESTRATI 362 KG DI PRODOTTI ALIMENTARI SCADUTI<br \/>\n<strong>ALPAGO<\/strong> RECUPERATO DI UN BUS FINITO FUORISTRADA A FARRA<br \/>\n<strong>REDAZIONE<\/strong> Ieri poco dopo le 13 una scossa di terremoto ha interessato il centro Italia. Pi\u00f9 precisamente nella provincia di Parma, con una magnitudo di 4.2 sulla scala Richter. Sono giorni che lo sciame sismico sta interessando la zona di Parma. La scossa di oggi \u00e8 stata rilevata anche dal sismografo di Agordo.<br \/>\n<strong>CORTINA<\/strong> Gli ambientalisti chiedono al sindaco di Cortina di sospendere i lavori della pista di bob a Ronco, richiedendo una bonifica preventiva di sei ettari di terreno. Flash mob e proteste si svolgono oggi a Milano e Venezia<\/p>\n<h2>AUDIO dalle 7 del mattino<\/h2>\n<audio class=\"wp-audio-shortcode\" id=\"audio-373801-3\" preload=\"none\" style=\"width: 100%;\" controls=\"controls\"><source type=\"audio\/mpeg\" src=\"https:\/\/www.radiopiu.net\/wordpress\/wp-content\/uploads\/2024\/02\/GF07-8.mp3?_=3\" \/><a href=\"https:\/\/www.radiopiu.net\/wordpress\/wp-content\/uploads\/2024\/02\/GF07-8.mp3\">https:\/\/www.radiopiu.net\/wordpress\/wp-content\/uploads\/2024\/02\/GF07-8.mp3<\/a><\/audio>\n<p>&nbsp;<\/p>\n<p>&nbsp;<\/p>\n<hr \/>\n<p>&nbsp;<\/p>\n<h1><\/h1>\n<h1 style=\"text-align: center;\"><span style=\"color: #ff0000;\">I podcast informativi del mattino &#8211; audio &#8211;\u00a0<\/span><\/h1>\n<blockquote><p><strong><a class=\"dt-pswp-item\" href=\"https:\/\/www.radiopiu.net\/wordpress\/wp-content\/uploads\/2024\/02\/425290515_10231293386615467_1580830812978036868_n.jpg\" data-dt-img-description=\"\" data-large_image_width=\"2048\" data-large_image_height=\"1536\"><img loading=\"lazy\" decoding=\"async\" class=\"wp-image-372729 alignleft\" src=\"https:\/\/www.radiopiu.net\/wordpress\/wp-content\/uploads\/2024\/02\/425290515_10231293386615467_1580830812978036868_n-300x225.jpg\" alt=\"\" width=\"151\" height=\"113\" srcset=\"https:\/\/www.radiopiu.net\/wordpress\/wp-content\/uploads\/2024\/02\/425290515_10231293386615467_1580830812978036868_n-300x225.jpg 300w, https:\/\/www.radiopiu.net\/wordpress\/wp-content\/uploads\/2024\/02\/425290515_10231293386615467_1580830812978036868_n-1024x768.jpg 1024w, https:\/\/www.radiopiu.net\/wordpress\/wp-content\/uploads\/2024\/02\/425290515_10231293386615467_1580830812978036868_n-768x576.jpg 768w, https:\/\/www.radiopiu.net\/wordpress\/wp-content\/uploads\/2024\/02\/425290515_10231293386615467_1580830812978036868_n-1536x1152.jpg 1536w, https:\/\/www.radiopiu.net\/wordpress\/wp-content\/uploads\/2024\/02\/425290515_10231293386615467_1580830812978036868_n.jpg 2048w\" sizes=\"auto, (max-width: 151px) 100vw, 151px\" \/><\/a>GIORNALE RADIO NAZIONALE, EDIZIONE DELLE SETTE <span style=\"color: #0000ff;\">viene pubblicato alle 7.05 <span style=\"color: #ff0000;\">DIRETTA RADIO\u00a0<\/span><\/span><\/strong><\/p><\/blockquote>\n<p><strong>il giornale radionazionale e&#8217; in onda ogni ora, dalle sette del mattino alle venti della sera\u00a0\u00a0<\/strong><\/p>\n<p>&nbsp;<\/p>\n<h2>AUDIO dalle sette del mattino, ogni ora alla radio<\/h2>\n<audio class=\"wp-audio-shortcode\" id=\"audio-373801-4\" preload=\"none\" style=\"width: 100%;\" controls=\"controls\"><source type=\"audio\/mpeg\" src=\"https:\/\/www.radiopiu.net\/wordpress\/wp-content\/uploads\/2024\/02\/giornale07-8.mp3?_=4\" \/><a href=\"https:\/\/www.radiopiu.net\/wordpress\/wp-content\/uploads\/2024\/02\/giornale07-8.mp3\">https:\/\/www.radiopiu.net\/wordpress\/wp-content\/uploads\/2024\/02\/giornale07-8.mp3<\/a><\/audio>\n<hr \/>\n<p>&nbsp;<\/p>\n<p>&nbsp;<\/p>\n<h1><span style=\"color: #ff0000;\">I podcast informativi del mattino &#8211; video &#8211;\u00a0<\/span><\/h1>\n<h2><strong><a class=\"dt-pswp-item\" href=\"https:\/\/www.radiopiu.net\/wordpress\/wp-content\/uploads\/2023\/12\/th-10.jpg\" data-dt-img-description=\"\" data-large_image_width=\"245\" data-large_image_height=\"180\"><img loading=\"lazy\" decoding=\"async\" class=\" wp-image-367395 alignleft\" src=\"https:\/\/www.radiopiu.net\/wordpress\/wp-content\/uploads\/2023\/12\/th-10.jpg\" alt=\"\" width=\"166\" height=\"122\" \/><\/a>RASSEGNA STAMPA LOCALE, ORE OTTO 05<\/strong><\/h2>\n<h2><strong> <span style=\"color: #0000ff;\">viene\u00a0 <\/span><\/strong><strong><span style=\"color: #0000ff;\">pubblicata alle 8.05 <span style=\"color: #ff0000;\">DIRETTA RADIO\u00a0\u00a0<\/span><\/span><\/strong><\/h2>\n<p>&nbsp;<\/p>\n<p><strong>DI MIRKO MEZZACASA\u00a0\u00a0<\/strong><\/p>\n<p>&nbsp;<\/p>\n<p><strong>LIVINALLONGO<\/strong> DEBORAH COMPAGNONI AD ARABBA &#8220;SCIARE PER LA VITA&#8221;<br \/>\n<strong>BELLUNO<\/strong> PRESENTATO IL PROGETTO &#8220;L&#8217;ISOLA CHE NON C&#8217;E'&#8221;<br \/>\n<strong>BELLUNO<\/strong> PROTEZIONE CIVILE-VIGILI DEL FUOCO, COLLABORAZIONE CHE SI RAFFORZA.<br \/>\n<strong>MARCO V. DAL FARRA<\/strong> AL RADIO VILLAGE DI SANREMO E CASASANREMO<br \/>\n<strong>SEDICO<\/strong> OLTRE 2500 EURO RACCOLTI CON LA VENDITA DELLE ARANCE DELLA SALUTE PRO AIRC<br \/>\nOGGI IL GIORNO DEL RICORDO A BELLUNO E FELTRE<br \/>\n<span style=\"color: #ff0000;\">ANNULLATA LA MASCOREDA A SOTTOGUDA, CAUSA MALTEMPO. ERA IN PROGRAMMA PER OGGI POMERIGGIO<\/span><br \/>\n<strong>DOMANI A CANALE D&#8217;AGORDO L&#8217;UNDICESIMA EDIZIONE DELLA ZINGHENESTA CON QUALSIASI CONDIZIONE METEO<\/strong><br \/>\n<strong>FELTRE<\/strong> Oggi alle 21 al centro astronomico di via Arson &#8220;Le nane bianche&#8221; con Gabriele Vanin.<\/p>\n<h2><strong>VIDEO\u00a0 \u00a0in diretta dalle 8 del mattino\u00a0<\/strong><\/h2>\n<p><iframe loading=\"lazy\" title=\"DAL 1983 LA RASSEGNA STAMPA LOCALE di mirko mezzacasa. L&#039;ORIGINALE\" width=\"1200\" height=\"675\" src=\"https:\/\/www.youtube.com\/embed\/jj6tvPXV96o?feature=oembed\" frameborder=\"0\" allow=\"accelerometer; autoplay; clipboard-write; encrypted-media; gyroscope; picture-in-picture; web-share\" allowfullscreen><\/iframe><\/p>\n<p>&nbsp;<\/p>\n<hr \/>\n<p>&nbsp;<\/p>\n<blockquote>\n<h3>ACQUA NON POTABILE A GARES DI CANALE D&#8217;AGORDO, MERCOLEDI 14 RUBINETTI A SECCO A BELLUNO<\/h3>\n<\/blockquote>\n<p><a class=\"dt-pswp-item\" href=\"https:\/\/www.radiopiu.net\/wordpress\/wp-content\/uploads\/2018\/08\/ACQUA.jpeg\" data-dt-img-description=\"\" data-large_image_width=\"1280\" data-large_image_height=\"768\"><img loading=\"lazy\" decoding=\"async\" class=\" wp-image-57052 alignleft\" src=\"https:\/\/www.radiopiu.net\/wordpress\/wp-content\/uploads\/2018\/08\/ACQUA-300x180.jpeg\" alt=\"\" width=\"137\" height=\"82\" srcset=\"https:\/\/www.radiopiu.net\/wordpress\/wp-content\/uploads\/2018\/08\/ACQUA-300x180.jpeg 300w, https:\/\/www.radiopiu.net\/wordpress\/wp-content\/uploads\/2018\/08\/ACQUA-768x461.jpeg 768w, https:\/\/www.radiopiu.net\/wordpress\/wp-content\/uploads\/2018\/08\/ACQUA-1024x614.jpeg 1024w, https:\/\/www.radiopiu.net\/wordpress\/wp-content\/uploads\/2018\/08\/ACQUA.jpeg 1280w\" sizes=\"auto, (max-width: 137px) 100vw, 137px\" \/><\/a>Gestione Servizi Pubblici informa che a CANALE D&#8217; AGORDO nella localit\u00e0 GARES, l&#8217;acqua erogata dall&#8217;acquedotto non \u00e8 potabile e non pu\u00f2 essere usata per scopi alimentari. GSP ha, comunque, gi\u00e0 adottato le necessarie misure per la disinfezione dell&#8217;acqua presente nei serbatoi e nella rete idrica con l&#8217;aggiunta di cloro.<\/p>\n<p><strong>BELLUNO<\/strong> La chiusura dell&#8217;acqua dalle 8\u00a0 di mercoledi sar\u00e0 necessaria per l&#8217;esecuzione dei lavori, Acqua chiusa da San Pietro in Campo alla Veneggia.<\/p>\n<p>&nbsp;<\/p>\n<h2 class=\"titolonews\"><img loading=\"lazy\" decoding=\"async\" class=\"alignleft\" src=\"https:\/\/www.radiopiu.net\/wordpress\/wp-content\/uploads\/2022\/12\/emanuele-aloia-meteo-300x300.jpg\" width=\"144\" height=\"144\" \/>METEO. FINO A DOMANI TEMPO PERTURBATO CON PRECIPITAZIONI ESTESE.<\/h2>\n<p>Fino a domANI il tempo sar\u00e0 in prevalenza perturbato con precipitazioni estese, pi\u00f9 persistenti e complessivamente abbondanti sulle zone montane\/pedemontane, con massimi sulle Prealpi.\u00a0 Il limite della neve sar\u00e0 mediamente intorno ai 1500-1700 m, a tratti pi\u00f9 in basso sulle Dolomiti.\u00a0 Sulla base di queste previsioni meteo, il Centro Funzionale Decentrato della Protezione Civile regionale ha emesso un bollettino con\u00a0 stato di \u201cAttenzione\u201d (Giallo) per criticit\u00e0 idraulica<\/p>\n<p>&nbsp;<\/p>\n<p>&nbsp;<\/p>\n<hr \/>\n<p>&nbsp;<\/p>\n<blockquote>\n<h3>LAMON PIANGE IL MARMISTA DARIO POLETTI<\/h3>\n<\/blockquote>\n<p><strong><a class=\"dt-pswp-item\" href=\"https:\/\/www.radiopiu.net\/wordpress\/wp-content\/uploads\/2024\/02\/424581709_3593356527618896_4692542680214361707_n.jpg\" data-dt-img-description=\"\" data-large_image_width=\"1296\" data-large_image_height=\"972\"><img loading=\"lazy\" decoding=\"async\" class=\" wp-image-373920 alignleft\" src=\"https:\/\/www.radiopiu.net\/wordpress\/wp-content\/uploads\/2024\/02\/424581709_3593356527618896_4692542680214361707_n-300x225.jpg\" alt=\"\" width=\"157\" height=\"118\" srcset=\"https:\/\/www.radiopiu.net\/wordpress\/wp-content\/uploads\/2024\/02\/424581709_3593356527618896_4692542680214361707_n-300x225.jpg 300w, https:\/\/www.radiopiu.net\/wordpress\/wp-content\/uploads\/2024\/02\/424581709_3593356527618896_4692542680214361707_n-1024x768.jpg 1024w, https:\/\/www.radiopiu.net\/wordpress\/wp-content\/uploads\/2024\/02\/424581709_3593356527618896_4692542680214361707_n-768x576.jpg 768w, https:\/\/www.radiopiu.net\/wordpress\/wp-content\/uploads\/2024\/02\/424581709_3593356527618896_4692542680214361707_n.jpg 1296w\" sizes=\"auto, (max-width: 157px) 100vw, 157px\" \/><\/a>LAMON<\/strong> La comunit\u00e0 di Lamon piange la perdita di Dario Poletti, artigiano stimato e persona squisita, scomparso all&#8217;et\u00e0 di 55 anni a causa di un infarto. Conosciuto come il marmista di Lamon, Poletti era apprezzato per la sua maestria nell&#8217;arte del marmo e la sua personalit\u00e0 affabile. Ha gestito l&#8217;attivit\u00e0 artigianale di famiglia con dedizione, accettando lavori impegnativi e piccole riparazioni. La sua disponibilit\u00e0 si estendeva alla comunit\u00e0, come dimostra la sua lunga militanza nei Donatori di sangue. I funerali si terranno luned\u00ec alle 15 nel duomo di Lamon.<\/p>\n<p>&nbsp;<\/p>\n<p>&nbsp;<\/p>\n<hr \/>\n<p>&nbsp;<\/p>\n<blockquote>\n<h3>LO SPARGIMENTO DI LIQUAME IN VALLE DI SAN LUCANO<\/h3>\n<\/blockquote>\n<p><strong><a class=\"dt-pswp-item\" href=\"https:\/\/www.radiopiu.net\/wordpress\/wp-content\/uploads\/2023\/02\/taibon.jpg\" data-dt-img-description=\"\" data-large_image_width=\"959\" data-large_image_height=\"540\"><img loading=\"lazy\" decoding=\"async\" class=\" wp-image-324258 alignleft\" src=\"https:\/\/www.radiopiu.net\/wordpress\/wp-content\/uploads\/2023\/02\/taibon-300x169.jpg\" alt=\"\" width=\"179\" height=\"101\" srcset=\"https:\/\/www.radiopiu.net\/wordpress\/wp-content\/uploads\/2023\/02\/taibon-300x169.jpg 300w, https:\/\/www.radiopiu.net\/wordpress\/wp-content\/uploads\/2023\/02\/taibon-768x432.jpg 768w, https:\/\/www.radiopiu.net\/wordpress\/wp-content\/uploads\/2023\/02\/taibon.jpg 959w\" sizes=\"auto, (max-width: 179px) 100vw, 179px\" \/><\/a>TAIBON<\/strong><\/p>\n<p>DI GIANNI SANTOMASO<\/p>\n<audio class=\"wp-audio-shortcode\" id=\"audio-373801-5\" preload=\"none\" style=\"width: 100%;\" controls=\"controls\"><source type=\"audio\/mpeg\" src=\"https:\/\/www.radiopiu.net\/wordpress\/wp-content\/uploads\/2024\/02\/GIANNI-LO-SPARGIMENTO-DI-LIQUAME-IN-VALLE-DI-SAN-LUCANO.mp3?_=5\" \/><a href=\"https:\/\/www.radiopiu.net\/wordpress\/wp-content\/uploads\/2024\/02\/GIANNI-LO-SPARGIMENTO-DI-LIQUAME-IN-VALLE-DI-SAN-LUCANO.mp3\">https:\/\/www.radiopiu.net\/wordpress\/wp-content\/uploads\/2024\/02\/GIANNI-LO-SPARGIMENTO-DI-LIQUAME-IN-VALLE-DI-SAN-LUCANO.mp3<\/a><\/audio>\n<p>&nbsp;<\/p>\n<p>&nbsp;<\/p>\n<hr \/>\n<p>&nbsp;<\/p>\n<blockquote>\n<h3>GDF BELLUNO: SEQUESTRATI 362 KG DI PRODOTTI ALIMENTARI SCADUTI<\/h3>\n<\/blockquote>\n<blockquote>\n<h3><em>i generi alimentari erano stati acquistati, addirittura, a partire dall\u2019ottobre del 2023<\/em><\/h3>\n<\/blockquote>\n<p><strong><img loading=\"lazy\" decoding=\"async\" class=\"alignleft\" src=\"https:\/\/www.radiopiu.net\/wordpress\/wp-content\/uploads\/2021\/07\/2eb8f214-39a6-4e15-bd1e-539b9100c08b.jpg\" width=\"176\" height=\"117\" \/>BELLUNO<\/strong> Le Fiamme Gialle della Tenenza di Auronzo di Cadore hanno sequestrato 362 kg di prodotti ortofrutticoli e lattiero-caseari scaduti, avariati o decomposti presso un&#8217;impresa cadorina di commercio ambulante. I generi alimentari, detenuti in un ambiente non idoneo alla conservazione, erano stati acquistati a partire dall&#8217;ottobre 2023. Il sequestro amministrativo \u00e8 stato effettuato in conformit\u00e0 alla normativa italiana e alle direttive europee in materia alimentare, con una sanzione prevista da 250 a 1.500 euro per il responsabile. Questa azione testimonia l&#8217;impegno trasversale della Guardia di Finanza nel tutelare il mercato dai prodotti non conformi e garantire condizioni di concorrenza equa per gli operatori economici e la sicurezza dei consumatori.<\/p>\n<div class=\"flex-1 overflow-hidden\">\n<div class=\"react-scroll-to-bottom--css-wmvrr-79elbk h-full\">\n<div class=\"react-scroll-to-bottom--css-wmvrr-1n7m0yu\">\n<div class=\"flex flex-col pb-9 text-sm\">\n<div class=\"w-full text-token-text-primary\" data-testid=\"conversation-turn-39\">\n<div class=\"px-4 py-2 justify-center text-base md:gap-6 m-auto\">\n<div class=\"flex flex-1 text-base mx-auto gap-3 md:px-5 lg:px-1 xl:px-5 md:max-w-3xl lg:max-w-[40rem] xl:max-w-[48rem] group final-completion\">\n<div class=\"relative flex w-full flex-col lg:w-[calc(100%-115px)] agent-turn\">\n<div class=\"flex-col gap-1 md:gap-3\">\n<div class=\"mt-1 flex justify-start gap-3 empty:hidden\">\n<div class=\"text-gray-400 flex self-end lg:self-center justify-center lg:justify-start mt-0 -ml-1 visible\">\n<blockquote><p><em>Il risultato testimonia come l\u2019approccio trasversale che contraddistingue l\u2019operato della Guardia di Finanza, consenta di attuare forme di controllo a 360\u00b0, flessibili e dinamiche, anche ai fini della tutela il mercato dei beni e servizi dalla diffusione di prodotti non conformi rispetto agli standard di sicurezza affinch\u00e9 gli operatori economici onesti possano beneficiare di condizioni eque di concorrenza\u00a0<\/em><\/p>\n<p><strong><a class=\"dt-pswp-item\" href=\"https:\/\/www.radiopiu.net\/wordpress\/wp-content\/uploads\/2024\/01\/Senza-nome-34.png\" data-dt-img-description=\"\" data-large_image_width=\"239\" data-large_image_height=\"153\"><img loading=\"lazy\" decoding=\"async\" class=\"wp-image-369478 alignleft\" src=\"https:\/\/www.radiopiu.net\/wordpress\/wp-content\/uploads\/2024\/01\/Senza-nome-34.png\" alt=\"\" width=\"128\" height=\"82\" \/><\/a> <\/strong><\/p>\n<p><strong>\u00a0<\/strong><\/p>\n<p><strong>dal TG BELLUNESE di\u00a0 ANTENNA 3 ogni sera alle 19.30 sul canale 10 del digitale terrestre e alle 19 le anticipazioni alla radio.\u00a0 \u00a0\u00a0<\/strong><\/p>\n<blockquote>\n<h3 class=\"_title post-title entry-title\">CONSERVAVA 362KG DI ALIMENTI SCADUTI. MAXI SEQUESTRO DELLA FINANZA A DOMEGGE<\/h3>\n<\/blockquote>\n<p>Intervistati DARIO GUARINO (COMANDANTE PROVINCIALE GUARDIA DI FINANZA BELLUNO) (Servizio di\u00a0<a href=\"https:\/\/antennatre.medianordest.it\/redazione\/Stefano-Bozzi\/\">Stefano Bozz<\/a>i)<\/p>\n<p>&nbsp;<\/p>\n<p><iframe loading=\"lazy\" title=\"CONSERVAVA 362KG DI ALIMENTI SCADUTI. MAXI SEQUESTRO DELLA FINANZA A DOMEGGE | 09\/02\/2024\" width=\"1200\" height=\"675\" src=\"https:\/\/www.youtube.com\/embed\/38uXORR1qCY?feature=oembed\" frameborder=\"0\" allow=\"accelerometer; autoplay; clipboard-write; encrypted-media; gyroscope; picture-in-picture; web-share\" allowfullscreen><\/iframe><\/p>\n<p>&nbsp;<\/p><\/blockquote>\n<p>&nbsp;<\/p>\n<hr \/>\n<p>&nbsp;<\/p>\n<blockquote>\n<h3>RECUPERO DI UN BUS FINITO FUORISTRADA A FARRA D&#8217;ALPAGO<\/h3>\n<\/blockquote>\n<p><strong>FARRA D&#8217;ALPAGO<\/strong> Poco prima delle 7:00, di ieri, i Vigili del Fuoco sono intervenuti lungo la SP 422 nel comune di Farra d\u2019Alpago per il recupero di un bus finito fuori dalla sede stradale in mezzo all\u2019erba a causa di una errata manovra. Nessuna persona \u00e8 rimasta coinvolta, il pullman viaggiava con il solo autista a bordo. I pompieri accorsi da Belluno e con i volontari dell\u2019Alpago con tre automezzi, tra cui l\u2019autogr\u00f9, hanno imbragato e rimesso in strada la corriera. Sul posto le Forze di Polizia per deviare il traffico. Le operazioni di soccorso dei vigili del fuoco sono terminate poco prima di mezzogiorno.<\/p>\n\n\t\t\t<style type='text\/css'>\n\t\t\t\t#gallery-1 {\n\t\t\t\t\tmargin: auto;\n\t\t\t\t}\n\t\t\t\t#gallery-1 .gallery-item {\n\t\t\t\t\tfloat: left;\n\t\t\t\t\tmargin-top: 10px;\n\t\t\t\t\ttext-align: center;\n\t\t\t\t\twidth: 25%;\n\t\t\t\t}\n\t\t\t\t#gallery-1 img {\n\t\t\t\t\tborder: 2px solid #cfcfcf;\n\t\t\t\t}\n\t\t\t\t#gallery-1 .gallery-caption {\n\t\t\t\t\tmargin-left: 0;\n\t\t\t\t}\n\t\t\t\t\/* see gallery_shortcode() in wp-includes\/media.php *\/\n\t\t\t<\/style>\n\t\t<div id='gallery-1' class='dt-gallery-container gallery galleryid-373801 gallery-columns-4 gallery-size-thumbnail'><dl class='gallery-item'>\n\t\t\t\t<dt class='gallery-icon landscape'>\n\t\t\t\t\t<a class=\"rollover rollover-zoom dt-pswp-item\" title=\"5a7afca5-c6fc-4139-8256-4a707c010d25\" data-dt-img-description=\"\" data-large_image_width=\"1280\" data-large_image_height=\"960\"href='https:\/\/www.radiopiu.net\/wordpress\/wp-content\/uploads\/2024\/02\/5a7afca5-c6fc-4139-8256-4a707c010d25.jpg'><img loading=\"lazy\" decoding=\"async\" width=\"150\" height=\"150\" src=\"https:\/\/www.radiopiu.net\/wordpress\/wp-content\/uploads\/2024\/02\/5a7afca5-c6fc-4139-8256-4a707c010d25-150x150.jpg\" class=\"attachment-thumbnail size-thumbnail\" alt=\"\" \/><\/a>\n\t\t\t\t<\/dt><\/dl><dl class='gallery-item'>\n\t\t\t\t<dt class='gallery-icon landscape'>\n\t\t\t\t\t<a class=\"rollover rollover-zoom dt-pswp-item\" title=\"22e57524-5404-4710-9cee-10ece2608979\" data-dt-img-description=\"\" data-large_image_width=\"1224\" data-large_image_height=\"744\"href='https:\/\/www.radiopiu.net\/wordpress\/wp-content\/uploads\/2024\/02\/22e57524-5404-4710-9cee-10ece2608979.jpg'><img loading=\"lazy\" decoding=\"async\" width=\"150\" height=\"150\" src=\"https:\/\/www.radiopiu.net\/wordpress\/wp-content\/uploads\/2024\/02\/22e57524-5404-4710-9cee-10ece2608979-150x150.jpg\" class=\"attachment-thumbnail size-thumbnail\" alt=\"\" \/><\/a>\n\t\t\t\t<\/dt><\/dl><dl class='gallery-item'>\n\t\t\t\t<dt class='gallery-icon portrait'>\n\t\t\t\t\t<a class=\"rollover rollover-zoom dt-pswp-item\" title=\"46ea84cf-f94a-4559-9ee8-7b82c1302166\" data-dt-img-description=\"\" data-large_image_width=\"960\" data-large_image_height=\"1280\"href='https:\/\/www.radiopiu.net\/wordpress\/wp-content\/uploads\/2024\/02\/46ea84cf-f94a-4559-9ee8-7b82c1302166.jpg'><img loading=\"lazy\" decoding=\"async\" width=\"150\" height=\"150\" src=\"https:\/\/www.radiopiu.net\/wordpress\/wp-content\/uploads\/2024\/02\/46ea84cf-f94a-4559-9ee8-7b82c1302166-150x150.jpg\" class=\"attachment-thumbnail size-thumbnail\" alt=\"\" \/><\/a>\n\t\t\t\t<\/dt><\/dl><dl class='gallery-item'>\n\t\t\t\t<dt class='gallery-icon landscape'>\n\t\t\t\t\t<a class=\"rollover rollover-zoom dt-pswp-item\" title=\"ff9f46e0-4814-4e77-a590-4d27ddd7cd16\" data-dt-img-description=\"\" data-large_image_width=\"1280\" data-large_image_height=\"960\"href='https:\/\/www.radiopiu.net\/wordpress\/wp-content\/uploads\/2024\/02\/ff9f46e0-4814-4e77-a590-4d27ddd7cd16.jpg'><img loading=\"lazy\" decoding=\"async\" width=\"150\" height=\"150\" src=\"https:\/\/www.radiopiu.net\/wordpress\/wp-content\/uploads\/2024\/02\/ff9f46e0-4814-4e77-a590-4d27ddd7cd16-150x150.jpg\" class=\"attachment-thumbnail size-thumbnail\" alt=\"\" \/><\/a>\n\t\t\t\t<\/dt><\/dl><br style=\"clear: both\" \/>\n\t\t\t<\/div>\n\n<p>&nbsp;<\/p>\n<hr \/>\n<p>&nbsp;<\/p>\n<blockquote>\n<h3>NESSUN FERITO SOPRA CAPRILE<\/h3>\n<\/blockquote>\n<p><strong>ALLEGHE<\/strong> Vigili del fuoco di Agordo e volontari di Caprile sono intervenuti ieri mattina alle 9\u00a0 sopra Caprile, lungo la regionale 203 agordina per un incidente tra un&#8217;auto elettrica e un furgone. Nessuna persona \u00e8 rimasta ferita, inevitabile disagi al traffico.<\/p>\n<\/div>\n<\/div>\n<\/div>\n<\/div>\n<\/div>\n<\/div>\n<\/div>\n<\/div>\n<\/div>\n<\/div>\n<\/div>\n<p>&nbsp;<\/p>\n<hr \/>\n<p>&nbsp;<\/p>\n<blockquote>\n<h3>TERREMOTO NEL PARMENSE, LA SCOSSA RILEVATA DAL SISMOGRAFO DI AGORDO<\/h3>\n<\/blockquote>\n<p><strong>REDAZIONE<\/strong> Ieri poco dopo le 13 una scossa di terremoto ha interessato il centro Italia. Pi\u00f9 precisamente nella provincia di Parma, con una magnitudo di 4.2 sulla scala Richter. Sono giorni che lo sciame sismico sta interessando la zona di Parma. La scossa di oggi \u00e8 stata rilevata anche dal sismografo di Agordo.<\/p>\n\n\t\t\t<style type='text\/css'>\n\t\t\t\t#gallery-2 {\n\t\t\t\t\tmargin: auto;\n\t\t\t\t}\n\t\t\t\t#gallery-2 .gallery-item {\n\t\t\t\t\tfloat: left;\n\t\t\t\t\tmargin-top: 10px;\n\t\t\t\t\ttext-align: center;\n\t\t\t\t\twidth: 100%;\n\t\t\t\t}\n\t\t\t\t#gallery-2 img {\n\t\t\t\t\tborder: 2px solid #cfcfcf;\n\t\t\t\t}\n\t\t\t\t#gallery-2 .gallery-caption {\n\t\t\t\t\tmargin-left: 0;\n\t\t\t\t}\n\t\t\t\t\/* see gallery_shortcode() in wp-includes\/media.php *\/\n\t\t\t<\/style>\n\t\t<div id='gallery-2' class='dt-gallery-container gallery galleryid-373801 gallery-columns-1 gallery-size-medium'><dl class='gallery-item'>\n\t\t\t\t<dt class='gallery-icon landscape'>\n\t\t\t\t\t<a class=\"rollover rollover-zoom dt-pswp-item\" title=\"f997e63f-6858-4a27-aec4-233b447b8d5c\" data-dt-img-description=\"\" data-large_image_width=\"792\" data-large_image_height=\"612\"href='https:\/\/www.radiopiu.net\/wordpress\/wp-content\/uploads\/2024\/02\/f997e63f-6858-4a27-aec4-233b447b8d5c.jpg'><img loading=\"lazy\" decoding=\"async\" width=\"300\" height=\"232\" src=\"https:\/\/www.radiopiu.net\/wordpress\/wp-content\/uploads\/2024\/02\/f997e63f-6858-4a27-aec4-233b447b8d5c-300x232.jpg\" class=\"attachment-medium size-medium\" alt=\"\" srcset=\"https:\/\/www.radiopiu.net\/wordpress\/wp-content\/uploads\/2024\/02\/f997e63f-6858-4a27-aec4-233b447b8d5c-300x232.jpg 300w, https:\/\/www.radiopiu.net\/wordpress\/wp-content\/uploads\/2024\/02\/f997e63f-6858-4a27-aec4-233b447b8d5c-768x593.jpg 768w, https:\/\/www.radiopiu.net\/wordpress\/wp-content\/uploads\/2024\/02\/f997e63f-6858-4a27-aec4-233b447b8d5c.jpg 792w\" sizes=\"auto, (max-width: 300px) 100vw, 300px\" \/><\/a>\n\t\t\t\t<\/dt><\/dl><br style=\"clear: both\" \/>\n\t\t\t<\/div>\n\n<p>&nbsp;<\/p>\n<hr \/>\n<p>&nbsp;<\/p>\n<p><span style=\"color: #0000ff;\"><strong>GLI INASCOLTATI DAGLI ELETTI<\/strong><\/span><\/p>\n<h3><a class=\"dt-pswp-item\" href=\"https:\/\/www.radiopiu.net\/wordpress\/wp-content\/uploads\/2023\/10\/PISTA-BOB-CORTINA.jpg\" data-dt-img-description=\"\" data-large_image_width=\"800\" data-large_image_height=\"600\"><img loading=\"lazy\" decoding=\"async\" class=\"wp-image-357136 alignleft\" src=\"https:\/\/www.radiopiu.net\/wordpress\/wp-content\/uploads\/2023\/10\/PISTA-BOB-CORTINA-300x225.jpg\" alt=\"\" width=\"136\" height=\"102\" srcset=\"https:\/\/www.radiopiu.net\/wordpress\/wp-content\/uploads\/2023\/10\/PISTA-BOB-CORTINA-300x225.jpg 300w, https:\/\/www.radiopiu.net\/wordpress\/wp-content\/uploads\/2023\/10\/PISTA-BOB-CORTINA-768x576.jpg 768w, https:\/\/www.radiopiu.net\/wordpress\/wp-content\/uploads\/2023\/10\/PISTA-BOB-CORTINA.jpg 800w\" sizes=\"auto, (max-width: 136px) 100vw, 136px\" \/><\/a>LA PISTA DA BOB IN PIAZZA, &#8220;SINDACO ORDINI LA SOSPENSIONE DEI LAVORI&#8221;<\/h3>\n<p><strong>CORTINA<\/strong> Gli ambientalisti chiedono al sindaco di Cortina di sospendere i lavori della pista di bob a Ronco, richiedendo una bonifica preventiva di sei ettari di terreno. Flash mob e proteste si svolgono oggi a Milano e Venezia contro gli impatti ambientali delle Olimpiadi 2026. La Fondazione Milano Cortina promuove i Giochi mentre il Coni avvia il primo corso di management olimpico, accolto positivamente dal presidente del Cio. Ispettori del Comitato Olimpico visiteranno Cortina il 20 febbraio.<\/p>\n<p>&nbsp;<\/p>\n<p>&nbsp;<\/p>\n<hr \/>\n<p>&nbsp;<\/p>\n<blockquote>\n<h3>DEBORAH COMPAGNONI AD ARABBA &#8220;SCIARE PER LA VITA&#8221;<\/h3>\n<\/blockquote>\n<p><strong><a class=\"dt-pswp-item\" href=\"https:\/\/www.radiopiu.net\/wordpress\/wp-content\/uploads\/2024\/02\/IMG-20240208-WA0012.jpg\" data-dt-img-description=\"\" data-large_image_width=\"1600\" data-large_image_height=\"1200\"><img loading=\"lazy\" decoding=\"async\" class=\"size-medium wp-image-373848 alignleft\" src=\"https:\/\/www.radiopiu.net\/wordpress\/wp-content\/uploads\/2024\/02\/IMG-20240208-WA0012-300x225.jpg\" alt=\"\" width=\"300\" height=\"225\" srcset=\"https:\/\/www.radiopiu.net\/wordpress\/wp-content\/uploads\/2024\/02\/IMG-20240208-WA0012-300x225.jpg 300w, https:\/\/www.radiopiu.net\/wordpress\/wp-content\/uploads\/2024\/02\/IMG-20240208-WA0012-1024x768.jpg 1024w, https:\/\/www.radiopiu.net\/wordpress\/wp-content\/uploads\/2024\/02\/IMG-20240208-WA0012-768x576.jpg 768w, https:\/\/www.radiopiu.net\/wordpress\/wp-content\/uploads\/2024\/02\/IMG-20240208-WA0012-1536x1152.jpg 1536w, https:\/\/www.radiopiu.net\/wordpress\/wp-content\/uploads\/2024\/02\/IMG-20240208-WA0012.jpg 1600w\" sizes=\"auto, (max-width: 300px) 100vw, 300px\" \/><\/a>LIVINALLONGO<\/strong> La campionessa di sci Deborah Compagnoni in rappresentanza dell\u2019Associazione Onlus \u201cSciare per la Vita\u201d ha consegnato al rifugio Luigi Gorza, in localit\u00e0 Porta Vescovo nel comprensorio sciistico di Arabba quattro carrozzine per disabili, che vanno ad arricchire un\u2019offerta di servizi diretta a creare un polo turistico e sportivo, in cui, per tutto il periodo dell\u2019anno, una persona con disabilit\u00e0 o con difficolt\u00e0 di qualsiasi genere (anche meramente temporanea), possa <a class=\"dt-pswp-item\" href=\"https:\/\/www.radiopiu.net\/wordpress\/wp-content\/uploads\/2024\/02\/IMG-20240208-WA0011.jpg\" data-dt-img-description=\"\" data-large_image_width=\"1600\" data-large_image_height=\"1200\"><img loading=\"lazy\" decoding=\"async\" class=\"size-medium wp-image-373849 alignright\" src=\"https:\/\/www.radiopiu.net\/wordpress\/wp-content\/uploads\/2024\/02\/IMG-20240208-WA0011-300x225.jpg\" alt=\"\" width=\"300\" height=\"225\" srcset=\"https:\/\/www.radiopiu.net\/wordpress\/wp-content\/uploads\/2024\/02\/IMG-20240208-WA0011-300x225.jpg 300w, https:\/\/www.radiopiu.net\/wordpress\/wp-content\/uploads\/2024\/02\/IMG-20240208-WA0011-1024x768.jpg 1024w, https:\/\/www.radiopiu.net\/wordpress\/wp-content\/uploads\/2024\/02\/IMG-20240208-WA0011-768x576.jpg 768w, https:\/\/www.radiopiu.net\/wordpress\/wp-content\/uploads\/2024\/02\/IMG-20240208-WA0011-1536x1152.jpg 1536w, https:\/\/www.radiopiu.net\/wordpress\/wp-content\/uploads\/2024\/02\/IMG-20240208-WA0011.jpg 1600w\" sizes=\"auto, (max-width: 300px) 100vw, 300px\" \/><\/a>praticare lo sport dello sci o semplicemente godere della bellezza e dei benefici di una gita in montagna. La Polizia di Stato ha voluto dimostrare la propria vicinanza all\u2019iniziativa con la presenza sul posto del Vicario del Questore e del personale specialista in servizio di sicurezza e soccorso in montagna nel comprensorio di Arabba, per rimarcare ancora una volta il messaggio di solidariet\u00e0 di cui, ogni giorno, i poliziotti e le poliziotte si rendono portatori, in ossequio ai valori pi\u00f9 profondi delle propria missione, per <em>esserci sempre<\/em> a difesa delle libert\u00e0 e dei diritti fondamentali di tutti gli individuo, ma soprattutto per favorire l\u2019inclusione sociale dei soggetti pi\u00f9 deboli o in difficolt\u00e0.<\/p>\n<blockquote><p><em>Infatti ormai da anni la Polizia di Stato, attraverso il Centro addestramento Alpino di Moena, collabora ad una serie di iniziative dedicate agli atleti diversamente abili, tra le quali raccoglie particolare favore l\u2019insegnamento dello sci alle persone con disabilit\u00e0 neuromotoria.\u00a0<\/em><\/p>\n<p>&nbsp;<\/p><\/blockquote>\n<p><strong>LA FOTOGALLERY<\/strong><\/p>\n\n\t\t\t<style type='text\/css'>\n\t\t\t\t#gallery-3 {\n\t\t\t\t\tmargin: auto;\n\t\t\t\t}\n\t\t\t\t#gallery-3 .gallery-item {\n\t\t\t\t\tfloat: left;\n\t\t\t\t\tmargin-top: 10px;\n\t\t\t\t\ttext-align: center;\n\t\t\t\t\twidth: 14%;\n\t\t\t\t}\n\t\t\t\t#gallery-3 img {\n\t\t\t\t\tborder: 2px solid #cfcfcf;\n\t\t\t\t}\n\t\t\t\t#gallery-3 .gallery-caption {\n\t\t\t\t\tmargin-left: 0;\n\t\t\t\t}\n\t\t\t\t\/* see gallery_shortcode() in wp-includes\/media.php *\/\n\t\t\t<\/style>\n\t\t<div id='gallery-3' class='dt-gallery-container gallery galleryid-373801 gallery-columns-7 gallery-size-thumbnail'><dl class='gallery-item'>\n\t\t\t\t<dt class='gallery-icon portrait'>\n\t\t\t\t\t<a class=\"rollover rollover-zoom dt-pswp-item\" title=\"6daee08c-bbc9-4a7b-9916-9c22fd0fb6a1\" data-dt-img-description=\"\" data-large_image_width=\"1200\" data-large_image_height=\"1599\"href='https:\/\/www.radiopiu.net\/wordpress\/wp-content\/uploads\/2024\/02\/6daee08c-bbc9-4a7b-9916-9c22fd0fb6a1.jpg'><img loading=\"lazy\" decoding=\"async\" width=\"150\" height=\"150\" src=\"https:\/\/www.radiopiu.net\/wordpress\/wp-content\/uploads\/2024\/02\/6daee08c-bbc9-4a7b-9916-9c22fd0fb6a1-150x150.jpg\" class=\"attachment-thumbnail size-thumbnail\" alt=\"\" \/><\/a>\n\t\t\t\t<\/dt><\/dl><dl class='gallery-item'>\n\t\t\t\t<dt class='gallery-icon portrait'>\n\t\t\t\t\t<a class=\"rollover rollover-zoom dt-pswp-item\" title=\"0618fd42-ffca-4816-943c-27a069360171\" data-dt-img-description=\"\" data-large_image_width=\"1200\" data-large_image_height=\"1599\"href='https:\/\/www.radiopiu.net\/wordpress\/wp-content\/uploads\/2024\/02\/0618fd42-ffca-4816-943c-27a069360171.jpg'><img loading=\"lazy\" decoding=\"async\" width=\"150\" height=\"150\" src=\"https:\/\/www.radiopiu.net\/wordpress\/wp-content\/uploads\/2024\/02\/0618fd42-ffca-4816-943c-27a069360171-150x150.jpg\" class=\"attachment-thumbnail size-thumbnail\" alt=\"\" \/><\/a>\n\t\t\t\t<\/dt><\/dl><dl class='gallery-item'>\n\t\t\t\t<dt class='gallery-icon portrait'>\n\t\t\t\t\t<a class=\"rollover rollover-zoom dt-pswp-item\" title=\"919f7336-4539-4963-b0b9-e57baeea51af\" data-dt-img-description=\"\" data-large_image_width=\"1200\" data-large_image_height=\"1599\"href='https:\/\/www.radiopiu.net\/wordpress\/wp-content\/uploads\/2024\/02\/919f7336-4539-4963-b0b9-e57baeea51af.jpg'><img loading=\"lazy\" decoding=\"async\" width=\"150\" height=\"150\" src=\"https:\/\/www.radiopiu.net\/wordpress\/wp-content\/uploads\/2024\/02\/919f7336-4539-4963-b0b9-e57baeea51af-150x150.jpg\" class=\"attachment-thumbnail size-thumbnail\" alt=\"\" \/><\/a>\n\t\t\t\t<\/dt><\/dl><dl class='gallery-item'>\n\t\t\t\t<dt class='gallery-icon portrait'>\n\t\t\t\t\t<a class=\"rollover rollover-zoom dt-pswp-item\" title=\"fc4cbbb7-08a0-45b3-934f-8f8f721d5fd5\" data-dt-img-description=\"\" data-large_image_width=\"1200\" data-large_image_height=\"1599\"href='https:\/\/www.radiopiu.net\/wordpress\/wp-content\/uploads\/2024\/02\/fc4cbbb7-08a0-45b3-934f-8f8f721d5fd5.jpg'><img loading=\"lazy\" decoding=\"async\" width=\"150\" height=\"150\" src=\"https:\/\/www.radiopiu.net\/wordpress\/wp-content\/uploads\/2024\/02\/fc4cbbb7-08a0-45b3-934f-8f8f721d5fd5-150x150.jpg\" class=\"attachment-thumbnail size-thumbnail\" alt=\"\" \/><\/a>\n\t\t\t\t<\/dt><\/dl><dl class='gallery-item'>\n\t\t\t\t<dt class='gallery-icon landscape'>\n\t\t\t\t\t<a class=\"rollover rollover-zoom dt-pswp-item\" title=\"cc25a0c1-d2ca-4206-92cc-1412c0a6b1ae\" data-dt-img-description=\"\" data-large_image_width=\"1599\" data-large_image_height=\"1200\"href='https:\/\/www.radiopiu.net\/wordpress\/wp-content\/uploads\/2024\/02\/cc25a0c1-d2ca-4206-92cc-1412c0a6b1ae.jpg'><img loading=\"lazy\" decoding=\"async\" width=\"150\" height=\"150\" src=\"https:\/\/www.radiopiu.net\/wordpress\/wp-content\/uploads\/2024\/02\/cc25a0c1-d2ca-4206-92cc-1412c0a6b1ae-150x150.jpg\" class=\"attachment-thumbnail size-thumbnail\" alt=\"\" \/><\/a>\n\t\t\t\t<\/dt><\/dl><dl class='gallery-item'>\n\t\t\t\t<dt class='gallery-icon landscape'>\n\t\t\t\t\t<a class=\"rollover rollover-zoom dt-pswp-item\" title=\"ba5c5151-a7a9-437c-8bf4-1aa12cb5d3ed\" data-dt-img-description=\"\" data-large_image_width=\"1599\" data-large_image_height=\"1200\"href='https:\/\/www.radiopiu.net\/wordpress\/wp-content\/uploads\/2024\/02\/ba5c5151-a7a9-437c-8bf4-1aa12cb5d3ed.jpg'><img loading=\"lazy\" decoding=\"async\" width=\"150\" height=\"150\" src=\"https:\/\/www.radiopiu.net\/wordpress\/wp-content\/uploads\/2024\/02\/ba5c5151-a7a9-437c-8bf4-1aa12cb5d3ed-150x150.jpg\" class=\"attachment-thumbnail size-thumbnail\" alt=\"\" \/><\/a>\n\t\t\t\t<\/dt><\/dl><dl class='gallery-item'>\n\t\t\t\t<dt class='gallery-icon landscape'>\n\t\t\t\t\t<a class=\"rollover rollover-zoom dt-pswp-item\" title=\"a7841ca7-95a4-4471-8a1c-35ef23387ec1\" data-dt-img-description=\"\" data-large_image_width=\"1599\" data-large_image_height=\"1200\"href='https:\/\/www.radiopiu.net\/wordpress\/wp-content\/uploads\/2024\/02\/a7841ca7-95a4-4471-8a1c-35ef23387ec1.jpg'><img loading=\"lazy\" decoding=\"async\" width=\"150\" height=\"150\" src=\"https:\/\/www.radiopiu.net\/wordpress\/wp-content\/uploads\/2024\/02\/a7841ca7-95a4-4471-8a1c-35ef23387ec1-150x150.jpg\" class=\"attachment-thumbnail size-thumbnail\" alt=\"\" \/><\/a>\n\t\t\t\t<\/dt><\/dl><br style=\"clear: both\" \/><dl class='gallery-item'>\n\t\t\t\t<dt class='gallery-icon portrait'>\n\t\t\t\t\t<a class=\"rollover rollover-zoom dt-pswp-item\" title=\"1cae1d88-4eaf-498c-b886-0c5ed61c646c\" data-dt-img-description=\"\" data-large_image_width=\"1200\" data-large_image_height=\"1599\"href='https:\/\/www.radiopiu.net\/wordpress\/wp-content\/uploads\/2024\/02\/1cae1d88-4eaf-498c-b886-0c5ed61c646c.jpg'><img loading=\"lazy\" decoding=\"async\" width=\"150\" height=\"150\" src=\"https:\/\/www.radiopiu.net\/wordpress\/wp-content\/uploads\/2024\/02\/1cae1d88-4eaf-498c-b886-0c5ed61c646c-150x150.jpg\" class=\"attachment-thumbnail size-thumbnail\" alt=\"\" \/><\/a>\n\t\t\t\t<\/dt><\/dl><dl class='gallery-item'>\n\t\t\t\t<dt class='gallery-icon portrait'>\n\t\t\t\t\t<a class=\"rollover rollover-zoom dt-pswp-item\" title=\"0dd87ace-3831-40da-9989-3d4a12b3d0e9\" data-dt-img-description=\"\" data-large_image_width=\"1200\" data-large_image_height=\"1599\"href='https:\/\/www.radiopiu.net\/wordpress\/wp-content\/uploads\/2024\/02\/0dd87ace-3831-40da-9989-3d4a12b3d0e9.jpg'><img loading=\"lazy\" decoding=\"async\" width=\"150\" height=\"150\" src=\"https:\/\/www.radiopiu.net\/wordpress\/wp-content\/uploads\/2024\/02\/0dd87ace-3831-40da-9989-3d4a12b3d0e9-150x150.jpg\" class=\"attachment-thumbnail size-thumbnail\" alt=\"\" \/><\/a>\n\t\t\t\t<\/dt><\/dl><dl class='gallery-item'>\n\t\t\t\t<dt class='gallery-icon portrait'>\n\t\t\t\t\t<a class=\"rollover rollover-zoom dt-pswp-item\" title=\"eab95a99-3689-4764-9261-82114fefcca6\" data-dt-img-description=\"\" data-large_image_width=\"1200\" data-large_image_height=\"1599\"href='https:\/\/www.radiopiu.net\/wordpress\/wp-content\/uploads\/2024\/02\/eab95a99-3689-4764-9261-82114fefcca6.jpg'><img loading=\"lazy\" decoding=\"async\" width=\"150\" height=\"150\" src=\"https:\/\/www.radiopiu.net\/wordpress\/wp-content\/uploads\/2024\/02\/eab95a99-3689-4764-9261-82114fefcca6-150x150.jpg\" class=\"attachment-thumbnail size-thumbnail\" alt=\"\" \/><\/a>\n\t\t\t\t<\/dt><\/dl><dl class='gallery-item'>\n\t\t\t\t<dt class='gallery-icon portrait'>\n\t\t\t\t\t<a class=\"rollover rollover-zoom dt-pswp-item\" title=\"b0177d12-ea38-4cdc-869e-1e64649f3a1f\" data-dt-img-description=\"\" data-large_image_width=\"1200\" data-large_image_height=\"1599\"href='https:\/\/www.radiopiu.net\/wordpress\/wp-content\/uploads\/2024\/02\/b0177d12-ea38-4cdc-869e-1e64649f3a1f.jpg'><img loading=\"lazy\" decoding=\"async\" width=\"150\" height=\"150\" src=\"https:\/\/www.radiopiu.net\/wordpress\/wp-content\/uploads\/2024\/02\/b0177d12-ea38-4cdc-869e-1e64649f3a1f-150x150.jpg\" class=\"attachment-thumbnail size-thumbnail\" alt=\"\" \/><\/a>\n\t\t\t\t<\/dt><\/dl><dl class='gallery-item'>\n\t\t\t\t<dt class='gallery-icon portrait'>\n\t\t\t\t\t<a class=\"rollover rollover-zoom dt-pswp-item\" title=\"317b8bd8-9d34-499e-9d23-06ad4f21abf7\" data-dt-img-description=\"\" data-large_image_width=\"864\" data-large_image_height=\"1152\"href='https:\/\/www.radiopiu.net\/wordpress\/wp-content\/uploads\/2024\/02\/317b8bd8-9d34-499e-9d23-06ad4f21abf7.jpg'><img loading=\"lazy\" decoding=\"async\" width=\"150\" height=\"150\" src=\"https:\/\/www.radiopiu.net\/wordpress\/wp-content\/uploads\/2024\/02\/317b8bd8-9d34-499e-9d23-06ad4f21abf7-150x150.jpg\" class=\"attachment-thumbnail size-thumbnail\" alt=\"\" \/><\/a>\n\t\t\t\t<\/dt><\/dl><dl class='gallery-item'>\n\t\t\t\t<dt class='gallery-icon portrait'>\n\t\t\t\t\t<a class=\"rollover rollover-zoom dt-pswp-item\" title=\"dfa5bddc-8128-4424-bd55-c2ac3e6e4354\" data-dt-img-description=\"\" data-large_image_width=\"864\" data-large_image_height=\"1152\"href='https:\/\/www.radiopiu.net\/wordpress\/wp-content\/uploads\/2024\/02\/dfa5bddc-8128-4424-bd55-c2ac3e6e4354.jpg'><img loading=\"lazy\" decoding=\"async\" width=\"150\" height=\"150\" src=\"https:\/\/www.radiopiu.net\/wordpress\/wp-content\/uploads\/2024\/02\/dfa5bddc-8128-4424-bd55-c2ac3e6e4354-150x150.jpg\" class=\"attachment-thumbnail size-thumbnail\" alt=\"\" \/><\/a>\n\t\t\t\t<\/dt><\/dl><dl class='gallery-item'>\n\t\t\t\t<dt class='gallery-icon portrait'>\n\t\t\t\t\t<a class=\"rollover rollover-zoom dt-pswp-item\" title=\"46c5c9e0-fd96-4c9e-b8aa-7885e95e87b3\" data-dt-img-description=\"\" data-large_image_width=\"864\" data-large_image_height=\"1152\"href='https:\/\/www.radiopiu.net\/wordpress\/wp-content\/uploads\/2024\/02\/46c5c9e0-fd96-4c9e-b8aa-7885e95e87b3.jpg'><img loading=\"lazy\" decoding=\"async\" width=\"150\" height=\"150\" src=\"https:\/\/www.radiopiu.net\/wordpress\/wp-content\/uploads\/2024\/02\/46c5c9e0-fd96-4c9e-b8aa-7885e95e87b3-150x150.jpg\" class=\"attachment-thumbnail size-thumbnail\" alt=\"\" \/><\/a>\n\t\t\t\t<\/dt><\/dl><br style=\"clear: both\" \/>\n\t\t\t<\/div>\n\n<p>&nbsp;<\/p>\n<p>&nbsp;<\/p>\n<hr \/>\n<p>&nbsp;<\/p>\n<blockquote>\n<h3>PRESENTATO IL PROGETTO &#8220;L&#8217;ISOLA CHE NON C&#8217;E'&#8221; DA REALIZZARE AL PARCO CITTA&#8217; DI BOLOGNA A BELLUNO<\/h3>\n<\/blockquote>\n<p><strong><a class=\"dt-pswp-item\" href=\"https:\/\/www.radiopiu.net\/wordpress\/wp-content\/uploads\/2024\/02\/010131a7-2ea8-4f01-895e-84d5ee6913da.jpg\" data-dt-img-description=\"\" data-large_image_width=\"1600\" data-large_image_height=\"1200\"><img loading=\"lazy\" decoding=\"async\" class=\" wp-image-373893 alignleft\" src=\"https:\/\/www.radiopiu.net\/wordpress\/wp-content\/uploads\/2024\/02\/010131a7-2ea8-4f01-895e-84d5ee6913da-300x225.jpg\" alt=\"\" width=\"203\" height=\"152\" srcset=\"https:\/\/www.radiopiu.net\/wordpress\/wp-content\/uploads\/2024\/02\/010131a7-2ea8-4f01-895e-84d5ee6913da-300x225.jpg 300w, https:\/\/www.radiopiu.net\/wordpress\/wp-content\/uploads\/2024\/02\/010131a7-2ea8-4f01-895e-84d5ee6913da-1024x768.jpg 1024w, https:\/\/www.radiopiu.net\/wordpress\/wp-content\/uploads\/2024\/02\/010131a7-2ea8-4f01-895e-84d5ee6913da-768x576.jpg 768w, https:\/\/www.radiopiu.net\/wordpress\/wp-content\/uploads\/2024\/02\/010131a7-2ea8-4f01-895e-84d5ee6913da-1536x1152.jpg 1536w, https:\/\/www.radiopiu.net\/wordpress\/wp-content\/uploads\/2024\/02\/010131a7-2ea8-4f01-895e-84d5ee6913da.jpg 1600w\" sizes=\"auto, (max-width: 203px) 100vw, 203px\" \/><\/a>BELLUNO<\/strong> Il progetto c&#8217;\u00e8, ora servono i fondi: il Circolo Ricreativo dei Vigili del Fuoco di Belluno ha presentato il progetto del parco inclusivo \u201cL&#8217;isola che non c&#8217;\u00e8\u201d, da realizzare nel capoluogo al Parco Citt\u00e0 di Bologna.<\/p>\n<p><strong>DI DANILE DALVIT<\/strong><\/p>\n<audio class=\"wp-audio-shortcode\" id=\"audio-373801-6\" preload=\"none\" style=\"width: 100%;\" controls=\"controls\"><source type=\"audio\/mpeg\" src=\"https:\/\/www.radiopiu.net\/wordpress\/wp-content\/uploads\/2024\/02\/Radio-Piu-Servizio-Nuovo-parco-Vvf-Belluno.mp3?_=6\" \/><a href=\"https:\/\/www.radiopiu.net\/wordpress\/wp-content\/uploads\/2024\/02\/Radio-Piu-Servizio-Nuovo-parco-Vvf-Belluno.mp3\">https:\/\/www.radiopiu.net\/wordpress\/wp-content\/uploads\/2024\/02\/Radio-Piu-Servizio-Nuovo-parco-Vvf-Belluno.mp3<\/a><\/audio>\n<p>&nbsp;<\/p>\n<p><strong>IL VIDEO<\/strong><\/p>\n<p><iframe loading=\"lazy\" title=\"Video area1 Belluno\" width=\"1200\" height=\"675\" src=\"https:\/\/www.youtube.com\/embed\/Kk0WpJvUroE?feature=oembed\" frameborder=\"0\" allow=\"accelerometer; autoplay; clipboard-write; encrypted-media; gyroscope; picture-in-picture; web-share\" allowfullscreen><\/iframe><\/p>\n<p>&nbsp;<\/p>\n<p>&nbsp;<\/p>\n<p>&nbsp;<\/p>\n<hr \/>\n<p>&nbsp;<\/p>\n<blockquote>\n<h3>PROTEZIONE CIVILE-VIGILI DEL FUOCO, COLLABORAZIONE CHE SI RAFFORZA<\/h3>\n<\/blockquote>\n<p><img loading=\"lazy\" decoding=\"async\" class=\"alignleft\" src=\"https:\/\/www.radiopiu.net\/wordpress\/wp-content\/uploads\/2024\/02\/ef5ac29a-c6d5-4e4f-bdac-46b7f6a5f274.jpg\" width=\"205\" height=\"154\" \/><\/p>\n<p><strong>BELLUNO<\/strong> Mattinata presso il comando dei Vigili del Fuoco, per la presentazione di alcune attrezzature che sono state acquistate grazie al contributo della Regione, in virt\u00f9 di una convenzione sottoscritta nel 2017 che rafforza la collaborazione con i Vigili del Fuoco, mettendo insieme componenti statali e regionali di #Protezione_Civile.\u00a0 I contributi che anche nell&#8217;anno corrente sono garantiti a livello regionale riguardano sia i pompieri permanenti (350mila) che i distaccamenti volontari (220mila euro, di cui 180mila in attrezzature e 40mila per la formazione).<\/p>\n<p>&nbsp;<\/p>\n<p><strong><em>L&#8217;ASSESSORE REGIONALE GIANPAOLO BOTTACIN<\/em><\/strong><\/p>\n<div style=\"width: 848px;\" class=\"wp-video\"><video class=\"wp-video-shortcode\" id=\"video-373801-1\" width=\"848\" height=\"480\" preload=\"metadata\" controls=\"controls\"><source type=\"video\/mp4\" src=\"https:\/\/www.radiopiu.net\/wordpress\/wp-content\/uploads\/2024\/02\/WhatsApp-Video-2024-02-09-at-14.07.37.mp4?_=1\" \/><a href=\"https:\/\/www.radiopiu.net\/wordpress\/wp-content\/uploads\/2024\/02\/WhatsApp-Video-2024-02-09-at-14.07.37.mp4\">https:\/\/www.radiopiu.net\/wordpress\/wp-content\/uploads\/2024\/02\/WhatsApp-Video-2024-02-09-at-14.07.37.mp4<\/a><\/video><\/div>\n<p>&nbsp;<\/p>\n<hr \/>\n<p>&nbsp;<\/p>\n<blockquote>\n<h3>CONSEGNA MATERIALE DALLA REGIONE AI VIGILI DEL FUOCO VOLONTARI<\/h3>\n<\/blockquote>\n<p><strong><a class=\"dt-pswp-item\" href=\"https:\/\/www.radiopiu.net\/wordpress\/wp-content\/uploads\/2024\/02\/b5a4d2e2-fec7-4fe4-9902-44a58a5204c2.jpg\" data-dt-img-description=\"\" data-large_image_width=\"1600\" data-large_image_height=\"1066\"><img loading=\"lazy\" decoding=\"async\" class=\" wp-image-373944 alignleft\" src=\"https:\/\/www.radiopiu.net\/wordpress\/wp-content\/uploads\/2024\/02\/b5a4d2e2-fec7-4fe4-9902-44a58a5204c2-300x200.jpg\" alt=\"\" width=\"137\" height=\"91\" srcset=\"https:\/\/www.radiopiu.net\/wordpress\/wp-content\/uploads\/2024\/02\/b5a4d2e2-fec7-4fe4-9902-44a58a5204c2-300x200.jpg 300w, https:\/\/www.radiopiu.net\/wordpress\/wp-content\/uploads\/2024\/02\/b5a4d2e2-fec7-4fe4-9902-44a58a5204c2-1024x682.jpg 1024w, https:\/\/www.radiopiu.net\/wordpress\/wp-content\/uploads\/2024\/02\/b5a4d2e2-fec7-4fe4-9902-44a58a5204c2-768x512.jpg 768w, https:\/\/www.radiopiu.net\/wordpress\/wp-content\/uploads\/2024\/02\/b5a4d2e2-fec7-4fe4-9902-44a58a5204c2-1536x1023.jpg 1536w, https:\/\/www.radiopiu.net\/wordpress\/wp-content\/uploads\/2024\/02\/b5a4d2e2-fec7-4fe4-9902-44a58a5204c2.jpg 1600w\" sizes=\"auto, (max-width: 137px) 100vw, 137px\" \/><\/a>BELLUNO<\/strong> Ieri presso la sede centrale dei vigili del fuoco di Belluno, si \u00e8 tenuta la cerimonia di consegna di mezzi e attrezzature acquistati con i fondi regionali destinati ai distaccamenti volontari del Corpo. Il materiale antincendio \u00e8 stato distribuito ai rappresentanti dei 36 distaccamenti volontari dei vigili del fuoco della Regione Veneto. La fornitura comprende autoprotettori, miscelatori di schiuma, divaricatori, cesoie, rilevatori di gas, termocamere, radio, elettropompe, lance di tipo americano, e altro ancora. Il comandante di Belluno, Matteo Carretto, ha accolto gli ospiti e i rappresentanti dei 30 distaccamenti volontari dei vigili del fuoco della provincia. Tra gli ospiti, l&#8217;assessore regionale Gianpaolo Bottacin, in rappresentanza del presidente Luca Zaia, il direttore interregionale dei Vigili del Fuoco Loris Munaro, il comandante di Vicenza Andrea Gattuso e i rappresentanti dei diversi comandi regionali.<\/p>\n<p>&nbsp;<\/p>\n<p>&nbsp;<\/p>\n<hr \/>\n<p>&nbsp;<\/p>\n<h1 class=\"entry-title photoswipe-wrapper\"><a class=\"dt-pswp-item\" href=\"https:\/\/www.radiopiu.net\/wordpress\/wp-content\/uploads\/2024\/02\/96fe3e05-a40c-4aa1-af07-6072542d368d.jpg\" data-dt-img-description=\"\" data-large_image_width=\"1600\" data-large_image_height=\"1200\"><img loading=\"lazy\" decoding=\"async\" class=\"wp-image-373448 alignleft\" src=\"https:\/\/www.radiopiu.net\/wordpress\/wp-content\/uploads\/2024\/02\/96fe3e05-a40c-4aa1-af07-6072542d368d-300x225.jpg\" alt=\"\" width=\"148\" height=\"111\" srcset=\"https:\/\/www.radiopiu.net\/wordpress\/wp-content\/uploads\/2024\/02\/96fe3e05-a40c-4aa1-af07-6072542d368d-300x225.jpg 300w, https:\/\/www.radiopiu.net\/wordpress\/wp-content\/uploads\/2024\/02\/96fe3e05-a40c-4aa1-af07-6072542d368d-1024x768.jpg 1024w, https:\/\/www.radiopiu.net\/wordpress\/wp-content\/uploads\/2024\/02\/96fe3e05-a40c-4aa1-af07-6072542d368d-768x576.jpg 768w, https:\/\/www.radiopiu.net\/wordpress\/wp-content\/uploads\/2024\/02\/96fe3e05-a40c-4aa1-af07-6072542d368d-1536x1152.jpg 1536w, https:\/\/www.radiopiu.net\/wordpress\/wp-content\/uploads\/2024\/02\/96fe3e05-a40c-4aa1-af07-6072542d368d.jpg 1600w\" sizes=\"auto, (max-width: 148px) 100vw, 148px\" \/><\/a><\/h1>\n<h2>ieri alla radio<\/h2>\n<h2 class=\"entry-title photoswipe-wrapper\">\u00a0IL QUESTORE DI BELLUNO\u00a0 FRANCESCO ZERILLI<\/h2>\n<p>di mirko mezzacasa<\/p>\n<audio class=\"wp-audio-shortcode\" id=\"audio-373801-7\" preload=\"none\" style=\"width: 100%;\" controls=\"controls\"><source type=\"audio\/mpeg\" src=\"https:\/\/www.radiopiu.net\/wordpress\/wp-content\/uploads\/2024\/02\/FRANCESCO-ZERILLI.mp3?_=7\" \/><a href=\"https:\/\/www.radiopiu.net\/wordpress\/wp-content\/uploads\/2024\/02\/FRANCESCO-ZERILLI.mp3\">https:\/\/www.radiopiu.net\/wordpress\/wp-content\/uploads\/2024\/02\/FRANCESCO-ZERILLI.mp3<\/a><\/audio>\n<p>&nbsp;<\/p>\n<blockquote><p>&nbsp;<\/p><\/blockquote>\n<hr \/>\n<p>&nbsp;<\/p>\n<blockquote>\n<h3><a class=\"dt-pswp-item\" href=\"https:\/\/www.radiopiu.net\/wordpress\/wp-content\/uploads\/2024\/02\/gli-scavi-gia-predisposti-e-le-valvole-da-sostituire.jpg\" data-dt-img-description=\"\" data-large_image_width=\"954\" data-large_image_height=\"2016\"><img loading=\"lazy\" decoding=\"async\" class=\" wp-image-373941 alignleft\" src=\"https:\/\/www.radiopiu.net\/wordpress\/wp-content\/uploads\/2024\/02\/gli-scavi-gia-predisposti-e-le-valvole-da-sostituire-142x300.jpg\" alt=\"\" width=\"70\" height=\"148\" srcset=\"https:\/\/www.radiopiu.net\/wordpress\/wp-content\/uploads\/2024\/02\/gli-scavi-gia-predisposti-e-le-valvole-da-sostituire-142x300.jpg 142w, https:\/\/www.radiopiu.net\/wordpress\/wp-content\/uploads\/2024\/02\/gli-scavi-gia-predisposti-e-le-valvole-da-sostituire-485x1024.jpg 485w, https:\/\/www.radiopiu.net\/wordpress\/wp-content\/uploads\/2024\/02\/gli-scavi-gia-predisposti-e-le-valvole-da-sostituire-768x1623.jpg 768w, https:\/\/www.radiopiu.net\/wordpress\/wp-content\/uploads\/2024\/02\/gli-scavi-gia-predisposti-e-le-valvole-da-sostituire-727x1536.jpg 727w, https:\/\/www.radiopiu.net\/wordpress\/wp-content\/uploads\/2024\/02\/gli-scavi-gia-predisposti-e-le-valvole-da-sostituire.jpg 954w\" sizes=\"auto, (max-width: 70px) 100vw, 70px\" \/><\/a>TRE CANTIERI A BELLUNO PER BIM GSP<\/h3>\n<\/blockquote>\n<p><strong>BELLUNO<\/strong> Bim Gsp prosegue la distrettualizzazione della rete idrica a Belluno con tre cantieri in via Vittorio Veneto, via Tiziano Vecellio, e via del Vesco. L&#8217;operazione, coordinata con i lavori comunali sul Ponte Veneggia, rinnova le componenti obsolete, suddivide la rete in distretti autonomi e installa sensori digitali per monitorare l&#8217;acqua in transito. La sospensione della fornitura mercoledi 14 febbraio sar\u00e0 dalle 8:00 fino al termine dei lavori nelle vie coinvolte. L&#8217;iniziativa \u00e8 parte del progetto di riduzione delle perdite idriche del 35% entro il 2025, contribuendo all&#8217;ottimizzazione del sistema idrico provinciale e promuovendo uno sviluppo sostenibile.<\/p>\n<p>&nbsp;<\/p>\n<p>&nbsp;<\/p>\n<hr \/>\n<p>&nbsp;<\/p>\n<blockquote>\n<h3>MARCO V. DAL FARRA AL RADIO VILLAGE DI SANREMO E CASASANREMO PER PROMUOVERE IL SUO NUOVO SINGOLO<\/h3>\n<\/blockquote>\n<p><strong>REDAZIONE<\/strong> Anche quest&#8217;anno Marco V. Dal Farra a Sanremo per promuovere &#8220;Amarcord&#8221; il suo nuovo singolo presso il Radio Village di Sanremo e di Casa Sanremo<\/p>\n<p><strong>MARCO V. DAL FARRA<\/strong><\/p>\n<audio class=\"wp-audio-shortcode\" id=\"audio-373801-8\" preload=\"none\" style=\"width: 100%;\" controls=\"controls\"><source type=\"audio\/mpeg\" src=\"https:\/\/www.radiopiu.net\/wordpress\/wp-content\/uploads\/2024\/02\/DAL-FARRA-SANREMO.mp3?_=8\" \/><a href=\"https:\/\/www.radiopiu.net\/wordpress\/wp-content\/uploads\/2024\/02\/DAL-FARRA-SANREMO.mp3\">https:\/\/www.radiopiu.net\/wordpress\/wp-content\/uploads\/2024\/02\/DAL-FARRA-SANREMO.mp3<\/a><\/audio>\n<p>&nbsp;<\/p>\n\n\t\t\t<style type='text\/css'>\n\t\t\t\t#gallery-4 {\n\t\t\t\t\tmargin: auto;\n\t\t\t\t}\n\t\t\t\t#gallery-4 .gallery-item {\n\t\t\t\t\tfloat: left;\n\t\t\t\t\tmargin-top: 10px;\n\t\t\t\t\ttext-align: center;\n\t\t\t\t\twidth: 20%;\n\t\t\t\t}\n\t\t\t\t#gallery-4 img {\n\t\t\t\t\tborder: 2px solid #cfcfcf;\n\t\t\t\t}\n\t\t\t\t#gallery-4 .gallery-caption {\n\t\t\t\t\tmargin-left: 0;\n\t\t\t\t}\n\t\t\t\t\/* see gallery_shortcode() in wp-includes\/media.php *\/\n\t\t\t<\/style>\n\t\t<div id='gallery-4' class='dt-gallery-container gallery galleryid-373801 gallery-columns-5 gallery-size-thumbnail'><dl class='gallery-item'>\n\t\t\t\t<dt class='gallery-icon portrait'>\n\t\t\t\t\t<a class=\"rollover rollover-zoom dt-pswp-item\" title=\"9e953df3-4166-472e-a42b-78332bd8106d\" data-dt-img-description=\"\" data-large_image_width=\"1201\" data-large_image_height=\"1600\"href='https:\/\/www.radiopiu.net\/wordpress\/wp-content\/uploads\/2024\/02\/9e953df3-4166-472e-a42b-78332bd8106d.jpg'><img loading=\"lazy\" decoding=\"async\" width=\"150\" height=\"150\" src=\"https:\/\/www.radiopiu.net\/wordpress\/wp-content\/uploads\/2024\/02\/9e953df3-4166-472e-a42b-78332bd8106d-150x150.jpg\" class=\"attachment-thumbnail size-thumbnail\" alt=\"\" \/><\/a>\n\t\t\t\t<\/dt><\/dl><dl class='gallery-item'>\n\t\t\t\t<dt class='gallery-icon landscape'>\n\t\t\t\t\t<a class=\"rollover rollover-zoom dt-pswp-item\" title=\"b54bcf04-0422-4b0c-9154-b289410b721f\" data-dt-img-description=\"\" data-large_image_width=\"1600\" data-large_image_height=\"1200\"href='https:\/\/www.radiopiu.net\/wordpress\/wp-content\/uploads\/2024\/02\/b54bcf04-0422-4b0c-9154-b289410b721f.jpg'><img loading=\"lazy\" decoding=\"async\" width=\"150\" height=\"150\" src=\"https:\/\/www.radiopiu.net\/wordpress\/wp-content\/uploads\/2024\/02\/b54bcf04-0422-4b0c-9154-b289410b721f-150x150.jpg\" class=\"attachment-thumbnail size-thumbnail\" alt=\"\" \/><\/a>\n\t\t\t\t<\/dt><\/dl><dl class='gallery-item'>\n\t\t\t\t<dt class='gallery-icon portrait'>\n\t\t\t\t\t<a class=\"rollover rollover-zoom dt-pswp-item\" title=\"25f58d2c-ca36-426e-955e-3c0984cc6b39\" data-dt-img-description=\"\" data-large_image_width=\"843\" data-large_image_height=\"1122\"href='https:\/\/www.radiopiu.net\/wordpress\/wp-content\/uploads\/2024\/02\/25f58d2c-ca36-426e-955e-3c0984cc6b39.jpg'><img loading=\"lazy\" decoding=\"async\" width=\"150\" height=\"150\" src=\"https:\/\/www.radiopiu.net\/wordpress\/wp-content\/uploads\/2024\/02\/25f58d2c-ca36-426e-955e-3c0984cc6b39-150x150.jpg\" class=\"attachment-thumbnail size-thumbnail\" alt=\"\" \/><\/a>\n\t\t\t\t<\/dt><\/dl><dl class='gallery-item'>\n\t\t\t\t<dt class='gallery-icon landscape'>\n\t\t\t\t\t<a class=\"rollover rollover-zoom dt-pswp-item\" title=\"ff6353da-4618-4e2f-b745-e8c7ca1779c3\" data-dt-img-description=\"\" data-large_image_width=\"1599\" data-large_image_height=\"899\"href='https:\/\/www.radiopiu.net\/wordpress\/wp-content\/uploads\/2024\/02\/ff6353da-4618-4e2f-b745-e8c7ca1779c3.jpg'><img loading=\"lazy\" decoding=\"async\" width=\"150\" height=\"150\" src=\"https:\/\/www.radiopiu.net\/wordpress\/wp-content\/uploads\/2024\/02\/ff6353da-4618-4e2f-b745-e8c7ca1779c3-150x150.jpg\" class=\"attachment-thumbnail size-thumbnail\" alt=\"\" \/><\/a>\n\t\t\t\t<\/dt><\/dl><dl class='gallery-item'>\n\t\t\t\t<dt class='gallery-icon portrait'>\n\t\t\t\t\t<a class=\"rollover rollover-zoom dt-pswp-item\" title=\"8f60598a-1a36-41c9-bd30-3cef296723dc\" data-dt-img-description=\"\" data-large_image_width=\"1201\" data-large_image_height=\"1600\"href='https:\/\/www.radiopiu.net\/wordpress\/wp-content\/uploads\/2024\/02\/8f60598a-1a36-41c9-bd30-3cef296723dc.jpg'><img loading=\"lazy\" decoding=\"async\" width=\"150\" height=\"150\" src=\"https:\/\/www.radiopiu.net\/wordpress\/wp-content\/uploads\/2024\/02\/8f60598a-1a36-41c9-bd30-3cef296723dc-150x150.jpg\" class=\"attachment-thumbnail size-thumbnail\" alt=\"\" \/><\/a>\n\t\t\t\t<\/dt><\/dl><br style=\"clear: both\" \/>\n\t\t\t<\/div>\n\n<p>&nbsp;<\/p>\n<p>&nbsp;<\/p>\n<hr \/>\n<p>&nbsp;<\/p>\n<blockquote>\n<h3>A SEDICO OLTRE 2500 EURO RACCOLTI CON LA VENDITA DELLE ARANCE DELLA SALUTE PRO AIRC<\/h3>\n<\/blockquote>\n<p><strong>SEDICO <\/strong>Gli alunni delle classi seconde della scuola media di Sedico hanno raccolto oltre 2500 euro con la vendita delle Arance della Salute, evento promosso dall\u2019Airc. L&#8217;iniziativa, volta a sensibilizzare sulla prevenzione dei tumori e sostenere la ricerca, ha coinvolto alunni, insegnanti e genitori. Le attivit\u00e0 preparatorie hanno incluso spot radiofonici, articoli per i quotidiani, cartelloni e interventi orali nelle altre classi. La vendita delle arance si \u00e8 svolta al Kanguro di Sedico e sulla piazza della chiesa, con i ragazzi che hanno venduto tutte le retine a disposizione, raccogliendo 2565 euro devoluti all\u2019Airc.<\/p>\n\n\t\t\t<style type='text\/css'>\n\t\t\t\t#gallery-5 {\n\t\t\t\t\tmargin: auto;\n\t\t\t\t}\n\t\t\t\t#gallery-5 .gallery-item {\n\t\t\t\t\tfloat: left;\n\t\t\t\t\tmargin-top: 10px;\n\t\t\t\t\ttext-align: center;\n\t\t\t\t\twidth: 50%;\n\t\t\t\t}\n\t\t\t\t#gallery-5 img {\n\t\t\t\t\tborder: 2px solid #cfcfcf;\n\t\t\t\t}\n\t\t\t\t#gallery-5 .gallery-caption {\n\t\t\t\t\tmargin-left: 0;\n\t\t\t\t}\n\t\t\t\t\/* see gallery_shortcode() in wp-includes\/media.php *\/\n\t\t\t<\/style>\n\t\t<div id='gallery-5' class='dt-gallery-container gallery galleryid-373801 gallery-columns-2 gallery-size-thumbnail'><dl class='gallery-item'>\n\t\t\t\t<dt class='gallery-icon portrait'>\n\t\t\t\t\t<a class=\"rollover rollover-zoom dt-pswp-item\" title=\"Cartellone promozione vendita arance salute2\" data-dt-img-description=\"\" data-large_image_width=\"938\" data-large_image_height=\"1374\"href='https:\/\/www.radiopiu.net\/wordpress\/wp-content\/uploads\/2024\/02\/Cartellone-promozione-vendita-arance-salute2.jpg'><img loading=\"lazy\" decoding=\"async\" width=\"150\" height=\"150\" src=\"https:\/\/www.radiopiu.net\/wordpress\/wp-content\/uploads\/2024\/02\/Cartellone-promozione-vendita-arance-salute2-150x150.jpg\" class=\"attachment-thumbnail size-thumbnail\" alt=\"\" \/><\/a>\n\t\t\t\t<\/dt><\/dl><dl class='gallery-item'>\n\t\t\t\t<dt class='gallery-icon landscape'>\n\t\t\t\t\t<a class=\"rollover rollover-zoom dt-pswp-item\" title=\"Cartellone promozione vendita arance salute1\" data-dt-img-description=\"\" data-large_image_width=\"1920\" data-large_image_height=\"1080\"href='https:\/\/www.radiopiu.net\/wordpress\/wp-content\/uploads\/2024\/02\/Cartellone-promozione-vendita-arance-salute1-e1707496136886.jpg'><img loading=\"lazy\" decoding=\"async\" width=\"150\" height=\"150\" src=\"https:\/\/www.radiopiu.net\/wordpress\/wp-content\/uploads\/2024\/02\/Cartellone-promozione-vendita-arance-salute1-e1707496136886-150x150.jpg\" class=\"attachment-thumbnail size-thumbnail\" alt=\"\" \/><\/a>\n\t\t\t\t<\/dt><\/dl><br style=\"clear: both\" \/>\n\t\t\t<\/div>\n\n<p>&nbsp;<\/p>\n<p>&nbsp;<\/p>\n<hr \/>\n<p>&nbsp;<\/p>\n<blockquote>\n<h3>LA CARTOGRAFIA GEOLOGICA NELLA REGIONE VENETO<\/h3>\n<\/blockquote>\n<p><strong>AGORDO<\/strong> Si terr\u00e0 oggi il convegno &#8220;LA CARTOGRAFIA GEOLOGICA NELLA REGIONE DEL VENETO \u2013 il progetto CARG \u2013 Presentazione del foglio n. 046 Longarone&#8221;. L&#8217;evento, con la partecipazione, tra gli altri, dell&#8217;Assessore alla Protezione Civile regionale Gianpaolo Bottacin e del Presidente dell&#8217;Ordine dei geologi del Veneto Giorgio Giacchetti, avr\u00e0 luogo presso l&#8217;Istituto di Istruzione Superiore \u201cU. Follador \u2013 A. De Rossi\u201d ad Agordo alle ore 9:30.<\/p>\n<div class=\"flex-1 overflow-hidden\">\n<div class=\"react-scroll-to-bottom--css-rlqbp-79elbk h-full\">\n<div class=\"react-scroll-to-bottom--css-rlqbp-1n7m0yu\">\n<div class=\"flex flex-col pb-9 text-sm\">\n<div class=\"w-full text-token-text-primary\" data-testid=\"conversation-turn-204\">\n<div class=\"px-4 py-2 justify-center text-base md:gap-6 m-auto\">\n<div class=\"flex flex-1 text-base mx-auto gap-3 md:px-5 lg:px-1 xl:px-5 md:max-w-3xl lg:max-w-[40rem] xl:max-w-[48rem] group final-completion\">\n<div class=\"relative flex w-full flex-col lg:w-[calc(100%-115px)] agent-turn\">\n<div class=\"flex-col gap-1 md:gap-3\">\n<div class=\"flex flex-grow flex-col max-w-full\">\n<div class=\"min-h-[20px] text-message flex flex-col items-start gap-3 whitespace-pre-wrap break-words [.text-message+&amp;]:mt-5 overflow-x-auto\" data-message-author-role=\"assistant\" data-message-id=\"fc71a67c-c805-4e4e-ad72-c14876a56eb3\">\n<div class=\"markdown prose w-full break-words dark:prose-invert light\">\n<p>&nbsp;<\/p>\n<p>&nbsp;<\/p>\n<hr \/>\n<p>&nbsp;<\/p>\n<\/div>\n<\/div>\n<\/div>\n<\/div>\n<\/div>\n<\/div>\n<\/div>\n<\/div>\n<\/div>\n<\/div>\n<\/div>\n<\/div>\n<blockquote>\n<h3>CONSIGLI COMUNALI<\/h3>\n<\/blockquote>\n<p><strong>SELVA DI CADORE<\/strong> Il sindaco Luca Lorenzini ha convocato i consiglieri per\u00a0 giovedi 15 febbraio alle 18.30, all&#8217;ordine del giorno verifica delle aree e fabbricati da destinare a residenza, attivit\u00e0 produttive e terziarie che potranno essere cedute in diritto di propriet\u00e0 o superficie; approvazione documento unico di programmazione.<\/p>\n<p><strong>LIVINALLONGO<\/strong> Consiglio comunale convocato dal sindaco Leandro Grones. Luned\u00ec alle 20 saranno 6 i punti da trattare tra cui un rinnovo di una concessione per uso terreni, una variazione a bilnacio, le delibere per la concessione di porzioni di terreno alle ditta Funivie Arabba\u00a0 e Arabba Fly<\/p>\n<p><strong>ROCCA PIETORE<\/strong> consiglio comunale alle 18 di giovedi, all&#8217;ordine del giorno il programma triennale per il conferimento degli incarichi di collaborazione autonoma<\/p>\n<p>&nbsp;<\/p>\n<p>&nbsp;<\/p>\n<hr \/>\n<p>&nbsp;<\/p>\n<blockquote>\n<h3><a class=\"dt-pswp-item\" href=\"https:\/\/www.radiopiu.net\/wordpress\/wp-content\/uploads\/2023\/12\/polizia.png\" data-dt-img-description=\"\" data-large_image_width=\"411\" data-large_image_height=\"315\"><img loading=\"lazy\" decoding=\"async\" class=\"wp-image-366987 alignleft\" src=\"https:\/\/www.radiopiu.net\/wordpress\/wp-content\/uploads\/2023\/12\/polizia-300x230.png\" alt=\"\" width=\"166\" height=\"127\" srcset=\"https:\/\/www.radiopiu.net\/wordpress\/wp-content\/uploads\/2023\/12\/polizia-300x230.png 300w, https:\/\/www.radiopiu.net\/wordpress\/wp-content\/uploads\/2023\/12\/polizia.png 411w\" sizes=\"auto, (max-width: 166px) 100vw, 166px\" \/><\/a>POLIZIA DI STATO, NUOVO CONCORSO<\/h3>\n<\/blockquote>\n<p><strong>BELLUNO<\/strong> Sul Portale unico del reclutamento accessibile all\u2019indirizzo <a href=\"http:\/\/www.inpa.gov.it\">www.inpa.gov.it<\/a>, sono stati pubblicati i bandi di concorso pubblico, per titoli ed esami, per l\u2019assunzione di<strong> 3 commissari tecnici chimici<\/strong>,<strong> 8 commissari tecnici biologi <\/strong>e<strong> 12 commissari tecnici psicologi <\/strong>della carriera dei funzionari tecnici della Polizia di Stato. Le domande di partecipazione ai concorsi potranno essere presentate, dal 3 febbraio al 4 marzo 2024, utilizzando esclusivamente la procedura informatica<\/p>\n<p>&nbsp;<\/p>\n<p>&nbsp;<\/p>\n<hr \/>\n<p>&nbsp;<\/p>\n<blockquote>\n<h3>OGGI IL GIORNO DEL RICORDO A BELLUNO<\/h3>\n<\/blockquote>\n<p><strong>BELLUNO<\/strong> Oggi, alle 12, si terr\u00e0 la Cerimonia commemorativa per il Giorno del Ricordo presso il monumento a piazzale Vittime delle Foibe a Belluno. L&#8217;evento omagger\u00e0 le vittime delle foibe e ricorder\u00e0 l&#8217;esodo degli italiani dalle terre istriane, fiumane e dalmate dopo la Seconda Guerra Mondiale. La cerimonia \u00e8 curata dall&#8217;Amministrazione comunale, dalla Prefettura e dall&#8217;Associazione Nazionale Venezia Giulia e Dalmazia, con interventi dell&#8217;Amministrazione comunale, del Presidente dell&#8217;Associazione Siro Maracchi e la benedizione di Mons. Giuseppe Andrich<\/p>\n<p>&nbsp;<\/p>\n<blockquote>\n<h3><a class=\"dt-pswp-item\" href=\"https:\/\/www.radiopiu.net\/wordpress\/wp-content\/uploads\/2024\/02\/Giorno-del-Ricordo-2024-Feltre.jpg\" data-dt-img-description=\"\" data-large_image_width=\"1414\" data-large_image_height=\"2000\"><img loading=\"lazy\" decoding=\"async\" class=\" wp-image-373622 alignleft\" src=\"https:\/\/www.radiopiu.net\/wordpress\/wp-content\/uploads\/2024\/02\/Giorno-del-Ricordo-2024-Feltre-212x300.jpg\" alt=\"\" width=\"105\" height=\"149\" srcset=\"https:\/\/www.radiopiu.net\/wordpress\/wp-content\/uploads\/2024\/02\/Giorno-del-Ricordo-2024-Feltre-212x300.jpg 212w, https:\/\/www.radiopiu.net\/wordpress\/wp-content\/uploads\/2024\/02\/Giorno-del-Ricordo-2024-Feltre-724x1024.jpg 724w, https:\/\/www.radiopiu.net\/wordpress\/wp-content\/uploads\/2024\/02\/Giorno-del-Ricordo-2024-Feltre-768x1086.jpg 768w, https:\/\/www.radiopiu.net\/wordpress\/wp-content\/uploads\/2024\/02\/Giorno-del-Ricordo-2024-Feltre-1086x1536.jpg 1086w, https:\/\/www.radiopiu.net\/wordpress\/wp-content\/uploads\/2024\/02\/Giorno-del-Ricordo-2024-Feltre.jpg 1414w\" sizes=\"auto, (max-width: 105px) 100vw, 105px\" \/><\/a>IL GIORNO DEL RICORDO A FELTRE<\/h3>\n<\/blockquote>\n<p><strong>FELTRE<\/strong> Il Comune di Feltre propone un reading speciale intitolato &#8220;Nel gorgo, muti&#8221; in occasione del Giorno del Ricordo. Realizzato da Anna Branciforti e Fabio Dalla Zuanna, il reading si basa sulla testimonianza di Graziano Udovisi e include brani di altri autori, fornendo approfondimenti storici e riflessioni sulle drammatiche vicende delle terre di Istria, Fiume e Dalmazia dal &#8217;43 al dopoguerra. L&#8217;evento si terr\u00e0 il oggi alle 20:30 presso la Galleria Rizzarda e offre un&#8217;occasione di riflessione e memoria su fatti cruciali della storia recente. L&#8217;ingresso \u00e8 libero fino ad esaurimento posti.<\/p>\n<p>&nbsp;<\/p>\n<p>&nbsp;<\/p>\n<hr \/>\n<p>&nbsp;<\/p>\n<h1><span style=\"color: #ff0000;\"><strong>ANNULLATA LA MASCOREDA A SOTTOGUDA, CAUSA MALTEMPO. ERA IN PROGRAMMA PER OGGI POMERIGGIO<\/strong><\/span><\/h1>\n<blockquote>\n<h3>DOMANI A CANALE D&#8217;AGORDO L&#8217;UNDICESIMA EDIZIONE DELLA ZINGHENESTA CON QUALSIASI CONDIZIONE METEO<\/h3>\n<\/blockquote>\n<p><strong><a class=\"dt-pswp-item\" href=\"https:\/\/www.radiopiu.net\/wordpress\/wp-content\/uploads\/2024\/02\/zinghenesta-2023-3.jpg\" data-dt-img-description=\"\" data-large_image_width=\"2000\" data-large_image_height=\"1333\"><img loading=\"lazy\" decoding=\"async\" class=\" wp-image-373610 alignleft\" src=\"https:\/\/www.radiopiu.net\/wordpress\/wp-content\/uploads\/2024\/02\/zinghenesta-2023-3-300x200.jpg\" alt=\"\" width=\"186\" height=\"124\" srcset=\"https:\/\/www.radiopiu.net\/wordpress\/wp-content\/uploads\/2024\/02\/zinghenesta-2023-3-300x200.jpg 300w, https:\/\/www.radiopiu.net\/wordpress\/wp-content\/uploads\/2024\/02\/zinghenesta-2023-3-1024x682.jpg 1024w, https:\/\/www.radiopiu.net\/wordpress\/wp-content\/uploads\/2024\/02\/zinghenesta-2023-3-768x512.jpg 768w, https:\/\/www.radiopiu.net\/wordpress\/wp-content\/uploads\/2024\/02\/zinghenesta-2023-3-1536x1024.jpg 1536w, https:\/\/www.radiopiu.net\/wordpress\/wp-content\/uploads\/2024\/02\/zinghenesta-2023-3.jpg 2000w\" sizes=\"auto, (max-width: 186px) 100vw, 186px\" \/><\/a>CANALE D&#8217;AGORDO <\/strong>Si rinnova l\u2019appuntamento con la Zinghenesta, la tradizionale festa in maschera che il Comitato La Zinghenesta di Canale d\u2019Agordo ha rivitalizzato qualche tempo fa e che domani riproporr\u00e0 per l\u2019undicesima edizione. L\u2019iniziativa coinvolger\u00e0 tutta la Valle del Biois, per l\u2019intera giornata: la sfilata partir\u00e0 alle 9 della mattina da Falcade in direzione Caviola e intorno a mezzogiorno giunger\u00e0 a Canale d\u2019Agordo, nella piazzetta di Tancon, davanti alla Casa delle Regole. Qui ci sar\u00e0 uno dei momenti pi\u00f9 importanti della giornata: la rivelazione della Zinghenesta, cio\u00e8 della ragazza pi\u00f9 bella del paese. Dopo la pausa per il pranzo, la festa riprender\u00e0 alle 14.30 con la sfilata della Zinghenesta e del suo seguito &#8220;su par strada Vecia e du par strada Nova&#8221;: Piazzetta Tancon, Via Lotta, Via Sommavilla, Via Xaiz, Via XX Agosto, Piazza Papa Luciani. Qui, alle 14.50, prender\u00e0 il via il \u201cBallo della Zinghenesta\u201d. Alle 15.30 ci sar\u00e0 il processo al Carnevale. A Canale, dalle 9.30 alle 17.30, ci sar\u00e0 anche \u201cArte in Piazza Papa Luciani\u201d, rassegna di scultura con Tita Bressan e Pompeo De Pellegrin, del \u201cConsorzio Mascherai Alpini\u201d<\/p>\n<p>&nbsp;<\/p>\n<p>&nbsp;<\/p>\n<hr \/>\n<p>&nbsp;<\/p>\n<h2><span style=\"color: #ff6600;\">&#8220;DINTORN E FORA VIA&#8221;\u00a0 IL PROGRAMMA\u00a0 A CURA DEL MUSLA<\/span><\/h2>\n<p><strong><a class=\"dt-pswp-item\" href=\"https:\/\/www.radiopiu.net\/wordpress\/wp-content\/uploads\/2023\/04\/286468059_10225543269835880_1681823351224487741_n.jpg\" data-dt-img-description=\"\" data-large_image_width=\"958\" data-large_image_height=\"960\"><img loading=\"lazy\" decoding=\"async\" class=\"wp-image-331970 alignleft\" src=\"https:\/\/www.radiopiu.net\/wordpress\/wp-content\/uploads\/2023\/04\/286468059_10225543269835880_1681823351224487741_n-300x300.jpg\" alt=\"\" width=\"128\" height=\"128\" srcset=\"https:\/\/www.radiopiu.net\/wordpress\/wp-content\/uploads\/2023\/04\/286468059_10225543269835880_1681823351224487741_n-300x300.jpg 300w, https:\/\/www.radiopiu.net\/wordpress\/wp-content\/uploads\/2023\/04\/286468059_10225543269835880_1681823351224487741_n-150x150.jpg 150w, https:\/\/www.radiopiu.net\/wordpress\/wp-content\/uploads\/2023\/04\/286468059_10225543269835880_1681823351224487741_n-768x770.jpg 768w, https:\/\/www.radiopiu.net\/wordpress\/wp-content\/uploads\/2023\/04\/286468059_10225543269835880_1681823351224487741_n.jpg 958w\" sizes=\"auto, (max-width: 128px) 100vw, 128px\" \/><\/a>PUNTATA DEL 09 FEBBRAIO, BEATRICE COLCUC<\/strong><\/p>\n<audio class=\"wp-audio-shortcode\" id=\"audio-373801-9\" preload=\"none\" style=\"width: 100%;\" controls=\"controls\"><source type=\"audio\/mpeg\" src=\"https:\/\/www.radiopiu.net\/wordpress\/wp-content\/uploads\/2024\/02\/MUSLA-4.mp3?_=9\" \/><a href=\"https:\/\/www.radiopiu.net\/wordpress\/wp-content\/uploads\/2024\/02\/MUSLA-4.mp3\">https:\/\/www.radiopiu.net\/wordpress\/wp-content\/uploads\/2024\/02\/MUSLA-4.mp3<\/a><\/audio>\n<p>&nbsp;<\/p>\n<h2>LA RACCOLTA COMPLETA <a href=\"https:\/\/www.radiopiu.net\/wordpress\/musla\/\">CLICCA QUI<\/a><\/h2>\n<p>&nbsp;<\/p>\n<p>&nbsp;<\/p>\n<hr \/>\n<p>&nbsp;<\/p>\n<p>&nbsp;<\/p>\n<blockquote>\n<h2><span style=\"font-size: 14px; font-weight: normal;\">PIU&#8217; SANREMO, I PRIMI 3 E&#8230; L&#8217;OSPITE. di Marina Don\u00e0<\/span><\/h2>\n<\/blockquote>\n<p><strong><a class=\"dt-pswp-item\" href=\"https:\/\/www.radiopiu.net\/wordpress\/wp-content\/uploads\/2024\/02\/th-8.jpg\" data-dt-img-description=\"\" data-large_image_width=\"270\" data-large_image_height=\"180\"><img loading=\"lazy\" decoding=\"async\" class=\"wp-image-373859 alignleft\" src=\"https:\/\/www.radiopiu.net\/wordpress\/wp-content\/uploads\/2024\/02\/th-8.jpg\" alt=\"\" width=\"101\" height=\"67\" \/><\/a>PUNTATA 05 \/ 09.02-2024 &#8211; ANNO 2022\u00a0<\/strong><\/p>\n<audio class=\"wp-audio-shortcode\" id=\"audio-373801-10\" preload=\"none\" style=\"width: 100%;\" controls=\"controls\"><source type=\"audio\/mpeg\" src=\"https:\/\/www.radiopiu.net\/wordpress\/wp-content\/uploads\/2024\/02\/SA5.mp3?_=10\" \/><a href=\"https:\/\/www.radiopiu.net\/wordpress\/wp-content\/uploads\/2024\/02\/SA5.mp3\">https:\/\/www.radiopiu.net\/wordpress\/wp-content\/uploads\/2024\/02\/SA5.mp3<\/a><\/audio>\n<p>&nbsp;<\/p>\n<p>&nbsp;<\/p>\n<hr \/>\n<p>&nbsp;<\/p>\n<p><strong>RICORDI A TAIBON <\/strong><\/p>\n<div>\n<div class=\"\" dir=\"auto\">\n<div id=\":r10p:\" class=\"x1iorvi4 x1pi30zi x1l90r2v x1swvt13\" data-ad-comet-preview=\"message\" data-ad-preview=\"message\">\n<div class=\"x78zum5 xdt5ytf xz62fqu x16ldp7u\">\n<div class=\"xu06os2 x1ok221b\">\n<div class=\"xdj266r x11i5rnm xat24cr x1mh8g0r x1vvkbs x126k92a\">\n<div dir=\"auto\">ARCHIVIO <a class=\"x1i10hfl xjbqb8w x1ejq31n xd10rxx x1sy0etr x17r0tee x972fbf xcfux6l x1qhh985 xm0m39n x9f619 x1ypdohk xt0psk2 xe8uvvx xdj266r x11i5rnm xat24cr x1mh8g0r xexx8yu x4uap5 x18d9i69 xkhd6sd x16tdsg8 x1hl2dhg xggy1nq x1a2a7pz xt0b8zv x1fey0fg xo1l8bm\" tabindex=\"0\" role=\"link\" href=\"https:\/\/www.facebook.com\/groups\/61488111720\/user\/1835596211\/?__cft__[0]=AZXr0gU8mkZ0tKzLLDBxiRY5wNg5UZVH-aDoG2CJlsg2NEOEvidji-KgErqmiLrO7ltpU3Wm6t3ciQ3sCp9DCXcIrMlCa0RZmoxTVbbT5SS6eldYvyFyJcvR5uzPRHvCcNN5bxs1UbTSxzAhmnD8COdX&amp;__tn__=-]K-R\"><span class=\"xt0psk2\">Alex Nascimben<\/span><\/a> dicembre 1993, c&#8217;era George Mc Anthony, c&#8217;era il country a Taibon<\/div>\n<\/div>\n<\/div>\n<\/div>\n<\/div>\n<\/div>\n<div id=\":r10q:\" class=\"x1n2onr6\">\n<div class=\"x1n2onr6\">\n<div class=\"x6s0dn4 x1jx94hy x78zum5 xdt5ytf x6ikm8r x10wlt62 x1n2onr6 xh8yej3\">\n<div class=\"xqtp20y x6ikm8r x10wlt62 x1n2onr6\">\n<div class=\"x10l6tqk x13vifvy\"><\/div>\n<\/div>\n<\/div>\n<div class=\"xua58t2 xzg4506 x1ey2m1c xds687c x47corl x10l6tqk x17qophe x13vifvy\"><\/div>\n<\/div>\n<\/div>\n<\/div>\n<div>\n<div class=\"x168nmei x13lgxp2 x30kzoy x9jhf4c x6ikm8r x10wlt62\" data-visualcompletion=\"ignore-dynamic\">\n<div>\n<div>\n<div>\n<div class=\"xq8finb x16n37ib\">\n<div class=\"x9f619 x1n2onr6 x1ja2u2z x78zum5 x2lah0s x1qughib x1qjc9v5 xozqiw3 x1q0g3np x150jy0e x1e558r4 xjkvuk6 x1iorvi4 xwrv7xz x8182xy x4cne27 xifccgj\">\n<div class=\"x9f619 x1n2onr6 x1ja2u2z x78zum5 xdt5ytf x193iq5w xeuugli x1r8uery x1iyjqo2 xs83m0k xg83lxy x1h0ha7o x10b6aqq x1yrsyyn\">\n<div class=\"x1i10hfl x1qjc9v5 xjbqb8w xjqpnuy xa49m3k xqeqjp1 x2hbi6w x13fuv20 xu3j5b3 x1q0q8m5 x26u7qi x972fbf xcfux6l x1qhh985 xm0m39n x9f619 x1ypdohk xdl72j9 x2lah0s xe8uvvx xdj266r x11i5rnm xat24cr x1mh8g0r x2lwn1j xeuugli xexx8yu x4uap5 x18d9i69 xkhd6sd x1n2onr6 x16tdsg8 x1hl2dhg x1ja2u2z x1t137rt x1o1ewxj x3x9cwd x1e5q0jg x13rtm0m x3nfvp2 x1q0g3np x87ps6o x1lku1pv x1a2a7pz x5ve5x3\" tabindex=\"0\" role=\"button\" aria-label=\"Mi piace\">\n<div class=\"x9f619 x1n2onr6 x1ja2u2z x78zum5 x1r8uery x1iyjqo2 xs83m0k xeuugli xl56j7k x6s0dn4 xozqiw3 x1q0g3np xn6708d x1ye3gou xexx8yu xcud41i x139jcc6 x4cne27 xifccgj xn3w4p2 xuxw1ft\"><\/div>\n<\/div>\n<\/div>\n<div class=\"x9f619 x1n2onr6 x1ja2u2z x78zum5 xdt5ytf x193iq5w xeuugli x1r8uery x1iyjqo2 xs83m0k xg83lxy x1h0ha7o x10b6aqq x1yrsyyn\">\n<div class=\"x1i10hfl x1qjc9v5 xjbqb8w xjqpnuy xa49m3k xqeqjp1 x2hbi6w x13fuv20 xu3j5b3 x1q0q8m5 x26u7qi x972fbf xcfux6l x1qhh985 xm0m39n x9f619 x1ypdohk xdl72j9 x2lah0s xe8uvvx xdj266r x11i5rnm xat24cr x1mh8g0r x2lwn1j xeuugli xexx8yu x4uap5 x18d9i69 xkhd6sd x1n2onr6 x16tdsg8 x1hl2dhg xggy1nq x1ja2u2z x1t137rt x1o1ewxj x3x9cwd x1e5q0jg x13rtm0m x3nfvp2 x1q0g3np x87ps6o x1lku1pv x1a2a7pz\" tabindex=\"0\" role=\"button\">\n<div class=\"x9f619 x1n2onr6 x1ja2u2z x78zum5 x1r8uery x1iyjqo2 xs83m0k xeuugli xl56j7k x6s0dn4 xozqiw3 x1q0g3np xn6708d x1ye3gou xexx8yu xcud41i x139jcc6 x4cne27 xifccgj xn3w4p2 xuxw1ft\"><\/div>\n<div class=\"x1ey2m1c xds687c x17qophe xg01cxk x47corl x10l6tqk x13vifvy x1ebt8du x19991ni x1dhq9h x1o1ewxj x3x9cwd x1e5q0jg x13rtm0m\" role=\"none\" data-visualcompletion=\"ignore\"><a class=\"dt-pswp-item\" href=\"https:\/\/www.radiopiu.net\/wordpress\/wp-content\/uploads\/2024\/02\/425023572_10232880721507157_6463302484616666934_n.jpg\" data-dt-img-description=\"\" data-large_image_width=\"526\" data-large_image_height=\"517\"><img loading=\"lazy\" decoding=\"async\" class=\" wp-image-373868 aligncenter\" src=\"https:\/\/www.radiopiu.net\/wordpress\/wp-content\/uploads\/2024\/02\/425023572_10232880721507157_6463302484616666934_n-300x295.jpg\" alt=\"\" width=\"422\" height=\"415\" srcset=\"https:\/\/www.radiopiu.net\/wordpress\/wp-content\/uploads\/2024\/02\/425023572_10232880721507157_6463302484616666934_n-300x295.jpg 300w, https:\/\/www.radiopiu.net\/wordpress\/wp-content\/uploads\/2024\/02\/425023572_10232880721507157_6463302484616666934_n.jpg 526w\" sizes=\"auto, (max-width: 422px) 100vw, 422px\" \/><\/a><\/div>\n<\/div>\n<\/div>\n<\/div>\n<\/div>\n<\/div>\n<\/div>\n<div class=\"xzueoph\"><\/div>\n<\/div>\n<\/div>\n<\/div>\n<p>&nbsp;<\/p>\n<p>&nbsp;<\/p>\n<hr \/>\n<p>&nbsp;<\/p>\n<blockquote>\n<h3>MARMOLADA IN LOVE, UNA \u201cMONTAGNA\u201d D\u2019AMORE: SAN VALENTINO AD ALTA QUOTA<\/h3>\n<\/blockquote>\n<p><strong><a class=\"dt-pswp-item\" href=\"https:\/\/www.radiopiu.net\/wordpress\/wp-content\/uploads\/2024\/02\/IMG-20201214-WA0009.jpg\" data-dt-img-description=\"\" data-large_image_width=\"1024\" data-large_image_height=\"768\"><img loading=\"lazy\" decoding=\"async\" class=\" wp-image-373901 alignleft\" src=\"https:\/\/www.radiopiu.net\/wordpress\/wp-content\/uploads\/2024\/02\/IMG-20201214-WA0009-300x225.jpg\" alt=\"\" width=\"137\" height=\"103\" srcset=\"https:\/\/www.radiopiu.net\/wordpress\/wp-content\/uploads\/2024\/02\/IMG-20201214-WA0009-300x225.jpg 300w, https:\/\/www.radiopiu.net\/wordpress\/wp-content\/uploads\/2024\/02\/IMG-20201214-WA0009-768x576.jpg 768w, https:\/\/www.radiopiu.net\/wordpress\/wp-content\/uploads\/2024\/02\/IMG-20201214-WA0009.jpg 1024w\" sizes=\"auto, (max-width: 137px) 100vw, 137px\" \/><\/a>ROCCA PIETORE<\/strong> Marmolada srl organizza un San Valentino ad alta quota il 14 febbraio. Partendo da Malga Ciapela in funivia alle 16:20, gli innamorati raggiungeranno Punta Rocca per ammirare le Dolomiti Unesco al tramonto. Dopo, a Serauta, un buffet a tema con prosecco e finger food. L&#8217;iniziativa celebra l&#8217;amore e offre un&#8217;esperienza unica nella maestosa cornice delle Dolomiti. Prenotazioni: <a target=\"_new\" rel=\"noopener\">visitmarmolada@funiviemarmolada.com<\/a> o 3346794461. Un modo speciale per brindare all&#8217;amore e godere dello spettacolo naturale delle montagne.<\/p>\n<p>&nbsp;<\/p>\n<p>&nbsp;<\/p>\n<hr \/>\n<p>&nbsp;<\/p>\n<blockquote>\n<h3>Esplorazione nel Passato: Apertura Eccezionale del Rifugio Antiaereo di Belluno<\/h3>\n<\/blockquote>\n<p><img loading=\"lazy\" decoding=\"async\" class=\"alignleft\" src=\"https:\/\/www.radiopiu.net\/wordpress\/wp-content\/uploads\/2024\/02\/bunker-rifugio-antiaereo-Belluno.jpg\" width=\"225\" height=\"150\" \/><strong>BELLUNO<\/strong> Il gruppo giovani del FAI di Belluno organizza l&#8217;apertura eccezionale del rifugio antiaereo sotto Piazza dei Martiri il 18 febbraio. Dopo il successo delle precedenti aperture, dovute alla grande richiesta, si ripropone l&#8217;evento per consentire a pi\u00f9 persone possibile di visitare questo luogo carico di storia legato alla Seconda guerra mondiale. La visita, guidata dai volontari del FAI, permetter\u00e0 di conoscere la storia e le peculiarit\u00e0 strutturali del rifugio, attraversando i suoi ambienti e le grandi gallerie sotterranee. I turni di visita sono ogni 30 minuti e le prenotazioni sono online, con un contributo a partire da 3 euro. Non \u00e8 richiesta prenotazione per i bambini fino ai 10 anni. \u00c8 possibile iscriversi al FAI in loco. Per ulteriori informazioni, \u00e8 possibile contattare <a target=\"_new\" rel=\"noopener\">belluno@faigiovani.fondoambiente.it<\/a>.<\/p>\n<p>&nbsp;<\/p>\n<p>&nbsp;<\/p>\n<hr \/>\n<p>&nbsp;<\/p>\n<blockquote>\n<blockquote>\n<h3>ASCA CERCA OPERATORI SOCIO SANITARI<\/h3>\n<\/blockquote>\n<\/blockquote>\n<p><strong><a class=\"dt-pswp-item\" href=\"https:\/\/www.radiopiu.net\/wordpress\/wp-content\/uploads\/2020\/04\/ASCA.png\" data-dt-img-description=\"\" data-large_image_width=\"1211\" data-large_image_height=\"668\"><img loading=\"lazy\" decoding=\"async\" class=\" wp-image-128881 alignleft\" src=\"https:\/\/www.radiopiu.net\/wordpress\/wp-content\/uploads\/2020\/04\/ASCA-300x165.png\" alt=\"\" width=\"157\" height=\"86\" srcset=\"https:\/\/www.radiopiu.net\/wordpress\/wp-content\/uploads\/2020\/04\/ASCA-300x165.png 300w, https:\/\/www.radiopiu.net\/wordpress\/wp-content\/uploads\/2020\/04\/ASCA-1024x565.png 1024w, https:\/\/www.radiopiu.net\/wordpress\/wp-content\/uploads\/2020\/04\/ASCA-768x424.png 768w, https:\/\/www.radiopiu.net\/wordpress\/wp-content\/uploads\/2020\/04\/ASCA.png 1211w\" sizes=\"auto, (max-width: 157px) 100vw, 157px\" \/><\/a>AGORDO<\/strong> L&#8217;A.S.C.A. ha pubblicato un avviso di selezione per creare una graduatoria di idoneit\u00e0 volta all&#8217;assunzione di Operatori Socio Sanitari (OSS) a tempo determinato e indeterminato, sia a tempo pieno che parziale, presso le sedi di Agordo, Taibon Agordino e i Comuni Agordini per il servizio domiciliare. Il contratto di riferimento \u00e8 regolato dal CCNL UNEBA, con un trattamento economico basato sul livello contrattuale 4S, incluso un superminimo di \u20ac2.502,39 lordi annui. Vengono offerti vantaggi quali l&#8217;accesso al Welfare Aziendale e la possibilit\u00e0 di sistemazione abitativa gratuita per 8 mesi, con eventuali costi per le utenze. Scadenza domande entro venerd\u00ec 23 febbraio alle 12.<\/p>\n<blockquote><p>&nbsp;<\/p><\/blockquote>\n<div dir=\"auto\"><\/div>\n<p>&nbsp;<\/p>\n<hr \/>\n<p>&nbsp;<\/p>\n<blockquote>\n<h3><a class=\"dt-pswp-item\" href=\"https:\/\/www.radiopiu.net\/wordpress\/wp-content\/uploads\/2024\/02\/21bd482a-f331-45f7-a4b7-3dbdd4369425.jpg\" data-dt-img-description=\"\" data-large_image_width=\"1414\" data-large_image_height=\"2000\"><img loading=\"lazy\" decoding=\"async\" class=\" wp-image-373387 alignleft\" src=\"https:\/\/www.radiopiu.net\/wordpress\/wp-content\/uploads\/2024\/02\/21bd482a-f331-45f7-a4b7-3dbdd4369425-212x300.jpg\" alt=\"\" width=\"113\" height=\"160\" srcset=\"https:\/\/www.radiopiu.net\/wordpress\/wp-content\/uploads\/2024\/02\/21bd482a-f331-45f7-a4b7-3dbdd4369425-212x300.jpg 212w, https:\/\/www.radiopiu.net\/wordpress\/wp-content\/uploads\/2024\/02\/21bd482a-f331-45f7-a4b7-3dbdd4369425-724x1024.jpg 724w, https:\/\/www.radiopiu.net\/wordpress\/wp-content\/uploads\/2024\/02\/21bd482a-f331-45f7-a4b7-3dbdd4369425-768x1086.jpg 768w, https:\/\/www.radiopiu.net\/wordpress\/wp-content\/uploads\/2024\/02\/21bd482a-f331-45f7-a4b7-3dbdd4369425-1086x1536.jpg 1086w, https:\/\/www.radiopiu.net\/wordpress\/wp-content\/uploads\/2024\/02\/21bd482a-f331-45f7-a4b7-3dbdd4369425.jpg 1414w\" sizes=\"auto, (max-width: 113px) 100vw, 113px\" \/><\/a>L&#8217;INCONSCIO RIVELATO A CESIOMAGGIORE<\/h3>\n<\/blockquote>\n<p><strong>PAOLA FERRARO<\/strong><\/p>\n<audio class=\"wp-audio-shortcode\" id=\"audio-373801-11\" preload=\"none\" style=\"width: 100%;\" controls=\"controls\"><source type=\"audio\/mpeg\" src=\"https:\/\/www.radiopiu.net\/wordpress\/wp-content\/uploads\/2024\/02\/PAOLA-FERRARO-LINCONSCIO-RIVELATO.mp3?_=11\" \/><a href=\"https:\/\/www.radiopiu.net\/wordpress\/wp-content\/uploads\/2024\/02\/PAOLA-FERRARO-LINCONSCIO-RIVELATO.mp3\">https:\/\/www.radiopiu.net\/wordpress\/wp-content\/uploads\/2024\/02\/PAOLA-FERRARO-LINCONSCIO-RIVELATO.mp3<\/a><\/audio>\n<p>&nbsp;<\/p>\n<hr \/>\n<p>&nbsp;<\/p>\n<blockquote>\n<h3><a class=\"dt-pswp-item\" href=\"https:\/\/www.radiopiu.net\/wordpress\/wp-content\/uploads\/2024\/02\/bc5b076e-c8f0-46e1-9a84-cc1dbc7d8453.jpg\" data-dt-img-description=\"\" data-large_image_width=\"1131\" data-large_image_height=\"1600\"><img loading=\"lazy\" decoding=\"async\" class=\" wp-image-373651 alignleft\" src=\"https:\/\/www.radiopiu.net\/wordpress\/wp-content\/uploads\/2024\/02\/bc5b076e-c8f0-46e1-9a84-cc1dbc7d8453-212x300.jpg\" alt=\"\" width=\"94\" height=\"133\" srcset=\"https:\/\/www.radiopiu.net\/wordpress\/wp-content\/uploads\/2024\/02\/bc5b076e-c8f0-46e1-9a84-cc1dbc7d8453-212x300.jpg 212w, https:\/\/www.radiopiu.net\/wordpress\/wp-content\/uploads\/2024\/02\/bc5b076e-c8f0-46e1-9a84-cc1dbc7d8453-724x1024.jpg 724w, https:\/\/www.radiopiu.net\/wordpress\/wp-content\/uploads\/2024\/02\/bc5b076e-c8f0-46e1-9a84-cc1dbc7d8453-768x1086.jpg 768w, https:\/\/www.radiopiu.net\/wordpress\/wp-content\/uploads\/2024\/02\/bc5b076e-c8f0-46e1-9a84-cc1dbc7d8453-1086x1536.jpg 1086w, https:\/\/www.radiopiu.net\/wordpress\/wp-content\/uploads\/2024\/02\/bc5b076e-c8f0-46e1-9a84-cc1dbc7d8453.jpg 1131w\" sizes=\"auto, (max-width: 94px) 100vw, 94px\" \/><\/a>IL 17 FEBBRAIO ORAZIO ALLA CASA DELLA GIOVENTU&#8217; DI CAVIOLA<\/h3>\n<\/blockquote>\n<p><strong>DI LUISA ALCHINI<\/strong><\/p>\n<audio class=\"wp-audio-shortcode\" id=\"audio-373801-12\" preload=\"none\" style=\"width: 100%;\" controls=\"controls\"><source type=\"audio\/mpeg\" src=\"https:\/\/www.radiopiu.net\/wordpress\/wp-content\/uploads\/2024\/02\/LUISA-SPETTACOLO-oRAZIO-17-FEBBRAIO-cAVIOLA.mp3?_=12\" \/><a href=\"https:\/\/www.radiopiu.net\/wordpress\/wp-content\/uploads\/2024\/02\/LUISA-SPETTACOLO-oRAZIO-17-FEBBRAIO-cAVIOLA.mp3\">https:\/\/www.radiopiu.net\/wordpress\/wp-content\/uploads\/2024\/02\/LUISA-SPETTACOLO-oRAZIO-17-FEBBRAIO-cAVIOLA.mp3<\/a><\/audio>\n<p>&nbsp;<\/p>\n<hr \/>\n<p>&nbsp;<\/p>\n<p>&nbsp;<\/p>\n<blockquote>\n<h3>MORTI DI COVID, TESTIMONIANZE DEI PARENTI<\/h3>\n<\/blockquote>\n<p><strong>BELLUNO\u00a0<\/strong> Arriva il docufilm \u201cLA MORTE NEGATA\u201d,\u00a0 Le testimonianze dei parenti delle vittime dello stato di emergenza Covid 19.\u00a0 Sabato 10 febbraio, al Teatro Centro Congressi Giovanni XXIII alle 20. \u00a0Ingresso con offerta libera.<\/p>\n<blockquote><p>&nbsp;<\/p><\/blockquote>\n<hr \/>\n<p>&nbsp;<\/p>\n<blockquote>\n<h3>GLI ESPERTI DI FARFALLE NEL PARCO<\/h3>\n<\/blockquote>\n<p><strong>FELTRE<\/strong> Il Parco Nazionale Dolomiti Bellunesi ospiter\u00e0, il prossimo giugno, il quarto incontro dell\u2019Associazione Lepidotterologica Italiana, sodalizio che riunisce i ricercatori e gli appassionati di tutta Italia che si occupano di studio e conservazione delle farfalle. Il convegno si svolger\u00e0 a Villa Patt.<\/p>\n<blockquote><p>&nbsp;<\/p><\/blockquote>\n<p>&nbsp;<\/p>\n<hr \/>\n<p>&nbsp;<\/p>\n<p>&nbsp;<\/p>\n<blockquote>\n<h3><a class=\"dt-pswp-item\" href=\"https:\/\/www.radiopiu.net\/wordpress\/wp-content\/uploads\/2024\/02\/IMG-20240124-WA0001.jpg\" data-dt-img-description=\"\" data-large_image_width=\"1131\" data-large_image_height=\"1600\"><img loading=\"lazy\" decoding=\"async\" class=\" wp-image-373747 alignleft\" src=\"https:\/\/www.radiopiu.net\/wordpress\/wp-content\/uploads\/2024\/02\/IMG-20240124-WA0001-212x300.jpg\" alt=\"\" width=\"85\" height=\"120\" srcset=\"https:\/\/www.radiopiu.net\/wordpress\/wp-content\/uploads\/2024\/02\/IMG-20240124-WA0001-212x300.jpg 212w, https:\/\/www.radiopiu.net\/wordpress\/wp-content\/uploads\/2024\/02\/IMG-20240124-WA0001-724x1024.jpg 724w, https:\/\/www.radiopiu.net\/wordpress\/wp-content\/uploads\/2024\/02\/IMG-20240124-WA0001-768x1086.jpg 768w, https:\/\/www.radiopiu.net\/wordpress\/wp-content\/uploads\/2024\/02\/IMG-20240124-WA0001-1086x1536.jpg 1086w, https:\/\/www.radiopiu.net\/wordpress\/wp-content\/uploads\/2024\/02\/IMG-20240124-WA0001.jpg 1131w\" sizes=\"auto, (max-width: 85px) 100vw, 85px\" \/><\/a>IL MECCANICO AL TEATRO SAN GAETANO<\/h3>\n<\/blockquote>\n<p><strong>BELLUNO<\/strong> La Pro Loco Pieve Castionese ha il piacere di annunciare la rappresentazione teatrale di &#8220;IL MECCANICO&#8221; al teatro San Gaetano, con debutto il 17 e 18 febbraio alle 21. La collaborazione con Auge Teatro trasforma il teatro in un&#8217;officina di emozioni, consolidando il ruolo del San Gaetano come luogo per consumare emozioni attraverso la passione, il lavoro e la partecipazione di molte persone coinvolte negli anni.<\/p>\n<p>&nbsp;<\/p>\n<p>&nbsp;<\/p>\n<hr \/>\n<p>&nbsp;<\/p>\n<h2><span style=\"color: #ff0000;\">GLI APPUNTAMENTI DELLA SETTIMANA<\/span><\/h2>\n<p><strong>BELLUNO<\/strong> Il Teatro Centro Congressi Giovanni XXIII presenter\u00e0 il docufilm &#8220;LA MORTE NEGATA&#8221;, il quale raccoglie le testimonianze dei parenti delle vittime dello stato di emergenza Covid-19. L&#8217;evento si terr\u00e0 oggi alle ore 20:00 al teatro in piazza Piloni 11. L&#8217;ingresso \u00e8 con offerta libera.<\/p>\n<p><strong>FELTRE<\/strong> Oggi alle 21 al centro astronomico di via Arson &#8220;Le nane bianche&#8221; con Gabriele Vanin. La serata offrir\u00e0 l&#8217;opportunit\u00e0 di osservare stelle nane bianche, rappresentative del futuro delle stelle di massa media, oltre a esplorare oggetti celesti<\/p>\n<p><strong>TAIBON<\/strong> Pro Loco e comune di Taibon organizzano domani il Carneval Dei Boce. Ritrovo in piazza del municipio alle 14, sfilata verso la casa di riposo e rientro per le 16 per la festa in sala ex municipio<\/p>\n<p><strong>BELLUNO<\/strong> Il Comitato Festeggiamenti Meano ripropone anche quest\u2019anno il Carnevale dei Bambini, nella splendida cornice del Parco Ciclamino di Meano! L\u2019evento \u201cMascherati al Parco Ciclamino\u201d si terr\u00e0 oggi dalle ore 14.30 ed \u00e8 organizzato dallo storico Comitato Frazionale in collaborazione col Gruppo Genitori Meano<\/p>\n<p>&nbsp;<\/p>\n<h2><span style=\"color: #ff0000;\">PROSSIMAMENTE\u00a0<\/span><\/h2>\n<p><a class=\"dt-pswp-item\" href=\"https:\/\/www.radiopiu.net\/wordpress\/wp-content\/uploads\/2024\/01\/Carnevale-2024-def.png\" data-dt-img-description=\"\" data-large_image_width=\"1414\" data-large_image_height=\"2000\"><img loading=\"lazy\" decoding=\"async\" class=\"size-medium wp-image-372256 aligncenter\" src=\"https:\/\/www.radiopiu.net\/wordpress\/wp-content\/uploads\/2024\/01\/Carnevale-2024-def-212x300.png\" alt=\"\" width=\"212\" height=\"300\" srcset=\"https:\/\/www.radiopiu.net\/wordpress\/wp-content\/uploads\/2024\/01\/Carnevale-2024-def-212x300.png 212w, https:\/\/www.radiopiu.net\/wordpress\/wp-content\/uploads\/2024\/01\/Carnevale-2024-def-724x1024.png 724w, https:\/\/www.radiopiu.net\/wordpress\/wp-content\/uploads\/2024\/01\/Carnevale-2024-def-768x1086.png 768w, https:\/\/www.radiopiu.net\/wordpress\/wp-content\/uploads\/2024\/01\/Carnevale-2024-def-1086x1536.png 1086w, https:\/\/www.radiopiu.net\/wordpress\/wp-content\/uploads\/2024\/01\/Carnevale-2024-def.png 1414w\" sizes=\"auto, (max-width: 212px) 100vw, 212px\" \/><\/a><\/p>\n<p>&nbsp;<\/p>\n<blockquote>\n<h3>Le radici venete delle stragi nere Un libro per capire l\u2019Italia da Piazza Fontana a oggi<\/h3>\n<\/blockquote>\n<p><strong>BORGO VALBELLUNA<\/strong> Il 14 febbraio prossimo alle ore 20,00 San Valentino arriver\u00e0 a Mel, presso il cinquecentesco salone municipale, grazie al nuovo libro di poesie di Edoardo Comiotto dal titolo \u201cInvisibili carezze\u201d.<\/p>\n<p><strong>FELTRE<\/strong> La Famiglia Ex Emigranti del Feltrino organizza la gita alla fiera &#8220;Orto Giardino&#8221; a Pordenonefiere il 6 marzo. La partenza \u00e8 alle 13 da Pedavena, con passaggio a Feltre. Il programma include l&#8217;ingresso alla fiera e una tappa in pizzeria durante il rientro. Per informazioni 40 262 9562.<\/p>\n<p><strong>BELLUNO<\/strong> L&#8217;Istituto Bellunese di Ricerche Sociali e Culturali invita la cittadinanza alla presentazione del volume &#8220;L&#8217;Oltrardo: Storia, architettura e arte nei dintorni di Belluno citt\u00e0 splendente&#8221;. L&#8217;evento si terr\u00e0 il 16 febbraio alle 20 nella sala parrocchiale di Cavarzano.<\/p>\n<p>&nbsp;<\/p>\n<p>&nbsp;<\/p>\n<hr \/>\n<p>&nbsp;<\/p>\n<blockquote>\n<h2><span style=\"color: #ff00ff;\">INTANTO ME LA CANTO<\/span><\/h2>\n<\/blockquote>\n<p><strong>REDAZIONE\u00a0<\/strong>Nuovo appuntamento con &#8220;Intanto Me La Canto&#8221;, il programma di Marina Don\u00e0 e Luisa Manfroi. Questa sera si parler\u00e0 di viaggi.<\/p>\n<p><strong>LA DIRETTA RADIO PIU&#8217;<\/strong><\/p>\n<p><iframe loading=\"lazy\" title=\"INTANTO ME LA CANTO - 08 FEBBRAIO 2024\" width=\"1200\" height=\"675\" src=\"https:\/\/www.youtube.com\/embed\/MdVCddjeSLc?feature=oembed\" frameborder=\"0\" allow=\"accelerometer; autoplay; clipboard-write; encrypted-media; gyroscope; picture-in-picture; web-share\" allowfullscreen><\/iframe><\/p>\n<p>&nbsp;<\/p>\n<hr \/>\n<p>&nbsp;<\/p>\n<p><a class=\"dt-pswp-item\" href=\"https:\/\/www.radiopiu.net\/wordpress\/wp-content\/uploads\/2018\/09\/viabilita.jpeg\" data-dt-img-description=\"\" data-large_image_width=\"800\" data-large_image_height=\"100\"><img loading=\"lazy\" decoding=\"async\" class=\"aligncenter wp-image-61954 size-full\" src=\"https:\/\/www.radiopiu.net\/wordpress\/wp-content\/uploads\/2018\/09\/viabilita.jpeg\" alt=\"\" width=\"800\" height=\"100\" srcset=\"https:\/\/www.radiopiu.net\/wordpress\/wp-content\/uploads\/2018\/09\/viabilita.jpeg 800w, https:\/\/www.radiopiu.net\/wordpress\/wp-content\/uploads\/2018\/09\/viabilita-300x38.jpeg 300w, https:\/\/www.radiopiu.net\/wordpress\/wp-content\/uploads\/2018\/09\/viabilita-768x96.jpeg 768w\" sizes=\"auto, (max-width: 800px) 100vw, 800px\" \/><\/a><\/p>\n<p>&nbsp;<\/p>\n<p><a class=\"dt-pswp-item\" href=\"https:\/\/www.radiopiu.net\/wordpress\/wp-content\/uploads\/2023\/12\/botol-car-service.jpg\" data-dt-img-description=\"\" data-large_image_width=\"600\" data-large_image_height=\"600\"><img loading=\"lazy\" decoding=\"async\" class=\"size-medium wp-image-367044 aligncenter\" src=\"https:\/\/www.radiopiu.net\/wordpress\/wp-content\/uploads\/2023\/12\/botol-car-service-300x300.jpg\" alt=\"\" width=\"300\" height=\"300\" srcset=\"https:\/\/www.radiopiu.net\/wordpress\/wp-content\/uploads\/2023\/12\/botol-car-service-300x300.jpg 300w, https:\/\/www.radiopiu.net\/wordpress\/wp-content\/uploads\/2023\/12\/botol-car-service-150x150.jpg 150w, https:\/\/www.radiopiu.net\/wordpress\/wp-content\/uploads\/2023\/12\/botol-car-service.jpg 600w\" sizes=\"auto, (max-width: 300px) 100vw, 300px\" \/><\/a><\/p>\n<p>&nbsp;<\/p>\n<blockquote>\n<h1><span style=\"color: #ff0000;\"><a class=\"dt-pswp-item\" href=\"https:\/\/www.radiopiu.net\/wordpress\/wp-content\/uploads\/2020\/05\/VENETO-STRADE.png\" data-dt-img-description=\"\" data-large_image_width=\"400\" data-large_image_height=\"400\"><img loading=\"lazy\" decoding=\"async\" class=\"wp-image-135574 alignleft\" src=\"https:\/\/www.radiopiu.net\/wordpress\/wp-content\/uploads\/2020\/05\/VENETO-STRADE-300x300.png\" alt=\"\" width=\"102\" height=\"102\" srcset=\"https:\/\/www.radiopiu.net\/wordpress\/wp-content\/uploads\/2020\/05\/VENETO-STRADE-300x300.png 300w, https:\/\/www.radiopiu.net\/wordpress\/wp-content\/uploads\/2020\/05\/VENETO-STRADE-150x150.png 150w, https:\/\/www.radiopiu.net\/wordpress\/wp-content\/uploads\/2020\/05\/VENETO-STRADE.png 400w\" sizes=\"auto, (max-width: 102px) 100vw, 102px\" \/><\/a>AGGIORNAMENTO QUOTIDIANO, IN\u00a0 COLLABORAZIONE CON VENETO STRADE E BOTOL CAR SERVICE AD AGORDO IN LOCALITA&#8217; VALCOZZENA.<\/span><\/h1>\n<p>&nbsp;<\/p><\/blockquote>\n<p><strong>SOSPIROLO\u00a0<\/strong> Lungo la provinciale 2 tra Pian Falcina e Gena Bassa in Comune di Sospirolo\u00a0 <span style=\"color: #ff0000;\">fino al 15 febbraio,<\/span> sabato e domeniche compresi, senso unico alternato regolato da semaforo o movieri, interruzioni alla viabilit\u00e0 fino a 10 minuti per tratti di 200 metri.<\/p>\n<p><span style=\"color: #0000ff;\"><strong>BOLLETTINO VIABILITA&#8217; AGGIORNATO AL 23 GENNAIO 2024<\/strong><\/span><\/p>\n<audio class=\"wp-audio-shortcode\" id=\"audio-373801-13\" preload=\"none\" style=\"width: 100%;\" controls=\"controls\"><source type=\"audio\/mpeg\" src=\"https:\/\/www.radiopiu.net\/wordpress\/wp-content\/uploads\/2024\/01\/VIABLITA-2.mp3?_=13\" \/><a href=\"https:\/\/www.radiopiu.net\/wordpress\/wp-content\/uploads\/2024\/01\/VIABLITA-2.mp3\">https:\/\/www.radiopiu.net\/wordpress\/wp-content\/uploads\/2024\/01\/VIABLITA-2.mp3<\/a><\/audio>\n<p>&nbsp;<\/p>\n<p>&nbsp;<\/p>\n<hr \/>\n<p>&nbsp;<\/p>\n<p>&nbsp;<\/p>\n<p><a class=\"dt-pswp-item\" href=\"https:\/\/www.radiopiu.net\/wordpress\/wp-content\/uploads\/2018\/09\/WhatsApp-Image-2018-09-20-at-16.04.06.jpeg\" data-dt-img-description=\"\" data-large_image_width=\"800\" data-large_image_height=\"100\"><img loading=\"lazy\" decoding=\"async\" class=\"wp-image-61378 size-full aligncenter\" src=\"https:\/\/www.radiopiu.net\/wordpress\/wp-content\/uploads\/2018\/09\/WhatsApp-Image-2018-09-20-at-16.04.06.jpeg\" alt=\"\" width=\"800\" height=\"100\" srcset=\"https:\/\/www.radiopiu.net\/wordpress\/wp-content\/uploads\/2018\/09\/WhatsApp-Image-2018-09-20-at-16.04.06.jpeg 800w, https:\/\/www.radiopiu.net\/wordpress\/wp-content\/uploads\/2018\/09\/WhatsApp-Image-2018-09-20-at-16.04.06-300x38.jpeg 300w, https:\/\/www.radiopiu.net\/wordpress\/wp-content\/uploads\/2018\/09\/WhatsApp-Image-2018-09-20-at-16.04.06-768x96.jpeg 768w\" sizes=\"auto, (max-width: 800px) 100vw, 800px\" \/><\/a><\/p>\n<p><center><\/center><b>\u00a0 \u00a0\u00a0<\/b><\/p>\n<p><center><\/center><center><\/center><b>OGGI: <\/b>Cielo ancora coperto su tutte le Alpi con tempo diffusamente perturbato. <b>Precipitazioni: <\/b>Probabilit\u00e0 alta (90\/100%) di precipitazioni diffuse, frequenti e intermittenti di intensit\u00e0 debole o moderata specie nella fascia prealpina; quota neve in prevalenza intorno ai 1600-1800 m sulle Prealpi e ai 1400-1600 m sulle Dolomiti a tratti leggermente pi\u00f9 basso in relazione all&#8217;intensit\u00e0 della precipitazione. Le precipitazioni saranno presenti soprattutto nelle prime ore e nel corso del pomeriggio\/sera, con una possibile pausa nel corso della mattinata.\u00a0<b>\u00a0<\/b><\/p>\n<p>&nbsp;<\/p>\n<hr \/>\n<p><center><\/center><b>DOMANI : <\/b>Ancora cielo molto nuvoloso o coperto con tempo a tratti perturbato. <b>Precipitazioni: <\/b>Alta probabilit\u00e0 (90\/100%) di precipitazioni diffuse, frequenti e intermittenti, a carattere nevoso oltre i 1500-1800 m con quantitativi un po&#8217;pi\u00f9 modesti rispetto a quelle di venerd\u00ec e di sabato. Da venerd\u00ec a domenica i quantitativi totali previsti sono compresi mediamente tra i 50 e i 90 mm sulle Prealpi e Dolomiti meridionali e tra i 30 e i 50 mm sulle Dolomiti centro-settentrionali, con punte di 110\/120 mm sulle Prealpi.<\/p>\n<p>&nbsp;<\/p>\n<hr \/>\n<p><center><\/center><strong>LUNEDI<\/strong> Cielo molto nuvoloso o coperto con deboli fenomeni da locali a sparsi con quantitativi dell&#8217;ordine di qualche millimetro, eventualmente nevosi oltre i 1400-1600 m. Temperature minime in flessione, massime senza notevoli variazioni o in lieve aumento.<\/p>\n<hr \/>\n<p><center><\/center><strong>MARTEDI<\/strong> Tempo pi\u00f9 soleggiato rispetto ai giorni precedenti con possibili temporanei e innocui annuvolamenti nel corso della giornata per nubi medio-alte ma senza fenomeni. Temperature minime in ulteriore calo, massime senza notevoli variazioni o in lieve ripresa.<\/p>\n<p><center><\/center>&nbsp;<\/p>\n<p>&nbsp;<\/p>\n<hr \/>\n<p>&nbsp;<\/p>\n<p>&nbsp;<\/p>\n<p><img loading=\"lazy\" decoding=\"async\" class=\"wp-image-60761 size-full aligncenter\" src=\"https:\/\/www.radiopiu.net\/wordpress\/wp-content\/uploads\/2018\/09\/sport.jpg\" alt=\"\" width=\"800\" height=\"100\" srcset=\"https:\/\/www.radiopiu.net\/wordpress\/wp-content\/uploads\/2018\/09\/sport.jpg 800w, https:\/\/www.radiopiu.net\/wordpress\/wp-content\/uploads\/2018\/09\/sport-300x38.jpg 300w, https:\/\/www.radiopiu.net\/wordpress\/wp-content\/uploads\/2018\/09\/sport-768x96.jpg 768w\" sizes=\"auto, (max-width: 800px) 100vw, 800px\" \/><\/p>\n<p>&nbsp;<\/p>\n<blockquote>\n<h2>FALCADE E L&#8217;AGORDINO IN CORO: VAI MARTINA<\/h2>\n<\/blockquote>\n<p><span style=\"color: #0000ff;\"><strong>SCI\u00a0\u00a0<\/strong><\/span><\/p>\n<p>&nbsp;<\/p>\n<p><strong><a class=\"dt-pswp-item\" href=\"https:\/\/www.radiopiu.net\/wordpress\/wp-content\/uploads\/2023\/02\/MARTINA-SCOLA.png\" data-dt-img-description=\"\" data-large_image_width=\"329\" data-large_image_height=\"220\"><img loading=\"lazy\" decoding=\"async\" class=\"wp-image-323378 alignleft\" src=\"https:\/\/www.radiopiu.net\/wordpress\/wp-content\/uploads\/2023\/02\/MARTINA-SCOLA-300x201.png\" alt=\"\" width=\"154\" height=\"103\" srcset=\"https:\/\/www.radiopiu.net\/wordpress\/wp-content\/uploads\/2023\/02\/MARTINA-SCOLA-300x201.png 300w, https:\/\/www.radiopiu.net\/wordpress\/wp-content\/uploads\/2023\/02\/MARTINA-SCOLA.png 329w\" sizes=\"auto, (max-width: 154px) 100vw, 154px\" \/><\/a>FALCADE\u00a0<\/strong> Domani si svolgeranno i Campionati italiani di scialpinismo giovanili a Falcade, organizzati dallo Sci club Ski Alp Valdobbiadene. Gli atleti provenienti dall&#8217;arco alpino gareggeranno per i titoli tricolori.\u00a0 Tra gli iscritti, spiccano Hermann Debertolis, Erik Canovi, Enrico Pellegrini e la forte atleta locale Martina Scola. Gli organizzatori monitorano l&#8217;apporto di neve fresca sulle Dolomiti Bellunesi per definire i percorsi fuori pista. La partenza dei concorrenti sar\u00e0 alle 9:30 e seguiranno le premiazioni nel primo pomeriggio al Palafalcade.<\/p>\n<p>&nbsp;<\/p>\n<p><span style=\"color: #0000ff;\"><strong>HOCKEY SU GHIACCIO<\/strong><\/span><\/p>\n<blockquote>\n<h3>ALLEGHE A CALDARO PER SFIDARE I LUCCI<\/h3>\n<\/blockquote>\n<p><strong><a class=\"dt-pswp-item\" href=\"https:\/\/www.radiopiu.net\/wordpress\/wp-content\/uploads\/2024\/01\/ALLEGHE-2023-24.jpeg\" data-dt-img-description=\"\" data-large_image_width=\"2560\" data-large_image_height=\"1703\"><img loading=\"lazy\" decoding=\"async\" class=\"size-medium wp-image-368494 alignleft\" src=\"https:\/\/www.radiopiu.net\/wordpress\/wp-content\/uploads\/2024\/01\/ALLEGHE-2023-24-300x200.jpeg\" alt=\"\" width=\"300\" height=\"200\" srcset=\"https:\/\/www.radiopiu.net\/wordpress\/wp-content\/uploads\/2024\/01\/ALLEGHE-2023-24-300x200.jpeg 300w, https:\/\/www.radiopiu.net\/wordpress\/wp-content\/uploads\/2024\/01\/ALLEGHE-2023-24-1024x681.jpeg 1024w, https:\/\/www.radiopiu.net\/wordpress\/wp-content\/uploads\/2024\/01\/ALLEGHE-2023-24-768x511.jpeg 768w, https:\/\/www.radiopiu.net\/wordpress\/wp-content\/uploads\/2024\/01\/ALLEGHE-2023-24-1536x1022.jpeg 1536w, https:\/\/www.radiopiu.net\/wordpress\/wp-content\/uploads\/2024\/01\/ALLEGHE-2023-24-2048x1362.jpeg 2048w\" sizes=\"auto, (max-width: 300px) 100vw, 300px\" \/><\/a>di Roberto Miana, portavoce dell\u2019Alleghe Hockey<\/strong><\/p>\n<p style=\"font-weight: 400;\">Settima giornata del Master Round IHL di hockey su ghiaccio. Sabato 10 febbraio alle 19:30\u00a0l\u2019Alleghe gioca sul ghiaccio di Caldaro. L\u2019Alleghe affronta la trasferta contro i Lucci dopo la pesante sconfitta casalinga 1-10 subita contro il Varese. Le attenuanti per giustificare una debacle di questa portata ci sono tutte: un avversario forte con le carte in regola per bissare il successo della passata stagione e le assenze di ben nove giocatori nelle file biancorosse come Milos Ganz, Nicola Soppelsa, Simon Vinatzer, Andreas Vinatzer, Davide Testori, Marwin Martini, Matteo Da Tos, Erik Caldart e Marco Lorenzini, alle quali si \u00e8 aggiunta a gara in corso anche quella di Juho M\u00e4kel\u00e4. Defezioni che hanno indubbiamente pesato inesorabilmente nell\u2019economia della gara. Coach Scapinello, per il match di sabato contro il Caldaro, dovrebbe recuperare alcuni giocatori, dei quali dovranno comunque essere valutate le condizioni dopo l\u2019allenamento di venerd\u00ec. Indisponibili per la trasferta Oltradige, oltre al lungodegente capitan Milos Ganz, anche Nicola Soppelsa, Davide Testori e Tobias Moroder. Il Caldaro, terzo in classifica, nell\u2019ultima giornata ha osservato il turno di riposo, dopo che nell\u2019ultima gara giocata era stato nettamente sconfitto 0-4 a domicilio dal Varese. Due vittorie e due sconfitte per i Lucci nel Master Round, che hanno in Luca De Don\u00e0 e Moritz Selva i migliori realizzatori della squadra guidata sul pancone dell\u2019esperto coach finlandese Kai Suikkanen. Nei 23 precedenti del campionato IHL tra Alleghe e Caldaro, le Civette hanno vinto 5 gare contro 18 dei Lucci. I tre precedenti stagionali tra le due squadre hanno visto altrettanti successi dei Basso Atesini. L\u2019ultima delle tre vittorie Alleghesi alla Raiffeisen Arena di Caldaro \u00e8 il 5-3 datato 21 dicembre 2019.<\/p>\n<p style=\"font-weight: 400;\"><strong>SV KALTERN CALDARO &#8211; ALLEGHE HOCKEY <\/strong>Sabato 10 Febbraio ore 19:30 &#8211; Raiffeisen Arena di Caldaro (Bz)<strong>. <\/strong>Arbitri: Gianluca Abram e Andrea Benvegn\u00f9 con giudici di linea Marco Brondi e Fabio Zen<strong>. <\/strong>Collegamenti in\u00a0DIRETTA RADIOFONICA\u00a0su Radio Pi\u00f9 (www.radiopiu.net) con \u201cHockey al punto giusto\u201d, in studio Marco Gaz e da Caldaro interventi di Federico Paganin<\/p>\n<p>&nbsp;<\/p>\n<blockquote>\n<h3>FELTRE IN CASA CONTRO IL COMO<\/h3>\n<\/blockquote>\n<p><strong>REDAZIONE<\/strong> Anche il Feltre in campo stasera per il\u00a0 Qualification Round. I picchi giocheranno in casa dove arriva il Como. Una partita importante per i feltrini che devono vincere per assicurarsi il primo posto del girone e mettere un&#8217;ipoteca sulla qualificazione alla fase finale. I lariani escono da alcune buone prestazioni e non sar\u00e0 certamente una passeggiata per il Feltre.<\/p>\n<p><strong>CLASSIFICA MASTER ROUND <\/strong>Varese 28, Pergine 27, Caldaro 22, Alleghe 15, Appiano 13<\/p>\n<p><strong>CLASSIFICA QUALIFICATION ROUND\u00a0<\/strong>Feltre 21, Como 20, Fiemme 19, Dobbiaco e Valpellice 11, Bressanone 10<\/p>\n<p>&nbsp;<\/p>\n<p><span style=\"color: #0000ff;\"><strong>SCI NORDICO<\/strong><\/span><\/p>\n<blockquote>\n<h3><a class=\"dt-pswp-item\" href=\"https:\/\/www.radiopiu.net\/wordpress\/wp-content\/uploads\/2023\/01\/ELIA-BARP.jpg\" data-dt-img-description=\"\" data-large_image_width=\"1536\" data-large_image_height=\"1024\"><img loading=\"lazy\" decoding=\"async\" class=\" wp-image-314851 alignleft\" src=\"https:\/\/www.radiopiu.net\/wordpress\/wp-content\/uploads\/2023\/01\/ELIA-BARP-300x200.jpg\" alt=\"\" width=\"175\" height=\"116\" srcset=\"https:\/\/www.radiopiu.net\/wordpress\/wp-content\/uploads\/2023\/01\/ELIA-BARP-300x200.jpg 300w, https:\/\/www.radiopiu.net\/wordpress\/wp-content\/uploads\/2023\/01\/ELIA-BARP-1024x683.jpg 1024w, https:\/\/www.radiopiu.net\/wordpress\/wp-content\/uploads\/2023\/01\/ELIA-BARP-768x512.jpg 768w, https:\/\/www.radiopiu.net\/wordpress\/wp-content\/uploads\/2023\/01\/ELIA-BARP.jpg 1536w\" sizes=\"auto, (max-width: 175px) 100vw, 175px\" \/><\/a>ELIA BARP CHIUDE AL NONO POSTO IN CANADA<\/h3>\n<\/blockquote>\n<p><strong>REDAZIONE<\/strong> Altro splendido risultato per Elia Barp che nella serata di ieri ha chiuso al nono posto la 15Km valida per la coppa del mondo di sci nordico a Canmore in Canada. Poco pi\u00f9 di 30&#8243; di ritardo per l&#8217;azzurro delle Fiamme Gialle che ha chiuso la prova come primo italiano al traguardo. Un momento splendido per Barp che continua a migliorare gara dopo gara.<\/p>\n<p>&nbsp;<\/p>\n<p><span style=\"color: #0000ff;\"><strong>SPORT PARALIMPICO<\/strong><\/span><\/p>\n<blockquote>\n<h3>MORENO PESCE TENTA LA SALITA LUNGO L\u2019OLIMPIA DELLE TOFANE<\/h3>\n<\/blockquote>\n<p><strong><a class=\"dt-pswp-item\" href=\"https:\/\/www.radiopiu.net\/wordpress\/wp-content\/uploads\/2024\/02\/IMG_0670.jpeg\" data-dt-img-description=\"\" data-large_image_width=\"853\" data-large_image_height=\"1280\"><img loading=\"lazy\" decoding=\"async\" class=\" wp-image-373945 alignleft\" src=\"https:\/\/www.radiopiu.net\/wordpress\/wp-content\/uploads\/2024\/02\/IMG_0670-200x300.jpeg\" alt=\"\" width=\"107\" height=\"161\" srcset=\"https:\/\/www.radiopiu.net\/wordpress\/wp-content\/uploads\/2024\/02\/IMG_0670-200x300.jpeg 200w, https:\/\/www.radiopiu.net\/wordpress\/wp-content\/uploads\/2024\/02\/IMG_0670-682x1024.jpeg 682w, https:\/\/www.radiopiu.net\/wordpress\/wp-content\/uploads\/2024\/02\/IMG_0670-768x1152.jpeg 768w, https:\/\/www.radiopiu.net\/wordpress\/wp-content\/uploads\/2024\/02\/IMG_0670.jpeg 853w\" sizes=\"auto, (max-width: 107px) 100vw, 107px\" \/><\/a>CORTINA<\/strong> Marted\u00ec 13 febbraio, l&#8217;atleta paralimpico veneto Moreno Pesce, amputato femorale, si propone di scalare a piedi la spettacolare pista Olimpia delle Tofane a Cortina. La pista, classificata come nera, \u00e8 famosa per le gare di Coppa del Mondo di velocit\u00e0 femminile e sar\u00e0 sede delle prossime Olimpiadi Milano Cortina 2026. Moreno otterr\u00e0 l&#8217;esclusiva autorizzazione da ISTA Spa, la societ\u00e0 che gestisce impianti e piste, per dimostrare che anche un atleta amputato pu\u00f2 affrontare sfide estreme su una montagna impervia. Accompagnato dalla guida alpina Lio De Nes e dal videomaker Jacopo Bernard, affronter\u00e0 la salita di 760 metri con una pendenza massima del 56,1%. Una sfida impegnativa su un terreno preparato per gli sciatori, ma non per un atleta con protesi femorale.<\/p>\n<p>&nbsp;<\/p>\n<p>&nbsp;<\/p>\n<p>&nbsp;<\/p>\n<p><span style=\"color: #0000ff;\"><strong>SNOWBOARD<\/strong><\/span><\/p>\n<p>&nbsp;<\/p>\n<blockquote>\n<h2>SKICROSS AD ALLEGHE&#8230;IL GIORNO DOPO &#8220;\u00e8 stata solo l&#8217;inizio&#8221;.<\/h2>\n<\/blockquote>\n<p>&nbsp;<\/p>\n<p><strong><a class=\"dt-pswp-item\" href=\"https:\/\/www.radiopiu.net\/wordpress\/wp-content\/uploads\/2024\/02\/ZuechDominik02-scaled.jpeg\" data-dt-img-description=\"\" data-large_image_width=\"2560\" data-large_image_height=\"1707\"><img loading=\"lazy\" decoding=\"async\" class=\" wp-image-373033 alignleft\" src=\"https:\/\/www.radiopiu.net\/wordpress\/wp-content\/uploads\/2024\/02\/ZuechDominik02-300x200.jpeg\" alt=\"\" width=\"150\" height=\"100\" srcset=\"https:\/\/www.radiopiu.net\/wordpress\/wp-content\/uploads\/2024\/02\/ZuechDominik02-300x200.jpeg 300w, https:\/\/www.radiopiu.net\/wordpress\/wp-content\/uploads\/2024\/02\/ZuechDominik02-1024x683.jpeg 1024w, https:\/\/www.radiopiu.net\/wordpress\/wp-content\/uploads\/2024\/02\/ZuechDominik02-768x512.jpeg 768w, https:\/\/www.radiopiu.net\/wordpress\/wp-content\/uploads\/2024\/02\/ZuechDominik02-1536x1024.jpeg 1536w, https:\/\/www.radiopiu.net\/wordpress\/wp-content\/uploads\/2024\/02\/ZuechDominik02-2048x1365.jpeg 2048w\" sizes=\"auto, (max-width: 150px) 100vw, 150px\" \/><\/a>DI MIRKO MEZZACASA<\/strong><\/p>\n<p>OSPITE: Sergio Pr\u00e0<\/p>\n<audio class=\"wp-audio-shortcode\" id=\"audio-373801-14\" preload=\"none\" style=\"width: 100%;\" controls=\"controls\"><source type=\"audio\/mpeg\" src=\"https:\/\/www.radiopiu.net\/wordpress\/wp-content\/uploads\/2024\/02\/SERGIO-PRA-FEBBRAIO-2024.mp3?_=14\" \/><a href=\"https:\/\/www.radiopiu.net\/wordpress\/wp-content\/uploads\/2024\/02\/SERGIO-PRA-FEBBRAIO-2024.mp3\">https:\/\/www.radiopiu.net\/wordpress\/wp-content\/uploads\/2024\/02\/SERGIO-PRA-FEBBRAIO-2024.mp3<\/a><\/audio>\n<p>&nbsp;<\/p>\n<p><span style=\"color: #0000ff;\"><strong> \u00a0<\/strong><\/span><\/p>\n<p>&nbsp;<\/p>\n<p>&nbsp;<\/p>\n<p>&nbsp;<\/p>\n<p>&nbsp;<\/p>\n<blockquote>\n<h2><\/h2>\n<\/blockquote>\n<p>&nbsp;<\/p>\n<p>&nbsp;<\/p>\n","protected":false},"excerpt":{"rendered":"<p>**** &nbsp; 40esimo di RADIOPIU\u2026. LA VOCE DELL\u2019EMOZIONE ISCRIVITI AL NOSTRO CANALE\u00a0\u00a0YOUTUBE PER SEGUIRE IN DIRETTA I PRINCIPALI PROGRAMMI DI RADIO PIU\u2019 E LE FUTURE DIRETTE IN ESTERNA. PER ISCRIVERTI CLICCA QUI\u00a0E PREMI\u00a0 \u201cIscriviti\u201d\u00a0 \u00a0 OGGI ALLA RADIO: ALLE 7 LA RASSEGNA STAMPA LOCALE FLASH, PER CHI COME NOI ALLE SETTE DEL MATTINO VA DI&hellip;<\/p>\n","protected":false},"author":4,"featured_media":373935,"comment_status":"closed","ping_status":"closed","sticky":false,"template":"","format":"standard","meta":{"_monsterinsights_skip_tracking":false,"_monsterinsights_sitenote_active":false,"_monsterinsights_sitenote_note":"","_monsterinsights_sitenote_category":0,"footnotes":""},"categories":[51,86,49],"tags":[],"class_list":["post-373801","post","type-post","status-publish","format-standard","has-post-thumbnail","hentry","category-evidenza-top","category-gr","category-news-18","category-51","category-86","category-49","description-off"],"img_url":"https:\/\/www.radiopiu.net\/wordpress\/wp-content\/uploads\/2024\/02\/22e57524-5404-4710-9cee-10ece2608979.jpg","_links":{"self":[{"href":"https:\/\/www.radiopiu.net\/wordpress\/wp-json\/wp\/v2\/posts\/373801","targetHints":{"allow":["GET"]}}],"collection":[{"href":"https:\/\/www.radiopiu.net\/wordpress\/wp-json\/wp\/v2\/posts"}],"about":[{"href":"https:\/\/www.radiopiu.net\/wordpress\/wp-json\/wp\/v2\/types\/post"}],"author":[{"embeddable":true,"href":"https:\/\/www.radiopiu.net\/wordpress\/wp-json\/wp\/v2\/users\/4"}],"replies":[{"embeddable":true,"href":"https:\/\/www.radiopiu.net\/wordpress\/wp-json\/wp\/v2\/comments?post=373801"}],"version-history":[{"count":0,"href":"https:\/\/www.radiopiu.net\/wordpress\/wp-json\/wp\/v2\/posts\/373801\/revisions"}],"wp:featuredmedia":[{"embeddable":true,"href":"https:\/\/www.radiopiu.net\/wordpress\/wp-json\/wp\/v2\/media\/373935"}],"wp:attachment":[{"href":"https:\/\/www.radiopiu.net\/wordpress\/wp-json\/wp\/v2\/media?parent=373801"}],"wp:term":[{"taxonomy":"category","embeddable":true,"href":"https:\/\/www.radiopiu.net\/wordpress\/wp-json\/wp\/v2\/categories?post=373801"},{"taxonomy":"post_tag","embeddable":true,"href":"https:\/\/www.radiopiu.net\/wordpress\/wp-json\/wp\/v2\/tags?post=373801"}],"curies":[{"name":"wp","href":"https:\/\/api.w.org\/{rel}","templated":true}]}}